{"id":2910,"date":"2026-04-29T15:54:35","date_gmt":"2026-04-29T13:54:35","guid":{"rendered":"https:\/\/www.saludonnet.com\/empresas\/blog\/?p=2910"},"modified":"2026-04-30T15:54:46","modified_gmt":"2026-04-30T13:54:46","slug":"fatiga-laboral-como-impacta-en-el-rendimiento-de-la-empresa","status":"publish","type":"post","link":"https:\/\/www.saludonnet.com\/empresas\/blog\/fatiga-laboral-como-impacta-en-el-rendimiento-de-la-empresa\/","title":{"rendered":"Fatiga laboral: c\u00f3mo impacta en el rendimiento de la empresa"},"content":{"rendered":"\n<p>La <strong>fatiga laboral<\/strong> se ha convertido en uno de los factores m\u00e1s relevantes, y menos gestionados, dentro del absentismo empresarial. A diferencia de otras causas m\u00e1s visibles, no aparece de forma brusca ni genera alertas inmediatas en los indicadores cl\u00e1sicos. Sin embargo, su impacto es acumulativo y, en muchos casos, m\u00e1s costoso.<\/p>\n\n\n\n<p>Para una empresa, entender <strong>qu\u00e9 es la fatiga laboral<\/strong> no es solo una cuesti\u00f3n de bienestar del empleado. Es una cuesti\u00f3n de eficiencia operativa, rentabilidad y sostenibilidad del rendimiento.<\/p>\n\n\n\n<p>En la mayor\u00eda de las organizaciones, la fatiga no se detecta hasta que se convierte en un problema evidente: <strong>ca\u00edda de productividad, errores recurrentes o bajas laborales<\/strong>. Pero en realidad, el proceso empieza mucho antes.<\/p>\n\n\n\n<p>La diferencia entre una empresa reactiva y una empresa eficiente est\u00e1 en su capacidad para identificar ese desgaste antes de que se traduzca en impacto econ\u00f3mico.<\/p>\n\n\n\n<h2 class=\"wp-block-heading\">Qu\u00e9 es la fatiga laboral en t\u00e9rminos de empresa<\/h2>\n\n\n\n<p>Cuando se analiza <strong>qu\u00e9 es fatiga laboral<\/strong>, es habitual asociarlo \u00fanicamente al cansancio del empleado. Este enfoque es limitado y poco \u00fatil desde un punto de vista de gesti\u00f3n.<\/p>\n\n\n\n<p>La fatiga laboral es, en realidad, un <strong>indicador de desajuste entre la carga de trabajo y la capacidad de recuperaci\u00f3n del equipo<\/strong>.<\/p>\n\n\n\n<p>Se manifiesta en tres dimensiones clave:<\/p>\n\n\n\n<ul class=\"wp-block-list\">\n<li><strong>Fatiga f\u00edsica.<\/strong> Asociada a posturas mantenidas, movimientos repetitivos o falta de ergonom\u00eda, especialmente en entornos de oficina donde se subestima su impacto.<\/li>\n\n\n\n<li><strong>Fatiga mental en el trabajo.<\/strong> Provocada por una carga cognitiva elevada: multitarea constante, toma de decisiones continua o exceso de est\u00edmulos digitales.<\/li>\n\n\n\n<li><strong>Fatiga emocional.<\/strong> Relacionada con la presi\u00f3n, la responsabilidad, la gesti\u00f3n de conflictos o la exigencia de resultados.<\/li>\n<\/ul>\n\n\n\n<p>Desde una perspectiva empresarial, estas tres dimensiones afectan directamente a un mismo resultado: la capacidad real de producir valor.<\/p>\n\n\n\n<style>\n@import url('https:\/\/fonts.googleapis.com\/css2?family=DM+Sans:wght@400;500;700&display=swap');\n.cta-wrap * { margin: 0; padding: 0; box-sizing: border-box; }\n.cta-wrap { font-family: 'DM Sans', var(--font-sans); width: 100%; }\n\n.cta-box {\n  background: linear-gradient(135deg, #E8F6FD 0%, #F0FAFF 100%);\n  border-radius: 16px;\n  padding: 28px;\n  display: grid;\n  grid-template-columns: minmax(0, 1fr) minmax(260px, 320px);\n  gap: 32px;\n  align-items: center;\n  position: relative;\n  overflow: hidden;\n  border: 0.5px solid rgba(0, 158, 224, 0.15);\n}\n\n.cta-circle-1 {\n  position: absolute;\n  right: -40px;\n  top: -40px;\n  width: 160px;\n  height: 160px;\n  border-radius: 50%;\n  background: rgba(0, 158, 224, 0.08);\n}\n.cta-circle-2 {\n  position: absolute;\n  right: 60px;\n  bottom: -50px;\n  width: 100px;\n  height: 100px;\n  border-radius: 50%;\n  background: rgba(8, 206, 202, 0.06);\n}\n\n.cta-content { position: relative; z-index: 1; }\n\n.cta-badges {\n  display: flex;\n  gap: 6px;\n  margin-bottom: 12px;\n  flex-wrap: wrap;\n}\n.cta-badge {\n  display: inline-flex;\n  align-items: center;\n  gap: 4px;\n  font-size: 11px;\n  font-weight: 500;\n  padding: 4px 10px;\n  border-radius: 12px;\n}\n.cta-badge-blue { color: #009EE0; background: rgba(0, 158, 224, 0.12); }\n.cta-badge-teal { color: #06A09E; background: rgba(8, 206, 202, 0.15); }\n\n.cta-wrap h3.cta-title,\n.cta-wrap .cta-title {\n  font-size: clamp(22px, 2.2vw, 25px);\n  font-weight: 700;\n  color: #153239 !important;\n  line-height: 1.2;\n  margin-top: 15px;\n  margin-bottom: 8px;\n}\n.cta-desc {\n  font-size: 15px;\n  color: #5A6B73;\n  line-height: 1.55;\n  margin-bottom: 16px;\n}\n.cta-btn {\n  display: inline-flex;\n  align-items: center;\n  gap: 8px;\n  font-size: 16px;\n  font-weight: 500;\n  color: #fff;\n  background: #009EE0;\n  padding: 12px 22px;\n  border-radius: 8px;\n  text-decoration: none;\n  transition: background 0.2s ease;\n}\n.cta-btn:hover { background: #0088c2; }\n\n.cta-mockup-wrap { position: relative; z-index: 1; width: 100%; }\n.cta-mockup {\n  background: #0F2741;\n  border-radius: 10px;\n  padding: 12px 10px;\n  box-shadow: 0 14px 40px rgba(0, 40, 80, 0.35);\n  border: 0.5px solid rgba(255, 255, 255, 0.08);\n  width: 100%;\n}\n\n.cta-table-header,\n.cta-table-row {\n  display: grid;\n  grid-template-columns: minmax(0, 1fr) 50px 30px 48px;\n  gap: 3px;\n  padding: 4px 6px;\n  align-items: center;\n}\n.cta-table-header {\n  background: #009EE0;\n  border-radius: 3px;\n  margin-bottom: 1px;\n}\n.cta-table-header span { font-size: 7px; font-weight: 500; color: #fff; }\n.cta-th-right { text-align: right; }\n.cta-th-center { text-align: center; }\n\n.cta-table-row { border-bottom: 0.5px solid rgba(255, 255, 255, 0.05); }\n.cta-table-row.alt { background: rgba(255, 255, 255, 0.02); }\n.cta-td-name { font-size: 7px; color: rgba(255, 255, 255, 0.85); overflow: hidden; text-overflow: ellipsis; white-space: nowrap; }\n.cta-td-type { font-size: 7px; color: rgba(255, 255, 255, 0.5); }\n.cta-td-days { font-size: 7px; font-weight: 500; color: #fff; text-align: right; }\n.cta-td-days.warn { color: #F09595; }\n.cta-td-status {\n  font-size: 6px;\n  padding: 2px 5px;\n  border-radius: 6px;\n  text-align: center;\n}\n.cta-status-alta { color: #08CECA; background: rgba(8, 206, 202, 0.15); }\n.cta-status-curso { color: #E8A85C; background: rgba(232, 168, 92, 0.15); }\n\n.cta-kpis {\n  display: grid;\n  grid-template-columns: 1fr 1fr 1fr;\n  gap: 5px;\n  margin-top: 8px;\n  margin-bottom: 8px;\n}\n.cta-kpi {\n  background: rgba(255, 255, 255, 0.05);\n  border-radius: 5px;\n  padding: 6px 5px;\n  border: 0.5px solid rgba(255, 255, 255, 0.08);\n}\n.cta-kpi-label {\n  font-size: 6px;\n  color: rgba(255, 255, 255, 0.5);\n  text-transform: uppercase;\n  letter-spacing: 0.3px;\n  margin-bottom: 1px;\n}\n.cta-kpi-value { font-size: 13px; font-weight: 700; line-height: 1; }\n.cta-kpi-value.blue { color: #009EE0; }\n.cta-kpi-value.orange { color: #E8A85C; }\n.cta-kpi-value.teal { color: #08CECA; }\n\n.cta-bars { display: flex; flex-direction: column; gap: 3px; }\n.cta-bar-row { display: flex; align-items: center; gap: 4px; }\n.cta-bar-label { font-size: 6px; color: rgba(255, 255, 255, 0.5); width: 22px; text-align: right; }\n.cta-bar-track { flex: 1; height: 5px; background: rgba(255, 255, 255, 0.08); border-radius: 3px; overflow: hidden; }\n.cta-bar-fill { height: 100%; background: linear-gradient(90deg, #009EE0, #08CECA); border-radius: 3px; }\n.cta-bar-value { font-size: 7px; font-weight: 500; color: #fff; width: 14px; }\n\n\/* TABLET \/ M\u00d3VIL - una columna, mockup arriba *\/\n@media (max-width: 860px) {\n  .cta-box {\n    grid-template-columns: 1fr;\n    gap: 24px;\n    padding: 28px;\n  }\n  .cta-mockup-wrap {\n    max-width: 420px;\n    margin: 0 auto;\n    order: 1;\n  }\n  .cta-content {\n    order: 2;\n  }\n}\n\n\/* M\u00d3VIL *\/\n@media (max-width: 560px) {\n  .cta-box {\n    padding: 22px 18px;\n    border-radius: 14px;\n    gap: 20px;\n  }\n  .cta-circle-1 {\n    width: 120px;\n    height: 120px;\n    right: -30px;\n    top: -30px;\n  }\n  .cta-circle-2 {\n    width: 80px;\n    height: 80px;\n    right: 30px;\n    bottom: -40px;\n  }\n  .cta-wrap h3.cta-title,\n  .cta-wrap .cta-title { font-size: 19px; }\n  .cta-desc { font-size: 13px; }\n  .cta-btn {\n    font-size: 13px;\n    padding: 11px 20px;\n    width: 100%;\n    justify-content: center;\n  }\n  .cta-mockup {\n    padding: 14px 12px;\n  }\n  .cta-table-header,\n  .cta-table-row {\n    grid-template-columns: minmax(0, 1fr) 55px 32px 52px;\n    padding: 6px 8px;\n    gap: 4px;\n  }\n  .cta-table-header span,\n  .cta-td-name,\n  .cta-td-type,\n  .cta-td-days { font-size: 9px; }\n  .cta-td-status { font-size: 8px; padding: 3px 6px; }\n  .cta-kpi { padding: 8px 7px; }\n  .cta-kpi-label { font-size: 8px; }\n  .cta-kpi-value { font-size: 15px; }\n  .cta-bar-label { font-size: 8px; width: 28px; }\n  .cta-bar-track { height: 6px; }\n  .cta-bar-value { font-size: 9px; width: 18px; }\n}\n<\/style>\n\n<div class=\"cta-wrap\">\n  <div class=\"cta-box\">\n    <div class=\"cta-circle-1\"><\/div>\n    <div class=\"cta-circle-2\"><\/div>\n\n    <div class=\"cta-content\">\n      <div class=\"cta-badges\">\n        <div class=\"cta-badge cta-badge-blue\">\n          <svg viewBox=\"0 0 24 24\" width=\"11\" height=\"11\" fill=\"none\" stroke=\"currentColor\" stroke-width=\"2\"><rect x=\"3\" y=\"3\" width=\"18\" height=\"18\" rx=\"2\"\/><line x1=\"3\" y1=\"9\" x2=\"21\" y2=\"9\"\/><line x1=\"9\" y1=\"21\" x2=\"9\" y2=\"9\"\/><\/svg>\n          Plantilla Excel\n        <\/div>\n        <div class=\"cta-badge cta-badge-teal\">\n          <svg viewBox=\"0 0 24 24\" width=\"11\" height=\"11\" fill=\"none\" stroke=\"currentColor\" stroke-width=\"2.5\"><polyline points=\"20 6 9 17 4 12\"\/><\/svg>\n          100% gratis\n        <\/div>\n      <\/div>\n      <h3 class=\"cta-title\" style=\"color:#153239\">Plantilla gratuita para llevar el control de las bajas en tu empresa<\/h3>\n      <p class=\"cta-desc\">Registra, analiza y controla el absentismo con una plantilla profesional. Detecta patrones y calcula el impacto econ\u00f3mico.<\/p>\n      <a href=\"https:\/\/www.saludonnet.com\/empresas\/blog\/plantilla-bajas-laborales\/\" target=\"_blank\" class=\"cta-btn\">\n        <svg viewBox=\"0 0 24 24\" width=\"14\" height=\"14\" fill=\"none\" stroke=\"currentColor\" stroke-width=\"2\"><path d=\"M21 15v4a2 2 0 01-2 2H5a2 2 0 01-2-2v-4M7 10l5 5 5-5M12 15V3\"\/><\/svg>\n        Descargar plantilla gratis\n      <\/a>\n    <\/div>\n\n    <div class=\"cta-mockup-wrap\">\n      <div class=\"cta-mockup\">\n\n        <div class=\"cta-table-header\">\n          <span>Empleado<\/span>\n          <span>Tipo<\/span>\n          <span class=\"cta-th-right\">D\u00edas<\/span>\n          <span class=\"cta-th-center\">Estado<\/span>\n        <\/div>\n        <div class=\"cta-table-row\">\n          <span class=\"cta-td-name\">Garc\u00eda L\u00f3pez, M.<\/span>\n          <span class=\"cta-td-type\">Enf. CC<\/span>\n          <span class=\"cta-td-days\">12<\/span>\n          <span class=\"cta-td-status cta-status-alta\">Alta<\/span>\n        <\/div>\n        <div class=\"cta-table-row alt\">\n          <span class=\"cta-td-name\">Mart\u00ednez Ruiz, A.<\/span>\n          <span class=\"cta-td-type\">Acc. AT<\/span>\n          <span class=\"cta-td-days warn\">31<\/span>\n          <span class=\"cta-td-status cta-status-curso\">En curso<\/span>\n        <\/div>\n        <div class=\"cta-table-row\">\n          <span class=\"cta-td-name\">S\u00e1nchez Torres, L.<\/span>\n          <span class=\"cta-td-type\">Enf. CC<\/span>\n          <span class=\"cta-td-days\">5<\/span>\n          <span class=\"cta-td-status cta-status-alta\">Alta<\/span>\n        <\/div>\n\n        <div class=\"cta-kpis\">\n          <div class=\"cta-kpi\">\n            <div class=\"cta-kpi-label\">Tasa<\/div>\n            <div class=\"cta-kpi-value blue\">3,8%<\/div>\n          <\/div>\n          <div class=\"cta-kpi\">\n            <div class=\"cta-kpi-label\">Coste<\/div>\n            <div class=\"cta-kpi-value orange\">8.480\u20ac<\/div>\n          <\/div>\n          <div class=\"cta-kpi\">\n            <div class=\"cta-kpi-label\">Activas<\/div>\n            <div class=\"cta-kpi-value teal\">2<\/div>\n          <\/div>\n        <\/div>\n\n        <div class=\"cta-bars\">\n          <div class=\"cta-bar-row\">\n            <span class=\"cta-bar-label\">Oper.<\/span>\n            <div class=\"cta-bar-track\"><div class=\"cta-bar-fill\" style=\"width:82%\"><\/div><\/div>\n            <span class=\"cta-bar-value\">31<\/span>\n          <\/div>\n          <div class=\"cta-bar-row\">\n            <span class=\"cta-bar-label\">Vent.<\/span>\n            <div class=\"cta-bar-track\"><div class=\"cta-bar-fill\" style=\"width:45%\"><\/div><\/div>\n            <span class=\"cta-bar-value\">17<\/span>\n          <\/div>\n          <div class=\"cta-bar-row\">\n            <span class=\"cta-bar-label\">Ing.<\/span>\n            <div class=\"cta-bar-track\"><div class=\"cta-bar-fill\" style=\"width:32%\"><\/div><\/div>\n            <span class=\"cta-bar-value\">12<\/span>\n          <\/div>\n        <\/div>\n\n      <\/div>\n    <\/div>\n  <\/div>\n<\/div>\n\n\n\n<h2 class=\"wp-block-heading\">Por qu\u00e9 la fatiga laboral es un problema estructural<\/h2>\n\n\n\n<p>No es un problema individual. Es un problema de sistema.<\/p>\n\n\n\n<p>En el contexto actual, existen factores que favorecen su aparici\u00f3n:<\/p>\n\n\n\n<ul class=\"wp-block-list\">\n<li><strong>Incremento de la carga mental.<\/strong> La digitalizaci\u00f3n ha reducido el esfuerzo f\u00edsico, pero ha disparado la exigencia cognitiva de forma sostenida.<\/li>\n\n\n\n<li><strong>Disponibilidad permanente.<\/strong> La falta de desconexi\u00f3n genera acumulaci\u00f3n de fatiga sin recuperaci\u00f3n real.<\/li>\n\n\n\n<li><strong>Cultura de productividad constante.<\/strong> Se prioriza el output inmediato frente a la sostenibilidad del rendimiento.<\/li>\n<\/ul>\n\n\n\n<p>Este entorno hace que la <strong>fatiga laboral<\/strong> no sea una excepci\u00f3n, sino una consecuencia l\u00f3gica del modelo de trabajo en muchas empresas.<\/p>\n\n\n\n<figure class=\"wp-block-image size-full\"><img loading=\"lazy\" decoding=\"async\" width=\"800\" height=\"400\" src=\"https:\/\/www.saludonnet.com\/empresas\/blog\/wp-content\/uploads\/2026\/04\/fatiga-laboral-2.png\" alt=\"\" class=\"wp-image-2912\" srcset=\"https:\/\/www.saludonnet.com\/empresas\/blog\/wp-content\/uploads\/2026\/04\/fatiga-laboral-2.png 800w, https:\/\/www.saludonnet.com\/empresas\/blog\/wp-content\/uploads\/2026\/04\/fatiga-laboral-2-300x150.png 300w, https:\/\/www.saludonnet.com\/empresas\/blog\/wp-content\/uploads\/2026\/04\/fatiga-laboral-2-768x384.png 768w, https:\/\/www.saludonnet.com\/empresas\/blog\/wp-content\/uploads\/2026\/04\/fatiga-laboral-2-512x256.png 512w\" sizes=\"auto, (max-width: 800px) 100vw, 800px\" \/><\/figure>\n\n\n\n<h2 class=\"wp-block-heading\">Fatiga laboral vs burnout: el punto donde el problema ya es caro<\/h2>\n\n\n\n<p>Uno de los errores m\u00e1s habituales en las empresas es confundir conceptos.<\/p>\n\n\n\n<ul class=\"wp-block-list\">\n<li><strong>Fatiga laboral.<\/strong> Fase inicial y progresiva del desgaste.<\/li>\n\n\n\n<li><strong>Burnout laboral o s\u00edndrome de burnout.<\/strong> Fase avanzada, donde el empleado ya no puede sostener el rendimiento.<\/li>\n<\/ul>\n\n\n\n<p>Los <strong>s\u00edntomas del s\u00edndrome de burnout<\/strong> incluyen desconexi\u00f3n emocional, p\u00e9rdida total de motivaci\u00f3n y ca\u00edda dr\u00e1stica de la productividad.<\/p>\n\n\n\n<p>Desde un punto de vista econ\u00f3mico, el burnout es el punto en el que el problema deja de ser gestionable de forma interna y pasa a generar costes directos: bajas prolongadas, rotaci\u00f3n o p\u00e9rdida de talento.<\/p>\n\n\n\n<p>La fatiga, en cambio, es el momento en el que a\u00fan se puede intervenir.<\/p>\n\n\n\n<h2 class=\"wp-block-heading\">Se\u00f1ales de fatiga laboral que afectan al rendimiento<\/h2>\n\n\n\n<p>La fatiga no se presenta como un evento, sino como un patr\u00f3n.<\/p>\n\n\n\n<p>Las empresas que saben detectarla observan indicadores como:<\/p>\n\n\n\n<ul class=\"wp-block-list\">\n<li><strong>Descenso progresivo del rendimiento.<\/strong> El empleado sigue cumpliendo, pero necesita m\u00e1s tiempo y esfuerzo para tareas habituales. Este deterioro gradual suele pasar desapercibido en m\u00e9tricas superficiales.<\/li>\n\n\n\n<li><strong>Aumento de errores operativos.<\/strong> La fatiga mental reduce la capacidad de atenci\u00f3n, lo que impacta directamente en la calidad del trabajo y en la eficiencia de los procesos.<\/li>\n\n\n\n<li><strong>Fatiga mental en el trabajo.<\/strong> Saturaci\u00f3n, dificultad para concentrarse y sensaci\u00f3n de bloqueo ante tareas que antes eran rutinarias.<\/li>\n\n\n\n<li><strong>Cambios en el comportamiento.<\/strong> Menor implicaci\u00f3n, aislamiento o irritabilidad. No son problemas actitudinales, sino se\u00f1ales de desgaste.<\/li>\n\n\n\n<li><strong>Presentismo.<\/strong> Empleados que est\u00e1n f\u00edsicamente presentes, pero con un rendimiento muy por debajo de su capacidad real.<\/li>\n<\/ul>\n\n\n\n<p>Estas se\u00f1ales no suelen activar alarmas inmediatas, pero tienen un impacto acumulado muy relevante.<\/p>\n\n\n\n<h2 class=\"wp-block-heading\">Impacto real en la empresa: m\u00e1s all\u00e1 del absentismo<\/h2>\n\n\n\n<p>La mayor\u00eda de las empresas mide el absentismo, pero no mide la fatiga. Y ese es el problema.<\/p>\n\n\n\n<ul class=\"wp-block-list\">\n<li><strong>Reducci\u00f3n de la productividad real.<\/strong> El impacto empieza antes de la baja. El empleado rinde menos durante semanas o meses.<\/li>\n\n\n\n<li><strong>Incremento del coste oculto.<\/strong> Errores, retrabajos y menor eficiencia operativa generan costes que no siempre se cuantifican.<\/li>\n\n\n\n<li><strong>Desgaste del equipo.<\/strong> La fatiga no es individual. Se contagia a trav\u00e9s de la sobrecarga y la din\u00e1mica del equipo.<\/li>\n\n\n\n<li><strong>Mayor rotaci\u00f3n.<\/strong> Los empleados con fatiga sostenida tienen mayor probabilidad de abandonar la empresa.<\/li>\n\n\n\n<li><strong>Aumento de bajas laborales.<\/strong> Cuando no se interviene, el resultado suele ser una baja m\u00e1s larga y costosa.<\/li>\n<\/ul>\n\n\n\n<p>La fatiga es uno de los principales drivers econ\u00f3micos del absentismo, aunque no siempre se identifique como tal.<\/p>\n\n\n\n<h2 class=\"wp-block-heading\">Por qu\u00e9 muchas empresas no consiguen gestionarla<\/h2>\n\n\n\n<p>El problema no es la falta de recursos. Es el enfoque.<\/p>\n\n\n\n<ul class=\"wp-block-list\">\n<li><strong>Se act\u00faa sobre la consecuencia.<\/strong> Se gestiona la baja, no el origen.<\/li>\n\n\n\n<li><strong>No se mide el desgaste.<\/strong> Solo se analizan resultados finales.<\/li>\n\n\n\n<li><strong>Se normaliza el cansancio.<\/strong> Se interpreta como parte del trabajo.<\/li>\n<\/ul>\n\n\n\n<p>Este enfoque impide actuar a tiempo.<\/p>\n\n\n\n<h2 class=\"wp-block-heading\">C\u00f3mo reducir la fatiga laboral desde la gesti\u00f3n<\/h2>\n\n\n\n<p>Las empresas que consiguen reducir la fatiga no aplican soluciones aisladas. Implementan un sistema.<\/p>\n\n\n\n<h3 class=\"wp-block-heading\">Organizaci\u00f3n del trabajo orientada a sostenibilidad<\/h3>\n\n\n\n<p>La carga de trabajo es el principal factor.<\/p>\n\n\n\n<ul class=\"wp-block-list\">\n<li><strong>Distribuci\u00f3n equilibrada de tareas.<\/strong> Evita la sobrecarga sostenida en perfiles clave, que suelen ser los m\u00e1s cr\u00edticos para el negocio.<\/li>\n\n\n\n<li><strong>Gesti\u00f3n realista de objetivos.<\/strong> Los objetivos mal dimensionados generan presi\u00f3n constante y aceleran el desgaste.<\/li>\n<\/ul>\n\n\n\n<p>Una buena organizaci\u00f3n no aumenta el esfuerzo, lo optimiza.<\/p>\n\n\n\n<h3 class=\"wp-block-heading\">Gesti\u00f3n de la carga mental<\/h3>\n\n\n\n<p>La <strong>fatiga mental en el trabajo<\/strong> es uno de los factores m\u00e1s relevantes hoy.<\/p>\n\n\n\n<ul class=\"wp-block-list\">\n<li><strong>Reducci\u00f3n de multitarea constante.<\/strong> Cambiar continuamente de tarea aumenta el desgaste cognitivo.<\/li>\n\n\n\n<li><strong>Estructuraci\u00f3n del trabajo.<\/strong> Permitir bloques de concentraci\u00f3n mejora la eficiencia y reduce la fatiga.<\/li>\n<\/ul>\n\n\n\n<p>Esto impacta directamente en la productividad.<\/p>\n\n\n\n<h3 class=\"wp-block-heading\">Cultura de recuperaci\u00f3n<\/h3>\n\n\n\n<p>El descanso no es un beneficio, es un elemento productivo.<\/p>\n\n\n\n<ul class=\"wp-block-list\">\n<li><strong>Pausas reales durante la jornada.<\/strong> Reducen la acumulaci\u00f3n de fatiga y mejoran el rendimiento sostenido.<\/li>\n\n\n\n<li><strong>Desconexi\u00f3n digital fuera del horario laboral.<\/strong> Permite una recuperaci\u00f3n efectiva, clave para evitar el desgaste cr\u00f3nico.<\/li>\n<\/ul>\n\n\n\n<p>Sin recuperaci\u00f3n, el sistema no es sostenible.<\/p>\n\n\n\n<h3 class=\"wp-block-heading\">Detecci\u00f3n temprana basada en datos y observaci\u00f3n<\/h3>\n\n\n\n<p>No se trata de intuici\u00f3n sino de observaci\u00f3n.<\/p>\n\n\n\n<ul class=\"wp-block-list\">\n<li><strong>Seguimiento de tendencias de rendimiento.<\/strong> Detectar desviaciones permite intervenir antes de que el problema escale.<\/li>\n\n\n\n<li><strong>Observaci\u00f3n de comportamiento.<\/strong> Muchas se\u00f1ales son visibles si se gestionan activamente.<\/li>\n<\/ul>\n\n\n\n<p>La anticipaci\u00f3n reduce el impacto econ\u00f3mico.<\/p>\n\n\n\n<h3 class=\"wp-block-heading\">Acceso r\u00e1pido a servicios de salud<\/h3>\n\n\n\n<p>Este es uno de los factores m\u00e1s diferenciales.<\/p>\n\n\n\n<p>Igual que en otros \u00e1mbitos de la salud donde la detecci\u00f3n precoz permite evitar problemas mayores, en la empresa ocurre lo mismo: <strong>intervenir a tiempo reduce la duraci\u00f3n y gravedad del problema.<\/strong><\/p>\n\n\n\n<p>Cuando un empleado tiene acceso r\u00e1pido a especialistas:<\/p>\n\n\n\n<ul class=\"wp-block-list\">\n<li>Se evita la cronificaci\u00f3n.<\/li>\n\n\n\n<li>Se reduce el tiempo de recuperaci\u00f3n.<\/li>\n\n\n\n<li>Disminuye la probabilidad de baja.<\/li>\n<\/ul>\n\n\n\n<h2 class=\"wp-block-heading\">Anticiparse a la fatiga es gestionar la empresa<\/h2>\n\n\n\n<p>Las empresas m\u00e1s eficientes no son las que reaccionan mejor, sino las que detectan antes.<\/p>\n\n\n\n<p>La <strong>fatiga laboral<\/strong> es uno de los indicadores m\u00e1s claros de riesgo dentro de una organizaci\u00f3n. Gestionarla permite:<\/p>\n\n\n\n<ul class=\"wp-block-list\">\n<li>Mejorar la productividad.<\/li>\n\n\n\n<li>Reducir costes.<\/li>\n\n\n\n<li>Estabilizar equipos.<\/li>\n<\/ul>\n\n\n\n<p>No se trata de exigir m\u00e1s, sino de evitar perder capacidad sin darse cuenta.<\/p>\n\n\n\n<p>En <strong>SaludOnNet<\/strong>, las empresas pueden ofrecer acceso r\u00e1pido a especialistas, pruebas diagn\u00f3sticas y atenci\u00f3n m\u00e9dica sin esperas, lo que permite detectar la fatiga en fases tempranas y actuar antes de que se convierta en una baja laboral, reduciendo el absentismo y mejorando el rendimiento global de la organizaci\u00f3n.<\/p>\n","protected":false},"excerpt":{"rendered":"La fatiga laboral se ha convertido en uno de los factores m\u00e1s relevantes, y menos gestionados, dentro del&hellip;","protected":false},"author":2,"featured_media":2880,"comment_status":"closed","ping_status":"open","sticky":false,"template":"","format":"standard","meta":{"_monsterinsights_skip_tracking":false,"_monsterinsights_sitenote_active":false,"_monsterinsights_sitenote_note":"","_monsterinsights_sitenote_category":0,"csco_display_header_overlay":false,"csco_singular_sidebar":"","csco_page_header_type":"","footnotes":""},"categories":[136],"tags":[],"class_list":{"0":"post-2910","1":"post","2":"type-post","3":"status-publish","4":"format-standard","5":"has-post-thumbnail","7":"category-absentismo-y-productividad","8":"cs-entry"},"yoast_head":"<!-- This site is optimized with the Yoast SEO plugin v27.4 - https:\/\/yoast.com\/product\/yoast-seo-wordpress\/ -->\n<title>Fatiga laboral: c\u00f3mo impacta en el rendimiento de la empresa<\/title>\n<meta name=\"description\" content=\"Fatiga laboral: qu\u00e9 es y c\u00f3mo afecta al rendimiento en la empresa. Claves para prevenir burnout laboral y reducir el absentismo.\" \/>\n<meta name=\"robots\" content=\"index, follow, max-snippet:-1, max-image-preview:large, max-video-preview:-1\" \/>\n<link rel=\"canonical\" href=\"https:\/\/www.saludonnet.com\/empresas\/blog\/fatiga-laboral-como-impacta-en-el-rendimiento-de-la-empresa\/\" \/>\n<meta property=\"og:locale\" content=\"es_ES\" \/>\n<meta property=\"og:type\" content=\"article\" \/>\n<meta property=\"og:title\" content=\"Fatiga laboral: c\u00f3mo impacta en el rendimiento de la empresa\" \/>\n<meta property=\"og:description\" content=\"Fatiga laboral: qu\u00e9 es y c\u00f3mo afecta al rendimiento en la empresa. Claves para prevenir burnout laboral y reducir el absentismo.\" \/>\n<meta property=\"og:url\" content=\"https:\/\/www.saludonnet.com\/empresas\/blog\/fatiga-laboral-como-impacta-en-el-rendimiento-de-la-empresa\/\" \/>\n<meta property=\"og:site_name\" content=\"Blog SaludOnNet Empresas\" \/>\n<meta property=\"article:published_time\" content=\"2026-04-29T13:54:35+00:00\" \/>\n<meta property=\"article:modified_time\" content=\"2026-04-30T13:54:46+00:00\" \/>\n<meta property=\"og:image\" content=\"https:\/\/www.saludonnet.com\/empresas\/blog\/wp-content\/uploads\/2026\/04\/empleados-riesgo-de-baja-2.png\" \/>\n\t<meta property=\"og:image:width\" content=\"800\" \/>\n\t<meta property=\"og:image:height\" content=\"400\" \/>\n\t<meta property=\"og:image:type\" content=\"image\/png\" \/>\n<meta name=\"author\" content=\"Guillermo Prieto\" \/>\n<meta name=\"twitter:card\" content=\"summary_large_image\" \/>\n<meta name=\"twitter:label1\" content=\"Escrito por\" \/>\n\t<meta name=\"twitter:data1\" content=\"Guillermo Prieto\" \/>\n\t<meta name=\"twitter:label2\" content=\"Tiempo de lectura\" \/>\n\t<meta name=\"twitter:data2\" content=\"7 minutos\" \/>\n<script type=\"application\/ld+json\" class=\"yoast-schema-graph\">{\"@context\":\"https:\\\/\\\/schema.org\",\"@graph\":[{\"@type\":\"Article\",\"@id\":\"https:\\\/\\\/www.saludonnet.com\\\/empresas\\\/blog\\\/fatiga-laboral-como-impacta-en-el-rendimiento-de-la-empresa\\\/#article\",\"isPartOf\":{\"@id\":\"https:\\\/\\\/www.saludonnet.com\\\/empresas\\\/blog\\\/fatiga-laboral-como-impacta-en-el-rendimiento-de-la-empresa\\\/\"},\"author\":{\"name\":\"Guillermo Prieto\",\"@id\":\"https:\\\/\\\/www.saludonnet.com\\\/empresas\\\/blog\\\/#\\\/schema\\\/person\\\/14f6bcec79cf6133fa68f0bc3a59da4a\"},\"headline\":\"Fatiga laboral: c\u00f3mo impacta en el rendimiento de la empresa\",\"datePublished\":\"2026-04-29T13:54:35+00:00\",\"dateModified\":\"2026-04-30T13:54:46+00:00\",\"mainEntityOfPage\":{\"@id\":\"https:\\\/\\\/www.saludonnet.com\\\/empresas\\\/blog\\\/fatiga-laboral-como-impacta-en-el-rendimiento-de-la-empresa\\\/\"},\"wordCount\":1367,\"publisher\":{\"@id\":\"https:\\\/\\\/www.saludonnet.com\\\/empresas\\\/blog\\\/#organization\"},\"image\":{\"@id\":\"https:\\\/\\\/www.saludonnet.com\\\/empresas\\\/blog\\\/fatiga-laboral-como-impacta-en-el-rendimiento-de-la-empresa\\\/#primaryimage\"},\"thumbnailUrl\":\"https:\\\/\\\/www.saludonnet.com\\\/empresas\\\/blog\\\/wp-content\\\/uploads\\\/2026\\\/04\\\/empleados-riesgo-de-baja-2.png\",\"articleSection\":[\"Absentismo y productividad\"],\"inLanguage\":\"es\"},{\"@type\":\"WebPage\",\"@id\":\"https:\\\/\\\/www.saludonnet.com\\\/empresas\\\/blog\\\/fatiga-laboral-como-impacta-en-el-rendimiento-de-la-empresa\\\/\",\"url\":\"https:\\\/\\\/www.saludonnet.com\\\/empresas\\\/blog\\\/fatiga-laboral-como-impacta-en-el-rendimiento-de-la-empresa\\\/\",\"name\":\"Fatiga laboral: c\u00f3mo impacta en el rendimiento de la empresa\",\"isPartOf\":{\"@id\":\"https:\\\/\\\/www.saludonnet.com\\\/empresas\\\/blog\\\/#website\"},\"primaryImageOfPage\":{\"@id\":\"https:\\\/\\\/www.saludonnet.com\\\/empresas\\\/blog\\\/fatiga-laboral-como-impacta-en-el-rendimiento-de-la-empresa\\\/#primaryimage\"},\"image\":{\"@id\":\"https:\\\/\\\/www.saludonnet.com\\\/empresas\\\/blog\\\/fatiga-laboral-como-impacta-en-el-rendimiento-de-la-empresa\\\/#primaryimage\"},\"thumbnailUrl\":\"https:\\\/\\\/www.saludonnet.com\\\/empresas\\\/blog\\\/wp-content\\\/uploads\\\/2026\\\/04\\\/empleados-riesgo-de-baja-2.png\",\"datePublished\":\"2026-04-29T13:54:35+00:00\",\"dateModified\":\"2026-04-30T13:54:46+00:00\",\"description\":\"Fatiga laboral: qu\u00e9 es y c\u00f3mo afecta al rendimiento en la empresa. Claves para prevenir burnout laboral y reducir el absentismo.\",\"breadcrumb\":{\"@id\":\"https:\\\/\\\/www.saludonnet.com\\\/empresas\\\/blog\\\/fatiga-laboral-como-impacta-en-el-rendimiento-de-la-empresa\\\/#breadcrumb\"},\"inLanguage\":\"es\",\"potentialAction\":[{\"@type\":\"ReadAction\",\"target\":[\"https:\\\/\\\/www.saludonnet.com\\\/empresas\\\/blog\\\/fatiga-laboral-como-impacta-en-el-rendimiento-de-la-empresa\\\/\"]}]},{\"@type\":\"ImageObject\",\"inLanguage\":\"es\",\"@id\":\"https:\\\/\\\/www.saludonnet.com\\\/empresas\\\/blog\\\/fatiga-laboral-como-impacta-en-el-rendimiento-de-la-empresa\\\/#primaryimage\",\"url\":\"https:\\\/\\\/www.saludonnet.com\\\/empresas\\\/blog\\\/wp-content\\\/uploads\\\/2026\\\/04\\\/empleados-riesgo-de-baja-2.png\",\"contentUrl\":\"https:\\\/\\\/www.saludonnet.com\\\/empresas\\\/blog\\\/wp-content\\\/uploads\\\/2026\\\/04\\\/empleados-riesgo-de-baja-2.png\",\"width\":800,\"height\":400,\"caption\":\"riesgo de baja laboral\"},{\"@type\":\"BreadcrumbList\",\"@id\":\"https:\\\/\\\/www.saludonnet.com\\\/empresas\\\/blog\\\/fatiga-laboral-como-impacta-en-el-rendimiento-de-la-empresa\\\/#breadcrumb\",\"itemListElement\":[{\"@type\":\"ListItem\",\"position\":1,\"name\":\"Portada\",\"item\":\"https:\\\/\\\/www.saludonnet.com\\\/empresas\\\/blog\\\/\"},{\"@type\":\"ListItem\",\"position\":2,\"name\":\"Fatiga laboral: c\u00f3mo impacta en el rendimiento de la empresa\"}]},{\"@type\":\"WebSite\",\"@id\":\"https:\\\/\\\/www.saludonnet.com\\\/empresas\\\/blog\\\/#website\",\"url\":\"https:\\\/\\\/www.saludonnet.com\\\/empresas\\\/blog\\\/\",\"name\":\"Blog SaludOnNet Empresas\",\"description\":\"\",\"publisher\":{\"@id\":\"https:\\\/\\\/www.saludonnet.com\\\/empresas\\\/blog\\\/#organization\"},\"potentialAction\":[{\"@type\":\"SearchAction\",\"target\":{\"@type\":\"EntryPoint\",\"urlTemplate\":\"https:\\\/\\\/www.saludonnet.com\\\/empresas\\\/blog\\\/?s={search_term_string}\"},\"query-input\":{\"@type\":\"PropertyValueSpecification\",\"valueRequired\":true,\"valueName\":\"search_term_string\"}}],\"inLanguage\":\"es\"},{\"@type\":\"Organization\",\"@id\":\"https:\\\/\\\/www.saludonnet.com\\\/empresas\\\/blog\\\/#organization\",\"name\":\"Blog SaludOnNet Empresas\",\"url\":\"https:\\\/\\\/www.saludonnet.com\\\/empresas\\\/blog\\\/\",\"logo\":{\"@type\":\"ImageObject\",\"inLanguage\":\"es\",\"@id\":\"https:\\\/\\\/www.saludonnet.com\\\/empresas\\\/blog\\\/#\\\/schema\\\/logo\\\/image\\\/\",\"url\":\"https:\\\/\\\/www.saludonnet.com\\\/empresas\\\/blog\\\/wp-content\\\/uploads\\\/2026\\\/03\\\/son-logo.png\",\"contentUrl\":\"https:\\\/\\\/www.saludonnet.com\\\/empresas\\\/blog\\\/wp-content\\\/uploads\\\/2026\\\/03\\\/son-logo.png\",\"width\":1140,\"height\":384,\"caption\":\"Blog SaludOnNet Empresas\"},\"image\":{\"@id\":\"https:\\\/\\\/www.saludonnet.com\\\/empresas\\\/blog\\\/#\\\/schema\\\/logo\\\/image\\\/\"}},{\"@type\":\"Person\",\"@id\":\"https:\\\/\\\/www.saludonnet.com\\\/empresas\\\/blog\\\/#\\\/schema\\\/person\\\/14f6bcec79cf6133fa68f0bc3a59da4a\",\"name\":\"Guillermo Prieto\",\"image\":{\"@type\":\"ImageObject\",\"inLanguage\":\"es\",\"@id\":\"https:\\\/\\\/www.saludonnet.com\\\/empresas\\\/blog\\\/wp-content\\\/uploads\\\/2026\\\/03\\\/cropped-1554973455771-96x96.jpg\",\"url\":\"https:\\\/\\\/www.saludonnet.com\\\/empresas\\\/blog\\\/wp-content\\\/uploads\\\/2026\\\/03\\\/cropped-1554973455771-96x96.jpg\",\"contentUrl\":\"https:\\\/\\\/www.saludonnet.com\\\/empresas\\\/blog\\\/wp-content\\\/uploads\\\/2026\\\/03\\\/cropped-1554973455771-96x96.jpg\",\"caption\":\"Guillermo Prieto\"},\"sameAs\":[\"https:\\\/\\\/www.saludonnet.com\\\/\"],\"url\":\"https:\\\/\\\/www.saludonnet.com\\\/empresas\\\/blog\\\/author\\\/guillermo-prieto\\\/\"}]}<\/script>\n<!-- \/ Yoast SEO plugin. -->","yoast_head_json":{"title":"Fatiga laboral: c\u00f3mo impacta en el rendimiento de la empresa","description":"Fatiga laboral: qu\u00e9 es y c\u00f3mo afecta al rendimiento en la empresa. Claves para prevenir burnout laboral y reducir el absentismo.","robots":{"index":"index","follow":"follow","max-snippet":"max-snippet:-1","max-image-preview":"max-image-preview:large","max-video-preview":"max-video-preview:-1"},"canonical":"https:\/\/www.saludonnet.com\/empresas\/blog\/fatiga-laboral-como-impacta-en-el-rendimiento-de-la-empresa\/","og_locale":"es_ES","og_type":"article","og_title":"Fatiga laboral: c\u00f3mo impacta en el rendimiento de la empresa","og_description":"Fatiga laboral: qu\u00e9 es y c\u00f3mo afecta al rendimiento en la empresa. Claves para prevenir burnout laboral y reducir el absentismo.","og_url":"https:\/\/www.saludonnet.com\/empresas\/blog\/fatiga-laboral-como-impacta-en-el-rendimiento-de-la-empresa\/","og_site_name":"Blog SaludOnNet Empresas","article_published_time":"2026-04-29T13:54:35+00:00","article_modified_time":"2026-04-30T13:54:46+00:00","og_image":[{"width":800,"height":400,"url":"https:\/\/www.saludonnet.com\/empresas\/blog\/wp-content\/uploads\/2026\/04\/empleados-riesgo-de-baja-2.png","type":"image\/png"}],"author":"Guillermo Prieto","twitter_card":"summary_large_image","twitter_misc":{"Escrito por":"Guillermo Prieto","Tiempo de lectura":"7 minutos"},"schema":{"@context":"https:\/\/schema.org","@graph":[{"@type":"Article","@id":"https:\/\/www.saludonnet.com\/empresas\/blog\/fatiga-laboral-como-impacta-en-el-rendimiento-de-la-empresa\/#article","isPartOf":{"@id":"https:\/\/www.saludonnet.com\/empresas\/blog\/fatiga-laboral-como-impacta-en-el-rendimiento-de-la-empresa\/"},"author":{"name":"Guillermo Prieto","@id":"https:\/\/www.saludonnet.com\/empresas\/blog\/#\/schema\/person\/14f6bcec79cf6133fa68f0bc3a59da4a"},"headline":"Fatiga laboral: c\u00f3mo impacta en el rendimiento de la empresa","datePublished":"2026-04-29T13:54:35+00:00","dateModified":"2026-04-30T13:54:46+00:00","mainEntityOfPage":{"@id":"https:\/\/www.saludonnet.com\/empresas\/blog\/fatiga-laboral-como-impacta-en-el-rendimiento-de-la-empresa\/"},"wordCount":1367,"publisher":{"@id":"https:\/\/www.saludonnet.com\/empresas\/blog\/#organization"},"image":{"@id":"https:\/\/www.saludonnet.com\/empresas\/blog\/fatiga-laboral-como-impacta-en-el-rendimiento-de-la-empresa\/#primaryimage"},"thumbnailUrl":"https:\/\/www.saludonnet.com\/empresas\/blog\/wp-content\/uploads\/2026\/04\/empleados-riesgo-de-baja-2.png","articleSection":["Absentismo y productividad"],"inLanguage":"es"},{"@type":"WebPage","@id":"https:\/\/www.saludonnet.com\/empresas\/blog\/fatiga-laboral-como-impacta-en-el-rendimiento-de-la-empresa\/","url":"https:\/\/www.saludonnet.com\/empresas\/blog\/fatiga-laboral-como-impacta-en-el-rendimiento-de-la-empresa\/","name":"Fatiga laboral: c\u00f3mo impacta en el rendimiento de la empresa","isPartOf":{"@id":"https:\/\/www.saludonnet.com\/empresas\/blog\/#website"},"primaryImageOfPage":{"@id":"https:\/\/www.saludonnet.com\/empresas\/blog\/fatiga-laboral-como-impacta-en-el-rendimiento-de-la-empresa\/#primaryimage"},"image":{"@id":"https:\/\/www.saludonnet.com\/empresas\/blog\/fatiga-laboral-como-impacta-en-el-rendimiento-de-la-empresa\/#primaryimage"},"thumbnailUrl":"https:\/\/www.saludonnet.com\/empresas\/blog\/wp-content\/uploads\/2026\/04\/empleados-riesgo-de-baja-2.png","datePublished":"2026-04-29T13:54:35+00:00","dateModified":"2026-04-30T13:54:46+00:00","description":"Fatiga laboral: qu\u00e9 es y c\u00f3mo afecta al rendimiento en la empresa. Claves para prevenir burnout laboral y reducir el absentismo.","breadcrumb":{"@id":"https:\/\/www.saludonnet.com\/empresas\/blog\/fatiga-laboral-como-impacta-en-el-rendimiento-de-la-empresa\/#breadcrumb"},"inLanguage":"es","potentialAction":[{"@type":"ReadAction","target":["https:\/\/www.saludonnet.com\/empresas\/blog\/fatiga-laboral-como-impacta-en-el-rendimiento-de-la-empresa\/"]}]},{"@type":"ImageObject","inLanguage":"es","@id":"https:\/\/www.saludonnet.com\/empresas\/blog\/fatiga-laboral-como-impacta-en-el-rendimiento-de-la-empresa\/#primaryimage","url":"https:\/\/www.saludonnet.com\/empresas\/blog\/wp-content\/uploads\/2026\/04\/empleados-riesgo-de-baja-2.png","contentUrl":"https:\/\/www.saludonnet.com\/empresas\/blog\/wp-content\/uploads\/2026\/04\/empleados-riesgo-de-baja-2.png","width":800,"height":400,"caption":"riesgo de baja laboral"},{"@type":"BreadcrumbList","@id":"https:\/\/www.saludonnet.com\/empresas\/blog\/fatiga-laboral-como-impacta-en-el-rendimiento-de-la-empresa\/#breadcrumb","itemListElement":[{"@type":"ListItem","position":1,"name":"Portada","item":"https:\/\/www.saludonnet.com\/empresas\/blog\/"},{"@type":"ListItem","position":2,"name":"Fatiga laboral: c\u00f3mo impacta en el rendimiento de la empresa"}]},{"@type":"WebSite","@id":"https:\/\/www.saludonnet.com\/empresas\/blog\/#website","url":"https:\/\/www.saludonnet.com\/empresas\/blog\/","name":"Blog SaludOnNet Empresas","description":"","publisher":{"@id":"https:\/\/www.saludonnet.com\/empresas\/blog\/#organization"},"potentialAction":[{"@type":"SearchAction","target":{"@type":"EntryPoint","urlTemplate":"https:\/\/www.saludonnet.com\/empresas\/blog\/?s={search_term_string}"},"query-input":{"@type":"PropertyValueSpecification","valueRequired":true,"valueName":"search_term_string"}}],"inLanguage":"es"},{"@type":"Organization","@id":"https:\/\/www.saludonnet.com\/empresas\/blog\/#organization","name":"Blog SaludOnNet Empresas","url":"https:\/\/www.saludonnet.com\/empresas\/blog\/","logo":{"@type":"ImageObject","inLanguage":"es","@id":"https:\/\/www.saludonnet.com\/empresas\/blog\/#\/schema\/logo\/image\/","url":"https:\/\/www.saludonnet.com\/empresas\/blog\/wp-content\/uploads\/2026\/03\/son-logo.png","contentUrl":"https:\/\/www.saludonnet.com\/empresas\/blog\/wp-content\/uploads\/2026\/03\/son-logo.png","width":1140,"height":384,"caption":"Blog SaludOnNet Empresas"},"image":{"@id":"https:\/\/www.saludonnet.com\/empresas\/blog\/#\/schema\/logo\/image\/"}},{"@type":"Person","@id":"https:\/\/www.saludonnet.com\/empresas\/blog\/#\/schema\/person\/14f6bcec79cf6133fa68f0bc3a59da4a","name":"Guillermo Prieto","image":{"@type":"ImageObject","inLanguage":"es","@id":"https:\/\/www.saludonnet.com\/empresas\/blog\/wp-content\/uploads\/2026\/03\/cropped-1554973455771-96x96.jpg","url":"https:\/\/www.saludonnet.com\/empresas\/blog\/wp-content\/uploads\/2026\/03\/cropped-1554973455771-96x96.jpg","contentUrl":"https:\/\/www.saludonnet.com\/empresas\/blog\/wp-content\/uploads\/2026\/03\/cropped-1554973455771-96x96.jpg","caption":"Guillermo Prieto"},"sameAs":["https:\/\/www.saludonnet.com\/"],"url":"https:\/\/www.saludonnet.com\/empresas\/blog\/author\/guillermo-prieto\/"}]}},"_links":{"self":[{"href":"https:\/\/www.saludonnet.com\/empresas\/blog\/wp-json\/wp\/v2\/posts\/2910","targetHints":{"allow":["GET"]}}],"collection":[{"href":"https:\/\/www.saludonnet.com\/empresas\/blog\/wp-json\/wp\/v2\/posts"}],"about":[{"href":"https:\/\/www.saludonnet.com\/empresas\/blog\/wp-json\/wp\/v2\/types\/post"}],"author":[{"embeddable":true,"href":"https:\/\/www.saludonnet.com\/empresas\/blog\/wp-json\/wp\/v2\/users\/2"}],"replies":[{"embeddable":true,"href":"https:\/\/www.saludonnet.com\/empresas\/blog\/wp-json\/wp\/v2\/comments?post=2910"}],"version-history":[{"count":3,"href":"https:\/\/www.saludonnet.com\/empresas\/blog\/wp-json\/wp\/v2\/posts\/2910\/revisions"}],"predecessor-version":[{"id":2914,"href":"https:\/\/www.saludonnet.com\/empresas\/blog\/wp-json\/wp\/v2\/posts\/2910\/revisions\/2914"}],"wp:featuredmedia":[{"embeddable":true,"href":"https:\/\/www.saludonnet.com\/empresas\/blog\/wp-json\/wp\/v2\/media\/2880"}],"wp:attachment":[{"href":"https:\/\/www.saludonnet.com\/empresas\/blog\/wp-json\/wp\/v2\/media?parent=2910"}],"wp:term":[{"taxonomy":"category","embeddable":true,"href":"https:\/\/www.saludonnet.com\/empresas\/blog\/wp-json\/wp\/v2\/categories?post=2910"},{"taxonomy":"post_tag","embeddable":true,"href":"https:\/\/www.saludonnet.com\/empresas\/blog\/wp-json\/wp\/v2\/tags?post=2910"}],"curies":[{"name":"wp","href":"https:\/\/api.w.org\/{rel}","templated":true}]}}