{"id":2876,"date":"2026-04-24T10:36:10","date_gmt":"2026-04-24T08:36:10","guid":{"rendered":"https:\/\/www.saludonnet.com\/empresas\/blog\/?p=2876"},"modified":"2026-04-24T12:32:27","modified_gmt":"2026-04-24T10:32:27","slug":"como-detectar-empleados-en-riesgo-de-baja-laboral","status":"publish","type":"post","link":"https:\/\/www.saludonnet.com\/empresas\/blog\/como-detectar-empleados-en-riesgo-de-baja-laboral\/","title":{"rendered":"C\u00f3mo detectar empleados en riesgo de baja laboral"},"content":{"rendered":"\n<p>El <strong>absentismo laboral<\/strong> rara vez aparece de forma repentina. En la mayor\u00eda de los casos, existe un proceso previo en el que el empleado empieza a <strong>mostrar se\u00f1ales de desgaste<\/strong>, tanto f\u00edsicas como psicol\u00f3gicas, que indican que algo no va bien. Estas se\u00f1ales suelen ser sutiles al principio, pero si no se detectan, evolucionan hasta convertirse en una baja.<\/p>\n\n\n\n<p>El problema es que muchas empresas no est\u00e1n preparadas para identificar estos indicadores tempranos. Cuando finalmente se produce la baja, el impacto ya es evidente: <strong>p\u00e9rdida de productividad, reorganizaci\u00f3n del equipo, sobrecarga interna y costes econ\u00f3micos<\/strong>. Sin embargo, en una gran parte de los casos, ese escenario podr\u00eda haberse evitado con una detecci\u00f3n adecuada.<\/p>\n\n\n\n<p>La capacidad de <strong>prevenir bajas laborales<\/strong> no depende \u00fanicamente de reaccionar bien, sino de anticiparse mejor.<\/p>\n\n\n\n<h2 class=\"wp-block-heading\">Por qu\u00e9 las bajas laborales no son imprevisibles<\/h2>\n\n\n\n<p>Existe una percepci\u00f3n bastante extendida de que una baja laboral es un evento puntual o inevitable. Sin embargo, <strong>la mayor\u00eda de las bajas tienen un origen progresivo<\/strong> que se puede identificar con antelaci\u00f3n si se analiza correctamente.<\/p>\n\n\n\n<p>Este proceso suele estar relacionado con una combinaci\u00f3n de factores que se acumulan en el tiempo:<\/p>\n\n\n\n<ul class=\"wp-block-list\">\n<li><strong>Problemas f\u00edsicos que se agravan con el tiempo.<\/strong> Molestias que inicialmente son leves, como dolor de espalda o cuello, pero que evolucionan hacia lesiones m\u00e1s serias si no se tratan.<\/li>\n\n\n\n<li><strong>Estr\u00e9s laboral sostenido.<\/strong> No es el pico puntual lo que genera el problema, sino la exposici\u00f3n continua a presi\u00f3n sin recuperaci\u00f3n.<\/li>\n\n\n\n<li><strong>Fatiga acumulada.<\/strong> Jornadas exigentes, falta de descanso y desconexi\u00f3n insuficiente generan un desgaste progresivo.<\/li>\n\n\n\n<li><strong>Situaciones personales no gestionadas.<\/strong> Factores externos que afectan al rendimiento y al estado emocional del empleado.<\/li>\n<\/ul>\n\n\n\n<p>Este tipo de desgaste no aparece de un d\u00eda para otro. Por eso, el verdadero reto para las empresas no es reaccionar ante la baja, sino identificar el proceso previo.<\/p>\n\n\n\n<style>\n@import url('https:\/\/fonts.googleapis.com\/css2?family=DM+Sans:wght@400;500;700&display=swap');\n.cta-wrap * { margin: 0; padding: 0; box-sizing: border-box; }\n.cta-wrap { font-family: 'DM Sans', var(--font-sans); width: 100%; }\n\n.cta-box {\n  background: linear-gradient(135deg, #E8F6FD 0%, #F0FAFF 100%);\n  border-radius: 16px;\n  padding: 28px;\n  display: grid;\n  grid-template-columns: minmax(0, 1fr) minmax(260px, 320px);\n  gap: 32px;\n  align-items: center;\n  position: relative;\n  overflow: hidden;\n  border: 0.5px solid rgba(0, 158, 224, 0.15);\n}\n\n.cta-circle-1 {\n  position: absolute;\n  right: -40px;\n  top: -40px;\n  width: 160px;\n  height: 160px;\n  border-radius: 50%;\n  background: rgba(0, 158, 224, 0.08);\n}\n.cta-circle-2 {\n  position: absolute;\n  right: 60px;\n  bottom: -50px;\n  width: 100px;\n  height: 100px;\n  border-radius: 50%;\n  background: rgba(8, 206, 202, 0.06);\n}\n\n.cta-content { position: relative; z-index: 1; }\n\n.cta-badges {\n  display: flex;\n  gap: 6px;\n  margin-bottom: 12px;\n  flex-wrap: wrap;\n}\n.cta-badge {\n  display: inline-flex;\n  align-items: center;\n  gap: 4px;\n  font-size: 11px;\n  font-weight: 500;\n  padding: 4px 10px;\n  border-radius: 12px;\n}\n.cta-badge-blue { color: #009EE0; background: rgba(0, 158, 224, 0.12); }\n.cta-badge-teal { color: #06A09E; background: rgba(8, 206, 202, 0.15); }\n\n.cta-wrap h3.cta-title,\n.cta-wrap .cta-title {\n  font-size: clamp(22px, 2.2vw, 25px);\n  font-weight: 700;\n  color: #153239 !important;\n  line-height: 1.2;\n  margin-top: 15px;\n  margin-bottom: 8px;\n}\n.cta-desc {\n  font-size: 15px;\n  color: #5A6B73;\n  line-height: 1.55;\n  margin-bottom: 16px;\n}\n.cta-btn {\n  display: inline-flex;\n  align-items: center;\n  gap: 8px;\n  font-size: 16px;\n  font-weight: 500;\n  color: #fff;\n  background: #009EE0;\n  padding: 12px 22px;\n  border-radius: 8px;\n  text-decoration: none;\n  transition: background 0.2s ease;\n}\n.cta-btn:hover { background: #0088c2; }\n\n.cta-mockup-wrap { position: relative; z-index: 1; width: 100%; }\n.cta-mockup {\n  background: #0F2741;\n  border-radius: 10px;\n  padding: 12px 10px;\n  box-shadow: 0 14px 40px rgba(0, 40, 80, 0.35);\n  border: 0.5px solid rgba(255, 255, 255, 0.08);\n  width: 100%;\n}\n\n.cta-table-header,\n.cta-table-row {\n  display: grid;\n  grid-template-columns: minmax(0, 1fr) 50px 30px 48px;\n  gap: 3px;\n  padding: 4px 6px;\n  align-items: center;\n}\n.cta-table-header {\n  background: #009EE0;\n  border-radius: 3px;\n  margin-bottom: 1px;\n}\n.cta-table-header span { font-size: 7px; font-weight: 500; color: #fff; }\n.cta-th-right { text-align: right; }\n.cta-th-center { text-align: center; }\n\n.cta-table-row { border-bottom: 0.5px solid rgba(255, 255, 255, 0.05); }\n.cta-table-row.alt { background: rgba(255, 255, 255, 0.02); }\n.cta-td-name { font-size: 7px; color: rgba(255, 255, 255, 0.85); overflow: hidden; text-overflow: ellipsis; white-space: nowrap; }\n.cta-td-type { font-size: 7px; color: rgba(255, 255, 255, 0.5); }\n.cta-td-days { font-size: 7px; font-weight: 500; color: #fff; text-align: right; }\n.cta-td-days.warn { color: #F09595; }\n.cta-td-status {\n  font-size: 6px;\n  padding: 2px 5px;\n  border-radius: 6px;\n  text-align: center;\n}\n.cta-status-alta { color: #08CECA; background: rgba(8, 206, 202, 0.15); }\n.cta-status-curso { color: #E8A85C; background: rgba(232, 168, 92, 0.15); }\n\n.cta-kpis {\n  display: grid;\n  grid-template-columns: 1fr 1fr 1fr;\n  gap: 5px;\n  margin-top: 8px;\n  margin-bottom: 8px;\n}\n.cta-kpi {\n  background: rgba(255, 255, 255, 0.05);\n  border-radius: 5px;\n  padding: 6px 5px;\n  border: 0.5px solid rgba(255, 255, 255, 0.08);\n}\n.cta-kpi-label {\n  font-size: 6px;\n  color: rgba(255, 255, 255, 0.5);\n  text-transform: uppercase;\n  letter-spacing: 0.3px;\n  margin-bottom: 1px;\n}\n.cta-kpi-value { font-size: 13px; font-weight: 700; line-height: 1; }\n.cta-kpi-value.blue { color: #009EE0; }\n.cta-kpi-value.orange { color: #E8A85C; }\n.cta-kpi-value.teal { color: #08CECA; }\n\n.cta-bars { display: flex; flex-direction: column; gap: 3px; }\n.cta-bar-row { display: flex; align-items: center; gap: 4px; }\n.cta-bar-label { font-size: 6px; color: rgba(255, 255, 255, 0.5); width: 22px; text-align: right; }\n.cta-bar-track { flex: 1; height: 5px; background: rgba(255, 255, 255, 0.08); border-radius: 3px; overflow: hidden; }\n.cta-bar-fill { height: 100%; background: linear-gradient(90deg, #009EE0, #08CECA); border-radius: 3px; }\n.cta-bar-value { font-size: 7px; font-weight: 500; color: #fff; width: 14px; }\n\n\/* TABLET \/ M\u00d3VIL - una columna, mockup arriba *\/\n@media (max-width: 860px) {\n  .cta-box {\n    grid-template-columns: 1fr;\n    gap: 24px;\n    padding: 28px;\n  }\n  .cta-mockup-wrap {\n    max-width: 420px;\n    margin: 0 auto;\n    order: 1;\n  }\n  .cta-content {\n    order: 2;\n  }\n}\n\n\/* M\u00d3VIL *\/\n@media (max-width: 560px) {\n  .cta-box {\n    padding: 22px 18px;\n    border-radius: 14px;\n    gap: 20px;\n  }\n  .cta-circle-1 {\n    width: 120px;\n    height: 120px;\n    right: -30px;\n    top: -30px;\n  }\n  .cta-circle-2 {\n    width: 80px;\n    height: 80px;\n    right: 30px;\n    bottom: -40px;\n  }\n  .cta-wrap h3.cta-title,\n  .cta-wrap .cta-title { font-size: 19px; }\n  .cta-desc { font-size: 13px; }\n  .cta-btn {\n    font-size: 13px;\n    padding: 11px 20px;\n    width: 100%;\n    justify-content: center;\n  }\n  .cta-mockup {\n    padding: 14px 12px;\n  }\n  .cta-table-header,\n  .cta-table-row {\n    grid-template-columns: minmax(0, 1fr) 55px 32px 52px;\n    padding: 6px 8px;\n    gap: 4px;\n  }\n  .cta-table-header span,\n  .cta-td-name,\n  .cta-td-type,\n  .cta-td-days { font-size: 9px; }\n  .cta-td-status { font-size: 8px; padding: 3px 6px; }\n  .cta-kpi { padding: 8px 7px; }\n  .cta-kpi-label { font-size: 8px; }\n  .cta-kpi-value { font-size: 15px; }\n  .cta-bar-label { font-size: 8px; width: 28px; }\n  .cta-bar-track { height: 6px; }\n  .cta-bar-value { font-size: 9px; width: 18px; }\n}\n<\/style>\n\n<div class=\"cta-wrap\">\n  <div class=\"cta-box\">\n    <div class=\"cta-circle-1\"><\/div>\n    <div class=\"cta-circle-2\"><\/div>\n\n    <div class=\"cta-content\">\n      <div class=\"cta-badges\">\n        <div class=\"cta-badge cta-badge-blue\">\n          <svg viewBox=\"0 0 24 24\" width=\"11\" height=\"11\" fill=\"none\" stroke=\"currentColor\" stroke-width=\"2\"><rect x=\"3\" y=\"3\" width=\"18\" height=\"18\" rx=\"2\"\/><line x1=\"3\" y1=\"9\" x2=\"21\" y2=\"9\"\/><line x1=\"9\" y1=\"21\" x2=\"9\" y2=\"9\"\/><\/svg>\n          Plantilla Excel\n        <\/div>\n        <div class=\"cta-badge cta-badge-teal\">\n          <svg viewBox=\"0 0 24 24\" width=\"11\" height=\"11\" fill=\"none\" stroke=\"currentColor\" stroke-width=\"2.5\"><polyline points=\"20 6 9 17 4 12\"\/><\/svg>\n          100% gratis\n        <\/div>\n      <\/div>\n      <h3 class=\"cta-title\" style=\"color:#153239\">Plantilla gratuita para llevar el control de las bajas en tu empresa<\/h3>\n      <p class=\"cta-desc\">Registra, analiza y controla el absentismo con una plantilla profesional. Detecta patrones y calcula el impacto econ\u00f3mico.<\/p>\n      <a href=\"https:\/\/www.saludonnet.com\/empresas\/blog\/plantilla-bajas-laborales\/\" target=\"_blank\" class=\"cta-btn\">\n        <svg viewBox=\"0 0 24 24\" width=\"14\" height=\"14\" fill=\"none\" stroke=\"currentColor\" stroke-width=\"2\"><path d=\"M21 15v4a2 2 0 01-2 2H5a2 2 0 01-2-2v-4M7 10l5 5 5-5M12 15V3\"\/><\/svg>\n        Descargar plantilla gratis\n      <\/a>\n    <\/div>\n\n    <div class=\"cta-mockup-wrap\">\n      <div class=\"cta-mockup\">\n\n        <div class=\"cta-table-header\">\n          <span>Empleado<\/span>\n          <span>Tipo<\/span>\n          <span class=\"cta-th-right\">D\u00edas<\/span>\n          <span class=\"cta-th-center\">Estado<\/span>\n        <\/div>\n        <div class=\"cta-table-row\">\n          <span class=\"cta-td-name\">Garc\u00eda L\u00f3pez, M.<\/span>\n          <span class=\"cta-td-type\">Enf. CC<\/span>\n          <span class=\"cta-td-days\">12<\/span>\n          <span class=\"cta-td-status cta-status-alta\">Alta<\/span>\n        <\/div>\n        <div class=\"cta-table-row alt\">\n          <span class=\"cta-td-name\">Mart\u00ednez Ruiz, A.<\/span>\n          <span class=\"cta-td-type\">Acc. AT<\/span>\n          <span class=\"cta-td-days warn\">31<\/span>\n          <span class=\"cta-td-status cta-status-curso\">En curso<\/span>\n        <\/div>\n        <div class=\"cta-table-row\">\n          <span class=\"cta-td-name\">S\u00e1nchez Torres, L.<\/span>\n          <span class=\"cta-td-type\">Enf. CC<\/span>\n          <span class=\"cta-td-days\">5<\/span>\n          <span class=\"cta-td-status cta-status-alta\">Alta<\/span>\n        <\/div>\n\n        <div class=\"cta-kpis\">\n          <div class=\"cta-kpi\">\n            <div class=\"cta-kpi-label\">Tasa<\/div>\n            <div class=\"cta-kpi-value blue\">3,8%<\/div>\n          <\/div>\n          <div class=\"cta-kpi\">\n            <div class=\"cta-kpi-label\">Coste<\/div>\n            <div class=\"cta-kpi-value orange\">8.480\u20ac<\/div>\n          <\/div>\n          <div class=\"cta-kpi\">\n            <div class=\"cta-kpi-label\">Activas<\/div>\n            <div class=\"cta-kpi-value teal\">2<\/div>\n          <\/div>\n        <\/div>\n\n        <div class=\"cta-bars\">\n          <div class=\"cta-bar-row\">\n            <span class=\"cta-bar-label\">Oper.<\/span>\n            <div class=\"cta-bar-track\"><div class=\"cta-bar-fill\" style=\"width:82%\"><\/div><\/div>\n            <span class=\"cta-bar-value\">31<\/span>\n          <\/div>\n          <div class=\"cta-bar-row\">\n            <span class=\"cta-bar-label\">Vent.<\/span>\n            <div class=\"cta-bar-track\"><div class=\"cta-bar-fill\" style=\"width:45%\"><\/div><\/div>\n            <span class=\"cta-bar-value\">17<\/span>\n          <\/div>\n          <div class=\"cta-bar-row\">\n            <span class=\"cta-bar-label\">Ing.<\/span>\n            <div class=\"cta-bar-track\"><div class=\"cta-bar-fill\" style=\"width:32%\"><\/div><\/div>\n            <span class=\"cta-bar-value\">12<\/span>\n          <\/div>\n        <\/div>\n\n      <\/div>\n    <\/div>\n  <\/div>\n<\/div>\n\n\n\n<h2 class=\"wp-block-heading\">Principales perfiles de riesgo dentro de la empresa<\/h2>\n\n\n\n<p>No todos los empleados presentan el mismo nivel de riesgo. Existen determinados perfiles que, por sus circunstancias o condiciones de trabajo, tienen una mayor probabilidad de acabar en una baja laboral si no se interviene a tiempo.<\/p>\n\n\n\n<h3 class=\"wp-block-heading\">Empleados con sobrecarga de trabajo sostenida<\/h3>\n\n\n\n<p>Uno de los factores m\u00e1s claros y, al mismo tiempo, m\u00e1s normalizados dentro de muchas organizaciones.<\/p>\n\n\n\n<p>Cuando un empleado mantiene una carga elevada durante semanas o meses, el desgaste no solo es f\u00edsico, sino tambi\u00e9n mental. <strong>El problema no es el momento puntual de mayor exigencia, sino la continuidad<\/strong> en el tiempo sin recuperaci\u00f3n.<\/p>\n\n\n\n<ul class=\"wp-block-list\">\n<li><strong>Acumulaci\u00f3n constante de tareas.<\/strong> El volumen de trabajo supera de forma recurrente la capacidad real del empleado, lo que genera sensaci\u00f3n de desbordamiento.<\/li>\n\n\n\n<li><strong>Falta de recuperaci\u00f3n entre picos de trabajo.<\/strong> La ausencia de periodos de menor carga impide que el empleado recupere energ\u00eda, aumentando el riesgo de agotamiento.<\/li>\n<\/ul>\n\n\n\n<p>Este perfil suele derivar en <strong>situaciones de estr\u00e9s cr\u00f3nico, burnout o problemas f\u00edsicos asociados.<\/strong><\/p>\n\n\n\n<figure class=\"wp-block-image size-full\"><img loading=\"lazy\" decoding=\"async\" width=\"800\" height=\"400\" src=\"https:\/\/www.saludonnet.com\/empresas\/blog\/wp-content\/uploads\/2026\/04\/empleados-riesgo-de-baja.png\" alt=\"\" class=\"wp-image-2881\" srcset=\"https:\/\/www.saludonnet.com\/empresas\/blog\/wp-content\/uploads\/2026\/04\/empleados-riesgo-de-baja.png 800w, https:\/\/www.saludonnet.com\/empresas\/blog\/wp-content\/uploads\/2026\/04\/empleados-riesgo-de-baja-300x150.png 300w, https:\/\/www.saludonnet.com\/empresas\/blog\/wp-content\/uploads\/2026\/04\/empleados-riesgo-de-baja-768x384.png 768w, https:\/\/www.saludonnet.com\/empresas\/blog\/wp-content\/uploads\/2026\/04\/empleados-riesgo-de-baja-512x256.png 512w\" sizes=\"auto, (max-width: 800px) 100vw, 800px\" \/><\/figure>\n\n\n\n<h3 class=\"wp-block-heading\">Empleados con molestias f\u00edsicas recurrentes<\/h3>\n\n\n\n<p>En entornos de oficina, este es uno de los indicadores m\u00e1s frecuentes y, a la vez, m\u00e1s ignorados.<\/p>\n\n\n\n<p>Las molestias f\u00edsicas suelen ser el primer aviso de que algo no est\u00e1 funcionando correctamente, ya sea por ergonom\u00eda, h\u00e1bitos o carga de trabajo.<\/p>\n\n\n\n<ul class=\"wp-block-list\">\n<li><strong>Dolor de espalda, cuello o mu\u00f1ecas.<\/strong> Son se\u00f1ales tempranas de posibles lesiones musculoesquel\u00e9ticas que, si no se corrigen, tienden a agravarse.<\/li>\n\n\n\n<li><strong>Fatiga f\u00edsica al final de la jornada.<\/strong> Indica que el cuerpo est\u00e1 soportando una carga inadecuada de forma continuada.<\/li>\n<\/ul>\n\n\n\n<p>Cuando estas molestias se normalizan y no se tratan, suelen evolucionar hacia bajas de media duraci\u00f3n.<\/p>\n\n\n\n<h3 class=\"wp-block-heading\">Empleados con cambios de comportamiento<\/h3>\n\n\n\n<p>Este es uno de los indicadores m\u00e1s relevantes y, sin embargo, menos utilizados en la gesti\u00f3n empresarial.<\/p>\n\n\n\n<p>Los cambios en la actitud o en la forma de trabajar suelen reflejar un problema subyacente que no siempre es visible.<\/p>\n\n\n\n<ul class=\"wp-block-list\">\n<li><strong>Menor implicaci\u00f3n.<\/strong> El empleado pierde inter\u00e9s por tareas que antes realizaba con normalidad.<\/li>\n\n\n\n<li><strong>Aislamiento.<\/strong> Reduce la interacci\u00f3n con el equipo y participa menos en din\u00e1micas habituales.<\/li>\n\n\n\n<li><strong>Irritabilidad o cambios de humor.<\/strong> Se\u00f1ales claras de saturaci\u00f3n, estr\u00e9s o desgaste emocional.<\/li>\n<\/ul>\n\n\n\n<p>Estas se\u00f1ales suelen preceder a problemas m\u00e1s graves si no se abordan.<\/p>\n\n\n\n<h3 class=\"wp-block-heading\">Empleados en situaciones personales sensibles<\/h3>\n\n\n\n<p>Existen circunstancias personales que incrementan el riesgo de baja laboral y que requieren una gesti\u00f3n especialmente cuidadosa por parte de la empresa.<\/p>\n\n\n\n<ul class=\"wp-block-list\">\n<li><strong>Embarazo y riesgo laboral.<\/strong> La b\u00fasqueda de informaci\u00f3n sobre embarazo: riesgo de baja laboral, refleja una realidad clara: determinadas condiciones de trabajo pueden requerir adaptaci\u00f3n del puesto o incluso derivar en una baja si no se act\u00faa a tiempo.<\/li>\n\n\n\n<li><strong>Problemas familiares o personales.<\/strong> Situaciones que afectan al estado emocional y a la capacidad de concentraci\u00f3n del empleado.<\/li>\n<\/ul>\n\n\n\n<p>En estos casos, la anticipaci\u00f3n y la flexibilidad son determinantes para evitar una baja.<\/p>\n\n\n\n<h2 class=\"wp-block-heading\">Se\u00f1ales tempranas que indican riesgo de baja laboral<\/h2>\n\n\n\n<p>M\u00e1s all\u00e1 de los perfiles, existen indicadores concretos que permiten detectar situaciones de riesgo dentro de cualquier equipo.<\/p>\n\n\n\n<p>Estas se\u00f1ales suelen aparecer de forma progresiva y, cuando se analizan en conjunto, ofrecen una imagen bastante clara del problema.<\/p>\n\n\n\n<ul class=\"wp-block-list\">\n<li><strong>Descenso progresivo del rendimiento.<\/strong> El empleado tarda m\u00e1s en completar tareas habituales sin una causa t\u00e9cnica aparente.<\/li>\n\n\n\n<li><strong>Aumento de errores.<\/strong> Fallos que antes no se produc\u00edan empiezan a repetirse, lo que indica falta de concentraci\u00f3n o fatiga.<\/li>\n\n\n\n<li><strong>Fatiga constante.<\/strong> Sensaci\u00f3n de cansancio incluso al inicio de la jornada laboral.<\/li>\n\n\n\n<li><strong>Quejas f\u00edsicas recurrentes.<\/strong> Especialmente relacionadas con dolor o molestias persistentes.<\/li>\n\n\n\n<li><strong>Incremento de peque\u00f1as ausencias.<\/strong> Retrasos, d\u00edas sueltos o bajas cortas que pueden anticipar una ausencia m\u00e1s prolongada.<\/li>\n<\/ul>\n\n\n\n<p>Detectar estas se\u00f1ales a tiempo permite intervenir antes de que el problema sea estructural.<\/p>\n\n\n\n<h2 class=\"wp-block-heading\">El coste de no detectar a tiempo<\/h2>\n\n\n\n<p>No actuar a tiempo tiene un impacto directo en la empresa, tanto a nivel operativo como econ\u00f3mico. Cuando la detecci\u00f3n se produce tarde, las consecuencias suelen ser mayores y m\u00e1s dif\u00edciles de gestionar.<\/p>\n\n\n\n<ul class=\"wp-block-list\">\n<li><strong>Bajas m\u00e1s largas.<\/strong> Cuanto m\u00e1s se retrasa la intervenci\u00f3n, mayor suele ser el tiempo de recuperaci\u00f3n.<\/li>\n\n\n\n<li><strong>Mayor impacto en el equipo.<\/strong> La ausencia de un empleado genera sobrecarga en el resto y reduce la eficiencia global.<\/li>\n\n\n\n<li><strong>Incremento de costes.<\/strong> Tanto directos como indirectos, derivados de la p\u00e9rdida de productividad y reorganizaci\u00f3n.<\/li>\n\n\n\n<li><strong>Deterioro del clima laboral.<\/strong> Equipos sometidos a presi\u00f3n constante tienden a ser menos eficientes y m\u00e1s inestables.<\/li>\n<\/ul>\n\n\n\n<p>El coste de la inacci\u00f3n suele ser significativamente superior al de la prevenci\u00f3n.<\/p>\n\n\n\n<h2 class=\"wp-block-heading\">C\u00f3mo implementar un sistema real para prevenir bajas laborales<\/h2>\n\n\n\n<p>Detectar empleados en riesgo no puede depender de la intuici\u00f3n o de la experiencia puntual de un responsable. <strong>Requiere un enfoque estructurado y sostenido en el tiempo<\/strong>.<\/p>\n\n\n\n<h3 class=\"wp-block-heading\">Seguimiento del rendimiento y comportamiento<\/h3>\n\n\n\n<p>No se trata \u00fanicamente de medir resultados, sino de analizar c\u00f3mo evolucionan.<\/p>\n\n\n\n<ul class=\"wp-block-list\">\n<li><strong>Identificar cambios en productividad.<\/strong> Detectar cu\u00e1ndo un empleado empieza a rendir por debajo de su nivel habitual.<\/li>\n\n\n\n<li><strong>Detectar desviaciones en tiempos de ejecuci\u00f3n.<\/strong> Tareas que requieren m\u00e1s tiempo del esperado pueden indicar fatiga o saturaci\u00f3n.<\/li>\n\n\n\n<li><strong>Analizar evoluci\u00f3n individual.<\/strong> Observar tendencias permite anticipar problemas antes de que sean visibles.<\/li>\n<\/ul>\n\n\n\n<h3 class=\"wp-block-heading\">Cultura de comunicaci\u00f3n abierta<\/h3>\n\n\n\n<p>Muchas se\u00f1ales no se detectan simplemente porque no se comunican.<\/p>\n\n\n\n<p>Crear un entorno donde el empleado pueda expresar molestias, dificultades o sobrecarga sin miedo facilita la intervenci\u00f3n temprana.<\/p>\n\n\n\n<p>Esto es especialmente importante en casos de estr\u00e9s o situaciones personales.<\/p>\n\n\n\n<h3 class=\"wp-block-heading\">Evaluaci\u00f3n peri\u00f3dica del estado f\u00edsico y mental<\/h3>\n\n\n\n<p><strong>Incorporar revisiones peri\u00f3dicas<\/strong> permite detectar problemas antes de que se conviertan en una baja.<\/p>\n\n\n\n<p>De forma similar a c\u00f3mo una anal\u00edtica permite identificar alteraciones antes de que aparezcan s\u00edntomas evidentes, en la empresa ocurre lo mismo: medir de forma preventiva evita problemas mayores.<\/p>\n\n\n\n<h3 class=\"wp-block-heading\">Adaptaci\u00f3n del puesto de trabajo<\/h3>\n\n\n\n<p>La capacidad de adaptaci\u00f3n es clave en la prevenci\u00f3n.<\/p>\n\n\n\n<ul class=\"wp-block-list\">\n<li><strong>Ajustes ergon\u00f3micos.<\/strong> Mejoran la postura y reducen el riesgo de lesiones.<\/li>\n\n\n\n<li><strong>Redistribuci\u00f3n de carga.<\/strong> Permite equilibrar el esfuerzo dentro del equipo.<\/li>\n\n\n\n<li><strong>Adaptaci\u00f3n en casos espec\u00edficos como embarazo.<\/strong> Reduce el riesgo de baja en situaciones sensibles.<\/li>\n<\/ul>\n\n\n\n<h3 class=\"wp-block-heading\">Acceso r\u00e1pido a servicios de salud<\/h3>\n\n\n\n<p>Uno de los factores m\u00e1s determinantes para evitar la baja es la rapidez en la atenci\u00f3n.<\/p>\n\n\n\n<ul class=\"wp-block-list\">\n<li><strong>Se evita la cronificaci\u00f3n del problema.<\/strong> Las molestias tratadas a tiempo no evolucionan.<\/li>\n\n\n\n<li><strong>Se reduce el tiempo de recuperaci\u00f3n.<\/strong> La intervenci\u00f3n temprana acelera la mejora.<\/li>\n\n\n\n<li><strong>Se disminuye la probabilidad de baja.<\/strong> El problema se resuelve antes de escalar.<\/li>\n<\/ul>\n\n\n\n<h2 class=\"wp-block-heading\">Anticiparse es una ventaja competitiva<\/h2>\n\n\n\n<p>Las empresas que consiguen reducir el absentismo no son las que gestionan mejor las bajas, sino las que evitan que ocurran.<\/p>\n\n\n\n<p>Detectar empleados en riesgo permite:<\/p>\n\n\n\n<ul class=\"wp-block-list\">\n<li><strong>Reducir costes operativos.<\/strong> Menos bajas implica menos impacto econ\u00f3mico.<\/li>\n\n\n\n<li><strong>Mejorar la productividad.<\/strong> Equipos m\u00e1s estables y eficientes.<\/li>\n\n\n\n<li><strong>Aumentar la retenci\u00f3n del talento.<\/strong> Menor desgaste y mayor satisfacci\u00f3n laboral.<\/li>\n<\/ul>\n\n\n\n<p>No se trata de controlar al empleado, sino de gestionar mejor los riesgos.<\/p>\n\n\n\n<p>En <strong>SaludOnNet<\/strong>, las empresas pueden ofrecer acceso r\u00e1pido a especialistas, pruebas diagn\u00f3sticas y atenci\u00f3n m\u00e9dica sin esperas, lo que permite identificar problemas de salud en fases tempranas y actuar antes de que se conviertan en una baja laboral, reduciendo el absentismo y mejorando el rendimiento global.<\/p>\n","protected":false},"excerpt":{"rendered":"C\u00f3mo prevenir bajas laborales detectando empleados en riesgo: se\u00f1ales clave, causas y estrategias para reducir el absentismo en la empresa.","protected":false},"author":2,"featured_media":2880,"comment_status":"closed","ping_status":"open","sticky":false,"template":"","format":"standard","meta":{"_monsterinsights_skip_tracking":false,"_monsterinsights_sitenote_active":false,"_monsterinsights_sitenote_note":"","_monsterinsights_sitenote_category":0,"csco_display_header_overlay":false,"csco_singular_sidebar":"","csco_page_header_type":"","footnotes":""},"categories":[140],"tags":[],"class_list":{"0":"post-2876","1":"post","2":"type-post","3":"status-publish","4":"format-standard","5":"has-post-thumbnail","7":"category-gestion-de-personas","8":"cs-entry"},"yoast_head":"<!-- This site is optimized with the Yoast SEO plugin v27.4 - https:\/\/yoast.com\/product\/yoast-seo-wordpress\/ -->\n<title>C\u00f3mo detectar empleados en riesgo de baja laboral<\/title>\n<meta name=\"description\" content=\"C\u00f3mo prevenir bajas laborales detectando empleados en riesgo: se\u00f1ales clave, causas y estrategias para reducir el absentismo en la empresa.\" \/>\n<meta name=\"robots\" content=\"index, follow, max-snippet:-1, max-image-preview:large, max-video-preview:-1\" \/>\n<link rel=\"canonical\" href=\"https:\/\/www.saludonnet.com\/empresas\/blog\/como-detectar-empleados-en-riesgo-de-baja-laboral\/\" \/>\n<meta property=\"og:locale\" content=\"es_ES\" \/>\n<meta property=\"og:type\" content=\"article\" \/>\n<meta property=\"og:title\" content=\"C\u00f3mo detectar empleados en riesgo de baja laboral\" \/>\n<meta property=\"og:description\" content=\"C\u00f3mo prevenir bajas laborales detectando empleados en riesgo: se\u00f1ales clave, causas y estrategias para reducir el absentismo en la empresa.\" \/>\n<meta property=\"og:url\" content=\"https:\/\/www.saludonnet.com\/empresas\/blog\/como-detectar-empleados-en-riesgo-de-baja-laboral\/\" \/>\n<meta property=\"og:site_name\" content=\"Blog SaludOnNet Empresas\" \/>\n<meta property=\"article:published_time\" content=\"2026-04-24T08:36:10+00:00\" \/>\n<meta property=\"article:modified_time\" content=\"2026-04-24T10:32:27+00:00\" \/>\n<meta property=\"og:image\" content=\"https:\/\/www.saludonnet.com\/empresas\/blog\/wp-content\/uploads\/2026\/04\/empleados-riesgo-de-baja-2.png\" \/>\n\t<meta property=\"og:image:width\" content=\"800\" \/>\n\t<meta property=\"og:image:height\" content=\"400\" \/>\n\t<meta property=\"og:image:type\" content=\"image\/png\" \/>\n<meta name=\"author\" content=\"Guillermo Prieto\" \/>\n<meta name=\"twitter:card\" content=\"summary_large_image\" \/>\n<meta name=\"twitter:title\" content=\"C\u00f3mo detectar empleados en riesgo de baja laboral\" \/>\n<meta name=\"twitter:description\" content=\"C\u00f3mo prevenir bajas laborales detectando empleados en riesgo: se\u00f1ales clave, causas y estrategias para reducir el absentismo en la empresa.\" \/>\n<meta name=\"twitter:image\" content=\"https:\/\/www.saludonnet.com\/empresas\/blog\/wp-content\/uploads\/2026\/04\/empleados-riesgo-de-baja-2.png\" \/>\n<meta name=\"twitter:label1\" content=\"Escrito por\" \/>\n\t<meta name=\"twitter:data1\" content=\"Guillermo Prieto\" \/>\n\t<meta name=\"twitter:label2\" content=\"Tiempo de lectura\" \/>\n\t<meta name=\"twitter:data2\" content=\"8 minutos\" \/>\n<script type=\"application\/ld+json\" class=\"yoast-schema-graph\">{\"@context\":\"https:\\\/\\\/schema.org\",\"@graph\":[{\"@type\":\"Article\",\"@id\":\"https:\\\/\\\/www.saludonnet.com\\\/empresas\\\/blog\\\/como-detectar-empleados-en-riesgo-de-baja-laboral\\\/#article\",\"isPartOf\":{\"@id\":\"https:\\\/\\\/www.saludonnet.com\\\/empresas\\\/blog\\\/como-detectar-empleados-en-riesgo-de-baja-laboral\\\/\"},\"author\":{\"name\":\"Guillermo Prieto\",\"@id\":\"https:\\\/\\\/www.saludonnet.com\\\/empresas\\\/blog\\\/#\\\/schema\\\/person\\\/14f6bcec79cf6133fa68f0bc3a59da4a\"},\"headline\":\"C\u00f3mo detectar empleados en riesgo de baja laboral\",\"datePublished\":\"2026-04-24T08:36:10+00:00\",\"dateModified\":\"2026-04-24T10:32:27+00:00\",\"mainEntityOfPage\":{\"@id\":\"https:\\\/\\\/www.saludonnet.com\\\/empresas\\\/blog\\\/como-detectar-empleados-en-riesgo-de-baja-laboral\\\/\"},\"wordCount\":1581,\"publisher\":{\"@id\":\"https:\\\/\\\/www.saludonnet.com\\\/empresas\\\/blog\\\/#organization\"},\"image\":{\"@id\":\"https:\\\/\\\/www.saludonnet.com\\\/empresas\\\/blog\\\/como-detectar-empleados-en-riesgo-de-baja-laboral\\\/#primaryimage\"},\"thumbnailUrl\":\"https:\\\/\\\/www.saludonnet.com\\\/empresas\\\/blog\\\/wp-content\\\/uploads\\\/2026\\\/04\\\/empleados-riesgo-de-baja-2.png\",\"articleSection\":[\"Gesti\u00f3n de personas\"],\"inLanguage\":\"es\"},{\"@type\":\"WebPage\",\"@id\":\"https:\\\/\\\/www.saludonnet.com\\\/empresas\\\/blog\\\/como-detectar-empleados-en-riesgo-de-baja-laboral\\\/\",\"url\":\"https:\\\/\\\/www.saludonnet.com\\\/empresas\\\/blog\\\/como-detectar-empleados-en-riesgo-de-baja-laboral\\\/\",\"name\":\"C\u00f3mo detectar empleados en riesgo de baja laboral\",\"isPartOf\":{\"@id\":\"https:\\\/\\\/www.saludonnet.com\\\/empresas\\\/blog\\\/#website\"},\"primaryImageOfPage\":{\"@id\":\"https:\\\/\\\/www.saludonnet.com\\\/empresas\\\/blog\\\/como-detectar-empleados-en-riesgo-de-baja-laboral\\\/#primaryimage\"},\"image\":{\"@id\":\"https:\\\/\\\/www.saludonnet.com\\\/empresas\\\/blog\\\/como-detectar-empleados-en-riesgo-de-baja-laboral\\\/#primaryimage\"},\"thumbnailUrl\":\"https:\\\/\\\/www.saludonnet.com\\\/empresas\\\/blog\\\/wp-content\\\/uploads\\\/2026\\\/04\\\/empleados-riesgo-de-baja-2.png\",\"datePublished\":\"2026-04-24T08:36:10+00:00\",\"dateModified\":\"2026-04-24T10:32:27+00:00\",\"description\":\"C\u00f3mo prevenir bajas laborales detectando empleados en riesgo: se\u00f1ales clave, causas y estrategias para reducir el absentismo en la empresa.\",\"breadcrumb\":{\"@id\":\"https:\\\/\\\/www.saludonnet.com\\\/empresas\\\/blog\\\/como-detectar-empleados-en-riesgo-de-baja-laboral\\\/#breadcrumb\"},\"inLanguage\":\"es\",\"potentialAction\":[{\"@type\":\"ReadAction\",\"target\":[\"https:\\\/\\\/www.saludonnet.com\\\/empresas\\\/blog\\\/como-detectar-empleados-en-riesgo-de-baja-laboral\\\/\"]}]},{\"@type\":\"ImageObject\",\"inLanguage\":\"es\",\"@id\":\"https:\\\/\\\/www.saludonnet.com\\\/empresas\\\/blog\\\/como-detectar-empleados-en-riesgo-de-baja-laboral\\\/#primaryimage\",\"url\":\"https:\\\/\\\/www.saludonnet.com\\\/empresas\\\/blog\\\/wp-content\\\/uploads\\\/2026\\\/04\\\/empleados-riesgo-de-baja-2.png\",\"contentUrl\":\"https:\\\/\\\/www.saludonnet.com\\\/empresas\\\/blog\\\/wp-content\\\/uploads\\\/2026\\\/04\\\/empleados-riesgo-de-baja-2.png\",\"width\":800,\"height\":400,\"caption\":\"riesgo de baja laboral\"},{\"@type\":\"BreadcrumbList\",\"@id\":\"https:\\\/\\\/www.saludonnet.com\\\/empresas\\\/blog\\\/como-detectar-empleados-en-riesgo-de-baja-laboral\\\/#breadcrumb\",\"itemListElement\":[{\"@type\":\"ListItem\",\"position\":1,\"name\":\"Portada\",\"item\":\"https:\\\/\\\/www.saludonnet.com\\\/empresas\\\/blog\\\/\"},{\"@type\":\"ListItem\",\"position\":2,\"name\":\"C\u00f3mo detectar empleados en riesgo de baja laboral\"}]},{\"@type\":\"WebSite\",\"@id\":\"https:\\\/\\\/www.saludonnet.com\\\/empresas\\\/blog\\\/#website\",\"url\":\"https:\\\/\\\/www.saludonnet.com\\\/empresas\\\/blog\\\/\",\"name\":\"Blog SaludOnNet Empresas\",\"description\":\"\",\"publisher\":{\"@id\":\"https:\\\/\\\/www.saludonnet.com\\\/empresas\\\/blog\\\/#organization\"},\"potentialAction\":[{\"@type\":\"SearchAction\",\"target\":{\"@type\":\"EntryPoint\",\"urlTemplate\":\"https:\\\/\\\/www.saludonnet.com\\\/empresas\\\/blog\\\/?s={search_term_string}\"},\"query-input\":{\"@type\":\"PropertyValueSpecification\",\"valueRequired\":true,\"valueName\":\"search_term_string\"}}],\"inLanguage\":\"es\"},{\"@type\":\"Organization\",\"@id\":\"https:\\\/\\\/www.saludonnet.com\\\/empresas\\\/blog\\\/#organization\",\"name\":\"Blog SaludOnNet Empresas\",\"url\":\"https:\\\/\\\/www.saludonnet.com\\\/empresas\\\/blog\\\/\",\"logo\":{\"@type\":\"ImageObject\",\"inLanguage\":\"es\",\"@id\":\"https:\\\/\\\/www.saludonnet.com\\\/empresas\\\/blog\\\/#\\\/schema\\\/logo\\\/image\\\/\",\"url\":\"https:\\\/\\\/www.saludonnet.com\\\/empresas\\\/blog\\\/wp-content\\\/uploads\\\/2026\\\/03\\\/son-logo.png\",\"contentUrl\":\"https:\\\/\\\/www.saludonnet.com\\\/empresas\\\/blog\\\/wp-content\\\/uploads\\\/2026\\\/03\\\/son-logo.png\",\"width\":1140,\"height\":384,\"caption\":\"Blog SaludOnNet Empresas\"},\"image\":{\"@id\":\"https:\\\/\\\/www.saludonnet.com\\\/empresas\\\/blog\\\/#\\\/schema\\\/logo\\\/image\\\/\"}},{\"@type\":\"Person\",\"@id\":\"https:\\\/\\\/www.saludonnet.com\\\/empresas\\\/blog\\\/#\\\/schema\\\/person\\\/14f6bcec79cf6133fa68f0bc3a59da4a\",\"name\":\"Guillermo Prieto\",\"image\":{\"@type\":\"ImageObject\",\"inLanguage\":\"es\",\"@id\":\"https:\\\/\\\/www.saludonnet.com\\\/empresas\\\/blog\\\/wp-content\\\/uploads\\\/2026\\\/03\\\/cropped-1554973455771-96x96.jpg\",\"url\":\"https:\\\/\\\/www.saludonnet.com\\\/empresas\\\/blog\\\/wp-content\\\/uploads\\\/2026\\\/03\\\/cropped-1554973455771-96x96.jpg\",\"contentUrl\":\"https:\\\/\\\/www.saludonnet.com\\\/empresas\\\/blog\\\/wp-content\\\/uploads\\\/2026\\\/03\\\/cropped-1554973455771-96x96.jpg\",\"caption\":\"Guillermo Prieto\"},\"sameAs\":[\"https:\\\/\\\/www.saludonnet.com\\\/\"],\"url\":\"https:\\\/\\\/www.saludonnet.com\\\/empresas\\\/blog\\\/author\\\/guillermo-prieto\\\/\"}]}<\/script>\n<!-- \/ Yoast SEO plugin. -->","yoast_head_json":{"title":"C\u00f3mo detectar empleados en riesgo de baja laboral","description":"C\u00f3mo prevenir bajas laborales detectando empleados en riesgo: se\u00f1ales clave, causas y estrategias para reducir el absentismo en la empresa.","robots":{"index":"index","follow":"follow","max-snippet":"max-snippet:-1","max-image-preview":"max-image-preview:large","max-video-preview":"max-video-preview:-1"},"canonical":"https:\/\/www.saludonnet.com\/empresas\/blog\/como-detectar-empleados-en-riesgo-de-baja-laboral\/","og_locale":"es_ES","og_type":"article","og_title":"C\u00f3mo detectar empleados en riesgo de baja laboral","og_description":"C\u00f3mo prevenir bajas laborales detectando empleados en riesgo: se\u00f1ales clave, causas y estrategias para reducir el absentismo en la empresa.","og_url":"https:\/\/www.saludonnet.com\/empresas\/blog\/como-detectar-empleados-en-riesgo-de-baja-laboral\/","og_site_name":"Blog SaludOnNet Empresas","article_published_time":"2026-04-24T08:36:10+00:00","article_modified_time":"2026-04-24T10:32:27+00:00","og_image":[{"width":800,"height":400,"url":"https:\/\/www.saludonnet.com\/empresas\/blog\/wp-content\/uploads\/2026\/04\/empleados-riesgo-de-baja-2.png","type":"image\/png"}],"author":"Guillermo Prieto","twitter_card":"summary_large_image","twitter_title":"C\u00f3mo detectar empleados en riesgo de baja laboral","twitter_description":"C\u00f3mo prevenir bajas laborales detectando empleados en riesgo: se\u00f1ales clave, causas y estrategias para reducir el absentismo en la empresa.","twitter_image":"https:\/\/www.saludonnet.com\/empresas\/blog\/wp-content\/uploads\/2026\/04\/empleados-riesgo-de-baja-2.png","twitter_misc":{"Escrito por":"Guillermo Prieto","Tiempo de lectura":"8 minutos"},"schema":{"@context":"https:\/\/schema.org","@graph":[{"@type":"Article","@id":"https:\/\/www.saludonnet.com\/empresas\/blog\/como-detectar-empleados-en-riesgo-de-baja-laboral\/#article","isPartOf":{"@id":"https:\/\/www.saludonnet.com\/empresas\/blog\/como-detectar-empleados-en-riesgo-de-baja-laboral\/"},"author":{"name":"Guillermo Prieto","@id":"https:\/\/www.saludonnet.com\/empresas\/blog\/#\/schema\/person\/14f6bcec79cf6133fa68f0bc3a59da4a"},"headline":"C\u00f3mo detectar empleados en riesgo de baja laboral","datePublished":"2026-04-24T08:36:10+00:00","dateModified":"2026-04-24T10:32:27+00:00","mainEntityOfPage":{"@id":"https:\/\/www.saludonnet.com\/empresas\/blog\/como-detectar-empleados-en-riesgo-de-baja-laboral\/"},"wordCount":1581,"publisher":{"@id":"https:\/\/www.saludonnet.com\/empresas\/blog\/#organization"},"image":{"@id":"https:\/\/www.saludonnet.com\/empresas\/blog\/como-detectar-empleados-en-riesgo-de-baja-laboral\/#primaryimage"},"thumbnailUrl":"https:\/\/www.saludonnet.com\/empresas\/blog\/wp-content\/uploads\/2026\/04\/empleados-riesgo-de-baja-2.png","articleSection":["Gesti\u00f3n de personas"],"inLanguage":"es"},{"@type":"WebPage","@id":"https:\/\/www.saludonnet.com\/empresas\/blog\/como-detectar-empleados-en-riesgo-de-baja-laboral\/","url":"https:\/\/www.saludonnet.com\/empresas\/blog\/como-detectar-empleados-en-riesgo-de-baja-laboral\/","name":"C\u00f3mo detectar empleados en riesgo de baja laboral","isPartOf":{"@id":"https:\/\/www.saludonnet.com\/empresas\/blog\/#website"},"primaryImageOfPage":{"@id":"https:\/\/www.saludonnet.com\/empresas\/blog\/como-detectar-empleados-en-riesgo-de-baja-laboral\/#primaryimage"},"image":{"@id":"https:\/\/www.saludonnet.com\/empresas\/blog\/como-detectar-empleados-en-riesgo-de-baja-laboral\/#primaryimage"},"thumbnailUrl":"https:\/\/www.saludonnet.com\/empresas\/blog\/wp-content\/uploads\/2026\/04\/empleados-riesgo-de-baja-2.png","datePublished":"2026-04-24T08:36:10+00:00","dateModified":"2026-04-24T10:32:27+00:00","description":"C\u00f3mo prevenir bajas laborales detectando empleados en riesgo: se\u00f1ales clave, causas y estrategias para reducir el absentismo en la empresa.","breadcrumb":{"@id":"https:\/\/www.saludonnet.com\/empresas\/blog\/como-detectar-empleados-en-riesgo-de-baja-laboral\/#breadcrumb"},"inLanguage":"es","potentialAction":[{"@type":"ReadAction","target":["https:\/\/www.saludonnet.com\/empresas\/blog\/como-detectar-empleados-en-riesgo-de-baja-laboral\/"]}]},{"@type":"ImageObject","inLanguage":"es","@id":"https:\/\/www.saludonnet.com\/empresas\/blog\/como-detectar-empleados-en-riesgo-de-baja-laboral\/#primaryimage","url":"https:\/\/www.saludonnet.com\/empresas\/blog\/wp-content\/uploads\/2026\/04\/empleados-riesgo-de-baja-2.png","contentUrl":"https:\/\/www.saludonnet.com\/empresas\/blog\/wp-content\/uploads\/2026\/04\/empleados-riesgo-de-baja-2.png","width":800,"height":400,"caption":"riesgo de baja laboral"},{"@type":"BreadcrumbList","@id":"https:\/\/www.saludonnet.com\/empresas\/blog\/como-detectar-empleados-en-riesgo-de-baja-laboral\/#breadcrumb","itemListElement":[{"@type":"ListItem","position":1,"name":"Portada","item":"https:\/\/www.saludonnet.com\/empresas\/blog\/"},{"@type":"ListItem","position":2,"name":"C\u00f3mo detectar empleados en riesgo de baja laboral"}]},{"@type":"WebSite","@id":"https:\/\/www.saludonnet.com\/empresas\/blog\/#website","url":"https:\/\/www.saludonnet.com\/empresas\/blog\/","name":"Blog SaludOnNet Empresas","description":"","publisher":{"@id":"https:\/\/www.saludonnet.com\/empresas\/blog\/#organization"},"potentialAction":[{"@type":"SearchAction","target":{"@type":"EntryPoint","urlTemplate":"https:\/\/www.saludonnet.com\/empresas\/blog\/?s={search_term_string}"},"query-input":{"@type":"PropertyValueSpecification","valueRequired":true,"valueName":"search_term_string"}}],"inLanguage":"es"},{"@type":"Organization","@id":"https:\/\/www.saludonnet.com\/empresas\/blog\/#organization","name":"Blog SaludOnNet Empresas","url":"https:\/\/www.saludonnet.com\/empresas\/blog\/","logo":{"@type":"ImageObject","inLanguage":"es","@id":"https:\/\/www.saludonnet.com\/empresas\/blog\/#\/schema\/logo\/image\/","url":"https:\/\/www.saludonnet.com\/empresas\/blog\/wp-content\/uploads\/2026\/03\/son-logo.png","contentUrl":"https:\/\/www.saludonnet.com\/empresas\/blog\/wp-content\/uploads\/2026\/03\/son-logo.png","width":1140,"height":384,"caption":"Blog SaludOnNet Empresas"},"image":{"@id":"https:\/\/www.saludonnet.com\/empresas\/blog\/#\/schema\/logo\/image\/"}},{"@type":"Person","@id":"https:\/\/www.saludonnet.com\/empresas\/blog\/#\/schema\/person\/14f6bcec79cf6133fa68f0bc3a59da4a","name":"Guillermo Prieto","image":{"@type":"ImageObject","inLanguage":"es","@id":"https:\/\/www.saludonnet.com\/empresas\/blog\/wp-content\/uploads\/2026\/03\/cropped-1554973455771-96x96.jpg","url":"https:\/\/www.saludonnet.com\/empresas\/blog\/wp-content\/uploads\/2026\/03\/cropped-1554973455771-96x96.jpg","contentUrl":"https:\/\/www.saludonnet.com\/empresas\/blog\/wp-content\/uploads\/2026\/03\/cropped-1554973455771-96x96.jpg","caption":"Guillermo Prieto"},"sameAs":["https:\/\/www.saludonnet.com\/"],"url":"https:\/\/www.saludonnet.com\/empresas\/blog\/author\/guillermo-prieto\/"}]}},"_links":{"self":[{"href":"https:\/\/www.saludonnet.com\/empresas\/blog\/wp-json\/wp\/v2\/posts\/2876","targetHints":{"allow":["GET"]}}],"collection":[{"href":"https:\/\/www.saludonnet.com\/empresas\/blog\/wp-json\/wp\/v2\/posts"}],"about":[{"href":"https:\/\/www.saludonnet.com\/empresas\/blog\/wp-json\/wp\/v2\/types\/post"}],"author":[{"embeddable":true,"href":"https:\/\/www.saludonnet.com\/empresas\/blog\/wp-json\/wp\/v2\/users\/2"}],"replies":[{"embeddable":true,"href":"https:\/\/www.saludonnet.com\/empresas\/blog\/wp-json\/wp\/v2\/comments?post=2876"}],"version-history":[{"count":8,"href":"https:\/\/www.saludonnet.com\/empresas\/blog\/wp-json\/wp\/v2\/posts\/2876\/revisions"}],"predecessor-version":[{"id":2906,"href":"https:\/\/www.saludonnet.com\/empresas\/blog\/wp-json\/wp\/v2\/posts\/2876\/revisions\/2906"}],"wp:featuredmedia":[{"embeddable":true,"href":"https:\/\/www.saludonnet.com\/empresas\/blog\/wp-json\/wp\/v2\/media\/2880"}],"wp:attachment":[{"href":"https:\/\/www.saludonnet.com\/empresas\/blog\/wp-json\/wp\/v2\/media?parent=2876"}],"wp:term":[{"taxonomy":"category","embeddable":true,"href":"https:\/\/www.saludonnet.com\/empresas\/blog\/wp-json\/wp\/v2\/categories?post=2876"},{"taxonomy":"post_tag","embeddable":true,"href":"https:\/\/www.saludonnet.com\/empresas\/blog\/wp-json\/wp\/v2\/tags?post=2876"}],"curies":[{"name":"wp","href":"https:\/\/api.w.org\/{rel}","templated":true}]}}