{"id":2865,"date":"2026-04-23T09:58:50","date_gmt":"2026-04-23T07:58:50","guid":{"rendered":"https:\/\/www.saludonnet.com\/empresas\/blog\/?p=2865"},"modified":"2026-04-24T12:33:02","modified_gmt":"2026-04-24T10:33:02","slug":"causas-del-absentismo-laboral-lesiones-mas-comunes-en-oficina","status":"publish","type":"post","link":"https:\/\/www.saludonnet.com\/empresas\/blog\/causas-del-absentismo-laboral-lesiones-mas-comunes-en-oficina\/","title":{"rendered":"Causas del absentismo laboral: lesiones m\u00e1s comunes en oficina"},"content":{"rendered":"\n<p>El <strong>absentismo laboral<\/strong> sigue siendo uno de los principales retos en la gesti\u00f3n de personas dentro de las empresas. Sin embargo, en muchos casos se analiza desde una perspectiva limitada, centrada \u00fanicamente en el n\u00famero de bajas o en su duraci\u00f3n, sin profundizar en las causas reales que lo provocan.<\/p>\n\n\n\n<p>El verdadero problema no est\u00e1 en la baja, sino en lo que ocurre antes<strong>. Gran parte del absentismo tiene un origen f\u00edsico<\/strong> que se desarrolla de forma progresiva dentro del propio entorno de trabajo, especialmente en oficinas. Se trata de problemas que <strong>comienzan como molestias leves, pasan desapercibidos o se normalizan<\/strong>, y que terminan impactando de forma directa en la productividad.<\/p>\n\n\n\n<h2 class=\"wp-block-heading\">Por qu\u00e9 las lesiones en oficina son clave en el absentismo<\/h2>\n\n\n\n<p>A diferencia de otros entornos laborales donde predominan los accidentes puntuales, <strong>en la oficina el problema es m\u00e1s silencioso<\/strong>. Las lesiones no aparecen de forma brusca, sino que se desarrollan por acumulaci\u00f3n, lo que hace que sean m\u00e1s dif\u00edciles de detectar.<\/p>\n\n\n\n<p>Este tipo de lesiones comparten una serie de caracter\u00edsticas que explican su impacto:<\/p>\n\n\n\n<ul class=\"wp-block-list\">\n<li><strong>No aparecen de forma inmediata.<\/strong> Se desarrollan a lo largo de semanas o meses, lo que dificulta identificar el momento en el que empieza el problema.<\/li>\n\n\n\n<li><strong>No se detectan f\u00e1cilmente.<\/strong> Al inicio se perciben como molestias normales que no generan alarma.<\/li>\n\n\n\n<li><strong>Se normalizan dentro del equipo.<\/strong> Frases como \u201cme duele la espalda\u201d o \u201ctengo el cuello cargado\u201d forman parte del d\u00eda a d\u00eda.<\/li>\n<\/ul>\n\n\n\n<p>El resultado de esta din\u00e1mica es un deterioro progresivo del estado f\u00edsico del empleado, que acaba derivando en:<\/p>\n\n\n\n<ul class=\"wp-block-list\">\n<li><strong>Bajo rendimiento.<\/strong> El trabajador reduce su capacidad sin llegar a ausentarse.<\/li>\n\n\n\n<li><strong>Presentismo.<\/strong> Acude al trabajo, pero en condiciones f\u00edsicas sub\u00f3ptimas.<\/li>\n\n\n\n<li><strong>Bajas laborales.<\/strong> Cuando el problema ya no es sostenible.<\/li>\n<\/ul>\n\n\n\n<p>Este tipo de absentismo es especialmente relevante porque, en gran medida, es prevenible.<\/p>\n\n\n\n<style>\n@import url('https:\/\/fonts.googleapis.com\/css2?family=DM+Sans:wght@400;500;700&display=swap');\n.cta-wrap * { margin: 0; padding: 0; box-sizing: border-box; }\n.cta-wrap { font-family: 'DM Sans', var(--font-sans); width: 100%; }\n\n.cta-box {\n  background: linear-gradient(135deg, #E8F6FD 0%, #F0FAFF 100%);\n  border-radius: 16px;\n  padding: 28px;\n  display: grid;\n  grid-template-columns: minmax(0, 1fr) minmax(260px, 320px);\n  gap: 32px;\n  align-items: center;\n  position: relative;\n  overflow: hidden;\n  border: 0.5px solid rgba(0, 158, 224, 0.15);\n}\n\n.cta-circle-1 {\n  position: absolute;\n  right: -40px;\n  top: -40px;\n  width: 160px;\n  height: 160px;\n  border-radius: 50%;\n  background: rgba(0, 158, 224, 0.08);\n}\n.cta-circle-2 {\n  position: absolute;\n  right: 60px;\n  bottom: -50px;\n  width: 100px;\n  height: 100px;\n  border-radius: 50%;\n  background: rgba(8, 206, 202, 0.06);\n}\n\n.cta-content { position: relative; z-index: 1; }\n\n.cta-badges {\n  display: flex;\n  gap: 6px;\n  margin-bottom: 12px;\n  flex-wrap: wrap;\n}\n.cta-badge {\n  display: inline-flex;\n  align-items: center;\n  gap: 4px;\n  font-size: 11px;\n  font-weight: 500;\n  padding: 4px 10px;\n  border-radius: 12px;\n}\n.cta-badge-blue { color: #009EE0; background: rgba(0, 158, 224, 0.12); }\n.cta-badge-teal { color: #06A09E; background: rgba(8, 206, 202, 0.15); }\n\n.cta-wrap h3.cta-title,\n.cta-wrap .cta-title {\n  font-size: clamp(22px, 2.2vw, 25px);\n  font-weight: 700;\n  color: #153239 !important;\n  line-height: 1.2;\n  margin-top: 15px;\n  margin-bottom: 8px;\n}\n.cta-desc {\n  font-size: 15px;\n  color: #5A6B73;\n  line-height: 1.55;\n  margin-bottom: 16px;\n}\n.cta-btn {\n  display: inline-flex;\n  align-items: center;\n  gap: 8px;\n  font-size: 16px;\n  font-weight: 500;\n  color: #fff;\n  background: #009EE0;\n  padding: 12px 22px;\n  border-radius: 8px;\n  text-decoration: none;\n  transition: background 0.2s ease;\n}\n.cta-btn:hover { background: #0088c2; }\n\n.cta-mockup-wrap { position: relative; z-index: 1; width: 100%; }\n.cta-mockup {\n  background: #0F2741;\n  border-radius: 10px;\n  padding: 12px 10px;\n  box-shadow: 0 14px 40px rgba(0, 40, 80, 0.35);\n  border: 0.5px solid rgba(255, 255, 255, 0.08);\n  width: 100%;\n}\n\n.cta-table-header,\n.cta-table-row {\n  display: grid;\n  grid-template-columns: minmax(0, 1fr) 50px 30px 48px;\n  gap: 3px;\n  padding: 4px 6px;\n  align-items: center;\n}\n.cta-table-header {\n  background: #009EE0;\n  border-radius: 3px;\n  margin-bottom: 1px;\n}\n.cta-table-header span { font-size: 7px; font-weight: 500; color: #fff; }\n.cta-th-right { text-align: right; }\n.cta-th-center { text-align: center; }\n\n.cta-table-row { border-bottom: 0.5px solid rgba(255, 255, 255, 0.05); }\n.cta-table-row.alt { background: rgba(255, 255, 255, 0.02); }\n.cta-td-name { font-size: 7px; color: rgba(255, 255, 255, 0.85); overflow: hidden; text-overflow: ellipsis; white-space: nowrap; }\n.cta-td-type { font-size: 7px; color: rgba(255, 255, 255, 0.5); }\n.cta-td-days { font-size: 7px; font-weight: 500; color: #fff; text-align: right; }\n.cta-td-days.warn { color: #F09595; }\n.cta-td-status {\n  font-size: 6px;\n  padding: 2px 5px;\n  border-radius: 6px;\n  text-align: center;\n}\n.cta-status-alta { color: #08CECA; background: rgba(8, 206, 202, 0.15); }\n.cta-status-curso { color: #E8A85C; background: rgba(232, 168, 92, 0.15); }\n\n.cta-kpis {\n  display: grid;\n  grid-template-columns: 1fr 1fr 1fr;\n  gap: 5px;\n  margin-top: 8px;\n  margin-bottom: 8px;\n}\n.cta-kpi {\n  background: rgba(255, 255, 255, 0.05);\n  border-radius: 5px;\n  padding: 6px 5px;\n  border: 0.5px solid rgba(255, 255, 255, 0.08);\n}\n.cta-kpi-label {\n  font-size: 6px;\n  color: rgba(255, 255, 255, 0.5);\n  text-transform: uppercase;\n  letter-spacing: 0.3px;\n  margin-bottom: 1px;\n}\n.cta-kpi-value { font-size: 13px; font-weight: 700; line-height: 1; }\n.cta-kpi-value.blue { color: #009EE0; }\n.cta-kpi-value.orange { color: #E8A85C; }\n.cta-kpi-value.teal { color: #08CECA; }\n\n.cta-bars { display: flex; flex-direction: column; gap: 3px; }\n.cta-bar-row { display: flex; align-items: center; gap: 4px; }\n.cta-bar-label { font-size: 6px; color: rgba(255, 255, 255, 0.5); width: 22px; text-align: right; }\n.cta-bar-track { flex: 1; height: 5px; background: rgba(255, 255, 255, 0.08); border-radius: 3px; overflow: hidden; }\n.cta-bar-fill { height: 100%; background: linear-gradient(90deg, #009EE0, #08CECA); border-radius: 3px; }\n.cta-bar-value { font-size: 7px; font-weight: 500; color: #fff; width: 14px; }\n\n\/* TABLET \/ M\u00d3VIL - una columna, mockup arriba *\/\n@media (max-width: 860px) {\n  .cta-box {\n    grid-template-columns: 1fr;\n    gap: 24px;\n    padding: 28px;\n  }\n  .cta-mockup-wrap {\n    max-width: 420px;\n    margin: 0 auto;\n    order: 1;\n  }\n  .cta-content {\n    order: 2;\n  }\n}\n\n\/* M\u00d3VIL *\/\n@media (max-width: 560px) {\n  .cta-box {\n    padding: 22px 18px;\n    border-radius: 14px;\n    gap: 20px;\n  }\n  .cta-circle-1 {\n    width: 120px;\n    height: 120px;\n    right: -30px;\n    top: -30px;\n  }\n  .cta-circle-2 {\n    width: 80px;\n    height: 80px;\n    right: 30px;\n    bottom: -40px;\n  }\n  .cta-wrap h3.cta-title,\n  .cta-wrap .cta-title { font-size: 19px; }\n  .cta-desc { font-size: 13px; }\n  .cta-btn {\n    font-size: 13px;\n    padding: 11px 20px;\n    width: 100%;\n    justify-content: center;\n  }\n  .cta-mockup {\n    padding: 14px 12px;\n  }\n  .cta-table-header,\n  .cta-table-row {\n    grid-template-columns: minmax(0, 1fr) 55px 32px 52px;\n    padding: 6px 8px;\n    gap: 4px;\n  }\n  .cta-table-header span,\n  .cta-td-name,\n  .cta-td-type,\n  .cta-td-days { font-size: 9px; }\n  .cta-td-status { font-size: 8px; padding: 3px 6px; }\n  .cta-kpi { padding: 8px 7px; }\n  .cta-kpi-label { font-size: 8px; }\n  .cta-kpi-value { font-size: 15px; }\n  .cta-bar-label { font-size: 8px; width: 28px; }\n  .cta-bar-track { height: 6px; }\n  .cta-bar-value { font-size: 9px; width: 18px; }\n}\n<\/style>\n\n<div class=\"cta-wrap\">\n  <div class=\"cta-box\">\n    <div class=\"cta-circle-1\"><\/div>\n    <div class=\"cta-circle-2\"><\/div>\n\n    <div class=\"cta-content\">\n      <div class=\"cta-badges\">\n        <div class=\"cta-badge cta-badge-blue\">\n          <svg viewBox=\"0 0 24 24\" width=\"11\" height=\"11\" fill=\"none\" stroke=\"currentColor\" stroke-width=\"2\"><rect x=\"3\" y=\"3\" width=\"18\" height=\"18\" rx=\"2\"\/><line x1=\"3\" y1=\"9\" x2=\"21\" y2=\"9\"\/><line x1=\"9\" y1=\"21\" x2=\"9\" y2=\"9\"\/><\/svg>\n          Plantilla Excel\n        <\/div>\n        <div class=\"cta-badge cta-badge-teal\">\n          <svg viewBox=\"0 0 24 24\" width=\"11\" height=\"11\" fill=\"none\" stroke=\"currentColor\" stroke-width=\"2.5\"><polyline points=\"20 6 9 17 4 12\"\/><\/svg>\n          100% gratis\n        <\/div>\n      <\/div>\n      <h3 class=\"cta-title\" style=\"color:#153239\">Plantilla gratuita para llevar el control de las bajas en tu empresa<\/h3>\n      <p class=\"cta-desc\">Registra, analiza y controla el absentismo con una plantilla profesional. Detecta patrones y calcula el impacto econ\u00f3mico.<\/p>\n      <a href=\"https:\/\/www.saludonnet.com\/empresas\/blog\/plantilla-bajas-laborales\/\" target=\"_blank\" class=\"cta-btn\">\n        <svg viewBox=\"0 0 24 24\" width=\"14\" height=\"14\" fill=\"none\" stroke=\"currentColor\" stroke-width=\"2\"><path d=\"M21 15v4a2 2 0 01-2 2H5a2 2 0 01-2-2v-4M7 10l5 5 5-5M12 15V3\"\/><\/svg>\n        Descargar plantilla gratis\n      <\/a>\n    <\/div>\n\n    <div class=\"cta-mockup-wrap\">\n      <div class=\"cta-mockup\">\n\n        <div class=\"cta-table-header\">\n          <span>Empleado<\/span>\n          <span>Tipo<\/span>\n          <span class=\"cta-th-right\">D\u00edas<\/span>\n          <span class=\"cta-th-center\">Estado<\/span>\n        <\/div>\n        <div class=\"cta-table-row\">\n          <span class=\"cta-td-name\">Garc\u00eda L\u00f3pez, M.<\/span>\n          <span class=\"cta-td-type\">Enf. CC<\/span>\n          <span class=\"cta-td-days\">12<\/span>\n          <span class=\"cta-td-status cta-status-alta\">Alta<\/span>\n        <\/div>\n        <div class=\"cta-table-row alt\">\n          <span class=\"cta-td-name\">Mart\u00ednez Ruiz, A.<\/span>\n          <span class=\"cta-td-type\">Acc. AT<\/span>\n          <span class=\"cta-td-days warn\">31<\/span>\n          <span class=\"cta-td-status cta-status-curso\">En curso<\/span>\n        <\/div>\n        <div class=\"cta-table-row\">\n          <span class=\"cta-td-name\">S\u00e1nchez Torres, L.<\/span>\n          <span class=\"cta-td-type\">Enf. CC<\/span>\n          <span class=\"cta-td-days\">5<\/span>\n          <span class=\"cta-td-status cta-status-alta\">Alta<\/span>\n        <\/div>\n\n        <div class=\"cta-kpis\">\n          <div class=\"cta-kpi\">\n            <div class=\"cta-kpi-label\">Tasa<\/div>\n            <div class=\"cta-kpi-value blue\">3,8%<\/div>\n          <\/div>\n          <div class=\"cta-kpi\">\n            <div class=\"cta-kpi-label\">Coste<\/div>\n            <div class=\"cta-kpi-value orange\">8.480\u20ac<\/div>\n          <\/div>\n          <div class=\"cta-kpi\">\n            <div class=\"cta-kpi-label\">Activas<\/div>\n            <div class=\"cta-kpi-value teal\">2<\/div>\n          <\/div>\n        <\/div>\n\n        <div class=\"cta-bars\">\n          <div class=\"cta-bar-row\">\n            <span class=\"cta-bar-label\">Oper.<\/span>\n            <div class=\"cta-bar-track\"><div class=\"cta-bar-fill\" style=\"width:82%\"><\/div><\/div>\n            <span class=\"cta-bar-value\">31<\/span>\n          <\/div>\n          <div class=\"cta-bar-row\">\n            <span class=\"cta-bar-label\">Vent.<\/span>\n            <div class=\"cta-bar-track\"><div class=\"cta-bar-fill\" style=\"width:45%\"><\/div><\/div>\n            <span class=\"cta-bar-value\">17<\/span>\n          <\/div>\n          <div class=\"cta-bar-row\">\n            <span class=\"cta-bar-label\">Ing.<\/span>\n            <div class=\"cta-bar-track\"><div class=\"cta-bar-fill\" style=\"width:32%\"><\/div><\/div>\n            <span class=\"cta-bar-value\">12<\/span>\n          <\/div>\n        <\/div>\n\n      <\/div>\n    <\/div>\n  <\/div>\n<\/div>\n\n\n\n<h2 class=\"wp-block-heading\">Las lesiones laborales m\u00e1s comunes en oficina<\/h2>\n\n\n\n<p>Dentro de las causas f\u00edsicas del absentismo, <strong>existe un conjunto de lesiones que se repiten de forma sistem\u00e1tica en entornos administrativos<\/strong>. Son problemas que, aunque puedan parecer menores en fases iniciales, tienen un impacto acumulativo significativo si no se abordan a tiempo.<\/p>\n\n\n\n<h3 class=\"wp-block-heading\">Trastornos musculoesquel\u00e9ticos<\/h3>\n\n\n\n<p>Los trastornos musculoesquel\u00e9ticos <strong>representan la principal causa de baja laboral en oficina<\/strong>. Su origen est\u00e1 en la combinaci\u00f3n de sedentarismo, posturas mantenidas y falta de adaptaci\u00f3n del puesto de trabajo.<\/p>\n\n\n\n<ul class=\"wp-block-list\">\n<li><strong>Dolor lumbar.<\/strong> Se produce por permanecer sentado durante largos periodos sin una postura adecuada o sin apoyo lumbar correcto. Es una de las causas m\u00e1s frecuentes de baja de media duraci\u00f3n y afecta directamente a la concentraci\u00f3n y al rendimiento.<\/li>\n\n\n\n<li><strong>Dolor cervical.<\/strong> Asociado a pantallas mal colocadas o al uso continuado de dispositivos. Genera rigidez, molestias constantes y dificultad para mantener la atenci\u00f3n.<\/li>\n\n\n\n<li><strong>Sobrecarga en hombros.<\/strong> Derivada de una mala ergonom\u00eda o de tensiones acumuladas en entornos exigentes. Puede cronificarse si no se corrige el origen.<\/li>\n<\/ul>\n\n\n\n<p>Estas lesiones no solo generan bajas, sino que reducen el rendimiento incluso cuando el empleado sigue trabajando.<\/p>\n\n\n\n<figure class=\"wp-block-image size-full\"><img loading=\"lazy\" decoding=\"async\" width=\"800\" height=\"400\" src=\"https:\/\/www.saludonnet.com\/empresas\/blog\/wp-content\/uploads\/2026\/04\/Causas-del-absentismo-laboral-2-1.png\" alt=\"\" class=\"wp-image-2872\" srcset=\"https:\/\/www.saludonnet.com\/empresas\/blog\/wp-content\/uploads\/2026\/04\/Causas-del-absentismo-laboral-2-1.png 800w, https:\/\/www.saludonnet.com\/empresas\/blog\/wp-content\/uploads\/2026\/04\/Causas-del-absentismo-laboral-2-1-300x150.png 300w, https:\/\/www.saludonnet.com\/empresas\/blog\/wp-content\/uploads\/2026\/04\/Causas-del-absentismo-laboral-2-1-768x384.png 768w, https:\/\/www.saludonnet.com\/empresas\/blog\/wp-content\/uploads\/2026\/04\/Causas-del-absentismo-laboral-2-1-512x256.png 512w\" sizes=\"auto, (max-width: 800px) 100vw, 800px\" \/><\/figure>\n\n\n\n<h3 class=\"wp-block-heading\">Lesiones por movimientos repetitivos<\/h3>\n\n\n\n<p>El trabajo en oficina implica una repetici\u00f3n constante de movimientos, especialmente en manos y brazos. Este patr\u00f3n genera microlesiones que, con el tiempo, pueden derivar en patolog\u00edas m\u00e1s complejas.<\/p>\n\n\n\n<ul class=\"wp-block-list\">\n<li><strong>S\u00edndrome del t\u00fanel carpiano.<\/strong> Provoca dolor, hormigueo y p\u00e9rdida de fuerza en las manos. En casos avanzados puede requerir tratamiento m\u00e9dico o intervenci\u00f3n.<\/li>\n\n\n\n<li><strong>Tendinitis.<\/strong> Aparece por la repetici\u00f3n constante de movimientos sin descanso adecuado. Afecta a mu\u00f1ecas, antebrazos y codos, limitando la actividad diaria.<\/li>\n<\/ul>\n\n\n\n<p>Estas lesiones comienzan de forma leve, pero pueden cronificarse si no se interviene a tiempo.<\/p>\n\n\n\n<h3 class=\"wp-block-heading\">Fatiga visual y sobrecarga digital<\/h3>\n\n\n\n<p>El uso intensivo de pantallas es uno de los factores m\u00e1s extendidos en el entorno laboral actual. Sin embargo, su impacto sigue siendo infravalorado en muchas organizaciones.<\/p>\n\n\n\n<ul class=\"wp-block-list\">\n<li><strong>Cansancio ocular.<\/strong> La exposici\u00f3n prolongada a pantallas reduce la capacidad de concentraci\u00f3n y aumenta la fatiga.<\/li>\n\n\n\n<li><strong>Dolores de cabeza recurrentes.<\/strong> Asociados a iluminaci\u00f3n inadecuada o uso continuado de dispositivos.<\/li>\n<\/ul>\n\n\n\n<p>Aunque no siempre generan una baja directa, su impacto en la productividad es claro y sostenido.<\/p>\n\n\n\n<h3 class=\"wp-block-heading\">Tensi\u00f3n f\u00edsica derivada del estr\u00e9s<\/h3>\n\n\n\n<p>El estr\u00e9s laboral no solo afecta a nivel psicol\u00f3gico, sino que tiene una manifestaci\u00f3n f\u00edsica clara dentro del entorno de trabajo.<\/p>\n\n\n\n<ul class=\"wp-block-list\">\n<li><strong>Contracturas musculares.<\/strong> Especialmente en cuello y espalda, derivadas de tensi\u00f3n mantenida.<\/li>\n\n\n\n<li><strong>Fatiga generalizada.<\/strong> Reduce la capacidad de trabajo y aumenta el riesgo de otras lesiones.<\/li>\n<\/ul>\n\n\n\n<p>Este factor conecta directamente con problemas como el <strong>burnout<\/strong>, amplificando su impacto.<\/p>\n\n\n\n<h2 class=\"wp-block-heading\">El impacto real en la empresa<\/h2>\n\n\n\n<p>Las lesiones laborales en oficina generan un impacto que muchas organizaciones no est\u00e1n midiendo correctamente. No se trata solo de las bajas, sino de todo lo que ocurre antes.<\/p>\n\n\n\n<ul class=\"wp-block-list\">\n<li><strong>Reducci\u00f3n progresiva de la productividad.<\/strong> El empleado rinde menos durante semanas o meses antes de ausentarse.<\/li>\n\n\n\n<li><strong>Incremento del presentismo.<\/strong> Trabajadores que acuden al puesto sin estar en condiciones \u00f3ptimas.<\/li>\n\n\n\n<li><strong>Aumento de bajas laborales.<\/strong> Especialmente en casos de dolor cr\u00f3nico no tratado.<\/li>\n\n\n\n<li><strong>Sobrecarga del equipo.<\/strong> El resto de los empleados asume parte del trabajo.<\/li>\n<\/ul>\n\n\n\n<p>Este conjunto de factores convierte las lesiones en una de las principales causas econ\u00f3micas del absentismo.<\/p>\n\n\n\n<h2 class=\"wp-block-heading\">Se\u00f1ales que indican un problema antes de la baja<\/h2>\n\n\n\n<p>Las empresas pueden detectar estas situaciones si prestan atenci\u00f3n a determinados indicadores que suelen repetirse dentro de los equipos.<\/p>\n\n\n\n<ul class=\"wp-block-list\">\n<li><strong>Quejas recurrentes de molestias f\u00edsicas.<\/strong> Especialmente en espalda, cuello o mu\u00f1ecas.<\/li>\n\n\n\n<li><strong>Cambios constantes de postura.<\/strong> Indicativo de incomodidad durante la jornada.<\/li>\n\n\n\n<li><strong>Disminuci\u00f3n del rendimiento.<\/strong> Tareas habituales requieren m\u00e1s tiempo.<\/li>\n\n\n\n<li><strong>Fatiga generalizada.<\/strong> Sensaci\u00f3n de cansancio incluso en condiciones normales.<\/li>\n<\/ul>\n\n\n\n<p>Detectar estas se\u00f1ales permite intervenir antes de que el problema sea estructural.<\/p>\n\n\n\n<h2 class=\"wp-block-heading\">Por qu\u00e9 no se consiguen reducir estas causas<\/h2>\n\n\n\n<p>El principal error es abordar el absentismo desde la consecuencia y no desde el origen. Esto genera una gesti\u00f3n reactiva que no resuelve el problema.<\/p>\n\n\n\n<ul class=\"wp-block-list\">\n<li><strong>Se act\u00faa solo cuando aparece la baja.<\/strong> Sin trabajar sobre las causas previas.<\/li>\n\n\n\n<li><strong>Se aplican soluciones puntuales.<\/strong> Sin continuidad ni seguimiento.<\/li>\n\n\n\n<li><strong>No se revisan las condiciones de trabajo.<\/strong> Manteniendo el origen del problema.<\/li>\n<\/ul>\n\n\n\n<p>Las lesiones laborales requieren un enfoque preventivo, no correctivo.<\/p>\n\n\n\n<h2 class=\"wp-block-heading\">C\u00f3mo reducir este tipo de absentismo <\/h2>\n\n\n\n<p>Las empresas que consiguen resultados no aplican medidas aisladas, sino estrategias sostenidas en el tiempo.<\/p>\n\n\n\n<h3 class=\"wp-block-heading\">Ergonom\u00eda como base estructural<\/h3>\n\n\n\n<p>Un puesto de trabajo bien dise\u00f1ado reduce de forma significativa la aparici\u00f3n de lesiones y mejora el bienestar del empleado.<\/p>\n\n\n\n<ul class=\"wp-block-list\">\n<li><strong>Sillas adaptadas correctamente.<\/strong> Permiten mantener una postura adecuada y reducen la presi\u00f3n lumbar.<\/li>\n\n\n\n<li><strong>Pantallas a la altura adecuada.<\/strong> Evitan la flexi\u00f3n del cuello y el dolor cervical.<\/li>\n\n\n\n<li><strong>Distribuci\u00f3n correcta de herramientas.<\/strong> Minimiza tensiones innecesarias.<\/li>\n<\/ul>\n\n\n\n<p>La ergonom\u00eda es una de las inversiones con mayor retorno en t\u00e9rminos de salud y productividad.<\/p>\n\n\n\n<h3 class=\"wp-block-heading\">Introducci\u00f3n de pausas activas<\/h3>\n\n\n\n<p>El cuerpo no est\u00e1 dise\u00f1ado para permanecer inm\u00f3vil durante horas. Introducir movimiento es clave para evitar la acumulaci\u00f3n de tensi\u00f3n.<\/p>\n\n\n\n<ul class=\"wp-block-list\">\n<li><strong>Interrupciones peri\u00f3dicas del trabajo.<\/strong> Levantarse reduce la rigidez muscular.<\/li>\n\n\n\n<li><strong>Estiramientos b\u00e1sicos.<\/strong> Ayudan a liberar tensi\u00f3n acumulada.<\/li>\n<\/ul>\n\n\n\n<p>Son medidas simples, pero con un impacto directo.<\/p>\n\n\n\n<h3 class=\"wp-block-heading\">Formaci\u00f3n en h\u00e1bitos de trabajo<\/h3>\n\n\n\n<p>Muchos problemas no se deben al entorno, sino a c\u00f3mo se utiliza.<\/p>\n\n\n\n<p><strong>Formar a los empleados en higiene postural<\/strong> y uso correcto del puesto reduce significativamente el riesgo de lesiones.<\/p>\n\n\n\n<p><strong>Acceso r\u00e1pido a servicios de salud<\/strong><\/p>\n\n\n\n<p>La rapidez en la intervenci\u00f3n marca la diferencia entre una molestia puntual y una baja laboral.<\/p>\n\n\n\n<p>Cuando una lesi\u00f3n se trata a tiempo, es mucho m\u00e1s f\u00e1cil evitar su evoluci\u00f3n. De la misma forma que una anal\u00edtica permite detectar problemas antes de que sean graves, en la empresa ocurre lo mismo con la salud laboral.<\/p>\n\n\n\n<p>El acceso a fisioterapia, traumatolog\u00eda o rehabilitaci\u00f3n permite actuar antes de que el problema escale.<\/p>\n\n\n\n<h2 class=\"wp-block-heading\">Anticiparse: la clave para reducir el absentismo<\/h2>\n\n\n\n<p>Las lesiones laborales en oficina no son inevitables. En la mayor\u00eda de los casos, son previsibles y evitables si se act\u00faa a tiempo.<\/p>\n\n\n\n<p>Las empresas que trabajan en prevenci\u00f3n consiguen:<\/p>\n\n\n\n<ul class=\"wp-block-list\">\n<li>Reducir costes.<\/li>\n\n\n\n<li>Mejorar la productividad.<\/li>\n\n\n\n<li>Aumentar la estabilidad del equipo.<\/li>\n<\/ul>\n\n\n\n<p>No se trata de reaccionar ante la baja, sino de intervenir en el origen.<\/p>\n\n\n\n<p>En <strong>SaludOnNet<\/strong>, las empresas pueden ofrecer acceso r\u00e1pido a especialistas, pruebas diagn\u00f3sticas y fisioterapia sin esperas, lo que permite detectar y tratar las lesiones en fases iniciales, reduciendo el absentismo y mejorando el rendimiento global del equipo.<\/p>\n","protected":false},"excerpt":{"rendered":"Causas del absentismo laboral: lesiones m\u00e1s comunes en oficina, su impacto en la empresa y c\u00f3mo prevenirlas para reducir bajas.","protected":false},"author":4,"featured_media":2868,"comment_status":"closed","ping_status":"open","sticky":false,"template":"","format":"standard","meta":{"_monsterinsights_skip_tracking":false,"_monsterinsights_sitenote_active":false,"_monsterinsights_sitenote_note":"","_monsterinsights_sitenote_category":0,"csco_display_header_overlay":false,"csco_singular_sidebar":"","csco_page_header_type":"","footnotes":""},"categories":[138],"tags":[],"class_list":{"0":"post-2865","1":"post","2":"type-post","3":"status-publish","4":"format-standard","5":"has-post-thumbnail","7":"category-salud-fisica-y-prevencion","8":"cs-entry"},"yoast_head":"<!-- This site is optimized with the Yoast SEO plugin v27.4 - https:\/\/yoast.com\/product\/yoast-seo-wordpress\/ -->\n<title>Causas del absentismo laboral: lesiones m\u00e1s comunes en oficina<\/title>\n<meta name=\"description\" content=\"Causas del absentismo laboral: lesiones m\u00e1s comunes en oficina, su impacto en la empresa y c\u00f3mo prevenirlas para reducir bajas.\" \/>\n<meta name=\"robots\" content=\"index, follow, max-snippet:-1, max-image-preview:large, max-video-preview:-1\" \/>\n<link rel=\"canonical\" href=\"https:\/\/www.saludonnet.com\/empresas\/blog\/causas-del-absentismo-laboral-lesiones-mas-comunes-en-oficina\/\" \/>\n<meta property=\"og:locale\" content=\"es_ES\" \/>\n<meta property=\"og:type\" content=\"article\" \/>\n<meta property=\"og:title\" content=\"Causas del absentismo laboral: lesiones m\u00e1s comunes en oficina\" \/>\n<meta property=\"og:description\" content=\"Causas del absentismo laboral: lesiones m\u00e1s comunes en oficina, su impacto en la empresa y c\u00f3mo prevenirlas para reducir bajas.\" \/>\n<meta property=\"og:url\" content=\"https:\/\/www.saludonnet.com\/empresas\/blog\/causas-del-absentismo-laboral-lesiones-mas-comunes-en-oficina\/\" \/>\n<meta property=\"og:site_name\" content=\"Blog SaludOnNet Empresas\" \/>\n<meta property=\"article:published_time\" content=\"2026-04-23T07:58:50+00:00\" \/>\n<meta property=\"article:modified_time\" content=\"2026-04-24T10:33:02+00:00\" \/>\n<meta property=\"og:image\" content=\"https:\/\/www.saludonnet.com\/empresas\/blog\/wp-content\/uploads\/2026\/04\/Causas-del-absentismo-laboral-3.png\" \/>\n\t<meta property=\"og:image:width\" content=\"800\" \/>\n\t<meta property=\"og:image:height\" content=\"400\" \/>\n\t<meta property=\"og:image:type\" content=\"image\/png\" \/>\n<meta name=\"author\" content=\"Araceli Rodr\u00edguez\" \/>\n<meta name=\"twitter:card\" content=\"summary_large_image\" \/>\n<meta name=\"twitter:title\" content=\"Causas del absentismo laboral: lesiones m\u00e1s comunes en oficina\" \/>\n<meta name=\"twitter:description\" content=\"Causas del absentismo laboral: lesiones m\u00e1s comunes en oficina, su impacto en la empresa y c\u00f3mo prevenirlas para reducir bajas.\" \/>\n<meta name=\"twitter:image\" content=\"https:\/\/www.saludonnet.com\/empresas\/blog\/wp-content\/uploads\/2026\/04\/Causas-del-absentismo-laboral-3.png\" \/>\n<meta name=\"twitter:label1\" content=\"Escrito por\" \/>\n\t<meta name=\"twitter:data1\" content=\"Araceli Rodr\u00edguez\" \/>\n\t<meta name=\"twitter:label2\" content=\"Tiempo de lectura\" \/>\n\t<meta name=\"twitter:data2\" content=\"7 minutos\" \/>\n<script type=\"application\/ld+json\" class=\"yoast-schema-graph\">{\"@context\":\"https:\\\/\\\/schema.org\",\"@graph\":[{\"@type\":\"Article\",\"@id\":\"https:\\\/\\\/www.saludonnet.com\\\/empresas\\\/blog\\\/causas-del-absentismo-laboral-lesiones-mas-comunes-en-oficina\\\/#article\",\"isPartOf\":{\"@id\":\"https:\\\/\\\/www.saludonnet.com\\\/empresas\\\/blog\\\/causas-del-absentismo-laboral-lesiones-mas-comunes-en-oficina\\\/\"},\"author\":{\"name\":\"Araceli Rodr\u00edguez\",\"@id\":\"https:\\\/\\\/www.saludonnet.com\\\/empresas\\\/blog\\\/#\\\/schema\\\/person\\\/e371375fa0157161de4afd2e66d3874e\"},\"headline\":\"Causas del absentismo laboral: lesiones m\u00e1s comunes en oficina\",\"datePublished\":\"2026-04-23T07:58:50+00:00\",\"dateModified\":\"2026-04-24T10:33:02+00:00\",\"mainEntityOfPage\":{\"@id\":\"https:\\\/\\\/www.saludonnet.com\\\/empresas\\\/blog\\\/causas-del-absentismo-laboral-lesiones-mas-comunes-en-oficina\\\/\"},\"wordCount\":1433,\"publisher\":{\"@id\":\"https:\\\/\\\/www.saludonnet.com\\\/empresas\\\/blog\\\/#organization\"},\"image\":{\"@id\":\"https:\\\/\\\/www.saludonnet.com\\\/empresas\\\/blog\\\/causas-del-absentismo-laboral-lesiones-mas-comunes-en-oficina\\\/#primaryimage\"},\"thumbnailUrl\":\"https:\\\/\\\/www.saludonnet.com\\\/empresas\\\/blog\\\/wp-content\\\/uploads\\\/2026\\\/04\\\/Causas-del-absentismo-laboral-3.png\",\"articleSection\":[\"Salud f\u00edsica y prevenci\u00f3n\"],\"inLanguage\":\"es\"},{\"@type\":\"WebPage\",\"@id\":\"https:\\\/\\\/www.saludonnet.com\\\/empresas\\\/blog\\\/causas-del-absentismo-laboral-lesiones-mas-comunes-en-oficina\\\/\",\"url\":\"https:\\\/\\\/www.saludonnet.com\\\/empresas\\\/blog\\\/causas-del-absentismo-laboral-lesiones-mas-comunes-en-oficina\\\/\",\"name\":\"Causas del absentismo laboral: lesiones m\u00e1s comunes en oficina\",\"isPartOf\":{\"@id\":\"https:\\\/\\\/www.saludonnet.com\\\/empresas\\\/blog\\\/#website\"},\"primaryImageOfPage\":{\"@id\":\"https:\\\/\\\/www.saludonnet.com\\\/empresas\\\/blog\\\/causas-del-absentismo-laboral-lesiones-mas-comunes-en-oficina\\\/#primaryimage\"},\"image\":{\"@id\":\"https:\\\/\\\/www.saludonnet.com\\\/empresas\\\/blog\\\/causas-del-absentismo-laboral-lesiones-mas-comunes-en-oficina\\\/#primaryimage\"},\"thumbnailUrl\":\"https:\\\/\\\/www.saludonnet.com\\\/empresas\\\/blog\\\/wp-content\\\/uploads\\\/2026\\\/04\\\/Causas-del-absentismo-laboral-3.png\",\"datePublished\":\"2026-04-23T07:58:50+00:00\",\"dateModified\":\"2026-04-24T10:33:02+00:00\",\"description\":\"Causas del absentismo laboral: lesiones m\u00e1s comunes en oficina, su impacto en la empresa y c\u00f3mo prevenirlas para reducir bajas.\",\"breadcrumb\":{\"@id\":\"https:\\\/\\\/www.saludonnet.com\\\/empresas\\\/blog\\\/causas-del-absentismo-laboral-lesiones-mas-comunes-en-oficina\\\/#breadcrumb\"},\"inLanguage\":\"es\",\"potentialAction\":[{\"@type\":\"ReadAction\",\"target\":[\"https:\\\/\\\/www.saludonnet.com\\\/empresas\\\/blog\\\/causas-del-absentismo-laboral-lesiones-mas-comunes-en-oficina\\\/\"]}]},{\"@type\":\"ImageObject\",\"inLanguage\":\"es\",\"@id\":\"https:\\\/\\\/www.saludonnet.com\\\/empresas\\\/blog\\\/causas-del-absentismo-laboral-lesiones-mas-comunes-en-oficina\\\/#primaryimage\",\"url\":\"https:\\\/\\\/www.saludonnet.com\\\/empresas\\\/blog\\\/wp-content\\\/uploads\\\/2026\\\/04\\\/Causas-del-absentismo-laboral-3.png\",\"contentUrl\":\"https:\\\/\\\/www.saludonnet.com\\\/empresas\\\/blog\\\/wp-content\\\/uploads\\\/2026\\\/04\\\/Causas-del-absentismo-laboral-3.png\",\"width\":800,\"height\":400,\"caption\":\"causas absentismo\"},{\"@type\":\"BreadcrumbList\",\"@id\":\"https:\\\/\\\/www.saludonnet.com\\\/empresas\\\/blog\\\/causas-del-absentismo-laboral-lesiones-mas-comunes-en-oficina\\\/#breadcrumb\",\"itemListElement\":[{\"@type\":\"ListItem\",\"position\":1,\"name\":\"Portada\",\"item\":\"https:\\\/\\\/www.saludonnet.com\\\/empresas\\\/blog\\\/\"},{\"@type\":\"ListItem\",\"position\":2,\"name\":\"Causas del absentismo laboral: lesiones m\u00e1s comunes en oficina\"}]},{\"@type\":\"WebSite\",\"@id\":\"https:\\\/\\\/www.saludonnet.com\\\/empresas\\\/blog\\\/#website\",\"url\":\"https:\\\/\\\/www.saludonnet.com\\\/empresas\\\/blog\\\/\",\"name\":\"Blog SaludOnNet Empresas\",\"description\":\"\",\"publisher\":{\"@id\":\"https:\\\/\\\/www.saludonnet.com\\\/empresas\\\/blog\\\/#organization\"},\"potentialAction\":[{\"@type\":\"SearchAction\",\"target\":{\"@type\":\"EntryPoint\",\"urlTemplate\":\"https:\\\/\\\/www.saludonnet.com\\\/empresas\\\/blog\\\/?s={search_term_string}\"},\"query-input\":{\"@type\":\"PropertyValueSpecification\",\"valueRequired\":true,\"valueName\":\"search_term_string\"}}],\"inLanguage\":\"es\"},{\"@type\":\"Organization\",\"@id\":\"https:\\\/\\\/www.saludonnet.com\\\/empresas\\\/blog\\\/#organization\",\"name\":\"Blog SaludOnNet Empresas\",\"url\":\"https:\\\/\\\/www.saludonnet.com\\\/empresas\\\/blog\\\/\",\"logo\":{\"@type\":\"ImageObject\",\"inLanguage\":\"es\",\"@id\":\"https:\\\/\\\/www.saludonnet.com\\\/empresas\\\/blog\\\/#\\\/schema\\\/logo\\\/image\\\/\",\"url\":\"https:\\\/\\\/www.saludonnet.com\\\/empresas\\\/blog\\\/wp-content\\\/uploads\\\/2026\\\/03\\\/son-logo.png\",\"contentUrl\":\"https:\\\/\\\/www.saludonnet.com\\\/empresas\\\/blog\\\/wp-content\\\/uploads\\\/2026\\\/03\\\/son-logo.png\",\"width\":1140,\"height\":384,\"caption\":\"Blog SaludOnNet Empresas\"},\"image\":{\"@id\":\"https:\\\/\\\/www.saludonnet.com\\\/empresas\\\/blog\\\/#\\\/schema\\\/logo\\\/image\\\/\"}},{\"@type\":\"Person\",\"@id\":\"https:\\\/\\\/www.saludonnet.com\\\/empresas\\\/blog\\\/#\\\/schema\\\/person\\\/e371375fa0157161de4afd2e66d3874e\",\"name\":\"Araceli Rodr\u00edguez\",\"image\":{\"@type\":\"ImageObject\",\"inLanguage\":\"es\",\"@id\":\"https:\\\/\\\/www.saludonnet.com\\\/empresas\\\/blog\\\/wp-content\\\/uploads\\\/2026\\\/04\\\/cropped-Foto-araceli-96x96.jpg\",\"url\":\"https:\\\/\\\/www.saludonnet.com\\\/empresas\\\/blog\\\/wp-content\\\/uploads\\\/2026\\\/04\\\/cropped-Foto-araceli-96x96.jpg\",\"contentUrl\":\"https:\\\/\\\/www.saludonnet.com\\\/empresas\\\/blog\\\/wp-content\\\/uploads\\\/2026\\\/04\\\/cropped-Foto-araceli-96x96.jpg\",\"caption\":\"Araceli Rodr\u00edguez\"},\"url\":\"https:\\\/\\\/www.saludonnet.com\\\/empresas\\\/blog\\\/author\\\/araceli\\\/\"}]}<\/script>\n<!-- \/ Yoast SEO plugin. -->","yoast_head_json":{"title":"Causas del absentismo laboral: lesiones m\u00e1s comunes en oficina","description":"Causas del absentismo laboral: lesiones m\u00e1s comunes en oficina, su impacto en la empresa y c\u00f3mo prevenirlas para reducir bajas.","robots":{"index":"index","follow":"follow","max-snippet":"max-snippet:-1","max-image-preview":"max-image-preview:large","max-video-preview":"max-video-preview:-1"},"canonical":"https:\/\/www.saludonnet.com\/empresas\/blog\/causas-del-absentismo-laboral-lesiones-mas-comunes-en-oficina\/","og_locale":"es_ES","og_type":"article","og_title":"Causas del absentismo laboral: lesiones m\u00e1s comunes en oficina","og_description":"Causas del absentismo laboral: lesiones m\u00e1s comunes en oficina, su impacto en la empresa y c\u00f3mo prevenirlas para reducir bajas.","og_url":"https:\/\/www.saludonnet.com\/empresas\/blog\/causas-del-absentismo-laboral-lesiones-mas-comunes-en-oficina\/","og_site_name":"Blog SaludOnNet Empresas","article_published_time":"2026-04-23T07:58:50+00:00","article_modified_time":"2026-04-24T10:33:02+00:00","og_image":[{"width":800,"height":400,"url":"https:\/\/www.saludonnet.com\/empresas\/blog\/wp-content\/uploads\/2026\/04\/Causas-del-absentismo-laboral-3.png","type":"image\/png"}],"author":"Araceli Rodr\u00edguez","twitter_card":"summary_large_image","twitter_title":"Causas del absentismo laboral: lesiones m\u00e1s comunes en oficina","twitter_description":"Causas del absentismo laboral: lesiones m\u00e1s comunes en oficina, su impacto en la empresa y c\u00f3mo prevenirlas para reducir bajas.","twitter_image":"https:\/\/www.saludonnet.com\/empresas\/blog\/wp-content\/uploads\/2026\/04\/Causas-del-absentismo-laboral-3.png","twitter_misc":{"Escrito por":"Araceli Rodr\u00edguez","Tiempo de lectura":"7 minutos"},"schema":{"@context":"https:\/\/schema.org","@graph":[{"@type":"Article","@id":"https:\/\/www.saludonnet.com\/empresas\/blog\/causas-del-absentismo-laboral-lesiones-mas-comunes-en-oficina\/#article","isPartOf":{"@id":"https:\/\/www.saludonnet.com\/empresas\/blog\/causas-del-absentismo-laboral-lesiones-mas-comunes-en-oficina\/"},"author":{"name":"Araceli Rodr\u00edguez","@id":"https:\/\/www.saludonnet.com\/empresas\/blog\/#\/schema\/person\/e371375fa0157161de4afd2e66d3874e"},"headline":"Causas del absentismo laboral: lesiones m\u00e1s comunes en oficina","datePublished":"2026-04-23T07:58:50+00:00","dateModified":"2026-04-24T10:33:02+00:00","mainEntityOfPage":{"@id":"https:\/\/www.saludonnet.com\/empresas\/blog\/causas-del-absentismo-laboral-lesiones-mas-comunes-en-oficina\/"},"wordCount":1433,"publisher":{"@id":"https:\/\/www.saludonnet.com\/empresas\/blog\/#organization"},"image":{"@id":"https:\/\/www.saludonnet.com\/empresas\/blog\/causas-del-absentismo-laboral-lesiones-mas-comunes-en-oficina\/#primaryimage"},"thumbnailUrl":"https:\/\/www.saludonnet.com\/empresas\/blog\/wp-content\/uploads\/2026\/04\/Causas-del-absentismo-laboral-3.png","articleSection":["Salud f\u00edsica y prevenci\u00f3n"],"inLanguage":"es"},{"@type":"WebPage","@id":"https:\/\/www.saludonnet.com\/empresas\/blog\/causas-del-absentismo-laboral-lesiones-mas-comunes-en-oficina\/","url":"https:\/\/www.saludonnet.com\/empresas\/blog\/causas-del-absentismo-laboral-lesiones-mas-comunes-en-oficina\/","name":"Causas del absentismo laboral: lesiones m\u00e1s comunes en oficina","isPartOf":{"@id":"https:\/\/www.saludonnet.com\/empresas\/blog\/#website"},"primaryImageOfPage":{"@id":"https:\/\/www.saludonnet.com\/empresas\/blog\/causas-del-absentismo-laboral-lesiones-mas-comunes-en-oficina\/#primaryimage"},"image":{"@id":"https:\/\/www.saludonnet.com\/empresas\/blog\/causas-del-absentismo-laboral-lesiones-mas-comunes-en-oficina\/#primaryimage"},"thumbnailUrl":"https:\/\/www.saludonnet.com\/empresas\/blog\/wp-content\/uploads\/2026\/04\/Causas-del-absentismo-laboral-3.png","datePublished":"2026-04-23T07:58:50+00:00","dateModified":"2026-04-24T10:33:02+00:00","description":"Causas del absentismo laboral: lesiones m\u00e1s comunes en oficina, su impacto en la empresa y c\u00f3mo prevenirlas para reducir bajas.","breadcrumb":{"@id":"https:\/\/www.saludonnet.com\/empresas\/blog\/causas-del-absentismo-laboral-lesiones-mas-comunes-en-oficina\/#breadcrumb"},"inLanguage":"es","potentialAction":[{"@type":"ReadAction","target":["https:\/\/www.saludonnet.com\/empresas\/blog\/causas-del-absentismo-laboral-lesiones-mas-comunes-en-oficina\/"]}]},{"@type":"ImageObject","inLanguage":"es","@id":"https:\/\/www.saludonnet.com\/empresas\/blog\/causas-del-absentismo-laboral-lesiones-mas-comunes-en-oficina\/#primaryimage","url":"https:\/\/www.saludonnet.com\/empresas\/blog\/wp-content\/uploads\/2026\/04\/Causas-del-absentismo-laboral-3.png","contentUrl":"https:\/\/www.saludonnet.com\/empresas\/blog\/wp-content\/uploads\/2026\/04\/Causas-del-absentismo-laboral-3.png","width":800,"height":400,"caption":"causas absentismo"},{"@type":"BreadcrumbList","@id":"https:\/\/www.saludonnet.com\/empresas\/blog\/causas-del-absentismo-laboral-lesiones-mas-comunes-en-oficina\/#breadcrumb","itemListElement":[{"@type":"ListItem","position":1,"name":"Portada","item":"https:\/\/www.saludonnet.com\/empresas\/blog\/"},{"@type":"ListItem","position":2,"name":"Causas del absentismo laboral: lesiones m\u00e1s comunes en oficina"}]},{"@type":"WebSite","@id":"https:\/\/www.saludonnet.com\/empresas\/blog\/#website","url":"https:\/\/www.saludonnet.com\/empresas\/blog\/","name":"Blog SaludOnNet Empresas","description":"","publisher":{"@id":"https:\/\/www.saludonnet.com\/empresas\/blog\/#organization"},"potentialAction":[{"@type":"SearchAction","target":{"@type":"EntryPoint","urlTemplate":"https:\/\/www.saludonnet.com\/empresas\/blog\/?s={search_term_string}"},"query-input":{"@type":"PropertyValueSpecification","valueRequired":true,"valueName":"search_term_string"}}],"inLanguage":"es"},{"@type":"Organization","@id":"https:\/\/www.saludonnet.com\/empresas\/blog\/#organization","name":"Blog SaludOnNet Empresas","url":"https:\/\/www.saludonnet.com\/empresas\/blog\/","logo":{"@type":"ImageObject","inLanguage":"es","@id":"https:\/\/www.saludonnet.com\/empresas\/blog\/#\/schema\/logo\/image\/","url":"https:\/\/www.saludonnet.com\/empresas\/blog\/wp-content\/uploads\/2026\/03\/son-logo.png","contentUrl":"https:\/\/www.saludonnet.com\/empresas\/blog\/wp-content\/uploads\/2026\/03\/son-logo.png","width":1140,"height":384,"caption":"Blog SaludOnNet Empresas"},"image":{"@id":"https:\/\/www.saludonnet.com\/empresas\/blog\/#\/schema\/logo\/image\/"}},{"@type":"Person","@id":"https:\/\/www.saludonnet.com\/empresas\/blog\/#\/schema\/person\/e371375fa0157161de4afd2e66d3874e","name":"Araceli Rodr\u00edguez","image":{"@type":"ImageObject","inLanguage":"es","@id":"https:\/\/www.saludonnet.com\/empresas\/blog\/wp-content\/uploads\/2026\/04\/cropped-Foto-araceli-96x96.jpg","url":"https:\/\/www.saludonnet.com\/empresas\/blog\/wp-content\/uploads\/2026\/04\/cropped-Foto-araceli-96x96.jpg","contentUrl":"https:\/\/www.saludonnet.com\/empresas\/blog\/wp-content\/uploads\/2026\/04\/cropped-Foto-araceli-96x96.jpg","caption":"Araceli Rodr\u00edguez"},"url":"https:\/\/www.saludonnet.com\/empresas\/blog\/author\/araceli\/"}]}},"_links":{"self":[{"href":"https:\/\/www.saludonnet.com\/empresas\/blog\/wp-json\/wp\/v2\/posts\/2865","targetHints":{"allow":["GET"]}}],"collection":[{"href":"https:\/\/www.saludonnet.com\/empresas\/blog\/wp-json\/wp\/v2\/posts"}],"about":[{"href":"https:\/\/www.saludonnet.com\/empresas\/blog\/wp-json\/wp\/v2\/types\/post"}],"author":[{"embeddable":true,"href":"https:\/\/www.saludonnet.com\/empresas\/blog\/wp-json\/wp\/v2\/users\/4"}],"replies":[{"embeddable":true,"href":"https:\/\/www.saludonnet.com\/empresas\/blog\/wp-json\/wp\/v2\/comments?post=2865"}],"version-history":[{"count":12,"href":"https:\/\/www.saludonnet.com\/empresas\/blog\/wp-json\/wp\/v2\/posts\/2865\/revisions"}],"predecessor-version":[{"id":2908,"href":"https:\/\/www.saludonnet.com\/empresas\/blog\/wp-json\/wp\/v2\/posts\/2865\/revisions\/2908"}],"wp:featuredmedia":[{"embeddable":true,"href":"https:\/\/www.saludonnet.com\/empresas\/blog\/wp-json\/wp\/v2\/media\/2868"}],"wp:attachment":[{"href":"https:\/\/www.saludonnet.com\/empresas\/blog\/wp-json\/wp\/v2\/media?parent=2865"}],"wp:term":[{"taxonomy":"category","embeddable":true,"href":"https:\/\/www.saludonnet.com\/empresas\/blog\/wp-json\/wp\/v2\/categories?post=2865"},{"taxonomy":"post_tag","embeddable":true,"href":"https:\/\/www.saludonnet.com\/empresas\/blog\/wp-json\/wp\/v2\/tags?post=2865"}],"curies":[{"name":"wp","href":"https:\/\/api.w.org\/{rel}","templated":true}]}}