{"id":2811,"date":"2026-04-17T09:19:00","date_gmt":"2026-04-17T07:19:00","guid":{"rendered":"https:\/\/www.saludonnet.com\/empresas\/blog\/?p=2811"},"modified":"2026-04-17T09:45:56","modified_gmt":"2026-04-17T07:45:56","slug":"impacto-economico-del-estres-laboral-en-las-empresas","status":"publish","type":"post","link":"https:\/\/www.saludonnet.com\/empresas\/blog\/impacto-economico-del-estres-laboral-en-las-empresas\/","title":{"rendered":"Impacto econ\u00f3mico del estr\u00e9s laboral en las empresas"},"content":{"rendered":"\n<p>El estr\u00e9s laboral ya no puede entenderse como una cuesti\u00f3n individual o puntual dentro de la empresa. En la pr\u00e1ctica, <strong>es uno de los factores que m\u00e1s condiciona <\/strong>la productividad, la estabilidad de los equipos y los resultados econ\u00f3micos de una organizaci\u00f3n.<\/p>\n\n\n\n<p>Durante a\u00f1os, muchas compa\u00f1\u00edas han abordado el estr\u00e9s como un problema blando, dif\u00edcil de medir y ajeno al negocio. Sin embargo, la realidad es otra: el estr\u00e9s tiene un impacto directo en la eficiencia operativa, en la calidad del trabajo y en la capacidad de una empresa para mantener su ritmo de crecimiento.<\/p>\n\n\n\n<p>Cuando no se gestiona adecuadamente, el estr\u00e9s laboral genera una cadena de efectos que terminan reflej\u00e1ndose en la cuenta de resultados. No siempre de forma inmediata, pero s\u00ed de manera progresiva y acumulativa.<\/p>\n\n\n\n<p>Entender la relaci\u00f3n entre <strong><a href=\"https:\/\/www.saludonnet.com\/empresas\/blog\/estres-laboral-sintomas-y-como-detectarlo-antes-de-una-baja\/\">estr\u00e9s laboral<\/a> y productividad de la empresa<\/strong> es clave para cualquier directivo o responsable de recursos humanos que quiera tomar decisiones con impacto real.<\/p>\n\n\n<style>\n@import url('https:\/\/fonts.googleapis.com\/css2?family=DM+Sans:wght@400;500;700&display=swap');\n.cta-wrap * { margin: 0; padding: 0; box-sizing: border-box; }\n.cta-wrap { font-family: 'DM Sans', var(--font-sans); width: 100%; }\n\n.cta-box {\n  background: linear-gradient(135deg, #E8F6FD 0%, #F0FAFF 100%);\n  border-radius: 16px;\n  padding: 28px;\n  display: grid;\n  grid-template-columns: minmax(0, 1fr) minmax(260px, 320px);\n  gap: 32px;\n  align-items: center;\n  position: relative;\n  overflow: hidden;\n  border: 0.5px solid rgba(0, 158, 224, 0.15);\n}\n\n.cta-circle-1 {\n  position: absolute;\n  right: -40px;\n  top: -40px;\n  width: 160px;\n  height: 160px;\n  border-radius: 50%;\n  background: rgba(0, 158, 224, 0.08);\n}\n.cta-circle-2 {\n  position: absolute;\n  right: 60px;\n  bottom: -50px;\n  width: 100px;\n  height: 100px;\n  border-radius: 50%;\n  background: rgba(8, 206, 202, 0.06);\n}\n\n.cta-content { position: relative; z-index: 1; }\n\n.cta-badges {\n  display: flex;\n  gap: 6px;\n  margin-bottom: 12px;\n  flex-wrap: wrap;\n}\n.cta-badge {\n  display: inline-flex;\n  align-items: center;\n  gap: 4px;\n  font-size: 11px;\n  font-weight: 500;\n  padding: 4px 10px;\n  border-radius: 12px;\n}\n.cta-badge-blue { color: #009EE0; background: rgba(0, 158, 224, 0.12); }\n.cta-badge-teal { color: #06A09E; background: rgba(8, 206, 202, 0.15); }\n\n.cta-wrap h3.cta-title,\n.cta-wrap .cta-title {\n  font-size: clamp(22px, 2.2vw, 25px);\n  font-weight: 700;\n  color: #153239 !important;\n  line-height: 1.2;\n  margin-top: 15px;\n  margin-bottom: 8px;\n}\n.cta-desc {\n  font-size: 15px;\n  color: #5A6B73;\n  line-height: 1.55;\n  margin-bottom: 16px;\n}\n.cta-btn {\n  display: inline-flex;\n  align-items: center;\n  gap: 8px;\n  font-size: 16px;\n  font-weight: 500;\n  color: #fff;\n  background: #009EE0;\n  padding: 12px 22px;\n  border-radius: 8px;\n  text-decoration: none;\n  transition: background 0.2s ease;\n}\n.cta-btn:hover { background: #0088c2; }\n\n.cta-mockup-wrap { position: relative; z-index: 1; width: 100%; }\n.cta-mockup {\n  background: #0F2741;\n  border-radius: 10px;\n  padding: 12px 10px;\n  box-shadow: 0 14px 40px rgba(0, 40, 80, 0.35);\n  border: 0.5px solid rgba(255, 255, 255, 0.08);\n  width: 100%;\n}\n\n.cta-table-header,\n.cta-table-row {\n  display: grid;\n  grid-template-columns: minmax(0, 1fr) 50px 30px 48px;\n  gap: 3px;\n  padding: 4px 6px;\n  align-items: center;\n}\n.cta-table-header {\n  background: #009EE0;\n  border-radius: 3px;\n  margin-bottom: 1px;\n}\n.cta-table-header span { font-size: 7px; font-weight: 500; color: #fff; }\n.cta-th-right { text-align: right; }\n.cta-th-center { text-align: center; }\n\n.cta-table-row { border-bottom: 0.5px solid rgba(255, 255, 255, 0.05); }\n.cta-table-row.alt { background: rgba(255, 255, 255, 0.02); }\n.cta-td-name { font-size: 7px; color: rgba(255, 255, 255, 0.85); overflow: hidden; text-overflow: ellipsis; white-space: nowrap; }\n.cta-td-type { font-size: 7px; color: rgba(255, 255, 255, 0.5); }\n.cta-td-days { font-size: 7px; font-weight: 500; color: #fff; text-align: right; }\n.cta-td-days.warn { color: #F09595; }\n.cta-td-status {\n  font-size: 6px;\n  padding: 2px 5px;\n  border-radius: 6px;\n  text-align: center;\n}\n.cta-status-alta { color: #08CECA; background: rgba(8, 206, 202, 0.15); }\n.cta-status-curso { color: #E8A85C; background: rgba(232, 168, 92, 0.15); }\n\n.cta-kpis {\n  display: grid;\n  grid-template-columns: 1fr 1fr 1fr;\n  gap: 5px;\n  margin-top: 8px;\n  margin-bottom: 8px;\n}\n.cta-kpi {\n  background: rgba(255, 255, 255, 0.05);\n  border-radius: 5px;\n  padding: 6px 5px;\n  border: 0.5px solid rgba(255, 255, 255, 0.08);\n}\n.cta-kpi-label {\n  font-size: 6px;\n  color: rgba(255, 255, 255, 0.5);\n  text-transform: uppercase;\n  letter-spacing: 0.3px;\n  margin-bottom: 1px;\n}\n.cta-kpi-value { font-size: 13px; font-weight: 700; line-height: 1; }\n.cta-kpi-value.blue { color: #009EE0; }\n.cta-kpi-value.orange { color: #E8A85C; }\n.cta-kpi-value.teal { color: #08CECA; }\n\n.cta-bars { display: flex; flex-direction: column; gap: 3px; }\n.cta-bar-row { display: flex; align-items: center; gap: 4px; }\n.cta-bar-label { font-size: 6px; color: rgba(255, 255, 255, 0.5); width: 22px; text-align: right; }\n.cta-bar-track { flex: 1; height: 5px; background: rgba(255, 255, 255, 0.08); border-radius: 3px; overflow: hidden; }\n.cta-bar-fill { height: 100%; background: linear-gradient(90deg, #009EE0, #08CECA); border-radius: 3px; }\n.cta-bar-value { font-size: 7px; font-weight: 500; color: #fff; width: 14px; }\n\n\/* TABLET \/ M\u00d3VIL - una columna, mockup arriba *\/\n@media (max-width: 860px) {\n  .cta-box {\n    grid-template-columns: 1fr;\n    gap: 24px;\n    padding: 28px;\n  }\n  .cta-mockup-wrap {\n    max-width: 420px;\n    margin: 0 auto;\n    order: 1;\n  }\n  .cta-content {\n    order: 2;\n  }\n}\n\n\/* M\u00d3VIL *\/\n@media (max-width: 560px) {\n  .cta-box {\n    padding: 22px 18px;\n    border-radius: 14px;\n    gap: 20px;\n  }\n  .cta-circle-1 {\n    width: 120px;\n    height: 120px;\n    right: -30px;\n    top: -30px;\n  }\n  .cta-circle-2 {\n    width: 80px;\n    height: 80px;\n    right: 30px;\n    bottom: -40px;\n  }\n  .cta-wrap h3.cta-title,\n  .cta-wrap .cta-title { font-size: 19px; }\n  .cta-desc { font-size: 13px; }\n  .cta-btn {\n    font-size: 13px;\n    padding: 11px 20px;\n    width: 100%;\n    justify-content: center;\n  }\n  .cta-mockup {\n    padding: 14px 12px;\n  }\n  .cta-table-header,\n  .cta-table-row {\n    grid-template-columns: minmax(0, 1fr) 55px 32px 52px;\n    padding: 6px 8px;\n    gap: 4px;\n  }\n  .cta-table-header span,\n  .cta-td-name,\n  .cta-td-type,\n  .cta-td-days { font-size: 9px; }\n  .cta-td-status { font-size: 8px; padding: 3px 6px; }\n  .cta-kpi { padding: 8px 7px; }\n  .cta-kpi-label { font-size: 8px; }\n  .cta-kpi-value { font-size: 15px; }\n  .cta-bar-label { font-size: 8px; width: 28px; }\n  .cta-bar-track { height: 6px; }\n  .cta-bar-value { font-size: 9px; width: 18px; }\n}\n<\/style>\n\n<div class=\"cta-wrap\">\n  <div class=\"cta-box\">\n    <div class=\"cta-circle-1\"><\/div>\n    <div class=\"cta-circle-2\"><\/div>\n\n    <div class=\"cta-content\">\n      <div class=\"cta-badges\">\n        <div class=\"cta-badge cta-badge-blue\">\n          <svg viewBox=\"0 0 24 24\" width=\"11\" height=\"11\" fill=\"none\" stroke=\"currentColor\" stroke-width=\"2\"><rect x=\"3\" y=\"3\" width=\"18\" height=\"18\" rx=\"2\"\/><line x1=\"3\" y1=\"9\" x2=\"21\" y2=\"9\"\/><line x1=\"9\" y1=\"21\" x2=\"9\" y2=\"9\"\/><\/svg>\n          Plantilla Excel\n        <\/div>\n        <div class=\"cta-badge cta-badge-teal\">\n          <svg viewBox=\"0 0 24 24\" width=\"11\" height=\"11\" fill=\"none\" stroke=\"currentColor\" stroke-width=\"2.5\"><polyline points=\"20 6 9 17 4 12\"\/><\/svg>\n          100% gratis\n        <\/div>\n      <\/div>\n      <h3 class=\"cta-title\" style=\"color:#153239\">Plantilla gratuita para llevar el control de las bajas en tu empresa<\/h3>\n      <p class=\"cta-desc\">Registra, analiza y controla el absentismo con una plantilla profesional. Detecta patrones y calcula el impacto econ\u00f3mico.<\/p>\n      <a href=\"https:\/\/www.saludonnet.com\/empresas\/blog\/plantilla-bajas-laborales\/\" target=\"_blank\" class=\"cta-btn\">\n        <svg viewBox=\"0 0 24 24\" width=\"14\" height=\"14\" fill=\"none\" stroke=\"currentColor\" stroke-width=\"2\"><path d=\"M21 15v4a2 2 0 01-2 2H5a2 2 0 01-2-2v-4M7 10l5 5 5-5M12 15V3\"\/><\/svg>\n        Descargar plantilla gratis\n      <\/a>\n    <\/div>\n\n    <div class=\"cta-mockup-wrap\">\n      <div class=\"cta-mockup\">\n\n        <div class=\"cta-table-header\">\n          <span>Empleado<\/span>\n          <span>Tipo<\/span>\n          <span class=\"cta-th-right\">D\u00edas<\/span>\n          <span class=\"cta-th-center\">Estado<\/span>\n        <\/div>\n        <div class=\"cta-table-row\">\n          <span class=\"cta-td-name\">Garc\u00eda L\u00f3pez, M.<\/span>\n          <span class=\"cta-td-type\">Enf. CC<\/span>\n          <span class=\"cta-td-days\">12<\/span>\n          <span class=\"cta-td-status cta-status-alta\">Alta<\/span>\n        <\/div>\n        <div class=\"cta-table-row alt\">\n          <span class=\"cta-td-name\">Mart\u00ednez Ruiz, A.<\/span>\n          <span class=\"cta-td-type\">Acc. AT<\/span>\n          <span class=\"cta-td-days warn\">31<\/span>\n          <span class=\"cta-td-status cta-status-curso\">En curso<\/span>\n        <\/div>\n        <div class=\"cta-table-row\">\n          <span class=\"cta-td-name\">S\u00e1nchez Torres, L.<\/span>\n          <span class=\"cta-td-type\">Enf. CC<\/span>\n          <span class=\"cta-td-days\">5<\/span>\n          <span class=\"cta-td-status cta-status-alta\">Alta<\/span>\n        <\/div>\n\n        <div class=\"cta-kpis\">\n          <div class=\"cta-kpi\">\n            <div class=\"cta-kpi-label\">Tasa<\/div>\n            <div class=\"cta-kpi-value blue\">3,8%<\/div>\n          <\/div>\n          <div class=\"cta-kpi\">\n            <div class=\"cta-kpi-label\">Coste<\/div>\n            <div class=\"cta-kpi-value orange\">8.480\u20ac<\/div>\n          <\/div>\n          <div class=\"cta-kpi\">\n            <div class=\"cta-kpi-label\">Activas<\/div>\n            <div class=\"cta-kpi-value teal\">2<\/div>\n          <\/div>\n        <\/div>\n\n        <div class=\"cta-bars\">\n          <div class=\"cta-bar-row\">\n            <span class=\"cta-bar-label\">Oper.<\/span>\n            <div class=\"cta-bar-track\"><div class=\"cta-bar-fill\" style=\"width:82%\"><\/div><\/div>\n            <span class=\"cta-bar-value\">31<\/span>\n          <\/div>\n          <div class=\"cta-bar-row\">\n            <span class=\"cta-bar-label\">Vent.<\/span>\n            <div class=\"cta-bar-track\"><div class=\"cta-bar-fill\" style=\"width:45%\"><\/div><\/div>\n            <span class=\"cta-bar-value\">17<\/span>\n          <\/div>\n          <div class=\"cta-bar-row\">\n            <span class=\"cta-bar-label\">Ing.<\/span>\n            <div class=\"cta-bar-track\"><div class=\"cta-bar-fill\" style=\"width:32%\"><\/div><\/div>\n            <span class=\"cta-bar-value\">12<\/span>\n          <\/div>\n        <\/div>\n\n      <\/div>\n    <\/div>\n  <\/div>\n<\/div>\n\n\n<h2 class=\"wp-block-heading\">Qu\u00e9 est\u00e1 provocando el aumento del estr\u00e9s laboral<\/h2>\n\n\n\n<p>El incremento del estr\u00e9s en las empresas no es casual. Responde a cambios estructurales en la forma de trabajar.<\/p>\n\n\n\n<p>En primer lugar, <strong>la presi\u00f3n por resultados ha aumentado<\/strong> de forma significativa. Muchas organizaciones operan con m\u00e1rgenes m\u00e1s ajustados, objetivos m\u00e1s exigentes y menor tolerancia al error. Esto genera una sensaci\u00f3n constante de urgencia en los equipos.<\/p>\n\n\n\n<p>A esto se suma <strong>la digitalizaci\u00f3n<\/strong>. La tecnolog\u00eda ha mejorado la eficiencia, pero tambi\u00e9n ha eliminado los l\u00edmites claros entre trabajo y descanso. La disponibilidad permanente dificulta la desconexi\u00f3n real.<\/p>\n\n\n\n<p>Adem\u00e1s, <strong>los modelos de trabajo h\u00edbridos o cambiantes<\/strong> han introducido nuevos retos: menor cohesi\u00f3n de equipo, dificultades de comunicaci\u00f3n o sensaci\u00f3n de aislamiento en algunos casos.<\/p>\n\n\n\n<p>Por \u00faltimo, existe un factor clave que muchas empresas subestiman: <strong>la mala planificaci\u00f3n<\/strong>. Equipos mal dimensionados o con cargas de trabajo poco realistas generan un estr\u00e9s estructural que no desaparece con el tiempo.<\/p>\n\n\n\n<h2 class=\"wp-block-heading\">C\u00f3mo el estr\u00e9s laboral reduce la productividad de forma real<\/h2>\n\n\n\n<p>El impacto del estr\u00e9s en la productividad no siempre es evidente en el corto plazo. De hecho, uno de los errores m\u00e1s comunes es pensar que un equipo estresado rinde m\u00e1s. A corto plazo, puede parecer as\u00ed. A medio plazo, ocurre lo contrario.<\/p>\n\n\n\n<p>El estr\u00e9s sostenido afecta a la capacidad cognitiva del empleado, a su energ\u00eda y a su motivaci\u00f3n. Esto se traduce en:<\/p>\n\n\n\n<ul class=\"wp-block-list\">\n<li><strong>Deterioro progresivo de la concentraci\u00f3n.<\/strong> El trabajador tiene m\u00e1s dificultades para mantener la atenci\u00f3n en tareas complejas, lo que alarga los tiempos de ejecuci\u00f3n y reduce la eficiencia real del trabajo.<\/li>\n\n\n\n<li><strong>Aumento de errores operativos.<\/strong> La fatiga mental incrementa la probabilidad de fallos, especialmente en tareas repetitivas o que requieren precisi\u00f3n. Esto genera retrabajo y costes ocultos.<\/li>\n\n\n\n<li><strong>Reducci\u00f3n del rendimiento sostenido.<\/strong> Aunque en momentos puntuales se pueda mantener el nivel, el desgaste acumulado hace que la productividad caiga de forma progresiva.<\/li>\n\n\n\n<li><strong>Desconexi\u00f3n emocional con el trabajo.<\/strong> El estr\u00e9s prolongado reduce la implicaci\u00f3n, lo que afecta directamente al compromiso con los objetivos de la empresa.<\/li>\n<\/ul>\n\n\n\n<p>Este deterioro no suele ser inmediato, pero cuando se consolida, es dif\u00edcil revertirlo sin intervenir.<\/p>\n\n\n\n<figure class=\"wp-block-image size-full\"><img loading=\"lazy\" decoding=\"async\" width=\"800\" height=\"533\" src=\"https:\/\/www.saludonnet.com\/empresas\/blog\/wp-content\/uploads\/2026\/04\/Impacto-economico-estres.png\" alt=\"\" class=\"wp-image-2818\" srcset=\"https:\/\/www.saludonnet.com\/empresas\/blog\/wp-content\/uploads\/2026\/04\/Impacto-economico-estres.png 800w, https:\/\/www.saludonnet.com\/empresas\/blog\/wp-content\/uploads\/2026\/04\/Impacto-economico-estres-300x200.png 300w, https:\/\/www.saludonnet.com\/empresas\/blog\/wp-content\/uploads\/2026\/04\/Impacto-economico-estres-768x512.png 768w, https:\/\/www.saludonnet.com\/empresas\/blog\/wp-content\/uploads\/2026\/04\/Impacto-economico-estres-512x341.png 512w\" sizes=\"auto, (max-width: 800px) 100vw, 800px\" \/><\/figure>\n\n\n\n<h2 class=\"wp-block-heading\">El gran coste oculto: el presentismo<\/h2>\n\n\n\n<p>Uno de los aspectos m\u00e1s cr\u00edticos del estr\u00e9s laboral es el presentismo.<\/p>\n\n\n\n<p>A diferencia del absentismo, el presentismo no es visible en los indicadores tradicionales. <strong>El empleado est\u00e1 presente, pero no rinde al nivel esperado<\/strong>. Esto genera un impacto especialmente relevante porque pasa desapercibido durante mucho tiempo.<\/p>\n\n\n\n<p>El presentismo implica:<\/p>\n\n\n\n<ul class=\"wp-block-list\">\n<li><strong>Reducci\u00f3n constante de la productividad diaria.<\/strong> El empleado trabaja, pero a un ritmo inferior al habitual, lo que ralentiza procesos sin que exista una baja formal.<\/li>\n\n\n\n<li><strong>Mayor consumo de tiempo por tarea.<\/strong> Actividades que antes se resolv\u00edan con rapidez requieren m\u00e1s tiempo, afectando a la planificaci\u00f3n general.<\/li>\n\n\n\n<li><strong>Menor calidad en los resultados.<\/strong> El agotamiento reduce la precisi\u00f3n, lo que aumenta los errores y la necesidad de correcciones posteriores.<\/li>\n\n\n\n<li><strong>Efecto arrastre en el equipo.<\/strong> Cuando varios empleados est\u00e1n en esta situaci\u00f3n, la eficiencia global se reduce de forma significativa.<\/li>\n<\/ul>\n\n\n\n<p>En muchas organizaciones, el coste del presentismo supera al del absentismo, pero no se mide.<\/p>\n\n\n\n<h2 class=\"wp-block-heading\">Impacto econ\u00f3mico del estr\u00e9s laboral en la empresa<\/h2>\n\n\n\n<p>El estr\u00e9s laboral tiene un impacto econ\u00f3mico directo e indirecto que afecta a diferentes niveles de la organizaci\u00f3n.<\/p>\n\n\n\n<ul class=\"wp-block-list\">\n<li><strong>Costes directos. <\/strong>Son los m\u00e1s visibles y los que suelen tenerse en cuenta:<\/li>\n\n\n\n<li><strong>Bajas laborales por ansiedad o estr\u00e9s.<\/strong> Suelen ser m\u00e1s largas que otras bajas y con una recuperaci\u00f3n m\u00e1s lenta, lo que incrementa el coste por empleado.<\/li>\n\n\n\n<li><strong>Sustituciones y reorganizaci\u00f3n.<\/strong> La ausencia de un trabajador implica redistribuir tareas o contratar refuerzos, con el consiguiente impacto econ\u00f3mico.<\/li>\n<\/ul>\n\n\n\n<hr class=\"wp-block-separator has-alpha-channel-opacity\"\/>\n\n\n\n<ul class=\"wp-block-list\">\n<li><strong>Costes indirectos (los m\u00e1s importantes). <\/strong>Aqu\u00ed es donde realmente se concentra el impacto:<\/li>\n\n\n\n<li><strong>P\u00e9rdida de productividad acumulada.<\/strong> El descenso progresivo del rendimiento afecta a la capacidad de la empresa para generar resultados.<\/li>\n\n\n\n<li><strong>Incremento de errores y retrabajos.<\/strong> Cada fallo implica tiempo adicional, consumo de recursos y, en algunos casos, impacto en clientes.<\/li>\n\n\n\n<li><strong>Rotaci\u00f3n de empleados.<\/strong> El desgaste prolongado aumenta la probabilidad de abandono. Sustituir a un trabajador implica costes de selecci\u00f3n, formaci\u00f3n y adaptaci\u00f3n.<\/li>\n\n\n\n<li><strong>Deterioro del clima laboral.<\/strong> Equipos sometidos a estr\u00e9s constante generan entornos menos eficientes, con m\u00e1s conflictos y menor colaboraci\u00f3n.<\/li>\n<\/ul>\n\n\n\n<p>Este conjunto de factores convierte el estr\u00e9s laboral en un problema econ\u00f3mico, no solo de bienestar.<\/p>\n\n\n\n<h2 class=\"wp-block-heading\">Se\u00f1ales que indican un impacto real en la empresa<\/h2>\n\n\n\n<p>El estr\u00e9s laboral deja huella antes de convertirse en un problema visible. Algunas se\u00f1ales que deber\u00edan activar alertas dentro de la empresa son:<\/p>\n\n\n\n<ul class=\"wp-block-list\">\n<li><strong>Descenso sostenido del rendimiento en determinados equipos.<\/strong> No se trata de un pico puntual, sino de una tendencia que se mantiene en el tiempo.<\/li>\n\n\n\n<li><strong>Aumento de errores en procesos habituales.<\/strong> Fallos que antes no ocurr\u00edan empiezan a ser frecuentes, indicando fatiga o falta de atenci\u00f3n.<\/li>\n\n\n\n<li><strong>Mayor rotaci\u00f3n o intenci\u00f3n de abandono.<\/strong> El estr\u00e9s es una de las principales causas de salida voluntaria en muchas organizaciones.<\/li>\n\n\n\n<li><strong>Incremento de conflictos internos.<\/strong> La presi\u00f3n sostenida deteriora las relaciones dentro del equipo.<\/li>\n\n\n\n<li><strong>Sensaci\u00f3n generalizada de saturaci\u00f3n.<\/strong> Cuando varios empleados expresan carga excesiva, suele haber un problema estructural.<\/li>\n<\/ul>\n\n\n\n<p>Detectar estas se\u00f1ales permite actuar antes de que el impacto sea mayor.<\/p>\n\n\n\n<h2 class=\"wp-block-heading\">Por qu\u00e9 muchas empresas no consiguen reducirlo<\/h2>\n\n\n\n<p>El principal problema no es la falta de medidas, sino el enfoque. Muchas organizaciones act\u00faan tarde o de forma superficial:<\/p>\n\n\n\n<ul class=\"wp-block-list\">\n<li>Implementan acciones puntuales sin continuidad.<\/li>\n\n\n\n<li>Abordan el problema como algo individual.<\/li>\n\n\n\n<li>No revisan las causas organizativas.<\/li>\n<\/ul>\n\n\n\n<p>El estr\u00e9s no se resuelve con iniciativas aisladas. Requiere cambios estructurales.<\/p>\n\n\n\n<h2 class=\"wp-block-heading\">C\u00f3mo reducir el impacto econ\u00f3mico del estr\u00e9s laboral<\/h2>\n\n\n\n<p>Reducir el estr\u00e9s no significa eliminar la exigencia, sino gestionarla correctamente.<\/p>\n\n\n\n<ul class=\"wp-block-list\">\n<li><strong>Organizaci\u00f3n del trabajo<\/strong>. Revisar la distribuci\u00f3n de tareas y las cargas de trabajo es una de las medidas con mayor impacto. Una planificaci\u00f3n realista reduce la presi\u00f3n constante y permite mantener un rendimiento sostenible.<\/li>\n<\/ul>\n\n\n\n<ul class=\"wp-block-list\">\n<li><strong>Liderazgo efectivo<\/strong>. El papel de los responsables es clave. Un buen liderazgo no solo gestiona tareas, sino que detecta se\u00f1ales de saturaci\u00f3n y act\u00faa antes de que el problema escale.<\/li>\n<\/ul>\n\n\n\n<ul class=\"wp-block-list\">\n<li><strong>Acceso a salud mental.<\/strong> Facilitar acceso a psic\u00f3logos o especialistas permite intervenir en fases tempranas. Esto reduce la probabilidad de bajas prolongadas y mejora la recuperaci\u00f3n del empleado.<\/li>\n<\/ul>\n\n\n\n<ul class=\"wp-block-list\">\n<li><strong>Cultura empresarial.<\/strong> Crear un entorno donde el estr\u00e9s se pueda abordar sin estigma permite identificar problemas antes. Las empresas que normalizan este tipo de situaciones consiguen equipos m\u00e1s estables y productivos.<\/li>\n<\/ul>\n\n\n\n<h2 class=\"wp-block-heading\">Anticiparse: la diferencia entre coste y ventaja competitiva<\/h2>\n\n\n\n<p>El estr\u00e9s laboral no va a desaparecer, pero s\u00ed se puede gestionar. Las empresas que se anticipan consiguen reducir costes, mejorar la productividad y fortalecer sus equipos. No es una cuesti\u00f3n de bienestar, sino de estrategia.<\/p>\n\n\n\n<p>En <strong>SaludOnNet<\/strong>, las empresas pueden ofrecer acceso r\u00e1pido a especialistas y atenci\u00f3n psicol\u00f3gica sin esperas, lo que permite detectar y tratar el estr\u00e9s laboral de forma temprana, reduciendo su impacto en la productividad y evitando costes innecesarios para la organizaci\u00f3n.<\/p>\n","protected":false},"excerpt":{"rendered":"Impacto econ\u00f3mico del estr\u00e9s laboral en las empresas: c\u00f3mo afecta a la productividad, aumenta los costes ocultos y medidas a aplicar.","protected":false},"author":2,"featured_media":2816,"comment_status":"closed","ping_status":"open","sticky":false,"template":"","format":"standard","meta":{"_monsterinsights_skip_tracking":false,"_monsterinsights_sitenote_active":false,"_monsterinsights_sitenote_note":"","_monsterinsights_sitenote_category":0,"csco_display_header_overlay":false,"csco_singular_sidebar":"","csco_page_header_type":"","footnotes":""},"categories":[136],"tags":[],"class_list":{"0":"post-2811","1":"post","2":"type-post","3":"status-publish","4":"format-standard","5":"has-post-thumbnail","7":"category-absentismo-y-productividad","8":"cs-entry"},"yoast_head":"<!-- This site is optimized with the Yoast SEO plugin v27.4 - https:\/\/yoast.com\/product\/yoast-seo-wordpress\/ -->\n<title>Impacto econ\u00f3mico del estr\u00e9s laboral en las empresas<\/title>\n<meta name=\"description\" content=\"Impacto econ\u00f3mico del estr\u00e9s laboral en las empresas: c\u00f3mo afecta a la productividad, aumenta los costes ocultos y medidas a aplicar.\" \/>\n<meta name=\"robots\" content=\"index, follow, max-snippet:-1, max-image-preview:large, max-video-preview:-1\" \/>\n<link rel=\"canonical\" href=\"https:\/\/www.saludonnet.com\/empresas\/blog\/impacto-economico-del-estres-laboral-en-las-empresas\/\" \/>\n<meta property=\"og:locale\" content=\"es_ES\" \/>\n<meta property=\"og:type\" content=\"article\" \/>\n<meta property=\"og:title\" content=\"Impacto econ\u00f3mico del estr\u00e9s laboral en las empresas\" \/>\n<meta property=\"og:description\" content=\"Impacto econ\u00f3mico del estr\u00e9s laboral en las empresas: c\u00f3mo afecta a la productividad, aumenta los costes ocultos y medidas a aplicar.\" \/>\n<meta property=\"og:url\" content=\"https:\/\/www.saludonnet.com\/empresas\/blog\/impacto-economico-del-estres-laboral-en-las-empresas\/\" \/>\n<meta property=\"og:site_name\" content=\"Blog SaludOnNet Empresas\" \/>\n<meta property=\"article:published_time\" content=\"2026-04-17T07:19:00+00:00\" \/>\n<meta property=\"article:modified_time\" content=\"2026-04-17T07:45:56+00:00\" \/>\n<meta property=\"og:image\" content=\"https:\/\/www.saludonnet.com\/empresas\/blog\/wp-content\/uploads\/2026\/04\/Impacto-economico-estres-2.png\" \/>\n\t<meta property=\"og:image:width\" content=\"800\" \/>\n\t<meta property=\"og:image:height\" content=\"533\" \/>\n\t<meta property=\"og:image:type\" content=\"image\/png\" \/>\n<meta name=\"author\" content=\"Guillermo Prieto\" \/>\n<meta name=\"twitter:card\" content=\"summary_large_image\" \/>\n<meta name=\"twitter:title\" content=\"Impacto econ\u00f3mico del estr\u00e9s laboral en las empresas\" \/>\n<meta name=\"twitter:description\" content=\"Impacto econ\u00f3mico del estr\u00e9s laboral en las empresas: c\u00f3mo afecta a la productividad, aumenta los costes ocultos y medidas a aplicar.\" \/>\n<meta name=\"twitter:image\" content=\"https:\/\/www.saludonnet.com\/empresas\/blog\/wp-content\/uploads\/2026\/04\/Impacto-economico-estres-2.png\" \/>\n<meta name=\"twitter:label1\" content=\"Escrito por\" \/>\n\t<meta name=\"twitter:data1\" content=\"Guillermo Prieto\" \/>\n\t<meta name=\"twitter:label2\" content=\"Tiempo de lectura\" \/>\n\t<meta name=\"twitter:data2\" content=\"1 minuto\" \/>\n<script type=\"application\/ld+json\" class=\"yoast-schema-graph\">{\"@context\":\"https:\\\/\\\/schema.org\",\"@graph\":[{\"@type\":\"Article\",\"@id\":\"https:\\\/\\\/www.saludonnet.com\\\/empresas\\\/blog\\\/impacto-economico-del-estres-laboral-en-las-empresas\\\/#article\",\"isPartOf\":{\"@id\":\"https:\\\/\\\/www.saludonnet.com\\\/empresas\\\/blog\\\/impacto-economico-del-estres-laboral-en-las-empresas\\\/\"},\"author\":{\"name\":\"Guillermo Prieto\",\"@id\":\"https:\\\/\\\/www.saludonnet.com\\\/empresas\\\/blog\\\/#\\\/schema\\\/person\\\/14f6bcec79cf6133fa68f0bc3a59da4a\"},\"headline\":\"Impacto econ\u00f3mico del estr\u00e9s laboral en las empresas\",\"datePublished\":\"2026-04-17T07:19:00+00:00\",\"dateModified\":\"2026-04-17T07:45:56+00:00\",\"mainEntityOfPage\":{\"@id\":\"https:\\\/\\\/www.saludonnet.com\\\/empresas\\\/blog\\\/impacto-economico-del-estres-laboral-en-las-empresas\\\/\"},\"wordCount\":1403,\"publisher\":{\"@id\":\"https:\\\/\\\/www.saludonnet.com\\\/empresas\\\/blog\\\/#organization\"},\"image\":{\"@id\":\"https:\\\/\\\/www.saludonnet.com\\\/empresas\\\/blog\\\/impacto-economico-del-estres-laboral-en-las-empresas\\\/#primaryimage\"},\"thumbnailUrl\":\"https:\\\/\\\/www.saludonnet.com\\\/empresas\\\/blog\\\/wp-content\\\/uploads\\\/2026\\\/04\\\/Impacto-economico-estres-2.png\",\"articleSection\":[\"Absentismo y productividad\"],\"inLanguage\":\"es\"},{\"@type\":\"WebPage\",\"@id\":\"https:\\\/\\\/www.saludonnet.com\\\/empresas\\\/blog\\\/impacto-economico-del-estres-laboral-en-las-empresas\\\/\",\"url\":\"https:\\\/\\\/www.saludonnet.com\\\/empresas\\\/blog\\\/impacto-economico-del-estres-laboral-en-las-empresas\\\/\",\"name\":\"Impacto econ\u00f3mico del estr\u00e9s laboral en las empresas\",\"isPartOf\":{\"@id\":\"https:\\\/\\\/www.saludonnet.com\\\/empresas\\\/blog\\\/#website\"},\"primaryImageOfPage\":{\"@id\":\"https:\\\/\\\/www.saludonnet.com\\\/empresas\\\/blog\\\/impacto-economico-del-estres-laboral-en-las-empresas\\\/#primaryimage\"},\"image\":{\"@id\":\"https:\\\/\\\/www.saludonnet.com\\\/empresas\\\/blog\\\/impacto-economico-del-estres-laboral-en-las-empresas\\\/#primaryimage\"},\"thumbnailUrl\":\"https:\\\/\\\/www.saludonnet.com\\\/empresas\\\/blog\\\/wp-content\\\/uploads\\\/2026\\\/04\\\/Impacto-economico-estres-2.png\",\"datePublished\":\"2026-04-17T07:19:00+00:00\",\"dateModified\":\"2026-04-17T07:45:56+00:00\",\"description\":\"Impacto econ\u00f3mico del estr\u00e9s laboral en las empresas: c\u00f3mo afecta a la productividad, aumenta los costes ocultos y medidas a aplicar.\",\"breadcrumb\":{\"@id\":\"https:\\\/\\\/www.saludonnet.com\\\/empresas\\\/blog\\\/impacto-economico-del-estres-laboral-en-las-empresas\\\/#breadcrumb\"},\"inLanguage\":\"es\",\"potentialAction\":[{\"@type\":\"ReadAction\",\"target\":[\"https:\\\/\\\/www.saludonnet.com\\\/empresas\\\/blog\\\/impacto-economico-del-estres-laboral-en-las-empresas\\\/\"]}]},{\"@type\":\"ImageObject\",\"inLanguage\":\"es\",\"@id\":\"https:\\\/\\\/www.saludonnet.com\\\/empresas\\\/blog\\\/impacto-economico-del-estres-laboral-en-las-empresas\\\/#primaryimage\",\"url\":\"https:\\\/\\\/www.saludonnet.com\\\/empresas\\\/blog\\\/wp-content\\\/uploads\\\/2026\\\/04\\\/Impacto-economico-estres-2.png\",\"contentUrl\":\"https:\\\/\\\/www.saludonnet.com\\\/empresas\\\/blog\\\/wp-content\\\/uploads\\\/2026\\\/04\\\/Impacto-economico-estres-2.png\",\"width\":800,\"height\":533,\"caption\":\"gerentes pensando sobre absentismo\"},{\"@type\":\"BreadcrumbList\",\"@id\":\"https:\\\/\\\/www.saludonnet.com\\\/empresas\\\/blog\\\/impacto-economico-del-estres-laboral-en-las-empresas\\\/#breadcrumb\",\"itemListElement\":[{\"@type\":\"ListItem\",\"position\":1,\"name\":\"Portada\",\"item\":\"https:\\\/\\\/www.saludonnet.com\\\/empresas\\\/blog\\\/\"},{\"@type\":\"ListItem\",\"position\":2,\"name\":\"Impacto econ\u00f3mico del estr\u00e9s laboral en las empresas\"}]},{\"@type\":\"WebSite\",\"@id\":\"https:\\\/\\\/www.saludonnet.com\\\/empresas\\\/blog\\\/#website\",\"url\":\"https:\\\/\\\/www.saludonnet.com\\\/empresas\\\/blog\\\/\",\"name\":\"Blog SaludOnNet Empresas\",\"description\":\"\",\"publisher\":{\"@id\":\"https:\\\/\\\/www.saludonnet.com\\\/empresas\\\/blog\\\/#organization\"},\"potentialAction\":[{\"@type\":\"SearchAction\",\"target\":{\"@type\":\"EntryPoint\",\"urlTemplate\":\"https:\\\/\\\/www.saludonnet.com\\\/empresas\\\/blog\\\/?s={search_term_string}\"},\"query-input\":{\"@type\":\"PropertyValueSpecification\",\"valueRequired\":true,\"valueName\":\"search_term_string\"}}],\"inLanguage\":\"es\"},{\"@type\":\"Organization\",\"@id\":\"https:\\\/\\\/www.saludonnet.com\\\/empresas\\\/blog\\\/#organization\",\"name\":\"Blog SaludOnNet Empresas\",\"url\":\"https:\\\/\\\/www.saludonnet.com\\\/empresas\\\/blog\\\/\",\"logo\":{\"@type\":\"ImageObject\",\"inLanguage\":\"es\",\"@id\":\"https:\\\/\\\/www.saludonnet.com\\\/empresas\\\/blog\\\/#\\\/schema\\\/logo\\\/image\\\/\",\"url\":\"https:\\\/\\\/www.saludonnet.com\\\/empresas\\\/blog\\\/wp-content\\\/uploads\\\/2026\\\/03\\\/son-logo.png\",\"contentUrl\":\"https:\\\/\\\/www.saludonnet.com\\\/empresas\\\/blog\\\/wp-content\\\/uploads\\\/2026\\\/03\\\/son-logo.png\",\"width\":1140,\"height\":384,\"caption\":\"Blog SaludOnNet Empresas\"},\"image\":{\"@id\":\"https:\\\/\\\/www.saludonnet.com\\\/empresas\\\/blog\\\/#\\\/schema\\\/logo\\\/image\\\/\"}},{\"@type\":\"Person\",\"@id\":\"https:\\\/\\\/www.saludonnet.com\\\/empresas\\\/blog\\\/#\\\/schema\\\/person\\\/14f6bcec79cf6133fa68f0bc3a59da4a\",\"name\":\"Guillermo Prieto\",\"image\":{\"@type\":\"ImageObject\",\"inLanguage\":\"es\",\"@id\":\"https:\\\/\\\/www.saludonnet.com\\\/empresas\\\/blog\\\/wp-content\\\/uploads\\\/2026\\\/03\\\/cropped-1554973455771-96x96.jpg\",\"url\":\"https:\\\/\\\/www.saludonnet.com\\\/empresas\\\/blog\\\/wp-content\\\/uploads\\\/2026\\\/03\\\/cropped-1554973455771-96x96.jpg\",\"contentUrl\":\"https:\\\/\\\/www.saludonnet.com\\\/empresas\\\/blog\\\/wp-content\\\/uploads\\\/2026\\\/03\\\/cropped-1554973455771-96x96.jpg\",\"caption\":\"Guillermo Prieto\"},\"sameAs\":[\"https:\\\/\\\/www.saludonnet.com\\\/\"],\"url\":\"https:\\\/\\\/www.saludonnet.com\\\/empresas\\\/blog\\\/author\\\/guillermo-prieto\\\/\"}]}<\/script>\n<!-- \/ Yoast SEO plugin. -->","yoast_head_json":{"title":"Impacto econ\u00f3mico del estr\u00e9s laboral en las empresas","description":"Impacto econ\u00f3mico del estr\u00e9s laboral en las empresas: c\u00f3mo afecta a la productividad, aumenta los costes ocultos y medidas a aplicar.","robots":{"index":"index","follow":"follow","max-snippet":"max-snippet:-1","max-image-preview":"max-image-preview:large","max-video-preview":"max-video-preview:-1"},"canonical":"https:\/\/www.saludonnet.com\/empresas\/blog\/impacto-economico-del-estres-laboral-en-las-empresas\/","og_locale":"es_ES","og_type":"article","og_title":"Impacto econ\u00f3mico del estr\u00e9s laboral en las empresas","og_description":"Impacto econ\u00f3mico del estr\u00e9s laboral en las empresas: c\u00f3mo afecta a la productividad, aumenta los costes ocultos y medidas a aplicar.","og_url":"https:\/\/www.saludonnet.com\/empresas\/blog\/impacto-economico-del-estres-laboral-en-las-empresas\/","og_site_name":"Blog SaludOnNet Empresas","article_published_time":"2026-04-17T07:19:00+00:00","article_modified_time":"2026-04-17T07:45:56+00:00","og_image":[{"width":800,"height":533,"url":"https:\/\/www.saludonnet.com\/empresas\/blog\/wp-content\/uploads\/2026\/04\/Impacto-economico-estres-2.png","type":"image\/png"}],"author":"Guillermo Prieto","twitter_card":"summary_large_image","twitter_title":"Impacto econ\u00f3mico del estr\u00e9s laboral en las empresas","twitter_description":"Impacto econ\u00f3mico del estr\u00e9s laboral en las empresas: c\u00f3mo afecta a la productividad, aumenta los costes ocultos y medidas a aplicar.","twitter_image":"https:\/\/www.saludonnet.com\/empresas\/blog\/wp-content\/uploads\/2026\/04\/Impacto-economico-estres-2.png","twitter_misc":{"Escrito por":"Guillermo Prieto","Tiempo de lectura":"1 minuto"},"schema":{"@context":"https:\/\/schema.org","@graph":[{"@type":"Article","@id":"https:\/\/www.saludonnet.com\/empresas\/blog\/impacto-economico-del-estres-laboral-en-las-empresas\/#article","isPartOf":{"@id":"https:\/\/www.saludonnet.com\/empresas\/blog\/impacto-economico-del-estres-laboral-en-las-empresas\/"},"author":{"name":"Guillermo Prieto","@id":"https:\/\/www.saludonnet.com\/empresas\/blog\/#\/schema\/person\/14f6bcec79cf6133fa68f0bc3a59da4a"},"headline":"Impacto econ\u00f3mico del estr\u00e9s laboral en las empresas","datePublished":"2026-04-17T07:19:00+00:00","dateModified":"2026-04-17T07:45:56+00:00","mainEntityOfPage":{"@id":"https:\/\/www.saludonnet.com\/empresas\/blog\/impacto-economico-del-estres-laboral-en-las-empresas\/"},"wordCount":1403,"publisher":{"@id":"https:\/\/www.saludonnet.com\/empresas\/blog\/#organization"},"image":{"@id":"https:\/\/www.saludonnet.com\/empresas\/blog\/impacto-economico-del-estres-laboral-en-las-empresas\/#primaryimage"},"thumbnailUrl":"https:\/\/www.saludonnet.com\/empresas\/blog\/wp-content\/uploads\/2026\/04\/Impacto-economico-estres-2.png","articleSection":["Absentismo y productividad"],"inLanguage":"es"},{"@type":"WebPage","@id":"https:\/\/www.saludonnet.com\/empresas\/blog\/impacto-economico-del-estres-laboral-en-las-empresas\/","url":"https:\/\/www.saludonnet.com\/empresas\/blog\/impacto-economico-del-estres-laboral-en-las-empresas\/","name":"Impacto econ\u00f3mico del estr\u00e9s laboral en las empresas","isPartOf":{"@id":"https:\/\/www.saludonnet.com\/empresas\/blog\/#website"},"primaryImageOfPage":{"@id":"https:\/\/www.saludonnet.com\/empresas\/blog\/impacto-economico-del-estres-laboral-en-las-empresas\/#primaryimage"},"image":{"@id":"https:\/\/www.saludonnet.com\/empresas\/blog\/impacto-economico-del-estres-laboral-en-las-empresas\/#primaryimage"},"thumbnailUrl":"https:\/\/www.saludonnet.com\/empresas\/blog\/wp-content\/uploads\/2026\/04\/Impacto-economico-estres-2.png","datePublished":"2026-04-17T07:19:00+00:00","dateModified":"2026-04-17T07:45:56+00:00","description":"Impacto econ\u00f3mico del estr\u00e9s laboral en las empresas: c\u00f3mo afecta a la productividad, aumenta los costes ocultos y medidas a aplicar.","breadcrumb":{"@id":"https:\/\/www.saludonnet.com\/empresas\/blog\/impacto-economico-del-estres-laboral-en-las-empresas\/#breadcrumb"},"inLanguage":"es","potentialAction":[{"@type":"ReadAction","target":["https:\/\/www.saludonnet.com\/empresas\/blog\/impacto-economico-del-estres-laboral-en-las-empresas\/"]}]},{"@type":"ImageObject","inLanguage":"es","@id":"https:\/\/www.saludonnet.com\/empresas\/blog\/impacto-economico-del-estres-laboral-en-las-empresas\/#primaryimage","url":"https:\/\/www.saludonnet.com\/empresas\/blog\/wp-content\/uploads\/2026\/04\/Impacto-economico-estres-2.png","contentUrl":"https:\/\/www.saludonnet.com\/empresas\/blog\/wp-content\/uploads\/2026\/04\/Impacto-economico-estres-2.png","width":800,"height":533,"caption":"gerentes pensando sobre absentismo"},{"@type":"BreadcrumbList","@id":"https:\/\/www.saludonnet.com\/empresas\/blog\/impacto-economico-del-estres-laboral-en-las-empresas\/#breadcrumb","itemListElement":[{"@type":"ListItem","position":1,"name":"Portada","item":"https:\/\/www.saludonnet.com\/empresas\/blog\/"},{"@type":"ListItem","position":2,"name":"Impacto econ\u00f3mico del estr\u00e9s laboral en las empresas"}]},{"@type":"WebSite","@id":"https:\/\/www.saludonnet.com\/empresas\/blog\/#website","url":"https:\/\/www.saludonnet.com\/empresas\/blog\/","name":"Blog SaludOnNet Empresas","description":"","publisher":{"@id":"https:\/\/www.saludonnet.com\/empresas\/blog\/#organization"},"potentialAction":[{"@type":"SearchAction","target":{"@type":"EntryPoint","urlTemplate":"https:\/\/www.saludonnet.com\/empresas\/blog\/?s={search_term_string}"},"query-input":{"@type":"PropertyValueSpecification","valueRequired":true,"valueName":"search_term_string"}}],"inLanguage":"es"},{"@type":"Organization","@id":"https:\/\/www.saludonnet.com\/empresas\/blog\/#organization","name":"Blog SaludOnNet Empresas","url":"https:\/\/www.saludonnet.com\/empresas\/blog\/","logo":{"@type":"ImageObject","inLanguage":"es","@id":"https:\/\/www.saludonnet.com\/empresas\/blog\/#\/schema\/logo\/image\/","url":"https:\/\/www.saludonnet.com\/empresas\/blog\/wp-content\/uploads\/2026\/03\/son-logo.png","contentUrl":"https:\/\/www.saludonnet.com\/empresas\/blog\/wp-content\/uploads\/2026\/03\/son-logo.png","width":1140,"height":384,"caption":"Blog SaludOnNet Empresas"},"image":{"@id":"https:\/\/www.saludonnet.com\/empresas\/blog\/#\/schema\/logo\/image\/"}},{"@type":"Person","@id":"https:\/\/www.saludonnet.com\/empresas\/blog\/#\/schema\/person\/14f6bcec79cf6133fa68f0bc3a59da4a","name":"Guillermo Prieto","image":{"@type":"ImageObject","inLanguage":"es","@id":"https:\/\/www.saludonnet.com\/empresas\/blog\/wp-content\/uploads\/2026\/03\/cropped-1554973455771-96x96.jpg","url":"https:\/\/www.saludonnet.com\/empresas\/blog\/wp-content\/uploads\/2026\/03\/cropped-1554973455771-96x96.jpg","contentUrl":"https:\/\/www.saludonnet.com\/empresas\/blog\/wp-content\/uploads\/2026\/03\/cropped-1554973455771-96x96.jpg","caption":"Guillermo Prieto"},"sameAs":["https:\/\/www.saludonnet.com\/"],"url":"https:\/\/www.saludonnet.com\/empresas\/blog\/author\/guillermo-prieto\/"}]}},"_links":{"self":[{"href":"https:\/\/www.saludonnet.com\/empresas\/blog\/wp-json\/wp\/v2\/posts\/2811","targetHints":{"allow":["GET"]}}],"collection":[{"href":"https:\/\/www.saludonnet.com\/empresas\/blog\/wp-json\/wp\/v2\/posts"}],"about":[{"href":"https:\/\/www.saludonnet.com\/empresas\/blog\/wp-json\/wp\/v2\/types\/post"}],"author":[{"embeddable":true,"href":"https:\/\/www.saludonnet.com\/empresas\/blog\/wp-json\/wp\/v2\/users\/2"}],"replies":[{"embeddable":true,"href":"https:\/\/www.saludonnet.com\/empresas\/blog\/wp-json\/wp\/v2\/comments?post=2811"}],"version-history":[{"count":7,"href":"https:\/\/www.saludonnet.com\/empresas\/blog\/wp-json\/wp\/v2\/posts\/2811\/revisions"}],"predecessor-version":[{"id":2830,"href":"https:\/\/www.saludonnet.com\/empresas\/blog\/wp-json\/wp\/v2\/posts\/2811\/revisions\/2830"}],"wp:featuredmedia":[{"embeddable":true,"href":"https:\/\/www.saludonnet.com\/empresas\/blog\/wp-json\/wp\/v2\/media\/2816"}],"wp:attachment":[{"href":"https:\/\/www.saludonnet.com\/empresas\/blog\/wp-json\/wp\/v2\/media?parent=2811"}],"wp:term":[{"taxonomy":"category","embeddable":true,"href":"https:\/\/www.saludonnet.com\/empresas\/blog\/wp-json\/wp\/v2\/categories?post=2811"},{"taxonomy":"post_tag","embeddable":true,"href":"https:\/\/www.saludonnet.com\/empresas\/blog\/wp-json\/wp\/v2\/tags?post=2811"}],"curies":[{"name":"wp","href":"https:\/\/api.w.org\/{rel}","templated":true}]}}