{"id":2799,"date":"2026-04-16T13:26:48","date_gmt":"2026-04-16T11:26:48","guid":{"rendered":"https:\/\/www.saludonnet.com\/empresas\/blog\/?p=2799"},"modified":"2026-04-24T11:37:35","modified_gmt":"2026-04-24T09:37:35","slug":"dolor-de-espalda-en-el-trabajo-causas-y-como-evitarlo","status":"publish","type":"post","link":"https:\/\/www.saludonnet.com\/empresas\/blog\/dolor-de-espalda-en-el-trabajo-causas-y-como-evitarlo\/","title":{"rendered":"Dolor de espalda en el trabajo: causas y c\u00f3mo evitarlo"},"content":{"rendered":"\n<p>El dolor de espalda en el trabajo es uno de los problemas de salud m\u00e1s frecuentes en el entorno laboral. Aunque a menudo se percibe como una molestia menor, su impacto real es mucho mayor: <strong>afecta a la productividad, incrementa el absentismo laboral y genera costes directos e indirectos para las empresas<\/strong>.<\/p>\n\n\n\n<p>En muchos casos, no se trata de lesiones graves, sino de molestias recurrentes que terminan acumul\u00e1ndose. Esta repetici\u00f3n es precisamente lo que convierte el dolor de espalda en un problema estrat\u00e9gico para cualquier organizaci\u00f3n.<\/p>\n\n\n\n<p>Desde el punto de vista empresarial, entender por qu\u00e9 aparece y c\u00f3mo prevenirlo permite no solo mejorar el bienestar de los empleados, sino tambi\u00e9n reducir bajas laborales y optimizar el rendimiento de los equipos.<\/p>\n\n\n\n<h2 class=\"wp-block-heading\">Por qu\u00e9 aparece el dolor de espalda en el trabajo<\/h2>\n\n\n\n<p>El dolor espalda trabajo no suele tener una \u00fanica causa. En la mayor\u00eda de los casos, es el <strong>resultado de varios factores combinados que se mantienen en el tiempo<\/strong>.<\/p>\n\n\n\n<p>Uno de los principales es <strong>la postura prolongada<\/strong>. Permanecer muchas horas sentado frente a un ordenador, sin una posici\u00f3n adecuada, genera tensi\u00f3n en la zona lumbar y cervical. Lo mismo ocurre en trabajos donde se permanece de pie durante largos periodos sin descanso.<\/p>\n\n\n\n<p>Otro factor clave es <strong>la falta de ergonom\u00eda<\/strong>. Sillas mal ajustadas, pantallas a una altura incorrecta o mesas inadecuadas obligan al cuerpo a adoptar posturas forzadas. Estas peque\u00f1as desviaciones, mantenidas durante semanas o meses, terminan provocando dolor.<\/p>\n\n\n\n<p>Tambi\u00e9n influye <strong>la falta de movimiento<\/strong>. El cuerpo humano no est\u00e1 dise\u00f1ado para permanecer est\u00e1tico durante horas. La ausencia de pausas activas reduce la movilidad y favorece la rigidez muscular.<\/p>\n\n\n\n<p>Por \u00faltimo, <strong><a href=\"https:\/\/www.saludonnet.com\/empresas\/blog\/estres-laboral-sintomas-y-como-detectarlo-antes-de-una-baja\/\">el estr\u00e9s laboral<\/a> <\/strong>juega un papel importante. La tensi\u00f3n emocional se traduce en tensi\u00f3n f\u00edsica, especialmente en la espalda y el cuello, lo que agrava el problema.<\/p>\n\n\n<style>\n@import url('https:\/\/fonts.googleapis.com\/css2?family=DM+Sans:wght@400;500;700&display=swap');\n.cta-wrap * { margin: 0; padding: 0; box-sizing: border-box; }\n.cta-wrap { font-family: 'DM Sans', var(--font-sans); width: 100%; }\n\n.cta-box {\n  background: linear-gradient(135deg, #E8F6FD 0%, #F0FAFF 100%);\n  border-radius: 16px;\n  padding: 28px;\n  display: grid;\n  grid-template-columns: minmax(0, 1fr) minmax(260px, 320px);\n  gap: 32px;\n  align-items: center;\n  position: relative;\n  overflow: hidden;\n  border: 0.5px solid rgba(0, 158, 224, 0.15);\n}\n\n.cta-circle-1 {\n  position: absolute;\n  right: -40px;\n  top: -40px;\n  width: 160px;\n  height: 160px;\n  border-radius: 50%;\n  background: rgba(0, 158, 224, 0.08);\n}\n.cta-circle-2 {\n  position: absolute;\n  right: 60px;\n  bottom: -50px;\n  width: 100px;\n  height: 100px;\n  border-radius: 50%;\n  background: rgba(8, 206, 202, 0.06);\n}\n\n.cta-content { position: relative; z-index: 1; }\n\n.cta-badges {\n  display: flex;\n  gap: 6px;\n  margin-bottom: 12px;\n  flex-wrap: wrap;\n}\n.cta-badge {\n  display: inline-flex;\n  align-items: center;\n  gap: 4px;\n  font-size: 11px;\n  font-weight: 500;\n  padding: 4px 10px;\n  border-radius: 12px;\n}\n.cta-badge-blue { color: #009EE0; background: rgba(0, 158, 224, 0.12); }\n.cta-badge-teal { color: #06A09E; background: rgba(8, 206, 202, 0.15); }\n\n.cta-wrap h3.cta-title,\n.cta-wrap .cta-title {\n  font-size: clamp(22px, 2.2vw, 25px);\n  font-weight: 700;\n  color: #153239 !important;\n  line-height: 1.2;\n  margin-top: 15px;\n  margin-bottom: 8px;\n}\n.cta-desc {\n  font-size: 15px;\n  color: #5A6B73;\n  line-height: 1.55;\n  margin-bottom: 16px;\n}\n.cta-btn {\n  display: inline-flex;\n  align-items: center;\n  gap: 8px;\n  font-size: 16px;\n  font-weight: 500;\n  color: #fff;\n  background: #009EE0;\n  padding: 12px 22px;\n  border-radius: 8px;\n  text-decoration: none;\n  transition: background 0.2s ease;\n}\n.cta-btn:hover { background: #0088c2; }\n\n.cta-mockup-wrap { position: relative; z-index: 1; width: 100%; }\n.cta-mockup {\n  background: #0F2741;\n  border-radius: 10px;\n  padding: 12px 10px;\n  box-shadow: 0 14px 40px rgba(0, 40, 80, 0.35);\n  border: 0.5px solid rgba(255, 255, 255, 0.08);\n  width: 100%;\n}\n\n.cta-table-header,\n.cta-table-row {\n  display: grid;\n  grid-template-columns: minmax(0, 1fr) 50px 30px 48px;\n  gap: 3px;\n  padding: 4px 6px;\n  align-items: center;\n}\n.cta-table-header {\n  background: #009EE0;\n  border-radius: 3px;\n  margin-bottom: 1px;\n}\n.cta-table-header span { font-size: 7px; font-weight: 500; color: #fff; }\n.cta-th-right { text-align: right; }\n.cta-th-center { text-align: center; }\n\n.cta-table-row { border-bottom: 0.5px solid rgba(255, 255, 255, 0.05); }\n.cta-table-row.alt { background: rgba(255, 255, 255, 0.02); }\n.cta-td-name { font-size: 7px; color: rgba(255, 255, 255, 0.85); overflow: hidden; text-overflow: ellipsis; white-space: nowrap; }\n.cta-td-type { font-size: 7px; color: rgba(255, 255, 255, 0.5); }\n.cta-td-days { font-size: 7px; font-weight: 500; color: #fff; text-align: right; }\n.cta-td-days.warn { color: #F09595; }\n.cta-td-status {\n  font-size: 6px;\n  padding: 2px 5px;\n  border-radius: 6px;\n  text-align: center;\n}\n.cta-status-alta { color: #08CECA; background: rgba(8, 206, 202, 0.15); }\n.cta-status-curso { color: #E8A85C; background: rgba(232, 168, 92, 0.15); }\n\n.cta-kpis {\n  display: grid;\n  grid-template-columns: 1fr 1fr 1fr;\n  gap: 5px;\n  margin-top: 8px;\n  margin-bottom: 8px;\n}\n.cta-kpi {\n  background: rgba(255, 255, 255, 0.05);\n  border-radius: 5px;\n  padding: 6px 5px;\n  border: 0.5px solid rgba(255, 255, 255, 0.08);\n}\n.cta-kpi-label {\n  font-size: 6px;\n  color: rgba(255, 255, 255, 0.5);\n  text-transform: uppercase;\n  letter-spacing: 0.3px;\n  margin-bottom: 1px;\n}\n.cta-kpi-value { font-size: 13px; font-weight: 700; line-height: 1; }\n.cta-kpi-value.blue { color: #009EE0; }\n.cta-kpi-value.orange { color: #E8A85C; }\n.cta-kpi-value.teal { color: #08CECA; }\n\n.cta-bars { display: flex; flex-direction: column; gap: 3px; }\n.cta-bar-row { display: flex; align-items: center; gap: 4px; }\n.cta-bar-label { font-size: 6px; color: rgba(255, 255, 255, 0.5); width: 22px; text-align: right; }\n.cta-bar-track { flex: 1; height: 5px; background: rgba(255, 255, 255, 0.08); border-radius: 3px; overflow: hidden; }\n.cta-bar-fill { height: 100%; background: linear-gradient(90deg, #009EE0, #08CECA); border-radius: 3px; }\n.cta-bar-value { font-size: 7px; font-weight: 500; color: #fff; width: 14px; }\n\n\/* TABLET \/ M\u00d3VIL - una columna, mockup arriba *\/\n@media (max-width: 860px) {\n  .cta-box {\n    grid-template-columns: 1fr;\n    gap: 24px;\n    padding: 28px;\n  }\n  .cta-mockup-wrap {\n    max-width: 420px;\n    margin: 0 auto;\n    order: 1;\n  }\n  .cta-content {\n    order: 2;\n  }\n}\n\n\/* M\u00d3VIL *\/\n@media (max-width: 560px) {\n  .cta-box {\n    padding: 22px 18px;\n    border-radius: 14px;\n    gap: 20px;\n  }\n  .cta-circle-1 {\n    width: 120px;\n    height: 120px;\n    right: -30px;\n    top: -30px;\n  }\n  .cta-circle-2 {\n    width: 80px;\n    height: 80px;\n    right: 30px;\n    bottom: -40px;\n  }\n  .cta-wrap h3.cta-title,\n  .cta-wrap .cta-title { font-size: 19px; }\n  .cta-desc { font-size: 13px; }\n  .cta-btn {\n    font-size: 13px;\n    padding: 11px 20px;\n    width: 100%;\n    justify-content: center;\n  }\n  .cta-mockup {\n    padding: 14px 12px;\n  }\n  .cta-table-header,\n  .cta-table-row {\n    grid-template-columns: minmax(0, 1fr) 55px 32px 52px;\n    padding: 6px 8px;\n    gap: 4px;\n  }\n  .cta-table-header span,\n  .cta-td-name,\n  .cta-td-type,\n  .cta-td-days { font-size: 9px; }\n  .cta-td-status { font-size: 8px; padding: 3px 6px; }\n  .cta-kpi { padding: 8px 7px; }\n  .cta-kpi-label { font-size: 8px; }\n  .cta-kpi-value { font-size: 15px; }\n  .cta-bar-label { font-size: 8px; width: 28px; }\n  .cta-bar-track { height: 6px; }\n  .cta-bar-value { font-size: 9px; width: 18px; }\n}\n<\/style>\n\n<div class=\"cta-wrap\">\n  <div class=\"cta-box\">\n    <div class=\"cta-circle-1\"><\/div>\n    <div class=\"cta-circle-2\"><\/div>\n\n    <div class=\"cta-content\">\n      <div class=\"cta-badges\">\n        <div class=\"cta-badge cta-badge-blue\">\n          <svg viewBox=\"0 0 24 24\" width=\"11\" height=\"11\" fill=\"none\" stroke=\"currentColor\" stroke-width=\"2\"><rect x=\"3\" y=\"3\" width=\"18\" height=\"18\" rx=\"2\"\/><line x1=\"3\" y1=\"9\" x2=\"21\" y2=\"9\"\/><line x1=\"9\" y1=\"21\" x2=\"9\" y2=\"9\"\/><\/svg>\n          Plantilla Excel\n        <\/div>\n        <div class=\"cta-badge cta-badge-teal\">\n          <svg viewBox=\"0 0 24 24\" width=\"11\" height=\"11\" fill=\"none\" stroke=\"currentColor\" stroke-width=\"2.5\"><polyline points=\"20 6 9 17 4 12\"\/><\/svg>\n          100% gratis\n        <\/div>\n      <\/div>\n      <h3 class=\"cta-title\" style=\"color:#153239\">Plantilla gratuita para llevar el control de las bajas en tu empresa<\/h3>\n      <p class=\"cta-desc\">Registra, analiza y controla el absentismo con una plantilla profesional. Detecta patrones y calcula el impacto econ\u00f3mico.<\/p>\n      <a href=\"https:\/\/www.saludonnet.com\/empresas\/blog\/plantilla-bajas-laborales\/\" target=\"_blank\" class=\"cta-btn\">\n        <svg viewBox=\"0 0 24 24\" width=\"14\" height=\"14\" fill=\"none\" stroke=\"currentColor\" stroke-width=\"2\"><path d=\"M21 15v4a2 2 0 01-2 2H5a2 2 0 01-2-2v-4M7 10l5 5 5-5M12 15V3\"\/><\/svg>\n        Descargar plantilla gratis\n      <\/a>\n    <\/div>\n\n    <div class=\"cta-mockup-wrap\">\n      <div class=\"cta-mockup\">\n\n        <div class=\"cta-table-header\">\n          <span>Empleado<\/span>\n          <span>Tipo<\/span>\n          <span class=\"cta-th-right\">D\u00edas<\/span>\n          <span class=\"cta-th-center\">Estado<\/span>\n        <\/div>\n        <div class=\"cta-table-row\">\n          <span class=\"cta-td-name\">Garc\u00eda L\u00f3pez, M.<\/span>\n          <span class=\"cta-td-type\">Enf. CC<\/span>\n          <span class=\"cta-td-days\">12<\/span>\n          <span class=\"cta-td-status cta-status-alta\">Alta<\/span>\n        <\/div>\n        <div class=\"cta-table-row alt\">\n          <span class=\"cta-td-name\">Mart\u00ednez Ruiz, A.<\/span>\n          <span class=\"cta-td-type\">Acc. AT<\/span>\n          <span class=\"cta-td-days warn\">31<\/span>\n          <span class=\"cta-td-status cta-status-curso\">En curso<\/span>\n        <\/div>\n        <div class=\"cta-table-row\">\n          <span class=\"cta-td-name\">S\u00e1nchez Torres, L.<\/span>\n          <span class=\"cta-td-type\">Enf. CC<\/span>\n          <span class=\"cta-td-days\">5<\/span>\n          <span class=\"cta-td-status cta-status-alta\">Alta<\/span>\n        <\/div>\n\n        <div class=\"cta-kpis\">\n          <div class=\"cta-kpi\">\n            <div class=\"cta-kpi-label\">Tasa<\/div>\n            <div class=\"cta-kpi-value blue\">3,8%<\/div>\n          <\/div>\n          <div class=\"cta-kpi\">\n            <div class=\"cta-kpi-label\">Coste<\/div>\n            <div class=\"cta-kpi-value orange\">8.480\u20ac<\/div>\n          <\/div>\n          <div class=\"cta-kpi\">\n            <div class=\"cta-kpi-label\">Activas<\/div>\n            <div class=\"cta-kpi-value teal\">2<\/div>\n          <\/div>\n        <\/div>\n\n        <div class=\"cta-bars\">\n          <div class=\"cta-bar-row\">\n            <span class=\"cta-bar-label\">Oper.<\/span>\n            <div class=\"cta-bar-track\"><div class=\"cta-bar-fill\" style=\"width:82%\"><\/div><\/div>\n            <span class=\"cta-bar-value\">31<\/span>\n          <\/div>\n          <div class=\"cta-bar-row\">\n            <span class=\"cta-bar-label\">Vent.<\/span>\n            <div class=\"cta-bar-track\"><div class=\"cta-bar-fill\" style=\"width:45%\"><\/div><\/div>\n            <span class=\"cta-bar-value\">17<\/span>\n          <\/div>\n          <div class=\"cta-bar-row\">\n            <span class=\"cta-bar-label\">Ing.<\/span>\n            <div class=\"cta-bar-track\"><div class=\"cta-bar-fill\" style=\"width:32%\"><\/div><\/div>\n            <span class=\"cta-bar-value\">12<\/span>\n          <\/div>\n        <\/div>\n\n      <\/div>\n    <\/div>\n  <\/div>\n<\/div>\n\n\n<h2 class=\"wp-block-heading\">C\u00f3mo evoluciona el problema si no se corrige<\/h2>\n\n\n\n<p>Uno de los errores m\u00e1s habituales es no dar importancia a las primeras molestias. El dolor de espalda <strong>suele comenzar de forma leve<\/strong>: peque\u00f1as molestias al final de la jornada, rigidez por la ma\u00f1ana o incomodidad al estar sentado. Sin embargo, cuando no se act\u00faa, la situaci\u00f3n evoluciona.<\/p>\n\n\n\n<p>Primero aparece una mayor frecuencia del dolor. Despu\u00e9s, una limitaci\u00f3n en el movimiento o en la capacidad de concentraci\u00f3n. Finalmente, puede derivar en una baja laboral.<\/p>\n\n\n\n<p>Desde el punto de vista de la empresa, este proceso tiene un impacto claro:<\/p>\n\n\n\n<ul class=\"wp-block-list\">\n<li>Disminuye la productividad progresivamente.<\/li>\n\n\n\n<li>Aumentan los errores.<\/li>\n\n\n\n<li>Se genera sobrecarga en otros empleados.<\/li>\n\n\n\n<li>Aparecen bajas repetitivas.<\/li>\n<\/ul>\n\n\n\n<p>Actuar en fases tempranas es clave para evitar este ciclo.<\/p>\n\n\n\n<h2 class=\"wp-block-heading\">El impacto real en las empresas<\/h2>\n\n\n\n<p>El dolor de espalda es <strong>una de las principales causas de baja laboral en Espa\u00f1a y Europa<\/strong>. Sin embargo, su impacto no se limita a las ausencias.<\/p>\n\n\n\n<p>Tambi\u00e9n genera lo que se conoce como \u201cpresentismo\u201d: empleados que acuden al trabajo, pero con un rendimiento reducido debido al dolor.<\/p>\n\n\n\n<p>Esto implica:<\/p>\n\n\n\n<ul class=\"wp-block-list\">\n<li><strong>Menor eficiencia en tareas clave<\/strong>. El empleado tarda m\u00e1s en completar su trabajo y necesita m\u00e1s esfuerzo para mantener el ritmo habitual. Esto afecta directamente a la productividad del equipo.<\/li>\n\n\n\n<li><strong>Mayor tiempo para completar trabajos<\/strong>. Procesos que antes eran \u00e1giles se ralentizan, generando cuellos de botella y retrasos en proyectos.<\/li>\n\n\n\n<li><strong>Menor calidad en la ejecuci\u00f3n<\/strong>. El dolor reduce la concentraci\u00f3n, lo que aumenta la probabilidad de errores y retrabajos.<\/li>\n\n\n\n<li><strong>Aumento de la fatiga general del equipo<\/strong>. El esfuerzo adicional y la incomodidad constante terminan afectando al estado f\u00edsico y mental del trabajador.<\/li>\n<\/ul>\n\n\n\n<p>Adem\u00e1s, cuando varios empleados presentan molestias similares, el problema deja de ser individual y pasa a ser organizativo. Por eso, el dolor espalda trabajo debe abordarse como un indicador de funcionamiento interno, no solo como un problema m\u00e9dico.<\/p>\n\n\n\n<figure class=\"wp-block-image size-full\"><img loading=\"lazy\" decoding=\"async\" width=\"800\" height=\"533\" src=\"https:\/\/www.saludonnet.com\/empresas\/blog\/wp-content\/uploads\/2026\/04\/Dolor-de-espalda-2.png\" alt=\"\" class=\"wp-image-2804\" srcset=\"https:\/\/www.saludonnet.com\/empresas\/blog\/wp-content\/uploads\/2026\/04\/Dolor-de-espalda-2.png 800w, https:\/\/www.saludonnet.com\/empresas\/blog\/wp-content\/uploads\/2026\/04\/Dolor-de-espalda-2-300x200.png 300w, https:\/\/www.saludonnet.com\/empresas\/blog\/wp-content\/uploads\/2026\/04\/Dolor-de-espalda-2-768x512.png 768w, https:\/\/www.saludonnet.com\/empresas\/blog\/wp-content\/uploads\/2026\/04\/Dolor-de-espalda-2-512x341.png 512w\" sizes=\"auto, (max-width: 800px) 100vw, 800px\" \/><\/figure>\n\n\n\n<h2 class=\"wp-block-heading\">Se\u00f1ales de alerta que muchas empresas pasan por alto<\/h2>\n\n\n\n<p>Antes de que aparezca una baja laboral, existen se\u00f1ales claras que permiten anticiparse. Entre las m\u00e1s habituales se encuentran:<\/p>\n\n\n\n<ul class=\"wp-block-list\">\n<li><strong>Quejas frecuentes de molestias lumbares o cervicales<\/strong>. Aunque puedan parecer puntuales, cuando se repiten indican un problema estructural en el puesto de trabajo o en los h\u00e1bitos del empleado.<\/li>\n\n\n\n<li><strong>Cambios en la postura durante la jornada<\/strong>. El trabajador se mueve constantemente, cambia de posici\u00f3n o muestra incomodidad, lo que refleja que no est\u00e1 trabajando en condiciones adecuadas.<\/li>\n\n\n\n<li><strong>Necesidad de levantarse o moverse<\/strong> con frecuencia. No siempre es positivo; en muchos casos responde a la incapacidad de mantener una postura sin dolor.<\/li>\n\n\n\n<li><strong>Disminuci\u00f3n de la concentraci\u00f3n<\/strong>. El dolor interfiere en la atenci\u00f3n, afectando al rendimiento y aumentando los errores.<\/li>\n\n\n\n<li><strong>Mayor irritabilidad o fatiga<\/strong>. El malestar f\u00edsico continuado termina impactando en el estado emocional del empleado.<\/li>\n<\/ul>\n\n\n\n<p>Estas se\u00f1ales suelen normalizarse dentro del equipo, pero son indicadores claros de riesgo. Detectarlas a tiempo permite intervenir antes de que el problema se convierta en una baja.<\/p>\n\n\n\n<h2 class=\"wp-block-heading\">C\u00f3mo evitar el dolor de espalda en el trabajo<\/h2>\n\n\n\n<p>Reducir el dolor de espalda en el entorno laboral no requiere soluciones complejas, pero s\u00ed un enfoque estructurado.<\/p>\n\n\n\n<h3 class=\"wp-block-heading\">Ergonom\u00eda: el punto de partida<\/h3>\n\n\n\n<p>La ergonom\u00eda es la base de la prevenci\u00f3n. Un puesto de trabajo correctamente ajustado reduce de forma significativa la aparici\u00f3n de molestias. Esto implica:<\/p>\n\n\n\n<ul class=\"wp-block-list\">\n<li><strong>Sillas con soporte lumbar adecuado<\/strong>. Permiten mantener la curvatura natural de la espalda y reducen la presi\u00f3n en la zona lumbar durante largas jornadas.<\/li>\n\n\n\n<li><strong>Pantallas a la altura de los ojos<\/strong>. Evitan la flexi\u00f3n constante del cuello, una de las principales causas de dolor cervical.<\/li>\n\n\n\n<li><strong>Mesas a una altura correcta<\/strong>. Facilitan una postura neutra de brazos y hombros, evitando tensiones innecesarias.<\/li>\n\n\n\n<li><strong>Teclados y ratones bien posicionados<\/strong>. Reducen la sobrecarga en mu\u00f1ecas y hombros, mejorando la comodidad general.<\/li>\n<\/ul>\n\n\n\n<p>Aunque puede parecer una inversi\u00f3n menor, el impacto es alto. Muchas empresas reducen significativamente las bajas relacionadas con la espalda tras realizar ajustes ergon\u00f3micos.<\/p>\n\n\n\n<h3 class=\"wp-block-heading\">Movimiento: la clave que m\u00e1s se infravalora<\/h3>\n\n\n\n<p>El segundo gran factor es el movimiento. Incluso con una buena ergonom\u00eda, permanecer sentado durante horas sigue siendo perjudicial. <strong>Introducir pausas activas<\/strong> es fundamental. No se trata de grandes cambios, sino de h\u00e1bitos:<\/p>\n\n\n\n<ul class=\"wp-block-list\">\n<li>Levantarse cada 45-60 minutos.<\/li>\n\n\n\n<li>Estirar la espalda y el cuello.<\/li>\n\n\n\n<li>Caminar brevemente.<\/li>\n<\/ul>\n\n\n\n<p>Este tipo de acciones mejora la circulaci\u00f3n, reduce la rigidez y previene el dolor.<\/p>\n\n\n\n<h3 class=\"wp-block-heading\">Formaci\u00f3n: cambiar h\u00e1bitos<\/h3>\n\n\n\n<p>Muchos problemas de espalda se deben a h\u00e1bitos incorrectos. <strong>Formar a los empleados en higiene postural<\/strong> permite corregir errores comunes:<\/p>\n\n\n\n<ul class=\"wp-block-list\">\n<li>Encorvarse frente al ordenador.<\/li>\n\n\n\n<li>Girar el cuello de forma forzada.<\/li>\n\n\n\n<li>Adoptar posturas asim\u00e9tricas.<\/li>\n<\/ul>\n\n\n\n<p>La formaci\u00f3n no solo mejora la salud, sino que tambi\u00e9n aumenta la conciencia sobre el problema.<\/p>\n\n\n\n<h3 class=\"wp-block-heading\">Gesti\u00f3n del estr\u00e9s: un factor invisible<\/h3>\n\n\n\n<p>El estr\u00e9s laboral tiene un impacto directo en la espalda. <strong>La tensi\u00f3n acumulada provoca contracci\u00f3n muscular<\/strong>, especialmente en la zona cervical y dorsal. Esto intensifica el dolor y dificulta la recuperaci\u00f3n.<\/p>\n\n\n\n<p>Reducir la presi\u00f3n excesiva, mejorar la organizaci\u00f3n del trabajo y ofrecer apoyo psicol\u00f3gico puede tener un efecto directo en la reducci\u00f3n de molestias f\u00edsicas.<\/p>\n\n\n\n<h2 class=\"wp-block-heading\">Por qu\u00e9 muchas empresas no consiguen reducir este problema<\/h2>\n\n\n\n<p>A pesar de conocer estas medidas, muchas empresas no logran reducir el dolor espalda trabajo de forma efectiva. El motivo principal es que aplican soluciones aisladas.<\/p>\n\n\n\n<p>Por ejemplo:<\/p>\n\n\n\n<ul class=\"wp-block-list\">\n<li>Cambiar sillas sin revisar h\u00e1bitos.<\/li>\n\n\n\n<li>Dar formaci\u00f3n sin modificar la organizaci\u00f3n.<\/li>\n\n\n\n<li>Actuar solo cuando aparece la baja.<\/li>\n<\/ul>\n\n\n\n<p>Este enfoque reactivo tiene un impacto limitado. La mejora real se produce cuando se combinan varias acciones de forma coherente.<\/p>\n\n\n\n<h2 class=\"wp-block-heading\">C\u00f3mo implementar una estrategia eficaz en la empresa<\/h2>\n\n\n\n<p>Reducir el dolor de espalda requiere un enfoque estructurado. Las empresas que consiguen resultados suelen seguir un proceso claro:<\/p>\n\n\n\n<ul class=\"wp-block-list\">\n<li>Primero, <strong>analizan la situaci\u00f3n real<\/strong>. Identifican qu\u00e9 puestos tienen m\u00e1s incidencia y por qu\u00e9.<\/li>\n\n\n\n<li>Despu\u00e9s, <strong>priorizan acciones<\/strong>. No todo tiene el mismo impacto, por lo que es clave centrarse en lo que realmente reduce el problema.<\/li>\n\n\n\n<li>A continuaci\u00f3n, <strong>implementan medidas progresivas<\/strong>. Cambios en ergonom\u00eda, pausas activas y formaci\u00f3n suelen ser los primeros pasos.<\/li>\n\n\n\n<li>Por \u00faltimo, <strong>miden resultados<\/strong>. Evaluar la evoluci\u00f3n permite ajustar la estrategia y mejorarla.<\/li>\n<\/ul>\n\n\n\n<p>Este enfoque evita soluciones superficiales y genera cambios sostenidos.<\/p>\n\n\n\n<h2 class=\"wp-block-heading\">El papel de la salud preventiva en la reducci\u00f3n del absentismo<\/h2>\n\n\n\n<p>Uno de los factores m\u00e1s determinantes es <strong>el acceso a la salud<\/strong>. Cuando un empleado tiene dolor de espalda y tardas semanas en acceder a un especialista, el problema se agrava.<\/p>\n\n\n\n<p>En cambio, cuando la atenci\u00f3n es r\u00e1pida:<\/p>\n\n\n\n<ul class=\"wp-block-list\">\n<li>El diagn\u00f3stico es precoz.<\/li>\n\n\n\n<li>El tratamiento se inicia antes.<\/li>\n\n\n\n<li>La recuperaci\u00f3n es m\u00e1s r\u00e1pida.<\/li>\n<\/ul>\n\n\n\n<p>Esto reduce tanto la duraci\u00f3n como la frecuencia de las bajas.<\/p>\n\n\n\n<p>En este contexto, la salud preventiva deja de ser un beneficio para convertirse en una herramienta de gesti\u00f3n.<\/p>\n\n\n\n<h2 class=\"wp-block-heading\">Anticiparse siempre es m\u00e1s rentable que reaccionar<\/h2>\n\n\n\n<p>El dolor de espalda en el trabajo es previsible y, en gran medida, evitable.<\/p>\n\n\n\n<p>Las empresas que esperan a que aparezcan las bajas reaccionan tarde. En cambio, aquellas que se anticipan consiguen:<\/p>\n\n\n\n<ul class=\"wp-block-list\">\n<li>Reducir el absentismo.<\/li>\n\n\n\n<li>Mejorar la productividad.<\/li>\n\n\n\n<li>Aumentar el bienestar del equipo.<\/li>\n<\/ul>\n\n\n\n<p>No se trata de grandes inversiones, sino de decisiones coherentes.<\/p>\n\n\n\n<p>En <strong>SaludOnNet<\/strong>, las empresas pueden ofrecer acceso r\u00e1pido a especialistas, pruebas diagn\u00f3sticas y servicios de fisioterapia, lo que permite actuar ante las primeras molestias, evitar bajas laborales y mejorar el rendimiento del equipo de forma sostenida.<\/p>\n","protected":false},"excerpt":{"rendered":"Dolor de espalda en el trabajo: causas, consecuencias y c\u00f3mo prevenirlo para reducir bajas laborales y mejorar la productividad.","protected":false},"author":4,"featured_media":2803,"comment_status":"closed","ping_status":"open","sticky":false,"template":"","format":"standard","meta":{"_monsterinsights_skip_tracking":false,"_monsterinsights_sitenote_active":false,"_monsterinsights_sitenote_note":"","_monsterinsights_sitenote_category":0,"csco_display_header_overlay":false,"csco_singular_sidebar":"","csco_page_header_type":"","footnotes":""},"categories":[138],"tags":[],"class_list":{"0":"post-2799","1":"post","2":"type-post","3":"status-publish","4":"format-standard","5":"has-post-thumbnail","7":"category-salud-fisica-y-prevencion","8":"cs-entry"},"yoast_head":"<!-- This site is optimized with the Yoast SEO plugin v27.4 - https:\/\/yoast.com\/product\/yoast-seo-wordpress\/ -->\n<title>Dolor de espalda en el trabajo: causas y c\u00f3mo evitarlo<\/title>\n<meta name=\"description\" content=\"Dolor de espalda en el trabajo: causas, consecuencias y c\u00f3mo prevenirlo para reducir bajas laborales y mejorar la productividad.\" \/>\n<meta name=\"robots\" content=\"index, follow, max-snippet:-1, max-image-preview:large, max-video-preview:-1\" \/>\n<link rel=\"canonical\" href=\"https:\/\/www.saludonnet.com\/empresas\/blog\/dolor-de-espalda-en-el-trabajo-causas-y-como-evitarlo\/\" \/>\n<meta property=\"og:locale\" content=\"es_ES\" \/>\n<meta property=\"og:type\" content=\"article\" \/>\n<meta property=\"og:title\" content=\"Dolor de espalda en el trabajo: causas y c\u00f3mo evitarlo\" \/>\n<meta property=\"og:description\" content=\"Dolor de espalda en el trabajo: causas, consecuencias y c\u00f3mo prevenirlo para reducir bajas laborales y mejorar la productividad.\" \/>\n<meta property=\"og:url\" content=\"https:\/\/www.saludonnet.com\/empresas\/blog\/dolor-de-espalda-en-el-trabajo-causas-y-como-evitarlo\/\" \/>\n<meta property=\"og:site_name\" content=\"Blog SaludOnNet Empresas\" \/>\n<meta property=\"article:published_time\" content=\"2026-04-16T11:26:48+00:00\" \/>\n<meta property=\"article:modified_time\" content=\"2026-04-24T09:37:35+00:00\" \/>\n<meta property=\"og:image\" content=\"https:\/\/www.saludonnet.com\/empresas\/blog\/wp-content\/uploads\/2026\/04\/Dolor-de-espalda.png\" \/>\n\t<meta property=\"og:image:width\" content=\"800\" \/>\n\t<meta property=\"og:image:height\" content=\"533\" \/>\n\t<meta property=\"og:image:type\" content=\"image\/png\" \/>\n<meta name=\"author\" content=\"Araceli Rodr\u00edguez\" \/>\n<meta name=\"twitter:card\" content=\"summary_large_image\" \/>\n<meta name=\"twitter:title\" content=\"Dolor de espalda en el trabajo: causas y c\u00f3mo evitarlo\" \/>\n<meta name=\"twitter:description\" content=\"Dolor de espalda en el trabajo: causas, consecuencias y c\u00f3mo prevenirlo para reducir bajas laborales y mejorar la productividad.\" \/>\n<meta name=\"twitter:image\" content=\"https:\/\/www.saludonnet.com\/empresas\/blog\/wp-content\/uploads\/2026\/04\/Dolor-de-espalda.png\" \/>\n<meta name=\"twitter:label1\" content=\"Escrito por\" \/>\n\t<meta name=\"twitter:data1\" content=\"Araceli Rodr\u00edguez\" \/>\n\t<meta name=\"twitter:label2\" content=\"Tiempo de lectura\" \/>\n\t<meta name=\"twitter:data2\" content=\"1 minuto\" \/>\n<script type=\"application\/ld+json\" class=\"yoast-schema-graph\">{\"@context\":\"https:\\\/\\\/schema.org\",\"@graph\":[{\"@type\":\"Article\",\"@id\":\"https:\\\/\\\/www.saludonnet.com\\\/empresas\\\/blog\\\/dolor-de-espalda-en-el-trabajo-causas-y-como-evitarlo\\\/#article\",\"isPartOf\":{\"@id\":\"https:\\\/\\\/www.saludonnet.com\\\/empresas\\\/blog\\\/dolor-de-espalda-en-el-trabajo-causas-y-como-evitarlo\\\/\"},\"author\":{\"name\":\"Araceli Rodr\u00edguez\",\"@id\":\"https:\\\/\\\/www.saludonnet.com\\\/empresas\\\/blog\\\/#\\\/schema\\\/person\\\/e371375fa0157161de4afd2e66d3874e\"},\"headline\":\"Dolor de espalda en el trabajo: causas y c\u00f3mo evitarlo\",\"datePublished\":\"2026-04-16T11:26:48+00:00\",\"dateModified\":\"2026-04-24T09:37:35+00:00\",\"mainEntityOfPage\":{\"@id\":\"https:\\\/\\\/www.saludonnet.com\\\/empresas\\\/blog\\\/dolor-de-espalda-en-el-trabajo-causas-y-como-evitarlo\\\/\"},\"wordCount\":1589,\"publisher\":{\"@id\":\"https:\\\/\\\/www.saludonnet.com\\\/empresas\\\/blog\\\/#organization\"},\"image\":{\"@id\":\"https:\\\/\\\/www.saludonnet.com\\\/empresas\\\/blog\\\/dolor-de-espalda-en-el-trabajo-causas-y-como-evitarlo\\\/#primaryimage\"},\"thumbnailUrl\":\"https:\\\/\\\/www.saludonnet.com\\\/empresas\\\/blog\\\/wp-content\\\/uploads\\\/2026\\\/04\\\/Dolor-de-espalda.png\",\"articleSection\":[\"Salud f\u00edsica y prevenci\u00f3n\"],\"inLanguage\":\"es\"},{\"@type\":\"WebPage\",\"@id\":\"https:\\\/\\\/www.saludonnet.com\\\/empresas\\\/blog\\\/dolor-de-espalda-en-el-trabajo-causas-y-como-evitarlo\\\/\",\"url\":\"https:\\\/\\\/www.saludonnet.com\\\/empresas\\\/blog\\\/dolor-de-espalda-en-el-trabajo-causas-y-como-evitarlo\\\/\",\"name\":\"Dolor de espalda en el trabajo: causas y c\u00f3mo evitarlo\",\"isPartOf\":{\"@id\":\"https:\\\/\\\/www.saludonnet.com\\\/empresas\\\/blog\\\/#website\"},\"primaryImageOfPage\":{\"@id\":\"https:\\\/\\\/www.saludonnet.com\\\/empresas\\\/blog\\\/dolor-de-espalda-en-el-trabajo-causas-y-como-evitarlo\\\/#primaryimage\"},\"image\":{\"@id\":\"https:\\\/\\\/www.saludonnet.com\\\/empresas\\\/blog\\\/dolor-de-espalda-en-el-trabajo-causas-y-como-evitarlo\\\/#primaryimage\"},\"thumbnailUrl\":\"https:\\\/\\\/www.saludonnet.com\\\/empresas\\\/blog\\\/wp-content\\\/uploads\\\/2026\\\/04\\\/Dolor-de-espalda.png\",\"datePublished\":\"2026-04-16T11:26:48+00:00\",\"dateModified\":\"2026-04-24T09:37:35+00:00\",\"description\":\"Dolor de espalda en el trabajo: causas, consecuencias y c\u00f3mo prevenirlo para reducir bajas laborales y mejorar la productividad.\",\"breadcrumb\":{\"@id\":\"https:\\\/\\\/www.saludonnet.com\\\/empresas\\\/blog\\\/dolor-de-espalda-en-el-trabajo-causas-y-como-evitarlo\\\/#breadcrumb\"},\"inLanguage\":\"es\",\"potentialAction\":[{\"@type\":\"ReadAction\",\"target\":[\"https:\\\/\\\/www.saludonnet.com\\\/empresas\\\/blog\\\/dolor-de-espalda-en-el-trabajo-causas-y-como-evitarlo\\\/\"]}]},{\"@type\":\"ImageObject\",\"inLanguage\":\"es\",\"@id\":\"https:\\\/\\\/www.saludonnet.com\\\/empresas\\\/blog\\\/dolor-de-espalda-en-el-trabajo-causas-y-como-evitarlo\\\/#primaryimage\",\"url\":\"https:\\\/\\\/www.saludonnet.com\\\/empresas\\\/blog\\\/wp-content\\\/uploads\\\/2026\\\/04\\\/Dolor-de-espalda.png\",\"contentUrl\":\"https:\\\/\\\/www.saludonnet.com\\\/empresas\\\/blog\\\/wp-content\\\/uploads\\\/2026\\\/04\\\/Dolor-de-espalda.png\",\"width\":800,\"height\":533,\"caption\":\"hombre en oficina con dolor de espalda\"},{\"@type\":\"BreadcrumbList\",\"@id\":\"https:\\\/\\\/www.saludonnet.com\\\/empresas\\\/blog\\\/dolor-de-espalda-en-el-trabajo-causas-y-como-evitarlo\\\/#breadcrumb\",\"itemListElement\":[{\"@type\":\"ListItem\",\"position\":1,\"name\":\"Portada\",\"item\":\"https:\\\/\\\/www.saludonnet.com\\\/empresas\\\/blog\\\/\"},{\"@type\":\"ListItem\",\"position\":2,\"name\":\"Dolor de espalda en el trabajo: causas y c\u00f3mo evitarlo\"}]},{\"@type\":\"WebSite\",\"@id\":\"https:\\\/\\\/www.saludonnet.com\\\/empresas\\\/blog\\\/#website\",\"url\":\"https:\\\/\\\/www.saludonnet.com\\\/empresas\\\/blog\\\/\",\"name\":\"Blog SaludOnNet Empresas\",\"description\":\"\",\"publisher\":{\"@id\":\"https:\\\/\\\/www.saludonnet.com\\\/empresas\\\/blog\\\/#organization\"},\"potentialAction\":[{\"@type\":\"SearchAction\",\"target\":{\"@type\":\"EntryPoint\",\"urlTemplate\":\"https:\\\/\\\/www.saludonnet.com\\\/empresas\\\/blog\\\/?s={search_term_string}\"},\"query-input\":{\"@type\":\"PropertyValueSpecification\",\"valueRequired\":true,\"valueName\":\"search_term_string\"}}],\"inLanguage\":\"es\"},{\"@type\":\"Organization\",\"@id\":\"https:\\\/\\\/www.saludonnet.com\\\/empresas\\\/blog\\\/#organization\",\"name\":\"Blog SaludOnNet Empresas\",\"url\":\"https:\\\/\\\/www.saludonnet.com\\\/empresas\\\/blog\\\/\",\"logo\":{\"@type\":\"ImageObject\",\"inLanguage\":\"es\",\"@id\":\"https:\\\/\\\/www.saludonnet.com\\\/empresas\\\/blog\\\/#\\\/schema\\\/logo\\\/image\\\/\",\"url\":\"https:\\\/\\\/www.saludonnet.com\\\/empresas\\\/blog\\\/wp-content\\\/uploads\\\/2026\\\/03\\\/son-logo.png\",\"contentUrl\":\"https:\\\/\\\/www.saludonnet.com\\\/empresas\\\/blog\\\/wp-content\\\/uploads\\\/2026\\\/03\\\/son-logo.png\",\"width\":1140,\"height\":384,\"caption\":\"Blog SaludOnNet Empresas\"},\"image\":{\"@id\":\"https:\\\/\\\/www.saludonnet.com\\\/empresas\\\/blog\\\/#\\\/schema\\\/logo\\\/image\\\/\"}},{\"@type\":\"Person\",\"@id\":\"https:\\\/\\\/www.saludonnet.com\\\/empresas\\\/blog\\\/#\\\/schema\\\/person\\\/e371375fa0157161de4afd2e66d3874e\",\"name\":\"Araceli Rodr\u00edguez\",\"image\":{\"@type\":\"ImageObject\",\"inLanguage\":\"es\",\"@id\":\"https:\\\/\\\/www.saludonnet.com\\\/empresas\\\/blog\\\/wp-content\\\/uploads\\\/2026\\\/04\\\/cropped-Foto-araceli-96x96.jpg\",\"url\":\"https:\\\/\\\/www.saludonnet.com\\\/empresas\\\/blog\\\/wp-content\\\/uploads\\\/2026\\\/04\\\/cropped-Foto-araceli-96x96.jpg\",\"contentUrl\":\"https:\\\/\\\/www.saludonnet.com\\\/empresas\\\/blog\\\/wp-content\\\/uploads\\\/2026\\\/04\\\/cropped-Foto-araceli-96x96.jpg\",\"caption\":\"Araceli Rodr\u00edguez\"},\"url\":\"https:\\\/\\\/www.saludonnet.com\\\/empresas\\\/blog\\\/author\\\/araceli\\\/\"}]}<\/script>\n<!-- \/ Yoast SEO plugin. -->","yoast_head_json":{"title":"Dolor de espalda en el trabajo: causas y c\u00f3mo evitarlo","description":"Dolor de espalda en el trabajo: causas, consecuencias y c\u00f3mo prevenirlo para reducir bajas laborales y mejorar la productividad.","robots":{"index":"index","follow":"follow","max-snippet":"max-snippet:-1","max-image-preview":"max-image-preview:large","max-video-preview":"max-video-preview:-1"},"canonical":"https:\/\/www.saludonnet.com\/empresas\/blog\/dolor-de-espalda-en-el-trabajo-causas-y-como-evitarlo\/","og_locale":"es_ES","og_type":"article","og_title":"Dolor de espalda en el trabajo: causas y c\u00f3mo evitarlo","og_description":"Dolor de espalda en el trabajo: causas, consecuencias y c\u00f3mo prevenirlo para reducir bajas laborales y mejorar la productividad.","og_url":"https:\/\/www.saludonnet.com\/empresas\/blog\/dolor-de-espalda-en-el-trabajo-causas-y-como-evitarlo\/","og_site_name":"Blog SaludOnNet Empresas","article_published_time":"2026-04-16T11:26:48+00:00","article_modified_time":"2026-04-24T09:37:35+00:00","og_image":[{"width":800,"height":533,"url":"https:\/\/www.saludonnet.com\/empresas\/blog\/wp-content\/uploads\/2026\/04\/Dolor-de-espalda.png","type":"image\/png"}],"author":"Araceli Rodr\u00edguez","twitter_card":"summary_large_image","twitter_title":"Dolor de espalda en el trabajo: causas y c\u00f3mo evitarlo","twitter_description":"Dolor de espalda en el trabajo: causas, consecuencias y c\u00f3mo prevenirlo para reducir bajas laborales y mejorar la productividad.","twitter_image":"https:\/\/www.saludonnet.com\/empresas\/blog\/wp-content\/uploads\/2026\/04\/Dolor-de-espalda.png","twitter_misc":{"Escrito por":"Araceli Rodr\u00edguez","Tiempo de lectura":"1 minuto"},"schema":{"@context":"https:\/\/schema.org","@graph":[{"@type":"Article","@id":"https:\/\/www.saludonnet.com\/empresas\/blog\/dolor-de-espalda-en-el-trabajo-causas-y-como-evitarlo\/#article","isPartOf":{"@id":"https:\/\/www.saludonnet.com\/empresas\/blog\/dolor-de-espalda-en-el-trabajo-causas-y-como-evitarlo\/"},"author":{"name":"Araceli Rodr\u00edguez","@id":"https:\/\/www.saludonnet.com\/empresas\/blog\/#\/schema\/person\/e371375fa0157161de4afd2e66d3874e"},"headline":"Dolor de espalda en el trabajo: causas y c\u00f3mo evitarlo","datePublished":"2026-04-16T11:26:48+00:00","dateModified":"2026-04-24T09:37:35+00:00","mainEntityOfPage":{"@id":"https:\/\/www.saludonnet.com\/empresas\/blog\/dolor-de-espalda-en-el-trabajo-causas-y-como-evitarlo\/"},"wordCount":1589,"publisher":{"@id":"https:\/\/www.saludonnet.com\/empresas\/blog\/#organization"},"image":{"@id":"https:\/\/www.saludonnet.com\/empresas\/blog\/dolor-de-espalda-en-el-trabajo-causas-y-como-evitarlo\/#primaryimage"},"thumbnailUrl":"https:\/\/www.saludonnet.com\/empresas\/blog\/wp-content\/uploads\/2026\/04\/Dolor-de-espalda.png","articleSection":["Salud f\u00edsica y prevenci\u00f3n"],"inLanguage":"es"},{"@type":"WebPage","@id":"https:\/\/www.saludonnet.com\/empresas\/blog\/dolor-de-espalda-en-el-trabajo-causas-y-como-evitarlo\/","url":"https:\/\/www.saludonnet.com\/empresas\/blog\/dolor-de-espalda-en-el-trabajo-causas-y-como-evitarlo\/","name":"Dolor de espalda en el trabajo: causas y c\u00f3mo evitarlo","isPartOf":{"@id":"https:\/\/www.saludonnet.com\/empresas\/blog\/#website"},"primaryImageOfPage":{"@id":"https:\/\/www.saludonnet.com\/empresas\/blog\/dolor-de-espalda-en-el-trabajo-causas-y-como-evitarlo\/#primaryimage"},"image":{"@id":"https:\/\/www.saludonnet.com\/empresas\/blog\/dolor-de-espalda-en-el-trabajo-causas-y-como-evitarlo\/#primaryimage"},"thumbnailUrl":"https:\/\/www.saludonnet.com\/empresas\/blog\/wp-content\/uploads\/2026\/04\/Dolor-de-espalda.png","datePublished":"2026-04-16T11:26:48+00:00","dateModified":"2026-04-24T09:37:35+00:00","description":"Dolor de espalda en el trabajo: causas, consecuencias y c\u00f3mo prevenirlo para reducir bajas laborales y mejorar la productividad.","breadcrumb":{"@id":"https:\/\/www.saludonnet.com\/empresas\/blog\/dolor-de-espalda-en-el-trabajo-causas-y-como-evitarlo\/#breadcrumb"},"inLanguage":"es","potentialAction":[{"@type":"ReadAction","target":["https:\/\/www.saludonnet.com\/empresas\/blog\/dolor-de-espalda-en-el-trabajo-causas-y-como-evitarlo\/"]}]},{"@type":"ImageObject","inLanguage":"es","@id":"https:\/\/www.saludonnet.com\/empresas\/blog\/dolor-de-espalda-en-el-trabajo-causas-y-como-evitarlo\/#primaryimage","url":"https:\/\/www.saludonnet.com\/empresas\/blog\/wp-content\/uploads\/2026\/04\/Dolor-de-espalda.png","contentUrl":"https:\/\/www.saludonnet.com\/empresas\/blog\/wp-content\/uploads\/2026\/04\/Dolor-de-espalda.png","width":800,"height":533,"caption":"hombre en oficina con dolor de espalda"},{"@type":"BreadcrumbList","@id":"https:\/\/www.saludonnet.com\/empresas\/blog\/dolor-de-espalda-en-el-trabajo-causas-y-como-evitarlo\/#breadcrumb","itemListElement":[{"@type":"ListItem","position":1,"name":"Portada","item":"https:\/\/www.saludonnet.com\/empresas\/blog\/"},{"@type":"ListItem","position":2,"name":"Dolor de espalda en el trabajo: causas y c\u00f3mo evitarlo"}]},{"@type":"WebSite","@id":"https:\/\/www.saludonnet.com\/empresas\/blog\/#website","url":"https:\/\/www.saludonnet.com\/empresas\/blog\/","name":"Blog SaludOnNet Empresas","description":"","publisher":{"@id":"https:\/\/www.saludonnet.com\/empresas\/blog\/#organization"},"potentialAction":[{"@type":"SearchAction","target":{"@type":"EntryPoint","urlTemplate":"https:\/\/www.saludonnet.com\/empresas\/blog\/?s={search_term_string}"},"query-input":{"@type":"PropertyValueSpecification","valueRequired":true,"valueName":"search_term_string"}}],"inLanguage":"es"},{"@type":"Organization","@id":"https:\/\/www.saludonnet.com\/empresas\/blog\/#organization","name":"Blog SaludOnNet Empresas","url":"https:\/\/www.saludonnet.com\/empresas\/blog\/","logo":{"@type":"ImageObject","inLanguage":"es","@id":"https:\/\/www.saludonnet.com\/empresas\/blog\/#\/schema\/logo\/image\/","url":"https:\/\/www.saludonnet.com\/empresas\/blog\/wp-content\/uploads\/2026\/03\/son-logo.png","contentUrl":"https:\/\/www.saludonnet.com\/empresas\/blog\/wp-content\/uploads\/2026\/03\/son-logo.png","width":1140,"height":384,"caption":"Blog SaludOnNet Empresas"},"image":{"@id":"https:\/\/www.saludonnet.com\/empresas\/blog\/#\/schema\/logo\/image\/"}},{"@type":"Person","@id":"https:\/\/www.saludonnet.com\/empresas\/blog\/#\/schema\/person\/e371375fa0157161de4afd2e66d3874e","name":"Araceli Rodr\u00edguez","image":{"@type":"ImageObject","inLanguage":"es","@id":"https:\/\/www.saludonnet.com\/empresas\/blog\/wp-content\/uploads\/2026\/04\/cropped-Foto-araceli-96x96.jpg","url":"https:\/\/www.saludonnet.com\/empresas\/blog\/wp-content\/uploads\/2026\/04\/cropped-Foto-araceli-96x96.jpg","contentUrl":"https:\/\/www.saludonnet.com\/empresas\/blog\/wp-content\/uploads\/2026\/04\/cropped-Foto-araceli-96x96.jpg","caption":"Araceli Rodr\u00edguez"},"url":"https:\/\/www.saludonnet.com\/empresas\/blog\/author\/araceli\/"}]}},"_links":{"self":[{"href":"https:\/\/www.saludonnet.com\/empresas\/blog\/wp-json\/wp\/v2\/posts\/2799","targetHints":{"allow":["GET"]}}],"collection":[{"href":"https:\/\/www.saludonnet.com\/empresas\/blog\/wp-json\/wp\/v2\/posts"}],"about":[{"href":"https:\/\/www.saludonnet.com\/empresas\/blog\/wp-json\/wp\/v2\/types\/post"}],"author":[{"embeddable":true,"href":"https:\/\/www.saludonnet.com\/empresas\/blog\/wp-json\/wp\/v2\/users\/4"}],"replies":[{"embeddable":true,"href":"https:\/\/www.saludonnet.com\/empresas\/blog\/wp-json\/wp\/v2\/comments?post=2799"}],"version-history":[{"count":8,"href":"https:\/\/www.saludonnet.com\/empresas\/blog\/wp-json\/wp\/v2\/posts\/2799\/revisions"}],"predecessor-version":[{"id":2834,"href":"https:\/\/www.saludonnet.com\/empresas\/blog\/wp-json\/wp\/v2\/posts\/2799\/revisions\/2834"}],"wp:featuredmedia":[{"embeddable":true,"href":"https:\/\/www.saludonnet.com\/empresas\/blog\/wp-json\/wp\/v2\/media\/2803"}],"wp:attachment":[{"href":"https:\/\/www.saludonnet.com\/empresas\/blog\/wp-json\/wp\/v2\/media?parent=2799"}],"wp:term":[{"taxonomy":"category","embeddable":true,"href":"https:\/\/www.saludonnet.com\/empresas\/blog\/wp-json\/wp\/v2\/categories?post=2799"},{"taxonomy":"post_tag","embeddable":true,"href":"https:\/\/www.saludonnet.com\/empresas\/blog\/wp-json\/wp\/v2\/tags?post=2799"}],"curies":[{"name":"wp","href":"https:\/\/api.w.org\/{rel}","templated":true}]}}