{"id":9688,"date":"2021-04-27T12:45:46","date_gmt":"2021-04-27T10:45:46","guid":{"rendered":"https:\/\/www.saludonnet.com\/blog\/?p=9688"},"modified":"2021-05-07T16:53:51","modified_gmt":"2021-05-07T14:53:51","slug":"en-que-consiste-la-paralisis-facial-y-que-tipos-hay","status":"publish","type":"post","link":"https:\/\/www.saludonnet.com\/blog\/en-que-consiste-la-paralisis-facial-y-que-tipos-hay\/","title":{"rendered":"\u00bfEn qu\u00e9 consiste la par\u00e1lisis facial y qu\u00e9 tipos hay?"},"content":{"rendered":"\n<p>La par\u00e1lisis facial es una patolog\u00eda que afecta en Espa\u00f1a a\n23 de cada 100.000 personas. Consiste en la p\u00e9rdida total o parcial de\nmovimiento voluntario de los m\u00fasculos de una parte de la cara y produce alteraciones\nest\u00e9ticas, funcionales y psicosociales. Es una disfunci\u00f3n que puede estar\nprovocada por fuertes traumatismos o ca\u00eddas, cambios bruscos de temperatura o infecciones\ncausadas por bacterias o virus. Aparece sobre todo en personas de entre 10 y 40\na\u00f1os, principalmente en aquellas que est\u00e1n inmunodeprimidos o son <strong><a href=\"https:\/\/www.saludonnet.com\/blog\/diabetes-sintomas-factores-de-riesgo-y-control-de-la-enfermedad\/\">diab\u00e9ticas<\/a><\/strong>.\nTambi\u00e9n puede darse en mujeres embarazadas. <\/p>\n\n\n\n<h2 class=\"wp-block-heading\"><strong>Tipos de par\u00e1lisis facial<\/strong> <\/h2>\n\n\n\n<p>La par\u00e1lisis o paresia facial es una patolog\u00eda que generalmente\nse recupera por s\u00ed sola, en un plazo de unas tres semanas. Obviamente, cuanto\nmenor es la disfunci\u00f3n menor ser\u00e1 el tiempo de recuperaci\u00f3n. <\/p>\n\n\n\n<p>La par\u00e1lisis facial es diferente en funci\u00f3n de la zona en la\nque se produce la paresia. As\u00ed, puede ser: <\/p>\n\n\n\n<ul class=\"wp-block-list\"><li><strong>Central<\/strong>. En estos casos la persona arruga la frente por la doble inervaci\u00f3n de la musculatura frontal. Algunos signos a tener en cuenta pueden ser un <strong>descenso de la comisura labial<\/strong>, una <strong>desviaci\u00f3n de la boca hacia el lado sano<\/strong> y la no elevaci\u00f3n de la comisura de los labios al querer mostrar los      dientes. Esta patolog\u00eda puede estar relacionada con alg\u00fan problema neurol\u00f3gico,      por lo que es recomendable que el especialista lo valore para descartar      patolog\u00edas graves como la <strong><a href=\"https:\/\/www.saludonnet.com\/blog\/que-saber-de-la-esclerosis-multiple-la-enfermedad-de-las-mil-caras\/\">esclerosis m\u00faltiple<\/a><\/strong>, determinados tumores o la esclerosis lateral amiotr\u00f3fica, entre otros.<\/li><li><strong><a href=\"https:\/\/www.elsevier.es\/es-revista-medicina-integral-63-articulo-una-paralisis-facial-periferica-12966\">Perif\u00e9rica<\/a><\/strong>. Es m\u00e1s com\u00fan y se trata de un trastorno del nervio facial o s\u00e9ptimo par craneano que controla el movimiento de los m\u00fasculos de la cara, al comprimirse afecta el movimiento de los ojos y las \u00e1reas del maxilar y la mand\u00edbula. En este caso el paciente no arruga la frente y se produce un aumento de la hendidura palpebral. Asimismo, hay un disminuci\u00f3n o ausencia de parpadeo del ojo afectado y la persona no es capaz de cerrar ese ojo. Existen muchas causas por las que se produce este tipo de par\u00e1lisis. Algunas son traum\u00e1ticas, tumorales, secundarias a patolog\u00edas del o\u00eddo o la par\u00f3tida e infecciosas. La m\u00e1s frecuente de todas es la conocida como <strong><a href=\"https:\/\/www.medigraphic.com\/pdfs\/sinergia\/rms-2019\/rms196i.pdf\">par\u00e1lisis de Bell<\/a><\/strong>. <\/li><\/ul>\n\n\n\n<h2 class=\"wp-block-heading\"><strong>Principales signos de alarma<\/strong> <\/h2>\n\n\n\n<p>La par\u00e1lisis facial suele producirse de forma brusca y es\nf\u00e1cilmente reconocible, por los signos y s\u00edntomas que aparecen en la musculatura\nfacial de la persona. Algunos son:<\/p>\n\n\n\n<ul class=\"wp-block-list\"><li>Problemas para mover la cara y asimetr\u00eda. <\/li><li>Molestias en la zona del cr\u00e1neo o del cuello, con dificultad para moverlo. <\/li><li>Imposibilidad de cerrar el globo ocular, desaparici\u00f3n del surco nasogeniano del lado afecto y desviaci\u00f3n de la comisura bucal hacia el lado sano. <\/li><li>Signo de Bell o movimiento del ojo hacia arriba y afuera del globo ocular, cuando la persona intenta cerrar el ojo. &nbsp;<\/li><li>Disminuci\u00f3n del lagrimeo ocular, hiperacusia y\/o p\u00e9rdida del gusto en los dos tercios anteriores de la lengua. <\/li><li>Diferentes molestias como dolor en regi\u00f3n mastoidea, acufenos, parestesias, molestias oculares o sabor met\u00e1lico, entre otros. <\/li><\/ul>\n\n\n\n<h2 class=\"wp-block-heading\"><strong>Diagn\u00f3stico de la par\u00e1lisis<\/strong> <\/h2>\n\n\n\n<p>El m\u00e9dico, solo con la exploraci\u00f3n f\u00edsica y la historia cl\u00ednica,\nes capaz de tener un diagn\u00f3stico adecuado sobre esta patolog\u00eda. Es frecuente\nrealizar un examen neurol\u00f3gico completo en el que se eval\u00faen el resto de pares\ncraneales, la fuerza del paciente y sus funciones superiores. Asimismo, se debe\ndistinguir el tipo de par\u00e1lisis. En la exploraci\u00f3n otol\u00f3gica deben examinarse,\ncon un otoscopio, los conductos auditivos externos y las membranas timp\u00e1nicas. <\/p>\n\n\n\n<p>El cuadro m\u00e1s frecuente es la par\u00e1lisis de Bell y no\nrequiere pruebas complementarias. No ocurre lo mismo cuando la mejor\u00eda es muy\nlenta o la par\u00e1lisis es completa. En estos casos se recomienda realizar algunas\npruebas como el electromiograma, el <strong><a href=\"https:\/\/www.saludonnet.com\/blog\/es-lo-mismo-una-resonancia-magnetica-y-un-tac\/\">TAC\no la RM<\/a><\/strong>, as\u00ed como una anal\u00edtica de sangre y, en casos extremos y prolongados\nen el tiempo, una biopsia de la gl\u00e1ndula par\u00f3tida. <\/p>\n\n\n\n<h2 class=\"wp-block-heading\"><strong>Tratamientos recomendados<\/strong> <\/h2>\n\n\n\n<p>La evoluci\u00f3n de la par\u00e1lisis facial suele ser favorable en\nla mayor\u00eda de los casos. No obstante, es importante su diagn\u00f3stico precoz para\nminimizar posibles secuelas y ayudar al 30% de los pacientes que no tiene buena\nevoluci\u00f3n. En cuanto al tratamiento, los especialistas aconsejan: <\/p>\n\n\n\n<ul class=\"wp-block-list\"><li>Protecci\u00f3n ocular con gafas de sol y pomada durante el sue\u00f1o. Estas medidas se toman para proteger el ojo de la sequedad y de la entrada de cuerpos extra\u00f1os. Asimismo, se recomiendan las l\u00e1grimas artificiales en el ojo afectado. <\/li><li>Masajes faciales, pero no estimulaci\u00f3n el\u00e9ctrica. <\/li><\/ul>\n\n\n\n<ul class=\"wp-block-list\"><li>Terapia con corticoides, que debe de comenzar en las primeras 72 horas tras el inicio de los s\u00edntomas. <\/li><li>Antivirales, en casos de par\u00e1lisis completas, de manera conjunta con los corticoides. <\/li><li>Rehabilitaci\u00f3n a trav\u00e9s de ejercicios realizados delante de un espejo. <\/li><\/ul>\n\n\n\n<p>Si tienes una par\u00e1lisis facial debes acudir al m\u00e9dico de inmediato, para que te ponga un tratamiento adecuado lo antes posible. En <strong><a href=\"https:\/\/www.saludonnet.com\/servicios-medicos\/endocrinologia-y-nutricion\/\">SaludOnNet<\/a><\/strong> contamos con especialistas dispuestos a ayudarte en lo que necesites. <\/p>\n","protected":false},"excerpt":{"rendered":"<p>La par\u00e1lisis facial es una disfunci\u00f3n que suele desaparecer pasadas tres semanas. No obstante, su diagn\u00f3stico precoz y tratamiento son muy importantes. <\/p>\n","protected":false},"author":20,"featured_media":9687,"comment_status":"open","ping_status":"open","sticky":false,"template":"","format":"standard","meta":{"footnotes":""},"categories":[69],"tags":[249],"class_list":["post-9688","post","type-post","status-publish","format-standard","has-post-thumbnail","hentry","category-otorrinolaringologia","tag-3313-consulta"],"yoast_head":"<!-- This site is optimized with the Yoast SEO plugin v27.5 - https:\/\/yoast.com\/product\/yoast-seo-wordpress\/ -->\n<title>\u00bfEn qu\u00e9 consiste la par\u00e1lisis facial y qu\u00e9 tipos hay?<\/title>\n<meta name=\"description\" content=\"La par\u00e1lisis facial es una disfunci\u00f3n que suele desaparecer pasadas tres semanas. No obstante, su diagn\u00f3stico precoz y tratamiento son muy importantes.\" \/>\n<meta name=\"robots\" content=\"index, follow, max-snippet:-1, max-image-preview:large, max-video-preview:-1\" \/>\n<link rel=\"canonical\" href=\"https:\/\/www.saludonnet.com\/blog\/en-que-consiste-la-paralisis-facial-y-que-tipos-hay\/\" \/>\n<meta property=\"og:locale\" content=\"es_ES\" \/>\n<meta property=\"og:type\" content=\"article\" \/>\n<meta property=\"og:title\" content=\"\u00bfEn qu\u00e9 consiste la par\u00e1lisis facial y qu\u00e9 tipos hay?\" \/>\n<meta property=\"og:description\" content=\"La par\u00e1lisis facial es una disfunci\u00f3n que suele desaparecer pasadas tres semanas. No obstante, su diagn\u00f3stico precoz y tratamiento son muy importantes.\" \/>\n<meta property=\"og:url\" content=\"https:\/\/www.saludonnet.com\/blog\/en-que-consiste-la-paralisis-facial-y-que-tipos-hay\/\" \/>\n<meta property=\"og:site_name\" content=\"Blog SaludOnNet\" \/>\n<meta property=\"article:publisher\" content=\"https:\/\/www.facebook.com\/pages\/SaludOnNet\/214957498526536\" \/>\n<meta property=\"article:published_time\" content=\"2021-04-27T10:45:46+00:00\" \/>\n<meta property=\"article:modified_time\" content=\"2021-05-07T14:53:51+00:00\" \/>\n<meta property=\"og:image\" content=\"https:\/\/www.saludonnet.com\/blog\/wp-content\/uploads\/2021\/04\/paralisis-facial.jpg\" \/>\n\t<meta property=\"og:image:width\" content=\"800\" \/>\n\t<meta property=\"og:image:height\" content=\"400\" \/>\n\t<meta property=\"og:image:type\" content=\"image\/jpeg\" \/>\n<meta name=\"author\" content=\"Equipo M\u00e9dico de SaludOnNet\" \/>\n<meta name=\"twitter:card\" content=\"summary_large_image\" \/>\n<meta name=\"twitter:title\" content=\"\u00bfEn qu\u00e9 consiste la par\u00e1lisis facial y qu\u00e9 tipos hay?\" \/>\n<meta name=\"twitter:description\" content=\"La par\u00e1lisis facial es una disfunci\u00f3n que suele desaparecer pasadas tres semanas. No obstante, su diagn\u00f3stico precoz y tratamiento son muy importantes.\" \/>\n<meta name=\"twitter:creator\" content=\"@saludonnet\" \/>\n<meta name=\"twitter:site\" content=\"@saludonnet\" \/>\n<meta name=\"twitter:label1\" content=\"Escrito por\" \/>\n\t<meta name=\"twitter:data1\" content=\"Equipo M\u00e9dico de SaludOnNet\" \/>\n<script type=\"application\/ld+json\" class=\"yoast-schema-graph\">{\"@context\":\"https:\\\/\\\/schema.org\",\"@graph\":[{\"@type\":\"Article\",\"@id\":\"https:\\\/\\\/www.saludonnet.com\\\/blog\\\/en-que-consiste-la-paralisis-facial-y-que-tipos-hay\\\/#article\",\"isPartOf\":{\"@id\":\"https:\\\/\\\/www.saludonnet.com\\\/blog\\\/en-que-consiste-la-paralisis-facial-y-que-tipos-hay\\\/\"},\"author\":{\"name\":\"Equipo M\u00e9dico de SaludOnNet\",\"@id\":\"https:\\\/\\\/www.saludonnet.com\\\/blog\\\/#\\\/schema\\\/person\\\/50995e01cc9d6c9f29ae18d979eeff1b\"},\"headline\":\"\u00bfEn qu\u00e9 consiste la par\u00e1lisis facial y qu\u00e9 tipos hay?\",\"datePublished\":\"2021-04-27T10:45:46+00:00\",\"dateModified\":\"2021-05-07T14:53:51+00:00\",\"mainEntityOfPage\":{\"@id\":\"https:\\\/\\\/www.saludonnet.com\\\/blog\\\/en-que-consiste-la-paralisis-facial-y-que-tipos-hay\\\/\"},\"wordCount\":893,\"commentCount\":0,\"publisher\":{\"@id\":\"https:\\\/\\\/www.saludonnet.com\\\/blog\\\/#organization\"},\"image\":{\"@id\":\"https:\\\/\\\/www.saludonnet.com\\\/blog\\\/en-que-consiste-la-paralisis-facial-y-que-tipos-hay\\\/#primaryimage\"},\"thumbnailUrl\":\"https:\\\/\\\/soncdn.azureedge.net\\\/blog\\\/wp-content\\\/uploads\\\/2021\\\/04\\\/paralisis-facial.jpg\",\"keywords\":[\"Consulta de Otorrinolaringolog\u00eda\"],\"articleSection\":[\"Otorrinolaringolog\u00eda\"],\"inLanguage\":\"es\",\"potentialAction\":[{\"@type\":\"CommentAction\",\"name\":\"Comment\",\"target\":[\"https:\\\/\\\/www.saludonnet.com\\\/blog\\\/en-que-consiste-la-paralisis-facial-y-que-tipos-hay\\\/#respond\"]}]},{\"@type\":\"WebPage\",\"@id\":\"https:\\\/\\\/www.saludonnet.com\\\/blog\\\/en-que-consiste-la-paralisis-facial-y-que-tipos-hay\\\/\",\"url\":\"https:\\\/\\\/www.saludonnet.com\\\/blog\\\/en-que-consiste-la-paralisis-facial-y-que-tipos-hay\\\/\",\"name\":\"\u00bfEn qu\u00e9 consiste la par\u00e1lisis facial y qu\u00e9 tipos hay?\",\"isPartOf\":{\"@id\":\"https:\\\/\\\/www.saludonnet.com\\\/blog\\\/#website\"},\"primaryImageOfPage\":{\"@id\":\"https:\\\/\\\/www.saludonnet.com\\\/blog\\\/en-que-consiste-la-paralisis-facial-y-que-tipos-hay\\\/#primaryimage\"},\"image\":{\"@id\":\"https:\\\/\\\/www.saludonnet.com\\\/blog\\\/en-que-consiste-la-paralisis-facial-y-que-tipos-hay\\\/#primaryimage\"},\"thumbnailUrl\":\"https:\\\/\\\/soncdn.azureedge.net\\\/blog\\\/wp-content\\\/uploads\\\/2021\\\/04\\\/paralisis-facial.jpg\",\"datePublished\":\"2021-04-27T10:45:46+00:00\",\"dateModified\":\"2021-05-07T14:53:51+00:00\",\"description\":\"La par\u00e1lisis facial es una disfunci\u00f3n que suele desaparecer pasadas tres semanas. No obstante, su diagn\u00f3stico precoz y tratamiento son muy importantes.\",\"breadcrumb\":{\"@id\":\"https:\\\/\\\/www.saludonnet.com\\\/blog\\\/en-que-consiste-la-paralisis-facial-y-que-tipos-hay\\\/#breadcrumb\"},\"inLanguage\":\"es\",\"potentialAction\":[{\"@type\":\"ReadAction\",\"target\":[\"https:\\\/\\\/www.saludonnet.com\\\/blog\\\/en-que-consiste-la-paralisis-facial-y-que-tipos-hay\\\/\"]}]},{\"@type\":\"ImageObject\",\"inLanguage\":\"es\",\"@id\":\"https:\\\/\\\/www.saludonnet.com\\\/blog\\\/en-que-consiste-la-paralisis-facial-y-que-tipos-hay\\\/#primaryimage\",\"url\":\"https:\\\/\\\/soncdn.azureedge.net\\\/blog\\\/wp-content\\\/uploads\\\/2021\\\/04\\\/paralisis-facial.jpg\",\"contentUrl\":\"https:\\\/\\\/soncdn.azureedge.net\\\/blog\\\/wp-content\\\/uploads\\\/2021\\\/04\\\/paralisis-facial.jpg\",\"width\":800,\"height\":400,\"caption\":\"hombre con par\u00e1lisis facial\"},{\"@type\":\"BreadcrumbList\",\"@id\":\"https:\\\/\\\/www.saludonnet.com\\\/blog\\\/en-que-consiste-la-paralisis-facial-y-que-tipos-hay\\\/#breadcrumb\",\"itemListElement\":[{\"@type\":\"ListItem\",\"position\":1,\"name\":\"Portada\",\"item\":\"https:\\\/\\\/www.saludonnet.com\\\/blog\\\/\"},{\"@type\":\"ListItem\",\"position\":2,\"name\":\"Otorrinolaringolog\u00eda\",\"item\":\"https:\\\/\\\/www.saludonnet.com\\\/blog\\\/topic\\\/otorrinolaringologia\\\/\"},{\"@type\":\"ListItem\",\"position\":3,\"name\":\"\u00bfEn qu\u00e9 consiste la par\u00e1lisis facial y qu\u00e9 tipos hay?\"}]},{\"@type\":\"WebSite\",\"@id\":\"https:\\\/\\\/www.saludonnet.com\\\/blog\\\/#website\",\"url\":\"https:\\\/\\\/www.saludonnet.com\\\/blog\\\/\",\"name\":\"Blog SaludOnNet\",\"description\":\"Un espacio donde encontrar\u00e1s consejos y art\u00edculos para cuidar de tu salud\",\"publisher\":{\"@id\":\"https:\\\/\\\/www.saludonnet.com\\\/blog\\\/#organization\"},\"potentialAction\":[{\"@type\":\"SearchAction\",\"target\":{\"@type\":\"EntryPoint\",\"urlTemplate\":\"https:\\\/\\\/www.saludonnet.com\\\/blog\\\/?s={search_term_string}\"},\"query-input\":{\"@type\":\"PropertyValueSpecification\",\"valueRequired\":true,\"valueName\":\"search_term_string\"}}],\"inLanguage\":\"es\"},{\"@type\":\"Organization\",\"@id\":\"https:\\\/\\\/www.saludonnet.com\\\/blog\\\/#organization\",\"name\":\"SaludOnNet\",\"url\":\"https:\\\/\\\/www.saludonnet.com\\\/blog\\\/\",\"logo\":{\"@type\":\"ImageObject\",\"inLanguage\":\"es\",\"@id\":\"https:\\\/\\\/www.saludonnet.com\\\/blog\\\/#\\\/schema\\\/logo\\\/image\\\/\",\"url\":\"https:\\\/\\\/www.saludonnet.com\\\/blog\\\/wp-content\\\/uploads\\\/2019\\\/07\\\/Logo-SaludOnNet.png\",\"contentUrl\":\"https:\\\/\\\/www.saludonnet.com\\\/blog\\\/wp-content\\\/uploads\\\/2019\\\/07\\\/Logo-SaludOnNet.png\",\"width\":1140,\"height\":377,\"caption\":\"SaludOnNet\"},\"image\":{\"@id\":\"https:\\\/\\\/www.saludonnet.com\\\/blog\\\/#\\\/schema\\\/logo\\\/image\\\/\"},\"sameAs\":[\"https:\\\/\\\/www.facebook.com\\\/pages\\\/SaludOnNet\\\/214957498526536\",\"https:\\\/\\\/x.com\\\/saludonnet\",\"https:\\\/\\\/www.instagram.com\\\/saludonnet\\\/\",\"https:\\\/\\\/www.linkedin.com\\\/company\\\/saludonnet\\\/\",\"https:\\\/\\\/www.youtube.com\\\/channel\\\/UCag68GsnagqzNb6C3G-S9vQ\"]},{\"@type\":\"Person\",\"@id\":\"https:\\\/\\\/www.saludonnet.com\\\/blog\\\/#\\\/schema\\\/person\\\/50995e01cc9d6c9f29ae18d979eeff1b\",\"name\":\"Equipo M\u00e9dico de SaludOnNet\",\"image\":{\"@type\":\"ImageObject\",\"inLanguage\":\"es\",\"@id\":\"https:\\\/\\\/secure.gravatar.com\\\/avatar\\\/0ac89931d2ef75704f29e63e12335967620a1f7ac37c69f6f97ad72b9ac6496d?s=96&d=mm&r=g\",\"url\":\"https:\\\/\\\/secure.gravatar.com\\\/avatar\\\/0ac89931d2ef75704f29e63e12335967620a1f7ac37c69f6f97ad72b9ac6496d?s=96&d=mm&r=g\",\"contentUrl\":\"https:\\\/\\\/secure.gravatar.com\\\/avatar\\\/0ac89931d2ef75704f29e63e12335967620a1f7ac37c69f6f97ad72b9ac6496d?s=96&d=mm&r=g\",\"caption\":\"Equipo M\u00e9dico de SaludOnNet\"},\"description\":\"Art\u00edculo elaborado por el equipo m\u00e9dico de SaludOnNet, compuesto por especialistas destacados en su \u00e1rea.\",\"url\":\"https:\\\/\\\/www.saludonnet.com\\\/blog\\\/author\\\/saludonnet\\\/\"}]}<\/script>\n<!-- \/ Yoast SEO plugin. -->","yoast_head_json":{"title":"\u00bfEn qu\u00e9 consiste la par\u00e1lisis facial y qu\u00e9 tipos hay?","description":"La par\u00e1lisis facial es una disfunci\u00f3n que suele desaparecer pasadas tres semanas. No obstante, su diagn\u00f3stico precoz y tratamiento son muy importantes.","robots":{"index":"index","follow":"follow","max-snippet":"max-snippet:-1","max-image-preview":"max-image-preview:large","max-video-preview":"max-video-preview:-1"},"canonical":"https:\/\/www.saludonnet.com\/blog\/en-que-consiste-la-paralisis-facial-y-que-tipos-hay\/","og_locale":"es_ES","og_type":"article","og_title":"\u00bfEn qu\u00e9 consiste la par\u00e1lisis facial y qu\u00e9 tipos hay?","og_description":"La par\u00e1lisis facial es una disfunci\u00f3n que suele desaparecer pasadas tres semanas. No obstante, su diagn\u00f3stico precoz y tratamiento son muy importantes.","og_url":"https:\/\/www.saludonnet.com\/blog\/en-que-consiste-la-paralisis-facial-y-que-tipos-hay\/","og_site_name":"Blog SaludOnNet","article_publisher":"https:\/\/www.facebook.com\/pages\/SaludOnNet\/214957498526536","article_published_time":"2021-04-27T10:45:46+00:00","article_modified_time":"2021-05-07T14:53:51+00:00","og_image":[{"width":800,"height":400,"url":"https:\/\/www.saludonnet.com\/blog\/wp-content\/uploads\/2021\/04\/paralisis-facial.jpg","type":"image\/jpeg"}],"author":"Equipo M\u00e9dico de SaludOnNet","twitter_card":"summary_large_image","twitter_title":"\u00bfEn qu\u00e9 consiste la par\u00e1lisis facial y qu\u00e9 tipos hay?","twitter_description":"La par\u00e1lisis facial es una disfunci\u00f3n que suele desaparecer pasadas tres semanas. No obstante, su diagn\u00f3stico precoz y tratamiento son muy importantes.","twitter_creator":"@saludonnet","twitter_site":"@saludonnet","twitter_misc":{"Escrito por":"Equipo M\u00e9dico de SaludOnNet"},"schema":{"@context":"https:\/\/schema.org","@graph":[{"@type":"Article","@id":"https:\/\/www.saludonnet.com\/blog\/en-que-consiste-la-paralisis-facial-y-que-tipos-hay\/#article","isPartOf":{"@id":"https:\/\/www.saludonnet.com\/blog\/en-que-consiste-la-paralisis-facial-y-que-tipos-hay\/"},"author":{"name":"Equipo M\u00e9dico de SaludOnNet","@id":"https:\/\/www.saludonnet.com\/blog\/#\/schema\/person\/50995e01cc9d6c9f29ae18d979eeff1b"},"headline":"\u00bfEn qu\u00e9 consiste la par\u00e1lisis facial y qu\u00e9 tipos hay?","datePublished":"2021-04-27T10:45:46+00:00","dateModified":"2021-05-07T14:53:51+00:00","mainEntityOfPage":{"@id":"https:\/\/www.saludonnet.com\/blog\/en-que-consiste-la-paralisis-facial-y-que-tipos-hay\/"},"wordCount":893,"commentCount":0,"publisher":{"@id":"https:\/\/www.saludonnet.com\/blog\/#organization"},"image":{"@id":"https:\/\/www.saludonnet.com\/blog\/en-que-consiste-la-paralisis-facial-y-que-tipos-hay\/#primaryimage"},"thumbnailUrl":"https:\/\/soncdn.azureedge.net\/blog\/wp-content\/uploads\/2021\/04\/paralisis-facial.jpg","keywords":["Consulta de Otorrinolaringolog\u00eda"],"articleSection":["Otorrinolaringolog\u00eda"],"inLanguage":"es","potentialAction":[{"@type":"CommentAction","name":"Comment","target":["https:\/\/www.saludonnet.com\/blog\/en-que-consiste-la-paralisis-facial-y-que-tipos-hay\/#respond"]}]},{"@type":"WebPage","@id":"https:\/\/www.saludonnet.com\/blog\/en-que-consiste-la-paralisis-facial-y-que-tipos-hay\/","url":"https:\/\/www.saludonnet.com\/blog\/en-que-consiste-la-paralisis-facial-y-que-tipos-hay\/","name":"\u00bfEn qu\u00e9 consiste la par\u00e1lisis facial y qu\u00e9 tipos hay?","isPartOf":{"@id":"https:\/\/www.saludonnet.com\/blog\/#website"},"primaryImageOfPage":{"@id":"https:\/\/www.saludonnet.com\/blog\/en-que-consiste-la-paralisis-facial-y-que-tipos-hay\/#primaryimage"},"image":{"@id":"https:\/\/www.saludonnet.com\/blog\/en-que-consiste-la-paralisis-facial-y-que-tipos-hay\/#primaryimage"},"thumbnailUrl":"https:\/\/soncdn.azureedge.net\/blog\/wp-content\/uploads\/2021\/04\/paralisis-facial.jpg","datePublished":"2021-04-27T10:45:46+00:00","dateModified":"2021-05-07T14:53:51+00:00","description":"La par\u00e1lisis facial es una disfunci\u00f3n que suele desaparecer pasadas tres semanas. No obstante, su diagn\u00f3stico precoz y tratamiento son muy importantes.","breadcrumb":{"@id":"https:\/\/www.saludonnet.com\/blog\/en-que-consiste-la-paralisis-facial-y-que-tipos-hay\/#breadcrumb"},"inLanguage":"es","potentialAction":[{"@type":"ReadAction","target":["https:\/\/www.saludonnet.com\/blog\/en-que-consiste-la-paralisis-facial-y-que-tipos-hay\/"]}]},{"@type":"ImageObject","inLanguage":"es","@id":"https:\/\/www.saludonnet.com\/blog\/en-que-consiste-la-paralisis-facial-y-que-tipos-hay\/#primaryimage","url":"https:\/\/soncdn.azureedge.net\/blog\/wp-content\/uploads\/2021\/04\/paralisis-facial.jpg","contentUrl":"https:\/\/soncdn.azureedge.net\/blog\/wp-content\/uploads\/2021\/04\/paralisis-facial.jpg","width":800,"height":400,"caption":"hombre con par\u00e1lisis facial"},{"@type":"BreadcrumbList","@id":"https:\/\/www.saludonnet.com\/blog\/en-que-consiste-la-paralisis-facial-y-que-tipos-hay\/#breadcrumb","itemListElement":[{"@type":"ListItem","position":1,"name":"Portada","item":"https:\/\/www.saludonnet.com\/blog\/"},{"@type":"ListItem","position":2,"name":"Otorrinolaringolog\u00eda","item":"https:\/\/www.saludonnet.com\/blog\/topic\/otorrinolaringologia\/"},{"@type":"ListItem","position":3,"name":"\u00bfEn qu\u00e9 consiste la par\u00e1lisis facial y qu\u00e9 tipos hay?"}]},{"@type":"WebSite","@id":"https:\/\/www.saludonnet.com\/blog\/#website","url":"https:\/\/www.saludonnet.com\/blog\/","name":"Blog SaludOnNet","description":"Un espacio donde encontrar\u00e1s consejos y art\u00edculos para cuidar de tu salud","publisher":{"@id":"https:\/\/www.saludonnet.com\/blog\/#organization"},"potentialAction":[{"@type":"SearchAction","target":{"@type":"EntryPoint","urlTemplate":"https:\/\/www.saludonnet.com\/blog\/?s={search_term_string}"},"query-input":{"@type":"PropertyValueSpecification","valueRequired":true,"valueName":"search_term_string"}}],"inLanguage":"es"},{"@type":"Organization","@id":"https:\/\/www.saludonnet.com\/blog\/#organization","name":"SaludOnNet","url":"https:\/\/www.saludonnet.com\/blog\/","logo":{"@type":"ImageObject","inLanguage":"es","@id":"https:\/\/www.saludonnet.com\/blog\/#\/schema\/logo\/image\/","url":"https:\/\/www.saludonnet.com\/blog\/wp-content\/uploads\/2019\/07\/Logo-SaludOnNet.png","contentUrl":"https:\/\/www.saludonnet.com\/blog\/wp-content\/uploads\/2019\/07\/Logo-SaludOnNet.png","width":1140,"height":377,"caption":"SaludOnNet"},"image":{"@id":"https:\/\/www.saludonnet.com\/blog\/#\/schema\/logo\/image\/"},"sameAs":["https:\/\/www.facebook.com\/pages\/SaludOnNet\/214957498526536","https:\/\/x.com\/saludonnet","https:\/\/www.instagram.com\/saludonnet\/","https:\/\/www.linkedin.com\/company\/saludonnet\/","https:\/\/www.youtube.com\/channel\/UCag68GsnagqzNb6C3G-S9vQ"]},{"@type":"Person","@id":"https:\/\/www.saludonnet.com\/blog\/#\/schema\/person\/50995e01cc9d6c9f29ae18d979eeff1b","name":"Equipo M\u00e9dico de SaludOnNet","image":{"@type":"ImageObject","inLanguage":"es","@id":"https:\/\/secure.gravatar.com\/avatar\/0ac89931d2ef75704f29e63e12335967620a1f7ac37c69f6f97ad72b9ac6496d?s=96&d=mm&r=g","url":"https:\/\/secure.gravatar.com\/avatar\/0ac89931d2ef75704f29e63e12335967620a1f7ac37c69f6f97ad72b9ac6496d?s=96&d=mm&r=g","contentUrl":"https:\/\/secure.gravatar.com\/avatar\/0ac89931d2ef75704f29e63e12335967620a1f7ac37c69f6f97ad72b9ac6496d?s=96&d=mm&r=g","caption":"Equipo M\u00e9dico de SaludOnNet"},"description":"Art\u00edculo elaborado por el equipo m\u00e9dico de SaludOnNet, compuesto por especialistas destacados en su \u00e1rea.","url":"https:\/\/www.saludonnet.com\/blog\/author\/saludonnet\/"}]}},"acf":[],"_links":{"self":[{"href":"https:\/\/www.saludonnet.com\/blog\/wp-json\/wp\/v2\/posts\/9688","targetHints":{"allow":["GET"]}}],"collection":[{"href":"https:\/\/www.saludonnet.com\/blog\/wp-json\/wp\/v2\/posts"}],"about":[{"href":"https:\/\/www.saludonnet.com\/blog\/wp-json\/wp\/v2\/types\/post"}],"author":[{"embeddable":true,"href":"https:\/\/www.saludonnet.com\/blog\/wp-json\/wp\/v2\/users\/20"}],"replies":[{"embeddable":true,"href":"https:\/\/www.saludonnet.com\/blog\/wp-json\/wp\/v2\/comments?post=9688"}],"version-history":[{"count":9,"href":"https:\/\/www.saludonnet.com\/blog\/wp-json\/wp\/v2\/posts\/9688\/revisions"}],"predecessor-version":[{"id":9751,"href":"https:\/\/www.saludonnet.com\/blog\/wp-json\/wp\/v2\/posts\/9688\/revisions\/9751"}],"wp:featuredmedia":[{"embeddable":true,"href":"https:\/\/www.saludonnet.com\/blog\/wp-json\/wp\/v2\/media\/9687"}],"wp:attachment":[{"href":"https:\/\/www.saludonnet.com\/blog\/wp-json\/wp\/v2\/media?parent=9688"}],"wp:term":[{"taxonomy":"category","embeddable":true,"href":"https:\/\/www.saludonnet.com\/blog\/wp-json\/wp\/v2\/categories?post=9688"},{"taxonomy":"post_tag","embeddable":true,"href":"https:\/\/www.saludonnet.com\/blog\/wp-json\/wp\/v2\/tags?post=9688"}],"curies":[{"name":"wp","href":"https:\/\/api.w.org\/{rel}","templated":true}]}}