{"id":9515,"date":"2021-03-10T16:48:11","date_gmt":"2021-03-10T15:48:11","guid":{"rendered":"https:\/\/www.saludonnet.com\/blog\/?p=9515"},"modified":"2021-04-12T11:55:59","modified_gmt":"2021-04-12T09:55:59","slug":"por-que-la-pandemia-nos-ha-vuelto-mas-irascibles","status":"publish","type":"post","link":"https:\/\/www.saludonnet.com\/blog\/por-que-la-pandemia-nos-ha-vuelto-mas-irascibles\/","title":{"rendered":"\u00bfPor qu\u00e9 la pandemia nos ha vuelto m\u00e1s irascibles?"},"content":{"rendered":"\n<p>A diferencia de lo que muchos pensaban durante el confinamiento por la <strong>Covid-19<\/strong>, de esta pandemia no se est\u00e1 saliendo m\u00e1s fuerte. Cuando el pa\u00eds entero estaba encerrado en casa y se sal\u00eda a aplaudir a las ocho de la tarde a las ventanas y balcones se ve\u00eda un futuro prometedor, en el que se valorar\u00edan m\u00e1s las cosas y se tendr\u00eda m\u00e1s paciencia. Pero esto no ha ocurrido. Lo cierto es que la <strong>Covid-19<\/strong> est\u00e1 consiguiendo que los ciudadanos sufran lo que se conoce como fatiga pand\u00e9mica y que cada vez tengan menos aguante y m\u00e1s <strong><a href=\"https:\/\/www.saludonnet.com\/blog\/estres-ansiedad-y-depresion-consultas-mas-frecuentes-del-psicologo\/\">estr\u00e9s y ansiedad<\/a><\/strong>. <\/p>\n\n\n\n<h2 class=\"wp-block-heading\"><strong>Demasiados meses de incertidumbre<\/strong> <\/h2>\n\n\n\n<p>El tiempo pasa y no se termina de ver un horizonte n\u00edtido en\nel que se d\u00e9 por vencido al virus. P\u00e9rdidas de seres queridos, preocupaci\u00f3n por\nla inestabilidad en el trabajo, sectores que casi no pueden trabajar\u2026 son muchas\nlas circunstancias que hacen que las actitudes de las personas queden tocadas. Estr\u00e9s\npostraum\u00e1tico, confusi\u00f3n y cierta tendencia a estar m\u00e1s irascible tras el\ndesconfinamiento son algunos de los rasgos caracter\u00edsticos de este tiempo. <\/p>\n\n\n\n<p>Un estudio de la revista m\u00e9dica brit\u00e1nica <strong>The Lancet<\/strong>, publicado en marzo de 2020 bajo el t\u00edtulo <strong><a href=\"https:\/\/www.sciencedirect.com\/science\/article\/pii\/S0140673620304608#!\">El impacto psicol\u00f3gico de la cuarentena y c\u00f3mo reducirlo\u00a0<\/a><\/strong>indicaba que cuanto m\u00e1s larga fuera la cuarentena, cuanto m\u00e1s miedo se tuviera a la <strong>Covid-19<\/strong> y cuanta m\u00e1s preocupaci\u00f3n ante un futuro incierto peor ser\u00edan los s\u00edntomas. Y ten\u00eda raz\u00f3n, ya que despu\u00e9s de casi 100 d\u00edas se vio que la \u201cnueva normalidad\u201d no era tan normal como deb\u00eda ser. <\/p>\n\n\n\n<h2 class=\"wp-block-heading\"><strong>Cambios bruscos de humor<\/strong> <\/h2>\n\n\n\n<p>Los psic\u00f3logos han notado durante estos meses que muchas\npersonas sufren cambios repentinos de humor con m\u00e1s frecuencia de lo habitual.\nSeg\u00fan indican, la irascibilidad es un sentimiento que va y viene, muchas veces\ncausado por el estr\u00e9s de la situaci\u00f3n. Cuando aparece ante personas desconocidas-\nen el m\u00e9dico, en el supermercado, ante funcionarios p\u00fablicos\u2026 etc &#8211; es bueno actuar\nde forma razonable para apaciguar la situaci\u00f3n. En estos casos se recomienda: <\/p>\n\n\n\n<ul class=\"wp-block-list\"><li>Ayudar a que la persona se tranquilice y se exprese con tranquilidad. No es bueno enfrentarse a ella, porque aumentar\u00eda su enfado. <\/li><li>Cambiar de tema si es posible para no insistir en lo mismo constantemente. <\/li><li>Intentar empatizar con la persona enfadada y hacerle ver que se pueden solucionar los problemas de manera educada y sin perder las formas. <\/li><\/ul>\n\n\n\n<p>En definitiva, son secuelas de una pandemia que tiene a la\npoblaci\u00f3n confundida y que pasar\u00e1n en cuanto la situaci\u00f3n mejore. <\/p>\n\n\n\n<h2 class=\"wp-block-heading\"><strong>Estudio sobre principales consecuencias<\/strong> <\/h2>\n\n\n\n<p>En el informe de investigaci\u00f3n <strong><a href=\"https:\/\/www.ciencia.gob.es\/stfls\/MICINN\/Universidades\/Ficheros\/Consecuencias_psicologicasCOVID19.pdf\">Las\nconsecuencias psicol\u00f3gicas de la Covid-19 y el confinamiento<\/a><\/strong> , se ponen\nde manifiesto diversos datos a tener en cuenta. Los principales son: <\/p>\n\n\n\n<ul class=\"wp-block-list\"><li>El 77,5% de las personas encuestadas indican que\nse ha incrementado su nivel de incertidumbre. De ellos, el 39,7% ha experimentado\nun incremento alto.<\/li><li>Un 75,5% se\u00f1ala que tiene miedo a perder a un\nser querido. <\/li><li>El 52,8% indica que hab\u00eda tenido <strong><a href=\"https:\/\/www.saludonnet.com\/blog\/el-insomnio-y-las-ganas-de-dormir\/\">problemas\nde sue\u00f1o<\/a><\/strong> durante la pandemia. <\/li><\/ul>\n\n\n\n<p>En cuanto al car\u00e1cter de las personas en este tiempo se\u00f1alan\nque: <\/p>\n\n\n\n<ul class=\"wp-block-list\"><li>Un 47% de las personas sufren con m\u00e1s frecuencia irritaci\u00f3n o enfado. <\/li><li>Un 45,9% padece malestar por los mensajes y llamadas recibidas. <\/li><li>Un 45,7% presenta malestar general. <\/li><li>Un 44,7% tiene cambios de humor. <\/li><li>Un 43,2% <strong><a href=\"https:\/\/www.saludonnet.com\/blog\/combatir-la-depresion\/\">sentimientos depresivos<\/a><\/strong>. <\/li><li>Un 41,2% dificultad para concentrarse. <\/li><\/ul>\n\n\n\n<p>Si te sientes que tienes peor car\u00e1cter a ra\u00edz de la pandemia\nquiz\u00e1 un psic\u00f3logo pueda ayudarte a mejorar tu d\u00eda a d\u00eda. En <strong><a href=\"https:\/\/www.saludonnet.com\/\">SaludOnNet<\/a><\/strong> contamos con\nespecialistas dispuestos a ayudarte, sin esperas y con la mejor garant\u00eda de\n\u00e9xito. <\/p>\n","protected":false},"excerpt":{"rendered":"<p>\u00bfEstamos m\u00e1s irascibles que antes de la pandemia de la Covid 19? \u00bfCu\u00e1l es la causa de que cada vez seamos menos emp\u00e1ticos? <\/p>\n","protected":false},"author":20,"featured_media":9514,"comment_status":"open","ping_status":"open","sticky":false,"template":"","format":"standard","meta":{"footnotes":""},"categories":[81],"tags":[255],"class_list":["post-9515","post","type-post","status-publish","format-standard","has-post-thumbnail","hentry","category-psicologia","tag-4260-consulta"],"yoast_head":"<!-- This site is optimized with the Yoast SEO plugin v27.5 - https:\/\/yoast.com\/product\/yoast-seo-wordpress\/ -->\n<title>\u00bfPor qu\u00e9 la pandemia nos ha vuelto m\u00e1s irascibles?<\/title>\n<meta name=\"description\" content=\"\u00bfEstamos m\u00e1s irascibles que antes de la pandemia de la Covid 19? \u00bfCu\u00e1l es la causa de que cada vez seamos menos emp\u00e1ticos?\" \/>\n<meta name=\"robots\" content=\"index, follow, max-snippet:-1, max-image-preview:large, max-video-preview:-1\" \/>\n<link rel=\"canonical\" href=\"https:\/\/www.saludonnet.com\/blog\/por-que-la-pandemia-nos-ha-vuelto-mas-irascibles\/\" \/>\n<meta property=\"og:locale\" content=\"es_ES\" \/>\n<meta property=\"og:type\" content=\"article\" \/>\n<meta property=\"og:title\" content=\"\u00bfPor qu\u00e9 la pandemia nos ha vuelto m\u00e1s irascibles?\" \/>\n<meta property=\"og:description\" content=\"\u00bfEstamos m\u00e1s irascibles que antes de la pandemia de la Covid 19? \u00bfCu\u00e1l es la causa de que cada vez seamos menos emp\u00e1ticos?\" \/>\n<meta property=\"og:url\" content=\"https:\/\/www.saludonnet.com\/blog\/por-que-la-pandemia-nos-ha-vuelto-mas-irascibles\/\" \/>\n<meta property=\"og:site_name\" content=\"Blog SaludOnNet\" \/>\n<meta property=\"article:publisher\" content=\"https:\/\/www.facebook.com\/pages\/SaludOnNet\/214957498526536\" \/>\n<meta property=\"article:published_time\" content=\"2021-03-10T15:48:11+00:00\" \/>\n<meta property=\"article:modified_time\" content=\"2021-04-12T09:55:59+00:00\" \/>\n<meta property=\"og:image\" content=\"https:\/\/www.saludonnet.com\/blog\/wp-content\/uploads\/2021\/03\/enfado.jpg\" \/>\n\t<meta property=\"og:image:width\" content=\"800\" \/>\n\t<meta property=\"og:image:height\" content=\"400\" \/>\n\t<meta property=\"og:image:type\" content=\"image\/jpeg\" \/>\n<meta name=\"author\" content=\"Equipo M\u00e9dico de SaludOnNet\" \/>\n<meta name=\"twitter:card\" content=\"summary_large_image\" \/>\n<meta name=\"twitter:title\" content=\"\u00bfPor qu\u00e9 la pandemia nos ha vuelto m\u00e1s irascibles?\" \/>\n<meta name=\"twitter:description\" content=\"\u00bfEstamos m\u00e1s irascibles que antes de la pandemia de la Covid 19? \u00bfCu\u00e1l es la causa de que cada vez seamos menos emp\u00e1ticos?\" \/>\n<meta name=\"twitter:creator\" content=\"@saludonnet\" \/>\n<meta name=\"twitter:site\" content=\"@saludonnet\" \/>\n<meta name=\"twitter:label1\" content=\"Escrito por\" \/>\n\t<meta name=\"twitter:data1\" content=\"Equipo M\u00e9dico de SaludOnNet\" \/>\n<script type=\"application\/ld+json\" class=\"yoast-schema-graph\">{\"@context\":\"https:\\\/\\\/schema.org\",\"@graph\":[{\"@type\":\"Article\",\"@id\":\"https:\\\/\\\/www.saludonnet.com\\\/blog\\\/por-que-la-pandemia-nos-ha-vuelto-mas-irascibles\\\/#article\",\"isPartOf\":{\"@id\":\"https:\\\/\\\/www.saludonnet.com\\\/blog\\\/por-que-la-pandemia-nos-ha-vuelto-mas-irascibles\\\/\"},\"author\":{\"name\":\"Equipo M\u00e9dico de SaludOnNet\",\"@id\":\"https:\\\/\\\/www.saludonnet.com\\\/blog\\\/#\\\/schema\\\/person\\\/50995e01cc9d6c9f29ae18d979eeff1b\"},\"headline\":\"\u00bfPor qu\u00e9 la pandemia nos ha vuelto m\u00e1s irascibles?\",\"datePublished\":\"2021-03-10T15:48:11+00:00\",\"dateModified\":\"2021-04-12T09:55:59+00:00\",\"mainEntityOfPage\":{\"@id\":\"https:\\\/\\\/www.saludonnet.com\\\/blog\\\/por-que-la-pandemia-nos-ha-vuelto-mas-irascibles\\\/\"},\"wordCount\":643,\"commentCount\":0,\"publisher\":{\"@id\":\"https:\\\/\\\/www.saludonnet.com\\\/blog\\\/#organization\"},\"image\":{\"@id\":\"https:\\\/\\\/www.saludonnet.com\\\/blog\\\/por-que-la-pandemia-nos-ha-vuelto-mas-irascibles\\\/#primaryimage\"},\"thumbnailUrl\":\"https:\\\/\\\/soncdn.azureedge.net\\\/blog\\\/wp-content\\\/uploads\\\/2021\\\/03\\\/enfado.jpg\",\"keywords\":[\"Consulta de Psicolog\u00eda\"],\"articleSection\":[\"Psicolog\u00eda\"],\"inLanguage\":\"es\",\"potentialAction\":[{\"@type\":\"CommentAction\",\"name\":\"Comment\",\"target\":[\"https:\\\/\\\/www.saludonnet.com\\\/blog\\\/por-que-la-pandemia-nos-ha-vuelto-mas-irascibles\\\/#respond\"]}]},{\"@type\":\"WebPage\",\"@id\":\"https:\\\/\\\/www.saludonnet.com\\\/blog\\\/por-que-la-pandemia-nos-ha-vuelto-mas-irascibles\\\/\",\"url\":\"https:\\\/\\\/www.saludonnet.com\\\/blog\\\/por-que-la-pandemia-nos-ha-vuelto-mas-irascibles\\\/\",\"name\":\"\u00bfPor qu\u00e9 la pandemia nos ha vuelto m\u00e1s irascibles?\",\"isPartOf\":{\"@id\":\"https:\\\/\\\/www.saludonnet.com\\\/blog\\\/#website\"},\"primaryImageOfPage\":{\"@id\":\"https:\\\/\\\/www.saludonnet.com\\\/blog\\\/por-que-la-pandemia-nos-ha-vuelto-mas-irascibles\\\/#primaryimage\"},\"image\":{\"@id\":\"https:\\\/\\\/www.saludonnet.com\\\/blog\\\/por-que-la-pandemia-nos-ha-vuelto-mas-irascibles\\\/#primaryimage\"},\"thumbnailUrl\":\"https:\\\/\\\/soncdn.azureedge.net\\\/blog\\\/wp-content\\\/uploads\\\/2021\\\/03\\\/enfado.jpg\",\"datePublished\":\"2021-03-10T15:48:11+00:00\",\"dateModified\":\"2021-04-12T09:55:59+00:00\",\"description\":\"\u00bfEstamos m\u00e1s irascibles que antes de la pandemia de la Covid 19? \u00bfCu\u00e1l es la causa de que cada vez seamos menos emp\u00e1ticos?\",\"breadcrumb\":{\"@id\":\"https:\\\/\\\/www.saludonnet.com\\\/blog\\\/por-que-la-pandemia-nos-ha-vuelto-mas-irascibles\\\/#breadcrumb\"},\"inLanguage\":\"es\",\"potentialAction\":[{\"@type\":\"ReadAction\",\"target\":[\"https:\\\/\\\/www.saludonnet.com\\\/blog\\\/por-que-la-pandemia-nos-ha-vuelto-mas-irascibles\\\/\"]}]},{\"@type\":\"ImageObject\",\"inLanguage\":\"es\",\"@id\":\"https:\\\/\\\/www.saludonnet.com\\\/blog\\\/por-que-la-pandemia-nos-ha-vuelto-mas-irascibles\\\/#primaryimage\",\"url\":\"https:\\\/\\\/soncdn.azureedge.net\\\/blog\\\/wp-content\\\/uploads\\\/2021\\\/03\\\/enfado.jpg\",\"contentUrl\":\"https:\\\/\\\/soncdn.azureedge.net\\\/blog\\\/wp-content\\\/uploads\\\/2021\\\/03\\\/enfado.jpg\",\"width\":800,\"height\":400,\"caption\":\"Chico gritando en una cabina\"},{\"@type\":\"BreadcrumbList\",\"@id\":\"https:\\\/\\\/www.saludonnet.com\\\/blog\\\/por-que-la-pandemia-nos-ha-vuelto-mas-irascibles\\\/#breadcrumb\",\"itemListElement\":[{\"@type\":\"ListItem\",\"position\":1,\"name\":\"Portada\",\"item\":\"https:\\\/\\\/www.saludonnet.com\\\/blog\\\/\"},{\"@type\":\"ListItem\",\"position\":2,\"name\":\"Psicolog\u00eda\",\"item\":\"https:\\\/\\\/www.saludonnet.com\\\/blog\\\/topic\\\/psicologia\\\/\"},{\"@type\":\"ListItem\",\"position\":3,\"name\":\"\u00bfPor qu\u00e9 la pandemia nos ha vuelto m\u00e1s irascibles?\"}]},{\"@type\":\"WebSite\",\"@id\":\"https:\\\/\\\/www.saludonnet.com\\\/blog\\\/#website\",\"url\":\"https:\\\/\\\/www.saludonnet.com\\\/blog\\\/\",\"name\":\"Blog SaludOnNet\",\"description\":\"Un espacio donde encontrar\u00e1s consejos y art\u00edculos para cuidar de tu salud\",\"publisher\":{\"@id\":\"https:\\\/\\\/www.saludonnet.com\\\/blog\\\/#organization\"},\"potentialAction\":[{\"@type\":\"SearchAction\",\"target\":{\"@type\":\"EntryPoint\",\"urlTemplate\":\"https:\\\/\\\/www.saludonnet.com\\\/blog\\\/?s={search_term_string}\"},\"query-input\":{\"@type\":\"PropertyValueSpecification\",\"valueRequired\":true,\"valueName\":\"search_term_string\"}}],\"inLanguage\":\"es\"},{\"@type\":\"Organization\",\"@id\":\"https:\\\/\\\/www.saludonnet.com\\\/blog\\\/#organization\",\"name\":\"SaludOnNet\",\"url\":\"https:\\\/\\\/www.saludonnet.com\\\/blog\\\/\",\"logo\":{\"@type\":\"ImageObject\",\"inLanguage\":\"es\",\"@id\":\"https:\\\/\\\/www.saludonnet.com\\\/blog\\\/#\\\/schema\\\/logo\\\/image\\\/\",\"url\":\"https:\\\/\\\/www.saludonnet.com\\\/blog\\\/wp-content\\\/uploads\\\/2019\\\/07\\\/Logo-SaludOnNet.png\",\"contentUrl\":\"https:\\\/\\\/www.saludonnet.com\\\/blog\\\/wp-content\\\/uploads\\\/2019\\\/07\\\/Logo-SaludOnNet.png\",\"width\":1140,\"height\":377,\"caption\":\"SaludOnNet\"},\"image\":{\"@id\":\"https:\\\/\\\/www.saludonnet.com\\\/blog\\\/#\\\/schema\\\/logo\\\/image\\\/\"},\"sameAs\":[\"https:\\\/\\\/www.facebook.com\\\/pages\\\/SaludOnNet\\\/214957498526536\",\"https:\\\/\\\/x.com\\\/saludonnet\",\"https:\\\/\\\/www.instagram.com\\\/saludonnet\\\/\",\"https:\\\/\\\/www.linkedin.com\\\/company\\\/saludonnet\\\/\",\"https:\\\/\\\/www.youtube.com\\\/channel\\\/UCag68GsnagqzNb6C3G-S9vQ\"]},{\"@type\":\"Person\",\"@id\":\"https:\\\/\\\/www.saludonnet.com\\\/blog\\\/#\\\/schema\\\/person\\\/50995e01cc9d6c9f29ae18d979eeff1b\",\"name\":\"Equipo M\u00e9dico de SaludOnNet\",\"image\":{\"@type\":\"ImageObject\",\"inLanguage\":\"es\",\"@id\":\"https:\\\/\\\/secure.gravatar.com\\\/avatar\\\/0ac89931d2ef75704f29e63e12335967620a1f7ac37c69f6f97ad72b9ac6496d?s=96&d=mm&r=g\",\"url\":\"https:\\\/\\\/secure.gravatar.com\\\/avatar\\\/0ac89931d2ef75704f29e63e12335967620a1f7ac37c69f6f97ad72b9ac6496d?s=96&d=mm&r=g\",\"contentUrl\":\"https:\\\/\\\/secure.gravatar.com\\\/avatar\\\/0ac89931d2ef75704f29e63e12335967620a1f7ac37c69f6f97ad72b9ac6496d?s=96&d=mm&r=g\",\"caption\":\"Equipo M\u00e9dico de SaludOnNet\"},\"description\":\"Art\u00edculo elaborado por el equipo m\u00e9dico de SaludOnNet, compuesto por especialistas destacados en su \u00e1rea.\",\"url\":\"https:\\\/\\\/www.saludonnet.com\\\/blog\\\/author\\\/saludonnet\\\/\"}]}<\/script>\n<!-- \/ Yoast SEO plugin. -->","yoast_head_json":{"title":"\u00bfPor qu\u00e9 la pandemia nos ha vuelto m\u00e1s irascibles?","description":"\u00bfEstamos m\u00e1s irascibles que antes de la pandemia de la Covid 19? \u00bfCu\u00e1l es la causa de que cada vez seamos menos emp\u00e1ticos?","robots":{"index":"index","follow":"follow","max-snippet":"max-snippet:-1","max-image-preview":"max-image-preview:large","max-video-preview":"max-video-preview:-1"},"canonical":"https:\/\/www.saludonnet.com\/blog\/por-que-la-pandemia-nos-ha-vuelto-mas-irascibles\/","og_locale":"es_ES","og_type":"article","og_title":"\u00bfPor qu\u00e9 la pandemia nos ha vuelto m\u00e1s irascibles?","og_description":"\u00bfEstamos m\u00e1s irascibles que antes de la pandemia de la Covid 19? \u00bfCu\u00e1l es la causa de que cada vez seamos menos emp\u00e1ticos?","og_url":"https:\/\/www.saludonnet.com\/blog\/por-que-la-pandemia-nos-ha-vuelto-mas-irascibles\/","og_site_name":"Blog SaludOnNet","article_publisher":"https:\/\/www.facebook.com\/pages\/SaludOnNet\/214957498526536","article_published_time":"2021-03-10T15:48:11+00:00","article_modified_time":"2021-04-12T09:55:59+00:00","og_image":[{"width":800,"height":400,"url":"https:\/\/www.saludonnet.com\/blog\/wp-content\/uploads\/2021\/03\/enfado.jpg","type":"image\/jpeg"}],"author":"Equipo M\u00e9dico de SaludOnNet","twitter_card":"summary_large_image","twitter_title":"\u00bfPor qu\u00e9 la pandemia nos ha vuelto m\u00e1s irascibles?","twitter_description":"\u00bfEstamos m\u00e1s irascibles que antes de la pandemia de la Covid 19? \u00bfCu\u00e1l es la causa de que cada vez seamos menos emp\u00e1ticos?","twitter_creator":"@saludonnet","twitter_site":"@saludonnet","twitter_misc":{"Escrito por":"Equipo M\u00e9dico de SaludOnNet"},"schema":{"@context":"https:\/\/schema.org","@graph":[{"@type":"Article","@id":"https:\/\/www.saludonnet.com\/blog\/por-que-la-pandemia-nos-ha-vuelto-mas-irascibles\/#article","isPartOf":{"@id":"https:\/\/www.saludonnet.com\/blog\/por-que-la-pandemia-nos-ha-vuelto-mas-irascibles\/"},"author":{"name":"Equipo M\u00e9dico de SaludOnNet","@id":"https:\/\/www.saludonnet.com\/blog\/#\/schema\/person\/50995e01cc9d6c9f29ae18d979eeff1b"},"headline":"\u00bfPor qu\u00e9 la pandemia nos ha vuelto m\u00e1s irascibles?","datePublished":"2021-03-10T15:48:11+00:00","dateModified":"2021-04-12T09:55:59+00:00","mainEntityOfPage":{"@id":"https:\/\/www.saludonnet.com\/blog\/por-que-la-pandemia-nos-ha-vuelto-mas-irascibles\/"},"wordCount":643,"commentCount":0,"publisher":{"@id":"https:\/\/www.saludonnet.com\/blog\/#organization"},"image":{"@id":"https:\/\/www.saludonnet.com\/blog\/por-que-la-pandemia-nos-ha-vuelto-mas-irascibles\/#primaryimage"},"thumbnailUrl":"https:\/\/soncdn.azureedge.net\/blog\/wp-content\/uploads\/2021\/03\/enfado.jpg","keywords":["Consulta de Psicolog\u00eda"],"articleSection":["Psicolog\u00eda"],"inLanguage":"es","potentialAction":[{"@type":"CommentAction","name":"Comment","target":["https:\/\/www.saludonnet.com\/blog\/por-que-la-pandemia-nos-ha-vuelto-mas-irascibles\/#respond"]}]},{"@type":"WebPage","@id":"https:\/\/www.saludonnet.com\/blog\/por-que-la-pandemia-nos-ha-vuelto-mas-irascibles\/","url":"https:\/\/www.saludonnet.com\/blog\/por-que-la-pandemia-nos-ha-vuelto-mas-irascibles\/","name":"\u00bfPor qu\u00e9 la pandemia nos ha vuelto m\u00e1s irascibles?","isPartOf":{"@id":"https:\/\/www.saludonnet.com\/blog\/#website"},"primaryImageOfPage":{"@id":"https:\/\/www.saludonnet.com\/blog\/por-que-la-pandemia-nos-ha-vuelto-mas-irascibles\/#primaryimage"},"image":{"@id":"https:\/\/www.saludonnet.com\/blog\/por-que-la-pandemia-nos-ha-vuelto-mas-irascibles\/#primaryimage"},"thumbnailUrl":"https:\/\/soncdn.azureedge.net\/blog\/wp-content\/uploads\/2021\/03\/enfado.jpg","datePublished":"2021-03-10T15:48:11+00:00","dateModified":"2021-04-12T09:55:59+00:00","description":"\u00bfEstamos m\u00e1s irascibles que antes de la pandemia de la Covid 19? \u00bfCu\u00e1l es la causa de que cada vez seamos menos emp\u00e1ticos?","breadcrumb":{"@id":"https:\/\/www.saludonnet.com\/blog\/por-que-la-pandemia-nos-ha-vuelto-mas-irascibles\/#breadcrumb"},"inLanguage":"es","potentialAction":[{"@type":"ReadAction","target":["https:\/\/www.saludonnet.com\/blog\/por-que-la-pandemia-nos-ha-vuelto-mas-irascibles\/"]}]},{"@type":"ImageObject","inLanguage":"es","@id":"https:\/\/www.saludonnet.com\/blog\/por-que-la-pandemia-nos-ha-vuelto-mas-irascibles\/#primaryimage","url":"https:\/\/soncdn.azureedge.net\/blog\/wp-content\/uploads\/2021\/03\/enfado.jpg","contentUrl":"https:\/\/soncdn.azureedge.net\/blog\/wp-content\/uploads\/2021\/03\/enfado.jpg","width":800,"height":400,"caption":"Chico gritando en una cabina"},{"@type":"BreadcrumbList","@id":"https:\/\/www.saludonnet.com\/blog\/por-que-la-pandemia-nos-ha-vuelto-mas-irascibles\/#breadcrumb","itemListElement":[{"@type":"ListItem","position":1,"name":"Portada","item":"https:\/\/www.saludonnet.com\/blog\/"},{"@type":"ListItem","position":2,"name":"Psicolog\u00eda","item":"https:\/\/www.saludonnet.com\/blog\/topic\/psicologia\/"},{"@type":"ListItem","position":3,"name":"\u00bfPor qu\u00e9 la pandemia nos ha vuelto m\u00e1s irascibles?"}]},{"@type":"WebSite","@id":"https:\/\/www.saludonnet.com\/blog\/#website","url":"https:\/\/www.saludonnet.com\/blog\/","name":"Blog SaludOnNet","description":"Un espacio donde encontrar\u00e1s consejos y art\u00edculos para cuidar de tu salud","publisher":{"@id":"https:\/\/www.saludonnet.com\/blog\/#organization"},"potentialAction":[{"@type":"SearchAction","target":{"@type":"EntryPoint","urlTemplate":"https:\/\/www.saludonnet.com\/blog\/?s={search_term_string}"},"query-input":{"@type":"PropertyValueSpecification","valueRequired":true,"valueName":"search_term_string"}}],"inLanguage":"es"},{"@type":"Organization","@id":"https:\/\/www.saludonnet.com\/blog\/#organization","name":"SaludOnNet","url":"https:\/\/www.saludonnet.com\/blog\/","logo":{"@type":"ImageObject","inLanguage":"es","@id":"https:\/\/www.saludonnet.com\/blog\/#\/schema\/logo\/image\/","url":"https:\/\/www.saludonnet.com\/blog\/wp-content\/uploads\/2019\/07\/Logo-SaludOnNet.png","contentUrl":"https:\/\/www.saludonnet.com\/blog\/wp-content\/uploads\/2019\/07\/Logo-SaludOnNet.png","width":1140,"height":377,"caption":"SaludOnNet"},"image":{"@id":"https:\/\/www.saludonnet.com\/blog\/#\/schema\/logo\/image\/"},"sameAs":["https:\/\/www.facebook.com\/pages\/SaludOnNet\/214957498526536","https:\/\/x.com\/saludonnet","https:\/\/www.instagram.com\/saludonnet\/","https:\/\/www.linkedin.com\/company\/saludonnet\/","https:\/\/www.youtube.com\/channel\/UCag68GsnagqzNb6C3G-S9vQ"]},{"@type":"Person","@id":"https:\/\/www.saludonnet.com\/blog\/#\/schema\/person\/50995e01cc9d6c9f29ae18d979eeff1b","name":"Equipo M\u00e9dico de SaludOnNet","image":{"@type":"ImageObject","inLanguage":"es","@id":"https:\/\/secure.gravatar.com\/avatar\/0ac89931d2ef75704f29e63e12335967620a1f7ac37c69f6f97ad72b9ac6496d?s=96&d=mm&r=g","url":"https:\/\/secure.gravatar.com\/avatar\/0ac89931d2ef75704f29e63e12335967620a1f7ac37c69f6f97ad72b9ac6496d?s=96&d=mm&r=g","contentUrl":"https:\/\/secure.gravatar.com\/avatar\/0ac89931d2ef75704f29e63e12335967620a1f7ac37c69f6f97ad72b9ac6496d?s=96&d=mm&r=g","caption":"Equipo M\u00e9dico de SaludOnNet"},"description":"Art\u00edculo elaborado por el equipo m\u00e9dico de SaludOnNet, compuesto por especialistas destacados en su \u00e1rea.","url":"https:\/\/www.saludonnet.com\/blog\/author\/saludonnet\/"}]}},"acf":[],"_links":{"self":[{"href":"https:\/\/www.saludonnet.com\/blog\/wp-json\/wp\/v2\/posts\/9515","targetHints":{"allow":["GET"]}}],"collection":[{"href":"https:\/\/www.saludonnet.com\/blog\/wp-json\/wp\/v2\/posts"}],"about":[{"href":"https:\/\/www.saludonnet.com\/blog\/wp-json\/wp\/v2\/types\/post"}],"author":[{"embeddable":true,"href":"https:\/\/www.saludonnet.com\/blog\/wp-json\/wp\/v2\/users\/20"}],"replies":[{"embeddable":true,"href":"https:\/\/www.saludonnet.com\/blog\/wp-json\/wp\/v2\/comments?post=9515"}],"version-history":[{"count":10,"href":"https:\/\/www.saludonnet.com\/blog\/wp-json\/wp\/v2\/posts\/9515\/revisions"}],"predecessor-version":[{"id":9631,"href":"https:\/\/www.saludonnet.com\/blog\/wp-json\/wp\/v2\/posts\/9515\/revisions\/9631"}],"wp:featuredmedia":[{"embeddable":true,"href":"https:\/\/www.saludonnet.com\/blog\/wp-json\/wp\/v2\/media\/9514"}],"wp:attachment":[{"href":"https:\/\/www.saludonnet.com\/blog\/wp-json\/wp\/v2\/media?parent=9515"}],"wp:term":[{"taxonomy":"category","embeddable":true,"href":"https:\/\/www.saludonnet.com\/blog\/wp-json\/wp\/v2\/categories?post=9515"},{"taxonomy":"post_tag","embeddable":true,"href":"https:\/\/www.saludonnet.com\/blog\/wp-json\/wp\/v2\/tags?post=9515"}],"curies":[{"name":"wp","href":"https:\/\/api.w.org\/{rel}","templated":true}]}}