{"id":9228,"date":"2021-01-28T12:39:09","date_gmt":"2021-01-28T11:39:09","guid":{"rendered":"https:\/\/www.saludonnet.com\/blog\/?p=9228"},"modified":"2021-01-27T16:39:42","modified_gmt":"2021-01-27T15:39:42","slug":"que-son-los-acufenos-y-como-se-tratan","status":"publish","type":"post","link":"https:\/\/www.saludonnet.com\/blog\/que-son-los-acufenos-y-como-se-tratan\/","title":{"rendered":"\u00bfQu\u00e9 son los ac\u00fafenos y c\u00f3mo se tratan?"},"content":{"rendered":"\n<p>Hay personas que oyen sonidos constantemente sin que haya\nninguna fuente sonora externa que los est\u00e9 produciendo. Son los ac\u00fafenos, sonidos\nen forma de zumbido, timbre o silbido que hacen que quien los padece se desoriente\ny tenga ansiedad ante algo que no puede controlar. Pueden ser percibidos por un\no\u00eddo o por los dos y est\u00e1n generados por una actividad neural sonora an\u00f3mala. &nbsp;<\/p>\n\n\n\n<p>Los ac\u00fafenos aparecen con m\u00e1s frecuencia en personas de edad\navanzada, ya que est\u00e1n relacionados con la <strong><a href=\"https:\/\/www.saludonnet.com\/blog\/perdida-de-audicion-a-que-es-debida\/\">hipoacusia<\/a><\/strong>\ny con una exposici\u00f3n mayor a los ruidos externos. El estudio de esta patolog\u00eda\nha pasado por diversas fases; en un principio se pensaba que era una manifestaci\u00f3n\nde la c\u00f3clea, situada en el o\u00eddo interno. &nbsp;M\u00e1s tarde se ha visto que es un fen\u00f3meno del sistema\nnervioso central. &nbsp;<\/p>\n\n\n\n<h2 class=\"wp-block-heading\"><strong>\u00bfQu\u00e9 significa tener ac\u00fafenos?<\/strong> <\/h2>\n\n\n\n<p>El ac\u00fafeno es una se\u00f1al d\u00e9bil, de baja intensidad, de\nmalestar, tal y como indican Miguel A. L\u00f3pez Gonz\u00e1lez y Francisco Esteban\nOrtega en su ponencia <strong><a href=\"https:\/\/www.saeia.es\/publicaciones\/pdf\/acufeno.pdf\">Ac\u00fafeno como se\u00f1al de\nmalestar<\/a><\/strong>. Puede aparecer por s\u00ed solo o ser un s\u00edntoma de una enfermedad\ngrave a\u00fan sin diagnosticar, por lo que es importante su estudio. Adem\u00e1s, muchas\npersonas que presentan ac\u00fafenos tambi\u00e9n tienen hipoacusia, por lo que se hace necesario\nun estudio de la audici\u00f3n del paciente para saber en qu\u00e9 grado se encuentra la\np\u00e9rdida. <\/p>\n\n\n\n<p>El ac\u00fafeno puede aparecer en diferentes circunstancias. Las m\u00e1s frecuentes suelen ser problemas: <\/p>\n\n\n\n<ul class=\"wp-block-list\"><li><strong>Otorrinolaringol\u00f3gicos<\/strong>: \u00a0otitis media, procesos catarrales, exposici\u00f3n a un traumatismo ac\u00fastico agudo o cr\u00f3nico, sordera s\u00fabita u otras enfermedades del o\u00eddo interno. <\/li><li><strong>Cardiovasculares<\/strong>: Elevaci\u00f3n importante de la <strong><a href=\"https:\/\/www.saludonnet.com\/blog\/habitos-saludables-para-luchar-contra-la-hipertension-0\/\">tensi\u00f3n arterial<\/a><\/strong>, <strong><a href=\"https:\/\/www.saludonnet.com\/blog\/por-que-sentimos-palpitaciones\/\">arritmias<\/a><\/strong> o malformaciones vasculares. <\/li><li><strong>Reumatol\u00f3gicos<\/strong>: Aparici\u00f3n de alguna patolog\u00eda en la columna cervical. <\/li><li><strong>Psiqui\u00e1tricos o psicol\u00f3gicos<\/strong>: <strong><a href=\"https:\/\/www.saludonnet.com\/blog\/estres-ansiedad-y-depresion-consultas-mas-frecuentes-del-psicologo\/\">estr\u00e9s, ansiedad o depresi\u00f3n<\/a><\/strong>. <\/li><li>Efecto secundario tras la toma de alguna medicaci\u00f3n. \u00a0<\/li><\/ul>\n\n\n\n<p>Algunos casos graves incapacitan a las personas en su vida\ndiaria. Es frecuente que cuando no se habit\u00faan al ruido constante aparezcan\ntrastornos como la ansiedad o la depresi\u00f3n, sobre todo si se prolongan en el\ntiempo. <\/p>\n\n\n\n<h2 class=\"wp-block-heading\"><strong>Diagn\u00f3stico y Tratamiento<\/strong> <\/h2>\n\n\n\n<p>El <strong>diagn\u00f3stico de los ac\u00fafenos<\/strong> se realiza en\nconsulta, a trav\u00e9s de la historia cl\u00ednica en la que se incluye la exploraci\u00f3n\nf\u00edsica y la realizaci\u00f3n de pruebas como la <strong>audiometr\u00eda<\/strong>. El otorrinolaring\u00f3logo\npuede valorar hacer otros ex\u00e1menes diagn\u00f3sticos como los potenciales evocados o\nla <strong>resonancia magn\u00e9tica<\/strong>, cuando quiere descartar patolog\u00edas del sistema\nnervioso central. El especialista eval\u00faa el timbre y la intensidad de los\nac\u00fafenos y valora su grado de incapacitaci\u00f3n. <\/p>\n\n\n\n<p>En cuanto al <strong>tratamiento<\/strong> hay que seguir un esquema de refuerzo positivo. Seg\u00fan se indica en el art\u00edculo <strong><a href=\"https:\/\/www.medigraphic.com\/pdfs\/medfam\/amf-2006\/amf063h.pdf\">Ac\u00fafenos, gu\u00eda cl\u00ednica en atenci\u00f3n primaria<\/a><\/strong>, es importante que el m\u00e9dico reduzca el estado de ansiedad del paciente, para intentar que el propio sistema nervioso central anule el ruido y la persona lo deje de notar o lo haga con menos intensidad. \u00a0Para ello se utilizan <strong>terapias de sonido, con las que se consigue la mejor\u00eda del 80% de los pacientes, <\/strong>en las que se trabaja en los ruidos ambientales y en t\u00e9cnicas de distracci\u00f3n, evitando el silencio. <\/p>\n\n\n\n<p>Se ha comprobado que cuando la persona no presta atenci\u00f3n a\nlos ac\u00fafenos el organismo puede llegar a bloquearlos, al disminuir algunas causas\nque pueden amplificar el problema, como la ansiedad y la depresi\u00f3n. En este\nsentido no son recomendables los mensajes negativos en los que se trasmite que\nesta patolog\u00eda no tiene cura o que el paciente tiene que aprender a vivir con\nello, porque no tiene soluci\u00f3n, ya que generan m\u00e1s estr\u00e9s en el paciente.<\/p>\n\n\n\n<p>El tratamiento farmacol\u00f3gico incluye medicaci\u00f3n vasodilatadora,\n<strong><a href=\"https:\/\/www.saludonnet.com\/blog\/corticoides-tienen-tantos-efectos-secundarios\/\">corticoides<\/a><\/strong>,\nantihistam\u00ednicos y antidepresivos, a elecci\u00f3n del m\u00e9dico.<\/p>\n\n\n\n<p>Si notas que tienes ac\u00fafenos debes acudir al m\u00e9dico para que\nrealice un diagn\u00f3stico y te oriente. En <strong><a href=\"https:\/\/www.saludonnet.com\/\">SaludOnNet<\/a><\/strong>\ncontamos con especialistas dispuestos a ayudarte en lo que necesites. &nbsp;<\/p>\n","protected":false},"excerpt":{"rendered":"<p>Los sonidos constantes sin nada que los est\u00e9 provocando se llaman ac\u00fafenos. Suelen aparecer en personas de la tercera edad, aunque a veces aparecen antes. <\/p>\n","protected":false},"author":20,"featured_media":9226,"comment_status":"open","ping_status":"open","sticky":false,"template":"","format":"standard","meta":{"footnotes":""},"categories":[69],"tags":[249,250],"class_list":["post-9228","post","type-post","status-publish","format-standard","has-post-thumbnail","hentry","category-otorrinolaringologia","tag-3313-consulta","tag-pack-73-consulta-de-otorrinolaringologia--audiometria"],"yoast_head":"<!-- This site is optimized with the Yoast SEO plugin v27.5 - https:\/\/yoast.com\/product\/yoast-seo-wordpress\/ -->\n<title>\u00bfQu\u00e9 son los ac\u00fafenos y c\u00f3mo se tratan?<\/title>\n<meta name=\"description\" content=\"Los sonidos constantes sin nada que los est\u00e9 provocando se llaman ac\u00fafenos. Suelen padecerlos las personas de la tercera edad, pero a veces aparecen antes.\" \/>\n<meta name=\"robots\" content=\"index, follow, max-snippet:-1, max-image-preview:large, max-video-preview:-1\" \/>\n<link rel=\"canonical\" href=\"https:\/\/www.saludonnet.com\/blog\/que-son-los-acufenos-y-como-se-tratan\/\" \/>\n<meta property=\"og:locale\" content=\"es_ES\" \/>\n<meta property=\"og:type\" content=\"article\" \/>\n<meta property=\"og:title\" content=\"\u00bfQu\u00e9 son los ac\u00fafenos y c\u00f3mo se tratan?\" \/>\n<meta property=\"og:description\" content=\"Los sonidos constantes sin nada que los est\u00e9 provocando se llaman ac\u00fafenos. Suelen padecerlos las personas de la tercera edad, pero a veces aparecen antes.\" \/>\n<meta property=\"og:url\" content=\"https:\/\/www.saludonnet.com\/blog\/que-son-los-acufenos-y-como-se-tratan\/\" \/>\n<meta property=\"og:site_name\" content=\"Blog SaludOnNet\" \/>\n<meta property=\"article:publisher\" content=\"https:\/\/www.facebook.com\/pages\/SaludOnNet\/214957498526536\" \/>\n<meta property=\"article:published_time\" content=\"2021-01-28T11:39:09+00:00\" \/>\n<meta property=\"og:image\" content=\"https:\/\/www.saludonnet.com\/blog\/wp-content\/uploads\/2021\/01\/acufeno.jpg\" \/>\n\t<meta property=\"og:image:width\" content=\"800\" \/>\n\t<meta property=\"og:image:height\" content=\"400\" \/>\n\t<meta property=\"og:image:type\" content=\"image\/jpeg\" \/>\n<meta name=\"author\" content=\"Equipo M\u00e9dico de SaludOnNet\" \/>\n<meta name=\"twitter:card\" content=\"summary_large_image\" \/>\n<meta name=\"twitter:title\" content=\"\u00bfQu\u00e9 son los ac\u00fafenos y c\u00f3mo se tratan?\" \/>\n<meta name=\"twitter:description\" content=\"Los sonidos constantes sin nada que los est\u00e9 provocando se llaman ac\u00fafenos. Suelen padecerlos las personas de la tercera edad, pero a veces aparecen antes.\" \/>\n<meta name=\"twitter:creator\" content=\"@saludonnet\" \/>\n<meta name=\"twitter:site\" content=\"@saludonnet\" \/>\n<meta name=\"twitter:label1\" content=\"Escrito por\" \/>\n\t<meta name=\"twitter:data1\" content=\"Equipo M\u00e9dico de SaludOnNet\" \/>\n<script type=\"application\/ld+json\" class=\"yoast-schema-graph\">{\"@context\":\"https:\\\/\\\/schema.org\",\"@graph\":[{\"@type\":\"Article\",\"@id\":\"https:\\\/\\\/www.saludonnet.com\\\/blog\\\/que-son-los-acufenos-y-como-se-tratan\\\/#article\",\"isPartOf\":{\"@id\":\"https:\\\/\\\/www.saludonnet.com\\\/blog\\\/que-son-los-acufenos-y-como-se-tratan\\\/\"},\"author\":{\"name\":\"Equipo M\u00e9dico de SaludOnNet\",\"@id\":\"https:\\\/\\\/www.saludonnet.com\\\/blog\\\/#\\\/schema\\\/person\\\/50995e01cc9d6c9f29ae18d979eeff1b\"},\"headline\":\"\u00bfQu\u00e9 son los ac\u00fafenos y c\u00f3mo se tratan?\",\"datePublished\":\"2021-01-28T11:39:09+00:00\",\"mainEntityOfPage\":{\"@id\":\"https:\\\/\\\/www.saludonnet.com\\\/blog\\\/que-son-los-acufenos-y-como-se-tratan\\\/\"},\"wordCount\":721,\"commentCount\":0,\"publisher\":{\"@id\":\"https:\\\/\\\/www.saludonnet.com\\\/blog\\\/#organization\"},\"image\":{\"@id\":\"https:\\\/\\\/www.saludonnet.com\\\/blog\\\/que-son-los-acufenos-y-como-se-tratan\\\/#primaryimage\"},\"thumbnailUrl\":\"https:\\\/\\\/soncdn.azureedge.net\\\/blog\\\/wp-content\\\/uploads\\\/2021\\\/01\\\/acufeno.jpg\",\"keywords\":[\"Consulta de Otorrinolaringolog\u00eda\",\"Consulta de Otorrinolaringolog\u00eda y Audiometria\"],\"articleSection\":[\"Otorrinolaringolog\u00eda\"],\"inLanguage\":\"es\",\"potentialAction\":[{\"@type\":\"CommentAction\",\"name\":\"Comment\",\"target\":[\"https:\\\/\\\/www.saludonnet.com\\\/blog\\\/que-son-los-acufenos-y-como-se-tratan\\\/#respond\"]}]},{\"@type\":\"WebPage\",\"@id\":\"https:\\\/\\\/www.saludonnet.com\\\/blog\\\/que-son-los-acufenos-y-como-se-tratan\\\/\",\"url\":\"https:\\\/\\\/www.saludonnet.com\\\/blog\\\/que-son-los-acufenos-y-como-se-tratan\\\/\",\"name\":\"\u00bfQu\u00e9 son los ac\u00fafenos y c\u00f3mo se tratan?\",\"isPartOf\":{\"@id\":\"https:\\\/\\\/www.saludonnet.com\\\/blog\\\/#website\"},\"primaryImageOfPage\":{\"@id\":\"https:\\\/\\\/www.saludonnet.com\\\/blog\\\/que-son-los-acufenos-y-como-se-tratan\\\/#primaryimage\"},\"image\":{\"@id\":\"https:\\\/\\\/www.saludonnet.com\\\/blog\\\/que-son-los-acufenos-y-como-se-tratan\\\/#primaryimage\"},\"thumbnailUrl\":\"https:\\\/\\\/soncdn.azureedge.net\\\/blog\\\/wp-content\\\/uploads\\\/2021\\\/01\\\/acufeno.jpg\",\"datePublished\":\"2021-01-28T11:39:09+00:00\",\"description\":\"Los sonidos constantes sin nada que los est\u00e9 provocando se llaman ac\u00fafenos. Suelen padecerlos las personas de la tercera edad, pero a veces aparecen antes.\",\"breadcrumb\":{\"@id\":\"https:\\\/\\\/www.saludonnet.com\\\/blog\\\/que-son-los-acufenos-y-como-se-tratan\\\/#breadcrumb\"},\"inLanguage\":\"es\",\"potentialAction\":[{\"@type\":\"ReadAction\",\"target\":[\"https:\\\/\\\/www.saludonnet.com\\\/blog\\\/que-son-los-acufenos-y-como-se-tratan\\\/\"]}]},{\"@type\":\"ImageObject\",\"inLanguage\":\"es\",\"@id\":\"https:\\\/\\\/www.saludonnet.com\\\/blog\\\/que-son-los-acufenos-y-como-se-tratan\\\/#primaryimage\",\"url\":\"https:\\\/\\\/soncdn.azureedge.net\\\/blog\\\/wp-content\\\/uploads\\\/2021\\\/01\\\/acufeno.jpg\",\"contentUrl\":\"https:\\\/\\\/soncdn.azureedge.net\\\/blog\\\/wp-content\\\/uploads\\\/2021\\\/01\\\/acufeno.jpg\",\"width\":800,\"height\":400,\"caption\":\"chico con dolor en o\u00eddos por ac\u00fafeno\"},{\"@type\":\"BreadcrumbList\",\"@id\":\"https:\\\/\\\/www.saludonnet.com\\\/blog\\\/que-son-los-acufenos-y-como-se-tratan\\\/#breadcrumb\",\"itemListElement\":[{\"@type\":\"ListItem\",\"position\":1,\"name\":\"Portada\",\"item\":\"https:\\\/\\\/www.saludonnet.com\\\/blog\\\/\"},{\"@type\":\"ListItem\",\"position\":2,\"name\":\"Otorrinolaringolog\u00eda\",\"item\":\"https:\\\/\\\/www.saludonnet.com\\\/blog\\\/topic\\\/otorrinolaringologia\\\/\"},{\"@type\":\"ListItem\",\"position\":3,\"name\":\"\u00bfQu\u00e9 son los ac\u00fafenos y c\u00f3mo se tratan?\"}]},{\"@type\":\"WebSite\",\"@id\":\"https:\\\/\\\/www.saludonnet.com\\\/blog\\\/#website\",\"url\":\"https:\\\/\\\/www.saludonnet.com\\\/blog\\\/\",\"name\":\"Blog SaludOnNet\",\"description\":\"Un espacio donde encontrar\u00e1s consejos y art\u00edculos para cuidar de tu salud\",\"publisher\":{\"@id\":\"https:\\\/\\\/www.saludonnet.com\\\/blog\\\/#organization\"},\"potentialAction\":[{\"@type\":\"SearchAction\",\"target\":{\"@type\":\"EntryPoint\",\"urlTemplate\":\"https:\\\/\\\/www.saludonnet.com\\\/blog\\\/?s={search_term_string}\"},\"query-input\":{\"@type\":\"PropertyValueSpecification\",\"valueRequired\":true,\"valueName\":\"search_term_string\"}}],\"inLanguage\":\"es\"},{\"@type\":\"Organization\",\"@id\":\"https:\\\/\\\/www.saludonnet.com\\\/blog\\\/#organization\",\"name\":\"SaludOnNet\",\"url\":\"https:\\\/\\\/www.saludonnet.com\\\/blog\\\/\",\"logo\":{\"@type\":\"ImageObject\",\"inLanguage\":\"es\",\"@id\":\"https:\\\/\\\/www.saludonnet.com\\\/blog\\\/#\\\/schema\\\/logo\\\/image\\\/\",\"url\":\"https:\\\/\\\/www.saludonnet.com\\\/blog\\\/wp-content\\\/uploads\\\/2019\\\/07\\\/Logo-SaludOnNet.png\",\"contentUrl\":\"https:\\\/\\\/www.saludonnet.com\\\/blog\\\/wp-content\\\/uploads\\\/2019\\\/07\\\/Logo-SaludOnNet.png\",\"width\":1140,\"height\":377,\"caption\":\"SaludOnNet\"},\"image\":{\"@id\":\"https:\\\/\\\/www.saludonnet.com\\\/blog\\\/#\\\/schema\\\/logo\\\/image\\\/\"},\"sameAs\":[\"https:\\\/\\\/www.facebook.com\\\/pages\\\/SaludOnNet\\\/214957498526536\",\"https:\\\/\\\/x.com\\\/saludonnet\",\"https:\\\/\\\/www.instagram.com\\\/saludonnet\\\/\",\"https:\\\/\\\/www.linkedin.com\\\/company\\\/saludonnet\\\/\",\"https:\\\/\\\/www.youtube.com\\\/channel\\\/UCag68GsnagqzNb6C3G-S9vQ\"]},{\"@type\":\"Person\",\"@id\":\"https:\\\/\\\/www.saludonnet.com\\\/blog\\\/#\\\/schema\\\/person\\\/50995e01cc9d6c9f29ae18d979eeff1b\",\"name\":\"Equipo M\u00e9dico de SaludOnNet\",\"image\":{\"@type\":\"ImageObject\",\"inLanguage\":\"es\",\"@id\":\"https:\\\/\\\/secure.gravatar.com\\\/avatar\\\/0ac89931d2ef75704f29e63e12335967620a1f7ac37c69f6f97ad72b9ac6496d?s=96&d=mm&r=g\",\"url\":\"https:\\\/\\\/secure.gravatar.com\\\/avatar\\\/0ac89931d2ef75704f29e63e12335967620a1f7ac37c69f6f97ad72b9ac6496d?s=96&d=mm&r=g\",\"contentUrl\":\"https:\\\/\\\/secure.gravatar.com\\\/avatar\\\/0ac89931d2ef75704f29e63e12335967620a1f7ac37c69f6f97ad72b9ac6496d?s=96&d=mm&r=g\",\"caption\":\"Equipo M\u00e9dico de SaludOnNet\"},\"description\":\"Art\u00edculo elaborado por el equipo m\u00e9dico de SaludOnNet, compuesto por especialistas destacados en su \u00e1rea.\",\"url\":\"https:\\\/\\\/www.saludonnet.com\\\/blog\\\/author\\\/saludonnet\\\/\"}]}<\/script>\n<!-- \/ Yoast SEO plugin. -->","yoast_head_json":{"title":"\u00bfQu\u00e9 son los ac\u00fafenos y c\u00f3mo se tratan?","description":"Los sonidos constantes sin nada que los est\u00e9 provocando se llaman ac\u00fafenos. Suelen padecerlos las personas de la tercera edad, pero a veces aparecen antes.","robots":{"index":"index","follow":"follow","max-snippet":"max-snippet:-1","max-image-preview":"max-image-preview:large","max-video-preview":"max-video-preview:-1"},"canonical":"https:\/\/www.saludonnet.com\/blog\/que-son-los-acufenos-y-como-se-tratan\/","og_locale":"es_ES","og_type":"article","og_title":"\u00bfQu\u00e9 son los ac\u00fafenos y c\u00f3mo se tratan?","og_description":"Los sonidos constantes sin nada que los est\u00e9 provocando se llaman ac\u00fafenos. Suelen padecerlos las personas de la tercera edad, pero a veces aparecen antes.","og_url":"https:\/\/www.saludonnet.com\/blog\/que-son-los-acufenos-y-como-se-tratan\/","og_site_name":"Blog SaludOnNet","article_publisher":"https:\/\/www.facebook.com\/pages\/SaludOnNet\/214957498526536","article_published_time":"2021-01-28T11:39:09+00:00","og_image":[{"width":800,"height":400,"url":"https:\/\/www.saludonnet.com\/blog\/wp-content\/uploads\/2021\/01\/acufeno.jpg","type":"image\/jpeg"}],"author":"Equipo M\u00e9dico de SaludOnNet","twitter_card":"summary_large_image","twitter_title":"\u00bfQu\u00e9 son los ac\u00fafenos y c\u00f3mo se tratan?","twitter_description":"Los sonidos constantes sin nada que los est\u00e9 provocando se llaman ac\u00fafenos. Suelen padecerlos las personas de la tercera edad, pero a veces aparecen antes.","twitter_creator":"@saludonnet","twitter_site":"@saludonnet","twitter_misc":{"Escrito por":"Equipo M\u00e9dico de SaludOnNet"},"schema":{"@context":"https:\/\/schema.org","@graph":[{"@type":"Article","@id":"https:\/\/www.saludonnet.com\/blog\/que-son-los-acufenos-y-como-se-tratan\/#article","isPartOf":{"@id":"https:\/\/www.saludonnet.com\/blog\/que-son-los-acufenos-y-como-se-tratan\/"},"author":{"name":"Equipo M\u00e9dico de SaludOnNet","@id":"https:\/\/www.saludonnet.com\/blog\/#\/schema\/person\/50995e01cc9d6c9f29ae18d979eeff1b"},"headline":"\u00bfQu\u00e9 son los ac\u00fafenos y c\u00f3mo se tratan?","datePublished":"2021-01-28T11:39:09+00:00","mainEntityOfPage":{"@id":"https:\/\/www.saludonnet.com\/blog\/que-son-los-acufenos-y-como-se-tratan\/"},"wordCount":721,"commentCount":0,"publisher":{"@id":"https:\/\/www.saludonnet.com\/blog\/#organization"},"image":{"@id":"https:\/\/www.saludonnet.com\/blog\/que-son-los-acufenos-y-como-se-tratan\/#primaryimage"},"thumbnailUrl":"https:\/\/soncdn.azureedge.net\/blog\/wp-content\/uploads\/2021\/01\/acufeno.jpg","keywords":["Consulta de Otorrinolaringolog\u00eda","Consulta de Otorrinolaringolog\u00eda y Audiometria"],"articleSection":["Otorrinolaringolog\u00eda"],"inLanguage":"es","potentialAction":[{"@type":"CommentAction","name":"Comment","target":["https:\/\/www.saludonnet.com\/blog\/que-son-los-acufenos-y-como-se-tratan\/#respond"]}]},{"@type":"WebPage","@id":"https:\/\/www.saludonnet.com\/blog\/que-son-los-acufenos-y-como-se-tratan\/","url":"https:\/\/www.saludonnet.com\/blog\/que-son-los-acufenos-y-como-se-tratan\/","name":"\u00bfQu\u00e9 son los ac\u00fafenos y c\u00f3mo se tratan?","isPartOf":{"@id":"https:\/\/www.saludonnet.com\/blog\/#website"},"primaryImageOfPage":{"@id":"https:\/\/www.saludonnet.com\/blog\/que-son-los-acufenos-y-como-se-tratan\/#primaryimage"},"image":{"@id":"https:\/\/www.saludonnet.com\/blog\/que-son-los-acufenos-y-como-se-tratan\/#primaryimage"},"thumbnailUrl":"https:\/\/soncdn.azureedge.net\/blog\/wp-content\/uploads\/2021\/01\/acufeno.jpg","datePublished":"2021-01-28T11:39:09+00:00","description":"Los sonidos constantes sin nada que los est\u00e9 provocando se llaman ac\u00fafenos. Suelen padecerlos las personas de la tercera edad, pero a veces aparecen antes.","breadcrumb":{"@id":"https:\/\/www.saludonnet.com\/blog\/que-son-los-acufenos-y-como-se-tratan\/#breadcrumb"},"inLanguage":"es","potentialAction":[{"@type":"ReadAction","target":["https:\/\/www.saludonnet.com\/blog\/que-son-los-acufenos-y-como-se-tratan\/"]}]},{"@type":"ImageObject","inLanguage":"es","@id":"https:\/\/www.saludonnet.com\/blog\/que-son-los-acufenos-y-como-se-tratan\/#primaryimage","url":"https:\/\/soncdn.azureedge.net\/blog\/wp-content\/uploads\/2021\/01\/acufeno.jpg","contentUrl":"https:\/\/soncdn.azureedge.net\/blog\/wp-content\/uploads\/2021\/01\/acufeno.jpg","width":800,"height":400,"caption":"chico con dolor en o\u00eddos por ac\u00fafeno"},{"@type":"BreadcrumbList","@id":"https:\/\/www.saludonnet.com\/blog\/que-son-los-acufenos-y-como-se-tratan\/#breadcrumb","itemListElement":[{"@type":"ListItem","position":1,"name":"Portada","item":"https:\/\/www.saludonnet.com\/blog\/"},{"@type":"ListItem","position":2,"name":"Otorrinolaringolog\u00eda","item":"https:\/\/www.saludonnet.com\/blog\/topic\/otorrinolaringologia\/"},{"@type":"ListItem","position":3,"name":"\u00bfQu\u00e9 son los ac\u00fafenos y c\u00f3mo se tratan?"}]},{"@type":"WebSite","@id":"https:\/\/www.saludonnet.com\/blog\/#website","url":"https:\/\/www.saludonnet.com\/blog\/","name":"Blog SaludOnNet","description":"Un espacio donde encontrar\u00e1s consejos y art\u00edculos para cuidar de tu salud","publisher":{"@id":"https:\/\/www.saludonnet.com\/blog\/#organization"},"potentialAction":[{"@type":"SearchAction","target":{"@type":"EntryPoint","urlTemplate":"https:\/\/www.saludonnet.com\/blog\/?s={search_term_string}"},"query-input":{"@type":"PropertyValueSpecification","valueRequired":true,"valueName":"search_term_string"}}],"inLanguage":"es"},{"@type":"Organization","@id":"https:\/\/www.saludonnet.com\/blog\/#organization","name":"SaludOnNet","url":"https:\/\/www.saludonnet.com\/blog\/","logo":{"@type":"ImageObject","inLanguage":"es","@id":"https:\/\/www.saludonnet.com\/blog\/#\/schema\/logo\/image\/","url":"https:\/\/www.saludonnet.com\/blog\/wp-content\/uploads\/2019\/07\/Logo-SaludOnNet.png","contentUrl":"https:\/\/www.saludonnet.com\/blog\/wp-content\/uploads\/2019\/07\/Logo-SaludOnNet.png","width":1140,"height":377,"caption":"SaludOnNet"},"image":{"@id":"https:\/\/www.saludonnet.com\/blog\/#\/schema\/logo\/image\/"},"sameAs":["https:\/\/www.facebook.com\/pages\/SaludOnNet\/214957498526536","https:\/\/x.com\/saludonnet","https:\/\/www.instagram.com\/saludonnet\/","https:\/\/www.linkedin.com\/company\/saludonnet\/","https:\/\/www.youtube.com\/channel\/UCag68GsnagqzNb6C3G-S9vQ"]},{"@type":"Person","@id":"https:\/\/www.saludonnet.com\/blog\/#\/schema\/person\/50995e01cc9d6c9f29ae18d979eeff1b","name":"Equipo M\u00e9dico de SaludOnNet","image":{"@type":"ImageObject","inLanguage":"es","@id":"https:\/\/secure.gravatar.com\/avatar\/0ac89931d2ef75704f29e63e12335967620a1f7ac37c69f6f97ad72b9ac6496d?s=96&d=mm&r=g","url":"https:\/\/secure.gravatar.com\/avatar\/0ac89931d2ef75704f29e63e12335967620a1f7ac37c69f6f97ad72b9ac6496d?s=96&d=mm&r=g","contentUrl":"https:\/\/secure.gravatar.com\/avatar\/0ac89931d2ef75704f29e63e12335967620a1f7ac37c69f6f97ad72b9ac6496d?s=96&d=mm&r=g","caption":"Equipo M\u00e9dico de SaludOnNet"},"description":"Art\u00edculo elaborado por el equipo m\u00e9dico de SaludOnNet, compuesto por especialistas destacados en su \u00e1rea.","url":"https:\/\/www.saludonnet.com\/blog\/author\/saludonnet\/"}]}},"acf":[],"_links":{"self":[{"href":"https:\/\/www.saludonnet.com\/blog\/wp-json\/wp\/v2\/posts\/9228","targetHints":{"allow":["GET"]}}],"collection":[{"href":"https:\/\/www.saludonnet.com\/blog\/wp-json\/wp\/v2\/posts"}],"about":[{"href":"https:\/\/www.saludonnet.com\/blog\/wp-json\/wp\/v2\/types\/post"}],"author":[{"embeddable":true,"href":"https:\/\/www.saludonnet.com\/blog\/wp-json\/wp\/v2\/users\/20"}],"replies":[{"embeddable":true,"href":"https:\/\/www.saludonnet.com\/blog\/wp-json\/wp\/v2\/comments?post=9228"}],"version-history":[{"count":13,"href":"https:\/\/www.saludonnet.com\/blog\/wp-json\/wp\/v2\/posts\/9228\/revisions"}],"predecessor-version":[{"id":9241,"href":"https:\/\/www.saludonnet.com\/blog\/wp-json\/wp\/v2\/posts\/9228\/revisions\/9241"}],"wp:featuredmedia":[{"embeddable":true,"href":"https:\/\/www.saludonnet.com\/blog\/wp-json\/wp\/v2\/media\/9226"}],"wp:attachment":[{"href":"https:\/\/www.saludonnet.com\/blog\/wp-json\/wp\/v2\/media?parent=9228"}],"wp:term":[{"taxonomy":"category","embeddable":true,"href":"https:\/\/www.saludonnet.com\/blog\/wp-json\/wp\/v2\/categories?post=9228"},{"taxonomy":"post_tag","embeddable":true,"href":"https:\/\/www.saludonnet.com\/blog\/wp-json\/wp\/v2\/tags?post=9228"}],"curies":[{"name":"wp","href":"https:\/\/api.w.org\/{rel}","templated":true}]}}