{"id":9169,"date":"2021-01-15T12:47:09","date_gmt":"2021-01-15T11:47:09","guid":{"rendered":"https:\/\/www.saludonnet.com\/blog\/?p=9169"},"modified":"2023-10-10T18:58:23","modified_gmt":"2023-10-10T16:58:23","slug":"que-tengo-que-hacer-si-soy-contacto-estrecho-de-un-positivo-en-covid-19","status":"publish","type":"post","link":"https:\/\/www.saludonnet.com\/blog\/que-tengo-que-hacer-si-soy-contacto-estrecho-de-un-positivo-en-covid-19\/","title":{"rendered":"\u00bfQu\u00e9 debo hacer si soy contacto estrecho de un positivo en Covid-19?"},"content":{"rendered":"\n<p>Desde comienzos de 2020 el mundo ha aprendido mucho sobre <strong><a href=\"https:\/\/www.saludonnet.com\/blog\/que-secuelas-deja-el-covid-19\/\">la enfermedad Covid-19<\/a><\/strong>. La vida ha cambiado para todos y los dirigentes han tenido que legislar con rapidez para intentar poner fin a la pandemia. Lo malo es que, como se trata de una enfermedad nueva, los protocolos e indicaciones sobre personas infectadas, <strong>contacto estrecho<\/strong> o movilidad cambian cada poco tiempo. <\/p>\n\n\n\n<p>En Espa\u00f1a, el hecho de tener 17 comunidades aut\u00f3nomas con\nsus correspondientes gobiernos y bastantes competencias transferidas, ha hecho\nque muchas veces los ciudadanos no sepan qu\u00e9 pueden o no hacer. <\/p>\n\n\n\n<h2 class=\"wp-block-heading\"><strong>\u00bfQu\u00e9 es un contacto estrecho?<\/strong> <\/h2>\n\n\n\n<p>Seg\u00fan indican desde el Ministerio de Sanidad en su <strong><a href=\"https:\/\/www.mscbs.gob.es\/profesionales\/saludPublica\/ccayes\/alertasActual\/nCov\/documentos\/COVID19_Estrategia_vigilancia_y_control_e_indicadores.pdf\">Estrategia\nde detecci\u00f3n precoz, vigilancia y control de la Covid-19<\/a><\/strong>, se considera\ncontacto estrecho: <\/p>\n\n\n\n<ul class=\"wp-block-list\">\n<li>Cualquier persona que haya cuidado a otra con\ninfecci\u00f3n activa o haya estado en contacto con sus secreciones y fluidos. Puede\nser personal sanitario o socio-sanitario, miembros familiares o cualquier\npersona que haya manipulado muestras biol\u00f3gicas <strong>sin las debidas medidas de\nprotecci\u00f3n<\/strong>. <\/li>\n\n\n\n<li>Cualquier persona que haya estado en el mismo\nlugar que una persona contagiada, a una <strong>distancia menor de 2 metros y\ndurante un tiempo total acumulado de m\u00e1s de 15 minutos<\/strong> en 24 horas. <\/li>\n<\/ul>\n\n\n\n<p>Para ser contacto estrecho se tiene que haber estado <strong>sin\nlas medidas de protecci\u00f3n necesarias<\/strong> cerca de una persona diagnosticada de\nCovid-19<strong> desde 2 d\u00edas antes del inicio de s\u00edntomas<\/strong> del caso hasta el\nmomento en el que es aislado o <strong>desde 2 d\u00edas antes de la fecha de toma de\nmuestra<\/strong> para diagn\u00f3stico, en el caso de las personas asintom\u00e1ticas.<\/p>\n\n\n\n<p>En el caso de contactos estrechos en los centros educativos,\nse atender\u00e1 a lo que marca la <strong><a href=\"https:\/\/www.mscbs.gob.es\/profesionales\/saludPublica\/ccayes\/alertasActual\/nCov\/documentos\/Guia_actuacion_centros_educativos.pdf\">Gu\u00eda\nde actuaci\u00f3n ante la aparici\u00f3n de casos de COVID-19 en centros educativos<\/a><\/strong>.\n<\/p>\n\n\n\n<h2 class=\"wp-block-heading\"><strong>\u00bfC\u00f3mo debe actuar ?<\/strong> <\/h2>\n\n\n\n<p>Cuando un contacto estrecho es informado de que una persona\ncon la que ha estado sin protecci\u00f3n es positiva en Covid-19, debe tomar una\nserie de medidas. En primer lugar, debe <strong>mantenerse aislado en cuarentena durante\n10 d\u00edas<\/strong>, a contar desde la \u00faltima vez que estuvo con la persona infectada.\nTiene que <strong>avisar por tel\u00e9fono a su m\u00e9dico de cabecera<\/strong> de que es contacto\nestrecho, para que le marquen las pautas a seguir. Lo habitual es que le den\ncita para realizarse <strong>una PCR<\/strong> o un <strong>Test de ant\u00edgenos<\/strong>, dependiendo\nde si presenta o no s\u00edntomas. <\/p>\n\n\n\n<p>Otras medidas que debe tomar son: <\/p>\n\n\n\n<ul class=\"wp-block-list\">\n<li>No debe salir de casa y, preferiblemente, tampoco de su habitaci\u00f3n<\/li>\n\n\n\n<li>Evitar al m\u00e1ximo el contacto con el resto de convivientes. <\/li>\n\n\n\n<li>Es importante que lleve siempre una mascarilla quir\u00fargica puesta y toque lo menos posible. <\/li>\n\n\n\n<li>Observar si aparece alg\u00fan s\u00edntoma compatible con la Covid-19 como fiebre, tos, dificultad respiratoria o p\u00e9rdida del gusto y el olfato durante el tiempo que dura la cuarentena. <\/li>\n\n\n\n<li>Lavarse las manos constantemente. <\/li>\n\n\n\n<li>Intentar, siempre que sea posible, no compartir ba\u00f1o con los convivientes. Si no queda mas remedio debe desinfectarse bien cada vez que se utilice. &nbsp;<\/li>\n<\/ul>\n\n\n\n<p><strong>Si el resultado de la PCR es negativo el contacto estrecho\ndeber\u00e1 estar de igual forma 10 d\u00edas aislado<\/strong>, aunque no presente s\u00edntomas y\nse encuentre bien. Si el resultado es positivo pasar\u00e1 a ser considerado un\nnuevo caso, por lo que tendr\u00e1 que avisar a sus posibles contactos. <\/p>\n\n\n\n<p>Es importante cumplir todos los protocolos que marcan, tanto el Ministerio de Sanidad, como las Consejer\u00edas de las Comunidades aut\u00f3nomas, para poder vencer al virus. Si necesitas realizarte alguna prueba Covid-19 en <strong>SaludOnNet <\/strong>tenemos PCR, <strong><a href=\"https:\/\/www.saludonnet.com\/blog\/para-que-sirve-el-test-de-antigenos\/\">test de ant\u00edgenos<\/a><\/strong> y <strong><a href=\"https:\/\/www.saludonnet.com\/blog\/como-se-si-he-generado-anticuerpos-del-covid-19\/\">pruebas serol\u00f3gicas<\/a><\/strong>. &nbsp;<\/p>\n","protected":false},"excerpt":{"rendered":"<p>Los contactos estrechos deben hacer una cuarentena de 10 d\u00edas, aunque tengan una PCR negativa. \u00bfSabes qu\u00e9 otras cosas deben hacer?<\/p>\n","protected":false},"author":20,"featured_media":9161,"comment_status":"open","ping_status":"open","sticky":false,"template":"","format":"standard","meta":{"footnotes":""},"categories":[85],"tags":[237,238],"class_list":["post-9169","post","type-post","status-publish","format-standard","has-post-thumbnail","hentry","category-medicina-interna","tag-1-consulta","tag-2643-consulta"],"yoast_head":"<!-- This site is optimized with the Yoast SEO plugin v27.4 - https:\/\/yoast.com\/product\/yoast-seo-wordpress\/ -->\n<title>\u00bfQu\u00e9 debo hacer si soy contacto estrecho de un positivo en Covid-19?<\/title>\n<meta name=\"description\" content=\"Un contacto estrecho debe hacer una cuarentena de 10 d\u00edas, aunque tenga una PCR negativa. \u00bfSabes qu\u00e9 otras cosas debe hacer?\" \/>\n<meta name=\"robots\" content=\"index, follow, max-snippet:-1, max-image-preview:large, max-video-preview:-1\" \/>\n<link rel=\"canonical\" href=\"https:\/\/www.saludonnet.com\/blog\/que-tengo-que-hacer-si-soy-contacto-estrecho-de-un-positivo-en-covid-19\/\" \/>\n<meta property=\"og:locale\" content=\"es_ES\" \/>\n<meta property=\"og:type\" content=\"article\" \/>\n<meta property=\"og:title\" content=\"\u00bfQu\u00e9 tengo que hacer si soy contacto estrecho de un positivo en Covid-19?\" \/>\n<meta property=\"og:description\" content=\"Los contactos estrechos deben hacer una cuarentena de 10 d\u00edas, aunque tengan una PCR negativa. \u00bfSabes qu\u00e9 otras cosas deben hacer?\" \/>\n<meta property=\"og:url\" content=\"https:\/\/www.saludonnet.com\/blog\/que-tengo-que-hacer-si-soy-contacto-estrecho-de-un-positivo-en-covid-19\/\" \/>\n<meta property=\"og:site_name\" content=\"Blog SaludOnNet\" \/>\n<meta property=\"article:publisher\" content=\"https:\/\/www.facebook.com\/pages\/SaludOnNet\/214957498526536\" \/>\n<meta property=\"article:published_time\" content=\"2021-01-15T11:47:09+00:00\" \/>\n<meta property=\"article:modified_time\" content=\"2023-10-10T16:58:23+00:00\" \/>\n<meta property=\"og:image\" content=\"https:\/\/www.saludonnet.com\/blog\/wp-content\/uploads\/2021\/01\/cuarentena-contacto.jpg\" \/>\n\t<meta property=\"og:image:width\" content=\"800\" \/>\n\t<meta property=\"og:image:height\" content=\"400\" \/>\n\t<meta property=\"og:image:type\" content=\"image\/jpeg\" \/>\n<meta name=\"author\" content=\"Equipo M\u00e9dico de SaludOnNet\" \/>\n<meta name=\"twitter:card\" content=\"summary_large_image\" \/>\n<meta name=\"twitter:title\" content=\"\u00bfQu\u00e9 tengo que hacer si soy contacto estrecho de un positivo en Covid-19?\" \/>\n<meta name=\"twitter:description\" content=\"Los contactos estrechos deben hacer una cuarentena de 10 d\u00edas, aunque tengan una PCR negativa. \u00bfSabes qu\u00e9 otras cosas deben hacer?\" \/>\n<meta name=\"twitter:creator\" content=\"@saludonnet\" \/>\n<meta name=\"twitter:site\" content=\"@saludonnet\" \/>\n<meta name=\"twitter:label1\" content=\"Escrito por\" \/>\n\t<meta name=\"twitter:data1\" content=\"Equipo M\u00e9dico de SaludOnNet\" \/>\n\t<meta name=\"twitter:label2\" content=\"Tiempo de lectura\" \/>\n\t<meta name=\"twitter:data2\" content=\"3 minutos\" \/>\n<script type=\"application\/ld+json\" class=\"yoast-schema-graph\">{\"@context\":\"https:\\\/\\\/schema.org\",\"@graph\":[{\"@type\":\"Article\",\"@id\":\"https:\\\/\\\/www.saludonnet.com\\\/blog\\\/que-tengo-que-hacer-si-soy-contacto-estrecho-de-un-positivo-en-covid-19\\\/#article\",\"isPartOf\":{\"@id\":\"https:\\\/\\\/www.saludonnet.com\\\/blog\\\/que-tengo-que-hacer-si-soy-contacto-estrecho-de-un-positivo-en-covid-19\\\/\"},\"author\":{\"name\":\"Equipo M\u00e9dico de SaludOnNet\",\"@id\":\"https:\\\/\\\/www.saludonnet.com\\\/blog\\\/#\\\/schema\\\/person\\\/50995e01cc9d6c9f29ae18d979eeff1b\"},\"headline\":\"\u00bfQu\u00e9 debo hacer si soy contacto estrecho de un positivo en Covid-19?\",\"datePublished\":\"2021-01-15T11:47:09+00:00\",\"dateModified\":\"2023-10-10T16:58:23+00:00\",\"mainEntityOfPage\":{\"@id\":\"https:\\\/\\\/www.saludonnet.com\\\/blog\\\/que-tengo-que-hacer-si-soy-contacto-estrecho-de-un-positivo-en-covid-19\\\/\"},\"wordCount\":615,\"commentCount\":0,\"publisher\":{\"@id\":\"https:\\\/\\\/www.saludonnet.com\\\/blog\\\/#organization\"},\"image\":{\"@id\":\"https:\\\/\\\/www.saludonnet.com\\\/blog\\\/que-tengo-que-hacer-si-soy-contacto-estrecho-de-un-positivo-en-covid-19\\\/#primaryimage\"},\"thumbnailUrl\":\"https:\\\/\\\/soncdn.azureedge.net\\\/blog\\\/wp-content\\\/uploads\\\/2021\\\/01\\\/cuarentena-contacto.jpg\",\"keywords\":[\"Consulta de Medicina General\",\"Consulta de Medicina Interna\"],\"articleSection\":[\"Medicina Interna\"],\"inLanguage\":\"es\",\"potentialAction\":[{\"@type\":\"CommentAction\",\"name\":\"Comment\",\"target\":[\"https:\\\/\\\/www.saludonnet.com\\\/blog\\\/que-tengo-que-hacer-si-soy-contacto-estrecho-de-un-positivo-en-covid-19\\\/#respond\"]}]},{\"@type\":\"WebPage\",\"@id\":\"https:\\\/\\\/www.saludonnet.com\\\/blog\\\/que-tengo-que-hacer-si-soy-contacto-estrecho-de-un-positivo-en-covid-19\\\/\",\"url\":\"https:\\\/\\\/www.saludonnet.com\\\/blog\\\/que-tengo-que-hacer-si-soy-contacto-estrecho-de-un-positivo-en-covid-19\\\/\",\"name\":\"\u00bfQu\u00e9 debo hacer si soy contacto estrecho de un positivo en Covid-19?\",\"isPartOf\":{\"@id\":\"https:\\\/\\\/www.saludonnet.com\\\/blog\\\/#website\"},\"primaryImageOfPage\":{\"@id\":\"https:\\\/\\\/www.saludonnet.com\\\/blog\\\/que-tengo-que-hacer-si-soy-contacto-estrecho-de-un-positivo-en-covid-19\\\/#primaryimage\"},\"image\":{\"@id\":\"https:\\\/\\\/www.saludonnet.com\\\/blog\\\/que-tengo-que-hacer-si-soy-contacto-estrecho-de-un-positivo-en-covid-19\\\/#primaryimage\"},\"thumbnailUrl\":\"https:\\\/\\\/soncdn.azureedge.net\\\/blog\\\/wp-content\\\/uploads\\\/2021\\\/01\\\/cuarentena-contacto.jpg\",\"datePublished\":\"2021-01-15T11:47:09+00:00\",\"dateModified\":\"2023-10-10T16:58:23+00:00\",\"description\":\"Un contacto estrecho debe hacer una cuarentena de 10 d\u00edas, aunque tenga una PCR negativa. \u00bfSabes qu\u00e9 otras cosas debe hacer?\",\"breadcrumb\":{\"@id\":\"https:\\\/\\\/www.saludonnet.com\\\/blog\\\/que-tengo-que-hacer-si-soy-contacto-estrecho-de-un-positivo-en-covid-19\\\/#breadcrumb\"},\"inLanguage\":\"es\",\"potentialAction\":[{\"@type\":\"ReadAction\",\"target\":[\"https:\\\/\\\/www.saludonnet.com\\\/blog\\\/que-tengo-que-hacer-si-soy-contacto-estrecho-de-un-positivo-en-covid-19\\\/\"]}]},{\"@type\":\"ImageObject\",\"inLanguage\":\"es\",\"@id\":\"https:\\\/\\\/www.saludonnet.com\\\/blog\\\/que-tengo-que-hacer-si-soy-contacto-estrecho-de-un-positivo-en-covid-19\\\/#primaryimage\",\"url\":\"https:\\\/\\\/soncdn.azureedge.net\\\/blog\\\/wp-content\\\/uploads\\\/2021\\\/01\\\/cuarentena-contacto.jpg\",\"contentUrl\":\"https:\\\/\\\/soncdn.azureedge.net\\\/blog\\\/wp-content\\\/uploads\\\/2021\\\/01\\\/cuarentena-contacto.jpg\",\"width\":800,\"height\":400,\"caption\":\"hombre en casa con mascarilla\"},{\"@type\":\"BreadcrumbList\",\"@id\":\"https:\\\/\\\/www.saludonnet.com\\\/blog\\\/que-tengo-que-hacer-si-soy-contacto-estrecho-de-un-positivo-en-covid-19\\\/#breadcrumb\",\"itemListElement\":[{\"@type\":\"ListItem\",\"position\":1,\"name\":\"Portada\",\"item\":\"https:\\\/\\\/www.saludonnet.com\\\/blog\\\/\"},{\"@type\":\"ListItem\",\"position\":2,\"name\":\"Medicina Interna\",\"item\":\"https:\\\/\\\/www.saludonnet.com\\\/blog\\\/topic\\\/medicina-interna\\\/\"},{\"@type\":\"ListItem\",\"position\":3,\"name\":\"\u00bfQu\u00e9 debo hacer si soy contacto estrecho de un positivo en Covid-19?\"}]},{\"@type\":\"WebSite\",\"@id\":\"https:\\\/\\\/www.saludonnet.com\\\/blog\\\/#website\",\"url\":\"https:\\\/\\\/www.saludonnet.com\\\/blog\\\/\",\"name\":\"Blog SaludOnNet\",\"description\":\"Un espacio donde encontrar\u00e1s consejos y art\u00edculos para cuidar de tu salud\",\"publisher\":{\"@id\":\"https:\\\/\\\/www.saludonnet.com\\\/blog\\\/#organization\"},\"potentialAction\":[{\"@type\":\"SearchAction\",\"target\":{\"@type\":\"EntryPoint\",\"urlTemplate\":\"https:\\\/\\\/www.saludonnet.com\\\/blog\\\/?s={search_term_string}\"},\"query-input\":{\"@type\":\"PropertyValueSpecification\",\"valueRequired\":true,\"valueName\":\"search_term_string\"}}],\"inLanguage\":\"es\"},{\"@type\":\"Organization\",\"@id\":\"https:\\\/\\\/www.saludonnet.com\\\/blog\\\/#organization\",\"name\":\"SaludOnNet\",\"url\":\"https:\\\/\\\/www.saludonnet.com\\\/blog\\\/\",\"logo\":{\"@type\":\"ImageObject\",\"inLanguage\":\"es\",\"@id\":\"https:\\\/\\\/www.saludonnet.com\\\/blog\\\/#\\\/schema\\\/logo\\\/image\\\/\",\"url\":\"https:\\\/\\\/www.saludonnet.com\\\/blog\\\/wp-content\\\/uploads\\\/2019\\\/07\\\/Logo-SaludOnNet.png\",\"contentUrl\":\"https:\\\/\\\/www.saludonnet.com\\\/blog\\\/wp-content\\\/uploads\\\/2019\\\/07\\\/Logo-SaludOnNet.png\",\"width\":1140,\"height\":377,\"caption\":\"SaludOnNet\"},\"image\":{\"@id\":\"https:\\\/\\\/www.saludonnet.com\\\/blog\\\/#\\\/schema\\\/logo\\\/image\\\/\"},\"sameAs\":[\"https:\\\/\\\/www.facebook.com\\\/pages\\\/SaludOnNet\\\/214957498526536\",\"https:\\\/\\\/x.com\\\/saludonnet\",\"https:\\\/\\\/www.instagram.com\\\/saludonnet\\\/\",\"https:\\\/\\\/www.linkedin.com\\\/company\\\/saludonnet\\\/\",\"https:\\\/\\\/www.youtube.com\\\/channel\\\/UCag68GsnagqzNb6C3G-S9vQ\"]},{\"@type\":\"Person\",\"@id\":\"https:\\\/\\\/www.saludonnet.com\\\/blog\\\/#\\\/schema\\\/person\\\/50995e01cc9d6c9f29ae18d979eeff1b\",\"name\":\"Equipo M\u00e9dico de SaludOnNet\",\"image\":{\"@type\":\"ImageObject\",\"inLanguage\":\"es\",\"@id\":\"https:\\\/\\\/secure.gravatar.com\\\/avatar\\\/0ac89931d2ef75704f29e63e12335967620a1f7ac37c69f6f97ad72b9ac6496d?s=96&d=mm&r=g\",\"url\":\"https:\\\/\\\/secure.gravatar.com\\\/avatar\\\/0ac89931d2ef75704f29e63e12335967620a1f7ac37c69f6f97ad72b9ac6496d?s=96&d=mm&r=g\",\"contentUrl\":\"https:\\\/\\\/secure.gravatar.com\\\/avatar\\\/0ac89931d2ef75704f29e63e12335967620a1f7ac37c69f6f97ad72b9ac6496d?s=96&d=mm&r=g\",\"caption\":\"Equipo M\u00e9dico de SaludOnNet\"},\"description\":\"Art\u00edculo elaborado por el equipo m\u00e9dico de SaludOnNet, compuesto por especialistas destacados en su \u00e1rea.\",\"url\":\"https:\\\/\\\/www.saludonnet.com\\\/blog\\\/author\\\/saludonnet\\\/\"}]}<\/script>\n<!-- \/ Yoast SEO plugin. -->","yoast_head_json":{"title":"\u00bfQu\u00e9 debo hacer si soy contacto estrecho de un positivo en Covid-19?","description":"Un contacto estrecho debe hacer una cuarentena de 10 d\u00edas, aunque tenga una PCR negativa. \u00bfSabes qu\u00e9 otras cosas debe hacer?","robots":{"index":"index","follow":"follow","max-snippet":"max-snippet:-1","max-image-preview":"max-image-preview:large","max-video-preview":"max-video-preview:-1"},"canonical":"https:\/\/www.saludonnet.com\/blog\/que-tengo-que-hacer-si-soy-contacto-estrecho-de-un-positivo-en-covid-19\/","og_locale":"es_ES","og_type":"article","og_title":"\u00bfQu\u00e9 tengo que hacer si soy contacto estrecho de un positivo en Covid-19?","og_description":"Los contactos estrechos deben hacer una cuarentena de 10 d\u00edas, aunque tengan una PCR negativa. \u00bfSabes qu\u00e9 otras cosas deben hacer?","og_url":"https:\/\/www.saludonnet.com\/blog\/que-tengo-que-hacer-si-soy-contacto-estrecho-de-un-positivo-en-covid-19\/","og_site_name":"Blog SaludOnNet","article_publisher":"https:\/\/www.facebook.com\/pages\/SaludOnNet\/214957498526536","article_published_time":"2021-01-15T11:47:09+00:00","article_modified_time":"2023-10-10T16:58:23+00:00","og_image":[{"width":800,"height":400,"url":"https:\/\/www.saludonnet.com\/blog\/wp-content\/uploads\/2021\/01\/cuarentena-contacto.jpg","type":"image\/jpeg"}],"author":"Equipo M\u00e9dico de SaludOnNet","twitter_card":"summary_large_image","twitter_title":"\u00bfQu\u00e9 tengo que hacer si soy contacto estrecho de un positivo en Covid-19?","twitter_description":"Los contactos estrechos deben hacer una cuarentena de 10 d\u00edas, aunque tengan una PCR negativa. \u00bfSabes qu\u00e9 otras cosas deben hacer?","twitter_creator":"@saludonnet","twitter_site":"@saludonnet","twitter_misc":{"Escrito por":"Equipo M\u00e9dico de SaludOnNet","Tiempo de lectura":"3 minutos"},"schema":{"@context":"https:\/\/schema.org","@graph":[{"@type":"Article","@id":"https:\/\/www.saludonnet.com\/blog\/que-tengo-que-hacer-si-soy-contacto-estrecho-de-un-positivo-en-covid-19\/#article","isPartOf":{"@id":"https:\/\/www.saludonnet.com\/blog\/que-tengo-que-hacer-si-soy-contacto-estrecho-de-un-positivo-en-covid-19\/"},"author":{"name":"Equipo M\u00e9dico de SaludOnNet","@id":"https:\/\/www.saludonnet.com\/blog\/#\/schema\/person\/50995e01cc9d6c9f29ae18d979eeff1b"},"headline":"\u00bfQu\u00e9 debo hacer si soy contacto estrecho de un positivo en Covid-19?","datePublished":"2021-01-15T11:47:09+00:00","dateModified":"2023-10-10T16:58:23+00:00","mainEntityOfPage":{"@id":"https:\/\/www.saludonnet.com\/blog\/que-tengo-que-hacer-si-soy-contacto-estrecho-de-un-positivo-en-covid-19\/"},"wordCount":615,"commentCount":0,"publisher":{"@id":"https:\/\/www.saludonnet.com\/blog\/#organization"},"image":{"@id":"https:\/\/www.saludonnet.com\/blog\/que-tengo-que-hacer-si-soy-contacto-estrecho-de-un-positivo-en-covid-19\/#primaryimage"},"thumbnailUrl":"https:\/\/soncdn.azureedge.net\/blog\/wp-content\/uploads\/2021\/01\/cuarentena-contacto.jpg","keywords":["Consulta de Medicina General","Consulta de Medicina Interna"],"articleSection":["Medicina Interna"],"inLanguage":"es","potentialAction":[{"@type":"CommentAction","name":"Comment","target":["https:\/\/www.saludonnet.com\/blog\/que-tengo-que-hacer-si-soy-contacto-estrecho-de-un-positivo-en-covid-19\/#respond"]}]},{"@type":"WebPage","@id":"https:\/\/www.saludonnet.com\/blog\/que-tengo-que-hacer-si-soy-contacto-estrecho-de-un-positivo-en-covid-19\/","url":"https:\/\/www.saludonnet.com\/blog\/que-tengo-que-hacer-si-soy-contacto-estrecho-de-un-positivo-en-covid-19\/","name":"\u00bfQu\u00e9 debo hacer si soy contacto estrecho de un positivo en Covid-19?","isPartOf":{"@id":"https:\/\/www.saludonnet.com\/blog\/#website"},"primaryImageOfPage":{"@id":"https:\/\/www.saludonnet.com\/blog\/que-tengo-que-hacer-si-soy-contacto-estrecho-de-un-positivo-en-covid-19\/#primaryimage"},"image":{"@id":"https:\/\/www.saludonnet.com\/blog\/que-tengo-que-hacer-si-soy-contacto-estrecho-de-un-positivo-en-covid-19\/#primaryimage"},"thumbnailUrl":"https:\/\/soncdn.azureedge.net\/blog\/wp-content\/uploads\/2021\/01\/cuarentena-contacto.jpg","datePublished":"2021-01-15T11:47:09+00:00","dateModified":"2023-10-10T16:58:23+00:00","description":"Un contacto estrecho debe hacer una cuarentena de 10 d\u00edas, aunque tenga una PCR negativa. \u00bfSabes qu\u00e9 otras cosas debe hacer?","breadcrumb":{"@id":"https:\/\/www.saludonnet.com\/blog\/que-tengo-que-hacer-si-soy-contacto-estrecho-de-un-positivo-en-covid-19\/#breadcrumb"},"inLanguage":"es","potentialAction":[{"@type":"ReadAction","target":["https:\/\/www.saludonnet.com\/blog\/que-tengo-que-hacer-si-soy-contacto-estrecho-de-un-positivo-en-covid-19\/"]}]},{"@type":"ImageObject","inLanguage":"es","@id":"https:\/\/www.saludonnet.com\/blog\/que-tengo-que-hacer-si-soy-contacto-estrecho-de-un-positivo-en-covid-19\/#primaryimage","url":"https:\/\/soncdn.azureedge.net\/blog\/wp-content\/uploads\/2021\/01\/cuarentena-contacto.jpg","contentUrl":"https:\/\/soncdn.azureedge.net\/blog\/wp-content\/uploads\/2021\/01\/cuarentena-contacto.jpg","width":800,"height":400,"caption":"hombre en casa con mascarilla"},{"@type":"BreadcrumbList","@id":"https:\/\/www.saludonnet.com\/blog\/que-tengo-que-hacer-si-soy-contacto-estrecho-de-un-positivo-en-covid-19\/#breadcrumb","itemListElement":[{"@type":"ListItem","position":1,"name":"Portada","item":"https:\/\/www.saludonnet.com\/blog\/"},{"@type":"ListItem","position":2,"name":"Medicina Interna","item":"https:\/\/www.saludonnet.com\/blog\/topic\/medicina-interna\/"},{"@type":"ListItem","position":3,"name":"\u00bfQu\u00e9 debo hacer si soy contacto estrecho de un positivo en Covid-19?"}]},{"@type":"WebSite","@id":"https:\/\/www.saludonnet.com\/blog\/#website","url":"https:\/\/www.saludonnet.com\/blog\/","name":"Blog SaludOnNet","description":"Un espacio donde encontrar\u00e1s consejos y art\u00edculos para cuidar de tu salud","publisher":{"@id":"https:\/\/www.saludonnet.com\/blog\/#organization"},"potentialAction":[{"@type":"SearchAction","target":{"@type":"EntryPoint","urlTemplate":"https:\/\/www.saludonnet.com\/blog\/?s={search_term_string}"},"query-input":{"@type":"PropertyValueSpecification","valueRequired":true,"valueName":"search_term_string"}}],"inLanguage":"es"},{"@type":"Organization","@id":"https:\/\/www.saludonnet.com\/blog\/#organization","name":"SaludOnNet","url":"https:\/\/www.saludonnet.com\/blog\/","logo":{"@type":"ImageObject","inLanguage":"es","@id":"https:\/\/www.saludonnet.com\/blog\/#\/schema\/logo\/image\/","url":"https:\/\/www.saludonnet.com\/blog\/wp-content\/uploads\/2019\/07\/Logo-SaludOnNet.png","contentUrl":"https:\/\/www.saludonnet.com\/blog\/wp-content\/uploads\/2019\/07\/Logo-SaludOnNet.png","width":1140,"height":377,"caption":"SaludOnNet"},"image":{"@id":"https:\/\/www.saludonnet.com\/blog\/#\/schema\/logo\/image\/"},"sameAs":["https:\/\/www.facebook.com\/pages\/SaludOnNet\/214957498526536","https:\/\/x.com\/saludonnet","https:\/\/www.instagram.com\/saludonnet\/","https:\/\/www.linkedin.com\/company\/saludonnet\/","https:\/\/www.youtube.com\/channel\/UCag68GsnagqzNb6C3G-S9vQ"]},{"@type":"Person","@id":"https:\/\/www.saludonnet.com\/blog\/#\/schema\/person\/50995e01cc9d6c9f29ae18d979eeff1b","name":"Equipo M\u00e9dico de SaludOnNet","image":{"@type":"ImageObject","inLanguage":"es","@id":"https:\/\/secure.gravatar.com\/avatar\/0ac89931d2ef75704f29e63e12335967620a1f7ac37c69f6f97ad72b9ac6496d?s=96&d=mm&r=g","url":"https:\/\/secure.gravatar.com\/avatar\/0ac89931d2ef75704f29e63e12335967620a1f7ac37c69f6f97ad72b9ac6496d?s=96&d=mm&r=g","contentUrl":"https:\/\/secure.gravatar.com\/avatar\/0ac89931d2ef75704f29e63e12335967620a1f7ac37c69f6f97ad72b9ac6496d?s=96&d=mm&r=g","caption":"Equipo M\u00e9dico de SaludOnNet"},"description":"Art\u00edculo elaborado por el equipo m\u00e9dico de SaludOnNet, compuesto por especialistas destacados en su \u00e1rea.","url":"https:\/\/www.saludonnet.com\/blog\/author\/saludonnet\/"}]}},"acf":[],"_links":{"self":[{"href":"https:\/\/www.saludonnet.com\/blog\/wp-json\/wp\/v2\/posts\/9169","targetHints":{"allow":["GET"]}}],"collection":[{"href":"https:\/\/www.saludonnet.com\/blog\/wp-json\/wp\/v2\/posts"}],"about":[{"href":"https:\/\/www.saludonnet.com\/blog\/wp-json\/wp\/v2\/types\/post"}],"author":[{"embeddable":true,"href":"https:\/\/www.saludonnet.com\/blog\/wp-json\/wp\/v2\/users\/20"}],"replies":[{"embeddable":true,"href":"https:\/\/www.saludonnet.com\/blog\/wp-json\/wp\/v2\/comments?post=9169"}],"version-history":[{"count":15,"href":"https:\/\/www.saludonnet.com\/blog\/wp-json\/wp\/v2\/posts\/9169\/revisions"}],"predecessor-version":[{"id":15132,"href":"https:\/\/www.saludonnet.com\/blog\/wp-json\/wp\/v2\/posts\/9169\/revisions\/15132"}],"wp:featuredmedia":[{"embeddable":true,"href":"https:\/\/www.saludonnet.com\/blog\/wp-json\/wp\/v2\/media\/9161"}],"wp:attachment":[{"href":"https:\/\/www.saludonnet.com\/blog\/wp-json\/wp\/v2\/media?parent=9169"}],"wp:term":[{"taxonomy":"category","embeddable":true,"href":"https:\/\/www.saludonnet.com\/blog\/wp-json\/wp\/v2\/categories?post=9169"},{"taxonomy":"post_tag","embeddable":true,"href":"https:\/\/www.saludonnet.com\/blog\/wp-json\/wp\/v2\/tags?post=9169"}],"curies":[{"name":"wp","href":"https:\/\/api.w.org\/{rel}","templated":true}]}}