{"id":8969,"date":"2026-02-05T13:07:00","date_gmt":"2026-02-05T12:07:00","guid":{"rendered":"https:\/\/www.saludonnet.com\/blog\/?p=8969"},"modified":"2026-02-11T14:09:23","modified_gmt":"2026-02-11T13:09:23","slug":"que-relacion-hay-entre-el-tabaco-el-estres-la-depresion-y-la-ansiedad","status":"publish","type":"post","link":"https:\/\/www.saludonnet.com\/blog\/que-relacion-hay-entre-el-tabaco-el-estres-la-depresion-y-la-ansiedad\/","title":{"rendered":"Relaci\u00f3n entre el tabaco y ansiedad, estr\u00e9s y depresi\u00f3n"},"content":{"rendered":"\n<p>El tabaco es una adicci\u00f3n a la que muchas personas acuden cuando est\u00e1n estresadas. Sienten que fumando, sus niveles de ansiedad se reducen y se encuentran mejor. Pero \u00bfes cierto que produce este efecto? \u00bfTabaco y ansiedad van de la mano? Diversos expertos han relacionado el tabaquismo con algunos trastornos psiqui\u00e1tricos, como la depresi\u00f3n y el estr\u00e9s. Se sabe que hay algunos aspectos farmacol\u00f3gicos de la nicotina que tienen relaci\u00f3n con el estado de \u00e1nimo del consumidor de tabaco.<\/p>\n\n\n\n<h2 class=\"wp-block-heading\">Estudios sobre tabaco y ansiedad<\/h2>\n\n\n\n<p>Algunas investigaciones han demostrado que tabaco y depresi\u00f3n o ansiedad est\u00e1n relacionados y que esta enfermedad mental es determinante en el inicio del tabaquismo. Se ha descubierto que <strong>es el cigarrillo el que aumenta la depresi\u00f3n y no al rev\u00e9s<\/strong>.<\/p>\n\n\n\n<p>Un estudio sobre el papel de la nicotina en los trastornos de depresi\u00f3n, ansiedad y estr\u00e9s, publicado en 2012 en la revista World Psychiatry y escrito por Andreas Strohle, Ina Bonsaksen, Irene Mergl, Anette Zobel y Peter Riederer encontr\u00f3 que los <strong>altos niveles de nicotina se asociaron con mayores s\u00edntomas de los trastornos de estr\u00e9s, depresi\u00f3n y ansiedad<\/strong>. As\u00ed pues, tabaco y ansiedad van m\u00e1s unidos de lo que podr\u00edamos pensar.<\/p>\n\n\n\n<p>Otro estudio publicado en 2017 por Floehler et al. en la revista Prevenci\u00f3n en Salud y realizado en Baden-W\u00fcrttemberg, Alemania, examin\u00f3 la asociaci\u00f3n entre las concentraciones de nicotina en el aire y los s\u00edntomas de depresi\u00f3n en una muestra de adolescentes. Los resultados sugirieron que el tabaco aumenta la depresi\u00f3n en algunos casos, ya que las altas concentraciones de nicotina pueden contribuir de manera significativa al aumento de los s\u00edntomas de depresi\u00f3n en esta poblaci\u00f3n.&nbsp;<\/p>\n\n\n\n<h2 class=\"wp-block-heading\">\u00bfPor qu\u00e9 tabaco y estr\u00e9s van unidos?<\/h2>\n\n\n\n<p>Cuando una persona da una calada a un cigarrillo, la nicotina que consume <strong>provoca una reacci\u00f3n en el cerebro<\/strong>, afectando a las neuronas y a los neurotransmisores. La nicotina se fija en la acetilcolina, haciendo que algunos neurotransmisores, como la noradrenalina y la dopamina, queden disminuidos.<\/p>\n\n\n\n<p>La liberaci\u00f3n de dopamina se relaciona con momentos de placer, sinti\u00e9ndose m\u00e1s aliviado y con menos estr\u00e9s. Es un dato importante para entender el efecto que causa en los fumadores m\u00e1s j\u00f3venes. Pero los investigadores insisten en que no es el tabaco el que reduce el estr\u00e9s, sino que <strong>es el estr\u00e9s que causa la adicci\u00f3n a la nicotina el que se alivia al fumar<\/strong>.<\/p>\n\n\n\n<p>De hecho, se sabe que <strong>los fumadores tienen unos niveles de estr\u00e9s y ansiedad<\/strong> que son superiores al de las personas que no fuman. Por este motivo es f\u00e1cil concluir que lo que causa estr\u00e9s son los cigarrillos y que tabaco y ansiedad est\u00e1n muy relacionados. <\/p>\n\n\n\n<p>Al sentirse mejor cuando consumen tabaco, muchos fumadores incrementan los cigarrillos que fuman al d\u00eda. Asimismo, cuando est\u00e1n un tiempo sin fumar los niveles de nicotina en el cerebro descienden. En ese momento vuelven a tener un deseo incontrolable de fumar, que les crea estr\u00e9s, porque quieren fumar. Esto hace que cada vez tengan <strong>m\u00e1s adicci\u00f3n al tabaco<\/strong>.<\/p>\n\n\n\n<p>Lo importante es saber reconocer que <strong>quien provoca el estr\u00e9s es el tabaco y su alivio al fumar no es m\u00e1s que un espejismo<\/strong>. Por este motivo, una forma de reducirlo es dejando de fumar. Cuando se deja el tabaco, tras las primeras semanas de s\u00edndrome de abstinencia, se reducen los niveles de estr\u00e9s y ansiedad de manera considerable. As\u00ed, se considera que tabaco y ansiedad son malos compa\u00f1eros. <\/p>\n\n\n\n<h2 class=\"wp-block-heading\">Tabaquismo y depresi\u00f3n<\/h2>\n\n\n\n<p>Parece que <strong>tabaco y depresi\u00f3n<\/strong> tambi\u00e9n est\u00e1n relacionados. Cada vez hay m\u00e1s evidencias de que fumar puede provocar un aumento en la ansiedad, el estr\u00e9s y los s\u00edntomas de depresi\u00f3n. Estos tres estados an\u00edmicos afectan negativamente la vida de miles de millones de personas alrededor del mundo, y estudios recientes demuestran que <strong>la adicci\u00f3n a la nicotina agrava el pron\u00f3stico de la depresi\u00f3n<\/strong>, en parte al empeorar los efectos de algunos medicamentos utilizados para tratarla (y otras condiciones psiqui\u00e1tricas como la ansiedad y el estr\u00e9s).<\/p>\n\n\n\n<h3 class=\"wp-block-heading\">Fumar provoca depresi\u00f3n<\/h3>\n\n\n\n<p>Los estudios iniciales que tratan el tema de fumar como causa de la depresi\u00f3n comenzaron en los a\u00f1os noventa. Desde entonces, los cient\u00edficos han logrado obtener m\u00e1s informaci\u00f3n, aunque todav\u00eda queda mucho por descubrir sobre el v\u00ednculo entre fumar y el estado an\u00edmico. Los resultados han sido contundentes: <strong>fumar es un importante desencadenante de la depresi\u00f3n, ansiedad y estr\u00e9s<\/strong>.<\/p>\n\n\n\n<p>Estos estudios han identificado expl\u00edcitamente la <strong>conexi\u00f3n entre el s\u00edndrome de abstinencia a la nicotina y los trastornos del estado an\u00edmico<\/strong>. As\u00ed, se explica la naturaleza cr\u00f3nica de los estados de \u00e1nimo de aquellas personas que son adictas a la nicotina. Adem\u00e1s, los estudios han avalado que la ansiedad, el estr\u00e9s y los s\u00edntomas de depresi\u00f3n se agravan cuando una persona fuma. Se debe al hecho de que la nicotina afecta al cerebro y puede empeorar la sensibilidad a estas condiciones.<\/p>\n\n\n\n<p>Entre las principales conclusiones que se han llegado a partir de la investigaci\u00f3n realizada sobre fumar y los trastornos de la salud mental son:<\/p>\n\n\n\n<p>1) Fumar puede producir un aumento significativo de la ansiedad, el estr\u00e9s y los s\u00edntomas de depresi\u00f3n.<\/p>\n\n\n\n<p>&nbsp;2) La adicci\u00f3n a la nicotina puede ser un factor desencadenante en la depresi\u00f3n, ya que el s\u00edndrome de abstinencia a la nicotina est\u00e1 vinculado con la enfermedad.<\/p>\n\n\n\n<p>3) Las personas que fuman tienen un mayor riesgo de sufrir problemas emocionales m\u00e1s graves y continuados.<\/p>\n\n\n\n<h2 class=\"wp-block-heading\">Beneficios de dejar el tabaco<\/h2>\n\n\n\n<p>Un estudio de la Universidad de Navarra, en el que se ha examinado el comportamiento de m\u00e1s de 8.500 universitarios durante 4 a\u00f1os, ha puesto de manifiesto que <strong>entre los fumadores se da un 39% m\u00e1s de casos de depresi\u00f3n y ansiedad que entre los no fumadores<\/strong>. De igual forma, las personas que fuman m\u00e1s de un paquete diario tienen m\u00e1s riesgo <strong><a href=\"https:\/\/www.saludonnet.com\/blog\/combatir-la-depresion\/\">de padecer depresi\u00f3n<\/a><\/strong> que los que no fuman. Ahora se sabe que el tabaco es igual de malo para el cuerpo que para la mente; por eso cada vez hay m\u00e1s casos de tabaco y ansiedad y tabaco y depresi\u00f3n.<\/p>\n\n\n\n<p>Dejar el tabaco es la mejor opci\u00f3n. Tiene grandes beneficios para la salud y mejora algunos aspectos como:<\/p>\n\n\n\n<ul class=\"wp-block-list\">\n<li><strong>La salud respiratoria<\/strong>. Las personas que dejan de fumar tienen menos irritaci\u00f3n en los bronquios, mayor nivel de ox\u00edgeno y mejoran la sensaci\u00f3n de respirar.<\/li>\n\n\n\n<li><strong>La salud dental<\/strong>. &nbsp;El h\u00e1bito de fumar provoca caries profundas, manchas en los dientes y la destrucci\u00f3n de enc\u00edas, entre otros problemas.<\/li>\n\n\n\n<li><strong>La piel<\/strong>: Se ve una mejor\u00eda inmediata en la apariencia de la piel, ya que el tabaco reduce la cantidad de ox\u00edgeno y nutrientes esenciales necesarios para mantener una piel saludable.<\/li>\n\n\n\n<li><strong>Las relaciones interpersonales y la autoestima<\/strong>: Dejar de fumar puede aumentar la autoestima de una persona, ya que mejora su apariencia general. Esto puede hacer que su calidad de vida sea superior, que hagan nuevas amistades y que mejoren sus relaciones con los dem\u00e1s.<\/li>\n\n\n\n<li><strong>Disminuye el riesgo de sufrir patolog\u00edas graves<\/strong>. Al dejar de fumar se reducen las probabilidades de sufrir enfermedades como el c\u00e1ncer de pulm\u00f3n, trastornos cardiovasculares, patolog\u00edas cr\u00f3nicas respiratorias y otras enfermedades relacionadas con el tabaquismo.<\/li>\n<\/ul>\n\n\n\n<p>Actualmente las consultas sobre <strong><a href=\"https:\/\/www.saludonnet.com\/blog\/estres-ansiedad-y-depresion-consultas-mas-frecuentes-del-psicologo\/\">depresi\u00f3n, estr\u00e9s y ansiedad<\/a><\/strong> son muy demandadas en las terapias de los psic\u00f3logos.<\/p>\n\n\n\n<p>En resumen, los estudios demuestran que fumar est\u00e1 estrechamente vinculado con el aumento de la ansiedad, el estr\u00e9s y la depresi\u00f3n. Por lo tanto, cualquiera que tenga estos trastornos mentales debe abstenerse de fumar. Adem\u00e1s, es importante entender cu\u00e1n fuerte es este v\u00ednculo y buscar ayuda profesional para tratar el problema.<\/p>\n\n\n\n<p>Si quieres dejar de fumar y sientes que est\u00e1s deca\u00eddo<strong> <\/strong>podemos ayudarte. Olv\u00eddate del t\u00e1ndem tabaco y ansiedad o tabaco y depresi\u00f3n. En <strong><strong style=\"color:#009ee0\">SaludOnNet<\/strong><\/strong> contamos con especialistas dispuestos a ayudarte, que te atender\u00e1n y dar\u00e1n las claves para que puedas lograrlo. Puedes <strong>comprar una consulta de neumolog\u00eda desde 25 euros<\/strong>, sin esperas y con una amplia oferta de centros m\u00e9dicos y hospitales. <\/p>\n","protected":false},"excerpt":{"rendered":"<p>Tabaco y ansiedad est\u00e1n relacionados. Pero \u00bfalivia o empeora ? Descubre la relaci\u00f3n para que no afecte a tu salud. <\/p>\n","protected":false},"author":20,"featured_media":8967,"comment_status":"open","ping_status":"open","sticky":false,"template":"","format":"standard","meta":{"footnotes":""},"categories":[78],"tags":[241],"class_list":["post-8969","post","type-post","status-publish","format-standard","has-post-thumbnail","hentry","category-neumologia","tag-2753-consulta"],"yoast_head":"<!-- This site is optimized with the Yoast SEO plugin v27.5 - https:\/\/yoast.com\/product\/yoast-seo-wordpress\/ -->\n<title>Relaci\u00f3n entre el tabaco y ansiedad, estr\u00e9s y depresi\u00f3n<\/title>\n<meta name=\"description\" content=\"Tabaco y ansiedad est\u00e1n relacionados. Pero \u00bfalivia o empeora ? Descubre la relaci\u00f3n para que no afecte a tu salud.\" \/>\n<meta name=\"robots\" content=\"index, follow, max-snippet:-1, max-image-preview:large, max-video-preview:-1\" \/>\n<link rel=\"canonical\" href=\"https:\/\/www.saludonnet.com\/blog\/que-relacion-hay-entre-el-tabaco-el-estres-la-depresion-y-la-ansiedad\/\" \/>\n<meta property=\"og:locale\" content=\"es_ES\" \/>\n<meta property=\"og:type\" content=\"article\" \/>\n<meta property=\"og:title\" content=\"\u00bfQu\u00e9 relaci\u00f3n hay entre el tabaco, el estr\u00e9s, la depresi\u00f3n y la ansiedad?\" \/>\n<meta property=\"og:description\" content=\"Tabaco y ansiedad est\u00e1n relacionados. Pero \u00bfalivia o empeora ? Descubre la relaci\u00f3n para que no afecte a tu salud.\" \/>\n<meta property=\"og:url\" content=\"https:\/\/www.saludonnet.com\/blog\/que-relacion-hay-entre-el-tabaco-el-estres-la-depresion-y-la-ansiedad\/\" \/>\n<meta property=\"og:site_name\" content=\"Blog SaludOnNet\" \/>\n<meta property=\"article:publisher\" content=\"https:\/\/www.facebook.com\/pages\/SaludOnNet\/214957498526536\" \/>\n<meta property=\"article:published_time\" content=\"2026-02-05T12:07:00+00:00\" \/>\n<meta property=\"article:modified_time\" content=\"2026-02-11T13:09:23+00:00\" \/>\n<meta property=\"og:image\" content=\"https:\/\/www.saludonnet.com\/blog\/wp-content\/uploads\/2021\/03\/fumar-engorda.jpg\" \/>\n\t<meta property=\"og:image:width\" content=\"800\" \/>\n\t<meta property=\"og:image:height\" content=\"400\" \/>\n\t<meta property=\"og:image:type\" content=\"image\/jpeg\" \/>\n<meta name=\"author\" content=\"Equipo M\u00e9dico de SaludOnNet\" \/>\n<meta name=\"twitter:card\" content=\"summary_large_image\" \/>\n<meta name=\"twitter:title\" content=\"\u00bfQu\u00e9 relaci\u00f3n hay entre el tabaco, el estr\u00e9s, la depresi\u00f3n y la ansiedad?\" \/>\n<meta name=\"twitter:description\" content=\"Tabaco y ansiedad est\u00e1n relacionados. Pero \u00bfalivia o empeora ? Descubre la relaci\u00f3n para que no afecte a tu salud.\" \/>\n<meta name=\"twitter:image\" content=\"https:\/\/soncdn.azureedge.net\/blog\/wp-content\/uploads\/2019\/05\/hombre-joven-fumando.jpg\" \/>\n<meta name=\"twitter:creator\" content=\"@saludonnet\" \/>\n<meta name=\"twitter:site\" content=\"@saludonnet\" \/>\n<meta name=\"twitter:label1\" content=\"Escrito por\" \/>\n\t<meta name=\"twitter:data1\" content=\"Equipo M\u00e9dico de SaludOnNet\" \/>\n\t<meta name=\"twitter:label2\" content=\"Tiempo de lectura\" \/>\n\t<meta name=\"twitter:data2\" content=\"7 minutos\" \/>\n<script type=\"application\/ld+json\" class=\"yoast-schema-graph\">{\"@context\":\"https:\\\/\\\/schema.org\",\"@graph\":[{\"@type\":\"Article\",\"@id\":\"https:\\\/\\\/www.saludonnet.com\\\/blog\\\/que-relacion-hay-entre-el-tabaco-el-estres-la-depresion-y-la-ansiedad\\\/#article\",\"isPartOf\":{\"@id\":\"https:\\\/\\\/www.saludonnet.com\\\/blog\\\/que-relacion-hay-entre-el-tabaco-el-estres-la-depresion-y-la-ansiedad\\\/\"},\"author\":{\"name\":\"Equipo M\u00e9dico de SaludOnNet\",\"@id\":\"https:\\\/\\\/www.saludonnet.com\\\/blog\\\/#\\\/schema\\\/person\\\/50995e01cc9d6c9f29ae18d979eeff1b\"},\"headline\":\"Relaci\u00f3n entre el tabaco y ansiedad, estr\u00e9s y depresi\u00f3n\",\"datePublished\":\"2026-02-05T12:07:00+00:00\",\"dateModified\":\"2026-02-11T13:09:23+00:00\",\"mainEntityOfPage\":{\"@id\":\"https:\\\/\\\/www.saludonnet.com\\\/blog\\\/que-relacion-hay-entre-el-tabaco-el-estres-la-depresion-y-la-ansiedad\\\/\"},\"wordCount\":1431,\"commentCount\":4,\"publisher\":{\"@id\":\"https:\\\/\\\/www.saludonnet.com\\\/blog\\\/#organization\"},\"image\":{\"@id\":\"https:\\\/\\\/www.saludonnet.com\\\/blog\\\/que-relacion-hay-entre-el-tabaco-el-estres-la-depresion-y-la-ansiedad\\\/#primaryimage\"},\"thumbnailUrl\":\"https:\\\/\\\/soncdn.azureedge.net\\\/blog\\\/wp-content\\\/uploads\\\/2020\\\/11\\\/fumar-estres.jpg\",\"keywords\":[\"Consulta de Neumolog\u00eda\"],\"articleSection\":[\"Neumolog\u00eda\"],\"inLanguage\":\"es\",\"potentialAction\":[{\"@type\":\"CommentAction\",\"name\":\"Comment\",\"target\":[\"https:\\\/\\\/www.saludonnet.com\\\/blog\\\/que-relacion-hay-entre-el-tabaco-el-estres-la-depresion-y-la-ansiedad\\\/#respond\"]}]},{\"@type\":\"WebPage\",\"@id\":\"https:\\\/\\\/www.saludonnet.com\\\/blog\\\/que-relacion-hay-entre-el-tabaco-el-estres-la-depresion-y-la-ansiedad\\\/\",\"url\":\"https:\\\/\\\/www.saludonnet.com\\\/blog\\\/que-relacion-hay-entre-el-tabaco-el-estres-la-depresion-y-la-ansiedad\\\/\",\"name\":\"Relaci\u00f3n entre el tabaco y ansiedad, estr\u00e9s y depresi\u00f3n\",\"isPartOf\":{\"@id\":\"https:\\\/\\\/www.saludonnet.com\\\/blog\\\/#website\"},\"primaryImageOfPage\":{\"@id\":\"https:\\\/\\\/www.saludonnet.com\\\/blog\\\/que-relacion-hay-entre-el-tabaco-el-estres-la-depresion-y-la-ansiedad\\\/#primaryimage\"},\"image\":{\"@id\":\"https:\\\/\\\/www.saludonnet.com\\\/blog\\\/que-relacion-hay-entre-el-tabaco-el-estres-la-depresion-y-la-ansiedad\\\/#primaryimage\"},\"thumbnailUrl\":\"https:\\\/\\\/soncdn.azureedge.net\\\/blog\\\/wp-content\\\/uploads\\\/2020\\\/11\\\/fumar-estres.jpg\",\"datePublished\":\"2026-02-05T12:07:00+00:00\",\"dateModified\":\"2026-02-11T13:09:23+00:00\",\"description\":\"Tabaco y ansiedad est\u00e1n relacionados. Pero \u00bfalivia o empeora ? Descubre la relaci\u00f3n para que no afecte a tu salud.\",\"breadcrumb\":{\"@id\":\"https:\\\/\\\/www.saludonnet.com\\\/blog\\\/que-relacion-hay-entre-el-tabaco-el-estres-la-depresion-y-la-ansiedad\\\/#breadcrumb\"},\"inLanguage\":\"es\",\"potentialAction\":[{\"@type\":\"ReadAction\",\"target\":[\"https:\\\/\\\/www.saludonnet.com\\\/blog\\\/que-relacion-hay-entre-el-tabaco-el-estres-la-depresion-y-la-ansiedad\\\/\"]}]},{\"@type\":\"ImageObject\",\"inLanguage\":\"es\",\"@id\":\"https:\\\/\\\/www.saludonnet.com\\\/blog\\\/que-relacion-hay-entre-el-tabaco-el-estres-la-depresion-y-la-ansiedad\\\/#primaryimage\",\"url\":\"https:\\\/\\\/soncdn.azureedge.net\\\/blog\\\/wp-content\\\/uploads\\\/2020\\\/11\\\/fumar-estres.jpg\",\"contentUrl\":\"https:\\\/\\\/soncdn.azureedge.net\\\/blog\\\/wp-content\\\/uploads\\\/2020\\\/11\\\/fumar-estres.jpg\",\"width\":800,\"height\":400,\"caption\":\"chica joven fumando\"},{\"@type\":\"BreadcrumbList\",\"@id\":\"https:\\\/\\\/www.saludonnet.com\\\/blog\\\/que-relacion-hay-entre-el-tabaco-el-estres-la-depresion-y-la-ansiedad\\\/#breadcrumb\",\"itemListElement\":[{\"@type\":\"ListItem\",\"position\":1,\"name\":\"Portada\",\"item\":\"https:\\\/\\\/www.saludonnet.com\\\/blog\\\/\"},{\"@type\":\"ListItem\",\"position\":2,\"name\":\"Neumolog\u00eda\",\"item\":\"https:\\\/\\\/www.saludonnet.com\\\/blog\\\/topic\\\/neumologia\\\/\"},{\"@type\":\"ListItem\",\"position\":3,\"name\":\"Relaci\u00f3n entre el tabaco y ansiedad, estr\u00e9s y depresi\u00f3n\"}]},{\"@type\":\"WebSite\",\"@id\":\"https:\\\/\\\/www.saludonnet.com\\\/blog\\\/#website\",\"url\":\"https:\\\/\\\/www.saludonnet.com\\\/blog\\\/\",\"name\":\"Blog SaludOnNet\",\"description\":\"Un espacio donde encontrar\u00e1s consejos y art\u00edculos para cuidar de tu salud\",\"publisher\":{\"@id\":\"https:\\\/\\\/www.saludonnet.com\\\/blog\\\/#organization\"},\"potentialAction\":[{\"@type\":\"SearchAction\",\"target\":{\"@type\":\"EntryPoint\",\"urlTemplate\":\"https:\\\/\\\/www.saludonnet.com\\\/blog\\\/?s={search_term_string}\"},\"query-input\":{\"@type\":\"PropertyValueSpecification\",\"valueRequired\":true,\"valueName\":\"search_term_string\"}}],\"inLanguage\":\"es\"},{\"@type\":\"Organization\",\"@id\":\"https:\\\/\\\/www.saludonnet.com\\\/blog\\\/#organization\",\"name\":\"SaludOnNet\",\"url\":\"https:\\\/\\\/www.saludonnet.com\\\/blog\\\/\",\"logo\":{\"@type\":\"ImageObject\",\"inLanguage\":\"es\",\"@id\":\"https:\\\/\\\/www.saludonnet.com\\\/blog\\\/#\\\/schema\\\/logo\\\/image\\\/\",\"url\":\"https:\\\/\\\/www.saludonnet.com\\\/blog\\\/wp-content\\\/uploads\\\/2019\\\/07\\\/Logo-SaludOnNet.png\",\"contentUrl\":\"https:\\\/\\\/www.saludonnet.com\\\/blog\\\/wp-content\\\/uploads\\\/2019\\\/07\\\/Logo-SaludOnNet.png\",\"width\":1140,\"height\":377,\"caption\":\"SaludOnNet\"},\"image\":{\"@id\":\"https:\\\/\\\/www.saludonnet.com\\\/blog\\\/#\\\/schema\\\/logo\\\/image\\\/\"},\"sameAs\":[\"https:\\\/\\\/www.facebook.com\\\/pages\\\/SaludOnNet\\\/214957498526536\",\"https:\\\/\\\/x.com\\\/saludonnet\",\"https:\\\/\\\/www.instagram.com\\\/saludonnet\\\/\",\"https:\\\/\\\/www.linkedin.com\\\/company\\\/saludonnet\\\/\",\"https:\\\/\\\/www.youtube.com\\\/channel\\\/UCag68GsnagqzNb6C3G-S9vQ\"]},{\"@type\":\"Person\",\"@id\":\"https:\\\/\\\/www.saludonnet.com\\\/blog\\\/#\\\/schema\\\/person\\\/50995e01cc9d6c9f29ae18d979eeff1b\",\"name\":\"Equipo M\u00e9dico de SaludOnNet\",\"image\":{\"@type\":\"ImageObject\",\"inLanguage\":\"es\",\"@id\":\"https:\\\/\\\/secure.gravatar.com\\\/avatar\\\/0ac89931d2ef75704f29e63e12335967620a1f7ac37c69f6f97ad72b9ac6496d?s=96&d=mm&r=g\",\"url\":\"https:\\\/\\\/secure.gravatar.com\\\/avatar\\\/0ac89931d2ef75704f29e63e12335967620a1f7ac37c69f6f97ad72b9ac6496d?s=96&d=mm&r=g\",\"contentUrl\":\"https:\\\/\\\/secure.gravatar.com\\\/avatar\\\/0ac89931d2ef75704f29e63e12335967620a1f7ac37c69f6f97ad72b9ac6496d?s=96&d=mm&r=g\",\"caption\":\"Equipo M\u00e9dico de SaludOnNet\"},\"description\":\"Art\u00edculo elaborado por el equipo m\u00e9dico de SaludOnNet, compuesto por especialistas destacados en su \u00e1rea.\",\"url\":\"https:\\\/\\\/www.saludonnet.com\\\/blog\\\/author\\\/saludonnet\\\/\"}]}<\/script>\n<!-- \/ Yoast SEO plugin. -->","yoast_head_json":{"title":"Relaci\u00f3n entre el tabaco y ansiedad, estr\u00e9s y depresi\u00f3n","description":"Tabaco y ansiedad est\u00e1n relacionados. Pero \u00bfalivia o empeora ? Descubre la relaci\u00f3n para que no afecte a tu salud.","robots":{"index":"index","follow":"follow","max-snippet":"max-snippet:-1","max-image-preview":"max-image-preview:large","max-video-preview":"max-video-preview:-1"},"canonical":"https:\/\/www.saludonnet.com\/blog\/que-relacion-hay-entre-el-tabaco-el-estres-la-depresion-y-la-ansiedad\/","og_locale":"es_ES","og_type":"article","og_title":"\u00bfQu\u00e9 relaci\u00f3n hay entre el tabaco, el estr\u00e9s, la depresi\u00f3n y la ansiedad?","og_description":"Tabaco y ansiedad est\u00e1n relacionados. Pero \u00bfalivia o empeora ? Descubre la relaci\u00f3n para que no afecte a tu salud.","og_url":"https:\/\/www.saludonnet.com\/blog\/que-relacion-hay-entre-el-tabaco-el-estres-la-depresion-y-la-ansiedad\/","og_site_name":"Blog SaludOnNet","article_publisher":"https:\/\/www.facebook.com\/pages\/SaludOnNet\/214957498526536","article_published_time":"2026-02-05T12:07:00+00:00","article_modified_time":"2026-02-11T13:09:23+00:00","og_image":[{"width":800,"height":400,"url":"https:\/\/www.saludonnet.com\/blog\/wp-content\/uploads\/2021\/03\/fumar-engorda.jpg","type":"image\/jpeg"}],"author":"Equipo M\u00e9dico de SaludOnNet","twitter_card":"summary_large_image","twitter_title":"\u00bfQu\u00e9 relaci\u00f3n hay entre el tabaco, el estr\u00e9s, la depresi\u00f3n y la ansiedad?","twitter_description":"Tabaco y ansiedad est\u00e1n relacionados. Pero \u00bfalivia o empeora ? Descubre la relaci\u00f3n para que no afecte a tu salud.","twitter_image":"https:\/\/soncdn.azureedge.net\/blog\/wp-content\/uploads\/2019\/05\/hombre-joven-fumando.jpg","twitter_creator":"@saludonnet","twitter_site":"@saludonnet","twitter_misc":{"Escrito por":"Equipo M\u00e9dico de SaludOnNet","Tiempo de lectura":"7 minutos"},"schema":{"@context":"https:\/\/schema.org","@graph":[{"@type":"Article","@id":"https:\/\/www.saludonnet.com\/blog\/que-relacion-hay-entre-el-tabaco-el-estres-la-depresion-y-la-ansiedad\/#article","isPartOf":{"@id":"https:\/\/www.saludonnet.com\/blog\/que-relacion-hay-entre-el-tabaco-el-estres-la-depresion-y-la-ansiedad\/"},"author":{"name":"Equipo M\u00e9dico de SaludOnNet","@id":"https:\/\/www.saludonnet.com\/blog\/#\/schema\/person\/50995e01cc9d6c9f29ae18d979eeff1b"},"headline":"Relaci\u00f3n entre el tabaco y ansiedad, estr\u00e9s y depresi\u00f3n","datePublished":"2026-02-05T12:07:00+00:00","dateModified":"2026-02-11T13:09:23+00:00","mainEntityOfPage":{"@id":"https:\/\/www.saludonnet.com\/blog\/que-relacion-hay-entre-el-tabaco-el-estres-la-depresion-y-la-ansiedad\/"},"wordCount":1431,"commentCount":4,"publisher":{"@id":"https:\/\/www.saludonnet.com\/blog\/#organization"},"image":{"@id":"https:\/\/www.saludonnet.com\/blog\/que-relacion-hay-entre-el-tabaco-el-estres-la-depresion-y-la-ansiedad\/#primaryimage"},"thumbnailUrl":"https:\/\/soncdn.azureedge.net\/blog\/wp-content\/uploads\/2020\/11\/fumar-estres.jpg","keywords":["Consulta de Neumolog\u00eda"],"articleSection":["Neumolog\u00eda"],"inLanguage":"es","potentialAction":[{"@type":"CommentAction","name":"Comment","target":["https:\/\/www.saludonnet.com\/blog\/que-relacion-hay-entre-el-tabaco-el-estres-la-depresion-y-la-ansiedad\/#respond"]}]},{"@type":"WebPage","@id":"https:\/\/www.saludonnet.com\/blog\/que-relacion-hay-entre-el-tabaco-el-estres-la-depresion-y-la-ansiedad\/","url":"https:\/\/www.saludonnet.com\/blog\/que-relacion-hay-entre-el-tabaco-el-estres-la-depresion-y-la-ansiedad\/","name":"Relaci\u00f3n entre el tabaco y ansiedad, estr\u00e9s y depresi\u00f3n","isPartOf":{"@id":"https:\/\/www.saludonnet.com\/blog\/#website"},"primaryImageOfPage":{"@id":"https:\/\/www.saludonnet.com\/blog\/que-relacion-hay-entre-el-tabaco-el-estres-la-depresion-y-la-ansiedad\/#primaryimage"},"image":{"@id":"https:\/\/www.saludonnet.com\/blog\/que-relacion-hay-entre-el-tabaco-el-estres-la-depresion-y-la-ansiedad\/#primaryimage"},"thumbnailUrl":"https:\/\/soncdn.azureedge.net\/blog\/wp-content\/uploads\/2020\/11\/fumar-estres.jpg","datePublished":"2026-02-05T12:07:00+00:00","dateModified":"2026-02-11T13:09:23+00:00","description":"Tabaco y ansiedad est\u00e1n relacionados. Pero \u00bfalivia o empeora ? Descubre la relaci\u00f3n para que no afecte a tu salud.","breadcrumb":{"@id":"https:\/\/www.saludonnet.com\/blog\/que-relacion-hay-entre-el-tabaco-el-estres-la-depresion-y-la-ansiedad\/#breadcrumb"},"inLanguage":"es","potentialAction":[{"@type":"ReadAction","target":["https:\/\/www.saludonnet.com\/blog\/que-relacion-hay-entre-el-tabaco-el-estres-la-depresion-y-la-ansiedad\/"]}]},{"@type":"ImageObject","inLanguage":"es","@id":"https:\/\/www.saludonnet.com\/blog\/que-relacion-hay-entre-el-tabaco-el-estres-la-depresion-y-la-ansiedad\/#primaryimage","url":"https:\/\/soncdn.azureedge.net\/blog\/wp-content\/uploads\/2020\/11\/fumar-estres.jpg","contentUrl":"https:\/\/soncdn.azureedge.net\/blog\/wp-content\/uploads\/2020\/11\/fumar-estres.jpg","width":800,"height":400,"caption":"chica joven fumando"},{"@type":"BreadcrumbList","@id":"https:\/\/www.saludonnet.com\/blog\/que-relacion-hay-entre-el-tabaco-el-estres-la-depresion-y-la-ansiedad\/#breadcrumb","itemListElement":[{"@type":"ListItem","position":1,"name":"Portada","item":"https:\/\/www.saludonnet.com\/blog\/"},{"@type":"ListItem","position":2,"name":"Neumolog\u00eda","item":"https:\/\/www.saludonnet.com\/blog\/topic\/neumologia\/"},{"@type":"ListItem","position":3,"name":"Relaci\u00f3n entre el tabaco y ansiedad, estr\u00e9s y depresi\u00f3n"}]},{"@type":"WebSite","@id":"https:\/\/www.saludonnet.com\/blog\/#website","url":"https:\/\/www.saludonnet.com\/blog\/","name":"Blog SaludOnNet","description":"Un espacio donde encontrar\u00e1s consejos y art\u00edculos para cuidar de tu salud","publisher":{"@id":"https:\/\/www.saludonnet.com\/blog\/#organization"},"potentialAction":[{"@type":"SearchAction","target":{"@type":"EntryPoint","urlTemplate":"https:\/\/www.saludonnet.com\/blog\/?s={search_term_string}"},"query-input":{"@type":"PropertyValueSpecification","valueRequired":true,"valueName":"search_term_string"}}],"inLanguage":"es"},{"@type":"Organization","@id":"https:\/\/www.saludonnet.com\/blog\/#organization","name":"SaludOnNet","url":"https:\/\/www.saludonnet.com\/blog\/","logo":{"@type":"ImageObject","inLanguage":"es","@id":"https:\/\/www.saludonnet.com\/blog\/#\/schema\/logo\/image\/","url":"https:\/\/www.saludonnet.com\/blog\/wp-content\/uploads\/2019\/07\/Logo-SaludOnNet.png","contentUrl":"https:\/\/www.saludonnet.com\/blog\/wp-content\/uploads\/2019\/07\/Logo-SaludOnNet.png","width":1140,"height":377,"caption":"SaludOnNet"},"image":{"@id":"https:\/\/www.saludonnet.com\/blog\/#\/schema\/logo\/image\/"},"sameAs":["https:\/\/www.facebook.com\/pages\/SaludOnNet\/214957498526536","https:\/\/x.com\/saludonnet","https:\/\/www.instagram.com\/saludonnet\/","https:\/\/www.linkedin.com\/company\/saludonnet\/","https:\/\/www.youtube.com\/channel\/UCag68GsnagqzNb6C3G-S9vQ"]},{"@type":"Person","@id":"https:\/\/www.saludonnet.com\/blog\/#\/schema\/person\/50995e01cc9d6c9f29ae18d979eeff1b","name":"Equipo M\u00e9dico de SaludOnNet","image":{"@type":"ImageObject","inLanguage":"es","@id":"https:\/\/secure.gravatar.com\/avatar\/0ac89931d2ef75704f29e63e12335967620a1f7ac37c69f6f97ad72b9ac6496d?s=96&d=mm&r=g","url":"https:\/\/secure.gravatar.com\/avatar\/0ac89931d2ef75704f29e63e12335967620a1f7ac37c69f6f97ad72b9ac6496d?s=96&d=mm&r=g","contentUrl":"https:\/\/secure.gravatar.com\/avatar\/0ac89931d2ef75704f29e63e12335967620a1f7ac37c69f6f97ad72b9ac6496d?s=96&d=mm&r=g","caption":"Equipo M\u00e9dico de SaludOnNet"},"description":"Art\u00edculo elaborado por el equipo m\u00e9dico de SaludOnNet, compuesto por especialistas destacados en su \u00e1rea.","url":"https:\/\/www.saludonnet.com\/blog\/author\/saludonnet\/"}]}},"acf":[],"_links":{"self":[{"href":"https:\/\/www.saludonnet.com\/blog\/wp-json\/wp\/v2\/posts\/8969","targetHints":{"allow":["GET"]}}],"collection":[{"href":"https:\/\/www.saludonnet.com\/blog\/wp-json\/wp\/v2\/posts"}],"about":[{"href":"https:\/\/www.saludonnet.com\/blog\/wp-json\/wp\/v2\/types\/post"}],"author":[{"embeddable":true,"href":"https:\/\/www.saludonnet.com\/blog\/wp-json\/wp\/v2\/users\/20"}],"replies":[{"embeddable":true,"href":"https:\/\/www.saludonnet.com\/blog\/wp-json\/wp\/v2\/comments?post=8969"}],"version-history":[{"count":34,"href":"https:\/\/www.saludonnet.com\/blog\/wp-json\/wp\/v2\/posts\/8969\/revisions"}],"predecessor-version":[{"id":13315,"href":"https:\/\/www.saludonnet.com\/blog\/wp-json\/wp\/v2\/posts\/8969\/revisions\/13315"}],"wp:featuredmedia":[{"embeddable":true,"href":"https:\/\/www.saludonnet.com\/blog\/wp-json\/wp\/v2\/media\/8967"}],"wp:attachment":[{"href":"https:\/\/www.saludonnet.com\/blog\/wp-json\/wp\/v2\/media?parent=8969"}],"wp:term":[{"taxonomy":"category","embeddable":true,"href":"https:\/\/www.saludonnet.com\/blog\/wp-json\/wp\/v2\/categories?post=8969"},{"taxonomy":"post_tag","embeddable":true,"href":"https:\/\/www.saludonnet.com\/blog\/wp-json\/wp\/v2\/tags?post=8969"}],"curies":[{"name":"wp","href":"https:\/\/api.w.org\/{rel}","templated":true}]}}