{"id":8840,"date":"2020-10-19T14:33:42","date_gmt":"2020-10-19T12:33:42","guid":{"rendered":"https:\/\/www.saludonnet.com\/blog\/?p=8840"},"modified":"2023-10-10T15:37:41","modified_gmt":"2023-10-10T13:37:41","slug":"diferencias-entre-mareos-y-vertigos","status":"publish","type":"post","link":"https:\/\/www.saludonnet.com\/blog\/diferencias-entre-mareos-y-vertigos\/","title":{"rendered":"\u00bfSon lo mismo los v\u00e9rtigos y los mareos?"},"content":{"rendered":"\n<p>Muchos\npacientes acuden a consulta de medicina general porque los mareos o los v\u00e9rtigos\nles incapacitan para llevar una vida diaria normal. Se calcula que a nivel\nmundial son entre un 5% y un 10% las personas que padecen estas patolog\u00edas, cifra\nque aumenta hasta un 40% en los mayores de 40 a\u00f1os. &nbsp;<\/p>\n\n\n\n<h2 class=\"wp-block-heading\"><strong>Procesos benignos de dif\u00edcil diagn\u00f3stico<\/strong> <\/h2>\n\n\n\n<p>Aunque se\nutilizan como sin\u00f3nimos, no es lo mismo el mareo que el v\u00e9rtigo. El <strong><em>mareo\n<\/em><\/strong>es un t\u00e9rmino no espec\u00edfico que las personas usan para explicar que sienten\n<strong>inestabilidad o falta de equilibrio<\/strong>, as\u00ed como visi\u00f3n borrosa acompa\u00f1ada\nde <strong>debilidad e incapacidad para mantener el centro de gravedad<\/strong>. Es una\nsensaci\u00f3n de malestar que a veces sucede antes de una lipotimia o un s\u00edncope. &nbsp;<\/p>\n\n\n\n<p>El <strong><em>v\u00e9rtigo<\/em><\/strong>,\npor su parte, hace referencia a la falsa <strong>sensaci\u00f3n de movimiento<\/strong>, tanto\ndel entorno como del propio cuerpo. El paciente pierde la orientaci\u00f3n espacial\ny cree que los objetos y\/o su cuerpo se mueven y giran a gran velocidad. &nbsp;Generalmente\ncada paciente describe sensaciones diferentes, por lo que a veces resulta complicado\nsu diagn\u00f3stico. <\/p>\n\n\n\n<p>No obstante, en\nla mayor\u00eda de los casos se trata de procesos que son benignos, aunque muy\nmolestos, porque afectan negativamente a quienes los padecen, tanto f\u00edsica como\nps\u00edquicamente, a nivel personal y laboral. <\/p>\n\n\n\n<h2 class=\"wp-block-heading\"><strong>Por qu\u00e9 ocurren los mareos y\/o v\u00e9rtigos<\/strong> <\/h2>\n\n\n\n<p>En el art\u00edculo <strong><a href=\"http:\/\/www.scielo.edu.uy\/scielo.php?script=sci_arttext&amp;pid=S1688-03902013000400002\">Mareo y\/o v\u00e9rtigo como motivo de consulta en la policl\u00ednica neurol\u00f3gica: estudio descriptivo<\/a><\/strong>, de las Dras. Lorena Castro y Patricia Braga, se habla de las diferentes alteraciones fisiol\u00f3gicas o patol\u00f3gicas que pueden producir estos episodios. <\/p>\n\n\n\n<p>As\u00ed, los v\u00e9rtigos\naparecen por s\u00edndrome vestibular perif\u00e9rico o central. El perif\u00e9rico es el\ncausante del 90% de los casos. Pueden producirse por: &nbsp;<\/p>\n\n\n\n<ul class=\"wp-block-list\">\n<li><em>Neuronitis vestibular<\/em>. Episodio agudo de v\u00e9rtigo, de inicio s\u00fabito, causa desconocida y duraci\u00f3n superior a 24 horas.<\/li>\n\n\n\n<li><em>Laberintoplejia<\/em><strong>.<\/strong> Parecido a la neuronitis vestibular, pero cursa con p\u00e9rdida auditiva. &nbsp;<\/li>\n\n\n\n<li><em>Enfermedad de Meni\u00e9re<\/em>. Aparecen episodios parox\u00edsticos y recurrentes de v\u00e9rtigo, acompa\u00f1ados de ac\u00fafenos e hipoacusia. <\/li>\n\n\n\n<li><em>Traumatismos. <\/em><\/li>\n\n\n\n<li><em>F\u00e1rmacos<\/em>.<\/li>\n\n\n\n<li><em>Migra\u00f1as<\/em>. Est\u00e1 dentro de los v\u00e9rtigos perif\u00e9ricos recurrentes, que se producen con una duraci\u00f3n superior a 20 minutos. <\/li>\n<\/ul>\n\n\n\n<p>Ante la sospecha de un v\u00e9rtigo central el\npaciente debe ser visto por un neur\u00f3logo en un hospital. Los\nv\u00e9rtigos centrales generalmente est\u00e1n causados por: <\/p>\n\n\n\n<ul class=\"wp-block-list\">\n<li><em>Hemorragia cerebral. <\/em><\/li>\n\n\n\n<li><strong><em><a href=\"https:\/\/www.saludonnet.com\/blog\/que-saber-de-la-esclerosis-multiple-la-enfermedad-de-las-mil-caras\/\">Esclerosis m\u00faltiple<\/a><\/em><\/strong><em>.<\/em><\/li>\n\n\n\n<li><em>Lesi\u00f3n del l\u00f3bulo temporal. <\/em><\/li>\n\n\n\n<li><em>Neurinoma del ac\u00fastico. <\/em><\/li>\n<\/ul>\n\n\n\n<p>Por su parte los\nmareos pueden estar producidos por: s\u00edndrome vestibular perif\u00e9rico o central, anormalidades\npropioceptivas, anoxia cerebral, des\u00f3rdenes metab\u00f3licos, patolog\u00edas\ncardiovasculares, migra\u00f1as, hipotensi\u00f3n ortost\u00e1tica, patolog\u00edas oculares, hiperventilaci\u00f3n\no toma de determinados f\u00e1rmacos. <\/p>\n\n\n\n<h2 class=\"wp-block-heading\"><strong>C\u00f3mo act\u00faa un m\u00e9dico ante un episodio de v\u00e9rtigo<\/strong> <\/h2>\n\n\n\n<p>En el apartado 4 de la <strong><a href=\"http:\/\/www.san.gva.es\/documents\/246911\/251004\/guiasap037vertigo.pdf\">Gu\u00eda de actuaci\u00f3n de Atenci\u00f3n primaria<\/a><\/strong>, los doctores Salvador Pertusa Mart\u00ednez, Juan Gomis Ferraz y Herminio P\u00e9rez Garrigues, explican c\u00f3mo se puede llevar a cabo una valoraci\u00f3n inicial de cada caso. As\u00ed, tras realizar la historia cl\u00ednica del paciente se efect\u00faa una exploraci\u00f3n f\u00edsica que incluye: <\/p>\n\n\n\n<ul class=\"wp-block-list\">\n<li>Examen general. Toma de presi\u00f3n arterial, frecuencia card\u00edaca, estudio del estado de la piel y las mucosas, visi\u00f3n, auscultaci\u00f3n card\u00edaca y de troncos supraa\u00f3rticos. <\/li>\n\n\n\n<li>An\u00e1lisis otorrinolaringol\u00f3gico: otoscopia, audici\u00f3n y diapasones, as\u00ed como exploraci\u00f3n del cuello.<\/li>\n\n\n\n<li>&nbsp;Otoneurol\u00f3gica: estado de conciencia y funciones mentales, estudio del nistagmus, exploraci\u00f3n cerebelosa, <strong><a href=\"https:\/\/www.saludonnet.com\/blog\/que-es-y-que-evalua-la-prueba-o-test-de-romberg\/\">test  de Romberg<\/a><\/strong>, test de la marcha, prueba de los \u00edndices de Barany y tests posicionales como el de Hallpike.<\/li>\n\n\n\n<li>Pruebas neurol\u00f3gicas: exploraci\u00f3n de los pares craneales, sensibilidad, fuerza y reflejos.<\/li>\n<\/ul>\n\n\n\n<p>El m\u00e9dico ser\u00e1 el que determine las pruebas diagn\u00f3sticas, en funci\u00f3n de la duraci\u00f3n y gravedad del episodio. Las principales son: anal\u00edtica de sangre, electrocardiograma y audiometr\u00eda, en un primer momento. Asimismo el tratamiento depende de la gravedad del episodio. No obstante, mientras dure la fase aguda es importante tranquilizar al paciente, aconsejarle reposo y prescribir f\u00e1rmacos que alivien los s\u00edntomas y acorten el episodio. <\/p>\n\n\n\n<p>Si tiene s\u00edntomas compatibles con los v\u00e9rtigos o los mareos acuda a un especialista para que pueda realizar un diagn\u00f3stico que le ayude a recuperar su d\u00eda a d\u00eda. En <strong><a href=\"https:\/\/www.saludonnet.com\">SaludOnNet <\/a><\/strong>contamos con especialistas dispuesto a ayudarle, sin esperas y con los mejores profesionales. <\/p>\n","protected":false},"excerpt":{"rendered":"<p>Los v\u00e9rtigos y los mareos son dos episodios diferentes que tienen tratamiento. En la mayor\u00eda de los casos son procesos benignos. <\/p>\n","protected":false},"author":20,"featured_media":8837,"comment_status":"open","ping_status":"open","sticky":false,"template":"","format":"standard","meta":{"footnotes":""},"categories":[66],"tags":[244],"class_list":["post-8840","post","type-post","status-publish","format-standard","has-post-thumbnail","hentry","category-neurologia","tag-2945-consulta"],"yoast_head":"<!-- This site is optimized with the Yoast SEO plugin v27.4 - https:\/\/yoast.com\/product\/yoast-seo-wordpress\/ -->\n<title>\u00bfSon lo mismo los v\u00e9rtigos y los mareos?<\/title>\n<meta name=\"description\" content=\"Los v\u00e9rtigos y los mareos son dos episodios diferentes que tienen tratamiento. En la mayor\u00eda de los casos son procesos benignos.\" \/>\n<meta name=\"robots\" content=\"index, follow, max-snippet:-1, max-image-preview:large, max-video-preview:-1\" \/>\n<link rel=\"canonical\" href=\"https:\/\/www.saludonnet.com\/blog\/diferencias-entre-mareos-y-vertigos\/\" \/>\n<meta property=\"og:locale\" content=\"es_ES\" \/>\n<meta property=\"og:type\" content=\"article\" \/>\n<meta property=\"og:title\" content=\"Diferencias entre mareos y v\u00e9rtigos\" \/>\n<meta property=\"og:description\" content=\"Los v\u00e9rtigos y los mareos son dos episodios diferentes que tienen tratamiento. En la mayor\u00eda de los casos son procesos benignos.\" \/>\n<meta property=\"og:url\" content=\"https:\/\/www.saludonnet.com\/blog\/diferencias-entre-mareos-y-vertigos\/\" \/>\n<meta property=\"og:site_name\" content=\"Blog SaludOnNet\" \/>\n<meta property=\"article:publisher\" content=\"https:\/\/www.facebook.com\/pages\/SaludOnNet\/214957498526536\" \/>\n<meta property=\"article:published_time\" content=\"2020-10-19T12:33:42+00:00\" \/>\n<meta property=\"article:modified_time\" content=\"2023-10-10T13:37:41+00:00\" \/>\n<meta property=\"og:image\" content=\"https:\/\/www.saludonnet.com\/blog\/wp-content\/uploads\/2020\/10\/mareos-vertigos.jpg\" \/>\n\t<meta property=\"og:image:width\" content=\"800\" \/>\n\t<meta property=\"og:image:height\" content=\"400\" \/>\n\t<meta property=\"og:image:type\" content=\"image\/jpeg\" \/>\n<meta name=\"author\" content=\"Equipo M\u00e9dico de SaludOnNet\" \/>\n<meta name=\"twitter:card\" content=\"summary_large_image\" \/>\n<meta name=\"twitter:title\" content=\"Diferencias entre mareos y v\u00e9rtigos\" \/>\n<meta name=\"twitter:description\" content=\"Los v\u00e9rtigos y los mareos son dos episodios diferentes que tienen tratamiento. En la mayor\u00eda de los casos son procesos benignos.\" \/>\n<meta name=\"twitter:creator\" content=\"@saludonnet\" \/>\n<meta name=\"twitter:site\" content=\"@saludonnet\" \/>\n<meta name=\"twitter:label1\" content=\"Escrito por\" \/>\n\t<meta name=\"twitter:data1\" content=\"Equipo M\u00e9dico de SaludOnNet\" \/>\n\t<meta name=\"twitter:label2\" content=\"Tiempo de lectura\" \/>\n\t<meta name=\"twitter:data2\" content=\"4 minutos\" \/>\n<script type=\"application\/ld+json\" class=\"yoast-schema-graph\">{\"@context\":\"https:\\\/\\\/schema.org\",\"@graph\":[{\"@type\":\"Article\",\"@id\":\"https:\\\/\\\/www.saludonnet.com\\\/blog\\\/diferencias-entre-mareos-y-vertigos\\\/#article\",\"isPartOf\":{\"@id\":\"https:\\\/\\\/www.saludonnet.com\\\/blog\\\/diferencias-entre-mareos-y-vertigos\\\/\"},\"author\":{\"name\":\"Equipo M\u00e9dico de SaludOnNet\",\"@id\":\"https:\\\/\\\/www.saludonnet.com\\\/blog\\\/#\\\/schema\\\/person\\\/50995e01cc9d6c9f29ae18d979eeff1b\"},\"headline\":\"\u00bfSon lo mismo los v\u00e9rtigos y los mareos?\",\"datePublished\":\"2020-10-19T12:33:42+00:00\",\"dateModified\":\"2023-10-10T13:37:41+00:00\",\"mainEntityOfPage\":{\"@id\":\"https:\\\/\\\/www.saludonnet.com\\\/blog\\\/diferencias-entre-mareos-y-vertigos\\\/\"},\"wordCount\":777,\"commentCount\":1,\"publisher\":{\"@id\":\"https:\\\/\\\/www.saludonnet.com\\\/blog\\\/#organization\"},\"image\":{\"@id\":\"https:\\\/\\\/www.saludonnet.com\\\/blog\\\/diferencias-entre-mareos-y-vertigos\\\/#primaryimage\"},\"thumbnailUrl\":\"https:\\\/\\\/soncdn.azureedge.net\\\/blog\\\/wp-content\\\/uploads\\\/2020\\\/10\\\/mareos-vertigos.jpg\",\"keywords\":[\"Consulta de Neurolog\u00eda\"],\"articleSection\":[\"Neurolog\u00eda\"],\"inLanguage\":\"es\",\"potentialAction\":[{\"@type\":\"CommentAction\",\"name\":\"Comment\",\"target\":[\"https:\\\/\\\/www.saludonnet.com\\\/blog\\\/diferencias-entre-mareos-y-vertigos\\\/#respond\"]}]},{\"@type\":\"WebPage\",\"@id\":\"https:\\\/\\\/www.saludonnet.com\\\/blog\\\/diferencias-entre-mareos-y-vertigos\\\/\",\"url\":\"https:\\\/\\\/www.saludonnet.com\\\/blog\\\/diferencias-entre-mareos-y-vertigos\\\/\",\"name\":\"\u00bfSon lo mismo los v\u00e9rtigos y los mareos?\",\"isPartOf\":{\"@id\":\"https:\\\/\\\/www.saludonnet.com\\\/blog\\\/#website\"},\"primaryImageOfPage\":{\"@id\":\"https:\\\/\\\/www.saludonnet.com\\\/blog\\\/diferencias-entre-mareos-y-vertigos\\\/#primaryimage\"},\"image\":{\"@id\":\"https:\\\/\\\/www.saludonnet.com\\\/blog\\\/diferencias-entre-mareos-y-vertigos\\\/#primaryimage\"},\"thumbnailUrl\":\"https:\\\/\\\/soncdn.azureedge.net\\\/blog\\\/wp-content\\\/uploads\\\/2020\\\/10\\\/mareos-vertigos.jpg\",\"datePublished\":\"2020-10-19T12:33:42+00:00\",\"dateModified\":\"2023-10-10T13:37:41+00:00\",\"description\":\"Los v\u00e9rtigos y los mareos son dos episodios diferentes que tienen tratamiento. En la mayor\u00eda de los casos son procesos benignos.\",\"breadcrumb\":{\"@id\":\"https:\\\/\\\/www.saludonnet.com\\\/blog\\\/diferencias-entre-mareos-y-vertigos\\\/#breadcrumb\"},\"inLanguage\":\"es\",\"potentialAction\":[{\"@type\":\"ReadAction\",\"target\":[\"https:\\\/\\\/www.saludonnet.com\\\/blog\\\/diferencias-entre-mareos-y-vertigos\\\/\"]}]},{\"@type\":\"ImageObject\",\"inLanguage\":\"es\",\"@id\":\"https:\\\/\\\/www.saludonnet.com\\\/blog\\\/diferencias-entre-mareos-y-vertigos\\\/#primaryimage\",\"url\":\"https:\\\/\\\/soncdn.azureedge.net\\\/blog\\\/wp-content\\\/uploads\\\/2020\\\/10\\\/mareos-vertigos.jpg\",\"contentUrl\":\"https:\\\/\\\/soncdn.azureedge.net\\\/blog\\\/wp-content\\\/uploads\\\/2020\\\/10\\\/mareos-vertigos.jpg\",\"width\":800,\"height\":400,\"caption\":\"hombre mareado\"},{\"@type\":\"BreadcrumbList\",\"@id\":\"https:\\\/\\\/www.saludonnet.com\\\/blog\\\/diferencias-entre-mareos-y-vertigos\\\/#breadcrumb\",\"itemListElement\":[{\"@type\":\"ListItem\",\"position\":1,\"name\":\"Portada\",\"item\":\"https:\\\/\\\/www.saludonnet.com\\\/blog\\\/\"},{\"@type\":\"ListItem\",\"position\":2,\"name\":\"Neurolog\u00eda\",\"item\":\"https:\\\/\\\/www.saludonnet.com\\\/blog\\\/topic\\\/neurologia\\\/\"},{\"@type\":\"ListItem\",\"position\":3,\"name\":\"\u00bfSon lo mismo los v\u00e9rtigos y los mareos?\"}]},{\"@type\":\"WebSite\",\"@id\":\"https:\\\/\\\/www.saludonnet.com\\\/blog\\\/#website\",\"url\":\"https:\\\/\\\/www.saludonnet.com\\\/blog\\\/\",\"name\":\"Blog SaludOnNet\",\"description\":\"Un espacio donde encontrar\u00e1s consejos y art\u00edculos para cuidar de tu salud\",\"publisher\":{\"@id\":\"https:\\\/\\\/www.saludonnet.com\\\/blog\\\/#organization\"},\"potentialAction\":[{\"@type\":\"SearchAction\",\"target\":{\"@type\":\"EntryPoint\",\"urlTemplate\":\"https:\\\/\\\/www.saludonnet.com\\\/blog\\\/?s={search_term_string}\"},\"query-input\":{\"@type\":\"PropertyValueSpecification\",\"valueRequired\":true,\"valueName\":\"search_term_string\"}}],\"inLanguage\":\"es\"},{\"@type\":\"Organization\",\"@id\":\"https:\\\/\\\/www.saludonnet.com\\\/blog\\\/#organization\",\"name\":\"SaludOnNet\",\"url\":\"https:\\\/\\\/www.saludonnet.com\\\/blog\\\/\",\"logo\":{\"@type\":\"ImageObject\",\"inLanguage\":\"es\",\"@id\":\"https:\\\/\\\/www.saludonnet.com\\\/blog\\\/#\\\/schema\\\/logo\\\/image\\\/\",\"url\":\"https:\\\/\\\/www.saludonnet.com\\\/blog\\\/wp-content\\\/uploads\\\/2019\\\/07\\\/Logo-SaludOnNet.png\",\"contentUrl\":\"https:\\\/\\\/www.saludonnet.com\\\/blog\\\/wp-content\\\/uploads\\\/2019\\\/07\\\/Logo-SaludOnNet.png\",\"width\":1140,\"height\":377,\"caption\":\"SaludOnNet\"},\"image\":{\"@id\":\"https:\\\/\\\/www.saludonnet.com\\\/blog\\\/#\\\/schema\\\/logo\\\/image\\\/\"},\"sameAs\":[\"https:\\\/\\\/www.facebook.com\\\/pages\\\/SaludOnNet\\\/214957498526536\",\"https:\\\/\\\/x.com\\\/saludonnet\",\"https:\\\/\\\/www.instagram.com\\\/saludonnet\\\/\",\"https:\\\/\\\/www.linkedin.com\\\/company\\\/saludonnet\\\/\",\"https:\\\/\\\/www.youtube.com\\\/channel\\\/UCag68GsnagqzNb6C3G-S9vQ\"]},{\"@type\":\"Person\",\"@id\":\"https:\\\/\\\/www.saludonnet.com\\\/blog\\\/#\\\/schema\\\/person\\\/50995e01cc9d6c9f29ae18d979eeff1b\",\"name\":\"Equipo M\u00e9dico de SaludOnNet\",\"image\":{\"@type\":\"ImageObject\",\"inLanguage\":\"es\",\"@id\":\"https:\\\/\\\/secure.gravatar.com\\\/avatar\\\/0ac89931d2ef75704f29e63e12335967620a1f7ac37c69f6f97ad72b9ac6496d?s=96&d=mm&r=g\",\"url\":\"https:\\\/\\\/secure.gravatar.com\\\/avatar\\\/0ac89931d2ef75704f29e63e12335967620a1f7ac37c69f6f97ad72b9ac6496d?s=96&d=mm&r=g\",\"contentUrl\":\"https:\\\/\\\/secure.gravatar.com\\\/avatar\\\/0ac89931d2ef75704f29e63e12335967620a1f7ac37c69f6f97ad72b9ac6496d?s=96&d=mm&r=g\",\"caption\":\"Equipo M\u00e9dico de SaludOnNet\"},\"description\":\"Art\u00edculo elaborado por el equipo m\u00e9dico de SaludOnNet, compuesto por especialistas destacados en su \u00e1rea.\",\"url\":\"https:\\\/\\\/www.saludonnet.com\\\/blog\\\/author\\\/saludonnet\\\/\"}]}<\/script>\n<!-- \/ Yoast SEO plugin. -->","yoast_head_json":{"title":"\u00bfSon lo mismo los v\u00e9rtigos y los mareos?","description":"Los v\u00e9rtigos y los mareos son dos episodios diferentes que tienen tratamiento. En la mayor\u00eda de los casos son procesos benignos.","robots":{"index":"index","follow":"follow","max-snippet":"max-snippet:-1","max-image-preview":"max-image-preview:large","max-video-preview":"max-video-preview:-1"},"canonical":"https:\/\/www.saludonnet.com\/blog\/diferencias-entre-mareos-y-vertigos\/","og_locale":"es_ES","og_type":"article","og_title":"Diferencias entre mareos y v\u00e9rtigos","og_description":"Los v\u00e9rtigos y los mareos son dos episodios diferentes que tienen tratamiento. En la mayor\u00eda de los casos son procesos benignos.","og_url":"https:\/\/www.saludonnet.com\/blog\/diferencias-entre-mareos-y-vertigos\/","og_site_name":"Blog SaludOnNet","article_publisher":"https:\/\/www.facebook.com\/pages\/SaludOnNet\/214957498526536","article_published_time":"2020-10-19T12:33:42+00:00","article_modified_time":"2023-10-10T13:37:41+00:00","og_image":[{"width":800,"height":400,"url":"https:\/\/www.saludonnet.com\/blog\/wp-content\/uploads\/2020\/10\/mareos-vertigos.jpg","type":"image\/jpeg"}],"author":"Equipo M\u00e9dico de SaludOnNet","twitter_card":"summary_large_image","twitter_title":"Diferencias entre mareos y v\u00e9rtigos","twitter_description":"Los v\u00e9rtigos y los mareos son dos episodios diferentes que tienen tratamiento. En la mayor\u00eda de los casos son procesos benignos.","twitter_creator":"@saludonnet","twitter_site":"@saludonnet","twitter_misc":{"Escrito por":"Equipo M\u00e9dico de SaludOnNet","Tiempo de lectura":"4 minutos"},"schema":{"@context":"https:\/\/schema.org","@graph":[{"@type":"Article","@id":"https:\/\/www.saludonnet.com\/blog\/diferencias-entre-mareos-y-vertigos\/#article","isPartOf":{"@id":"https:\/\/www.saludonnet.com\/blog\/diferencias-entre-mareos-y-vertigos\/"},"author":{"name":"Equipo M\u00e9dico de SaludOnNet","@id":"https:\/\/www.saludonnet.com\/blog\/#\/schema\/person\/50995e01cc9d6c9f29ae18d979eeff1b"},"headline":"\u00bfSon lo mismo los v\u00e9rtigos y los mareos?","datePublished":"2020-10-19T12:33:42+00:00","dateModified":"2023-10-10T13:37:41+00:00","mainEntityOfPage":{"@id":"https:\/\/www.saludonnet.com\/blog\/diferencias-entre-mareos-y-vertigos\/"},"wordCount":777,"commentCount":1,"publisher":{"@id":"https:\/\/www.saludonnet.com\/blog\/#organization"},"image":{"@id":"https:\/\/www.saludonnet.com\/blog\/diferencias-entre-mareos-y-vertigos\/#primaryimage"},"thumbnailUrl":"https:\/\/soncdn.azureedge.net\/blog\/wp-content\/uploads\/2020\/10\/mareos-vertigos.jpg","keywords":["Consulta de Neurolog\u00eda"],"articleSection":["Neurolog\u00eda"],"inLanguage":"es","potentialAction":[{"@type":"CommentAction","name":"Comment","target":["https:\/\/www.saludonnet.com\/blog\/diferencias-entre-mareos-y-vertigos\/#respond"]}]},{"@type":"WebPage","@id":"https:\/\/www.saludonnet.com\/blog\/diferencias-entre-mareos-y-vertigos\/","url":"https:\/\/www.saludonnet.com\/blog\/diferencias-entre-mareos-y-vertigos\/","name":"\u00bfSon lo mismo los v\u00e9rtigos y los mareos?","isPartOf":{"@id":"https:\/\/www.saludonnet.com\/blog\/#website"},"primaryImageOfPage":{"@id":"https:\/\/www.saludonnet.com\/blog\/diferencias-entre-mareos-y-vertigos\/#primaryimage"},"image":{"@id":"https:\/\/www.saludonnet.com\/blog\/diferencias-entre-mareos-y-vertigos\/#primaryimage"},"thumbnailUrl":"https:\/\/soncdn.azureedge.net\/blog\/wp-content\/uploads\/2020\/10\/mareos-vertigos.jpg","datePublished":"2020-10-19T12:33:42+00:00","dateModified":"2023-10-10T13:37:41+00:00","description":"Los v\u00e9rtigos y los mareos son dos episodios diferentes que tienen tratamiento. En la mayor\u00eda de los casos son procesos benignos.","breadcrumb":{"@id":"https:\/\/www.saludonnet.com\/blog\/diferencias-entre-mareos-y-vertigos\/#breadcrumb"},"inLanguage":"es","potentialAction":[{"@type":"ReadAction","target":["https:\/\/www.saludonnet.com\/blog\/diferencias-entre-mareos-y-vertigos\/"]}]},{"@type":"ImageObject","inLanguage":"es","@id":"https:\/\/www.saludonnet.com\/blog\/diferencias-entre-mareos-y-vertigos\/#primaryimage","url":"https:\/\/soncdn.azureedge.net\/blog\/wp-content\/uploads\/2020\/10\/mareos-vertigos.jpg","contentUrl":"https:\/\/soncdn.azureedge.net\/blog\/wp-content\/uploads\/2020\/10\/mareos-vertigos.jpg","width":800,"height":400,"caption":"hombre mareado"},{"@type":"BreadcrumbList","@id":"https:\/\/www.saludonnet.com\/blog\/diferencias-entre-mareos-y-vertigos\/#breadcrumb","itemListElement":[{"@type":"ListItem","position":1,"name":"Portada","item":"https:\/\/www.saludonnet.com\/blog\/"},{"@type":"ListItem","position":2,"name":"Neurolog\u00eda","item":"https:\/\/www.saludonnet.com\/blog\/topic\/neurologia\/"},{"@type":"ListItem","position":3,"name":"\u00bfSon lo mismo los v\u00e9rtigos y los mareos?"}]},{"@type":"WebSite","@id":"https:\/\/www.saludonnet.com\/blog\/#website","url":"https:\/\/www.saludonnet.com\/blog\/","name":"Blog SaludOnNet","description":"Un espacio donde encontrar\u00e1s consejos y art\u00edculos para cuidar de tu salud","publisher":{"@id":"https:\/\/www.saludonnet.com\/blog\/#organization"},"potentialAction":[{"@type":"SearchAction","target":{"@type":"EntryPoint","urlTemplate":"https:\/\/www.saludonnet.com\/blog\/?s={search_term_string}"},"query-input":{"@type":"PropertyValueSpecification","valueRequired":true,"valueName":"search_term_string"}}],"inLanguage":"es"},{"@type":"Organization","@id":"https:\/\/www.saludonnet.com\/blog\/#organization","name":"SaludOnNet","url":"https:\/\/www.saludonnet.com\/blog\/","logo":{"@type":"ImageObject","inLanguage":"es","@id":"https:\/\/www.saludonnet.com\/blog\/#\/schema\/logo\/image\/","url":"https:\/\/www.saludonnet.com\/blog\/wp-content\/uploads\/2019\/07\/Logo-SaludOnNet.png","contentUrl":"https:\/\/www.saludonnet.com\/blog\/wp-content\/uploads\/2019\/07\/Logo-SaludOnNet.png","width":1140,"height":377,"caption":"SaludOnNet"},"image":{"@id":"https:\/\/www.saludonnet.com\/blog\/#\/schema\/logo\/image\/"},"sameAs":["https:\/\/www.facebook.com\/pages\/SaludOnNet\/214957498526536","https:\/\/x.com\/saludonnet","https:\/\/www.instagram.com\/saludonnet\/","https:\/\/www.linkedin.com\/company\/saludonnet\/","https:\/\/www.youtube.com\/channel\/UCag68GsnagqzNb6C3G-S9vQ"]},{"@type":"Person","@id":"https:\/\/www.saludonnet.com\/blog\/#\/schema\/person\/50995e01cc9d6c9f29ae18d979eeff1b","name":"Equipo M\u00e9dico de SaludOnNet","image":{"@type":"ImageObject","inLanguage":"es","@id":"https:\/\/secure.gravatar.com\/avatar\/0ac89931d2ef75704f29e63e12335967620a1f7ac37c69f6f97ad72b9ac6496d?s=96&d=mm&r=g","url":"https:\/\/secure.gravatar.com\/avatar\/0ac89931d2ef75704f29e63e12335967620a1f7ac37c69f6f97ad72b9ac6496d?s=96&d=mm&r=g","contentUrl":"https:\/\/secure.gravatar.com\/avatar\/0ac89931d2ef75704f29e63e12335967620a1f7ac37c69f6f97ad72b9ac6496d?s=96&d=mm&r=g","caption":"Equipo M\u00e9dico de SaludOnNet"},"description":"Art\u00edculo elaborado por el equipo m\u00e9dico de SaludOnNet, compuesto por especialistas destacados en su \u00e1rea.","url":"https:\/\/www.saludonnet.com\/blog\/author\/saludonnet\/"}]}},"acf":[],"_links":{"self":[{"href":"https:\/\/www.saludonnet.com\/blog\/wp-json\/wp\/v2\/posts\/8840","targetHints":{"allow":["GET"]}}],"collection":[{"href":"https:\/\/www.saludonnet.com\/blog\/wp-json\/wp\/v2\/posts"}],"about":[{"href":"https:\/\/www.saludonnet.com\/blog\/wp-json\/wp\/v2\/types\/post"}],"author":[{"embeddable":true,"href":"https:\/\/www.saludonnet.com\/blog\/wp-json\/wp\/v2\/users\/20"}],"replies":[{"embeddable":true,"href":"https:\/\/www.saludonnet.com\/blog\/wp-json\/wp\/v2\/comments?post=8840"}],"version-history":[{"count":19,"href":"https:\/\/www.saludonnet.com\/blog\/wp-json\/wp\/v2\/posts\/8840\/revisions"}],"predecessor-version":[{"id":15119,"href":"https:\/\/www.saludonnet.com\/blog\/wp-json\/wp\/v2\/posts\/8840\/revisions\/15119"}],"wp:featuredmedia":[{"embeddable":true,"href":"https:\/\/www.saludonnet.com\/blog\/wp-json\/wp\/v2\/media\/8837"}],"wp:attachment":[{"href":"https:\/\/www.saludonnet.com\/blog\/wp-json\/wp\/v2\/media?parent=8840"}],"wp:term":[{"taxonomy":"category","embeddable":true,"href":"https:\/\/www.saludonnet.com\/blog\/wp-json\/wp\/v2\/categories?post=8840"},{"taxonomy":"post_tag","embeddable":true,"href":"https:\/\/www.saludonnet.com\/blog\/wp-json\/wp\/v2\/tags?post=8840"}],"curies":[{"name":"wp","href":"https:\/\/api.w.org\/{rel}","templated":true}]}}