{"id":8348,"date":"2020-06-12T16:23:37","date_gmt":"2020-06-12T14:23:37","guid":{"rendered":"https:\/\/www.saludonnet.com\/blog\/?p=8348"},"modified":"2020-09-02T12:27:11","modified_gmt":"2020-09-02T10:27:11","slug":"que-es-y-en-que-consiste-cirugia-ortognatica","status":"publish","type":"post","link":"https:\/\/www.saludonnet.com\/blog\/que-es-y-en-que-consiste-cirugia-ortognatica\/","title":{"rendered":"Qu\u00e9 es y en qu\u00e9 consiste cirug\u00eda ortogn\u00e1tica"},"content":{"rendered":"\n<p>Hay personas que presentan problemas al masticar y en la articulaci\u00f3n temporal de la mand\u00edbula. Les sucede al 10% de la poblaci\u00f3n y suele ocurrir cuando su mand\u00edbula es demasiado grande o muy peque\u00f1a o cuando no es sim\u00e9trica, lo que hace que se desv\u00ede hacia uno de los lados de la cara. Cuando esto sucede los dientes no ocluyen o se cierran correctamente y la cirug\u00eda ortogn\u00e1tica es la soluci\u00f3n. <\/p>\n\n\n\n<p>Est\u00e1 cirug\u00eda est\u00e1 indicada cuando una persona tiene problemas funcionales o est\u00e9ticos a consecuencia del tama\u00f1o de los huesos de la cara. Se realiza cuando no se puede conseguir que los dientes se alineen en su posici\u00f3n a trav\u00e9s de un <strong><a href=\"https:\/\/www.saludonnet.com\/blog\/que-tipo-de-ortodoncia-es-mejor\/\">tratamiento de ortodoncia<\/a><\/strong>. Es una opci\u00f3n para quienes padecen apnea del sue\u00f1o, tienen asimetr\u00edas faciales o la mand\u00edbula muy avanzada o muy atrasada. <\/p>\n\n\n\n<p>Esta intervenci\u00f3n se realiza de forma multidisciplinar, <strong><a href=\"http:\/\/scielo.isciii.es\/pdf\/rcoe\/v11n5-6\/original3.pdf\">uniendo el trabajo de cirujanos maxilofaciales y ortodoncistas<\/a><\/strong>. Corrige quir\u00fargicamente el tama\u00f1o de la mand\u00edbula y el maxilar superior, mejorando la est\u00e9tica de la cara y la sonrisa. Con esta cirug\u00eda se consigue colocar los dientes en la posici\u00f3n correcta, para que un especialista en ortodoncia los pueda tratar. Asimismo el paciente consigue masticar de forma estable y desaparecen los problemas que presentaba en las articulaciones. <\/p>\n\n\n\n<h2 class=\"wp-block-heading\"><strong>C\u00f3mo se realiza esta cirug\u00eda maxilofacial<\/strong><\/h2>\n\n\n\n<p>La cirug\u00eda ortogn\u00e1tica es una intervenci\u00f3n mayor,\nde ingreso hospitalario, que se realiza con anestesia general y en la que el\npaciente permanece ingresado unos 2 d\u00edas. Consiste en la alteraci\u00f3n de la forma\ny el tama\u00f1o de los huesos de la cara. Por lo general, las m\u00e1s habituales son\naquellas que aumentan o disminuyen el tama\u00f1o de la mand\u00edbula o el maxilar\nsuperior. <\/p>\n\n\n\n<p>Actualmente esta cirug\u00eda se realiza, en la mayor\u00eda de los casos, con <strong><a href=\"http:\/\/www.revistadeortodoncia.com\/files\/2012_42_1_017-021.pdf\">una planificaci\u00f3n virtual 3D<\/a><\/strong> que la hace muy precisa. De esta forma no solo se trabaja en el plano sagital (perpendicular al suelo y en \u00e1ngulo recto con los planos frontales), sino que se recuperan los planos frontal y horizontal. Gracias a esta t\u00e9cnica se trabaja a 360 grados, valorando las l\u00edneas medias, las asimetr\u00edas y los canteos, tanto del maxilar como de la mand\u00edbula, y se observan las rotaciones del cr\u00e1neo, el maxilar y la mand\u00edbula.&nbsp; <\/p>\n\n\n\n<p>La cirug\u00eda maxilofacial consta de tres fases\ndiferentes: <\/p>\n\n\n\n<ul class=\"wp-block-list\"><li>De forma previa el ortodoncista le coloca al paciente un aparato de ortodoncia, para nivelar las arcadas superior e inferior de manera separada, y as\u00ed preparar los dientes para el momento de la cirug\u00eda.<\/li><li>Una vez niveladas las arcadas se realiza la planificaci\u00f3n tridimensional, junto con el cirujano. Se lleva a cabo un esc\u00e1ner del cr\u00e1neo (TAC) y de la fotograf\u00eda del paciente. A trav\u00e9s del ordenador se simula una cirug\u00eda virtual por ordenador, que permite posteriormente realizar la misma cirug\u00eda en el paciente. <\/li><li>Una vez obtenido el proyecto en el ordenador se obtienen las gu\u00edas quir\u00fargicas personalizadas tridimensionales, que utilizar\u00e1 el cirujano en el quir\u00f3fano. <\/li><\/ul>\n\n\n\n<p>La parte quir\u00fargica se realiza mediante\nosteotom\u00eda, realizando cortes en las estructuras \u00f3seas del maxilar, la\nmand\u00edbula o ambos para que los huesos se muevan hacia una posici\u00f3n \u00f3ptima,\nest\u00e9tica y funcional. <\/p>\n\n\n\n<p>Tras la intervenci\u00f3n el paciente ya est\u00e1\npreparado para seguir un tratamiento ortod\u00f3ncico, que suele extenderse entre 5\ny 8 meses, en los que se ajustar\u00e1 la oclusi\u00f3n. <\/p>\n\n\n\n<h2 class=\"wp-block-heading\"><strong>Qu\u00e9 clases cirug\u00eda ortogn\u00e1tica existen <\/strong> <\/h2>\n\n\n\n<p>Existen diferentes tipos de cirug\u00eda ortogn\u00e1tica,\nen funci\u00f3n de la patolog\u00eda a tratar. Las m\u00e1s frecuentes son: <\/p>\n\n\n\n<ul class=\"wp-block-list\"><li><strong>Cirug\u00eda ortogn\u00e1tica bimaxilar<\/strong>. Esta intervenci\u00f3n quir\u00fargica se realiza tanto en la mand\u00edbula como en el maxilar. Lo que se pretende es colocar la mand\u00edbula en una posici\u00f3n m\u00e1s est\u00e9tica y funcional, combinando la parte m\u00e9dica y la odontol\u00f3gica, para mover los      dientes con la ortodoncia y mover los huesos con la cirug\u00eda maxilofacial. <\/li><li><strong>Cirug\u00eda ortogn\u00e1tica clase 2<\/strong>. La Retrognatia Mandibular o Clase 2 ocurre cuando los dos maxilares est\u00e1n desalineados entre s\u00ed. Generalmente el primer molar inferior es posterior al primer molar superior, lo que hace que parezca que la persona tiene una      sobremordida severa. Este defecto no suele ser perceptible de frente, pero s\u00ed de perfil. Es frecuente que estos problemas de clase 2 sean      hereditarios, aunque pueden agravarse por otras causas, como chuparse los dedos o tener dificultad respiratoria.<\/li><li><strong>Cirug\u00eda ortogn\u00e1tica clase 3<\/strong>. El Prognatismo Mandibular o Clase 3 ocurre cuando la mand\u00edbula y el maxilar superior est\u00e1n desalineados entre s\u00ed. En estos casos&nbsp;la mand\u00edbula se desarrolla demasiado, en comparaci\u00f3n con el maxilar, lo que produce que el arco dentario inferior vaya mucho m\u00e1s adelante que el superior, causando      una&nbsp;maloclusi\u00f3n de Clase III. <\/li><\/ul>\n\n\n\n<h2 class=\"wp-block-heading\"> <strong>Postoperatorio y recuperaci\u00f3n<\/strong> de la cirug\u00eda ortogn\u00e1tica<\/h2>\n\n\n\n<p>La cirug\u00eda ortogn\u00e1tica incluye una mejor\u00eda en la\nmasticaci\u00f3n, degluci\u00f3n, respiraci\u00f3n y apariencia facial. Es un procedimiento con\nun postoperatorio que no es doloroso pero s\u00ed largo, ya que <strong>puede extenderse nueve meses<\/strong>. Al realizarse en el interior de la\nboca no existen cicatrices externas. &nbsp;No\nobstante, al haber cambiado la forma y el tama\u00f1o de los huesos faciales del\npaciente produce una inflamaci\u00f3n justo despu\u00e9s de la intervenci\u00f3n. Para bajar\nel edema facial se recomienda la compresi\u00f3n de la zona con una mentonera, aplicaci\u00f3n\nde compresas fr\u00edas en la zona y antiinflamatorios. <\/p>\n\n\n\n<p>Los especialistas recomiendan fisioterapia de\nmanera inmediata y una nutrici\u00f3n adecuada a las circunstancias, para que el\npaciente recupere su rutina diaria lo antes posible. Al principio debe\nalimentarse mir\u00e1ndose en un espejo y no usar cuchara, sino jeringas con sonda. La\nalimentaci\u00f3n debe basarse en comida triturada que debe ser tomada en batidos,\ncon un alto contenido cal\u00f3rico y caldos de pollo o verduras y sopas. <\/p>\n\n\n\n<p>Para la higiene oral es importante que en la zona\nde los puntos no haya restos de comida. Para evitarlo el paciente tiene que\nrealizar enjuagues con colutorio de clorhexidina tres veces al d\u00eda. <\/p>\n\n\n\n<h2 class=\"wp-block-heading\"><strong>Riesgos de la cirug\u00eda ortogn\u00e1tica<\/strong> <\/h2>\n\n\n\n<p>Todas las intervenciones quir\u00fargicas tienen un\nriesgo m\u00ednimo. En este caso, como la cirug\u00eda se realiza con tecnolog\u00eda 3D se\nminimizan los riesgos, al planificar la cirug\u00eda con una precisi\u00f3n milim\u00e9trica. <\/p>\n\n\n\n<p><strong><a href=\"https:\/\/www.medigraphic.com\/pdfs\/adm\/od-2015\/od155c.pdf\">Las complicaciones<\/a><\/strong> que pueden darse son: hemorragias, edema, dolor, n\u00e1useas o v\u00f3mitos, broncoaspiraci\u00f3n o ingreso accidental de l\u00edquidos o alimentos por las v\u00edas respiratorias, infecci\u00f3n de la herida y formaci\u00f3n de trombos en una vena. <\/p>\n\n\n\n<p>Para cualquier duda relacionada con la cirug\u00eda ortogn\u00e1tica te recomedamos que acudas a consulta con un cirujano maxilofacial. En <strong><a href=\"https:\/\/www.saludonnet.com\/\">SaludOnNet <\/a><\/strong>tenemos especialistas dispuestos a ayudarte. <\/p>\n","protected":false},"excerpt":{"rendered":"<p>La cirug\u00eda ortogn\u00e1tica est\u00e1 indicada cuando la persona tiene problemas funcionales o est\u00e9ticos a consecuencia del tama\u00f1o de los huesos de la cara. <\/p>\n","protected":false},"author":20,"featured_media":8347,"comment_status":"open","ping_status":"open","sticky":false,"template":"","format":"standard","meta":{"footnotes":""},"categories":[63],"tags":[229],"class_list":["post-8348","post","type-post","status-publish","format-standard","has-post-thumbnail","hentry","category-odontologia","tag-1432-consulta"],"yoast_head":"<!-- This site is optimized with the Yoast SEO plugin v27.4 - https:\/\/yoast.com\/product\/yoast-seo-wordpress\/ -->\n<title>Qu\u00e9 es y en qu\u00e9 consiste cirug\u00eda ortogn\u00e1tica<\/title>\n<meta name=\"description\" content=\"La cirug\u00eda ortogn\u00e1tica est\u00e1 indicada cuando la persona tiene problemas funcionales o est\u00e9ticos a consecuencia del tama\u00f1o de los huesos de la cara.\" \/>\n<meta name=\"robots\" content=\"index, follow, max-snippet:-1, max-image-preview:large, max-video-preview:-1\" \/>\n<link rel=\"canonical\" href=\"https:\/\/www.saludonnet.com\/blog\/que-es-y-en-que-consiste-cirugia-ortognatica\/\" \/>\n<meta property=\"og:locale\" content=\"es_ES\" \/>\n<meta property=\"og:type\" content=\"article\" \/>\n<meta property=\"og:title\" content=\"Qu\u00e9 es y en qu\u00e9 consiste cirug\u00eda ortogn\u00e1tica\" \/>\n<meta property=\"og:description\" content=\"La cirug\u00eda ortogn\u00e1tica est\u00e1 indicada cuando la persona tiene problemas funcionales o est\u00e9ticos a consecuencia del tama\u00f1o de los huesos de la cara.\" \/>\n<meta property=\"og:url\" content=\"https:\/\/www.saludonnet.com\/blog\/que-es-y-en-que-consiste-cirugia-ortognatica\/\" \/>\n<meta property=\"og:site_name\" content=\"Blog SaludOnNet\" \/>\n<meta property=\"article:publisher\" content=\"https:\/\/www.facebook.com\/pages\/SaludOnNet\/214957498526536\" \/>\n<meta property=\"article:published_time\" content=\"2020-06-12T14:23:37+00:00\" \/>\n<meta property=\"article:modified_time\" content=\"2020-09-02T10:27:11+00:00\" \/>\n<meta property=\"og:image\" content=\"https:\/\/www.saludonnet.com\/blog\/wp-content\/uploads\/2020\/06\/cirugia-ortognatica.jpg\" \/>\n\t<meta property=\"og:image:width\" content=\"800\" \/>\n\t<meta property=\"og:image:height\" content=\"400\" \/>\n\t<meta property=\"og:image:type\" content=\"image\/jpeg\" \/>\n<meta name=\"author\" content=\"Equipo M\u00e9dico de SaludOnNet\" \/>\n<meta name=\"twitter:card\" content=\"summary_large_image\" \/>\n<meta name=\"twitter:title\" content=\"Qu\u00e9 es y en qu\u00e9 consiste cirug\u00eda ortogn\u00e1tica\" \/>\n<meta name=\"twitter:description\" content=\"La cirug\u00eda ortogn\u00e1tica est\u00e1 indicada cuando la persona tiene problemas funcionales o est\u00e9ticos a consecuencia del tama\u00f1o de los huesos de la cara.\" \/>\n<meta name=\"twitter:creator\" content=\"@saludonnet\" \/>\n<meta name=\"twitter:site\" content=\"@saludonnet\" \/>\n<meta name=\"twitter:label1\" content=\"Escrito por\" \/>\n\t<meta name=\"twitter:data1\" content=\"Equipo M\u00e9dico de SaludOnNet\" \/>\n<script type=\"application\/ld+json\" class=\"yoast-schema-graph\">{\"@context\":\"https:\\\/\\\/schema.org\",\"@graph\":[{\"@type\":\"Article\",\"@id\":\"https:\\\/\\\/www.saludonnet.com\\\/blog\\\/que-es-y-en-que-consiste-cirugia-ortognatica\\\/#article\",\"isPartOf\":{\"@id\":\"https:\\\/\\\/www.saludonnet.com\\\/blog\\\/que-es-y-en-que-consiste-cirugia-ortognatica\\\/\"},\"author\":{\"name\":\"Equipo M\u00e9dico de SaludOnNet\",\"@id\":\"https:\\\/\\\/www.saludonnet.com\\\/blog\\\/#\\\/schema\\\/person\\\/50995e01cc9d6c9f29ae18d979eeff1b\"},\"headline\":\"Qu\u00e9 es y en qu\u00e9 consiste cirug\u00eda ortogn\u00e1tica\",\"datePublished\":\"2020-06-12T14:23:37+00:00\",\"dateModified\":\"2020-09-02T10:27:11+00:00\",\"mainEntityOfPage\":{\"@id\":\"https:\\\/\\\/www.saludonnet.com\\\/blog\\\/que-es-y-en-que-consiste-cirugia-ortognatica\\\/\"},\"wordCount\":1186,\"commentCount\":0,\"publisher\":{\"@id\":\"https:\\\/\\\/www.saludonnet.com\\\/blog\\\/#organization\"},\"image\":{\"@id\":\"https:\\\/\\\/www.saludonnet.com\\\/blog\\\/que-es-y-en-que-consiste-cirugia-ortognatica\\\/#primaryimage\"},\"thumbnailUrl\":\"https:\\\/\\\/soncdn.azureedge.net\\\/blog\\\/wp-content\\\/uploads\\\/2020\\\/06\\\/cirugia-ortognatica.jpg\",\"keywords\":[\"Consulta de Cirug\u00eda Maxilofacial\"],\"articleSection\":[\"Odontolog\u00eda\"],\"inLanguage\":\"es\",\"potentialAction\":[{\"@type\":\"CommentAction\",\"name\":\"Comment\",\"target\":[\"https:\\\/\\\/www.saludonnet.com\\\/blog\\\/que-es-y-en-que-consiste-cirugia-ortognatica\\\/#respond\"]}]},{\"@type\":\"WebPage\",\"@id\":\"https:\\\/\\\/www.saludonnet.com\\\/blog\\\/que-es-y-en-que-consiste-cirugia-ortognatica\\\/\",\"url\":\"https:\\\/\\\/www.saludonnet.com\\\/blog\\\/que-es-y-en-que-consiste-cirugia-ortognatica\\\/\",\"name\":\"Qu\u00e9 es y en qu\u00e9 consiste cirug\u00eda ortogn\u00e1tica\",\"isPartOf\":{\"@id\":\"https:\\\/\\\/www.saludonnet.com\\\/blog\\\/#website\"},\"primaryImageOfPage\":{\"@id\":\"https:\\\/\\\/www.saludonnet.com\\\/blog\\\/que-es-y-en-que-consiste-cirugia-ortognatica\\\/#primaryimage\"},\"image\":{\"@id\":\"https:\\\/\\\/www.saludonnet.com\\\/blog\\\/que-es-y-en-que-consiste-cirugia-ortognatica\\\/#primaryimage\"},\"thumbnailUrl\":\"https:\\\/\\\/soncdn.azureedge.net\\\/blog\\\/wp-content\\\/uploads\\\/2020\\\/06\\\/cirugia-ortognatica.jpg\",\"datePublished\":\"2020-06-12T14:23:37+00:00\",\"dateModified\":\"2020-09-02T10:27:11+00:00\",\"description\":\"La cirug\u00eda ortogn\u00e1tica est\u00e1 indicada cuando la persona tiene problemas funcionales o est\u00e9ticos a consecuencia del tama\u00f1o de los huesos de la cara.\",\"breadcrumb\":{\"@id\":\"https:\\\/\\\/www.saludonnet.com\\\/blog\\\/que-es-y-en-que-consiste-cirugia-ortognatica\\\/#breadcrumb\"},\"inLanguage\":\"es\",\"potentialAction\":[{\"@type\":\"ReadAction\",\"target\":[\"https:\\\/\\\/www.saludonnet.com\\\/blog\\\/que-es-y-en-que-consiste-cirugia-ortognatica\\\/\"]}]},{\"@type\":\"ImageObject\",\"inLanguage\":\"es\",\"@id\":\"https:\\\/\\\/www.saludonnet.com\\\/blog\\\/que-es-y-en-que-consiste-cirugia-ortognatica\\\/#primaryimage\",\"url\":\"https:\\\/\\\/soncdn.azureedge.net\\\/blog\\\/wp-content\\\/uploads\\\/2020\\\/06\\\/cirugia-ortognatica.jpg\",\"contentUrl\":\"https:\\\/\\\/soncdn.azureedge.net\\\/blog\\\/wp-content\\\/uploads\\\/2020\\\/06\\\/cirugia-ortognatica.jpg\",\"width\":800,\"height\":400,\"caption\":\"hombre en dentista\"},{\"@type\":\"BreadcrumbList\",\"@id\":\"https:\\\/\\\/www.saludonnet.com\\\/blog\\\/que-es-y-en-que-consiste-cirugia-ortognatica\\\/#breadcrumb\",\"itemListElement\":[{\"@type\":\"ListItem\",\"position\":1,\"name\":\"Portada\",\"item\":\"https:\\\/\\\/www.saludonnet.com\\\/blog\\\/\"},{\"@type\":\"ListItem\",\"position\":2,\"name\":\"Odontolog\u00eda\",\"item\":\"https:\\\/\\\/www.saludonnet.com\\\/blog\\\/topic\\\/odontologia\\\/\"},{\"@type\":\"ListItem\",\"position\":3,\"name\":\"Qu\u00e9 es y en qu\u00e9 consiste cirug\u00eda ortogn\u00e1tica\"}]},{\"@type\":\"WebSite\",\"@id\":\"https:\\\/\\\/www.saludonnet.com\\\/blog\\\/#website\",\"url\":\"https:\\\/\\\/www.saludonnet.com\\\/blog\\\/\",\"name\":\"Blog SaludOnNet\",\"description\":\"Un espacio donde encontrar\u00e1s consejos y art\u00edculos para cuidar de tu salud\",\"publisher\":{\"@id\":\"https:\\\/\\\/www.saludonnet.com\\\/blog\\\/#organization\"},\"potentialAction\":[{\"@type\":\"SearchAction\",\"target\":{\"@type\":\"EntryPoint\",\"urlTemplate\":\"https:\\\/\\\/www.saludonnet.com\\\/blog\\\/?s={search_term_string}\"},\"query-input\":{\"@type\":\"PropertyValueSpecification\",\"valueRequired\":true,\"valueName\":\"search_term_string\"}}],\"inLanguage\":\"es\"},{\"@type\":\"Organization\",\"@id\":\"https:\\\/\\\/www.saludonnet.com\\\/blog\\\/#organization\",\"name\":\"SaludOnNet\",\"url\":\"https:\\\/\\\/www.saludonnet.com\\\/blog\\\/\",\"logo\":{\"@type\":\"ImageObject\",\"inLanguage\":\"es\",\"@id\":\"https:\\\/\\\/www.saludonnet.com\\\/blog\\\/#\\\/schema\\\/logo\\\/image\\\/\",\"url\":\"https:\\\/\\\/www.saludonnet.com\\\/blog\\\/wp-content\\\/uploads\\\/2019\\\/07\\\/Logo-SaludOnNet.png\",\"contentUrl\":\"https:\\\/\\\/www.saludonnet.com\\\/blog\\\/wp-content\\\/uploads\\\/2019\\\/07\\\/Logo-SaludOnNet.png\",\"width\":1140,\"height\":377,\"caption\":\"SaludOnNet\"},\"image\":{\"@id\":\"https:\\\/\\\/www.saludonnet.com\\\/blog\\\/#\\\/schema\\\/logo\\\/image\\\/\"},\"sameAs\":[\"https:\\\/\\\/www.facebook.com\\\/pages\\\/SaludOnNet\\\/214957498526536\",\"https:\\\/\\\/x.com\\\/saludonnet\",\"https:\\\/\\\/www.instagram.com\\\/saludonnet\\\/\",\"https:\\\/\\\/www.linkedin.com\\\/company\\\/saludonnet\\\/\",\"https:\\\/\\\/www.youtube.com\\\/channel\\\/UCag68GsnagqzNb6C3G-S9vQ\"]},{\"@type\":\"Person\",\"@id\":\"https:\\\/\\\/www.saludonnet.com\\\/blog\\\/#\\\/schema\\\/person\\\/50995e01cc9d6c9f29ae18d979eeff1b\",\"name\":\"Equipo M\u00e9dico de SaludOnNet\",\"image\":{\"@type\":\"ImageObject\",\"inLanguage\":\"es\",\"@id\":\"https:\\\/\\\/secure.gravatar.com\\\/avatar\\\/0ac89931d2ef75704f29e63e12335967620a1f7ac37c69f6f97ad72b9ac6496d?s=96&d=mm&r=g\",\"url\":\"https:\\\/\\\/secure.gravatar.com\\\/avatar\\\/0ac89931d2ef75704f29e63e12335967620a1f7ac37c69f6f97ad72b9ac6496d?s=96&d=mm&r=g\",\"contentUrl\":\"https:\\\/\\\/secure.gravatar.com\\\/avatar\\\/0ac89931d2ef75704f29e63e12335967620a1f7ac37c69f6f97ad72b9ac6496d?s=96&d=mm&r=g\",\"caption\":\"Equipo M\u00e9dico de SaludOnNet\"},\"description\":\"Art\u00edculo elaborado por el equipo m\u00e9dico de SaludOnNet, compuesto por especialistas destacados en su \u00e1rea.\",\"url\":\"https:\\\/\\\/www.saludonnet.com\\\/blog\\\/author\\\/saludonnet\\\/\"}]}<\/script>\n<!-- \/ Yoast SEO plugin. -->","yoast_head_json":{"title":"Qu\u00e9 es y en qu\u00e9 consiste cirug\u00eda ortogn\u00e1tica","description":"La cirug\u00eda ortogn\u00e1tica est\u00e1 indicada cuando la persona tiene problemas funcionales o est\u00e9ticos a consecuencia del tama\u00f1o de los huesos de la cara.","robots":{"index":"index","follow":"follow","max-snippet":"max-snippet:-1","max-image-preview":"max-image-preview:large","max-video-preview":"max-video-preview:-1"},"canonical":"https:\/\/www.saludonnet.com\/blog\/que-es-y-en-que-consiste-cirugia-ortognatica\/","og_locale":"es_ES","og_type":"article","og_title":"Qu\u00e9 es y en qu\u00e9 consiste cirug\u00eda ortogn\u00e1tica","og_description":"La cirug\u00eda ortogn\u00e1tica est\u00e1 indicada cuando la persona tiene problemas funcionales o est\u00e9ticos a consecuencia del tama\u00f1o de los huesos de la cara.","og_url":"https:\/\/www.saludonnet.com\/blog\/que-es-y-en-que-consiste-cirugia-ortognatica\/","og_site_name":"Blog SaludOnNet","article_publisher":"https:\/\/www.facebook.com\/pages\/SaludOnNet\/214957498526536","article_published_time":"2020-06-12T14:23:37+00:00","article_modified_time":"2020-09-02T10:27:11+00:00","og_image":[{"width":800,"height":400,"url":"https:\/\/www.saludonnet.com\/blog\/wp-content\/uploads\/2020\/06\/cirugia-ortognatica.jpg","type":"image\/jpeg"}],"author":"Equipo M\u00e9dico de SaludOnNet","twitter_card":"summary_large_image","twitter_title":"Qu\u00e9 es y en qu\u00e9 consiste cirug\u00eda ortogn\u00e1tica","twitter_description":"La cirug\u00eda ortogn\u00e1tica est\u00e1 indicada cuando la persona tiene problemas funcionales o est\u00e9ticos a consecuencia del tama\u00f1o de los huesos de la cara.","twitter_creator":"@saludonnet","twitter_site":"@saludonnet","twitter_misc":{"Escrito por":"Equipo M\u00e9dico de SaludOnNet"},"schema":{"@context":"https:\/\/schema.org","@graph":[{"@type":"Article","@id":"https:\/\/www.saludonnet.com\/blog\/que-es-y-en-que-consiste-cirugia-ortognatica\/#article","isPartOf":{"@id":"https:\/\/www.saludonnet.com\/blog\/que-es-y-en-que-consiste-cirugia-ortognatica\/"},"author":{"name":"Equipo M\u00e9dico de SaludOnNet","@id":"https:\/\/www.saludonnet.com\/blog\/#\/schema\/person\/50995e01cc9d6c9f29ae18d979eeff1b"},"headline":"Qu\u00e9 es y en qu\u00e9 consiste cirug\u00eda ortogn\u00e1tica","datePublished":"2020-06-12T14:23:37+00:00","dateModified":"2020-09-02T10:27:11+00:00","mainEntityOfPage":{"@id":"https:\/\/www.saludonnet.com\/blog\/que-es-y-en-que-consiste-cirugia-ortognatica\/"},"wordCount":1186,"commentCount":0,"publisher":{"@id":"https:\/\/www.saludonnet.com\/blog\/#organization"},"image":{"@id":"https:\/\/www.saludonnet.com\/blog\/que-es-y-en-que-consiste-cirugia-ortognatica\/#primaryimage"},"thumbnailUrl":"https:\/\/soncdn.azureedge.net\/blog\/wp-content\/uploads\/2020\/06\/cirugia-ortognatica.jpg","keywords":["Consulta de Cirug\u00eda Maxilofacial"],"articleSection":["Odontolog\u00eda"],"inLanguage":"es","potentialAction":[{"@type":"CommentAction","name":"Comment","target":["https:\/\/www.saludonnet.com\/blog\/que-es-y-en-que-consiste-cirugia-ortognatica\/#respond"]}]},{"@type":"WebPage","@id":"https:\/\/www.saludonnet.com\/blog\/que-es-y-en-que-consiste-cirugia-ortognatica\/","url":"https:\/\/www.saludonnet.com\/blog\/que-es-y-en-que-consiste-cirugia-ortognatica\/","name":"Qu\u00e9 es y en qu\u00e9 consiste cirug\u00eda ortogn\u00e1tica","isPartOf":{"@id":"https:\/\/www.saludonnet.com\/blog\/#website"},"primaryImageOfPage":{"@id":"https:\/\/www.saludonnet.com\/blog\/que-es-y-en-que-consiste-cirugia-ortognatica\/#primaryimage"},"image":{"@id":"https:\/\/www.saludonnet.com\/blog\/que-es-y-en-que-consiste-cirugia-ortognatica\/#primaryimage"},"thumbnailUrl":"https:\/\/soncdn.azureedge.net\/blog\/wp-content\/uploads\/2020\/06\/cirugia-ortognatica.jpg","datePublished":"2020-06-12T14:23:37+00:00","dateModified":"2020-09-02T10:27:11+00:00","description":"La cirug\u00eda ortogn\u00e1tica est\u00e1 indicada cuando la persona tiene problemas funcionales o est\u00e9ticos a consecuencia del tama\u00f1o de los huesos de la cara.","breadcrumb":{"@id":"https:\/\/www.saludonnet.com\/blog\/que-es-y-en-que-consiste-cirugia-ortognatica\/#breadcrumb"},"inLanguage":"es","potentialAction":[{"@type":"ReadAction","target":["https:\/\/www.saludonnet.com\/blog\/que-es-y-en-que-consiste-cirugia-ortognatica\/"]}]},{"@type":"ImageObject","inLanguage":"es","@id":"https:\/\/www.saludonnet.com\/blog\/que-es-y-en-que-consiste-cirugia-ortognatica\/#primaryimage","url":"https:\/\/soncdn.azureedge.net\/blog\/wp-content\/uploads\/2020\/06\/cirugia-ortognatica.jpg","contentUrl":"https:\/\/soncdn.azureedge.net\/blog\/wp-content\/uploads\/2020\/06\/cirugia-ortognatica.jpg","width":800,"height":400,"caption":"hombre en dentista"},{"@type":"BreadcrumbList","@id":"https:\/\/www.saludonnet.com\/blog\/que-es-y-en-que-consiste-cirugia-ortognatica\/#breadcrumb","itemListElement":[{"@type":"ListItem","position":1,"name":"Portada","item":"https:\/\/www.saludonnet.com\/blog\/"},{"@type":"ListItem","position":2,"name":"Odontolog\u00eda","item":"https:\/\/www.saludonnet.com\/blog\/topic\/odontologia\/"},{"@type":"ListItem","position":3,"name":"Qu\u00e9 es y en qu\u00e9 consiste cirug\u00eda ortogn\u00e1tica"}]},{"@type":"WebSite","@id":"https:\/\/www.saludonnet.com\/blog\/#website","url":"https:\/\/www.saludonnet.com\/blog\/","name":"Blog SaludOnNet","description":"Un espacio donde encontrar\u00e1s consejos y art\u00edculos para cuidar de tu salud","publisher":{"@id":"https:\/\/www.saludonnet.com\/blog\/#organization"},"potentialAction":[{"@type":"SearchAction","target":{"@type":"EntryPoint","urlTemplate":"https:\/\/www.saludonnet.com\/blog\/?s={search_term_string}"},"query-input":{"@type":"PropertyValueSpecification","valueRequired":true,"valueName":"search_term_string"}}],"inLanguage":"es"},{"@type":"Organization","@id":"https:\/\/www.saludonnet.com\/blog\/#organization","name":"SaludOnNet","url":"https:\/\/www.saludonnet.com\/blog\/","logo":{"@type":"ImageObject","inLanguage":"es","@id":"https:\/\/www.saludonnet.com\/blog\/#\/schema\/logo\/image\/","url":"https:\/\/www.saludonnet.com\/blog\/wp-content\/uploads\/2019\/07\/Logo-SaludOnNet.png","contentUrl":"https:\/\/www.saludonnet.com\/blog\/wp-content\/uploads\/2019\/07\/Logo-SaludOnNet.png","width":1140,"height":377,"caption":"SaludOnNet"},"image":{"@id":"https:\/\/www.saludonnet.com\/blog\/#\/schema\/logo\/image\/"},"sameAs":["https:\/\/www.facebook.com\/pages\/SaludOnNet\/214957498526536","https:\/\/x.com\/saludonnet","https:\/\/www.instagram.com\/saludonnet\/","https:\/\/www.linkedin.com\/company\/saludonnet\/","https:\/\/www.youtube.com\/channel\/UCag68GsnagqzNb6C3G-S9vQ"]},{"@type":"Person","@id":"https:\/\/www.saludonnet.com\/blog\/#\/schema\/person\/50995e01cc9d6c9f29ae18d979eeff1b","name":"Equipo M\u00e9dico de SaludOnNet","image":{"@type":"ImageObject","inLanguage":"es","@id":"https:\/\/secure.gravatar.com\/avatar\/0ac89931d2ef75704f29e63e12335967620a1f7ac37c69f6f97ad72b9ac6496d?s=96&d=mm&r=g","url":"https:\/\/secure.gravatar.com\/avatar\/0ac89931d2ef75704f29e63e12335967620a1f7ac37c69f6f97ad72b9ac6496d?s=96&d=mm&r=g","contentUrl":"https:\/\/secure.gravatar.com\/avatar\/0ac89931d2ef75704f29e63e12335967620a1f7ac37c69f6f97ad72b9ac6496d?s=96&d=mm&r=g","caption":"Equipo M\u00e9dico de SaludOnNet"},"description":"Art\u00edculo elaborado por el equipo m\u00e9dico de SaludOnNet, compuesto por especialistas destacados en su \u00e1rea.","url":"https:\/\/www.saludonnet.com\/blog\/author\/saludonnet\/"}]}},"acf":[],"_links":{"self":[{"href":"https:\/\/www.saludonnet.com\/blog\/wp-json\/wp\/v2\/posts\/8348","targetHints":{"allow":["GET"]}}],"collection":[{"href":"https:\/\/www.saludonnet.com\/blog\/wp-json\/wp\/v2\/posts"}],"about":[{"href":"https:\/\/www.saludonnet.com\/blog\/wp-json\/wp\/v2\/types\/post"}],"author":[{"embeddable":true,"href":"https:\/\/www.saludonnet.com\/blog\/wp-json\/wp\/v2\/users\/20"}],"replies":[{"embeddable":true,"href":"https:\/\/www.saludonnet.com\/blog\/wp-json\/wp\/v2\/comments?post=8348"}],"version-history":[{"count":13,"href":"https:\/\/www.saludonnet.com\/blog\/wp-json\/wp\/v2\/posts\/8348\/revisions"}],"predecessor-version":[{"id":8361,"href":"https:\/\/www.saludonnet.com\/blog\/wp-json\/wp\/v2\/posts\/8348\/revisions\/8361"}],"wp:featuredmedia":[{"embeddable":true,"href":"https:\/\/www.saludonnet.com\/blog\/wp-json\/wp\/v2\/media\/8347"}],"wp:attachment":[{"href":"https:\/\/www.saludonnet.com\/blog\/wp-json\/wp\/v2\/media?parent=8348"}],"wp:term":[{"taxonomy":"category","embeddable":true,"href":"https:\/\/www.saludonnet.com\/blog\/wp-json\/wp\/v2\/categories?post=8348"},{"taxonomy":"post_tag","embeddable":true,"href":"https:\/\/www.saludonnet.com\/blog\/wp-json\/wp\/v2\/tags?post=8348"}],"curies":[{"name":"wp","href":"https:\/\/api.w.org\/{rel}","templated":true}]}}