{"id":3591,"date":"2025-06-03T00:00:00","date_gmt":"2025-06-02T22:00:00","guid":{"rendered":"http:\/\/apdev.ovh\/saludon\/?p=3591"},"modified":"2025-11-11T16:04:52","modified_gmt":"2025-11-11T15:04:52","slug":"es-lo-mismo-demencia-que-alzheimer","status":"publish","type":"post","link":"https:\/\/www.saludonnet.com\/blog\/es-lo-mismo-demencia-que-alzheimer\/","title":{"rendered":"\u00bfEs lo mismo Demencia que Alzheimer?"},"content":{"rendered":"<p>Muchas veces confundimos t\u00e9rminos que, aun pareciendo similares, no son iguales. La mayor\u00eda de la poblaci\u00f3n, cuando ve a una persona mayor que tiene alg\u00fan deterioro cognitivo o funcional, suele referirse a ella diciendo que tiene <strong>demencia senil<\/strong>. Pero el t\u00e9rmino como tal no es m\u00e1s que un calificativo puesto a la demencia que, ciertamente, suele producirse en personas de m\u00e1s edad, aunque no quita que en ocasiones tambi\u00e9n se d\u00e9 en j\u00f3venes. La demencia es una patolog\u00eda que sufren las personas que pierden su autonom\u00eda, dejando de hacer las cosas cotidianas por ellos mismos. Puede referirse a la memoria, el lenguaje o la orientaci\u00f3n, entre otros aspectos.<\/p>\n<p><!--more--><\/p>\n<h2>\u00bfCu\u00e1ntas demencias hay?<\/h2>\n<p>La causa m\u00e1s frecuente de demencia, y la m\u00e1s conocida, es la enfermedad neurodegenerativa de <strong>Alzheimer<\/strong>. De ah\u00ed viene muchas veces la confusi\u00f3n, ya que se entiende que una cosa es igual que la otra, y no siempre es as\u00ed, puesto que hay casos en los que la demencia no ha sido provocada por esta enfermedad.<\/p>\n<p>De hecho existen dos tipos de demencias: las causadas por <em><strong>enfermedades neurodegenerativas<\/strong><\/em> y las llamadas<em><strong> secundarias<\/strong><\/em>, producidas por accidentes cerebrales como <em>infartos, ictus, tumores o infecciones del cerebro<\/em>.<\/p>\n<p>Dentro de las enfermedades neurodegenerativas, a parte del Alzheimer, se encuentran la producida por <strong>Cuerpos de Lewy difusos<\/strong> y la <strong>Fronto- temporal<\/strong>, entre otras. La primera, que representa el 15% de los casos de demencias, afecta a personas de edad avanzada que sufren alucinaciones con mayor frecuencia y tambi\u00e9n presentan s\u00edntomas similares a la enfermedad de Parkinson. La demencia fronto-temporal afecta a personas m\u00e1s j\u00f3venes y suele aparecer en torno a los 50 \u00f3 60 a\u00f1os, con conductas inapropiadas o alteraciones en el lenguaje (afasias). Con el paso del tiempo tambi\u00e9n afecta a la memoria, pero no en una fase inicial. Su incidencia es menor que el resto de enfermedades neurodegenerativas, aunque en personas con menos de 65 a\u00f1os es la segunda causa de demencia, despu\u00e9s del alzheimer.<\/p>\n<h2>Cifras que aumentan con la edad<\/h2>\n<p>Se estima que cada a\u00f1o, en todo el mundo, <strong>de cada 1000 personas m\u00e1s de 7 desarrolla una demencia<\/strong>. La aparici\u00f3n de nuevos casos se mantiene estable hasta los 65 \u00f3 70 a\u00f1os, pero a partir de esa edad crece de manera exponencial hasta llegar a las 75 personas afectadas de cada mil a los 90 a\u00f1os. En Espa\u00f1a las cifras hablan de 10\/15 casos por cada mil en mayores de 65 a\u00f1os.<\/p>\n<p>La enfermedad de Alzheimer suele aparecer con trastornos de la memoria epis\u00f3dica, relacionada con sucesos autobiogr\u00e1ficos. Despu\u00e9s se extiende a la parte temporoparietal posterior y es cuando aparecen trastornos apr\u00e1xicos (el enfermo no sabe realizar un gesto intencionadamente, disoci\u00e1ndose la idea del movimiento y su ejecuci\u00f3n motora), af\u00e1sicos (alteraciones en el lenguaje) y agn\u00f3sicos (fallos en el reconocimiento de est\u00edmulos previamente aprendidos).<\/p>\n<p>La demencia lobular fronto temporal puede debutar con una alteraci\u00f3n de la personalidad y de la conducta social o con una afasia progresiva no fluente (alteraci\u00f3n y p\u00e9rdida del lenguaje).<\/p>\n<p>Por lo general, las personas que padecen una demencia son muy susceptibles a los cambios de localizaci\u00f3n y entorno hasta el punto de que pueden empeorar los d\u00e9ficits cognitivos y los s\u00edntomas conductuales y psicol\u00f3gicos de la enfermedad.<\/p>\n<p>Si usted cree que tiene un familiar que empieza a tener deterioro cognitivo o funcional, no dude en pedir cita con un<span style=\"color: #009ee0;\"> <strong><a style=\"color: #009ee0;\" href=\"https:\/\/www.saludonnet.com\/servicios-medicos\/neurologia\">neur\u00f3logo<\/a><\/strong><\/span> y explicarle los s\u00edntomas que ha percibido. Si las pruebas que el m\u00e9dico realiza llevan a un diagn\u00f3stico de alg\u00fan tipo de demencia, es recomendable que los familiares se informen bien sobre c\u00f3mo se debe tratar a un paciente de estas caracter\u00edsticas. El <em><strong>cuidado del cuidador<\/strong><\/em>, y no s\u00f3lo del enfermo, tambi\u00e9n es fundamental en esos casos.<\/p>\n","protected":false},"excerpt":{"rendered":"<p>La causa m\u00e1s frecuente de demencia, y la m\u00e1s conocida, es la enfermedad neurodegenerativa de Alzheimer. De ah\u00ed viene muchas veces la confusi\u00f3n.<\/p>\n","protected":false},"author":20,"featured_media":1874,"comment_status":"open","ping_status":"open","sticky":false,"template":"","format":"standard","meta":{"footnotes":""},"categories":[66],"tags":[244],"class_list":["post-3591","post","type-post","status-publish","format-standard","has-post-thumbnail","hentry","category-neurologia","tag-2945-consulta"],"yoast_head":"<!-- This site is optimized with the Yoast SEO plugin v27.4 - https:\/\/yoast.com\/product\/yoast-seo-wordpress\/ -->\n<title>\u00bfEs lo mismo Demencia que Alzheimer?<\/title>\n<meta name=\"description\" content=\"La causa m\u00e1s frecuente de demencia, y la m\u00e1s conocida, es la enfermedad neurodegenerativa de Alzheimer. De ah\u00ed viene muchas veces la confusi\u00f3n.\" \/>\n<meta name=\"robots\" content=\"index, follow, max-snippet:-1, max-image-preview:large, max-video-preview:-1\" \/>\n<link rel=\"canonical\" href=\"https:\/\/www.saludonnet.com\/blog\/es-lo-mismo-demencia-que-alzheimer\/\" \/>\n<meta property=\"og:locale\" content=\"es_ES\" \/>\n<meta property=\"og:type\" content=\"article\" \/>\n<meta property=\"og:title\" content=\"\u00bfEs lo mismo Demencia que Alzheimer?\" \/>\n<meta property=\"og:description\" content=\"La causa m\u00e1s frecuente de demencia, y la m\u00e1s conocida, es la enfermedad neurodegenerativa de Azheimer. De ah\u00ed viene muchas veces la confusi\u00f3n, ya que se entiende que una cosa es igual que la otra, y no siempre es as\u00ed, puesto que hay casos en los que la demencia no ha sido provocada por esta enfermedad.\" \/>\n<meta property=\"og:url\" content=\"https:\/\/www.saludonnet.com\/blog\/es-lo-mismo-demencia-que-alzheimer\/\" \/>\n<meta property=\"og:site_name\" content=\"Blog SaludOnNet\" \/>\n<meta property=\"article:publisher\" content=\"https:\/\/www.facebook.com\/pages\/SaludOnNet\/214957498526536\" \/>\n<meta property=\"article:published_time\" content=\"2025-06-02T22:00:00+00:00\" \/>\n<meta property=\"article:modified_time\" content=\"2025-11-11T15:04:52+00:00\" \/>\n<meta property=\"og:image\" content=\"https:\/\/www.saludonnet.com\/blog\/wp-content\/uploads\/2019\/05\/Doctor-holding-clipboard-while-sitting-with-senior-patient-000063343945_Large-1-1-124432-edited.jpg\" \/>\n\t<meta property=\"og:image:width\" content=\"800\" \/>\n\t<meta property=\"og:image:height\" content=\"400\" \/>\n\t<meta property=\"og:image:type\" content=\"image\/jpeg\" \/>\n<meta name=\"author\" content=\"Equipo M\u00e9dico de SaludOnNet\" \/>\n<meta name=\"twitter:card\" content=\"summary_large_image\" \/>\n<meta name=\"twitter:title\" content=\"\u00bfEs lo mismo Demencia que Alzheimer?\" \/>\n<meta name=\"twitter:description\" content=\"La causa m\u00e1s frecuente de demencia, y la m\u00e1s conocida, es la enfermedad neurodegenerativa de Azheimer. De ah\u00ed viene muchas veces la confusi\u00f3n, ya que se entiende que una cosa es igual que la otra, y no siempre es as\u00ed, puesto que hay casos en los que la demencia no ha sido provocada por esta enfermedad.\" \/>\n<meta name=\"twitter:creator\" content=\"@saludonnet\" \/>\n<meta name=\"twitter:site\" content=\"@saludonnet\" \/>\n<meta name=\"twitter:label1\" content=\"Escrito por\" \/>\n\t<meta name=\"twitter:data1\" content=\"Equipo M\u00e9dico de SaludOnNet\" \/>\n\t<meta name=\"twitter:label2\" content=\"Tiempo de lectura\" \/>\n\t<meta name=\"twitter:data2\" content=\"4 minutos\" \/>\n<script type=\"application\/ld+json\" class=\"yoast-schema-graph\">{\"@context\":\"https:\\\/\\\/schema.org\",\"@graph\":[{\"@type\":\"Article\",\"@id\":\"https:\\\/\\\/www.saludonnet.com\\\/blog\\\/es-lo-mismo-demencia-que-alzheimer\\\/#article\",\"isPartOf\":{\"@id\":\"https:\\\/\\\/www.saludonnet.com\\\/blog\\\/es-lo-mismo-demencia-que-alzheimer\\\/\"},\"author\":{\"name\":\"Equipo M\u00e9dico de SaludOnNet\",\"@id\":\"https:\\\/\\\/www.saludonnet.com\\\/blog\\\/#\\\/schema\\\/person\\\/50995e01cc9d6c9f29ae18d979eeff1b\"},\"headline\":\"\u00bfEs lo mismo Demencia que Alzheimer?\",\"datePublished\":\"2025-06-02T22:00:00+00:00\",\"dateModified\":\"2025-11-11T15:04:52+00:00\",\"mainEntityOfPage\":{\"@id\":\"https:\\\/\\\/www.saludonnet.com\\\/blog\\\/es-lo-mismo-demencia-que-alzheimer\\\/\"},\"wordCount\":660,\"commentCount\":0,\"publisher\":{\"@id\":\"https:\\\/\\\/www.saludonnet.com\\\/blog\\\/#organization\"},\"image\":{\"@id\":\"https:\\\/\\\/www.saludonnet.com\\\/blog\\\/es-lo-mismo-demencia-que-alzheimer\\\/#primaryimage\"},\"thumbnailUrl\":\"https:\\\/\\\/soncdn.azureedge.net\\\/blog\\\/wp-content\\\/uploads\\\/2019\\\/05\\\/Doctor-holding-clipboard-while-sitting-with-senior-patient-000063343945_Large-1-1-124432-edited.jpg\",\"keywords\":[\"Consulta de Neurolog\u00eda\"],\"articleSection\":[\"Neurolog\u00eda\"],\"inLanguage\":\"es\",\"potentialAction\":[{\"@type\":\"CommentAction\",\"name\":\"Comment\",\"target\":[\"https:\\\/\\\/www.saludonnet.com\\\/blog\\\/es-lo-mismo-demencia-que-alzheimer\\\/#respond\"]}]},{\"@type\":\"WebPage\",\"@id\":\"https:\\\/\\\/www.saludonnet.com\\\/blog\\\/es-lo-mismo-demencia-que-alzheimer\\\/\",\"url\":\"https:\\\/\\\/www.saludonnet.com\\\/blog\\\/es-lo-mismo-demencia-que-alzheimer\\\/\",\"name\":\"\u00bfEs lo mismo Demencia que Alzheimer?\",\"isPartOf\":{\"@id\":\"https:\\\/\\\/www.saludonnet.com\\\/blog\\\/#website\"},\"primaryImageOfPage\":{\"@id\":\"https:\\\/\\\/www.saludonnet.com\\\/blog\\\/es-lo-mismo-demencia-que-alzheimer\\\/#primaryimage\"},\"image\":{\"@id\":\"https:\\\/\\\/www.saludonnet.com\\\/blog\\\/es-lo-mismo-demencia-que-alzheimer\\\/#primaryimage\"},\"thumbnailUrl\":\"https:\\\/\\\/soncdn.azureedge.net\\\/blog\\\/wp-content\\\/uploads\\\/2019\\\/05\\\/Doctor-holding-clipboard-while-sitting-with-senior-patient-000063343945_Large-1-1-124432-edited.jpg\",\"datePublished\":\"2025-06-02T22:00:00+00:00\",\"dateModified\":\"2025-11-11T15:04:52+00:00\",\"description\":\"La causa m\u00e1s frecuente de demencia, y la m\u00e1s conocida, es la enfermedad neurodegenerativa de Alzheimer. De ah\u00ed viene muchas veces la confusi\u00f3n.\",\"breadcrumb\":{\"@id\":\"https:\\\/\\\/www.saludonnet.com\\\/blog\\\/es-lo-mismo-demencia-que-alzheimer\\\/#breadcrumb\"},\"inLanguage\":\"es\",\"potentialAction\":[{\"@type\":\"ReadAction\",\"target\":[\"https:\\\/\\\/www.saludonnet.com\\\/blog\\\/es-lo-mismo-demencia-que-alzheimer\\\/\"]}]},{\"@type\":\"ImageObject\",\"inLanguage\":\"es\",\"@id\":\"https:\\\/\\\/www.saludonnet.com\\\/blog\\\/es-lo-mismo-demencia-que-alzheimer\\\/#primaryimage\",\"url\":\"https:\\\/\\\/soncdn.azureedge.net\\\/blog\\\/wp-content\\\/uploads\\\/2019\\\/05\\\/Doctor-holding-clipboard-while-sitting-with-senior-patient-000063343945_Large-1-1-124432-edited.jpg\",\"contentUrl\":\"https:\\\/\\\/soncdn.azureedge.net\\\/blog\\\/wp-content\\\/uploads\\\/2019\\\/05\\\/Doctor-holding-clipboard-while-sitting-with-senior-patient-000063343945_Large-1-1-124432-edited.jpg\",\"width\":800,\"height\":400,\"caption\":\"Diferencias entre Demencia Y Alzheimer\"},{\"@type\":\"BreadcrumbList\",\"@id\":\"https:\\\/\\\/www.saludonnet.com\\\/blog\\\/es-lo-mismo-demencia-que-alzheimer\\\/#breadcrumb\",\"itemListElement\":[{\"@type\":\"ListItem\",\"position\":1,\"name\":\"Portada\",\"item\":\"https:\\\/\\\/www.saludonnet.com\\\/blog\\\/\"},{\"@type\":\"ListItem\",\"position\":2,\"name\":\"Neurolog\u00eda\",\"item\":\"https:\\\/\\\/www.saludonnet.com\\\/blog\\\/topic\\\/neurologia\\\/\"},{\"@type\":\"ListItem\",\"position\":3,\"name\":\"\u00bfEs lo mismo Demencia que Alzheimer?\"}]},{\"@type\":\"WebSite\",\"@id\":\"https:\\\/\\\/www.saludonnet.com\\\/blog\\\/#website\",\"url\":\"https:\\\/\\\/www.saludonnet.com\\\/blog\\\/\",\"name\":\"Blog SaludOnNet\",\"description\":\"Un espacio donde encontrar\u00e1s consejos y art\u00edculos para cuidar de tu salud\",\"publisher\":{\"@id\":\"https:\\\/\\\/www.saludonnet.com\\\/blog\\\/#organization\"},\"potentialAction\":[{\"@type\":\"SearchAction\",\"target\":{\"@type\":\"EntryPoint\",\"urlTemplate\":\"https:\\\/\\\/www.saludonnet.com\\\/blog\\\/?s={search_term_string}\"},\"query-input\":{\"@type\":\"PropertyValueSpecification\",\"valueRequired\":true,\"valueName\":\"search_term_string\"}}],\"inLanguage\":\"es\"},{\"@type\":\"Organization\",\"@id\":\"https:\\\/\\\/www.saludonnet.com\\\/blog\\\/#organization\",\"name\":\"SaludOnNet\",\"url\":\"https:\\\/\\\/www.saludonnet.com\\\/blog\\\/\",\"logo\":{\"@type\":\"ImageObject\",\"inLanguage\":\"es\",\"@id\":\"https:\\\/\\\/www.saludonnet.com\\\/blog\\\/#\\\/schema\\\/logo\\\/image\\\/\",\"url\":\"https:\\\/\\\/www.saludonnet.com\\\/blog\\\/wp-content\\\/uploads\\\/2019\\\/07\\\/Logo-SaludOnNet.png\",\"contentUrl\":\"https:\\\/\\\/www.saludonnet.com\\\/blog\\\/wp-content\\\/uploads\\\/2019\\\/07\\\/Logo-SaludOnNet.png\",\"width\":1140,\"height\":377,\"caption\":\"SaludOnNet\"},\"image\":{\"@id\":\"https:\\\/\\\/www.saludonnet.com\\\/blog\\\/#\\\/schema\\\/logo\\\/image\\\/\"},\"sameAs\":[\"https:\\\/\\\/www.facebook.com\\\/pages\\\/SaludOnNet\\\/214957498526536\",\"https:\\\/\\\/x.com\\\/saludonnet\",\"https:\\\/\\\/www.instagram.com\\\/saludonnet\\\/\",\"https:\\\/\\\/www.linkedin.com\\\/company\\\/saludonnet\\\/\",\"https:\\\/\\\/www.youtube.com\\\/channel\\\/UCag68GsnagqzNb6C3G-S9vQ\"]},{\"@type\":\"Person\",\"@id\":\"https:\\\/\\\/www.saludonnet.com\\\/blog\\\/#\\\/schema\\\/person\\\/50995e01cc9d6c9f29ae18d979eeff1b\",\"name\":\"Equipo M\u00e9dico de SaludOnNet\",\"image\":{\"@type\":\"ImageObject\",\"inLanguage\":\"es\",\"@id\":\"https:\\\/\\\/secure.gravatar.com\\\/avatar\\\/0ac89931d2ef75704f29e63e12335967620a1f7ac37c69f6f97ad72b9ac6496d?s=96&d=mm&r=g\",\"url\":\"https:\\\/\\\/secure.gravatar.com\\\/avatar\\\/0ac89931d2ef75704f29e63e12335967620a1f7ac37c69f6f97ad72b9ac6496d?s=96&d=mm&r=g\",\"contentUrl\":\"https:\\\/\\\/secure.gravatar.com\\\/avatar\\\/0ac89931d2ef75704f29e63e12335967620a1f7ac37c69f6f97ad72b9ac6496d?s=96&d=mm&r=g\",\"caption\":\"Equipo M\u00e9dico de SaludOnNet\"},\"description\":\"Art\u00edculo elaborado por el equipo m\u00e9dico de SaludOnNet, compuesto por especialistas destacados en su \u00e1rea.\",\"url\":\"https:\\\/\\\/www.saludonnet.com\\\/blog\\\/author\\\/saludonnet\\\/\"}]}<\/script>\n<!-- \/ Yoast SEO plugin. -->","yoast_head_json":{"title":"\u00bfEs lo mismo Demencia que Alzheimer?","description":"La causa m\u00e1s frecuente de demencia, y la m\u00e1s conocida, es la enfermedad neurodegenerativa de Alzheimer. De ah\u00ed viene muchas veces la confusi\u00f3n.","robots":{"index":"index","follow":"follow","max-snippet":"max-snippet:-1","max-image-preview":"max-image-preview:large","max-video-preview":"max-video-preview:-1"},"canonical":"https:\/\/www.saludonnet.com\/blog\/es-lo-mismo-demencia-que-alzheimer\/","og_locale":"es_ES","og_type":"article","og_title":"\u00bfEs lo mismo Demencia que Alzheimer?","og_description":"La causa m\u00e1s frecuente de demencia, y la m\u00e1s conocida, es la enfermedad neurodegenerativa de Azheimer. De ah\u00ed viene muchas veces la confusi\u00f3n, ya que se entiende que una cosa es igual que la otra, y no siempre es as\u00ed, puesto que hay casos en los que la demencia no ha sido provocada por esta enfermedad.","og_url":"https:\/\/www.saludonnet.com\/blog\/es-lo-mismo-demencia-que-alzheimer\/","og_site_name":"Blog SaludOnNet","article_publisher":"https:\/\/www.facebook.com\/pages\/SaludOnNet\/214957498526536","article_published_time":"2025-06-02T22:00:00+00:00","article_modified_time":"2025-11-11T15:04:52+00:00","og_image":[{"width":800,"height":400,"url":"https:\/\/www.saludonnet.com\/blog\/wp-content\/uploads\/2019\/05\/Doctor-holding-clipboard-while-sitting-with-senior-patient-000063343945_Large-1-1-124432-edited.jpg","type":"image\/jpeg"}],"author":"Equipo M\u00e9dico de SaludOnNet","twitter_card":"summary_large_image","twitter_title":"\u00bfEs lo mismo Demencia que Alzheimer?","twitter_description":"La causa m\u00e1s frecuente de demencia, y la m\u00e1s conocida, es la enfermedad neurodegenerativa de Azheimer. De ah\u00ed viene muchas veces la confusi\u00f3n, ya que se entiende que una cosa es igual que la otra, y no siempre es as\u00ed, puesto que hay casos en los que la demencia no ha sido provocada por esta enfermedad.","twitter_creator":"@saludonnet","twitter_site":"@saludonnet","twitter_misc":{"Escrito por":"Equipo M\u00e9dico de SaludOnNet","Tiempo de lectura":"4 minutos"},"schema":{"@context":"https:\/\/schema.org","@graph":[{"@type":"Article","@id":"https:\/\/www.saludonnet.com\/blog\/es-lo-mismo-demencia-que-alzheimer\/#article","isPartOf":{"@id":"https:\/\/www.saludonnet.com\/blog\/es-lo-mismo-demencia-que-alzheimer\/"},"author":{"name":"Equipo M\u00e9dico de SaludOnNet","@id":"https:\/\/www.saludonnet.com\/blog\/#\/schema\/person\/50995e01cc9d6c9f29ae18d979eeff1b"},"headline":"\u00bfEs lo mismo Demencia que Alzheimer?","datePublished":"2025-06-02T22:00:00+00:00","dateModified":"2025-11-11T15:04:52+00:00","mainEntityOfPage":{"@id":"https:\/\/www.saludonnet.com\/blog\/es-lo-mismo-demencia-que-alzheimer\/"},"wordCount":660,"commentCount":0,"publisher":{"@id":"https:\/\/www.saludonnet.com\/blog\/#organization"},"image":{"@id":"https:\/\/www.saludonnet.com\/blog\/es-lo-mismo-demencia-que-alzheimer\/#primaryimage"},"thumbnailUrl":"https:\/\/soncdn.azureedge.net\/blog\/wp-content\/uploads\/2019\/05\/Doctor-holding-clipboard-while-sitting-with-senior-patient-000063343945_Large-1-1-124432-edited.jpg","keywords":["Consulta de Neurolog\u00eda"],"articleSection":["Neurolog\u00eda"],"inLanguage":"es","potentialAction":[{"@type":"CommentAction","name":"Comment","target":["https:\/\/www.saludonnet.com\/blog\/es-lo-mismo-demencia-que-alzheimer\/#respond"]}]},{"@type":"WebPage","@id":"https:\/\/www.saludonnet.com\/blog\/es-lo-mismo-demencia-que-alzheimer\/","url":"https:\/\/www.saludonnet.com\/blog\/es-lo-mismo-demencia-que-alzheimer\/","name":"\u00bfEs lo mismo Demencia que Alzheimer?","isPartOf":{"@id":"https:\/\/www.saludonnet.com\/blog\/#website"},"primaryImageOfPage":{"@id":"https:\/\/www.saludonnet.com\/blog\/es-lo-mismo-demencia-que-alzheimer\/#primaryimage"},"image":{"@id":"https:\/\/www.saludonnet.com\/blog\/es-lo-mismo-demencia-que-alzheimer\/#primaryimage"},"thumbnailUrl":"https:\/\/soncdn.azureedge.net\/blog\/wp-content\/uploads\/2019\/05\/Doctor-holding-clipboard-while-sitting-with-senior-patient-000063343945_Large-1-1-124432-edited.jpg","datePublished":"2025-06-02T22:00:00+00:00","dateModified":"2025-11-11T15:04:52+00:00","description":"La causa m\u00e1s frecuente de demencia, y la m\u00e1s conocida, es la enfermedad neurodegenerativa de Alzheimer. De ah\u00ed viene muchas veces la confusi\u00f3n.","breadcrumb":{"@id":"https:\/\/www.saludonnet.com\/blog\/es-lo-mismo-demencia-que-alzheimer\/#breadcrumb"},"inLanguage":"es","potentialAction":[{"@type":"ReadAction","target":["https:\/\/www.saludonnet.com\/blog\/es-lo-mismo-demencia-que-alzheimer\/"]}]},{"@type":"ImageObject","inLanguage":"es","@id":"https:\/\/www.saludonnet.com\/blog\/es-lo-mismo-demencia-que-alzheimer\/#primaryimage","url":"https:\/\/soncdn.azureedge.net\/blog\/wp-content\/uploads\/2019\/05\/Doctor-holding-clipboard-while-sitting-with-senior-patient-000063343945_Large-1-1-124432-edited.jpg","contentUrl":"https:\/\/soncdn.azureedge.net\/blog\/wp-content\/uploads\/2019\/05\/Doctor-holding-clipboard-while-sitting-with-senior-patient-000063343945_Large-1-1-124432-edited.jpg","width":800,"height":400,"caption":"Diferencias entre Demencia Y Alzheimer"},{"@type":"BreadcrumbList","@id":"https:\/\/www.saludonnet.com\/blog\/es-lo-mismo-demencia-que-alzheimer\/#breadcrumb","itemListElement":[{"@type":"ListItem","position":1,"name":"Portada","item":"https:\/\/www.saludonnet.com\/blog\/"},{"@type":"ListItem","position":2,"name":"Neurolog\u00eda","item":"https:\/\/www.saludonnet.com\/blog\/topic\/neurologia\/"},{"@type":"ListItem","position":3,"name":"\u00bfEs lo mismo Demencia que Alzheimer?"}]},{"@type":"WebSite","@id":"https:\/\/www.saludonnet.com\/blog\/#website","url":"https:\/\/www.saludonnet.com\/blog\/","name":"Blog SaludOnNet","description":"Un espacio donde encontrar\u00e1s consejos y art\u00edculos para cuidar de tu salud","publisher":{"@id":"https:\/\/www.saludonnet.com\/blog\/#organization"},"potentialAction":[{"@type":"SearchAction","target":{"@type":"EntryPoint","urlTemplate":"https:\/\/www.saludonnet.com\/blog\/?s={search_term_string}"},"query-input":{"@type":"PropertyValueSpecification","valueRequired":true,"valueName":"search_term_string"}}],"inLanguage":"es"},{"@type":"Organization","@id":"https:\/\/www.saludonnet.com\/blog\/#organization","name":"SaludOnNet","url":"https:\/\/www.saludonnet.com\/blog\/","logo":{"@type":"ImageObject","inLanguage":"es","@id":"https:\/\/www.saludonnet.com\/blog\/#\/schema\/logo\/image\/","url":"https:\/\/www.saludonnet.com\/blog\/wp-content\/uploads\/2019\/07\/Logo-SaludOnNet.png","contentUrl":"https:\/\/www.saludonnet.com\/blog\/wp-content\/uploads\/2019\/07\/Logo-SaludOnNet.png","width":1140,"height":377,"caption":"SaludOnNet"},"image":{"@id":"https:\/\/www.saludonnet.com\/blog\/#\/schema\/logo\/image\/"},"sameAs":["https:\/\/www.facebook.com\/pages\/SaludOnNet\/214957498526536","https:\/\/x.com\/saludonnet","https:\/\/www.instagram.com\/saludonnet\/","https:\/\/www.linkedin.com\/company\/saludonnet\/","https:\/\/www.youtube.com\/channel\/UCag68GsnagqzNb6C3G-S9vQ"]},{"@type":"Person","@id":"https:\/\/www.saludonnet.com\/blog\/#\/schema\/person\/50995e01cc9d6c9f29ae18d979eeff1b","name":"Equipo M\u00e9dico de SaludOnNet","image":{"@type":"ImageObject","inLanguage":"es","@id":"https:\/\/secure.gravatar.com\/avatar\/0ac89931d2ef75704f29e63e12335967620a1f7ac37c69f6f97ad72b9ac6496d?s=96&d=mm&r=g","url":"https:\/\/secure.gravatar.com\/avatar\/0ac89931d2ef75704f29e63e12335967620a1f7ac37c69f6f97ad72b9ac6496d?s=96&d=mm&r=g","contentUrl":"https:\/\/secure.gravatar.com\/avatar\/0ac89931d2ef75704f29e63e12335967620a1f7ac37c69f6f97ad72b9ac6496d?s=96&d=mm&r=g","caption":"Equipo M\u00e9dico de SaludOnNet"},"description":"Art\u00edculo elaborado por el equipo m\u00e9dico de SaludOnNet, compuesto por especialistas destacados en su \u00e1rea.","url":"https:\/\/www.saludonnet.com\/blog\/author\/saludonnet\/"}]}},"acf":[],"_links":{"self":[{"href":"https:\/\/www.saludonnet.com\/blog\/wp-json\/wp\/v2\/posts\/3591","targetHints":{"allow":["GET"]}}],"collection":[{"href":"https:\/\/www.saludonnet.com\/blog\/wp-json\/wp\/v2\/posts"}],"about":[{"href":"https:\/\/www.saludonnet.com\/blog\/wp-json\/wp\/v2\/types\/post"}],"author":[{"embeddable":true,"href":"https:\/\/www.saludonnet.com\/blog\/wp-json\/wp\/v2\/users\/20"}],"replies":[{"embeddable":true,"href":"https:\/\/www.saludonnet.com\/blog\/wp-json\/wp\/v2\/comments?post=3591"}],"version-history":[{"count":6,"href":"https:\/\/www.saludonnet.com\/blog\/wp-json\/wp\/v2\/posts\/3591\/revisions"}],"predecessor-version":[{"id":11007,"href":"https:\/\/www.saludonnet.com\/blog\/wp-json\/wp\/v2\/posts\/3591\/revisions\/11007"}],"wp:featuredmedia":[{"embeddable":true,"href":"https:\/\/www.saludonnet.com\/blog\/wp-json\/wp\/v2\/media\/1874"}],"wp:attachment":[{"href":"https:\/\/www.saludonnet.com\/blog\/wp-json\/wp\/v2\/media?parent=3591"}],"wp:term":[{"taxonomy":"category","embeddable":true,"href":"https:\/\/www.saludonnet.com\/blog\/wp-json\/wp\/v2\/categories?post=3591"},{"taxonomy":"post_tag","embeddable":true,"href":"https:\/\/www.saludonnet.com\/blog\/wp-json\/wp\/v2\/tags?post=3591"}],"curies":[{"name":"wp","href":"https:\/\/api.w.org\/{rel}","templated":true}]}}