{"id":3419,"date":"2025-08-21T00:00:00","date_gmt":"2025-08-20T22:00:00","guid":{"rendered":"http:\/\/apdev.ovh\/saludon\/?p=3419"},"modified":"2025-11-11T16:09:43","modified_gmt":"2025-11-11T15:09:43","slug":"que-hacer-si-tengo-asma","status":"publish","type":"post","link":"https:\/\/www.saludonnet.com\/blog\/que-hacer-si-tengo-asma\/","title":{"rendered":"Qu\u00e9 hacer si tengo asma"},"content":{"rendered":"<p>El <strong>asma<\/strong> est\u00e1 aumentando en los \u00faltimos a\u00f1os, sobre todo en los ni\u00f1os. Se trata de una enfermedad inflamatoria cr\u00f3nica que hace que las v\u00edas respiratorias se estrechen y se hinchen, produciendo fatiga, dificultad para respirar, tos y pitos. La padecen alrededor de un 10% de la poblaci\u00f3n en Espa\u00f1a (en torno a un 5% en Pamplona y superando el 15% en C\u00e1diz), aunque su tratamiento est\u00e1 mejorando gracias a la aparici\u00f3n de nuevos f\u00e1rmacos y a la educaci\u00f3n del paciente en su propia enfermedad.<!--more--><\/p>\n<p>Cuando los s\u00edntomas del asma aparecen hay que conocer cu\u00e1les son las<strong> causas que lo producen<\/strong>:<\/p>\n<ul>\n<li><strong>Asma bronquial.<\/strong> Hay personas que tienen las v\u00edas respiratorias sensibles. En esos casos los s\u00edntomas se pueden producir por inhalar al\u00e9rgenos o desencadenantes como pueden ser los \u00e1caros del polvo, el pelo de los animales, los cambios de temperatura, el polen o algunos medicamentos, entre otros. Tambi\u00e9n quienes tienen antecedentes de piel at\u00f3pica, rinitis al\u00e9rgica o tos nocturna tienen m\u00e1s probabilidad de padecer esta enfermedad.<\/li>\n<li><strong>EPOC<\/strong> (Enfermedad Pulmonar Obstructiva Cr\u00f3nica). Se da en personas con antecedentes de tabaquismo, bronquitis cr\u00f3nica o cambios en la expectoraci\u00f3n.<\/li>\n<li><strong>Bronquitis aguda<\/strong>. Aparece en momentos que preceden a procesos infecciosos de v\u00edas respiratorias.<\/li>\n<li><strong>Insuficiencia card\u00edaca congestiva<\/strong>. Personas que tienen hipertensi\u00f3n arterial, enfermedades coronarias u otras cardiopat\u00edas y adem\u00e1s presentan un sonido anormal, fino y burbujeante en la auscultaci\u00f3n.<\/li>\n<\/ul>\n<p>Cuando alguien sospecha que puede tener asma, lo primero que debe hacer es <strong>acudir al m\u00e9dico<\/strong>. All\u00ed, el especialista en <span style=\"color: #009ee0;\"><a style=\"color: #009ee0;\" href=\"https:\/\/www.saludonnet.com\/centros-medicos\/alergologia\/19-consulta\"><strong><strong>alergolog\u00eda<\/strong><\/strong> <\/a>o <a style=\"color: #009ee0;\" href=\"https:\/\/www.saludonnet.com\/centros-medicos\/neumologia\/2753-consulta\"><strong>neumolog\u00eda<\/strong><\/a><\/span> le realizar\u00e1 la historia cl\u00ednica, importante en el diagn\u00f3stico de cualquier enfermedad, y le auscultar\u00e1 los pulmones con un estetoscopio, para comprobar si existen sibilancias (silbidos agudos que se producen cuando el paciente respira). Otra prueba fundamental que el m\u00e9dico realiza es la <a href=\"https:\/\/www.saludonnet.com\/blog\/como-se-interpreta-una-espirometria\/\"><span style=\"color: #009ee0;\"><strong>espirometr\u00eda<\/strong><\/span><\/a>, estudio diagn\u00f3stico que muestra al m\u00e9dico la capacidad pulmonar del paciente, con la medici\u00f3n de los flujos y la resistencia de los bronquios.<\/p>\n<h2><strong>\u00bfCu\u00e1l es el mejor tratamiento?<\/strong><\/h2>\n<p>No todas las personas que tienen asma lo padecen en el mismo nivel. Hay cuatro estadios diferentes, en funci\u00f3n de la intensidad de los s\u00edntomas y de los valores recogidos al realizar una espirometr\u00eda. Dependiendo del nivel en el que est\u00e9 el paciente, el proceso que se lleva a cabo\u00a0es\u00a0uno u otro. El tratamiento busca el control de la inflamaci\u00f3n de las v\u00edas respiratorias, para que la persona puede llevar una vida normal. En este sentido, si quien lo desencadena es alguna sustancia concreta se debe evitar estar en contacto con la misma.<\/p>\n<p>La medicaci\u00f3n se divide en aquella que est\u00e1 indicada para prevenir los posibles ataques de asma y \u00a0la que est\u00e1 destinada a aliviar de manera r\u00e1pida al paciente cuando ya se ha producido el ataque. El tratamiento farmacol\u00f3gico puede fraccionarse en varias fases, por lo que el m\u00e9dico juega con la posibilidad de aumentarlo o disminuirlo en funci\u00f3n del avance del paciente.<\/p>\n<p>La medicaci\u00f3n que produce un alivio r\u00e1pido incluye inhaladores ( broncolodilatadores de acci\u00f3n corta) y esteroides orales (corticoides) en el caso de ataques sin alivio. Los corticoides inhalados son los f\u00e1rmacos que han resultado m\u00e1s efectivos en el tratamiento de esta enfermedad.<\/p>\n<p>Si piensa que puede tener asma, acude a un especialista. En <a href=\"https:\/\/www.saludonnet.com\/\"><strong>SaludOnNet<\/strong><\/a> puedes comprar una\u00a0<a href=\"https:\/\/www.saludonnet.com\/centros-medicos\/alergologia\/19-consulta\"><strong>Consulta de Alergolog\u00eda<\/strong><\/a>\u00a0<strong>d<\/strong><strong>esde s\u00f3lo 26\u20ac\u00a0<\/strong>. Elige entre m\u00e1s de 4.000 cl\u00ednicas y hospitales, y\u00a0ah\u00f3rrate las\u00a0listas de espera\u00a0aunque no tengas\u00a0seguro m\u00e9dico.<\/p>\n","protected":false},"excerpt":{"rendered":"<p>Entre un 6 y un 15% de la poblaci\u00f3n padece asma, una enfermedad que est\u00e1 mejorando con la aparici\u00f3n de nuevos f\u00e1rmacos y la educaci\u00f3n del paciente.<\/p>\n","protected":false},"author":20,"featured_media":1735,"comment_status":"open","ping_status":"open","sticky":false,"template":"","format":"standard","meta":{"footnotes":""},"categories":[71],"tags":[217,218,241,242],"class_list":["post-3419","post","type-post","status-publish","format-standard","has-post-thumbnail","hentry","category-alergologia","tag-pack-71-consulta-de-alergologia-espirometria","tag-pack-70-consulta-de-alergologia-espirometria-pruebas-cutaneas-prick-test","tag-2753-consulta","tag-pack-76-consulta-de-neumologia--espirometria"],"yoast_head":"<!-- This site is optimized with the Yoast SEO plugin v27.5 - https:\/\/yoast.com\/product\/yoast-seo-wordpress\/ -->\n<title>Qu\u00e9 hacer si tengo asma<\/title>\n<meta name=\"description\" content=\"Entre un 6 y un 15% de la poblaci\u00f3n padece asma, una enfermedad que est\u00e1 mejorando con la aparici\u00f3n de nuevos f\u00e1rmacos y la educaci\u00f3n del paciente.\" \/>\n<meta name=\"robots\" content=\"index, follow, max-snippet:-1, max-image-preview:large, max-video-preview:-1\" \/>\n<link rel=\"canonical\" href=\"https:\/\/www.saludonnet.com\/blog\/que-hacer-si-tengo-asma\/\" \/>\n<meta property=\"og:locale\" content=\"es_ES\" \/>\n<meta property=\"og:type\" content=\"article\" \/>\n<meta property=\"og:title\" content=\"Qu\u00e9 hacer si tengo asma\" \/>\n<meta property=\"og:description\" content=\"Entre un 6 y un 15% de la poblaci\u00f3n padece asma, una enfermedad que est\u00e1 mejorando con la aparici\u00f3n de nuevos f\u00e1rmacos y la educaci\u00f3n del paciente.\" \/>\n<meta property=\"og:url\" content=\"https:\/\/www.saludonnet.com\/blog\/que-hacer-si-tengo-asma\/\" \/>\n<meta property=\"og:site_name\" content=\"Blog SaludOnNet\" \/>\n<meta property=\"article:publisher\" content=\"https:\/\/www.facebook.com\/pages\/SaludOnNet\/214957498526536\" \/>\n<meta property=\"article:published_time\" content=\"2025-08-20T22:00:00+00:00\" \/>\n<meta property=\"article:modified_time\" content=\"2025-11-11T15:09:43+00:00\" \/>\n<meta property=\"og:image\" content=\"https:\/\/www.saludonnet.com\/blog\/wp-content\/uploads\/2019\/05\/asma-1.jpg\" \/>\n\t<meta property=\"og:image:width\" content=\"800\" \/>\n\t<meta property=\"og:image:height\" content=\"400\" \/>\n\t<meta property=\"og:image:type\" content=\"image\/jpeg\" \/>\n<meta name=\"author\" content=\"Equipo M\u00e9dico de SaludOnNet\" \/>\n<meta name=\"twitter:card\" content=\"summary_large_image\" \/>\n<meta name=\"twitter:title\" content=\"Qu\u00e9 hacer si tengo asma\" \/>\n<meta name=\"twitter:description\" content=\"Entre un 6 y un 15% de la poblaci\u00f3n padece asma, una enfermedad que est\u00e1 mejorando con la aparici\u00f3n de nuevos f\u00e1rmacos y la educaci\u00f3n del paciente.\" \/>\n<meta name=\"twitter:creator\" content=\"@saludonnet\" \/>\n<meta name=\"twitter:site\" content=\"@saludonnet\" \/>\n<meta name=\"twitter:label1\" content=\"Escrito por\" \/>\n\t<meta name=\"twitter:data1\" content=\"Equipo M\u00e9dico de SaludOnNet\" \/>\n\t<meta name=\"twitter:label2\" content=\"Tiempo de lectura\" \/>\n\t<meta name=\"twitter:data2\" content=\"3 minutos\" \/>\n<script type=\"application\/ld+json\" class=\"yoast-schema-graph\">{\"@context\":\"https:\\\/\\\/schema.org\",\"@graph\":[{\"@type\":\"Article\",\"@id\":\"https:\\\/\\\/www.saludonnet.com\\\/blog\\\/que-hacer-si-tengo-asma\\\/#article\",\"isPartOf\":{\"@id\":\"https:\\\/\\\/www.saludonnet.com\\\/blog\\\/que-hacer-si-tengo-asma\\\/\"},\"author\":{\"name\":\"Equipo M\u00e9dico de SaludOnNet\",\"@id\":\"https:\\\/\\\/www.saludonnet.com\\\/blog\\\/#\\\/schema\\\/person\\\/50995e01cc9d6c9f29ae18d979eeff1b\"},\"headline\":\"Qu\u00e9 hacer si tengo asma\",\"datePublished\":\"2025-08-20T22:00:00+00:00\",\"dateModified\":\"2025-11-11T15:09:43+00:00\",\"mainEntityOfPage\":{\"@id\":\"https:\\\/\\\/www.saludonnet.com\\\/blog\\\/que-hacer-si-tengo-asma\\\/\"},\"wordCount\":618,\"commentCount\":0,\"publisher\":{\"@id\":\"https:\\\/\\\/www.saludonnet.com\\\/blog\\\/#organization\"},\"image\":{\"@id\":\"https:\\\/\\\/www.saludonnet.com\\\/blog\\\/que-hacer-si-tengo-asma\\\/#primaryimage\"},\"thumbnailUrl\":\"https:\\\/\\\/soncdn.azureedge.net\\\/blog\\\/wp-content\\\/uploads\\\/2019\\\/05\\\/asma-1.jpg\",\"keywords\":[\"Consulta de Alergolog\u00eda y espirometr\u00eda\",\"Consulta de Alergolog\u00eda y espirometr\u00eda y pruebas cut\u00e1neas prick test\",\"Consulta de Neumolog\u00eda\",\"Consulta de Neumolog\u00eda y espirometr\u00eda\"],\"articleSection\":[\"Alergolog\u00eda\"],\"inLanguage\":\"es\",\"potentialAction\":[{\"@type\":\"CommentAction\",\"name\":\"Comment\",\"target\":[\"https:\\\/\\\/www.saludonnet.com\\\/blog\\\/que-hacer-si-tengo-asma\\\/#respond\"]}]},{\"@type\":\"WebPage\",\"@id\":\"https:\\\/\\\/www.saludonnet.com\\\/blog\\\/que-hacer-si-tengo-asma\\\/\",\"url\":\"https:\\\/\\\/www.saludonnet.com\\\/blog\\\/que-hacer-si-tengo-asma\\\/\",\"name\":\"Qu\u00e9 hacer si tengo asma\",\"isPartOf\":{\"@id\":\"https:\\\/\\\/www.saludonnet.com\\\/blog\\\/#website\"},\"primaryImageOfPage\":{\"@id\":\"https:\\\/\\\/www.saludonnet.com\\\/blog\\\/que-hacer-si-tengo-asma\\\/#primaryimage\"},\"image\":{\"@id\":\"https:\\\/\\\/www.saludonnet.com\\\/blog\\\/que-hacer-si-tengo-asma\\\/#primaryimage\"},\"thumbnailUrl\":\"https:\\\/\\\/soncdn.azureedge.net\\\/blog\\\/wp-content\\\/uploads\\\/2019\\\/05\\\/asma-1.jpg\",\"datePublished\":\"2025-08-20T22:00:00+00:00\",\"dateModified\":\"2025-11-11T15:09:43+00:00\",\"description\":\"Entre un 6 y un 15% de la poblaci\u00f3n padece asma, una enfermedad que est\u00e1 mejorando con la aparici\u00f3n de nuevos f\u00e1rmacos y la educaci\u00f3n del paciente.\",\"breadcrumb\":{\"@id\":\"https:\\\/\\\/www.saludonnet.com\\\/blog\\\/que-hacer-si-tengo-asma\\\/#breadcrumb\"},\"inLanguage\":\"es\",\"potentialAction\":[{\"@type\":\"ReadAction\",\"target\":[\"https:\\\/\\\/www.saludonnet.com\\\/blog\\\/que-hacer-si-tengo-asma\\\/\"]}]},{\"@type\":\"ImageObject\",\"inLanguage\":\"es\",\"@id\":\"https:\\\/\\\/www.saludonnet.com\\\/blog\\\/que-hacer-si-tengo-asma\\\/#primaryimage\",\"url\":\"https:\\\/\\\/soncdn.azureedge.net\\\/blog\\\/wp-content\\\/uploads\\\/2019\\\/05\\\/asma-1.jpg\",\"contentUrl\":\"https:\\\/\\\/soncdn.azureedge.net\\\/blog\\\/wp-content\\\/uploads\\\/2019\\\/05\\\/asma-1.jpg\",\"width\":800,\"height\":400,\"caption\":\"asma\"},{\"@type\":\"BreadcrumbList\",\"@id\":\"https:\\\/\\\/www.saludonnet.com\\\/blog\\\/que-hacer-si-tengo-asma\\\/#breadcrumb\",\"itemListElement\":[{\"@type\":\"ListItem\",\"position\":1,\"name\":\"Portada\",\"item\":\"https:\\\/\\\/www.saludonnet.com\\\/blog\\\/\"},{\"@type\":\"ListItem\",\"position\":2,\"name\":\"Alergolog\u00eda\",\"item\":\"https:\\\/\\\/www.saludonnet.com\\\/blog\\\/topic\\\/alergologia\\\/\"},{\"@type\":\"ListItem\",\"position\":3,\"name\":\"Qu\u00e9 hacer si tengo asma\"}]},{\"@type\":\"WebSite\",\"@id\":\"https:\\\/\\\/www.saludonnet.com\\\/blog\\\/#website\",\"url\":\"https:\\\/\\\/www.saludonnet.com\\\/blog\\\/\",\"name\":\"Blog SaludOnNet\",\"description\":\"Un espacio donde encontrar\u00e1s consejos y art\u00edculos para cuidar de tu salud\",\"publisher\":{\"@id\":\"https:\\\/\\\/www.saludonnet.com\\\/blog\\\/#organization\"},\"potentialAction\":[{\"@type\":\"SearchAction\",\"target\":{\"@type\":\"EntryPoint\",\"urlTemplate\":\"https:\\\/\\\/www.saludonnet.com\\\/blog\\\/?s={search_term_string}\"},\"query-input\":{\"@type\":\"PropertyValueSpecification\",\"valueRequired\":true,\"valueName\":\"search_term_string\"}}],\"inLanguage\":\"es\"},{\"@type\":\"Organization\",\"@id\":\"https:\\\/\\\/www.saludonnet.com\\\/blog\\\/#organization\",\"name\":\"SaludOnNet\",\"url\":\"https:\\\/\\\/www.saludonnet.com\\\/blog\\\/\",\"logo\":{\"@type\":\"ImageObject\",\"inLanguage\":\"es\",\"@id\":\"https:\\\/\\\/www.saludonnet.com\\\/blog\\\/#\\\/schema\\\/logo\\\/image\\\/\",\"url\":\"https:\\\/\\\/www.saludonnet.com\\\/blog\\\/wp-content\\\/uploads\\\/2019\\\/07\\\/Logo-SaludOnNet.png\",\"contentUrl\":\"https:\\\/\\\/www.saludonnet.com\\\/blog\\\/wp-content\\\/uploads\\\/2019\\\/07\\\/Logo-SaludOnNet.png\",\"width\":1140,\"height\":377,\"caption\":\"SaludOnNet\"},\"image\":{\"@id\":\"https:\\\/\\\/www.saludonnet.com\\\/blog\\\/#\\\/schema\\\/logo\\\/image\\\/\"},\"sameAs\":[\"https:\\\/\\\/www.facebook.com\\\/pages\\\/SaludOnNet\\\/214957498526536\",\"https:\\\/\\\/x.com\\\/saludonnet\",\"https:\\\/\\\/www.instagram.com\\\/saludonnet\\\/\",\"https:\\\/\\\/www.linkedin.com\\\/company\\\/saludonnet\\\/\",\"https:\\\/\\\/www.youtube.com\\\/channel\\\/UCag68GsnagqzNb6C3G-S9vQ\"]},{\"@type\":\"Person\",\"@id\":\"https:\\\/\\\/www.saludonnet.com\\\/blog\\\/#\\\/schema\\\/person\\\/50995e01cc9d6c9f29ae18d979eeff1b\",\"name\":\"Equipo M\u00e9dico de SaludOnNet\",\"image\":{\"@type\":\"ImageObject\",\"inLanguage\":\"es\",\"@id\":\"https:\\\/\\\/secure.gravatar.com\\\/avatar\\\/0ac89931d2ef75704f29e63e12335967620a1f7ac37c69f6f97ad72b9ac6496d?s=96&d=mm&r=g\",\"url\":\"https:\\\/\\\/secure.gravatar.com\\\/avatar\\\/0ac89931d2ef75704f29e63e12335967620a1f7ac37c69f6f97ad72b9ac6496d?s=96&d=mm&r=g\",\"contentUrl\":\"https:\\\/\\\/secure.gravatar.com\\\/avatar\\\/0ac89931d2ef75704f29e63e12335967620a1f7ac37c69f6f97ad72b9ac6496d?s=96&d=mm&r=g\",\"caption\":\"Equipo M\u00e9dico de SaludOnNet\"},\"description\":\"Art\u00edculo elaborado por el equipo m\u00e9dico de SaludOnNet, compuesto por especialistas destacados en su \u00e1rea.\",\"url\":\"https:\\\/\\\/www.saludonnet.com\\\/blog\\\/author\\\/saludonnet\\\/\"}]}<\/script>\n<!-- \/ Yoast SEO plugin. -->","yoast_head_json":{"title":"Qu\u00e9 hacer si tengo asma","description":"Entre un 6 y un 15% de la poblaci\u00f3n padece asma, una enfermedad que est\u00e1 mejorando con la aparici\u00f3n de nuevos f\u00e1rmacos y la educaci\u00f3n del paciente.","robots":{"index":"index","follow":"follow","max-snippet":"max-snippet:-1","max-image-preview":"max-image-preview:large","max-video-preview":"max-video-preview:-1"},"canonical":"https:\/\/www.saludonnet.com\/blog\/que-hacer-si-tengo-asma\/","og_locale":"es_ES","og_type":"article","og_title":"Qu\u00e9 hacer si tengo asma","og_description":"Entre un 6 y un 15% de la poblaci\u00f3n padece asma, una enfermedad que est\u00e1 mejorando con la aparici\u00f3n de nuevos f\u00e1rmacos y la educaci\u00f3n del paciente.","og_url":"https:\/\/www.saludonnet.com\/blog\/que-hacer-si-tengo-asma\/","og_site_name":"Blog SaludOnNet","article_publisher":"https:\/\/www.facebook.com\/pages\/SaludOnNet\/214957498526536","article_published_time":"2025-08-20T22:00:00+00:00","article_modified_time":"2025-11-11T15:09:43+00:00","og_image":[{"width":800,"height":400,"url":"https:\/\/www.saludonnet.com\/blog\/wp-content\/uploads\/2019\/05\/asma-1.jpg","type":"image\/jpeg"}],"author":"Equipo M\u00e9dico de SaludOnNet","twitter_card":"summary_large_image","twitter_title":"Qu\u00e9 hacer si tengo asma","twitter_description":"Entre un 6 y un 15% de la poblaci\u00f3n padece asma, una enfermedad que est\u00e1 mejorando con la aparici\u00f3n de nuevos f\u00e1rmacos y la educaci\u00f3n del paciente.","twitter_creator":"@saludonnet","twitter_site":"@saludonnet","twitter_misc":{"Escrito por":"Equipo M\u00e9dico de SaludOnNet","Tiempo de lectura":"3 minutos"},"schema":{"@context":"https:\/\/schema.org","@graph":[{"@type":"Article","@id":"https:\/\/www.saludonnet.com\/blog\/que-hacer-si-tengo-asma\/#article","isPartOf":{"@id":"https:\/\/www.saludonnet.com\/blog\/que-hacer-si-tengo-asma\/"},"author":{"name":"Equipo M\u00e9dico de SaludOnNet","@id":"https:\/\/www.saludonnet.com\/blog\/#\/schema\/person\/50995e01cc9d6c9f29ae18d979eeff1b"},"headline":"Qu\u00e9 hacer si tengo asma","datePublished":"2025-08-20T22:00:00+00:00","dateModified":"2025-11-11T15:09:43+00:00","mainEntityOfPage":{"@id":"https:\/\/www.saludonnet.com\/blog\/que-hacer-si-tengo-asma\/"},"wordCount":618,"commentCount":0,"publisher":{"@id":"https:\/\/www.saludonnet.com\/blog\/#organization"},"image":{"@id":"https:\/\/www.saludonnet.com\/blog\/que-hacer-si-tengo-asma\/#primaryimage"},"thumbnailUrl":"https:\/\/soncdn.azureedge.net\/blog\/wp-content\/uploads\/2019\/05\/asma-1.jpg","keywords":["Consulta de Alergolog\u00eda y espirometr\u00eda","Consulta de Alergolog\u00eda y espirometr\u00eda y pruebas cut\u00e1neas prick test","Consulta de Neumolog\u00eda","Consulta de Neumolog\u00eda y espirometr\u00eda"],"articleSection":["Alergolog\u00eda"],"inLanguage":"es","potentialAction":[{"@type":"CommentAction","name":"Comment","target":["https:\/\/www.saludonnet.com\/blog\/que-hacer-si-tengo-asma\/#respond"]}]},{"@type":"WebPage","@id":"https:\/\/www.saludonnet.com\/blog\/que-hacer-si-tengo-asma\/","url":"https:\/\/www.saludonnet.com\/blog\/que-hacer-si-tengo-asma\/","name":"Qu\u00e9 hacer si tengo asma","isPartOf":{"@id":"https:\/\/www.saludonnet.com\/blog\/#website"},"primaryImageOfPage":{"@id":"https:\/\/www.saludonnet.com\/blog\/que-hacer-si-tengo-asma\/#primaryimage"},"image":{"@id":"https:\/\/www.saludonnet.com\/blog\/que-hacer-si-tengo-asma\/#primaryimage"},"thumbnailUrl":"https:\/\/soncdn.azureedge.net\/blog\/wp-content\/uploads\/2019\/05\/asma-1.jpg","datePublished":"2025-08-20T22:00:00+00:00","dateModified":"2025-11-11T15:09:43+00:00","description":"Entre un 6 y un 15% de la poblaci\u00f3n padece asma, una enfermedad que est\u00e1 mejorando con la aparici\u00f3n de nuevos f\u00e1rmacos y la educaci\u00f3n del paciente.","breadcrumb":{"@id":"https:\/\/www.saludonnet.com\/blog\/que-hacer-si-tengo-asma\/#breadcrumb"},"inLanguage":"es","potentialAction":[{"@type":"ReadAction","target":["https:\/\/www.saludonnet.com\/blog\/que-hacer-si-tengo-asma\/"]}]},{"@type":"ImageObject","inLanguage":"es","@id":"https:\/\/www.saludonnet.com\/blog\/que-hacer-si-tengo-asma\/#primaryimage","url":"https:\/\/soncdn.azureedge.net\/blog\/wp-content\/uploads\/2019\/05\/asma-1.jpg","contentUrl":"https:\/\/soncdn.azureedge.net\/blog\/wp-content\/uploads\/2019\/05\/asma-1.jpg","width":800,"height":400,"caption":"asma"},{"@type":"BreadcrumbList","@id":"https:\/\/www.saludonnet.com\/blog\/que-hacer-si-tengo-asma\/#breadcrumb","itemListElement":[{"@type":"ListItem","position":1,"name":"Portada","item":"https:\/\/www.saludonnet.com\/blog\/"},{"@type":"ListItem","position":2,"name":"Alergolog\u00eda","item":"https:\/\/www.saludonnet.com\/blog\/topic\/alergologia\/"},{"@type":"ListItem","position":3,"name":"Qu\u00e9 hacer si tengo asma"}]},{"@type":"WebSite","@id":"https:\/\/www.saludonnet.com\/blog\/#website","url":"https:\/\/www.saludonnet.com\/blog\/","name":"Blog SaludOnNet","description":"Un espacio donde encontrar\u00e1s consejos y art\u00edculos para cuidar de tu salud","publisher":{"@id":"https:\/\/www.saludonnet.com\/blog\/#organization"},"potentialAction":[{"@type":"SearchAction","target":{"@type":"EntryPoint","urlTemplate":"https:\/\/www.saludonnet.com\/blog\/?s={search_term_string}"},"query-input":{"@type":"PropertyValueSpecification","valueRequired":true,"valueName":"search_term_string"}}],"inLanguage":"es"},{"@type":"Organization","@id":"https:\/\/www.saludonnet.com\/blog\/#organization","name":"SaludOnNet","url":"https:\/\/www.saludonnet.com\/blog\/","logo":{"@type":"ImageObject","inLanguage":"es","@id":"https:\/\/www.saludonnet.com\/blog\/#\/schema\/logo\/image\/","url":"https:\/\/www.saludonnet.com\/blog\/wp-content\/uploads\/2019\/07\/Logo-SaludOnNet.png","contentUrl":"https:\/\/www.saludonnet.com\/blog\/wp-content\/uploads\/2019\/07\/Logo-SaludOnNet.png","width":1140,"height":377,"caption":"SaludOnNet"},"image":{"@id":"https:\/\/www.saludonnet.com\/blog\/#\/schema\/logo\/image\/"},"sameAs":["https:\/\/www.facebook.com\/pages\/SaludOnNet\/214957498526536","https:\/\/x.com\/saludonnet","https:\/\/www.instagram.com\/saludonnet\/","https:\/\/www.linkedin.com\/company\/saludonnet\/","https:\/\/www.youtube.com\/channel\/UCag68GsnagqzNb6C3G-S9vQ"]},{"@type":"Person","@id":"https:\/\/www.saludonnet.com\/blog\/#\/schema\/person\/50995e01cc9d6c9f29ae18d979eeff1b","name":"Equipo M\u00e9dico de SaludOnNet","image":{"@type":"ImageObject","inLanguage":"es","@id":"https:\/\/secure.gravatar.com\/avatar\/0ac89931d2ef75704f29e63e12335967620a1f7ac37c69f6f97ad72b9ac6496d?s=96&d=mm&r=g","url":"https:\/\/secure.gravatar.com\/avatar\/0ac89931d2ef75704f29e63e12335967620a1f7ac37c69f6f97ad72b9ac6496d?s=96&d=mm&r=g","contentUrl":"https:\/\/secure.gravatar.com\/avatar\/0ac89931d2ef75704f29e63e12335967620a1f7ac37c69f6f97ad72b9ac6496d?s=96&d=mm&r=g","caption":"Equipo M\u00e9dico de SaludOnNet"},"description":"Art\u00edculo elaborado por el equipo m\u00e9dico de SaludOnNet, compuesto por especialistas destacados en su \u00e1rea.","url":"https:\/\/www.saludonnet.com\/blog\/author\/saludonnet\/"}]}},"acf":[],"_links":{"self":[{"href":"https:\/\/www.saludonnet.com\/blog\/wp-json\/wp\/v2\/posts\/3419","targetHints":{"allow":["GET"]}}],"collection":[{"href":"https:\/\/www.saludonnet.com\/blog\/wp-json\/wp\/v2\/posts"}],"about":[{"href":"https:\/\/www.saludonnet.com\/blog\/wp-json\/wp\/v2\/types\/post"}],"author":[{"embeddable":true,"href":"https:\/\/www.saludonnet.com\/blog\/wp-json\/wp\/v2\/users\/20"}],"replies":[{"embeddable":true,"href":"https:\/\/www.saludonnet.com\/blog\/wp-json\/wp\/v2\/comments?post=3419"}],"version-history":[{"count":7,"href":"https:\/\/www.saludonnet.com\/blog\/wp-json\/wp\/v2\/posts\/3419\/revisions"}],"predecessor-version":[{"id":14764,"href":"https:\/\/www.saludonnet.com\/blog\/wp-json\/wp\/v2\/posts\/3419\/revisions\/14764"}],"wp:featuredmedia":[{"embeddable":true,"href":"https:\/\/www.saludonnet.com\/blog\/wp-json\/wp\/v2\/media\/1735"}],"wp:attachment":[{"href":"https:\/\/www.saludonnet.com\/blog\/wp-json\/wp\/v2\/media?parent=3419"}],"wp:term":[{"taxonomy":"category","embeddable":true,"href":"https:\/\/www.saludonnet.com\/blog\/wp-json\/wp\/v2\/categories?post=3419"},{"taxonomy":"post_tag","embeddable":true,"href":"https:\/\/www.saludonnet.com\/blog\/wp-json\/wp\/v2\/tags?post=3419"}],"curies":[{"name":"wp","href":"https:\/\/api.w.org\/{rel}","templated":true}]}}