{"id":3407,"date":"2025-06-10T00:00:00","date_gmt":"2025-06-09T22:00:00","guid":{"rendered":"http:\/\/apdev.ovh\/saludon\/?p=3407"},"modified":"2025-11-11T16:08:51","modified_gmt":"2025-11-11T15:08:51","slug":"alergia-al-polen-un-clasico-de-la-primavera","status":"publish","type":"post","link":"https:\/\/www.saludonnet.com\/blog\/alergia-al-polen-un-clasico-de-la-primavera\/","title":{"rendered":"Alergia al polen, un cl\u00e1sico de la primavera"},"content":{"rendered":"<p>Las<a href=\"https:\/\/www.saludonnet.com\/blog\/cuantos-tipos-de-alergias-existen\/\"> <span style=\"color: #009ee0;\"><strong>consultas de alergolog\u00eda<\/strong><\/span><\/a> suelen estar llenas durante los meses primaverales, una \u00e9poca muy complicada para quienes tienen <strong>alergia al polen<\/strong>, ya sea de gram\u00edneas, olivo o pl\u00e1tano de sombra, entre otras plantas. Aunque existen vacunas para que los efectos de estas sustancias no provoquen problemas como rinitis, <a href=\"https:\/\/www.saludonnet.com\/blog\/conjuntivitis-virica-bacteriana-o-alergica\/\"><strong>conjuntivitis<\/strong><\/a> o asma, lo fundamental es evitar, en la medida de lo posible, las zonas en las que hay mayor concentraci\u00f3n, como parques y jardines.<\/p>\n<p><!--more--><\/p>\n<p><strong>La polinosis<\/strong> es una enfermedad al\u00e9rgica que causa malestar en los ojos, la nariz y los pulmones, provocando tos, pitidos, dificultad para respirar, picor, estornudos, congesti\u00f3n, abundante secreci\u00f3n, conjuntivitis, picor de garganta o <a href=\"https:\/\/www.saludonnet.com\/blog\/que-hacer-si-tengo-asma\/\"><span style=\"color: #009ee0;\"><strong>asma<\/strong><\/span><em>.<\/em><\/a> En la actualidad <strong>afecta al 15% de la poblaci\u00f3n<\/strong>, aunque en las personas m\u00e1s j\u00f3venes este porcentaje aumenta hasta un 30%. Se sabe que afecta m\u00e1s a las personas que viven en la ciudad que a las que habitan en el campo, probablemente por la poluci\u00f3n.<\/p>\n<h2>\u00bfQu\u00e9 precauciones hay que tomar?<\/h2>\n<p>Para evitar sus molestos s\u00edntomas hay que tomar algunas precauciones. Las principales medidas que se pueden tomar para que la primavera no se haga tan cuesta arriba para los al\u00e9rgicos son:<\/p>\n<ul>\n<li>Abstenerse de realizar <a href=\"https:\/\/www.saludonnet.com\/blog\/si-practicas-deportes-al-aire-libre-protege-tu-piel\/\"><strong>ejercicio al aire libre<\/strong><\/a>, puesto que una mayor inhalaci\u00f3n de aire hace que tambi\u00e9n se inhale m\u00e1s polen, provocando una inflamaci\u00f3n, tanto de nariz como de bronquios.<\/li>\n<li>Huir de las zonas con mucha <a href=\"https:\/\/www.saludonnet.com\/blog\/como-afecta-la-contaminacion-del-aire-a-la-salud\/\"><strong>contaminaci\u00f3n<\/strong><\/a>. En estos lugares las plantas reaccionan a la poluci\u00f3n con p\u00f3lenes que contienen m\u00e1s cantidad de prote\u00ednas al\u00e9rgicas.<\/li>\n<li>Protegerse los ojos con gafas de sol.<\/li>\n<li>Ventilar la casa a mediod\u00eda, en el momento en el que la emisi\u00f3n de polen es mucho m\u00e1s baja.<\/li>\n<li>No abrir las ventanillas del coche.<\/li>\n<li>Utilizar mascarillas.<\/li>\n<li>Cambiarse ropa cuando se llega a casa.<\/li>\n<\/ul>\n<p><strong>El clima influye bastante<\/strong> en los s\u00edntomas de la polinosis. Los d\u00edas de lluvia el agua limpia la atm\u00f3sfera y no hay tanto polen. Pero el tiempo c\u00e1lido, seco y con viento lo distribuye m\u00e1s f\u00e1cilmente y perjudica a los al\u00e9rgicos, haciendo que sus s\u00edntomas empeoren. Por este motivo se recomienda que las personas con alg\u00fan tipo de alergia permanezcan el m\u00e1ximo tiempo en el interior de las casas o trabajos, con las ventanas cerradas. Como esto es complicado para la mayor\u00eda, los m\u00e9dicos aconsejan que se tome la medicaci\u00f3n pautada e inmunoterapia para mejorar la calidad de vida.<\/p>\n<h2>Criterio m\u00e9dico<\/h2>\n<p>Para saber si se tiene o no alergia al polen s\u00f3lo es necesario <strong>acudir al m\u00e9dico<\/strong> para que realice un diagn\u00f3stico concreto. El alerg\u00f3logo en consulta completa la historia cl\u00ednica del paciente y lleva a cabo un estudio, mediante pruebas cut\u00e1neas, con una muestra del al\u00e9rgeno que se sospecha. Tambi\u00e9n puede solicitar otras pruebas complementarias como la determinaci\u00f3n de\u00a0 en sangre de las inmunoglobulinas espec\u00edficas, pruebas de provocaci\u00f3n espec\u00edficas, rinomanometr\u00edas u otras que considere necesarias.<\/p>\n<p>En <a href=\"https:\/\/www.saludonnet.com\/\"><span style=\"color: #009ee0;\"><strong>SaludOnNet<\/strong><\/span><\/a> contamos con una amplia oferta de <a href=\"https:\/\/www.saludonnet.com\/centros-medicos\/alergologia\/pack-28-consulta-de-alergologia--pruebas-cutaneas-prick-test\" data-wplink-edit=\"true\"><span style=\"color: #009ee0;\"><strong>consultas de alergolog\u00eda<\/strong><\/span><\/a>, en las mejores cl\u00ednicas y hospitales de Espa\u00f1a. No lo pases mal esta primavera, si notas algunos de los s\u00edntomas que hemos expuesto y no tienes todav\u00eda un diagn\u00f3stico, acude al m\u00e9dico de inmediato. Y si ya sabes a qu\u00e9 tienes alergia, no olvides realizar una revisi\u00f3n.<\/p>\n","protected":false},"excerpt":{"rendered":"<p>La polinosis es una enfermedad al\u00e9rgica que causa malestar en los ojos, la nariz y los pulmones, provocando tos, pitidos, picor, estornudo o asma.<\/p>\n","protected":false},"author":20,"featured_media":1723,"comment_status":"open","ping_status":"open","sticky":false,"template":"","format":"standard","meta":{"footnotes":""},"categories":[71],"tags":[217],"class_list":["post-3407","post","type-post","status-publish","format-standard","has-post-thumbnail","hentry","category-alergologia","tag-pack-71-consulta-de-alergologia-espirometria"],"yoast_head":"<!-- This site is optimized with the Yoast SEO plugin v27.4 - https:\/\/yoast.com\/product\/yoast-seo-wordpress\/ -->\n<title>Alergia al polen, un cl\u00e1sico de la primavera<\/title>\n<meta name=\"description\" content=\"La polinosis es una enfermedad al\u00e9rgica que causa malestar en los ojos, la nariz y los pulmones, provocando tos, pitidos, picor, estornudo o asma.\" \/>\n<meta name=\"robots\" content=\"index, follow, max-snippet:-1, max-image-preview:large, max-video-preview:-1\" \/>\n<link rel=\"canonical\" href=\"https:\/\/www.saludonnet.com\/blog\/alergia-al-polen-un-clasico-de-la-primavera\/\" \/>\n<meta property=\"og:locale\" content=\"es_ES\" \/>\n<meta property=\"og:type\" content=\"article\" \/>\n<meta property=\"og:title\" content=\"Alergia al polen, un cl\u00e1sico de la primavera\" \/>\n<meta property=\"og:description\" content=\"La polinosis es una enfermedad al\u00e9rgica que causa malestar en los ojos, la nariz y los pulmones, provocando tos, pitidos, picor, estornudo o asma\" \/>\n<meta property=\"og:url\" content=\"https:\/\/www.saludonnet.com\/blog\/alergia-al-polen-un-clasico-de-la-primavera\/\" \/>\n<meta property=\"og:site_name\" content=\"Blog SaludOnNet\" \/>\n<meta property=\"article:publisher\" content=\"https:\/\/www.facebook.com\/pages\/SaludOnNet\/214957498526536\" \/>\n<meta property=\"article:published_time\" content=\"2025-06-09T22:00:00+00:00\" \/>\n<meta property=\"article:modified_time\" content=\"2025-11-11T15:08:51+00:00\" \/>\n<meta property=\"og:image\" content=\"https:\/\/www.saludonnet.com\/blog\/wp-content\/uploads\/2019\/05\/alergia.jpg\" \/>\n\t<meta property=\"og:image:width\" content=\"800\" \/>\n\t<meta property=\"og:image:height\" content=\"400\" \/>\n\t<meta property=\"og:image:type\" content=\"image\/jpeg\" \/>\n<meta name=\"author\" content=\"Equipo M\u00e9dico de SaludOnNet\" \/>\n<meta name=\"twitter:card\" content=\"summary_large_image\" \/>\n<meta name=\"twitter:title\" content=\"Alergia al polen, un cl\u00e1sico de la primavera\" \/>\n<meta name=\"twitter:description\" content=\"La polinosis es una enfermedad al\u00e9rgica que causa malestar en los ojos, la nariz y los pulmones, provocando tos, pitidos, picor, estornudo o asma\" \/>\n<meta name=\"twitter:creator\" content=\"@saludonnet\" \/>\n<meta name=\"twitter:site\" content=\"@saludonnet\" \/>\n<meta name=\"twitter:label1\" content=\"Escrito por\" \/>\n\t<meta name=\"twitter:data1\" content=\"Equipo M\u00e9dico de SaludOnNet\" \/>\n\t<meta name=\"twitter:label2\" content=\"Tiempo de lectura\" \/>\n\t<meta name=\"twitter:data2\" content=\"3 minutos\" \/>\n<script type=\"application\/ld+json\" class=\"yoast-schema-graph\">{\"@context\":\"https:\\\/\\\/schema.org\",\"@graph\":[{\"@type\":\"Article\",\"@id\":\"https:\\\/\\\/www.saludonnet.com\\\/blog\\\/alergia-al-polen-un-clasico-de-la-primavera\\\/#article\",\"isPartOf\":{\"@id\":\"https:\\\/\\\/www.saludonnet.com\\\/blog\\\/alergia-al-polen-un-clasico-de-la-primavera\\\/\"},\"author\":{\"name\":\"Equipo M\u00e9dico de SaludOnNet\",\"@id\":\"https:\\\/\\\/www.saludonnet.com\\\/blog\\\/#\\\/schema\\\/person\\\/50995e01cc9d6c9f29ae18d979eeff1b\"},\"headline\":\"Alergia al polen, un cl\u00e1sico de la primavera\",\"datePublished\":\"2025-06-09T22:00:00+00:00\",\"dateModified\":\"2025-11-11T15:08:51+00:00\",\"mainEntityOfPage\":{\"@id\":\"https:\\\/\\\/www.saludonnet.com\\\/blog\\\/alergia-al-polen-un-clasico-de-la-primavera\\\/\"},\"wordCount\":588,\"commentCount\":0,\"publisher\":{\"@id\":\"https:\\\/\\\/www.saludonnet.com\\\/blog\\\/#organization\"},\"image\":{\"@id\":\"https:\\\/\\\/www.saludonnet.com\\\/blog\\\/alergia-al-polen-un-clasico-de-la-primavera\\\/#primaryimage\"},\"thumbnailUrl\":\"https:\\\/\\\/soncdn.azureedge.net\\\/blog\\\/wp-content\\\/uploads\\\/2019\\\/05\\\/alergia.jpg\",\"keywords\":[\"Consulta de Alergolog\u00eda y espirometr\u00eda\"],\"articleSection\":[\"Alergolog\u00eda\"],\"inLanguage\":\"es\",\"potentialAction\":[{\"@type\":\"CommentAction\",\"name\":\"Comment\",\"target\":[\"https:\\\/\\\/www.saludonnet.com\\\/blog\\\/alergia-al-polen-un-clasico-de-la-primavera\\\/#respond\"]}]},{\"@type\":\"WebPage\",\"@id\":\"https:\\\/\\\/www.saludonnet.com\\\/blog\\\/alergia-al-polen-un-clasico-de-la-primavera\\\/\",\"url\":\"https:\\\/\\\/www.saludonnet.com\\\/blog\\\/alergia-al-polen-un-clasico-de-la-primavera\\\/\",\"name\":\"Alergia al polen, un cl\u00e1sico de la primavera\",\"isPartOf\":{\"@id\":\"https:\\\/\\\/www.saludonnet.com\\\/blog\\\/#website\"},\"primaryImageOfPage\":{\"@id\":\"https:\\\/\\\/www.saludonnet.com\\\/blog\\\/alergia-al-polen-un-clasico-de-la-primavera\\\/#primaryimage\"},\"image\":{\"@id\":\"https:\\\/\\\/www.saludonnet.com\\\/blog\\\/alergia-al-polen-un-clasico-de-la-primavera\\\/#primaryimage\"},\"thumbnailUrl\":\"https:\\\/\\\/soncdn.azureedge.net\\\/blog\\\/wp-content\\\/uploads\\\/2019\\\/05\\\/alergia.jpg\",\"datePublished\":\"2025-06-09T22:00:00+00:00\",\"dateModified\":\"2025-11-11T15:08:51+00:00\",\"description\":\"La polinosis es una enfermedad al\u00e9rgica que causa malestar en los ojos, la nariz y los pulmones, provocando tos, pitidos, picor, estornudo o asma.\",\"breadcrumb\":{\"@id\":\"https:\\\/\\\/www.saludonnet.com\\\/blog\\\/alergia-al-polen-un-clasico-de-la-primavera\\\/#breadcrumb\"},\"inLanguage\":\"es\",\"potentialAction\":[{\"@type\":\"ReadAction\",\"target\":[\"https:\\\/\\\/www.saludonnet.com\\\/blog\\\/alergia-al-polen-un-clasico-de-la-primavera\\\/\"]}]},{\"@type\":\"ImageObject\",\"inLanguage\":\"es\",\"@id\":\"https:\\\/\\\/www.saludonnet.com\\\/blog\\\/alergia-al-polen-un-clasico-de-la-primavera\\\/#primaryimage\",\"url\":\"https:\\\/\\\/soncdn.azureedge.net\\\/blog\\\/wp-content\\\/uploads\\\/2019\\\/05\\\/alergia.jpg\",\"contentUrl\":\"https:\\\/\\\/soncdn.azureedge.net\\\/blog\\\/wp-content\\\/uploads\\\/2019\\\/05\\\/alergia.jpg\",\"width\":800,\"height\":400,\"caption\":\"alergia al polen\"},{\"@type\":\"BreadcrumbList\",\"@id\":\"https:\\\/\\\/www.saludonnet.com\\\/blog\\\/alergia-al-polen-un-clasico-de-la-primavera\\\/#breadcrumb\",\"itemListElement\":[{\"@type\":\"ListItem\",\"position\":1,\"name\":\"Portada\",\"item\":\"https:\\\/\\\/www.saludonnet.com\\\/blog\\\/\"},{\"@type\":\"ListItem\",\"position\":2,\"name\":\"Alergolog\u00eda\",\"item\":\"https:\\\/\\\/www.saludonnet.com\\\/blog\\\/topic\\\/alergologia\\\/\"},{\"@type\":\"ListItem\",\"position\":3,\"name\":\"Alergia al polen, un cl\u00e1sico de la primavera\"}]},{\"@type\":\"WebSite\",\"@id\":\"https:\\\/\\\/www.saludonnet.com\\\/blog\\\/#website\",\"url\":\"https:\\\/\\\/www.saludonnet.com\\\/blog\\\/\",\"name\":\"Blog SaludOnNet\",\"description\":\"Un espacio donde encontrar\u00e1s consejos y art\u00edculos para cuidar de tu salud\",\"publisher\":{\"@id\":\"https:\\\/\\\/www.saludonnet.com\\\/blog\\\/#organization\"},\"potentialAction\":[{\"@type\":\"SearchAction\",\"target\":{\"@type\":\"EntryPoint\",\"urlTemplate\":\"https:\\\/\\\/www.saludonnet.com\\\/blog\\\/?s={search_term_string}\"},\"query-input\":{\"@type\":\"PropertyValueSpecification\",\"valueRequired\":true,\"valueName\":\"search_term_string\"}}],\"inLanguage\":\"es\"},{\"@type\":\"Organization\",\"@id\":\"https:\\\/\\\/www.saludonnet.com\\\/blog\\\/#organization\",\"name\":\"SaludOnNet\",\"url\":\"https:\\\/\\\/www.saludonnet.com\\\/blog\\\/\",\"logo\":{\"@type\":\"ImageObject\",\"inLanguage\":\"es\",\"@id\":\"https:\\\/\\\/www.saludonnet.com\\\/blog\\\/#\\\/schema\\\/logo\\\/image\\\/\",\"url\":\"https:\\\/\\\/www.saludonnet.com\\\/blog\\\/wp-content\\\/uploads\\\/2019\\\/07\\\/Logo-SaludOnNet.png\",\"contentUrl\":\"https:\\\/\\\/www.saludonnet.com\\\/blog\\\/wp-content\\\/uploads\\\/2019\\\/07\\\/Logo-SaludOnNet.png\",\"width\":1140,\"height\":377,\"caption\":\"SaludOnNet\"},\"image\":{\"@id\":\"https:\\\/\\\/www.saludonnet.com\\\/blog\\\/#\\\/schema\\\/logo\\\/image\\\/\"},\"sameAs\":[\"https:\\\/\\\/www.facebook.com\\\/pages\\\/SaludOnNet\\\/214957498526536\",\"https:\\\/\\\/x.com\\\/saludonnet\",\"https:\\\/\\\/www.instagram.com\\\/saludonnet\\\/\",\"https:\\\/\\\/www.linkedin.com\\\/company\\\/saludonnet\\\/\",\"https:\\\/\\\/www.youtube.com\\\/channel\\\/UCag68GsnagqzNb6C3G-S9vQ\"]},{\"@type\":\"Person\",\"@id\":\"https:\\\/\\\/www.saludonnet.com\\\/blog\\\/#\\\/schema\\\/person\\\/50995e01cc9d6c9f29ae18d979eeff1b\",\"name\":\"Equipo M\u00e9dico de SaludOnNet\",\"image\":{\"@type\":\"ImageObject\",\"inLanguage\":\"es\",\"@id\":\"https:\\\/\\\/secure.gravatar.com\\\/avatar\\\/0ac89931d2ef75704f29e63e12335967620a1f7ac37c69f6f97ad72b9ac6496d?s=96&d=mm&r=g\",\"url\":\"https:\\\/\\\/secure.gravatar.com\\\/avatar\\\/0ac89931d2ef75704f29e63e12335967620a1f7ac37c69f6f97ad72b9ac6496d?s=96&d=mm&r=g\",\"contentUrl\":\"https:\\\/\\\/secure.gravatar.com\\\/avatar\\\/0ac89931d2ef75704f29e63e12335967620a1f7ac37c69f6f97ad72b9ac6496d?s=96&d=mm&r=g\",\"caption\":\"Equipo M\u00e9dico de SaludOnNet\"},\"description\":\"Art\u00edculo elaborado por el equipo m\u00e9dico de SaludOnNet, compuesto por especialistas destacados en su \u00e1rea.\",\"url\":\"https:\\\/\\\/www.saludonnet.com\\\/blog\\\/author\\\/saludonnet\\\/\"}]}<\/script>\n<!-- \/ Yoast SEO plugin. -->","yoast_head_json":{"title":"Alergia al polen, un cl\u00e1sico de la primavera","description":"La polinosis es una enfermedad al\u00e9rgica que causa malestar en los ojos, la nariz y los pulmones, provocando tos, pitidos, picor, estornudo o asma.","robots":{"index":"index","follow":"follow","max-snippet":"max-snippet:-1","max-image-preview":"max-image-preview:large","max-video-preview":"max-video-preview:-1"},"canonical":"https:\/\/www.saludonnet.com\/blog\/alergia-al-polen-un-clasico-de-la-primavera\/","og_locale":"es_ES","og_type":"article","og_title":"Alergia al polen, un cl\u00e1sico de la primavera","og_description":"La polinosis es una enfermedad al\u00e9rgica que causa malestar en los ojos, la nariz y los pulmones, provocando tos, pitidos, picor, estornudo o asma","og_url":"https:\/\/www.saludonnet.com\/blog\/alergia-al-polen-un-clasico-de-la-primavera\/","og_site_name":"Blog SaludOnNet","article_publisher":"https:\/\/www.facebook.com\/pages\/SaludOnNet\/214957498526536","article_published_time":"2025-06-09T22:00:00+00:00","article_modified_time":"2025-11-11T15:08:51+00:00","og_image":[{"width":800,"height":400,"url":"https:\/\/www.saludonnet.com\/blog\/wp-content\/uploads\/2019\/05\/alergia.jpg","type":"image\/jpeg"}],"author":"Equipo M\u00e9dico de SaludOnNet","twitter_card":"summary_large_image","twitter_title":"Alergia al polen, un cl\u00e1sico de la primavera","twitter_description":"La polinosis es una enfermedad al\u00e9rgica que causa malestar en los ojos, la nariz y los pulmones, provocando tos, pitidos, picor, estornudo o asma","twitter_creator":"@saludonnet","twitter_site":"@saludonnet","twitter_misc":{"Escrito por":"Equipo M\u00e9dico de SaludOnNet","Tiempo de lectura":"3 minutos"},"schema":{"@context":"https:\/\/schema.org","@graph":[{"@type":"Article","@id":"https:\/\/www.saludonnet.com\/blog\/alergia-al-polen-un-clasico-de-la-primavera\/#article","isPartOf":{"@id":"https:\/\/www.saludonnet.com\/blog\/alergia-al-polen-un-clasico-de-la-primavera\/"},"author":{"name":"Equipo M\u00e9dico de SaludOnNet","@id":"https:\/\/www.saludonnet.com\/blog\/#\/schema\/person\/50995e01cc9d6c9f29ae18d979eeff1b"},"headline":"Alergia al polen, un cl\u00e1sico de la primavera","datePublished":"2025-06-09T22:00:00+00:00","dateModified":"2025-11-11T15:08:51+00:00","mainEntityOfPage":{"@id":"https:\/\/www.saludonnet.com\/blog\/alergia-al-polen-un-clasico-de-la-primavera\/"},"wordCount":588,"commentCount":0,"publisher":{"@id":"https:\/\/www.saludonnet.com\/blog\/#organization"},"image":{"@id":"https:\/\/www.saludonnet.com\/blog\/alergia-al-polen-un-clasico-de-la-primavera\/#primaryimage"},"thumbnailUrl":"https:\/\/soncdn.azureedge.net\/blog\/wp-content\/uploads\/2019\/05\/alergia.jpg","keywords":["Consulta de Alergolog\u00eda y espirometr\u00eda"],"articleSection":["Alergolog\u00eda"],"inLanguage":"es","potentialAction":[{"@type":"CommentAction","name":"Comment","target":["https:\/\/www.saludonnet.com\/blog\/alergia-al-polen-un-clasico-de-la-primavera\/#respond"]}]},{"@type":"WebPage","@id":"https:\/\/www.saludonnet.com\/blog\/alergia-al-polen-un-clasico-de-la-primavera\/","url":"https:\/\/www.saludonnet.com\/blog\/alergia-al-polen-un-clasico-de-la-primavera\/","name":"Alergia al polen, un cl\u00e1sico de la primavera","isPartOf":{"@id":"https:\/\/www.saludonnet.com\/blog\/#website"},"primaryImageOfPage":{"@id":"https:\/\/www.saludonnet.com\/blog\/alergia-al-polen-un-clasico-de-la-primavera\/#primaryimage"},"image":{"@id":"https:\/\/www.saludonnet.com\/blog\/alergia-al-polen-un-clasico-de-la-primavera\/#primaryimage"},"thumbnailUrl":"https:\/\/soncdn.azureedge.net\/blog\/wp-content\/uploads\/2019\/05\/alergia.jpg","datePublished":"2025-06-09T22:00:00+00:00","dateModified":"2025-11-11T15:08:51+00:00","description":"La polinosis es una enfermedad al\u00e9rgica que causa malestar en los ojos, la nariz y los pulmones, provocando tos, pitidos, picor, estornudo o asma.","breadcrumb":{"@id":"https:\/\/www.saludonnet.com\/blog\/alergia-al-polen-un-clasico-de-la-primavera\/#breadcrumb"},"inLanguage":"es","potentialAction":[{"@type":"ReadAction","target":["https:\/\/www.saludonnet.com\/blog\/alergia-al-polen-un-clasico-de-la-primavera\/"]}]},{"@type":"ImageObject","inLanguage":"es","@id":"https:\/\/www.saludonnet.com\/blog\/alergia-al-polen-un-clasico-de-la-primavera\/#primaryimage","url":"https:\/\/soncdn.azureedge.net\/blog\/wp-content\/uploads\/2019\/05\/alergia.jpg","contentUrl":"https:\/\/soncdn.azureedge.net\/blog\/wp-content\/uploads\/2019\/05\/alergia.jpg","width":800,"height":400,"caption":"alergia al polen"},{"@type":"BreadcrumbList","@id":"https:\/\/www.saludonnet.com\/blog\/alergia-al-polen-un-clasico-de-la-primavera\/#breadcrumb","itemListElement":[{"@type":"ListItem","position":1,"name":"Portada","item":"https:\/\/www.saludonnet.com\/blog\/"},{"@type":"ListItem","position":2,"name":"Alergolog\u00eda","item":"https:\/\/www.saludonnet.com\/blog\/topic\/alergologia\/"},{"@type":"ListItem","position":3,"name":"Alergia al polen, un cl\u00e1sico de la primavera"}]},{"@type":"WebSite","@id":"https:\/\/www.saludonnet.com\/blog\/#website","url":"https:\/\/www.saludonnet.com\/blog\/","name":"Blog SaludOnNet","description":"Un espacio donde encontrar\u00e1s consejos y art\u00edculos para cuidar de tu salud","publisher":{"@id":"https:\/\/www.saludonnet.com\/blog\/#organization"},"potentialAction":[{"@type":"SearchAction","target":{"@type":"EntryPoint","urlTemplate":"https:\/\/www.saludonnet.com\/blog\/?s={search_term_string}"},"query-input":{"@type":"PropertyValueSpecification","valueRequired":true,"valueName":"search_term_string"}}],"inLanguage":"es"},{"@type":"Organization","@id":"https:\/\/www.saludonnet.com\/blog\/#organization","name":"SaludOnNet","url":"https:\/\/www.saludonnet.com\/blog\/","logo":{"@type":"ImageObject","inLanguage":"es","@id":"https:\/\/www.saludonnet.com\/blog\/#\/schema\/logo\/image\/","url":"https:\/\/www.saludonnet.com\/blog\/wp-content\/uploads\/2019\/07\/Logo-SaludOnNet.png","contentUrl":"https:\/\/www.saludonnet.com\/blog\/wp-content\/uploads\/2019\/07\/Logo-SaludOnNet.png","width":1140,"height":377,"caption":"SaludOnNet"},"image":{"@id":"https:\/\/www.saludonnet.com\/blog\/#\/schema\/logo\/image\/"},"sameAs":["https:\/\/www.facebook.com\/pages\/SaludOnNet\/214957498526536","https:\/\/x.com\/saludonnet","https:\/\/www.instagram.com\/saludonnet\/","https:\/\/www.linkedin.com\/company\/saludonnet\/","https:\/\/www.youtube.com\/channel\/UCag68GsnagqzNb6C3G-S9vQ"]},{"@type":"Person","@id":"https:\/\/www.saludonnet.com\/blog\/#\/schema\/person\/50995e01cc9d6c9f29ae18d979eeff1b","name":"Equipo M\u00e9dico de SaludOnNet","image":{"@type":"ImageObject","inLanguage":"es","@id":"https:\/\/secure.gravatar.com\/avatar\/0ac89931d2ef75704f29e63e12335967620a1f7ac37c69f6f97ad72b9ac6496d?s=96&d=mm&r=g","url":"https:\/\/secure.gravatar.com\/avatar\/0ac89931d2ef75704f29e63e12335967620a1f7ac37c69f6f97ad72b9ac6496d?s=96&d=mm&r=g","contentUrl":"https:\/\/secure.gravatar.com\/avatar\/0ac89931d2ef75704f29e63e12335967620a1f7ac37c69f6f97ad72b9ac6496d?s=96&d=mm&r=g","caption":"Equipo M\u00e9dico de SaludOnNet"},"description":"Art\u00edculo elaborado por el equipo m\u00e9dico de SaludOnNet, compuesto por especialistas destacados en su \u00e1rea.","url":"https:\/\/www.saludonnet.com\/blog\/author\/saludonnet\/"}]}},"acf":[],"_links":{"self":[{"href":"https:\/\/www.saludonnet.com\/blog\/wp-json\/wp\/v2\/posts\/3407","targetHints":{"allow":["GET"]}}],"collection":[{"href":"https:\/\/www.saludonnet.com\/blog\/wp-json\/wp\/v2\/posts"}],"about":[{"href":"https:\/\/www.saludonnet.com\/blog\/wp-json\/wp\/v2\/types\/post"}],"author":[{"embeddable":true,"href":"https:\/\/www.saludonnet.com\/blog\/wp-json\/wp\/v2\/users\/20"}],"replies":[{"embeddable":true,"href":"https:\/\/www.saludonnet.com\/blog\/wp-json\/wp\/v2\/comments?post=3407"}],"version-history":[{"count":11,"href":"https:\/\/www.saludonnet.com\/blog\/wp-json\/wp\/v2\/posts\/3407\/revisions"}],"predecessor-version":[{"id":14774,"href":"https:\/\/www.saludonnet.com\/blog\/wp-json\/wp\/v2\/posts\/3407\/revisions\/14774"}],"wp:featuredmedia":[{"embeddable":true,"href":"https:\/\/www.saludonnet.com\/blog\/wp-json\/wp\/v2\/media\/1723"}],"wp:attachment":[{"href":"https:\/\/www.saludonnet.com\/blog\/wp-json\/wp\/v2\/media?parent=3407"}],"wp:term":[{"taxonomy":"category","embeddable":true,"href":"https:\/\/www.saludonnet.com\/blog\/wp-json\/wp\/v2\/categories?post=3407"},{"taxonomy":"post_tag","embeddable":true,"href":"https:\/\/www.saludonnet.com\/blog\/wp-json\/wp\/v2\/tags?post=3407"}],"curies":[{"name":"wp","href":"https:\/\/api.w.org\/{rel}","templated":true}]}}