{"id":3277,"date":"2025-08-05T00:00:00","date_gmt":"2025-08-04T22:00:00","guid":{"rendered":"http:\/\/apdev.ovh\/saludon\/?p=3277"},"modified":"2025-11-11T16:31:44","modified_gmt":"2025-11-11T15:31:44","slug":"se-me-cae-el-pelo-me-tengo-que-preocupar","status":"publish","type":"post","link":"https:\/\/www.saludonnet.com\/blog\/se-me-cae-el-pelo-me-tengo-que-preocupar\/","title":{"rendered":"Se me cae el pelo, \u00bfme tengo que preocupar?"},"content":{"rendered":"<p>En los \u00faltimos a\u00f1os es muy frecuente ver a gente joven con poco <span style=\"color: #009ee0;\"><a style=\"color: #009ee0;\" href=\"https:\/\/www.saludonnet.com\/blog\/que-hacer-con-el-pelo-tras-el-verano\/\"><strong>pelo<\/strong><\/a><\/span>, cuando antes esto suced\u00eda, por lo general, en edades m\u00e1s avanzadas. A d\u00eda de hoy la p\u00e9rdida del cabello sigue siendo un problema para muchas personas y, en muchos casos, no se ha encontrado una soluci\u00f3n efectiva que no sean los implantes capilares. La parte positiva es que la mayor\u00eda de las veces, si se trata a tiempo, tiene soluci\u00f3n.<!--more--><\/p>\n<p>La <strong>alopecia<\/strong> es un proceso patol\u00f3gico que afecta a los fol\u00edculos pilosos, haciendo que se caigan de forma prematura o que dejen de salir. No s\u00f3lo ocurre en el cuero cabelludo, sino en todas las \u00e1reas pilosas como el pecho, la barba o el bigote, en el caso de los hombres. Puede producirse de forma localizada o difusa y puede ser fisiol\u00f3gica o secundaria. Esta \u00faltima se da cuando es la consecuencia de una enfermedad, puesto que hay muchas patolog\u00edas que cursan con ca\u00edda del cabello.<\/p>\n<h2>Tipos de alopecia<\/h2>\n<p>Seg\u00fan los tipos de alopecia se clasifica como <strong>cicatricial<\/strong> y <strong>no cicatricial<\/strong>. En la primera la p\u00e9rdida de pelo es irreversible, porque ya se ha producido una ruptura de la estructura folicular. \u00a0Las m\u00e1s frecuentes son las infecciosas, tumorales, por dermatosis o por enfermedades hereditarias.<\/p>\n<p><strong>La alopecia no cicatricial es la que m\u00e1s se da y tiene soluci\u00f3n<\/strong> mediante tratamiento, mejorando considerablemente o incluso cur\u00e1ndose. En ellas el fol\u00edculo todav\u00eda est\u00e1 activo y puede estimular el crecimiento del cabello. Esta alopecia puede aparecer por:<\/p>\n<ul>\n<li><strong>Estr\u00e9s<\/strong>. <em>La mayor\u00eda de las alopecias se producen por estr\u00e9s.<\/em> En muchos casos, con poner fin al problema primario que est\u00e1 produciendo ese estr\u00e9s se acaba con la p\u00e9rdida de pelo. Aqu\u00ed especialistas como los <a href=\"https:\/\/www.saludonnet.com\/servicios-medicos\/psiquiatria\"><strong><span style=\"color: #009ee0;\">psiquiatras<\/span><\/strong><\/a> o <a href=\"https:\/\/www.saludonnet.com\/servicios-medicos\/psicologia\"><span style=\"color: #009ee0;\"><strong>psic\u00f3logos<\/strong><\/span><\/a> juegan un papel importante. La <strong>alopecia areata <\/strong>es la m\u00e1s habitual. Se produce en una zona determinada, muchas veces en forma de c\u00edrculo. Puede aparecer en el cuero cabelludo o en el resto de zonas pilosas. En estos casos el cuero cabelludo est\u00e1 sano, por lo que se repara en m\u00e1s del 90% de las ocasiones. Este tipo de alopecia se da mucho en los ni\u00f1os y es importante que los padres lleven al peque\u00f1o al m\u00e9dico para descartar la enfermedad de la ti\u00f1a.<\/li>\n<li><strong>Efluvio post parto<\/strong>. Ca\u00edda de pelo que se produce en la mujer tras dar a luz, a consecuencia de los cambios hormonales sufridos.<\/li>\n<li><strong>Alopecia difusa<\/strong>. Se produce en la adolescencia, el embarazo o el climaterio (periodo en el que empieza a declinar la funci\u00f3n ov\u00e1rica). Hay fol\u00edculos pilosos que son muy sensibles a los cambios hormonales que se producen en estas etapas de la vida.<\/li>\n<li><strong>Alopecia androgen\u00e9tica<\/strong>. En el caso de una persona con alopecia androgen\u00e9tica o prematura, sobre todo hombres, es normal que en momentos de cambio aparezca la p\u00e9rdida de pelo.<\/li>\n<li><strong>Enfermedades sist\u00e9micas<\/strong> como el lupus, la diabetes, alteraciones en la tiroides o d\u00e9ficits de hierro. Tambi\u00e9n se sabe que existe que un d\u00e9ficit de la enzima L ciste\u00edna que produce p\u00e9rdida de cabello.<\/li>\n<\/ul>\n<h2>\u00bfC\u00f3mo tratar la alopecia?<\/h2>\n<p>Si se llevan a cabo los tratamientos prescritos por el m\u00e9dico en muchos casos se recupera el pelo. Pero es importante que no se prolongue durante mucho tiempo, ya que cuando se instala el fol\u00edculo deja de recibir el est\u00edmulo para formar el pelo y se fibrosa. Por eso, en cuanto la persona note que hay una p\u00e9rdida de pelo significativa, que llame la atenci\u00f3n, debe acudir al <a href=\"https:\/\/www.saludonnet.com\/servicios-medicos\/dermatologia\"><strong>dermat\u00f3logo<\/strong> <\/a>para que lo diagnostique y tambi\u00e9n para descartar que exista otra enfermedad concomitante.<\/p>\n<p>De momento el \u00fanico medicamento realmente eficaz para la alopecia es el <strong>minoxidil<\/strong>, en loci\u00f3n o espuma. En los hombres se utiliza al 5%, pero en las mujeres el porcentaje es m\u00e1s bajo, para evitar que aparezca pelo en zonas en las que no debe salir.<\/p>\n<p>Existen medicamentos orales que pueden ayudar tambi\u00e9n, como los suplementos vitam\u00ednicos y la finasterida, muy eficaz en los hombres. Tambi\u00e9n dan buenos resultados los tratamientos bioestimuladores y las cortisonas locales, que producen hipertricosis (crecimiento excesivo de vello).<\/p>\n<p>Es importante no obsesionarse, puesto que es normal que las personas pierdan al d\u00eda en torno a 70 u 80 pelos diarios. No se recomienda recoger el pelo que se cae en la ducha, porque genera m\u00e1s ansiedad en la persona y por consiguiente m\u00e1s ca\u00edda. Ante la sospecha de p\u00e9rdida importante de pelo lo mejor es acudir al m\u00e9dico. En <a href=\"https:\/\/www.saludonnet.com\"><strong><span style=\"color: #009ee0;\">SaludOnNet<\/span><\/strong><\/a> tenemos los especialistas que buscas.<\/p>\n","protected":false},"excerpt":{"rendered":"<p>La alopecia es un proceso patol\u00f3gico que afecta a los fol\u00edculos pilosos, haciendo que se caigan de forma prematura o que dejen de salir.<\/p>\n","protected":false},"author":20,"featured_media":8014,"comment_status":"open","ping_status":"open","sticky":false,"template":"","format":"standard","meta":{"footnotes":""},"categories":[57],"tags":[230],"class_list":["post-3277","post","type-post","status-publish","format-standard","has-post-thumbnail","hentry","category-dermatologia","tag-2233-consulta"],"yoast_head":"<!-- This site is optimized with the Yoast SEO plugin v27.5 - https:\/\/yoast.com\/product\/yoast-seo-wordpress\/ -->\n<title>Se me cae el pelo, \u00bfme tengo que preocupar?<\/title>\n<meta name=\"description\" content=\"La alopecia es un proceso patol\u00f3gico que afecta a los fol\u00edculos pilosos, haciendo que se caigan de forma prematura o que dejen de salir.\" \/>\n<meta name=\"robots\" content=\"index, follow, max-snippet:-1, max-image-preview:large, max-video-preview:-1\" \/>\n<link rel=\"canonical\" href=\"https:\/\/www.saludonnet.com\/blog\/se-me-cae-el-pelo-me-tengo-que-preocupar\/\" \/>\n<meta property=\"og:locale\" content=\"es_ES\" \/>\n<meta property=\"og:type\" content=\"article\" \/>\n<meta property=\"og:title\" content=\"Se me cae el pelo, \u00bfme tengo que preocupar?\" \/>\n<meta property=\"og:description\" content=\"La alopecia es un proceso patol\u00f3gico que afecta a los fol\u00edculos pilosos, haciendo que se caigan de forma prematura o que dejen de salir. En muchos casos se produce por estr\u00e9s.\" \/>\n<meta property=\"og:url\" content=\"https:\/\/www.saludonnet.com\/blog\/se-me-cae-el-pelo-me-tengo-que-preocupar\/\" \/>\n<meta property=\"og:site_name\" content=\"Blog SaludOnNet\" \/>\n<meta property=\"article:publisher\" content=\"https:\/\/www.facebook.com\/pages\/SaludOnNet\/214957498526536\" \/>\n<meta property=\"article:published_time\" content=\"2025-08-04T22:00:00+00:00\" \/>\n<meta property=\"article:modified_time\" content=\"2025-11-11T15:31:44+00:00\" \/>\n<meta property=\"og:image\" content=\"https:\/\/www.saludonnet.com\/blog\/wp-content\/uploads\/2017\/04\/caida-del-pelo.jpg\" \/>\n\t<meta property=\"og:image:width\" content=\"800\" \/>\n\t<meta property=\"og:image:height\" content=\"400\" \/>\n\t<meta property=\"og:image:type\" content=\"image\/jpeg\" \/>\n<meta name=\"author\" content=\"Equipo M\u00e9dico de SaludOnNet\" \/>\n<meta name=\"twitter:card\" content=\"summary_large_image\" \/>\n<meta name=\"twitter:title\" content=\"Se me cae el pelo, \u00bfme tengo que preocupar?\" \/>\n<meta name=\"twitter:description\" content=\"La alopecia es un proceso patol\u00f3gico que afecta a los fol\u00edculos pilosos, haciendo que se caigan de forma prematura o que dejen de salir. En muchos casos se produce por estr\u00e9s.\" \/>\n<meta name=\"twitter:creator\" content=\"@saludonnet\" \/>\n<meta name=\"twitter:site\" content=\"@saludonnet\" \/>\n<meta name=\"twitter:label1\" content=\"Escrito por\" \/>\n\t<meta name=\"twitter:data1\" content=\"Equipo M\u00e9dico de SaludOnNet\" \/>\n\t<meta name=\"twitter:label2\" content=\"Tiempo de lectura\" \/>\n\t<meta name=\"twitter:data2\" content=\"4 minutos\" \/>\n<script type=\"application\/ld+json\" class=\"yoast-schema-graph\">{\"@context\":\"https:\\\/\\\/schema.org\",\"@graph\":[{\"@type\":\"Article\",\"@id\":\"https:\\\/\\\/www.saludonnet.com\\\/blog\\\/se-me-cae-el-pelo-me-tengo-que-preocupar\\\/#article\",\"isPartOf\":{\"@id\":\"https:\\\/\\\/www.saludonnet.com\\\/blog\\\/se-me-cae-el-pelo-me-tengo-que-preocupar\\\/\"},\"author\":{\"name\":\"Equipo M\u00e9dico de SaludOnNet\",\"@id\":\"https:\\\/\\\/www.saludonnet.com\\\/blog\\\/#\\\/schema\\\/person\\\/50995e01cc9d6c9f29ae18d979eeff1b\"},\"headline\":\"Se me cae el pelo, \u00bfme tengo que preocupar?\",\"datePublished\":\"2025-08-04T22:00:00+00:00\",\"dateModified\":\"2025-11-11T15:31:44+00:00\",\"mainEntityOfPage\":{\"@id\":\"https:\\\/\\\/www.saludonnet.com\\\/blog\\\/se-me-cae-el-pelo-me-tengo-que-preocupar\\\/\"},\"wordCount\":803,\"commentCount\":0,\"publisher\":{\"@id\":\"https:\\\/\\\/www.saludonnet.com\\\/blog\\\/#organization\"},\"image\":{\"@id\":\"https:\\\/\\\/www.saludonnet.com\\\/blog\\\/se-me-cae-el-pelo-me-tengo-que-preocupar\\\/#primaryimage\"},\"thumbnailUrl\":\"https:\\\/\\\/soncdn.azureedge.net\\\/blog\\\/wp-content\\\/uploads\\\/2017\\\/04\\\/caida-del-pelo.jpg\",\"keywords\":[\"Consulta de Dermatolog\u00eda\"],\"articleSection\":[\"Dermatolog\u00eda\"],\"inLanguage\":\"es\",\"potentialAction\":[{\"@type\":\"CommentAction\",\"name\":\"Comment\",\"target\":[\"https:\\\/\\\/www.saludonnet.com\\\/blog\\\/se-me-cae-el-pelo-me-tengo-que-preocupar\\\/#respond\"]}]},{\"@type\":\"WebPage\",\"@id\":\"https:\\\/\\\/www.saludonnet.com\\\/blog\\\/se-me-cae-el-pelo-me-tengo-que-preocupar\\\/\",\"url\":\"https:\\\/\\\/www.saludonnet.com\\\/blog\\\/se-me-cae-el-pelo-me-tengo-que-preocupar\\\/\",\"name\":\"Se me cae el pelo, \u00bfme tengo que preocupar?\",\"isPartOf\":{\"@id\":\"https:\\\/\\\/www.saludonnet.com\\\/blog\\\/#website\"},\"primaryImageOfPage\":{\"@id\":\"https:\\\/\\\/www.saludonnet.com\\\/blog\\\/se-me-cae-el-pelo-me-tengo-que-preocupar\\\/#primaryimage\"},\"image\":{\"@id\":\"https:\\\/\\\/www.saludonnet.com\\\/blog\\\/se-me-cae-el-pelo-me-tengo-que-preocupar\\\/#primaryimage\"},\"thumbnailUrl\":\"https:\\\/\\\/soncdn.azureedge.net\\\/blog\\\/wp-content\\\/uploads\\\/2017\\\/04\\\/caida-del-pelo.jpg\",\"datePublished\":\"2025-08-04T22:00:00+00:00\",\"dateModified\":\"2025-11-11T15:31:44+00:00\",\"description\":\"La alopecia es un proceso patol\u00f3gico que afecta a los fol\u00edculos pilosos, haciendo que se caigan de forma prematura o que dejen de salir.\",\"breadcrumb\":{\"@id\":\"https:\\\/\\\/www.saludonnet.com\\\/blog\\\/se-me-cae-el-pelo-me-tengo-que-preocupar\\\/#breadcrumb\"},\"inLanguage\":\"es\",\"potentialAction\":[{\"@type\":\"ReadAction\",\"target\":[\"https:\\\/\\\/www.saludonnet.com\\\/blog\\\/se-me-cae-el-pelo-me-tengo-que-preocupar\\\/\"]}]},{\"@type\":\"ImageObject\",\"inLanguage\":\"es\",\"@id\":\"https:\\\/\\\/www.saludonnet.com\\\/blog\\\/se-me-cae-el-pelo-me-tengo-que-preocupar\\\/#primaryimage\",\"url\":\"https:\\\/\\\/soncdn.azureedge.net\\\/blog\\\/wp-content\\\/uploads\\\/2017\\\/04\\\/caida-del-pelo.jpg\",\"contentUrl\":\"https:\\\/\\\/soncdn.azureedge.net\\\/blog\\\/wp-content\\\/uploads\\\/2017\\\/04\\\/caida-del-pelo.jpg\",\"width\":800,\"height\":400,\"caption\":\"caida-del-pelo\"},{\"@type\":\"BreadcrumbList\",\"@id\":\"https:\\\/\\\/www.saludonnet.com\\\/blog\\\/se-me-cae-el-pelo-me-tengo-que-preocupar\\\/#breadcrumb\",\"itemListElement\":[{\"@type\":\"ListItem\",\"position\":1,\"name\":\"Portada\",\"item\":\"https:\\\/\\\/www.saludonnet.com\\\/blog\\\/\"},{\"@type\":\"ListItem\",\"position\":2,\"name\":\"Dermatolog\u00eda\",\"item\":\"https:\\\/\\\/www.saludonnet.com\\\/blog\\\/topic\\\/dermatologia\\\/\"},{\"@type\":\"ListItem\",\"position\":3,\"name\":\"Se me cae el pelo, \u00bfme tengo que preocupar?\"}]},{\"@type\":\"WebSite\",\"@id\":\"https:\\\/\\\/www.saludonnet.com\\\/blog\\\/#website\",\"url\":\"https:\\\/\\\/www.saludonnet.com\\\/blog\\\/\",\"name\":\"Blog SaludOnNet\",\"description\":\"Un espacio donde encontrar\u00e1s consejos y art\u00edculos para cuidar de tu salud\",\"publisher\":{\"@id\":\"https:\\\/\\\/www.saludonnet.com\\\/blog\\\/#organization\"},\"potentialAction\":[{\"@type\":\"SearchAction\",\"target\":{\"@type\":\"EntryPoint\",\"urlTemplate\":\"https:\\\/\\\/www.saludonnet.com\\\/blog\\\/?s={search_term_string}\"},\"query-input\":{\"@type\":\"PropertyValueSpecification\",\"valueRequired\":true,\"valueName\":\"search_term_string\"}}],\"inLanguage\":\"es\"},{\"@type\":\"Organization\",\"@id\":\"https:\\\/\\\/www.saludonnet.com\\\/blog\\\/#organization\",\"name\":\"SaludOnNet\",\"url\":\"https:\\\/\\\/www.saludonnet.com\\\/blog\\\/\",\"logo\":{\"@type\":\"ImageObject\",\"inLanguage\":\"es\",\"@id\":\"https:\\\/\\\/www.saludonnet.com\\\/blog\\\/#\\\/schema\\\/logo\\\/image\\\/\",\"url\":\"https:\\\/\\\/www.saludonnet.com\\\/blog\\\/wp-content\\\/uploads\\\/2019\\\/07\\\/Logo-SaludOnNet.png\",\"contentUrl\":\"https:\\\/\\\/www.saludonnet.com\\\/blog\\\/wp-content\\\/uploads\\\/2019\\\/07\\\/Logo-SaludOnNet.png\",\"width\":1140,\"height\":377,\"caption\":\"SaludOnNet\"},\"image\":{\"@id\":\"https:\\\/\\\/www.saludonnet.com\\\/blog\\\/#\\\/schema\\\/logo\\\/image\\\/\"},\"sameAs\":[\"https:\\\/\\\/www.facebook.com\\\/pages\\\/SaludOnNet\\\/214957498526536\",\"https:\\\/\\\/x.com\\\/saludonnet\",\"https:\\\/\\\/www.instagram.com\\\/saludonnet\\\/\",\"https:\\\/\\\/www.linkedin.com\\\/company\\\/saludonnet\\\/\",\"https:\\\/\\\/www.youtube.com\\\/channel\\\/UCag68GsnagqzNb6C3G-S9vQ\"]},{\"@type\":\"Person\",\"@id\":\"https:\\\/\\\/www.saludonnet.com\\\/blog\\\/#\\\/schema\\\/person\\\/50995e01cc9d6c9f29ae18d979eeff1b\",\"name\":\"Equipo M\u00e9dico de SaludOnNet\",\"image\":{\"@type\":\"ImageObject\",\"inLanguage\":\"es\",\"@id\":\"https:\\\/\\\/secure.gravatar.com\\\/avatar\\\/0ac89931d2ef75704f29e63e12335967620a1f7ac37c69f6f97ad72b9ac6496d?s=96&d=mm&r=g\",\"url\":\"https:\\\/\\\/secure.gravatar.com\\\/avatar\\\/0ac89931d2ef75704f29e63e12335967620a1f7ac37c69f6f97ad72b9ac6496d?s=96&d=mm&r=g\",\"contentUrl\":\"https:\\\/\\\/secure.gravatar.com\\\/avatar\\\/0ac89931d2ef75704f29e63e12335967620a1f7ac37c69f6f97ad72b9ac6496d?s=96&d=mm&r=g\",\"caption\":\"Equipo M\u00e9dico de SaludOnNet\"},\"description\":\"Art\u00edculo elaborado por el equipo m\u00e9dico de SaludOnNet, compuesto por especialistas destacados en su \u00e1rea.\",\"url\":\"https:\\\/\\\/www.saludonnet.com\\\/blog\\\/author\\\/saludonnet\\\/\"}]}<\/script>\n<!-- \/ Yoast SEO plugin. -->","yoast_head_json":{"title":"Se me cae el pelo, \u00bfme tengo que preocupar?","description":"La alopecia es un proceso patol\u00f3gico que afecta a los fol\u00edculos pilosos, haciendo que se caigan de forma prematura o que dejen de salir.","robots":{"index":"index","follow":"follow","max-snippet":"max-snippet:-1","max-image-preview":"max-image-preview:large","max-video-preview":"max-video-preview:-1"},"canonical":"https:\/\/www.saludonnet.com\/blog\/se-me-cae-el-pelo-me-tengo-que-preocupar\/","og_locale":"es_ES","og_type":"article","og_title":"Se me cae el pelo, \u00bfme tengo que preocupar?","og_description":"La alopecia es un proceso patol\u00f3gico que afecta a los fol\u00edculos pilosos, haciendo que se caigan de forma prematura o que dejen de salir. En muchos casos se produce por estr\u00e9s.","og_url":"https:\/\/www.saludonnet.com\/blog\/se-me-cae-el-pelo-me-tengo-que-preocupar\/","og_site_name":"Blog SaludOnNet","article_publisher":"https:\/\/www.facebook.com\/pages\/SaludOnNet\/214957498526536","article_published_time":"2025-08-04T22:00:00+00:00","article_modified_time":"2025-11-11T15:31:44+00:00","og_image":[{"width":800,"height":400,"url":"https:\/\/www.saludonnet.com\/blog\/wp-content\/uploads\/2017\/04\/caida-del-pelo.jpg","type":"image\/jpeg"}],"author":"Equipo M\u00e9dico de SaludOnNet","twitter_card":"summary_large_image","twitter_title":"Se me cae el pelo, \u00bfme tengo que preocupar?","twitter_description":"La alopecia es un proceso patol\u00f3gico que afecta a los fol\u00edculos pilosos, haciendo que se caigan de forma prematura o que dejen de salir. En muchos casos se produce por estr\u00e9s.","twitter_creator":"@saludonnet","twitter_site":"@saludonnet","twitter_misc":{"Escrito por":"Equipo M\u00e9dico de SaludOnNet","Tiempo de lectura":"4 minutos"},"schema":{"@context":"https:\/\/schema.org","@graph":[{"@type":"Article","@id":"https:\/\/www.saludonnet.com\/blog\/se-me-cae-el-pelo-me-tengo-que-preocupar\/#article","isPartOf":{"@id":"https:\/\/www.saludonnet.com\/blog\/se-me-cae-el-pelo-me-tengo-que-preocupar\/"},"author":{"name":"Equipo M\u00e9dico de SaludOnNet","@id":"https:\/\/www.saludonnet.com\/blog\/#\/schema\/person\/50995e01cc9d6c9f29ae18d979eeff1b"},"headline":"Se me cae el pelo, \u00bfme tengo que preocupar?","datePublished":"2025-08-04T22:00:00+00:00","dateModified":"2025-11-11T15:31:44+00:00","mainEntityOfPage":{"@id":"https:\/\/www.saludonnet.com\/blog\/se-me-cae-el-pelo-me-tengo-que-preocupar\/"},"wordCount":803,"commentCount":0,"publisher":{"@id":"https:\/\/www.saludonnet.com\/blog\/#organization"},"image":{"@id":"https:\/\/www.saludonnet.com\/blog\/se-me-cae-el-pelo-me-tengo-que-preocupar\/#primaryimage"},"thumbnailUrl":"https:\/\/soncdn.azureedge.net\/blog\/wp-content\/uploads\/2017\/04\/caida-del-pelo.jpg","keywords":["Consulta de Dermatolog\u00eda"],"articleSection":["Dermatolog\u00eda"],"inLanguage":"es","potentialAction":[{"@type":"CommentAction","name":"Comment","target":["https:\/\/www.saludonnet.com\/blog\/se-me-cae-el-pelo-me-tengo-que-preocupar\/#respond"]}]},{"@type":"WebPage","@id":"https:\/\/www.saludonnet.com\/blog\/se-me-cae-el-pelo-me-tengo-que-preocupar\/","url":"https:\/\/www.saludonnet.com\/blog\/se-me-cae-el-pelo-me-tengo-que-preocupar\/","name":"Se me cae el pelo, \u00bfme tengo que preocupar?","isPartOf":{"@id":"https:\/\/www.saludonnet.com\/blog\/#website"},"primaryImageOfPage":{"@id":"https:\/\/www.saludonnet.com\/blog\/se-me-cae-el-pelo-me-tengo-que-preocupar\/#primaryimage"},"image":{"@id":"https:\/\/www.saludonnet.com\/blog\/se-me-cae-el-pelo-me-tengo-que-preocupar\/#primaryimage"},"thumbnailUrl":"https:\/\/soncdn.azureedge.net\/blog\/wp-content\/uploads\/2017\/04\/caida-del-pelo.jpg","datePublished":"2025-08-04T22:00:00+00:00","dateModified":"2025-11-11T15:31:44+00:00","description":"La alopecia es un proceso patol\u00f3gico que afecta a los fol\u00edculos pilosos, haciendo que se caigan de forma prematura o que dejen de salir.","breadcrumb":{"@id":"https:\/\/www.saludonnet.com\/blog\/se-me-cae-el-pelo-me-tengo-que-preocupar\/#breadcrumb"},"inLanguage":"es","potentialAction":[{"@type":"ReadAction","target":["https:\/\/www.saludonnet.com\/blog\/se-me-cae-el-pelo-me-tengo-que-preocupar\/"]}]},{"@type":"ImageObject","inLanguage":"es","@id":"https:\/\/www.saludonnet.com\/blog\/se-me-cae-el-pelo-me-tengo-que-preocupar\/#primaryimage","url":"https:\/\/soncdn.azureedge.net\/blog\/wp-content\/uploads\/2017\/04\/caida-del-pelo.jpg","contentUrl":"https:\/\/soncdn.azureedge.net\/blog\/wp-content\/uploads\/2017\/04\/caida-del-pelo.jpg","width":800,"height":400,"caption":"caida-del-pelo"},{"@type":"BreadcrumbList","@id":"https:\/\/www.saludonnet.com\/blog\/se-me-cae-el-pelo-me-tengo-que-preocupar\/#breadcrumb","itemListElement":[{"@type":"ListItem","position":1,"name":"Portada","item":"https:\/\/www.saludonnet.com\/blog\/"},{"@type":"ListItem","position":2,"name":"Dermatolog\u00eda","item":"https:\/\/www.saludonnet.com\/blog\/topic\/dermatologia\/"},{"@type":"ListItem","position":3,"name":"Se me cae el pelo, \u00bfme tengo que preocupar?"}]},{"@type":"WebSite","@id":"https:\/\/www.saludonnet.com\/blog\/#website","url":"https:\/\/www.saludonnet.com\/blog\/","name":"Blog SaludOnNet","description":"Un espacio donde encontrar\u00e1s consejos y art\u00edculos para cuidar de tu salud","publisher":{"@id":"https:\/\/www.saludonnet.com\/blog\/#organization"},"potentialAction":[{"@type":"SearchAction","target":{"@type":"EntryPoint","urlTemplate":"https:\/\/www.saludonnet.com\/blog\/?s={search_term_string}"},"query-input":{"@type":"PropertyValueSpecification","valueRequired":true,"valueName":"search_term_string"}}],"inLanguage":"es"},{"@type":"Organization","@id":"https:\/\/www.saludonnet.com\/blog\/#organization","name":"SaludOnNet","url":"https:\/\/www.saludonnet.com\/blog\/","logo":{"@type":"ImageObject","inLanguage":"es","@id":"https:\/\/www.saludonnet.com\/blog\/#\/schema\/logo\/image\/","url":"https:\/\/www.saludonnet.com\/blog\/wp-content\/uploads\/2019\/07\/Logo-SaludOnNet.png","contentUrl":"https:\/\/www.saludonnet.com\/blog\/wp-content\/uploads\/2019\/07\/Logo-SaludOnNet.png","width":1140,"height":377,"caption":"SaludOnNet"},"image":{"@id":"https:\/\/www.saludonnet.com\/blog\/#\/schema\/logo\/image\/"},"sameAs":["https:\/\/www.facebook.com\/pages\/SaludOnNet\/214957498526536","https:\/\/x.com\/saludonnet","https:\/\/www.instagram.com\/saludonnet\/","https:\/\/www.linkedin.com\/company\/saludonnet\/","https:\/\/www.youtube.com\/channel\/UCag68GsnagqzNb6C3G-S9vQ"]},{"@type":"Person","@id":"https:\/\/www.saludonnet.com\/blog\/#\/schema\/person\/50995e01cc9d6c9f29ae18d979eeff1b","name":"Equipo M\u00e9dico de SaludOnNet","image":{"@type":"ImageObject","inLanguage":"es","@id":"https:\/\/secure.gravatar.com\/avatar\/0ac89931d2ef75704f29e63e12335967620a1f7ac37c69f6f97ad72b9ac6496d?s=96&d=mm&r=g","url":"https:\/\/secure.gravatar.com\/avatar\/0ac89931d2ef75704f29e63e12335967620a1f7ac37c69f6f97ad72b9ac6496d?s=96&d=mm&r=g","contentUrl":"https:\/\/secure.gravatar.com\/avatar\/0ac89931d2ef75704f29e63e12335967620a1f7ac37c69f6f97ad72b9ac6496d?s=96&d=mm&r=g","caption":"Equipo M\u00e9dico de SaludOnNet"},"description":"Art\u00edculo elaborado por el equipo m\u00e9dico de SaludOnNet, compuesto por especialistas destacados en su \u00e1rea.","url":"https:\/\/www.saludonnet.com\/blog\/author\/saludonnet\/"}]}},"acf":[],"_links":{"self":[{"href":"https:\/\/www.saludonnet.com\/blog\/wp-json\/wp\/v2\/posts\/3277","targetHints":{"allow":["GET"]}}],"collection":[{"href":"https:\/\/www.saludonnet.com\/blog\/wp-json\/wp\/v2\/posts"}],"about":[{"href":"https:\/\/www.saludonnet.com\/blog\/wp-json\/wp\/v2\/types\/post"}],"author":[{"embeddable":true,"href":"https:\/\/www.saludonnet.com\/blog\/wp-json\/wp\/v2\/users\/20"}],"replies":[{"embeddable":true,"href":"https:\/\/www.saludonnet.com\/blog\/wp-json\/wp\/v2\/comments?post=3277"}],"version-history":[{"count":6,"href":"https:\/\/www.saludonnet.com\/blog\/wp-json\/wp\/v2\/posts\/3277\/revisions"}],"predecessor-version":[{"id":10887,"href":"https:\/\/www.saludonnet.com\/blog\/wp-json\/wp\/v2\/posts\/3277\/revisions\/10887"}],"wp:featuredmedia":[{"embeddable":true,"href":"https:\/\/www.saludonnet.com\/blog\/wp-json\/wp\/v2\/media\/8014"}],"wp:attachment":[{"href":"https:\/\/www.saludonnet.com\/blog\/wp-json\/wp\/v2\/media?parent=3277"}],"wp:term":[{"taxonomy":"category","embeddable":true,"href":"https:\/\/www.saludonnet.com\/blog\/wp-json\/wp\/v2\/categories?post=3277"},{"taxonomy":"post_tag","embeddable":true,"href":"https:\/\/www.saludonnet.com\/blog\/wp-json\/wp\/v2\/tags?post=3277"}],"curies":[{"name":"wp","href":"https:\/\/api.w.org\/{rel}","templated":true}]}}