{"id":3233,"date":"2025-08-16T00:00:00","date_gmt":"2025-08-15T22:00:00","guid":{"rendered":"http:\/\/apdev.ovh\/saludon\/?p=3233"},"modified":"2025-11-11T16:34:14","modified_gmt":"2025-11-11T15:34:14","slug":"acne-por-que-sale-y-como-se-trata","status":"publish","type":"post","link":"https:\/\/www.saludonnet.com\/blog\/acne-por-que-sale-y-como-se-trata\/","title":{"rendered":"Acn\u00e9: por qu\u00e9 sale y c\u00f3mo se trata"},"content":{"rendered":"<p>El <strong>acn\u00e9<\/strong> es un proceso inflamatorio agudo de la piel que causa malestar en quien lo padece, no tanto en la parte f\u00edsica como en la psicol\u00f3gica. Aunque es m\u00e1s frecuente que se d\u00e9 en gente joven, de entre 13-14 y 22-25 a\u00f1os, existen varios tipos de acn\u00e9 que afectan a diferentes grupos: neonatal, infantil, juvenil, adulto y senil. Var\u00eda en cada persona y no existe una causa exacta, aunque la predisposici\u00f3n gen\u00e9rica y las caracter\u00edsticas de la piel tienen mucho que ver.<\/p>\n<p><!--more--><\/p>\n<h2>Tipos de acn\u00e9<\/h2>\n<p>Existen distintos tipos de acn\u00e9, en funci\u00f3n de c\u00f3mo se manifiesta la inflamaci\u00f3n en la piel.<\/p>\n<ul>\n<li><strong>Grado 1<\/strong>: Se trata de un acn\u00e9 leve, muy ligero, en el que aparecen lesiones inflamatorias escasas, de forma aislada.<\/li>\n<li><strong>Grado 2<\/strong>: Existen lesiones papulosas, con pus. No obstante es importante saber que ese pus es as\u00e9ptico, por lo que no infecta ni contagia.<\/li>\n<li><strong>Grado 3<\/strong>: Aparecen algunos quistes e infecciones extra pustulosas<\/li>\n<li><strong>Grado 4<\/strong>: Hay n\u00f3dulos, fistulas y cicatrices profundas.<\/li>\n<\/ul>\n<p>El acn\u00e9 suele aparecer en la zona facial, sobre todo en frente, mejillas, nariz y ment\u00f3n. Tambi\u00e9n es frecuente en pecho y espalda. Si una persona con antecedentes tiene una piel grasa o muy sensible es m\u00e1s que probable que el proceso se prolongue durante m\u00e1s tiempo. Por este motivo es importante que el m\u00e9dico conozca bien el estado de la piel, para poder definir un tratamiento.<\/p>\n<p>Hay veces que los tratamientos indicados son contraproducentes para las pieles finas o at\u00f3picas, llegando a irritar considerablemente la piel. Tambi\u00e9n ocurre que las personas en tratamiento con corticoides por tener piel at\u00f3pica sienten que las lesiones de acn\u00e9 empeoran, a causa del medicamento. &nbsp;Por ese motivo la visita al m\u00e9dico es fundamental, para que escoja el procedimiento adecuado a cada caso.<\/p>\n<h2>Un tratamiento para cada caso<\/h2>\n<p>Para eliminar el acn\u00e9 existen dos tratamientos: local y sist\u00e9mico. El&nbsp; <strong>tratamiento local<\/strong> consiste en la aplicaci\u00f3n de cremas,&nbsp; geles y lociones, ya sean antibi\u00f3ticos, bactericidas o bacteriost\u00e1ticos, que se pueden utilizar a diario. Se sabe que las cremas que contienen peri\u00f3xido de benzoilo, antibi\u00f3tico y un bacteriost\u00e1tico, son muy efectivas. Este compuesto aumenta la velocidad de regeneraci\u00f3n de la piel, limpia los poros y disminuye el n\u00famero de bacterias, trabajando como un antimicrobiano. Tambi\u00e9n las que contienen \u00e1cidos retinoicos ayudan a mejorar la piel con acn\u00e9.<\/p>\n<p>En el&nbsp;<strong>tratamiento sist\u00e9mico<\/strong> hay que hablar, por un lado de los antibi\u00f3ticos y por otro de la isotretinoina. Los <em>antibi\u00f3ticos <\/em>( principalmente doxicilina) no se recetan como tal, sino por su funci\u00f3n antiseborreicos, porque se sabe que degradan los \u00e1cidos grasos libres de la piel. Se usan en dosis m\u00e1s peque\u00f1as que un antibi\u00f3tico normal, durante un periodo de 6 meses, con el fin de disminuir el cuadro inflamatorio de las gl\u00e1ndulas seb\u00e1ceas.<\/p>\n<p>La <em>isotretinoina<\/em> es un \u00e1cido retinoico por v\u00eda oral m\u00e1s agresivo (Roacut\u00e1n, Dercutane). Est\u00e1 indicado en los casos de acn\u00e9 grupo III y IV. &nbsp;Es un medicamento que se metaboliza en el h\u00edgado y que puede movilizar las enzimas hep\u00e1ticas. Produce una sequedad importante de la piel de la cara, del cuerpo y de las mucosas, por lo que es imprescindible hidratarse mucho.&nbsp;Uno de los principales efectos secundarios es que es muy teratog\u00e9nico, por lo que se recomienda a la mujer que lo toma el uso de una doble anticoncepci\u00f3n, a la hora de tener relaciones sexuales.&nbsp;Tambi\u00e9n se recomienda la realizaci\u00f3n de anal\u00edticas de forma sistem\u00e1tica, cada mes y medio, para comprobar c\u00f3mo est\u00e1 la funci\u00f3n hep\u00e1tica.<\/p>\n<p>A pesar de que muchas personas creen que la alimentaci\u00f3n influye en la aparici\u00f3n del acn\u00e9, se sabe que esta afirmaci\u00f3n no es cierto. Eso no quita para que haya personas a las que determinados alimentos les empeoren el acn\u00e9, de manera individual.<\/p>\n<p>Si tienes acn\u00e9 o te han salido muchas espinillas visita al <a href=\"https:\/\/www.saludonnet.com\/servicios-medicos\/dermatologia\"><strong>dermat\u00f3logo<\/strong><\/a> para que te ponga el tratamiento adecuado a tu patolog\u00eda. En <a href=\"https:\/\/www.saludonnet.com\/\"><span style=\"color: #009ee0;\"><strong>SaludOnNet<\/strong> <\/span><\/a>contamos con especialistas dispuestos a ayudarte.<\/p>\n","protected":false},"excerpt":{"rendered":"<p>\u00bfSabes que el acn\u00e9 no s\u00f3lo sale en la juventud? \u00bfCrees que tiene que ver con la alimentaci\u00f3n que se toma? Descubre los tipos que hay y su tratamiento.<\/p>\n","protected":false},"author":20,"featured_media":8015,"comment_status":"open","ping_status":"open","sticky":false,"template":"","format":"standard","meta":{"footnotes":""},"categories":[57],"tags":[230],"class_list":["post-3233","post","type-post","status-publish","format-standard","has-post-thumbnail","hentry","category-dermatologia","tag-2233-consulta"],"yoast_head":"<!-- This site is optimized with the Yoast SEO plugin v27.5 - https:\/\/yoast.com\/product\/yoast-seo-wordpress\/ -->\n<title>Acn\u00e9: por qu\u00e9 sale y c\u00f3mo se trata<\/title>\n<meta name=\"description\" content=\"\u00bfSabes que el acn\u00e9 no s\u00f3lo sale en la juventud? \u00bfCrees que tiene que ver con la alimentaci\u00f3n que se toma? Descubre los tipos que hay y su tratamiento.\" \/>\n<meta name=\"robots\" content=\"index, follow, max-snippet:-1, max-image-preview:large, max-video-preview:-1\" \/>\n<link rel=\"canonical\" href=\"https:\/\/www.saludonnet.com\/blog\/acne-por-que-sale-y-como-se-trata\/\" \/>\n<meta property=\"og:locale\" content=\"es_ES\" \/>\n<meta property=\"og:type\" content=\"article\" \/>\n<meta property=\"og:title\" content=\"Acn\u00e9: por qu\u00e9 sale y c\u00f3mo se trata\" \/>\n<meta property=\"og:description\" content=\"\u00bfSabes que el acn\u00e9 no s\u00f3lo sale en la juventud? \u00bfCrees que tiene que ver con la alimentaci\u00f3n que se toma? Descubre los tipos que hay y su tratamiento.\" \/>\n<meta property=\"og:url\" content=\"https:\/\/www.saludonnet.com\/blog\/acne-por-que-sale-y-como-se-trata\/\" \/>\n<meta property=\"og:site_name\" content=\"Blog SaludOnNet\" \/>\n<meta property=\"article:publisher\" content=\"https:\/\/www.facebook.com\/pages\/SaludOnNet\/214957498526536\" \/>\n<meta property=\"article:published_time\" content=\"2025-08-15T22:00:00+00:00\" \/>\n<meta property=\"article:modified_time\" content=\"2025-11-11T15:34:14+00:00\" \/>\n<meta property=\"og:image\" content=\"https:\/\/www.saludonnet.com\/blog\/wp-content\/uploads\/2017\/06\/acne.jpg\" \/>\n\t<meta property=\"og:image:width\" content=\"800\" \/>\n\t<meta property=\"og:image:height\" content=\"400\" \/>\n\t<meta property=\"og:image:type\" content=\"image\/jpeg\" \/>\n<meta name=\"author\" content=\"Equipo M\u00e9dico de SaludOnNet\" \/>\n<meta name=\"twitter:card\" content=\"summary_large_image\" \/>\n<meta name=\"twitter:title\" content=\"Acn\u00e9: por qu\u00e9 sale y c\u00f3mo se trata\" \/>\n<meta name=\"twitter:description\" content=\"\u00bfSabes que el acn\u00e9 no s\u00f3lo sale en la juventud? \u00bfCrees que tiene que ver con la alimentaci\u00f3n que se toma? Descubre los tipos que hay y su tratamiento.\" \/>\n<meta name=\"twitter:creator\" content=\"@saludonnet\" \/>\n<meta name=\"twitter:site\" content=\"@saludonnet\" \/>\n<meta name=\"twitter:label1\" content=\"Escrito por\" \/>\n\t<meta name=\"twitter:data1\" content=\"Equipo M\u00e9dico de SaludOnNet\" \/>\n\t<meta name=\"twitter:label2\" content=\"Tiempo de lectura\" \/>\n\t<meta name=\"twitter:data2\" content=\"4 minutos\" \/>\n<script type=\"application\/ld+json\" class=\"yoast-schema-graph\">{\"@context\":\"https:\\\/\\\/schema.org\",\"@graph\":[{\"@type\":\"Article\",\"@id\":\"https:\\\/\\\/www.saludonnet.com\\\/blog\\\/acne-por-que-sale-y-como-se-trata\\\/#article\",\"isPartOf\":{\"@id\":\"https:\\\/\\\/www.saludonnet.com\\\/blog\\\/acne-por-que-sale-y-como-se-trata\\\/\"},\"author\":{\"name\":\"Equipo M\u00e9dico de SaludOnNet\",\"@id\":\"https:\\\/\\\/www.saludonnet.com\\\/blog\\\/#\\\/schema\\\/person\\\/50995e01cc9d6c9f29ae18d979eeff1b\"},\"headline\":\"Acn\u00e9: por qu\u00e9 sale y c\u00f3mo se trata\",\"datePublished\":\"2025-08-15T22:00:00+00:00\",\"dateModified\":\"2025-11-11T15:34:14+00:00\",\"mainEntityOfPage\":{\"@id\":\"https:\\\/\\\/www.saludonnet.com\\\/blog\\\/acne-por-que-sale-y-como-se-trata\\\/\"},\"wordCount\":720,\"commentCount\":0,\"publisher\":{\"@id\":\"https:\\\/\\\/www.saludonnet.com\\\/blog\\\/#organization\"},\"image\":{\"@id\":\"https:\\\/\\\/www.saludonnet.com\\\/blog\\\/acne-por-que-sale-y-como-se-trata\\\/#primaryimage\"},\"thumbnailUrl\":\"https:\\\/\\\/soncdn.azureedge.net\\\/blog\\\/wp-content\\\/uploads\\\/2017\\\/06\\\/acne.jpg\",\"keywords\":[\"Consulta de Dermatolog\u00eda\"],\"articleSection\":[\"Dermatolog\u00eda\"],\"inLanguage\":\"es\",\"potentialAction\":[{\"@type\":\"CommentAction\",\"name\":\"Comment\",\"target\":[\"https:\\\/\\\/www.saludonnet.com\\\/blog\\\/acne-por-que-sale-y-como-se-trata\\\/#respond\"]}]},{\"@type\":\"WebPage\",\"@id\":\"https:\\\/\\\/www.saludonnet.com\\\/blog\\\/acne-por-que-sale-y-como-se-trata\\\/\",\"url\":\"https:\\\/\\\/www.saludonnet.com\\\/blog\\\/acne-por-que-sale-y-como-se-trata\\\/\",\"name\":\"Acn\u00e9: por qu\u00e9 sale y c\u00f3mo se trata\",\"isPartOf\":{\"@id\":\"https:\\\/\\\/www.saludonnet.com\\\/blog\\\/#website\"},\"primaryImageOfPage\":{\"@id\":\"https:\\\/\\\/www.saludonnet.com\\\/blog\\\/acne-por-que-sale-y-como-se-trata\\\/#primaryimage\"},\"image\":{\"@id\":\"https:\\\/\\\/www.saludonnet.com\\\/blog\\\/acne-por-que-sale-y-como-se-trata\\\/#primaryimage\"},\"thumbnailUrl\":\"https:\\\/\\\/soncdn.azureedge.net\\\/blog\\\/wp-content\\\/uploads\\\/2017\\\/06\\\/acne.jpg\",\"datePublished\":\"2025-08-15T22:00:00+00:00\",\"dateModified\":\"2025-11-11T15:34:14+00:00\",\"description\":\"\u00bfSabes que el acn\u00e9 no s\u00f3lo sale en la juventud? \u00bfCrees que tiene que ver con la alimentaci\u00f3n que se toma? Descubre los tipos que hay y su tratamiento.\",\"breadcrumb\":{\"@id\":\"https:\\\/\\\/www.saludonnet.com\\\/blog\\\/acne-por-que-sale-y-como-se-trata\\\/#breadcrumb\"},\"inLanguage\":\"es\",\"potentialAction\":[{\"@type\":\"ReadAction\",\"target\":[\"https:\\\/\\\/www.saludonnet.com\\\/blog\\\/acne-por-que-sale-y-como-se-trata\\\/\"]}]},{\"@type\":\"ImageObject\",\"inLanguage\":\"es\",\"@id\":\"https:\\\/\\\/www.saludonnet.com\\\/blog\\\/acne-por-que-sale-y-como-se-trata\\\/#primaryimage\",\"url\":\"https:\\\/\\\/soncdn.azureedge.net\\\/blog\\\/wp-content\\\/uploads\\\/2017\\\/06\\\/acne.jpg\",\"contentUrl\":\"https:\\\/\\\/soncdn.azureedge.net\\\/blog\\\/wp-content\\\/uploads\\\/2017\\\/06\\\/acne.jpg\",\"width\":800,\"height\":400,\"caption\":\"acne\"},{\"@type\":\"BreadcrumbList\",\"@id\":\"https:\\\/\\\/www.saludonnet.com\\\/blog\\\/acne-por-que-sale-y-como-se-trata\\\/#breadcrumb\",\"itemListElement\":[{\"@type\":\"ListItem\",\"position\":1,\"name\":\"Portada\",\"item\":\"https:\\\/\\\/www.saludonnet.com\\\/blog\\\/\"},{\"@type\":\"ListItem\",\"position\":2,\"name\":\"Dermatolog\u00eda\",\"item\":\"https:\\\/\\\/www.saludonnet.com\\\/blog\\\/topic\\\/dermatologia\\\/\"},{\"@type\":\"ListItem\",\"position\":3,\"name\":\"Acn\u00e9: por qu\u00e9 sale y c\u00f3mo se trata\"}]},{\"@type\":\"WebSite\",\"@id\":\"https:\\\/\\\/www.saludonnet.com\\\/blog\\\/#website\",\"url\":\"https:\\\/\\\/www.saludonnet.com\\\/blog\\\/\",\"name\":\"Blog SaludOnNet\",\"description\":\"Un espacio donde encontrar\u00e1s consejos y art\u00edculos para cuidar de tu salud\",\"publisher\":{\"@id\":\"https:\\\/\\\/www.saludonnet.com\\\/blog\\\/#organization\"},\"potentialAction\":[{\"@type\":\"SearchAction\",\"target\":{\"@type\":\"EntryPoint\",\"urlTemplate\":\"https:\\\/\\\/www.saludonnet.com\\\/blog\\\/?s={search_term_string}\"},\"query-input\":{\"@type\":\"PropertyValueSpecification\",\"valueRequired\":true,\"valueName\":\"search_term_string\"}}],\"inLanguage\":\"es\"},{\"@type\":\"Organization\",\"@id\":\"https:\\\/\\\/www.saludonnet.com\\\/blog\\\/#organization\",\"name\":\"SaludOnNet\",\"url\":\"https:\\\/\\\/www.saludonnet.com\\\/blog\\\/\",\"logo\":{\"@type\":\"ImageObject\",\"inLanguage\":\"es\",\"@id\":\"https:\\\/\\\/www.saludonnet.com\\\/blog\\\/#\\\/schema\\\/logo\\\/image\\\/\",\"url\":\"https:\\\/\\\/www.saludonnet.com\\\/blog\\\/wp-content\\\/uploads\\\/2019\\\/07\\\/Logo-SaludOnNet.png\",\"contentUrl\":\"https:\\\/\\\/www.saludonnet.com\\\/blog\\\/wp-content\\\/uploads\\\/2019\\\/07\\\/Logo-SaludOnNet.png\",\"width\":1140,\"height\":377,\"caption\":\"SaludOnNet\"},\"image\":{\"@id\":\"https:\\\/\\\/www.saludonnet.com\\\/blog\\\/#\\\/schema\\\/logo\\\/image\\\/\"},\"sameAs\":[\"https:\\\/\\\/www.facebook.com\\\/pages\\\/SaludOnNet\\\/214957498526536\",\"https:\\\/\\\/x.com\\\/saludonnet\",\"https:\\\/\\\/www.instagram.com\\\/saludonnet\\\/\",\"https:\\\/\\\/www.linkedin.com\\\/company\\\/saludonnet\\\/\",\"https:\\\/\\\/www.youtube.com\\\/channel\\\/UCag68GsnagqzNb6C3G-S9vQ\"]},{\"@type\":\"Person\",\"@id\":\"https:\\\/\\\/www.saludonnet.com\\\/blog\\\/#\\\/schema\\\/person\\\/50995e01cc9d6c9f29ae18d979eeff1b\",\"name\":\"Equipo M\u00e9dico de SaludOnNet\",\"image\":{\"@type\":\"ImageObject\",\"inLanguage\":\"es\",\"@id\":\"https:\\\/\\\/secure.gravatar.com\\\/avatar\\\/0ac89931d2ef75704f29e63e12335967620a1f7ac37c69f6f97ad72b9ac6496d?s=96&d=mm&r=g\",\"url\":\"https:\\\/\\\/secure.gravatar.com\\\/avatar\\\/0ac89931d2ef75704f29e63e12335967620a1f7ac37c69f6f97ad72b9ac6496d?s=96&d=mm&r=g\",\"contentUrl\":\"https:\\\/\\\/secure.gravatar.com\\\/avatar\\\/0ac89931d2ef75704f29e63e12335967620a1f7ac37c69f6f97ad72b9ac6496d?s=96&d=mm&r=g\",\"caption\":\"Equipo M\u00e9dico de SaludOnNet\"},\"description\":\"Art\u00edculo elaborado por el equipo m\u00e9dico de SaludOnNet, compuesto por especialistas destacados en su \u00e1rea.\",\"url\":\"https:\\\/\\\/www.saludonnet.com\\\/blog\\\/author\\\/saludonnet\\\/\"}]}<\/script>\n<!-- \/ Yoast SEO plugin. -->","yoast_head_json":{"title":"Acn\u00e9: por qu\u00e9 sale y c\u00f3mo se trata","description":"\u00bfSabes que el acn\u00e9 no s\u00f3lo sale en la juventud? \u00bfCrees que tiene que ver con la alimentaci\u00f3n que se toma? Descubre los tipos que hay y su tratamiento.","robots":{"index":"index","follow":"follow","max-snippet":"max-snippet:-1","max-image-preview":"max-image-preview:large","max-video-preview":"max-video-preview:-1"},"canonical":"https:\/\/www.saludonnet.com\/blog\/acne-por-que-sale-y-como-se-trata\/","og_locale":"es_ES","og_type":"article","og_title":"Acn\u00e9: por qu\u00e9 sale y c\u00f3mo se trata","og_description":"\u00bfSabes que el acn\u00e9 no s\u00f3lo sale en la juventud? \u00bfCrees que tiene que ver con la alimentaci\u00f3n que se toma? Descubre los tipos que hay y su tratamiento.","og_url":"https:\/\/www.saludonnet.com\/blog\/acne-por-que-sale-y-como-se-trata\/","og_site_name":"Blog SaludOnNet","article_publisher":"https:\/\/www.facebook.com\/pages\/SaludOnNet\/214957498526536","article_published_time":"2025-08-15T22:00:00+00:00","article_modified_time":"2025-11-11T15:34:14+00:00","og_image":[{"width":800,"height":400,"url":"https:\/\/www.saludonnet.com\/blog\/wp-content\/uploads\/2017\/06\/acne.jpg","type":"image\/jpeg"}],"author":"Equipo M\u00e9dico de SaludOnNet","twitter_card":"summary_large_image","twitter_title":"Acn\u00e9: por qu\u00e9 sale y c\u00f3mo se trata","twitter_description":"\u00bfSabes que el acn\u00e9 no s\u00f3lo sale en la juventud? \u00bfCrees que tiene que ver con la alimentaci\u00f3n que se toma? Descubre los tipos que hay y su tratamiento.","twitter_creator":"@saludonnet","twitter_site":"@saludonnet","twitter_misc":{"Escrito por":"Equipo M\u00e9dico de SaludOnNet","Tiempo de lectura":"4 minutos"},"schema":{"@context":"https:\/\/schema.org","@graph":[{"@type":"Article","@id":"https:\/\/www.saludonnet.com\/blog\/acne-por-que-sale-y-como-se-trata\/#article","isPartOf":{"@id":"https:\/\/www.saludonnet.com\/blog\/acne-por-que-sale-y-como-se-trata\/"},"author":{"name":"Equipo M\u00e9dico de SaludOnNet","@id":"https:\/\/www.saludonnet.com\/blog\/#\/schema\/person\/50995e01cc9d6c9f29ae18d979eeff1b"},"headline":"Acn\u00e9: por qu\u00e9 sale y c\u00f3mo se trata","datePublished":"2025-08-15T22:00:00+00:00","dateModified":"2025-11-11T15:34:14+00:00","mainEntityOfPage":{"@id":"https:\/\/www.saludonnet.com\/blog\/acne-por-que-sale-y-como-se-trata\/"},"wordCount":720,"commentCount":0,"publisher":{"@id":"https:\/\/www.saludonnet.com\/blog\/#organization"},"image":{"@id":"https:\/\/www.saludonnet.com\/blog\/acne-por-que-sale-y-como-se-trata\/#primaryimage"},"thumbnailUrl":"https:\/\/soncdn.azureedge.net\/blog\/wp-content\/uploads\/2017\/06\/acne.jpg","keywords":["Consulta de Dermatolog\u00eda"],"articleSection":["Dermatolog\u00eda"],"inLanguage":"es","potentialAction":[{"@type":"CommentAction","name":"Comment","target":["https:\/\/www.saludonnet.com\/blog\/acne-por-que-sale-y-como-se-trata\/#respond"]}]},{"@type":"WebPage","@id":"https:\/\/www.saludonnet.com\/blog\/acne-por-que-sale-y-como-se-trata\/","url":"https:\/\/www.saludonnet.com\/blog\/acne-por-que-sale-y-como-se-trata\/","name":"Acn\u00e9: por qu\u00e9 sale y c\u00f3mo se trata","isPartOf":{"@id":"https:\/\/www.saludonnet.com\/blog\/#website"},"primaryImageOfPage":{"@id":"https:\/\/www.saludonnet.com\/blog\/acne-por-que-sale-y-como-se-trata\/#primaryimage"},"image":{"@id":"https:\/\/www.saludonnet.com\/blog\/acne-por-que-sale-y-como-se-trata\/#primaryimage"},"thumbnailUrl":"https:\/\/soncdn.azureedge.net\/blog\/wp-content\/uploads\/2017\/06\/acne.jpg","datePublished":"2025-08-15T22:00:00+00:00","dateModified":"2025-11-11T15:34:14+00:00","description":"\u00bfSabes que el acn\u00e9 no s\u00f3lo sale en la juventud? \u00bfCrees que tiene que ver con la alimentaci\u00f3n que se toma? Descubre los tipos que hay y su tratamiento.","breadcrumb":{"@id":"https:\/\/www.saludonnet.com\/blog\/acne-por-que-sale-y-como-se-trata\/#breadcrumb"},"inLanguage":"es","potentialAction":[{"@type":"ReadAction","target":["https:\/\/www.saludonnet.com\/blog\/acne-por-que-sale-y-como-se-trata\/"]}]},{"@type":"ImageObject","inLanguage":"es","@id":"https:\/\/www.saludonnet.com\/blog\/acne-por-que-sale-y-como-se-trata\/#primaryimage","url":"https:\/\/soncdn.azureedge.net\/blog\/wp-content\/uploads\/2017\/06\/acne.jpg","contentUrl":"https:\/\/soncdn.azureedge.net\/blog\/wp-content\/uploads\/2017\/06\/acne.jpg","width":800,"height":400,"caption":"acne"},{"@type":"BreadcrumbList","@id":"https:\/\/www.saludonnet.com\/blog\/acne-por-que-sale-y-como-se-trata\/#breadcrumb","itemListElement":[{"@type":"ListItem","position":1,"name":"Portada","item":"https:\/\/www.saludonnet.com\/blog\/"},{"@type":"ListItem","position":2,"name":"Dermatolog\u00eda","item":"https:\/\/www.saludonnet.com\/blog\/topic\/dermatologia\/"},{"@type":"ListItem","position":3,"name":"Acn\u00e9: por qu\u00e9 sale y c\u00f3mo se trata"}]},{"@type":"WebSite","@id":"https:\/\/www.saludonnet.com\/blog\/#website","url":"https:\/\/www.saludonnet.com\/blog\/","name":"Blog SaludOnNet","description":"Un espacio donde encontrar\u00e1s consejos y art\u00edculos para cuidar de tu salud","publisher":{"@id":"https:\/\/www.saludonnet.com\/blog\/#organization"},"potentialAction":[{"@type":"SearchAction","target":{"@type":"EntryPoint","urlTemplate":"https:\/\/www.saludonnet.com\/blog\/?s={search_term_string}"},"query-input":{"@type":"PropertyValueSpecification","valueRequired":true,"valueName":"search_term_string"}}],"inLanguage":"es"},{"@type":"Organization","@id":"https:\/\/www.saludonnet.com\/blog\/#organization","name":"SaludOnNet","url":"https:\/\/www.saludonnet.com\/blog\/","logo":{"@type":"ImageObject","inLanguage":"es","@id":"https:\/\/www.saludonnet.com\/blog\/#\/schema\/logo\/image\/","url":"https:\/\/www.saludonnet.com\/blog\/wp-content\/uploads\/2019\/07\/Logo-SaludOnNet.png","contentUrl":"https:\/\/www.saludonnet.com\/blog\/wp-content\/uploads\/2019\/07\/Logo-SaludOnNet.png","width":1140,"height":377,"caption":"SaludOnNet"},"image":{"@id":"https:\/\/www.saludonnet.com\/blog\/#\/schema\/logo\/image\/"},"sameAs":["https:\/\/www.facebook.com\/pages\/SaludOnNet\/214957498526536","https:\/\/x.com\/saludonnet","https:\/\/www.instagram.com\/saludonnet\/","https:\/\/www.linkedin.com\/company\/saludonnet\/","https:\/\/www.youtube.com\/channel\/UCag68GsnagqzNb6C3G-S9vQ"]},{"@type":"Person","@id":"https:\/\/www.saludonnet.com\/blog\/#\/schema\/person\/50995e01cc9d6c9f29ae18d979eeff1b","name":"Equipo M\u00e9dico de SaludOnNet","image":{"@type":"ImageObject","inLanguage":"es","@id":"https:\/\/secure.gravatar.com\/avatar\/0ac89931d2ef75704f29e63e12335967620a1f7ac37c69f6f97ad72b9ac6496d?s=96&d=mm&r=g","url":"https:\/\/secure.gravatar.com\/avatar\/0ac89931d2ef75704f29e63e12335967620a1f7ac37c69f6f97ad72b9ac6496d?s=96&d=mm&r=g","contentUrl":"https:\/\/secure.gravatar.com\/avatar\/0ac89931d2ef75704f29e63e12335967620a1f7ac37c69f6f97ad72b9ac6496d?s=96&d=mm&r=g","caption":"Equipo M\u00e9dico de SaludOnNet"},"description":"Art\u00edculo elaborado por el equipo m\u00e9dico de SaludOnNet, compuesto por especialistas destacados en su \u00e1rea.","url":"https:\/\/www.saludonnet.com\/blog\/author\/saludonnet\/"}]}},"acf":[],"_links":{"self":[{"href":"https:\/\/www.saludonnet.com\/blog\/wp-json\/wp\/v2\/posts\/3233","targetHints":{"allow":["GET"]}}],"collection":[{"href":"https:\/\/www.saludonnet.com\/blog\/wp-json\/wp\/v2\/posts"}],"about":[{"href":"https:\/\/www.saludonnet.com\/blog\/wp-json\/wp\/v2\/types\/post"}],"author":[{"embeddable":true,"href":"https:\/\/www.saludonnet.com\/blog\/wp-json\/wp\/v2\/users\/20"}],"replies":[{"embeddable":true,"href":"https:\/\/www.saludonnet.com\/blog\/wp-json\/wp\/v2\/comments?post=3233"}],"version-history":[{"count":6,"href":"https:\/\/www.saludonnet.com\/blog\/wp-json\/wp\/v2\/posts\/3233\/revisions"}],"predecessor-version":[{"id":6667,"href":"https:\/\/www.saludonnet.com\/blog\/wp-json\/wp\/v2\/posts\/3233\/revisions\/6667"}],"wp:featuredmedia":[{"embeddable":true,"href":"https:\/\/www.saludonnet.com\/blog\/wp-json\/wp\/v2\/media\/8015"}],"wp:attachment":[{"href":"https:\/\/www.saludonnet.com\/blog\/wp-json\/wp\/v2\/media?parent=3233"}],"wp:term":[{"taxonomy":"category","embeddable":true,"href":"https:\/\/www.saludonnet.com\/blog\/wp-json\/wp\/v2\/categories?post=3233"},{"taxonomy":"post_tag","embeddable":true,"href":"https:\/\/www.saludonnet.com\/blog\/wp-json\/wp\/v2\/tags?post=3233"}],"curies":[{"name":"wp","href":"https:\/\/api.w.org\/{rel}","templated":true}]}}