{"id":3231,"date":"2025-10-20T00:00:00","date_gmt":"2025-10-19T22:00:00","guid":{"rendered":"http:\/\/apdev.ovh\/saludon\/?p=3231"},"modified":"2025-11-11T16:34:03","modified_gmt":"2025-11-11T15:34:03","slug":"fascitis-plantar-sintomas-y-tratamiento","status":"publish","type":"post","link":"https:\/\/www.saludonnet.com\/blog\/fascitis-plantar-sintomas-y-tratamiento\/","title":{"rendered":"Fascitis plantar: s\u00edntomas y tratamiento"},"content":{"rendered":"<p>Hacer deporte pisando en superficies duras e irregulares, llevar tac\u00f3n durante muchas horas o tener los pies cavos o con exceso de curvatura puede provocar inflamaci\u00f3n de la fascia plantar. Es una banda de tejido el\u00e1stico que va desde el hueso calc\u00e1neo, que forma el tal\u00f3n del pie, hasta la zona en la que se encuentran los metatarsos, delante de los dedos. Cuando se hincha provoca lo que conocemos como <strong>fascitis plantar<\/strong>.<\/p>\n<p><!--more--><\/p>\n<p>La fascia juega un papel muy importante a la hora de caminar, ya que mantiene el arco y amortigua la energ\u00eda del pie, cuando impacta sobre el suelo, protegiendo a los metatarsianos para que no hagan una flexi\u00f3n exagerada. Hay ocasiones en las que aumenta la tensi\u00f3n en esa zona y entonces aparecen los dolores. Esta lesi\u00f3n se da mucho en las personas deportistas, en corredores que hacen ejercicio por zonas irregulares. No obstante, a partir de los 45 a\u00f1os tambi\u00e9n aparece en personas que no hacen deporte.<\/p>\n<h2>Por qu\u00e9 se produce<\/h2>\n<p>Es importante tratar el motivo por el que ha aparecido esta patolog\u00eda, ya sea por la forma del pie o por la manera de caminar, para que no se vuelva a producir esa inflamaci\u00f3n en la inserci\u00f3n de la fascia. Tambi\u00e9n puede deberse a un acortamiento de los m\u00fasculos posteriores de la pierna a consecuencia del uso continuado de tacones, por debilidad muscular o por un incremento de peso. Si s\u00f3lo se trata durante la fase aguda, en el momento en el que la persona vuelva a hacer deporte de manera habitual o a caminar, volver\u00e1 a salir.<\/p>\n<p>El principal s\u00edntoma es la aparici\u00f3n de <strong>dolor en la zona interna del tal\u00f3n<\/strong>, donde se produce la inserci\u00f3n. La molestia es m\u00e1s intensa por las ma\u00f1anas y, en el caso de los corredores, al terminar la actividad f\u00edsica. En ocasiones est\u00e1 acompa\u00f1ada de inflamaci\u00f3n leve y enrojecimiento.<\/p>\n<p>En cuanto el dolor empieza a hacer acto de presencia es recomendable acudir al especialista para que haga, mediante historia cl\u00ednica y exploraci\u00f3n f\u00edsica, un diagn\u00f3stico certero. La realizaci\u00f3n de un <a href=\"https:\/\/www.saludonnet.com\/blog\/las-plantillas-eliminan-dolores-y-ayudan-a-caminar-mejor\/\"><span style=\"color: #009ee0;\"><strong>estudio de la pisada<\/strong><\/span><\/a>, por un pod\u00f3logo especializado en ortopedia, ayuda a saber si la aparici\u00f3n de la fascitis plantar tiene que ver con la forma en la que anda la persona. En caso positivo las \u00f3rtesis plantares o plantillas ortop\u00e9dicas son una buena soluci\u00f3n para conseguir la liberaci\u00f3n de la fascia y mantener el equilibrio del cuerpo. Se sabe que las plantillas solucionan el 90% de los problemas de la fascia plantar. No obstante no se recomienda esperar a tener dolores para prevenir esta dolencia, por lo que el estudio de la pisada est\u00e1 indicado para todas las personas que realizan ejercicio de forma asidua.<\/p>\n<h2>Tratamiento de la fascitis<\/h2>\n<p>Para tratar la fascitis plantar es importante combinar los <strong>antiinflamatorios<\/strong> con <strong>tratamientos de rehabilitaci\u00f3n o fisioterapia<\/strong> que busquen reducir la inflamaci\u00f3n de la zona. \u00daltimamente se utilizan t\u00e9cnicas como <a href=\"https:\/\/www.saludonnet.com\/centros-medicos\/fisioterapia\/5419-epi-electrolisis-percutanea-intratisular\"><span style=\"color: #009ee0;\"><strong>EPI<\/strong> <\/span><\/a>(eletr\u00f3lisis percut\u00e1nea intratisular) u ondas de choque cuando la dolencia est\u00e1 en fase aguda. Por lo general la mayor\u00eda de los pacientes mejora en un plazo de 10 meses. En \u00faltimo caso se puede recurrir a la cirug\u00eda, aunque hoy en d\u00eda es muy raro.<\/p>\n<p>Si notas que tienes los s\u00edntomas de los que hemos hablado y sospechas de una posible fascitis plantar, acude al <a href=\"https:\/\/www.saludonnet.com\/servicios-medicos\/traumatologia-y-cirugia-ortopedica\"><span style=\"color: #009ee0;\"><strong>traumat\u00f3logo<\/strong><\/span><\/a> o al <a href=\"https:\/\/www.saludonnet.com\/servicios-medicos\/podologia\"><span style=\"color: #009ee0;\"><strong>pod\u00f3logo<\/strong><\/span><\/a> para que ayuden a poner fin a la molestia. En SaludOnNet tenemos los mejores especialistas para ti.<\/p>\n\n\n<script type=\"application\/ld+json\">\n{\n  \"@context\": \"https:\/\/schema.org\",\n  \"@type\": \"Article\",\n  \"mainEntityOfPage\": {\n    \"@type\": \"WebPage\",\n    \"@id\": \"https:\/\/www.saludonnet.com\/blog\/fascitis-plantar-sintomas-y-tratamiento\/\"\n  },\n  \"headline\": \"Fascitis plantar: s\u00edntomas y tratamiento\",\n  \"image\": \"https:\/\/www.saludonnet.com\/blog\/wp-content\/uploads\/2019\/05\/hombre-corriendo-trail.jpg\",  \n  \"author\": {\n    \"@type\": \"Person\",\n    \"name\": \"Francisco G\u00f3mez Gil\",\n    \"url\": \"https:\/\/www.saludonnet.com\/blog\/author\/francisco-gomez-gil\/\"\n  },  \n  \"datePublished\": \"2024-01-15T08:00:00+08:00\"\n}\n<\/script>\n","protected":false},"excerpt":{"rendered":"<p>La fascia es importante a la hora de caminar, protegiendo los metatarsianos para evitar una flexi\u00f3n exagerada. Su inflamaci\u00f3n produce la fascitis plantar.<\/p>\n","protected":false},"author":15,"featured_media":1550,"comment_status":"open","ping_status":"open","sticky":false,"template":"","format":"standard","meta":{"footnotes":""},"categories":[83],"tags":[254,261,260,298],"class_list":["post-3231","post","type-post","status-publish","format-standard","has-post-thumbnail","hentry","category-podologia","tag-4222-servicio-de-podologia-quirop","tag-3582-consulta","tag-pack-75-consulta-de-traumatologia--infiltracion-articular","tag-5420-epi-electrolisis-percutanea-intratisular"],"yoast_head":"<!-- This site is optimized with the Yoast SEO plugin v27.5 - https:\/\/yoast.com\/product\/yoast-seo-wordpress\/ -->\n<title>Fascitis plantar: s\u00edntomas y tratamiento<\/title>\n<meta name=\"description\" content=\"La fascia es importante a la hora de caminar, protegiendo los metatarsianos para evitar una flexi\u00f3n exagerada. Su inflamaci\u00f3n produce la fascitis plantar.\" \/>\n<meta name=\"robots\" content=\"index, follow, max-snippet:-1, max-image-preview:large, max-video-preview:-1\" \/>\n<link rel=\"canonical\" href=\"https:\/\/www.saludonnet.com\/blog\/fascitis-plantar-sintomas-y-tratamiento\/\" \/>\n<meta property=\"og:locale\" content=\"es_ES\" \/>\n<meta property=\"og:type\" content=\"article\" \/>\n<meta property=\"og:title\" content=\"Fascitis plantar: s\u00edntomas y tratamiento\" \/>\n<meta property=\"og:description\" content=\"La fascia es importante a la hora de caminar, protegiendo los metatarsianos para evitar una flexi\u00f3n exagerada. Su inflamaci\u00f3n produce la fascitis plantar.\" \/>\n<meta property=\"og:url\" content=\"https:\/\/www.saludonnet.com\/blog\/fascitis-plantar-sintomas-y-tratamiento\/\" \/>\n<meta property=\"og:site_name\" content=\"Blog SaludOnNet\" \/>\n<meta property=\"article:publisher\" content=\"https:\/\/www.facebook.com\/pages\/SaludOnNet\/214957498526536\" \/>\n<meta property=\"article:published_time\" content=\"2025-10-19T22:00:00+00:00\" \/>\n<meta property=\"article:modified_time\" content=\"2025-11-11T15:34:03+00:00\" \/>\n<meta property=\"og:image\" content=\"https:\/\/www.saludonnet.com\/blog\/wp-content\/uploads\/2019\/05\/hombre-corriendo-trail.jpg\" \/>\n\t<meta property=\"og:image:width\" content=\"800\" \/>\n\t<meta property=\"og:image:height\" content=\"400\" \/>\n\t<meta property=\"og:image:type\" content=\"image\/jpeg\" \/>\n<meta name=\"author\" content=\"Dr. Francisco G\u00f3mez Gil\" \/>\n<meta name=\"twitter:card\" content=\"summary_large_image\" \/>\n<meta name=\"twitter:title\" content=\"Fascitis plantar: s\u00edntomas y tratamiento\" \/>\n<meta name=\"twitter:description\" content=\"La fascia es importante a la hora de caminar, protegiendo los metatarsianos para evitar una flexi\u00f3n exagerada. Su inflamaci\u00f3n produce la fascitis plantar.\" \/>\n<meta name=\"twitter:creator\" content=\"@saludonnet\" \/>\n<meta name=\"twitter:site\" content=\"@saludonnet\" \/>\n<meta name=\"twitter:label1\" content=\"Escrito por\" \/>\n\t<meta name=\"twitter:data1\" content=\"Dr. Francisco G\u00f3mez Gil\" \/>\n\t<meta name=\"twitter:label2\" content=\"Tiempo de lectura\" \/>\n\t<meta name=\"twitter:data2\" content=\"3 minutos\" \/>\n<script type=\"application\/ld+json\" class=\"yoast-schema-graph\">{\"@context\":\"https:\\\/\\\/schema.org\",\"@graph\":[{\"@type\":\"Article\",\"@id\":\"https:\\\/\\\/www.saludonnet.com\\\/blog\\\/fascitis-plantar-sintomas-y-tratamiento\\\/#article\",\"isPartOf\":{\"@id\":\"https:\\\/\\\/www.saludonnet.com\\\/blog\\\/fascitis-plantar-sintomas-y-tratamiento\\\/\"},\"author\":{\"name\":\"Dr. Francisco G\u00f3mez Gil\",\"@id\":\"https:\\\/\\\/www.saludonnet.com\\\/blog\\\/#\\\/schema\\\/person\\\/bf3abe40db6871e2b2a135ad632e96c6\"},\"headline\":\"Fascitis plantar: s\u00edntomas y tratamiento\",\"datePublished\":\"2025-10-19T22:00:00+00:00\",\"dateModified\":\"2025-11-11T15:34:03+00:00\",\"mainEntityOfPage\":{\"@id\":\"https:\\\/\\\/www.saludonnet.com\\\/blog\\\/fascitis-plantar-sintomas-y-tratamiento\\\/\"},\"wordCount\":617,\"commentCount\":1,\"publisher\":{\"@id\":\"https:\\\/\\\/www.saludonnet.com\\\/blog\\\/#organization\"},\"image\":{\"@id\":\"https:\\\/\\\/www.saludonnet.com\\\/blog\\\/fascitis-plantar-sintomas-y-tratamiento\\\/#primaryimage\"},\"thumbnailUrl\":\"https:\\\/\\\/soncdn.azureedge.net\\\/blog\\\/wp-content\\\/uploads\\\/2019\\\/05\\\/hombre-corriendo-trail.jpg\",\"keywords\":[\"Consulta de podolog\u00eda o quiropodia\",\"Consulta de Traumatolog\u00eda y Cirug\u00eda Ortop\u00e9dica\",\"Consulta de Traumatolog\u00eda y Infiltraci\u00f3n articular\",\"EPI Electr\u00f3lisis Percut\u00e1nea Intratisular\"],\"articleSection\":[\"Podolog\u00eda\"],\"inLanguage\":\"es\",\"potentialAction\":[{\"@type\":\"CommentAction\",\"name\":\"Comment\",\"target\":[\"https:\\\/\\\/www.saludonnet.com\\\/blog\\\/fascitis-plantar-sintomas-y-tratamiento\\\/#respond\"]}]},{\"@type\":\"WebPage\",\"@id\":\"https:\\\/\\\/www.saludonnet.com\\\/blog\\\/fascitis-plantar-sintomas-y-tratamiento\\\/\",\"url\":\"https:\\\/\\\/www.saludonnet.com\\\/blog\\\/fascitis-plantar-sintomas-y-tratamiento\\\/\",\"name\":\"Fascitis plantar: s\u00edntomas y tratamiento\",\"isPartOf\":{\"@id\":\"https:\\\/\\\/www.saludonnet.com\\\/blog\\\/#website\"},\"primaryImageOfPage\":{\"@id\":\"https:\\\/\\\/www.saludonnet.com\\\/blog\\\/fascitis-plantar-sintomas-y-tratamiento\\\/#primaryimage\"},\"image\":{\"@id\":\"https:\\\/\\\/www.saludonnet.com\\\/blog\\\/fascitis-plantar-sintomas-y-tratamiento\\\/#primaryimage\"},\"thumbnailUrl\":\"https:\\\/\\\/soncdn.azureedge.net\\\/blog\\\/wp-content\\\/uploads\\\/2019\\\/05\\\/hombre-corriendo-trail.jpg\",\"datePublished\":\"2025-10-19T22:00:00+00:00\",\"dateModified\":\"2025-11-11T15:34:03+00:00\",\"description\":\"La fascia es importante a la hora de caminar, protegiendo los metatarsianos para evitar una flexi\u00f3n exagerada. Su inflamaci\u00f3n produce la fascitis plantar.\",\"breadcrumb\":{\"@id\":\"https:\\\/\\\/www.saludonnet.com\\\/blog\\\/fascitis-plantar-sintomas-y-tratamiento\\\/#breadcrumb\"},\"inLanguage\":\"es\",\"potentialAction\":[{\"@type\":\"ReadAction\",\"target\":[\"https:\\\/\\\/www.saludonnet.com\\\/blog\\\/fascitis-plantar-sintomas-y-tratamiento\\\/\"]}]},{\"@type\":\"ImageObject\",\"inLanguage\":\"es\",\"@id\":\"https:\\\/\\\/www.saludonnet.com\\\/blog\\\/fascitis-plantar-sintomas-y-tratamiento\\\/#primaryimage\",\"url\":\"https:\\\/\\\/soncdn.azureedge.net\\\/blog\\\/wp-content\\\/uploads\\\/2019\\\/05\\\/hombre-corriendo-trail.jpg\",\"contentUrl\":\"https:\\\/\\\/soncdn.azureedge.net\\\/blog\\\/wp-content\\\/uploads\\\/2019\\\/05\\\/hombre-corriendo-trail.jpg\",\"width\":800,\"height\":400,\"caption\":\"Fascitis plantar\"},{\"@type\":\"BreadcrumbList\",\"@id\":\"https:\\\/\\\/www.saludonnet.com\\\/blog\\\/fascitis-plantar-sintomas-y-tratamiento\\\/#breadcrumb\",\"itemListElement\":[{\"@type\":\"ListItem\",\"position\":1,\"name\":\"Portada\",\"item\":\"https:\\\/\\\/www.saludonnet.com\\\/blog\\\/\"},{\"@type\":\"ListItem\",\"position\":2,\"name\":\"Podolog\u00eda\",\"item\":\"https:\\\/\\\/www.saludonnet.com\\\/blog\\\/topic\\\/podologia\\\/\"},{\"@type\":\"ListItem\",\"position\":3,\"name\":\"Fascitis plantar: s\u00edntomas y tratamiento\"}]},{\"@type\":\"WebSite\",\"@id\":\"https:\\\/\\\/www.saludonnet.com\\\/blog\\\/#website\",\"url\":\"https:\\\/\\\/www.saludonnet.com\\\/blog\\\/\",\"name\":\"Blog SaludOnNet\",\"description\":\"Un espacio donde encontrar\u00e1s consejos y art\u00edculos para cuidar de tu salud\",\"publisher\":{\"@id\":\"https:\\\/\\\/www.saludonnet.com\\\/blog\\\/#organization\"},\"potentialAction\":[{\"@type\":\"SearchAction\",\"target\":{\"@type\":\"EntryPoint\",\"urlTemplate\":\"https:\\\/\\\/www.saludonnet.com\\\/blog\\\/?s={search_term_string}\"},\"query-input\":{\"@type\":\"PropertyValueSpecification\",\"valueRequired\":true,\"valueName\":\"search_term_string\"}}],\"inLanguage\":\"es\"},{\"@type\":\"Organization\",\"@id\":\"https:\\\/\\\/www.saludonnet.com\\\/blog\\\/#organization\",\"name\":\"SaludOnNet\",\"url\":\"https:\\\/\\\/www.saludonnet.com\\\/blog\\\/\",\"logo\":{\"@type\":\"ImageObject\",\"inLanguage\":\"es\",\"@id\":\"https:\\\/\\\/www.saludonnet.com\\\/blog\\\/#\\\/schema\\\/logo\\\/image\\\/\",\"url\":\"https:\\\/\\\/www.saludonnet.com\\\/blog\\\/wp-content\\\/uploads\\\/2019\\\/07\\\/Logo-SaludOnNet.png\",\"contentUrl\":\"https:\\\/\\\/www.saludonnet.com\\\/blog\\\/wp-content\\\/uploads\\\/2019\\\/07\\\/Logo-SaludOnNet.png\",\"width\":1140,\"height\":377,\"caption\":\"SaludOnNet\"},\"image\":{\"@id\":\"https:\\\/\\\/www.saludonnet.com\\\/blog\\\/#\\\/schema\\\/logo\\\/image\\\/\"},\"sameAs\":[\"https:\\\/\\\/www.facebook.com\\\/pages\\\/SaludOnNet\\\/214957498526536\",\"https:\\\/\\\/x.com\\\/saludonnet\",\"https:\\\/\\\/www.instagram.com\\\/saludonnet\\\/\",\"https:\\\/\\\/www.linkedin.com\\\/company\\\/saludonnet\\\/\",\"https:\\\/\\\/www.youtube.com\\\/channel\\\/UCag68GsnagqzNb6C3G-S9vQ\"]},{\"@type\":\"Person\",\"@id\":\"https:\\\/\\\/www.saludonnet.com\\\/blog\\\/#\\\/schema\\\/person\\\/bf3abe40db6871e2b2a135ad632e96c6\",\"name\":\"Dr. Francisco G\u00f3mez Gil\",\"image\":{\"@type\":\"ImageObject\",\"inLanguage\":\"es\",\"@id\":\"https:\\\/\\\/secure.gravatar.com\\\/avatar\\\/543c7dddba8fd86f5220d474937015dceae74668ce0f8f0b343ff7d77f3a6b17?s=96&d=mm&r=g\",\"url\":\"https:\\\/\\\/secure.gravatar.com\\\/avatar\\\/543c7dddba8fd86f5220d474937015dceae74668ce0f8f0b343ff7d77f3a6b17?s=96&d=mm&r=g\",\"contentUrl\":\"https:\\\/\\\/secure.gravatar.com\\\/avatar\\\/543c7dddba8fd86f5220d474937015dceae74668ce0f8f0b343ff7d77f3a6b17?s=96&d=mm&r=g\",\"caption\":\"Dr. Francisco G\u00f3mez Gil\"},\"description\":\"Pod\u00f3logo\",\"url\":\"https:\\\/\\\/www.saludonnet.com\\\/blog\\\/author\\\/francisco-gomez-gil\\\/\"}]}<\/script>\n<!-- \/ Yoast SEO plugin. -->","yoast_head_json":{"title":"Fascitis plantar: s\u00edntomas y tratamiento","description":"La fascia es importante a la hora de caminar, protegiendo los metatarsianos para evitar una flexi\u00f3n exagerada. Su inflamaci\u00f3n produce la fascitis plantar.","robots":{"index":"index","follow":"follow","max-snippet":"max-snippet:-1","max-image-preview":"max-image-preview:large","max-video-preview":"max-video-preview:-1"},"canonical":"https:\/\/www.saludonnet.com\/blog\/fascitis-plantar-sintomas-y-tratamiento\/","og_locale":"es_ES","og_type":"article","og_title":"Fascitis plantar: s\u00edntomas y tratamiento","og_description":"La fascia es importante a la hora de caminar, protegiendo los metatarsianos para evitar una flexi\u00f3n exagerada. Su inflamaci\u00f3n produce la fascitis plantar.","og_url":"https:\/\/www.saludonnet.com\/blog\/fascitis-plantar-sintomas-y-tratamiento\/","og_site_name":"Blog SaludOnNet","article_publisher":"https:\/\/www.facebook.com\/pages\/SaludOnNet\/214957498526536","article_published_time":"2025-10-19T22:00:00+00:00","article_modified_time":"2025-11-11T15:34:03+00:00","og_image":[{"width":800,"height":400,"url":"https:\/\/www.saludonnet.com\/blog\/wp-content\/uploads\/2019\/05\/hombre-corriendo-trail.jpg","type":"image\/jpeg"}],"author":"Dr. Francisco G\u00f3mez Gil","twitter_card":"summary_large_image","twitter_title":"Fascitis plantar: s\u00edntomas y tratamiento","twitter_description":"La fascia es importante a la hora de caminar, protegiendo los metatarsianos para evitar una flexi\u00f3n exagerada. Su inflamaci\u00f3n produce la fascitis plantar.","twitter_creator":"@saludonnet","twitter_site":"@saludonnet","twitter_misc":{"Escrito por":"Dr. Francisco G\u00f3mez Gil","Tiempo de lectura":"3 minutos"},"schema":{"@context":"https:\/\/schema.org","@graph":[{"@type":"Article","@id":"https:\/\/www.saludonnet.com\/blog\/fascitis-plantar-sintomas-y-tratamiento\/#article","isPartOf":{"@id":"https:\/\/www.saludonnet.com\/blog\/fascitis-plantar-sintomas-y-tratamiento\/"},"author":{"name":"Dr. Francisco G\u00f3mez Gil","@id":"https:\/\/www.saludonnet.com\/blog\/#\/schema\/person\/bf3abe40db6871e2b2a135ad632e96c6"},"headline":"Fascitis plantar: s\u00edntomas y tratamiento","datePublished":"2025-10-19T22:00:00+00:00","dateModified":"2025-11-11T15:34:03+00:00","mainEntityOfPage":{"@id":"https:\/\/www.saludonnet.com\/blog\/fascitis-plantar-sintomas-y-tratamiento\/"},"wordCount":617,"commentCount":1,"publisher":{"@id":"https:\/\/www.saludonnet.com\/blog\/#organization"},"image":{"@id":"https:\/\/www.saludonnet.com\/blog\/fascitis-plantar-sintomas-y-tratamiento\/#primaryimage"},"thumbnailUrl":"https:\/\/soncdn.azureedge.net\/blog\/wp-content\/uploads\/2019\/05\/hombre-corriendo-trail.jpg","keywords":["Consulta de podolog\u00eda o quiropodia","Consulta de Traumatolog\u00eda y Cirug\u00eda Ortop\u00e9dica","Consulta de Traumatolog\u00eda y Infiltraci\u00f3n articular","EPI Electr\u00f3lisis Percut\u00e1nea Intratisular"],"articleSection":["Podolog\u00eda"],"inLanguage":"es","potentialAction":[{"@type":"CommentAction","name":"Comment","target":["https:\/\/www.saludonnet.com\/blog\/fascitis-plantar-sintomas-y-tratamiento\/#respond"]}]},{"@type":"WebPage","@id":"https:\/\/www.saludonnet.com\/blog\/fascitis-plantar-sintomas-y-tratamiento\/","url":"https:\/\/www.saludonnet.com\/blog\/fascitis-plantar-sintomas-y-tratamiento\/","name":"Fascitis plantar: s\u00edntomas y tratamiento","isPartOf":{"@id":"https:\/\/www.saludonnet.com\/blog\/#website"},"primaryImageOfPage":{"@id":"https:\/\/www.saludonnet.com\/blog\/fascitis-plantar-sintomas-y-tratamiento\/#primaryimage"},"image":{"@id":"https:\/\/www.saludonnet.com\/blog\/fascitis-plantar-sintomas-y-tratamiento\/#primaryimage"},"thumbnailUrl":"https:\/\/soncdn.azureedge.net\/blog\/wp-content\/uploads\/2019\/05\/hombre-corriendo-trail.jpg","datePublished":"2025-10-19T22:00:00+00:00","dateModified":"2025-11-11T15:34:03+00:00","description":"La fascia es importante a la hora de caminar, protegiendo los metatarsianos para evitar una flexi\u00f3n exagerada. Su inflamaci\u00f3n produce la fascitis plantar.","breadcrumb":{"@id":"https:\/\/www.saludonnet.com\/blog\/fascitis-plantar-sintomas-y-tratamiento\/#breadcrumb"},"inLanguage":"es","potentialAction":[{"@type":"ReadAction","target":["https:\/\/www.saludonnet.com\/blog\/fascitis-plantar-sintomas-y-tratamiento\/"]}]},{"@type":"ImageObject","inLanguage":"es","@id":"https:\/\/www.saludonnet.com\/blog\/fascitis-plantar-sintomas-y-tratamiento\/#primaryimage","url":"https:\/\/soncdn.azureedge.net\/blog\/wp-content\/uploads\/2019\/05\/hombre-corriendo-trail.jpg","contentUrl":"https:\/\/soncdn.azureedge.net\/blog\/wp-content\/uploads\/2019\/05\/hombre-corriendo-trail.jpg","width":800,"height":400,"caption":"Fascitis plantar"},{"@type":"BreadcrumbList","@id":"https:\/\/www.saludonnet.com\/blog\/fascitis-plantar-sintomas-y-tratamiento\/#breadcrumb","itemListElement":[{"@type":"ListItem","position":1,"name":"Portada","item":"https:\/\/www.saludonnet.com\/blog\/"},{"@type":"ListItem","position":2,"name":"Podolog\u00eda","item":"https:\/\/www.saludonnet.com\/blog\/topic\/podologia\/"},{"@type":"ListItem","position":3,"name":"Fascitis plantar: s\u00edntomas y tratamiento"}]},{"@type":"WebSite","@id":"https:\/\/www.saludonnet.com\/blog\/#website","url":"https:\/\/www.saludonnet.com\/blog\/","name":"Blog SaludOnNet","description":"Un espacio donde encontrar\u00e1s consejos y art\u00edculos para cuidar de tu salud","publisher":{"@id":"https:\/\/www.saludonnet.com\/blog\/#organization"},"potentialAction":[{"@type":"SearchAction","target":{"@type":"EntryPoint","urlTemplate":"https:\/\/www.saludonnet.com\/blog\/?s={search_term_string}"},"query-input":{"@type":"PropertyValueSpecification","valueRequired":true,"valueName":"search_term_string"}}],"inLanguage":"es"},{"@type":"Organization","@id":"https:\/\/www.saludonnet.com\/blog\/#organization","name":"SaludOnNet","url":"https:\/\/www.saludonnet.com\/blog\/","logo":{"@type":"ImageObject","inLanguage":"es","@id":"https:\/\/www.saludonnet.com\/blog\/#\/schema\/logo\/image\/","url":"https:\/\/www.saludonnet.com\/blog\/wp-content\/uploads\/2019\/07\/Logo-SaludOnNet.png","contentUrl":"https:\/\/www.saludonnet.com\/blog\/wp-content\/uploads\/2019\/07\/Logo-SaludOnNet.png","width":1140,"height":377,"caption":"SaludOnNet"},"image":{"@id":"https:\/\/www.saludonnet.com\/blog\/#\/schema\/logo\/image\/"},"sameAs":["https:\/\/www.facebook.com\/pages\/SaludOnNet\/214957498526536","https:\/\/x.com\/saludonnet","https:\/\/www.instagram.com\/saludonnet\/","https:\/\/www.linkedin.com\/company\/saludonnet\/","https:\/\/www.youtube.com\/channel\/UCag68GsnagqzNb6C3G-S9vQ"]},{"@type":"Person","@id":"https:\/\/www.saludonnet.com\/blog\/#\/schema\/person\/bf3abe40db6871e2b2a135ad632e96c6","name":"Dr. Francisco G\u00f3mez Gil","image":{"@type":"ImageObject","inLanguage":"es","@id":"https:\/\/secure.gravatar.com\/avatar\/543c7dddba8fd86f5220d474937015dceae74668ce0f8f0b343ff7d77f3a6b17?s=96&d=mm&r=g","url":"https:\/\/secure.gravatar.com\/avatar\/543c7dddba8fd86f5220d474937015dceae74668ce0f8f0b343ff7d77f3a6b17?s=96&d=mm&r=g","contentUrl":"https:\/\/secure.gravatar.com\/avatar\/543c7dddba8fd86f5220d474937015dceae74668ce0f8f0b343ff7d77f3a6b17?s=96&d=mm&r=g","caption":"Dr. Francisco G\u00f3mez Gil"},"description":"Pod\u00f3logo","url":"https:\/\/www.saludonnet.com\/blog\/author\/francisco-gomez-gil\/"}]}},"acf":[],"_links":{"self":[{"href":"https:\/\/www.saludonnet.com\/blog\/wp-json\/wp\/v2\/posts\/3231","targetHints":{"allow":["GET"]}}],"collection":[{"href":"https:\/\/www.saludonnet.com\/blog\/wp-json\/wp\/v2\/posts"}],"about":[{"href":"https:\/\/www.saludonnet.com\/blog\/wp-json\/wp\/v2\/types\/post"}],"author":[{"embeddable":true,"href":"https:\/\/www.saludonnet.com\/blog\/wp-json\/wp\/v2\/users\/15"}],"replies":[{"embeddable":true,"href":"https:\/\/www.saludonnet.com\/blog\/wp-json\/wp\/v2\/comments?post=3231"}],"version-history":[{"count":8,"href":"https:\/\/www.saludonnet.com\/blog\/wp-json\/wp\/v2\/posts\/3231\/revisions"}],"predecessor-version":[{"id":16633,"href":"https:\/\/www.saludonnet.com\/blog\/wp-json\/wp\/v2\/posts\/3231\/revisions\/16633"}],"wp:featuredmedia":[{"embeddable":true,"href":"https:\/\/www.saludonnet.com\/blog\/wp-json\/wp\/v2\/media\/1550"}],"wp:attachment":[{"href":"https:\/\/www.saludonnet.com\/blog\/wp-json\/wp\/v2\/media?parent=3231"}],"wp:term":[{"taxonomy":"category","embeddable":true,"href":"https:\/\/www.saludonnet.com\/blog\/wp-json\/wp\/v2\/categories?post=3231"},{"taxonomy":"post_tag","embeddable":true,"href":"https:\/\/www.saludonnet.com\/blog\/wp-json\/wp\/v2\/tags?post=3231"}],"curies":[{"name":"wp","href":"https:\/\/api.w.org\/{rel}","templated":true}]}}