{"id":3177,"date":"2025-10-11T00:00:00","date_gmt":"2025-10-10T22:00:00","guid":{"rendered":"http:\/\/apdev.ovh\/saludon\/?p=3177"},"modified":"2025-11-12T15:33:54","modified_gmt":"2025-11-12T14:33:54","slug":"anemia-por-deficit-de-hierro-sintomas-causas-y-tratamiento","status":"publish","type":"post","link":"https:\/\/www.saludonnet.com\/blog\/anemia-por-deficit-de-hierro-sintomas-causas-y-tratamiento\/","title":{"rendered":"Anemia por d\u00e9ficit de hierro: s\u00edntomas, causas y tratamiento"},"content":{"rendered":"<p>La anemia es una enfermedad com\u00fan que afecta a casi el 25% de la poblaci\u00f3n. Se produce por una disminuci\u00f3n de la concentraci\u00f3n de hemoglobina o del n\u00famero de gl\u00f3bulos rojos en sangre. Estos l\u00edmites var\u00edan en funci\u00f3n de la edad de cada persona, su estado fisiol\u00f3gico y los condicionantes ambientales. No obstante, seg\u00fan la Organizaci\u00f3n Mundial de la Salud (OMS) se considera que un hombre adulto tiene anemia cuando la hemoglobina est\u00e1 por debajo de 13 g\/dl y una mujer cuando baja de 12 g\/dl (11 en el caso de embarazadas).<\/p>\n<p><!--more--><\/p>\n<p>La causa m\u00e1s frecuente de anemia nutricional es el <strong>d\u00e9ficit de hierro<\/strong>, sobre todo en mujeres en edad f\u00e9rtil, en j\u00f3venes y ni\u00f1os. Se denomina anemia ferrop\u00e9nica y puede provocar retrasos en el desarrollo y trastornos del comportamiento en los m\u00e1s peque\u00f1os. Tambi\u00e9n aumenta el riesgo de parto prematuro y de tener un beb\u00e9 con bajo peso al nacer, en el caso de las mujeres embarazadas. Esta anemia puede deberse a diferentes causas y, entre ellas, est\u00e1 llevar una dieta con alimentos bajos en hierro o tener p\u00e9rdidas de sangre (frecuente en mujeres con menstruaciones abundantes y en embarazadas).<\/p>\n<p>Los s\u00edntomas de la anemia dependen de varios factores como la edad del paciente, su estado de salud general, la gravedad de la anemia y la rapidez con la que se ha instaurado en el organismo. Los principales son:<\/p>\n<ul>\n<li><a href=\"https:\/\/www.saludonnet.com\/blog\/que-es-la-astenia-y-cuales-son-sus-sintomas\/\"><span style=\"color: #009ee0;\"><strong>Astenia<\/strong><\/span><\/a><\/li>\n<li>Fatiga progresiva<\/li>\n<li>Taquicardias<\/li>\n<li>Mareos o s\u00edncopes<\/li>\n<li>Cefaleas<\/li>\n<li>V\u00e9rtigos<\/li>\n<li>Disnea<\/li>\n<\/ul>\n<h2><strong>Tomar hierro<\/strong><\/h2>\n<p>Ante la sospecha de un cuadro de anemia por falta de hierro se debe acudir al m\u00e9dico.<\/p>\n<p>El m\u00e9dico, para realizar un correcto diagn\u00f3stico, adem\u00e1s de la exploraci\u00f3n f\u00edsica y la historia cl\u00ednica tambi\u00e9n solicita una anal\u00edtica al paciente (hemograma completo). En caso de que el resultado est\u00e9 alterado es probable que requiera de otras pruebas y procedimientos para detectar la causa de la anemia.<\/p>\n<p>El tratamiento de la anemia por deficiencia de hierro requiere la administraci\u00f3n de medicaci\u00f3n o suplementos de hierro. Adem\u00e1s, es fundamental mantener una dieta equilibrada que incluya alimentos ricos en este mineral.<\/p>\n<p>Los suplementos de hierro no siempre se absorben con facilidad y, con frecuencia, pueden ocasionar molestias gastrointestinales. Por ello, se recomienda tomarlos junto con las comidas y acompa\u00f1ados de zumo de naranja u otra fuente de vitamina C, ya que esta favorece su absorci\u00f3n.<\/p>\n<p>Si sospechas que puedes tener anemia, no lo dejes pasar. En <strong>SaludOnNet<\/strong> ponemos a tu disposici\u00f3n a los mejores especialistas para que recibas un diagn\u00f3stico r\u00e1pido y el tratamiento m\u00e1s adecuado. \u00a1Pide tu cita hoy mismo y cuida de tu salud con nosotros!<\/p>\n","protected":false},"excerpt":{"rendered":"<p>La anemia se produce cuando disminuyen los niveles de hemoglobina o el n\u00famero de gl\u00f3bulos rojos. Una de las m\u00e1s comunes es la anemia ferrop\u00e9nica.<\/p>\n","protected":false},"author":22,"featured_media":1500,"comment_status":"open","ping_status":"open","sticky":false,"template":"","format":"standard","meta":{"footnotes":""},"categories":[56],"tags":[237],"class_list":["post-3177","post","type-post","status-publish","format-standard","has-post-thumbnail","hentry","category-medicina-general","tag-1-consulta"],"yoast_head":"<!-- This site is optimized with the Yoast SEO plugin v27.5 - https:\/\/yoast.com\/product\/yoast-seo-wordpress\/ -->\n<title>Anemia por d\u00e9ficit de hierro: s\u00edntomas, causas y tratamiento<\/title>\n<meta name=\"description\" content=\"La anemia se produce cuando disminuyen los niveles de hemoglobina o el n\u00famero de gl\u00f3bulos rojos. Una de las m\u00e1s comunes es la anemia ferrop\u00e9nica.\" \/>\n<meta name=\"robots\" content=\"index, follow, max-snippet:-1, max-image-preview:large, max-video-preview:-1\" \/>\n<link rel=\"canonical\" href=\"https:\/\/www.saludonnet.com\/blog\/anemia-por-deficit-de-hierro-sintomas-causas-y-tratamiento\/\" \/>\n<meta property=\"og:locale\" content=\"es_ES\" \/>\n<meta property=\"og:type\" content=\"article\" \/>\n<meta property=\"og:title\" content=\"Anemia por d\u00e9ficit de hierro: s\u00edntomas, causas y tratamiento\" \/>\n<meta property=\"og:description\" content=\"La anemia se produce cuando disminuyen los niveles de hemoglobina o el n\u00famero de gl\u00f3bulos rojos. Una de las m\u00e1s comunes es la anemia ferrop\u00e9nica.\" \/>\n<meta property=\"og:url\" content=\"https:\/\/www.saludonnet.com\/blog\/anemia-por-deficit-de-hierro-sintomas-causas-y-tratamiento\/\" \/>\n<meta property=\"og:site_name\" content=\"Blog SaludOnNet\" \/>\n<meta property=\"article:publisher\" content=\"https:\/\/www.facebook.com\/pages\/SaludOnNet\/214957498526536\" \/>\n<meta property=\"article:published_time\" content=\"2025-10-10T22:00:00+00:00\" \/>\n<meta property=\"article:modified_time\" content=\"2025-11-12T14:33:54+00:00\" \/>\n<meta property=\"og:image\" content=\"https:\/\/www.saludonnet.com\/blog\/wp-content\/uploads\/2019\/05\/anemia.jpg\" \/>\n\t<meta property=\"og:image:width\" content=\"800\" \/>\n\t<meta property=\"og:image:height\" content=\"400\" \/>\n\t<meta property=\"og:image:type\" content=\"image\/jpeg\" \/>\n<meta name=\"author\" content=\"Dra. Juliana Parisi\" \/>\n<meta name=\"twitter:card\" content=\"summary_large_image\" \/>\n<meta name=\"twitter:title\" content=\"Anemia por d\u00e9ficit de hierro: s\u00edntomas, causas y tratamiento\" \/>\n<meta name=\"twitter:description\" content=\"La anemia se produce cuando disminuyen los niveles de hemoglobina o el n\u00famero de gl\u00f3bulos rojos. Una de las m\u00e1s comunes es la anemia ferrop\u00e9nica.\" \/>\n<meta name=\"twitter:creator\" content=\"@saludonnet\" \/>\n<meta name=\"twitter:site\" content=\"@saludonnet\" \/>\n<meta name=\"twitter:label1\" content=\"Escrito por\" \/>\n\t<meta name=\"twitter:data1\" content=\"Dra. Juliana Parisi\" \/>\n\t<meta name=\"twitter:label2\" content=\"Tiempo de lectura\" \/>\n\t<meta name=\"twitter:data2\" content=\"3 minutos\" \/>\n<script type=\"application\/ld+json\" class=\"yoast-schema-graph\">{\"@context\":\"https:\\\/\\\/schema.org\",\"@graph\":[{\"@type\":\"Article\",\"@id\":\"https:\\\/\\\/www.saludonnet.com\\\/blog\\\/anemia-por-deficit-de-hierro-sintomas-causas-y-tratamiento\\\/#article\",\"isPartOf\":{\"@id\":\"https:\\\/\\\/www.saludonnet.com\\\/blog\\\/anemia-por-deficit-de-hierro-sintomas-causas-y-tratamiento\\\/\"},\"author\":{\"name\":\"Dra. Juliana Parisi\",\"@id\":\"https:\\\/\\\/www.saludonnet.com\\\/blog\\\/#\\\/schema\\\/person\\\/4f4a6001e97d78402223fdb6ddde24b4\"},\"headline\":\"Anemia por d\u00e9ficit de hierro: s\u00edntomas, causas y tratamiento\",\"datePublished\":\"2025-10-10T22:00:00+00:00\",\"dateModified\":\"2025-11-12T14:33:54+00:00\",\"mainEntityOfPage\":{\"@id\":\"https:\\\/\\\/www.saludonnet.com\\\/blog\\\/anemia-por-deficit-de-hierro-sintomas-causas-y-tratamiento\\\/\"},\"wordCount\":478,\"commentCount\":0,\"publisher\":{\"@id\":\"https:\\\/\\\/www.saludonnet.com\\\/blog\\\/#organization\"},\"image\":{\"@id\":\"https:\\\/\\\/www.saludonnet.com\\\/blog\\\/anemia-por-deficit-de-hierro-sintomas-causas-y-tratamiento\\\/#primaryimage\"},\"thumbnailUrl\":\"https:\\\/\\\/soncdn.azureedge.net\\\/blog\\\/wp-content\\\/uploads\\\/2019\\\/05\\\/anemia.jpg\",\"keywords\":[\"Consulta de Medicina General\"],\"articleSection\":[\"Medicina General\"],\"inLanguage\":\"es\",\"potentialAction\":[{\"@type\":\"CommentAction\",\"name\":\"Comment\",\"target\":[\"https:\\\/\\\/www.saludonnet.com\\\/blog\\\/anemia-por-deficit-de-hierro-sintomas-causas-y-tratamiento\\\/#respond\"]}]},{\"@type\":\"WebPage\",\"@id\":\"https:\\\/\\\/www.saludonnet.com\\\/blog\\\/anemia-por-deficit-de-hierro-sintomas-causas-y-tratamiento\\\/\",\"url\":\"https:\\\/\\\/www.saludonnet.com\\\/blog\\\/anemia-por-deficit-de-hierro-sintomas-causas-y-tratamiento\\\/\",\"name\":\"Anemia por d\u00e9ficit de hierro: s\u00edntomas, causas y tratamiento\",\"isPartOf\":{\"@id\":\"https:\\\/\\\/www.saludonnet.com\\\/blog\\\/#website\"},\"primaryImageOfPage\":{\"@id\":\"https:\\\/\\\/www.saludonnet.com\\\/blog\\\/anemia-por-deficit-de-hierro-sintomas-causas-y-tratamiento\\\/#primaryimage\"},\"image\":{\"@id\":\"https:\\\/\\\/www.saludonnet.com\\\/blog\\\/anemia-por-deficit-de-hierro-sintomas-causas-y-tratamiento\\\/#primaryimage\"},\"thumbnailUrl\":\"https:\\\/\\\/soncdn.azureedge.net\\\/blog\\\/wp-content\\\/uploads\\\/2019\\\/05\\\/anemia.jpg\",\"datePublished\":\"2025-10-10T22:00:00+00:00\",\"dateModified\":\"2025-11-12T14:33:54+00:00\",\"description\":\"La anemia se produce cuando disminuyen los niveles de hemoglobina o el n\u00famero de gl\u00f3bulos rojos. Una de las m\u00e1s comunes es la anemia ferrop\u00e9nica.\",\"breadcrumb\":{\"@id\":\"https:\\\/\\\/www.saludonnet.com\\\/blog\\\/anemia-por-deficit-de-hierro-sintomas-causas-y-tratamiento\\\/#breadcrumb\"},\"inLanguage\":\"es\",\"potentialAction\":[{\"@type\":\"ReadAction\",\"target\":[\"https:\\\/\\\/www.saludonnet.com\\\/blog\\\/anemia-por-deficit-de-hierro-sintomas-causas-y-tratamiento\\\/\"]}]},{\"@type\":\"ImageObject\",\"inLanguage\":\"es\",\"@id\":\"https:\\\/\\\/www.saludonnet.com\\\/blog\\\/anemia-por-deficit-de-hierro-sintomas-causas-y-tratamiento\\\/#primaryimage\",\"url\":\"https:\\\/\\\/soncdn.azureedge.net\\\/blog\\\/wp-content\\\/uploads\\\/2019\\\/05\\\/anemia.jpg\",\"contentUrl\":\"https:\\\/\\\/soncdn.azureedge.net\\\/blog\\\/wp-content\\\/uploads\\\/2019\\\/05\\\/anemia.jpg\",\"width\":800,\"height\":400,\"caption\":\"anemia\"},{\"@type\":\"BreadcrumbList\",\"@id\":\"https:\\\/\\\/www.saludonnet.com\\\/blog\\\/anemia-por-deficit-de-hierro-sintomas-causas-y-tratamiento\\\/#breadcrumb\",\"itemListElement\":[{\"@type\":\"ListItem\",\"position\":1,\"name\":\"Portada\",\"item\":\"https:\\\/\\\/www.saludonnet.com\\\/blog\\\/\"},{\"@type\":\"ListItem\",\"position\":2,\"name\":\"Medicina General\",\"item\":\"https:\\\/\\\/www.saludonnet.com\\\/blog\\\/topic\\\/medicina-general\\\/\"},{\"@type\":\"ListItem\",\"position\":3,\"name\":\"Anemia por d\u00e9ficit de hierro: s\u00edntomas, causas y tratamiento\"}]},{\"@type\":\"WebSite\",\"@id\":\"https:\\\/\\\/www.saludonnet.com\\\/blog\\\/#website\",\"url\":\"https:\\\/\\\/www.saludonnet.com\\\/blog\\\/\",\"name\":\"Blog SaludOnNet\",\"description\":\"Un espacio donde encontrar\u00e1s consejos y art\u00edculos para cuidar de tu salud\",\"publisher\":{\"@id\":\"https:\\\/\\\/www.saludonnet.com\\\/blog\\\/#organization\"},\"potentialAction\":[{\"@type\":\"SearchAction\",\"target\":{\"@type\":\"EntryPoint\",\"urlTemplate\":\"https:\\\/\\\/www.saludonnet.com\\\/blog\\\/?s={search_term_string}\"},\"query-input\":{\"@type\":\"PropertyValueSpecification\",\"valueRequired\":true,\"valueName\":\"search_term_string\"}}],\"inLanguage\":\"es\"},{\"@type\":\"Organization\",\"@id\":\"https:\\\/\\\/www.saludonnet.com\\\/blog\\\/#organization\",\"name\":\"SaludOnNet\",\"url\":\"https:\\\/\\\/www.saludonnet.com\\\/blog\\\/\",\"logo\":{\"@type\":\"ImageObject\",\"inLanguage\":\"es\",\"@id\":\"https:\\\/\\\/www.saludonnet.com\\\/blog\\\/#\\\/schema\\\/logo\\\/image\\\/\",\"url\":\"https:\\\/\\\/www.saludonnet.com\\\/blog\\\/wp-content\\\/uploads\\\/2019\\\/07\\\/Logo-SaludOnNet.png\",\"contentUrl\":\"https:\\\/\\\/www.saludonnet.com\\\/blog\\\/wp-content\\\/uploads\\\/2019\\\/07\\\/Logo-SaludOnNet.png\",\"width\":1140,\"height\":377,\"caption\":\"SaludOnNet\"},\"image\":{\"@id\":\"https:\\\/\\\/www.saludonnet.com\\\/blog\\\/#\\\/schema\\\/logo\\\/image\\\/\"},\"sameAs\":[\"https:\\\/\\\/www.facebook.com\\\/pages\\\/SaludOnNet\\\/214957498526536\",\"https:\\\/\\\/x.com\\\/saludonnet\",\"https:\\\/\\\/www.instagram.com\\\/saludonnet\\\/\",\"https:\\\/\\\/www.linkedin.com\\\/company\\\/saludonnet\\\/\",\"https:\\\/\\\/www.youtube.com\\\/channel\\\/UCag68GsnagqzNb6C3G-S9vQ\"]},{\"@type\":\"Person\",\"@id\":\"https:\\\/\\\/www.saludonnet.com\\\/blog\\\/#\\\/schema\\\/person\\\/4f4a6001e97d78402223fdb6ddde24b4\",\"name\":\"Dra. Juliana Parisi\",\"image\":{\"@type\":\"ImageObject\",\"inLanguage\":\"es\",\"@id\":\"https:\\\/\\\/secure.gravatar.com\\\/avatar\\\/8d15149be38c82426ae134d3f46104db550e31f436dbd92925d8c6f6328231bd?s=96&d=mm&r=g\",\"url\":\"https:\\\/\\\/secure.gravatar.com\\\/avatar\\\/8d15149be38c82426ae134d3f46104db550e31f436dbd92925d8c6f6328231bd?s=96&d=mm&r=g\",\"contentUrl\":\"https:\\\/\\\/secure.gravatar.com\\\/avatar\\\/8d15149be38c82426ae134d3f46104db550e31f436dbd92925d8c6f6328231bd?s=96&d=mm&r=g\",\"caption\":\"Dra. Juliana Parisi\"},\"description\":\"Medicina General\",\"url\":\"https:\\\/\\\/www.saludonnet.com\\\/blog\\\/author\\\/juliana-parisi\\\/\"}]}<\/script>\n<!-- \/ Yoast SEO plugin. -->","yoast_head_json":{"title":"Anemia por d\u00e9ficit de hierro: s\u00edntomas, causas y tratamiento","description":"La anemia se produce cuando disminuyen los niveles de hemoglobina o el n\u00famero de gl\u00f3bulos rojos. Una de las m\u00e1s comunes es la anemia ferrop\u00e9nica.","robots":{"index":"index","follow":"follow","max-snippet":"max-snippet:-1","max-image-preview":"max-image-preview:large","max-video-preview":"max-video-preview:-1"},"canonical":"https:\/\/www.saludonnet.com\/blog\/anemia-por-deficit-de-hierro-sintomas-causas-y-tratamiento\/","og_locale":"es_ES","og_type":"article","og_title":"Anemia por d\u00e9ficit de hierro: s\u00edntomas, causas y tratamiento","og_description":"La anemia se produce cuando disminuyen los niveles de hemoglobina o el n\u00famero de gl\u00f3bulos rojos. Una de las m\u00e1s comunes es la anemia ferrop\u00e9nica.","og_url":"https:\/\/www.saludonnet.com\/blog\/anemia-por-deficit-de-hierro-sintomas-causas-y-tratamiento\/","og_site_name":"Blog SaludOnNet","article_publisher":"https:\/\/www.facebook.com\/pages\/SaludOnNet\/214957498526536","article_published_time":"2025-10-10T22:00:00+00:00","article_modified_time":"2025-11-12T14:33:54+00:00","og_image":[{"width":800,"height":400,"url":"https:\/\/www.saludonnet.com\/blog\/wp-content\/uploads\/2019\/05\/anemia.jpg","type":"image\/jpeg"}],"author":"Dra. Juliana Parisi","twitter_card":"summary_large_image","twitter_title":"Anemia por d\u00e9ficit de hierro: s\u00edntomas, causas y tratamiento","twitter_description":"La anemia se produce cuando disminuyen los niveles de hemoglobina o el n\u00famero de gl\u00f3bulos rojos. Una de las m\u00e1s comunes es la anemia ferrop\u00e9nica.","twitter_creator":"@saludonnet","twitter_site":"@saludonnet","twitter_misc":{"Escrito por":"Dra. Juliana Parisi","Tiempo de lectura":"3 minutos"},"schema":{"@context":"https:\/\/schema.org","@graph":[{"@type":"Article","@id":"https:\/\/www.saludonnet.com\/blog\/anemia-por-deficit-de-hierro-sintomas-causas-y-tratamiento\/#article","isPartOf":{"@id":"https:\/\/www.saludonnet.com\/blog\/anemia-por-deficit-de-hierro-sintomas-causas-y-tratamiento\/"},"author":{"name":"Dra. Juliana Parisi","@id":"https:\/\/www.saludonnet.com\/blog\/#\/schema\/person\/4f4a6001e97d78402223fdb6ddde24b4"},"headline":"Anemia por d\u00e9ficit de hierro: s\u00edntomas, causas y tratamiento","datePublished":"2025-10-10T22:00:00+00:00","dateModified":"2025-11-12T14:33:54+00:00","mainEntityOfPage":{"@id":"https:\/\/www.saludonnet.com\/blog\/anemia-por-deficit-de-hierro-sintomas-causas-y-tratamiento\/"},"wordCount":478,"commentCount":0,"publisher":{"@id":"https:\/\/www.saludonnet.com\/blog\/#organization"},"image":{"@id":"https:\/\/www.saludonnet.com\/blog\/anemia-por-deficit-de-hierro-sintomas-causas-y-tratamiento\/#primaryimage"},"thumbnailUrl":"https:\/\/soncdn.azureedge.net\/blog\/wp-content\/uploads\/2019\/05\/anemia.jpg","keywords":["Consulta de Medicina General"],"articleSection":["Medicina General"],"inLanguage":"es","potentialAction":[{"@type":"CommentAction","name":"Comment","target":["https:\/\/www.saludonnet.com\/blog\/anemia-por-deficit-de-hierro-sintomas-causas-y-tratamiento\/#respond"]}]},{"@type":"WebPage","@id":"https:\/\/www.saludonnet.com\/blog\/anemia-por-deficit-de-hierro-sintomas-causas-y-tratamiento\/","url":"https:\/\/www.saludonnet.com\/blog\/anemia-por-deficit-de-hierro-sintomas-causas-y-tratamiento\/","name":"Anemia por d\u00e9ficit de hierro: s\u00edntomas, causas y tratamiento","isPartOf":{"@id":"https:\/\/www.saludonnet.com\/blog\/#website"},"primaryImageOfPage":{"@id":"https:\/\/www.saludonnet.com\/blog\/anemia-por-deficit-de-hierro-sintomas-causas-y-tratamiento\/#primaryimage"},"image":{"@id":"https:\/\/www.saludonnet.com\/blog\/anemia-por-deficit-de-hierro-sintomas-causas-y-tratamiento\/#primaryimage"},"thumbnailUrl":"https:\/\/soncdn.azureedge.net\/blog\/wp-content\/uploads\/2019\/05\/anemia.jpg","datePublished":"2025-10-10T22:00:00+00:00","dateModified":"2025-11-12T14:33:54+00:00","description":"La anemia se produce cuando disminuyen los niveles de hemoglobina o el n\u00famero de gl\u00f3bulos rojos. Una de las m\u00e1s comunes es la anemia ferrop\u00e9nica.","breadcrumb":{"@id":"https:\/\/www.saludonnet.com\/blog\/anemia-por-deficit-de-hierro-sintomas-causas-y-tratamiento\/#breadcrumb"},"inLanguage":"es","potentialAction":[{"@type":"ReadAction","target":["https:\/\/www.saludonnet.com\/blog\/anemia-por-deficit-de-hierro-sintomas-causas-y-tratamiento\/"]}]},{"@type":"ImageObject","inLanguage":"es","@id":"https:\/\/www.saludonnet.com\/blog\/anemia-por-deficit-de-hierro-sintomas-causas-y-tratamiento\/#primaryimage","url":"https:\/\/soncdn.azureedge.net\/blog\/wp-content\/uploads\/2019\/05\/anemia.jpg","contentUrl":"https:\/\/soncdn.azureedge.net\/blog\/wp-content\/uploads\/2019\/05\/anemia.jpg","width":800,"height":400,"caption":"anemia"},{"@type":"BreadcrumbList","@id":"https:\/\/www.saludonnet.com\/blog\/anemia-por-deficit-de-hierro-sintomas-causas-y-tratamiento\/#breadcrumb","itemListElement":[{"@type":"ListItem","position":1,"name":"Portada","item":"https:\/\/www.saludonnet.com\/blog\/"},{"@type":"ListItem","position":2,"name":"Medicina General","item":"https:\/\/www.saludonnet.com\/blog\/topic\/medicina-general\/"},{"@type":"ListItem","position":3,"name":"Anemia por d\u00e9ficit de hierro: s\u00edntomas, causas y tratamiento"}]},{"@type":"WebSite","@id":"https:\/\/www.saludonnet.com\/blog\/#website","url":"https:\/\/www.saludonnet.com\/blog\/","name":"Blog SaludOnNet","description":"Un espacio donde encontrar\u00e1s consejos y art\u00edculos para cuidar de tu salud","publisher":{"@id":"https:\/\/www.saludonnet.com\/blog\/#organization"},"potentialAction":[{"@type":"SearchAction","target":{"@type":"EntryPoint","urlTemplate":"https:\/\/www.saludonnet.com\/blog\/?s={search_term_string}"},"query-input":{"@type":"PropertyValueSpecification","valueRequired":true,"valueName":"search_term_string"}}],"inLanguage":"es"},{"@type":"Organization","@id":"https:\/\/www.saludonnet.com\/blog\/#organization","name":"SaludOnNet","url":"https:\/\/www.saludonnet.com\/blog\/","logo":{"@type":"ImageObject","inLanguage":"es","@id":"https:\/\/www.saludonnet.com\/blog\/#\/schema\/logo\/image\/","url":"https:\/\/www.saludonnet.com\/blog\/wp-content\/uploads\/2019\/07\/Logo-SaludOnNet.png","contentUrl":"https:\/\/www.saludonnet.com\/blog\/wp-content\/uploads\/2019\/07\/Logo-SaludOnNet.png","width":1140,"height":377,"caption":"SaludOnNet"},"image":{"@id":"https:\/\/www.saludonnet.com\/blog\/#\/schema\/logo\/image\/"},"sameAs":["https:\/\/www.facebook.com\/pages\/SaludOnNet\/214957498526536","https:\/\/x.com\/saludonnet","https:\/\/www.instagram.com\/saludonnet\/","https:\/\/www.linkedin.com\/company\/saludonnet\/","https:\/\/www.youtube.com\/channel\/UCag68GsnagqzNb6C3G-S9vQ"]},{"@type":"Person","@id":"https:\/\/www.saludonnet.com\/blog\/#\/schema\/person\/4f4a6001e97d78402223fdb6ddde24b4","name":"Dra. Juliana Parisi","image":{"@type":"ImageObject","inLanguage":"es","@id":"https:\/\/secure.gravatar.com\/avatar\/8d15149be38c82426ae134d3f46104db550e31f436dbd92925d8c6f6328231bd?s=96&d=mm&r=g","url":"https:\/\/secure.gravatar.com\/avatar\/8d15149be38c82426ae134d3f46104db550e31f436dbd92925d8c6f6328231bd?s=96&d=mm&r=g","contentUrl":"https:\/\/secure.gravatar.com\/avatar\/8d15149be38c82426ae134d3f46104db550e31f436dbd92925d8c6f6328231bd?s=96&d=mm&r=g","caption":"Dra. Juliana Parisi"},"description":"Medicina General","url":"https:\/\/www.saludonnet.com\/blog\/author\/juliana-parisi\/"}]}},"acf":[],"_links":{"self":[{"href":"https:\/\/www.saludonnet.com\/blog\/wp-json\/wp\/v2\/posts\/3177","targetHints":{"allow":["GET"]}}],"collection":[{"href":"https:\/\/www.saludonnet.com\/blog\/wp-json\/wp\/v2\/posts"}],"about":[{"href":"https:\/\/www.saludonnet.com\/blog\/wp-json\/wp\/v2\/types\/post"}],"author":[{"embeddable":true,"href":"https:\/\/www.saludonnet.com\/blog\/wp-json\/wp\/v2\/users\/22"}],"replies":[{"embeddable":true,"href":"https:\/\/www.saludonnet.com\/blog\/wp-json\/wp\/v2\/comments?post=3177"}],"version-history":[{"count":7,"href":"https:\/\/www.saludonnet.com\/blog\/wp-json\/wp\/v2\/posts\/3177\/revisions"}],"predecessor-version":[{"id":20994,"href":"https:\/\/www.saludonnet.com\/blog\/wp-json\/wp\/v2\/posts\/3177\/revisions\/20994"}],"wp:featuredmedia":[{"embeddable":true,"href":"https:\/\/www.saludonnet.com\/blog\/wp-json\/wp\/v2\/media\/1500"}],"wp:attachment":[{"href":"https:\/\/www.saludonnet.com\/blog\/wp-json\/wp\/v2\/media?parent=3177"}],"wp:term":[{"taxonomy":"category","embeddable":true,"href":"https:\/\/www.saludonnet.com\/blog\/wp-json\/wp\/v2\/categories?post=3177"},{"taxonomy":"post_tag","embeddable":true,"href":"https:\/\/www.saludonnet.com\/blog\/wp-json\/wp\/v2\/tags?post=3177"}],"curies":[{"name":"wp","href":"https:\/\/api.w.org\/{rel}","templated":true}]}}