{"id":3081,"date":"2018-04-18T00:00:00","date_gmt":"2018-04-17T22:00:00","guid":{"rendered":"http:\/\/apdev.ovh\/saludon\/?p=3081"},"modified":"2019-10-10T17:36:04","modified_gmt":"2019-10-10T15:36:04","slug":"como-se-manifiesta-la-anorexia-en-adolescentes","status":"publish","type":"post","link":"https:\/\/www.saludonnet.com\/blog\/como-se-manifiesta-la-anorexia-en-adolescentes\/","title":{"rendered":"\u00bfC\u00f3mo se manifiesta la anorexia en adolescentes?"},"content":{"rendered":"<p>La <strong>anorexia<\/strong> es uno de los trastornos de la conducta alimentaria m\u00e1s grave, situ\u00e1ndose en algunos pa\u00edses como la tercera enfermedad cr\u00f3nica en chicas adolescentes. Esta patolog\u00eda se caracteriza por un miedo terrible a engordar, unido a una visi\u00f3n distorsionada del propio cuerpo y sus dimensiones. Consigue que la persona afectada restrinja la ingesta de alimentos, haga dieta e incluso ayune.<\/p>\n<p><!--more--><\/p>\n<p>Quienes padecen anorexia se ven con sobrepeso, a pesar de que tienen un \u00edndice de masa corporal muy inferior al que se considerar\u00eda saludable para su edad y estatura. Adem\u00e1s de no comer, realizan ejercicio f\u00edsico exagerado para conseguir perder peso y se obsesionan con la delgadez, tomando laxantes o diur\u00e9ticos.<\/p>\n<p>En Espa\u00f1a, alrededor de un 4,5% de adolescentes de entre 12 y 21 a\u00f1os tiene alg\u00fan trastorno de la conducta alimentaria (anorexia, bulimia\u2026etc). Este porcentaje aumenta hasta casi un 15% si se toman en consideraci\u00f3n los casos m\u00e1s leves. Sigue siendo una enfermedad mayoritariamente femenina y s\u00f3lo el&nbsp; 10% de los enfermos son hombres.<\/p>\n<p>Es frecuente que la edad de comienzo de la enfermedad se sit\u00fae entre los 13 y los 18 a\u00f1os, aunque en los \u00faltimos a\u00f1os se est\u00e1 dando casos en ni\u00f1as de menor edad y en mujeres adultas. Empiezan rechazando los hidratos de carbono, despu\u00e9s las grasas, las prote\u00ednas e incluso de los l\u00edquidos, llegando en ocasiones a la deshidrataci\u00f3n.<\/p>\n<h2><strong>Causas de la enfermedad<\/strong><\/h2>\n<p>Es complicado determinar las causas de la anorexia, al existir un factor psicol\u00f3gico importante. Adem\u00e1s los s\u00edntomas muchas veces var\u00edan de una persona a otra. Pero s\u00ed que existen determinados elementos que pueden contribuir a su aparici\u00f3n. Entre ellos habr\u00eda que destacar:<\/p>\n<ul>\n<li>Tener un componente gen\u00e9tico espec\u00edfico, que predispone al desarrollo de la enfermedad.<\/li>\n<li>Tener una alteraci\u00f3n psiqui\u00e1trica, como cuadros de ansiedad, problemas de autoestima, depresi\u00f3n o desarrollo de un trastorno obsesivo compulsivo.<\/li>\n<li>Prestar excesiva atenci\u00f3n a la imagen f\u00edsica (al peso y la figura).<\/li>\n<li>Haber tenido problemas alimenticios durante la ni\u00f1ez.<\/li>\n<li>Ser muy perfeccionista.<\/li>\n<\/ul>\n<p>El diagn\u00f3stico de la enfermedad se realiza con la ayuda de los padres o familiares de la persona con anorexia e incluye, adem\u00e1s de la historia cl\u00ednica, una exploraci\u00f3n f\u00edsica y una anal\u00edtica. El m\u00e9dico se centra en conocer si la persona se niega a mantener su peso dentro de los valores normales, si tiene p\u00e1nico a engordar y si se ve a s\u00ed mismo con m\u00e1s peso del real. En el caso de las mujeres tambi\u00e9n es significativo saber si llevan m\u00e1s de tres ciclos menstruales sin regla (amenorrea). Todas estas circunstancias llevan ayudan al especialista a plantearse la mejor manera de afrontar la enfermedad.<\/p>\n<h2><strong>Prevenci\u00f3n y tratamiento de la anorexia<\/strong><\/h2>\n<p>Su tratamiento es multidisciplinar, ya que en \u00e9l participan especialistas como el psiquiatra, el psic\u00f3logo, el endocrino, el m\u00e9dico de familia o el ginec\u00f3logo. Lo que se busca es un cambio en la nutrici\u00f3n, conseguir que la persona logre reeducarse en la comida, comenzando con una dieta baja en calor\u00edas, que poco a poco va aumentando. Es importante tomar algunas precauciones, como que el enfermo no est\u00e9 solo cuando coma y que lo haga cinco veces al d\u00eda.<\/p>\n<p>La <strong>prevenci\u00f3n<\/strong> juega un papel importante para evitar la anorexia. Conocer los h\u00e1bitos saludables en alimentaci\u00f3n y hacer que el momento de la comida sea agradable ayuda a que el ni\u00f1o crezca sabiendo que comer es algo natural en su crecimiento. Trabajar su autoestima, animarle a hacer deporte y fomentar su autonom\u00eda impedir\u00e1 que en un futuro pueda tener complejos que le puedan llevar a desarrollar la enfermedad. En el caso de los adolescentes, deben aprender a valorar a las personas por sus facultades, independientemente del aspecto f\u00edsico que tengan.<\/p>\n<p>En<a href=\"https:\/\/www.saludonnet.com\/\"><span style=\"color: #009ee0;\"><strong> SaludOnNet<\/strong><\/span><\/a> contamos con especialistas preparados para tratar esta enfermedad de la mejor forma posible. Si necesitas ayuda, no tienes m\u00e1s que entrar en el portal y pedir cita con el especialista que necesites.<\/p>\n","protected":false},"excerpt":{"rendered":"<p>La anorexia sigue afectando m\u00e1s a las chicas que a los chicos. Conoce c\u00f3mo se puede prevenir y cu\u00e1les es su tratamiento.<\/p>\n","protected":false},"author":20,"featured_media":1406,"comment_status":"open","ping_status":"open","sticky":false,"template":"","format":"standard","meta":{"footnotes":""},"categories":[59],"tags":[237,256],"class_list":["post-3081","post","type-post","status-publish","format-standard","has-post-thumbnail","hentry","category-psiquiatria","tag-1-consulta","tag-3467-consulta"],"yoast_head":"<!-- This site is optimized with the Yoast SEO plugin v27.4 - https:\/\/yoast.com\/product\/yoast-seo-wordpress\/ -->\n<title>\u00bfC\u00f3mo se manifiesta la anorexia en adolescentes?<\/title>\n<meta name=\"description\" content=\"La anorexia sigue afectando m\u00e1s a las chicas que a los chicos. Conoce c\u00f3mo se puede prevenir y cu\u00e1les es su tratamiento.\" \/>\n<meta name=\"robots\" content=\"index, follow, max-snippet:-1, max-image-preview:large, max-video-preview:-1\" \/>\n<link rel=\"canonical\" href=\"https:\/\/www.saludonnet.com\/blog\/como-se-manifiesta-la-anorexia-en-adolescentes\/\" \/>\n<meta property=\"og:locale\" content=\"es_ES\" \/>\n<meta property=\"og:type\" content=\"article\" \/>\n<meta property=\"og:title\" content=\"\u00bfC\u00f3mo se manifiesta la anorexia en adolescentes?\" \/>\n<meta property=\"og:description\" content=\"La anorexia sigue afectando m\u00e1s a las chicas que a los chicos. Conoce c\u00f3mo se puede prevenir y cu\u00e1les es su tratamiento.\" \/>\n<meta property=\"og:url\" content=\"https:\/\/www.saludonnet.com\/blog\/como-se-manifiesta-la-anorexia-en-adolescentes\/\" \/>\n<meta property=\"og:site_name\" content=\"Blog SaludOnNet\" \/>\n<meta property=\"article:publisher\" content=\"https:\/\/www.facebook.com\/pages\/SaludOnNet\/214957498526536\" \/>\n<meta property=\"article:published_time\" content=\"2018-04-17T22:00:00+00:00\" \/>\n<meta property=\"article:modified_time\" content=\"2019-10-10T15:36:04+00:00\" \/>\n<meta property=\"og:image\" content=\"https:\/\/www.saludonnet.com\/blog\/wp-content\/uploads\/2019\/05\/chica-boca-tapada-comida.jpg\" \/>\n\t<meta property=\"og:image:width\" content=\"800\" \/>\n\t<meta property=\"og:image:height\" content=\"400\" \/>\n\t<meta property=\"og:image:type\" content=\"image\/jpeg\" \/>\n<meta name=\"author\" content=\"Equipo M\u00e9dico de SaludOnNet\" \/>\n<meta name=\"twitter:card\" content=\"summary_large_image\" \/>\n<meta name=\"twitter:title\" content=\"\u00bfC\u00f3mo se manifiesta la anorexia en adolescentes?\" \/>\n<meta name=\"twitter:description\" content=\"La anorexia sigue afectando m\u00e1s a las chicas que a los chicos. Conoce c\u00f3mo se puede prevenir y cu\u00e1les es su tratamiento.\" \/>\n<meta name=\"twitter:creator\" content=\"@saludonnet\" \/>\n<meta name=\"twitter:site\" content=\"@saludonnet\" \/>\n<meta name=\"twitter:label1\" content=\"Escrito por\" \/>\n\t<meta name=\"twitter:data1\" content=\"Equipo M\u00e9dico de SaludOnNet\" \/>\n<script type=\"application\/ld+json\" class=\"yoast-schema-graph\">{\"@context\":\"https:\\\/\\\/schema.org\",\"@graph\":[{\"@type\":\"Article\",\"@id\":\"https:\\\/\\\/www.saludonnet.com\\\/blog\\\/como-se-manifiesta-la-anorexia-en-adolescentes\\\/#article\",\"isPartOf\":{\"@id\":\"https:\\\/\\\/www.saludonnet.com\\\/blog\\\/como-se-manifiesta-la-anorexia-en-adolescentes\\\/\"},\"author\":{\"name\":\"Equipo M\u00e9dico de SaludOnNet\",\"@id\":\"https:\\\/\\\/www.saludonnet.com\\\/blog\\\/#\\\/schema\\\/person\\\/50995e01cc9d6c9f29ae18d979eeff1b\"},\"headline\":\"\u00bfC\u00f3mo se manifiesta la anorexia en adolescentes?\",\"datePublished\":\"2018-04-17T22:00:00+00:00\",\"dateModified\":\"2019-10-10T15:36:04+00:00\",\"mainEntityOfPage\":{\"@id\":\"https:\\\/\\\/www.saludonnet.com\\\/blog\\\/como-se-manifiesta-la-anorexia-en-adolescentes\\\/\"},\"wordCount\":704,\"commentCount\":1,\"publisher\":{\"@id\":\"https:\\\/\\\/www.saludonnet.com\\\/blog\\\/#organization\"},\"image\":{\"@id\":\"https:\\\/\\\/www.saludonnet.com\\\/blog\\\/como-se-manifiesta-la-anorexia-en-adolescentes\\\/#primaryimage\"},\"thumbnailUrl\":\"https:\\\/\\\/soncdn.azureedge.net\\\/blog\\\/wp-content\\\/uploads\\\/2019\\\/05\\\/chica-boca-tapada-comida.jpg\",\"keywords\":[\"Consulta de Medicina General\",\"Consulta de Psiquiatr\u00eda\"],\"articleSection\":[\"Psiquiatr\u00eda\"],\"inLanguage\":\"es\",\"potentialAction\":[{\"@type\":\"CommentAction\",\"name\":\"Comment\",\"target\":[\"https:\\\/\\\/www.saludonnet.com\\\/blog\\\/como-se-manifiesta-la-anorexia-en-adolescentes\\\/#respond\"]}]},{\"@type\":\"WebPage\",\"@id\":\"https:\\\/\\\/www.saludonnet.com\\\/blog\\\/como-se-manifiesta-la-anorexia-en-adolescentes\\\/\",\"url\":\"https:\\\/\\\/www.saludonnet.com\\\/blog\\\/como-se-manifiesta-la-anorexia-en-adolescentes\\\/\",\"name\":\"\u00bfC\u00f3mo se manifiesta la anorexia en adolescentes?\",\"isPartOf\":{\"@id\":\"https:\\\/\\\/www.saludonnet.com\\\/blog\\\/#website\"},\"primaryImageOfPage\":{\"@id\":\"https:\\\/\\\/www.saludonnet.com\\\/blog\\\/como-se-manifiesta-la-anorexia-en-adolescentes\\\/#primaryimage\"},\"image\":{\"@id\":\"https:\\\/\\\/www.saludonnet.com\\\/blog\\\/como-se-manifiesta-la-anorexia-en-adolescentes\\\/#primaryimage\"},\"thumbnailUrl\":\"https:\\\/\\\/soncdn.azureedge.net\\\/blog\\\/wp-content\\\/uploads\\\/2019\\\/05\\\/chica-boca-tapada-comida.jpg\",\"datePublished\":\"2018-04-17T22:00:00+00:00\",\"dateModified\":\"2019-10-10T15:36:04+00:00\",\"description\":\"La anorexia sigue afectando m\u00e1s a las chicas que a los chicos. Conoce c\u00f3mo se puede prevenir y cu\u00e1les es su tratamiento.\",\"breadcrumb\":{\"@id\":\"https:\\\/\\\/www.saludonnet.com\\\/blog\\\/como-se-manifiesta-la-anorexia-en-adolescentes\\\/#breadcrumb\"},\"inLanguage\":\"es\",\"potentialAction\":[{\"@type\":\"ReadAction\",\"target\":[\"https:\\\/\\\/www.saludonnet.com\\\/blog\\\/como-se-manifiesta-la-anorexia-en-adolescentes\\\/\"]}]},{\"@type\":\"ImageObject\",\"inLanguage\":\"es\",\"@id\":\"https:\\\/\\\/www.saludonnet.com\\\/blog\\\/como-se-manifiesta-la-anorexia-en-adolescentes\\\/#primaryimage\",\"url\":\"https:\\\/\\\/soncdn.azureedge.net\\\/blog\\\/wp-content\\\/uploads\\\/2019\\\/05\\\/chica-boca-tapada-comida.jpg\",\"contentUrl\":\"https:\\\/\\\/soncdn.azureedge.net\\\/blog\\\/wp-content\\\/uploads\\\/2019\\\/05\\\/chica-boca-tapada-comida.jpg\",\"width\":800,\"height\":400,\"caption\":\"anorexia\"},{\"@type\":\"BreadcrumbList\",\"@id\":\"https:\\\/\\\/www.saludonnet.com\\\/blog\\\/como-se-manifiesta-la-anorexia-en-adolescentes\\\/#breadcrumb\",\"itemListElement\":[{\"@type\":\"ListItem\",\"position\":1,\"name\":\"Portada\",\"item\":\"https:\\\/\\\/www.saludonnet.com\\\/blog\\\/\"},{\"@type\":\"ListItem\",\"position\":2,\"name\":\"Psiquiatr\u00eda\",\"item\":\"https:\\\/\\\/www.saludonnet.com\\\/blog\\\/topic\\\/psiquiatria\\\/\"},{\"@type\":\"ListItem\",\"position\":3,\"name\":\"\u00bfC\u00f3mo se manifiesta la anorexia en adolescentes?\"}]},{\"@type\":\"WebSite\",\"@id\":\"https:\\\/\\\/www.saludonnet.com\\\/blog\\\/#website\",\"url\":\"https:\\\/\\\/www.saludonnet.com\\\/blog\\\/\",\"name\":\"Blog SaludOnNet\",\"description\":\"Un espacio donde encontrar\u00e1s consejos y art\u00edculos para cuidar de tu salud\",\"publisher\":{\"@id\":\"https:\\\/\\\/www.saludonnet.com\\\/blog\\\/#organization\"},\"potentialAction\":[{\"@type\":\"SearchAction\",\"target\":{\"@type\":\"EntryPoint\",\"urlTemplate\":\"https:\\\/\\\/www.saludonnet.com\\\/blog\\\/?s={search_term_string}\"},\"query-input\":{\"@type\":\"PropertyValueSpecification\",\"valueRequired\":true,\"valueName\":\"search_term_string\"}}],\"inLanguage\":\"es\"},{\"@type\":\"Organization\",\"@id\":\"https:\\\/\\\/www.saludonnet.com\\\/blog\\\/#organization\",\"name\":\"SaludOnNet\",\"url\":\"https:\\\/\\\/www.saludonnet.com\\\/blog\\\/\",\"logo\":{\"@type\":\"ImageObject\",\"inLanguage\":\"es\",\"@id\":\"https:\\\/\\\/www.saludonnet.com\\\/blog\\\/#\\\/schema\\\/logo\\\/image\\\/\",\"url\":\"https:\\\/\\\/www.saludonnet.com\\\/blog\\\/wp-content\\\/uploads\\\/2019\\\/07\\\/Logo-SaludOnNet.png\",\"contentUrl\":\"https:\\\/\\\/www.saludonnet.com\\\/blog\\\/wp-content\\\/uploads\\\/2019\\\/07\\\/Logo-SaludOnNet.png\",\"width\":1140,\"height\":377,\"caption\":\"SaludOnNet\"},\"image\":{\"@id\":\"https:\\\/\\\/www.saludonnet.com\\\/blog\\\/#\\\/schema\\\/logo\\\/image\\\/\"},\"sameAs\":[\"https:\\\/\\\/www.facebook.com\\\/pages\\\/SaludOnNet\\\/214957498526536\",\"https:\\\/\\\/x.com\\\/saludonnet\",\"https:\\\/\\\/www.instagram.com\\\/saludonnet\\\/\",\"https:\\\/\\\/www.linkedin.com\\\/company\\\/saludonnet\\\/\",\"https:\\\/\\\/www.youtube.com\\\/channel\\\/UCag68GsnagqzNb6C3G-S9vQ\"]},{\"@type\":\"Person\",\"@id\":\"https:\\\/\\\/www.saludonnet.com\\\/blog\\\/#\\\/schema\\\/person\\\/50995e01cc9d6c9f29ae18d979eeff1b\",\"name\":\"Equipo M\u00e9dico de SaludOnNet\",\"image\":{\"@type\":\"ImageObject\",\"inLanguage\":\"es\",\"@id\":\"https:\\\/\\\/secure.gravatar.com\\\/avatar\\\/0ac89931d2ef75704f29e63e12335967620a1f7ac37c69f6f97ad72b9ac6496d?s=96&d=mm&r=g\",\"url\":\"https:\\\/\\\/secure.gravatar.com\\\/avatar\\\/0ac89931d2ef75704f29e63e12335967620a1f7ac37c69f6f97ad72b9ac6496d?s=96&d=mm&r=g\",\"contentUrl\":\"https:\\\/\\\/secure.gravatar.com\\\/avatar\\\/0ac89931d2ef75704f29e63e12335967620a1f7ac37c69f6f97ad72b9ac6496d?s=96&d=mm&r=g\",\"caption\":\"Equipo M\u00e9dico de SaludOnNet\"},\"description\":\"Art\u00edculo elaborado por el equipo m\u00e9dico de SaludOnNet, compuesto por especialistas destacados en su \u00e1rea.\",\"url\":\"https:\\\/\\\/www.saludonnet.com\\\/blog\\\/author\\\/saludonnet\\\/\"}]}<\/script>\n<!-- \/ Yoast SEO plugin. -->","yoast_head_json":{"title":"\u00bfC\u00f3mo se manifiesta la anorexia en adolescentes?","description":"La anorexia sigue afectando m\u00e1s a las chicas que a los chicos. Conoce c\u00f3mo se puede prevenir y cu\u00e1les es su tratamiento.","robots":{"index":"index","follow":"follow","max-snippet":"max-snippet:-1","max-image-preview":"max-image-preview:large","max-video-preview":"max-video-preview:-1"},"canonical":"https:\/\/www.saludonnet.com\/blog\/como-se-manifiesta-la-anorexia-en-adolescentes\/","og_locale":"es_ES","og_type":"article","og_title":"\u00bfC\u00f3mo se manifiesta la anorexia en adolescentes?","og_description":"La anorexia sigue afectando m\u00e1s a las chicas que a los chicos. Conoce c\u00f3mo se puede prevenir y cu\u00e1les es su tratamiento.","og_url":"https:\/\/www.saludonnet.com\/blog\/como-se-manifiesta-la-anorexia-en-adolescentes\/","og_site_name":"Blog SaludOnNet","article_publisher":"https:\/\/www.facebook.com\/pages\/SaludOnNet\/214957498526536","article_published_time":"2018-04-17T22:00:00+00:00","article_modified_time":"2019-10-10T15:36:04+00:00","og_image":[{"width":800,"height":400,"url":"https:\/\/www.saludonnet.com\/blog\/wp-content\/uploads\/2019\/05\/chica-boca-tapada-comida.jpg","type":"image\/jpeg"}],"author":"Equipo M\u00e9dico de SaludOnNet","twitter_card":"summary_large_image","twitter_title":"\u00bfC\u00f3mo se manifiesta la anorexia en adolescentes?","twitter_description":"La anorexia sigue afectando m\u00e1s a las chicas que a los chicos. Conoce c\u00f3mo se puede prevenir y cu\u00e1les es su tratamiento.","twitter_creator":"@saludonnet","twitter_site":"@saludonnet","twitter_misc":{"Escrito por":"Equipo M\u00e9dico de SaludOnNet"},"schema":{"@context":"https:\/\/schema.org","@graph":[{"@type":"Article","@id":"https:\/\/www.saludonnet.com\/blog\/como-se-manifiesta-la-anorexia-en-adolescentes\/#article","isPartOf":{"@id":"https:\/\/www.saludonnet.com\/blog\/como-se-manifiesta-la-anorexia-en-adolescentes\/"},"author":{"name":"Equipo M\u00e9dico de SaludOnNet","@id":"https:\/\/www.saludonnet.com\/blog\/#\/schema\/person\/50995e01cc9d6c9f29ae18d979eeff1b"},"headline":"\u00bfC\u00f3mo se manifiesta la anorexia en adolescentes?","datePublished":"2018-04-17T22:00:00+00:00","dateModified":"2019-10-10T15:36:04+00:00","mainEntityOfPage":{"@id":"https:\/\/www.saludonnet.com\/blog\/como-se-manifiesta-la-anorexia-en-adolescentes\/"},"wordCount":704,"commentCount":1,"publisher":{"@id":"https:\/\/www.saludonnet.com\/blog\/#organization"},"image":{"@id":"https:\/\/www.saludonnet.com\/blog\/como-se-manifiesta-la-anorexia-en-adolescentes\/#primaryimage"},"thumbnailUrl":"https:\/\/soncdn.azureedge.net\/blog\/wp-content\/uploads\/2019\/05\/chica-boca-tapada-comida.jpg","keywords":["Consulta de Medicina General","Consulta de Psiquiatr\u00eda"],"articleSection":["Psiquiatr\u00eda"],"inLanguage":"es","potentialAction":[{"@type":"CommentAction","name":"Comment","target":["https:\/\/www.saludonnet.com\/blog\/como-se-manifiesta-la-anorexia-en-adolescentes\/#respond"]}]},{"@type":"WebPage","@id":"https:\/\/www.saludonnet.com\/blog\/como-se-manifiesta-la-anorexia-en-adolescentes\/","url":"https:\/\/www.saludonnet.com\/blog\/como-se-manifiesta-la-anorexia-en-adolescentes\/","name":"\u00bfC\u00f3mo se manifiesta la anorexia en adolescentes?","isPartOf":{"@id":"https:\/\/www.saludonnet.com\/blog\/#website"},"primaryImageOfPage":{"@id":"https:\/\/www.saludonnet.com\/blog\/como-se-manifiesta-la-anorexia-en-adolescentes\/#primaryimage"},"image":{"@id":"https:\/\/www.saludonnet.com\/blog\/como-se-manifiesta-la-anorexia-en-adolescentes\/#primaryimage"},"thumbnailUrl":"https:\/\/soncdn.azureedge.net\/blog\/wp-content\/uploads\/2019\/05\/chica-boca-tapada-comida.jpg","datePublished":"2018-04-17T22:00:00+00:00","dateModified":"2019-10-10T15:36:04+00:00","description":"La anorexia sigue afectando m\u00e1s a las chicas que a los chicos. Conoce c\u00f3mo se puede prevenir y cu\u00e1les es su tratamiento.","breadcrumb":{"@id":"https:\/\/www.saludonnet.com\/blog\/como-se-manifiesta-la-anorexia-en-adolescentes\/#breadcrumb"},"inLanguage":"es","potentialAction":[{"@type":"ReadAction","target":["https:\/\/www.saludonnet.com\/blog\/como-se-manifiesta-la-anorexia-en-adolescentes\/"]}]},{"@type":"ImageObject","inLanguage":"es","@id":"https:\/\/www.saludonnet.com\/blog\/como-se-manifiesta-la-anorexia-en-adolescentes\/#primaryimage","url":"https:\/\/soncdn.azureedge.net\/blog\/wp-content\/uploads\/2019\/05\/chica-boca-tapada-comida.jpg","contentUrl":"https:\/\/soncdn.azureedge.net\/blog\/wp-content\/uploads\/2019\/05\/chica-boca-tapada-comida.jpg","width":800,"height":400,"caption":"anorexia"},{"@type":"BreadcrumbList","@id":"https:\/\/www.saludonnet.com\/blog\/como-se-manifiesta-la-anorexia-en-adolescentes\/#breadcrumb","itemListElement":[{"@type":"ListItem","position":1,"name":"Portada","item":"https:\/\/www.saludonnet.com\/blog\/"},{"@type":"ListItem","position":2,"name":"Psiquiatr\u00eda","item":"https:\/\/www.saludonnet.com\/blog\/topic\/psiquiatria\/"},{"@type":"ListItem","position":3,"name":"\u00bfC\u00f3mo se manifiesta la anorexia en adolescentes?"}]},{"@type":"WebSite","@id":"https:\/\/www.saludonnet.com\/blog\/#website","url":"https:\/\/www.saludonnet.com\/blog\/","name":"Blog SaludOnNet","description":"Un espacio donde encontrar\u00e1s consejos y art\u00edculos para cuidar de tu salud","publisher":{"@id":"https:\/\/www.saludonnet.com\/blog\/#organization"},"potentialAction":[{"@type":"SearchAction","target":{"@type":"EntryPoint","urlTemplate":"https:\/\/www.saludonnet.com\/blog\/?s={search_term_string}"},"query-input":{"@type":"PropertyValueSpecification","valueRequired":true,"valueName":"search_term_string"}}],"inLanguage":"es"},{"@type":"Organization","@id":"https:\/\/www.saludonnet.com\/blog\/#organization","name":"SaludOnNet","url":"https:\/\/www.saludonnet.com\/blog\/","logo":{"@type":"ImageObject","inLanguage":"es","@id":"https:\/\/www.saludonnet.com\/blog\/#\/schema\/logo\/image\/","url":"https:\/\/www.saludonnet.com\/blog\/wp-content\/uploads\/2019\/07\/Logo-SaludOnNet.png","contentUrl":"https:\/\/www.saludonnet.com\/blog\/wp-content\/uploads\/2019\/07\/Logo-SaludOnNet.png","width":1140,"height":377,"caption":"SaludOnNet"},"image":{"@id":"https:\/\/www.saludonnet.com\/blog\/#\/schema\/logo\/image\/"},"sameAs":["https:\/\/www.facebook.com\/pages\/SaludOnNet\/214957498526536","https:\/\/x.com\/saludonnet","https:\/\/www.instagram.com\/saludonnet\/","https:\/\/www.linkedin.com\/company\/saludonnet\/","https:\/\/www.youtube.com\/channel\/UCag68GsnagqzNb6C3G-S9vQ"]},{"@type":"Person","@id":"https:\/\/www.saludonnet.com\/blog\/#\/schema\/person\/50995e01cc9d6c9f29ae18d979eeff1b","name":"Equipo M\u00e9dico de SaludOnNet","image":{"@type":"ImageObject","inLanguage":"es","@id":"https:\/\/secure.gravatar.com\/avatar\/0ac89931d2ef75704f29e63e12335967620a1f7ac37c69f6f97ad72b9ac6496d?s=96&d=mm&r=g","url":"https:\/\/secure.gravatar.com\/avatar\/0ac89931d2ef75704f29e63e12335967620a1f7ac37c69f6f97ad72b9ac6496d?s=96&d=mm&r=g","contentUrl":"https:\/\/secure.gravatar.com\/avatar\/0ac89931d2ef75704f29e63e12335967620a1f7ac37c69f6f97ad72b9ac6496d?s=96&d=mm&r=g","caption":"Equipo M\u00e9dico de SaludOnNet"},"description":"Art\u00edculo elaborado por el equipo m\u00e9dico de SaludOnNet, compuesto por especialistas destacados en su \u00e1rea.","url":"https:\/\/www.saludonnet.com\/blog\/author\/saludonnet\/"}]}},"acf":[],"_links":{"self":[{"href":"https:\/\/www.saludonnet.com\/blog\/wp-json\/wp\/v2\/posts\/3081","targetHints":{"allow":["GET"]}}],"collection":[{"href":"https:\/\/www.saludonnet.com\/blog\/wp-json\/wp\/v2\/posts"}],"about":[{"href":"https:\/\/www.saludonnet.com\/blog\/wp-json\/wp\/v2\/types\/post"}],"author":[{"embeddable":true,"href":"https:\/\/www.saludonnet.com\/blog\/wp-json\/wp\/v2\/users\/20"}],"replies":[{"embeddable":true,"href":"https:\/\/www.saludonnet.com\/blog\/wp-json\/wp\/v2\/comments?post=3081"}],"version-history":[{"count":5,"href":"https:\/\/www.saludonnet.com\/blog\/wp-json\/wp\/v2\/posts\/3081\/revisions"}],"predecessor-version":[{"id":6944,"href":"https:\/\/www.saludonnet.com\/blog\/wp-json\/wp\/v2\/posts\/3081\/revisions\/6944"}],"wp:featuredmedia":[{"embeddable":true,"href":"https:\/\/www.saludonnet.com\/blog\/wp-json\/wp\/v2\/media\/1406"}],"wp:attachment":[{"href":"https:\/\/www.saludonnet.com\/blog\/wp-json\/wp\/v2\/media?parent=3081"}],"wp:term":[{"taxonomy":"category","embeddable":true,"href":"https:\/\/www.saludonnet.com\/blog\/wp-json\/wp\/v2\/categories?post=3081"},{"taxonomy":"post_tag","embeddable":true,"href":"https:\/\/www.saludonnet.com\/blog\/wp-json\/wp\/v2\/tags?post=3081"}],"curies":[{"name":"wp","href":"https:\/\/api.w.org\/{rel}","templated":true}]}}