{"id":3059,"date":"2018-06-11T00:00:00","date_gmt":"2018-06-10T22:00:00","guid":{"rendered":"http:\/\/apdev.ovh\/saludon\/?p=3059"},"modified":"2025-09-25T10:26:23","modified_gmt":"2025-09-25T08:26:23","slug":"por-que-tengo-la-lengua-blanca-causas-y-tratamiento","status":"publish","type":"post","link":"https:\/\/www.saludonnet.com\/blog\/por-que-tengo-la-lengua-blanca-causas-y-tratamiento\/","title":{"rendered":"\u00bfPor qu\u00e9 tengo la lengua blanca? Causas y tratamiento"},"content":{"rendered":"<p><span style=\"font-weight: 400;\">La <\/span><b>lengua tiene un aspecto entre ros\u00e1ceo y rojizo<\/b><span style=\"font-weight: 400;\">, con secreci\u00f3n suficiente como para que no est\u00e9 seca y nos permita realizar actividades cotidianas sin dificultad. Cuenta con una movilidad normal y unos peque\u00f1os puntitos que se corresponden con las papilas gustativas. En ocasiones presenta unas caracter\u00edsticas diferentes y aparece una\u00a0 <\/span><a href=\"https:\/\/www.saludonnet.com\/blog\/lengua-fisurada-lengua-geografica-y-lengua-vellosa\/\"><b>lengua fisurada, geogr\u00e1fica o da la sensaci\u00f3n de tener vello<\/b><\/a><span style=\"font-weight: 400;\">.\u00a0<\/span><\/p>\n<p><span style=\"font-weight: 400;\">Una de las causas por las que <\/span><b>la lengua puede cambiar de color<\/b><span style=\"font-weight: 400;\"> es debido a la existencia de agentes externos (tomar caramelos, comidas o algunos medicamentos). Hace unos a\u00f1os nuestras abuelas se fijaban en el color de la lengua para saber si ten\u00edamos alg\u00fan tipo de infecci\u00f3n y, junto con el mal aliento, ver si pod\u00edamos padecer alguna enfermedad.\u00a0<\/span><\/p>\n<p><span style=\"font-weight: 400;\">Cada cambio de color tiene un significado diferente. As\u00ed, una <\/span><b>lengua amarilla puede se\u00f1alar la existencia de ictericia<\/b><span style=\"font-weight: 400;\"> y una <\/span><b>lengua roja que hay infecci\u00f3n<\/b><span style=\"font-weight: 400;\">, sobre todo en los ni\u00f1os. Pero muchas veces este m\u00fasculo toma un aspecto blanquecino. Aunque es algo habitual, es importante saber responder a la pregunta \u201cpor qu\u00e9 tengo la lengua blanca\u201d y averiguar su motivo, ya que en ocasiones puede estar relacionado con enfermedades graves.\u00a0<\/span><\/p>\n<h2>\u00bfQu\u00e9 significa tener la lengua blanca?<\/h2>\n<p><span style=\"font-weight: 400;\">Puede ser que la lengua haya cogido ese color por una <\/span><b>leucoplasia bucal<\/b><span style=\"font-weight: 400;\">. En este caso, si nos preguntamos qu\u00e9 significa tener la lengua blanca la respuesta es que se trata de una<\/span><b> lesi\u00f3n cr\u00f3nica de la lengua<\/b><span style=\"font-weight: 400;\">, que se caracteriza por presentar placas blancas de hiperqueratinizaci\u00f3n.\u00a0 Se denomina tambi\u00e9n \u201cplacas blancas de los fumadores\u201d y aparece con m\u00e1s frecuencia en los hombres a partir de los 30 a\u00f1os. Aunque se produce por varios factores, que pueden ser locales o generales, el m\u00e1s com\u00fan es la irritaci\u00f3n.<\/span><i><span style=\"font-weight: 400;\">\u00a0<\/span><\/i><\/p>\n<p><b>Son lesiones precancerosas<\/b><span style=\"font-weight: 400;\"> y, aunque surgen por varios factores, el m\u00e1s com\u00fan es la irritaci\u00f3n. Se calcula que el 1% de los pacientes con leucoplasias desarrollaran un tipo de c\u00e1ncer. <\/span><span style=\"font-weight: 400;\">\u00a0<\/span><\/p>\n<p><span style=\"font-weight: 400;\">Las principales causas de la leucoplasia son:\u00a0<\/span><\/p>\n<ul>\n<li style=\"font-weight: 400;\" aria-level=\"1\"><span style=\"font-weight: 400;\">Tabaco.<\/span><\/li>\n<li style=\"font-weight: 400;\" aria-level=\"1\"><span style=\"font-weight: 400;\">Uso de aparatos prot\u00e9sicos en la boca.<\/span><\/li>\n<li style=\"font-weight: 400;\" aria-level=\"1\"><span style=\"font-weight: 400;\">Traumatismos producidos por mordeduras repetidas en la interl\u00ednea articular.\u00a0<\/span><\/li>\n<li style=\"font-weight: 400;\" aria-level=\"1\"><span style=\"font-weight: 400;\">Abuso del alcohol.<\/span><\/li>\n<li style=\"font-weight: 400;\" aria-level=\"1\"><span style=\"font-weight: 400;\">Toma de alimentos muy calientes o condimentados.<\/span><\/li>\n<\/ul>\n<h2>Lengua blanca. Causas m\u00e1s frecuentes<\/h2>\n<p><span style=\"font-weight: 400;\">Por lo general tener la lengua blanca no es ninguna enfermedad, sino un s\u00edntoma de alguna posible patolog\u00eda. Existen <\/span><a href=\"https:\/\/www.mayoclinic.org\/es-es\/symptoms\/white-tongue\/basics\/causes\/sym-20050676\"><span style=\"font-weight: 400;\">diversas causas<\/span><\/a><span style=\"font-weight: 400;\"> por las que una persona tiene la lengua blanca. Las m\u00e1s habituales son:\u00a0<\/span><\/p>\n<ul>\n<li style=\"font-weight: 400;\" aria-level=\"1\"><a href=\"https:\/\/www.saludonnet.com\/blog\/principales-enfermedades-de-la-boca\/\"><b>Mala higiene bucal<\/b><\/a><span style=\"font-weight: 400;\">. En este caso su soluci\u00f3n es sencilla; hay que realizar una <\/span><a href=\"https:\/\/www.saludonnet.com\/blog\/limpieza-dental-que-es-y-con-que-frecuencia-se-debe-hacer\/\"><b>limpieza completa<\/b><\/a><span style=\"font-weight: 400;\">, tanto de dientes como de lengua, al menos tres veces al d\u00eda.\u00a0<\/span><\/li>\n<li style=\"font-weight: 400;\" aria-level=\"1\"><span style=\"font-weight: 400;\">La aparici\u00f3n de peque\u00f1as aftas blancas puede deberse a una <\/span><b>candidiasis oral o bucal<\/b><span style=\"font-weight: 400;\"> o a otras patolog\u00edas m\u00e1s serias.<\/span><\/li>\n<li style=\"font-weight: 400;\" aria-level=\"1\"><b>Liquen plano oral<\/b><span style=\"font-weight: 400;\">. Es una infecci\u00f3n que provoca parches blancos en la boca y la lengua. Es como si apareciera una mancha blanca en la lengua.\u00a0<\/span><\/li>\n<li style=\"font-weight: 400;\" aria-level=\"1\"><a href=\"https:\/\/www.saludonnet.com\/blog\/por-que-hay-que-evitar-la-deshidratacion\/\"><b>Deshidrataci\u00f3n<\/b><\/a><span style=\"font-weight: 400;\">. Al hacer deporte se tiene la lengua seca y con bastantes puntitos blancos. Este m\u00fasculo cambia de color, porque se pone la lengua blanca en vez de seguir con su color rosado habitual.\u00a0\u00a0<\/span><\/li>\n<li style=\"font-weight: 400;\" aria-level=\"1\"><b>Respiraci\u00f3n por la boca<\/b><span style=\"font-weight: 400;\">. <\/span><i><span style=\"font-weight: 400;\">Boca seca y lengua blanca<\/span><\/i><span style=\"font-weight: 400;\"> son conceptos que est\u00e1n unidos, ya que al quedarse seco este m\u00fasculo puede volverse blanquecino, por respirar por la boca o dormir con la boca abierta. Tambi\u00e9n van de la mano <\/span><i><span style=\"font-weight: 400;\">dolor de garganta y lengua blanca<\/span><\/i><span style=\"font-weight: 400;\">, ya que respirar por la boca mientras se duerme puede causar irritaci\u00f3n y sequedad en la faringe.\u00a0<\/span><\/li>\n<li style=\"font-weight: 400;\" aria-level=\"1\"><a href=\"https:\/\/www.saludonnet.com\/blog\/por-que-son-buenos-los-alimentos-ricos-en-fibra\/\"><b>Dieta baja en fibra<\/b><\/a><b>. <\/b><span style=\"font-weight: 400;\">Ingerir se comen alimentos blandos o triturados ayuda al cambio de color.\u00a0<\/span><\/li>\n<li style=\"font-weight: 400;\" aria-level=\"1\"><b>Problemas digestivos<\/b><span style=\"font-weight: 400;\">. <\/span><i><span style=\"font-weight: 400;\">Lengua blanca y est\u00f3mago<\/span><\/i><span style=\"font-weight: 400;\"> est\u00e1n relacionados en casos como la <\/span><a href=\"https:\/\/www.saludonnet.com\/blog\/que-es-y-como-se-realiza-una-gastroscopia\/\"><strong>g<\/strong><b>astritis<\/b><\/a><b>. <\/b><span style=\"font-weight: 400;\">Tambi\u00e9n cuando existe alguna <\/span><b>enfermedad hep\u00e1tica <\/b><span style=\"font-weight: 400;\">que requiera una depuraci\u00f3n del h\u00edgado. Suele ir acompa\u00f1ada de otros s\u00edntomas como vientre hinchado, gases, dolor de cabeza, digestiones pesadas o n\u00e1useas. As\u00ed, es recomendable acudir al especialista para que realice un buen diagn\u00f3stico. Sin embargo, no existe relaci\u00f3n entre la <\/span><i><span style=\"font-weight: 400;\">lengua blanca y el dolor de cabeza<\/span><\/i><span style=\"font-weight: 400;\">.\u00a0<\/span><\/li>\n<li style=\"font-weight: 400;\" aria-level=\"1\"><b>Leucoplasia bucal<\/b><span style=\"font-weight: 400;\">. Es una lesi\u00f3n precancerosa, que no hay que dejar avanzar para que no se evolucione en <\/span><b>c\u00e1ncer oral (c\u00e1ncer de boca o c\u00e1ncer de lengua<\/b><span style=\"font-weight: 400;\">).\u00a0<\/span><\/li>\n<\/ul>\n<h2>S\u00edntomas de lengua blanca por leucoplasia m\u00e1s frecuentes<\/h2>\n<p><span style=\"font-weight: 400;\">En la leucoplasia bucal <\/span><b>las placas inicialmente son peque\u00f1as<\/b><span style=\"font-weight: 400;\"> y no suelen provocar ninguna molestia. Aunque son perceptibles a la vista, al ser indoloras no generan ninguna preocupaci\u00f3n en quien las tiene.\u00a0<\/span><\/p>\n<p><span style=\"font-weight: 400;\">Es importante <\/span><a href=\"https:\/\/www.saludonnet.com\/servicios-medicos\/odontologia\"><span style=\"font-weight: 400;\">acudir al m\u00e9dico<\/span><\/a><span style=\"font-weight: 400;\"> si vemos que tenemos manchas en la lengua que no desaparecen y algunos de los s\u00edntomas comentados. Estas lesiones precancerosas <\/span><b>tardan meses o a\u00f1os en desarrollar un c\u00e1ncer<\/b><span style=\"font-weight: 400;\">, pero un diagn\u00f3stico precoz ayuda en el tratamiento.\u00a0\u00a0<\/span><\/p>\n<h2>Tratamiento de la lengua blanca<\/h2>\n<p><span style=\"font-weight: 400;\">En la mayor\u00eda de las ocasiones la lengua blanca vuelve a su coloraci\u00f3n normal en cuesti\u00f3n de d\u00edas, sin hacer nada especial. No obstante, se recomienda llevar una <\/span><b>dieta equilibrada <\/b><span style=\"font-weight: 400;\">que incluya:\u00a0<\/span><\/p>\n<ul>\n<li style=\"font-weight: 400;\" aria-level=\"1\"><i><span style=\"font-weight: 400;\">Beber mucha agua y zumos naturales<\/span><\/i><span style=\"font-weight: 400;\">.\u00a0<\/span><\/li>\n<li style=\"font-weight: 400;\" aria-level=\"1\"><span style=\"font-weight: 400;\">Incluir <\/span><i><span style=\"font-weight: 400;\">yogures <\/span><\/i><span style=\"font-weight: 400;\">en la dieta.\u00a0<\/span><\/li>\n<li style=\"font-weight: 400;\" aria-level=\"1\"><span style=\"font-weight: 400;\">Comer <\/span><i><span style=\"font-weight: 400;\">vegetales crudos<\/span><\/i><span style=\"font-weight: 400;\">.\u00a0<\/span><\/li>\n<li style=\"font-weight: 400;\" aria-level=\"1\"><i><span style=\"font-weight: 400;\">Tomar fruta con alto contenido en vitamina C<\/span><\/i><span style=\"font-weight: 400;\"> limpia el organismo y aumenta las defensas.\u00a0<\/span><\/li>\n<li style=\"font-weight: 400;\" aria-level=\"1\"><i><span style=\"font-weight: 400;\">Reducir los productos que pueden irritar la boca<\/span><\/i><span style=\"font-weight: 400;\">, como el alcohol y el tabaco.\u00a0<\/span><\/li>\n<li style=\"font-weight: 400;\" aria-level=\"1\"><i><span style=\"font-weight: 400;\">Aumentar la higiene bucal<\/span><\/i><span style=\"font-weight: 400;\"> para eliminarlas. Limpiar dientes y lengua y usar colutorios ayuda a reducir el riesgo de acumulaci\u00f3n de bacterias.\u00a0\u00a0<\/span><\/li>\n<\/ul>\n<p><span style=\"font-weight: 400;\">Cuando la lengua blanca est\u00e1 provocada por alg\u00fan trastorno, puede necesitar un tratamiento espec\u00edfico. En caso de la candidiasis se trata con <\/span><i><span style=\"font-weight: 400;\">medicamentos antif\u00fangicos<\/span><\/i><span style=\"font-weight: 400;\"> y el liquen plano con <\/span><i><span style=\"font-weight: 400;\">corticoesteroides<\/span><\/i><span style=\"font-weight: 400;\">.\u00a0<\/span><\/p>\n<p><span style=\"font-weight: 400;\">Asimismo, cuando est\u00e1 causada por una leucoplasia hay que <\/span><b>prescindir de cualquier factor irritante local<\/b><span style=\"font-weight: 400;\"> (tabaco, alcohol, especies picantes\u2026). En los casos leves, hacer que desaparezca el elemento que est\u00e1 causando la irritaci\u00f3n es suficiente.\u00a0<\/span><\/p>\n<p><span style=\"font-weight: 400;\">Si te preguntas qu\u00e9 pasa si tienes la lengua blanca y no tienes respuesta es el momento de acudir al m\u00e9dico para que te realice un diagn\u00f3stico y te ponga el mejor tratamiento. En <\/span><b>SaludOnNet<\/b><span style=\"font-weight: 400;\"> tienes muchas opciones. Elige la que mejor se adapte a ti.\u00a0<\/span><\/p>\n\n\n<p><\/p>\n","protected":false},"excerpt":{"rendered":"<p>Te contamos las causas de por qu\u00e9 se pone la lengua blanca, cu\u00e1ndo preocuparte y qu\u00e9 tratamiento seguir para recuperar su aspecto ros\u00e1ceo. <\/p>\n","protected":false},"author":22,"featured_media":1384,"comment_status":"open","ping_status":"open","sticky":false,"template":"","format":"standard","meta":{"footnotes":""},"categories":[56],"tags":[237],"class_list":["post-3059","post","type-post","status-publish","format-standard","has-post-thumbnail","hentry","category-medicina-general","tag-1-consulta"],"yoast_head":"<!-- This site is optimized with the Yoast SEO plugin v27.4 - https:\/\/yoast.com\/product\/yoast-seo-wordpress\/ -->\n<title>Por qu\u00e9 tengo la lengua blanca. Causas y Tratamiento<\/title>\n<meta name=\"description\" content=\"Te contamos las causas de por qu\u00e9 se pone la lengua blanca, cu\u00e1ndo preocuparte y qu\u00e9 tratamiento seguir para recuperar su aspecto ros\u00e1ceo.\" \/>\n<meta name=\"robots\" content=\"index, follow, max-snippet:-1, max-image-preview:large, max-video-preview:-1\" \/>\n<link rel=\"canonical\" href=\"https:\/\/www.saludonnet.com\/blog\/por-que-tengo-la-lengua-blanca-causas-y-tratamiento\/\" \/>\n<meta property=\"og:locale\" content=\"es_ES\" \/>\n<meta property=\"og:type\" content=\"article\" \/>\n<meta property=\"og:title\" content=\"\u00bfQu\u00e9 significa tener la lengua blanca?\" \/>\n<meta property=\"og:description\" content=\"Te contamos las causas de por qu\u00e9 se pone la lengua blanca, cu\u00e1ndo preocuparte y qu\u00e9 tratamiento seguir para recuperar su aspecto ros\u00e1ceo.\" \/>\n<meta property=\"og:url\" content=\"https:\/\/www.saludonnet.com\/blog\/por-que-tengo-la-lengua-blanca-causas-y-tratamiento\/\" \/>\n<meta property=\"og:site_name\" content=\"Blog SaludOnNet\" \/>\n<meta property=\"article:publisher\" content=\"https:\/\/www.facebook.com\/pages\/SaludOnNet\/214957498526536\" \/>\n<meta property=\"article:published_time\" content=\"2018-06-10T22:00:00+00:00\" \/>\n<meta property=\"article:modified_time\" content=\"2025-09-25T08:26:23+00:00\" \/>\n<meta property=\"og:image\" content=\"https:\/\/www.saludonnet.com\/blog\/wp-content\/uploads\/2019\/05\/lengua.jpg\" \/>\n\t<meta property=\"og:image:width\" content=\"800\" \/>\n\t<meta property=\"og:image:height\" content=\"400\" \/>\n\t<meta property=\"og:image:type\" content=\"image\/jpeg\" \/>\n<meta name=\"author\" content=\"Dra. Juliana Parisi\" \/>\n<meta name=\"twitter:card\" content=\"summary_large_image\" \/>\n<meta name=\"twitter:title\" content=\"\u00bfQu\u00e9 significa tener la lengua blanca?\" \/>\n<meta name=\"twitter:description\" content=\"Te contamos las causas de por qu\u00e9 se pone la lengua blanca, cu\u00e1ndo preocuparte y qu\u00e9 tratamiento seguir para recuperar su aspecto ros\u00e1ceo.\" \/>\n<meta name=\"twitter:image\" content=\"https:\/\/soncdn.azureedge.net\/blog\/wp-content\/uploads\/2019\/05\/lengua.jpg\" \/>\n<meta name=\"twitter:creator\" content=\"@saludonnet\" \/>\n<meta name=\"twitter:site\" content=\"@saludonnet\" \/>\n<meta name=\"twitter:label1\" content=\"Escrito por\" \/>\n\t<meta name=\"twitter:data1\" content=\"Dra. Juliana Parisi\" \/>\n\t<meta name=\"twitter:label2\" content=\"Tiempo de lectura\" \/>\n\t<meta name=\"twitter:data2\" content=\"5 minutos\" \/>\n<script type=\"application\/ld+json\" class=\"yoast-schema-graph\">{\"@context\":\"https:\\\/\\\/schema.org\",\"@graph\":[{\"@type\":\"Article\",\"@id\":\"https:\\\/\\\/www.saludonnet.com\\\/blog\\\/por-que-tengo-la-lengua-blanca-causas-y-tratamiento\\\/#article\",\"isPartOf\":{\"@id\":\"https:\\\/\\\/www.saludonnet.com\\\/blog\\\/por-que-tengo-la-lengua-blanca-causas-y-tratamiento\\\/\"},\"author\":{\"name\":\"Dra. Juliana Parisi\",\"@id\":\"https:\\\/\\\/www.saludonnet.com\\\/blog\\\/#\\\/schema\\\/person\\\/4f4a6001e97d78402223fdb6ddde24b4\"},\"headline\":\"\u00bfPor qu\u00e9 tengo la lengua blanca? Causas y tratamiento\",\"datePublished\":\"2018-06-10T22:00:00+00:00\",\"dateModified\":\"2025-09-25T08:26:23+00:00\",\"mainEntityOfPage\":{\"@id\":\"https:\\\/\\\/www.saludonnet.com\\\/blog\\\/por-que-tengo-la-lengua-blanca-causas-y-tratamiento\\\/\"},\"wordCount\":1054,\"commentCount\":13,\"publisher\":{\"@id\":\"https:\\\/\\\/www.saludonnet.com\\\/blog\\\/#organization\"},\"image\":{\"@id\":\"https:\\\/\\\/www.saludonnet.com\\\/blog\\\/por-que-tengo-la-lengua-blanca-causas-y-tratamiento\\\/#primaryimage\"},\"thumbnailUrl\":\"https:\\\/\\\/soncdn.azureedge.net\\\/blog\\\/wp-content\\\/uploads\\\/2019\\\/05\\\/lengua.jpg\",\"keywords\":[\"Consulta de Medicina General\"],\"articleSection\":[\"Medicina General\"],\"inLanguage\":\"es\",\"potentialAction\":[{\"@type\":\"CommentAction\",\"name\":\"Comment\",\"target\":[\"https:\\\/\\\/www.saludonnet.com\\\/blog\\\/por-que-tengo-la-lengua-blanca-causas-y-tratamiento\\\/#respond\"]}]},{\"@type\":\"WebPage\",\"@id\":\"https:\\\/\\\/www.saludonnet.com\\\/blog\\\/por-que-tengo-la-lengua-blanca-causas-y-tratamiento\\\/\",\"url\":\"https:\\\/\\\/www.saludonnet.com\\\/blog\\\/por-que-tengo-la-lengua-blanca-causas-y-tratamiento\\\/\",\"name\":\"Por qu\u00e9 tengo la lengua blanca. Causas y Tratamiento\",\"isPartOf\":{\"@id\":\"https:\\\/\\\/www.saludonnet.com\\\/blog\\\/#website\"},\"primaryImageOfPage\":{\"@id\":\"https:\\\/\\\/www.saludonnet.com\\\/blog\\\/por-que-tengo-la-lengua-blanca-causas-y-tratamiento\\\/#primaryimage\"},\"image\":{\"@id\":\"https:\\\/\\\/www.saludonnet.com\\\/blog\\\/por-que-tengo-la-lengua-blanca-causas-y-tratamiento\\\/#primaryimage\"},\"thumbnailUrl\":\"https:\\\/\\\/soncdn.azureedge.net\\\/blog\\\/wp-content\\\/uploads\\\/2019\\\/05\\\/lengua.jpg\",\"datePublished\":\"2018-06-10T22:00:00+00:00\",\"dateModified\":\"2025-09-25T08:26:23+00:00\",\"description\":\"Te contamos las causas de por qu\u00e9 se pone la lengua blanca, cu\u00e1ndo preocuparte y qu\u00e9 tratamiento seguir para recuperar su aspecto ros\u00e1ceo.\",\"breadcrumb\":{\"@id\":\"https:\\\/\\\/www.saludonnet.com\\\/blog\\\/por-que-tengo-la-lengua-blanca-causas-y-tratamiento\\\/#breadcrumb\"},\"inLanguage\":\"es\",\"potentialAction\":[{\"@type\":\"ReadAction\",\"target\":[\"https:\\\/\\\/www.saludonnet.com\\\/blog\\\/por-que-tengo-la-lengua-blanca-causas-y-tratamiento\\\/\"]}]},{\"@type\":\"ImageObject\",\"inLanguage\":\"es\",\"@id\":\"https:\\\/\\\/www.saludonnet.com\\\/blog\\\/por-que-tengo-la-lengua-blanca-causas-y-tratamiento\\\/#primaryimage\",\"url\":\"https:\\\/\\\/soncdn.azureedge.net\\\/blog\\\/wp-content\\\/uploads\\\/2019\\\/05\\\/lengua.jpg\",\"contentUrl\":\"https:\\\/\\\/soncdn.azureedge.net\\\/blog\\\/wp-content\\\/uploads\\\/2019\\\/05\\\/lengua.jpg\",\"width\":800,\"height\":400,\"caption\":\"lengua blanca\"},{\"@type\":\"BreadcrumbList\",\"@id\":\"https:\\\/\\\/www.saludonnet.com\\\/blog\\\/por-que-tengo-la-lengua-blanca-causas-y-tratamiento\\\/#breadcrumb\",\"itemListElement\":[{\"@type\":\"ListItem\",\"position\":1,\"name\":\"Portada\",\"item\":\"https:\\\/\\\/www.saludonnet.com\\\/blog\\\/\"},{\"@type\":\"ListItem\",\"position\":2,\"name\":\"Medicina General\",\"item\":\"https:\\\/\\\/www.saludonnet.com\\\/blog\\\/topic\\\/medicina-general\\\/\"},{\"@type\":\"ListItem\",\"position\":3,\"name\":\"\u00bfPor qu\u00e9 tengo la lengua blanca? Causas y tratamiento\"}]},{\"@type\":\"WebSite\",\"@id\":\"https:\\\/\\\/www.saludonnet.com\\\/blog\\\/#website\",\"url\":\"https:\\\/\\\/www.saludonnet.com\\\/blog\\\/\",\"name\":\"Blog SaludOnNet\",\"description\":\"Un espacio donde encontrar\u00e1s consejos y art\u00edculos para cuidar de tu salud\",\"publisher\":{\"@id\":\"https:\\\/\\\/www.saludonnet.com\\\/blog\\\/#organization\"},\"potentialAction\":[{\"@type\":\"SearchAction\",\"target\":{\"@type\":\"EntryPoint\",\"urlTemplate\":\"https:\\\/\\\/www.saludonnet.com\\\/blog\\\/?s={search_term_string}\"},\"query-input\":{\"@type\":\"PropertyValueSpecification\",\"valueRequired\":true,\"valueName\":\"search_term_string\"}}],\"inLanguage\":\"es\"},{\"@type\":\"Organization\",\"@id\":\"https:\\\/\\\/www.saludonnet.com\\\/blog\\\/#organization\",\"name\":\"SaludOnNet\",\"url\":\"https:\\\/\\\/www.saludonnet.com\\\/blog\\\/\",\"logo\":{\"@type\":\"ImageObject\",\"inLanguage\":\"es\",\"@id\":\"https:\\\/\\\/www.saludonnet.com\\\/blog\\\/#\\\/schema\\\/logo\\\/image\\\/\",\"url\":\"https:\\\/\\\/www.saludonnet.com\\\/blog\\\/wp-content\\\/uploads\\\/2019\\\/07\\\/Logo-SaludOnNet.png\",\"contentUrl\":\"https:\\\/\\\/www.saludonnet.com\\\/blog\\\/wp-content\\\/uploads\\\/2019\\\/07\\\/Logo-SaludOnNet.png\",\"width\":1140,\"height\":377,\"caption\":\"SaludOnNet\"},\"image\":{\"@id\":\"https:\\\/\\\/www.saludonnet.com\\\/blog\\\/#\\\/schema\\\/logo\\\/image\\\/\"},\"sameAs\":[\"https:\\\/\\\/www.facebook.com\\\/pages\\\/SaludOnNet\\\/214957498526536\",\"https:\\\/\\\/x.com\\\/saludonnet\",\"https:\\\/\\\/www.instagram.com\\\/saludonnet\\\/\",\"https:\\\/\\\/www.linkedin.com\\\/company\\\/saludonnet\\\/\",\"https:\\\/\\\/www.youtube.com\\\/channel\\\/UCag68GsnagqzNb6C3G-S9vQ\"]},{\"@type\":\"Person\",\"@id\":\"https:\\\/\\\/www.saludonnet.com\\\/blog\\\/#\\\/schema\\\/person\\\/4f4a6001e97d78402223fdb6ddde24b4\",\"name\":\"Dra. Juliana Parisi\",\"image\":{\"@type\":\"ImageObject\",\"inLanguage\":\"es\",\"@id\":\"https:\\\/\\\/secure.gravatar.com\\\/avatar\\\/8d15149be38c82426ae134d3f46104db550e31f436dbd92925d8c6f6328231bd?s=96&d=mm&r=g\",\"url\":\"https:\\\/\\\/secure.gravatar.com\\\/avatar\\\/8d15149be38c82426ae134d3f46104db550e31f436dbd92925d8c6f6328231bd?s=96&d=mm&r=g\",\"contentUrl\":\"https:\\\/\\\/secure.gravatar.com\\\/avatar\\\/8d15149be38c82426ae134d3f46104db550e31f436dbd92925d8c6f6328231bd?s=96&d=mm&r=g\",\"caption\":\"Dra. Juliana Parisi\"},\"description\":\"Medicina General\",\"url\":\"https:\\\/\\\/www.saludonnet.com\\\/blog\\\/author\\\/juliana-parisi\\\/\"}]}<\/script>\n<!-- \/ Yoast SEO plugin. -->","yoast_head_json":{"title":"Por qu\u00e9 tengo la lengua blanca. Causas y Tratamiento","description":"Te contamos las causas de por qu\u00e9 se pone la lengua blanca, cu\u00e1ndo preocuparte y qu\u00e9 tratamiento seguir para recuperar su aspecto ros\u00e1ceo.","robots":{"index":"index","follow":"follow","max-snippet":"max-snippet:-1","max-image-preview":"max-image-preview:large","max-video-preview":"max-video-preview:-1"},"canonical":"https:\/\/www.saludonnet.com\/blog\/por-que-tengo-la-lengua-blanca-causas-y-tratamiento\/","og_locale":"es_ES","og_type":"article","og_title":"\u00bfQu\u00e9 significa tener la lengua blanca?","og_description":"Te contamos las causas de por qu\u00e9 se pone la lengua blanca, cu\u00e1ndo preocuparte y qu\u00e9 tratamiento seguir para recuperar su aspecto ros\u00e1ceo.","og_url":"https:\/\/www.saludonnet.com\/blog\/por-que-tengo-la-lengua-blanca-causas-y-tratamiento\/","og_site_name":"Blog SaludOnNet","article_publisher":"https:\/\/www.facebook.com\/pages\/SaludOnNet\/214957498526536","article_published_time":"2018-06-10T22:00:00+00:00","article_modified_time":"2025-09-25T08:26:23+00:00","og_image":[{"width":800,"height":400,"url":"https:\/\/www.saludonnet.com\/blog\/wp-content\/uploads\/2019\/05\/lengua.jpg","type":"image\/jpeg"}],"author":"Dra. Juliana Parisi","twitter_card":"summary_large_image","twitter_title":"\u00bfQu\u00e9 significa tener la lengua blanca?","twitter_description":"Te contamos las causas de por qu\u00e9 se pone la lengua blanca, cu\u00e1ndo preocuparte y qu\u00e9 tratamiento seguir para recuperar su aspecto ros\u00e1ceo.","twitter_image":"https:\/\/soncdn.azureedge.net\/blog\/wp-content\/uploads\/2019\/05\/lengua.jpg","twitter_creator":"@saludonnet","twitter_site":"@saludonnet","twitter_misc":{"Escrito por":"Dra. Juliana Parisi","Tiempo de lectura":"5 minutos"},"schema":{"@context":"https:\/\/schema.org","@graph":[{"@type":"Article","@id":"https:\/\/www.saludonnet.com\/blog\/por-que-tengo-la-lengua-blanca-causas-y-tratamiento\/#article","isPartOf":{"@id":"https:\/\/www.saludonnet.com\/blog\/por-que-tengo-la-lengua-blanca-causas-y-tratamiento\/"},"author":{"name":"Dra. Juliana Parisi","@id":"https:\/\/www.saludonnet.com\/blog\/#\/schema\/person\/4f4a6001e97d78402223fdb6ddde24b4"},"headline":"\u00bfPor qu\u00e9 tengo la lengua blanca? Causas y tratamiento","datePublished":"2018-06-10T22:00:00+00:00","dateModified":"2025-09-25T08:26:23+00:00","mainEntityOfPage":{"@id":"https:\/\/www.saludonnet.com\/blog\/por-que-tengo-la-lengua-blanca-causas-y-tratamiento\/"},"wordCount":1054,"commentCount":13,"publisher":{"@id":"https:\/\/www.saludonnet.com\/blog\/#organization"},"image":{"@id":"https:\/\/www.saludonnet.com\/blog\/por-que-tengo-la-lengua-blanca-causas-y-tratamiento\/#primaryimage"},"thumbnailUrl":"https:\/\/soncdn.azureedge.net\/blog\/wp-content\/uploads\/2019\/05\/lengua.jpg","keywords":["Consulta de Medicina General"],"articleSection":["Medicina General"],"inLanguage":"es","potentialAction":[{"@type":"CommentAction","name":"Comment","target":["https:\/\/www.saludonnet.com\/blog\/por-que-tengo-la-lengua-blanca-causas-y-tratamiento\/#respond"]}]},{"@type":"WebPage","@id":"https:\/\/www.saludonnet.com\/blog\/por-que-tengo-la-lengua-blanca-causas-y-tratamiento\/","url":"https:\/\/www.saludonnet.com\/blog\/por-que-tengo-la-lengua-blanca-causas-y-tratamiento\/","name":"Por qu\u00e9 tengo la lengua blanca. Causas y Tratamiento","isPartOf":{"@id":"https:\/\/www.saludonnet.com\/blog\/#website"},"primaryImageOfPage":{"@id":"https:\/\/www.saludonnet.com\/blog\/por-que-tengo-la-lengua-blanca-causas-y-tratamiento\/#primaryimage"},"image":{"@id":"https:\/\/www.saludonnet.com\/blog\/por-que-tengo-la-lengua-blanca-causas-y-tratamiento\/#primaryimage"},"thumbnailUrl":"https:\/\/soncdn.azureedge.net\/blog\/wp-content\/uploads\/2019\/05\/lengua.jpg","datePublished":"2018-06-10T22:00:00+00:00","dateModified":"2025-09-25T08:26:23+00:00","description":"Te contamos las causas de por qu\u00e9 se pone la lengua blanca, cu\u00e1ndo preocuparte y qu\u00e9 tratamiento seguir para recuperar su aspecto ros\u00e1ceo.","breadcrumb":{"@id":"https:\/\/www.saludonnet.com\/blog\/por-que-tengo-la-lengua-blanca-causas-y-tratamiento\/#breadcrumb"},"inLanguage":"es","potentialAction":[{"@type":"ReadAction","target":["https:\/\/www.saludonnet.com\/blog\/por-que-tengo-la-lengua-blanca-causas-y-tratamiento\/"]}]},{"@type":"ImageObject","inLanguage":"es","@id":"https:\/\/www.saludonnet.com\/blog\/por-que-tengo-la-lengua-blanca-causas-y-tratamiento\/#primaryimage","url":"https:\/\/soncdn.azureedge.net\/blog\/wp-content\/uploads\/2019\/05\/lengua.jpg","contentUrl":"https:\/\/soncdn.azureedge.net\/blog\/wp-content\/uploads\/2019\/05\/lengua.jpg","width":800,"height":400,"caption":"lengua blanca"},{"@type":"BreadcrumbList","@id":"https:\/\/www.saludonnet.com\/blog\/por-que-tengo-la-lengua-blanca-causas-y-tratamiento\/#breadcrumb","itemListElement":[{"@type":"ListItem","position":1,"name":"Portada","item":"https:\/\/www.saludonnet.com\/blog\/"},{"@type":"ListItem","position":2,"name":"Medicina General","item":"https:\/\/www.saludonnet.com\/blog\/topic\/medicina-general\/"},{"@type":"ListItem","position":3,"name":"\u00bfPor qu\u00e9 tengo la lengua blanca? Causas y tratamiento"}]},{"@type":"WebSite","@id":"https:\/\/www.saludonnet.com\/blog\/#website","url":"https:\/\/www.saludonnet.com\/blog\/","name":"Blog SaludOnNet","description":"Un espacio donde encontrar\u00e1s consejos y art\u00edculos para cuidar de tu salud","publisher":{"@id":"https:\/\/www.saludonnet.com\/blog\/#organization"},"potentialAction":[{"@type":"SearchAction","target":{"@type":"EntryPoint","urlTemplate":"https:\/\/www.saludonnet.com\/blog\/?s={search_term_string}"},"query-input":{"@type":"PropertyValueSpecification","valueRequired":true,"valueName":"search_term_string"}}],"inLanguage":"es"},{"@type":"Organization","@id":"https:\/\/www.saludonnet.com\/blog\/#organization","name":"SaludOnNet","url":"https:\/\/www.saludonnet.com\/blog\/","logo":{"@type":"ImageObject","inLanguage":"es","@id":"https:\/\/www.saludonnet.com\/blog\/#\/schema\/logo\/image\/","url":"https:\/\/www.saludonnet.com\/blog\/wp-content\/uploads\/2019\/07\/Logo-SaludOnNet.png","contentUrl":"https:\/\/www.saludonnet.com\/blog\/wp-content\/uploads\/2019\/07\/Logo-SaludOnNet.png","width":1140,"height":377,"caption":"SaludOnNet"},"image":{"@id":"https:\/\/www.saludonnet.com\/blog\/#\/schema\/logo\/image\/"},"sameAs":["https:\/\/www.facebook.com\/pages\/SaludOnNet\/214957498526536","https:\/\/x.com\/saludonnet","https:\/\/www.instagram.com\/saludonnet\/","https:\/\/www.linkedin.com\/company\/saludonnet\/","https:\/\/www.youtube.com\/channel\/UCag68GsnagqzNb6C3G-S9vQ"]},{"@type":"Person","@id":"https:\/\/www.saludonnet.com\/blog\/#\/schema\/person\/4f4a6001e97d78402223fdb6ddde24b4","name":"Dra. Juliana Parisi","image":{"@type":"ImageObject","inLanguage":"es","@id":"https:\/\/secure.gravatar.com\/avatar\/8d15149be38c82426ae134d3f46104db550e31f436dbd92925d8c6f6328231bd?s=96&d=mm&r=g","url":"https:\/\/secure.gravatar.com\/avatar\/8d15149be38c82426ae134d3f46104db550e31f436dbd92925d8c6f6328231bd?s=96&d=mm&r=g","contentUrl":"https:\/\/secure.gravatar.com\/avatar\/8d15149be38c82426ae134d3f46104db550e31f436dbd92925d8c6f6328231bd?s=96&d=mm&r=g","caption":"Dra. Juliana Parisi"},"description":"Medicina General","url":"https:\/\/www.saludonnet.com\/blog\/author\/juliana-parisi\/"}]}},"acf":[],"_links":{"self":[{"href":"https:\/\/www.saludonnet.com\/blog\/wp-json\/wp\/v2\/posts\/3059","targetHints":{"allow":["GET"]}}],"collection":[{"href":"https:\/\/www.saludonnet.com\/blog\/wp-json\/wp\/v2\/posts"}],"about":[{"href":"https:\/\/www.saludonnet.com\/blog\/wp-json\/wp\/v2\/types\/post"}],"author":[{"embeddable":true,"href":"https:\/\/www.saludonnet.com\/blog\/wp-json\/wp\/v2\/users\/22"}],"replies":[{"embeddable":true,"href":"https:\/\/www.saludonnet.com\/blog\/wp-json\/wp\/v2\/comments?post=3059"}],"version-history":[{"count":16,"href":"https:\/\/www.saludonnet.com\/blog\/wp-json\/wp\/v2\/posts\/3059\/revisions"}],"predecessor-version":[{"id":20947,"href":"https:\/\/www.saludonnet.com\/blog\/wp-json\/wp\/v2\/posts\/3059\/revisions\/20947"}],"wp:featuredmedia":[{"embeddable":true,"href":"https:\/\/www.saludonnet.com\/blog\/wp-json\/wp\/v2\/media\/1384"}],"wp:attachment":[{"href":"https:\/\/www.saludonnet.com\/blog\/wp-json\/wp\/v2\/media?parent=3059"}],"wp:term":[{"taxonomy":"category","embeddable":true,"href":"https:\/\/www.saludonnet.com\/blog\/wp-json\/wp\/v2\/categories?post=3059"},{"taxonomy":"post_tag","embeddable":true,"href":"https:\/\/www.saludonnet.com\/blog\/wp-json\/wp\/v2\/tags?post=3059"}],"curies":[{"name":"wp","href":"https:\/\/api.w.org\/{rel}","templated":true}]}}