{"id":2967,"date":"2018-10-24T00:00:00","date_gmt":"2018-10-23T22:00:00","guid":{"rendered":"http:\/\/apdev.ovh\/saludon\/?p=2967"},"modified":"2021-12-09T17:31:10","modified_gmt":"2021-12-09T16:31:10","slug":"sintomas-y-tratamiento-de-la-bronquitis","status":"publish","type":"post","link":"https:\/\/www.saludonnet.com\/blog\/sintomas-y-tratamiento-de-la-bronquitis\/","title":{"rendered":"S\u00edntomas y tratamiento de la bronquitis"},"content":{"rendered":"<p>La bronquitis aguda es una enfermedad de las v\u00edas respiratorias inferiores. Se produce por la inflamaci\u00f3n de los bronquios, la tr\u00e1quea y los bronquiolos y se presenta con cambios inflamatorios temporales, la aparici\u00f3n de un edema bronquial y moco, que logran obstruir las v\u00edas respiratorias. La principal manifestaci\u00f3n es la tos, con esputo o sin \u00e9l, seguida de dificultad respiratoria y presi\u00f3n en el pecho. Esta enfermedad afecta a un 5% de la poblaci\u00f3n adulta y se produce sobre todo en los meses de fr\u00edo, cuando las temperaturas bajan y aumenta la humedad.<\/p>\n<p><!--more--><\/p>\n<p>El diagn\u00f3stico de la bronquitis es cl\u00ednico. Por lo general el m\u00e9dico comprueba c\u00f3mo es el moco y\/o el esputo y solicita la realizaci\u00f3n de una placa de t\u00f3rax, para saber si est\u00e1 ante una bronquitis o una <a href=\"https:\/\/www.saludonnet.com\/blog\/neumonia-sintomas-prevencion-y-contagio\/\" rel=\" noopener\"><span style=\"color: #009ee0;\"><strong>neumon\u00eda<\/strong><\/span><\/a>. Es importante realizar un diagn\u00f3stico precoz, puesto que comparte muchos de los s\u00edntomas del <a href=\"https:\/\/www.saludonnet.com\/blog\/diferencias-entre-gripe-y-resfriado\/\" rel=\" noopener\"><span style=\"color: #009ee0;\"><strong>resfriado<\/strong><\/span><\/a>.\u00a0 No obstante, hay se\u00f1ales que ayudan a determinar la enfermedad y que la diferencian de aquella proveniente de las v\u00edas respiratorias altas. El m\u00e9dico tambi\u00e9n puede realizar una <a href=\"https:\/\/www.saludonnet.com\/blog\/como-se-interpreta-una-espirometria\/\" rel=\" noopener\"><span style=\"color: #009ee0;\"><strong>espirometr\u00eda<\/strong><\/span><\/a>, para conocer la capacidad pulmonar de la persona.<\/p>\n<h2><strong>Qu\u00e9 lo produce y s\u00edntomas<\/strong><\/h2>\n<p>Lo m\u00e1s habitual es que la bronquitis est\u00e9 <em>producida por un virus respiratorio<\/em>. Dependiendo de la \u00e9poca del a\u00f1o pueden ser virus respiratorios de resfriado com\u00fan como el rinovirus, virus del tracto respiratorio inferior como el virus influenza y, m\u00e1s raramente, el herpes simple o la rubeola. Se transmiten por el aire al toser o por contacto f\u00edsico. Por eso es muy importante lavarse las manos con asiduidad para evitar el contagio. En ni\u00f1os la bronquitis puede estar causada por una bacteria.<\/p>\n<p>Pero los responsables de la bronquitis no siempre son virus o bacterias. En ocasiones tiene que ver con fumar de forma prolongada en el tiempo, con la inhalaci\u00f3n de sustancias t\u00f3xicas o con la <span style=\"color: #009ee0;\"><a style=\"color: #009ee0;\" href=\"https:\/\/www.saludonnet.com\/blog\/como-afecta-la-contaminacion-del-aire-a-la-salud\/\" rel=\" noopener\" data-insert=\"true\"><strong>contaminaci\u00f3n del aire<\/strong><\/a>.<\/span><\/p>\n<p>Los principales s\u00edntomas de la bronquitis, que se resuelven en un plazo m\u00e1ximo de 10 d\u00edas, son:<\/p>\n<ul>\n<li>Tos, productiva o improductiva. Puede conducir a un dolor tor\u00e1cico y es el \u00fanico s\u00edntoma que puede durar m\u00e1s de tres semanas.<\/li>\n<li>Aparici\u00f3n de sibilancias o sonido silbante en el pecho que se produce durante la respiraci\u00f3n.<\/li>\n<li>Dificultad respiratoria.<\/li>\n<li>Fiebre.<\/li>\n<li>Dolor far\u00edngeo.<\/li>\n<li>Congesti\u00f3n y moco nasal.<\/li>\n<\/ul>\n<h2><strong>Tratamiento de la bronquitis<\/strong><\/h2>\n<p>En pacientes con bronquitis aguda el tratamiento es sintom\u00e1tico. Hay que seguir algunas pautas espec\u00edficas. A continuaci\u00f3n especificamos las m\u00e1s importantes:<\/p>\n<ul>\n<li>Para los pacientes que presentan s\u00edntomas similares a los que un catarro es positivo la toma de <strong>analg\u00e9sicos<\/strong>, <strong>antipir\u00e9ticos<\/strong> y <strong>antiinflamatorios no esteroideos<\/strong>.<\/li>\n<li>Los <strong>antitusivos y expectorantes<\/strong> son \u00fatiles y pueden ser utilizados como tratamiento a corto plazo para aliviar los s\u00edntomas de la tos seca.<\/li>\n<li>S\u00f3lo hay que utilizar <strong>broncodilatadores<\/strong> cuando est\u00e9n afectadas las v\u00edas respiratorias. Ayudan a disminuir los s\u00edntomas, pero no tienen efecto sobre la evoluci\u00f3n de la enfermedad.<\/li>\n<li><strong>No hay que tomar antibi\u00f3ticos<\/strong>. Est\u00e1 comprobado que no disminuyen el tiempo de la enfermedad ni palian sus s\u00edntomas. La bronquitis suele estar producida por virus y el uso descontrolado de los antibi\u00f3ticos s\u00f3lo ayuda a que las bacterias se hagan resistentes.<\/li>\n<li>Algunos <strong>antivirales <\/strong>son efectivos contra el virus influenzae, aunque su beneficio no es muy notable.<\/li>\n<li>Tener h\u00e1bitos saludables como dejar de fumar, ingerir mucho l\u00edquido y no estar en lugares de ambiente seco ayudan en la prevenci\u00f3n y la recuperaci\u00f3n de la bronquitis.<\/li>\n<\/ul>\n","protected":false},"excerpt":{"rendered":"<p>\u00bfSabes c\u00f3mo se cura la bronquitis? Conoce los principales s\u00edntomas de esta infecci\u00f3n de los bronquios y su tratamiento.<\/p>\n","protected":false},"author":20,"featured_media":1293,"comment_status":"open","ping_status":"open","sticky":false,"template":"","format":"standard","meta":{"footnotes":""},"categories":[78],"tags":[241,242],"class_list":["post-2967","post","type-post","status-publish","format-standard","has-post-thumbnail","hentry","category-neumologia","tag-2753-consulta","tag-pack-76-consulta-de-neumologia--espirometria"],"yoast_head":"<!-- This site is optimized with the Yoast SEO plugin v27.5 - https:\/\/yoast.com\/product\/yoast-seo-wordpress\/ -->\n<title>S\u00edntomas y tratamiento de la bronquitis<\/title>\n<meta name=\"description\" content=\"\u00bfSabes c\u00f3mo se cura la bronquitis? Conoce los principales s\u00edntomas de esta infecci\u00f3n de los bronquios y su tratamiento.\" \/>\n<meta name=\"robots\" content=\"index, follow, max-snippet:-1, max-image-preview:large, max-video-preview:-1\" \/>\n<link rel=\"canonical\" href=\"https:\/\/www.saludonnet.com\/blog\/sintomas-y-tratamiento-de-la-bronquitis\/\" \/>\n<meta property=\"og:locale\" content=\"es_ES\" \/>\n<meta property=\"og:type\" content=\"article\" \/>\n<meta property=\"og:title\" content=\"S\u00edntomas y tratamiento de la bronquitis\" \/>\n<meta property=\"og:description\" content=\"\u00bfSabes c\u00f3mo se cura la bronquitis? Conoce los principales s\u00edntomas de esta infecci\u00f3n de los bronquios y su tratamiento.\" \/>\n<meta property=\"og:url\" content=\"https:\/\/www.saludonnet.com\/blog\/sintomas-y-tratamiento-de-la-bronquitis\/\" \/>\n<meta property=\"og:site_name\" content=\"Blog SaludOnNet\" \/>\n<meta property=\"article:publisher\" content=\"https:\/\/www.facebook.com\/pages\/SaludOnNet\/214957498526536\" \/>\n<meta property=\"article:published_time\" content=\"2018-10-23T22:00:00+00:00\" \/>\n<meta property=\"article:modified_time\" content=\"2021-12-09T16:31:10+00:00\" \/>\n<meta property=\"og:image\" content=\"https:\/\/www.saludonnet.com\/blog\/wp-content\/uploads\/2019\/05\/bronquitis.jpg\" \/>\n\t<meta property=\"og:image:width\" content=\"800\" \/>\n\t<meta property=\"og:image:height\" content=\"400\" \/>\n\t<meta property=\"og:image:type\" content=\"image\/jpeg\" \/>\n<meta name=\"author\" content=\"Equipo M\u00e9dico de SaludOnNet\" \/>\n<meta name=\"twitter:card\" content=\"summary_large_image\" \/>\n<meta name=\"twitter:title\" content=\"S\u00edntomas y tratamiento de la bronquitis\" \/>\n<meta name=\"twitter:description\" content=\"\u00bfSabes c\u00f3mo se cura la bronquitis? Conoce los principales s\u00edntomas de esta infecci\u00f3n de los bronquios y su tratamiento.\" \/>\n<meta name=\"twitter:creator\" content=\"@saludonnet\" \/>\n<meta name=\"twitter:site\" content=\"@saludonnet\" \/>\n<meta name=\"twitter:label1\" content=\"Escrito por\" \/>\n\t<meta name=\"twitter:data1\" content=\"Equipo M\u00e9dico de SaludOnNet\" \/>\n<script type=\"application\/ld+json\" class=\"yoast-schema-graph\">{\"@context\":\"https:\\\/\\\/schema.org\",\"@graph\":[{\"@type\":\"Article\",\"@id\":\"https:\\\/\\\/www.saludonnet.com\\\/blog\\\/sintomas-y-tratamiento-de-la-bronquitis\\\/#article\",\"isPartOf\":{\"@id\":\"https:\\\/\\\/www.saludonnet.com\\\/blog\\\/sintomas-y-tratamiento-de-la-bronquitis\\\/\"},\"author\":{\"name\":\"Equipo M\u00e9dico de SaludOnNet\",\"@id\":\"https:\\\/\\\/www.saludonnet.com\\\/blog\\\/#\\\/schema\\\/person\\\/50995e01cc9d6c9f29ae18d979eeff1b\"},\"headline\":\"S\u00edntomas y tratamiento de la bronquitis\",\"datePublished\":\"2018-10-23T22:00:00+00:00\",\"dateModified\":\"2021-12-09T16:31:10+00:00\",\"mainEntityOfPage\":{\"@id\":\"https:\\\/\\\/www.saludonnet.com\\\/blog\\\/sintomas-y-tratamiento-de-la-bronquitis\\\/\"},\"wordCount\":623,\"commentCount\":0,\"publisher\":{\"@id\":\"https:\\\/\\\/www.saludonnet.com\\\/blog\\\/#organization\"},\"image\":{\"@id\":\"https:\\\/\\\/www.saludonnet.com\\\/blog\\\/sintomas-y-tratamiento-de-la-bronquitis\\\/#primaryimage\"},\"thumbnailUrl\":\"https:\\\/\\\/soncdn.azureedge.net\\\/blog\\\/wp-content\\\/uploads\\\/2019\\\/05\\\/bronquitis.jpg\",\"keywords\":[\"Consulta de Neumolog\u00eda\",\"Consulta de Neumolog\u00eda y espirometr\u00eda\"],\"articleSection\":[\"Neumolog\u00eda\"],\"inLanguage\":\"es\",\"potentialAction\":[{\"@type\":\"CommentAction\",\"name\":\"Comment\",\"target\":[\"https:\\\/\\\/www.saludonnet.com\\\/blog\\\/sintomas-y-tratamiento-de-la-bronquitis\\\/#respond\"]}]},{\"@type\":\"WebPage\",\"@id\":\"https:\\\/\\\/www.saludonnet.com\\\/blog\\\/sintomas-y-tratamiento-de-la-bronquitis\\\/\",\"url\":\"https:\\\/\\\/www.saludonnet.com\\\/blog\\\/sintomas-y-tratamiento-de-la-bronquitis\\\/\",\"name\":\"S\u00edntomas y tratamiento de la bronquitis\",\"isPartOf\":{\"@id\":\"https:\\\/\\\/www.saludonnet.com\\\/blog\\\/#website\"},\"primaryImageOfPage\":{\"@id\":\"https:\\\/\\\/www.saludonnet.com\\\/blog\\\/sintomas-y-tratamiento-de-la-bronquitis\\\/#primaryimage\"},\"image\":{\"@id\":\"https:\\\/\\\/www.saludonnet.com\\\/blog\\\/sintomas-y-tratamiento-de-la-bronquitis\\\/#primaryimage\"},\"thumbnailUrl\":\"https:\\\/\\\/soncdn.azureedge.net\\\/blog\\\/wp-content\\\/uploads\\\/2019\\\/05\\\/bronquitis.jpg\",\"datePublished\":\"2018-10-23T22:00:00+00:00\",\"dateModified\":\"2021-12-09T16:31:10+00:00\",\"description\":\"\u00bfSabes c\u00f3mo se cura la bronquitis? Conoce los principales s\u00edntomas de esta infecci\u00f3n de los bronquios y su tratamiento.\",\"breadcrumb\":{\"@id\":\"https:\\\/\\\/www.saludonnet.com\\\/blog\\\/sintomas-y-tratamiento-de-la-bronquitis\\\/#breadcrumb\"},\"inLanguage\":\"es\",\"potentialAction\":[{\"@type\":\"ReadAction\",\"target\":[\"https:\\\/\\\/www.saludonnet.com\\\/blog\\\/sintomas-y-tratamiento-de-la-bronquitis\\\/\"]}]},{\"@type\":\"ImageObject\",\"inLanguage\":\"es\",\"@id\":\"https:\\\/\\\/www.saludonnet.com\\\/blog\\\/sintomas-y-tratamiento-de-la-bronquitis\\\/#primaryimage\",\"url\":\"https:\\\/\\\/soncdn.azureedge.net\\\/blog\\\/wp-content\\\/uploads\\\/2019\\\/05\\\/bronquitis.jpg\",\"contentUrl\":\"https:\\\/\\\/soncdn.azureedge.net\\\/blog\\\/wp-content\\\/uploads\\\/2019\\\/05\\\/bronquitis.jpg\",\"width\":800,\"height\":400,\"caption\":\"bronquitis\"},{\"@type\":\"BreadcrumbList\",\"@id\":\"https:\\\/\\\/www.saludonnet.com\\\/blog\\\/sintomas-y-tratamiento-de-la-bronquitis\\\/#breadcrumb\",\"itemListElement\":[{\"@type\":\"ListItem\",\"position\":1,\"name\":\"Portada\",\"item\":\"https:\\\/\\\/www.saludonnet.com\\\/blog\\\/\"},{\"@type\":\"ListItem\",\"position\":2,\"name\":\"Neumolog\u00eda\",\"item\":\"https:\\\/\\\/www.saludonnet.com\\\/blog\\\/topic\\\/neumologia\\\/\"},{\"@type\":\"ListItem\",\"position\":3,\"name\":\"S\u00edntomas y tratamiento de la bronquitis\"}]},{\"@type\":\"WebSite\",\"@id\":\"https:\\\/\\\/www.saludonnet.com\\\/blog\\\/#website\",\"url\":\"https:\\\/\\\/www.saludonnet.com\\\/blog\\\/\",\"name\":\"Blog SaludOnNet\",\"description\":\"Un espacio donde encontrar\u00e1s consejos y art\u00edculos para cuidar de tu salud\",\"publisher\":{\"@id\":\"https:\\\/\\\/www.saludonnet.com\\\/blog\\\/#organization\"},\"potentialAction\":[{\"@type\":\"SearchAction\",\"target\":{\"@type\":\"EntryPoint\",\"urlTemplate\":\"https:\\\/\\\/www.saludonnet.com\\\/blog\\\/?s={search_term_string}\"},\"query-input\":{\"@type\":\"PropertyValueSpecification\",\"valueRequired\":true,\"valueName\":\"search_term_string\"}}],\"inLanguage\":\"es\"},{\"@type\":\"Organization\",\"@id\":\"https:\\\/\\\/www.saludonnet.com\\\/blog\\\/#organization\",\"name\":\"SaludOnNet\",\"url\":\"https:\\\/\\\/www.saludonnet.com\\\/blog\\\/\",\"logo\":{\"@type\":\"ImageObject\",\"inLanguage\":\"es\",\"@id\":\"https:\\\/\\\/www.saludonnet.com\\\/blog\\\/#\\\/schema\\\/logo\\\/image\\\/\",\"url\":\"https:\\\/\\\/www.saludonnet.com\\\/blog\\\/wp-content\\\/uploads\\\/2019\\\/07\\\/Logo-SaludOnNet.png\",\"contentUrl\":\"https:\\\/\\\/www.saludonnet.com\\\/blog\\\/wp-content\\\/uploads\\\/2019\\\/07\\\/Logo-SaludOnNet.png\",\"width\":1140,\"height\":377,\"caption\":\"SaludOnNet\"},\"image\":{\"@id\":\"https:\\\/\\\/www.saludonnet.com\\\/blog\\\/#\\\/schema\\\/logo\\\/image\\\/\"},\"sameAs\":[\"https:\\\/\\\/www.facebook.com\\\/pages\\\/SaludOnNet\\\/214957498526536\",\"https:\\\/\\\/x.com\\\/saludonnet\",\"https:\\\/\\\/www.instagram.com\\\/saludonnet\\\/\",\"https:\\\/\\\/www.linkedin.com\\\/company\\\/saludonnet\\\/\",\"https:\\\/\\\/www.youtube.com\\\/channel\\\/UCag68GsnagqzNb6C3G-S9vQ\"]},{\"@type\":\"Person\",\"@id\":\"https:\\\/\\\/www.saludonnet.com\\\/blog\\\/#\\\/schema\\\/person\\\/50995e01cc9d6c9f29ae18d979eeff1b\",\"name\":\"Equipo M\u00e9dico de SaludOnNet\",\"image\":{\"@type\":\"ImageObject\",\"inLanguage\":\"es\",\"@id\":\"https:\\\/\\\/secure.gravatar.com\\\/avatar\\\/0ac89931d2ef75704f29e63e12335967620a1f7ac37c69f6f97ad72b9ac6496d?s=96&d=mm&r=g\",\"url\":\"https:\\\/\\\/secure.gravatar.com\\\/avatar\\\/0ac89931d2ef75704f29e63e12335967620a1f7ac37c69f6f97ad72b9ac6496d?s=96&d=mm&r=g\",\"contentUrl\":\"https:\\\/\\\/secure.gravatar.com\\\/avatar\\\/0ac89931d2ef75704f29e63e12335967620a1f7ac37c69f6f97ad72b9ac6496d?s=96&d=mm&r=g\",\"caption\":\"Equipo M\u00e9dico de SaludOnNet\"},\"description\":\"Art\u00edculo elaborado por el equipo m\u00e9dico de SaludOnNet, compuesto por especialistas destacados en su \u00e1rea.\",\"url\":\"https:\\\/\\\/www.saludonnet.com\\\/blog\\\/author\\\/saludonnet\\\/\"}]}<\/script>\n<!-- \/ Yoast SEO plugin. -->","yoast_head_json":{"title":"S\u00edntomas y tratamiento de la bronquitis","description":"\u00bfSabes c\u00f3mo se cura la bronquitis? Conoce los principales s\u00edntomas de esta infecci\u00f3n de los bronquios y su tratamiento.","robots":{"index":"index","follow":"follow","max-snippet":"max-snippet:-1","max-image-preview":"max-image-preview:large","max-video-preview":"max-video-preview:-1"},"canonical":"https:\/\/www.saludonnet.com\/blog\/sintomas-y-tratamiento-de-la-bronquitis\/","og_locale":"es_ES","og_type":"article","og_title":"S\u00edntomas y tratamiento de la bronquitis","og_description":"\u00bfSabes c\u00f3mo se cura la bronquitis? Conoce los principales s\u00edntomas de esta infecci\u00f3n de los bronquios y su tratamiento.","og_url":"https:\/\/www.saludonnet.com\/blog\/sintomas-y-tratamiento-de-la-bronquitis\/","og_site_name":"Blog SaludOnNet","article_publisher":"https:\/\/www.facebook.com\/pages\/SaludOnNet\/214957498526536","article_published_time":"2018-10-23T22:00:00+00:00","article_modified_time":"2021-12-09T16:31:10+00:00","og_image":[{"width":800,"height":400,"url":"https:\/\/www.saludonnet.com\/blog\/wp-content\/uploads\/2019\/05\/bronquitis.jpg","type":"image\/jpeg"}],"author":"Equipo M\u00e9dico de SaludOnNet","twitter_card":"summary_large_image","twitter_title":"S\u00edntomas y tratamiento de la bronquitis","twitter_description":"\u00bfSabes c\u00f3mo se cura la bronquitis? Conoce los principales s\u00edntomas de esta infecci\u00f3n de los bronquios y su tratamiento.","twitter_creator":"@saludonnet","twitter_site":"@saludonnet","twitter_misc":{"Escrito por":"Equipo M\u00e9dico de SaludOnNet"},"schema":{"@context":"https:\/\/schema.org","@graph":[{"@type":"Article","@id":"https:\/\/www.saludonnet.com\/blog\/sintomas-y-tratamiento-de-la-bronquitis\/#article","isPartOf":{"@id":"https:\/\/www.saludonnet.com\/blog\/sintomas-y-tratamiento-de-la-bronquitis\/"},"author":{"name":"Equipo M\u00e9dico de SaludOnNet","@id":"https:\/\/www.saludonnet.com\/blog\/#\/schema\/person\/50995e01cc9d6c9f29ae18d979eeff1b"},"headline":"S\u00edntomas y tratamiento de la bronquitis","datePublished":"2018-10-23T22:00:00+00:00","dateModified":"2021-12-09T16:31:10+00:00","mainEntityOfPage":{"@id":"https:\/\/www.saludonnet.com\/blog\/sintomas-y-tratamiento-de-la-bronquitis\/"},"wordCount":623,"commentCount":0,"publisher":{"@id":"https:\/\/www.saludonnet.com\/blog\/#organization"},"image":{"@id":"https:\/\/www.saludonnet.com\/blog\/sintomas-y-tratamiento-de-la-bronquitis\/#primaryimage"},"thumbnailUrl":"https:\/\/soncdn.azureedge.net\/blog\/wp-content\/uploads\/2019\/05\/bronquitis.jpg","keywords":["Consulta de Neumolog\u00eda","Consulta de Neumolog\u00eda y espirometr\u00eda"],"articleSection":["Neumolog\u00eda"],"inLanguage":"es","potentialAction":[{"@type":"CommentAction","name":"Comment","target":["https:\/\/www.saludonnet.com\/blog\/sintomas-y-tratamiento-de-la-bronquitis\/#respond"]}]},{"@type":"WebPage","@id":"https:\/\/www.saludonnet.com\/blog\/sintomas-y-tratamiento-de-la-bronquitis\/","url":"https:\/\/www.saludonnet.com\/blog\/sintomas-y-tratamiento-de-la-bronquitis\/","name":"S\u00edntomas y tratamiento de la bronquitis","isPartOf":{"@id":"https:\/\/www.saludonnet.com\/blog\/#website"},"primaryImageOfPage":{"@id":"https:\/\/www.saludonnet.com\/blog\/sintomas-y-tratamiento-de-la-bronquitis\/#primaryimage"},"image":{"@id":"https:\/\/www.saludonnet.com\/blog\/sintomas-y-tratamiento-de-la-bronquitis\/#primaryimage"},"thumbnailUrl":"https:\/\/soncdn.azureedge.net\/blog\/wp-content\/uploads\/2019\/05\/bronquitis.jpg","datePublished":"2018-10-23T22:00:00+00:00","dateModified":"2021-12-09T16:31:10+00:00","description":"\u00bfSabes c\u00f3mo se cura la bronquitis? Conoce los principales s\u00edntomas de esta infecci\u00f3n de los bronquios y su tratamiento.","breadcrumb":{"@id":"https:\/\/www.saludonnet.com\/blog\/sintomas-y-tratamiento-de-la-bronquitis\/#breadcrumb"},"inLanguage":"es","potentialAction":[{"@type":"ReadAction","target":["https:\/\/www.saludonnet.com\/blog\/sintomas-y-tratamiento-de-la-bronquitis\/"]}]},{"@type":"ImageObject","inLanguage":"es","@id":"https:\/\/www.saludonnet.com\/blog\/sintomas-y-tratamiento-de-la-bronquitis\/#primaryimage","url":"https:\/\/soncdn.azureedge.net\/blog\/wp-content\/uploads\/2019\/05\/bronquitis.jpg","contentUrl":"https:\/\/soncdn.azureedge.net\/blog\/wp-content\/uploads\/2019\/05\/bronquitis.jpg","width":800,"height":400,"caption":"bronquitis"},{"@type":"BreadcrumbList","@id":"https:\/\/www.saludonnet.com\/blog\/sintomas-y-tratamiento-de-la-bronquitis\/#breadcrumb","itemListElement":[{"@type":"ListItem","position":1,"name":"Portada","item":"https:\/\/www.saludonnet.com\/blog\/"},{"@type":"ListItem","position":2,"name":"Neumolog\u00eda","item":"https:\/\/www.saludonnet.com\/blog\/topic\/neumologia\/"},{"@type":"ListItem","position":3,"name":"S\u00edntomas y tratamiento de la bronquitis"}]},{"@type":"WebSite","@id":"https:\/\/www.saludonnet.com\/blog\/#website","url":"https:\/\/www.saludonnet.com\/blog\/","name":"Blog SaludOnNet","description":"Un espacio donde encontrar\u00e1s consejos y art\u00edculos para cuidar de tu salud","publisher":{"@id":"https:\/\/www.saludonnet.com\/blog\/#organization"},"potentialAction":[{"@type":"SearchAction","target":{"@type":"EntryPoint","urlTemplate":"https:\/\/www.saludonnet.com\/blog\/?s={search_term_string}"},"query-input":{"@type":"PropertyValueSpecification","valueRequired":true,"valueName":"search_term_string"}}],"inLanguage":"es"},{"@type":"Organization","@id":"https:\/\/www.saludonnet.com\/blog\/#organization","name":"SaludOnNet","url":"https:\/\/www.saludonnet.com\/blog\/","logo":{"@type":"ImageObject","inLanguage":"es","@id":"https:\/\/www.saludonnet.com\/blog\/#\/schema\/logo\/image\/","url":"https:\/\/www.saludonnet.com\/blog\/wp-content\/uploads\/2019\/07\/Logo-SaludOnNet.png","contentUrl":"https:\/\/www.saludonnet.com\/blog\/wp-content\/uploads\/2019\/07\/Logo-SaludOnNet.png","width":1140,"height":377,"caption":"SaludOnNet"},"image":{"@id":"https:\/\/www.saludonnet.com\/blog\/#\/schema\/logo\/image\/"},"sameAs":["https:\/\/www.facebook.com\/pages\/SaludOnNet\/214957498526536","https:\/\/x.com\/saludonnet","https:\/\/www.instagram.com\/saludonnet\/","https:\/\/www.linkedin.com\/company\/saludonnet\/","https:\/\/www.youtube.com\/channel\/UCag68GsnagqzNb6C3G-S9vQ"]},{"@type":"Person","@id":"https:\/\/www.saludonnet.com\/blog\/#\/schema\/person\/50995e01cc9d6c9f29ae18d979eeff1b","name":"Equipo M\u00e9dico de SaludOnNet","image":{"@type":"ImageObject","inLanguage":"es","@id":"https:\/\/secure.gravatar.com\/avatar\/0ac89931d2ef75704f29e63e12335967620a1f7ac37c69f6f97ad72b9ac6496d?s=96&d=mm&r=g","url":"https:\/\/secure.gravatar.com\/avatar\/0ac89931d2ef75704f29e63e12335967620a1f7ac37c69f6f97ad72b9ac6496d?s=96&d=mm&r=g","contentUrl":"https:\/\/secure.gravatar.com\/avatar\/0ac89931d2ef75704f29e63e12335967620a1f7ac37c69f6f97ad72b9ac6496d?s=96&d=mm&r=g","caption":"Equipo M\u00e9dico de SaludOnNet"},"description":"Art\u00edculo elaborado por el equipo m\u00e9dico de SaludOnNet, compuesto por especialistas destacados en su \u00e1rea.","url":"https:\/\/www.saludonnet.com\/blog\/author\/saludonnet\/"}]}},"acf":[],"_links":{"self":[{"href":"https:\/\/www.saludonnet.com\/blog\/wp-json\/wp\/v2\/posts\/2967","targetHints":{"allow":["GET"]}}],"collection":[{"href":"https:\/\/www.saludonnet.com\/blog\/wp-json\/wp\/v2\/posts"}],"about":[{"href":"https:\/\/www.saludonnet.com\/blog\/wp-json\/wp\/v2\/types\/post"}],"author":[{"embeddable":true,"href":"https:\/\/www.saludonnet.com\/blog\/wp-json\/wp\/v2\/users\/20"}],"replies":[{"embeddable":true,"href":"https:\/\/www.saludonnet.com\/blog\/wp-json\/wp\/v2\/comments?post=2967"}],"version-history":[{"count":7,"href":"https:\/\/www.saludonnet.com\/blog\/wp-json\/wp\/v2\/posts\/2967\/revisions"}],"predecessor-version":[{"id":10996,"href":"https:\/\/www.saludonnet.com\/blog\/wp-json\/wp\/v2\/posts\/2967\/revisions\/10996"}],"wp:featuredmedia":[{"embeddable":true,"href":"https:\/\/www.saludonnet.com\/blog\/wp-json\/wp\/v2\/media\/1293"}],"wp:attachment":[{"href":"https:\/\/www.saludonnet.com\/blog\/wp-json\/wp\/v2\/media?parent=2967"}],"wp:term":[{"taxonomy":"category","embeddable":true,"href":"https:\/\/www.saludonnet.com\/blog\/wp-json\/wp\/v2\/categories?post=2967"},{"taxonomy":"post_tag","embeddable":true,"href":"https:\/\/www.saludonnet.com\/blog\/wp-json\/wp\/v2\/tags?post=2967"}],"curies":[{"name":"wp","href":"https:\/\/api.w.org\/{rel}","templated":true}]}}