{"id":2955,"date":"2025-11-16T00:00:00","date_gmt":"2025-11-15T23:00:00","guid":{"rendered":"http:\/\/apdev.ovh\/saludon\/?p=2955"},"modified":"2025-11-20T15:32:37","modified_gmt":"2025-11-20T14:32:37","slug":"mocos-verdes-tratamiento-y-cuando-acudir-al-medico","status":"publish","type":"post","link":"https:\/\/www.saludonnet.com\/blog\/mocos-verdes-tratamiento-y-cuando-acudir-al-medico\/","title":{"rendered":"Mocos verdes: tratamiento y cu\u00e1ndo acudir al m\u00e9dico"},"content":{"rendered":"<p>La presencia de mucosidad en la nariz y la garganta es fisiol\u00f3gica, pero cuando se producen en cantidad aparecen la obstrucci\u00f3n nasal y la dificultad respiratoria. Los mocos son secreciones que cubren las membranas mucosas del cuerpo, de forma viscosa, y que est\u00e1n formados por mucinas y sales inorg\u00e1nicas suspendidas en el agua. Los procesos catarrales suelen comenzar con mocos y el aumento de su producci\u00f3n en las v\u00edas respiratorias en uno de los s\u00edntomas de enfermedades comunes como el resfriado, provocado por un virus llamado rinovirus.<\/p>\n<p><!--more--><\/p>\n<h2>\u00bfQu\u00e9 significa tener los mocos verdes?<\/h2>\n<p>En un comienzo los mocos son transparentes o de color claro y van acompa\u00f1ados de congesti\u00f3n nasal, provocando dificultad respiratoria y estornudos. Con el paso de los d\u00edas se espesan y se vuelven primero blanquecinos, despu\u00e9s amarillentos y finalmente terminan siendo verdes. Este cambio se produce a causa de la entrada en escena de los neutr\u00f3filos. Cuando un virus agrede la mucosa nasal, estas defensas atacan cualquier agente que pongan en riesgo la salud del organismo. Los neutr\u00f3filos fabrican una enzima que es rica en hierro y que le da ese color verde a los mocos. En este momento la enfermedad no es tan contagiosa como en un principio.<\/p>\n<p>El color verde de los mocos en un resfriado s\u00f3lo es un indicador de que hay una infecci\u00f3n en la mucosa nasal o el seno paranasal y que el cuerpo est\u00e1 luchando para eliminarla. Pero, siempre y cuando no haya fiebre, no est\u00e1 relacionado con una sobreinfecci\u00f3n. El moco no discrimina si la infecci\u00f3n est\u00e1 producida por un virus o una bacteria. \u00a0Las infecciones respiratorias m\u00e1s comunes como los catarros, las gripes, la mayor\u00eda de sinusitis, amigdalitis y bronquitis est\u00e1n producidas por un virus, por lo que su tratamiento <strong>nunca debe ser antibi\u00f3tico<\/strong>. Adem\u00e1s de moco, van acompa\u00f1adas por otros s\u00edntomas como cefaleas, dolor de garganta, fiebre, decaimiento y dolores musculares.<\/p>\n<h2><span style=\"background-color: transparent;\">C\u00f3mo expulsar los mocos<\/span><\/h2>\n<p>Cuando se genera mucho moco la respiraci\u00f3n se vuelva muy molesta y, sobre todo por las noches, aparece la tos. Existen diferentes formas de expulsar los mocos verdes. Las m\u00e1s efectivas son:<\/p>\n<ul>\n<li>Son\u00e1ndose la nariz con un pa\u00f1uelo. Se recomienda presionar solo un lado de la nariz y soplar por el otro. Deben alternarse los lados, para que se vac\u00eden los dos.<\/li>\n<li>A trav\u00e9s de la tos, por la garganta.<\/li>\n<li>Mediante irrigaci\u00f3n nasal con suero salino o agua con sal. Se recomienda hacerlo acostado o de pie, con la cabeza inclinada hacia detr\u00e1s y la boca cerrada.<\/li>\n<li>Beber mucho l\u00edquido para mantenerse correctamente hidratado.<\/li>\n<li>Realizar inhalaciones de vapor o poner un humidificador en la habitaci\u00f3n.<\/li>\n<li>Mantenerse en posici\u00f3n erguida al tumbarse para dormir, con la ayuda de una almohada o coj\u00edn.<\/li>\n<\/ul>\n<p>El exceso de moco de resfriados y alergias se puede tratar con medicamentos descongestionantes. Cuando se produce en los bronquios, en el caso del asma y la bronquitis, se trata con medicamentos antiinflamatorios.<\/p>\n<p>Hay que evitar la automedicaci\u00f3n y acudir al m\u00e9dico, si se tiene alguna duda sobre c\u00f3mo eliminar estos mocos. Y sobre todo se deben evitar los antibi\u00f3ticos, ya que lo \u00fanico que consiguen es que algunas bacterias se vuelvan m\u00e1s resistentes.<\/p>\n<p>Si lo necesitas, en\u00a0<a href=\"https:\/\/www.saludonnet.com\/\">SaludOnNet<\/a> puedes comprar una <strong>Consulta de Medicina General desde s\u00f3lo 16\u20ac<\/strong>\u00a0. Elige entre m\u00e1s de 4.000 cl\u00ednicas y hospitales, y\u00a0ah\u00f3rrate las\u00a0listas de espera\u00a0aunque no tengas\u00a0seguro m\u00e9dico.<\/p>\n","protected":false},"excerpt":{"rendered":"<p>\u00bfTe asustas cuando est\u00e1s resfriado y de repente tus mocos se vuelven verdes? Te contamos qu\u00e9 es lo que significa y si te debes preocupar o no.<\/p>\n","protected":false},"author":22,"featured_media":1281,"comment_status":"open","ping_status":"open","sticky":false,"template":"","format":"standard","meta":{"footnotes":""},"categories":[56],"tags":[237],"class_list":["post-2955","post","type-post","status-publish","format-standard","has-post-thumbnail","hentry","category-medicina-general","tag-1-consulta"],"yoast_head":"<!-- This site is optimized with the Yoast SEO plugin v27.4 - https:\/\/yoast.com\/product\/yoast-seo-wordpress\/ -->\n<title>Mocos verdes: tratamiento y cu\u00e1ndo acudir al m\u00e9dico<\/title>\n<meta name=\"description\" content=\"\u00bfTe asustas cuando est\u00e1s resfriado y de repente tus mocos se vuelven verdes? Te contamos qu\u00e9 es lo que significa y si te debes preocupar o no.\" \/>\n<meta name=\"robots\" content=\"index, follow, max-snippet:-1, max-image-preview:large, max-video-preview:-1\" \/>\n<link rel=\"canonical\" href=\"https:\/\/www.saludonnet.com\/blog\/mocos-verdes-tratamiento-y-cuando-acudir-al-medico\/\" \/>\n<meta property=\"og:locale\" content=\"es_ES\" \/>\n<meta property=\"og:type\" content=\"article\" \/>\n<meta property=\"og:title\" content=\"Mocos verdes: tratamiento y cu\u00e1ndo acudir al m\u00e9dico\" \/>\n<meta property=\"og:description\" content=\"\u00bfTe asustas cuando est\u00e1s resfriado y de repente tus mocos se vuelven verdes? Te contamos qu\u00e9 es lo que significa y si te debes preocupar o no.\" \/>\n<meta property=\"og:url\" content=\"https:\/\/www.saludonnet.com\/blog\/mocos-verdes-tratamiento-y-cuando-acudir-al-medico\/\" \/>\n<meta property=\"og:site_name\" content=\"Blog SaludOnNet\" \/>\n<meta property=\"article:publisher\" content=\"https:\/\/www.facebook.com\/pages\/SaludOnNet\/214957498526536\" \/>\n<meta property=\"article:published_time\" content=\"2025-11-15T23:00:00+00:00\" \/>\n<meta property=\"article:modified_time\" content=\"2025-11-20T14:32:37+00:00\" \/>\n<meta property=\"og:image\" content=\"https:\/\/www.saludonnet.com\/blog\/wp-content\/uploads\/2019\/05\/hombre-sonandose.png\" \/>\n\t<meta property=\"og:image:width\" content=\"800\" \/>\n\t<meta property=\"og:image:height\" content=\"400\" \/>\n\t<meta property=\"og:image:type\" content=\"image\/png\" \/>\n<meta name=\"author\" content=\"Dra. Juliana Parisi\" \/>\n<meta name=\"twitter:card\" content=\"summary_large_image\" \/>\n<meta name=\"twitter:title\" content=\"Mocos verdes: tratamiento y cu\u00e1ndo acudir al m\u00e9dico\" \/>\n<meta name=\"twitter:description\" content=\"\u00bfTe asustas cuando est\u00e1s resfriado y de repente tus mocos se vuelven verdes? Te contamos qu\u00e9 es lo que significa y si te debes preocupar o no.\" \/>\n<meta name=\"twitter:creator\" content=\"@saludonnet\" \/>\n<meta name=\"twitter:site\" content=\"@saludonnet\" \/>\n<meta name=\"twitter:label1\" content=\"Escrito por\" \/>\n\t<meta name=\"twitter:data1\" content=\"Dra. Juliana Parisi\" \/>\n\t<meta name=\"twitter:label2\" content=\"Tiempo de lectura\" \/>\n\t<meta name=\"twitter:data2\" content=\"3 minutos\" \/>\n<script type=\"application\/ld+json\" class=\"yoast-schema-graph\">{\"@context\":\"https:\\\/\\\/schema.org\",\"@graph\":[{\"@type\":\"Article\",\"@id\":\"https:\\\/\\\/www.saludonnet.com\\\/blog\\\/mocos-verdes-tratamiento-y-cuando-acudir-al-medico\\\/#article\",\"isPartOf\":{\"@id\":\"https:\\\/\\\/www.saludonnet.com\\\/blog\\\/mocos-verdes-tratamiento-y-cuando-acudir-al-medico\\\/\"},\"author\":{\"name\":\"Dra. Juliana Parisi\",\"@id\":\"https:\\\/\\\/www.saludonnet.com\\\/blog\\\/#\\\/schema\\\/person\\\/4f4a6001e97d78402223fdb6ddde24b4\"},\"headline\":\"Mocos verdes: tratamiento y cu\u00e1ndo acudir al m\u00e9dico\",\"datePublished\":\"2025-11-15T23:00:00+00:00\",\"dateModified\":\"2025-11-20T14:32:37+00:00\",\"mainEntityOfPage\":{\"@id\":\"https:\\\/\\\/www.saludonnet.com\\\/blog\\\/mocos-verdes-tratamiento-y-cuando-acudir-al-medico\\\/\"},\"wordCount\":611,\"commentCount\":2,\"publisher\":{\"@id\":\"https:\\\/\\\/www.saludonnet.com\\\/blog\\\/#organization\"},\"image\":{\"@id\":\"https:\\\/\\\/www.saludonnet.com\\\/blog\\\/mocos-verdes-tratamiento-y-cuando-acudir-al-medico\\\/#primaryimage\"},\"thumbnailUrl\":\"https:\\\/\\\/soncdn.azureedge.net\\\/blog\\\/wp-content\\\/uploads\\\/2019\\\/05\\\/hombre-sonandose.png\",\"keywords\":[\"Consulta de Medicina General\"],\"articleSection\":[\"Medicina General\"],\"inLanguage\":\"es\",\"potentialAction\":[{\"@type\":\"CommentAction\",\"name\":\"Comment\",\"target\":[\"https:\\\/\\\/www.saludonnet.com\\\/blog\\\/mocos-verdes-tratamiento-y-cuando-acudir-al-medico\\\/#respond\"]}]},{\"@type\":\"WebPage\",\"@id\":\"https:\\\/\\\/www.saludonnet.com\\\/blog\\\/mocos-verdes-tratamiento-y-cuando-acudir-al-medico\\\/\",\"url\":\"https:\\\/\\\/www.saludonnet.com\\\/blog\\\/mocos-verdes-tratamiento-y-cuando-acudir-al-medico\\\/\",\"name\":\"Mocos verdes: tratamiento y cu\u00e1ndo acudir al m\u00e9dico\",\"isPartOf\":{\"@id\":\"https:\\\/\\\/www.saludonnet.com\\\/blog\\\/#website\"},\"primaryImageOfPage\":{\"@id\":\"https:\\\/\\\/www.saludonnet.com\\\/blog\\\/mocos-verdes-tratamiento-y-cuando-acudir-al-medico\\\/#primaryimage\"},\"image\":{\"@id\":\"https:\\\/\\\/www.saludonnet.com\\\/blog\\\/mocos-verdes-tratamiento-y-cuando-acudir-al-medico\\\/#primaryimage\"},\"thumbnailUrl\":\"https:\\\/\\\/soncdn.azureedge.net\\\/blog\\\/wp-content\\\/uploads\\\/2019\\\/05\\\/hombre-sonandose.png\",\"datePublished\":\"2025-11-15T23:00:00+00:00\",\"dateModified\":\"2025-11-20T14:32:37+00:00\",\"description\":\"\u00bfTe asustas cuando est\u00e1s resfriado y de repente tus mocos se vuelven verdes? Te contamos qu\u00e9 es lo que significa y si te debes preocupar o no.\",\"breadcrumb\":{\"@id\":\"https:\\\/\\\/www.saludonnet.com\\\/blog\\\/mocos-verdes-tratamiento-y-cuando-acudir-al-medico\\\/#breadcrumb\"},\"inLanguage\":\"es\",\"potentialAction\":[{\"@type\":\"ReadAction\",\"target\":[\"https:\\\/\\\/www.saludonnet.com\\\/blog\\\/mocos-verdes-tratamiento-y-cuando-acudir-al-medico\\\/\"]}]},{\"@type\":\"ImageObject\",\"inLanguage\":\"es\",\"@id\":\"https:\\\/\\\/www.saludonnet.com\\\/blog\\\/mocos-verdes-tratamiento-y-cuando-acudir-al-medico\\\/#primaryimage\",\"url\":\"https:\\\/\\\/soncdn.azureedge.net\\\/blog\\\/wp-content\\\/uploads\\\/2019\\\/05\\\/hombre-sonandose.png\",\"contentUrl\":\"https:\\\/\\\/soncdn.azureedge.net\\\/blog\\\/wp-content\\\/uploads\\\/2019\\\/05\\\/hombre-sonandose.png\",\"width\":800,\"height\":400,\"caption\":\"mocos verdes\"},{\"@type\":\"BreadcrumbList\",\"@id\":\"https:\\\/\\\/www.saludonnet.com\\\/blog\\\/mocos-verdes-tratamiento-y-cuando-acudir-al-medico\\\/#breadcrumb\",\"itemListElement\":[{\"@type\":\"ListItem\",\"position\":1,\"name\":\"Portada\",\"item\":\"https:\\\/\\\/www.saludonnet.com\\\/blog\\\/\"},{\"@type\":\"ListItem\",\"position\":2,\"name\":\"Medicina General\",\"item\":\"https:\\\/\\\/www.saludonnet.com\\\/blog\\\/topic\\\/medicina-general\\\/\"},{\"@type\":\"ListItem\",\"position\":3,\"name\":\"Mocos verdes: tratamiento y cu\u00e1ndo acudir al m\u00e9dico\"}]},{\"@type\":\"WebSite\",\"@id\":\"https:\\\/\\\/www.saludonnet.com\\\/blog\\\/#website\",\"url\":\"https:\\\/\\\/www.saludonnet.com\\\/blog\\\/\",\"name\":\"Blog SaludOnNet\",\"description\":\"Un espacio donde encontrar\u00e1s consejos y art\u00edculos para cuidar de tu salud\",\"publisher\":{\"@id\":\"https:\\\/\\\/www.saludonnet.com\\\/blog\\\/#organization\"},\"potentialAction\":[{\"@type\":\"SearchAction\",\"target\":{\"@type\":\"EntryPoint\",\"urlTemplate\":\"https:\\\/\\\/www.saludonnet.com\\\/blog\\\/?s={search_term_string}\"},\"query-input\":{\"@type\":\"PropertyValueSpecification\",\"valueRequired\":true,\"valueName\":\"search_term_string\"}}],\"inLanguage\":\"es\"},{\"@type\":\"Organization\",\"@id\":\"https:\\\/\\\/www.saludonnet.com\\\/blog\\\/#organization\",\"name\":\"SaludOnNet\",\"url\":\"https:\\\/\\\/www.saludonnet.com\\\/blog\\\/\",\"logo\":{\"@type\":\"ImageObject\",\"inLanguage\":\"es\",\"@id\":\"https:\\\/\\\/www.saludonnet.com\\\/blog\\\/#\\\/schema\\\/logo\\\/image\\\/\",\"url\":\"https:\\\/\\\/www.saludonnet.com\\\/blog\\\/wp-content\\\/uploads\\\/2019\\\/07\\\/Logo-SaludOnNet.png\",\"contentUrl\":\"https:\\\/\\\/www.saludonnet.com\\\/blog\\\/wp-content\\\/uploads\\\/2019\\\/07\\\/Logo-SaludOnNet.png\",\"width\":1140,\"height\":377,\"caption\":\"SaludOnNet\"},\"image\":{\"@id\":\"https:\\\/\\\/www.saludonnet.com\\\/blog\\\/#\\\/schema\\\/logo\\\/image\\\/\"},\"sameAs\":[\"https:\\\/\\\/www.facebook.com\\\/pages\\\/SaludOnNet\\\/214957498526536\",\"https:\\\/\\\/x.com\\\/saludonnet\",\"https:\\\/\\\/www.instagram.com\\\/saludonnet\\\/\",\"https:\\\/\\\/www.linkedin.com\\\/company\\\/saludonnet\\\/\",\"https:\\\/\\\/www.youtube.com\\\/channel\\\/UCag68GsnagqzNb6C3G-S9vQ\"]},{\"@type\":\"Person\",\"@id\":\"https:\\\/\\\/www.saludonnet.com\\\/blog\\\/#\\\/schema\\\/person\\\/4f4a6001e97d78402223fdb6ddde24b4\",\"name\":\"Dra. Juliana Parisi\",\"image\":{\"@type\":\"ImageObject\",\"inLanguage\":\"es\",\"@id\":\"https:\\\/\\\/secure.gravatar.com\\\/avatar\\\/8d15149be38c82426ae134d3f46104db550e31f436dbd92925d8c6f6328231bd?s=96&d=mm&r=g\",\"url\":\"https:\\\/\\\/secure.gravatar.com\\\/avatar\\\/8d15149be38c82426ae134d3f46104db550e31f436dbd92925d8c6f6328231bd?s=96&d=mm&r=g\",\"contentUrl\":\"https:\\\/\\\/secure.gravatar.com\\\/avatar\\\/8d15149be38c82426ae134d3f46104db550e31f436dbd92925d8c6f6328231bd?s=96&d=mm&r=g\",\"caption\":\"Dra. Juliana Parisi\"},\"description\":\"Medicina General\",\"url\":\"https:\\\/\\\/www.saludonnet.com\\\/blog\\\/author\\\/juliana-parisi\\\/\"}]}<\/script>\n<!-- \/ Yoast SEO plugin. -->","yoast_head_json":{"title":"Mocos verdes: tratamiento y cu\u00e1ndo acudir al m\u00e9dico","description":"\u00bfTe asustas cuando est\u00e1s resfriado y de repente tus mocos se vuelven verdes? Te contamos qu\u00e9 es lo que significa y si te debes preocupar o no.","robots":{"index":"index","follow":"follow","max-snippet":"max-snippet:-1","max-image-preview":"max-image-preview:large","max-video-preview":"max-video-preview:-1"},"canonical":"https:\/\/www.saludonnet.com\/blog\/mocos-verdes-tratamiento-y-cuando-acudir-al-medico\/","og_locale":"es_ES","og_type":"article","og_title":"Mocos verdes: tratamiento y cu\u00e1ndo acudir al m\u00e9dico","og_description":"\u00bfTe asustas cuando est\u00e1s resfriado y de repente tus mocos se vuelven verdes? Te contamos qu\u00e9 es lo que significa y si te debes preocupar o no.","og_url":"https:\/\/www.saludonnet.com\/blog\/mocos-verdes-tratamiento-y-cuando-acudir-al-medico\/","og_site_name":"Blog SaludOnNet","article_publisher":"https:\/\/www.facebook.com\/pages\/SaludOnNet\/214957498526536","article_published_time":"2025-11-15T23:00:00+00:00","article_modified_time":"2025-11-20T14:32:37+00:00","og_image":[{"width":800,"height":400,"url":"https:\/\/www.saludonnet.com\/blog\/wp-content\/uploads\/2019\/05\/hombre-sonandose.png","type":"image\/png"}],"author":"Dra. Juliana Parisi","twitter_card":"summary_large_image","twitter_title":"Mocos verdes: tratamiento y cu\u00e1ndo acudir al m\u00e9dico","twitter_description":"\u00bfTe asustas cuando est\u00e1s resfriado y de repente tus mocos se vuelven verdes? Te contamos qu\u00e9 es lo que significa y si te debes preocupar o no.","twitter_creator":"@saludonnet","twitter_site":"@saludonnet","twitter_misc":{"Escrito por":"Dra. Juliana Parisi","Tiempo de lectura":"3 minutos"},"schema":{"@context":"https:\/\/schema.org","@graph":[{"@type":"Article","@id":"https:\/\/www.saludonnet.com\/blog\/mocos-verdes-tratamiento-y-cuando-acudir-al-medico\/#article","isPartOf":{"@id":"https:\/\/www.saludonnet.com\/blog\/mocos-verdes-tratamiento-y-cuando-acudir-al-medico\/"},"author":{"name":"Dra. Juliana Parisi","@id":"https:\/\/www.saludonnet.com\/blog\/#\/schema\/person\/4f4a6001e97d78402223fdb6ddde24b4"},"headline":"Mocos verdes: tratamiento y cu\u00e1ndo acudir al m\u00e9dico","datePublished":"2025-11-15T23:00:00+00:00","dateModified":"2025-11-20T14:32:37+00:00","mainEntityOfPage":{"@id":"https:\/\/www.saludonnet.com\/blog\/mocos-verdes-tratamiento-y-cuando-acudir-al-medico\/"},"wordCount":611,"commentCount":2,"publisher":{"@id":"https:\/\/www.saludonnet.com\/blog\/#organization"},"image":{"@id":"https:\/\/www.saludonnet.com\/blog\/mocos-verdes-tratamiento-y-cuando-acudir-al-medico\/#primaryimage"},"thumbnailUrl":"https:\/\/soncdn.azureedge.net\/blog\/wp-content\/uploads\/2019\/05\/hombre-sonandose.png","keywords":["Consulta de Medicina General"],"articleSection":["Medicina General"],"inLanguage":"es","potentialAction":[{"@type":"CommentAction","name":"Comment","target":["https:\/\/www.saludonnet.com\/blog\/mocos-verdes-tratamiento-y-cuando-acudir-al-medico\/#respond"]}]},{"@type":"WebPage","@id":"https:\/\/www.saludonnet.com\/blog\/mocos-verdes-tratamiento-y-cuando-acudir-al-medico\/","url":"https:\/\/www.saludonnet.com\/blog\/mocos-verdes-tratamiento-y-cuando-acudir-al-medico\/","name":"Mocos verdes: tratamiento y cu\u00e1ndo acudir al m\u00e9dico","isPartOf":{"@id":"https:\/\/www.saludonnet.com\/blog\/#website"},"primaryImageOfPage":{"@id":"https:\/\/www.saludonnet.com\/blog\/mocos-verdes-tratamiento-y-cuando-acudir-al-medico\/#primaryimage"},"image":{"@id":"https:\/\/www.saludonnet.com\/blog\/mocos-verdes-tratamiento-y-cuando-acudir-al-medico\/#primaryimage"},"thumbnailUrl":"https:\/\/soncdn.azureedge.net\/blog\/wp-content\/uploads\/2019\/05\/hombre-sonandose.png","datePublished":"2025-11-15T23:00:00+00:00","dateModified":"2025-11-20T14:32:37+00:00","description":"\u00bfTe asustas cuando est\u00e1s resfriado y de repente tus mocos se vuelven verdes? Te contamos qu\u00e9 es lo que significa y si te debes preocupar o no.","breadcrumb":{"@id":"https:\/\/www.saludonnet.com\/blog\/mocos-verdes-tratamiento-y-cuando-acudir-al-medico\/#breadcrumb"},"inLanguage":"es","potentialAction":[{"@type":"ReadAction","target":["https:\/\/www.saludonnet.com\/blog\/mocos-verdes-tratamiento-y-cuando-acudir-al-medico\/"]}]},{"@type":"ImageObject","inLanguage":"es","@id":"https:\/\/www.saludonnet.com\/blog\/mocos-verdes-tratamiento-y-cuando-acudir-al-medico\/#primaryimage","url":"https:\/\/soncdn.azureedge.net\/blog\/wp-content\/uploads\/2019\/05\/hombre-sonandose.png","contentUrl":"https:\/\/soncdn.azureedge.net\/blog\/wp-content\/uploads\/2019\/05\/hombre-sonandose.png","width":800,"height":400,"caption":"mocos verdes"},{"@type":"BreadcrumbList","@id":"https:\/\/www.saludonnet.com\/blog\/mocos-verdes-tratamiento-y-cuando-acudir-al-medico\/#breadcrumb","itemListElement":[{"@type":"ListItem","position":1,"name":"Portada","item":"https:\/\/www.saludonnet.com\/blog\/"},{"@type":"ListItem","position":2,"name":"Medicina General","item":"https:\/\/www.saludonnet.com\/blog\/topic\/medicina-general\/"},{"@type":"ListItem","position":3,"name":"Mocos verdes: tratamiento y cu\u00e1ndo acudir al m\u00e9dico"}]},{"@type":"WebSite","@id":"https:\/\/www.saludonnet.com\/blog\/#website","url":"https:\/\/www.saludonnet.com\/blog\/","name":"Blog SaludOnNet","description":"Un espacio donde encontrar\u00e1s consejos y art\u00edculos para cuidar de tu salud","publisher":{"@id":"https:\/\/www.saludonnet.com\/blog\/#organization"},"potentialAction":[{"@type":"SearchAction","target":{"@type":"EntryPoint","urlTemplate":"https:\/\/www.saludonnet.com\/blog\/?s={search_term_string}"},"query-input":{"@type":"PropertyValueSpecification","valueRequired":true,"valueName":"search_term_string"}}],"inLanguage":"es"},{"@type":"Organization","@id":"https:\/\/www.saludonnet.com\/blog\/#organization","name":"SaludOnNet","url":"https:\/\/www.saludonnet.com\/blog\/","logo":{"@type":"ImageObject","inLanguage":"es","@id":"https:\/\/www.saludonnet.com\/blog\/#\/schema\/logo\/image\/","url":"https:\/\/www.saludonnet.com\/blog\/wp-content\/uploads\/2019\/07\/Logo-SaludOnNet.png","contentUrl":"https:\/\/www.saludonnet.com\/blog\/wp-content\/uploads\/2019\/07\/Logo-SaludOnNet.png","width":1140,"height":377,"caption":"SaludOnNet"},"image":{"@id":"https:\/\/www.saludonnet.com\/blog\/#\/schema\/logo\/image\/"},"sameAs":["https:\/\/www.facebook.com\/pages\/SaludOnNet\/214957498526536","https:\/\/x.com\/saludonnet","https:\/\/www.instagram.com\/saludonnet\/","https:\/\/www.linkedin.com\/company\/saludonnet\/","https:\/\/www.youtube.com\/channel\/UCag68GsnagqzNb6C3G-S9vQ"]},{"@type":"Person","@id":"https:\/\/www.saludonnet.com\/blog\/#\/schema\/person\/4f4a6001e97d78402223fdb6ddde24b4","name":"Dra. Juliana Parisi","image":{"@type":"ImageObject","inLanguage":"es","@id":"https:\/\/secure.gravatar.com\/avatar\/8d15149be38c82426ae134d3f46104db550e31f436dbd92925d8c6f6328231bd?s=96&d=mm&r=g","url":"https:\/\/secure.gravatar.com\/avatar\/8d15149be38c82426ae134d3f46104db550e31f436dbd92925d8c6f6328231bd?s=96&d=mm&r=g","contentUrl":"https:\/\/secure.gravatar.com\/avatar\/8d15149be38c82426ae134d3f46104db550e31f436dbd92925d8c6f6328231bd?s=96&d=mm&r=g","caption":"Dra. Juliana Parisi"},"description":"Medicina General","url":"https:\/\/www.saludonnet.com\/blog\/author\/juliana-parisi\/"}]}},"acf":[],"_links":{"self":[{"href":"https:\/\/www.saludonnet.com\/blog\/wp-json\/wp\/v2\/posts\/2955","targetHints":{"allow":["GET"]}}],"collection":[{"href":"https:\/\/www.saludonnet.com\/blog\/wp-json\/wp\/v2\/posts"}],"about":[{"href":"https:\/\/www.saludonnet.com\/blog\/wp-json\/wp\/v2\/types\/post"}],"author":[{"embeddable":true,"href":"https:\/\/www.saludonnet.com\/blog\/wp-json\/wp\/v2\/users\/22"}],"replies":[{"embeddable":true,"href":"https:\/\/www.saludonnet.com\/blog\/wp-json\/wp\/v2\/comments?post=2955"}],"version-history":[{"count":6,"href":"https:\/\/www.saludonnet.com\/blog\/wp-json\/wp\/v2\/posts\/2955\/revisions"}],"predecessor-version":[{"id":20865,"href":"https:\/\/www.saludonnet.com\/blog\/wp-json\/wp\/v2\/posts\/2955\/revisions\/20865"}],"wp:featuredmedia":[{"embeddable":true,"href":"https:\/\/www.saludonnet.com\/blog\/wp-json\/wp\/v2\/media\/1281"}],"wp:attachment":[{"href":"https:\/\/www.saludonnet.com\/blog\/wp-json\/wp\/v2\/media?parent=2955"}],"wp:term":[{"taxonomy":"category","embeddable":true,"href":"https:\/\/www.saludonnet.com\/blog\/wp-json\/wp\/v2\/categories?post=2955"},{"taxonomy":"post_tag","embeddable":true,"href":"https:\/\/www.saludonnet.com\/blog\/wp-json\/wp\/v2\/tags?post=2955"}],"curies":[{"name":"wp","href":"https:\/\/api.w.org\/{rel}","templated":true}]}}