{"id":2795,"date":"2025-10-30T00:00:00","date_gmt":"2025-10-29T23:00:00","guid":{"rendered":"http:\/\/apdev.ovh\/saludon\/?p=2795"},"modified":"2025-11-25T14:01:00","modified_gmt":"2025-11-25T13:01:00","slug":"bulto-detras-de-la-oreja-que-duele-al-tocarlo-o-pica-que-puede-ser","status":"publish","type":"post","link":"https:\/\/www.saludonnet.com\/blog\/bulto-detras-de-la-oreja-que-duele-al-tocarlo-o-pica-que-puede-ser\/","title":{"rendered":"Bulto detr\u00e1s de la oreja que duele al tocarlo o pica, \u00bfqu\u00e9 puede ser?"},"content":{"rendered":"<p>En ocasiones peque\u00f1os bultos o bolitas que causan molestias o picores aparecen en la parte posterior de las orejas. Esta zona del cuerpo est\u00e1 compuesta por diferentes estructuras como la piel, los tejidos celulares subcut\u00e1neos, los tejidos adiposos y el hueso mastoideo. Tambi\u00e9n es importante la cadena ganglionar, que pasa justo por detr\u00e1s de la oreja. En funci\u00f3n de la ubicaci\u00f3n que tenga esa peque\u00f1a bola tras la oreja, que est\u00e1 produciendo malestar, se habla de una u otra afecci\u00f3n. <strong>\u00bfPor qu\u00e9 sale un bulto detr\u00e1s de la oreja?<\/strong> A continuaci\u00f3n explicamos cu\u00e1les son las causas m\u00e1s habituales.<\/p>\n<p><!--more--><\/p>\n<h2><strong>Quiste epid\u00e9rmico<\/strong><\/h2>\n<p>Los <a href=\"https:\/\/www.saludonnet.com\/blog\/que-es-y-como-quitar-un-quiste-sebaceo\/\" rel=\" noopener\"><span style=\"color: #009ee0;\"><strong>quistes epid\u00e9rmicos<\/strong><\/span><\/a> se desarrollan en la piel. Generalmente son quistes <strong>el\u00e1sticos<\/strong> de forma <strong>circular<\/strong> y pueden tener en su parte central un comed\u00f3n o espinilla. Para diferenciarlos de las adenopat\u00edas el especialista se fija en si el bulto se mueve o no, es decir, si la piel se desliza por encima del quiste. Si no lo hace estamos ante un quiste epid\u00e9rmico.<\/p>\n<p><strong>Puede ser de diferentes tama\u00f1os<\/strong>, desde muy peque\u00f1os hasta alcanzar varios cent\u00edmetros. No reacciona a medicamentos orales ni cremas. <strong>Su tratamiento es quir\u00fargico, <\/strong>pero s\u00f3lo se opera cuando se dan las siguientes circunstancias:<\/p>\n<ul>\n<li>El tama\u00f1o es muy grande.<\/li>\n<li>Produce deformidad en el l\u00f3bulo auricular.<\/li>\n<li>Es doloroso.<\/li>\n<li>Molesta en el d\u00eda a d\u00eda.<\/li>\n<li>Se inflama de manera repetida.<\/li>\n<\/ul>\n<p><strong>En muchos casos son asintom\u00e1ticos<\/strong> <strong>y no es necesaria la intervenci\u00f3n<\/strong>; s\u00f3lo hay que observarlos cada cierto tiempo para ver c\u00f3mo evolucionan, teniendo en cuenta que estos quistes de sebo no son malos. A veces cambian o disminuyen su tama\u00f1o, pero al ser gl\u00e1ndulas encapsuladas con el tiempo vuelven a crecer.<\/p>\n<h2><strong>Lipoma<\/strong><\/h2>\n<p>Los lipomas aparecen en el tejido adiposo y a veces es dif\u00edcil diferenciarlos de los quistes epid\u00e9rmicos. Estas bolas de grasa suelen ser de mayor tama\u00f1o y son poco frecuentes en la zona retroauricular, aunque es cierto que pueden salir en cualquier lugar en el que haya tejido graso. Los <strong>lipomas <\/strong>son una tumoraci\u00f3n benigna de tejido graso que forma parte de la piel. Las principales caracter\u00edsticas son que no tienen el contorno bien definido y presentan un tacto m\u00e1s blando. Su tratamiento tambi\u00e9n es quir\u00fargico.<\/p>\n<h2><strong>Adenopat\u00edas<\/strong><\/h2>\n<p>Los bultos detr\u00e1s de la oreja tambi\u00e9n pueden ser ganglios que est\u00e9n inflamados o hipertr\u00f3ficos. Cuando esto ocurre reciben el nombre de adenopat\u00edas. Presentan caracter\u00edsticas reconocibles:<\/p>\n<ul>\n<li>Al tacto son el\u00e1sticas.<\/li>\n<li>Se movilizan f\u00e1cilmente con los dedos.<\/li>\n<li>No est\u00e1n adheridas a planos profundos.<\/li>\n<li>Son de peque\u00f1o tama\u00f1o, no rebasan por lo general el cent\u00edmetro.<\/li>\n<li>Pueden ser dolorosas.<\/li>\n<\/ul>\n<p>Las adenopat\u00edas <strong>no suelen aparecer aisladas<\/strong>. Cuando el bulto est\u00e1 relacionado con la cadena ganglionar es frecuente que est\u00e9 acompa\u00f1ado por otros iguales en la zona. Estos ganglios se pueden inflamar por una <strong>infecci\u00f3n<\/strong> antigua que el paciente haya tenido en la infancia, o en alg\u00fan otro momento de la vida, provocando que se hayan quedado hipertr\u00f3ficos.<\/p>\n<p>Miden en torno al medio cent\u00edmetro aunque, en ocasiones, cuando son ganglios inflamatorios reactivos a alg\u00fan <strong>proceso infeccioso <\/strong>en el cuero cabelludo, pueden alcanzar m\u00e1s de 1 cm, ser dolorosos a la palpaci\u00f3n y presentar enrojecimiento a nivel de la piel. Podr\u00eda tratarse de una infecci\u00f3n por una foliculitis o un parasitismo (ej. piojos).\u00a0 Los ganglios son la se\u00f1al de que el cuerpo est\u00e1 luchando contra la infecci\u00f3n.<\/p>\n<h2><strong>Mastoiditis<\/strong><\/h2>\n<p>Detr\u00e1s de la oreja no hay solo piel, tambi\u00e9n se encuentra el <strong>hueso mastoideo<\/strong>. Un bulto tras la oreja puede estar relacionado con la inflamaci\u00f3n de este hueso, sobre todo en los ni\u00f1os, lo que produce una mastoiditis. Esta afecci\u00f3n provoca un cuadro inflamatorio, con malestar general, molestia en el o\u00eddo, fiebre, secreciones, cefaleas y enrojecimiento del o\u00eddo.<\/p>\n<p><strong>La mastoiditis puede tener m\u00faltiples causas<\/strong>: infecciosas, virales, traum\u00e1ticas&#8230;La m\u00e1s com\u00fan es la infecci\u00f3n del o\u00eddo medio, que requiere un tratamiento antibi\u00f3tico para su eliminaci\u00f3n.<\/p>\n<p>Si sientes que tienes un bulto detr\u00e1s de la oreja acude al m\u00e9dico para que realice un diagn\u00f3stico y determine el mejor tratamiento a seguir. En <strong>SaludOnNet<\/strong> contamos con m\u00e9dicos especializados que te ayudar\u00e1n a resolver tu problema sin esperas.<\/p>\n\n\n<script type=\"application\/ld+json\">\n{\n  \"@context\": \"https:\/\/schema.org\",\n  \"@type\": \"Article\",\n  \"mainEntityOfPage\": {\n    \"@type\": \"WebPage\",\n    \"@id\": \"https:\/\/www.saludonnet.com\/blog\/bulto-detras-de-la-oreja-que-duele-al-tocarlo-o-pica-que-puede-ser\/\"\n  },\n  \"headline\": \"Bulto detr\u00e1s de la oreja que duele al tocarlo o pica, \u00bfqu\u00e9 puede ser?\",\n  \"image\": \"https:\/\/www.saludonnet.com\/blog\/wp-content\/uploads\/2019\/05\/bulto-oreja.jpg\",\n  \"author\": {\n    \"@type\": \"Person\",\n    \"name\": \"Viviana Casac\u00f3 Diez\",\n    \"url\": \"https:\/\/www.saludonnet.com\/blog\/author\/viviana-casaco-diez\/\"\n  },\n  \"datePublished\": \"2019-04-30T08:00:00+08:00\"\n}\n<\/script>\n","protected":false},"excerpt":{"rendered":"<p>\u00bfTienes un bulto detr\u00e1s de oreja?\u00bfEst\u00e1s preocupado porque no sabes lo que es? Te contamos en este art\u00edculo a qu\u00e9 puede deberse.<\/p>\n","protected":false},"author":17,"featured_media":1122,"comment_status":"open","ping_status":"open","sticky":false,"template":"","format":"standard","meta":{"footnotes":""},"categories":[57],"tags":[230],"class_list":["post-2795","post","type-post","status-publish","format-standard","has-post-thumbnail","hentry","category-dermatologia","tag-2233-consulta"],"yoast_head":"<!-- This site is optimized with the Yoast SEO plugin v27.5 - https:\/\/yoast.com\/product\/yoast-seo-wordpress\/ -->\n<title>Bulto detr\u00e1s de la oreja que duele al tocarlo o pica, \u00bfQu\u00e9 puede ser?<\/title>\n<meta name=\"description\" content=\"\u00bfTienes un bulto detr\u00e1s de oreja?\u00bfEst\u00e1s preocupado porque no sabes lo que es? Te contamos en este art\u00edculo a qu\u00e9 puede deberse.\" \/>\n<meta name=\"robots\" content=\"index, follow, max-snippet:-1, max-image-preview:large, max-video-preview:-1\" \/>\n<link rel=\"canonical\" href=\"https:\/\/www.saludonnet.com\/blog\/bulto-detras-de-la-oreja-que-duele-al-tocarlo-o-pica-que-puede-ser\/\" \/>\n<meta property=\"og:locale\" content=\"es_ES\" \/>\n<meta property=\"og:type\" content=\"article\" \/>\n<meta property=\"og:title\" content=\"Bulto detr\u00e1s de la oreja que duele al tocarlo o pica, \u00bfQu\u00e9 puede ser?\" \/>\n<meta property=\"og:description\" content=\"\u00bfTienes un bulto detr\u00e1s de oreja?\u00bfEst\u00e1s preocupado porque no sabes lo que es? Te contamos en este art\u00edculo a qu\u00e9 puede deberse.\" \/>\n<meta property=\"og:url\" content=\"https:\/\/www.saludonnet.com\/blog\/bulto-detras-de-la-oreja-que-duele-al-tocarlo-o-pica-que-puede-ser\/\" \/>\n<meta property=\"og:site_name\" content=\"Blog SaludOnNet\" \/>\n<meta property=\"article:publisher\" content=\"https:\/\/www.facebook.com\/pages\/SaludOnNet\/214957498526536\" \/>\n<meta property=\"article:published_time\" content=\"2025-10-29T23:00:00+00:00\" \/>\n<meta property=\"article:modified_time\" content=\"2025-11-25T13:01:00+00:00\" \/>\n<meta property=\"og:image\" content=\"https:\/\/www.saludonnet.com\/blog\/wp-content\/uploads\/2019\/05\/bulto-oreja.jpg\" \/>\n\t<meta property=\"og:image:width\" content=\"800\" \/>\n\t<meta property=\"og:image:height\" content=\"400\" \/>\n\t<meta property=\"og:image:type\" content=\"image\/jpeg\" \/>\n<meta name=\"author\" content=\"Dra. Viviana Casac\u00f3 Diez\" \/>\n<meta name=\"twitter:card\" content=\"summary_large_image\" \/>\n<meta name=\"twitter:title\" content=\"Bulto detr\u00e1s de la oreja que duele al tocarlo o pica, \u00bfQu\u00e9 puede ser?\" \/>\n<meta name=\"twitter:description\" content=\"\u00bfTienes un bulto detr\u00e1s de oreja?\u00bfEst\u00e1s preocupado porque no sabes lo que es? Te contamos en este art\u00edculo a qu\u00e9 puede deberse.\" \/>\n<meta name=\"twitter:creator\" content=\"@saludonnet\" \/>\n<meta name=\"twitter:site\" content=\"@saludonnet\" \/>\n<meta name=\"twitter:label1\" content=\"Escrito por\" \/>\n\t<meta name=\"twitter:data1\" content=\"Dra. Viviana Casac\u00f3 Diez\" \/>\n\t<meta name=\"twitter:label2\" content=\"Tiempo de lectura\" \/>\n\t<meta name=\"twitter:data2\" content=\"4 minutos\" \/>\n<script type=\"application\/ld+json\" class=\"yoast-schema-graph\">{\"@context\":\"https:\\\/\\\/schema.org\",\"@graph\":[{\"@type\":\"Article\",\"@id\":\"https:\\\/\\\/www.saludonnet.com\\\/blog\\\/bulto-detras-de-la-oreja-que-duele-al-tocarlo-o-pica-que-puede-ser\\\/#article\",\"isPartOf\":{\"@id\":\"https:\\\/\\\/www.saludonnet.com\\\/blog\\\/bulto-detras-de-la-oreja-que-duele-al-tocarlo-o-pica-que-puede-ser\\\/\"},\"author\":{\"name\":\"Dra. Viviana Casac\u00f3 Diez\",\"@id\":\"https:\\\/\\\/www.saludonnet.com\\\/blog\\\/#\\\/schema\\\/person\\\/873934d5134b2824a0e28ccc8bf0c50b\"},\"headline\":\"Bulto detr\u00e1s de la oreja que duele al tocarlo o pica, \u00bfqu\u00e9 puede ser?\",\"datePublished\":\"2025-10-29T23:00:00+00:00\",\"dateModified\":\"2025-11-25T13:01:00+00:00\",\"mainEntityOfPage\":{\"@id\":\"https:\\\/\\\/www.saludonnet.com\\\/blog\\\/bulto-detras-de-la-oreja-que-duele-al-tocarlo-o-pica-que-puede-ser\\\/\"},\"wordCount\":766,\"commentCount\":11,\"publisher\":{\"@id\":\"https:\\\/\\\/www.saludonnet.com\\\/blog\\\/#organization\"},\"image\":{\"@id\":\"https:\\\/\\\/www.saludonnet.com\\\/blog\\\/bulto-detras-de-la-oreja-que-duele-al-tocarlo-o-pica-que-puede-ser\\\/#primaryimage\"},\"thumbnailUrl\":\"https:\\\/\\\/soncdn.azureedge.net\\\/blog\\\/wp-content\\\/uploads\\\/2019\\\/05\\\/bulto-oreja.jpg\",\"keywords\":[\"Consulta de Dermatolog\u00eda\"],\"articleSection\":[\"Dermatolog\u00eda\"],\"inLanguage\":\"es\",\"potentialAction\":[{\"@type\":\"CommentAction\",\"name\":\"Comment\",\"target\":[\"https:\\\/\\\/www.saludonnet.com\\\/blog\\\/bulto-detras-de-la-oreja-que-duele-al-tocarlo-o-pica-que-puede-ser\\\/#respond\"]}]},{\"@type\":\"WebPage\",\"@id\":\"https:\\\/\\\/www.saludonnet.com\\\/blog\\\/bulto-detras-de-la-oreja-que-duele-al-tocarlo-o-pica-que-puede-ser\\\/\",\"url\":\"https:\\\/\\\/www.saludonnet.com\\\/blog\\\/bulto-detras-de-la-oreja-que-duele-al-tocarlo-o-pica-que-puede-ser\\\/\",\"name\":\"Bulto detr\u00e1s de la oreja que duele al tocarlo o pica, \u00bfQu\u00e9 puede ser?\",\"isPartOf\":{\"@id\":\"https:\\\/\\\/www.saludonnet.com\\\/blog\\\/#website\"},\"primaryImageOfPage\":{\"@id\":\"https:\\\/\\\/www.saludonnet.com\\\/blog\\\/bulto-detras-de-la-oreja-que-duele-al-tocarlo-o-pica-que-puede-ser\\\/#primaryimage\"},\"image\":{\"@id\":\"https:\\\/\\\/www.saludonnet.com\\\/blog\\\/bulto-detras-de-la-oreja-que-duele-al-tocarlo-o-pica-que-puede-ser\\\/#primaryimage\"},\"thumbnailUrl\":\"https:\\\/\\\/soncdn.azureedge.net\\\/blog\\\/wp-content\\\/uploads\\\/2019\\\/05\\\/bulto-oreja.jpg\",\"datePublished\":\"2025-10-29T23:00:00+00:00\",\"dateModified\":\"2025-11-25T13:01:00+00:00\",\"description\":\"\u00bfTienes un bulto detr\u00e1s de oreja?\u00bfEst\u00e1s preocupado porque no sabes lo que es? Te contamos en este art\u00edculo a qu\u00e9 puede deberse.\",\"breadcrumb\":{\"@id\":\"https:\\\/\\\/www.saludonnet.com\\\/blog\\\/bulto-detras-de-la-oreja-que-duele-al-tocarlo-o-pica-que-puede-ser\\\/#breadcrumb\"},\"inLanguage\":\"es\",\"potentialAction\":[{\"@type\":\"ReadAction\",\"target\":[\"https:\\\/\\\/www.saludonnet.com\\\/blog\\\/bulto-detras-de-la-oreja-que-duele-al-tocarlo-o-pica-que-puede-ser\\\/\"]}]},{\"@type\":\"ImageObject\",\"inLanguage\":\"es\",\"@id\":\"https:\\\/\\\/www.saludonnet.com\\\/blog\\\/bulto-detras-de-la-oreja-que-duele-al-tocarlo-o-pica-que-puede-ser\\\/#primaryimage\",\"url\":\"https:\\\/\\\/soncdn.azureedge.net\\\/blog\\\/wp-content\\\/uploads\\\/2019\\\/05\\\/bulto-oreja.jpg\",\"contentUrl\":\"https:\\\/\\\/soncdn.azureedge.net\\\/blog\\\/wp-content\\\/uploads\\\/2019\\\/05\\\/bulto-oreja.jpg\",\"width\":800,\"height\":400,\"caption\":\"bulto oreja\"},{\"@type\":\"BreadcrumbList\",\"@id\":\"https:\\\/\\\/www.saludonnet.com\\\/blog\\\/bulto-detras-de-la-oreja-que-duele-al-tocarlo-o-pica-que-puede-ser\\\/#breadcrumb\",\"itemListElement\":[{\"@type\":\"ListItem\",\"position\":1,\"name\":\"Portada\",\"item\":\"https:\\\/\\\/www.saludonnet.com\\\/blog\\\/\"},{\"@type\":\"ListItem\",\"position\":2,\"name\":\"Dermatolog\u00eda\",\"item\":\"https:\\\/\\\/www.saludonnet.com\\\/blog\\\/topic\\\/dermatologia\\\/\"},{\"@type\":\"ListItem\",\"position\":3,\"name\":\"Bulto detr\u00e1s de la oreja que duele al tocarlo o pica, \u00bfqu\u00e9 puede ser?\"}]},{\"@type\":\"WebSite\",\"@id\":\"https:\\\/\\\/www.saludonnet.com\\\/blog\\\/#website\",\"url\":\"https:\\\/\\\/www.saludonnet.com\\\/blog\\\/\",\"name\":\"Blog SaludOnNet\",\"description\":\"Un espacio donde encontrar\u00e1s consejos y art\u00edculos para cuidar de tu salud\",\"publisher\":{\"@id\":\"https:\\\/\\\/www.saludonnet.com\\\/blog\\\/#organization\"},\"potentialAction\":[{\"@type\":\"SearchAction\",\"target\":{\"@type\":\"EntryPoint\",\"urlTemplate\":\"https:\\\/\\\/www.saludonnet.com\\\/blog\\\/?s={search_term_string}\"},\"query-input\":{\"@type\":\"PropertyValueSpecification\",\"valueRequired\":true,\"valueName\":\"search_term_string\"}}],\"inLanguage\":\"es\"},{\"@type\":\"Organization\",\"@id\":\"https:\\\/\\\/www.saludonnet.com\\\/blog\\\/#organization\",\"name\":\"SaludOnNet\",\"url\":\"https:\\\/\\\/www.saludonnet.com\\\/blog\\\/\",\"logo\":{\"@type\":\"ImageObject\",\"inLanguage\":\"es\",\"@id\":\"https:\\\/\\\/www.saludonnet.com\\\/blog\\\/#\\\/schema\\\/logo\\\/image\\\/\",\"url\":\"https:\\\/\\\/www.saludonnet.com\\\/blog\\\/wp-content\\\/uploads\\\/2019\\\/07\\\/Logo-SaludOnNet.png\",\"contentUrl\":\"https:\\\/\\\/www.saludonnet.com\\\/blog\\\/wp-content\\\/uploads\\\/2019\\\/07\\\/Logo-SaludOnNet.png\",\"width\":1140,\"height\":377,\"caption\":\"SaludOnNet\"},\"image\":{\"@id\":\"https:\\\/\\\/www.saludonnet.com\\\/blog\\\/#\\\/schema\\\/logo\\\/image\\\/\"},\"sameAs\":[\"https:\\\/\\\/www.facebook.com\\\/pages\\\/SaludOnNet\\\/214957498526536\",\"https:\\\/\\\/x.com\\\/saludonnet\",\"https:\\\/\\\/www.instagram.com\\\/saludonnet\\\/\",\"https:\\\/\\\/www.linkedin.com\\\/company\\\/saludonnet\\\/\",\"https:\\\/\\\/www.youtube.com\\\/channel\\\/UCag68GsnagqzNb6C3G-S9vQ\"]},{\"@type\":\"Person\",\"@id\":\"https:\\\/\\\/www.saludonnet.com\\\/blog\\\/#\\\/schema\\\/person\\\/873934d5134b2824a0e28ccc8bf0c50b\",\"name\":\"Dra. Viviana Casac\u00f3 Diez\",\"image\":{\"@type\":\"ImageObject\",\"inLanguage\":\"es\",\"@id\":\"https:\\\/\\\/secure.gravatar.com\\\/avatar\\\/52dc733e5c6776d4c63088e01c1b05c02ea109bd9e698e604230df4425472eef?s=96&d=mm&r=g\",\"url\":\"https:\\\/\\\/secure.gravatar.com\\\/avatar\\\/52dc733e5c6776d4c63088e01c1b05c02ea109bd9e698e604230df4425472eef?s=96&d=mm&r=g\",\"contentUrl\":\"https:\\\/\\\/secure.gravatar.com\\\/avatar\\\/52dc733e5c6776d4c63088e01c1b05c02ea109bd9e698e604230df4425472eef?s=96&d=mm&r=g\",\"caption\":\"Dra. Viviana Casac\u00f3 Diez\"},\"description\":\"Dermat\u00f3loga\",\"url\":\"https:\\\/\\\/www.saludonnet.com\\\/blog\\\/author\\\/viviana-casaco-diez\\\/\"}]}<\/script>\n<!-- \/ Yoast SEO plugin. -->","yoast_head_json":{"title":"Bulto detr\u00e1s de la oreja que duele al tocarlo o pica, \u00bfQu\u00e9 puede ser?","description":"\u00bfTienes un bulto detr\u00e1s de oreja?\u00bfEst\u00e1s preocupado porque no sabes lo que es? Te contamos en este art\u00edculo a qu\u00e9 puede deberse.","robots":{"index":"index","follow":"follow","max-snippet":"max-snippet:-1","max-image-preview":"max-image-preview:large","max-video-preview":"max-video-preview:-1"},"canonical":"https:\/\/www.saludonnet.com\/blog\/bulto-detras-de-la-oreja-que-duele-al-tocarlo-o-pica-que-puede-ser\/","og_locale":"es_ES","og_type":"article","og_title":"Bulto detr\u00e1s de la oreja que duele al tocarlo o pica, \u00bfQu\u00e9 puede ser?","og_description":"\u00bfTienes un bulto detr\u00e1s de oreja?\u00bfEst\u00e1s preocupado porque no sabes lo que es? Te contamos en este art\u00edculo a qu\u00e9 puede deberse.","og_url":"https:\/\/www.saludonnet.com\/blog\/bulto-detras-de-la-oreja-que-duele-al-tocarlo-o-pica-que-puede-ser\/","og_site_name":"Blog SaludOnNet","article_publisher":"https:\/\/www.facebook.com\/pages\/SaludOnNet\/214957498526536","article_published_time":"2025-10-29T23:00:00+00:00","article_modified_time":"2025-11-25T13:01:00+00:00","og_image":[{"width":800,"height":400,"url":"https:\/\/www.saludonnet.com\/blog\/wp-content\/uploads\/2019\/05\/bulto-oreja.jpg","type":"image\/jpeg"}],"author":"Dra. Viviana Casac\u00f3 Diez","twitter_card":"summary_large_image","twitter_title":"Bulto detr\u00e1s de la oreja que duele al tocarlo o pica, \u00bfQu\u00e9 puede ser?","twitter_description":"\u00bfTienes un bulto detr\u00e1s de oreja?\u00bfEst\u00e1s preocupado porque no sabes lo que es? Te contamos en este art\u00edculo a qu\u00e9 puede deberse.","twitter_creator":"@saludonnet","twitter_site":"@saludonnet","twitter_misc":{"Escrito por":"Dra. Viviana Casac\u00f3 Diez","Tiempo de lectura":"4 minutos"},"schema":{"@context":"https:\/\/schema.org","@graph":[{"@type":"Article","@id":"https:\/\/www.saludonnet.com\/blog\/bulto-detras-de-la-oreja-que-duele-al-tocarlo-o-pica-que-puede-ser\/#article","isPartOf":{"@id":"https:\/\/www.saludonnet.com\/blog\/bulto-detras-de-la-oreja-que-duele-al-tocarlo-o-pica-que-puede-ser\/"},"author":{"name":"Dra. Viviana Casac\u00f3 Diez","@id":"https:\/\/www.saludonnet.com\/blog\/#\/schema\/person\/873934d5134b2824a0e28ccc8bf0c50b"},"headline":"Bulto detr\u00e1s de la oreja que duele al tocarlo o pica, \u00bfqu\u00e9 puede ser?","datePublished":"2025-10-29T23:00:00+00:00","dateModified":"2025-11-25T13:01:00+00:00","mainEntityOfPage":{"@id":"https:\/\/www.saludonnet.com\/blog\/bulto-detras-de-la-oreja-que-duele-al-tocarlo-o-pica-que-puede-ser\/"},"wordCount":766,"commentCount":11,"publisher":{"@id":"https:\/\/www.saludonnet.com\/blog\/#organization"},"image":{"@id":"https:\/\/www.saludonnet.com\/blog\/bulto-detras-de-la-oreja-que-duele-al-tocarlo-o-pica-que-puede-ser\/#primaryimage"},"thumbnailUrl":"https:\/\/soncdn.azureedge.net\/blog\/wp-content\/uploads\/2019\/05\/bulto-oreja.jpg","keywords":["Consulta de Dermatolog\u00eda"],"articleSection":["Dermatolog\u00eda"],"inLanguage":"es","potentialAction":[{"@type":"CommentAction","name":"Comment","target":["https:\/\/www.saludonnet.com\/blog\/bulto-detras-de-la-oreja-que-duele-al-tocarlo-o-pica-que-puede-ser\/#respond"]}]},{"@type":"WebPage","@id":"https:\/\/www.saludonnet.com\/blog\/bulto-detras-de-la-oreja-que-duele-al-tocarlo-o-pica-que-puede-ser\/","url":"https:\/\/www.saludonnet.com\/blog\/bulto-detras-de-la-oreja-que-duele-al-tocarlo-o-pica-que-puede-ser\/","name":"Bulto detr\u00e1s de la oreja que duele al tocarlo o pica, \u00bfQu\u00e9 puede ser?","isPartOf":{"@id":"https:\/\/www.saludonnet.com\/blog\/#website"},"primaryImageOfPage":{"@id":"https:\/\/www.saludonnet.com\/blog\/bulto-detras-de-la-oreja-que-duele-al-tocarlo-o-pica-que-puede-ser\/#primaryimage"},"image":{"@id":"https:\/\/www.saludonnet.com\/blog\/bulto-detras-de-la-oreja-que-duele-al-tocarlo-o-pica-que-puede-ser\/#primaryimage"},"thumbnailUrl":"https:\/\/soncdn.azureedge.net\/blog\/wp-content\/uploads\/2019\/05\/bulto-oreja.jpg","datePublished":"2025-10-29T23:00:00+00:00","dateModified":"2025-11-25T13:01:00+00:00","description":"\u00bfTienes un bulto detr\u00e1s de oreja?\u00bfEst\u00e1s preocupado porque no sabes lo que es? Te contamos en este art\u00edculo a qu\u00e9 puede deberse.","breadcrumb":{"@id":"https:\/\/www.saludonnet.com\/blog\/bulto-detras-de-la-oreja-que-duele-al-tocarlo-o-pica-que-puede-ser\/#breadcrumb"},"inLanguage":"es","potentialAction":[{"@type":"ReadAction","target":["https:\/\/www.saludonnet.com\/blog\/bulto-detras-de-la-oreja-que-duele-al-tocarlo-o-pica-que-puede-ser\/"]}]},{"@type":"ImageObject","inLanguage":"es","@id":"https:\/\/www.saludonnet.com\/blog\/bulto-detras-de-la-oreja-que-duele-al-tocarlo-o-pica-que-puede-ser\/#primaryimage","url":"https:\/\/soncdn.azureedge.net\/blog\/wp-content\/uploads\/2019\/05\/bulto-oreja.jpg","contentUrl":"https:\/\/soncdn.azureedge.net\/blog\/wp-content\/uploads\/2019\/05\/bulto-oreja.jpg","width":800,"height":400,"caption":"bulto oreja"},{"@type":"BreadcrumbList","@id":"https:\/\/www.saludonnet.com\/blog\/bulto-detras-de-la-oreja-que-duele-al-tocarlo-o-pica-que-puede-ser\/#breadcrumb","itemListElement":[{"@type":"ListItem","position":1,"name":"Portada","item":"https:\/\/www.saludonnet.com\/blog\/"},{"@type":"ListItem","position":2,"name":"Dermatolog\u00eda","item":"https:\/\/www.saludonnet.com\/blog\/topic\/dermatologia\/"},{"@type":"ListItem","position":3,"name":"Bulto detr\u00e1s de la oreja que duele al tocarlo o pica, \u00bfqu\u00e9 puede ser?"}]},{"@type":"WebSite","@id":"https:\/\/www.saludonnet.com\/blog\/#website","url":"https:\/\/www.saludonnet.com\/blog\/","name":"Blog SaludOnNet","description":"Un espacio donde encontrar\u00e1s consejos y art\u00edculos para cuidar de tu salud","publisher":{"@id":"https:\/\/www.saludonnet.com\/blog\/#organization"},"potentialAction":[{"@type":"SearchAction","target":{"@type":"EntryPoint","urlTemplate":"https:\/\/www.saludonnet.com\/blog\/?s={search_term_string}"},"query-input":{"@type":"PropertyValueSpecification","valueRequired":true,"valueName":"search_term_string"}}],"inLanguage":"es"},{"@type":"Organization","@id":"https:\/\/www.saludonnet.com\/blog\/#organization","name":"SaludOnNet","url":"https:\/\/www.saludonnet.com\/blog\/","logo":{"@type":"ImageObject","inLanguage":"es","@id":"https:\/\/www.saludonnet.com\/blog\/#\/schema\/logo\/image\/","url":"https:\/\/www.saludonnet.com\/blog\/wp-content\/uploads\/2019\/07\/Logo-SaludOnNet.png","contentUrl":"https:\/\/www.saludonnet.com\/blog\/wp-content\/uploads\/2019\/07\/Logo-SaludOnNet.png","width":1140,"height":377,"caption":"SaludOnNet"},"image":{"@id":"https:\/\/www.saludonnet.com\/blog\/#\/schema\/logo\/image\/"},"sameAs":["https:\/\/www.facebook.com\/pages\/SaludOnNet\/214957498526536","https:\/\/x.com\/saludonnet","https:\/\/www.instagram.com\/saludonnet\/","https:\/\/www.linkedin.com\/company\/saludonnet\/","https:\/\/www.youtube.com\/channel\/UCag68GsnagqzNb6C3G-S9vQ"]},{"@type":"Person","@id":"https:\/\/www.saludonnet.com\/blog\/#\/schema\/person\/873934d5134b2824a0e28ccc8bf0c50b","name":"Dra. Viviana Casac\u00f3 Diez","image":{"@type":"ImageObject","inLanguage":"es","@id":"https:\/\/secure.gravatar.com\/avatar\/52dc733e5c6776d4c63088e01c1b05c02ea109bd9e698e604230df4425472eef?s=96&d=mm&r=g","url":"https:\/\/secure.gravatar.com\/avatar\/52dc733e5c6776d4c63088e01c1b05c02ea109bd9e698e604230df4425472eef?s=96&d=mm&r=g","contentUrl":"https:\/\/secure.gravatar.com\/avatar\/52dc733e5c6776d4c63088e01c1b05c02ea109bd9e698e604230df4425472eef?s=96&d=mm&r=g","caption":"Dra. Viviana Casac\u00f3 Diez"},"description":"Dermat\u00f3loga","url":"https:\/\/www.saludonnet.com\/blog\/author\/viviana-casaco-diez\/"}]}},"acf":[],"_links":{"self":[{"href":"https:\/\/www.saludonnet.com\/blog\/wp-json\/wp\/v2\/posts\/2795","targetHints":{"allow":["GET"]}}],"collection":[{"href":"https:\/\/www.saludonnet.com\/blog\/wp-json\/wp\/v2\/posts"}],"about":[{"href":"https:\/\/www.saludonnet.com\/blog\/wp-json\/wp\/v2\/types\/post"}],"author":[{"embeddable":true,"href":"https:\/\/www.saludonnet.com\/blog\/wp-json\/wp\/v2\/users\/17"}],"replies":[{"embeddable":true,"href":"https:\/\/www.saludonnet.com\/blog\/wp-json\/wp\/v2\/comments?post=2795"}],"version-history":[{"count":13,"href":"https:\/\/www.saludonnet.com\/blog\/wp-json\/wp\/v2\/posts\/2795\/revisions"}],"predecessor-version":[{"id":16658,"href":"https:\/\/www.saludonnet.com\/blog\/wp-json\/wp\/v2\/posts\/2795\/revisions\/16658"}],"wp:featuredmedia":[{"embeddable":true,"href":"https:\/\/www.saludonnet.com\/blog\/wp-json\/wp\/v2\/media\/1122"}],"wp:attachment":[{"href":"https:\/\/www.saludonnet.com\/blog\/wp-json\/wp\/v2\/media?parent=2795"}],"wp:term":[{"taxonomy":"category","embeddable":true,"href":"https:\/\/www.saludonnet.com\/blog\/wp-json\/wp\/v2\/categories?post=2795"},{"taxonomy":"post_tag","embeddable":true,"href":"https:\/\/www.saludonnet.com\/blog\/wp-json\/wp\/v2\/tags?post=2795"}],"curies":[{"name":"wp","href":"https:\/\/api.w.org\/{rel}","templated":true}]}}