{"id":21949,"date":"2026-01-19T13:27:47","date_gmt":"2026-01-19T12:27:47","guid":{"rendered":"https:\/\/www.saludonnet.com\/blog\/?p=21949"},"modified":"2026-01-20T13:28:16","modified_gmt":"2026-01-20T12:28:16","slug":"tos-seca-persistente-en-invierno-puede-ser-alergia","status":"publish","type":"post","link":"https:\/\/www.saludonnet.com\/blog\/tos-seca-persistente-en-invierno-puede-ser-alergia\/","title":{"rendered":"Tos seca persistente en invierno: \u00bfpuede ser alergia?"},"content":{"rendered":"\n<p>Durante los meses de invierno es frecuente que aparezcan s\u00edntomas respiratorios que se prolongan m\u00e1s de lo esperado. Una de las consultas m\u00e1s habituales es la <strong>tos seca persistente<\/strong>, especialmente cuando no hay fiebre ni otros signos claros de infecci\u00f3n. En muchos casos se asume que se trata de un catarro mal curado o de un <a href=\"https:\/\/www.saludonnet.com\/blog\/diferencias-entre-gripe-y-resfriado\/\">resfriado com\u00fan<\/a>, pero existe una causa que suele pasar desapercibida: la <strong>alergia respiratoria<\/strong>.<\/p>\n\n\n\n<p>El fr\u00edo, los cambios bruscos de temperatura y el mayor tiempo en espacios cerrados crean un entorno propicio para que determinados al\u00e9rgenos act\u00faen sobre las v\u00edas respiratorias. Esto explica por qu\u00e9 algunas personas desarrollan <strong>tos nocturna sin fiebre<\/strong>, carraspeo constante o sensaci\u00f3n de irritaci\u00f3n en la garganta que se mantiene durante semanas.<\/p>\n\n\n\n<h2 class=\"wp-block-heading\">Tos seca persistente en invierno: una causa infravalorada<\/h2>\n\n\n\n<p>Cuando la tos no produce mucosidad y se mantiene en el tiempo, se habla de tos seca persistente. En invierno, este s\u00edntoma suele asociarse de forma autom\u00e1tica a procesos v\u00edricos, pero no siempre es as\u00ed.<\/p>\n\n\n\n<p>La tos al\u00e9rgica se produce por la inflamaci\u00f3n de las v\u00edas respiratorias tras el contacto repetido con un al\u00e9rgeno. A diferencia de la tos infecciosa, no suele acompa\u00f1arse de fiebre ni malestar general intenso, pero s\u00ed resulta muy molesta y recurrente.<\/p>\n\n\n\n<p>Entre los factores que favorecen este tipo de tos en invierno destacan:<\/p>\n\n\n\n<ul class=\"wp-block-list\">\n<li>Permanencia prolongada en interiores con polvo, <a href=\"https:\/\/www.saludonnet.com\/blog\/la-alergia-a-los-acaros-del-polvo-aumenta-cada-ano\/\">\u00e1caros<\/a> o moho.<\/li>\n\n\n\n<li>Uso continuado de calefacci\u00f3n, que reseca las mucosas.<\/li>\n\n\n\n<li>Mayor exposici\u00f3n a al\u00e9rgenos dom\u00e9sticos.<\/li>\n\n\n\n<li>Aire fr\u00edo que irrita las v\u00edas respiratorias ya inflamadas.<\/li>\n<\/ul>\n\n\n\n<h2 class=\"wp-block-heading\">Tos al\u00e9rgica: s\u00edntomas m\u00e1s frecuentes<\/h2>\n\n\n\n<p>Reconocer los <strong>s\u00edntomas de la tos al\u00e9rgica<\/strong> es clave para no confundirla con un resfriado y evitar tratamientos innecesarios.<\/p>\n\n\n\n<p>Los signos m\u00e1s habituales incluyen:<\/p>\n\n\n\n<ul class=\"wp-block-list\">\n<li><strong>Tos seca persistente<\/strong>, especialmente por la noche o al despertarse.<\/li>\n\n\n\n<li><strong>Tos nocturna sin fiebre<\/strong>, que interrumpe el descanso.<\/li>\n\n\n\n<li><strong>Carraspeo constante de garganta<\/strong>, como necesidad repetida de aclararla.<\/li>\n\n\n\n<li>Sensaci\u00f3n de picor o irritaci\u00f3n en la faringe.<\/li>\n\n\n\n<li><strong>Picor de nariz, estornudos y ojos llorosos<\/strong>, sobre todo al entrar en espacios cerrados.<\/li>\n\n\n\n<li>Congesti\u00f3n nasal sin mucosidad espesa.<\/li>\n\n\n\n<li>Empeoramiento en ambientes con polvo o calefacci\u00f3n.<\/li>\n<\/ul>\n\n\n\n<p>En algunos casos tambi\u00e9n aparece <strong>alergia con dolor de garganta<\/strong>, causado por el goteo postnasal continuo, que irrita la mucosa far\u00edngea sin que exista infecci\u00f3n bacteriana.<\/p>\n\n\n\n<h3 class=\"wp-block-heading\">Alergia o resfriado: una confusi\u00f3n muy habitual<\/h3>\n\n\n\n<p>Una de las dudas m\u00e1s frecuentes en consulta es <strong>c\u00f3mo saber si es alergia o resfriado<\/strong>, especialmente cuando la tos se prolonga m\u00e1s de una o dos semanas.<\/p>\n\n\n\n<p>Aunque ambos procesos pueden compartir s\u00edntomas, existen diferencias claras:<\/p>\n\n\n\n<ul class=\"wp-block-list\">\n<li>El resfriado suele durar entre 7 y 10 d\u00edas; la alergia puede mantenerse durante semanas o meses.<\/li>\n\n\n\n<li>En la alergia no suele haber fiebre.<\/li>\n\n\n\n<li>Los estornudos repetidos y el picor nasal son m\u00e1s caracter\u00edsticos de la alergia.<\/li>\n\n\n\n<li>El resfriado suele cursar con malestar general y mucosidad espesa.<\/li>\n\n\n\n<li>La tos al\u00e9rgica empeora por la noche y en ambientes cerrados.<\/li>\n<\/ul>\n\n\n\n<p>Este enfoque comparativo se desarrolla con m\u00e1s detalle en el art\u00edculo del blog de SaludOnNet sobre <strong><a href=\"https:\/\/www.saludonnet.com\/blog\/estoy-resfriado-o-tengo-alergia\/\">alergia o resfriado<\/a><\/strong>, donde se explican las claves para diferenciarlos sin confusi\u00f3n.<\/p>\n\n\n\n<h2 class=\"wp-block-heading\">Por qu\u00e9 la tos al\u00e9rgica empeora por la noche<\/h2>\n\n\n\n<p>La <strong>tos nocturna sin fiebre<\/strong> es uno de los s\u00edntomas que m\u00e1s preocupa. En el caso de la alergia, tiene varias explicaciones:<\/p>\n\n\n\n<ul class=\"wp-block-list\">\n<li>Al tumbarse, el goteo postnasal aumenta y estimula el reflejo de la tos.<\/li>\n\n\n\n<li>Los al\u00e9rgenos presentes en colchones, almohadas y ropa de cama (especialmente \u00e1caros) entran en contacto directo con las v\u00edas respiratorias.<\/li>\n\n\n\n<li>La sequedad ambiental por la calefacci\u00f3n intensifica la irritaci\u00f3n de la garganta.<\/li>\n<\/ul>\n\n\n\n<p>Este patr\u00f3n nocturno es un dato cl\u00ednico muy \u00fatil para orientar el diagn\u00f3stico hacia un origen al\u00e9rgico.<\/p>\n\n\n\n<h3 class=\"wp-block-heading\">Carraspeo constante de garganta: qu\u00e9 indica<\/h3>\n\n\n\n<p>El <strong>carraspeo constante de garganta<\/strong> no es un simple h\u00e1bito. En invierno, suele estar relacionado con inflamaci\u00f3n persistente de la mucosa far\u00edngea.<\/p>\n\n\n\n<p>En las alergias respiratorias ocurre porque:<\/p>\n\n\n\n<ul class=\"wp-block-list\">\n<li>El moco producido en la nariz cae hacia la garganta de forma continua.<\/li>\n\n\n\n<li>La mucosa se inflama sin llegar a producir flemas visibles.<\/li>\n\n\n\n<li>Se genera una sensaci\u00f3n permanente de cuerpo extra\u00f1o o sequedad.<\/li>\n<\/ul>\n\n\n\n<p>Este s\u00edntoma puede confundirse con reflujo o con infecciones de repetici\u00f3n, por lo que es importante valorar el contexto cl\u00ednico completo.<\/p>\n\n\n\n<h2 class=\"wp-block-heading\">Enfoque diferencial: no todo es alergia<\/h2>\n\n\n\n<p>Ante una tos seca persistente, es fundamental descartar otras causas frecuentes antes de confirmar el origen al\u00e9rgico.<\/p>\n\n\n\n<p><strong>Asma al\u00e9rgica<\/strong><\/p>\n\n\n\n<p>El asma puede manifestarse \u00fanicamente con tos, sin silbidos ni dificultad respiratoria evidente. La <strong>tos por asma al\u00e9rgica<\/strong> suele:<\/p>\n\n\n\n<ul class=\"wp-block-list\">\n<li>Aparecer de noche o al hacer ejercicio.<\/li>\n\n\n\n<li>Empeorar con el fr\u00edo.<\/li>\n\n\n\n<li>Asociarse a sensaci\u00f3n de opresi\u00f3n tor\u00e1cica.<\/li>\n<\/ul>\n\n\n\n<p>En estos casos, una espirometr\u00eda y la valoraci\u00f3n por un especialista son clave.<\/p>\n\n\n\n<p><strong>Reflujo gastroesof\u00e1gico<\/strong><\/p>\n\n\n\n<p>El <a href=\"https:\/\/www.saludonnet.com\/blog\/reflujo-gastroesofagico-causas-sintomas-y-alimentos-desaconsejados\/\">reflujo<\/a> tambi\u00e9n provoca tos seca cr\u00f3nica, sobre todo nocturna. A diferencia de la alergia, suele acompa\u00f1arse de:<\/p>\n\n\n\n<ul class=\"wp-block-list\">\n<li>Ardor retroesternal.<\/li>\n\n\n\n<li>Regurgitaci\u00f3n \u00e1cida.<\/li>\n\n\n\n<li>Empeoramiento tras cenas copiosas.<\/li>\n<\/ul>\n\n\n\n<p>El carraspeo persistente puede estar presente, pero no suelen aparecer estornudos ni picor nasal.<\/p>\n\n\n\n<p><strong>Infecciones respiratorias de repetici\u00f3n<\/strong><\/p>\n\n\n\n<p>Cuando la tos se prolonga tras varios catarros seguidos, puede existir una hipersensibilidad de la v\u00eda a\u00e9rea, pero suele mejorar progresivamente, algo que no ocurre en la alergia no tratada.<\/p>\n\n\n\n<h3 class=\"wp-block-heading\">C\u00f3mo se diagnostica la tos al\u00e9rgica<\/h3>\n\n\n\n<p>El diagn\u00f3stico se basa en una combinaci\u00f3n de:<\/p>\n\n\n\n<ul class=\"wp-block-list\">\n<li>Historia cl\u00ednica detallada.<\/li>\n\n\n\n<li>Identificaci\u00f3n de s\u00edntomas t\u00edpicos.<\/li>\n\n\n\n<li>Pruebas de alergia (<a href=\"https:\/\/www.saludonnet.com\/centros-medicos\/alergologia\/pack-28-consulta-de-alergologia--pruebas-cutaneas-prick-test\">prick test<\/a> o an\u00e1lisis de IgE).<\/li>\n\n\n\n<li>Exclusi\u00f3n de otras causas como asma o reflujo.<\/li>\n<\/ul>\n\n\n\n<p>Un diagn\u00f3stico correcto evita tratamientos innecesarios con antibi\u00f3ticos o jarabes que no act\u00faan sobre la causa real del problema.<\/p>\n\n\n\n<h3 class=\"wp-block-heading\">Tratamiento y medidas de control<\/h3>\n\n\n\n<p>El abordaje de la tos al\u00e9rgica combina tratamiento m\u00e9dico y medidas ambientales.<\/p>\n\n\n\n<p>Entre las recomendaciones m\u00e1s habituales se encuentran:<\/p>\n\n\n\n<ul class=\"wp-block-list\">\n<li><a href=\"https:\/\/www.saludonnet.com\/blog\/pastillas-para-la-alergia-los-antihistaminicos-mas-usados\/\">Antihistam\u00ednicos<\/a> para reducir la respuesta al\u00e9rgica.<\/li>\n\n\n\n<li><a href=\"https:\/\/www.saludonnet.com\/blog\/corticoides-tienen-tantos-efectos-secundarios\/\">Corticoides<\/a> nasales para disminuir la inflamaci\u00f3n.<\/li>\n\n\n\n<li>Control de \u00e1caros en el dormitorio.<\/li>\n\n\n\n<li>Uso de humidificadores para evitar la sequedad ambiental.<\/li>\n\n\n\n<li>Ventilaci\u00f3n adecuada de los espacios cerrados.<\/li>\n<\/ul>\n\n\n\n<p>Cuando la tos se controla, tambi\u00e9n desaparecen el carraspeo y el dolor de garganta asociado a la alergia.<\/p>\n\n\n\n<h2 class=\"wp-block-heading\">Cu\u00e1ndo consultar con un especialista<\/h2>\n\n\n\n<p>Es recomendable acudir a valoraci\u00f3n m\u00e9dica cuando:<\/p>\n\n\n\n<ul class=\"wp-block-list\">\n<li>La tos seca dura m\u00e1s de tres semanas.<\/li>\n\n\n\n<li>No hay fiebre ni signos claros de infecci\u00f3n.<\/li>\n\n\n\n<li>La tos empeora por la noche.<\/li>\n\n\n\n<li>Existen antecedentes personales o familiares de alergia.<\/li>\n\n\n\n<li>Aparecen dudas entre <strong>alergia o resfriado<\/strong> de forma recurrente.<\/li>\n<\/ul>\n\n\n\n<p>Un diagn\u00f3stico temprano mejora el control de los s\u00edntomas y evita que la tos se cronifique.<\/p>\n\n\n\n<p>La tos seca persistente en invierno no siempre es consecuencia de un catarro mal curado. En muchos casos, la causa es una alergia respiratoria que pasa desapercibida durante meses. Identificarla correctamente permite aplicar el tratamiento adecuado y recuperar la calidad de vida, especialmente el descanso nocturno.<\/p>\n\n\n\n<p>En <strong>SaludOnNet<\/strong> es posible acceder a consultas con especialistas en alergolog\u00eda y neumolog\u00eda, as\u00ed como realizar pruebas diagn\u00f3sticas sin listas de espera y a precios accesibles. Un abordaje m\u00e9dico adecuado marca la diferencia cuando la tos deja de ser un s\u00edntoma puntual y se convierte en un problema persistente.<\/p>\n","protected":false},"excerpt":{"rendered":"<p>Aprende c\u00f3mo tomar la tensi\u00f3n en casa correctamente y evita errores frecuentes que alteran la medici\u00f3n. Gu\u00eda clara desde enfermer\u00eda.<\/p>\n","protected":false},"author":20,"featured_media":21946,"comment_status":"open","ping_status":"open","sticky":false,"template":"","format":"standard","meta":{"footnotes":""},"categories":[71],"tags":[216],"class_list":["post-21949","post","type-post","status-publish","format-standard","has-post-thumbnail","hentry","category-alergologia","tag-19-consulta"],"yoast_head":"<!-- This site is optimized with the Yoast SEO plugin v27.4 - https:\/\/yoast.com\/product\/yoast-seo-wordpress\/ -->\n<title>Tos seca persistente en invierno: \u00bfpuede ser alergia?<\/title>\n<meta name=\"description\" content=\"Aprende c\u00f3mo tomar la tensi\u00f3n en casa correctamente y evita errores frecuentes que alteran la medici\u00f3n. Gu\u00eda clara desde enfermer\u00eda.\" \/>\n<meta name=\"robots\" content=\"index, follow, max-snippet:-1, max-image-preview:large, max-video-preview:-1\" \/>\n<link rel=\"canonical\" href=\"https:\/\/www.saludonnet.com\/blog\/tos-seca-persistente-en-invierno-puede-ser-alergia\/\" \/>\n<meta property=\"og:locale\" content=\"es_ES\" \/>\n<meta property=\"og:type\" content=\"article\" \/>\n<meta property=\"og:title\" content=\"Tos seca persistente en invierno: \u00bfpuede ser alergia?\" \/>\n<meta property=\"og:description\" content=\"Aprende c\u00f3mo tomar la tensi\u00f3n en casa correctamente y evita errores frecuentes que alteran la medici\u00f3n. Gu\u00eda clara desde enfermer\u00eda.\" \/>\n<meta property=\"og:url\" content=\"https:\/\/www.saludonnet.com\/blog\/tos-seca-persistente-en-invierno-puede-ser-alergia\/\" \/>\n<meta property=\"og:site_name\" content=\"Blog SaludOnNet\" \/>\n<meta property=\"article:publisher\" content=\"https:\/\/www.facebook.com\/pages\/SaludOnNet\/214957498526536\" \/>\n<meta property=\"article:published_time\" content=\"2026-01-19T12:27:47+00:00\" \/>\n<meta property=\"article:modified_time\" content=\"2026-01-20T12:28:16+00:00\" \/>\n<meta property=\"og:image\" content=\"https:\/\/www.saludonnet.com\/blog\/wp-content\/uploads\/tos-persistente-alergia.jpg\" \/>\n\t<meta property=\"og:image:width\" content=\"800\" \/>\n\t<meta property=\"og:image:height\" content=\"400\" \/>\n\t<meta property=\"og:image:type\" content=\"image\/jpeg\" \/>\n<meta name=\"author\" content=\"Equipo M\u00e9dico de SaludOnNet\" \/>\n<meta name=\"twitter:card\" content=\"summary_large_image\" \/>\n<meta name=\"twitter:title\" content=\"Tos seca persistente en invierno: \u00bfpuede ser alergia?\" \/>\n<meta name=\"twitter:description\" content=\"Aprende c\u00f3mo tomar la tensi\u00f3n en casa correctamente y evita errores frecuentes que alteran la medici\u00f3n. Gu\u00eda clara desde enfermer\u00eda.\" \/>\n<meta name=\"twitter:image\" content=\"https:\/\/soncdn.azureedge.net\/blog\/wp-content\/uploads\/tos-persistente-alergia.jpg\" \/>\n<meta name=\"twitter:creator\" content=\"@saludonnet\" \/>\n<meta name=\"twitter:site\" content=\"@saludonnet\" \/>\n<meta name=\"twitter:label1\" content=\"Escrito por\" \/>\n\t<meta name=\"twitter:data1\" content=\"Equipo M\u00e9dico de SaludOnNet\" \/>\n\t<meta name=\"twitter:label2\" content=\"Tiempo de lectura\" \/>\n\t<meta name=\"twitter:data2\" content=\"6 minutos\" \/>\n<script type=\"application\/ld+json\" class=\"yoast-schema-graph\">{\"@context\":\"https:\\\/\\\/schema.org\",\"@graph\":[{\"@type\":\"Article\",\"@id\":\"https:\\\/\\\/www.saludonnet.com\\\/blog\\\/tos-seca-persistente-en-invierno-puede-ser-alergia\\\/#article\",\"isPartOf\":{\"@id\":\"https:\\\/\\\/www.saludonnet.com\\\/blog\\\/tos-seca-persistente-en-invierno-puede-ser-alergia\\\/\"},\"author\":{\"name\":\"Equipo M\u00e9dico de SaludOnNet\",\"@id\":\"https:\\\/\\\/www.saludonnet.com\\\/blog\\\/#\\\/schema\\\/person\\\/50995e01cc9d6c9f29ae18d979eeff1b\"},\"headline\":\"Tos seca persistente en invierno: \u00bfpuede ser alergia?\",\"datePublished\":\"2026-01-19T12:27:47+00:00\",\"dateModified\":\"2026-01-20T12:28:16+00:00\",\"mainEntityOfPage\":{\"@id\":\"https:\\\/\\\/www.saludonnet.com\\\/blog\\\/tos-seca-persistente-en-invierno-puede-ser-alergia\\\/\"},\"wordCount\":1242,\"commentCount\":0,\"publisher\":{\"@id\":\"https:\\\/\\\/www.saludonnet.com\\\/blog\\\/#organization\"},\"image\":{\"@id\":\"https:\\\/\\\/www.saludonnet.com\\\/blog\\\/tos-seca-persistente-en-invierno-puede-ser-alergia\\\/#primaryimage\"},\"thumbnailUrl\":\"https:\\\/\\\/soncdn.azureedge.net\\\/blog\\\/wp-content\\\/uploads\\\/tos-persistente-alergia.jpg\",\"keywords\":[\"Consulta de Alergolog\u00eda\"],\"articleSection\":[\"Alergolog\u00eda\"],\"inLanguage\":\"es\",\"potentialAction\":[{\"@type\":\"CommentAction\",\"name\":\"Comment\",\"target\":[\"https:\\\/\\\/www.saludonnet.com\\\/blog\\\/tos-seca-persistente-en-invierno-puede-ser-alergia\\\/#respond\"]}]},{\"@type\":\"WebPage\",\"@id\":\"https:\\\/\\\/www.saludonnet.com\\\/blog\\\/tos-seca-persistente-en-invierno-puede-ser-alergia\\\/\",\"url\":\"https:\\\/\\\/www.saludonnet.com\\\/blog\\\/tos-seca-persistente-en-invierno-puede-ser-alergia\\\/\",\"name\":\"Tos seca persistente en invierno: \u00bfpuede ser alergia?\",\"isPartOf\":{\"@id\":\"https:\\\/\\\/www.saludonnet.com\\\/blog\\\/#website\"},\"primaryImageOfPage\":{\"@id\":\"https:\\\/\\\/www.saludonnet.com\\\/blog\\\/tos-seca-persistente-en-invierno-puede-ser-alergia\\\/#primaryimage\"},\"image\":{\"@id\":\"https:\\\/\\\/www.saludonnet.com\\\/blog\\\/tos-seca-persistente-en-invierno-puede-ser-alergia\\\/#primaryimage\"},\"thumbnailUrl\":\"https:\\\/\\\/soncdn.azureedge.net\\\/blog\\\/wp-content\\\/uploads\\\/tos-persistente-alergia.jpg\",\"datePublished\":\"2026-01-19T12:27:47+00:00\",\"dateModified\":\"2026-01-20T12:28:16+00:00\",\"description\":\"Aprende c\u00f3mo tomar la tensi\u00f3n en casa correctamente y evita errores frecuentes que alteran la medici\u00f3n. Gu\u00eda clara desde enfermer\u00eda.\",\"breadcrumb\":{\"@id\":\"https:\\\/\\\/www.saludonnet.com\\\/blog\\\/tos-seca-persistente-en-invierno-puede-ser-alergia\\\/#breadcrumb\"},\"inLanguage\":\"es\",\"potentialAction\":[{\"@type\":\"ReadAction\",\"target\":[\"https:\\\/\\\/www.saludonnet.com\\\/blog\\\/tos-seca-persistente-en-invierno-puede-ser-alergia\\\/\"]}]},{\"@type\":\"ImageObject\",\"inLanguage\":\"es\",\"@id\":\"https:\\\/\\\/www.saludonnet.com\\\/blog\\\/tos-seca-persistente-en-invierno-puede-ser-alergia\\\/#primaryimage\",\"url\":\"https:\\\/\\\/soncdn.azureedge.net\\\/blog\\\/wp-content\\\/uploads\\\/tos-persistente-alergia.jpg\",\"contentUrl\":\"https:\\\/\\\/soncdn.azureedge.net\\\/blog\\\/wp-content\\\/uploads\\\/tos-persistente-alergia.jpg\",\"width\":800,\"height\":400,\"caption\":\"Imagen generada por IA para: tos persistente alergia\"},{\"@type\":\"BreadcrumbList\",\"@id\":\"https:\\\/\\\/www.saludonnet.com\\\/blog\\\/tos-seca-persistente-en-invierno-puede-ser-alergia\\\/#breadcrumb\",\"itemListElement\":[{\"@type\":\"ListItem\",\"position\":1,\"name\":\"Portada\",\"item\":\"https:\\\/\\\/www.saludonnet.com\\\/blog\\\/\"},{\"@type\":\"ListItem\",\"position\":2,\"name\":\"Alergolog\u00eda\",\"item\":\"https:\\\/\\\/www.saludonnet.com\\\/blog\\\/topic\\\/alergologia\\\/\"},{\"@type\":\"ListItem\",\"position\":3,\"name\":\"Tos seca persistente en invierno: \u00bfpuede ser alergia?\"}]},{\"@type\":\"WebSite\",\"@id\":\"https:\\\/\\\/www.saludonnet.com\\\/blog\\\/#website\",\"url\":\"https:\\\/\\\/www.saludonnet.com\\\/blog\\\/\",\"name\":\"Blog SaludOnNet\",\"description\":\"Un espacio donde encontrar\u00e1s consejos y art\u00edculos para cuidar de tu salud\",\"publisher\":{\"@id\":\"https:\\\/\\\/www.saludonnet.com\\\/blog\\\/#organization\"},\"potentialAction\":[{\"@type\":\"SearchAction\",\"target\":{\"@type\":\"EntryPoint\",\"urlTemplate\":\"https:\\\/\\\/www.saludonnet.com\\\/blog\\\/?s={search_term_string}\"},\"query-input\":{\"@type\":\"PropertyValueSpecification\",\"valueRequired\":true,\"valueName\":\"search_term_string\"}}],\"inLanguage\":\"es\"},{\"@type\":\"Organization\",\"@id\":\"https:\\\/\\\/www.saludonnet.com\\\/blog\\\/#organization\",\"name\":\"SaludOnNet\",\"url\":\"https:\\\/\\\/www.saludonnet.com\\\/blog\\\/\",\"logo\":{\"@type\":\"ImageObject\",\"inLanguage\":\"es\",\"@id\":\"https:\\\/\\\/www.saludonnet.com\\\/blog\\\/#\\\/schema\\\/logo\\\/image\\\/\",\"url\":\"https:\\\/\\\/www.saludonnet.com\\\/blog\\\/wp-content\\\/uploads\\\/2019\\\/07\\\/Logo-SaludOnNet.png\",\"contentUrl\":\"https:\\\/\\\/www.saludonnet.com\\\/blog\\\/wp-content\\\/uploads\\\/2019\\\/07\\\/Logo-SaludOnNet.png\",\"width\":1140,\"height\":377,\"caption\":\"SaludOnNet\"},\"image\":{\"@id\":\"https:\\\/\\\/www.saludonnet.com\\\/blog\\\/#\\\/schema\\\/logo\\\/image\\\/\"},\"sameAs\":[\"https:\\\/\\\/www.facebook.com\\\/pages\\\/SaludOnNet\\\/214957498526536\",\"https:\\\/\\\/x.com\\\/saludonnet\",\"https:\\\/\\\/www.instagram.com\\\/saludonnet\\\/\",\"https:\\\/\\\/www.linkedin.com\\\/company\\\/saludonnet\\\/\",\"https:\\\/\\\/www.youtube.com\\\/channel\\\/UCag68GsnagqzNb6C3G-S9vQ\"]},{\"@type\":\"Person\",\"@id\":\"https:\\\/\\\/www.saludonnet.com\\\/blog\\\/#\\\/schema\\\/person\\\/50995e01cc9d6c9f29ae18d979eeff1b\",\"name\":\"Equipo M\u00e9dico de SaludOnNet\",\"image\":{\"@type\":\"ImageObject\",\"inLanguage\":\"es\",\"@id\":\"https:\\\/\\\/secure.gravatar.com\\\/avatar\\\/0ac89931d2ef75704f29e63e12335967620a1f7ac37c69f6f97ad72b9ac6496d?s=96&d=mm&r=g\",\"url\":\"https:\\\/\\\/secure.gravatar.com\\\/avatar\\\/0ac89931d2ef75704f29e63e12335967620a1f7ac37c69f6f97ad72b9ac6496d?s=96&d=mm&r=g\",\"contentUrl\":\"https:\\\/\\\/secure.gravatar.com\\\/avatar\\\/0ac89931d2ef75704f29e63e12335967620a1f7ac37c69f6f97ad72b9ac6496d?s=96&d=mm&r=g\",\"caption\":\"Equipo M\u00e9dico de SaludOnNet\"},\"description\":\"Art\u00edculo elaborado por el equipo m\u00e9dico de SaludOnNet, compuesto por especialistas destacados en su \u00e1rea.\",\"url\":\"https:\\\/\\\/www.saludonnet.com\\\/blog\\\/author\\\/saludonnet\\\/\"}]}<\/script>\n<!-- \/ Yoast SEO plugin. -->","yoast_head_json":{"title":"Tos seca persistente en invierno: \u00bfpuede ser alergia?","description":"Aprende c\u00f3mo tomar la tensi\u00f3n en casa correctamente y evita errores frecuentes que alteran la medici\u00f3n. Gu\u00eda clara desde enfermer\u00eda.","robots":{"index":"index","follow":"follow","max-snippet":"max-snippet:-1","max-image-preview":"max-image-preview:large","max-video-preview":"max-video-preview:-1"},"canonical":"https:\/\/www.saludonnet.com\/blog\/tos-seca-persistente-en-invierno-puede-ser-alergia\/","og_locale":"es_ES","og_type":"article","og_title":"Tos seca persistente en invierno: \u00bfpuede ser alergia?","og_description":"Aprende c\u00f3mo tomar la tensi\u00f3n en casa correctamente y evita errores frecuentes que alteran la medici\u00f3n. Gu\u00eda clara desde enfermer\u00eda.","og_url":"https:\/\/www.saludonnet.com\/blog\/tos-seca-persistente-en-invierno-puede-ser-alergia\/","og_site_name":"Blog SaludOnNet","article_publisher":"https:\/\/www.facebook.com\/pages\/SaludOnNet\/214957498526536","article_published_time":"2026-01-19T12:27:47+00:00","article_modified_time":"2026-01-20T12:28:16+00:00","og_image":[{"width":800,"height":400,"url":"https:\/\/www.saludonnet.com\/blog\/wp-content\/uploads\/tos-persistente-alergia.jpg","type":"image\/jpeg"}],"author":"Equipo M\u00e9dico de SaludOnNet","twitter_card":"summary_large_image","twitter_title":"Tos seca persistente en invierno: \u00bfpuede ser alergia?","twitter_description":"Aprende c\u00f3mo tomar la tensi\u00f3n en casa correctamente y evita errores frecuentes que alteran la medici\u00f3n. Gu\u00eda clara desde enfermer\u00eda.","twitter_image":"https:\/\/soncdn.azureedge.net\/blog\/wp-content\/uploads\/tos-persistente-alergia.jpg","twitter_creator":"@saludonnet","twitter_site":"@saludonnet","twitter_misc":{"Escrito por":"Equipo M\u00e9dico de SaludOnNet","Tiempo de lectura":"6 minutos"},"schema":{"@context":"https:\/\/schema.org","@graph":[{"@type":"Article","@id":"https:\/\/www.saludonnet.com\/blog\/tos-seca-persistente-en-invierno-puede-ser-alergia\/#article","isPartOf":{"@id":"https:\/\/www.saludonnet.com\/blog\/tos-seca-persistente-en-invierno-puede-ser-alergia\/"},"author":{"name":"Equipo M\u00e9dico de SaludOnNet","@id":"https:\/\/www.saludonnet.com\/blog\/#\/schema\/person\/50995e01cc9d6c9f29ae18d979eeff1b"},"headline":"Tos seca persistente en invierno: \u00bfpuede ser alergia?","datePublished":"2026-01-19T12:27:47+00:00","dateModified":"2026-01-20T12:28:16+00:00","mainEntityOfPage":{"@id":"https:\/\/www.saludonnet.com\/blog\/tos-seca-persistente-en-invierno-puede-ser-alergia\/"},"wordCount":1242,"commentCount":0,"publisher":{"@id":"https:\/\/www.saludonnet.com\/blog\/#organization"},"image":{"@id":"https:\/\/www.saludonnet.com\/blog\/tos-seca-persistente-en-invierno-puede-ser-alergia\/#primaryimage"},"thumbnailUrl":"https:\/\/soncdn.azureedge.net\/blog\/wp-content\/uploads\/tos-persistente-alergia.jpg","keywords":["Consulta de Alergolog\u00eda"],"articleSection":["Alergolog\u00eda"],"inLanguage":"es","potentialAction":[{"@type":"CommentAction","name":"Comment","target":["https:\/\/www.saludonnet.com\/blog\/tos-seca-persistente-en-invierno-puede-ser-alergia\/#respond"]}]},{"@type":"WebPage","@id":"https:\/\/www.saludonnet.com\/blog\/tos-seca-persistente-en-invierno-puede-ser-alergia\/","url":"https:\/\/www.saludonnet.com\/blog\/tos-seca-persistente-en-invierno-puede-ser-alergia\/","name":"Tos seca persistente en invierno: \u00bfpuede ser alergia?","isPartOf":{"@id":"https:\/\/www.saludonnet.com\/blog\/#website"},"primaryImageOfPage":{"@id":"https:\/\/www.saludonnet.com\/blog\/tos-seca-persistente-en-invierno-puede-ser-alergia\/#primaryimage"},"image":{"@id":"https:\/\/www.saludonnet.com\/blog\/tos-seca-persistente-en-invierno-puede-ser-alergia\/#primaryimage"},"thumbnailUrl":"https:\/\/soncdn.azureedge.net\/blog\/wp-content\/uploads\/tos-persistente-alergia.jpg","datePublished":"2026-01-19T12:27:47+00:00","dateModified":"2026-01-20T12:28:16+00:00","description":"Aprende c\u00f3mo tomar la tensi\u00f3n en casa correctamente y evita errores frecuentes que alteran la medici\u00f3n. Gu\u00eda clara desde enfermer\u00eda.","breadcrumb":{"@id":"https:\/\/www.saludonnet.com\/blog\/tos-seca-persistente-en-invierno-puede-ser-alergia\/#breadcrumb"},"inLanguage":"es","potentialAction":[{"@type":"ReadAction","target":["https:\/\/www.saludonnet.com\/blog\/tos-seca-persistente-en-invierno-puede-ser-alergia\/"]}]},{"@type":"ImageObject","inLanguage":"es","@id":"https:\/\/www.saludonnet.com\/blog\/tos-seca-persistente-en-invierno-puede-ser-alergia\/#primaryimage","url":"https:\/\/soncdn.azureedge.net\/blog\/wp-content\/uploads\/tos-persistente-alergia.jpg","contentUrl":"https:\/\/soncdn.azureedge.net\/blog\/wp-content\/uploads\/tos-persistente-alergia.jpg","width":800,"height":400,"caption":"Imagen generada por IA para: tos persistente alergia"},{"@type":"BreadcrumbList","@id":"https:\/\/www.saludonnet.com\/blog\/tos-seca-persistente-en-invierno-puede-ser-alergia\/#breadcrumb","itemListElement":[{"@type":"ListItem","position":1,"name":"Portada","item":"https:\/\/www.saludonnet.com\/blog\/"},{"@type":"ListItem","position":2,"name":"Alergolog\u00eda","item":"https:\/\/www.saludonnet.com\/blog\/topic\/alergologia\/"},{"@type":"ListItem","position":3,"name":"Tos seca persistente en invierno: \u00bfpuede ser alergia?"}]},{"@type":"WebSite","@id":"https:\/\/www.saludonnet.com\/blog\/#website","url":"https:\/\/www.saludonnet.com\/blog\/","name":"Blog SaludOnNet","description":"Un espacio donde encontrar\u00e1s consejos y art\u00edculos para cuidar de tu salud","publisher":{"@id":"https:\/\/www.saludonnet.com\/blog\/#organization"},"potentialAction":[{"@type":"SearchAction","target":{"@type":"EntryPoint","urlTemplate":"https:\/\/www.saludonnet.com\/blog\/?s={search_term_string}"},"query-input":{"@type":"PropertyValueSpecification","valueRequired":true,"valueName":"search_term_string"}}],"inLanguage":"es"},{"@type":"Organization","@id":"https:\/\/www.saludonnet.com\/blog\/#organization","name":"SaludOnNet","url":"https:\/\/www.saludonnet.com\/blog\/","logo":{"@type":"ImageObject","inLanguage":"es","@id":"https:\/\/www.saludonnet.com\/blog\/#\/schema\/logo\/image\/","url":"https:\/\/www.saludonnet.com\/blog\/wp-content\/uploads\/2019\/07\/Logo-SaludOnNet.png","contentUrl":"https:\/\/www.saludonnet.com\/blog\/wp-content\/uploads\/2019\/07\/Logo-SaludOnNet.png","width":1140,"height":377,"caption":"SaludOnNet"},"image":{"@id":"https:\/\/www.saludonnet.com\/blog\/#\/schema\/logo\/image\/"},"sameAs":["https:\/\/www.facebook.com\/pages\/SaludOnNet\/214957498526536","https:\/\/x.com\/saludonnet","https:\/\/www.instagram.com\/saludonnet\/","https:\/\/www.linkedin.com\/company\/saludonnet\/","https:\/\/www.youtube.com\/channel\/UCag68GsnagqzNb6C3G-S9vQ"]},{"@type":"Person","@id":"https:\/\/www.saludonnet.com\/blog\/#\/schema\/person\/50995e01cc9d6c9f29ae18d979eeff1b","name":"Equipo M\u00e9dico de SaludOnNet","image":{"@type":"ImageObject","inLanguage":"es","@id":"https:\/\/secure.gravatar.com\/avatar\/0ac89931d2ef75704f29e63e12335967620a1f7ac37c69f6f97ad72b9ac6496d?s=96&d=mm&r=g","url":"https:\/\/secure.gravatar.com\/avatar\/0ac89931d2ef75704f29e63e12335967620a1f7ac37c69f6f97ad72b9ac6496d?s=96&d=mm&r=g","contentUrl":"https:\/\/secure.gravatar.com\/avatar\/0ac89931d2ef75704f29e63e12335967620a1f7ac37c69f6f97ad72b9ac6496d?s=96&d=mm&r=g","caption":"Equipo M\u00e9dico de SaludOnNet"},"description":"Art\u00edculo elaborado por el equipo m\u00e9dico de SaludOnNet, compuesto por especialistas destacados en su \u00e1rea.","url":"https:\/\/www.saludonnet.com\/blog\/author\/saludonnet\/"}]}},"acf":[],"_links":{"self":[{"href":"https:\/\/www.saludonnet.com\/blog\/wp-json\/wp\/v2\/posts\/21949","targetHints":{"allow":["GET"]}}],"collection":[{"href":"https:\/\/www.saludonnet.com\/blog\/wp-json\/wp\/v2\/posts"}],"about":[{"href":"https:\/\/www.saludonnet.com\/blog\/wp-json\/wp\/v2\/types\/post"}],"author":[{"embeddable":true,"href":"https:\/\/www.saludonnet.com\/blog\/wp-json\/wp\/v2\/users\/20"}],"replies":[{"embeddable":true,"href":"https:\/\/www.saludonnet.com\/blog\/wp-json\/wp\/v2\/comments?post=21949"}],"version-history":[{"count":6,"href":"https:\/\/www.saludonnet.com\/blog\/wp-json\/wp\/v2\/posts\/21949\/revisions"}],"predecessor-version":[{"id":21955,"href":"https:\/\/www.saludonnet.com\/blog\/wp-json\/wp\/v2\/posts\/21949\/revisions\/21955"}],"wp:featuredmedia":[{"embeddable":true,"href":"https:\/\/www.saludonnet.com\/blog\/wp-json\/wp\/v2\/media\/21946"}],"wp:attachment":[{"href":"https:\/\/www.saludonnet.com\/blog\/wp-json\/wp\/v2\/media?parent=21949"}],"wp:term":[{"taxonomy":"category","embeddable":true,"href":"https:\/\/www.saludonnet.com\/blog\/wp-json\/wp\/v2\/categories?post=21949"},{"taxonomy":"post_tag","embeddable":true,"href":"https:\/\/www.saludonnet.com\/blog\/wp-json\/wp\/v2\/tags?post=21949"}],"curies":[{"name":"wp","href":"https:\/\/api.w.org\/{rel}","templated":true}]}}