{"id":21182,"date":"2025-10-21T12:27:06","date_gmt":"2025-10-21T10:27:06","guid":{"rendered":"https:\/\/www.saludonnet.com\/blog\/?p=21182"},"modified":"2025-10-21T12:27:06","modified_gmt":"2025-10-21T10:27:06","slug":"sordera-subita-causas-sintomas-y-por-que-cada-minuto-cuenta","status":"publish","type":"post","link":"https:\/\/www.saludonnet.com\/blog\/sordera-subita-causas-sintomas-y-por-que-cada-minuto-cuenta\/","title":{"rendered":"Sordera s\u00fabita: causas, s\u00edntomas y por qu\u00e9 cada minuto cuenta"},"content":{"rendered":"\n<p>Imagina despertarte una ma\u00f1ana y darte cuenta de que no puedes o\u00edr el despertador, el canto de los p\u00e1jaros o la voz de tu pareja con uno de tus o\u00eddos. Esta experiencia alarmante, conocida m\u00e9dicamente como hipoacusia neurosensorial s\u00fabita (HNS) o, m\u00e1s com\u00fanmente, <strong>sordera s\u00fabita<\/strong>, es una p\u00e9rdida r\u00e1pida e inexplicable de la audici\u00f3n. No es un simple <a href=\"https:\/\/www.saludonnet.com\/blog\/cerumen-en-los-oidos-causas-y-eliminacion-de-los-tapones\/\">tap\u00f3n de cera<\/a>; es una emergencia m\u00e9dica real.<\/p>\n\n\n\n<p>La definici\u00f3n cl\u00ednica cl\u00e1sica de la sordera s\u00fabita es una <strong>p\u00e9rdida auditiva<\/strong> de al menos 30 decibelios (dB) en tres frecuencias de sonido conectadas, que ocurre en un per\u00edodo de 72 horas o menos. Para ponerlo en perspectiva, 30 dB es la diferencia entre un susurro y una conversaci\u00f3n normal. La mayor\u00eda de las veces, esta condici\u00f3n es unilateral, afectando solo a un o\u00eddo, aunque en raras ocasiones puede ser bilateral.<\/p>\n\n\n\n<p>Muchas personas cometen el error de esperar. Piensan que es una congesti\u00f3n, una alergia o algo que pasar\u00e1 solo. Sin embargo, en el caso de la sordera s\u00fabita, <strong>el tiempo es el factor m\u00e1s cr\u00edtico<\/strong>. La ventana para un tratamiento efectivo es extremadamente corta, generalmente dentro de las primeras 72 horas hasta un m\u00e1ximo de dos semanas desde el inicio de los s\u00edntomas. Retrasar la visita al m\u00e9dico puede significar la diferencia entre recuperar la audici\u00f3n o enfrentarse a una <strong>p\u00e9rdida auditiva permanente<\/strong>. Perder la audici\u00f3n de esta manera es una se\u00f1al de que algo grave est\u00e1 ocurriendo en el o\u00eddo interno o en el nervio auditivo.<\/p>\n\n\n\n<h2 class=\"wp-block-heading\">Identificando las se\u00f1ales: m\u00e1s all\u00e1 de no o\u00edr bien<\/h2>\n\n\n\n<p>Los s\u00edntomas de la sordera s\u00fabita pueden ser evidentes o sutiles al principio. El s\u00edntoma principal es, por supuesto, la r\u00e1pida disminuci\u00f3n de la capacidad auditiva en un o\u00eddo.<\/p>\n\n\n\n<ul class=\"wp-block-list\">\n<li><strong>P\u00e9rdida auditiva r\u00e1pida:<\/strong> Puede ocurrir instant\u00e1neamente (como un \u00abpop\u00bb seguido de silencio) o desarrollarse progresivamente a lo largo de varias horas o d\u00edas.<\/li>\n\n\n\n<li><strong>Sensaci\u00f3n de o\u00eddo tapado o plenitud:<\/strong> Este es a menudo el primer s\u00edntoma que la gente nota. Lo describen como una sensaci\u00f3n de presi\u00f3n o de tener algod\u00f3n dentro del o\u00eddo.<\/li>\n\n\n\n<li><strong><a href=\"https:\/\/www.saludonnet.com\/blog\/que-son-los-acufenos-y-como-se-tratan\/\">Ac\u00fafenos<\/a> o Tinnitus:<\/strong> La aparici\u00f3n repentina de un zumbido, pitido o silbido en el o\u00eddo afectado es extremadamente com\u00fan y puede ser muy angustiante.<\/li>\n\n\n\n<li><strong>V\u00e9rtigo y mareo:<\/strong> Aproximadamente el 40% de las personas con sordera s\u00fabita tambi\u00e9n experimentan problemas de equilibrio. Esto puede manifestarse como una sensaci\u00f3n de que la habitaci\u00f3n da vueltas (v\u00e9rtigo) o una inestabilidad general (mareo). La presencia de v\u00e9rtigo puede indicar un pron\u00f3stico de recuperaci\u00f3n m\u00e1s complicado.<\/li>\n<\/ul>\n\n\n\n<p>Es vital no confundir esto con una otitis media (infecci\u00f3n del o\u00eddo medio), que generalmente cursa con dolor y fiebre, o con un tap\u00f3n de cerumen, que un m\u00e9dico puede identificar y extraer f\u00e1cilmente. La sordera s\u00fabita afecta al o\u00eddo <em>interno<\/em>, la parte neurol\u00f3gica de la audici\u00f3n.<\/p>\n\n\n\n<h2 class=\"wp-block-heading\">P\u00e9rdida de audici\u00f3n repentina:\u00a0causas principales<\/h2>\n\n\n\n<p>Una de las mayores frustraciones para los pacientes es que, en aproximadamente el 90% de los casos, la causa exacta de la sordera s\u00fabita nunca se identifica. A esto se le llama sordera s\u00fabita idiop\u00e1tica. Sin embargo, los investigadores han identificado varias causas y teor\u00edas probables que explican el 10% restante y que probablemente tambi\u00e9n est\u00e9n detr\u00e1s de muchos casos idiop\u00e1ticos.<\/p>\n\n\n\n<h3 class=\"wp-block-heading\">La causa idiop\u00e1tica: cuando el \u00abpor qu\u00e9\u00bb no se encuentra<\/h3>\n\n\n\n<p>Como se ha dicho, la gran mayor\u00eda de los episodios de sordera s\u00fabita se clasifican como idiop\u00e1ticos. Esto no significa que no haya una causa, sino que las herramientas de diagn\u00f3stico actuales no pueden identificarla con precisi\u00f3n. Se sospecha que muchas de estas causas desconocidas se deben en realidad a micro-eventos vasculares o infecciones virales que no llegan a detectarse.<\/p>\n\n\n\n<h3 class=\"wp-block-heading\">El infarto de o\u00eddo: un problema vascular<\/h3>\n\n\n\n<p>Este es uno de los t\u00e9rminos m\u00e1s buscados y una de las teor\u00edas m\u00e1s aceptadas. El t\u00e9rmino <strong>infarto de o\u00eddo<\/strong> no es un diagn\u00f3stico cl\u00ednico formal, sino una analog\u00eda muy precisa. Al igual que un infarto de miocardio (ataque al coraz\u00f3n) o un infarto cerebral (ictus) ocurren cuando se bloquea el flujo de sangre a esos \u00f3rganos, un \u00abinfarto de o\u00eddo\u00bb se refiere a una interrupci\u00f3n del suministro de sangre a la c\u00f3clea.<\/p>\n\n\n\n<p>La c\u00f3clea, o caracol, es la estructura del o\u00eddo interno responsable de convertir las vibraciones sonoras en se\u00f1ales nerviosas. Es un \u00f3rgano incre\u00edblemente delicado y metab\u00f3licamente muy activo, lo que significa que depende de un suministro constante de ox\u00edgeno y nutrientes de vasos sangu\u00edneos muy peque\u00f1os.<\/p>\n\n\n\n<p>Las causas probables de un infarto de o\u00eddo son:<\/p>\n\n\n\n<ul class=\"wp-block-list\">\n<li><strong>Trombosis o Embolia:<\/strong> un peque\u00f1o co\u00e1gulo de sangre puede viajar y bloquear la arteria auditiva interna o una de sus ramas.<\/li>\n\n\n\n<li><strong>Vasoespasmo:<\/strong> un estrechamiento repentino de estos vasos sangu\u00edneos.<\/li>\n\n\n\n<li><strong>Hemorragia:<\/strong> un sangrado en el o\u00eddo interno.<\/li>\n<\/ul>\n\n\n\n<p>Las personas con factores de riesgo cardiovascular tienen m\u00e1s probabilidades de sufrir este tipo de evento. Estos factores incluyen:<\/p>\n\n\n\n<ul class=\"wp-block-list\">\n<li>Hipertensi\u00f3n arterial.<\/li>\n\n\n\n<li>Diabetes mellitus.<\/li>\n\n\n\n<li>Colesterol alto (hiperlipidemia).<\/li>\n\n\n\n<li>Tabaquismo.<\/li>\n\n\n\n<li>Trastornos de la coagulaci\u00f3n.<\/li>\n<\/ul>\n\n\n\n<p>El tratamiento en estos casos a menudo se centra en <strong>restaurar el flujo sangu\u00edneo y el ox\u00edgeno<\/strong>, lo que subraya la urgencia de la atenci\u00f3n.<\/p>\n\n\n\n<h3 class=\"wp-block-heading\">Infecciones virales: el enemigo invisible<\/h3>\n\n\n\n<p>Otra teor\u00eda principal sobre la p\u00e9rdida de audici\u00f3n repentina y sus causas es una infecci\u00f3n viral. Se cree que ciertos virus tienen afinidad por las estructuras del o\u00eddo interno o el nervio auditivo. El virus puede atacar directamente estas estructuras o provocar una respuesta inflamatoria que causa el da\u00f1o.<\/p>\n\n\n\n<p>Los virus com\u00fanmente asociados con la sordera s\u00fabita incluyen:<\/p>\n\n\n\n<ul class=\"wp-block-list\">\n<li><strong>Virus del herpes simple (VHS):<\/strong> El mismo que causa el herpes labial.<\/li>\n\n\n\n<li><strong><a href=\"https:\/\/www.saludonnet.com\/blog\/herpes-zoster-que-es-y-cuales-son-sus-sintomas\/\">Virus de la varicela-z\u00f3ster<\/a>:<\/strong> Causa la varicela y el herpes z\u00f3ster (culebrilla). Cuando afecta al nervio facial y auditivo, se llama S\u00edndrome de Ramsay Hunt.<\/li>\n\n\n\n<li><strong>Citomegalovirus (CMV).<\/strong><\/li>\n\n\n\n<li><strong>Virus de Epstein-Barr <a href=\"https:\/\/www.saludonnet.com\/blog\/mononucleosis-la-enfermedad-del-beso\/\">(mononucleosis<\/a>).<\/strong><\/li>\n\n\n\n<li><strong>Virus de la parotiditis (paperas) y <a href=\"https:\/\/www.saludonnet.com\/blog\/sarampion-causas-sintomas-prevencion-y-tratamiento\/\">sarampi\u00f3n<\/a>:<\/strong> Antes de la vacunaci\u00f3n, eran causas comunes de sordera profunda.<\/li>\n<\/ul>\n\n\n\n<p>A menudo, la sordera aparece despu\u00e9s de una infecci\u00f3n respiratoria superior reciente (un resfriado o gripe), lo que refuerza la teor\u00eda viral.<\/p>\n\n\n\n<h3 class=\"wp-block-heading\">Cuando el cuerpo se ataca a s\u00ed mismo: causas autoinmunes<\/h3>\n\n\n\n<p>En algunos casos, el sistema inmunol\u00f3gico del cuerpo se confunde y ataca por error a las c\u00e9lulas sanas del o\u00eddo interno, confundi\u00e9ndolas con invasores. Esto se conoce como enfermedad autoinmune del o\u00eddo interno (EAOI). Puede ocurrir como una condici\u00f3n aislada o como parte de una enfermedad autoinmune sist\u00e9mica m\u00e1s amplia, como:<\/p>\n\n\n\n<ul class=\"wp-block-list\">\n<li>Lupus eritematoso sist\u00e9mico.<\/li>\n\n\n\n<li>S\u00edndrome de Cogan.<\/li>\n\n\n\n<li>Granulomatosis de Wegener.<\/li>\n\n\n\n<li>Artritis reumatoide.<\/li>\n<\/ul>\n\n\n\n<p>Este tipo de <strong>p\u00e9rdida auditiva<\/strong> a menudo responde bien a los corticosteroides, que suprimen la respuesta inmunol\u00f3gica.<\/p>\n\n\n\n<h3 class=\"wp-block-heading\">Otras causas menos frecuentes pero relevantes<\/h3>\n\n\n\n<p>Algunas de las causas que pueden ser responsables de la sordera s\u00fabita son:<\/p>\n\n\n\n<ul class=\"wp-block-list\">\n<li><strong>Traumatismos:<\/strong> un golpe fuerte en la cabeza o un traumatismo craneoencef\u00e1lico puede da\u00f1ar las delicadas estructuras del o\u00eddo interno.<\/li>\n\n\n\n<li><strong>Barotrauma:<\/strong> cambios bruscos de presi\u00f3n (como en el buceo o en un avi\u00f3n) pueden causar una f\u00edstula perilinf\u00e1tica, una peque\u00f1a rotura en la membrana que separa el o\u00eddo interno del medio, provocando una p\u00e9rdida s\u00fabita de audici\u00f3n y v\u00e9rtigo.<\/li>\n\n\n\n<li><strong>Neurinoma del ac\u00fastico:<\/strong> se trata de un tumor benigno (no canceroso) que crece en el nervio auditivo y del equilibrio. Aunque el tumor crece lentamente, a veces puede presentarse con una p\u00e9rdida de audici\u00f3n repentina.<\/li>\n\n\n\n<li><strong>F\u00e1rmacos otot\u00f3xicos:<\/strong> ciertos medicamentos son conocidos por ser t\u00f3xicos para el o\u00eddo. Aunque la p\u00e9rdida de audici\u00f3n suele ser gradual, en algunos casos puede ser r\u00e1pida. Ejemplos incluyen ciertos antibi\u00f3ticos aminogluc\u00f3sidos, diur\u00e9ticos potentes y algunos f\u00e1rmacos de quimioterapia.<\/li>\n\n\n\n<li><strong>Trastornos neurol\u00f3gicos:<\/strong> enfermedades como la <a href=\"https:\/\/www.saludonnet.com\/blog\/que-saber-de-la-esclerosis-multiple-la-enfermedad-de-las-mil-caras\/\">esclerosis m\u00faltiple<\/a> pueden afectar el nervio auditivo y causar p\u00e9rdida de audici\u00f3n.<\/li>\n<\/ul>\n\n\n\n<h2 class=\"wp-block-heading\">El reloj corre: diagn\u00f3stico y la ventana de actuaci\u00f3n<\/h2>\n\n\n\n<p><a href=\"https:\/\/www.saludonnet.com\/blog\/sintomas-de-la-perdida-de-audicion-reconocer-los-signos-y-actuar\/\">Si experimentas una p\u00e9rdida repentina de la audici\u00f3n<\/a>, no pidas cita con tu m\u00e9dico de cabecera para la pr\u00f3xima semana. <strong>Debes acudir a un servicio de urgencias o a un otorrinolaring\u00f3logo de inmediato.<\/strong><\/p>\n\n\n\n<p>El proceso de diagn\u00f3stico est\u00e1 dise\u00f1ado para ser r\u00e1pido y para descartar causas obvias y tratar la condici\u00f3n lo antes posible.<\/p>\n\n\n\n<h3 class=\"wp-block-heading\">Pruebas clave para confirmar la p\u00e9rdida auditiva<\/h3>\n\n\n\n<p>Las principales pruebas diagn\u00f3sticas que se realizan son:<\/p>\n\n\n\n<ol start=\"1\" class=\"wp-block-list\">\n<li><strong>Otoscopia:<\/strong> el m\u00e9dico mirar\u00e1 dentro de tu o\u00eddo con un otoscopio. Esto es crucial para descartar causas simples y tratables, como una obstrucci\u00f3n masiva por cerumen, un objeto extra\u00f1o o una infecci\u00f3n grave del o\u00eddo medio. Si el t\u00edmpano parece normal, pero la audici\u00f3n est\u00e1 afectada, la sospecha de sordera s\u00fabita aumenta.<\/li>\n\n\n\n<li><strong>Audiometr\u00eda tonal y verbal:<\/strong> esta es la prueba de oro. Te sentar\u00e1s en una cabina insonorizada con auriculares y se medir\u00e1 tu capacidad para o\u00edr diferentes tonos (frecuencias) y vol\u00famenes (decibelios), as\u00ed como tu capacidad para entender el habla. Esta prueba confirma si la p\u00e9rdida es neurosensorial (en el o\u00eddo interno\/nervio) o conductiva (un problema en el o\u00eddo externo\/medio) y cuantifica la gravedad de la p\u00e9rdida auditiva.<\/li>\n\n\n\n<li><strong>Pruebas de imagen (resonancia magn\u00e9tica &#8211; RM):<\/strong> amenudo se solicita una RM de la cabeza, aunque no de forma urgente. Su prop\u00f3sito principal es descartar causas retrococleares, como un neurinoma del ac\u00fastico u otras anomal\u00edas cerebrales.<\/li>\n\n\n\n<li><strong>An\u00e1lisis de sangre:<\/strong> Se pueden solicitar an\u00e1lisis para buscar signos de infecci\u00f3n, marcadores inflamatorios o factores de riesgo vascular (glucosa, colesterol).<\/li>\n<\/ol>\n\n\n\n<h2 class=\"wp-block-heading\">Tratamientos para la sordera s\u00fabita: recuperar el sonido<\/h2>\n\n\n\n<p>El tratamiento est\u00e1ndar de oro para la sordera s\u00fabita idiop\u00e1tica es la <strong>corticoterapia<\/strong>. El objetivo es reducir la inflamaci\u00f3n y la hinchaz\u00f3n en el o\u00eddo interno, independientemente de la causa subyacente (viral, vascular o autoinmune).<\/p>\n\n\n\n<p>La clave es comenzar este tratamiento lo m\u00e1s r\u00e1pido posible. Las mayores tasas de recuperaci\u00f3n se observan en pacientes que comienzan el tratamiento dentro de las primeras 72 horas.<\/p>\n\n\n\n<h3 class=\"wp-block-heading\">Corticosteroides: la primera l\u00ednea de defensa<\/h3>\n\n\n\n<p>Existen dos formas principales de administrar esteroides:<\/p>\n\n\n\n<ul class=\"wp-block-list\">\n<li><strong>Sist\u00e9mica (oral):<\/strong> generalmente se prescribe un ciclo de prednisona oral en dosis altas durante 1 a 2 semanas, con una pauta descendente.<\/li>\n\n\n\n<li><strong>Intratimp\u00e1nica (inyecci\u00f3n):<\/strong> Si el paciente no puede tomar esteroides orales (por ejemplo, diab\u00e9ticos descompensados, \u00falceras g\u00e1stricas) o si el tratamiento oral inicial no funciona, se puede optar por inyectar el esteroide directamente en el o\u00eddo medio a trav\u00e9s del t\u00edmpano. El medicamento luego se absorbe en el o\u00eddo interno. Este procedimiento es ambulatorio y se realiza con anestesia local.<\/li>\n<\/ul>\n\n\n\n<p>A menudo, los m\u00e9dicos combinan ambas terapias (oral e intratimp\u00e1nica) desde el principio para maximizar las posibilidades de recuperaci\u00f3n en casos graves.<\/p>\n\n\n\n<h3 class=\"wp-block-heading\">Terapias complementarias y espec\u00edficas<\/h3>\n\n\n\n<p>Dependiendo de la sospecha de la causa, se pueden a\u00f1adir otros tratamientos:<\/p>\n\n\n\n<ul class=\"wp-block-list\">\n<li><strong>Oxigenoterapia hiperb\u00e1rica (OHB):<\/strong> si se sospecha fuertemente de una causa vascular (un infarto de o\u00eddo), se puede recomendar la OHB. El paciente respira ox\u00edgeno al 100% en una c\u00e1mara presurizada. Esto aumenta dr\u00e1sticamente la cantidad de ox\u00edgeno disuelto en la sangre, ayudando a oxigenar la c\u00f3clea da\u00f1ada y promoviendo su curaci\u00f3n.<\/li>\n\n\n\n<li><strong>Vasodilatadores:<\/strong> medicamentos para mejorar el flujo sangu\u00edneo al o\u00eddo interno.<\/li>\n\n\n\n<li><strong>Antivirales:<\/strong> aunque su eficacia es muy debatida y no se usan de forma rutinaria, algunos m\u00e9dicos pueden prescribirlos si hay una alta sospecha de infecci\u00f3n por herpes.<\/li>\n<\/ul>\n\n\n\n<h2 class=\"wp-block-heading\">\u00bfY despu\u00e9s qu\u00e9? Pron\u00f3stico y vida post-episodio<\/h2>\n\n\n\n<p>El pron\u00f3stico de la sordera s\u00fabita es variable. Aproximadamente de un tercio a dos tercios de los pacientes experimentan alg\u00fan grado de recuperaci\u00f3n espont\u00e1nea, pero es imposible saber qui\u00e9n lo har\u00e1.<\/p>\n\n\n\n<p>Los factores que mejoran el pron\u00f3stico de recuperaci\u00f3n son:<\/p>\n\n\n\n<ul class=\"wp-block-list\">\n<li>Iniciar el tratamiento r\u00e1pidamente (menos de 72 horas).<\/li>\n\n\n\n<li>Ser joven.<\/li>\n\n\n\n<li>Tener una p\u00e9rdida de audici\u00f3n leve o moderada (no profunda).<\/li>\n\n\n\n<li>No experimentar v\u00e9rtigo.<\/li>\n<\/ul>\n\n\n\n<p>Si la audici\u00f3n no se recupera total o parcialmente, existen soluciones. Los aud\u00edfonos modernos pueden ser muy eficaces para la p\u00e9rdida auditiva unilateral. En casos de sordera profunda total en un o\u00eddo, se pueden considerar sistemas CROS (que env\u00edan el sonido del lado sordo al o\u00eddo bueno) o, en casos seleccionados, un implante coclear.<\/p>\n\n\n\n<p>El impacto psicol\u00f3gico de perder la audici\u00f3n tan abruptamente no debe subestimarse. Puede generar ansiedad, depresi\u00f3n y aislamiento social. Buscar apoyo psicol\u00f3gico y conectarse con grupos de apoyo es una parte fundamental de la recuperaci\u00f3n. La prioridad absoluta ante la m\u00e1s m\u00ednima sospecha es actuar con la urgencia que la situaci\u00f3n merece.<\/p>\n\n\n\n<p>En <strong>Saludonnet,<\/strong> creemos en el cuidado integral de la salud. Entendemos que un s\u00edntoma repentino, ya sea en el o\u00eddo o en cualquier otra parte del cuerpo, genera preocupaci\u00f3n. Tu o\u00eddo necesita atenci\u00f3n especializada urgente y el cuidado de un experto ante cualquier cambio.<\/p>\n","protected":false},"excerpt":{"rendered":"<p>\u00bfP\u00e9rdida de audici\u00f3n repentina? Podr\u00eda ser sordera s\u00fabita, una emergencia m\u00e9dica. Conoce las causas, s\u00edntomas, y qu\u00e9 es un infarto de o\u00eddo. <\/p>\n","protected":false},"author":20,"featured_media":21161,"comment_status":"open","ping_status":"open","sticky":false,"template":"","format":"standard","meta":{"footnotes":""},"categories":[69],"tags":[249],"class_list":["post-21182","post","type-post","status-publish","format-standard","has-post-thumbnail","hentry","category-otorrinolaringologia","tag-3313-consulta"],"yoast_head":"<!-- This site is optimized with the Yoast SEO plugin v27.5 - https:\/\/yoast.com\/product\/yoast-seo-wordpress\/ -->\n<title>Sordera s\u00fabita: causas, s\u00edntomas y por qu\u00e9 cada minuto cuenta<\/title>\n<meta name=\"description\" content=\"\u00bfP\u00e9rdida de audici\u00f3n repentina? Podr\u00eda ser sordera s\u00fabita, una emergencia m\u00e9dica. Conoce las causas, s\u00edntomas, y qu\u00e9 es un infarto de o\u00eddo.\" \/>\n<meta name=\"robots\" content=\"index, follow, max-snippet:-1, max-image-preview:large, max-video-preview:-1\" \/>\n<link rel=\"canonical\" href=\"https:\/\/www.saludonnet.com\/blog\/sordera-subita-causas-sintomas-y-por-que-cada-minuto-cuenta\/\" \/>\n<meta property=\"og:locale\" content=\"es_ES\" \/>\n<meta property=\"og:type\" content=\"article\" \/>\n<meta property=\"og:title\" content=\"Sordera s\u00fabita: causas, s\u00edntomas y por qu\u00e9 cada minuto cuenta\" \/>\n<meta property=\"og:description\" content=\"\u00bfP\u00e9rdida de audici\u00f3n repentina? Podr\u00eda ser sordera s\u00fabita, una emergencia m\u00e9dica. Conoce las causas, s\u00edntomas, y qu\u00e9 es un infarto de o\u00eddo.\" \/>\n<meta property=\"og:url\" content=\"https:\/\/www.saludonnet.com\/blog\/sordera-subita-causas-sintomas-y-por-que-cada-minuto-cuenta\/\" \/>\n<meta property=\"og:site_name\" content=\"Blog SaludOnNet\" \/>\n<meta property=\"article:publisher\" content=\"https:\/\/www.facebook.com\/pages\/SaludOnNet\/214957498526536\" \/>\n<meta property=\"article:published_time\" content=\"2025-10-21T10:27:06+00:00\" \/>\n<meta property=\"og:image\" content=\"https:\/\/www.saludonnet.com\/blog\/wp-content\/uploads\/sordera-s-bita.jpg\" \/>\n\t<meta property=\"og:image:width\" content=\"800\" \/>\n\t<meta property=\"og:image:height\" content=\"400\" \/>\n\t<meta property=\"og:image:type\" content=\"image\/jpeg\" \/>\n<meta name=\"author\" content=\"Equipo M\u00e9dico de SaludOnNet\" \/>\n<meta name=\"twitter:card\" content=\"summary_large_image\" \/>\n<meta name=\"twitter:title\" content=\"Sordera s\u00fabita: causas, s\u00edntomas y por qu\u00e9 cada minuto cuenta\" \/>\n<meta name=\"twitter:description\" content=\"\u00bfP\u00e9rdida de audici\u00f3n repentina? Podr\u00eda ser sordera s\u00fabita, una emergencia m\u00e9dica. Conoce las causas, s\u00edntomas, y qu\u00e9 es un infarto de o\u00eddo.\" \/>\n<meta name=\"twitter:image\" content=\"https:\/\/soncdn.azureedge.net\/blog\/wp-content\/uploads\/sordera-s-bita.jpg\" \/>\n<meta name=\"twitter:creator\" content=\"@saludonnet\" \/>\n<meta name=\"twitter:site\" content=\"@saludonnet\" \/>\n<meta name=\"twitter:label1\" content=\"Escrito por\" \/>\n\t<meta name=\"twitter:data1\" content=\"Equipo M\u00e9dico de SaludOnNet\" \/>\n\t<meta name=\"twitter:label2\" content=\"Tiempo de lectura\" \/>\n\t<meta name=\"twitter:data2\" content=\"10 minutos\" \/>\n<script type=\"application\/ld+json\" class=\"yoast-schema-graph\">{\"@context\":\"https:\\\/\\\/schema.org\",\"@graph\":[{\"@type\":\"Article\",\"@id\":\"https:\\\/\\\/www.saludonnet.com\\\/blog\\\/sordera-subita-causas-sintomas-y-por-que-cada-minuto-cuenta\\\/#article\",\"isPartOf\":{\"@id\":\"https:\\\/\\\/www.saludonnet.com\\\/blog\\\/sordera-subita-causas-sintomas-y-por-que-cada-minuto-cuenta\\\/\"},\"author\":{\"name\":\"Equipo M\u00e9dico de SaludOnNet\",\"@id\":\"https:\\\/\\\/www.saludonnet.com\\\/blog\\\/#\\\/schema\\\/person\\\/50995e01cc9d6c9f29ae18d979eeff1b\"},\"headline\":\"Sordera s\u00fabita: causas, s\u00edntomas y por qu\u00e9 cada minuto cuenta\",\"datePublished\":\"2025-10-21T10:27:06+00:00\",\"mainEntityOfPage\":{\"@id\":\"https:\\\/\\\/www.saludonnet.com\\\/blog\\\/sordera-subita-causas-sintomas-y-por-que-cada-minuto-cuenta\\\/\"},\"wordCount\":2283,\"commentCount\":0,\"publisher\":{\"@id\":\"https:\\\/\\\/www.saludonnet.com\\\/blog\\\/#organization\"},\"image\":{\"@id\":\"https:\\\/\\\/www.saludonnet.com\\\/blog\\\/sordera-subita-causas-sintomas-y-por-que-cada-minuto-cuenta\\\/#primaryimage\"},\"thumbnailUrl\":\"https:\\\/\\\/soncdn.azureedge.net\\\/blog\\\/wp-content\\\/uploads\\\/sordera-s-bita.jpg\",\"keywords\":[\"Consulta de Otorrinolaringolog\u00eda\"],\"articleSection\":[\"Otorrinolaringolog\u00eda\"],\"inLanguage\":\"es\",\"potentialAction\":[{\"@type\":\"CommentAction\",\"name\":\"Comment\",\"target\":[\"https:\\\/\\\/www.saludonnet.com\\\/blog\\\/sordera-subita-causas-sintomas-y-por-que-cada-minuto-cuenta\\\/#respond\"]}]},{\"@type\":\"WebPage\",\"@id\":\"https:\\\/\\\/www.saludonnet.com\\\/blog\\\/sordera-subita-causas-sintomas-y-por-que-cada-minuto-cuenta\\\/\",\"url\":\"https:\\\/\\\/www.saludonnet.com\\\/blog\\\/sordera-subita-causas-sintomas-y-por-que-cada-minuto-cuenta\\\/\",\"name\":\"Sordera s\u00fabita: causas, s\u00edntomas y por qu\u00e9 cada minuto cuenta\",\"isPartOf\":{\"@id\":\"https:\\\/\\\/www.saludonnet.com\\\/blog\\\/#website\"},\"primaryImageOfPage\":{\"@id\":\"https:\\\/\\\/www.saludonnet.com\\\/blog\\\/sordera-subita-causas-sintomas-y-por-que-cada-minuto-cuenta\\\/#primaryimage\"},\"image\":{\"@id\":\"https:\\\/\\\/www.saludonnet.com\\\/blog\\\/sordera-subita-causas-sintomas-y-por-que-cada-minuto-cuenta\\\/#primaryimage\"},\"thumbnailUrl\":\"https:\\\/\\\/soncdn.azureedge.net\\\/blog\\\/wp-content\\\/uploads\\\/sordera-s-bita.jpg\",\"datePublished\":\"2025-10-21T10:27:06+00:00\",\"description\":\"\u00bfP\u00e9rdida de audici\u00f3n repentina? Podr\u00eda ser sordera s\u00fabita, una emergencia m\u00e9dica. Conoce las causas, s\u00edntomas, y qu\u00e9 es un infarto de o\u00eddo.\",\"breadcrumb\":{\"@id\":\"https:\\\/\\\/www.saludonnet.com\\\/blog\\\/sordera-subita-causas-sintomas-y-por-que-cada-minuto-cuenta\\\/#breadcrumb\"},\"inLanguage\":\"es\",\"potentialAction\":[{\"@type\":\"ReadAction\",\"target\":[\"https:\\\/\\\/www.saludonnet.com\\\/blog\\\/sordera-subita-causas-sintomas-y-por-que-cada-minuto-cuenta\\\/\"]}]},{\"@type\":\"ImageObject\",\"inLanguage\":\"es\",\"@id\":\"https:\\\/\\\/www.saludonnet.com\\\/blog\\\/sordera-subita-causas-sintomas-y-por-que-cada-minuto-cuenta\\\/#primaryimage\",\"url\":\"https:\\\/\\\/soncdn.azureedge.net\\\/blog\\\/wp-content\\\/uploads\\\/sordera-s-bita.jpg\",\"contentUrl\":\"https:\\\/\\\/soncdn.azureedge.net\\\/blog\\\/wp-content\\\/uploads\\\/sordera-s-bita.jpg\",\"width\":800,\"height\":400,\"caption\":\"Imagen generada por IA para: persona con sordera s\u00fabita\"},{\"@type\":\"BreadcrumbList\",\"@id\":\"https:\\\/\\\/www.saludonnet.com\\\/blog\\\/sordera-subita-causas-sintomas-y-por-que-cada-minuto-cuenta\\\/#breadcrumb\",\"itemListElement\":[{\"@type\":\"ListItem\",\"position\":1,\"name\":\"Portada\",\"item\":\"https:\\\/\\\/www.saludonnet.com\\\/blog\\\/\"},{\"@type\":\"ListItem\",\"position\":2,\"name\":\"Otorrinolaringolog\u00eda\",\"item\":\"https:\\\/\\\/www.saludonnet.com\\\/blog\\\/topic\\\/otorrinolaringologia\\\/\"},{\"@type\":\"ListItem\",\"position\":3,\"name\":\"Sordera s\u00fabita: causas, s\u00edntomas y por qu\u00e9 cada minuto cuenta\"}]},{\"@type\":\"WebSite\",\"@id\":\"https:\\\/\\\/www.saludonnet.com\\\/blog\\\/#website\",\"url\":\"https:\\\/\\\/www.saludonnet.com\\\/blog\\\/\",\"name\":\"Blog SaludOnNet\",\"description\":\"Un espacio donde encontrar\u00e1s consejos y art\u00edculos para cuidar de tu salud\",\"publisher\":{\"@id\":\"https:\\\/\\\/www.saludonnet.com\\\/blog\\\/#organization\"},\"potentialAction\":[{\"@type\":\"SearchAction\",\"target\":{\"@type\":\"EntryPoint\",\"urlTemplate\":\"https:\\\/\\\/www.saludonnet.com\\\/blog\\\/?s={search_term_string}\"},\"query-input\":{\"@type\":\"PropertyValueSpecification\",\"valueRequired\":true,\"valueName\":\"search_term_string\"}}],\"inLanguage\":\"es\"},{\"@type\":\"Organization\",\"@id\":\"https:\\\/\\\/www.saludonnet.com\\\/blog\\\/#organization\",\"name\":\"SaludOnNet\",\"url\":\"https:\\\/\\\/www.saludonnet.com\\\/blog\\\/\",\"logo\":{\"@type\":\"ImageObject\",\"inLanguage\":\"es\",\"@id\":\"https:\\\/\\\/www.saludonnet.com\\\/blog\\\/#\\\/schema\\\/logo\\\/image\\\/\",\"url\":\"https:\\\/\\\/www.saludonnet.com\\\/blog\\\/wp-content\\\/uploads\\\/2019\\\/07\\\/Logo-SaludOnNet.png\",\"contentUrl\":\"https:\\\/\\\/www.saludonnet.com\\\/blog\\\/wp-content\\\/uploads\\\/2019\\\/07\\\/Logo-SaludOnNet.png\",\"width\":1140,\"height\":377,\"caption\":\"SaludOnNet\"},\"image\":{\"@id\":\"https:\\\/\\\/www.saludonnet.com\\\/blog\\\/#\\\/schema\\\/logo\\\/image\\\/\"},\"sameAs\":[\"https:\\\/\\\/www.facebook.com\\\/pages\\\/SaludOnNet\\\/214957498526536\",\"https:\\\/\\\/x.com\\\/saludonnet\",\"https:\\\/\\\/www.instagram.com\\\/saludonnet\\\/\",\"https:\\\/\\\/www.linkedin.com\\\/company\\\/saludonnet\\\/\",\"https:\\\/\\\/www.youtube.com\\\/channel\\\/UCag68GsnagqzNb6C3G-S9vQ\"]},{\"@type\":\"Person\",\"@id\":\"https:\\\/\\\/www.saludonnet.com\\\/blog\\\/#\\\/schema\\\/person\\\/50995e01cc9d6c9f29ae18d979eeff1b\",\"name\":\"Equipo M\u00e9dico de SaludOnNet\",\"image\":{\"@type\":\"ImageObject\",\"inLanguage\":\"es\",\"@id\":\"https:\\\/\\\/secure.gravatar.com\\\/avatar\\\/0ac89931d2ef75704f29e63e12335967620a1f7ac37c69f6f97ad72b9ac6496d?s=96&d=mm&r=g\",\"url\":\"https:\\\/\\\/secure.gravatar.com\\\/avatar\\\/0ac89931d2ef75704f29e63e12335967620a1f7ac37c69f6f97ad72b9ac6496d?s=96&d=mm&r=g\",\"contentUrl\":\"https:\\\/\\\/secure.gravatar.com\\\/avatar\\\/0ac89931d2ef75704f29e63e12335967620a1f7ac37c69f6f97ad72b9ac6496d?s=96&d=mm&r=g\",\"caption\":\"Equipo M\u00e9dico de SaludOnNet\"},\"description\":\"Art\u00edculo elaborado por el equipo m\u00e9dico de SaludOnNet, compuesto por especialistas destacados en su \u00e1rea.\",\"url\":\"https:\\\/\\\/www.saludonnet.com\\\/blog\\\/author\\\/saludonnet\\\/\"}]}<\/script>\n<!-- \/ Yoast SEO plugin. -->","yoast_head_json":{"title":"Sordera s\u00fabita: causas, s\u00edntomas y por qu\u00e9 cada minuto cuenta","description":"\u00bfP\u00e9rdida de audici\u00f3n repentina? Podr\u00eda ser sordera s\u00fabita, una emergencia m\u00e9dica. Conoce las causas, s\u00edntomas, y qu\u00e9 es un infarto de o\u00eddo.","robots":{"index":"index","follow":"follow","max-snippet":"max-snippet:-1","max-image-preview":"max-image-preview:large","max-video-preview":"max-video-preview:-1"},"canonical":"https:\/\/www.saludonnet.com\/blog\/sordera-subita-causas-sintomas-y-por-que-cada-minuto-cuenta\/","og_locale":"es_ES","og_type":"article","og_title":"Sordera s\u00fabita: causas, s\u00edntomas y por qu\u00e9 cada minuto cuenta","og_description":"\u00bfP\u00e9rdida de audici\u00f3n repentina? Podr\u00eda ser sordera s\u00fabita, una emergencia m\u00e9dica. Conoce las causas, s\u00edntomas, y qu\u00e9 es un infarto de o\u00eddo.","og_url":"https:\/\/www.saludonnet.com\/blog\/sordera-subita-causas-sintomas-y-por-que-cada-minuto-cuenta\/","og_site_name":"Blog SaludOnNet","article_publisher":"https:\/\/www.facebook.com\/pages\/SaludOnNet\/214957498526536","article_published_time":"2025-10-21T10:27:06+00:00","og_image":[{"width":800,"height":400,"url":"https:\/\/www.saludonnet.com\/blog\/wp-content\/uploads\/sordera-s-bita.jpg","type":"image\/jpeg"}],"author":"Equipo M\u00e9dico de SaludOnNet","twitter_card":"summary_large_image","twitter_title":"Sordera s\u00fabita: causas, s\u00edntomas y por qu\u00e9 cada minuto cuenta","twitter_description":"\u00bfP\u00e9rdida de audici\u00f3n repentina? Podr\u00eda ser sordera s\u00fabita, una emergencia m\u00e9dica. Conoce las causas, s\u00edntomas, y qu\u00e9 es un infarto de o\u00eddo.","twitter_image":"https:\/\/soncdn.azureedge.net\/blog\/wp-content\/uploads\/sordera-s-bita.jpg","twitter_creator":"@saludonnet","twitter_site":"@saludonnet","twitter_misc":{"Escrito por":"Equipo M\u00e9dico de SaludOnNet","Tiempo de lectura":"10 minutos"},"schema":{"@context":"https:\/\/schema.org","@graph":[{"@type":"Article","@id":"https:\/\/www.saludonnet.com\/blog\/sordera-subita-causas-sintomas-y-por-que-cada-minuto-cuenta\/#article","isPartOf":{"@id":"https:\/\/www.saludonnet.com\/blog\/sordera-subita-causas-sintomas-y-por-que-cada-minuto-cuenta\/"},"author":{"name":"Equipo M\u00e9dico de SaludOnNet","@id":"https:\/\/www.saludonnet.com\/blog\/#\/schema\/person\/50995e01cc9d6c9f29ae18d979eeff1b"},"headline":"Sordera s\u00fabita: causas, s\u00edntomas y por qu\u00e9 cada minuto cuenta","datePublished":"2025-10-21T10:27:06+00:00","mainEntityOfPage":{"@id":"https:\/\/www.saludonnet.com\/blog\/sordera-subita-causas-sintomas-y-por-que-cada-minuto-cuenta\/"},"wordCount":2283,"commentCount":0,"publisher":{"@id":"https:\/\/www.saludonnet.com\/blog\/#organization"},"image":{"@id":"https:\/\/www.saludonnet.com\/blog\/sordera-subita-causas-sintomas-y-por-que-cada-minuto-cuenta\/#primaryimage"},"thumbnailUrl":"https:\/\/soncdn.azureedge.net\/blog\/wp-content\/uploads\/sordera-s-bita.jpg","keywords":["Consulta de Otorrinolaringolog\u00eda"],"articleSection":["Otorrinolaringolog\u00eda"],"inLanguage":"es","potentialAction":[{"@type":"CommentAction","name":"Comment","target":["https:\/\/www.saludonnet.com\/blog\/sordera-subita-causas-sintomas-y-por-que-cada-minuto-cuenta\/#respond"]}]},{"@type":"WebPage","@id":"https:\/\/www.saludonnet.com\/blog\/sordera-subita-causas-sintomas-y-por-que-cada-minuto-cuenta\/","url":"https:\/\/www.saludonnet.com\/blog\/sordera-subita-causas-sintomas-y-por-que-cada-minuto-cuenta\/","name":"Sordera s\u00fabita: causas, s\u00edntomas y por qu\u00e9 cada minuto cuenta","isPartOf":{"@id":"https:\/\/www.saludonnet.com\/blog\/#website"},"primaryImageOfPage":{"@id":"https:\/\/www.saludonnet.com\/blog\/sordera-subita-causas-sintomas-y-por-que-cada-minuto-cuenta\/#primaryimage"},"image":{"@id":"https:\/\/www.saludonnet.com\/blog\/sordera-subita-causas-sintomas-y-por-que-cada-minuto-cuenta\/#primaryimage"},"thumbnailUrl":"https:\/\/soncdn.azureedge.net\/blog\/wp-content\/uploads\/sordera-s-bita.jpg","datePublished":"2025-10-21T10:27:06+00:00","description":"\u00bfP\u00e9rdida de audici\u00f3n repentina? Podr\u00eda ser sordera s\u00fabita, una emergencia m\u00e9dica. Conoce las causas, s\u00edntomas, y qu\u00e9 es un infarto de o\u00eddo.","breadcrumb":{"@id":"https:\/\/www.saludonnet.com\/blog\/sordera-subita-causas-sintomas-y-por-que-cada-minuto-cuenta\/#breadcrumb"},"inLanguage":"es","potentialAction":[{"@type":"ReadAction","target":["https:\/\/www.saludonnet.com\/blog\/sordera-subita-causas-sintomas-y-por-que-cada-minuto-cuenta\/"]}]},{"@type":"ImageObject","inLanguage":"es","@id":"https:\/\/www.saludonnet.com\/blog\/sordera-subita-causas-sintomas-y-por-que-cada-minuto-cuenta\/#primaryimage","url":"https:\/\/soncdn.azureedge.net\/blog\/wp-content\/uploads\/sordera-s-bita.jpg","contentUrl":"https:\/\/soncdn.azureedge.net\/blog\/wp-content\/uploads\/sordera-s-bita.jpg","width":800,"height":400,"caption":"Imagen generada por IA para: persona con sordera s\u00fabita"},{"@type":"BreadcrumbList","@id":"https:\/\/www.saludonnet.com\/blog\/sordera-subita-causas-sintomas-y-por-que-cada-minuto-cuenta\/#breadcrumb","itemListElement":[{"@type":"ListItem","position":1,"name":"Portada","item":"https:\/\/www.saludonnet.com\/blog\/"},{"@type":"ListItem","position":2,"name":"Otorrinolaringolog\u00eda","item":"https:\/\/www.saludonnet.com\/blog\/topic\/otorrinolaringologia\/"},{"@type":"ListItem","position":3,"name":"Sordera s\u00fabita: causas, s\u00edntomas y por qu\u00e9 cada minuto cuenta"}]},{"@type":"WebSite","@id":"https:\/\/www.saludonnet.com\/blog\/#website","url":"https:\/\/www.saludonnet.com\/blog\/","name":"Blog SaludOnNet","description":"Un espacio donde encontrar\u00e1s consejos y art\u00edculos para cuidar de tu salud","publisher":{"@id":"https:\/\/www.saludonnet.com\/blog\/#organization"},"potentialAction":[{"@type":"SearchAction","target":{"@type":"EntryPoint","urlTemplate":"https:\/\/www.saludonnet.com\/blog\/?s={search_term_string}"},"query-input":{"@type":"PropertyValueSpecification","valueRequired":true,"valueName":"search_term_string"}}],"inLanguage":"es"},{"@type":"Organization","@id":"https:\/\/www.saludonnet.com\/blog\/#organization","name":"SaludOnNet","url":"https:\/\/www.saludonnet.com\/blog\/","logo":{"@type":"ImageObject","inLanguage":"es","@id":"https:\/\/www.saludonnet.com\/blog\/#\/schema\/logo\/image\/","url":"https:\/\/www.saludonnet.com\/blog\/wp-content\/uploads\/2019\/07\/Logo-SaludOnNet.png","contentUrl":"https:\/\/www.saludonnet.com\/blog\/wp-content\/uploads\/2019\/07\/Logo-SaludOnNet.png","width":1140,"height":377,"caption":"SaludOnNet"},"image":{"@id":"https:\/\/www.saludonnet.com\/blog\/#\/schema\/logo\/image\/"},"sameAs":["https:\/\/www.facebook.com\/pages\/SaludOnNet\/214957498526536","https:\/\/x.com\/saludonnet","https:\/\/www.instagram.com\/saludonnet\/","https:\/\/www.linkedin.com\/company\/saludonnet\/","https:\/\/www.youtube.com\/channel\/UCag68GsnagqzNb6C3G-S9vQ"]},{"@type":"Person","@id":"https:\/\/www.saludonnet.com\/blog\/#\/schema\/person\/50995e01cc9d6c9f29ae18d979eeff1b","name":"Equipo M\u00e9dico de SaludOnNet","image":{"@type":"ImageObject","inLanguage":"es","@id":"https:\/\/secure.gravatar.com\/avatar\/0ac89931d2ef75704f29e63e12335967620a1f7ac37c69f6f97ad72b9ac6496d?s=96&d=mm&r=g","url":"https:\/\/secure.gravatar.com\/avatar\/0ac89931d2ef75704f29e63e12335967620a1f7ac37c69f6f97ad72b9ac6496d?s=96&d=mm&r=g","contentUrl":"https:\/\/secure.gravatar.com\/avatar\/0ac89931d2ef75704f29e63e12335967620a1f7ac37c69f6f97ad72b9ac6496d?s=96&d=mm&r=g","caption":"Equipo M\u00e9dico de SaludOnNet"},"description":"Art\u00edculo elaborado por el equipo m\u00e9dico de SaludOnNet, compuesto por especialistas destacados en su \u00e1rea.","url":"https:\/\/www.saludonnet.com\/blog\/author\/saludonnet\/"}]}},"acf":[],"_links":{"self":[{"href":"https:\/\/www.saludonnet.com\/blog\/wp-json\/wp\/v2\/posts\/21182","targetHints":{"allow":["GET"]}}],"collection":[{"href":"https:\/\/www.saludonnet.com\/blog\/wp-json\/wp\/v2\/posts"}],"about":[{"href":"https:\/\/www.saludonnet.com\/blog\/wp-json\/wp\/v2\/types\/post"}],"author":[{"embeddable":true,"href":"https:\/\/www.saludonnet.com\/blog\/wp-json\/wp\/v2\/users\/20"}],"replies":[{"embeddable":true,"href":"https:\/\/www.saludonnet.com\/blog\/wp-json\/wp\/v2\/comments?post=21182"}],"version-history":[{"count":8,"href":"https:\/\/www.saludonnet.com\/blog\/wp-json\/wp\/v2\/posts\/21182\/revisions"}],"predecessor-version":[{"id":21190,"href":"https:\/\/www.saludonnet.com\/blog\/wp-json\/wp\/v2\/posts\/21182\/revisions\/21190"}],"wp:featuredmedia":[{"embeddable":true,"href":"https:\/\/www.saludonnet.com\/blog\/wp-json\/wp\/v2\/media\/21161"}],"wp:attachment":[{"href":"https:\/\/www.saludonnet.com\/blog\/wp-json\/wp\/v2\/media?parent=21182"}],"wp:term":[{"taxonomy":"category","embeddable":true,"href":"https:\/\/www.saludonnet.com\/blog\/wp-json\/wp\/v2\/categories?post=21182"},{"taxonomy":"post_tag","embeddable":true,"href":"https:\/\/www.saludonnet.com\/blog\/wp-json\/wp\/v2\/tags?post=21182"}],"curies":[{"name":"wp","href":"https:\/\/api.w.org\/{rel}","templated":true}]}}