{"id":20711,"date":"2025-09-03T16:08:00","date_gmt":"2025-09-03T14:08:00","guid":{"rendered":"https:\/\/www.saludonnet.com\/blog\/?p=20711"},"modified":"2025-08-20T10:09:24","modified_gmt":"2025-08-20T08:09:24","slug":"alergia-al-frio-temer-mas-al-aire-acondicionado-que-al-sol","status":"publish","type":"post","link":"https:\/\/www.saludonnet.com\/blog\/alergia-al-frio-temer-mas-al-aire-acondicionado-que-al-sol\/","title":{"rendered":"Alergia al fr\u00edo: temer m\u00e1s al aire acondicionado que al sol"},"content":{"rendered":"\n<p>La alergia al fr\u00edo es una reacci\u00f3n <strong>poco com\u00fan pero real<\/strong>, en la que el contacto con temperaturas bajas provoca s\u00edntomas cut\u00e1neos e incluso reacciones generales en el organismo. Aunque el t\u00e9rmino popular es alergia, en la mayor\u00eda de los casos se trata de una <strong><a href=\"https:\/\/www.saludonnet.com\/blog\/por-que-molesta-tanto-la-urticaria-y-cuales-son-sus-causas\/\">urticaria<\/a> por fr\u00edo<\/strong>, un tipo de respuesta anormal del sistema inmunitario. Esta condici\u00f3n no solo aparece en pleno invierno: el aire acondicionado, el agua fr\u00eda o incluso ciertos alimentos muy fr\u00edos pueden desencadenar molestias en quienes la padecen.<\/p>\n\n\n\n<p>En las consultas m\u00e9dicas se observa que algunas personas presentan s\u00edntomas tan pronto como se exponen a un ambiente fresco, mientras que otras solo reaccionan ante cambios bruscos de temperatura. Esta variabilidad hace que sea importante un diagn\u00f3stico preciso y un plan de manejo personalizado.<\/p>\n\n\n\n<h2 class=\"wp-block-heading\">Qu\u00e9 es la alergia al fr\u00edo y c\u00f3mo se llama<\/h2>\n\n\n\n<p>El t\u00e9rmino m\u00e9dico m\u00e1s utilizado es urticaria por fr\u00edo. Se trata de una afecci\u00f3n en la que la piel desarrolla habones (ronchas rojas, elevadas y con picor) despu\u00e9s de la exposici\u00f3n a temperaturas bajas. Esta reacci\u00f3n se debe a la liberaci\u00f3n de histamina y otras sustancias inflamatorias por parte de las c\u00e9lulas cut\u00e1neas, como respuesta a un est\u00edmulo que en la mayor\u00eda de las personas es inofensivo.<\/p>\n\n\n\n<p>En ocasiones, tambi\u00e9n puede denominarse <strong>dermatitis por fr\u00edo<\/strong>, especialmente cuando la reacci\u00f3n no es \u00fanicamente de ronchas sino que se acompa\u00f1a de inflamaci\u00f3n m\u00e1s prolongada, descamaci\u00f3n o grietas en la piel.<\/p>\n\n\n\n<h3 class=\"wp-block-heading\">\u00bfEs posible tener alergia al fr\u00edo?<\/h3>\n\n\n\n<p>S\u00ed, es posible. Aunque no es una alergia t\u00edpica como las que provoca <a href=\"https:\/\/www.saludonnet.com\/blog\/alergia-al-polen-un-clasico-de-la-primavera\/\">el polen<\/a> o ciertos alimentos, el mecanismo de la urticaria por fr\u00edo implica una respuesta inmunitaria exagerada frente a un factor f\u00edsico: la baja temperatura. Se estima que afecta a entre el 0,05% y el 0,1% de la poblaci\u00f3n, y puede presentarse en cualquier momento de la vida, aunque es m\u00e1s frecuente en adultos j\u00f3venes.<\/p>\n\n\n\n<h3 class=\"wp-block-heading\">Qu\u00e9 le pasa a una persona con alergia al fr\u00edo<\/h3>\n\n\n\n<p>Cuando una persona con alergia al fr\u00edo se expone a temperaturas bajas, pueden ocurrir distintos fen\u00f3menos:<\/p>\n\n\n\n<ul class=\"wp-block-list\">\n<li><strong>Reacciones cut\u00e1neas<\/strong>: aparici\u00f3n de ronchas, enrojecimiento e intenso picor en la zona expuesta.<\/li>\n\n\n\n<li><strong>Inflamaci\u00f3n localizada<\/strong>: en manos, cara o labios, especialmente tras contacto con agua o aire fr\u00edo.<\/li>\n\n\n\n<li><strong>Sensaci\u00f3n de ardor o quemaz\u00f3n<\/strong>: a pesar de que el est\u00edmulo es fr\u00edo, la piel puede sentirse caliente debido a la inflamaci\u00f3n.<\/li>\n\n\n\n<li><strong>S\u00edntomas generales<\/strong>: en casos graves, pueden presentarse mareos, dolor de cabeza o incluso reacciones sist\u00e9micas como dificultad para respirar.<\/li>\n\n\n\n<li><strong>Reacci\u00f3n anafil\u00e1ctica<\/strong>: es rara, pero puede ocurrir, especialmente si hay inmersi\u00f3n en agua fr\u00eda (mar, piscina).<\/li>\n<\/ul>\n\n\n\n<h2 class=\"wp-block-heading\">Alergia al fr\u00edo en la piel: manifestaciones m\u00e1s frecuentes<\/h2>\n\n\n\n<p>La alergia al fr\u00edo suele verse como un brote de urticaria que aparece minutos despu\u00e9s de la exposici\u00f3n. Puede durar desde una hora hasta varias horas y, aunque no deja cicatrices, resulta muy molesta. Entre las manifestaciones m\u00e1s habituales se encuentran:<\/p>\n\n\n\n<ul class=\"wp-block-list\">\n<li>Ronchas rojas y elevadas.<\/li>\n\n\n\n<li>Inflamaci\u00f3n de labios al beber bebidas fr\u00edas.<\/li>\n\n\n\n<li>Hinchaz\u00f3n alrededor de los ojos en ambientes con aire acondicionado fuerte.<\/li>\n\n\n\n<li>Picor intenso que mejora con calor moderado.<\/li>\n<\/ul>\n\n\n\n<p>En casos de <strong>dermatitis por fr\u00edo<\/strong>, la piel puede volverse seca, \u00e1spera y presentar fisuras dolorosas.<\/p>\n\n\n\n<h2 class=\"wp-block-heading\">Alergia al fr\u00edo: s\u00edntomas m\u00e1s comunes<\/h2>\n\n\n\n<p>Los s\u00edntomas dependen de la intensidad de la reacci\u00f3n y del tiempo de exposici\u00f3n. Entre los m\u00e1s habituales est\u00e1n:<\/p>\n\n\n\n<ul class=\"wp-block-list\">\n<li>Aparici\u00f3n de ronchas tras contacto con fr\u00edo.<\/li>\n\n\n\n<li>Inflamaci\u00f3n de manos, pies o rostro.<\/li>\n\n\n\n<li>Picor y sensaci\u00f3n de calor en la piel afectada.<\/li>\n\n\n\n<li>Dolor articular o muscular en climas muy fr\u00edos.<\/li>\n\n\n\n<li>Fatiga o malestar general tras exposici\u00f3n prolongada.<\/li>\n<\/ul>\n\n\n\n<p>En personas sensibles, incluso el contacto con objetos fr\u00edos como latas de bebida o cubiertos met\u00e1licos reci\u00e9n salidos de la nevera puede provocar reacci\u00f3n.<\/p>\n\n\n\n<h2 class=\"wp-block-heading\">Diagn\u00f3stico: c\u00f3mo saber si se trata de alergia al fr\u00edo<\/h2>\n\n\n\n<p>El diagn\u00f3stico suele basarse en la historia cl\u00ednica y en pruebas espec\u00edficas como el <strong>test del cubito de hielo<\/strong>. Consiste en colocar un hielo envuelto en pl\u00e1stico sobre la piel durante unos minutos y observar si aparece una roncha al retirar el est\u00edmulo. Si la prueba es positiva y los s\u00edntomas coinciden, se confirma la urticaria por fr\u00edo.<\/p>\n\n\n\n<p>En casos complejos o de aparici\u00f3n repentina, el m\u00e9dico puede solicitar an\u00e1lisis de sangre u otras pruebas para descartar enfermedades asociadas.<\/p>\n\n\n\n<h3 class=\"wp-block-heading\">Qu\u00e9 hacer con la alergia al fr\u00edo<\/h3>\n\n\n\n<p>El manejo se basa en prevenir y aliviar los s\u00edntomas:<\/p>\n\n\n\n<ul class=\"wp-block-list\">\n<li><strong>Evitar exposici\u00f3n<\/strong> a temperaturas bajas, especialmente cambios bruscos.<\/li>\n\n\n\n<li><strong>Proteger la piel<\/strong> con guantes, bufandas y ropa t\u00e9rmica en invierno.<\/li>\n\n\n\n<li><strong>Regular el <a href=\"https:\/\/www.saludonnet.com\/blog\/como-se-debe-usar-el-aire-acondicionado-para-proteger-la-salud\/\">uso del aire acondicionado<\/a><\/strong>, evitando que sople directamente sobre la piel.<\/li>\n\n\n\n<li><strong>Evitar ba\u00f1os en agua muy fr\u00eda<\/strong>, especialmente en el mar o piscinas no climatizadas.<\/li>\n\n\n\n<li><strong>Utilizar cremas barrera<\/strong> para proteger la piel en ambientes fr\u00edos y secos.<\/li>\n\n\n\n<li><strong>Antihistam\u00ednicos<\/strong> prescritos por el m\u00e9dico, para reducir la liberaci\u00f3n de histamina y aliviar el picor.<\/li>\n<\/ul>\n\n\n\n<h3 class=\"wp-block-heading\">Tratamiento m\u00e9dico<\/h3>\n\n\n\n<p>El tratamiento suele incluir antihistam\u00ednicos de segunda generaci\u00f3n tomados de forma regular durante las temporadas fr\u00edas o antes de exposiciones inevitables. En casos m\u00e1s graves, se pueden emplear tratamientos inmunomoduladores.<\/p>\n\n\n\n<p>En situaciones de riesgo, como personas con antecedentes de reacci\u00f3n grave al fr\u00edo, puede recomendarse llevar un autoinyector de adrenalina para usar en caso de anafilaxia.<\/p>\n\n\n\n<h3 class=\"wp-block-heading\">Vivir con alergia al fr\u00edo<\/h3>\n\n\n\n<p>Con un diagn\u00f3stico claro y medidas preventivas adecuadas, la mayor\u00eda de las personas con alergia al fr\u00edo pueden llevar una vida normal. Es clave aprender a reconocer los desencadenantes y tener a mano el tratamiento indicado. El seguimiento m\u00e9dico regular ayuda a evaluar la evoluci\u00f3n y ajustar las recomendaciones.<\/p>\n\n\n\n<p>En <strong>SaludOnNet <\/strong>se puede acceder a dermat\u00f3logos y alerg\u00f3logos que ofrecen diagn\u00f3stico y tratamiento personalizado sin esperas, permitiendo controlar los s\u00edntomas y mejorar la calidad de vida incluso en climas adversos.<\/p>\n","protected":false},"excerpt":{"rendered":"<p>Alergia al fr\u00edo o urticaria por fr\u00edo: s\u00edntomas, diagn\u00f3stico y tratamiento para proteger la piel y evitar reacciones por bajas temperaturas.<\/p>\n","protected":false},"author":20,"featured_media":20741,"comment_status":"open","ping_status":"open","sticky":false,"template":"","format":"standard","meta":{"footnotes":""},"categories":[71],"tags":[216],"class_list":["post-20711","post","type-post","status-publish","format-standard","has-post-thumbnail","hentry","category-alergologia","tag-19-consulta"],"yoast_head":"<!-- This site is optimized with the Yoast SEO plugin v27.4 - https:\/\/yoast.com\/product\/yoast-seo-wordpress\/ -->\n<title>Alergia al fr\u00edo: temer m\u00e1s al aire acondicionado que al sol<\/title>\n<meta name=\"description\" content=\"Alergia al fr\u00edo o urticaria por fr\u00edo: s\u00edntomas, diagn\u00f3stico y tratamiento para proteger la piel y evitar reacciones por bajas temperaturas.\" \/>\n<meta name=\"robots\" content=\"index, follow, max-snippet:-1, max-image-preview:large, max-video-preview:-1\" \/>\n<link rel=\"canonical\" href=\"https:\/\/www.saludonnet.com\/blog\/alergia-al-frio-temer-mas-al-aire-acondicionado-que-al-sol\/\" \/>\n<meta property=\"og:locale\" content=\"es_ES\" \/>\n<meta property=\"og:type\" content=\"article\" \/>\n<meta property=\"og:title\" content=\"Alergia al fr\u00edo: temer m\u00e1s al aire acondicionado que al sol\" \/>\n<meta property=\"og:description\" content=\"Alergia al fr\u00edo o urticaria por fr\u00edo: s\u00edntomas, diagn\u00f3stico y tratamiento para proteger la piel y evitar reacciones por bajas temperaturas.\" \/>\n<meta property=\"og:url\" content=\"https:\/\/www.saludonnet.com\/blog\/alergia-al-frio-temer-mas-al-aire-acondicionado-que-al-sol\/\" \/>\n<meta property=\"og:site_name\" content=\"Blog SaludOnNet\" \/>\n<meta property=\"article:publisher\" content=\"https:\/\/www.facebook.com\/pages\/SaludOnNet\/214957498526536\" \/>\n<meta property=\"article:published_time\" content=\"2025-09-03T14:08:00+00:00\" \/>\n<meta property=\"og:image\" content=\"https:\/\/www.saludonnet.com\/blog\/wp-content\/uploads\/alergia-al-frio.jpg\" \/>\n\t<meta property=\"og:image:width\" content=\"800\" \/>\n\t<meta property=\"og:image:height\" content=\"400\" \/>\n\t<meta property=\"og:image:type\" content=\"image\/jpeg\" \/>\n<meta name=\"author\" content=\"Equipo M\u00e9dico de SaludOnNet\" \/>\n<meta name=\"twitter:card\" content=\"summary_large_image\" \/>\n<meta name=\"twitter:title\" content=\"Alergia al fr\u00edo: temer m\u00e1s al aire acondicionado que al sol\" \/>\n<meta name=\"twitter:description\" content=\"Alergia al fr\u00edo o urticaria por fr\u00edo: s\u00edntomas, diagn\u00f3stico y tratamiento para proteger la piel y evitar reacciones por bajas temperaturas.\" \/>\n<meta name=\"twitter:image\" content=\"https:\/\/soncdn.azureedge.net\/blog\/wp-content\/uploads\/alergia-al-frio.jpg\" \/>\n<meta name=\"twitter:creator\" content=\"@saludonnet\" \/>\n<meta name=\"twitter:site\" content=\"@saludonnet\" \/>\n<meta name=\"twitter:label1\" content=\"Escrito por\" \/>\n\t<meta name=\"twitter:data1\" content=\"Equipo M\u00e9dico de SaludOnNet\" \/>\n\t<meta name=\"twitter:label2\" content=\"Tiempo de lectura\" \/>\n\t<meta name=\"twitter:data2\" content=\"5 minutos\" \/>\n<script type=\"application\/ld+json\" class=\"yoast-schema-graph\">{\"@context\":\"https:\\\/\\\/schema.org\",\"@graph\":[{\"@type\":\"Article\",\"@id\":\"https:\\\/\\\/www.saludonnet.com\\\/blog\\\/alergia-al-frio-temer-mas-al-aire-acondicionado-que-al-sol\\\/#article\",\"isPartOf\":{\"@id\":\"https:\\\/\\\/www.saludonnet.com\\\/blog\\\/alergia-al-frio-temer-mas-al-aire-acondicionado-que-al-sol\\\/\"},\"author\":{\"name\":\"Equipo M\u00e9dico de SaludOnNet\",\"@id\":\"https:\\\/\\\/www.saludonnet.com\\\/blog\\\/#\\\/schema\\\/person\\\/50995e01cc9d6c9f29ae18d979eeff1b\"},\"headline\":\"Alergia al fr\u00edo: temer m\u00e1s al aire acondicionado que al sol\",\"datePublished\":\"2025-09-03T14:08:00+00:00\",\"mainEntityOfPage\":{\"@id\":\"https:\\\/\\\/www.saludonnet.com\\\/blog\\\/alergia-al-frio-temer-mas-al-aire-acondicionado-que-al-sol\\\/\"},\"wordCount\":1064,\"commentCount\":0,\"publisher\":{\"@id\":\"https:\\\/\\\/www.saludonnet.com\\\/blog\\\/#organization\"},\"image\":{\"@id\":\"https:\\\/\\\/www.saludonnet.com\\\/blog\\\/alergia-al-frio-temer-mas-al-aire-acondicionado-que-al-sol\\\/#primaryimage\"},\"thumbnailUrl\":\"https:\\\/\\\/soncdn.azureedge.net\\\/blog\\\/wp-content\\\/uploads\\\/alergia-al-frio.jpg\",\"keywords\":[\"Consulta de Alergolog\u00eda\"],\"articleSection\":[\"Alergolog\u00eda\"],\"inLanguage\":\"es\",\"potentialAction\":[{\"@type\":\"CommentAction\",\"name\":\"Comment\",\"target\":[\"https:\\\/\\\/www.saludonnet.com\\\/blog\\\/alergia-al-frio-temer-mas-al-aire-acondicionado-que-al-sol\\\/#respond\"]}]},{\"@type\":\"WebPage\",\"@id\":\"https:\\\/\\\/www.saludonnet.com\\\/blog\\\/alergia-al-frio-temer-mas-al-aire-acondicionado-que-al-sol\\\/\",\"url\":\"https:\\\/\\\/www.saludonnet.com\\\/blog\\\/alergia-al-frio-temer-mas-al-aire-acondicionado-que-al-sol\\\/\",\"name\":\"Alergia al fr\u00edo: temer m\u00e1s al aire acondicionado que al sol\",\"isPartOf\":{\"@id\":\"https:\\\/\\\/www.saludonnet.com\\\/blog\\\/#website\"},\"primaryImageOfPage\":{\"@id\":\"https:\\\/\\\/www.saludonnet.com\\\/blog\\\/alergia-al-frio-temer-mas-al-aire-acondicionado-que-al-sol\\\/#primaryimage\"},\"image\":{\"@id\":\"https:\\\/\\\/www.saludonnet.com\\\/blog\\\/alergia-al-frio-temer-mas-al-aire-acondicionado-que-al-sol\\\/#primaryimage\"},\"thumbnailUrl\":\"https:\\\/\\\/soncdn.azureedge.net\\\/blog\\\/wp-content\\\/uploads\\\/alergia-al-frio.jpg\",\"datePublished\":\"2025-09-03T14:08:00+00:00\",\"description\":\"Alergia al fr\u00edo o urticaria por fr\u00edo: s\u00edntomas, diagn\u00f3stico y tratamiento para proteger la piel y evitar reacciones por bajas temperaturas.\",\"breadcrumb\":{\"@id\":\"https:\\\/\\\/www.saludonnet.com\\\/blog\\\/alergia-al-frio-temer-mas-al-aire-acondicionado-que-al-sol\\\/#breadcrumb\"},\"inLanguage\":\"es\",\"potentialAction\":[{\"@type\":\"ReadAction\",\"target\":[\"https:\\\/\\\/www.saludonnet.com\\\/blog\\\/alergia-al-frio-temer-mas-al-aire-acondicionado-que-al-sol\\\/\"]}]},{\"@type\":\"ImageObject\",\"inLanguage\":\"es\",\"@id\":\"https:\\\/\\\/www.saludonnet.com\\\/blog\\\/alergia-al-frio-temer-mas-al-aire-acondicionado-que-al-sol\\\/#primaryimage\",\"url\":\"https:\\\/\\\/soncdn.azureedge.net\\\/blog\\\/wp-content\\\/uploads\\\/alergia-al-frio.jpg\",\"contentUrl\":\"https:\\\/\\\/soncdn.azureedge.net\\\/blog\\\/wp-content\\\/uploads\\\/alergia-al-frio.jpg\",\"width\":800,\"height\":400,\"caption\":\"Imagen generada por IA para: alergia al fr\u00edo\"},{\"@type\":\"BreadcrumbList\",\"@id\":\"https:\\\/\\\/www.saludonnet.com\\\/blog\\\/alergia-al-frio-temer-mas-al-aire-acondicionado-que-al-sol\\\/#breadcrumb\",\"itemListElement\":[{\"@type\":\"ListItem\",\"position\":1,\"name\":\"Portada\",\"item\":\"https:\\\/\\\/www.saludonnet.com\\\/blog\\\/\"},{\"@type\":\"ListItem\",\"position\":2,\"name\":\"Alergolog\u00eda\",\"item\":\"https:\\\/\\\/www.saludonnet.com\\\/blog\\\/topic\\\/alergologia\\\/\"},{\"@type\":\"ListItem\",\"position\":3,\"name\":\"Alergia al fr\u00edo: temer m\u00e1s al aire acondicionado que al sol\"}]},{\"@type\":\"WebSite\",\"@id\":\"https:\\\/\\\/www.saludonnet.com\\\/blog\\\/#website\",\"url\":\"https:\\\/\\\/www.saludonnet.com\\\/blog\\\/\",\"name\":\"Blog SaludOnNet\",\"description\":\"Un espacio donde encontrar\u00e1s consejos y art\u00edculos para cuidar de tu salud\",\"publisher\":{\"@id\":\"https:\\\/\\\/www.saludonnet.com\\\/blog\\\/#organization\"},\"potentialAction\":[{\"@type\":\"SearchAction\",\"target\":{\"@type\":\"EntryPoint\",\"urlTemplate\":\"https:\\\/\\\/www.saludonnet.com\\\/blog\\\/?s={search_term_string}\"},\"query-input\":{\"@type\":\"PropertyValueSpecification\",\"valueRequired\":true,\"valueName\":\"search_term_string\"}}],\"inLanguage\":\"es\"},{\"@type\":\"Organization\",\"@id\":\"https:\\\/\\\/www.saludonnet.com\\\/blog\\\/#organization\",\"name\":\"SaludOnNet\",\"url\":\"https:\\\/\\\/www.saludonnet.com\\\/blog\\\/\",\"logo\":{\"@type\":\"ImageObject\",\"inLanguage\":\"es\",\"@id\":\"https:\\\/\\\/www.saludonnet.com\\\/blog\\\/#\\\/schema\\\/logo\\\/image\\\/\",\"url\":\"https:\\\/\\\/www.saludonnet.com\\\/blog\\\/wp-content\\\/uploads\\\/2019\\\/07\\\/Logo-SaludOnNet.png\",\"contentUrl\":\"https:\\\/\\\/www.saludonnet.com\\\/blog\\\/wp-content\\\/uploads\\\/2019\\\/07\\\/Logo-SaludOnNet.png\",\"width\":1140,\"height\":377,\"caption\":\"SaludOnNet\"},\"image\":{\"@id\":\"https:\\\/\\\/www.saludonnet.com\\\/blog\\\/#\\\/schema\\\/logo\\\/image\\\/\"},\"sameAs\":[\"https:\\\/\\\/www.facebook.com\\\/pages\\\/SaludOnNet\\\/214957498526536\",\"https:\\\/\\\/x.com\\\/saludonnet\",\"https:\\\/\\\/www.instagram.com\\\/saludonnet\\\/\",\"https:\\\/\\\/www.linkedin.com\\\/company\\\/saludonnet\\\/\",\"https:\\\/\\\/www.youtube.com\\\/channel\\\/UCag68GsnagqzNb6C3G-S9vQ\"]},{\"@type\":\"Person\",\"@id\":\"https:\\\/\\\/www.saludonnet.com\\\/blog\\\/#\\\/schema\\\/person\\\/50995e01cc9d6c9f29ae18d979eeff1b\",\"name\":\"Equipo M\u00e9dico de SaludOnNet\",\"image\":{\"@type\":\"ImageObject\",\"inLanguage\":\"es\",\"@id\":\"https:\\\/\\\/secure.gravatar.com\\\/avatar\\\/0ac89931d2ef75704f29e63e12335967620a1f7ac37c69f6f97ad72b9ac6496d?s=96&d=mm&r=g\",\"url\":\"https:\\\/\\\/secure.gravatar.com\\\/avatar\\\/0ac89931d2ef75704f29e63e12335967620a1f7ac37c69f6f97ad72b9ac6496d?s=96&d=mm&r=g\",\"contentUrl\":\"https:\\\/\\\/secure.gravatar.com\\\/avatar\\\/0ac89931d2ef75704f29e63e12335967620a1f7ac37c69f6f97ad72b9ac6496d?s=96&d=mm&r=g\",\"caption\":\"Equipo M\u00e9dico de SaludOnNet\"},\"description\":\"Art\u00edculo elaborado por el equipo m\u00e9dico de SaludOnNet, compuesto por especialistas destacados en su \u00e1rea.\",\"url\":\"https:\\\/\\\/www.saludonnet.com\\\/blog\\\/author\\\/saludonnet\\\/\"}]}<\/script>\n<!-- \/ Yoast SEO plugin. -->","yoast_head_json":{"title":"Alergia al fr\u00edo: temer m\u00e1s al aire acondicionado que al sol","description":"Alergia al fr\u00edo o urticaria por fr\u00edo: s\u00edntomas, diagn\u00f3stico y tratamiento para proteger la piel y evitar reacciones por bajas temperaturas.","robots":{"index":"index","follow":"follow","max-snippet":"max-snippet:-1","max-image-preview":"max-image-preview:large","max-video-preview":"max-video-preview:-1"},"canonical":"https:\/\/www.saludonnet.com\/blog\/alergia-al-frio-temer-mas-al-aire-acondicionado-que-al-sol\/","og_locale":"es_ES","og_type":"article","og_title":"Alergia al fr\u00edo: temer m\u00e1s al aire acondicionado que al sol","og_description":"Alergia al fr\u00edo o urticaria por fr\u00edo: s\u00edntomas, diagn\u00f3stico y tratamiento para proteger la piel y evitar reacciones por bajas temperaturas.","og_url":"https:\/\/www.saludonnet.com\/blog\/alergia-al-frio-temer-mas-al-aire-acondicionado-que-al-sol\/","og_site_name":"Blog SaludOnNet","article_publisher":"https:\/\/www.facebook.com\/pages\/SaludOnNet\/214957498526536","article_published_time":"2025-09-03T14:08:00+00:00","og_image":[{"width":800,"height":400,"url":"https:\/\/www.saludonnet.com\/blog\/wp-content\/uploads\/alergia-al-frio.jpg","type":"image\/jpeg"}],"author":"Equipo M\u00e9dico de SaludOnNet","twitter_card":"summary_large_image","twitter_title":"Alergia al fr\u00edo: temer m\u00e1s al aire acondicionado que al sol","twitter_description":"Alergia al fr\u00edo o urticaria por fr\u00edo: s\u00edntomas, diagn\u00f3stico y tratamiento para proteger la piel y evitar reacciones por bajas temperaturas.","twitter_image":"https:\/\/soncdn.azureedge.net\/blog\/wp-content\/uploads\/alergia-al-frio.jpg","twitter_creator":"@saludonnet","twitter_site":"@saludonnet","twitter_misc":{"Escrito por":"Equipo M\u00e9dico de SaludOnNet","Tiempo de lectura":"5 minutos"},"schema":{"@context":"https:\/\/schema.org","@graph":[{"@type":"Article","@id":"https:\/\/www.saludonnet.com\/blog\/alergia-al-frio-temer-mas-al-aire-acondicionado-que-al-sol\/#article","isPartOf":{"@id":"https:\/\/www.saludonnet.com\/blog\/alergia-al-frio-temer-mas-al-aire-acondicionado-que-al-sol\/"},"author":{"name":"Equipo M\u00e9dico de SaludOnNet","@id":"https:\/\/www.saludonnet.com\/blog\/#\/schema\/person\/50995e01cc9d6c9f29ae18d979eeff1b"},"headline":"Alergia al fr\u00edo: temer m\u00e1s al aire acondicionado que al sol","datePublished":"2025-09-03T14:08:00+00:00","mainEntityOfPage":{"@id":"https:\/\/www.saludonnet.com\/blog\/alergia-al-frio-temer-mas-al-aire-acondicionado-que-al-sol\/"},"wordCount":1064,"commentCount":0,"publisher":{"@id":"https:\/\/www.saludonnet.com\/blog\/#organization"},"image":{"@id":"https:\/\/www.saludonnet.com\/blog\/alergia-al-frio-temer-mas-al-aire-acondicionado-que-al-sol\/#primaryimage"},"thumbnailUrl":"https:\/\/soncdn.azureedge.net\/blog\/wp-content\/uploads\/alergia-al-frio.jpg","keywords":["Consulta de Alergolog\u00eda"],"articleSection":["Alergolog\u00eda"],"inLanguage":"es","potentialAction":[{"@type":"CommentAction","name":"Comment","target":["https:\/\/www.saludonnet.com\/blog\/alergia-al-frio-temer-mas-al-aire-acondicionado-que-al-sol\/#respond"]}]},{"@type":"WebPage","@id":"https:\/\/www.saludonnet.com\/blog\/alergia-al-frio-temer-mas-al-aire-acondicionado-que-al-sol\/","url":"https:\/\/www.saludonnet.com\/blog\/alergia-al-frio-temer-mas-al-aire-acondicionado-que-al-sol\/","name":"Alergia al fr\u00edo: temer m\u00e1s al aire acondicionado que al sol","isPartOf":{"@id":"https:\/\/www.saludonnet.com\/blog\/#website"},"primaryImageOfPage":{"@id":"https:\/\/www.saludonnet.com\/blog\/alergia-al-frio-temer-mas-al-aire-acondicionado-que-al-sol\/#primaryimage"},"image":{"@id":"https:\/\/www.saludonnet.com\/blog\/alergia-al-frio-temer-mas-al-aire-acondicionado-que-al-sol\/#primaryimage"},"thumbnailUrl":"https:\/\/soncdn.azureedge.net\/blog\/wp-content\/uploads\/alergia-al-frio.jpg","datePublished":"2025-09-03T14:08:00+00:00","description":"Alergia al fr\u00edo o urticaria por fr\u00edo: s\u00edntomas, diagn\u00f3stico y tratamiento para proteger la piel y evitar reacciones por bajas temperaturas.","breadcrumb":{"@id":"https:\/\/www.saludonnet.com\/blog\/alergia-al-frio-temer-mas-al-aire-acondicionado-que-al-sol\/#breadcrumb"},"inLanguage":"es","potentialAction":[{"@type":"ReadAction","target":["https:\/\/www.saludonnet.com\/blog\/alergia-al-frio-temer-mas-al-aire-acondicionado-que-al-sol\/"]}]},{"@type":"ImageObject","inLanguage":"es","@id":"https:\/\/www.saludonnet.com\/blog\/alergia-al-frio-temer-mas-al-aire-acondicionado-que-al-sol\/#primaryimage","url":"https:\/\/soncdn.azureedge.net\/blog\/wp-content\/uploads\/alergia-al-frio.jpg","contentUrl":"https:\/\/soncdn.azureedge.net\/blog\/wp-content\/uploads\/alergia-al-frio.jpg","width":800,"height":400,"caption":"Imagen generada por IA para: alergia al fr\u00edo"},{"@type":"BreadcrumbList","@id":"https:\/\/www.saludonnet.com\/blog\/alergia-al-frio-temer-mas-al-aire-acondicionado-que-al-sol\/#breadcrumb","itemListElement":[{"@type":"ListItem","position":1,"name":"Portada","item":"https:\/\/www.saludonnet.com\/blog\/"},{"@type":"ListItem","position":2,"name":"Alergolog\u00eda","item":"https:\/\/www.saludonnet.com\/blog\/topic\/alergologia\/"},{"@type":"ListItem","position":3,"name":"Alergia al fr\u00edo: temer m\u00e1s al aire acondicionado que al sol"}]},{"@type":"WebSite","@id":"https:\/\/www.saludonnet.com\/blog\/#website","url":"https:\/\/www.saludonnet.com\/blog\/","name":"Blog SaludOnNet","description":"Un espacio donde encontrar\u00e1s consejos y art\u00edculos para cuidar de tu salud","publisher":{"@id":"https:\/\/www.saludonnet.com\/blog\/#organization"},"potentialAction":[{"@type":"SearchAction","target":{"@type":"EntryPoint","urlTemplate":"https:\/\/www.saludonnet.com\/blog\/?s={search_term_string}"},"query-input":{"@type":"PropertyValueSpecification","valueRequired":true,"valueName":"search_term_string"}}],"inLanguage":"es"},{"@type":"Organization","@id":"https:\/\/www.saludonnet.com\/blog\/#organization","name":"SaludOnNet","url":"https:\/\/www.saludonnet.com\/blog\/","logo":{"@type":"ImageObject","inLanguage":"es","@id":"https:\/\/www.saludonnet.com\/blog\/#\/schema\/logo\/image\/","url":"https:\/\/www.saludonnet.com\/blog\/wp-content\/uploads\/2019\/07\/Logo-SaludOnNet.png","contentUrl":"https:\/\/www.saludonnet.com\/blog\/wp-content\/uploads\/2019\/07\/Logo-SaludOnNet.png","width":1140,"height":377,"caption":"SaludOnNet"},"image":{"@id":"https:\/\/www.saludonnet.com\/blog\/#\/schema\/logo\/image\/"},"sameAs":["https:\/\/www.facebook.com\/pages\/SaludOnNet\/214957498526536","https:\/\/x.com\/saludonnet","https:\/\/www.instagram.com\/saludonnet\/","https:\/\/www.linkedin.com\/company\/saludonnet\/","https:\/\/www.youtube.com\/channel\/UCag68GsnagqzNb6C3G-S9vQ"]},{"@type":"Person","@id":"https:\/\/www.saludonnet.com\/blog\/#\/schema\/person\/50995e01cc9d6c9f29ae18d979eeff1b","name":"Equipo M\u00e9dico de SaludOnNet","image":{"@type":"ImageObject","inLanguage":"es","@id":"https:\/\/secure.gravatar.com\/avatar\/0ac89931d2ef75704f29e63e12335967620a1f7ac37c69f6f97ad72b9ac6496d?s=96&d=mm&r=g","url":"https:\/\/secure.gravatar.com\/avatar\/0ac89931d2ef75704f29e63e12335967620a1f7ac37c69f6f97ad72b9ac6496d?s=96&d=mm&r=g","contentUrl":"https:\/\/secure.gravatar.com\/avatar\/0ac89931d2ef75704f29e63e12335967620a1f7ac37c69f6f97ad72b9ac6496d?s=96&d=mm&r=g","caption":"Equipo M\u00e9dico de SaludOnNet"},"description":"Art\u00edculo elaborado por el equipo m\u00e9dico de SaludOnNet, compuesto por especialistas destacados en su \u00e1rea.","url":"https:\/\/www.saludonnet.com\/blog\/author\/saludonnet\/"}]}},"acf":[],"_links":{"self":[{"href":"https:\/\/www.saludonnet.com\/blog\/wp-json\/wp\/v2\/posts\/20711","targetHints":{"allow":["GET"]}}],"collection":[{"href":"https:\/\/www.saludonnet.com\/blog\/wp-json\/wp\/v2\/posts"}],"about":[{"href":"https:\/\/www.saludonnet.com\/blog\/wp-json\/wp\/v2\/types\/post"}],"author":[{"embeddable":true,"href":"https:\/\/www.saludonnet.com\/blog\/wp-json\/wp\/v2\/users\/20"}],"replies":[{"embeddable":true,"href":"https:\/\/www.saludonnet.com\/blog\/wp-json\/wp\/v2\/comments?post=20711"}],"version-history":[{"count":4,"href":"https:\/\/www.saludonnet.com\/blog\/wp-json\/wp\/v2\/posts\/20711\/revisions"}],"predecessor-version":[{"id":20715,"href":"https:\/\/www.saludonnet.com\/blog\/wp-json\/wp\/v2\/posts\/20711\/revisions\/20715"}],"wp:featuredmedia":[{"embeddable":true,"href":"https:\/\/www.saludonnet.com\/blog\/wp-json\/wp\/v2\/media\/20741"}],"wp:attachment":[{"href":"https:\/\/www.saludonnet.com\/blog\/wp-json\/wp\/v2\/media?parent=20711"}],"wp:term":[{"taxonomy":"category","embeddable":true,"href":"https:\/\/www.saludonnet.com\/blog\/wp-json\/wp\/v2\/categories?post=20711"},{"taxonomy":"post_tag","embeddable":true,"href":"https:\/\/www.saludonnet.com\/blog\/wp-json\/wp\/v2\/tags?post=20711"}],"curies":[{"name":"wp","href":"https:\/\/api.w.org\/{rel}","templated":true}]}}