{"id":20403,"date":"2025-07-29T10:43:41","date_gmt":"2025-07-29T08:43:41","guid":{"rendered":"https:\/\/www.saludonnet.com\/blog\/?p=20403"},"modified":"2025-07-30T10:43:47","modified_gmt":"2025-07-30T08:43:47","slug":"rutina-de-skin-care-orden-correcto-por-edad-y-temporada","status":"publish","type":"post","link":"https:\/\/www.saludonnet.com\/blog\/rutina-de-skin-care-orden-correcto-por-edad-y-temporada\/","title":{"rendered":"Rutina de skin care: orden correcto, por edad y temporada"},"content":{"rendered":"\n<p>El cuidado de la piel ha evolucionado desde una necesidad m\u00e9dica o est\u00e9tica puntual a una rutina diaria integrada en la vida de muchas personas. Este fen\u00f3meno, conocido como <em>skin care<\/em>, ha generado tanto inter\u00e9s que incluso preadolescentes incorporan rutinas completas en su d\u00eda a d\u00eda. Pero \u00bf<em>skin care qu\u00e9 es<\/em> realmente? \u00bf<em>Qu\u00e9 va primero, el s\u00e9rum o la crema<\/em>? \u00bfY cambia el <em>orden del skin care<\/em> seg\u00fan la estaci\u00f3n o la edad?<\/p>\n\n\n\n<p>Aunque el t\u00e9rmino puede parecer nuevo, el cuidado facial sistem\u00e1tico existe desde hace siglos. Lo que ha cambiado es la variedad de productos disponibles y la informaci\u00f3n, a veces confusa, sobre su aplicaci\u00f3n.<\/p>\n\n\n\n<h2 class=\"wp-block-heading\">Qu\u00e9 es el <em>skin care<\/em><\/h2>\n\n\n\n<p><em>Skin care<\/em> es el conjunto de h\u00e1bitos y productos que se utilizan para mantener la piel sana, protegida y con buen aspecto. Involucra pasos como la limpieza, hidrataci\u00f3n, protecci\u00f3n solar y, en muchos casos, tratamientos espec\u00edficos para problemas como el acn\u00e9<a href=\"https:\/\/www.saludonnet.com\/blog\/como-eliminar-las-manchas-de-la-piel\/\">, las manchas<\/a> o las arrugas.<\/p>\n\n\n\n<p>M\u00e1s all\u00e1 de la est\u00e9tica, una rutina de <em>skin care<\/em> adecuada puede prevenir enfermedades dermatol\u00f3gicas, retrasar el envejecimiento cut\u00e1neo y mejorar la autoestima.<\/p>\n\n\n\n<h3 class=\"wp-block-heading\">Orden correcto en la rutina de skin care<\/h3>\n\n\n\n<p>Uno de los errores m\u00e1s comunes en el cuidado facial es aplicar los productos sin respetar un orden l\u00f3gico. Este desorden puede interferir en su eficacia e incluso provocar reacciones adversas.<\/p>\n\n\n\n<p><strong>\u00bfQu\u00e9 va primero, el s\u00e9rum o la crema?<\/strong> Esta pregunta es recurrente y la respuesta es clara: siempre se aplica primero el s\u00e9rum y luego la crema hidratante.<\/p>\n\n\n\n<p>El orden ideal en una <em>rutina de skin care<\/em> es el siguiente:<\/p>\n\n\n\n<ul class=\"wp-block-list\">\n<li><strong>Limpieza<\/strong>: Paso fundamental tanto por la ma\u00f1ana como por la noche. Puede ser con agua micelar, gel, aceite limpiador o leche limpiadora, seg\u00fan el tipo de piel.<\/li>\n\n\n\n<li><strong>T\u00f3nico<\/strong> (opcional): Ayuda a equilibrar el pH de la piel y prepararla para recibir los tratamientos siguientes.<\/li>\n\n\n\n<li><strong>S\u00e9rum<\/strong>: Concentrado con ingredientes activos que penetran profundamente. Debe ir antes de la crema para actuar eficazmente.<\/li>\n\n\n\n<li><strong>Contorno de ojos<\/strong>: Aplicar con peque\u00f1os toques para evitar da\u00f1ar la piel fina de esta zona.<\/li>\n\n\n\n<li><strong>Crema hidratante<\/strong>: Sella la hidrataci\u00f3n y refuerza la barrera cut\u00e1nea.<\/li>\n\n\n\n<li><strong>Protector solar<\/strong>: Por las ma\u00f1anas, imprescindible <a href=\"https:\/\/www.saludonnet.com\/blog\/la-importancia-de-la-proteccion-solar-en-todas-las-estaciones\/\">incluso en d\u00edas nublados<\/a>.<\/li>\n<\/ul>\n\n\n\n<p>En la noche se puede prescindir del protector solar y optar por tratamientos m\u00e1s intensivos como retinoides o \u00e1cidos.<\/p>\n\n\n\n<h2 class=\"wp-block-heading\">El orden de la rutina facial seg\u00fan la edad<\/h2>\n\n\n\n<p>No todas las pieles tienen las mismas necesidades. La edad condiciona la producci\u00f3n de grasa, col\u00e1geno y la capacidad de regeneraci\u00f3n de la piel. Por ello, adaptar la <em>rutina de skin care<\/em> a cada etapa de la vida es clave.<\/p>\n\n\n\n<h3 class=\"wp-block-heading\">Pieles j\u00f3venes (12-20 a\u00f1os)<\/h3>\n\n\n\n<p>El fen\u00f3meno del <em>skin care<\/em> ha llegado con fuerza a ni\u00f1as y ni\u00f1os de tan solo 10 o 12 a\u00f1os. Aunque es positivo que haya inter\u00e9s por el autocuidado, conviene no sobrecargar la piel con ingredientes innecesarios o potentes.<\/p>\n\n\n\n<p><strong>Recomendaciones:<\/strong><\/p>\n\n\n\n<ul class=\"wp-block-list\">\n<li><strong>Limpieza suave<\/strong> dos veces al d\u00eda.<\/li>\n\n\n\n<li>Hidratantes ligeras, sin alcohol ni perfumes.<\/li>\n\n\n\n<li>Protecci\u00f3n solar diaria.<\/li>\n\n\n\n<li>S\u00e9rum con niacinamida en casos de piel grasa o con tendencia al acn\u00e9.<\/li>\n<\/ul>\n\n\n\n<p>En esta edad, lo m\u00e1s importante es fomentar h\u00e1bitos sanos y evitar el uso excesivo de productos como exfoliantes f\u00edsicos o retinol, que pueden da\u00f1ar la barrera cut\u00e1nea.<\/p>\n\n\n\n<h3 class=\"wp-block-heading\">Edad adulta temprana (20-35 a\u00f1os)<\/h3>\n\n\n\n<p>Es el momento ideal para comenzar a prevenir los signos del envejecimiento y tratar los primeros brotes de acn\u00e9 o manchas solares.<\/p>\n\n\n\n<p><strong>Recomendaciones:<\/strong><\/p>\n\n\n\n<ul class=\"wp-block-list\">\n<li>Introducci\u00f3n de s\u00e9rums antioxidantes, como la vitamina C.<\/li>\n\n\n\n<li>Hidratantes seg\u00fan el tipo de piel (en gel para piel grasa, en crema para piel seca).<\/li>\n\n\n\n<li>Protector solar de amplio espectro, con reaplicaci\u00f3n si hay exposici\u00f3n solar continua.<\/li>\n\n\n\n<li>Rutina nocturna con exfoliantes qu\u00edmicos suaves (\u00e1cido salic\u00edlico o glic\u00f3lico) una o dos veces por semana.<\/li>\n<\/ul>\n\n\n\n<h3 class=\"wp-block-heading\">Piel madura (35+ a\u00f1os)<\/h3>\n\n\n\n<p>A partir de los 35, disminuye la producci\u00f3n de col\u00e1geno, la piel pierde elasticidad y pueden aparecer arrugas, manchas o flacidez. En este caso, una <em>rutina de skin care<\/em> debe centrarse en estimular la regeneraci\u00f3n celular y mantener la hidrataci\u00f3n profunda.<\/p>\n\n\n\n<p><strong>Recomendaciones:<\/strong><\/p>\n\n\n\n<ul class=\"wp-block-list\">\n<li>S\u00e9rums con retinol o bakuchiol por la noche.<\/li>\n\n\n\n<li>Cremas m\u00e1s nutritivas, ricas en l\u00edpidos y p\u00e9ptidos.<\/li>\n\n\n\n<li>Mascarillas reafirmantes semanales.<\/li>\n\n\n\n<li>Hidratantes con \u00e1cido hialur\u00f3nico.<\/li>\n\n\n\n<li>Fotoprotecci\u00f3n extrema, incluso en interiores.<\/li>\n<\/ul>\n\n\n\n<h2 class=\"wp-block-heading\">Rutinas de skin care por estaci\u00f3n<\/h2>\n\n\n\n<p>El clima influye directamente en la piel. Por eso, el <em>orden de la rutina facial<\/em> puede mantenerse, pero los productos deben adaptarse seg\u00fan la \u00e9poca del a\u00f1o.<\/p>\n\n\n\n<ul class=\"wp-block-list\">\n<li><strong>Rutina de skin care en invierno:<\/strong><\/li>\n\n\n\n<li><strong>Mayor hidrataci\u00f3n<\/strong>: Cremas m\u00e1s densas y con ingredientes oclusivos como ceramidas, escualano o manteca de karit\u00e9.<\/li>\n\n\n\n<li><strong>Evitar exfoliaciones excesivas<\/strong>: Ya que la piel tiende a resecarse y sensibilizarse.<\/li>\n\n\n\n<li><strong>Uso constante de b\u00e1lsamos labiales y cremas de manos<\/strong>.<\/li>\n<\/ul>\n\n\n\n<p>En invierno, aunque el sol parezca m\u00e1s d\u00e9bil, la protecci\u00f3n solar sigue siendo imprescindible.<\/p>\n\n\n\n<ul class=\"wp-block-list\">\n<li><strong>Rutina de skin care en verano<\/strong>\n<ul class=\"wp-block-list\">\n<li><strong>Texturas ligeras<\/strong>: S\u00e9rums y cremas tipo gel para evitar obstrucciones en poros.<\/li>\n\n\n\n<li><strong>Reaplicaci\u00f3n de protector solar<\/strong> cada dos horas si hay exposici\u00f3n directa.<\/li>\n\n\n\n<li><strong>Productos no comedog\u00e9nicos<\/strong>: Especialmente en pieles mixtas o grasas.<\/li>\n\n\n\n<li><strong>Refuerzos antioxidantes<\/strong>: Como la vitamina C o el resveratrol para neutralizar el da\u00f1o solar.<\/li>\n<\/ul>\n<\/li>\n<\/ul>\n\n\n\n<h3 class=\"wp-block-heading\">Cuidados especiales seg\u00fan el tipo de piel<\/h3>\n\n\n\n<p><a href=\"https:\/\/www.saludonnet.com\/blog\/cuidado-de-la-piel-segun-el-tipo-grasa-seca-sensible\/\">Cada tipo de piel responde de forma distinta<\/a> ante los mismos productos. Ajustar la <em>rutina de skin care<\/em> seg\u00fan estas caracter\u00edsticas es esencial para evitar reacciones adversas.<\/p>\n\n\n\n<ul class=\"wp-block-list\">\n<li><strong>Piel seca<\/strong>: Necesita limpieza suave, hidratantes densas, y aceites como el de jojoba o rosa mosqueta.<\/li>\n\n\n\n<li><strong>Piel grasa<\/strong>: Beneficia de geles limpiadores con \u00e1cido salic\u00edlico, s\u00e9rums ligeros y humectantes sin aceites.<\/li>\n\n\n\n<li><strong>Piel sensible<\/strong>: Conviene evitar perfumes, alcoholes y \u00e1cidos fuertes. Buscar f\u00f3rmulas hipoalerg\u00e9nicas con avena, alanto\u00edna o centella asi\u00e1tica.<\/li>\n\n\n\n<li><strong>Piel mixta<\/strong>: Alternar productos seg\u00fan zonas del rostro. S\u00e9rum en todo el rostro y dos tipos de crema: ligera para la zona T y m\u00e1s rica para mejillas.<\/li>\n<\/ul>\n\n\n\n<h2 class=\"wp-block-heading\">Peligros de seguir rutinas virales sin orientaci\u00f3n m\u00e9dica<\/h2>\n\n\n\n<p>El auge de las redes sociales ha llevado a muchas personas \u2014especialmente j\u00f3venes\u2014 a replicar rutinas virales sin tener en cuenta las necesidades individuales de su piel. Esto puede derivar en dermatitis, brotes de acn\u00e9, manchas o incluso lesiones permanentes.<\/p>\n\n\n\n<p>La supervisi\u00f3n dermatol\u00f3gica es clave en casos de:<\/p>\n\n\n\n<ul class=\"wp-block-list\">\n<li>Uso de retinoides o \u00e1cidos.<\/li>\n\n\n\n<li>Presencia de acn\u00e9 severo.<\/li>\n\n\n\n<li>Enfermedades cut\u00e1neas como ros\u00e1cea, melasma o psoriasis.<\/li>\n\n\n\n<li>Ni\u00f1os y adolescentes que quieren usar activos potentes.<\/li>\n<\/ul>\n\n\n\n<h3 class=\"wp-block-heading\">\u00bfCu\u00e1ntos productos son realmente necesarios?<\/h3>\n\n\n\n<p>Una rutina eficaz no depende del n\u00famero de pasos, sino de la calidad de los productos y su adaptaci\u00f3n al tipo de piel. En muchos casos, una rutina b\u00e1sica de limpieza, hidrataci\u00f3n y protecci\u00f3n solar es suficiente. Los tratamientos espec\u00edficos deben incorporarse gradualmente y con asesoramiento profesional.<\/p>\n\n\n\n<p>Cuidar la piel no es una moda pasajera, sino un h\u00e1bito saludable que acompa\u00f1a a lo largo de la vida. Desde edades tempranas hasta etapas maduras, adaptar la rutina al momento vital, el clima y el tipo de piel es fundamental para obtener resultados visibles y duraderos.<\/p>\n\n\n\n<p>En <strong>SaludOnNet<\/strong> se puede acceder a consultas dermatol\u00f3gicas sin esperas, para recibir orientaci\u00f3n sobre el mejor cuidado facial seg\u00fan cada perfil y necesidad. Apostar por una piel sana es invertir en bienestar a largo plazo.<\/p>\n","protected":false},"excerpt":{"rendered":"<p>Descubre el orden correcto de una rutina skin care, c\u00f3mo adaptarla seg\u00fan la edad y estaci\u00f3n del a\u00f1o, y qu\u00e9 va primero: \u00bfel s\u00e9rum o la crema?<\/p>\n","protected":false},"author":15,"featured_media":20440,"comment_status":"open","ping_status":"open","sticky":false,"template":"","format":"standard","meta":{"footnotes":""},"categories":[57],"tags":[230],"class_list":["post-20403","post","type-post","status-publish","format-standard","has-post-thumbnail","hentry","category-dermatologia","tag-2233-consulta"],"yoast_head":"<!-- This site is optimized with the Yoast SEO plugin v27.5 - https:\/\/yoast.com\/product\/yoast-seo-wordpress\/ -->\n<title>Rutina de skin care: orden correcto, por edad y temporada - Blog SaludOnNet<\/title>\n<meta name=\"description\" content=\"Descubre el orden correcto de una rutina skin care, c\u00f3mo adaptarla seg\u00fan la edad y estaci\u00f3n del a\u00f1o, y qu\u00e9 va primero: \u00bfel s\u00e9rum o la crema?\" \/>\n<meta name=\"robots\" content=\"index, follow, max-snippet:-1, max-image-preview:large, max-video-preview:-1\" \/>\n<link rel=\"canonical\" href=\"https:\/\/www.saludonnet.com\/blog\/rutina-de-skin-care-orden-correcto-por-edad-y-temporada\/\" \/>\n<meta property=\"og:locale\" content=\"es_ES\" \/>\n<meta property=\"og:type\" content=\"article\" \/>\n<meta property=\"og:title\" content=\"Rutina de skin care: orden correcto, por edad y temporada\" \/>\n<meta property=\"og:description\" content=\"Descubre el orden correcto de una rutina skin care, c\u00f3mo adaptarla seg\u00fan la edad y estaci\u00f3n del a\u00f1o, y qu\u00e9 va primero: \u00bfel s\u00e9rum o la crema?\" \/>\n<meta property=\"og:url\" content=\"https:\/\/www.saludonnet.com\/blog\/rutina-de-skin-care-orden-correcto-por-edad-y-temporada\/\" \/>\n<meta property=\"og:site_name\" content=\"Blog SaludOnNet\" \/>\n<meta property=\"article:publisher\" content=\"https:\/\/www.facebook.com\/pages\/SaludOnNet\/214957498526536\" \/>\n<meta property=\"article:published_time\" content=\"2025-07-29T08:43:41+00:00\" \/>\n<meta property=\"article:modified_time\" content=\"2025-07-30T08:43:47+00:00\" \/>\n<meta property=\"og:image\" content=\"https:\/\/www.saludonnet.com\/blog\/wp-content\/uploads\/skin-care.jpg\" \/>\n\t<meta property=\"og:image:width\" content=\"800\" \/>\n\t<meta property=\"og:image:height\" content=\"400\" \/>\n\t<meta property=\"og:image:type\" content=\"image\/jpeg\" \/>\n<meta name=\"author\" content=\"Dr. Francisco G\u00f3mez Gil\" \/>\n<meta name=\"twitter:card\" content=\"summary_large_image\" \/>\n<meta name=\"twitter:title\" content=\"Rutina de skin care: orden correcto, por edad y temporada\" \/>\n<meta name=\"twitter:description\" content=\"Descubre el orden correcto de una rutina skin care, c\u00f3mo adaptarla seg\u00fan la edad y estaci\u00f3n del a\u00f1o, y qu\u00e9 va primero: \u00bfel s\u00e9rum o la crema?\" \/>\n<meta name=\"twitter:image\" content=\"https:\/\/soncdn.azureedge.net\/blog\/wp-content\/uploads\/skin-care.jpg\" \/>\n<meta name=\"twitter:creator\" content=\"@saludonnet\" \/>\n<meta name=\"twitter:site\" content=\"@saludonnet\" \/>\n<meta name=\"twitter:label1\" content=\"Escrito por\" \/>\n\t<meta name=\"twitter:data1\" content=\"Dr. Francisco G\u00f3mez Gil\" \/>\n\t<meta name=\"twitter:label2\" content=\"Tiempo de lectura\" \/>\n\t<meta name=\"twitter:data2\" content=\"6 minutos\" \/>\n<script type=\"application\/ld+json\" class=\"yoast-schema-graph\">{\"@context\":\"https:\\\/\\\/schema.org\",\"@graph\":[{\"@type\":\"Article\",\"@id\":\"https:\\\/\\\/www.saludonnet.com\\\/blog\\\/rutina-de-skin-care-orden-correcto-por-edad-y-temporada\\\/#article\",\"isPartOf\":{\"@id\":\"https:\\\/\\\/www.saludonnet.com\\\/blog\\\/rutina-de-skin-care-orden-correcto-por-edad-y-temporada\\\/\"},\"author\":{\"name\":\"Dr. Francisco G\u00f3mez Gil\",\"@id\":\"https:\\\/\\\/www.saludonnet.com\\\/blog\\\/#\\\/schema\\\/person\\\/bf3abe40db6871e2b2a135ad632e96c6\"},\"headline\":\"Rutina de skin care: orden correcto, por edad y temporada\",\"datePublished\":\"2025-07-29T08:43:41+00:00\",\"dateModified\":\"2025-07-30T08:43:47+00:00\",\"mainEntityOfPage\":{\"@id\":\"https:\\\/\\\/www.saludonnet.com\\\/blog\\\/rutina-de-skin-care-orden-correcto-por-edad-y-temporada\\\/\"},\"wordCount\":1272,\"commentCount\":0,\"publisher\":{\"@id\":\"https:\\\/\\\/www.saludonnet.com\\\/blog\\\/#organization\"},\"image\":{\"@id\":\"https:\\\/\\\/www.saludonnet.com\\\/blog\\\/rutina-de-skin-care-orden-correcto-por-edad-y-temporada\\\/#primaryimage\"},\"thumbnailUrl\":\"https:\\\/\\\/soncdn.azureedge.net\\\/blog\\\/wp-content\\\/uploads\\\/skin-care.jpg\",\"keywords\":[\"Consulta de Dermatolog\u00eda\"],\"articleSection\":[\"Dermatolog\u00eda\"],\"inLanguage\":\"es\",\"potentialAction\":[{\"@type\":\"CommentAction\",\"name\":\"Comment\",\"target\":[\"https:\\\/\\\/www.saludonnet.com\\\/blog\\\/rutina-de-skin-care-orden-correcto-por-edad-y-temporada\\\/#respond\"]}]},{\"@type\":\"WebPage\",\"@id\":\"https:\\\/\\\/www.saludonnet.com\\\/blog\\\/rutina-de-skin-care-orden-correcto-por-edad-y-temporada\\\/\",\"url\":\"https:\\\/\\\/www.saludonnet.com\\\/blog\\\/rutina-de-skin-care-orden-correcto-por-edad-y-temporada\\\/\",\"name\":\"Rutina de skin care: orden correcto, por edad y temporada - Blog SaludOnNet\",\"isPartOf\":{\"@id\":\"https:\\\/\\\/www.saludonnet.com\\\/blog\\\/#website\"},\"primaryImageOfPage\":{\"@id\":\"https:\\\/\\\/www.saludonnet.com\\\/blog\\\/rutina-de-skin-care-orden-correcto-por-edad-y-temporada\\\/#primaryimage\"},\"image\":{\"@id\":\"https:\\\/\\\/www.saludonnet.com\\\/blog\\\/rutina-de-skin-care-orden-correcto-por-edad-y-temporada\\\/#primaryimage\"},\"thumbnailUrl\":\"https:\\\/\\\/soncdn.azureedge.net\\\/blog\\\/wp-content\\\/uploads\\\/skin-care.jpg\",\"datePublished\":\"2025-07-29T08:43:41+00:00\",\"dateModified\":\"2025-07-30T08:43:47+00:00\",\"description\":\"Descubre el orden correcto de una rutina skin care, c\u00f3mo adaptarla seg\u00fan la edad y estaci\u00f3n del a\u00f1o, y qu\u00e9 va primero: \u00bfel s\u00e9rum o la crema?\",\"breadcrumb\":{\"@id\":\"https:\\\/\\\/www.saludonnet.com\\\/blog\\\/rutina-de-skin-care-orden-correcto-por-edad-y-temporada\\\/#breadcrumb\"},\"inLanguage\":\"es\",\"potentialAction\":[{\"@type\":\"ReadAction\",\"target\":[\"https:\\\/\\\/www.saludonnet.com\\\/blog\\\/rutina-de-skin-care-orden-correcto-por-edad-y-temporada\\\/\"]}]},{\"@type\":\"ImageObject\",\"inLanguage\":\"es\",\"@id\":\"https:\\\/\\\/www.saludonnet.com\\\/blog\\\/rutina-de-skin-care-orden-correcto-por-edad-y-temporada\\\/#primaryimage\",\"url\":\"https:\\\/\\\/soncdn.azureedge.net\\\/blog\\\/wp-content\\\/uploads\\\/skin-care.jpg\",\"contentUrl\":\"https:\\\/\\\/soncdn.azureedge.net\\\/blog\\\/wp-content\\\/uploads\\\/skin-care.jpg\",\"width\":800,\"height\":400,\"caption\":\"mujer rutina skin care\"},{\"@type\":\"BreadcrumbList\",\"@id\":\"https:\\\/\\\/www.saludonnet.com\\\/blog\\\/rutina-de-skin-care-orden-correcto-por-edad-y-temporada\\\/#breadcrumb\",\"itemListElement\":[{\"@type\":\"ListItem\",\"position\":1,\"name\":\"Portada\",\"item\":\"https:\\\/\\\/www.saludonnet.com\\\/blog\\\/\"},{\"@type\":\"ListItem\",\"position\":2,\"name\":\"Dermatolog\u00eda\",\"item\":\"https:\\\/\\\/www.saludonnet.com\\\/blog\\\/topic\\\/dermatologia\\\/\"},{\"@type\":\"ListItem\",\"position\":3,\"name\":\"Rutina de skin care: orden correcto, por edad y temporada\"}]},{\"@type\":\"WebSite\",\"@id\":\"https:\\\/\\\/www.saludonnet.com\\\/blog\\\/#website\",\"url\":\"https:\\\/\\\/www.saludonnet.com\\\/blog\\\/\",\"name\":\"Blog SaludOnNet\",\"description\":\"Un espacio donde encontrar\u00e1s consejos y art\u00edculos para cuidar de tu salud\",\"publisher\":{\"@id\":\"https:\\\/\\\/www.saludonnet.com\\\/blog\\\/#organization\"},\"potentialAction\":[{\"@type\":\"SearchAction\",\"target\":{\"@type\":\"EntryPoint\",\"urlTemplate\":\"https:\\\/\\\/www.saludonnet.com\\\/blog\\\/?s={search_term_string}\"},\"query-input\":{\"@type\":\"PropertyValueSpecification\",\"valueRequired\":true,\"valueName\":\"search_term_string\"}}],\"inLanguage\":\"es\"},{\"@type\":\"Organization\",\"@id\":\"https:\\\/\\\/www.saludonnet.com\\\/blog\\\/#organization\",\"name\":\"SaludOnNet\",\"url\":\"https:\\\/\\\/www.saludonnet.com\\\/blog\\\/\",\"logo\":{\"@type\":\"ImageObject\",\"inLanguage\":\"es\",\"@id\":\"https:\\\/\\\/www.saludonnet.com\\\/blog\\\/#\\\/schema\\\/logo\\\/image\\\/\",\"url\":\"https:\\\/\\\/www.saludonnet.com\\\/blog\\\/wp-content\\\/uploads\\\/2019\\\/07\\\/Logo-SaludOnNet.png\",\"contentUrl\":\"https:\\\/\\\/www.saludonnet.com\\\/blog\\\/wp-content\\\/uploads\\\/2019\\\/07\\\/Logo-SaludOnNet.png\",\"width\":1140,\"height\":377,\"caption\":\"SaludOnNet\"},\"image\":{\"@id\":\"https:\\\/\\\/www.saludonnet.com\\\/blog\\\/#\\\/schema\\\/logo\\\/image\\\/\"},\"sameAs\":[\"https:\\\/\\\/www.facebook.com\\\/pages\\\/SaludOnNet\\\/214957498526536\",\"https:\\\/\\\/x.com\\\/saludonnet\",\"https:\\\/\\\/www.instagram.com\\\/saludonnet\\\/\",\"https:\\\/\\\/www.linkedin.com\\\/company\\\/saludonnet\\\/\",\"https:\\\/\\\/www.youtube.com\\\/channel\\\/UCag68GsnagqzNb6C3G-S9vQ\"]},{\"@type\":\"Person\",\"@id\":\"https:\\\/\\\/www.saludonnet.com\\\/blog\\\/#\\\/schema\\\/person\\\/bf3abe40db6871e2b2a135ad632e96c6\",\"name\":\"Dr. Francisco G\u00f3mez Gil\",\"image\":{\"@type\":\"ImageObject\",\"inLanguage\":\"es\",\"@id\":\"https:\\\/\\\/secure.gravatar.com\\\/avatar\\\/543c7dddba8fd86f5220d474937015dceae74668ce0f8f0b343ff7d77f3a6b17?s=96&d=mm&r=g\",\"url\":\"https:\\\/\\\/secure.gravatar.com\\\/avatar\\\/543c7dddba8fd86f5220d474937015dceae74668ce0f8f0b343ff7d77f3a6b17?s=96&d=mm&r=g\",\"contentUrl\":\"https:\\\/\\\/secure.gravatar.com\\\/avatar\\\/543c7dddba8fd86f5220d474937015dceae74668ce0f8f0b343ff7d77f3a6b17?s=96&d=mm&r=g\",\"caption\":\"Dr. Francisco G\u00f3mez Gil\"},\"description\":\"Pod\u00f3logo\",\"url\":\"https:\\\/\\\/www.saludonnet.com\\\/blog\\\/author\\\/francisco-gomez-gil\\\/\"}]}<\/script>\n<!-- \/ Yoast SEO plugin. -->","yoast_head_json":{"title":"Rutina de skin care: orden correcto, por edad y temporada - Blog SaludOnNet","description":"Descubre el orden correcto de una rutina skin care, c\u00f3mo adaptarla seg\u00fan la edad y estaci\u00f3n del a\u00f1o, y qu\u00e9 va primero: \u00bfel s\u00e9rum o la crema?","robots":{"index":"index","follow":"follow","max-snippet":"max-snippet:-1","max-image-preview":"max-image-preview:large","max-video-preview":"max-video-preview:-1"},"canonical":"https:\/\/www.saludonnet.com\/blog\/rutina-de-skin-care-orden-correcto-por-edad-y-temporada\/","og_locale":"es_ES","og_type":"article","og_title":"Rutina de skin care: orden correcto, por edad y temporada","og_description":"Descubre el orden correcto de una rutina skin care, c\u00f3mo adaptarla seg\u00fan la edad y estaci\u00f3n del a\u00f1o, y qu\u00e9 va primero: \u00bfel s\u00e9rum o la crema?","og_url":"https:\/\/www.saludonnet.com\/blog\/rutina-de-skin-care-orden-correcto-por-edad-y-temporada\/","og_site_name":"Blog SaludOnNet","article_publisher":"https:\/\/www.facebook.com\/pages\/SaludOnNet\/214957498526536","article_published_time":"2025-07-29T08:43:41+00:00","article_modified_time":"2025-07-30T08:43:47+00:00","og_image":[{"width":800,"height":400,"url":"https:\/\/www.saludonnet.com\/blog\/wp-content\/uploads\/skin-care.jpg","type":"image\/jpeg"}],"author":"Dr. Francisco G\u00f3mez Gil","twitter_card":"summary_large_image","twitter_title":"Rutina de skin care: orden correcto, por edad y temporada","twitter_description":"Descubre el orden correcto de una rutina skin care, c\u00f3mo adaptarla seg\u00fan la edad y estaci\u00f3n del a\u00f1o, y qu\u00e9 va primero: \u00bfel s\u00e9rum o la crema?","twitter_image":"https:\/\/soncdn.azureedge.net\/blog\/wp-content\/uploads\/skin-care.jpg","twitter_creator":"@saludonnet","twitter_site":"@saludonnet","twitter_misc":{"Escrito por":"Dr. Francisco G\u00f3mez Gil","Tiempo de lectura":"6 minutos"},"schema":{"@context":"https:\/\/schema.org","@graph":[{"@type":"Article","@id":"https:\/\/www.saludonnet.com\/blog\/rutina-de-skin-care-orden-correcto-por-edad-y-temporada\/#article","isPartOf":{"@id":"https:\/\/www.saludonnet.com\/blog\/rutina-de-skin-care-orden-correcto-por-edad-y-temporada\/"},"author":{"name":"Dr. Francisco G\u00f3mez Gil","@id":"https:\/\/www.saludonnet.com\/blog\/#\/schema\/person\/bf3abe40db6871e2b2a135ad632e96c6"},"headline":"Rutina de skin care: orden correcto, por edad y temporada","datePublished":"2025-07-29T08:43:41+00:00","dateModified":"2025-07-30T08:43:47+00:00","mainEntityOfPage":{"@id":"https:\/\/www.saludonnet.com\/blog\/rutina-de-skin-care-orden-correcto-por-edad-y-temporada\/"},"wordCount":1272,"commentCount":0,"publisher":{"@id":"https:\/\/www.saludonnet.com\/blog\/#organization"},"image":{"@id":"https:\/\/www.saludonnet.com\/blog\/rutina-de-skin-care-orden-correcto-por-edad-y-temporada\/#primaryimage"},"thumbnailUrl":"https:\/\/soncdn.azureedge.net\/blog\/wp-content\/uploads\/skin-care.jpg","keywords":["Consulta de Dermatolog\u00eda"],"articleSection":["Dermatolog\u00eda"],"inLanguage":"es","potentialAction":[{"@type":"CommentAction","name":"Comment","target":["https:\/\/www.saludonnet.com\/blog\/rutina-de-skin-care-orden-correcto-por-edad-y-temporada\/#respond"]}]},{"@type":"WebPage","@id":"https:\/\/www.saludonnet.com\/blog\/rutina-de-skin-care-orden-correcto-por-edad-y-temporada\/","url":"https:\/\/www.saludonnet.com\/blog\/rutina-de-skin-care-orden-correcto-por-edad-y-temporada\/","name":"Rutina de skin care: orden correcto, por edad y temporada - Blog SaludOnNet","isPartOf":{"@id":"https:\/\/www.saludonnet.com\/blog\/#website"},"primaryImageOfPage":{"@id":"https:\/\/www.saludonnet.com\/blog\/rutina-de-skin-care-orden-correcto-por-edad-y-temporada\/#primaryimage"},"image":{"@id":"https:\/\/www.saludonnet.com\/blog\/rutina-de-skin-care-orden-correcto-por-edad-y-temporada\/#primaryimage"},"thumbnailUrl":"https:\/\/soncdn.azureedge.net\/blog\/wp-content\/uploads\/skin-care.jpg","datePublished":"2025-07-29T08:43:41+00:00","dateModified":"2025-07-30T08:43:47+00:00","description":"Descubre el orden correcto de una rutina skin care, c\u00f3mo adaptarla seg\u00fan la edad y estaci\u00f3n del a\u00f1o, y qu\u00e9 va primero: \u00bfel s\u00e9rum o la crema?","breadcrumb":{"@id":"https:\/\/www.saludonnet.com\/blog\/rutina-de-skin-care-orden-correcto-por-edad-y-temporada\/#breadcrumb"},"inLanguage":"es","potentialAction":[{"@type":"ReadAction","target":["https:\/\/www.saludonnet.com\/blog\/rutina-de-skin-care-orden-correcto-por-edad-y-temporada\/"]}]},{"@type":"ImageObject","inLanguage":"es","@id":"https:\/\/www.saludonnet.com\/blog\/rutina-de-skin-care-orden-correcto-por-edad-y-temporada\/#primaryimage","url":"https:\/\/soncdn.azureedge.net\/blog\/wp-content\/uploads\/skin-care.jpg","contentUrl":"https:\/\/soncdn.azureedge.net\/blog\/wp-content\/uploads\/skin-care.jpg","width":800,"height":400,"caption":"mujer rutina skin care"},{"@type":"BreadcrumbList","@id":"https:\/\/www.saludonnet.com\/blog\/rutina-de-skin-care-orden-correcto-por-edad-y-temporada\/#breadcrumb","itemListElement":[{"@type":"ListItem","position":1,"name":"Portada","item":"https:\/\/www.saludonnet.com\/blog\/"},{"@type":"ListItem","position":2,"name":"Dermatolog\u00eda","item":"https:\/\/www.saludonnet.com\/blog\/topic\/dermatologia\/"},{"@type":"ListItem","position":3,"name":"Rutina de skin care: orden correcto, por edad y temporada"}]},{"@type":"WebSite","@id":"https:\/\/www.saludonnet.com\/blog\/#website","url":"https:\/\/www.saludonnet.com\/blog\/","name":"Blog SaludOnNet","description":"Un espacio donde encontrar\u00e1s consejos y art\u00edculos para cuidar de tu salud","publisher":{"@id":"https:\/\/www.saludonnet.com\/blog\/#organization"},"potentialAction":[{"@type":"SearchAction","target":{"@type":"EntryPoint","urlTemplate":"https:\/\/www.saludonnet.com\/blog\/?s={search_term_string}"},"query-input":{"@type":"PropertyValueSpecification","valueRequired":true,"valueName":"search_term_string"}}],"inLanguage":"es"},{"@type":"Organization","@id":"https:\/\/www.saludonnet.com\/blog\/#organization","name":"SaludOnNet","url":"https:\/\/www.saludonnet.com\/blog\/","logo":{"@type":"ImageObject","inLanguage":"es","@id":"https:\/\/www.saludonnet.com\/blog\/#\/schema\/logo\/image\/","url":"https:\/\/www.saludonnet.com\/blog\/wp-content\/uploads\/2019\/07\/Logo-SaludOnNet.png","contentUrl":"https:\/\/www.saludonnet.com\/blog\/wp-content\/uploads\/2019\/07\/Logo-SaludOnNet.png","width":1140,"height":377,"caption":"SaludOnNet"},"image":{"@id":"https:\/\/www.saludonnet.com\/blog\/#\/schema\/logo\/image\/"},"sameAs":["https:\/\/www.facebook.com\/pages\/SaludOnNet\/214957498526536","https:\/\/x.com\/saludonnet","https:\/\/www.instagram.com\/saludonnet\/","https:\/\/www.linkedin.com\/company\/saludonnet\/","https:\/\/www.youtube.com\/channel\/UCag68GsnagqzNb6C3G-S9vQ"]},{"@type":"Person","@id":"https:\/\/www.saludonnet.com\/blog\/#\/schema\/person\/bf3abe40db6871e2b2a135ad632e96c6","name":"Dr. Francisco G\u00f3mez Gil","image":{"@type":"ImageObject","inLanguage":"es","@id":"https:\/\/secure.gravatar.com\/avatar\/543c7dddba8fd86f5220d474937015dceae74668ce0f8f0b343ff7d77f3a6b17?s=96&d=mm&r=g","url":"https:\/\/secure.gravatar.com\/avatar\/543c7dddba8fd86f5220d474937015dceae74668ce0f8f0b343ff7d77f3a6b17?s=96&d=mm&r=g","contentUrl":"https:\/\/secure.gravatar.com\/avatar\/543c7dddba8fd86f5220d474937015dceae74668ce0f8f0b343ff7d77f3a6b17?s=96&d=mm&r=g","caption":"Dr. Francisco G\u00f3mez Gil"},"description":"Pod\u00f3logo","url":"https:\/\/www.saludonnet.com\/blog\/author\/francisco-gomez-gil\/"}]}},"acf":[],"_links":{"self":[{"href":"https:\/\/www.saludonnet.com\/blog\/wp-json\/wp\/v2\/posts\/20403","targetHints":{"allow":["GET"]}}],"collection":[{"href":"https:\/\/www.saludonnet.com\/blog\/wp-json\/wp\/v2\/posts"}],"about":[{"href":"https:\/\/www.saludonnet.com\/blog\/wp-json\/wp\/v2\/types\/post"}],"author":[{"embeddable":true,"href":"https:\/\/www.saludonnet.com\/blog\/wp-json\/wp\/v2\/users\/15"}],"replies":[{"embeddable":true,"href":"https:\/\/www.saludonnet.com\/blog\/wp-json\/wp\/v2\/comments?post=20403"}],"version-history":[{"count":9,"href":"https:\/\/www.saludonnet.com\/blog\/wp-json\/wp\/v2\/posts\/20403\/revisions"}],"predecessor-version":[{"id":20446,"href":"https:\/\/www.saludonnet.com\/blog\/wp-json\/wp\/v2\/posts\/20403\/revisions\/20446"}],"wp:featuredmedia":[{"embeddable":true,"href":"https:\/\/www.saludonnet.com\/blog\/wp-json\/wp\/v2\/media\/20440"}],"wp:attachment":[{"href":"https:\/\/www.saludonnet.com\/blog\/wp-json\/wp\/v2\/media?parent=20403"}],"wp:term":[{"taxonomy":"category","embeddable":true,"href":"https:\/\/www.saludonnet.com\/blog\/wp-json\/wp\/v2\/categories?post=20403"},{"taxonomy":"post_tag","embeddable":true,"href":"https:\/\/www.saludonnet.com\/blog\/wp-json\/wp\/v2\/tags?post=20403"}],"curies":[{"name":"wp","href":"https:\/\/api.w.org\/{rel}","templated":true}]}}