{"id":20059,"date":"2025-06-16T14:04:19","date_gmt":"2025-06-16T12:04:19","guid":{"rendered":"https:\/\/www.saludonnet.com\/blog\/?p=20059"},"modified":"2025-09-17T12:38:28","modified_gmt":"2025-09-17T10:38:28","slug":"problemas-de-salud-mas-comunes-en-verano-y-como-prevenirlos","status":"publish","type":"post","link":"https:\/\/www.saludonnet.com\/blog\/problemas-de-salud-mas-comunes-en-verano-y-como-prevenirlos\/","title":{"rendered":"Problemas de salud m\u00e1s comunes en verano y c\u00f3mo prevenirlos"},"content":{"rendered":"\n<p>Con la llegada del verano, las altas temperaturas, el aumento de la exposici\u00f3n solar, los cambios en la alimentaci\u00f3n y los viajes pueden desencadenar una serie de problemas de salud. Algunos de ellos son leves y f\u00e1ciles de prevenir, mientras que otros pueden requerir atenci\u00f3n m\u00e9dica. Conocerlos permite actuar con rapidez y reducir riesgos innecesarios.<\/p>\n\n\n\n<h2 class=\"wp-block-heading\">1. Golpe de calor y deshidrataci\u00f3n<\/h2>\n\n\n\n<p>Las temperaturas elevadas aumentan el riesgo de sufrir un golpe de calor, especialmente en personas mayores, ni\u00f1os peque\u00f1os y personas con enfermedades cr\u00f3nicas. Tambi\u00e9n se incrementa la p\u00e9rdida de l\u00edquidos, lo que puede <a href=\"https:\/\/www.saludonnet.com\/blog\/efectos-de-la-deshidratacion-en-el-cuerpo\/\">provocar deshidrataci\u00f3n<\/a>.<\/p>\n\n\n\n<p><strong>S\u00edntomas frecuentes:<\/strong> mareo, debilidad, dolor de cabeza, piel enrojecida y caliente, temperatura corporal elevada y, en casos graves, p\u00e9rdida de conciencia.<\/p>\n\n\n\n<p><strong>Consejos de prevenci\u00f3n:<\/strong><\/p>\n\n\n\n<ul class=\"wp-block-list\">\n<li><strong>Beber agua con frecuencia:<\/strong> La hidrataci\u00f3n es esencial para regular la temperatura corporal. No basta con tomar l\u00edquidos cuando se tiene sed; se recomienda ingerir al menos dos litros de agua al d\u00eda, incluso m\u00e1s si se suda mucho o se realiza actividad f\u00edsica.<\/li>\n\n\n\n<li><strong>Evitar el sol en horas punta:<\/strong> Entre las 12 y las 17 h es cuando el riesgo de insolaci\u00f3n y golpe de calor es mayor. Durante esas horas, lo ideal es permanecer en espacios cerrados y frescos.<\/li>\n\n\n\n<li><strong>Usar ropa adecuada:<\/strong> Las prendas de algod\u00f3n, ligeras y de colores claros ayudan a que el cuerpo se mantenga fresco y a reducir la sudoraci\u00f3n excesiva.<\/li>\n\n\n\n<li><strong>No realizar esfuerzos f\u00edsicos intensos al aire libre:<\/strong> Es preferible hacer ejercicio por la ma\u00f1ana o al final del d\u00eda, cuando las temperaturas son m\u00e1s suaves.<\/li>\n<\/ul>\n\n\n\n<h2 class=\"wp-block-heading\">2. Problemas gastrointestinales<\/h2>\n\n\n\n<p>El calor favorece la proliferaci\u00f3n de bacterias en los alimentos, lo que incrementa los casos de intoxicaciones alimentarias y gastroenteritis.<\/p>\n\n\n\n<p><strong>S\u00edntomas m\u00e1s comunes:<\/strong> v\u00f3mitos, diarrea, dolor abdominal y, a veces, fiebre.<\/p>\n\n\n\n<p><strong>Medidas preventivas:<\/strong><\/p>\n\n\n\n<ul class=\"wp-block-list\">\n<li><strong>Lavar bien las manos y utensilios:<\/strong> La higiene es la primera barrera frente a las infecciones alimentarias. Antes de manipular comida o comer, es importante lavarse bien las manos con agua y jab\u00f3n.<\/li>\n\n\n\n<li><strong>Conservar adecuadamente los alimentos:<\/strong> <a href=\"https:\/\/www.saludonnet.com\/blog\/descongelar-la-comida-al-aire-libre-un-mal-habito-con-riesgos-para-la-salud\/\">La cadena de fr\u00edo nunca debe romperse<\/a>. Carnes, l\u00e1cteos y mariscos deben mantenerse refrigerados y consumirse pronto tras su preparaci\u00f3n.<\/li>\n\n\n\n<li><strong>Evitar consumir alimentos crudos en condiciones dudosas:<\/strong> Mariscos, ensaladas mal lavadas o productos l\u00e1cteos sin refrigerar pueden ser portadores de bacterias peligrosas.<\/li>\n<\/ul>\n\n\n\n<h2 class=\"wp-block-heading\">3. Quemaduras solares<\/h2>\n\n\n\n<p>La exposici\u00f3n prolongada al sol sin protecci\u00f3n puede causar da\u00f1os graves en la piel. M\u00e1s all\u00e1 de las quemaduras visibles, la radiaci\u00f3n UV puede acumular da\u00f1o celular y favorecer el desarrollo de c\u00e1ncer cut\u00e1neo.<\/p>\n\n\n\n<p><strong>Recomendaciones clave:<\/strong><\/p>\n\n\n\n<ul class=\"wp-block-list\">\n<li><strong><a href=\"https:\/\/www.saludonnet.com\/blog\/la-importancia-de-la-proteccion-solar-en-todas-las-estaciones\/\">Usar protector solar adecuado<\/a>:<\/strong> Con un FPS de al menos 30, resistente al agua, y renovarlo cada 2 horas, especialmente tras nadar o sudar.<\/li>\n\n\n\n<li><strong>Vestirse con ropa protectora:<\/strong> Camisetas de manga larga, sombreros de ala ancha y gafas de sol homologadas ayudan a proteger zonas sensibles.<\/li>\n\n\n\n<li><strong>Buscar la sombra:<\/strong> Especialmente entre las 12 y las 17 h, cuando la radiaci\u00f3n UV es m\u00e1s intensa.<\/li>\n<\/ul>\n\n\n\n<h2 class=\"wp-block-heading\">4. Picaduras de insectos<\/h2>\n\n\n\n<p><a href=\"https:\/\/www.saludonnet.com\/blog\/consejos-para-prevenir-las-picaduras-de-mosquitos\/\">Mosquitos, avispas y otros insectos<\/a> aumentan su actividad en verano. Adem\u00e1s del picor y la inflamaci\u00f3n, algunas picaduras pueden provocar reacciones al\u00e9rgicas o transmitir enfermedades.<\/p>\n\n\n\n<p><strong>Prevenci\u00f3n eficaz:<\/strong><\/p>\n\n\n\n<ul class=\"wp-block-list\">\n<li><strong>Usar repelente de insectos:<\/strong> Especialmente en zonas con vegetaci\u00f3n o cerca del agua estancada.<\/li>\n\n\n\n<li><strong>Evitar perfumes intensos y ropa llamativa:<\/strong> Los colores vivos y los olores dulces atraen a los insectos, sobre todo a las avispas.<\/li>\n\n\n\n<li><strong>Instalar mosquiteras:<\/strong> Tanto en casa como en alojamientos vacacionales, son una barrera eficaz contra los mosquitos.<\/li>\n<\/ul>\n\n\n\n<h2 class=\"wp-block-heading\">5. Infecciones urinarias en verano<\/h2>\n\n\n\n<p>El calor y el sudor favorecen la deshidrataci\u00f3n, reduciendo la frecuencia urinaria y facilitando la proliferaci\u00f3n bacteriana en las v\u00edas urinarias.<\/p>\n\n\n\n<p><strong>Recomendaciones para evitar <a href=\"https:\/\/www.saludonnet.com\/blog\/prevencion-sintomas-y-tratamiento-de-una-infeccion-de-orina\/\">cistitis<\/a>:<\/strong><\/p>\n\n\n\n<ul class=\"wp-block-list\">\n<li><strong>Beber agua en abundancia:<\/strong> Mantener una buena hidrataci\u00f3n estimula la producci\u00f3n de orina y arrastra las bacterias del tracto urinario.<\/li>\n\n\n\n<li><strong>Evitar la ropa ajustada y los tejidos sint\u00e9ticos:<\/strong> Favorecen la humedad y el crecimiento de microorganismos.<\/li>\n\n\n\n<li><strong>Orinar despu\u00e9s de mantener relaciones sexuales:<\/strong> Este h\u00e1bito ayuda a eliminar bacterias que pueden haber accedido a la uretra.<\/li>\n<\/ul>\n\n\n\n<h2 class=\"wp-block-heading\">6. Otitis del nadador<\/h2>\n\n\n\n<p>Tambi\u00e9n conocida como otitis externa, es una infecci\u00f3n del o\u00eddo provocada por la humedad retenida tras nadar, especialmente en piscinas.<\/p>\n\n\n\n<p><strong>S\u00edntomas frecuentes:<\/strong> dolor de o\u00eddo, picor, sensaci\u00f3n de o\u00eddo tapado y, a veces, secreci\u00f3n.<\/p>\n\n\n\n<p><strong>Consejos pr\u00e1cticos:<\/strong><\/p>\n\n\n\n<ul class=\"wp-block-list\">\n<li><strong>Secar bien los o\u00eddos tras el ba\u00f1o:<\/strong> Con una toalla o inclinando la cabeza para eliminar el agua retenida.<\/li>\n\n\n\n<li><strong>No introducir objetos en el o\u00eddo:<\/strong> Bastoncillos, horquillas o dedos pueden da\u00f1ar el canal auditivo y favorecer la infecci\u00f3n.<\/li>\n\n\n\n<li><strong>Usar tapones espec\u00edficos para nadar:<\/strong> Son \u00fatiles en personas propensas a esta infecci\u00f3n.<\/li>\n<\/ul>\n\n\n\n<h2 class=\"wp-block-heading\">7. Alergias estivales<\/h2>\n\n\n\n<p>En verano aumentan las alergias respiratorias, cut\u00e1neas y alimentarias debido a la exposici\u00f3n a p\u00f3lenes, cloro de piscinas, picaduras o nuevos alimentos.<\/p>\n\n\n\n<p><strong>Recomendaciones \u00fatiles:<\/strong><\/p>\n\n\n\n<ul class=\"wp-block-list\">\n<li><strong>Identificar el al\u00e9rgeno:<\/strong> Mediante pruebas m\u00e9dicas se puede confirmar qu\u00e9 sustancia provoca la reacci\u00f3n y evitarla.<\/li>\n\n\n\n<li><strong>Llevar siempre la medicaci\u00f3n necesaria:<\/strong> Quienes padecen alergias graves deben portar antihistam\u00ednicos o auto inyectores de adrenalina.<\/li>\n\n\n\n<li><strong><a href=\"https:\/\/www.saludonnet.com\/blog\/cuales-son-las-alergias-mas-frecuentes-en-verano\/\">Evitar al\u00e9rgenos comunes<\/a>:<\/strong> Como frutas con piel fina, mariscos o frutos secos, si se desconoce la tolerancia personal.<\/li>\n<\/ul>\n\n\n\n<h2 class=\"wp-block-heading\">8. Conjuntivitis y problemas oculares<\/h2>\n\n\n\n<p>La combinaci\u00f3n de sol, cloro y sal puede irritar los ojos y <a href=\"https:\/\/www.saludonnet.com\/blog\/conjuntivitis-virica-bacteriana-o-alergica\/\">favorecer infecciones oculares<\/a>.<\/p>\n\n\n\n<p><strong>Consejos para cuidar los ojos:<\/strong><\/p>\n\n\n\n<ul class=\"wp-block-list\">\n<li><strong>Usar gafas de sol con protecci\u00f3n UV:<\/strong> No todas las gafas oscuras filtran los rayos UV. Es importante que est\u00e9n homologadas.<\/li>\n\n\n\n<li><strong>Evitar tocarse los ojos:<\/strong> Sobre todo con las manos sucias, ya que pueden introducir bacterias.<\/li>\n\n\n\n<li><strong>Protegerse al nadar:<\/strong> Con gafas acu\u00e1ticas en piscinas y en el mar.<\/li>\n<\/ul>\n\n\n\n<h2 class=\"wp-block-heading\">9. Hongos en la piel y los pies<\/h2>\n\n\n\n<p>El ambiente c\u00e1lido y h\u00famedo favorece las infecciones por hongos, como el pie de atleta o la candidiasis cut\u00e1nea, sobre todo en verano.<\/p>\n\n\n\n<p><strong>Formas de prevenci\u00f3n:<\/strong><\/p>\n\n\n\n<ul class=\"wp-block-list\">\n<li><strong>Mantener la piel seca:<\/strong> Especialmente entre los dedos de los pies, en las axilas y en la zona inguinal.<\/li>\n\n\n\n<li><strong>Evitar caminar descalzo en duchas p\u00fablicas:<\/strong> El contacto con superficies h\u00famedas contaminadas favorece el contagio.<\/li>\n\n\n\n<li><strong>Cambiar de ropa interior y calcetines a diario:<\/strong> Y optar por tejidos transpirables como el algod\u00f3n.<\/li>\n<\/ul>\n\n\n\n<h2 class=\"wp-block-heading\">10. Mareo en los viajes (cinetosis)<\/h2>\n\n\n\n<p>El movimiento del veh\u00edculo puede desorientar el o\u00eddo interno y provocar mareos, especialmente en ni\u00f1os.<\/p>\n\n\n\n<p><strong>C\u00f3mo prevenirlo:<\/strong><\/p>\n\n\n\n<ul class=\"wp-block-list\">\n<li><strong>Comer ligero antes de viajar:<\/strong> Evitar comidas copiosas o grasas.<\/li>\n\n\n\n<li><strong>Elegir bien el asiento:<\/strong> Lo ideal es estar en la parte m\u00e1s estable del veh\u00edculo (centro del barco, ventanilla en coche o tren).<\/li>\n\n\n\n<li><strong>Mirar al horizonte y evitar pantallas:<\/strong> Esto ayuda a estabilizar la percepci\u00f3n del movimiento.<\/li>\n<\/ul>\n\n\n\n<h2 class=\"wp-block-heading\">11. Cambios en el sue\u00f1o<\/h2>\n\n\n\n<p>Las noches calurosas pueden dificultar el descanso y provocar insomnio o fatiga acumulada.<\/p>\n\n\n\n<p><strong>Consejos para dormir mejor en verano:<\/strong><\/p>\n\n\n\n<ul class=\"wp-block-list\">\n<li><strong>Refrescar la habitaci\u00f3n antes de dormir:<\/strong> Abrir ventanas o usar ventiladores puede reducir la sensaci\u00f3n t\u00e9rmica.<\/li>\n\n\n\n<li><strong>Evitar bebidas con cafe\u00edna o alcohol:<\/strong> Ambas pueden alterar el ciclo del sue\u00f1o.<\/li>\n\n\n\n<li><strong>Mantener horarios regulares:<\/strong> Acostarse y levantarse siempre a la misma hora ayuda a regular el ritmo circadiano.<\/li>\n<\/ul>\n\n\n\n<p>Durante el verano, el cuerpo se adapta a nuevas condiciones ambientales que pueden ponerlo a prueba. Con una correcta prevenci\u00f3n y atenci\u00f3n a los signos tempranos, es posible disfrutar de la temporada estival con bienestar y seguridad. La hidrataci\u00f3n, la higiene, la protecci\u00f3n solar y la alimentaci\u00f3n equilibrada son pilares clave para evitar complicaciones de salud. Y si surgen dudas o aparecen s\u00edntomas persistentes, es fundamental consultar a un profesional m\u00e9dico. En <strong>SaludOnNet <\/strong>contamos con especialistas dispuestos a ayudarte en lo que necesites, sin esperas y a unos precios muy competitivos.<\/p>\n","protected":false},"excerpt":{"rendered":"<p>Problemas de salud en verano como deshidrataci\u00f3n, otitis, infecciones o alergias pueden prevenirse con medidas simples. Conoce c\u00f3mo cuidarte.<\/p>\n","protected":false},"author":22,"featured_media":20098,"comment_status":"open","ping_status":"open","sticky":false,"template":"","format":"standard","meta":{"footnotes":""},"categories":[56],"tags":[237],"class_list":["post-20059","post","type-post","status-publish","format-standard","has-post-thumbnail","hentry","category-medicina-general","tag-1-consulta"],"yoast_head":"<!-- This site is optimized with the Yoast SEO plugin v27.5 - https:\/\/yoast.com\/product\/yoast-seo-wordpress\/ -->\n<title>Problemas de salud m\u00e1s comunes en verano y c\u00f3mo prevenirlos - Blog SaludOnNet<\/title>\n<meta name=\"description\" content=\"Problemas de salud en verano como deshidrataci\u00f3n, otitis, infecciones o alergias pueden prevenirse con medidas simples. Conoce c\u00f3mo cuidarte.\" \/>\n<meta name=\"robots\" content=\"index, follow, max-snippet:-1, max-image-preview:large, max-video-preview:-1\" \/>\n<link rel=\"canonical\" href=\"https:\/\/www.saludonnet.com\/blog\/problemas-de-salud-mas-comunes-en-verano-y-como-prevenirlos\/\" \/>\n<meta property=\"og:locale\" content=\"es_ES\" \/>\n<meta property=\"og:type\" content=\"article\" \/>\n<meta property=\"og:title\" content=\"Problemas de salud m\u00e1s comunes en verano y c\u00f3mo prevenirlos\" \/>\n<meta property=\"og:description\" content=\"Problemas de salud en verano como deshidrataci\u00f3n, otitis, infecciones o alergias pueden prevenirse con medidas simples. Conoce c\u00f3mo cuidarte.\" \/>\n<meta property=\"og:url\" content=\"https:\/\/www.saludonnet.com\/blog\/problemas-de-salud-mas-comunes-en-verano-y-como-prevenirlos\/\" \/>\n<meta property=\"og:site_name\" content=\"Blog SaludOnNet\" \/>\n<meta property=\"article:publisher\" content=\"https:\/\/www.facebook.com\/pages\/SaludOnNet\/214957498526536\" \/>\n<meta property=\"article:published_time\" content=\"2025-06-16T12:04:19+00:00\" \/>\n<meta property=\"article:modified_time\" content=\"2025-09-17T10:38:28+00:00\" \/>\n<meta property=\"og:image\" content=\"https:\/\/www.saludonnet.com\/blog\/wp-content\/uploads\/verano.jpg\" \/>\n\t<meta property=\"og:image:width\" content=\"800\" \/>\n\t<meta property=\"og:image:height\" content=\"400\" \/>\n\t<meta property=\"og:image:type\" content=\"image\/jpeg\" \/>\n<meta name=\"author\" content=\"Dra. Juliana Parisi\" \/>\n<meta name=\"twitter:card\" content=\"summary_large_image\" \/>\n<meta name=\"twitter:title\" content=\"Problemas de salud m\u00e1s comunes en verano y c\u00f3mo prevenirlos\" \/>\n<meta name=\"twitter:description\" content=\"Problemas de salud en verano como deshidrataci\u00f3n, otitis, infecciones o alergias pueden prevenirse con medidas simples. Conoce c\u00f3mo cuidarte.\" \/>\n<meta name=\"twitter:image\" content=\"https:\/\/soncdn.azureedge.net\/blog\/wp-content\/uploads\/verano.jpg\" \/>\n<meta name=\"twitter:creator\" content=\"@saludonnet\" \/>\n<meta name=\"twitter:site\" content=\"@saludonnet\" \/>\n<meta name=\"twitter:label1\" content=\"Escrito por\" \/>\n\t<meta name=\"twitter:data1\" content=\"Dra. Juliana Parisi\" \/>\n\t<meta name=\"twitter:label2\" content=\"Tiempo de lectura\" \/>\n\t<meta name=\"twitter:data2\" content=\"6 minutos\" \/>\n<script type=\"application\/ld+json\" class=\"yoast-schema-graph\">{\"@context\":\"https:\\\/\\\/schema.org\",\"@graph\":[{\"@type\":\"Article\",\"@id\":\"https:\\\/\\\/www.saludonnet.com\\\/blog\\\/problemas-de-salud-mas-comunes-en-verano-y-como-prevenirlos\\\/#article\",\"isPartOf\":{\"@id\":\"https:\\\/\\\/www.saludonnet.com\\\/blog\\\/problemas-de-salud-mas-comunes-en-verano-y-como-prevenirlos\\\/\"},\"author\":{\"name\":\"Dra. Juliana Parisi\",\"@id\":\"https:\\\/\\\/www.saludonnet.com\\\/blog\\\/#\\\/schema\\\/person\\\/4f4a6001e97d78402223fdb6ddde24b4\"},\"headline\":\"Problemas de salud m\u00e1s comunes en verano y c\u00f3mo prevenirlos\",\"datePublished\":\"2025-06-16T12:04:19+00:00\",\"dateModified\":\"2025-09-17T10:38:28+00:00\",\"mainEntityOfPage\":{\"@id\":\"https:\\\/\\\/www.saludonnet.com\\\/blog\\\/problemas-de-salud-mas-comunes-en-verano-y-como-prevenirlos\\\/\"},\"wordCount\":1307,\"commentCount\":0,\"publisher\":{\"@id\":\"https:\\\/\\\/www.saludonnet.com\\\/blog\\\/#organization\"},\"image\":{\"@id\":\"https:\\\/\\\/www.saludonnet.com\\\/blog\\\/problemas-de-salud-mas-comunes-en-verano-y-como-prevenirlos\\\/#primaryimage\"},\"thumbnailUrl\":\"https:\\\/\\\/soncdn.azureedge.net\\\/blog\\\/wp-content\\\/uploads\\\/verano.jpg\",\"keywords\":[\"Consulta de Medicina General\"],\"articleSection\":[\"Medicina General\"],\"inLanguage\":\"es\",\"potentialAction\":[{\"@type\":\"CommentAction\",\"name\":\"Comment\",\"target\":[\"https:\\\/\\\/www.saludonnet.com\\\/blog\\\/problemas-de-salud-mas-comunes-en-verano-y-como-prevenirlos\\\/#respond\"]}]},{\"@type\":\"WebPage\",\"@id\":\"https:\\\/\\\/www.saludonnet.com\\\/blog\\\/problemas-de-salud-mas-comunes-en-verano-y-como-prevenirlos\\\/\",\"url\":\"https:\\\/\\\/www.saludonnet.com\\\/blog\\\/problemas-de-salud-mas-comunes-en-verano-y-como-prevenirlos\\\/\",\"name\":\"Problemas de salud m\u00e1s comunes en verano y c\u00f3mo prevenirlos - Blog SaludOnNet\",\"isPartOf\":{\"@id\":\"https:\\\/\\\/www.saludonnet.com\\\/blog\\\/#website\"},\"primaryImageOfPage\":{\"@id\":\"https:\\\/\\\/www.saludonnet.com\\\/blog\\\/problemas-de-salud-mas-comunes-en-verano-y-como-prevenirlos\\\/#primaryimage\"},\"image\":{\"@id\":\"https:\\\/\\\/www.saludonnet.com\\\/blog\\\/problemas-de-salud-mas-comunes-en-verano-y-como-prevenirlos\\\/#primaryimage\"},\"thumbnailUrl\":\"https:\\\/\\\/soncdn.azureedge.net\\\/blog\\\/wp-content\\\/uploads\\\/verano.jpg\",\"datePublished\":\"2025-06-16T12:04:19+00:00\",\"dateModified\":\"2025-09-17T10:38:28+00:00\",\"description\":\"Problemas de salud en verano como deshidrataci\u00f3n, otitis, infecciones o alergias pueden prevenirse con medidas simples. Conoce c\u00f3mo cuidarte.\",\"breadcrumb\":{\"@id\":\"https:\\\/\\\/www.saludonnet.com\\\/blog\\\/problemas-de-salud-mas-comunes-en-verano-y-como-prevenirlos\\\/#breadcrumb\"},\"inLanguage\":\"es\",\"potentialAction\":[{\"@type\":\"ReadAction\",\"target\":[\"https:\\\/\\\/www.saludonnet.com\\\/blog\\\/problemas-de-salud-mas-comunes-en-verano-y-como-prevenirlos\\\/\"]}]},{\"@type\":\"ImageObject\",\"inLanguage\":\"es\",\"@id\":\"https:\\\/\\\/www.saludonnet.com\\\/blog\\\/problemas-de-salud-mas-comunes-en-verano-y-como-prevenirlos\\\/#primaryimage\",\"url\":\"https:\\\/\\\/soncdn.azureedge.net\\\/blog\\\/wp-content\\\/uploads\\\/verano.jpg\",\"contentUrl\":\"https:\\\/\\\/soncdn.azureedge.net\\\/blog\\\/wp-content\\\/uploads\\\/verano.jpg\",\"width\":800,\"height\":400,\"caption\":\"salud en verano\"},{\"@type\":\"BreadcrumbList\",\"@id\":\"https:\\\/\\\/www.saludonnet.com\\\/blog\\\/problemas-de-salud-mas-comunes-en-verano-y-como-prevenirlos\\\/#breadcrumb\",\"itemListElement\":[{\"@type\":\"ListItem\",\"position\":1,\"name\":\"Portada\",\"item\":\"https:\\\/\\\/www.saludonnet.com\\\/blog\\\/\"},{\"@type\":\"ListItem\",\"position\":2,\"name\":\"Medicina General\",\"item\":\"https:\\\/\\\/www.saludonnet.com\\\/blog\\\/topic\\\/medicina-general\\\/\"},{\"@type\":\"ListItem\",\"position\":3,\"name\":\"Problemas de salud m\u00e1s comunes en verano y c\u00f3mo prevenirlos\"}]},{\"@type\":\"WebSite\",\"@id\":\"https:\\\/\\\/www.saludonnet.com\\\/blog\\\/#website\",\"url\":\"https:\\\/\\\/www.saludonnet.com\\\/blog\\\/\",\"name\":\"Blog SaludOnNet\",\"description\":\"Un espacio donde encontrar\u00e1s consejos y art\u00edculos para cuidar de tu salud\",\"publisher\":{\"@id\":\"https:\\\/\\\/www.saludonnet.com\\\/blog\\\/#organization\"},\"potentialAction\":[{\"@type\":\"SearchAction\",\"target\":{\"@type\":\"EntryPoint\",\"urlTemplate\":\"https:\\\/\\\/www.saludonnet.com\\\/blog\\\/?s={search_term_string}\"},\"query-input\":{\"@type\":\"PropertyValueSpecification\",\"valueRequired\":true,\"valueName\":\"search_term_string\"}}],\"inLanguage\":\"es\"},{\"@type\":\"Organization\",\"@id\":\"https:\\\/\\\/www.saludonnet.com\\\/blog\\\/#organization\",\"name\":\"SaludOnNet\",\"url\":\"https:\\\/\\\/www.saludonnet.com\\\/blog\\\/\",\"logo\":{\"@type\":\"ImageObject\",\"inLanguage\":\"es\",\"@id\":\"https:\\\/\\\/www.saludonnet.com\\\/blog\\\/#\\\/schema\\\/logo\\\/image\\\/\",\"url\":\"https:\\\/\\\/www.saludonnet.com\\\/blog\\\/wp-content\\\/uploads\\\/2019\\\/07\\\/Logo-SaludOnNet.png\",\"contentUrl\":\"https:\\\/\\\/www.saludonnet.com\\\/blog\\\/wp-content\\\/uploads\\\/2019\\\/07\\\/Logo-SaludOnNet.png\",\"width\":1140,\"height\":377,\"caption\":\"SaludOnNet\"},\"image\":{\"@id\":\"https:\\\/\\\/www.saludonnet.com\\\/blog\\\/#\\\/schema\\\/logo\\\/image\\\/\"},\"sameAs\":[\"https:\\\/\\\/www.facebook.com\\\/pages\\\/SaludOnNet\\\/214957498526536\",\"https:\\\/\\\/x.com\\\/saludonnet\",\"https:\\\/\\\/www.instagram.com\\\/saludonnet\\\/\",\"https:\\\/\\\/www.linkedin.com\\\/company\\\/saludonnet\\\/\",\"https:\\\/\\\/www.youtube.com\\\/channel\\\/UCag68GsnagqzNb6C3G-S9vQ\"]},{\"@type\":\"Person\",\"@id\":\"https:\\\/\\\/www.saludonnet.com\\\/blog\\\/#\\\/schema\\\/person\\\/4f4a6001e97d78402223fdb6ddde24b4\",\"name\":\"Dra. Juliana Parisi\",\"image\":{\"@type\":\"ImageObject\",\"inLanguage\":\"es\",\"@id\":\"https:\\\/\\\/secure.gravatar.com\\\/avatar\\\/8d15149be38c82426ae134d3f46104db550e31f436dbd92925d8c6f6328231bd?s=96&d=mm&r=g\",\"url\":\"https:\\\/\\\/secure.gravatar.com\\\/avatar\\\/8d15149be38c82426ae134d3f46104db550e31f436dbd92925d8c6f6328231bd?s=96&d=mm&r=g\",\"contentUrl\":\"https:\\\/\\\/secure.gravatar.com\\\/avatar\\\/8d15149be38c82426ae134d3f46104db550e31f436dbd92925d8c6f6328231bd?s=96&d=mm&r=g\",\"caption\":\"Dra. Juliana Parisi\"},\"description\":\"Medicina General\",\"url\":\"https:\\\/\\\/www.saludonnet.com\\\/blog\\\/author\\\/juliana-parisi\\\/\"}]}<\/script>\n<!-- \/ Yoast SEO plugin. -->","yoast_head_json":{"title":"Problemas de salud m\u00e1s comunes en verano y c\u00f3mo prevenirlos - Blog SaludOnNet","description":"Problemas de salud en verano como deshidrataci\u00f3n, otitis, infecciones o alergias pueden prevenirse con medidas simples. Conoce c\u00f3mo cuidarte.","robots":{"index":"index","follow":"follow","max-snippet":"max-snippet:-1","max-image-preview":"max-image-preview:large","max-video-preview":"max-video-preview:-1"},"canonical":"https:\/\/www.saludonnet.com\/blog\/problemas-de-salud-mas-comunes-en-verano-y-como-prevenirlos\/","og_locale":"es_ES","og_type":"article","og_title":"Problemas de salud m\u00e1s comunes en verano y c\u00f3mo prevenirlos","og_description":"Problemas de salud en verano como deshidrataci\u00f3n, otitis, infecciones o alergias pueden prevenirse con medidas simples. Conoce c\u00f3mo cuidarte.","og_url":"https:\/\/www.saludonnet.com\/blog\/problemas-de-salud-mas-comunes-en-verano-y-como-prevenirlos\/","og_site_name":"Blog SaludOnNet","article_publisher":"https:\/\/www.facebook.com\/pages\/SaludOnNet\/214957498526536","article_published_time":"2025-06-16T12:04:19+00:00","article_modified_time":"2025-09-17T10:38:28+00:00","og_image":[{"width":800,"height":400,"url":"https:\/\/www.saludonnet.com\/blog\/wp-content\/uploads\/verano.jpg","type":"image\/jpeg"}],"author":"Dra. Juliana Parisi","twitter_card":"summary_large_image","twitter_title":"Problemas de salud m\u00e1s comunes en verano y c\u00f3mo prevenirlos","twitter_description":"Problemas de salud en verano como deshidrataci\u00f3n, otitis, infecciones o alergias pueden prevenirse con medidas simples. Conoce c\u00f3mo cuidarte.","twitter_image":"https:\/\/soncdn.azureedge.net\/blog\/wp-content\/uploads\/verano.jpg","twitter_creator":"@saludonnet","twitter_site":"@saludonnet","twitter_misc":{"Escrito por":"Dra. Juliana Parisi","Tiempo de lectura":"6 minutos"},"schema":{"@context":"https:\/\/schema.org","@graph":[{"@type":"Article","@id":"https:\/\/www.saludonnet.com\/blog\/problemas-de-salud-mas-comunes-en-verano-y-como-prevenirlos\/#article","isPartOf":{"@id":"https:\/\/www.saludonnet.com\/blog\/problemas-de-salud-mas-comunes-en-verano-y-como-prevenirlos\/"},"author":{"name":"Dra. Juliana Parisi","@id":"https:\/\/www.saludonnet.com\/blog\/#\/schema\/person\/4f4a6001e97d78402223fdb6ddde24b4"},"headline":"Problemas de salud m\u00e1s comunes en verano y c\u00f3mo prevenirlos","datePublished":"2025-06-16T12:04:19+00:00","dateModified":"2025-09-17T10:38:28+00:00","mainEntityOfPage":{"@id":"https:\/\/www.saludonnet.com\/blog\/problemas-de-salud-mas-comunes-en-verano-y-como-prevenirlos\/"},"wordCount":1307,"commentCount":0,"publisher":{"@id":"https:\/\/www.saludonnet.com\/blog\/#organization"},"image":{"@id":"https:\/\/www.saludonnet.com\/blog\/problemas-de-salud-mas-comunes-en-verano-y-como-prevenirlos\/#primaryimage"},"thumbnailUrl":"https:\/\/soncdn.azureedge.net\/blog\/wp-content\/uploads\/verano.jpg","keywords":["Consulta de Medicina General"],"articleSection":["Medicina General"],"inLanguage":"es","potentialAction":[{"@type":"CommentAction","name":"Comment","target":["https:\/\/www.saludonnet.com\/blog\/problemas-de-salud-mas-comunes-en-verano-y-como-prevenirlos\/#respond"]}]},{"@type":"WebPage","@id":"https:\/\/www.saludonnet.com\/blog\/problemas-de-salud-mas-comunes-en-verano-y-como-prevenirlos\/","url":"https:\/\/www.saludonnet.com\/blog\/problemas-de-salud-mas-comunes-en-verano-y-como-prevenirlos\/","name":"Problemas de salud m\u00e1s comunes en verano y c\u00f3mo prevenirlos - Blog SaludOnNet","isPartOf":{"@id":"https:\/\/www.saludonnet.com\/blog\/#website"},"primaryImageOfPage":{"@id":"https:\/\/www.saludonnet.com\/blog\/problemas-de-salud-mas-comunes-en-verano-y-como-prevenirlos\/#primaryimage"},"image":{"@id":"https:\/\/www.saludonnet.com\/blog\/problemas-de-salud-mas-comunes-en-verano-y-como-prevenirlos\/#primaryimage"},"thumbnailUrl":"https:\/\/soncdn.azureedge.net\/blog\/wp-content\/uploads\/verano.jpg","datePublished":"2025-06-16T12:04:19+00:00","dateModified":"2025-09-17T10:38:28+00:00","description":"Problemas de salud en verano como deshidrataci\u00f3n, otitis, infecciones o alergias pueden prevenirse con medidas simples. Conoce c\u00f3mo cuidarte.","breadcrumb":{"@id":"https:\/\/www.saludonnet.com\/blog\/problemas-de-salud-mas-comunes-en-verano-y-como-prevenirlos\/#breadcrumb"},"inLanguage":"es","potentialAction":[{"@type":"ReadAction","target":["https:\/\/www.saludonnet.com\/blog\/problemas-de-salud-mas-comunes-en-verano-y-como-prevenirlos\/"]}]},{"@type":"ImageObject","inLanguage":"es","@id":"https:\/\/www.saludonnet.com\/blog\/problemas-de-salud-mas-comunes-en-verano-y-como-prevenirlos\/#primaryimage","url":"https:\/\/soncdn.azureedge.net\/blog\/wp-content\/uploads\/verano.jpg","contentUrl":"https:\/\/soncdn.azureedge.net\/blog\/wp-content\/uploads\/verano.jpg","width":800,"height":400,"caption":"salud en verano"},{"@type":"BreadcrumbList","@id":"https:\/\/www.saludonnet.com\/blog\/problemas-de-salud-mas-comunes-en-verano-y-como-prevenirlos\/#breadcrumb","itemListElement":[{"@type":"ListItem","position":1,"name":"Portada","item":"https:\/\/www.saludonnet.com\/blog\/"},{"@type":"ListItem","position":2,"name":"Medicina General","item":"https:\/\/www.saludonnet.com\/blog\/topic\/medicina-general\/"},{"@type":"ListItem","position":3,"name":"Problemas de salud m\u00e1s comunes en verano y c\u00f3mo prevenirlos"}]},{"@type":"WebSite","@id":"https:\/\/www.saludonnet.com\/blog\/#website","url":"https:\/\/www.saludonnet.com\/blog\/","name":"Blog SaludOnNet","description":"Un espacio donde encontrar\u00e1s consejos y art\u00edculos para cuidar de tu salud","publisher":{"@id":"https:\/\/www.saludonnet.com\/blog\/#organization"},"potentialAction":[{"@type":"SearchAction","target":{"@type":"EntryPoint","urlTemplate":"https:\/\/www.saludonnet.com\/blog\/?s={search_term_string}"},"query-input":{"@type":"PropertyValueSpecification","valueRequired":true,"valueName":"search_term_string"}}],"inLanguage":"es"},{"@type":"Organization","@id":"https:\/\/www.saludonnet.com\/blog\/#organization","name":"SaludOnNet","url":"https:\/\/www.saludonnet.com\/blog\/","logo":{"@type":"ImageObject","inLanguage":"es","@id":"https:\/\/www.saludonnet.com\/blog\/#\/schema\/logo\/image\/","url":"https:\/\/www.saludonnet.com\/blog\/wp-content\/uploads\/2019\/07\/Logo-SaludOnNet.png","contentUrl":"https:\/\/www.saludonnet.com\/blog\/wp-content\/uploads\/2019\/07\/Logo-SaludOnNet.png","width":1140,"height":377,"caption":"SaludOnNet"},"image":{"@id":"https:\/\/www.saludonnet.com\/blog\/#\/schema\/logo\/image\/"},"sameAs":["https:\/\/www.facebook.com\/pages\/SaludOnNet\/214957498526536","https:\/\/x.com\/saludonnet","https:\/\/www.instagram.com\/saludonnet\/","https:\/\/www.linkedin.com\/company\/saludonnet\/","https:\/\/www.youtube.com\/channel\/UCag68GsnagqzNb6C3G-S9vQ"]},{"@type":"Person","@id":"https:\/\/www.saludonnet.com\/blog\/#\/schema\/person\/4f4a6001e97d78402223fdb6ddde24b4","name":"Dra. Juliana Parisi","image":{"@type":"ImageObject","inLanguage":"es","@id":"https:\/\/secure.gravatar.com\/avatar\/8d15149be38c82426ae134d3f46104db550e31f436dbd92925d8c6f6328231bd?s=96&d=mm&r=g","url":"https:\/\/secure.gravatar.com\/avatar\/8d15149be38c82426ae134d3f46104db550e31f436dbd92925d8c6f6328231bd?s=96&d=mm&r=g","contentUrl":"https:\/\/secure.gravatar.com\/avatar\/8d15149be38c82426ae134d3f46104db550e31f436dbd92925d8c6f6328231bd?s=96&d=mm&r=g","caption":"Dra. Juliana Parisi"},"description":"Medicina General","url":"https:\/\/www.saludonnet.com\/blog\/author\/juliana-parisi\/"}]}},"acf":[],"_links":{"self":[{"href":"https:\/\/www.saludonnet.com\/blog\/wp-json\/wp\/v2\/posts\/20059","targetHints":{"allow":["GET"]}}],"collection":[{"href":"https:\/\/www.saludonnet.com\/blog\/wp-json\/wp\/v2\/posts"}],"about":[{"href":"https:\/\/www.saludonnet.com\/blog\/wp-json\/wp\/v2\/types\/post"}],"author":[{"embeddable":true,"href":"https:\/\/www.saludonnet.com\/blog\/wp-json\/wp\/v2\/users\/22"}],"replies":[{"embeddable":true,"href":"https:\/\/www.saludonnet.com\/blog\/wp-json\/wp\/v2\/comments?post=20059"}],"version-history":[{"count":8,"href":"https:\/\/www.saludonnet.com\/blog\/wp-json\/wp\/v2\/posts\/20059\/revisions"}],"predecessor-version":[{"id":20067,"href":"https:\/\/www.saludonnet.com\/blog\/wp-json\/wp\/v2\/posts\/20059\/revisions\/20067"}],"wp:featuredmedia":[{"embeddable":true,"href":"https:\/\/www.saludonnet.com\/blog\/wp-json\/wp\/v2\/media\/20098"}],"wp:attachment":[{"href":"https:\/\/www.saludonnet.com\/blog\/wp-json\/wp\/v2\/media?parent=20059"}],"wp:term":[{"taxonomy":"category","embeddable":true,"href":"https:\/\/www.saludonnet.com\/blog\/wp-json\/wp\/v2\/categories?post=20059"},{"taxonomy":"post_tag","embeddable":true,"href":"https:\/\/www.saludonnet.com\/blog\/wp-json\/wp\/v2\/tags?post=20059"}],"curies":[{"name":"wp","href":"https:\/\/api.w.org\/{rel}","templated":true}]}}