{"id":19940,"date":"2025-06-02T15:07:11","date_gmt":"2025-06-02T13:07:11","guid":{"rendered":"https:\/\/www.saludonnet.com\/blog\/?p=19940"},"modified":"2025-09-17T12:36:57","modified_gmt":"2025-09-17T10:36:57","slug":"nb-1-8-1-nueva-variante-del-covid-19-con-rapida-propagacion","status":"publish","type":"post","link":"https:\/\/www.saludonnet.com\/blog\/nb-1-8-1-nueva-variante-del-covid-19-con-rapida-propagacion\/","title":{"rendered":"NB.1.8.1: Nueva variante del COVID-19 con r\u00e1pida propagaci\u00f3n"},"content":{"rendered":"\n<p>La evoluci\u00f3n del SARS-CoV-2 contin\u00faa generando nuevas variantes que captan la atenci\u00f3n de la comunidad cient\u00edfica y sanitaria. Una de las m\u00e1s recientes es la NB.1.8.1, una subvariante del linaje \u00d3micron que ha sido clasificada por la <a href=\"https:\/\/www.who.int\/es\">Organizaci\u00f3n Mundial de la Salud (OMS)<\/a> como \u00abvariante bajo monitoreo\u00bb debido a su creciente presencia a nivel global y su potencial impacto en la salud p\u00fablica.<\/p>\n\n\n\n<h2 class=\"wp-block-heading\">Origen y expansi\u00f3n de la NB.1.8.1<\/h2>\n\n\n\n<p>Identificada por primera vez en enero de 2025, la NB.1.8.1 es una descendiente de la variante recombinante XDV.1.5.1. Desde su detecci\u00f3n inicial, ha mostrado una r\u00e1pida propagaci\u00f3n, siendo reportada en m\u00e1s de 22 pa\u00edses, incluyendo China, Hong Kong, Estados Unidos, Australia, India y varias naciones europeas. En regiones como Hong Kong y China, esta variante ya se ha convertido en la dominante, desplazando a otras cepas previamente prevalentes.<\/p>\n\n\n\n<p>Seg\u00fan datos de la OMS, entre el 21 y el 27 de abril de 2025, la NB.1.8.1 represent\u00f3 el 10.7% de las muestras secuenciadas a nivel mundial, un aumento significativo respecto al 2.5% registrado un mes antes. Este crecimiento ha llevado a las autoridades sanitarias a intensificar la vigilancia gen\u00f3mica y a reforzar las medidas de prevenci\u00f3n.<\/p>\n\n\n\n<h2 class=\"wp-block-heading\">Caracter\u00edsticas gen\u00e9ticas y transmisibilidad<\/h2>\n\n\n\n<p>La NB.1.8.1 presenta varias mutaciones en la prote\u00edna espiga (Spike), incluyendo T22N, F59S, G184S, A435S, L455S, F456L, T478I y Q493E. Estas alteraciones podr\u00edan conferirle una mayor capacidad de transmisi\u00f3n y una leve evasi\u00f3n de la respuesta inmunitaria generada por infecciones previas o vacunaci\u00f3n.<\/p>\n\n\n\n<p>Estudios preliminares indican que esta variante tiene una afinidad de uni\u00f3n al receptor ACE2 humana superior a otras variantes en circulaci\u00f3n, lo que podr\u00eda explicar su r\u00e1pida propagaci\u00f3n. Sin embargo, hasta el momento, no se ha observado que cause una enfermedad m\u00e1s grave que otras variantes del SARS-CoV-2.<\/p>\n\n\n\n<h3 class=\"wp-block-heading\">S\u00edntomas asociados a la nueva variante del COVID 19<\/h3>\n\n\n\n<p>Los s\u00edntomas reportados en personas infectadas son similares a los de otras variantes de \u00d3micron. Entre los m\u00e1s comunes se encuentran:<\/p>\n\n\n\n<ul class=\"wp-block-list\">\n<li>Dolor de garganta.<\/li>\n\n\n\n<li>Congesti\u00f3n nasal.<\/li>\n\n\n\n<li>Tos persistente.<\/li>\n\n\n\n<li>Fatiga.<\/li>\n\n\n\n<li>Fiebre.<\/li>\n\n\n\n<li>Dolores musculares.<\/li>\n\n\n\n<li>Dolor de cabeza.<\/li>\n\n\n\n<li>En algunos casos, s\u00edntomas gastrointestinales como diarrea.<\/li>\n<\/ul>\n\n\n\n<p>Es importante destacar que, aunque los s\u00edntomas suelen ser leves o moderados, en personas mayores, inmunodeprimidas o con comorbilidades, la infecci\u00f3n puede derivar en complicaciones m\u00e1s serias.<\/p>\n\n\n\n<h2 class=\"wp-block-heading\">Eficacia de las vacunas actuales<\/h2>\n\n\n\n<p>Las <a href=\"https:\/\/www.saludonnet.com\/blog\/preguntas-frecuentes-sobre-la-vacuna-de-la-covid-19\/\">vacunas<\/a> aprobadas actualmente contin\u00faan ofreciendo protecci\u00f3n significativa contra la enfermedad grave, hospitalizaci\u00f3n y muerte causadas por el Covid. Aunque esta variante presenta ciertas mutaciones que podr\u00edan reducir ligeramente la eficacia de las vacunas en prevenir la infecci\u00f3n, la protecci\u00f3n contra formas severas de la enfermedad se mantiene robusta.<\/p>\n\n\n\n<p>Expertos recomiendan mantenerse al d\u00eda con las dosis de refuerzo, especialmente en poblaciones vulnerables, como personas mayores de 60 a\u00f1os, pacientes con enfermedades cr\u00f3nicas y personal sanitario. Adem\u00e1s, se est\u00e1n desarrollando nuevas formulaciones de vacunas adaptadas a las variantes emergentes para mejorar la respuesta inmunitaria.<\/p>\n\n\n\n<h3 class=\"wp-block-heading\">Medidas de prevenci\u00f3n recomendadas<\/h3>\n\n\n\n<p>Las autoridades sanitarias enfatizan la importancia de mantener y reforzar las medidas de prevenci\u00f3n:<\/p>\n\n\n\n<ul class=\"wp-block-list\">\n<li><strong>Vacunaci\u00f3n:<\/strong> Completar el esquema de vacunaci\u00f3n y recibir las dosis de refuerzo recomendadas.<\/li>\n\n\n\n<li><strong>Uso de mascarillas:<\/strong> Especialmente en lugares cerrados, con aglomeraciones o en presencia de personas vulnerables.<\/li>\n\n\n\n<li><strong>Higiene de manos:<\/strong> Lavado frecuente con agua y jab\u00f3n o uso de desinfectantes a base de alcohol.<\/li>\n\n\n\n<li><strong>Ventilaci\u00f3n de espacios:<\/strong> Asegurar una adecuada circulaci\u00f3n de aire en interiores.<\/li>\n\n\n\n<li><strong>Evitar aglomeraciones:<\/strong> Reducir la exposici\u00f3n en eventos multitudinarios, especialmente en zonas con alta transmisi\u00f3n comunitaria.<\/li>\n\n\n\n<li><strong>Autoaislamiento:<\/strong> En caso de presentar s\u00edntomas compatibles con COVID-19, se recomienda aislarse y realizar una prueba diagn\u00f3stica.<\/li>\n<\/ul>\n\n\n\n<h3 class=\"wp-block-heading\">Impacto en los sistemas de salud<\/h3>\n\n\n\n<p>En algunos pa\u00edses, el aumento de casos asociados ha generado una presi\u00f3n adicional sobre los sistemas de salud, con incrementos en las hospitalizaciones y en la demanda de servicios m\u00e9dicos. Sin embargo, la mayor\u00eda de los casos siguen siendo leves, y las hospitalizaciones se concentran principalmente en personas no vacunadas o con factores de riesgo.<\/p>\n\n\n\n<p>Las autoridades sanitarias contin\u00faan monitoreando la situaci\u00f3n y adaptando las estrategias de respuesta seg\u00fan la evoluci\u00f3n de la variante y su impacto en la salud p\u00fablica.<\/p>\n\n\n\n<h3 class=\"wp-block-heading\">Perspectivas y recomendaciones <\/h3>\n\n\n\n<p>La aparici\u00f3n de esta nueva variante del Covid 19 subraya la necesidad de mantener una vigilancia constante y de no bajar la guardia frente al COVID-19. Aunque las vacunas y las medidas de prevenci\u00f3n han demostrado ser efectivas, la evoluci\u00f3n del virus requiere una adaptaci\u00f3n continua de las estrategias de control.<\/p>\n\n\n\n<p>Es fundamental que la poblaci\u00f3n se mantenga informada a trav\u00e9s de fuentes oficiales y confiables, y que siga las recomendaciones de las autoridades sanitarias para proteger su salud y la de su entorno. Si crees que tienes s\u00edntomas te recomendamos que acudas al m\u00e9dico para que pueda realizar un diagn\u00f3stico fiable. En <strong>SaludOnNet<\/strong> contamos con especialistas dispuestos a ayudarte en lo que necesites, sin esperas y a unos precios muy asequibles. <\/p>\n","protected":false},"excerpt":{"rendered":"<p>Descubre todo sobre la variante NB.1.8.1 del COVID-19: s\u00edntomas, transmisibilidad, eficacia de las vacunas y medidas de prevenci\u00f3n.<\/p>\n","protected":false},"author":22,"featured_media":19959,"comment_status":"open","ping_status":"open","sticky":false,"template":"","format":"standard","meta":{"footnotes":""},"categories":[56],"tags":[],"class_list":["post-19940","post","type-post","status-publish","format-standard","has-post-thumbnail","hentry","category-medicina-general"],"yoast_head":"<!-- This site is optimized with the Yoast SEO plugin v27.5 - https:\/\/yoast.com\/product\/yoast-seo-wordpress\/ -->\n<title>NB.1.8.1: Nueva variante del COVID-19 con r\u00e1pida propagaci\u00f3n<\/title>\n<meta name=\"description\" content=\"Descubre todo sobre la variante NB.1.8.1 del COVID-19: s\u00edntomas, transmisibilidad, eficacia de las vacunas y medidas de prevenci\u00f3n.\" \/>\n<meta name=\"robots\" content=\"index, follow, max-snippet:-1, max-image-preview:large, max-video-preview:-1\" \/>\n<link rel=\"canonical\" href=\"https:\/\/www.saludonnet.com\/blog\/nb-1-8-1-nueva-variante-del-covid-19-con-rapida-propagacion\/\" \/>\n<meta property=\"og:locale\" content=\"es_ES\" \/>\n<meta property=\"og:type\" content=\"article\" \/>\n<meta property=\"og:title\" content=\"NB.1.8.1: Nueva variante del COVID-19 con r\u00e1pida propagaci\u00f3n\" \/>\n<meta property=\"og:description\" content=\"Descubre todo sobre la variante NB.1.8.1 del COVID-19: s\u00edntomas, transmisibilidad, eficacia de las vacunas y medidas de prevenci\u00f3n.\" \/>\n<meta property=\"og:url\" content=\"https:\/\/www.saludonnet.com\/blog\/nb-1-8-1-nueva-variante-del-covid-19-con-rapida-propagacion\/\" \/>\n<meta property=\"og:site_name\" content=\"Blog SaludOnNet\" \/>\n<meta property=\"article:publisher\" content=\"https:\/\/www.facebook.com\/pages\/SaludOnNet\/214957498526536\" \/>\n<meta property=\"article:published_time\" content=\"2025-06-02T13:07:11+00:00\" \/>\n<meta property=\"article:modified_time\" content=\"2025-09-17T10:36:57+00:00\" \/>\n<meta property=\"og:image\" content=\"https:\/\/www.saludonnet.com\/blog\/wp-content\/uploads\/variante-covid.jpg\" \/>\n\t<meta property=\"og:image:width\" content=\"800\" \/>\n\t<meta property=\"og:image:height\" content=\"400\" \/>\n\t<meta property=\"og:image:type\" content=\"image\/jpeg\" \/>\n<meta name=\"author\" content=\"Dra. Juliana Parisi\" \/>\n<meta name=\"twitter:card\" content=\"summary_large_image\" \/>\n<meta name=\"twitter:title\" content=\"NB.1.8.1: Nueva variante del COVID-19 con r\u00e1pida propagaci\u00f3n\" \/>\n<meta name=\"twitter:description\" content=\"Descubre todo sobre la variante NB.1.8.1 del COVID-19: s\u00edntomas, transmisibilidad, eficacia de las vacunas y medidas de prevenci\u00f3n.\" \/>\n<meta name=\"twitter:image\" content=\"https:\/\/soncdn.azureedge.net\/blog\/wp-content\/uploads\/variante-covid.jpg\" \/>\n<meta name=\"twitter:creator\" content=\"@saludonnet\" \/>\n<meta name=\"twitter:site\" content=\"@saludonnet\" \/>\n<meta name=\"twitter:label1\" content=\"Escrito por\" \/>\n\t<meta name=\"twitter:data1\" content=\"Dra. Juliana Parisi\" \/>\n\t<meta name=\"twitter:label2\" content=\"Tiempo de lectura\" \/>\n\t<meta name=\"twitter:data2\" content=\"4 minutos\" \/>\n<script type=\"application\/ld+json\" class=\"yoast-schema-graph\">{\"@context\":\"https:\\\/\\\/schema.org\",\"@graph\":[{\"@type\":\"Article\",\"@id\":\"https:\\\/\\\/www.saludonnet.com\\\/blog\\\/nb-1-8-1-nueva-variante-del-covid-19-con-rapida-propagacion\\\/#article\",\"isPartOf\":{\"@id\":\"https:\\\/\\\/www.saludonnet.com\\\/blog\\\/nb-1-8-1-nueva-variante-del-covid-19-con-rapida-propagacion\\\/\"},\"author\":{\"name\":\"Dra. Juliana Parisi\",\"@id\":\"https:\\\/\\\/www.saludonnet.com\\\/blog\\\/#\\\/schema\\\/person\\\/4f4a6001e97d78402223fdb6ddde24b4\"},\"headline\":\"NB.1.8.1: Nueva variante del COVID-19 con r\u00e1pida propagaci\u00f3n\",\"datePublished\":\"2025-06-02T13:07:11+00:00\",\"dateModified\":\"2025-09-17T10:36:57+00:00\",\"mainEntityOfPage\":{\"@id\":\"https:\\\/\\\/www.saludonnet.com\\\/blog\\\/nb-1-8-1-nueva-variante-del-covid-19-con-rapida-propagacion\\\/\"},\"wordCount\":869,\"commentCount\":0,\"publisher\":{\"@id\":\"https:\\\/\\\/www.saludonnet.com\\\/blog\\\/#organization\"},\"image\":{\"@id\":\"https:\\\/\\\/www.saludonnet.com\\\/blog\\\/nb-1-8-1-nueva-variante-del-covid-19-con-rapida-propagacion\\\/#primaryimage\"},\"thumbnailUrl\":\"https:\\\/\\\/soncdn.azureedge.net\\\/blog\\\/wp-content\\\/uploads\\\/variante-covid.jpg\",\"articleSection\":[\"Medicina General\"],\"inLanguage\":\"es\",\"potentialAction\":[{\"@type\":\"CommentAction\",\"name\":\"Comment\",\"target\":[\"https:\\\/\\\/www.saludonnet.com\\\/blog\\\/nb-1-8-1-nueva-variante-del-covid-19-con-rapida-propagacion\\\/#respond\"]}]},{\"@type\":\"WebPage\",\"@id\":\"https:\\\/\\\/www.saludonnet.com\\\/blog\\\/nb-1-8-1-nueva-variante-del-covid-19-con-rapida-propagacion\\\/\",\"url\":\"https:\\\/\\\/www.saludonnet.com\\\/blog\\\/nb-1-8-1-nueva-variante-del-covid-19-con-rapida-propagacion\\\/\",\"name\":\"NB.1.8.1: Nueva variante del COVID-19 con r\u00e1pida propagaci\u00f3n\",\"isPartOf\":{\"@id\":\"https:\\\/\\\/www.saludonnet.com\\\/blog\\\/#website\"},\"primaryImageOfPage\":{\"@id\":\"https:\\\/\\\/www.saludonnet.com\\\/blog\\\/nb-1-8-1-nueva-variante-del-covid-19-con-rapida-propagacion\\\/#primaryimage\"},\"image\":{\"@id\":\"https:\\\/\\\/www.saludonnet.com\\\/blog\\\/nb-1-8-1-nueva-variante-del-covid-19-con-rapida-propagacion\\\/#primaryimage\"},\"thumbnailUrl\":\"https:\\\/\\\/soncdn.azureedge.net\\\/blog\\\/wp-content\\\/uploads\\\/variante-covid.jpg\",\"datePublished\":\"2025-06-02T13:07:11+00:00\",\"dateModified\":\"2025-09-17T10:36:57+00:00\",\"description\":\"Descubre todo sobre la variante NB.1.8.1 del COVID-19: s\u00edntomas, transmisibilidad, eficacia de las vacunas y medidas de prevenci\u00f3n.\",\"breadcrumb\":{\"@id\":\"https:\\\/\\\/www.saludonnet.com\\\/blog\\\/nb-1-8-1-nueva-variante-del-covid-19-con-rapida-propagacion\\\/#breadcrumb\"},\"inLanguage\":\"es\",\"potentialAction\":[{\"@type\":\"ReadAction\",\"target\":[\"https:\\\/\\\/www.saludonnet.com\\\/blog\\\/nb-1-8-1-nueva-variante-del-covid-19-con-rapida-propagacion\\\/\"]}]},{\"@type\":\"ImageObject\",\"inLanguage\":\"es\",\"@id\":\"https:\\\/\\\/www.saludonnet.com\\\/blog\\\/nb-1-8-1-nueva-variante-del-covid-19-con-rapida-propagacion\\\/#primaryimage\",\"url\":\"https:\\\/\\\/soncdn.azureedge.net\\\/blog\\\/wp-content\\\/uploads\\\/variante-covid.jpg\",\"contentUrl\":\"https:\\\/\\\/soncdn.azureedge.net\\\/blog\\\/wp-content\\\/uploads\\\/variante-covid.jpg\",\"width\":800,\"height\":400,\"caption\":\"variante covid\"},{\"@type\":\"BreadcrumbList\",\"@id\":\"https:\\\/\\\/www.saludonnet.com\\\/blog\\\/nb-1-8-1-nueva-variante-del-covid-19-con-rapida-propagacion\\\/#breadcrumb\",\"itemListElement\":[{\"@type\":\"ListItem\",\"position\":1,\"name\":\"Portada\",\"item\":\"https:\\\/\\\/www.saludonnet.com\\\/blog\\\/\"},{\"@type\":\"ListItem\",\"position\":2,\"name\":\"Medicina General\",\"item\":\"https:\\\/\\\/www.saludonnet.com\\\/blog\\\/topic\\\/medicina-general\\\/\"},{\"@type\":\"ListItem\",\"position\":3,\"name\":\"NB.1.8.1: Nueva variante del COVID-19 con r\u00e1pida propagaci\u00f3n\"}]},{\"@type\":\"WebSite\",\"@id\":\"https:\\\/\\\/www.saludonnet.com\\\/blog\\\/#website\",\"url\":\"https:\\\/\\\/www.saludonnet.com\\\/blog\\\/\",\"name\":\"Blog SaludOnNet\",\"description\":\"Un espacio donde encontrar\u00e1s consejos y art\u00edculos para cuidar de tu salud\",\"publisher\":{\"@id\":\"https:\\\/\\\/www.saludonnet.com\\\/blog\\\/#organization\"},\"potentialAction\":[{\"@type\":\"SearchAction\",\"target\":{\"@type\":\"EntryPoint\",\"urlTemplate\":\"https:\\\/\\\/www.saludonnet.com\\\/blog\\\/?s={search_term_string}\"},\"query-input\":{\"@type\":\"PropertyValueSpecification\",\"valueRequired\":true,\"valueName\":\"search_term_string\"}}],\"inLanguage\":\"es\"},{\"@type\":\"Organization\",\"@id\":\"https:\\\/\\\/www.saludonnet.com\\\/blog\\\/#organization\",\"name\":\"SaludOnNet\",\"url\":\"https:\\\/\\\/www.saludonnet.com\\\/blog\\\/\",\"logo\":{\"@type\":\"ImageObject\",\"inLanguage\":\"es\",\"@id\":\"https:\\\/\\\/www.saludonnet.com\\\/blog\\\/#\\\/schema\\\/logo\\\/image\\\/\",\"url\":\"https:\\\/\\\/www.saludonnet.com\\\/blog\\\/wp-content\\\/uploads\\\/2019\\\/07\\\/Logo-SaludOnNet.png\",\"contentUrl\":\"https:\\\/\\\/www.saludonnet.com\\\/blog\\\/wp-content\\\/uploads\\\/2019\\\/07\\\/Logo-SaludOnNet.png\",\"width\":1140,\"height\":377,\"caption\":\"SaludOnNet\"},\"image\":{\"@id\":\"https:\\\/\\\/www.saludonnet.com\\\/blog\\\/#\\\/schema\\\/logo\\\/image\\\/\"},\"sameAs\":[\"https:\\\/\\\/www.facebook.com\\\/pages\\\/SaludOnNet\\\/214957498526536\",\"https:\\\/\\\/x.com\\\/saludonnet\",\"https:\\\/\\\/www.instagram.com\\\/saludonnet\\\/\",\"https:\\\/\\\/www.linkedin.com\\\/company\\\/saludonnet\\\/\",\"https:\\\/\\\/www.youtube.com\\\/channel\\\/UCag68GsnagqzNb6C3G-S9vQ\"]},{\"@type\":\"Person\",\"@id\":\"https:\\\/\\\/www.saludonnet.com\\\/blog\\\/#\\\/schema\\\/person\\\/4f4a6001e97d78402223fdb6ddde24b4\",\"name\":\"Dra. Juliana Parisi\",\"image\":{\"@type\":\"ImageObject\",\"inLanguage\":\"es\",\"@id\":\"https:\\\/\\\/secure.gravatar.com\\\/avatar\\\/8d15149be38c82426ae134d3f46104db550e31f436dbd92925d8c6f6328231bd?s=96&d=mm&r=g\",\"url\":\"https:\\\/\\\/secure.gravatar.com\\\/avatar\\\/8d15149be38c82426ae134d3f46104db550e31f436dbd92925d8c6f6328231bd?s=96&d=mm&r=g\",\"contentUrl\":\"https:\\\/\\\/secure.gravatar.com\\\/avatar\\\/8d15149be38c82426ae134d3f46104db550e31f436dbd92925d8c6f6328231bd?s=96&d=mm&r=g\",\"caption\":\"Dra. Juliana Parisi\"},\"description\":\"Medicina General\",\"url\":\"https:\\\/\\\/www.saludonnet.com\\\/blog\\\/author\\\/juliana-parisi\\\/\"}]}<\/script>\n<!-- \/ Yoast SEO plugin. -->","yoast_head_json":{"title":"NB.1.8.1: Nueva variante del COVID-19 con r\u00e1pida propagaci\u00f3n","description":"Descubre todo sobre la variante NB.1.8.1 del COVID-19: s\u00edntomas, transmisibilidad, eficacia de las vacunas y medidas de prevenci\u00f3n.","robots":{"index":"index","follow":"follow","max-snippet":"max-snippet:-1","max-image-preview":"max-image-preview:large","max-video-preview":"max-video-preview:-1"},"canonical":"https:\/\/www.saludonnet.com\/blog\/nb-1-8-1-nueva-variante-del-covid-19-con-rapida-propagacion\/","og_locale":"es_ES","og_type":"article","og_title":"NB.1.8.1: Nueva variante del COVID-19 con r\u00e1pida propagaci\u00f3n","og_description":"Descubre todo sobre la variante NB.1.8.1 del COVID-19: s\u00edntomas, transmisibilidad, eficacia de las vacunas y medidas de prevenci\u00f3n.","og_url":"https:\/\/www.saludonnet.com\/blog\/nb-1-8-1-nueva-variante-del-covid-19-con-rapida-propagacion\/","og_site_name":"Blog SaludOnNet","article_publisher":"https:\/\/www.facebook.com\/pages\/SaludOnNet\/214957498526536","article_published_time":"2025-06-02T13:07:11+00:00","article_modified_time":"2025-09-17T10:36:57+00:00","og_image":[{"width":800,"height":400,"url":"https:\/\/www.saludonnet.com\/blog\/wp-content\/uploads\/variante-covid.jpg","type":"image\/jpeg"}],"author":"Dra. Juliana Parisi","twitter_card":"summary_large_image","twitter_title":"NB.1.8.1: Nueva variante del COVID-19 con r\u00e1pida propagaci\u00f3n","twitter_description":"Descubre todo sobre la variante NB.1.8.1 del COVID-19: s\u00edntomas, transmisibilidad, eficacia de las vacunas y medidas de prevenci\u00f3n.","twitter_image":"https:\/\/soncdn.azureedge.net\/blog\/wp-content\/uploads\/variante-covid.jpg","twitter_creator":"@saludonnet","twitter_site":"@saludonnet","twitter_misc":{"Escrito por":"Dra. Juliana Parisi","Tiempo de lectura":"4 minutos"},"schema":{"@context":"https:\/\/schema.org","@graph":[{"@type":"Article","@id":"https:\/\/www.saludonnet.com\/blog\/nb-1-8-1-nueva-variante-del-covid-19-con-rapida-propagacion\/#article","isPartOf":{"@id":"https:\/\/www.saludonnet.com\/blog\/nb-1-8-1-nueva-variante-del-covid-19-con-rapida-propagacion\/"},"author":{"name":"Dra. Juliana Parisi","@id":"https:\/\/www.saludonnet.com\/blog\/#\/schema\/person\/4f4a6001e97d78402223fdb6ddde24b4"},"headline":"NB.1.8.1: Nueva variante del COVID-19 con r\u00e1pida propagaci\u00f3n","datePublished":"2025-06-02T13:07:11+00:00","dateModified":"2025-09-17T10:36:57+00:00","mainEntityOfPage":{"@id":"https:\/\/www.saludonnet.com\/blog\/nb-1-8-1-nueva-variante-del-covid-19-con-rapida-propagacion\/"},"wordCount":869,"commentCount":0,"publisher":{"@id":"https:\/\/www.saludonnet.com\/blog\/#organization"},"image":{"@id":"https:\/\/www.saludonnet.com\/blog\/nb-1-8-1-nueva-variante-del-covid-19-con-rapida-propagacion\/#primaryimage"},"thumbnailUrl":"https:\/\/soncdn.azureedge.net\/blog\/wp-content\/uploads\/variante-covid.jpg","articleSection":["Medicina General"],"inLanguage":"es","potentialAction":[{"@type":"CommentAction","name":"Comment","target":["https:\/\/www.saludonnet.com\/blog\/nb-1-8-1-nueva-variante-del-covid-19-con-rapida-propagacion\/#respond"]}]},{"@type":"WebPage","@id":"https:\/\/www.saludonnet.com\/blog\/nb-1-8-1-nueva-variante-del-covid-19-con-rapida-propagacion\/","url":"https:\/\/www.saludonnet.com\/blog\/nb-1-8-1-nueva-variante-del-covid-19-con-rapida-propagacion\/","name":"NB.1.8.1: Nueva variante del COVID-19 con r\u00e1pida propagaci\u00f3n","isPartOf":{"@id":"https:\/\/www.saludonnet.com\/blog\/#website"},"primaryImageOfPage":{"@id":"https:\/\/www.saludonnet.com\/blog\/nb-1-8-1-nueva-variante-del-covid-19-con-rapida-propagacion\/#primaryimage"},"image":{"@id":"https:\/\/www.saludonnet.com\/blog\/nb-1-8-1-nueva-variante-del-covid-19-con-rapida-propagacion\/#primaryimage"},"thumbnailUrl":"https:\/\/soncdn.azureedge.net\/blog\/wp-content\/uploads\/variante-covid.jpg","datePublished":"2025-06-02T13:07:11+00:00","dateModified":"2025-09-17T10:36:57+00:00","description":"Descubre todo sobre la variante NB.1.8.1 del COVID-19: s\u00edntomas, transmisibilidad, eficacia de las vacunas y medidas de prevenci\u00f3n.","breadcrumb":{"@id":"https:\/\/www.saludonnet.com\/blog\/nb-1-8-1-nueva-variante-del-covid-19-con-rapida-propagacion\/#breadcrumb"},"inLanguage":"es","potentialAction":[{"@type":"ReadAction","target":["https:\/\/www.saludonnet.com\/blog\/nb-1-8-1-nueva-variante-del-covid-19-con-rapida-propagacion\/"]}]},{"@type":"ImageObject","inLanguage":"es","@id":"https:\/\/www.saludonnet.com\/blog\/nb-1-8-1-nueva-variante-del-covid-19-con-rapida-propagacion\/#primaryimage","url":"https:\/\/soncdn.azureedge.net\/blog\/wp-content\/uploads\/variante-covid.jpg","contentUrl":"https:\/\/soncdn.azureedge.net\/blog\/wp-content\/uploads\/variante-covid.jpg","width":800,"height":400,"caption":"variante covid"},{"@type":"BreadcrumbList","@id":"https:\/\/www.saludonnet.com\/blog\/nb-1-8-1-nueva-variante-del-covid-19-con-rapida-propagacion\/#breadcrumb","itemListElement":[{"@type":"ListItem","position":1,"name":"Portada","item":"https:\/\/www.saludonnet.com\/blog\/"},{"@type":"ListItem","position":2,"name":"Medicina General","item":"https:\/\/www.saludonnet.com\/blog\/topic\/medicina-general\/"},{"@type":"ListItem","position":3,"name":"NB.1.8.1: Nueva variante del COVID-19 con r\u00e1pida propagaci\u00f3n"}]},{"@type":"WebSite","@id":"https:\/\/www.saludonnet.com\/blog\/#website","url":"https:\/\/www.saludonnet.com\/blog\/","name":"Blog SaludOnNet","description":"Un espacio donde encontrar\u00e1s consejos y art\u00edculos para cuidar de tu salud","publisher":{"@id":"https:\/\/www.saludonnet.com\/blog\/#organization"},"potentialAction":[{"@type":"SearchAction","target":{"@type":"EntryPoint","urlTemplate":"https:\/\/www.saludonnet.com\/blog\/?s={search_term_string}"},"query-input":{"@type":"PropertyValueSpecification","valueRequired":true,"valueName":"search_term_string"}}],"inLanguage":"es"},{"@type":"Organization","@id":"https:\/\/www.saludonnet.com\/blog\/#organization","name":"SaludOnNet","url":"https:\/\/www.saludonnet.com\/blog\/","logo":{"@type":"ImageObject","inLanguage":"es","@id":"https:\/\/www.saludonnet.com\/blog\/#\/schema\/logo\/image\/","url":"https:\/\/www.saludonnet.com\/blog\/wp-content\/uploads\/2019\/07\/Logo-SaludOnNet.png","contentUrl":"https:\/\/www.saludonnet.com\/blog\/wp-content\/uploads\/2019\/07\/Logo-SaludOnNet.png","width":1140,"height":377,"caption":"SaludOnNet"},"image":{"@id":"https:\/\/www.saludonnet.com\/blog\/#\/schema\/logo\/image\/"},"sameAs":["https:\/\/www.facebook.com\/pages\/SaludOnNet\/214957498526536","https:\/\/x.com\/saludonnet","https:\/\/www.instagram.com\/saludonnet\/","https:\/\/www.linkedin.com\/company\/saludonnet\/","https:\/\/www.youtube.com\/channel\/UCag68GsnagqzNb6C3G-S9vQ"]},{"@type":"Person","@id":"https:\/\/www.saludonnet.com\/blog\/#\/schema\/person\/4f4a6001e97d78402223fdb6ddde24b4","name":"Dra. Juliana Parisi","image":{"@type":"ImageObject","inLanguage":"es","@id":"https:\/\/secure.gravatar.com\/avatar\/8d15149be38c82426ae134d3f46104db550e31f436dbd92925d8c6f6328231bd?s=96&d=mm&r=g","url":"https:\/\/secure.gravatar.com\/avatar\/8d15149be38c82426ae134d3f46104db550e31f436dbd92925d8c6f6328231bd?s=96&d=mm&r=g","contentUrl":"https:\/\/secure.gravatar.com\/avatar\/8d15149be38c82426ae134d3f46104db550e31f436dbd92925d8c6f6328231bd?s=96&d=mm&r=g","caption":"Dra. Juliana Parisi"},"description":"Medicina General","url":"https:\/\/www.saludonnet.com\/blog\/author\/juliana-parisi\/"}]}},"acf":[],"_links":{"self":[{"href":"https:\/\/www.saludonnet.com\/blog\/wp-json\/wp\/v2\/posts\/19940","targetHints":{"allow":["GET"]}}],"collection":[{"href":"https:\/\/www.saludonnet.com\/blog\/wp-json\/wp\/v2\/posts"}],"about":[{"href":"https:\/\/www.saludonnet.com\/blog\/wp-json\/wp\/v2\/types\/post"}],"author":[{"embeddable":true,"href":"https:\/\/www.saludonnet.com\/blog\/wp-json\/wp\/v2\/users\/22"}],"replies":[{"embeddable":true,"href":"https:\/\/www.saludonnet.com\/blog\/wp-json\/wp\/v2\/comments?post=19940"}],"version-history":[{"count":26,"href":"https:\/\/www.saludonnet.com\/blog\/wp-json\/wp\/v2\/posts\/19940\/revisions"}],"predecessor-version":[{"id":19969,"href":"https:\/\/www.saludonnet.com\/blog\/wp-json\/wp\/v2\/posts\/19940\/revisions\/19969"}],"wp:featuredmedia":[{"embeddable":true,"href":"https:\/\/www.saludonnet.com\/blog\/wp-json\/wp\/v2\/media\/19959"}],"wp:attachment":[{"href":"https:\/\/www.saludonnet.com\/blog\/wp-json\/wp\/v2\/media?parent=19940"}],"wp:term":[{"taxonomy":"category","embeddable":true,"href":"https:\/\/www.saludonnet.com\/blog\/wp-json\/wp\/v2\/categories?post=19940"},{"taxonomy":"post_tag","embeddable":true,"href":"https:\/\/www.saludonnet.com\/blog\/wp-json\/wp\/v2\/tags?post=19940"}],"curies":[{"name":"wp","href":"https:\/\/api.w.org\/{rel}","templated":true}]}}