{"id":19789,"date":"2025-05-16T16:23:50","date_gmt":"2025-05-16T14:23:50","guid":{"rendered":"https:\/\/www.saludonnet.com\/blog\/?p=19789"},"modified":"2025-09-17T12:35:21","modified_gmt":"2025-09-17T10:35:21","slug":"la-importancia-del-descanso-activo-para-tu-cuerpo-y-mente","status":"publish","type":"post","link":"https:\/\/www.saludonnet.com\/blog\/la-importancia-del-descanso-activo-para-tu-cuerpo-y-mente\/","title":{"rendered":"La importancia del descanso activo para tu cuerpo y mente"},"content":{"rendered":"\n<p>En un mundo que avanza a un ritmo vertiginoso, encontrar tiempo para descansar parece un lujo. Sin embargo, no todo el descanso implica inmovilidad o sof\u00e1. Cada vez m\u00e1s estudios y profesionales de la salud destacan los beneficios del <strong>descanso activo<\/strong> como una estrategia clave para mejorar el <strong>bienestar integral<\/strong>, favorecer la <strong>recuperaci\u00f3n muscular y mental<\/strong>, y potenciar la <strong>productividad<\/strong> diaria.<\/p>\n\n\n\n<h2 class=\"wp-block-heading\">\u00bfQu\u00e9 es el descanso activo?<\/h2>\n\n\n\n<p>El <strong>descanso activo<\/strong> se refiere a actividades ligeras o de baja intensidad que ayudan al cuerpo y mente a recuperarse sin caer en el sedentarismo total. A diferencia del <strong>descanso pasivo<\/strong>, que implica inactividad f\u00edsica (como dormir, ver televisi\u00f3n o simplemente permanecer tumbado), el descanso activo promueve el movimiento consciente, la respiraci\u00f3n y el estiramiento suave.<\/p>\n\n\n\n<p>Ejemplos comunes de descanso activo incluyen:<\/p>\n\n\n\n<ul class=\"wp-block-list\">\n<li>Caminar a ritmo suave.<\/li>\n\n\n\n<li>Hacer estiramientos o movilidad articular<\/li>\n\n\n\n<li><a href=\"https:\/\/www.saludonnet.com\/blog\/combina-pilates-yoga-hiit-y-entrenamiento-funcional\/\">Yoga<\/a> suave o restaurativo.<\/li>\n\n\n\n<li>Nadar de forma tranquila.<\/li>\n\n\n\n<li>Pasear por la naturaleza.<\/li>\n\n\n\n<li><a href=\"https:\/\/www.saludonnet.com\/blog\/beneficios-de-la-meditacion\/\">Meditaci\u00f3n<\/a> en movimiento.<\/li>\n\n\n\n<li>Respiraci\u00f3n consciente o mindfulness.<\/li>\n<\/ul>\n\n\n\n<h2 class=\"wp-block-heading\">Diferencias clave entre descanso activo y pasivo<\/h2>\n\n\n\n<p>Ambos tipos de descanso tienen su lugar en una rutina saludable, pero cumplen funciones diferentes. Aqu\u00ed te mostramos c\u00f3mo se distinguen:<\/p>\n\n\n\n<figure class=\"wp-block-table\"><table class=\"has-fixed-layout\"><thead><tr><td><strong>Aspecto<\/strong><\/td><td><strong>Descanso activo<\/strong><\/td><td><strong>Descanso pasivo<\/strong><\/td><\/tr><\/thead><tbody><tr><td>Movimiento<\/td><td>Ligero y controlado<\/td><td>Nulo o muy limitado<\/td><\/tr><tr><td>Finalidad<\/td><td>Estimular la circulaci\u00f3n, reducir la fatiga, mantener el cuerpo en movimiento<\/td><td>Detener la actividad por completo, reducir el esfuerzo f\u00edsico y mental<\/td><\/tr><tr><td>Ejemplos<\/td><td>Caminar, estirar, yoga, meditaci\u00f3n<\/td><td>Dormir, estar tumbado, ver TV<\/td><\/tr><tr><td>Beneficios adicionales<\/td><td>Mejora el estado de \u00e1nimo, activa el sistema linf\u00e1tico, acelera la recuperaci\u00f3n<\/td><td>Restaura la energ\u00eda, reduce el estr\u00e9s, permite regenerar tejidos<\/td><\/tr><\/tbody><\/table><\/figure>\n\n\n\n<h3 class=\"wp-block-heading\">Beneficios del descanso activo<\/h3>\n\n\n\n<p><strong>1. Favorece la recuperaci\u00f3n muscular<\/strong><\/p>\n\n\n\n<p>Despu\u00e9s de una sesi\u00f3n intensa de entrenamiento o una jornada laboral exigente, el cuerpo acumula fatiga muscular. Practicar descanso activo, como una caminata suave o ejercicios de movilidad, mejora el flujo sangu\u00edneo y facilita la eliminaci\u00f3n del \u00e1cido l\u00e1ctico acumulado. Esto <strong>reduce las agujetas<\/strong>, mejora la flexibilidad y acelera la recuperaci\u00f3n general.<\/p>\n\n\n\n<p>Un estudio publicado en <em>Journal of Strength and Conditioning Research<\/em> mostr\u00f3 que quienes realizaron descanso activo entre sesiones de entrenamiento experimentaron menos dolor muscular y mejor rendimiento posterior que quienes optaron por descanso total.<\/p>\n\n\n\n<p><strong>2. Mejora la salud mental<\/strong><\/p>\n\n\n\n<p>El descanso activo tambi\u00e9n tiene un impacto positivo en la <strong>recuperaci\u00f3n mental<\/strong>. Actividades como el yoga, la respiraci\u00f3n consciente o el paseo en la naturaleza estimulan la liberaci\u00f3n de endorfinas y reducen los niveles de cortisol (la hormona del estr\u00e9s). Esto ayuda a combatir la ansiedad, mejorar la concentraci\u00f3n y elevar el estado de \u00e1nimo.<\/p>\n\n\n\n<p>Seg\u00fan la <em>American Psychological Association<\/em>, incluso 10 minutos de caminata pueden producir mejoras inmediatas en el bienestar emocional, comparables a las que se logran con pr\u00e1cticas formales de relajaci\u00f3n.<\/p>\n\n\n\n<p><strong>3. Aumenta la productividad<\/strong><\/p>\n\n\n\n<p>Contrario a lo que muchos piensan, parar brevemente durante la jornada para moverse o estirarse no reduce la productividad, sino que la mejora. El descanso activo permite al cerebro desconectar temporalmente de tareas exigentes, lo que <strong>mejora el enfoque, la toma de decisiones y la creatividad<\/strong> al regresar a la actividad.<\/p>\n\n\n\n<p>Las pausas activas, como las recomendadas cada 90 minutos de trabajo continuo, han demostrado ser m\u00e1s efectivas que las pausas completamente sedentarias. Estas breves interrupciones con movimiento ayudan a evitar la fatiga cognitiva y f\u00edsica.<\/p>\n\n\n\n<p><strong>4. Combate el sedentarismo<\/strong><\/p>\n\n\n\n<p>Incluso personas que hacen ejercicio regularmente pueden pasar muchas horas al d\u00eda sentadas, lo que se conoce como \u201cactivo-sedentario\u201d. Introducir descansos activos regulares durante el d\u00eda es una herramienta efectiva para romper estos periodos prolongados de inactividad, reduciendo el riesgo de enfermedades cardiovasculares, metab\u00f3licas y musculoesquel\u00e9ticas.<\/p>\n\n\n\n<p>La Organizaci\u00f3n Mundial de la Salud recomienda incluir movimiento suave a lo largo del d\u00eda, especialmente si se permanece sentado m\u00e1s de 6 horas.<\/p>\n\n\n\n<h2 class=\"wp-block-heading\">Ideas pr\u00e1cticas para integrar el descanso activo en tu rutina<\/h2>\n\n\n\n<p>Algunas ideas para incluirlo en el d\u00eda a d\u00eda son:<\/p>\n\n\n\n<p><strong>En el trabajo o estudio:<\/strong><\/p>\n\n\n\n<ul class=\"wp-block-list\">\n<li>Haz una pausa activa de 5 a 10 minutos cada hora o hora y media.<\/li>\n\n\n\n<li>Lev\u00e1ntate, camina, haz movimientos circulares con hombros, cuello y tobillos.<\/li>\n\n\n\n<li>Usa una app de recordatorio para moverte.<\/li>\n<\/ul>\n\n\n\n<p><strong>Despu\u00e9s del ejercicio f\u00edsico:<\/strong><\/p>\n\n\n\n<ul class=\"wp-block-list\">\n<li>Sustituye el reposo total por una caminata suave o estiramientos de descarga.<\/li>\n\n\n\n<li>Practica yoga restaurativo para liberar tensi\u00f3n muscular.<\/li>\n\n\n\n<li>Utiliza rodillos de masaje o t\u00e9cnicas de automasaje para facilitar la recuperaci\u00f3n.<\/li>\n<\/ul>\n\n\n\n<p><strong>En d\u00edas de descanso:<\/strong><\/p>\n\n\n\n<ul class=\"wp-block-list\">\n<li>Haz actividades de bajo impacto: jardiner\u00eda, paseo con mascotas, baile suave.<\/li>\n\n\n\n<li>Medita caminando o explora senderos tranquilos.<\/li>\n\n\n\n<li>Realiza una rutina de movilidad general de 15 minutos para activar el cuerpo.<\/li>\n<\/ul>\n\n\n\n<h2 class=\"wp-block-heading\">\u00bfQui\u00e9nes pueden beneficiarse del descanso activo?<\/h2>\n\n\n\n<p>El descanso activo es seguro y beneficioso para pr\u00e1cticamente todas las personas. Es especialmente \u00fatil para:<\/p>\n\n\n\n<ul class=\"wp-block-list\">\n<li>Personas con trabajos sedentarios.<\/li>\n\n\n\n<li>Deportistas en d\u00edas de recuperaci\u00f3n.<\/li>\n\n\n\n<li>Personas mayores para mantener la movilidad.<\/li>\n\n\n\n<li>Quienes sufren estr\u00e9s o ansiedad.<\/li>\n\n\n\n<li>Cualquier persona que quiera mejorar su bienestar sin hacer ejercicio intenso.<\/li>\n<\/ul>\n\n\n\n<p>Incluso en procesos de rehabilitaci\u00f3n, los fisioterapeutas suelen recomendar descanso activo para evitar la p\u00e9rdida de tono muscular y rigidez articular.<\/p>\n\n\n\n<h2 class=\"wp-block-heading\">Mu\u00e9vete para descansar mejor<\/h2>\n\n\n\n<p>El descanso activo rompe con la idea de que \u201cdescansar es no hacer nada\u201d. Al integrar movimiento suave y consciente en tu d\u00eda a d\u00eda, no solo ayudas a tu cuerpo a recuperarse, sino que tambi\u00e9n mejoras tu salud mental y tu desempe\u00f1o.<\/p>\n\n\n\n<p>Ya sea mediante una breve caminata, una serie de estiramientos o ejercicios de respiraci\u00f3n, el descanso activo puede ser tu mejor aliado para evitar el agotamiento y fomentar un <strong>bienestar integral<\/strong> duradero.<\/p>\n\n\n\n<p>Incluir peque\u00f1as pausas de descanso activo en tu rutina es una de las estrategias m\u00e1s efectivas y accesibles para cuidar cuerpo y mente, sin necesidad de grandes cambios ni equipos especiales.<\/p>\n\n\n\n<p>Si quieres tener una vida saludable incluye estos peque\u00f1os tips de salud en tu d\u00eda a d\u00eda. Y si necesitas consejo m\u00e9dico sobre este o cualquier otro tema te recomendamos que utilices <strong>SaludOnnet<\/strong>. Encontrar\u00e1s consultas y pruebas m\u00e9dicas a precios muy competitivos y sin esperas.<\/p>\n","protected":false},"excerpt":{"rendered":"<p>Descubre por qu\u00e9 el descanso activo mejora tu recuperaci\u00f3n f\u00edsica, salud mental y productividad. Aprende a integrarlo f\u00e1cilmente.<\/p>\n","protected":false},"author":22,"featured_media":19797,"comment_status":"open","ping_status":"open","sticky":false,"template":"","format":"standard","meta":{"footnotes":""},"categories":[56],"tags":[237],"class_list":["post-19789","post","type-post","status-publish","format-standard","has-post-thumbnail","hentry","category-medicina-general","tag-1-consulta"],"yoast_head":"<!-- This site is optimized with the Yoast SEO plugin v27.5 - https:\/\/yoast.com\/product\/yoast-seo-wordpress\/ -->\n<title>La importancia del descanso activo para tu cuerpo y mente<\/title>\n<meta name=\"description\" content=\"Descubre por qu\u00e9 el descanso activo mejora tu recuperaci\u00f3n f\u00edsica, salud mental y productividad. Aprende a integrarlo f\u00e1cilmente.\" \/>\n<meta name=\"robots\" content=\"index, follow, max-snippet:-1, max-image-preview:large, max-video-preview:-1\" \/>\n<link rel=\"canonical\" href=\"https:\/\/www.saludonnet.com\/blog\/la-importancia-del-descanso-activo-para-tu-cuerpo-y-mente\/\" \/>\n<meta property=\"og:locale\" content=\"es_ES\" \/>\n<meta property=\"og:type\" content=\"article\" \/>\n<meta property=\"og:title\" content=\"La importancia del descanso activo para tu cuerpo y mente\" \/>\n<meta property=\"og:description\" content=\"Descubre por qu\u00e9 el descanso activo mejora tu recuperaci\u00f3n f\u00edsica, salud mental y productividad. Aprende a integrarlo f\u00e1cilmente.\" \/>\n<meta property=\"og:url\" content=\"https:\/\/www.saludonnet.com\/blog\/la-importancia-del-descanso-activo-para-tu-cuerpo-y-mente\/\" \/>\n<meta property=\"og:site_name\" content=\"Blog SaludOnNet\" \/>\n<meta property=\"article:publisher\" content=\"https:\/\/www.facebook.com\/pages\/SaludOnNet\/214957498526536\" \/>\n<meta property=\"article:published_time\" content=\"2025-05-16T14:23:50+00:00\" \/>\n<meta property=\"article:modified_time\" content=\"2025-09-17T10:35:21+00:00\" \/>\n<meta property=\"og:image\" content=\"https:\/\/www.saludonnet.com\/blog\/wp-content\/uploads\/descanso-activo.jpg\" \/>\n\t<meta property=\"og:image:width\" content=\"800\" \/>\n\t<meta property=\"og:image:height\" content=\"400\" \/>\n\t<meta property=\"og:image:type\" content=\"image\/jpeg\" \/>\n<meta name=\"author\" content=\"Dra. Juliana Parisi\" \/>\n<meta name=\"twitter:card\" content=\"summary_large_image\" \/>\n<meta name=\"twitter:title\" content=\"La importancia del descanso activo para tu cuerpo y mente\" \/>\n<meta name=\"twitter:description\" content=\"Descubre por qu\u00e9 el descanso activo mejora tu recuperaci\u00f3n f\u00edsica, salud mental y productividad. Aprende a integrarlo f\u00e1cilmente.\" \/>\n<meta name=\"twitter:image\" content=\"https:\/\/soncdn.azureedge.net\/blog\/wp-content\/uploads\/descanso-activo.jpg\" \/>\n<meta name=\"twitter:creator\" content=\"@saludonnet\" \/>\n<meta name=\"twitter:site\" content=\"@saludonnet\" \/>\n<meta name=\"twitter:label1\" content=\"Escrito por\" \/>\n\t<meta name=\"twitter:data1\" content=\"Dra. Juliana Parisi\" \/>\n\t<meta name=\"twitter:label2\" content=\"Tiempo de lectura\" \/>\n\t<meta name=\"twitter:data2\" content=\"5 minutos\" \/>\n<script type=\"application\/ld+json\" class=\"yoast-schema-graph\">{\"@context\":\"https:\\\/\\\/schema.org\",\"@graph\":[{\"@type\":\"Article\",\"@id\":\"https:\\\/\\\/www.saludonnet.com\\\/blog\\\/la-importancia-del-descanso-activo-para-tu-cuerpo-y-mente\\\/#article\",\"isPartOf\":{\"@id\":\"https:\\\/\\\/www.saludonnet.com\\\/blog\\\/la-importancia-del-descanso-activo-para-tu-cuerpo-y-mente\\\/\"},\"author\":{\"name\":\"Dra. Juliana Parisi\",\"@id\":\"https:\\\/\\\/www.saludonnet.com\\\/blog\\\/#\\\/schema\\\/person\\\/4f4a6001e97d78402223fdb6ddde24b4\"},\"headline\":\"La importancia del descanso activo para tu cuerpo y mente\",\"datePublished\":\"2025-05-16T14:23:50+00:00\",\"dateModified\":\"2025-09-17T10:35:21+00:00\",\"mainEntityOfPage\":{\"@id\":\"https:\\\/\\\/www.saludonnet.com\\\/blog\\\/la-importancia-del-descanso-activo-para-tu-cuerpo-y-mente\\\/\"},\"wordCount\":1028,\"commentCount\":0,\"publisher\":{\"@id\":\"https:\\\/\\\/www.saludonnet.com\\\/blog\\\/#organization\"},\"image\":{\"@id\":\"https:\\\/\\\/www.saludonnet.com\\\/blog\\\/la-importancia-del-descanso-activo-para-tu-cuerpo-y-mente\\\/#primaryimage\"},\"thumbnailUrl\":\"https:\\\/\\\/soncdn.azureedge.net\\\/blog\\\/wp-content\\\/uploads\\\/descanso-activo.jpg\",\"keywords\":[\"Consulta de Medicina General\"],\"articleSection\":[\"Medicina General\"],\"inLanguage\":\"es\",\"potentialAction\":[{\"@type\":\"CommentAction\",\"name\":\"Comment\",\"target\":[\"https:\\\/\\\/www.saludonnet.com\\\/blog\\\/la-importancia-del-descanso-activo-para-tu-cuerpo-y-mente\\\/#respond\"]}]},{\"@type\":\"WebPage\",\"@id\":\"https:\\\/\\\/www.saludonnet.com\\\/blog\\\/la-importancia-del-descanso-activo-para-tu-cuerpo-y-mente\\\/\",\"url\":\"https:\\\/\\\/www.saludonnet.com\\\/blog\\\/la-importancia-del-descanso-activo-para-tu-cuerpo-y-mente\\\/\",\"name\":\"La importancia del descanso activo para tu cuerpo y mente\",\"isPartOf\":{\"@id\":\"https:\\\/\\\/www.saludonnet.com\\\/blog\\\/#website\"},\"primaryImageOfPage\":{\"@id\":\"https:\\\/\\\/www.saludonnet.com\\\/blog\\\/la-importancia-del-descanso-activo-para-tu-cuerpo-y-mente\\\/#primaryimage\"},\"image\":{\"@id\":\"https:\\\/\\\/www.saludonnet.com\\\/blog\\\/la-importancia-del-descanso-activo-para-tu-cuerpo-y-mente\\\/#primaryimage\"},\"thumbnailUrl\":\"https:\\\/\\\/soncdn.azureedge.net\\\/blog\\\/wp-content\\\/uploads\\\/descanso-activo.jpg\",\"datePublished\":\"2025-05-16T14:23:50+00:00\",\"dateModified\":\"2025-09-17T10:35:21+00:00\",\"description\":\"Descubre por qu\u00e9 el descanso activo mejora tu recuperaci\u00f3n f\u00edsica, salud mental y productividad. Aprende a integrarlo f\u00e1cilmente.\",\"breadcrumb\":{\"@id\":\"https:\\\/\\\/www.saludonnet.com\\\/blog\\\/la-importancia-del-descanso-activo-para-tu-cuerpo-y-mente\\\/#breadcrumb\"},\"inLanguage\":\"es\",\"potentialAction\":[{\"@type\":\"ReadAction\",\"target\":[\"https:\\\/\\\/www.saludonnet.com\\\/blog\\\/la-importancia-del-descanso-activo-para-tu-cuerpo-y-mente\\\/\"]}]},{\"@type\":\"ImageObject\",\"inLanguage\":\"es\",\"@id\":\"https:\\\/\\\/www.saludonnet.com\\\/blog\\\/la-importancia-del-descanso-activo-para-tu-cuerpo-y-mente\\\/#primaryimage\",\"url\":\"https:\\\/\\\/soncdn.azureedge.net\\\/blog\\\/wp-content\\\/uploads\\\/descanso-activo.jpg\",\"contentUrl\":\"https:\\\/\\\/soncdn.azureedge.net\\\/blog\\\/wp-content\\\/uploads\\\/descanso-activo.jpg\",\"width\":800,\"height\":400,\"caption\":\"personas caminando por la playa\"},{\"@type\":\"BreadcrumbList\",\"@id\":\"https:\\\/\\\/www.saludonnet.com\\\/blog\\\/la-importancia-del-descanso-activo-para-tu-cuerpo-y-mente\\\/#breadcrumb\",\"itemListElement\":[{\"@type\":\"ListItem\",\"position\":1,\"name\":\"Portada\",\"item\":\"https:\\\/\\\/www.saludonnet.com\\\/blog\\\/\"},{\"@type\":\"ListItem\",\"position\":2,\"name\":\"Medicina General\",\"item\":\"https:\\\/\\\/www.saludonnet.com\\\/blog\\\/topic\\\/medicina-general\\\/\"},{\"@type\":\"ListItem\",\"position\":3,\"name\":\"La importancia del descanso activo para tu cuerpo y mente\"}]},{\"@type\":\"WebSite\",\"@id\":\"https:\\\/\\\/www.saludonnet.com\\\/blog\\\/#website\",\"url\":\"https:\\\/\\\/www.saludonnet.com\\\/blog\\\/\",\"name\":\"Blog SaludOnNet\",\"description\":\"Un espacio donde encontrar\u00e1s consejos y art\u00edculos para cuidar de tu salud\",\"publisher\":{\"@id\":\"https:\\\/\\\/www.saludonnet.com\\\/blog\\\/#organization\"},\"potentialAction\":[{\"@type\":\"SearchAction\",\"target\":{\"@type\":\"EntryPoint\",\"urlTemplate\":\"https:\\\/\\\/www.saludonnet.com\\\/blog\\\/?s={search_term_string}\"},\"query-input\":{\"@type\":\"PropertyValueSpecification\",\"valueRequired\":true,\"valueName\":\"search_term_string\"}}],\"inLanguage\":\"es\"},{\"@type\":\"Organization\",\"@id\":\"https:\\\/\\\/www.saludonnet.com\\\/blog\\\/#organization\",\"name\":\"SaludOnNet\",\"url\":\"https:\\\/\\\/www.saludonnet.com\\\/blog\\\/\",\"logo\":{\"@type\":\"ImageObject\",\"inLanguage\":\"es\",\"@id\":\"https:\\\/\\\/www.saludonnet.com\\\/blog\\\/#\\\/schema\\\/logo\\\/image\\\/\",\"url\":\"https:\\\/\\\/www.saludonnet.com\\\/blog\\\/wp-content\\\/uploads\\\/2019\\\/07\\\/Logo-SaludOnNet.png\",\"contentUrl\":\"https:\\\/\\\/www.saludonnet.com\\\/blog\\\/wp-content\\\/uploads\\\/2019\\\/07\\\/Logo-SaludOnNet.png\",\"width\":1140,\"height\":377,\"caption\":\"SaludOnNet\"},\"image\":{\"@id\":\"https:\\\/\\\/www.saludonnet.com\\\/blog\\\/#\\\/schema\\\/logo\\\/image\\\/\"},\"sameAs\":[\"https:\\\/\\\/www.facebook.com\\\/pages\\\/SaludOnNet\\\/214957498526536\",\"https:\\\/\\\/x.com\\\/saludonnet\",\"https:\\\/\\\/www.instagram.com\\\/saludonnet\\\/\",\"https:\\\/\\\/www.linkedin.com\\\/company\\\/saludonnet\\\/\",\"https:\\\/\\\/www.youtube.com\\\/channel\\\/UCag68GsnagqzNb6C3G-S9vQ\"]},{\"@type\":\"Person\",\"@id\":\"https:\\\/\\\/www.saludonnet.com\\\/blog\\\/#\\\/schema\\\/person\\\/4f4a6001e97d78402223fdb6ddde24b4\",\"name\":\"Dra. Juliana Parisi\",\"image\":{\"@type\":\"ImageObject\",\"inLanguage\":\"es\",\"@id\":\"https:\\\/\\\/secure.gravatar.com\\\/avatar\\\/8d15149be38c82426ae134d3f46104db550e31f436dbd92925d8c6f6328231bd?s=96&d=mm&r=g\",\"url\":\"https:\\\/\\\/secure.gravatar.com\\\/avatar\\\/8d15149be38c82426ae134d3f46104db550e31f436dbd92925d8c6f6328231bd?s=96&d=mm&r=g\",\"contentUrl\":\"https:\\\/\\\/secure.gravatar.com\\\/avatar\\\/8d15149be38c82426ae134d3f46104db550e31f436dbd92925d8c6f6328231bd?s=96&d=mm&r=g\",\"caption\":\"Dra. Juliana Parisi\"},\"description\":\"Medicina General\",\"url\":\"https:\\\/\\\/www.saludonnet.com\\\/blog\\\/author\\\/juliana-parisi\\\/\"}]}<\/script>\n<!-- \/ Yoast SEO plugin. -->","yoast_head_json":{"title":"La importancia del descanso activo para tu cuerpo y mente","description":"Descubre por qu\u00e9 el descanso activo mejora tu recuperaci\u00f3n f\u00edsica, salud mental y productividad. Aprende a integrarlo f\u00e1cilmente.","robots":{"index":"index","follow":"follow","max-snippet":"max-snippet:-1","max-image-preview":"max-image-preview:large","max-video-preview":"max-video-preview:-1"},"canonical":"https:\/\/www.saludonnet.com\/blog\/la-importancia-del-descanso-activo-para-tu-cuerpo-y-mente\/","og_locale":"es_ES","og_type":"article","og_title":"La importancia del descanso activo para tu cuerpo y mente","og_description":"Descubre por qu\u00e9 el descanso activo mejora tu recuperaci\u00f3n f\u00edsica, salud mental y productividad. Aprende a integrarlo f\u00e1cilmente.","og_url":"https:\/\/www.saludonnet.com\/blog\/la-importancia-del-descanso-activo-para-tu-cuerpo-y-mente\/","og_site_name":"Blog SaludOnNet","article_publisher":"https:\/\/www.facebook.com\/pages\/SaludOnNet\/214957498526536","article_published_time":"2025-05-16T14:23:50+00:00","article_modified_time":"2025-09-17T10:35:21+00:00","og_image":[{"width":800,"height":400,"url":"https:\/\/www.saludonnet.com\/blog\/wp-content\/uploads\/descanso-activo.jpg","type":"image\/jpeg"}],"author":"Dra. Juliana Parisi","twitter_card":"summary_large_image","twitter_title":"La importancia del descanso activo para tu cuerpo y mente","twitter_description":"Descubre por qu\u00e9 el descanso activo mejora tu recuperaci\u00f3n f\u00edsica, salud mental y productividad. Aprende a integrarlo f\u00e1cilmente.","twitter_image":"https:\/\/soncdn.azureedge.net\/blog\/wp-content\/uploads\/descanso-activo.jpg","twitter_creator":"@saludonnet","twitter_site":"@saludonnet","twitter_misc":{"Escrito por":"Dra. Juliana Parisi","Tiempo de lectura":"5 minutos"},"schema":{"@context":"https:\/\/schema.org","@graph":[{"@type":"Article","@id":"https:\/\/www.saludonnet.com\/blog\/la-importancia-del-descanso-activo-para-tu-cuerpo-y-mente\/#article","isPartOf":{"@id":"https:\/\/www.saludonnet.com\/blog\/la-importancia-del-descanso-activo-para-tu-cuerpo-y-mente\/"},"author":{"name":"Dra. Juliana Parisi","@id":"https:\/\/www.saludonnet.com\/blog\/#\/schema\/person\/4f4a6001e97d78402223fdb6ddde24b4"},"headline":"La importancia del descanso activo para tu cuerpo y mente","datePublished":"2025-05-16T14:23:50+00:00","dateModified":"2025-09-17T10:35:21+00:00","mainEntityOfPage":{"@id":"https:\/\/www.saludonnet.com\/blog\/la-importancia-del-descanso-activo-para-tu-cuerpo-y-mente\/"},"wordCount":1028,"commentCount":0,"publisher":{"@id":"https:\/\/www.saludonnet.com\/blog\/#organization"},"image":{"@id":"https:\/\/www.saludonnet.com\/blog\/la-importancia-del-descanso-activo-para-tu-cuerpo-y-mente\/#primaryimage"},"thumbnailUrl":"https:\/\/soncdn.azureedge.net\/blog\/wp-content\/uploads\/descanso-activo.jpg","keywords":["Consulta de Medicina General"],"articleSection":["Medicina General"],"inLanguage":"es","potentialAction":[{"@type":"CommentAction","name":"Comment","target":["https:\/\/www.saludonnet.com\/blog\/la-importancia-del-descanso-activo-para-tu-cuerpo-y-mente\/#respond"]}]},{"@type":"WebPage","@id":"https:\/\/www.saludonnet.com\/blog\/la-importancia-del-descanso-activo-para-tu-cuerpo-y-mente\/","url":"https:\/\/www.saludonnet.com\/blog\/la-importancia-del-descanso-activo-para-tu-cuerpo-y-mente\/","name":"La importancia del descanso activo para tu cuerpo y mente","isPartOf":{"@id":"https:\/\/www.saludonnet.com\/blog\/#website"},"primaryImageOfPage":{"@id":"https:\/\/www.saludonnet.com\/blog\/la-importancia-del-descanso-activo-para-tu-cuerpo-y-mente\/#primaryimage"},"image":{"@id":"https:\/\/www.saludonnet.com\/blog\/la-importancia-del-descanso-activo-para-tu-cuerpo-y-mente\/#primaryimage"},"thumbnailUrl":"https:\/\/soncdn.azureedge.net\/blog\/wp-content\/uploads\/descanso-activo.jpg","datePublished":"2025-05-16T14:23:50+00:00","dateModified":"2025-09-17T10:35:21+00:00","description":"Descubre por qu\u00e9 el descanso activo mejora tu recuperaci\u00f3n f\u00edsica, salud mental y productividad. Aprende a integrarlo f\u00e1cilmente.","breadcrumb":{"@id":"https:\/\/www.saludonnet.com\/blog\/la-importancia-del-descanso-activo-para-tu-cuerpo-y-mente\/#breadcrumb"},"inLanguage":"es","potentialAction":[{"@type":"ReadAction","target":["https:\/\/www.saludonnet.com\/blog\/la-importancia-del-descanso-activo-para-tu-cuerpo-y-mente\/"]}]},{"@type":"ImageObject","inLanguage":"es","@id":"https:\/\/www.saludonnet.com\/blog\/la-importancia-del-descanso-activo-para-tu-cuerpo-y-mente\/#primaryimage","url":"https:\/\/soncdn.azureedge.net\/blog\/wp-content\/uploads\/descanso-activo.jpg","contentUrl":"https:\/\/soncdn.azureedge.net\/blog\/wp-content\/uploads\/descanso-activo.jpg","width":800,"height":400,"caption":"personas caminando por la playa"},{"@type":"BreadcrumbList","@id":"https:\/\/www.saludonnet.com\/blog\/la-importancia-del-descanso-activo-para-tu-cuerpo-y-mente\/#breadcrumb","itemListElement":[{"@type":"ListItem","position":1,"name":"Portada","item":"https:\/\/www.saludonnet.com\/blog\/"},{"@type":"ListItem","position":2,"name":"Medicina General","item":"https:\/\/www.saludonnet.com\/blog\/topic\/medicina-general\/"},{"@type":"ListItem","position":3,"name":"La importancia del descanso activo para tu cuerpo y mente"}]},{"@type":"WebSite","@id":"https:\/\/www.saludonnet.com\/blog\/#website","url":"https:\/\/www.saludonnet.com\/blog\/","name":"Blog SaludOnNet","description":"Un espacio donde encontrar\u00e1s consejos y art\u00edculos para cuidar de tu salud","publisher":{"@id":"https:\/\/www.saludonnet.com\/blog\/#organization"},"potentialAction":[{"@type":"SearchAction","target":{"@type":"EntryPoint","urlTemplate":"https:\/\/www.saludonnet.com\/blog\/?s={search_term_string}"},"query-input":{"@type":"PropertyValueSpecification","valueRequired":true,"valueName":"search_term_string"}}],"inLanguage":"es"},{"@type":"Organization","@id":"https:\/\/www.saludonnet.com\/blog\/#organization","name":"SaludOnNet","url":"https:\/\/www.saludonnet.com\/blog\/","logo":{"@type":"ImageObject","inLanguage":"es","@id":"https:\/\/www.saludonnet.com\/blog\/#\/schema\/logo\/image\/","url":"https:\/\/www.saludonnet.com\/blog\/wp-content\/uploads\/2019\/07\/Logo-SaludOnNet.png","contentUrl":"https:\/\/www.saludonnet.com\/blog\/wp-content\/uploads\/2019\/07\/Logo-SaludOnNet.png","width":1140,"height":377,"caption":"SaludOnNet"},"image":{"@id":"https:\/\/www.saludonnet.com\/blog\/#\/schema\/logo\/image\/"},"sameAs":["https:\/\/www.facebook.com\/pages\/SaludOnNet\/214957498526536","https:\/\/x.com\/saludonnet","https:\/\/www.instagram.com\/saludonnet\/","https:\/\/www.linkedin.com\/company\/saludonnet\/","https:\/\/www.youtube.com\/channel\/UCag68GsnagqzNb6C3G-S9vQ"]},{"@type":"Person","@id":"https:\/\/www.saludonnet.com\/blog\/#\/schema\/person\/4f4a6001e97d78402223fdb6ddde24b4","name":"Dra. Juliana Parisi","image":{"@type":"ImageObject","inLanguage":"es","@id":"https:\/\/secure.gravatar.com\/avatar\/8d15149be38c82426ae134d3f46104db550e31f436dbd92925d8c6f6328231bd?s=96&d=mm&r=g","url":"https:\/\/secure.gravatar.com\/avatar\/8d15149be38c82426ae134d3f46104db550e31f436dbd92925d8c6f6328231bd?s=96&d=mm&r=g","contentUrl":"https:\/\/secure.gravatar.com\/avatar\/8d15149be38c82426ae134d3f46104db550e31f436dbd92925d8c6f6328231bd?s=96&d=mm&r=g","caption":"Dra. Juliana Parisi"},"description":"Medicina General","url":"https:\/\/www.saludonnet.com\/blog\/author\/juliana-parisi\/"}]}},"acf":[],"_links":{"self":[{"href":"https:\/\/www.saludonnet.com\/blog\/wp-json\/wp\/v2\/posts\/19789","targetHints":{"allow":["GET"]}}],"collection":[{"href":"https:\/\/www.saludonnet.com\/blog\/wp-json\/wp\/v2\/posts"}],"about":[{"href":"https:\/\/www.saludonnet.com\/blog\/wp-json\/wp\/v2\/types\/post"}],"author":[{"embeddable":true,"href":"https:\/\/www.saludonnet.com\/blog\/wp-json\/wp\/v2\/users\/22"}],"replies":[{"embeddable":true,"href":"https:\/\/www.saludonnet.com\/blog\/wp-json\/wp\/v2\/comments?post=19789"}],"version-history":[{"count":6,"href":"https:\/\/www.saludonnet.com\/blog\/wp-json\/wp\/v2\/posts\/19789\/revisions"}],"predecessor-version":[{"id":19800,"href":"https:\/\/www.saludonnet.com\/blog\/wp-json\/wp\/v2\/posts\/19789\/revisions\/19800"}],"wp:featuredmedia":[{"embeddable":true,"href":"https:\/\/www.saludonnet.com\/blog\/wp-json\/wp\/v2\/media\/19797"}],"wp:attachment":[{"href":"https:\/\/www.saludonnet.com\/blog\/wp-json\/wp\/v2\/media?parent=19789"}],"wp:term":[{"taxonomy":"category","embeddable":true,"href":"https:\/\/www.saludonnet.com\/blog\/wp-json\/wp\/v2\/categories?post=19789"},{"taxonomy":"post_tag","embeddable":true,"href":"https:\/\/www.saludonnet.com\/blog\/wp-json\/wp\/v2\/tags?post=19789"}],"curies":[{"name":"wp","href":"https:\/\/api.w.org\/{rel}","templated":true}]}}