{"id":18006,"date":"2024-11-11T11:24:15","date_gmt":"2024-11-11T10:24:15","guid":{"rendered":"https:\/\/www.saludonnet.com\/blog\/?p=18006"},"modified":"2024-11-14T11:24:21","modified_gmt":"2024-11-14T10:24:21","slug":"existe-el-dolor-articular-por-el-cambio-de-tiempo","status":"publish","type":"post","link":"https:\/\/www.saludonnet.com\/blog\/existe-el-dolor-articular-por-el-cambio-de-tiempo\/","title":{"rendered":"\u00bfExiste el dolor articular por el cambio de tiempo?"},"content":{"rendered":"\n<p>\u00bfAlguna vez has escuchado a alguien decir que puede \u201csentir\u201d el cambio de clima en los huesos o articulaciones? Este fen\u00f3meno, que parece un mito, ha sido tema de estudios cient\u00edficos y motivo de investigaci\u00f3n, especialmente en personas con patolog\u00edas como la <strong><a href=\"https:\/\/www.saludonnet.com\/blog\/diferencias-entre-artrosis-y-artritis\/\">artritis<\/a><\/strong>. La conexi\u00f3n entre el clima y el dolor articular ha interesado a m\u00e9dicos, cient\u00edficos y pacientes, buscando <strong>entender si el clima fr\u00edo, la humedad o los cambios de presi\u00f3n atmosf\u00e9rica realmente influyen en el dolor en las articulaciones<\/strong> o si es solo una percepci\u00f3n com\u00fan.<\/p>\n\n\n\n<h2 class=\"wp-block-heading\">\u00bfQu\u00e9 es el dolor articular y qu\u00e9 lo provoca?<\/h2>\n\n\n\n<p>El dolor articular se refiere a molestias o dolor en una o m\u00e1s articulaciones, \u00e1reas donde los huesos se conectan para permitir el movimiento. Es com\u00fan en personas mayores y en aquellos con condiciones como la artritis, osteoartritis, reumatismo y otras enfermedades inflamatorias. <strong>Factores como el envejecimiento, la gen\u00e9tica y las lesiones previas pueden afectar la salud de las articulaciones<\/strong> y aumentar la sensibilidad al dolor. Para las personas con problemas articulares, el dolor puede agravarse en temporadas fr\u00edas o durante cambios clim\u00e1ticos bruscos. Pero, \u00bfrealmente el clima afecta los huesos y articulaciones, o es un mito generalizado?<\/p>\n\n\n\n<h3 class=\"wp-block-heading\">\u00bfPor qu\u00e9 duele el cuerpo cuando cambia el clima?<\/h3>\n\n\n\n<p>Las razones detr\u00e1s del dolor articular relacionado con el clima no est\u00e1n completamente claras, aunque varios estudios han intentado identificar un v\u00ednculo. Algunas teor\u00edas sugieren que los cambios en la presi\u00f3n atmosf\u00e9rica, la temperatura y la humedad influyen en la percepci\u00f3n del dolor. <strong>La presi\u00f3n barom\u00e9trica<\/strong>, en particular, <strong>es uno de los factores que m\u00e1s se ha asociado al dolor articular<\/strong>. Se cree que cuando la presi\u00f3n atmosf\u00e9rica baja, como sucede en los d\u00edas h\u00famedos o fr\u00edos, el aire ejerce menos presi\u00f3n sobre el cuerpo. Esto permite que los tejidos y m\u00fasculos que rodean las articulaciones se expandan, causando mayor sensibilidad o dolor en \u00e1reas donde existe inflamaci\u00f3n. Esto explicar\u00eda por qu\u00e9 muchas personas sienten m\u00e1s dolor de articulaciones con fr\u00edo.<\/p>\n\n\n\n<h3 class=\"wp-block-heading\">\u00bfQu\u00e9 dice la ciencia sobre el dolor articular y el clima?<\/h3>\n\n\n\n<p>La relaci\u00f3n entre clima y dolor en los huesos es un tema complejo. Diversos estudios han mostrado resultados variados, pero algunos apuntan a que el dolor articular por cambios de clima no es solo una percepci\u00f3n subjetiva. Un estudio de la Universidad de Tufts en Estados Unidos, por ejemplo, encontr\u00f3 que una ca\u00edda de 10 grados en la temperatura se relacionaba con un aumento del dolor en personas con osteoartritis en la rodilla. Adem\u00e1s, los cambios de estaci\u00f3n y la humedad parecieron agravar el dolor en ciertos pacientes.<\/p>\n\n\n\n<p>Por otro lado, otros estudios han se\u00f1alado que el dolor articular asociado al clima <strong>podr\u00eda estar m\u00e1s influido por factores psicol\u00f3gicos<\/strong>. La anticipaci\u00f3n de dolor o incomodidad ante el cambio de clima podr\u00eda amplificar la percepci\u00f3n del dolor, especialmente en personas que ya son propensas a padecer artritis. En este sentido, la ciencia no ofrece una respuesta definitiva sobre si el clima causa realmente dolor, pero s\u00ed indica que los s\u00edntomas pueden intensificarse debido a una combinaci\u00f3n de factores f\u00edsicos y psicol\u00f3gicos.<\/p>\n\n\n\n<h3 class=\"wp-block-heading\">\u00bfEl fr\u00edo empeora el dolor en las articulaciones?<\/h3>\n\n\n\n<p>El fr\u00edo es uno de los elementos clim\u00e1ticos m\u00e1s frecuentemente asociados con el dolor en las articulaciones. En muchos pa\u00edses, la llegada del invierno o la exposici\u00f3n a temperaturas bajas son motivo de aumento en las consultas m\u00e9dicas relacionadas con el dolor articular. En personas mayores o en pacientes con artritis<strong>, el fr\u00edo puede dificultar el movimiento y hacer que las articulaciones se sientan r\u00edgidas<\/strong>. Se cree que el fr\u00edo reduce la circulaci\u00f3n en las extremidades, lo cual puede hacer que las articulaciones se sientan m\u00e1s doloridas y que los m\u00fasculos y tejidos alrededor se tensen, aumentando la percepci\u00f3n del dolor.<\/p>\n\n\n\n<p>Sin embargo, algunos estudios indican que las bajas temperaturas no necesariamente empeoran la inflamaci\u00f3n de las articulaciones, sino que es la sensaci\u00f3n de rigidez y menor flujo sangu\u00edneo lo que puede amplificar la sensaci\u00f3n de incomodidad. Para aquellos que sienten que su dolor de articulaciones aumenta en invierno, protegerse adecuadamente del fr\u00edo y realizar ejercicios de bajo impacto pueden ayudar a mejorar la circulaci\u00f3n y reducir la rigidez.<\/p>\n\n\n\n<h2 class=\"wp-block-heading\">La presi\u00f3n barom\u00e9trica en el dolor articular<\/h2>\n\n\n\n<p>La <strong>presi\u00f3n barom\u00e9trica<\/strong> es la medida de presi\u00f3n que ejerce la atm\u00f3sfera sobre la superficie de la Tierra. Durante cambios de clima, como antes de una tormenta o en d\u00edas de lluvia, la presi\u00f3n barom\u00e9trica suele disminuir. Los expertos sugieren que, cuando esto sucede, el l\u00edquido sinovial que rodea las articulaciones podr\u00eda expandirse ligeramente, generando molestias en las articulaciones inflamadas o en aquellas con desgaste \u00f3seo. En estudios sobre el dolor articular y el clima, se ha observado que <strong>la presi\u00f3n barom\u00e9trica baja puede afectar a pacientes con artritis o con da\u00f1o articular preexistente<\/strong>, aunque sus efectos pueden variar seg\u00fan la persona.<\/p>\n\n\n\n<h2 class=\"wp-block-heading\">Dolor articular en invierno: \u00bfc\u00f3mo afecta a los pacientes con artritis?<\/h2>\n\n\n\n<p>Para las personas que viven con artritis, los cambios clim\u00e1ticos pueden ser especialmente dif\u00edciles. La artritis es una condici\u00f3n inflamatoria que provoca dolor y rigidez en las articulaciones y que puede verse exacerbada por el fr\u00edo y la humedad. En invierno, los pacientes con artritis suelen reportar un aumento del dolor y la rigidez, lo cual puede dificultar la movilidad y afectar la calidad de vida.<\/p>\n\n\n\n<p>El dolor articular en invierno tambi\u00e9n puede estar relacionado con el hecho de que las personas tienden a reducir la actividad f\u00edsica en esta temporada. <strong>Mantenerse activo y realizar ejercicios de bajo impacto puede ayudar a mantener la flexibilidad y la fuerza muscular<\/strong>, lo cual es fundamental para reducir la carga sobre las articulaciones. Actividades como el yoga y los ejercicios de estiramiento tambi\u00e9n son \u00fatiles para aliviar la rigidez y mejorar la circulaci\u00f3n.<\/p>\n\n\n\n<h3 class=\"wp-block-heading\">\u00bfEs posible aliviar el dolor de articulaciones en d\u00edas de humedad o fr\u00edo?<\/h3>\n\n\n\n<p>Aunque no se puede cambiar el clima, existen estrategias efectivas para manejar el dolor articular en condiciones clim\u00e1ticas desfavorables. Las principales son:<\/p>\n\n\n\n<ul class=\"wp-block-list\">\n<li><strong>Mantener el cuerpo caliente<\/strong>. Usar ropa t\u00e9rmica, calcetines de lana y guantes ayuda a conservar el calor y a proteger las articulaciones del fr\u00edo.<\/li>\n\n\n\n<li><strong>Evitar la exposici\u00f3n prolongada a temperaturas bajas<\/strong> y, si es posible, mantenerse en ambientes templados.<\/li>\n\n\n\n<li>Uso de compresas calientes en las \u00e1reas donde se siente dolor. El calor ayuda a mejorar la circulaci\u00f3n y a reducir la rigidez muscular, lo que puede aliviar el malestar en las articulaciones.<\/li>\n\n\n\n<li><strong>Mantener una rutina de ejercicios suaves<\/strong> en el hogar ayuda a que los m\u00fasculos alrededor de las articulaciones se mantengan flexibles y fortalecidos.<\/li>\n<\/ul>\n\n\n\n<h2 class=\"wp-block-heading\">Mitos sobre el dolor en huesos por el clima<\/h2>\n\n\n\n<p>Aunque muchas personas aseguran que el clima afecta sus huesos, existen mitos alrededor de esta afirmaci\u00f3n. Los principales son:<\/p>\n\n\n\n<ul class=\"wp-block-list\">\n<li>El dolor en los huesos o articulaciones es inevitable en invierno. Varios estudios han demostrado que los efectos del clima en el dolor articular var\u00edan ampliamente entre personas, y que algunas personas no experimentan ning\u00fan cambio en sus s\u00edntomas en d\u00edas fr\u00edos o lluviosos.<\/li>\n\n\n\n<li>La humedad es la \u00fanica causante del dolor articular. Si bien los d\u00edas h\u00famedos y fr\u00edos son un factor com\u00fan, existen otros elementos como el estr\u00e9s, la falta de actividad f\u00edsica y la predisposici\u00f3n gen\u00e9tica que tambi\u00e9n influyen en la percepci\u00f3n del dolor articular.<\/li>\n<\/ul>\n\n\n\n<p>Es importante distinguir entre estos factores para comprender mejor las causas del dolor y manejarlo de forma adecuada.<\/p>\n\n\n\n<h2 class=\"wp-block-heading\">Consejos para cuidar las articulaciones durante cambios de clima<\/h2>\n\n\n\n<p>El autocuidado y la prevenci\u00f3n son esenciales para proteger las articulaciones en \u00e9pocas de cambio clim\u00e1tico. Algunos consejos para prevenir el dolor articular en invierno incluyen:<\/p>\n\n\n\n<ol start=\"1\" class=\"wp-block-list\">\n<li><strong>Ejercicio regular<\/strong>. Mantenerse activo ayuda a fortalecer los m\u00fasculos y las articulaciones, reduciendo la tensi\u00f3n sobre ellas.<\/li>\n\n\n\n<li><strong>Mantenerse caliente<\/strong>. Usar ropa de abrigo y mantener una temperatura adecuada en el hogar ayuda a reducir la rigidez.<\/li>\n\n\n\n<li><strong>Alimentaci\u00f3n equilibrada.<\/strong> Una dieta rica en nutrientes y antiinflamatorios como los \u00e1cidos grasos omega-3 ayuda a proteger la salud de las articulaciones.<\/li>\n\n\n\n<li><strong>Control del estr\u00e9s.<\/strong> El estr\u00e9s puede agravar el dolor articular; t\u00e9cnicas de relajaci\u00f3n como la meditaci\u00f3n o el yoga pueden ser \u00fatiles.<\/li>\n\n\n\n<li><strong><a href=\"https:\/\/www.saludonnet.com\/blog\/consejos-para-mejorar-la-postura-y-evitar-el-dolor-de-espalda\/\">Buena postura<\/a>.<\/strong> La postura adecuada reduce la presi\u00f3n sobre las articulaciones, especialmente durante la actividad f\u00edsica.<\/li>\n<\/ol>\n\n\n\n<p>La relaci\u00f3n entre el clima y el dolor articular es compleja y var\u00eda entre las personas. Aunque el fr\u00edo, la humedad y la presi\u00f3n barom\u00e9trica parecen influir en algunas personas, no se ha demostrado una causa directa. Sin embargo, la evidencia sugiere que estos factores clim\u00e1ticos pueden aumentar la percepci\u00f3n del dolor en quienes padecen artritis u otras enfermedades cr\u00f3nicas. Al comprender c\u00f3mo afecta el clima a las articulaciones y aplicar estrategias preventivas, es posible aliviar el dolor y mejorar la calidad de vida en \u00e9pocas de cambios de clima.<\/p>\n\n\n\n<p>Si tienes dolores articulares es bueno que acudas al m\u00e9dico para que pueda realizar un diagn\u00f3stico de tu dolencia o un seguimiento de la misma. En <strong>SaludOnNet<\/strong> contamos con especialistas dispuestos a ayudarte en lo que necesites, sin esperas y a unos precios muy asequibles.<\/p>\n","protected":false},"excerpt":{"rendered":"<p>Causas del dolor articular ante cambios de clima, mitos comunes y consejos para aliviar molestias y mejorar el bienestar articular.<\/p>\n","protected":false},"author":20,"featured_media":18054,"comment_status":"open","ping_status":"open","sticky":false,"template":"","format":"standard","meta":{"footnotes":""},"categories":[60],"tags":[259],"class_list":["post-18006","post","type-post","status-publish","format-standard","has-post-thumbnail","hentry","category-reumatologia","tag-3492-consulta"],"yoast_head":"<!-- This site is optimized with the Yoast SEO plugin v27.5 - https:\/\/yoast.com\/product\/yoast-seo-wordpress\/ -->\n<title>\u00bfExiste el dolor articular por el cambio de tiempo?<\/title>\n<meta name=\"description\" content=\"Causas del dolor articular ante cambios de clima, mitos comunes y consejos para aliviar molestias y mejorar el bienestar articular.\" \/>\n<meta name=\"robots\" content=\"index, follow, max-snippet:-1, max-image-preview:large, max-video-preview:-1\" \/>\n<link rel=\"canonical\" href=\"https:\/\/www.saludonnet.com\/blog\/existe-el-dolor-articular-por-el-cambio-de-tiempo\/\" \/>\n<meta property=\"og:locale\" content=\"es_ES\" \/>\n<meta property=\"og:type\" content=\"article\" \/>\n<meta property=\"og:title\" content=\"\u00bfExiste el dolor articular por el cambio de tiempo?\" \/>\n<meta property=\"og:description\" content=\"Causas del dolor articular ante cambios de clima, mitos comunes y consejos para aliviar molestias y mejorar el bienestar articular.\" \/>\n<meta property=\"og:url\" content=\"https:\/\/www.saludonnet.com\/blog\/existe-el-dolor-articular-por-el-cambio-de-tiempo\/\" \/>\n<meta property=\"og:site_name\" content=\"Blog SaludOnNet\" \/>\n<meta property=\"article:publisher\" content=\"https:\/\/www.facebook.com\/pages\/SaludOnNet\/214957498526536\" \/>\n<meta property=\"article:published_time\" content=\"2024-11-11T10:24:15+00:00\" \/>\n<meta property=\"article:modified_time\" content=\"2024-11-14T10:24:21+00:00\" \/>\n<meta property=\"og:image\" content=\"https:\/\/www.saludonnet.com\/blog\/wp-content\/uploads\/2024\/11\/dolor-articular.jpg\" \/>\n\t<meta property=\"og:image:width\" content=\"800\" \/>\n\t<meta property=\"og:image:height\" content=\"400\" \/>\n\t<meta property=\"og:image:type\" content=\"image\/jpeg\" \/>\n<meta name=\"author\" content=\"Equipo M\u00e9dico de SaludOnNet\" \/>\n<meta name=\"twitter:card\" content=\"summary_large_image\" \/>\n<meta name=\"twitter:title\" content=\"\u00bfExiste el dolor articular por el cambio de tiempo?\" \/>\n<meta name=\"twitter:description\" content=\"Causas del dolor articular ante cambios de clima, mitos comunes y consejos para aliviar molestias y mejorar el bienestar articular.\" \/>\n<meta name=\"twitter:image\" content=\"https:\/\/soncdn.azureedge.net\/blog\/wp-content\/uploads\/2024\/11\/dolor-articular.jpg\" \/>\n<meta name=\"twitter:creator\" content=\"@saludonnet\" \/>\n<meta name=\"twitter:site\" content=\"@saludonnet\" \/>\n<meta name=\"twitter:label1\" content=\"Escrito por\" \/>\n\t<meta name=\"twitter:data1\" content=\"Equipo M\u00e9dico de SaludOnNet\" \/>\n\t<meta name=\"twitter:label2\" content=\"Tiempo de lectura\" \/>\n\t<meta name=\"twitter:data2\" content=\"7 minutos\" \/>\n<script type=\"application\/ld+json\" class=\"yoast-schema-graph\">{\"@context\":\"https:\\\/\\\/schema.org\",\"@graph\":[{\"@type\":\"Article\",\"@id\":\"https:\\\/\\\/www.saludonnet.com\\\/blog\\\/existe-el-dolor-articular-por-el-cambio-de-tiempo\\\/#article\",\"isPartOf\":{\"@id\":\"https:\\\/\\\/www.saludonnet.com\\\/blog\\\/existe-el-dolor-articular-por-el-cambio-de-tiempo\\\/\"},\"author\":{\"name\":\"Equipo M\u00e9dico de SaludOnNet\",\"@id\":\"https:\\\/\\\/www.saludonnet.com\\\/blog\\\/#\\\/schema\\\/person\\\/50995e01cc9d6c9f29ae18d979eeff1b\"},\"headline\":\"\u00bfExiste el dolor articular por el cambio de tiempo?\",\"datePublished\":\"2024-11-11T10:24:15+00:00\",\"dateModified\":\"2024-11-14T10:24:21+00:00\",\"mainEntityOfPage\":{\"@id\":\"https:\\\/\\\/www.saludonnet.com\\\/blog\\\/existe-el-dolor-articular-por-el-cambio-de-tiempo\\\/\"},\"wordCount\":1626,\"commentCount\":0,\"publisher\":{\"@id\":\"https:\\\/\\\/www.saludonnet.com\\\/blog\\\/#organization\"},\"image\":{\"@id\":\"https:\\\/\\\/www.saludonnet.com\\\/blog\\\/existe-el-dolor-articular-por-el-cambio-de-tiempo\\\/#primaryimage\"},\"thumbnailUrl\":\"https:\\\/\\\/soncdn.azureedge.net\\\/blog\\\/wp-content\\\/uploads\\\/2024\\\/11\\\/dolor-articular.jpg\",\"keywords\":[\"Consulta de Reumatolog\u00eda\"],\"articleSection\":[\"Reumatolog\u00eda\"],\"inLanguage\":\"es\",\"potentialAction\":[{\"@type\":\"CommentAction\",\"name\":\"Comment\",\"target\":[\"https:\\\/\\\/www.saludonnet.com\\\/blog\\\/existe-el-dolor-articular-por-el-cambio-de-tiempo\\\/#respond\"]}]},{\"@type\":\"WebPage\",\"@id\":\"https:\\\/\\\/www.saludonnet.com\\\/blog\\\/existe-el-dolor-articular-por-el-cambio-de-tiempo\\\/\",\"url\":\"https:\\\/\\\/www.saludonnet.com\\\/blog\\\/existe-el-dolor-articular-por-el-cambio-de-tiempo\\\/\",\"name\":\"\u00bfExiste el dolor articular por el cambio de tiempo?\",\"isPartOf\":{\"@id\":\"https:\\\/\\\/www.saludonnet.com\\\/blog\\\/#website\"},\"primaryImageOfPage\":{\"@id\":\"https:\\\/\\\/www.saludonnet.com\\\/blog\\\/existe-el-dolor-articular-por-el-cambio-de-tiempo\\\/#primaryimage\"},\"image\":{\"@id\":\"https:\\\/\\\/www.saludonnet.com\\\/blog\\\/existe-el-dolor-articular-por-el-cambio-de-tiempo\\\/#primaryimage\"},\"thumbnailUrl\":\"https:\\\/\\\/soncdn.azureedge.net\\\/blog\\\/wp-content\\\/uploads\\\/2024\\\/11\\\/dolor-articular.jpg\",\"datePublished\":\"2024-11-11T10:24:15+00:00\",\"dateModified\":\"2024-11-14T10:24:21+00:00\",\"description\":\"Causas del dolor articular ante cambios de clima, mitos comunes y consejos para aliviar molestias y mejorar el bienestar articular.\",\"breadcrumb\":{\"@id\":\"https:\\\/\\\/www.saludonnet.com\\\/blog\\\/existe-el-dolor-articular-por-el-cambio-de-tiempo\\\/#breadcrumb\"},\"inLanguage\":\"es\",\"potentialAction\":[{\"@type\":\"ReadAction\",\"target\":[\"https:\\\/\\\/www.saludonnet.com\\\/blog\\\/existe-el-dolor-articular-por-el-cambio-de-tiempo\\\/\"]}]},{\"@type\":\"ImageObject\",\"inLanguage\":\"es\",\"@id\":\"https:\\\/\\\/www.saludonnet.com\\\/blog\\\/existe-el-dolor-articular-por-el-cambio-de-tiempo\\\/#primaryimage\",\"url\":\"https:\\\/\\\/soncdn.azureedge.net\\\/blog\\\/wp-content\\\/uploads\\\/2024\\\/11\\\/dolor-articular.jpg\",\"contentUrl\":\"https:\\\/\\\/soncdn.azureedge.net\\\/blog\\\/wp-content\\\/uploads\\\/2024\\\/11\\\/dolor-articular.jpg\",\"width\":800,\"height\":400,\"caption\":\"dolor de mu\u00f1eca\"},{\"@type\":\"BreadcrumbList\",\"@id\":\"https:\\\/\\\/www.saludonnet.com\\\/blog\\\/existe-el-dolor-articular-por-el-cambio-de-tiempo\\\/#breadcrumb\",\"itemListElement\":[{\"@type\":\"ListItem\",\"position\":1,\"name\":\"Portada\",\"item\":\"https:\\\/\\\/www.saludonnet.com\\\/blog\\\/\"},{\"@type\":\"ListItem\",\"position\":2,\"name\":\"Reumatolog\u00eda\",\"item\":\"https:\\\/\\\/www.saludonnet.com\\\/blog\\\/topic\\\/reumatologia\\\/\"},{\"@type\":\"ListItem\",\"position\":3,\"name\":\"\u00bfExiste el dolor articular por el cambio de tiempo?\"}]},{\"@type\":\"WebSite\",\"@id\":\"https:\\\/\\\/www.saludonnet.com\\\/blog\\\/#website\",\"url\":\"https:\\\/\\\/www.saludonnet.com\\\/blog\\\/\",\"name\":\"Blog SaludOnNet\",\"description\":\"Un espacio donde encontrar\u00e1s consejos y art\u00edculos para cuidar de tu salud\",\"publisher\":{\"@id\":\"https:\\\/\\\/www.saludonnet.com\\\/blog\\\/#organization\"},\"potentialAction\":[{\"@type\":\"SearchAction\",\"target\":{\"@type\":\"EntryPoint\",\"urlTemplate\":\"https:\\\/\\\/www.saludonnet.com\\\/blog\\\/?s={search_term_string}\"},\"query-input\":{\"@type\":\"PropertyValueSpecification\",\"valueRequired\":true,\"valueName\":\"search_term_string\"}}],\"inLanguage\":\"es\"},{\"@type\":\"Organization\",\"@id\":\"https:\\\/\\\/www.saludonnet.com\\\/blog\\\/#organization\",\"name\":\"SaludOnNet\",\"url\":\"https:\\\/\\\/www.saludonnet.com\\\/blog\\\/\",\"logo\":{\"@type\":\"ImageObject\",\"inLanguage\":\"es\",\"@id\":\"https:\\\/\\\/www.saludonnet.com\\\/blog\\\/#\\\/schema\\\/logo\\\/image\\\/\",\"url\":\"https:\\\/\\\/www.saludonnet.com\\\/blog\\\/wp-content\\\/uploads\\\/2019\\\/07\\\/Logo-SaludOnNet.png\",\"contentUrl\":\"https:\\\/\\\/www.saludonnet.com\\\/blog\\\/wp-content\\\/uploads\\\/2019\\\/07\\\/Logo-SaludOnNet.png\",\"width\":1140,\"height\":377,\"caption\":\"SaludOnNet\"},\"image\":{\"@id\":\"https:\\\/\\\/www.saludonnet.com\\\/blog\\\/#\\\/schema\\\/logo\\\/image\\\/\"},\"sameAs\":[\"https:\\\/\\\/www.facebook.com\\\/pages\\\/SaludOnNet\\\/214957498526536\",\"https:\\\/\\\/x.com\\\/saludonnet\",\"https:\\\/\\\/www.instagram.com\\\/saludonnet\\\/\",\"https:\\\/\\\/www.linkedin.com\\\/company\\\/saludonnet\\\/\",\"https:\\\/\\\/www.youtube.com\\\/channel\\\/UCag68GsnagqzNb6C3G-S9vQ\"]},{\"@type\":\"Person\",\"@id\":\"https:\\\/\\\/www.saludonnet.com\\\/blog\\\/#\\\/schema\\\/person\\\/50995e01cc9d6c9f29ae18d979eeff1b\",\"name\":\"Equipo M\u00e9dico de SaludOnNet\",\"image\":{\"@type\":\"ImageObject\",\"inLanguage\":\"es\",\"@id\":\"https:\\\/\\\/secure.gravatar.com\\\/avatar\\\/0ac89931d2ef75704f29e63e12335967620a1f7ac37c69f6f97ad72b9ac6496d?s=96&d=mm&r=g\",\"url\":\"https:\\\/\\\/secure.gravatar.com\\\/avatar\\\/0ac89931d2ef75704f29e63e12335967620a1f7ac37c69f6f97ad72b9ac6496d?s=96&d=mm&r=g\",\"contentUrl\":\"https:\\\/\\\/secure.gravatar.com\\\/avatar\\\/0ac89931d2ef75704f29e63e12335967620a1f7ac37c69f6f97ad72b9ac6496d?s=96&d=mm&r=g\",\"caption\":\"Equipo M\u00e9dico de SaludOnNet\"},\"description\":\"Art\u00edculo elaborado por el equipo m\u00e9dico de SaludOnNet, compuesto por especialistas destacados en su \u00e1rea.\",\"url\":\"https:\\\/\\\/www.saludonnet.com\\\/blog\\\/author\\\/saludonnet\\\/\"}]}<\/script>\n<!-- \/ Yoast SEO plugin. -->","yoast_head_json":{"title":"\u00bfExiste el dolor articular por el cambio de tiempo?","description":"Causas del dolor articular ante cambios de clima, mitos comunes y consejos para aliviar molestias y mejorar el bienestar articular.","robots":{"index":"index","follow":"follow","max-snippet":"max-snippet:-1","max-image-preview":"max-image-preview:large","max-video-preview":"max-video-preview:-1"},"canonical":"https:\/\/www.saludonnet.com\/blog\/existe-el-dolor-articular-por-el-cambio-de-tiempo\/","og_locale":"es_ES","og_type":"article","og_title":"\u00bfExiste el dolor articular por el cambio de tiempo?","og_description":"Causas del dolor articular ante cambios de clima, mitos comunes y consejos para aliviar molestias y mejorar el bienestar articular.","og_url":"https:\/\/www.saludonnet.com\/blog\/existe-el-dolor-articular-por-el-cambio-de-tiempo\/","og_site_name":"Blog SaludOnNet","article_publisher":"https:\/\/www.facebook.com\/pages\/SaludOnNet\/214957498526536","article_published_time":"2024-11-11T10:24:15+00:00","article_modified_time":"2024-11-14T10:24:21+00:00","og_image":[{"width":800,"height":400,"url":"https:\/\/www.saludonnet.com\/blog\/wp-content\/uploads\/2024\/11\/dolor-articular.jpg","type":"image\/jpeg"}],"author":"Equipo M\u00e9dico de SaludOnNet","twitter_card":"summary_large_image","twitter_title":"\u00bfExiste el dolor articular por el cambio de tiempo?","twitter_description":"Causas del dolor articular ante cambios de clima, mitos comunes y consejos para aliviar molestias y mejorar el bienestar articular.","twitter_image":"https:\/\/soncdn.azureedge.net\/blog\/wp-content\/uploads\/2024\/11\/dolor-articular.jpg","twitter_creator":"@saludonnet","twitter_site":"@saludonnet","twitter_misc":{"Escrito por":"Equipo M\u00e9dico de SaludOnNet","Tiempo de lectura":"7 minutos"},"schema":{"@context":"https:\/\/schema.org","@graph":[{"@type":"Article","@id":"https:\/\/www.saludonnet.com\/blog\/existe-el-dolor-articular-por-el-cambio-de-tiempo\/#article","isPartOf":{"@id":"https:\/\/www.saludonnet.com\/blog\/existe-el-dolor-articular-por-el-cambio-de-tiempo\/"},"author":{"name":"Equipo M\u00e9dico de SaludOnNet","@id":"https:\/\/www.saludonnet.com\/blog\/#\/schema\/person\/50995e01cc9d6c9f29ae18d979eeff1b"},"headline":"\u00bfExiste el dolor articular por el cambio de tiempo?","datePublished":"2024-11-11T10:24:15+00:00","dateModified":"2024-11-14T10:24:21+00:00","mainEntityOfPage":{"@id":"https:\/\/www.saludonnet.com\/blog\/existe-el-dolor-articular-por-el-cambio-de-tiempo\/"},"wordCount":1626,"commentCount":0,"publisher":{"@id":"https:\/\/www.saludonnet.com\/blog\/#organization"},"image":{"@id":"https:\/\/www.saludonnet.com\/blog\/existe-el-dolor-articular-por-el-cambio-de-tiempo\/#primaryimage"},"thumbnailUrl":"https:\/\/soncdn.azureedge.net\/blog\/wp-content\/uploads\/2024\/11\/dolor-articular.jpg","keywords":["Consulta de Reumatolog\u00eda"],"articleSection":["Reumatolog\u00eda"],"inLanguage":"es","potentialAction":[{"@type":"CommentAction","name":"Comment","target":["https:\/\/www.saludonnet.com\/blog\/existe-el-dolor-articular-por-el-cambio-de-tiempo\/#respond"]}]},{"@type":"WebPage","@id":"https:\/\/www.saludonnet.com\/blog\/existe-el-dolor-articular-por-el-cambio-de-tiempo\/","url":"https:\/\/www.saludonnet.com\/blog\/existe-el-dolor-articular-por-el-cambio-de-tiempo\/","name":"\u00bfExiste el dolor articular por el cambio de tiempo?","isPartOf":{"@id":"https:\/\/www.saludonnet.com\/blog\/#website"},"primaryImageOfPage":{"@id":"https:\/\/www.saludonnet.com\/blog\/existe-el-dolor-articular-por-el-cambio-de-tiempo\/#primaryimage"},"image":{"@id":"https:\/\/www.saludonnet.com\/blog\/existe-el-dolor-articular-por-el-cambio-de-tiempo\/#primaryimage"},"thumbnailUrl":"https:\/\/soncdn.azureedge.net\/blog\/wp-content\/uploads\/2024\/11\/dolor-articular.jpg","datePublished":"2024-11-11T10:24:15+00:00","dateModified":"2024-11-14T10:24:21+00:00","description":"Causas del dolor articular ante cambios de clima, mitos comunes y consejos para aliviar molestias y mejorar el bienestar articular.","breadcrumb":{"@id":"https:\/\/www.saludonnet.com\/blog\/existe-el-dolor-articular-por-el-cambio-de-tiempo\/#breadcrumb"},"inLanguage":"es","potentialAction":[{"@type":"ReadAction","target":["https:\/\/www.saludonnet.com\/blog\/existe-el-dolor-articular-por-el-cambio-de-tiempo\/"]}]},{"@type":"ImageObject","inLanguage":"es","@id":"https:\/\/www.saludonnet.com\/blog\/existe-el-dolor-articular-por-el-cambio-de-tiempo\/#primaryimage","url":"https:\/\/soncdn.azureedge.net\/blog\/wp-content\/uploads\/2024\/11\/dolor-articular.jpg","contentUrl":"https:\/\/soncdn.azureedge.net\/blog\/wp-content\/uploads\/2024\/11\/dolor-articular.jpg","width":800,"height":400,"caption":"dolor de mu\u00f1eca"},{"@type":"BreadcrumbList","@id":"https:\/\/www.saludonnet.com\/blog\/existe-el-dolor-articular-por-el-cambio-de-tiempo\/#breadcrumb","itemListElement":[{"@type":"ListItem","position":1,"name":"Portada","item":"https:\/\/www.saludonnet.com\/blog\/"},{"@type":"ListItem","position":2,"name":"Reumatolog\u00eda","item":"https:\/\/www.saludonnet.com\/blog\/topic\/reumatologia\/"},{"@type":"ListItem","position":3,"name":"\u00bfExiste el dolor articular por el cambio de tiempo?"}]},{"@type":"WebSite","@id":"https:\/\/www.saludonnet.com\/blog\/#website","url":"https:\/\/www.saludonnet.com\/blog\/","name":"Blog SaludOnNet","description":"Un espacio donde encontrar\u00e1s consejos y art\u00edculos para cuidar de tu salud","publisher":{"@id":"https:\/\/www.saludonnet.com\/blog\/#organization"},"potentialAction":[{"@type":"SearchAction","target":{"@type":"EntryPoint","urlTemplate":"https:\/\/www.saludonnet.com\/blog\/?s={search_term_string}"},"query-input":{"@type":"PropertyValueSpecification","valueRequired":true,"valueName":"search_term_string"}}],"inLanguage":"es"},{"@type":"Organization","@id":"https:\/\/www.saludonnet.com\/blog\/#organization","name":"SaludOnNet","url":"https:\/\/www.saludonnet.com\/blog\/","logo":{"@type":"ImageObject","inLanguage":"es","@id":"https:\/\/www.saludonnet.com\/blog\/#\/schema\/logo\/image\/","url":"https:\/\/www.saludonnet.com\/blog\/wp-content\/uploads\/2019\/07\/Logo-SaludOnNet.png","contentUrl":"https:\/\/www.saludonnet.com\/blog\/wp-content\/uploads\/2019\/07\/Logo-SaludOnNet.png","width":1140,"height":377,"caption":"SaludOnNet"},"image":{"@id":"https:\/\/www.saludonnet.com\/blog\/#\/schema\/logo\/image\/"},"sameAs":["https:\/\/www.facebook.com\/pages\/SaludOnNet\/214957498526536","https:\/\/x.com\/saludonnet","https:\/\/www.instagram.com\/saludonnet\/","https:\/\/www.linkedin.com\/company\/saludonnet\/","https:\/\/www.youtube.com\/channel\/UCag68GsnagqzNb6C3G-S9vQ"]},{"@type":"Person","@id":"https:\/\/www.saludonnet.com\/blog\/#\/schema\/person\/50995e01cc9d6c9f29ae18d979eeff1b","name":"Equipo M\u00e9dico de SaludOnNet","image":{"@type":"ImageObject","inLanguage":"es","@id":"https:\/\/secure.gravatar.com\/avatar\/0ac89931d2ef75704f29e63e12335967620a1f7ac37c69f6f97ad72b9ac6496d?s=96&d=mm&r=g","url":"https:\/\/secure.gravatar.com\/avatar\/0ac89931d2ef75704f29e63e12335967620a1f7ac37c69f6f97ad72b9ac6496d?s=96&d=mm&r=g","contentUrl":"https:\/\/secure.gravatar.com\/avatar\/0ac89931d2ef75704f29e63e12335967620a1f7ac37c69f6f97ad72b9ac6496d?s=96&d=mm&r=g","caption":"Equipo M\u00e9dico de SaludOnNet"},"description":"Art\u00edculo elaborado por el equipo m\u00e9dico de SaludOnNet, compuesto por especialistas destacados en su \u00e1rea.","url":"https:\/\/www.saludonnet.com\/blog\/author\/saludonnet\/"}]}},"acf":[],"_links":{"self":[{"href":"https:\/\/www.saludonnet.com\/blog\/wp-json\/wp\/v2\/posts\/18006","targetHints":{"allow":["GET"]}}],"collection":[{"href":"https:\/\/www.saludonnet.com\/blog\/wp-json\/wp\/v2\/posts"}],"about":[{"href":"https:\/\/www.saludonnet.com\/blog\/wp-json\/wp\/v2\/types\/post"}],"author":[{"embeddable":true,"href":"https:\/\/www.saludonnet.com\/blog\/wp-json\/wp\/v2\/users\/20"}],"replies":[{"embeddable":true,"href":"https:\/\/www.saludonnet.com\/blog\/wp-json\/wp\/v2\/comments?post=18006"}],"version-history":[{"count":11,"href":"https:\/\/www.saludonnet.com\/blog\/wp-json\/wp\/v2\/posts\/18006\/revisions"}],"predecessor-version":[{"id":18075,"href":"https:\/\/www.saludonnet.com\/blog\/wp-json\/wp\/v2\/posts\/18006\/revisions\/18075"}],"wp:featuredmedia":[{"embeddable":true,"href":"https:\/\/www.saludonnet.com\/blog\/wp-json\/wp\/v2\/media\/18054"}],"wp:attachment":[{"href":"https:\/\/www.saludonnet.com\/blog\/wp-json\/wp\/v2\/media?parent=18006"}],"wp:term":[{"taxonomy":"category","embeddable":true,"href":"https:\/\/www.saludonnet.com\/blog\/wp-json\/wp\/v2\/categories?post=18006"},{"taxonomy":"post_tag","embeddable":true,"href":"https:\/\/www.saludonnet.com\/blog\/wp-json\/wp\/v2\/tags?post=18006"}],"curies":[{"name":"wp","href":"https:\/\/api.w.org\/{rel}","templated":true}]}}