{"id":17751,"date":"2024-10-21T16:19:23","date_gmt":"2024-10-21T14:19:23","guid":{"rendered":"https:\/\/www.saludonnet.com\/blog\/?p=17751"},"modified":"2024-10-17T15:51:34","modified_gmt":"2024-10-17T13:51:34","slug":"la-importancia-de-la-proteccion-solar-en-todas-las-estaciones","status":"publish","type":"post","link":"https:\/\/www.saludonnet.com\/blog\/la-importancia-de-la-proteccion-solar-en-todas-las-estaciones\/","title":{"rendered":"La importancia de la protecci\u00f3n solar en todas las estaciones"},"content":{"rendered":"\n<p>El cuidado de la piel no debe limitarse a los meses de verano, cuando el sol parece m\u00e1s intenso. La <strong>protecci\u00f3n solar en todas las estaciones<\/strong> es fundamental para prevenir el da\u00f1o que los rayos ultravioleta (UV) pueden causar en la piel, independientemente de si estamos en pleno invierno o bajo el sol abrasador del verano. Por eso es crucial usar <strong>protector solar todo el a\u00f1o<\/strong>, ya que los rayos UV afectan la piel incluso en d\u00edas nublados. Tambi\u00e9n es bueno conocer qu\u00e9 precauciones hay que tomar en las distintas estaciones.<\/p>\n\n\n\n<h2 class=\"wp-block-heading\">Los rayos UV y sus efectos en la piel<\/h2>\n\n\n\n<p>Los rayos UV est\u00e1n presentes durante todo el a\u00f1o, sin importar si el d\u00eda est\u00e1 soleado o nublado. Existen dos tipos principales de radiaci\u00f3n ultravioleta que afectan a la piel:<\/p>\n\n\n\n<ul class=\"wp-block-list\">\n<li><strong>Rayos UVA<\/strong>. Penetran profundamente en la piel, acelerando el envejecimiento cut\u00e1neo,<\/li>\n\n\n\n<li><strong>Rayos UVB<\/strong>. Son los principales responsables de las quemaduras solares y, en casos graves, pueden causar c\u00e1ncer de piel.<\/li>\n<\/ul>\n\n\n\n<p>La <strong>protecci\u00f3n solar diaria<\/strong> no solo es necesaria en verano, sino que debe mantenerse como una rutina durante las cuatro estaciones.<\/p>\n\n\n\n<h2 class=\"wp-block-heading\">Riesgos de no usar protector solar en invierno<\/h2>\n\n\n\n<p>Un error com\u00fan es pensar que la <strong>protecci\u00f3n solar en invierno<\/strong> no es necesaria, ya que las temperaturas son m\u00e1s bajas y el sol parece menos intenso. Sin embargo, los rayos UVA son igualmente potentes durante todo el a\u00f1o y atraviesan tanto las nubes como los cristales de las ventanas. La <strong>exposici\u00f3n al sol en invierno<\/strong> sin la debida protecci\u00f3n puede causar un envejecimiento prematuro de la piel, <a href=\"https:\/\/www.saludonnet.com\/blog\/como-eliminar-las-manchas-de-la-piel\/\">manchas solares<\/a> e incluso aumentar el riesgo de desarrollar <a href=\"https:\/\/www.saludonnet.com\/blog\/carcinoma-basocelular-que-es-y-como-se-identifica\/\">c\u00e1ncer de piel<\/a>.<\/p>\n\n\n\n<p>Es especialmente importante en climas donde la nieve refleja hasta el 80% de la radiaci\u00f3n UV, lo que significa que en las estaciones fr\u00edas tambi\u00e9n hay una exposici\u00f3n considerable al sol. Por lo tanto, usar <strong>protector solar en climas fr\u00edos<\/strong> es igual de importante que en verano.<\/p>\n\n\n\n<h2 class=\"wp-block-heading\">Protecci\u00f3n solar en oto\u00f1o y primavera<\/h2>\n\n\n\n<p>Durante el oto\u00f1o y la primavera, la mayor\u00eda de las personas tienden a reducir su uso de protector solar debido a que las temperaturas son m\u00e1s moderadas y los d\u00edas m\u00e1s nublados. Sin embargo, es un error asumir que los rayos UV son menos da\u00f1inos en estas estaciones. <strong>El da\u00f1o solar es acumulativo<\/strong>, lo que significa que, aunque la exposici\u00f3n no sea intensa, con el tiempo puede causar da\u00f1os irreversibles en la piel.<\/p>\n\n\n\n<p>El uso de <strong>protecci\u00f3n solar en oto\u00f1o e invierno<\/strong> es especialmente importante, ya que los cambios estacionales a menudo pueden hacer que la piel est\u00e9 m\u00e1s sensible. Incluso en d\u00edas nublados, hasta el 80% de los rayos UV pueden penetrar la piel, lo que hace necesario usar protecci\u00f3n solar en todas las \u00e9pocas del a\u00f1o.<\/p>\n\n\n\n<h2 class=\"wp-block-heading\">Beneficios del protector solar en todas las estaciones<\/h2>\n\n\n\n<p>El uso de protector solar <strong>es una de las medidas m\u00e1s efectivas para proteger la piel de los efectos da\u00f1inos de los rayos UV<\/strong>. Adem\u00e1s de prevenir quemaduras solares y el riesgo de desarrollar c\u00e1ncer de piel, el protector solar tiene muchos otros beneficios.<\/p>\n\n\n\n<ul class=\"wp-block-list\">\n<li><strong>Prevenci\u00f3n del envejecimiento prematuro. <\/strong>Los <strong>rayos UVA<\/strong> son conocidos por acelerar el envejecimiento de la piel. La exposici\u00f3n constante a estos rayos sin la protecci\u00f3n adecuada puede provocar la aparici\u00f3n temprana de arrugas, l\u00edneas de expresi\u00f3n y manchas solares. Un estudio publicado en el <em><a href=\"https:\/\/jcadonline.com\/\">Journal of Clinical and Aesthetic Dermatology<\/a><\/em> revel\u00f3 que el uso regular de <strong>protecci\u00f3n solar diaria<\/strong> puede reducir significativamente los signos visibles del envejecimiento.<\/li>\n\n\n\n<li><strong>Protecci\u00f3n contra el c\u00e1ncer de piel.<\/strong> El c\u00e1ncer de piel es uno de los m\u00e1s comunes en el mundo, y la exposici\u00f3n prolongada a los rayos UV sin protecci\u00f3n es uno de los factores de riesgo m\u00e1s importantes. Usar <strong>protector solar todo el a\u00f1o<\/strong> es una de las formas m\u00e1s efectivas de reducir este riesgo. Seg\u00fan la <em><a href=\"https:\/\/www.aad.org\/\">American Academy of Dermatology<\/a><\/em>, los protectores solares con un factor de protecci\u00f3n solar (FPS) de 30 o superior pueden bloquear hasta el 97% de los rayos UVB, responsables de la mayor\u00eda de los casos de c\u00e1ncer de piel.<\/li>\n\n\n\n<li><strong>Mantener una piel saludable.<\/strong> Adem\u00e1s de los beneficios est\u00e9ticos y preventivos, el protector solar ayuda a mantener una piel m\u00e1s suave, hidratada y saludable. Muchos protectores solares modernos incluyen ingredientes hidratantes y antioxidantes que protegen la piel del da\u00f1o ambiental. Por lo tanto, el <strong>uso de protector solar diario<\/strong> no solo protege la piel de los rayos solares, sino que tambi\u00e9n contribuye a su bienestar general.<\/li>\n<\/ul>\n\n\n\n<h2 class=\"wp-block-heading\">C\u00f3mo elegir el mejor protector solar para todo el a\u00f1o<\/h2>\n\n\n\n<p>El mercado ofrece una amplia variedad de protectores solares, pero es fundamental elegir uno adecuado a las necesidades de cada piel y las condiciones del clima. Algunas recomendaciones para elegir el mejor protector solar durante todo el a\u00f1o incluyen:<\/p>\n\n\n\n<ul class=\"wp-block-list\">\n<li><strong>Factor de protecci\u00f3n solar (FPS)<\/strong>. Para el uso diario, se recomienda un protector solar con un FPS de al menos 30. En climas m\u00e1s c\u00e1lidos o durante la exposici\u00f3n prolongada al sol, un FPS de 50 es m\u00e1s adecuado.<\/li>\n\n\n\n<li><strong>Protector solar de amplio espectro<\/strong>. Un buen protector solar debe proteger tanto contra los <strong>rayos UVA<\/strong> como los <strong>rayos UVB<\/strong>. Hay que buscar productos etiquetados como \u00abamplio espectro\u00bb para asegurar una protecci\u00f3n completa.<\/li>\n\n\n\n<li><strong>Textura y f\u00f3rmula. <\/strong>\u00a0En pieles grasas o propensas al acn\u00e9 se debe optar por protectores solares no comedog\u00e9nicos que no obstruyan los poros. En cambio, en pieles secas se deben buscar protectores solares que incluyan ingredientes hidratantes como el \u00e1cido hialur\u00f3nico.<\/li>\n\n\n\n<li><strong>Protector solar resistente al agua.<\/strong> Si se planean actividades al aire libre o en contacto con agua, se debe elegir un protector solar resistente al agua para asegurarse de que la protecci\u00f3n dure m\u00e1s tiempo.<\/li>\n\n\n\n<li><strong>Protecci\u00f3n solar para todo tipo de piel<\/strong>. En pieles sensibles hay que buscar productos espec\u00edficos que no contengan fragancias ni ingredientes que puedan irritar.<\/li>\n<\/ul>\n\n\n\n<h3 class=\"wp-block-heading\">Protecci\u00f3n solar en d\u00edas nublados y en interiores<\/h3>\n\n\n\n<p>Una idea err\u00f3nea com\u00fan es que en d\u00edas nublados no es necesario usar protecci\u00f3n solar. Sin embargo, hasta el 80% de los rayos UV atraviesan las nubes y pueden da\u00f1ar la piel. La <strong>protecci\u00f3n solar en d\u00edas nublados<\/strong> es tan importante como en d\u00edas soleados. Adem\u00e1s, incluso cuando se trabaja en interiores, la luz UV puede penetrar a trav\u00e9s de las ventanas, lo que hace necesario aplicar protector solar si se est\u00e1 expuesto a la luz solar indirecta.<\/p>\n\n\n\n<h3 class=\"wp-block-heading\">Protecci\u00f3n solar en actividades al aire libre<\/h3>\n\n\n\n<p>Para las personas que disfrutan del ejercicio al aire libre el uso de protector solar es imprescindible. Independientemente de que se practique senderismo, ciclismo o simplemente se salga a caminar, la piel est\u00e1 expuesta constantemente a los rayos UV. Para las actividades deportivas, se debe elegir un protector solar resistente al sudor y al agua, y asegurarse de reaplicarlo cada dos horas.<\/p>\n\n\n\n<p>El <strong>uso de protector solar todo el a\u00f1o<\/strong> es especialmente importante para quienes viven en zonas monta\u00f1osas o en altitudes m\u00e1s elevadas, ya que la exposici\u00f3n a los rayos UV aumenta con la altura. En estos casos, la radiaci\u00f3n solar puede ser mucho m\u00e1s intensa y peligrosa.<\/p>\n\n\n\n<h2 class=\"wp-block-heading\">Educaci\u00f3n y conciencia sobre la protecci\u00f3n solar<\/h2>\n\n\n\n<p>A pesar de que se ha hablado mucho sobre la importancia de la protecci\u00f3n solar, muchas personas siguen sin aplicar el protector de forma regular. La <strong>educaci\u00f3n sobre los riesgos de no usar protecci\u00f3n solar todo el a\u00f1o<\/strong> es fundamental para generar mayor conciencia sobre la necesidad de protegerse de los efectos nocivos de los rayos UV.<\/p>\n\n\n\n<p>As\u00ed, tanto los profesionales de la salud como las empresas de productos dermatol\u00f3gicos deben seguir promoviendo el uso de protector solar en todas las estaciones y para todas las edades. La prevenci\u00f3n del da\u00f1o solar no es solo una cuesti\u00f3n de est\u00e9tica, sino tambi\u00e9n de salud a largo plazo.<\/p>\n\n\n\n<p>Si deseas conocer m\u00e1s sobre c\u00f3mo cuidar adecuadamente tu piel o tienes dudas sobre la mejor manera de protegerte, no dudes en consultar a un m\u00e9dico o especialista. En <strong>SaludOnNet<\/strong> contamos con especialistas que pueden ofrecerte informaci\u00f3n valiosa y personalizada para mantener tu piel sana y protegida. \u00a1Cuida tu piel y disfruta de un brillo saludable en cualquier \u00e9poca del a\u00f1o!<\/p>\n","protected":false},"excerpt":{"rendered":"<p>La protecci\u00f3n solar es esencial en todas las estaciones. Aprende a cuidar tu piel y prevenir da\u00f1os solares durante todo el a\u00f1o.<\/p>\n","protected":false},"author":20,"featured_media":17749,"comment_status":"open","ping_status":"open","sticky":false,"template":"","format":"standard","meta":{"footnotes":""},"categories":[57],"tags":[230],"class_list":["post-17751","post","type-post","status-publish","format-standard","has-post-thumbnail","hentry","category-dermatologia","tag-2233-consulta"],"yoast_head":"<!-- This site is optimized with the Yoast SEO plugin v27.5 - https:\/\/yoast.com\/product\/yoast-seo-wordpress\/ -->\n<title>La importancia de la protecci\u00f3n solar en todas las estaciones<\/title>\n<meta name=\"description\" content=\"La protecci\u00f3n solar es esencial en todas las estaciones. Aprende a cuidar tu piel y prevenir da\u00f1os solares durante todo el a\u00f1o.\" \/>\n<meta name=\"robots\" content=\"index, follow, max-snippet:-1, max-image-preview:large, max-video-preview:-1\" \/>\n<link rel=\"canonical\" href=\"https:\/\/www.saludonnet.com\/blog\/la-importancia-de-la-proteccion-solar-en-todas-las-estaciones\/\" \/>\n<meta property=\"og:locale\" content=\"es_ES\" \/>\n<meta property=\"og:type\" content=\"article\" \/>\n<meta property=\"og:title\" content=\"La importancia de la protecci\u00f3n solar en todas las estaciones\" \/>\n<meta property=\"og:description\" content=\"La protecci\u00f3n solar es esencial en todas las estaciones. Aprende a cuidar tu piel y prevenir da\u00f1os solares durante todo el a\u00f1o.\" \/>\n<meta property=\"og:url\" content=\"https:\/\/www.saludonnet.com\/blog\/la-importancia-de-la-proteccion-solar-en-todas-las-estaciones\/\" \/>\n<meta property=\"og:site_name\" content=\"Blog SaludOnNet\" \/>\n<meta property=\"article:publisher\" content=\"https:\/\/www.facebook.com\/pages\/SaludOnNet\/214957498526536\" \/>\n<meta property=\"article:published_time\" content=\"2024-10-21T14:19:23+00:00\" \/>\n<meta property=\"og:image\" content=\"https:\/\/www.saludonnet.com\/blog\/wp-content\/uploads\/2024\/10\/proteccion-solar-invierno.jpg\" \/>\n\t<meta property=\"og:image:width\" content=\"800\" \/>\n\t<meta property=\"og:image:height\" content=\"400\" \/>\n\t<meta property=\"og:image:type\" content=\"image\/jpeg\" \/>\n<meta name=\"author\" content=\"Equipo M\u00e9dico de SaludOnNet\" \/>\n<meta name=\"twitter:card\" content=\"summary_large_image\" \/>\n<meta name=\"twitter:title\" content=\"La importancia de la protecci\u00f3n solar en todas las estaciones\" \/>\n<meta name=\"twitter:description\" content=\"La protecci\u00f3n solar es esencial en todas las estaciones. Aprende a cuidar tu piel y prevenir da\u00f1os solares durante todo el a\u00f1o.\" \/>\n<meta name=\"twitter:image\" content=\"https:\/\/soncdn.azureedge.net\/blog\/wp-content\/uploads\/2024\/10\/proteccion-solar-invierno.jpg\" \/>\n<meta name=\"twitter:creator\" content=\"@saludonnet\" \/>\n<meta name=\"twitter:site\" content=\"@saludonnet\" \/>\n<meta name=\"twitter:label1\" content=\"Escrito por\" \/>\n\t<meta name=\"twitter:data1\" content=\"Equipo M\u00e9dico de SaludOnNet\" \/>\n\t<meta name=\"twitter:label2\" content=\"Tiempo de lectura\" \/>\n\t<meta name=\"twitter:data2\" content=\"7 minutos\" \/>\n<script type=\"application\/ld+json\" class=\"yoast-schema-graph\">{\"@context\":\"https:\\\/\\\/schema.org\",\"@graph\":[{\"@type\":\"Article\",\"@id\":\"https:\\\/\\\/www.saludonnet.com\\\/blog\\\/la-importancia-de-la-proteccion-solar-en-todas-las-estaciones\\\/#article\",\"isPartOf\":{\"@id\":\"https:\\\/\\\/www.saludonnet.com\\\/blog\\\/la-importancia-de-la-proteccion-solar-en-todas-las-estaciones\\\/\"},\"author\":{\"name\":\"Equipo M\u00e9dico de SaludOnNet\",\"@id\":\"https:\\\/\\\/www.saludonnet.com\\\/blog\\\/#\\\/schema\\\/person\\\/50995e01cc9d6c9f29ae18d979eeff1b\"},\"headline\":\"La importancia de la protecci\u00f3n solar en todas las estaciones\",\"datePublished\":\"2024-10-21T14:19:23+00:00\",\"mainEntityOfPage\":{\"@id\":\"https:\\\/\\\/www.saludonnet.com\\\/blog\\\/la-importancia-de-la-proteccion-solar-en-todas-las-estaciones\\\/\"},\"wordCount\":1454,\"commentCount\":0,\"publisher\":{\"@id\":\"https:\\\/\\\/www.saludonnet.com\\\/blog\\\/#organization\"},\"image\":{\"@id\":\"https:\\\/\\\/www.saludonnet.com\\\/blog\\\/la-importancia-de-la-proteccion-solar-en-todas-las-estaciones\\\/#primaryimage\"},\"thumbnailUrl\":\"https:\\\/\\\/soncdn.azureedge.net\\\/blog\\\/wp-content\\\/uploads\\\/2024\\\/10\\\/proteccion-solar-invierno.jpg\",\"keywords\":[\"Consulta de Dermatolog\u00eda\"],\"articleSection\":[\"Dermatolog\u00eda\"],\"inLanguage\":\"es\",\"potentialAction\":[{\"@type\":\"CommentAction\",\"name\":\"Comment\",\"target\":[\"https:\\\/\\\/www.saludonnet.com\\\/blog\\\/la-importancia-de-la-proteccion-solar-en-todas-las-estaciones\\\/#respond\"]}]},{\"@type\":\"WebPage\",\"@id\":\"https:\\\/\\\/www.saludonnet.com\\\/blog\\\/la-importancia-de-la-proteccion-solar-en-todas-las-estaciones\\\/\",\"url\":\"https:\\\/\\\/www.saludonnet.com\\\/blog\\\/la-importancia-de-la-proteccion-solar-en-todas-las-estaciones\\\/\",\"name\":\"La importancia de la protecci\u00f3n solar en todas las estaciones\",\"isPartOf\":{\"@id\":\"https:\\\/\\\/www.saludonnet.com\\\/blog\\\/#website\"},\"primaryImageOfPage\":{\"@id\":\"https:\\\/\\\/www.saludonnet.com\\\/blog\\\/la-importancia-de-la-proteccion-solar-en-todas-las-estaciones\\\/#primaryimage\"},\"image\":{\"@id\":\"https:\\\/\\\/www.saludonnet.com\\\/blog\\\/la-importancia-de-la-proteccion-solar-en-todas-las-estaciones\\\/#primaryimage\"},\"thumbnailUrl\":\"https:\\\/\\\/soncdn.azureedge.net\\\/blog\\\/wp-content\\\/uploads\\\/2024\\\/10\\\/proteccion-solar-invierno.jpg\",\"datePublished\":\"2024-10-21T14:19:23+00:00\",\"description\":\"La protecci\u00f3n solar es esencial en todas las estaciones. Aprende a cuidar tu piel y prevenir da\u00f1os solares durante todo el a\u00f1o.\",\"breadcrumb\":{\"@id\":\"https:\\\/\\\/www.saludonnet.com\\\/blog\\\/la-importancia-de-la-proteccion-solar-en-todas-las-estaciones\\\/#breadcrumb\"},\"inLanguage\":\"es\",\"potentialAction\":[{\"@type\":\"ReadAction\",\"target\":[\"https:\\\/\\\/www.saludonnet.com\\\/blog\\\/la-importancia-de-la-proteccion-solar-en-todas-las-estaciones\\\/\"]}]},{\"@type\":\"ImageObject\",\"inLanguage\":\"es\",\"@id\":\"https:\\\/\\\/www.saludonnet.com\\\/blog\\\/la-importancia-de-la-proteccion-solar-en-todas-las-estaciones\\\/#primaryimage\",\"url\":\"https:\\\/\\\/soncdn.azureedge.net\\\/blog\\\/wp-content\\\/uploads\\\/2024\\\/10\\\/proteccion-solar-invierno.jpg\",\"contentUrl\":\"https:\\\/\\\/soncdn.azureedge.net\\\/blog\\\/wp-content\\\/uploads\\\/2024\\\/10\\\/proteccion-solar-invierno.jpg\",\"width\":800,\"height\":400,\"caption\":\"protecci\u00f3n solar en invierno\"},{\"@type\":\"BreadcrumbList\",\"@id\":\"https:\\\/\\\/www.saludonnet.com\\\/blog\\\/la-importancia-de-la-proteccion-solar-en-todas-las-estaciones\\\/#breadcrumb\",\"itemListElement\":[{\"@type\":\"ListItem\",\"position\":1,\"name\":\"Portada\",\"item\":\"https:\\\/\\\/www.saludonnet.com\\\/blog\\\/\"},{\"@type\":\"ListItem\",\"position\":2,\"name\":\"Dermatolog\u00eda\",\"item\":\"https:\\\/\\\/www.saludonnet.com\\\/blog\\\/topic\\\/dermatologia\\\/\"},{\"@type\":\"ListItem\",\"position\":3,\"name\":\"La importancia de la protecci\u00f3n solar en todas las estaciones\"}]},{\"@type\":\"WebSite\",\"@id\":\"https:\\\/\\\/www.saludonnet.com\\\/blog\\\/#website\",\"url\":\"https:\\\/\\\/www.saludonnet.com\\\/blog\\\/\",\"name\":\"Blog SaludOnNet\",\"description\":\"Un espacio donde encontrar\u00e1s consejos y art\u00edculos para cuidar de tu salud\",\"publisher\":{\"@id\":\"https:\\\/\\\/www.saludonnet.com\\\/blog\\\/#organization\"},\"potentialAction\":[{\"@type\":\"SearchAction\",\"target\":{\"@type\":\"EntryPoint\",\"urlTemplate\":\"https:\\\/\\\/www.saludonnet.com\\\/blog\\\/?s={search_term_string}\"},\"query-input\":{\"@type\":\"PropertyValueSpecification\",\"valueRequired\":true,\"valueName\":\"search_term_string\"}}],\"inLanguage\":\"es\"},{\"@type\":\"Organization\",\"@id\":\"https:\\\/\\\/www.saludonnet.com\\\/blog\\\/#organization\",\"name\":\"SaludOnNet\",\"url\":\"https:\\\/\\\/www.saludonnet.com\\\/blog\\\/\",\"logo\":{\"@type\":\"ImageObject\",\"inLanguage\":\"es\",\"@id\":\"https:\\\/\\\/www.saludonnet.com\\\/blog\\\/#\\\/schema\\\/logo\\\/image\\\/\",\"url\":\"https:\\\/\\\/www.saludonnet.com\\\/blog\\\/wp-content\\\/uploads\\\/2019\\\/07\\\/Logo-SaludOnNet.png\",\"contentUrl\":\"https:\\\/\\\/www.saludonnet.com\\\/blog\\\/wp-content\\\/uploads\\\/2019\\\/07\\\/Logo-SaludOnNet.png\",\"width\":1140,\"height\":377,\"caption\":\"SaludOnNet\"},\"image\":{\"@id\":\"https:\\\/\\\/www.saludonnet.com\\\/blog\\\/#\\\/schema\\\/logo\\\/image\\\/\"},\"sameAs\":[\"https:\\\/\\\/www.facebook.com\\\/pages\\\/SaludOnNet\\\/214957498526536\",\"https:\\\/\\\/x.com\\\/saludonnet\",\"https:\\\/\\\/www.instagram.com\\\/saludonnet\\\/\",\"https:\\\/\\\/www.linkedin.com\\\/company\\\/saludonnet\\\/\",\"https:\\\/\\\/www.youtube.com\\\/channel\\\/UCag68GsnagqzNb6C3G-S9vQ\"]},{\"@type\":\"Person\",\"@id\":\"https:\\\/\\\/www.saludonnet.com\\\/blog\\\/#\\\/schema\\\/person\\\/50995e01cc9d6c9f29ae18d979eeff1b\",\"name\":\"Equipo M\u00e9dico de SaludOnNet\",\"image\":{\"@type\":\"ImageObject\",\"inLanguage\":\"es\",\"@id\":\"https:\\\/\\\/secure.gravatar.com\\\/avatar\\\/0ac89931d2ef75704f29e63e12335967620a1f7ac37c69f6f97ad72b9ac6496d?s=96&d=mm&r=g\",\"url\":\"https:\\\/\\\/secure.gravatar.com\\\/avatar\\\/0ac89931d2ef75704f29e63e12335967620a1f7ac37c69f6f97ad72b9ac6496d?s=96&d=mm&r=g\",\"contentUrl\":\"https:\\\/\\\/secure.gravatar.com\\\/avatar\\\/0ac89931d2ef75704f29e63e12335967620a1f7ac37c69f6f97ad72b9ac6496d?s=96&d=mm&r=g\",\"caption\":\"Equipo M\u00e9dico de SaludOnNet\"},\"description\":\"Art\u00edculo elaborado por el equipo m\u00e9dico de SaludOnNet, compuesto por especialistas destacados en su \u00e1rea.\",\"url\":\"https:\\\/\\\/www.saludonnet.com\\\/blog\\\/author\\\/saludonnet\\\/\"}]}<\/script>\n<!-- \/ Yoast SEO plugin. -->","yoast_head_json":{"title":"La importancia de la protecci\u00f3n solar en todas las estaciones","description":"La protecci\u00f3n solar es esencial en todas las estaciones. Aprende a cuidar tu piel y prevenir da\u00f1os solares durante todo el a\u00f1o.","robots":{"index":"index","follow":"follow","max-snippet":"max-snippet:-1","max-image-preview":"max-image-preview:large","max-video-preview":"max-video-preview:-1"},"canonical":"https:\/\/www.saludonnet.com\/blog\/la-importancia-de-la-proteccion-solar-en-todas-las-estaciones\/","og_locale":"es_ES","og_type":"article","og_title":"La importancia de la protecci\u00f3n solar en todas las estaciones","og_description":"La protecci\u00f3n solar es esencial en todas las estaciones. Aprende a cuidar tu piel y prevenir da\u00f1os solares durante todo el a\u00f1o.","og_url":"https:\/\/www.saludonnet.com\/blog\/la-importancia-de-la-proteccion-solar-en-todas-las-estaciones\/","og_site_name":"Blog SaludOnNet","article_publisher":"https:\/\/www.facebook.com\/pages\/SaludOnNet\/214957498526536","article_published_time":"2024-10-21T14:19:23+00:00","og_image":[{"width":800,"height":400,"url":"https:\/\/www.saludonnet.com\/blog\/wp-content\/uploads\/2024\/10\/proteccion-solar-invierno.jpg","type":"image\/jpeg"}],"author":"Equipo M\u00e9dico de SaludOnNet","twitter_card":"summary_large_image","twitter_title":"La importancia de la protecci\u00f3n solar en todas las estaciones","twitter_description":"La protecci\u00f3n solar es esencial en todas las estaciones. Aprende a cuidar tu piel y prevenir da\u00f1os solares durante todo el a\u00f1o.","twitter_image":"https:\/\/soncdn.azureedge.net\/blog\/wp-content\/uploads\/2024\/10\/proteccion-solar-invierno.jpg","twitter_creator":"@saludonnet","twitter_site":"@saludonnet","twitter_misc":{"Escrito por":"Equipo M\u00e9dico de SaludOnNet","Tiempo de lectura":"7 minutos"},"schema":{"@context":"https:\/\/schema.org","@graph":[{"@type":"Article","@id":"https:\/\/www.saludonnet.com\/blog\/la-importancia-de-la-proteccion-solar-en-todas-las-estaciones\/#article","isPartOf":{"@id":"https:\/\/www.saludonnet.com\/blog\/la-importancia-de-la-proteccion-solar-en-todas-las-estaciones\/"},"author":{"name":"Equipo M\u00e9dico de SaludOnNet","@id":"https:\/\/www.saludonnet.com\/blog\/#\/schema\/person\/50995e01cc9d6c9f29ae18d979eeff1b"},"headline":"La importancia de la protecci\u00f3n solar en todas las estaciones","datePublished":"2024-10-21T14:19:23+00:00","mainEntityOfPage":{"@id":"https:\/\/www.saludonnet.com\/blog\/la-importancia-de-la-proteccion-solar-en-todas-las-estaciones\/"},"wordCount":1454,"commentCount":0,"publisher":{"@id":"https:\/\/www.saludonnet.com\/blog\/#organization"},"image":{"@id":"https:\/\/www.saludonnet.com\/blog\/la-importancia-de-la-proteccion-solar-en-todas-las-estaciones\/#primaryimage"},"thumbnailUrl":"https:\/\/soncdn.azureedge.net\/blog\/wp-content\/uploads\/2024\/10\/proteccion-solar-invierno.jpg","keywords":["Consulta de Dermatolog\u00eda"],"articleSection":["Dermatolog\u00eda"],"inLanguage":"es","potentialAction":[{"@type":"CommentAction","name":"Comment","target":["https:\/\/www.saludonnet.com\/blog\/la-importancia-de-la-proteccion-solar-en-todas-las-estaciones\/#respond"]}]},{"@type":"WebPage","@id":"https:\/\/www.saludonnet.com\/blog\/la-importancia-de-la-proteccion-solar-en-todas-las-estaciones\/","url":"https:\/\/www.saludonnet.com\/blog\/la-importancia-de-la-proteccion-solar-en-todas-las-estaciones\/","name":"La importancia de la protecci\u00f3n solar en todas las estaciones","isPartOf":{"@id":"https:\/\/www.saludonnet.com\/blog\/#website"},"primaryImageOfPage":{"@id":"https:\/\/www.saludonnet.com\/blog\/la-importancia-de-la-proteccion-solar-en-todas-las-estaciones\/#primaryimage"},"image":{"@id":"https:\/\/www.saludonnet.com\/blog\/la-importancia-de-la-proteccion-solar-en-todas-las-estaciones\/#primaryimage"},"thumbnailUrl":"https:\/\/soncdn.azureedge.net\/blog\/wp-content\/uploads\/2024\/10\/proteccion-solar-invierno.jpg","datePublished":"2024-10-21T14:19:23+00:00","description":"La protecci\u00f3n solar es esencial en todas las estaciones. Aprende a cuidar tu piel y prevenir da\u00f1os solares durante todo el a\u00f1o.","breadcrumb":{"@id":"https:\/\/www.saludonnet.com\/blog\/la-importancia-de-la-proteccion-solar-en-todas-las-estaciones\/#breadcrumb"},"inLanguage":"es","potentialAction":[{"@type":"ReadAction","target":["https:\/\/www.saludonnet.com\/blog\/la-importancia-de-la-proteccion-solar-en-todas-las-estaciones\/"]}]},{"@type":"ImageObject","inLanguage":"es","@id":"https:\/\/www.saludonnet.com\/blog\/la-importancia-de-la-proteccion-solar-en-todas-las-estaciones\/#primaryimage","url":"https:\/\/soncdn.azureedge.net\/blog\/wp-content\/uploads\/2024\/10\/proteccion-solar-invierno.jpg","contentUrl":"https:\/\/soncdn.azureedge.net\/blog\/wp-content\/uploads\/2024\/10\/proteccion-solar-invierno.jpg","width":800,"height":400,"caption":"protecci\u00f3n solar en invierno"},{"@type":"BreadcrumbList","@id":"https:\/\/www.saludonnet.com\/blog\/la-importancia-de-la-proteccion-solar-en-todas-las-estaciones\/#breadcrumb","itemListElement":[{"@type":"ListItem","position":1,"name":"Portada","item":"https:\/\/www.saludonnet.com\/blog\/"},{"@type":"ListItem","position":2,"name":"Dermatolog\u00eda","item":"https:\/\/www.saludonnet.com\/blog\/topic\/dermatologia\/"},{"@type":"ListItem","position":3,"name":"La importancia de la protecci\u00f3n solar en todas las estaciones"}]},{"@type":"WebSite","@id":"https:\/\/www.saludonnet.com\/blog\/#website","url":"https:\/\/www.saludonnet.com\/blog\/","name":"Blog SaludOnNet","description":"Un espacio donde encontrar\u00e1s consejos y art\u00edculos para cuidar de tu salud","publisher":{"@id":"https:\/\/www.saludonnet.com\/blog\/#organization"},"potentialAction":[{"@type":"SearchAction","target":{"@type":"EntryPoint","urlTemplate":"https:\/\/www.saludonnet.com\/blog\/?s={search_term_string}"},"query-input":{"@type":"PropertyValueSpecification","valueRequired":true,"valueName":"search_term_string"}}],"inLanguage":"es"},{"@type":"Organization","@id":"https:\/\/www.saludonnet.com\/blog\/#organization","name":"SaludOnNet","url":"https:\/\/www.saludonnet.com\/blog\/","logo":{"@type":"ImageObject","inLanguage":"es","@id":"https:\/\/www.saludonnet.com\/blog\/#\/schema\/logo\/image\/","url":"https:\/\/www.saludonnet.com\/blog\/wp-content\/uploads\/2019\/07\/Logo-SaludOnNet.png","contentUrl":"https:\/\/www.saludonnet.com\/blog\/wp-content\/uploads\/2019\/07\/Logo-SaludOnNet.png","width":1140,"height":377,"caption":"SaludOnNet"},"image":{"@id":"https:\/\/www.saludonnet.com\/blog\/#\/schema\/logo\/image\/"},"sameAs":["https:\/\/www.facebook.com\/pages\/SaludOnNet\/214957498526536","https:\/\/x.com\/saludonnet","https:\/\/www.instagram.com\/saludonnet\/","https:\/\/www.linkedin.com\/company\/saludonnet\/","https:\/\/www.youtube.com\/channel\/UCag68GsnagqzNb6C3G-S9vQ"]},{"@type":"Person","@id":"https:\/\/www.saludonnet.com\/blog\/#\/schema\/person\/50995e01cc9d6c9f29ae18d979eeff1b","name":"Equipo M\u00e9dico de SaludOnNet","image":{"@type":"ImageObject","inLanguage":"es","@id":"https:\/\/secure.gravatar.com\/avatar\/0ac89931d2ef75704f29e63e12335967620a1f7ac37c69f6f97ad72b9ac6496d?s=96&d=mm&r=g","url":"https:\/\/secure.gravatar.com\/avatar\/0ac89931d2ef75704f29e63e12335967620a1f7ac37c69f6f97ad72b9ac6496d?s=96&d=mm&r=g","contentUrl":"https:\/\/secure.gravatar.com\/avatar\/0ac89931d2ef75704f29e63e12335967620a1f7ac37c69f6f97ad72b9ac6496d?s=96&d=mm&r=g","caption":"Equipo M\u00e9dico de SaludOnNet"},"description":"Art\u00edculo elaborado por el equipo m\u00e9dico de SaludOnNet, compuesto por especialistas destacados en su \u00e1rea.","url":"https:\/\/www.saludonnet.com\/blog\/author\/saludonnet\/"}]}},"acf":[],"_links":{"self":[{"href":"https:\/\/www.saludonnet.com\/blog\/wp-json\/wp\/v2\/posts\/17751","targetHints":{"allow":["GET"]}}],"collection":[{"href":"https:\/\/www.saludonnet.com\/blog\/wp-json\/wp\/v2\/posts"}],"about":[{"href":"https:\/\/www.saludonnet.com\/blog\/wp-json\/wp\/v2\/types\/post"}],"author":[{"embeddable":true,"href":"https:\/\/www.saludonnet.com\/blog\/wp-json\/wp\/v2\/users\/20"}],"replies":[{"embeddable":true,"href":"https:\/\/www.saludonnet.com\/blog\/wp-json\/wp\/v2\/comments?post=17751"}],"version-history":[{"count":9,"href":"https:\/\/www.saludonnet.com\/blog\/wp-json\/wp\/v2\/posts\/17751\/revisions"}],"predecessor-version":[{"id":17761,"href":"https:\/\/www.saludonnet.com\/blog\/wp-json\/wp\/v2\/posts\/17751\/revisions\/17761"}],"wp:featuredmedia":[{"embeddable":true,"href":"https:\/\/www.saludonnet.com\/blog\/wp-json\/wp\/v2\/media\/17749"}],"wp:attachment":[{"href":"https:\/\/www.saludonnet.com\/blog\/wp-json\/wp\/v2\/media?parent=17751"}],"wp:term":[{"taxonomy":"category","embeddable":true,"href":"https:\/\/www.saludonnet.com\/blog\/wp-json\/wp\/v2\/categories?post=17751"},{"taxonomy":"post_tag","embeddable":true,"href":"https:\/\/www.saludonnet.com\/blog\/wp-json\/wp\/v2\/tags?post=17751"}],"curies":[{"name":"wp","href":"https:\/\/api.w.org\/{rel}","templated":true}]}}