{"id":17583,"date":"2024-10-03T12:15:00","date_gmt":"2024-10-03T10:15:00","guid":{"rendered":"https:\/\/www.saludonnet.com\/blog\/?p=17583"},"modified":"2024-10-04T13:08:11","modified_gmt":"2024-10-04T11:08:11","slug":"como-afecta-en-la-salud-mental-y-fisica-el-uso-excesivo-de-pantallas","status":"publish","type":"post","link":"https:\/\/www.saludonnet.com\/blog\/como-afecta-en-la-salud-mental-y-fisica-el-uso-excesivo-de-pantallas\/","title":{"rendered":"\u00bfC\u00f3mo afecta en la salud mental y f\u00edsica el uso excesivo de pantallas?"},"content":{"rendered":"\n<p>El uso de dispositivos electr\u00f3nicos como tel\u00e9fonos inteligentes, ordenadores y tablets se ha convertido en una parte esencial de la vida diaria para millones de personas. Sin embargo, este aumento en el uso de pantallas ha generado preocupaci\u00f3n por los efectos que puede tener sobre la salud mental y f\u00edsica.<\/p>\n\n\n\n<h2 class=\"wp-block-heading\">Impacto del uso excesivo de pantallas en la salud f\u00edsica<\/h2>\n\n\n\n<p>El uso continuado de pantallas ha demostrado tener m\u00faltiples efectos negativos en la salud f\u00edsica.<\/p>\n\n\n\n<h3 class=\"wp-block-heading\">Pantallas y salud ocular<\/h3>\n\n\n\n<p>Uno de los m\u00e1s comunes es la <strong>fatiga visual<\/strong>, tambi\u00e9n conocida como el \u00abs\u00edndrome de visi\u00f3n por computadora\u00bb o fatiga visual por pantallas. La exposici\u00f3n prolongada a la luz azul emitida por estos dispositivos <strong>genera una tensi\u00f3n en los ojos<\/strong>, <strong>lo que puede provocar visi\u00f3n borrosa, dolores de cabeza y ojos secos<\/strong>. Adem\u00e1s, puede reducir la capacidad del ojo para enfocar objetos cercanos y aumentar el riesgo de desarrollar miop\u00eda en ni\u00f1os y adolescentes.<\/p>\n\n\n\n<p>Un estudio publicado en <a href=\"https:\/\/www.college-optometrists.org\/professional-development\/college-journals\/ophthalmic-and-physiological-optics-opo\">Ophthalmic and Physiological Optics<\/a> revel\u00f3 que pasar largas horas frente a una pantalla sin pausas puede afectar la funci\u00f3n ocular y provocar problemas de visi\u00f3n a largo plazo. Por ello, <strong>se recomienda realizar pausas regulares mediante la regla 20-20-20<\/strong>. Consiste en cada 20 minutos, mirar algo a 20 pies (6 metros) de distancia durante al menos 20 segundos para aliviar la presi\u00f3n en los ojos.<\/p>\n\n\n\n<h3 class=\"wp-block-heading\">Problemas de postura por uso de pantallas<\/h3>\n\n\n\n<p>El uso prolongado de dispositivos electr\u00f3nicos tambi\u00e9n puede afectar la postura. Sentarse encorvado sobre el teclado o mirando el tel\u00e9fono m\u00f3vil hacia abajo, puede generar <strong>problemas de postura que afectan el cuello, la espalda y los hombros<\/strong>. Este mal h\u00e1bito provoca tensiones musculares, dolores cr\u00f3nicos e incluso el desarrollo de afecciones m\u00e1s graves como hernias discales.<\/p>\n\n\n\n<p>Para mitigar estos efectos, es importante <strong>asegurarse de que las pantallas est\u00e9n a la altura de los ojos y mantener una postura erguida<\/strong>. Tambi\u00e9n es recomendable hacer <strong>ejercicios de estiramiento<\/strong> a lo largo del d\u00eda para evitar la acumulaci\u00f3n de tensi\u00f3n muscular.<\/p>\n\n\n\n<h3 class=\"wp-block-heading\">Sedentarismo y uso de pantallas<\/h3>\n\n\n\n<p>El sedentarismo es otro de los efectos m\u00e1s preocupantes del uso excesivo de pantallas. Al pasar horas frente a dispositivos electr\u00f3nicos, <strong>se reduce significativamente la actividad f\u00edsica, lo que aumenta el riesgo de <a href=\"https:\/\/www.saludonnet.com\/blog\/la-importancia-de-la-prevencion-en-la-obesidad-infantil\/\">desarrollar obesidad<\/a><\/strong>, <strong>enfermedades cardiovasculares y problemas metab\u00f3licos<\/strong>. Se sabe que las personas que pasan m\u00e1s de seis horas al d\u00eda frente a una pantalla tienen mayor probabilidad de padecer sobrepeso y sufrir de hipertensi\u00f3n.<\/p>\n\n\n\n<p>El sedentarismo no solo afecta el peso corporal, sino que tambi\u00e9n <strong>contribuye al desarrollo de enfermedades como la diabetes tipo 2<\/strong>. Para contrarrestar este efecto, se recomienda asegurarse de realizar actividad f\u00edsica regular como caminar, hacer ejercicios de bajo impacto o practicar deportes.<\/p>\n\n\n\n<h3 class=\"wp-block-heading\">Efectos del uso excesivo de pantallas en la salud mental<\/h3>\n\n\n\n<p>No solo la salud f\u00edsica se ve comprometida con el uso excesivo de pantallas; la salud mental tambi\u00e9n sufre consecuencias significativas.<\/p>\n\n\n\n<h3 class=\"wp-block-heading\">Problemas de sue\u00f1o<\/h3>\n\n\n\n<p>El uso de pantallas antes de dormir <strong>puede alterar el ritmo circadiano del cuerpo y afectar la calidad del sue\u00f1o<\/strong>. La luz azul emitida por los dispositivos electr\u00f3nicos reduce la producci\u00f3n de <a href=\"https:\/\/www.saludonnet.com\/blog\/ayuda-la-melatonina-a-conciliar-el-sueno\/\">melatonina<\/a>, la hormona que regula el sue\u00f1o, lo que provoca dificultad para conciliar el sue\u00f1o, insomnio y despertares frecuentes durante la noche. Esto puede llevar a una reducci\u00f3n en la calidad del descanso y generar somnolencia durante el d\u00eda.<\/p>\n\n\n\n<p>Diversos estudios han revelado que el uso de dispositivos electr\u00f3nicos una hora antes de acostarse est\u00e1 asociado con un <strong>peor rendimiento cognitivo<\/strong> <strong>y menor calidad de sue\u00f1o<\/strong>. Para evitar estos efectos, se recomienda reducir el uso de pantallas al menos una hora antes de dormir y optar por actividades relajantes, como la lectura o la meditaci\u00f3n.<\/p>\n\n\n\n<h3 class=\"wp-block-heading\">Relaci\u00f3n entre pantallas y ansiedad<\/h3>\n\n\n\n<p>El uso excesivo de pantallas tambi\u00e9n est\u00e1 vinculado al <strong><a href=\"https:\/\/www.saludonnet.com\/blog\/trastorno-de-ansiedad-dos-de-cada-10-personas-lo-padeceran\/\">aumento de niveles de ansiedad<\/a><\/strong>. El acceso constante a redes sociales y otras plataformas digitales puede generar estr\u00e9s y ansiedad debido a la presi\u00f3n social, la comparaci\u00f3n con otros o la sobrecarga de informaci\u00f3n. La <strong>necesidad de estar constantemente conectado y actualizado<\/strong> puede aumentar la sensaci\u00f3n de estr\u00e9s y provocar s\u00edntomas de ansiedad, como la preocupaci\u00f3n excesiva, la irritabilidad y la incapacidad para relajarse.<\/p>\n\n\n\n<p>Por eso <strong>reducir el tiempo en redes sociales a menos de 30 minutos al d\u00eda<\/strong> mejora significativamente el bienestar emocional y <strong>reduce los s\u00edntomas de ansiedad y depresi\u00f3n<\/strong>. Limitar el tiempo frente a las pantallas y desconectar digitalmente es clave para mejorar la salud mental.<\/p>\n\n\n\n<h3 class=\"wp-block-heading\">Depresi\u00f3n por uso excesivo de pantallas<\/h3>\n\n\n\n<p>La relaci\u00f3n entre el uso prolongado de pantallas y la depresi\u00f3n es cada vez m\u00e1s evidente. El <strong>aislamiento social,<\/strong> el acceso constante a <strong>im\u00e1genes idealizadas<\/strong> en redes sociales y la <strong>falta de interacci\u00f3n cara a cara<\/strong> pueden aumentar los sentimientos de soledad, baja autoestima y tristeza. La dependencia emocional hacia las redes sociales puede desencadenar s\u00edntomas depresivos, especialmente en adolescentes y j\u00f3venes adultos.<\/p>\n\n\n\n<p>Diversos estudios sugieren que las personas que pasan m\u00e1s tiempo en las redes sociales tienden a reportar niveles m\u00e1s altos de depresi\u00f3n y aislamiento social. Es fundamental promover el uso consciente de la tecnolog\u00eda y priorizar las relaciones interpersonales fuera del entorno digital para evitar estos efectos adversos.<\/p>\n\n\n\n<h3 class=\"wp-block-heading\">Pantallas y deterioro cognitivo<\/h3>\n\n\n\n<p>El impacto de las pantallas en el cerebro no debe subestimarse. El uso prolongado de dispositivos electr\u00f3nicos, especialmente en ni\u00f1os, <strong>puede afectar el desarrollo cognitivo y las habilidades sociales<\/strong>. Pasar demasiado tiempo en actividades pasivas frente a una pantalla, como ver videos o jugar videojuegos, <strong>puede reducir la capacidad de concentraci\u00f3n, la memoria y el rendimiento acad\u00e9mico<\/strong>.<\/p>\n\n\n\n<p>En adultos, el uso constante de pantallas tambi\u00e9n puede disminuir la productividad y aumentar la fatiga mental. Para mitigar estos efectos, es importante diversificar las actividades diarias y realizar ejercicios mentales que estimulen la creatividad y el pensamiento cr\u00edtico.<\/p>\n\n\n\n<h2 class=\"wp-block-heading\">Consecuencias del uso de pantallas en ni\u00f1os y adolescentes<\/h2>\n\n\n\n<p>El uso excesivo de pantallas en ni\u00f1os y adolescentes es especialmente preocupante, ya que puede afectar tanto su salud f\u00edsica como su salud mental a largo plazo. Los ni\u00f1os que pasan<strong> m\u00e1s de dos horas al d\u00eda frente a una pantalla tienen un mayor riesgo de desarrollar obesidad, problemas de sue\u00f1o, d\u00e9ficit de atenci\u00f3n <\/strong>e incluso retrasos en el desarrollo social.<\/p>\n\n\n\n<p>Adem\u00e1s, el uso frecuente de pantallas en edades tempranas puede impactar negativamente en la capacidad de los ni\u00f1os para desarrollar habilidades sociales, lo que podr\u00eda llevar a problemas de comunicaci\u00f3n y relaciones interpersonales en la adolescencia. Es importante que los padres y cuidadores limiten el tiempo frente a las pantallas, fomenten actividades f\u00edsicas y promuevan interacciones cara a cara.<\/p>\n\n\n\n<h2 class=\"wp-block-heading\">Estrategias para reducir el impacto negativo del uso de pantallas<\/h2>\n\n\n\n<p>Dado el aumento del uso excesivo de pantallas en la sociedad, es esencial adoptar medidas que ayuden a reducir los efectos negativos tanto en la salud mental como en la salud f\u00edsica. Algunas recomendaciones \u00fatiles incluyen:<\/p>\n\n\n\n<ul class=\"wp-block-list\">\n<li><strong>Limitar el tiempo de pantalla<\/strong>. Los expertos sugieren establecer l\u00edmites de tiempo diarios, especialmente en el caso de ni\u00f1os y adolescentes. Los adultos tambi\u00e9n pueden reducir el tiempo dedicado a redes sociales.<\/li>\n\n\n\n<li><strong>Pausas regulares y movimiento.<\/strong> Es importante interrumpir el sedentarismo asociado con el uso excesivo de pantallas realizando pausas frecuentes para moverse y estirar el cuerpo. Se recomienda <strong>levantarse cada hora y realizar actividades que promuevan el movimiento<\/strong>, como una caminata r\u00e1pida o ejercicios de estiramiento.<\/li>\n\n\n\n<li><strong>Uso de filtros para la luz azul<\/strong>. El uso de filtros para la luz azul, disponibles en la mayor\u00eda de los dispositivos, puede ayudar a reducir la fatiga visual. Tambi\u00e9n se recomienda ajustar el brillo de las pantallas y mantener una distancia adecuada entre los ojos y el dispositivo.<\/li>\n\n\n\n<li><strong>Rutinas sin pantallas antes de dormir.<\/strong> Para prevenir los problemas de sue\u00f1o por uso de pantallas, es esencial desconectarse al menos una hora antes de acostarse. La creaci\u00f3n de una rutina de relajaci\u00f3n como la lectura de un libro o la meditaci\u00f3n, puede mejorar significativamente la calidad del sue\u00f1o.<\/li>\n\n\n\n<li><strong>Fomentar actividades al aire libre<\/strong>. Sustituir el tiempo frente a las pantallas por actividades al aire libre. El contacto con la naturaleza y el ejercicio f\u00edsico son excelentes formas de reducir el estr\u00e9s, mejorar el estado de \u00e1nimo y promover un estilo de vida m\u00e1s activo.<\/li>\n\n\n\n<li><strong>Uso consciente de las redes sociales.<\/strong> Establecer l\u00edmites en el uso de redes sociales y fomentar interacciones significativas fuera del entorno digital es fundamental para proteger la salud mental. Al reducir la comparaci\u00f3n social y el estr\u00e9s informativo se puede mejorar el bienestar emocional y prevenir la ansiedad y la depresi\u00f3n.<\/li>\n<\/ul>\n\n\n\n<p>En la sociedad actual hay que ser conscientes de c\u00f3mo el uso prolongado de dispositivos electr\u00f3nicos puede influir en la salud. Para ello se deben tomar medidas activas para preservar tanto nuestra salud f\u00edsica como nuestra salud mental. Con peque\u00f1os cambios en los h\u00e1bitos diarios, podemos mantener una relaci\u00f3n saludable con la tecnolog\u00eda y mejorar nuestra calidad de vida. Si necesitas ayuda te recomendamos que acudas a un psic\u00f3logo para que te oriente sobre la mejor manera de hacerlo. En <strong>SaludOnNet <\/strong>contamos con especialistas dispuestos a ayudarte en lo que necesites y a unos precios muy competitivos.<\/p>\n","protected":false},"excerpt":{"rendered":"<p>El uso excesivo de pantallas impacta negativamente en la salud mental y f\u00edsica, causando  ansiedad, fatiga visual y trastornos del sue\u00f1o. <\/p>\n","protected":false},"author":20,"featured_media":17574,"comment_status":"open","ping_status":"open","sticky":false,"template":"","format":"standard","meta":{"footnotes":""},"categories":[81],"tags":[255],"class_list":["post-17583","post","type-post","status-publish","format-standard","has-post-thumbnail","hentry","category-psicologia","tag-4260-consulta"],"yoast_head":"<!-- This site is optimized with the Yoast SEO plugin v27.4 - https:\/\/yoast.com\/product\/yoast-seo-wordpress\/ -->\n<title>\u00bfC\u00f3mo afecta en la salud mental y f\u00edsica el uso excesivo de pantallas?<\/title>\n<meta name=\"description\" content=\"El uso excesivo de pantallas impacta negativamente en la salud mental y f\u00edsica, causando ansiedad, fatiga visual y trastornos del sue\u00f1o.\" \/>\n<meta name=\"robots\" content=\"index, follow, max-snippet:-1, max-image-preview:large, max-video-preview:-1\" \/>\n<link rel=\"canonical\" href=\"https:\/\/www.saludonnet.com\/blog\/como-afecta-en-la-salud-mental-y-fisica-el-uso-excesivo-de-pantallas\/\" \/>\n<meta property=\"og:locale\" content=\"es_ES\" \/>\n<meta property=\"og:type\" content=\"article\" \/>\n<meta property=\"og:title\" content=\"\u00bfC\u00f3mo afecta en la salud mental y f\u00edsica el uso excesivo de pantallas?\" \/>\n<meta property=\"og:description\" content=\"El uso excesivo de pantallas impacta negativamente en la salud mental y f\u00edsica, causando ansiedad, fatiga visual y trastornos del sue\u00f1o.\" \/>\n<meta property=\"og:url\" content=\"https:\/\/www.saludonnet.com\/blog\/como-afecta-en-la-salud-mental-y-fisica-el-uso-excesivo-de-pantallas\/\" \/>\n<meta property=\"og:site_name\" content=\"Blog SaludOnNet\" \/>\n<meta property=\"article:publisher\" content=\"https:\/\/www.facebook.com\/pages\/SaludOnNet\/214957498526536\" \/>\n<meta property=\"article:published_time\" content=\"2024-10-03T10:15:00+00:00\" \/>\n<meta property=\"article:modified_time\" content=\"2024-10-04T11:08:11+00:00\" \/>\n<meta property=\"og:image\" content=\"https:\/\/www.saludonnet.com\/blog\/wp-content\/uploads\/2024\/10\/uso-excesivo-de-pantallas.jpg\" \/>\n\t<meta property=\"og:image:width\" content=\"800\" \/>\n\t<meta property=\"og:image:height\" content=\"400\" \/>\n\t<meta property=\"og:image:type\" content=\"image\/jpeg\" \/>\n<meta name=\"author\" content=\"Equipo M\u00e9dico de SaludOnNet\" \/>\n<meta name=\"twitter:card\" content=\"summary_large_image\" \/>\n<meta name=\"twitter:creator\" content=\"@saludonnet\" \/>\n<meta name=\"twitter:site\" content=\"@saludonnet\" \/>\n<meta name=\"twitter:label1\" content=\"Escrito por\" \/>\n\t<meta name=\"twitter:data1\" content=\"Equipo M\u00e9dico de SaludOnNet\" \/>\n\t<meta name=\"twitter:label2\" content=\"Tiempo de lectura\" \/>\n\t<meta name=\"twitter:data2\" content=\"8 minutos\" \/>\n<script type=\"application\/ld+json\" class=\"yoast-schema-graph\">{\"@context\":\"https:\\\/\\\/schema.org\",\"@graph\":[{\"@type\":\"Article\",\"@id\":\"https:\\\/\\\/www.saludonnet.com\\\/blog\\\/como-afecta-en-la-salud-mental-y-fisica-el-uso-excesivo-de-pantallas\\\/#article\",\"isPartOf\":{\"@id\":\"https:\\\/\\\/www.saludonnet.com\\\/blog\\\/como-afecta-en-la-salud-mental-y-fisica-el-uso-excesivo-de-pantallas\\\/\"},\"author\":{\"name\":\"Equipo M\u00e9dico de SaludOnNet\",\"@id\":\"https:\\\/\\\/www.saludonnet.com\\\/blog\\\/#\\\/schema\\\/person\\\/50995e01cc9d6c9f29ae18d979eeff1b\"},\"headline\":\"\u00bfC\u00f3mo afecta en la salud mental y f\u00edsica el uso excesivo de pantallas?\",\"datePublished\":\"2024-10-03T10:15:00+00:00\",\"dateModified\":\"2024-10-04T11:08:11+00:00\",\"mainEntityOfPage\":{\"@id\":\"https:\\\/\\\/www.saludonnet.com\\\/blog\\\/como-afecta-en-la-salud-mental-y-fisica-el-uso-excesivo-de-pantallas\\\/\"},\"wordCount\":1623,\"commentCount\":0,\"publisher\":{\"@id\":\"https:\\\/\\\/www.saludonnet.com\\\/blog\\\/#organization\"},\"image\":{\"@id\":\"https:\\\/\\\/www.saludonnet.com\\\/blog\\\/como-afecta-en-la-salud-mental-y-fisica-el-uso-excesivo-de-pantallas\\\/#primaryimage\"},\"thumbnailUrl\":\"https:\\\/\\\/soncdn.azureedge.net\\\/blog\\\/wp-content\\\/uploads\\\/2024\\\/10\\\/uso-excesivo-de-pantallas.jpg\",\"keywords\":[\"Consulta de Psicolog\u00eda\"],\"articleSection\":[\"Psicolog\u00eda\"],\"inLanguage\":\"es\",\"potentialAction\":[{\"@type\":\"CommentAction\",\"name\":\"Comment\",\"target\":[\"https:\\\/\\\/www.saludonnet.com\\\/blog\\\/como-afecta-en-la-salud-mental-y-fisica-el-uso-excesivo-de-pantallas\\\/#respond\"]}]},{\"@type\":\"WebPage\",\"@id\":\"https:\\\/\\\/www.saludonnet.com\\\/blog\\\/como-afecta-en-la-salud-mental-y-fisica-el-uso-excesivo-de-pantallas\\\/\",\"url\":\"https:\\\/\\\/www.saludonnet.com\\\/blog\\\/como-afecta-en-la-salud-mental-y-fisica-el-uso-excesivo-de-pantallas\\\/\",\"name\":\"\u00bfC\u00f3mo afecta en la salud mental y f\u00edsica el uso excesivo de pantallas?\",\"isPartOf\":{\"@id\":\"https:\\\/\\\/www.saludonnet.com\\\/blog\\\/#website\"},\"primaryImageOfPage\":{\"@id\":\"https:\\\/\\\/www.saludonnet.com\\\/blog\\\/como-afecta-en-la-salud-mental-y-fisica-el-uso-excesivo-de-pantallas\\\/#primaryimage\"},\"image\":{\"@id\":\"https:\\\/\\\/www.saludonnet.com\\\/blog\\\/como-afecta-en-la-salud-mental-y-fisica-el-uso-excesivo-de-pantallas\\\/#primaryimage\"},\"thumbnailUrl\":\"https:\\\/\\\/soncdn.azureedge.net\\\/blog\\\/wp-content\\\/uploads\\\/2024\\\/10\\\/uso-excesivo-de-pantallas.jpg\",\"datePublished\":\"2024-10-03T10:15:00+00:00\",\"dateModified\":\"2024-10-04T11:08:11+00:00\",\"description\":\"El uso excesivo de pantallas impacta negativamente en la salud mental y f\u00edsica, causando ansiedad, fatiga visual y trastornos del sue\u00f1o.\",\"breadcrumb\":{\"@id\":\"https:\\\/\\\/www.saludonnet.com\\\/blog\\\/como-afecta-en-la-salud-mental-y-fisica-el-uso-excesivo-de-pantallas\\\/#breadcrumb\"},\"inLanguage\":\"es\",\"potentialAction\":[{\"@type\":\"ReadAction\",\"target\":[\"https:\\\/\\\/www.saludonnet.com\\\/blog\\\/como-afecta-en-la-salud-mental-y-fisica-el-uso-excesivo-de-pantallas\\\/\"]}]},{\"@type\":\"ImageObject\",\"inLanguage\":\"es\",\"@id\":\"https:\\\/\\\/www.saludonnet.com\\\/blog\\\/como-afecta-en-la-salud-mental-y-fisica-el-uso-excesivo-de-pantallas\\\/#primaryimage\",\"url\":\"https:\\\/\\\/soncdn.azureedge.net\\\/blog\\\/wp-content\\\/uploads\\\/2024\\\/10\\\/uso-excesivo-de-pantallas.jpg\",\"contentUrl\":\"https:\\\/\\\/soncdn.azureedge.net\\\/blog\\\/wp-content\\\/uploads\\\/2024\\\/10\\\/uso-excesivo-de-pantallas.jpg\",\"width\":800,\"height\":400,\"caption\":\"personas enganchadas al tel\u00e9fono m\u00f3vil\"},{\"@type\":\"BreadcrumbList\",\"@id\":\"https:\\\/\\\/www.saludonnet.com\\\/blog\\\/como-afecta-en-la-salud-mental-y-fisica-el-uso-excesivo-de-pantallas\\\/#breadcrumb\",\"itemListElement\":[{\"@type\":\"ListItem\",\"position\":1,\"name\":\"Portada\",\"item\":\"https:\\\/\\\/www.saludonnet.com\\\/blog\\\/\"},{\"@type\":\"ListItem\",\"position\":2,\"name\":\"Psicolog\u00eda\",\"item\":\"https:\\\/\\\/www.saludonnet.com\\\/blog\\\/topic\\\/psicologia\\\/\"},{\"@type\":\"ListItem\",\"position\":3,\"name\":\"\u00bfC\u00f3mo afecta en la salud mental y f\u00edsica el uso excesivo de pantallas?\"}]},{\"@type\":\"WebSite\",\"@id\":\"https:\\\/\\\/www.saludonnet.com\\\/blog\\\/#website\",\"url\":\"https:\\\/\\\/www.saludonnet.com\\\/blog\\\/\",\"name\":\"Blog SaludOnNet\",\"description\":\"Un espacio donde encontrar\u00e1s consejos y art\u00edculos para cuidar de tu salud\",\"publisher\":{\"@id\":\"https:\\\/\\\/www.saludonnet.com\\\/blog\\\/#organization\"},\"potentialAction\":[{\"@type\":\"SearchAction\",\"target\":{\"@type\":\"EntryPoint\",\"urlTemplate\":\"https:\\\/\\\/www.saludonnet.com\\\/blog\\\/?s={search_term_string}\"},\"query-input\":{\"@type\":\"PropertyValueSpecification\",\"valueRequired\":true,\"valueName\":\"search_term_string\"}}],\"inLanguage\":\"es\"},{\"@type\":\"Organization\",\"@id\":\"https:\\\/\\\/www.saludonnet.com\\\/blog\\\/#organization\",\"name\":\"SaludOnNet\",\"url\":\"https:\\\/\\\/www.saludonnet.com\\\/blog\\\/\",\"logo\":{\"@type\":\"ImageObject\",\"inLanguage\":\"es\",\"@id\":\"https:\\\/\\\/www.saludonnet.com\\\/blog\\\/#\\\/schema\\\/logo\\\/image\\\/\",\"url\":\"https:\\\/\\\/www.saludonnet.com\\\/blog\\\/wp-content\\\/uploads\\\/2019\\\/07\\\/Logo-SaludOnNet.png\",\"contentUrl\":\"https:\\\/\\\/www.saludonnet.com\\\/blog\\\/wp-content\\\/uploads\\\/2019\\\/07\\\/Logo-SaludOnNet.png\",\"width\":1140,\"height\":377,\"caption\":\"SaludOnNet\"},\"image\":{\"@id\":\"https:\\\/\\\/www.saludonnet.com\\\/blog\\\/#\\\/schema\\\/logo\\\/image\\\/\"},\"sameAs\":[\"https:\\\/\\\/www.facebook.com\\\/pages\\\/SaludOnNet\\\/214957498526536\",\"https:\\\/\\\/x.com\\\/saludonnet\",\"https:\\\/\\\/www.instagram.com\\\/saludonnet\\\/\",\"https:\\\/\\\/www.linkedin.com\\\/company\\\/saludonnet\\\/\",\"https:\\\/\\\/www.youtube.com\\\/channel\\\/UCag68GsnagqzNb6C3G-S9vQ\"]},{\"@type\":\"Person\",\"@id\":\"https:\\\/\\\/www.saludonnet.com\\\/blog\\\/#\\\/schema\\\/person\\\/50995e01cc9d6c9f29ae18d979eeff1b\",\"name\":\"Equipo M\u00e9dico de SaludOnNet\",\"image\":{\"@type\":\"ImageObject\",\"inLanguage\":\"es\",\"@id\":\"https:\\\/\\\/secure.gravatar.com\\\/avatar\\\/0ac89931d2ef75704f29e63e12335967620a1f7ac37c69f6f97ad72b9ac6496d?s=96&d=mm&r=g\",\"url\":\"https:\\\/\\\/secure.gravatar.com\\\/avatar\\\/0ac89931d2ef75704f29e63e12335967620a1f7ac37c69f6f97ad72b9ac6496d?s=96&d=mm&r=g\",\"contentUrl\":\"https:\\\/\\\/secure.gravatar.com\\\/avatar\\\/0ac89931d2ef75704f29e63e12335967620a1f7ac37c69f6f97ad72b9ac6496d?s=96&d=mm&r=g\",\"caption\":\"Equipo M\u00e9dico de SaludOnNet\"},\"description\":\"Art\u00edculo elaborado por el equipo m\u00e9dico de SaludOnNet, compuesto por especialistas destacados en su \u00e1rea.\",\"url\":\"https:\\\/\\\/www.saludonnet.com\\\/blog\\\/author\\\/saludonnet\\\/\"}]}<\/script>\n<!-- \/ Yoast SEO plugin. -->","yoast_head_json":{"title":"\u00bfC\u00f3mo afecta en la salud mental y f\u00edsica el uso excesivo de pantallas?","description":"El uso excesivo de pantallas impacta negativamente en la salud mental y f\u00edsica, causando ansiedad, fatiga visual y trastornos del sue\u00f1o.","robots":{"index":"index","follow":"follow","max-snippet":"max-snippet:-1","max-image-preview":"max-image-preview:large","max-video-preview":"max-video-preview:-1"},"canonical":"https:\/\/www.saludonnet.com\/blog\/como-afecta-en-la-salud-mental-y-fisica-el-uso-excesivo-de-pantallas\/","og_locale":"es_ES","og_type":"article","og_title":"\u00bfC\u00f3mo afecta en la salud mental y f\u00edsica el uso excesivo de pantallas?","og_description":"El uso excesivo de pantallas impacta negativamente en la salud mental y f\u00edsica, causando ansiedad, fatiga visual y trastornos del sue\u00f1o.","og_url":"https:\/\/www.saludonnet.com\/blog\/como-afecta-en-la-salud-mental-y-fisica-el-uso-excesivo-de-pantallas\/","og_site_name":"Blog SaludOnNet","article_publisher":"https:\/\/www.facebook.com\/pages\/SaludOnNet\/214957498526536","article_published_time":"2024-10-03T10:15:00+00:00","article_modified_time":"2024-10-04T11:08:11+00:00","og_image":[{"width":800,"height":400,"url":"https:\/\/www.saludonnet.com\/blog\/wp-content\/uploads\/2024\/10\/uso-excesivo-de-pantallas.jpg","type":"image\/jpeg"}],"author":"Equipo M\u00e9dico de SaludOnNet","twitter_card":"summary_large_image","twitter_creator":"@saludonnet","twitter_site":"@saludonnet","twitter_misc":{"Escrito por":"Equipo M\u00e9dico de SaludOnNet","Tiempo de lectura":"8 minutos"},"schema":{"@context":"https:\/\/schema.org","@graph":[{"@type":"Article","@id":"https:\/\/www.saludonnet.com\/blog\/como-afecta-en-la-salud-mental-y-fisica-el-uso-excesivo-de-pantallas\/#article","isPartOf":{"@id":"https:\/\/www.saludonnet.com\/blog\/como-afecta-en-la-salud-mental-y-fisica-el-uso-excesivo-de-pantallas\/"},"author":{"name":"Equipo M\u00e9dico de SaludOnNet","@id":"https:\/\/www.saludonnet.com\/blog\/#\/schema\/person\/50995e01cc9d6c9f29ae18d979eeff1b"},"headline":"\u00bfC\u00f3mo afecta en la salud mental y f\u00edsica el uso excesivo de pantallas?","datePublished":"2024-10-03T10:15:00+00:00","dateModified":"2024-10-04T11:08:11+00:00","mainEntityOfPage":{"@id":"https:\/\/www.saludonnet.com\/blog\/como-afecta-en-la-salud-mental-y-fisica-el-uso-excesivo-de-pantallas\/"},"wordCount":1623,"commentCount":0,"publisher":{"@id":"https:\/\/www.saludonnet.com\/blog\/#organization"},"image":{"@id":"https:\/\/www.saludonnet.com\/blog\/como-afecta-en-la-salud-mental-y-fisica-el-uso-excesivo-de-pantallas\/#primaryimage"},"thumbnailUrl":"https:\/\/soncdn.azureedge.net\/blog\/wp-content\/uploads\/2024\/10\/uso-excesivo-de-pantallas.jpg","keywords":["Consulta de Psicolog\u00eda"],"articleSection":["Psicolog\u00eda"],"inLanguage":"es","potentialAction":[{"@type":"CommentAction","name":"Comment","target":["https:\/\/www.saludonnet.com\/blog\/como-afecta-en-la-salud-mental-y-fisica-el-uso-excesivo-de-pantallas\/#respond"]}]},{"@type":"WebPage","@id":"https:\/\/www.saludonnet.com\/blog\/como-afecta-en-la-salud-mental-y-fisica-el-uso-excesivo-de-pantallas\/","url":"https:\/\/www.saludonnet.com\/blog\/como-afecta-en-la-salud-mental-y-fisica-el-uso-excesivo-de-pantallas\/","name":"\u00bfC\u00f3mo afecta en la salud mental y f\u00edsica el uso excesivo de pantallas?","isPartOf":{"@id":"https:\/\/www.saludonnet.com\/blog\/#website"},"primaryImageOfPage":{"@id":"https:\/\/www.saludonnet.com\/blog\/como-afecta-en-la-salud-mental-y-fisica-el-uso-excesivo-de-pantallas\/#primaryimage"},"image":{"@id":"https:\/\/www.saludonnet.com\/blog\/como-afecta-en-la-salud-mental-y-fisica-el-uso-excesivo-de-pantallas\/#primaryimage"},"thumbnailUrl":"https:\/\/soncdn.azureedge.net\/blog\/wp-content\/uploads\/2024\/10\/uso-excesivo-de-pantallas.jpg","datePublished":"2024-10-03T10:15:00+00:00","dateModified":"2024-10-04T11:08:11+00:00","description":"El uso excesivo de pantallas impacta negativamente en la salud mental y f\u00edsica, causando ansiedad, fatiga visual y trastornos del sue\u00f1o.","breadcrumb":{"@id":"https:\/\/www.saludonnet.com\/blog\/como-afecta-en-la-salud-mental-y-fisica-el-uso-excesivo-de-pantallas\/#breadcrumb"},"inLanguage":"es","potentialAction":[{"@type":"ReadAction","target":["https:\/\/www.saludonnet.com\/blog\/como-afecta-en-la-salud-mental-y-fisica-el-uso-excesivo-de-pantallas\/"]}]},{"@type":"ImageObject","inLanguage":"es","@id":"https:\/\/www.saludonnet.com\/blog\/como-afecta-en-la-salud-mental-y-fisica-el-uso-excesivo-de-pantallas\/#primaryimage","url":"https:\/\/soncdn.azureedge.net\/blog\/wp-content\/uploads\/2024\/10\/uso-excesivo-de-pantallas.jpg","contentUrl":"https:\/\/soncdn.azureedge.net\/blog\/wp-content\/uploads\/2024\/10\/uso-excesivo-de-pantallas.jpg","width":800,"height":400,"caption":"personas enganchadas al tel\u00e9fono m\u00f3vil"},{"@type":"BreadcrumbList","@id":"https:\/\/www.saludonnet.com\/blog\/como-afecta-en-la-salud-mental-y-fisica-el-uso-excesivo-de-pantallas\/#breadcrumb","itemListElement":[{"@type":"ListItem","position":1,"name":"Portada","item":"https:\/\/www.saludonnet.com\/blog\/"},{"@type":"ListItem","position":2,"name":"Psicolog\u00eda","item":"https:\/\/www.saludonnet.com\/blog\/topic\/psicologia\/"},{"@type":"ListItem","position":3,"name":"\u00bfC\u00f3mo afecta en la salud mental y f\u00edsica el uso excesivo de pantallas?"}]},{"@type":"WebSite","@id":"https:\/\/www.saludonnet.com\/blog\/#website","url":"https:\/\/www.saludonnet.com\/blog\/","name":"Blog SaludOnNet","description":"Un espacio donde encontrar\u00e1s consejos y art\u00edculos para cuidar de tu salud","publisher":{"@id":"https:\/\/www.saludonnet.com\/blog\/#organization"},"potentialAction":[{"@type":"SearchAction","target":{"@type":"EntryPoint","urlTemplate":"https:\/\/www.saludonnet.com\/blog\/?s={search_term_string}"},"query-input":{"@type":"PropertyValueSpecification","valueRequired":true,"valueName":"search_term_string"}}],"inLanguage":"es"},{"@type":"Organization","@id":"https:\/\/www.saludonnet.com\/blog\/#organization","name":"SaludOnNet","url":"https:\/\/www.saludonnet.com\/blog\/","logo":{"@type":"ImageObject","inLanguage":"es","@id":"https:\/\/www.saludonnet.com\/blog\/#\/schema\/logo\/image\/","url":"https:\/\/www.saludonnet.com\/blog\/wp-content\/uploads\/2019\/07\/Logo-SaludOnNet.png","contentUrl":"https:\/\/www.saludonnet.com\/blog\/wp-content\/uploads\/2019\/07\/Logo-SaludOnNet.png","width":1140,"height":377,"caption":"SaludOnNet"},"image":{"@id":"https:\/\/www.saludonnet.com\/blog\/#\/schema\/logo\/image\/"},"sameAs":["https:\/\/www.facebook.com\/pages\/SaludOnNet\/214957498526536","https:\/\/x.com\/saludonnet","https:\/\/www.instagram.com\/saludonnet\/","https:\/\/www.linkedin.com\/company\/saludonnet\/","https:\/\/www.youtube.com\/channel\/UCag68GsnagqzNb6C3G-S9vQ"]},{"@type":"Person","@id":"https:\/\/www.saludonnet.com\/blog\/#\/schema\/person\/50995e01cc9d6c9f29ae18d979eeff1b","name":"Equipo M\u00e9dico de SaludOnNet","image":{"@type":"ImageObject","inLanguage":"es","@id":"https:\/\/secure.gravatar.com\/avatar\/0ac89931d2ef75704f29e63e12335967620a1f7ac37c69f6f97ad72b9ac6496d?s=96&d=mm&r=g","url":"https:\/\/secure.gravatar.com\/avatar\/0ac89931d2ef75704f29e63e12335967620a1f7ac37c69f6f97ad72b9ac6496d?s=96&d=mm&r=g","contentUrl":"https:\/\/secure.gravatar.com\/avatar\/0ac89931d2ef75704f29e63e12335967620a1f7ac37c69f6f97ad72b9ac6496d?s=96&d=mm&r=g","caption":"Equipo M\u00e9dico de SaludOnNet"},"description":"Art\u00edculo elaborado por el equipo m\u00e9dico de SaludOnNet, compuesto por especialistas destacados en su \u00e1rea.","url":"https:\/\/www.saludonnet.com\/blog\/author\/saludonnet\/"}]}},"acf":[],"_links":{"self":[{"href":"https:\/\/www.saludonnet.com\/blog\/wp-json\/wp\/v2\/posts\/17583","targetHints":{"allow":["GET"]}}],"collection":[{"href":"https:\/\/www.saludonnet.com\/blog\/wp-json\/wp\/v2\/posts"}],"about":[{"href":"https:\/\/www.saludonnet.com\/blog\/wp-json\/wp\/v2\/types\/post"}],"author":[{"embeddable":true,"href":"https:\/\/www.saludonnet.com\/blog\/wp-json\/wp\/v2\/users\/20"}],"replies":[{"embeddable":true,"href":"https:\/\/www.saludonnet.com\/blog\/wp-json\/wp\/v2\/comments?post=17583"}],"version-history":[{"count":22,"href":"https:\/\/www.saludonnet.com\/blog\/wp-json\/wp\/v2\/posts\/17583\/revisions"}],"predecessor-version":[{"id":17610,"href":"https:\/\/www.saludonnet.com\/blog\/wp-json\/wp\/v2\/posts\/17583\/revisions\/17610"}],"wp:featuredmedia":[{"embeddable":true,"href":"https:\/\/www.saludonnet.com\/blog\/wp-json\/wp\/v2\/media\/17574"}],"wp:attachment":[{"href":"https:\/\/www.saludonnet.com\/blog\/wp-json\/wp\/v2\/media?parent=17583"}],"wp:term":[{"taxonomy":"category","embeddable":true,"href":"https:\/\/www.saludonnet.com\/blog\/wp-json\/wp\/v2\/categories?post=17583"},{"taxonomy":"post_tag","embeddable":true,"href":"https:\/\/www.saludonnet.com\/blog\/wp-json\/wp\/v2\/tags?post=17583"}],"curies":[{"name":"wp","href":"https:\/\/api.w.org\/{rel}","templated":true}]}}