{"id":17082,"date":"2024-04-13T18:15:00","date_gmt":"2024-04-13T16:15:00","guid":{"rendered":"https:\/\/www.saludonnet.com\/blog\/?p=17082"},"modified":"2025-09-25T10:40:26","modified_gmt":"2025-09-25T08:40:26","slug":"las-orejas-y-la-nariz-crecen-con-los-anos","status":"publish","type":"post","link":"https:\/\/www.saludonnet.com\/blog\/las-orejas-y-la-nariz-crecen-con-los-anos\/","title":{"rendered":"\u00bfLas orejas y la nariz crecen con los a\u00f1os?"},"content":{"rendered":"\n<p>El debate sobre si las orejas y la nariz contin\u00faan creciendo a medida que envejecemos ha sido motivo de curiosidad y especulaci\u00f3n durante mucho tiempo. A menudo se dice que siguen creciendo con la edad, lo que ha llevado a la <strong>creencia popular de que los ancianos tienen las orejas y la nariz m\u00e1s grandes<\/strong>. <\/p>\n\n\n\n<h2 class=\"wp-block-heading\">Explicaci\u00f3n anat\u00f3mica<\/h2>\n\n\n\n<p>En un sentido anat\u00f3mico este crecimiento no se debe a la proliferaci\u00f3n celular como ocurre en la infancia, sino a cambios degenerativos en el cart\u00edlago y los tejidos blandos, como la p\u00e9rdida de elasticidad y la alteraci\u00f3n de la matriz extracelular, especialmente del col\u00e1geno y la elastina.<\/p>\n\n\n\n<h3 class=\"wp-block-heading\">Orejas<\/h3>\n\n\n\n<p>Aunque las orejas pueden parecer m\u00e1s grandes a medida que una persona envejece, este cambio se debe principalmente al <strong>descenso y alargamiento progresivo<\/strong> causado por la p\u00e9rdida de elasticidad en la piel y la gravedad. <strong>La piel y el cart\u00edlago de las orejas se vuelven m\u00e1s fl\u00e1cidos<\/strong>, provocando que las orejas parezcan m\u00e1s alargadas.<\/p>\n\n\n\n<p>Adem\u00e1s, se ha observado que el cart\u00edlago puede engrosarse con el tiempo, lo que contribuir\u00eda a una apariencia de mayor tama\u00f1o. <\/p>\n\n\n\n<p>Estudios antropom\u00e9tricos y de imagen han demostrado que la circunferencia y la longitud de la oreja aumentan progresivamente durante la vida adulta, con incrementos promedio de aproximadamente 0,5 mm por a\u00f1o en la circunferencia auricular. El crecimiento es m\u00e1s notable en el l\u00f3bulo de la oreja, probablemente por la gravedad y la p\u00e9rdida de elasticidad del tejido.<\/p>\n\n\n\n<h3 class=\"wp-block-heading\">Nariz<\/h3>\n\n\n\n<p>En cuanto a la nariz, se ha documentado que la longitud, el volumen y la proyecci\u00f3n nasal tambi\u00e9n aumentan con la edad, mientras que el \u00e1ngulo de la punta nasal tiende a disminuir, lo que contribuye a la apariencia de \u201cnariz ca\u00edda\u201d en adultos mayores.[4-6] Estos cambios se atribuyen tanto al engrosamiento de los tejidos blandos como a la reabsorci\u00f3n \u00f3sea y la alteraci\u00f3n de la arquitectura cartilaginosa.<\/p>\n\n\n\n<h2 class=\"wp-block-heading\">\u00bfQu\u00e9 partes del cuerpo cambian con los a\u00f1os?<\/h2>\n\n\n\n<p>Adem\u00e1s de las percepciones comunes acerca de los cambios en la nariz y las orejas con la edad, existen otros aspectos del cuerpo humano que tambi\u00e9n experimentan transformaciones. Estos cambios pueden estar relacionados tanto con el envejecimiento natural como con factores de estilo de vida y son importantes para comprender c\u00f3mo el cuerpo envejece en su conjunto.<\/p>\n\n\n\n<h3 class=\"wp-block-heading\">Cart\u00edlago<\/h3>\n\n\n\n<p>Si bien muchas personas creen que la nariz y las orejas crecen, lo que realmente puede suceder es que <strong>el cart\u00edlago en estas \u00e1reas se vuelve m\u00e1s fl\u00e1cido y pierde elasticidad<\/strong>, dando la apariencia de un aumento de tama\u00f1o. No se trata de un \u00abcrecimiento\u00bb sino de una transformaci\u00f3n de las propiedades f\u00edsicas del cart\u00edlago.<\/p>\n\n\n\n<h3 class=\"wp-block-heading\">Cabello y U\u00f1as<\/h3>\n\n\n\n<p>El cabello y <a href=\"https:\/\/www.saludonnet.com\/blog\/por-que-se-rompen-las-unas\/\">las u\u00f1as<\/a> son dos de las partes del cuerpo <strong>que contin\u00faan creciendo a lo largo de la vida de una persona<\/strong> debido a la actividad continua de sus respectivos fol\u00edculos y lechos ungueales. Sin embargo, es importante notar que <strong>el ciclo de crecimiento del cabello puede ralentizarse y la calidad del nuevo cabello puede disminuir con la edad,<\/strong> lo que puede llevar a un adelgazamiento del cabello o a la calvicie en algunos casos.<\/p>\n\n\n\n<h3 class=\"wp-block-heading\">La piel<\/h3>\n\n\n\n<p>La piel, aunque no crece en el sentido convencional, s\u00ed experimenta cambios significativos. Con el envejecimiento, la piel <strong>puede perder col\u00e1geno y elastina, lo que lleva a una mayor laxitud y a la aparici\u00f3n de arrugas<\/strong>. Adem\u00e1s, la redistribuci\u00f3n de la grasa subcut\u00e1nea puede hacer que ciertas \u00e1reas de la piel parezcan m\u00e1s fl\u00e1cidas o descolgadas.<\/p>\n\n\n\n<h3 class=\"wp-block-heading\">Grasa corporal<\/h3>\n\n\n\n<p>La distribuci\u00f3n de la grasa corporal cambia a medida que envejecemos, y se puede <strong>acumular en ciertas \u00e1reas como el <a href=\"https:\/\/www.saludonnet.com\/blog\/quiero-un-abdomen-plano\/\">abdomen<\/a><\/strong>, lo que a menudo se confunde con un crecimiento. En realidad, este cambio <strong>est\u00e1 m\u00e1s relacionado con la disminuci\u00f3n del metabolismo y cambios hormonales<\/strong> que con un crecimiento del tejido graso en s\u00ed.<\/p>\n\n\n\n<h3 class=\"wp-block-heading\">Estructura \u00f3sea<\/h3>\n\n\n\n<p>La estructura \u00f3sea no crece con la edad; de hecho, puede ocurrir lo contrario, como la <strong><a href=\"https:\/\/www.saludonnet.com\/blog\/prevencion-y-tratamiento-de-la-osteoporosis\/\">p\u00e9rdida de densidad \u00f3sea debido a condiciones como la osteoporosis<\/a><\/strong>. Sin embargo, las articulaciones pueden experimentar cambios que afectan la postura y la altura con el envejecimiento, lo que podr\u00eda dar una impresi\u00f3n err\u00f3nea de crecimiento o encogimiento.<\/p>\n\n\n\n<p>As\u00ed, podemos decir que el concepto de crecimiento relacionado con el envejecimiento a menudo <strong>se basa en percepciones visuales y cambios estructurales que no implican un aumento real en el tama\u00f1o<\/strong>. Comprender estos cambios permite tener una visi\u00f3n m\u00e1s hol\u00edstica y precisa del proceso de envejecimiento en el cuerpo humano.<\/p>\n\n\n\n<p>Si tienes alguna duda m\u00e9dica sobre este tema o cualquier otro te recomendamos que navegues por nuestro portal <strong><strong><strong><strong><strong><strong><strong><strong><strong><strong><strong><strong><strong><strong><strong><strong style=\"color:#009ee0\">SaludOnNet<\/strong><\/strong><\/strong><\/strong><\/strong><\/strong><\/strong><\/strong><\/strong><\/strong><\/strong><\/strong><\/strong><\/strong><\/strong><\/strong> y conozcas todas las opciones que tienes de consultar a diferentes especialistas.<\/p>\n","protected":false},"excerpt":{"rendered":"<p>\u00bfPor qu\u00e9 nos parece que las personas mayores tienen las orejas y la nariz m\u00e1s grandes? \u00bfES que siguen creciendo con los a\u00f1os? <\/p>\n","protected":false},"author":22,"featured_media":17088,"comment_status":"open","ping_status":"open","sticky":false,"template":"","format":"standard","meta":{"footnotes":""},"categories":[56],"tags":[237],"class_list":["post-17082","post","type-post","status-publish","format-standard","has-post-thumbnail","hentry","category-medicina-general","tag-1-consulta"],"yoast_head":"<!-- This site is optimized with the Yoast SEO plugin v27.5 - https:\/\/yoast.com\/product\/yoast-seo-wordpress\/ -->\n<title>\u00bfLas orejas y la nariz crecen con los a\u00f1os?<\/title>\n<meta name=\"description\" content=\"\u00bfPor qu\u00e9 nos parece que las personas mayores tienen las orejas y la nariz m\u00e1s grandes? \u00bfES que siguen creciendo con los a\u00f1os?\" \/>\n<meta name=\"robots\" content=\"index, follow, max-snippet:-1, max-image-preview:large, max-video-preview:-1\" \/>\n<link rel=\"canonical\" href=\"https:\/\/www.saludonnet.com\/blog\/las-orejas-y-la-nariz-crecen-con-los-anos\/\" \/>\n<meta property=\"og:locale\" content=\"es_ES\" \/>\n<meta property=\"og:type\" content=\"article\" \/>\n<meta property=\"og:title\" content=\"\u00bfLas orejas y la nariz crecen con los a\u00f1os?\" \/>\n<meta property=\"og:description\" content=\"\u00bfPor qu\u00e9 nos parece que las personas mayores tienen las orejas y la nariz m\u00e1s grandes? \u00bfES que siguen creciendo con los a\u00f1os?\" \/>\n<meta property=\"og:url\" content=\"https:\/\/www.saludonnet.com\/blog\/las-orejas-y-la-nariz-crecen-con-los-anos\/\" \/>\n<meta property=\"og:site_name\" content=\"Blog SaludOnNet\" \/>\n<meta property=\"article:publisher\" content=\"https:\/\/www.facebook.com\/pages\/SaludOnNet\/214957498526536\" \/>\n<meta property=\"article:published_time\" content=\"2024-04-13T16:15:00+00:00\" \/>\n<meta property=\"article:modified_time\" content=\"2025-09-25T08:40:26+00:00\" \/>\n<meta property=\"og:image\" content=\"https:\/\/www.saludonnet.com\/blog\/wp-content\/uploads\/2024\/04\/orejas-y-nariz-grandes.jpg\" \/>\n\t<meta property=\"og:image:width\" content=\"800\" \/>\n\t<meta property=\"og:image:height\" content=\"400\" \/>\n\t<meta property=\"og:image:type\" content=\"image\/jpeg\" \/>\n<meta name=\"author\" content=\"Dra. Juliana Parisi\" \/>\n<meta name=\"twitter:card\" content=\"summary_large_image\" \/>\n<meta name=\"twitter:title\" content=\"\u00bfLas orejas y la nariz crecen con los a\u00f1os?\" \/>\n<meta name=\"twitter:description\" content=\"\u00bfPor qu\u00e9 nos parece que las personas mayores tienen las orejas y la nariz m\u00e1s grandes? \u00bfES que siguen creciendo con los a\u00f1os?\" \/>\n<meta name=\"twitter:image\" content=\"https:\/\/soncdn.azureedge.net\/blog\/wp-content\/uploads\/2024\/04\/orejas-y-nariz-grandes.jpg\" \/>\n<meta name=\"twitter:creator\" content=\"@saludonnet\" \/>\n<meta name=\"twitter:site\" content=\"@saludonnet\" \/>\n<meta name=\"twitter:label1\" content=\"Escrito por\" \/>\n\t<meta name=\"twitter:data1\" content=\"Dra. Juliana Parisi\" \/>\n\t<meta name=\"twitter:label2\" content=\"Tiempo de lectura\" \/>\n\t<meta name=\"twitter:data2\" content=\"4 minutos\" \/>\n<script type=\"application\/ld+json\" class=\"yoast-schema-graph\">{\"@context\":\"https:\\\/\\\/schema.org\",\"@graph\":[{\"@type\":\"Article\",\"@id\":\"https:\\\/\\\/www.saludonnet.com\\\/blog\\\/las-orejas-y-la-nariz-crecen-con-los-anos\\\/#article\",\"isPartOf\":{\"@id\":\"https:\\\/\\\/www.saludonnet.com\\\/blog\\\/las-orejas-y-la-nariz-crecen-con-los-anos\\\/\"},\"author\":{\"name\":\"Dra. Juliana Parisi\",\"@id\":\"https:\\\/\\\/www.saludonnet.com\\\/blog\\\/#\\\/schema\\\/person\\\/4f4a6001e97d78402223fdb6ddde24b4\"},\"headline\":\"\u00bfLas orejas y la nariz crecen con los a\u00f1os?\",\"datePublished\":\"2024-04-13T16:15:00+00:00\",\"dateModified\":\"2025-09-25T08:40:26+00:00\",\"mainEntityOfPage\":{\"@id\":\"https:\\\/\\\/www.saludonnet.com\\\/blog\\\/las-orejas-y-la-nariz-crecen-con-los-anos\\\/\"},\"wordCount\":834,\"commentCount\":0,\"publisher\":{\"@id\":\"https:\\\/\\\/www.saludonnet.com\\\/blog\\\/#organization\"},\"image\":{\"@id\":\"https:\\\/\\\/www.saludonnet.com\\\/blog\\\/las-orejas-y-la-nariz-crecen-con-los-anos\\\/#primaryimage\"},\"thumbnailUrl\":\"https:\\\/\\\/soncdn.azureedge.net\\\/blog\\\/wp-content\\\/uploads\\\/2024\\\/04\\\/orejas-y-nariz-grandes.jpg\",\"keywords\":[\"Consulta de Medicina General\"],\"articleSection\":[\"Medicina General\"],\"inLanguage\":\"es\",\"potentialAction\":[{\"@type\":\"CommentAction\",\"name\":\"Comment\",\"target\":[\"https:\\\/\\\/www.saludonnet.com\\\/blog\\\/las-orejas-y-la-nariz-crecen-con-los-anos\\\/#respond\"]}]},{\"@type\":\"WebPage\",\"@id\":\"https:\\\/\\\/www.saludonnet.com\\\/blog\\\/las-orejas-y-la-nariz-crecen-con-los-anos\\\/\",\"url\":\"https:\\\/\\\/www.saludonnet.com\\\/blog\\\/las-orejas-y-la-nariz-crecen-con-los-anos\\\/\",\"name\":\"\u00bfLas orejas y la nariz crecen con los a\u00f1os?\",\"isPartOf\":{\"@id\":\"https:\\\/\\\/www.saludonnet.com\\\/blog\\\/#website\"},\"primaryImageOfPage\":{\"@id\":\"https:\\\/\\\/www.saludonnet.com\\\/blog\\\/las-orejas-y-la-nariz-crecen-con-los-anos\\\/#primaryimage\"},\"image\":{\"@id\":\"https:\\\/\\\/www.saludonnet.com\\\/blog\\\/las-orejas-y-la-nariz-crecen-con-los-anos\\\/#primaryimage\"},\"thumbnailUrl\":\"https:\\\/\\\/soncdn.azureedge.net\\\/blog\\\/wp-content\\\/uploads\\\/2024\\\/04\\\/orejas-y-nariz-grandes.jpg\",\"datePublished\":\"2024-04-13T16:15:00+00:00\",\"dateModified\":\"2025-09-25T08:40:26+00:00\",\"description\":\"\u00bfPor qu\u00e9 nos parece que las personas mayores tienen las orejas y la nariz m\u00e1s grandes? \u00bfES que siguen creciendo con los a\u00f1os?\",\"breadcrumb\":{\"@id\":\"https:\\\/\\\/www.saludonnet.com\\\/blog\\\/las-orejas-y-la-nariz-crecen-con-los-anos\\\/#breadcrumb\"},\"inLanguage\":\"es\",\"potentialAction\":[{\"@type\":\"ReadAction\",\"target\":[\"https:\\\/\\\/www.saludonnet.com\\\/blog\\\/las-orejas-y-la-nariz-crecen-con-los-anos\\\/\"]}]},{\"@type\":\"ImageObject\",\"inLanguage\":\"es\",\"@id\":\"https:\\\/\\\/www.saludonnet.com\\\/blog\\\/las-orejas-y-la-nariz-crecen-con-los-anos\\\/#primaryimage\",\"url\":\"https:\\\/\\\/soncdn.azureedge.net\\\/blog\\\/wp-content\\\/uploads\\\/2024\\\/04\\\/orejas-y-nariz-grandes.jpg\",\"contentUrl\":\"https:\\\/\\\/soncdn.azureedge.net\\\/blog\\\/wp-content\\\/uploads\\\/2024\\\/04\\\/orejas-y-nariz-grandes.jpg\",\"width\":800,\"height\":400,\"caption\":\"pareja de se\u00f1ores mayores con orejas grandes\"},{\"@type\":\"BreadcrumbList\",\"@id\":\"https:\\\/\\\/www.saludonnet.com\\\/blog\\\/las-orejas-y-la-nariz-crecen-con-los-anos\\\/#breadcrumb\",\"itemListElement\":[{\"@type\":\"ListItem\",\"position\":1,\"name\":\"Portada\",\"item\":\"https:\\\/\\\/www.saludonnet.com\\\/blog\\\/\"},{\"@type\":\"ListItem\",\"position\":2,\"name\":\"Medicina General\",\"item\":\"https:\\\/\\\/www.saludonnet.com\\\/blog\\\/topic\\\/medicina-general\\\/\"},{\"@type\":\"ListItem\",\"position\":3,\"name\":\"\u00bfLas orejas y la nariz crecen con los a\u00f1os?\"}]},{\"@type\":\"WebSite\",\"@id\":\"https:\\\/\\\/www.saludonnet.com\\\/blog\\\/#website\",\"url\":\"https:\\\/\\\/www.saludonnet.com\\\/blog\\\/\",\"name\":\"Blog SaludOnNet\",\"description\":\"Un espacio donde encontrar\u00e1s consejos y art\u00edculos para cuidar de tu salud\",\"publisher\":{\"@id\":\"https:\\\/\\\/www.saludonnet.com\\\/blog\\\/#organization\"},\"potentialAction\":[{\"@type\":\"SearchAction\",\"target\":{\"@type\":\"EntryPoint\",\"urlTemplate\":\"https:\\\/\\\/www.saludonnet.com\\\/blog\\\/?s={search_term_string}\"},\"query-input\":{\"@type\":\"PropertyValueSpecification\",\"valueRequired\":true,\"valueName\":\"search_term_string\"}}],\"inLanguage\":\"es\"},{\"@type\":\"Organization\",\"@id\":\"https:\\\/\\\/www.saludonnet.com\\\/blog\\\/#organization\",\"name\":\"SaludOnNet\",\"url\":\"https:\\\/\\\/www.saludonnet.com\\\/blog\\\/\",\"logo\":{\"@type\":\"ImageObject\",\"inLanguage\":\"es\",\"@id\":\"https:\\\/\\\/www.saludonnet.com\\\/blog\\\/#\\\/schema\\\/logo\\\/image\\\/\",\"url\":\"https:\\\/\\\/www.saludonnet.com\\\/blog\\\/wp-content\\\/uploads\\\/2019\\\/07\\\/Logo-SaludOnNet.png\",\"contentUrl\":\"https:\\\/\\\/www.saludonnet.com\\\/blog\\\/wp-content\\\/uploads\\\/2019\\\/07\\\/Logo-SaludOnNet.png\",\"width\":1140,\"height\":377,\"caption\":\"SaludOnNet\"},\"image\":{\"@id\":\"https:\\\/\\\/www.saludonnet.com\\\/blog\\\/#\\\/schema\\\/logo\\\/image\\\/\"},\"sameAs\":[\"https:\\\/\\\/www.facebook.com\\\/pages\\\/SaludOnNet\\\/214957498526536\",\"https:\\\/\\\/x.com\\\/saludonnet\",\"https:\\\/\\\/www.instagram.com\\\/saludonnet\\\/\",\"https:\\\/\\\/www.linkedin.com\\\/company\\\/saludonnet\\\/\",\"https:\\\/\\\/www.youtube.com\\\/channel\\\/UCag68GsnagqzNb6C3G-S9vQ\"]},{\"@type\":\"Person\",\"@id\":\"https:\\\/\\\/www.saludonnet.com\\\/blog\\\/#\\\/schema\\\/person\\\/4f4a6001e97d78402223fdb6ddde24b4\",\"name\":\"Dra. Juliana Parisi\",\"image\":{\"@type\":\"ImageObject\",\"inLanguage\":\"es\",\"@id\":\"https:\\\/\\\/secure.gravatar.com\\\/avatar\\\/8d15149be38c82426ae134d3f46104db550e31f436dbd92925d8c6f6328231bd?s=96&d=mm&r=g\",\"url\":\"https:\\\/\\\/secure.gravatar.com\\\/avatar\\\/8d15149be38c82426ae134d3f46104db550e31f436dbd92925d8c6f6328231bd?s=96&d=mm&r=g\",\"contentUrl\":\"https:\\\/\\\/secure.gravatar.com\\\/avatar\\\/8d15149be38c82426ae134d3f46104db550e31f436dbd92925d8c6f6328231bd?s=96&d=mm&r=g\",\"caption\":\"Dra. Juliana Parisi\"},\"description\":\"Medicina General\",\"url\":\"https:\\\/\\\/www.saludonnet.com\\\/blog\\\/author\\\/juliana-parisi\\\/\"}]}<\/script>\n<!-- \/ Yoast SEO plugin. -->","yoast_head_json":{"title":"\u00bfLas orejas y la nariz crecen con los a\u00f1os?","description":"\u00bfPor qu\u00e9 nos parece que las personas mayores tienen las orejas y la nariz m\u00e1s grandes? \u00bfES que siguen creciendo con los a\u00f1os?","robots":{"index":"index","follow":"follow","max-snippet":"max-snippet:-1","max-image-preview":"max-image-preview:large","max-video-preview":"max-video-preview:-1"},"canonical":"https:\/\/www.saludonnet.com\/blog\/las-orejas-y-la-nariz-crecen-con-los-anos\/","og_locale":"es_ES","og_type":"article","og_title":"\u00bfLas orejas y la nariz crecen con los a\u00f1os?","og_description":"\u00bfPor qu\u00e9 nos parece que las personas mayores tienen las orejas y la nariz m\u00e1s grandes? \u00bfES que siguen creciendo con los a\u00f1os?","og_url":"https:\/\/www.saludonnet.com\/blog\/las-orejas-y-la-nariz-crecen-con-los-anos\/","og_site_name":"Blog SaludOnNet","article_publisher":"https:\/\/www.facebook.com\/pages\/SaludOnNet\/214957498526536","article_published_time":"2024-04-13T16:15:00+00:00","article_modified_time":"2025-09-25T08:40:26+00:00","og_image":[{"width":800,"height":400,"url":"https:\/\/www.saludonnet.com\/blog\/wp-content\/uploads\/2024\/04\/orejas-y-nariz-grandes.jpg","type":"image\/jpeg"}],"author":"Dra. Juliana Parisi","twitter_card":"summary_large_image","twitter_title":"\u00bfLas orejas y la nariz crecen con los a\u00f1os?","twitter_description":"\u00bfPor qu\u00e9 nos parece que las personas mayores tienen las orejas y la nariz m\u00e1s grandes? \u00bfES que siguen creciendo con los a\u00f1os?","twitter_image":"https:\/\/soncdn.azureedge.net\/blog\/wp-content\/uploads\/2024\/04\/orejas-y-nariz-grandes.jpg","twitter_creator":"@saludonnet","twitter_site":"@saludonnet","twitter_misc":{"Escrito por":"Dra. Juliana Parisi","Tiempo de lectura":"4 minutos"},"schema":{"@context":"https:\/\/schema.org","@graph":[{"@type":"Article","@id":"https:\/\/www.saludonnet.com\/blog\/las-orejas-y-la-nariz-crecen-con-los-anos\/#article","isPartOf":{"@id":"https:\/\/www.saludonnet.com\/blog\/las-orejas-y-la-nariz-crecen-con-los-anos\/"},"author":{"name":"Dra. Juliana Parisi","@id":"https:\/\/www.saludonnet.com\/blog\/#\/schema\/person\/4f4a6001e97d78402223fdb6ddde24b4"},"headline":"\u00bfLas orejas y la nariz crecen con los a\u00f1os?","datePublished":"2024-04-13T16:15:00+00:00","dateModified":"2025-09-25T08:40:26+00:00","mainEntityOfPage":{"@id":"https:\/\/www.saludonnet.com\/blog\/las-orejas-y-la-nariz-crecen-con-los-anos\/"},"wordCount":834,"commentCount":0,"publisher":{"@id":"https:\/\/www.saludonnet.com\/blog\/#organization"},"image":{"@id":"https:\/\/www.saludonnet.com\/blog\/las-orejas-y-la-nariz-crecen-con-los-anos\/#primaryimage"},"thumbnailUrl":"https:\/\/soncdn.azureedge.net\/blog\/wp-content\/uploads\/2024\/04\/orejas-y-nariz-grandes.jpg","keywords":["Consulta de Medicina General"],"articleSection":["Medicina General"],"inLanguage":"es","potentialAction":[{"@type":"CommentAction","name":"Comment","target":["https:\/\/www.saludonnet.com\/blog\/las-orejas-y-la-nariz-crecen-con-los-anos\/#respond"]}]},{"@type":"WebPage","@id":"https:\/\/www.saludonnet.com\/blog\/las-orejas-y-la-nariz-crecen-con-los-anos\/","url":"https:\/\/www.saludonnet.com\/blog\/las-orejas-y-la-nariz-crecen-con-los-anos\/","name":"\u00bfLas orejas y la nariz crecen con los a\u00f1os?","isPartOf":{"@id":"https:\/\/www.saludonnet.com\/blog\/#website"},"primaryImageOfPage":{"@id":"https:\/\/www.saludonnet.com\/blog\/las-orejas-y-la-nariz-crecen-con-los-anos\/#primaryimage"},"image":{"@id":"https:\/\/www.saludonnet.com\/blog\/las-orejas-y-la-nariz-crecen-con-los-anos\/#primaryimage"},"thumbnailUrl":"https:\/\/soncdn.azureedge.net\/blog\/wp-content\/uploads\/2024\/04\/orejas-y-nariz-grandes.jpg","datePublished":"2024-04-13T16:15:00+00:00","dateModified":"2025-09-25T08:40:26+00:00","description":"\u00bfPor qu\u00e9 nos parece que las personas mayores tienen las orejas y la nariz m\u00e1s grandes? \u00bfES que siguen creciendo con los a\u00f1os?","breadcrumb":{"@id":"https:\/\/www.saludonnet.com\/blog\/las-orejas-y-la-nariz-crecen-con-los-anos\/#breadcrumb"},"inLanguage":"es","potentialAction":[{"@type":"ReadAction","target":["https:\/\/www.saludonnet.com\/blog\/las-orejas-y-la-nariz-crecen-con-los-anos\/"]}]},{"@type":"ImageObject","inLanguage":"es","@id":"https:\/\/www.saludonnet.com\/blog\/las-orejas-y-la-nariz-crecen-con-los-anos\/#primaryimage","url":"https:\/\/soncdn.azureedge.net\/blog\/wp-content\/uploads\/2024\/04\/orejas-y-nariz-grandes.jpg","contentUrl":"https:\/\/soncdn.azureedge.net\/blog\/wp-content\/uploads\/2024\/04\/orejas-y-nariz-grandes.jpg","width":800,"height":400,"caption":"pareja de se\u00f1ores mayores con orejas grandes"},{"@type":"BreadcrumbList","@id":"https:\/\/www.saludonnet.com\/blog\/las-orejas-y-la-nariz-crecen-con-los-anos\/#breadcrumb","itemListElement":[{"@type":"ListItem","position":1,"name":"Portada","item":"https:\/\/www.saludonnet.com\/blog\/"},{"@type":"ListItem","position":2,"name":"Medicina General","item":"https:\/\/www.saludonnet.com\/blog\/topic\/medicina-general\/"},{"@type":"ListItem","position":3,"name":"\u00bfLas orejas y la nariz crecen con los a\u00f1os?"}]},{"@type":"WebSite","@id":"https:\/\/www.saludonnet.com\/blog\/#website","url":"https:\/\/www.saludonnet.com\/blog\/","name":"Blog SaludOnNet","description":"Un espacio donde encontrar\u00e1s consejos y art\u00edculos para cuidar de tu salud","publisher":{"@id":"https:\/\/www.saludonnet.com\/blog\/#organization"},"potentialAction":[{"@type":"SearchAction","target":{"@type":"EntryPoint","urlTemplate":"https:\/\/www.saludonnet.com\/blog\/?s={search_term_string}"},"query-input":{"@type":"PropertyValueSpecification","valueRequired":true,"valueName":"search_term_string"}}],"inLanguage":"es"},{"@type":"Organization","@id":"https:\/\/www.saludonnet.com\/blog\/#organization","name":"SaludOnNet","url":"https:\/\/www.saludonnet.com\/blog\/","logo":{"@type":"ImageObject","inLanguage":"es","@id":"https:\/\/www.saludonnet.com\/blog\/#\/schema\/logo\/image\/","url":"https:\/\/www.saludonnet.com\/blog\/wp-content\/uploads\/2019\/07\/Logo-SaludOnNet.png","contentUrl":"https:\/\/www.saludonnet.com\/blog\/wp-content\/uploads\/2019\/07\/Logo-SaludOnNet.png","width":1140,"height":377,"caption":"SaludOnNet"},"image":{"@id":"https:\/\/www.saludonnet.com\/blog\/#\/schema\/logo\/image\/"},"sameAs":["https:\/\/www.facebook.com\/pages\/SaludOnNet\/214957498526536","https:\/\/x.com\/saludonnet","https:\/\/www.instagram.com\/saludonnet\/","https:\/\/www.linkedin.com\/company\/saludonnet\/","https:\/\/www.youtube.com\/channel\/UCag68GsnagqzNb6C3G-S9vQ"]},{"@type":"Person","@id":"https:\/\/www.saludonnet.com\/blog\/#\/schema\/person\/4f4a6001e97d78402223fdb6ddde24b4","name":"Dra. Juliana Parisi","image":{"@type":"ImageObject","inLanguage":"es","@id":"https:\/\/secure.gravatar.com\/avatar\/8d15149be38c82426ae134d3f46104db550e31f436dbd92925d8c6f6328231bd?s=96&d=mm&r=g","url":"https:\/\/secure.gravatar.com\/avatar\/8d15149be38c82426ae134d3f46104db550e31f436dbd92925d8c6f6328231bd?s=96&d=mm&r=g","contentUrl":"https:\/\/secure.gravatar.com\/avatar\/8d15149be38c82426ae134d3f46104db550e31f436dbd92925d8c6f6328231bd?s=96&d=mm&r=g","caption":"Dra. Juliana Parisi"},"description":"Medicina General","url":"https:\/\/www.saludonnet.com\/blog\/author\/juliana-parisi\/"}]}},"acf":[],"_links":{"self":[{"href":"https:\/\/www.saludonnet.com\/blog\/wp-json\/wp\/v2\/posts\/17082","targetHints":{"allow":["GET"]}}],"collection":[{"href":"https:\/\/www.saludonnet.com\/blog\/wp-json\/wp\/v2\/posts"}],"about":[{"href":"https:\/\/www.saludonnet.com\/blog\/wp-json\/wp\/v2\/types\/post"}],"author":[{"embeddable":true,"href":"https:\/\/www.saludonnet.com\/blog\/wp-json\/wp\/v2\/users\/22"}],"replies":[{"embeddable":true,"href":"https:\/\/www.saludonnet.com\/blog\/wp-json\/wp\/v2\/comments?post=17082"}],"version-history":[{"count":13,"href":"https:\/\/www.saludonnet.com\/blog\/wp-json\/wp\/v2\/posts\/17082\/revisions"}],"predecessor-version":[{"id":20960,"href":"https:\/\/www.saludonnet.com\/blog\/wp-json\/wp\/v2\/posts\/17082\/revisions\/20960"}],"wp:featuredmedia":[{"embeddable":true,"href":"https:\/\/www.saludonnet.com\/blog\/wp-json\/wp\/v2\/media\/17088"}],"wp:attachment":[{"href":"https:\/\/www.saludonnet.com\/blog\/wp-json\/wp\/v2\/media?parent=17082"}],"wp:term":[{"taxonomy":"category","embeddable":true,"href":"https:\/\/www.saludonnet.com\/blog\/wp-json\/wp\/v2\/categories?post=17082"},{"taxonomy":"post_tag","embeddable":true,"href":"https:\/\/www.saludonnet.com\/blog\/wp-json\/wp\/v2\/tags?post=17082"}],"curies":[{"name":"wp","href":"https:\/\/api.w.org\/{rel}","templated":true}]}}