{"id":16778,"date":"2024-02-26T12:30:31","date_gmt":"2024-02-26T11:30:31","guid":{"rendered":"https:\/\/www.saludonnet.com\/blog\/?p=16778"},"modified":"2024-02-22T12:30:48","modified_gmt":"2024-02-22T11:30:48","slug":"anosmia-perdida-de-olfato","status":"publish","type":"post","link":"https:\/\/www.saludonnet.com\/blog\/anosmia-perdida-de-olfato\/","title":{"rendered":"Anosmia: p\u00e9rdida de olfato"},"content":{"rendered":"\n<p>\u00bfQu\u00e9 es la anosmia? La definici\u00f3n correcta <strong>es la p\u00e9rdida del sentido del olfato<\/strong>. Puede ser una condici\u00f3n pasajera o permanente que afecta significativamente la calidad de vida de quien la padece. Este trastorno juega un papel cr\u00edtico en la interacci\u00f3n con el entorno, afectando desde la percepci\u00f3n de sabores hasta la detecci\u00f3n de peligros como incendios o fugas de gas.&nbsp;<\/p>\n\n\n\n<h2 class=\"wp-block-heading\">P\u00e9rdida de olfato y gusto<\/h2>\n\n\n\n<p>La anosmia puede ir de la mano con la <strong>ageusia<\/strong>, que es la p\u00e9rdida del sentido del gusto. Esto se debe a que ambos sentidos est\u00e1n profundamente interconectados; la mayor\u00eda de lo que percibimos como sabor en realidad proviene de los olores. Por tanto, no es sorprendente que quienes sufren tengan esta enfermedad del olfato a menudo tengan tambi\u00e9n una <strong>disminuci\u00f3n significativa en su capacidad para saborear alimentos y bebidas<\/strong>.<\/p>\n\n\n\n<p>El proceso de degustaci\u00f3n de alimentos no depende exclusivamente de las papilas gustativas ubicadas en la lengua, sino que tambi\u00e9n involucra la intervenci\u00f3n de los receptores olfativos situados en la nariz. Cuando comemos, los aromas viajan a trav\u00e9s de la faringe hasta la parte superior de la nariz, donde los receptores olfativos interpretan los distintos olores. Esta informaci\u00f3n combinada de olores y sabores se traduce en lo que com\u00fanmente denominamos gusto de la comida.&nbsp;<\/p>\n\n\n\n<p>Por lo tanto, <strong>una disfunci\u00f3n en el sentido del olfato puede conducir a una percepci\u00f3n distorsionada; <\/strong>de hecho, puede ser una de las causas de la p\u00e9rdida del gusto. Esta interdependencia explica por qu\u00e9 muchas personas con anosmia hablan no solo de incapacidad para oler, sino tambi\u00e9n de dificultades significativas para distinguir sabores m\u00e1s all\u00e1 de las sensaciones b\u00e1sicas (dulce, \u00e1cido, amargo y salado) captadas directamente por la lengua.<\/p>\n\n\n\n<h2 class=\"wp-block-heading\">Tipos de anosmia<\/h2>\n\n\n\n<p>Existen varios tipos, entre ellos:<\/p>\n\n\n\n<ul class=\"wp-block-list\">\n<li><strong>Anosmia cong\u00e9nita<\/strong>. Es la anosmia de nacimiento, que puede deberse a una malformaci\u00f3n gen\u00e9tica que afecta el desarrollo de los receptores olfativos o de las estructuras cerebrales encargadas de procesar los olores. A menudo, las personas con esta patolog\u00eda desconocen por completo la dimensi\u00f3n de lo que se est\u00e1n perdiendo, ya que nunca han experimentado el sentido del olfato.<\/li>\n\n\n\n<li><strong>Adquirida<\/strong>. Ocurre en personas que originalmente ten\u00edan un sentido del olfato funcional, pero lo perdieron debido a diversas causas. Dentro de este grupo, existen varias subcategor\u00edas:<ul><li><strong>Infecciosa<\/strong>. Causada por virus o bacterias que inflaman los tejidos nasales, como en el caso de resfriados o sinusitis. Tambi\u00e9n se puede dar p\u00e9rdida del olfato por COVID-19. Estos agentes pueden da\u00f1ar temporal o permanentemente las c\u00e9lulas receptoras del olfato.<\/li><\/ul><ul><li><strong>Traum\u00e1tica<\/strong>. Resultado de golpes o lesiones en la cabeza que afectan la zona del cerebro responsable del olfato o los nervios que conectan el cerebro con la nariz.<\/li><\/ul><ul><li><strong>Por obstrucci\u00f3n<\/strong>. Ocurre cuando hay una obstrucci\u00f3n f\u00edsica en las v\u00edas nasales, como p\u00f3lipos nasales, deformidades del tabique o congesti\u00f3n severa, que impide que las mol\u00e9culas olorosas alcancen los receptores olfativos.<\/li><\/ul><ul><li><strong>T\u00f3xica<\/strong>. La exposici\u00f3n a ciertas sustancias qu\u00edmicas o toxinas ambientales puede da\u00f1ar el sistema olfativo.&nbsp;<\/li><\/ul>\n<ul class=\"wp-block-list\">\n<li><strong>Neurodegenerativa<\/strong>. Enfermedades como el <a href=\"https:\/\/www.saludonnet.com\/blog\/sintomas-de-la-enfermedad-de-alzheimer\/\">Alzheimer<\/a>, el <a href=\"https:\/\/www.saludonnet.com\/blog\/sintomas-y-tratamiento-de-la-enfermedad-de-parkinson\/\">Parkinson<\/a> o la <a href=\"https:\/\/www.saludonnet.com\/blog\/que-saber-de-la-esclerosis-multiple-la-enfermedad-de-las-mil-caras\/\">esclerosis m\u00faltiple<\/a> pueden afectar las \u00e1reas del cerebro encargadas de procesar informaci\u00f3n olfativa, conduciendo a la p\u00e9rdida del olfato.<\/li>\n<\/ul>\n<\/li>\n\n\n\n<li><strong>Hiposmia<\/strong>. Es una forma m\u00e1s leve de disfunci\u00f3n olfativa, se caracteriza por una <strong>reducci\u00f3n en la capacidad de oler<\/strong>. Las personas con hiposmia pueden detectar olores, pero solo cuando son fuertes o est\u00e1n mucho m\u00e1s cerca de lo normal. Aunque puede ser menos dr\u00e1stica que la completa, afecta significativamente la calidad de vida, alterando la percepci\u00f3n de sabores y la capacidad de detectar olores que indican peligro.<\/li>\n\n\n\n<li><strong>Anosmia funcional<\/strong>. Este tipo se refiere a una situaci\u00f3n en la cual no se encuentra ninguna causa estructural o neurodegenerativa para la p\u00e9rdida del olfato. A veces, puede ser el resultado de una condici\u00f3n psicol\u00f3gica o emocional, donde el cerebro \u00abbloquea\u00bb la capacidad de oler a pesar de que el sistema olfativo funcione correctamente.<\/li>\n<\/ul>\n\n\n\n<h2 class=\"wp-block-heading\">Causas de la anosmia<\/h2>\n\n\n\n<p>La p\u00e9rdida del olfato puede estar provocada por una variedad de condiciones y circunstancias. Esta complejidad se debe a que el sentido del olfato involucra diversas estructuras y procesos, desde la captaci\u00f3n de olores hasta su interpretaci\u00f3n en el cerebro. Las causas de la p\u00e9rdida de olfato se pueden agrupar en varias categor\u00edas principales, que incluyen razones cong\u00e9nitas, infecciosas, traum\u00e1ticas, obstructivas, t\u00f3xicas, neurodegenerativas y otras menos comunes, pero igualmente importantes.<\/p>\n\n\n\n<ul class=\"wp-block-list\">\n<li><strong>Infecciones respiratorias<\/strong>. Las infecciones respiratorias superiores, como el <a href=\"https:\/\/www.saludonnet.com\/blog\/diferencias-entre-gripe-y-resfriado\/\">resfriado com\u00fan, la gripe<\/a> y la sinusitis, son causas habituales de anosmia temporal. De hecho, es frecuente escuchar que alguien tiene falta de olfato y gusto por un resfriado. Esto se debe principalmente a la inflamaci\u00f3n y la congesti\u00f3n nasal que impiden que las mol\u00e9culas de olor alcancen los receptores olfativos en la nariz. La <a href=\"https:\/\/www.saludonnet.com\/blog\/como-se-si-he-generado-anticuerpos-del-covid-19\/\">COVID-19<\/a>, provocada por el virus SARS-CoV-2, ha sido una causa destacada, a veces como uno de los primeros o \u00fanicos s\u00edntomas.<\/li>\n\n\n\n<li><strong>Traumatismos craneales<\/strong>. Los impactos o lesiones en la cabeza pueden da\u00f1ar las \u00e1reas del cerebro responsables del olfato o cortar los nervios olfativos que env\u00edan se\u00f1ales desde la nariz al cerebro. Incluso golpes leves en la regi\u00f3n adecuada pueden resultar en una p\u00e9rdida temporal o permanente del olfato.<\/li>\n\n\n\n<li><strong>Obstrucciones nasales<\/strong>. El bloqueo f\u00edsico de las v\u00edas nasales, debido a p\u00f3lipos nasales, tumores, deformidades del tabique nasal o severas congestiones nasales, puede prevenir que el aire rico en mol\u00e9culas olorosas llegue a los receptores olfativos. La soluci\u00f3n a estos casos puede ser m\u00e9dica o quir\u00fargica, dependiendo de la causa subyacente.<\/li>\n\n\n\n<li><strong>Exposici\u00f3n a toxinas y sustancias qu\u00edmicas<\/strong>. La exposici\u00f3n prolongada a ciertas sustancias qu\u00edmicas, como solventes, gases t\u00f3xicos y ciertos metales pesados, puede deteriorar el sistema olfativo. Los trabajadores en industrias con exposici\u00f3n regular a dichas sustancias est\u00e1n en riesgo aumentado.<\/li>\n\n\n\n<li><strong>Enfermedades neurodegenerativas<\/strong>. Patolog\u00edas como la enfermedad de Alzheimer, la enfermedad de Parkinson y la esclerosis m\u00faltiple pueden afectar las \u00e1reas del cerebro que procesan la informaci\u00f3n olfativa, llevando a una disminuci\u00f3n del sentido del olfato. Este deterioro suele ser gradual y progresivo.<\/li>\n\n\n\n<li><strong>Factores cong\u00e9nitos<\/strong>. Algunas personas nacen sin olfato debido a factores gen\u00e9ticos que impiden el desarrollo adecuado de los \u00f3rganos olfativos o de las v\u00edas neuronales relacionadas con el olfato.<\/li>\n\n\n\n<li><strong>Medicamentos y tratamientos m\u00e9dicos<\/strong>. Varios medicamentos, incluyendo ciertos tipos de antibi\u00f3ticos o antihipertensivos, pueden tener como efecto secundario la p\u00e9rdida del olfato. La radioterapia aplicada en la regi\u00f3n de la cabeza y el cuello tambi\u00e9n puede afectar temporal o permanentemente el olfato.<\/li>\n\n\n\n<li><strong>Factores hormonales y envejecimiento<\/strong>. Cambios hormonales, particularmente durante el embarazo o la menopausia, pueden afectar temporalmente el olfato. Adem\u00e1s, el envejecimiento lleva a una reducci\u00f3n natural y gradual de las capacidades sensoriales, incluido el olfato.<\/li>\n\n\n\n<li><strong>Condiciones psicol\u00f3gicas<\/strong>. En casos raros, trastornos psicol\u00f3gicos o neurol\u00f3gicos pueden manifestarse con una p\u00e9rdida del sentido del olfato. Esto puede deberse a un problema con la percepci\u00f3n y no necesariamente con la detecci\u00f3n de los olores.<\/li>\n<\/ul>\n\n\n\n<figure class=\"wp-block-image size-full is-resized\"><img loading=\"lazy\" decoding=\"async\" width=\"800\" height=\"400\" src=\"https:\/\/www.saludonnet.com\/blog\/wp-content\/uploads\/2024\/02\/oler-aromas.jpg\" alt=\"mujer con anosmia en una prueba de olores\" class=\"wp-image-16760\" style=\"width:840px;height:auto\" srcset=\"https:\/\/soncdn.azureedge.net\/blog\/wp-content\/uploads\/2024\/02\/oler-aromas.jpg 800w, https:\/\/soncdn.azureedge.net\/blog\/wp-content\/uploads\/2024\/02\/oler-aromas-300x150.jpg 300w, https:\/\/soncdn.azureedge.net\/blog\/wp-content\/uploads\/2024\/02\/oler-aromas-768x384.jpg 768w\" sizes=\"auto, (max-width: 800px) 100vw, 800px\" \/><\/figure>\n\n\n\n<h2 class=\"wp-block-heading\">Diagn\u00f3stico de anosmia<\/h2>\n\n\n\n<p>El diagn\u00f3stico implica una serie de pasos y pruebas dise\u00f1adas para identificar la causa subyacente de la p\u00e9rdida del sentido del olfato. Este proceso comienza generalmente con una historia cl\u00ednica detallada y un examen f\u00edsico, pero puede incluir tambi\u00e9n una variedad de evaluaciones espec\u00edficas.&nbsp;<\/p>\n\n\n\n<ul class=\"wp-block-list\">\n<li><strong>Historia cl\u00ednica<\/strong>. El especialista, generalmente el <a href=\"https:\/\/www.saludonnet.com\/servicios-medicos\/otorrinolaringologia\">otorrinolaring\u00f3logo<\/a>, pregunta sobre la duraci\u00f3n de la p\u00e9rdida del olfato, si fue gradual o repentina, y si se asocia con otros s\u00edntomas como congesti\u00f3n nasal, dolor de cabeza o cambios en el peso. Tambi\u00e9n es importante recoger informaci\u00f3n sobre posibles factores de riesgo, como lesiones recientes en la cabeza, exposici\u00f3n a sustancias t\u00f3xicas, cirug\u00edas nasales previas, y enfermedades cr\u00f3nicas.<\/li>\n\n\n\n<li><strong>Examen f\u00edsico<\/strong>. El m\u00e9dico inspecciona la cavidad nasal con un otoscopio para detectar anomal\u00edas estructurales, bloqueos, inflamaci\u00f3n, secreciones anormales o presencia de p\u00f3lipos nasales.<\/li>\n\n\n\n<li><strong>Pruebas de olfato<\/strong>. Pueden incluir la utilizaci\u00f3n de olores reconocibles para evaluar la capacidad del paciente para detectar y distinguir entre diferentes aromas. Una prueba com\u00fan es el uso de tiras impregnadas con olores espec\u00edficos que se presentan una a una al paciente.&nbsp;<\/li>\n\n\n\n<li><strong>Pruebas de imagen<\/strong>. Se pueden recomendar para examinar las estructuras internas. La <a href=\"https:\/\/www.saludonnet.com\/centros-medicos\/radiodiagnostico\/2413-resonancia-magnetica-una-reg\">resonancia magn\u00e9tica (RM)<\/a> y la tomograf\u00eda computarizada (TC) son particularmente \u00fatiles para detectar anomal\u00edas estructurales, obstrucciones o lesiones cerebrales que podr\u00edan estar contribuyendo a la falta del olfato.<\/li>\n\n\n\n<li><strong>An\u00e1lisis de sangre<\/strong>. Pueden ayudar a identificar trastornos subyacentes que afectan el olfato, incluyendo deficiencias nutricionales, infecciones sist\u00e9micas, y trastornos endocrinos como la <a href=\"https:\/\/www.saludonnet.com\/blog\/diabetes-sintomas-factores-de-riesgo-y-control-de-la-enfermedad\/\">diabetes<\/a>.<\/li>\n\n\n\n<li><strong>Pruebas al\u00e9rgicas<\/strong>. Si se sospecha que la anosmia est\u00e1 relacionada con alergias, pruebas cut\u00e1neas o ex\u00e1menes de sangre espec\u00edficos pueden identificar a qu\u00e9 al\u00e9rgenos reacciona el paciente. Esto puede ser particularmente relevante si la p\u00e9rdida del olfato se acompa\u00f1a de s\u00edntomas de <a href=\"https:\/\/www.saludonnet.com\/blog\/que-es-la-rinitis-alergica-y-como-se-trata\/\">rinitis al\u00e9rgica<\/a>.<\/li>\n\n\n\n<li><strong>Biopsia nasal<\/strong>. En casos raros y cuando se sospecha de condiciones m\u00e1s serias como tumores nasales, puede ser necesaria una biopsia para tomar muestras de tejido de la nariz para examinarlas bajo microscopio.<\/li>\n<\/ul>\n\n\n\n<h2 class=\"wp-block-heading\">Tratamiento de la anosmia<\/h2>\n\n\n\n<p>\u00bfEl olfato se puede recuperar? S\u00ed, en muchos casos, especialmente si la anosmia es temporal. La rehabilitaci\u00f3n olfativa, que implica entrenar nuevamente el sentido del olfato usando olores espec\u00edficos de manera regular, ha mostrado ser efectiva en algunos pacientes.<\/p>\n\n\n\n<p>As\u00ed el tratamiento de la anosmia <strong>generalmente implica abordar la causa subyacente<\/strong>. Por ejemplo, si est\u00e1 causada por la inflamaci\u00f3n sinusal, los m\u00e9dicos pueden recetar corticosteroides para reducir la inflamaci\u00f3n. Si se debe a enfermedades cr\u00f3nicas como la rinitis al\u00e9rgica, la terapia implica controlar las enfermedades. Si la causa es un crecimiento o tumor , la cirug\u00eda puede ser una opci\u00f3n de tratamiento posible. En algunos casos, como cuando hay infecciones virales, puede no requerir tratamiento ya que la <strong>recuperaci\u00f3n del olfato y gusto<\/strong> sucede de manera espont\u00e1nea.&nbsp;<\/p>\n\n\n\n<p>Para las formas de anosmia sin tratamiento m\u00e9dico conocido, como la cong\u00e9nita o la traum\u00e1tica permanente, se han explorado <strong>opciones de rehabilitaci\u00f3n olfativa y terapias naturales como la aromaterapia<\/strong>.<\/p>\n\n\n\n<h3 class=\"wp-block-heading\">Avances en el tratamiento&nbsp;<\/h3>\n\n\n\n<p>Se ha demostrado que la <strong>terapia de entrenamiento olfatorio<\/strong> puede ser efectiva en algunos casos, especialmente en las personas que han perdido el olfato debido a infecciones respiratorias superiores o despu\u00e9s de la infecci\u00f3n por COVID-19.<\/p>\n\n\n\n<p>Este entrenamiento implica la exposici\u00f3n regular y repetida a varios olores est\u00e1ndar, que pueden incluir rosa, eucalipto, lim\u00f3n y clavo. Este enfoque se basa en la idea de que la exposici\u00f3n repetida puede estimular y fortalecer el sistema olfatorio, de manera similar a c\u00f3mo el ejercicio puede fortalecer los m\u00fasculos.<\/p>\n\n\n\n<p>Adem\u00e1s, los avances tecnol\u00f3gicos est\u00e1n ampliando las opciones de tratamiento potencial. La <strong>terapia g\u00e9nica<\/strong> fue objeto de un estudio de prueba en ratones, donde se demostr\u00f3 que era posible restaurar la capacidad para detectar ciertos olores. Este estudio se public\u00f3 en la revista <a href=\"https:\/\/www.nature.com\/nm\/\">Nature Medicine<\/a>.<\/p>\n\n\n\n<h2 class=\"wp-block-heading\">Consecuencias de la anosmia<\/h2>\n\n\n\n<p>La anosmia puede tener consecuencias significativas en la calidad de vida de la persona, afectando sus actividades diarias, su salud y su bienestar en general.&nbsp;<\/p>\n\n\n\n<p>Una de las consecuencias m\u00e1s evidentes es la <strong>disminuci\u00f3n de la capacidad para saborear alimentos y bebidas<\/strong>. El olfato y el gusto est\u00e1n \u00edntimamente vinculados, lo que puede llevar a la p\u00e9rdida de inter\u00e9s en la comida, insuficiencia en la ingesta nutricional y, en algunos casos, p\u00e9rdida de peso significativa.&nbsp;<\/p>\n\n\n\n<p>M\u00e1s que una simple p\u00e9rdida de la capacidad para identificar olores tambi\u00e9n <strong>puede aumentar el riesgo de accidentes dom\u00e9sticos y de seguridad<\/strong>. Las personas con anosmia no pueden detectar olores de alimentos en mal estado, fugas de gas o humo de fuego, todos los cuales pueden representar riesgos significativos para su propia seguridad.<\/p>\n\n\n\n<p>En t\u00e9rminos de la salud mental, tambi\u00e9n <strong>ha sido vinculada a una serie de trastornos<\/strong>. Seg\u00fan una investigaci\u00f3n publicada en la revista <a href=\"https:\/\/academic.oup.com\/chemse\">Chemical Senses<\/a>, los pacientes con anosmia <strong>experimentan tasas m\u00e1s altas de ansiedad y depresi\u00f3n<\/strong> en comparaci\u00f3n con la poblaci\u00f3n general. Esto se cree que se debe, al menos en parte, a la sensaci\u00f3n de aislamiento que puede provocar la p\u00e9rdida del sentido del olfato.<\/p>\n\n\n\n<p>La comprensi\u00f3n y el tratamiento siguen evolucionando. Afortunadamente, la creciente investigaci\u00f3n en el \u00e1mbito de la olfatolog\u00eda promete nuevas esperanzas y soluciones para aquellos afectados por esta condici\u00f3n a menudo desafiante pero cada vez m\u00e1s reconocida. Si tienes problemas de anosmia te recomendamos que acudas al otorrino. En <strong><strong><strong><strong><strong><strong><strong><strong><strong><strong><strong><strong><strong><strong><strong><strong style=\"color:#009ee0\">SaludOnNet<\/strong><\/strong><\/strong><\/strong><\/strong><\/strong><\/strong><\/strong><\/strong><\/strong><\/strong><\/strong><\/strong><\/strong><\/strong><\/strong> contamos con especialistas dispuestos a ayudarte en lo que necesites, y a precios muy asequibles.<\/p>\n","protected":false},"excerpt":{"rendered":"<p>La anosmia es la p\u00e9rdida del olfato, que puede ser parcial o total, temporal o permanente. Puede haber diversos tipos por diferentes causas. <\/p>\n","protected":false},"author":20,"featured_media":16761,"comment_status":"open","ping_status":"open","sticky":false,"template":"","format":"standard","meta":{"footnotes":""},"categories":[69],"tags":[249],"class_list":["post-16778","post","type-post","status-publish","format-standard","has-post-thumbnail","hentry","category-otorrinolaringologia","tag-3313-consulta"],"yoast_head":"<!-- This site is optimized with the Yoast SEO plugin v27.5 - https:\/\/yoast.com\/product\/yoast-seo-wordpress\/ -->\n<title>Anosmia: p\u00e9rdida de olfato<\/title>\n<meta name=\"description\" content=\"La anosmia es la p\u00e9rdida del olfato, que puede ser parcial o total, temporal o permanente. Puede haber diversos tipos por diferentes causas.\" \/>\n<meta name=\"robots\" content=\"index, follow, max-snippet:-1, max-image-preview:large, max-video-preview:-1\" \/>\n<link rel=\"canonical\" href=\"https:\/\/www.saludonnet.com\/blog\/anosmia-perdida-de-olfato\/\" \/>\n<meta property=\"og:locale\" content=\"es_ES\" \/>\n<meta property=\"og:type\" content=\"article\" \/>\n<meta property=\"og:title\" content=\"Anosmia: p\u00e9rdida de olfato\" \/>\n<meta property=\"og:description\" content=\"La anosmia es la p\u00e9rdida del olfato, que puede ser parcial o total, temporal o permanente. Puede haber diversos tipos por diferentes causas.\" \/>\n<meta property=\"og:url\" content=\"https:\/\/www.saludonnet.com\/blog\/anosmia-perdida-de-olfato\/\" \/>\n<meta property=\"og:site_name\" content=\"Blog SaludOnNet\" \/>\n<meta property=\"article:publisher\" content=\"https:\/\/www.facebook.com\/pages\/SaludOnNet\/214957498526536\" \/>\n<meta property=\"article:published_time\" content=\"2024-02-26T11:30:31+00:00\" \/>\n<meta property=\"og:image\" content=\"https:\/\/www.saludonnet.com\/blog\/wp-content\/uploads\/2024\/02\/anosmia.jpg\" \/>\n\t<meta property=\"og:image:width\" content=\"800\" \/>\n\t<meta property=\"og:image:height\" content=\"400\" \/>\n\t<meta property=\"og:image:type\" content=\"image\/jpeg\" \/>\n<meta name=\"author\" content=\"Equipo M\u00e9dico de SaludOnNet\" \/>\n<meta name=\"twitter:card\" content=\"summary_large_image\" \/>\n<meta name=\"twitter:title\" content=\"Anosmia: p\u00e9rdida de olfato\" \/>\n<meta name=\"twitter:description\" content=\"La anosmia es la p\u00e9rdida del olfato, que puede ser parcial o total, temporal o permanente. Puede haber diversos tipos por diferentes causas.\" \/>\n<meta name=\"twitter:image\" content=\"https:\/\/soncdn.azureedge.net\/blog\/wp-content\/uploads\/2024\/02\/anosmia.jpg\" \/>\n<meta name=\"twitter:creator\" content=\"@saludonnet\" \/>\n<meta name=\"twitter:site\" content=\"@saludonnet\" \/>\n<meta name=\"twitter:label1\" content=\"Escrito por\" \/>\n\t<meta name=\"twitter:data1\" content=\"Equipo M\u00e9dico de SaludOnNet\" \/>\n\t<meta name=\"twitter:label2\" content=\"Tiempo de lectura\" \/>\n\t<meta name=\"twitter:data2\" content=\"10 minutos\" \/>\n<script type=\"application\/ld+json\" class=\"yoast-schema-graph\">{\"@context\":\"https:\\\/\\\/schema.org\",\"@graph\":[{\"@type\":\"Article\",\"@id\":\"https:\\\/\\\/www.saludonnet.com\\\/blog\\\/anosmia-perdida-de-olfato\\\/#article\",\"isPartOf\":{\"@id\":\"https:\\\/\\\/www.saludonnet.com\\\/blog\\\/anosmia-perdida-de-olfato\\\/\"},\"author\":{\"name\":\"Equipo M\u00e9dico de SaludOnNet\",\"@id\":\"https:\\\/\\\/www.saludonnet.com\\\/blog\\\/#\\\/schema\\\/person\\\/50995e01cc9d6c9f29ae18d979eeff1b\"},\"headline\":\"Anosmia: p\u00e9rdida de olfato\",\"datePublished\":\"2024-02-26T11:30:31+00:00\",\"mainEntityOfPage\":{\"@id\":\"https:\\\/\\\/www.saludonnet.com\\\/blog\\\/anosmia-perdida-de-olfato\\\/\"},\"wordCount\":2217,\"commentCount\":0,\"publisher\":{\"@id\":\"https:\\\/\\\/www.saludonnet.com\\\/blog\\\/#organization\"},\"image\":{\"@id\":\"https:\\\/\\\/www.saludonnet.com\\\/blog\\\/anosmia-perdida-de-olfato\\\/#primaryimage\"},\"thumbnailUrl\":\"https:\\\/\\\/soncdn.azureedge.net\\\/blog\\\/wp-content\\\/uploads\\\/2024\\\/02\\\/anosmia.jpg\",\"keywords\":[\"Consulta de Otorrinolaringolog\u00eda\"],\"articleSection\":[\"Otorrinolaringolog\u00eda\"],\"inLanguage\":\"es\",\"potentialAction\":[{\"@type\":\"CommentAction\",\"name\":\"Comment\",\"target\":[\"https:\\\/\\\/www.saludonnet.com\\\/blog\\\/anosmia-perdida-de-olfato\\\/#respond\"]}]},{\"@type\":\"WebPage\",\"@id\":\"https:\\\/\\\/www.saludonnet.com\\\/blog\\\/anosmia-perdida-de-olfato\\\/\",\"url\":\"https:\\\/\\\/www.saludonnet.com\\\/blog\\\/anosmia-perdida-de-olfato\\\/\",\"name\":\"Anosmia: p\u00e9rdida de olfato\",\"isPartOf\":{\"@id\":\"https:\\\/\\\/www.saludonnet.com\\\/blog\\\/#website\"},\"primaryImageOfPage\":{\"@id\":\"https:\\\/\\\/www.saludonnet.com\\\/blog\\\/anosmia-perdida-de-olfato\\\/#primaryimage\"},\"image\":{\"@id\":\"https:\\\/\\\/www.saludonnet.com\\\/blog\\\/anosmia-perdida-de-olfato\\\/#primaryimage\"},\"thumbnailUrl\":\"https:\\\/\\\/soncdn.azureedge.net\\\/blog\\\/wp-content\\\/uploads\\\/2024\\\/02\\\/anosmia.jpg\",\"datePublished\":\"2024-02-26T11:30:31+00:00\",\"description\":\"La anosmia es la p\u00e9rdida del olfato, que puede ser parcial o total, temporal o permanente. Puede haber diversos tipos por diferentes causas.\",\"breadcrumb\":{\"@id\":\"https:\\\/\\\/www.saludonnet.com\\\/blog\\\/anosmia-perdida-de-olfato\\\/#breadcrumb\"},\"inLanguage\":\"es\",\"potentialAction\":[{\"@type\":\"ReadAction\",\"target\":[\"https:\\\/\\\/www.saludonnet.com\\\/blog\\\/anosmia-perdida-de-olfato\\\/\"]}]},{\"@type\":\"ImageObject\",\"inLanguage\":\"es\",\"@id\":\"https:\\\/\\\/www.saludonnet.com\\\/blog\\\/anosmia-perdida-de-olfato\\\/#primaryimage\",\"url\":\"https:\\\/\\\/soncdn.azureedge.net\\\/blog\\\/wp-content\\\/uploads\\\/2024\\\/02\\\/anosmia.jpg\",\"contentUrl\":\"https:\\\/\\\/soncdn.azureedge.net\\\/blog\\\/wp-content\\\/uploads\\\/2024\\\/02\\\/anosmia.jpg\",\"width\":800,\"height\":400,\"caption\":\"mujer oliendo unas flores\"},{\"@type\":\"BreadcrumbList\",\"@id\":\"https:\\\/\\\/www.saludonnet.com\\\/blog\\\/anosmia-perdida-de-olfato\\\/#breadcrumb\",\"itemListElement\":[{\"@type\":\"ListItem\",\"position\":1,\"name\":\"Portada\",\"item\":\"https:\\\/\\\/www.saludonnet.com\\\/blog\\\/\"},{\"@type\":\"ListItem\",\"position\":2,\"name\":\"Otorrinolaringolog\u00eda\",\"item\":\"https:\\\/\\\/www.saludonnet.com\\\/blog\\\/topic\\\/otorrinolaringologia\\\/\"},{\"@type\":\"ListItem\",\"position\":3,\"name\":\"Anosmia: p\u00e9rdida de olfato\"}]},{\"@type\":\"WebSite\",\"@id\":\"https:\\\/\\\/www.saludonnet.com\\\/blog\\\/#website\",\"url\":\"https:\\\/\\\/www.saludonnet.com\\\/blog\\\/\",\"name\":\"Blog SaludOnNet\",\"description\":\"Un espacio donde encontrar\u00e1s consejos y art\u00edculos para cuidar de tu salud\",\"publisher\":{\"@id\":\"https:\\\/\\\/www.saludonnet.com\\\/blog\\\/#organization\"},\"potentialAction\":[{\"@type\":\"SearchAction\",\"target\":{\"@type\":\"EntryPoint\",\"urlTemplate\":\"https:\\\/\\\/www.saludonnet.com\\\/blog\\\/?s={search_term_string}\"},\"query-input\":{\"@type\":\"PropertyValueSpecification\",\"valueRequired\":true,\"valueName\":\"search_term_string\"}}],\"inLanguage\":\"es\"},{\"@type\":\"Organization\",\"@id\":\"https:\\\/\\\/www.saludonnet.com\\\/blog\\\/#organization\",\"name\":\"SaludOnNet\",\"url\":\"https:\\\/\\\/www.saludonnet.com\\\/blog\\\/\",\"logo\":{\"@type\":\"ImageObject\",\"inLanguage\":\"es\",\"@id\":\"https:\\\/\\\/www.saludonnet.com\\\/blog\\\/#\\\/schema\\\/logo\\\/image\\\/\",\"url\":\"https:\\\/\\\/www.saludonnet.com\\\/blog\\\/wp-content\\\/uploads\\\/2019\\\/07\\\/Logo-SaludOnNet.png\",\"contentUrl\":\"https:\\\/\\\/www.saludonnet.com\\\/blog\\\/wp-content\\\/uploads\\\/2019\\\/07\\\/Logo-SaludOnNet.png\",\"width\":1140,\"height\":377,\"caption\":\"SaludOnNet\"},\"image\":{\"@id\":\"https:\\\/\\\/www.saludonnet.com\\\/blog\\\/#\\\/schema\\\/logo\\\/image\\\/\"},\"sameAs\":[\"https:\\\/\\\/www.facebook.com\\\/pages\\\/SaludOnNet\\\/214957498526536\",\"https:\\\/\\\/x.com\\\/saludonnet\",\"https:\\\/\\\/www.instagram.com\\\/saludonnet\\\/\",\"https:\\\/\\\/www.linkedin.com\\\/company\\\/saludonnet\\\/\",\"https:\\\/\\\/www.youtube.com\\\/channel\\\/UCag68GsnagqzNb6C3G-S9vQ\"]},{\"@type\":\"Person\",\"@id\":\"https:\\\/\\\/www.saludonnet.com\\\/blog\\\/#\\\/schema\\\/person\\\/50995e01cc9d6c9f29ae18d979eeff1b\",\"name\":\"Equipo M\u00e9dico de SaludOnNet\",\"image\":{\"@type\":\"ImageObject\",\"inLanguage\":\"es\",\"@id\":\"https:\\\/\\\/secure.gravatar.com\\\/avatar\\\/0ac89931d2ef75704f29e63e12335967620a1f7ac37c69f6f97ad72b9ac6496d?s=96&d=mm&r=g\",\"url\":\"https:\\\/\\\/secure.gravatar.com\\\/avatar\\\/0ac89931d2ef75704f29e63e12335967620a1f7ac37c69f6f97ad72b9ac6496d?s=96&d=mm&r=g\",\"contentUrl\":\"https:\\\/\\\/secure.gravatar.com\\\/avatar\\\/0ac89931d2ef75704f29e63e12335967620a1f7ac37c69f6f97ad72b9ac6496d?s=96&d=mm&r=g\",\"caption\":\"Equipo M\u00e9dico de SaludOnNet\"},\"description\":\"Art\u00edculo elaborado por el equipo m\u00e9dico de SaludOnNet, compuesto por especialistas destacados en su \u00e1rea.\",\"url\":\"https:\\\/\\\/www.saludonnet.com\\\/blog\\\/author\\\/saludonnet\\\/\"}]}<\/script>\n<!-- \/ Yoast SEO plugin. -->","yoast_head_json":{"title":"Anosmia: p\u00e9rdida de olfato","description":"La anosmia es la p\u00e9rdida del olfato, que puede ser parcial o total, temporal o permanente. Puede haber diversos tipos por diferentes causas.","robots":{"index":"index","follow":"follow","max-snippet":"max-snippet:-1","max-image-preview":"max-image-preview:large","max-video-preview":"max-video-preview:-1"},"canonical":"https:\/\/www.saludonnet.com\/blog\/anosmia-perdida-de-olfato\/","og_locale":"es_ES","og_type":"article","og_title":"Anosmia: p\u00e9rdida de olfato","og_description":"La anosmia es la p\u00e9rdida del olfato, que puede ser parcial o total, temporal o permanente. Puede haber diversos tipos por diferentes causas.","og_url":"https:\/\/www.saludonnet.com\/blog\/anosmia-perdida-de-olfato\/","og_site_name":"Blog SaludOnNet","article_publisher":"https:\/\/www.facebook.com\/pages\/SaludOnNet\/214957498526536","article_published_time":"2024-02-26T11:30:31+00:00","og_image":[{"width":800,"height":400,"url":"https:\/\/www.saludonnet.com\/blog\/wp-content\/uploads\/2024\/02\/anosmia.jpg","type":"image\/jpeg"}],"author":"Equipo M\u00e9dico de SaludOnNet","twitter_card":"summary_large_image","twitter_title":"Anosmia: p\u00e9rdida de olfato","twitter_description":"La anosmia es la p\u00e9rdida del olfato, que puede ser parcial o total, temporal o permanente. Puede haber diversos tipos por diferentes causas.","twitter_image":"https:\/\/soncdn.azureedge.net\/blog\/wp-content\/uploads\/2024\/02\/anosmia.jpg","twitter_creator":"@saludonnet","twitter_site":"@saludonnet","twitter_misc":{"Escrito por":"Equipo M\u00e9dico de SaludOnNet","Tiempo de lectura":"10 minutos"},"schema":{"@context":"https:\/\/schema.org","@graph":[{"@type":"Article","@id":"https:\/\/www.saludonnet.com\/blog\/anosmia-perdida-de-olfato\/#article","isPartOf":{"@id":"https:\/\/www.saludonnet.com\/blog\/anosmia-perdida-de-olfato\/"},"author":{"name":"Equipo M\u00e9dico de SaludOnNet","@id":"https:\/\/www.saludonnet.com\/blog\/#\/schema\/person\/50995e01cc9d6c9f29ae18d979eeff1b"},"headline":"Anosmia: p\u00e9rdida de olfato","datePublished":"2024-02-26T11:30:31+00:00","mainEntityOfPage":{"@id":"https:\/\/www.saludonnet.com\/blog\/anosmia-perdida-de-olfato\/"},"wordCount":2217,"commentCount":0,"publisher":{"@id":"https:\/\/www.saludonnet.com\/blog\/#organization"},"image":{"@id":"https:\/\/www.saludonnet.com\/blog\/anosmia-perdida-de-olfato\/#primaryimage"},"thumbnailUrl":"https:\/\/soncdn.azureedge.net\/blog\/wp-content\/uploads\/2024\/02\/anosmia.jpg","keywords":["Consulta de Otorrinolaringolog\u00eda"],"articleSection":["Otorrinolaringolog\u00eda"],"inLanguage":"es","potentialAction":[{"@type":"CommentAction","name":"Comment","target":["https:\/\/www.saludonnet.com\/blog\/anosmia-perdida-de-olfato\/#respond"]}]},{"@type":"WebPage","@id":"https:\/\/www.saludonnet.com\/blog\/anosmia-perdida-de-olfato\/","url":"https:\/\/www.saludonnet.com\/blog\/anosmia-perdida-de-olfato\/","name":"Anosmia: p\u00e9rdida de olfato","isPartOf":{"@id":"https:\/\/www.saludonnet.com\/blog\/#website"},"primaryImageOfPage":{"@id":"https:\/\/www.saludonnet.com\/blog\/anosmia-perdida-de-olfato\/#primaryimage"},"image":{"@id":"https:\/\/www.saludonnet.com\/blog\/anosmia-perdida-de-olfato\/#primaryimage"},"thumbnailUrl":"https:\/\/soncdn.azureedge.net\/blog\/wp-content\/uploads\/2024\/02\/anosmia.jpg","datePublished":"2024-02-26T11:30:31+00:00","description":"La anosmia es la p\u00e9rdida del olfato, que puede ser parcial o total, temporal o permanente. Puede haber diversos tipos por diferentes causas.","breadcrumb":{"@id":"https:\/\/www.saludonnet.com\/blog\/anosmia-perdida-de-olfato\/#breadcrumb"},"inLanguage":"es","potentialAction":[{"@type":"ReadAction","target":["https:\/\/www.saludonnet.com\/blog\/anosmia-perdida-de-olfato\/"]}]},{"@type":"ImageObject","inLanguage":"es","@id":"https:\/\/www.saludonnet.com\/blog\/anosmia-perdida-de-olfato\/#primaryimage","url":"https:\/\/soncdn.azureedge.net\/blog\/wp-content\/uploads\/2024\/02\/anosmia.jpg","contentUrl":"https:\/\/soncdn.azureedge.net\/blog\/wp-content\/uploads\/2024\/02\/anosmia.jpg","width":800,"height":400,"caption":"mujer oliendo unas flores"},{"@type":"BreadcrumbList","@id":"https:\/\/www.saludonnet.com\/blog\/anosmia-perdida-de-olfato\/#breadcrumb","itemListElement":[{"@type":"ListItem","position":1,"name":"Portada","item":"https:\/\/www.saludonnet.com\/blog\/"},{"@type":"ListItem","position":2,"name":"Otorrinolaringolog\u00eda","item":"https:\/\/www.saludonnet.com\/blog\/topic\/otorrinolaringologia\/"},{"@type":"ListItem","position":3,"name":"Anosmia: p\u00e9rdida de olfato"}]},{"@type":"WebSite","@id":"https:\/\/www.saludonnet.com\/blog\/#website","url":"https:\/\/www.saludonnet.com\/blog\/","name":"Blog SaludOnNet","description":"Un espacio donde encontrar\u00e1s consejos y art\u00edculos para cuidar de tu salud","publisher":{"@id":"https:\/\/www.saludonnet.com\/blog\/#organization"},"potentialAction":[{"@type":"SearchAction","target":{"@type":"EntryPoint","urlTemplate":"https:\/\/www.saludonnet.com\/blog\/?s={search_term_string}"},"query-input":{"@type":"PropertyValueSpecification","valueRequired":true,"valueName":"search_term_string"}}],"inLanguage":"es"},{"@type":"Organization","@id":"https:\/\/www.saludonnet.com\/blog\/#organization","name":"SaludOnNet","url":"https:\/\/www.saludonnet.com\/blog\/","logo":{"@type":"ImageObject","inLanguage":"es","@id":"https:\/\/www.saludonnet.com\/blog\/#\/schema\/logo\/image\/","url":"https:\/\/www.saludonnet.com\/blog\/wp-content\/uploads\/2019\/07\/Logo-SaludOnNet.png","contentUrl":"https:\/\/www.saludonnet.com\/blog\/wp-content\/uploads\/2019\/07\/Logo-SaludOnNet.png","width":1140,"height":377,"caption":"SaludOnNet"},"image":{"@id":"https:\/\/www.saludonnet.com\/blog\/#\/schema\/logo\/image\/"},"sameAs":["https:\/\/www.facebook.com\/pages\/SaludOnNet\/214957498526536","https:\/\/x.com\/saludonnet","https:\/\/www.instagram.com\/saludonnet\/","https:\/\/www.linkedin.com\/company\/saludonnet\/","https:\/\/www.youtube.com\/channel\/UCag68GsnagqzNb6C3G-S9vQ"]},{"@type":"Person","@id":"https:\/\/www.saludonnet.com\/blog\/#\/schema\/person\/50995e01cc9d6c9f29ae18d979eeff1b","name":"Equipo M\u00e9dico de SaludOnNet","image":{"@type":"ImageObject","inLanguage":"es","@id":"https:\/\/secure.gravatar.com\/avatar\/0ac89931d2ef75704f29e63e12335967620a1f7ac37c69f6f97ad72b9ac6496d?s=96&d=mm&r=g","url":"https:\/\/secure.gravatar.com\/avatar\/0ac89931d2ef75704f29e63e12335967620a1f7ac37c69f6f97ad72b9ac6496d?s=96&d=mm&r=g","contentUrl":"https:\/\/secure.gravatar.com\/avatar\/0ac89931d2ef75704f29e63e12335967620a1f7ac37c69f6f97ad72b9ac6496d?s=96&d=mm&r=g","caption":"Equipo M\u00e9dico de SaludOnNet"},"description":"Art\u00edculo elaborado por el equipo m\u00e9dico de SaludOnNet, compuesto por especialistas destacados en su \u00e1rea.","url":"https:\/\/www.saludonnet.com\/blog\/author\/saludonnet\/"}]}},"acf":[],"_links":{"self":[{"href":"https:\/\/www.saludonnet.com\/blog\/wp-json\/wp\/v2\/posts\/16778","targetHints":{"allow":["GET"]}}],"collection":[{"href":"https:\/\/www.saludonnet.com\/blog\/wp-json\/wp\/v2\/posts"}],"about":[{"href":"https:\/\/www.saludonnet.com\/blog\/wp-json\/wp\/v2\/types\/post"}],"author":[{"embeddable":true,"href":"https:\/\/www.saludonnet.com\/blog\/wp-json\/wp\/v2\/users\/20"}],"replies":[{"embeddable":true,"href":"https:\/\/www.saludonnet.com\/blog\/wp-json\/wp\/v2\/comments?post=16778"}],"version-history":[{"count":10,"href":"https:\/\/www.saludonnet.com\/blog\/wp-json\/wp\/v2\/posts\/16778\/revisions"}],"predecessor-version":[{"id":16789,"href":"https:\/\/www.saludonnet.com\/blog\/wp-json\/wp\/v2\/posts\/16778\/revisions\/16789"}],"wp:featuredmedia":[{"embeddable":true,"href":"https:\/\/www.saludonnet.com\/blog\/wp-json\/wp\/v2\/media\/16761"}],"wp:attachment":[{"href":"https:\/\/www.saludonnet.com\/blog\/wp-json\/wp\/v2\/media?parent=16778"}],"wp:term":[{"taxonomy":"category","embeddable":true,"href":"https:\/\/www.saludonnet.com\/blog\/wp-json\/wp\/v2\/categories?post=16778"},{"taxonomy":"post_tag","embeddable":true,"href":"https:\/\/www.saludonnet.com\/blog\/wp-json\/wp\/v2\/tags?post=16778"}],"curies":[{"name":"wp","href":"https:\/\/api.w.org\/{rel}","templated":true}]}}