{"id":16067,"date":"2023-12-18T20:14:40","date_gmt":"2023-12-18T19:14:40","guid":{"rendered":"https:\/\/www.saludonnet.com\/blog\/?p=16067"},"modified":"2023-12-18T20:14:41","modified_gmt":"2023-12-18T19:14:41","slug":"claves-para-entender-a-los-adolescentes-cuanto-dura-esta-etapa","status":"publish","type":"post","link":"https:\/\/www.saludonnet.com\/blog\/claves-para-entender-a-los-adolescentes-cuanto-dura-esta-etapa\/","title":{"rendered":"Claves para entender a los adolescentes \u00bfCu\u00e1nto dura esta etapa?"},"content":{"rendered":"\n<p>La adolescencia es una etapa de cambios f\u00edsicos, emocionales, sociales y cognitivos. Durante este periodo, los adolescentes experimentan <strong>alteraciones en su forma de ser y comportarse<\/strong>, lo que muchas veces puede resultar desconcertante para familiares y amigos. Es un \u00e9poca en la que los padres tienen que estar alerta de los cambios que tienen, para evitar posibles problemas como el <a href=\"https:\/\/www.saludonnet.com\/blog\/bullying-como-se-puede-detectar-y-que-hacer-ante-el-acoso-escolar\/\">bullying<\/a>, la <a href=\"https:\/\/www.saludonnet.com\/blog\/trastorno-de-ansiedad-dos-de-cada-10-personas-lo-padeceran\/\">ansiedad<\/a> o los <a href=\"https:\/\/www.saludonnet.com\/blog\/trastornos-de-alimentacion-tipos-sintomas-y-tratamientos\/\">trastornos de alimentaci\u00f3n<\/a> como la <a href=\"https:\/\/www.saludonnet.com\/blog\/como-se-manifiesta-la-anorexia-en-adolescentes\/\">anorexia<\/a> o la <a href=\"https:\/\/www.saludonnet.com\/blog\/que-es-la-bulimia-a-quien-afecta-y-como-se-trata\/\">bulimia<\/a>, entre otros.<\/p>\n\n\n\n<h2 class=\"wp-block-heading\">Cambios en el car\u00e1cter durante la adolescencia<\/h2>\n\n\n\n<p>Es com\u00fan observar que los adolescentes pasan por <strong>una fase de rebeld\u00eda, riesgo y b\u00fasqueda de identidad propia.<\/strong> Muchos de estos cambios en el car\u00e1cter pueden atribuirse a factores biol\u00f3gicos, psicol\u00f3gicos y sociales.<\/p>\n\n\n\n<h3 class=\"wp-block-heading\">Factores biol\u00f3gicos<\/h3>\n\n\n\n<p>Durante la adolescencia, <strong>el cerebro experimenta una reorganizaci\u00f3n estructural y funcional significativa<\/strong>. De hecho, diversas investigaciones demuestran que el proceso de maduraci\u00f3n cerebral contin\u00faa hasta bien entrada la edad adulta. La corteza prefrontal es la regi\u00f3n responsable del control de los impulsos y la toma de decisiones. Su desarrollo es especialmente relevante en la comprensi\u00f3n de los cambios en el car\u00e1cter.<\/p>\n\n\n\n<h3 class=\"wp-block-heading\">Factores psicol\u00f3gicos<\/h3>\n\n\n\n<p>La adolescencia es una etapa caracterizada por la <strong>b\u00fasqueda de independencia y autodeterminaci\u00f3n<\/strong> en la que tratan de descubrir qui\u00e9nes son y definir su lugar en el mundo. Esto puede llevar a <strong>cambios en el car\u00e1cter<\/strong>, como una mayor resistencia a la autoridad, <strong>cuestionamiento de las normas establecidas y b\u00fasqueda de nuevas experiencias<\/strong>.<\/p>\n\n\n\n<p>Adem\u00e1s, los adolescentes pueden experimentar cambios en su estado de \u00e1nimo debido a las <strong>fluctuaciones hormonales<\/strong> propias de la pubertad. Estos cambios pueden manifestarse en emociones intensas y cambios de humor repentinos.<\/p>\n\n\n\n<h3 class=\"wp-block-heading\">Factores sociales<\/h3>\n\n\n\n<p>El entorno social desempe\u00f1a un papel crucial en el desarrollo de la personalidad y el car\u00e1cter durante la adolescencia.<strong> Los amigos, la familia y la sociedad en general pueden influir<\/strong> en la forma en que se comportan y expresan sus emociones.<\/p>\n\n\n\n<p>La <strong>presi\u00f3n de grupo y el deseo de encajar<\/strong> pueden influir en la adopci\u00f3n de comportamientos arriesgados o poco saludables. Adem\u00e1s, las expectativas y las normas sociales pueden generar conflictos entre los adolescentes y sus familias, lo que puede contribuir a cambios en el car\u00e1cter.<\/p>\n\n\n\n<h2 class=\"wp-block-heading\">C\u00f3mo es el cerebro de un adolescente<\/h2>\n\n\n\n<p>El cerebro de un adolescente <strong>se encuentra en pleno proceso de desarrollo y maduraci\u00f3n<\/strong>. La corteza prefrontal, la regi\u00f3n responsable del razonamiento, la planificaci\u00f3n y el autocontrol, es la \u00faltima en desarrollarse completamente. Esto explica en parte por qu\u00e9 pueden mostrar comportamientos impulsivos y tener dificultades para pensar a largo plazo.<\/p>\n\n\n\n<p>Adem\u00e1s, durante la adolescencia, la am\u00edgdala, una estructura cerebral relacionada con la respuesta emocional y el procesamiento del miedo, puede estar m\u00e1s activa que en otras etapas de la vida. Esta mayor activaci\u00f3n puede explicar por qu\u00e9 los adolescentes pueden ser <strong>m\u00e1s propensos a experimentar cambios de humor y emociones intensas<\/strong>.<\/p>\n\n\n\n<h3 class=\"wp-block-heading\">Cu\u00e1ndo termina su desarrollo<\/h3>\n\n\n\n<p>Aunque no existe una edad exacta en la que el car\u00e1cter de un adolescente vuelve a la normalidad, se considera que <strong>la maduraci\u00f3n cerebral contin\u00faa hasta la edad adulta temprana, alrededor de los 25 a\u00f1os<\/strong>. Durante este periodo, experimentan una mayor estabilidad emocional, mejor control de los impulsos y una mayor capacidad para tomar decisiones informadas.<\/p>\n\n\n\n<p>Sin embargo, es importante destacar que cada persona es \u00fanica y el tiempo de regreso a la normalidad puede variar. Algunos adolescentes pueden experimentar cambios en su car\u00e1cter de manera m\u00e1s pronunciada y prolongada, lo que puede requerir apoyo adicional de familiares, amigos o profesionales de la salud mental.<\/p>\n\n\n\n<h2 class=\"wp-block-heading\">Relaci\u00f3n con sus padres<\/h2>\n\n\n\n<p>La relaci\u00f3n entre padres e hijos es una de las m\u00e1s importantes y complejas que existen. Durante la adolescencia, esta din\u00e1mica se vuelve a\u00fan m\u00e1s desafiante, ya que los j\u00f3venes atraviesan un per\u00edodo de cambios f\u00edsicos, emocionales y sociales significativos. Adem\u00e1s, empiezan a desarrollar su propia identidad y a buscar independencia. Esto implica <strong>cuestionar las normas establecidas y desafiar la autoridad de los padres<\/strong>. En muchos casos, lleva a que adopten actitudes de rebeld\u00eda y se muestren reacios a recibir consejos o cr\u00edticas por parte de sus padres.<\/p>\n\n\n\n<p><strong>Entender cu\u00e1ndo se les puede hablar y cu\u00e1ndo no es fundamental para mantener una comunicaci\u00f3n efectiva con los adolescentes<\/strong>. En primer lugar, es importante reconocer que hay momentos en los que los j\u00f3venes no est\u00e1n dispuestos a escuchar. Por ejemplo, cuando est\u00e1n enfadados, frustrados o cansados, es probable que no est\u00e9n receptivos a una conversaci\u00f3n seria. <strong>Es m\u00e1s productivo esperar a que se calmen o elegir un momento m\u00e1s adecuado<\/strong> para abordar el tema.<\/p>\n\n\n\n<p>Adem\u00e1s, es necesario <strong>respetar la privacidad<\/strong>. A medida que crecen, necesitan espacio para explorar su individualidad y establecer l\u00edmites personales. Interrumpir constantemente su privacidad o invadir su espacio puede generar resistencia y un distanciamiento emocional. Es importante <strong>establecer l\u00edmites claros y respetar su intimidad<\/strong>, siempre teniendo en cuenta que es necesario mantener una comunicaci\u00f3n abierta y honesta.<\/p>\n\n\n\n<h3 class=\"wp-block-heading\">C\u00f3mo hablar a los adolescentes<\/h3>\n\n\n\n<p>Es fundamental <strong>adoptar una actitud de escucha activa y empat\u00eda<\/strong>. Los adolescentes necesitan sentir que sus opiniones y emociones son valoradas y respetadas. Evitar imponer la propia visi\u00f3n o juzgar sus decisiones les da la confianza necesaria para expresarse libremente. Adem\u00e1s, hay que utilizar un <strong>lenguaje claro y directo, evitando la confrontaci\u00f3n o la agresividad.<\/strong><\/p>\n\n\n\n<p>La comunicaci\u00f3n efectiva implica tambi\u00e9n <strong>comprender por qu\u00e9 muchas veces est\u00e1n a la defensiva.<\/strong> Durante esta etapa de sus vidas, los j\u00f3venes experimentan una serie de <strong>cambios hormonales y emocionales que pueden hacerlos m\u00e1s susceptibles y sensibles<\/strong>. Adem\u00e1s, se encuentran en un proceso de <strong>b\u00fasqueda de su identidad<\/strong>, lo cual puede generar inseguridad y una mayor necesidad de protegerse a s\u00ed mismos. Cuando se sienten atacados o criticados, suelen adoptar una <strong>postura defensiva como mecanismo de autodefensa<\/strong>.<\/p>\n\n\n\n<p>Es importante tener en cuenta que est\u00e1n lidiando con una serie de presiones y expectativas tanto internas como externas. El mundo en el que crecen est\u00e1 lleno de influencias, desde los medios de comunicaci\u00f3n hasta sus amigos. Esto puede generar confusi\u00f3n y conflictos internos. Muchas veces, <strong>su actitud defensiva tiene como objetivo protegerse de estas presiones y encontrar su propio camino en la vida<\/strong>.<\/p>\n\n\n\n<p>Se puede decir que las actitudes de los adolescentes en su relaci\u00f3n con sus padres son una combinaci\u00f3n de b\u00fasqueda de independencia, necesidad de privacidad y protecci\u00f3n de s\u00ed mismos. Para establecer una comunicaci\u00f3n efectiva, es importante reconocer cu\u00e1ndo se les puede hablar y cu\u00e1ndo no, respetar su privacidad, adoptar una actitud de escucha activa y empat\u00eda, y comprender las presiones a las que est\u00e1n expuestos.<\/p>\n\n\n\n<p>S\u00f3lo a trav\u00e9s de un di\u00e1logo abierto y respetuoso se puede fortalecer la relaci\u00f3n y ayudar en su proceso de desarrollo. Proporcionar un entorno de apoyo y comprensi\u00f3n es crucial para ayudar a los adolescentes a navegar exitosamente esta etapa de transici\u00f3n hacia la vida adulta.<\/p>\n\n\n\n<p>Si necesitas realizar alguna consulta a un m\u00e9dico sobre alg\u00fan tema que te preocupe te recomendamos que utilices <strong><strong><strong><strong><strong><strong><strong><strong><strong><strong><strong><strong><strong><strong><strong><strong style=\"color:#009ee0\">SaludOnNet<\/strong><\/strong><\/strong><\/strong><\/strong><\/strong><\/strong><\/strong><\/strong><\/strong><\/strong><\/strong><\/strong><\/strong><\/strong><\/strong>. En nuestro portal encontrar\u00e1s las consultas m\u00e9dicas y pruebas diagn\u00f3sticas que necesites, sin esperas y a precios muy competitivos.<\/p>\n","protected":false},"excerpt":{"rendered":"<p>Entender los compartimientos de los adolescentes a veces es complicado para los padres. Te damos algunas claves que te pueden ayudar.<\/p>\n","protected":false},"author":20,"featured_media":16065,"comment_status":"open","ping_status":"open","sticky":false,"template":"","format":"standard","meta":{"footnotes":""},"categories":[67],"tags":[237],"class_list":["post-16067","post","type-post","status-publish","format-standard","has-post-thumbnail","hentry","category-pediatria","tag-1-consulta"],"yoast_head":"<!-- This site is optimized with the Yoast SEO plugin v27.5 - https:\/\/yoast.com\/product\/yoast-seo-wordpress\/ -->\n<title>Claves para entender a los adolescentes \u00bfCu\u00e1nto dura esta etapa?<\/title>\n<meta name=\"description\" content=\"Entender los compartimientos de los adolescentes a veces es complicado para los padres. Te damos algunas claves que te pueden ayudar.\" \/>\n<meta name=\"robots\" content=\"index, follow, max-snippet:-1, max-image-preview:large, max-video-preview:-1\" \/>\n<link rel=\"canonical\" href=\"https:\/\/www.saludonnet.com\/blog\/claves-para-entender-a-los-adolescentes-cuanto-dura-esta-etapa\/\" \/>\n<meta property=\"og:locale\" content=\"es_ES\" \/>\n<meta property=\"og:type\" content=\"article\" \/>\n<meta property=\"og:title\" content=\"Claves para entender a los adolescentes \u00bfCu\u00e1nto dura esta etapa?\" \/>\n<meta property=\"og:description\" content=\"Entender los compartimientos de los adolescentes a veces es complicado para los padres. Te damos algunas claves que te pueden ayudar.\" \/>\n<meta property=\"og:url\" content=\"https:\/\/www.saludonnet.com\/blog\/claves-para-entender-a-los-adolescentes-cuanto-dura-esta-etapa\/\" \/>\n<meta property=\"og:site_name\" content=\"Blog SaludOnNet\" \/>\n<meta property=\"article:publisher\" content=\"https:\/\/www.facebook.com\/pages\/SaludOnNet\/214957498526536\" \/>\n<meta property=\"article:published_time\" content=\"2023-12-18T19:14:40+00:00\" \/>\n<meta property=\"article:modified_time\" content=\"2023-12-18T19:14:41+00:00\" \/>\n<meta property=\"og:image\" content=\"https:\/\/www.saludonnet.com\/blog\/wp-content\/uploads\/2023\/12\/adolescentes.jpg\" \/>\n\t<meta property=\"og:image:width\" content=\"800\" \/>\n\t<meta property=\"og:image:height\" content=\"400\" \/>\n\t<meta property=\"og:image:type\" content=\"image\/jpeg\" \/>\n<meta name=\"author\" content=\"Equipo M\u00e9dico de SaludOnNet\" \/>\n<meta name=\"twitter:card\" content=\"summary_large_image\" \/>\n<meta name=\"twitter:title\" content=\"Claves para entender a los adolescentes \u00bfCu\u00e1nto dura esta etapa?\" \/>\n<meta name=\"twitter:description\" content=\"Entender los compartimientos de los adolescentes a veces es complicado para los padres. Te damos algunas claves que te pueden ayudar.\" \/>\n<meta name=\"twitter:image\" content=\"https:\/\/soncdn.azureedge.net\/blog\/wp-content\/uploads\/2023\/12\/adolescentes.jpg\" \/>\n<meta name=\"twitter:creator\" content=\"@saludonnet\" \/>\n<meta name=\"twitter:site\" content=\"@saludonnet\" \/>\n<meta name=\"twitter:label1\" content=\"Escrito por\" \/>\n\t<meta name=\"twitter:data1\" content=\"Equipo M\u00e9dico de SaludOnNet\" \/>\n\t<meta name=\"twitter:label2\" content=\"Tiempo de lectura\" \/>\n\t<meta name=\"twitter:data2\" content=\"6 minutos\" \/>\n<script type=\"application\/ld+json\" class=\"yoast-schema-graph\">{\"@context\":\"https:\\\/\\\/schema.org\",\"@graph\":[{\"@type\":\"Article\",\"@id\":\"https:\\\/\\\/www.saludonnet.com\\\/blog\\\/claves-para-entender-a-los-adolescentes-cuanto-dura-esta-etapa\\\/#article\",\"isPartOf\":{\"@id\":\"https:\\\/\\\/www.saludonnet.com\\\/blog\\\/claves-para-entender-a-los-adolescentes-cuanto-dura-esta-etapa\\\/\"},\"author\":{\"name\":\"Equipo M\u00e9dico de SaludOnNet\",\"@id\":\"https:\\\/\\\/www.saludonnet.com\\\/blog\\\/#\\\/schema\\\/person\\\/50995e01cc9d6c9f29ae18d979eeff1b\"},\"headline\":\"Claves para entender a los adolescentes \u00bfCu\u00e1nto dura esta etapa?\",\"datePublished\":\"2023-12-18T19:14:40+00:00\",\"dateModified\":\"2023-12-18T19:14:41+00:00\",\"mainEntityOfPage\":{\"@id\":\"https:\\\/\\\/www.saludonnet.com\\\/blog\\\/claves-para-entender-a-los-adolescentes-cuanto-dura-esta-etapa\\\/\"},\"wordCount\":1262,\"commentCount\":0,\"publisher\":{\"@id\":\"https:\\\/\\\/www.saludonnet.com\\\/blog\\\/#organization\"},\"image\":{\"@id\":\"https:\\\/\\\/www.saludonnet.com\\\/blog\\\/claves-para-entender-a-los-adolescentes-cuanto-dura-esta-etapa\\\/#primaryimage\"},\"thumbnailUrl\":\"https:\\\/\\\/soncdn.azureedge.net\\\/blog\\\/wp-content\\\/uploads\\\/2023\\\/12\\\/adolescentes.jpg\",\"keywords\":[\"Consulta de Medicina General\"],\"articleSection\":[\"Pediatr\u00eda\"],\"inLanguage\":\"es\",\"potentialAction\":[{\"@type\":\"CommentAction\",\"name\":\"Comment\",\"target\":[\"https:\\\/\\\/www.saludonnet.com\\\/blog\\\/claves-para-entender-a-los-adolescentes-cuanto-dura-esta-etapa\\\/#respond\"]}]},{\"@type\":\"WebPage\",\"@id\":\"https:\\\/\\\/www.saludonnet.com\\\/blog\\\/claves-para-entender-a-los-adolescentes-cuanto-dura-esta-etapa\\\/\",\"url\":\"https:\\\/\\\/www.saludonnet.com\\\/blog\\\/claves-para-entender-a-los-adolescentes-cuanto-dura-esta-etapa\\\/\",\"name\":\"Claves para entender a los adolescentes \u00bfCu\u00e1nto dura esta etapa?\",\"isPartOf\":{\"@id\":\"https:\\\/\\\/www.saludonnet.com\\\/blog\\\/#website\"},\"primaryImageOfPage\":{\"@id\":\"https:\\\/\\\/www.saludonnet.com\\\/blog\\\/claves-para-entender-a-los-adolescentes-cuanto-dura-esta-etapa\\\/#primaryimage\"},\"image\":{\"@id\":\"https:\\\/\\\/www.saludonnet.com\\\/blog\\\/claves-para-entender-a-los-adolescentes-cuanto-dura-esta-etapa\\\/#primaryimage\"},\"thumbnailUrl\":\"https:\\\/\\\/soncdn.azureedge.net\\\/blog\\\/wp-content\\\/uploads\\\/2023\\\/12\\\/adolescentes.jpg\",\"datePublished\":\"2023-12-18T19:14:40+00:00\",\"dateModified\":\"2023-12-18T19:14:41+00:00\",\"description\":\"Entender los compartimientos de los adolescentes a veces es complicado para los padres. Te damos algunas claves que te pueden ayudar.\",\"breadcrumb\":{\"@id\":\"https:\\\/\\\/www.saludonnet.com\\\/blog\\\/claves-para-entender-a-los-adolescentes-cuanto-dura-esta-etapa\\\/#breadcrumb\"},\"inLanguage\":\"es\",\"potentialAction\":[{\"@type\":\"ReadAction\",\"target\":[\"https:\\\/\\\/www.saludonnet.com\\\/blog\\\/claves-para-entender-a-los-adolescentes-cuanto-dura-esta-etapa\\\/\"]}]},{\"@type\":\"ImageObject\",\"inLanguage\":\"es\",\"@id\":\"https:\\\/\\\/www.saludonnet.com\\\/blog\\\/claves-para-entender-a-los-adolescentes-cuanto-dura-esta-etapa\\\/#primaryimage\",\"url\":\"https:\\\/\\\/soncdn.azureedge.net\\\/blog\\\/wp-content\\\/uploads\\\/2023\\\/12\\\/adolescentes.jpg\",\"contentUrl\":\"https:\\\/\\\/soncdn.azureedge.net\\\/blog\\\/wp-content\\\/uploads\\\/2023\\\/12\\\/adolescentes.jpg\",\"width\":800,\"height\":400,\"caption\":\"adolescentes\"},{\"@type\":\"BreadcrumbList\",\"@id\":\"https:\\\/\\\/www.saludonnet.com\\\/blog\\\/claves-para-entender-a-los-adolescentes-cuanto-dura-esta-etapa\\\/#breadcrumb\",\"itemListElement\":[{\"@type\":\"ListItem\",\"position\":1,\"name\":\"Portada\",\"item\":\"https:\\\/\\\/www.saludonnet.com\\\/blog\\\/\"},{\"@type\":\"ListItem\",\"position\":2,\"name\":\"Pediatr\u00eda\",\"item\":\"https:\\\/\\\/www.saludonnet.com\\\/blog\\\/topic\\\/pediatria\\\/\"},{\"@type\":\"ListItem\",\"position\":3,\"name\":\"Claves para entender a los adolescentes \u00bfCu\u00e1nto dura esta etapa?\"}]},{\"@type\":\"WebSite\",\"@id\":\"https:\\\/\\\/www.saludonnet.com\\\/blog\\\/#website\",\"url\":\"https:\\\/\\\/www.saludonnet.com\\\/blog\\\/\",\"name\":\"Blog SaludOnNet\",\"description\":\"Un espacio donde encontrar\u00e1s consejos y art\u00edculos para cuidar de tu salud\",\"publisher\":{\"@id\":\"https:\\\/\\\/www.saludonnet.com\\\/blog\\\/#organization\"},\"potentialAction\":[{\"@type\":\"SearchAction\",\"target\":{\"@type\":\"EntryPoint\",\"urlTemplate\":\"https:\\\/\\\/www.saludonnet.com\\\/blog\\\/?s={search_term_string}\"},\"query-input\":{\"@type\":\"PropertyValueSpecification\",\"valueRequired\":true,\"valueName\":\"search_term_string\"}}],\"inLanguage\":\"es\"},{\"@type\":\"Organization\",\"@id\":\"https:\\\/\\\/www.saludonnet.com\\\/blog\\\/#organization\",\"name\":\"SaludOnNet\",\"url\":\"https:\\\/\\\/www.saludonnet.com\\\/blog\\\/\",\"logo\":{\"@type\":\"ImageObject\",\"inLanguage\":\"es\",\"@id\":\"https:\\\/\\\/www.saludonnet.com\\\/blog\\\/#\\\/schema\\\/logo\\\/image\\\/\",\"url\":\"https:\\\/\\\/www.saludonnet.com\\\/blog\\\/wp-content\\\/uploads\\\/2019\\\/07\\\/Logo-SaludOnNet.png\",\"contentUrl\":\"https:\\\/\\\/www.saludonnet.com\\\/blog\\\/wp-content\\\/uploads\\\/2019\\\/07\\\/Logo-SaludOnNet.png\",\"width\":1140,\"height\":377,\"caption\":\"SaludOnNet\"},\"image\":{\"@id\":\"https:\\\/\\\/www.saludonnet.com\\\/blog\\\/#\\\/schema\\\/logo\\\/image\\\/\"},\"sameAs\":[\"https:\\\/\\\/www.facebook.com\\\/pages\\\/SaludOnNet\\\/214957498526536\",\"https:\\\/\\\/x.com\\\/saludonnet\",\"https:\\\/\\\/www.instagram.com\\\/saludonnet\\\/\",\"https:\\\/\\\/www.linkedin.com\\\/company\\\/saludonnet\\\/\",\"https:\\\/\\\/www.youtube.com\\\/channel\\\/UCag68GsnagqzNb6C3G-S9vQ\"]},{\"@type\":\"Person\",\"@id\":\"https:\\\/\\\/www.saludonnet.com\\\/blog\\\/#\\\/schema\\\/person\\\/50995e01cc9d6c9f29ae18d979eeff1b\",\"name\":\"Equipo M\u00e9dico de SaludOnNet\",\"image\":{\"@type\":\"ImageObject\",\"inLanguage\":\"es\",\"@id\":\"https:\\\/\\\/secure.gravatar.com\\\/avatar\\\/0ac89931d2ef75704f29e63e12335967620a1f7ac37c69f6f97ad72b9ac6496d?s=96&d=mm&r=g\",\"url\":\"https:\\\/\\\/secure.gravatar.com\\\/avatar\\\/0ac89931d2ef75704f29e63e12335967620a1f7ac37c69f6f97ad72b9ac6496d?s=96&d=mm&r=g\",\"contentUrl\":\"https:\\\/\\\/secure.gravatar.com\\\/avatar\\\/0ac89931d2ef75704f29e63e12335967620a1f7ac37c69f6f97ad72b9ac6496d?s=96&d=mm&r=g\",\"caption\":\"Equipo M\u00e9dico de SaludOnNet\"},\"description\":\"Art\u00edculo elaborado por el equipo m\u00e9dico de SaludOnNet, compuesto por especialistas destacados en su \u00e1rea.\",\"url\":\"https:\\\/\\\/www.saludonnet.com\\\/blog\\\/author\\\/saludonnet\\\/\"}]}<\/script>\n<!-- \/ Yoast SEO plugin. -->","yoast_head_json":{"title":"Claves para entender a los adolescentes \u00bfCu\u00e1nto dura esta etapa?","description":"Entender los compartimientos de los adolescentes a veces es complicado para los padres. Te damos algunas claves que te pueden ayudar.","robots":{"index":"index","follow":"follow","max-snippet":"max-snippet:-1","max-image-preview":"max-image-preview:large","max-video-preview":"max-video-preview:-1"},"canonical":"https:\/\/www.saludonnet.com\/blog\/claves-para-entender-a-los-adolescentes-cuanto-dura-esta-etapa\/","og_locale":"es_ES","og_type":"article","og_title":"Claves para entender a los adolescentes \u00bfCu\u00e1nto dura esta etapa?","og_description":"Entender los compartimientos de los adolescentes a veces es complicado para los padres. Te damos algunas claves que te pueden ayudar.","og_url":"https:\/\/www.saludonnet.com\/blog\/claves-para-entender-a-los-adolescentes-cuanto-dura-esta-etapa\/","og_site_name":"Blog SaludOnNet","article_publisher":"https:\/\/www.facebook.com\/pages\/SaludOnNet\/214957498526536","article_published_time":"2023-12-18T19:14:40+00:00","article_modified_time":"2023-12-18T19:14:41+00:00","og_image":[{"width":800,"height":400,"url":"https:\/\/www.saludonnet.com\/blog\/wp-content\/uploads\/2023\/12\/adolescentes.jpg","type":"image\/jpeg"}],"author":"Equipo M\u00e9dico de SaludOnNet","twitter_card":"summary_large_image","twitter_title":"Claves para entender a los adolescentes \u00bfCu\u00e1nto dura esta etapa?","twitter_description":"Entender los compartimientos de los adolescentes a veces es complicado para los padres. Te damos algunas claves que te pueden ayudar.","twitter_image":"https:\/\/soncdn.azureedge.net\/blog\/wp-content\/uploads\/2023\/12\/adolescentes.jpg","twitter_creator":"@saludonnet","twitter_site":"@saludonnet","twitter_misc":{"Escrito por":"Equipo M\u00e9dico de SaludOnNet","Tiempo de lectura":"6 minutos"},"schema":{"@context":"https:\/\/schema.org","@graph":[{"@type":"Article","@id":"https:\/\/www.saludonnet.com\/blog\/claves-para-entender-a-los-adolescentes-cuanto-dura-esta-etapa\/#article","isPartOf":{"@id":"https:\/\/www.saludonnet.com\/blog\/claves-para-entender-a-los-adolescentes-cuanto-dura-esta-etapa\/"},"author":{"name":"Equipo M\u00e9dico de SaludOnNet","@id":"https:\/\/www.saludonnet.com\/blog\/#\/schema\/person\/50995e01cc9d6c9f29ae18d979eeff1b"},"headline":"Claves para entender a los adolescentes \u00bfCu\u00e1nto dura esta etapa?","datePublished":"2023-12-18T19:14:40+00:00","dateModified":"2023-12-18T19:14:41+00:00","mainEntityOfPage":{"@id":"https:\/\/www.saludonnet.com\/blog\/claves-para-entender-a-los-adolescentes-cuanto-dura-esta-etapa\/"},"wordCount":1262,"commentCount":0,"publisher":{"@id":"https:\/\/www.saludonnet.com\/blog\/#organization"},"image":{"@id":"https:\/\/www.saludonnet.com\/blog\/claves-para-entender-a-los-adolescentes-cuanto-dura-esta-etapa\/#primaryimage"},"thumbnailUrl":"https:\/\/soncdn.azureedge.net\/blog\/wp-content\/uploads\/2023\/12\/adolescentes.jpg","keywords":["Consulta de Medicina General"],"articleSection":["Pediatr\u00eda"],"inLanguage":"es","potentialAction":[{"@type":"CommentAction","name":"Comment","target":["https:\/\/www.saludonnet.com\/blog\/claves-para-entender-a-los-adolescentes-cuanto-dura-esta-etapa\/#respond"]}]},{"@type":"WebPage","@id":"https:\/\/www.saludonnet.com\/blog\/claves-para-entender-a-los-adolescentes-cuanto-dura-esta-etapa\/","url":"https:\/\/www.saludonnet.com\/blog\/claves-para-entender-a-los-adolescentes-cuanto-dura-esta-etapa\/","name":"Claves para entender a los adolescentes \u00bfCu\u00e1nto dura esta etapa?","isPartOf":{"@id":"https:\/\/www.saludonnet.com\/blog\/#website"},"primaryImageOfPage":{"@id":"https:\/\/www.saludonnet.com\/blog\/claves-para-entender-a-los-adolescentes-cuanto-dura-esta-etapa\/#primaryimage"},"image":{"@id":"https:\/\/www.saludonnet.com\/blog\/claves-para-entender-a-los-adolescentes-cuanto-dura-esta-etapa\/#primaryimage"},"thumbnailUrl":"https:\/\/soncdn.azureedge.net\/blog\/wp-content\/uploads\/2023\/12\/adolescentes.jpg","datePublished":"2023-12-18T19:14:40+00:00","dateModified":"2023-12-18T19:14:41+00:00","description":"Entender los compartimientos de los adolescentes a veces es complicado para los padres. Te damos algunas claves que te pueden ayudar.","breadcrumb":{"@id":"https:\/\/www.saludonnet.com\/blog\/claves-para-entender-a-los-adolescentes-cuanto-dura-esta-etapa\/#breadcrumb"},"inLanguage":"es","potentialAction":[{"@type":"ReadAction","target":["https:\/\/www.saludonnet.com\/blog\/claves-para-entender-a-los-adolescentes-cuanto-dura-esta-etapa\/"]}]},{"@type":"ImageObject","inLanguage":"es","@id":"https:\/\/www.saludonnet.com\/blog\/claves-para-entender-a-los-adolescentes-cuanto-dura-esta-etapa\/#primaryimage","url":"https:\/\/soncdn.azureedge.net\/blog\/wp-content\/uploads\/2023\/12\/adolescentes.jpg","contentUrl":"https:\/\/soncdn.azureedge.net\/blog\/wp-content\/uploads\/2023\/12\/adolescentes.jpg","width":800,"height":400,"caption":"adolescentes"},{"@type":"BreadcrumbList","@id":"https:\/\/www.saludonnet.com\/blog\/claves-para-entender-a-los-adolescentes-cuanto-dura-esta-etapa\/#breadcrumb","itemListElement":[{"@type":"ListItem","position":1,"name":"Portada","item":"https:\/\/www.saludonnet.com\/blog\/"},{"@type":"ListItem","position":2,"name":"Pediatr\u00eda","item":"https:\/\/www.saludonnet.com\/blog\/topic\/pediatria\/"},{"@type":"ListItem","position":3,"name":"Claves para entender a los adolescentes \u00bfCu\u00e1nto dura esta etapa?"}]},{"@type":"WebSite","@id":"https:\/\/www.saludonnet.com\/blog\/#website","url":"https:\/\/www.saludonnet.com\/blog\/","name":"Blog SaludOnNet","description":"Un espacio donde encontrar\u00e1s consejos y art\u00edculos para cuidar de tu salud","publisher":{"@id":"https:\/\/www.saludonnet.com\/blog\/#organization"},"potentialAction":[{"@type":"SearchAction","target":{"@type":"EntryPoint","urlTemplate":"https:\/\/www.saludonnet.com\/blog\/?s={search_term_string}"},"query-input":{"@type":"PropertyValueSpecification","valueRequired":true,"valueName":"search_term_string"}}],"inLanguage":"es"},{"@type":"Organization","@id":"https:\/\/www.saludonnet.com\/blog\/#organization","name":"SaludOnNet","url":"https:\/\/www.saludonnet.com\/blog\/","logo":{"@type":"ImageObject","inLanguage":"es","@id":"https:\/\/www.saludonnet.com\/blog\/#\/schema\/logo\/image\/","url":"https:\/\/www.saludonnet.com\/blog\/wp-content\/uploads\/2019\/07\/Logo-SaludOnNet.png","contentUrl":"https:\/\/www.saludonnet.com\/blog\/wp-content\/uploads\/2019\/07\/Logo-SaludOnNet.png","width":1140,"height":377,"caption":"SaludOnNet"},"image":{"@id":"https:\/\/www.saludonnet.com\/blog\/#\/schema\/logo\/image\/"},"sameAs":["https:\/\/www.facebook.com\/pages\/SaludOnNet\/214957498526536","https:\/\/x.com\/saludonnet","https:\/\/www.instagram.com\/saludonnet\/","https:\/\/www.linkedin.com\/company\/saludonnet\/","https:\/\/www.youtube.com\/channel\/UCag68GsnagqzNb6C3G-S9vQ"]},{"@type":"Person","@id":"https:\/\/www.saludonnet.com\/blog\/#\/schema\/person\/50995e01cc9d6c9f29ae18d979eeff1b","name":"Equipo M\u00e9dico de SaludOnNet","image":{"@type":"ImageObject","inLanguage":"es","@id":"https:\/\/secure.gravatar.com\/avatar\/0ac89931d2ef75704f29e63e12335967620a1f7ac37c69f6f97ad72b9ac6496d?s=96&d=mm&r=g","url":"https:\/\/secure.gravatar.com\/avatar\/0ac89931d2ef75704f29e63e12335967620a1f7ac37c69f6f97ad72b9ac6496d?s=96&d=mm&r=g","contentUrl":"https:\/\/secure.gravatar.com\/avatar\/0ac89931d2ef75704f29e63e12335967620a1f7ac37c69f6f97ad72b9ac6496d?s=96&d=mm&r=g","caption":"Equipo M\u00e9dico de SaludOnNet"},"description":"Art\u00edculo elaborado por el equipo m\u00e9dico de SaludOnNet, compuesto por especialistas destacados en su \u00e1rea.","url":"https:\/\/www.saludonnet.com\/blog\/author\/saludonnet\/"}]}},"acf":[],"_links":{"self":[{"href":"https:\/\/www.saludonnet.com\/blog\/wp-json\/wp\/v2\/posts\/16067","targetHints":{"allow":["GET"]}}],"collection":[{"href":"https:\/\/www.saludonnet.com\/blog\/wp-json\/wp\/v2\/posts"}],"about":[{"href":"https:\/\/www.saludonnet.com\/blog\/wp-json\/wp\/v2\/types\/post"}],"author":[{"embeddable":true,"href":"https:\/\/www.saludonnet.com\/blog\/wp-json\/wp\/v2\/users\/20"}],"replies":[{"embeddable":true,"href":"https:\/\/www.saludonnet.com\/blog\/wp-json\/wp\/v2\/comments?post=16067"}],"version-history":[{"count":16,"href":"https:\/\/www.saludonnet.com\/blog\/wp-json\/wp\/v2\/posts\/16067\/revisions"}],"predecessor-version":[{"id":16083,"href":"https:\/\/www.saludonnet.com\/blog\/wp-json\/wp\/v2\/posts\/16067\/revisions\/16083"}],"wp:featuredmedia":[{"embeddable":true,"href":"https:\/\/www.saludonnet.com\/blog\/wp-json\/wp\/v2\/media\/16065"}],"wp:attachment":[{"href":"https:\/\/www.saludonnet.com\/blog\/wp-json\/wp\/v2\/media?parent=16067"}],"wp:term":[{"taxonomy":"category","embeddable":true,"href":"https:\/\/www.saludonnet.com\/blog\/wp-json\/wp\/v2\/categories?post=16067"},{"taxonomy":"post_tag","embeddable":true,"href":"https:\/\/www.saludonnet.com\/blog\/wp-json\/wp\/v2\/tags?post=16067"}],"curies":[{"name":"wp","href":"https:\/\/api.w.org\/{rel}","templated":true}]}}