{"id":15783,"date":"2023-11-09T11:26:00","date_gmt":"2023-11-09T10:26:00","guid":{"rendered":"https:\/\/www.saludonnet.com\/blog\/?p=15783"},"modified":"2024-02-07T08:48:48","modified_gmt":"2024-02-07T07:48:48","slug":"terrores-nocturnos-y-habitos-de-sueno-como-promover-un-descanso-saludable","status":"publish","type":"post","link":"https:\/\/www.saludonnet.com\/blog\/terrores-nocturnos-y-habitos-de-sueno-como-promover-un-descanso-saludable\/","title":{"rendered":"Terrores nocturnos y h\u00e1bitos de sue\u00f1o: c\u00f3mo promover un descanso saludable"},"content":{"rendered":"\n<p>El sue\u00f1o es una parte fundamental de nuestras vidas, ya que nos permite descansar, recuperarnos y recargar energ\u00edas para enfrentar cada d\u00eda. Sin embargo, para muchas personas, los terrores nocturnos y los problemas de sue\u00f1o pueden convertirse en una fuente de angustia y afectar su bienestar general.<\/p>\n\n\n\n<p>En este art\u00edculo, exploraremos en detalle este tema y los h\u00e1bitos de sue\u00f1o saludables. Analizaremos qu\u00e9 son los terrores nocturnos, c\u00f3mo se diferencian de las pesadillas y cu\u00e1les son sus causas. Tambi\u00e9n proporcionaremos consejos pr\u00e1cticos para promover un sue\u00f1o reparador y establecer rutinas saludables antes de acostarse.<\/p>\n\n\n\n<h2 class=\"wp-block-heading\"><strong>\u00bfQu\u00e9 son los terrores nocturnos?<\/strong><\/h2>\n\n\n\n<p><strong>Son trastornos del sue\u00f1o que afectan principalmente a los ni\u00f1os<\/strong>, aunque tambi\u00e9n pueden presentarse en adultos. Se caracterizan por episodios de terror intenso durante la fase de sue\u00f1o profundo, generalmente en las primeras horas de la noche. Estos episodios <strong>pueden incluir gritos, llanto, movimientos violentos y una apariencia de estar despiertos<\/strong>, aunque en realidad la persona no est\u00e1 consciente ni recuerda1 el evento al despertar.<\/p>\n\n\n\n<h2 class=\"wp-block-heading\"><strong>Diferencias entre terrores nocturnos y pesadillas<\/strong><\/h2>\n\n\n\n<p>Es importante diferenciarlos de las pesadillas, ya que son fen\u00f3menos distintos. Mientras que <strong>los terrores nocturnos ocurren durante el sue\u00f1o profundo y la persona no recuerda<\/strong> <strong>el episodio<\/strong>, las pesadillas ocurren durante el sue\u00f1o REM y suelen recordarse al despertar. Las pesadillas pueden generar sentimientos de miedo o angustia, pero los primeros generan un terror intenso y la persona puede tener dificultad para despertar y consolarse.<\/p>\n\n\n\n<h2 class=\"wp-block-heading\"><strong>Causas de los terrores nocturnos<\/strong><\/h2>\n\n\n\n<p>Pueden estar <strong>relacionados con diversos factores, como la gen\u00e9tica, el estr\u00e9s, la falta de sue\u00f1o adecuado, cambios en la rutina o eventos traum\u00e1tico<\/strong>s. Tambi\u00e9n pueden ser m\u00e1s comunes en personas que tienen antecedentes familiares de estos episodios u otros trastornos del sue\u00f1o. Comprender las posibles causas de los terrores nocturnos es fundamental para abordar el problema y buscar soluciones adecuadas.<\/p>\n\n\n\n<h2 class=\"wp-block-heading\"><strong>Promoviendo h\u00e1bitos de sue\u00f1o saludables<\/strong><\/h2>\n\n\n\n<p><strong>Establecer rutinas y h\u00e1bitos de sue\u00f1o saludables<\/strong> es esencial para promover un descanso reparador y prevenir los terrores nocturnos. Algunas pr\u00e1cticas recomendadas incluyen establecer un <em>horario regular de sue\u00f1o<\/em>, crear un <em>ambiente propicio<\/em> para el descanso, <em>limitar la exposici\u00f3n a dispositivos electr\u00f3nicos antes de acostarse<\/em>, mantener una <em>dieta equilibrada y hacer ejercicio regularmente. <\/em>Adem\u00e1s, es importante <em>manejar el estr\u00e9s y la ansiedad<\/em>, practicar t\u00e9cnicas de relajaci\u00f3n y buscar ayuda profesional si los terrores nocturnos persisten o causan un impacto significativo en la calidad de vida.<\/p>\n\n\n\n<h2 class=\"wp-block-heading\"><strong>Consejos pr\u00e1cticos para lidiar con los terrores nocturnos<\/strong><\/h2>\n\n\n\n<p>Si experimentas terrores nocturnos o tienes un hijo\/a que los padece, existen algunas medidas que puedes tomar para manejar y reducir su impacto. Algunos consejos \u00fatiles incluyen <strong>mantener un ambiente seguro en el dormitorio, evitar despertar a la persona durante un episodio, ofrecer apoyo emocional despu\u00e9s del episodio y buscar la orientaci\u00f3n de un profesional de la salud <\/strong>especializado en trastornos del sue\u00f1o. Adem\u00e1s, es importante mantener una comunicaci\u00f3n abierta y tranquila con el ni\u00f1o\/a, brindarle seguridad y fomentar un ambiente relajado antes de acostarse.<\/p>\n\n\n\n<h2 class=\"wp-block-heading\"><strong>Importancia de buscar ayuda profesional<\/strong><\/h2>\n\n\n\n<p>Si los terrores nocturnos persisten y afectan significativamente la calidad de vida de la persona, es fundamental buscar ayuda profesional. Un especialista en trastornos del sue\u00f1o puede evaluar y diagnosticar el problema, y proporcionar un plan de tratamiento adecuado. Esto puede incluir terapia cognitivo-conductual, cambios en los h\u00e1bitos de sue\u00f1o y, en algunos casos, medicaci\u00f3n.<\/p>\n\n\n\n<h2 class=\"wp-block-heading\"><strong>Beneficios de un sue\u00f1o saludable<\/strong><\/h2>\n\n\n\n<p>Mantener un sue\u00f1o saludable no solo ayuda a prevenir los terrores nocturnos, sino que tambi\u00e9n proporciona una serie de beneficios para la salud en general. Un descanso adecuado promueve la salud mental, mejora la capacidad de concentraci\u00f3n, fortalece el sistema inmunol\u00f3gico, regula el estado de \u00e1nimo y favorece el rendimiento cognitivo y f\u00edsico. Es esencial priorizar el sue\u00f1o como parte integral de un estilo de vida saludable.<\/p>\n\n\n\n<p>Los terrores nocturnos y los problemas de sue\u00f1o pueden afectar significativamente la calidad de vida de las personas. Al comprender la naturaleza de los terrores nocturnos y promover h\u00e1bitos de sue\u00f1o saludables, podemos reducir su frecuencia y minimizar su impacto en el bienestar general. Establecer rutinas regulares, crear un ambiente propicio para el sue\u00f1o y buscar ayuda profesional cuando sea necesario son pasos importantes para promover un descanso reparador y mejorar la calidad de vida.<\/p>\n\n\n\n<script type=\"application\/ld+json\">\n{\n  \"@context\": \"https:\/\/schema.org\",\n  \"@type\": \"Article\",\n  \"mainEntityOfPage\": {\n    \"@type\": \"WebPage\",\n    \"@id\": \"https:\/\/www.saludonnet.com\/blog\/terrores-nocturnos-y-habitos-de-sueno-como-promover-un-descanso-saludable\/\"\n  },\n  \"headline\": \"Terrores nocturnos y h\u00e1bitos de sue\u00f1o: c\u00f3mo promover un descanso saludable\",\n  \"image\": \"https:\/\/www.saludonnet.com\/blog\/wp-content\/uploads\/2023\/11\/terrores-nocturnos.jpg\",\n  \"author\": {\n    \"@type\": \"Person\",\n    \"name\": \"Alba Mar\u00eda Garc\u00eda Rasero\",\n    \"url\": \"https:\/\/www.saludonnet.com\/blog\/author\/Alba\/\",\n    \"sameAs\": \"https:\/\/es.linkedin.com\/in\/alba-mar%C3%ADa-garcia-rasero-9a13918b\"\n  },\n  \"datePublished\": \"2023-11-09T08:00:00+08:00\"\n}\n<\/script>\n","protected":false},"excerpt":{"rendered":"<p>Los terrores nocturnos son m\u00e1s que pesadillas. Ocurren en la fase de sue\u00f1o profundo y no se recuerdan. Te contamos c\u00f3mo identificarlos. <\/p>\n","protected":false},"author":18,"featured_media":15770,"comment_status":"open","ping_status":"open","sticky":false,"template":"","format":"standard","meta":{"footnotes":""},"categories":[81],"tags":[255],"class_list":["post-15783","post","type-post","status-publish","format-standard","has-post-thumbnail","hentry","category-psicologia","tag-4260-consulta"],"yoast_head":"<!-- This site is optimized with the Yoast SEO plugin v27.5 - https:\/\/yoast.com\/product\/yoast-seo-wordpress\/ -->\n<title>Terrores nocturnos y h\u00e1bitos de sue\u00f1o: c\u00f3mo promover un descanso saludable<\/title>\n<meta name=\"description\" content=\"Los terrores nocturnos son m\u00e1s que pesadillas. Ocurren en la fase de sue\u00f1o profundo y no se recuerdan. Te contamos c\u00f3mo identificarlos.\" \/>\n<meta name=\"robots\" content=\"index, follow, max-snippet:-1, max-image-preview:large, max-video-preview:-1\" \/>\n<link rel=\"canonical\" href=\"https:\/\/www.saludonnet.com\/blog\/terrores-nocturnos-y-habitos-de-sueno-como-promover-un-descanso-saludable\/\" \/>\n<meta property=\"og:locale\" content=\"es_ES\" \/>\n<meta property=\"og:type\" content=\"article\" \/>\n<meta property=\"og:title\" content=\"Terrores nocturnos y h\u00e1bitos de sue\u00f1o: c\u00f3mo promover un descanso saludable\" \/>\n<meta property=\"og:description\" content=\"Los terrores nocturnos son m\u00e1s que pesadillas. Ocurren en la fase de sue\u00f1o profundo y no se recuerdan. Te contamos c\u00f3mo identificarlos.\" \/>\n<meta property=\"og:url\" content=\"https:\/\/www.saludonnet.com\/blog\/terrores-nocturnos-y-habitos-de-sueno-como-promover-un-descanso-saludable\/\" \/>\n<meta property=\"og:site_name\" content=\"Blog SaludOnNet\" \/>\n<meta property=\"article:publisher\" content=\"https:\/\/www.facebook.com\/pages\/SaludOnNet\/214957498526536\" \/>\n<meta property=\"article:published_time\" content=\"2023-11-09T10:26:00+00:00\" \/>\n<meta property=\"article:modified_time\" content=\"2024-02-07T07:48:48+00:00\" \/>\n<meta property=\"og:image\" content=\"https:\/\/www.saludonnet.com\/blog\/wp-content\/uploads\/2023\/11\/terrores-nocturnos.jpg\" \/>\n\t<meta property=\"og:image:width\" content=\"800\" \/>\n\t<meta property=\"og:image:height\" content=\"400\" \/>\n\t<meta property=\"og:image:type\" content=\"image\/jpeg\" \/>\n<meta name=\"author\" content=\"Alba Mar\u00eda Garc\u00eda Rasero\" \/>\n<meta name=\"twitter:card\" content=\"summary_large_image\" \/>\n<meta name=\"twitter:title\" content=\"Terrores nocturnos y h\u00e1bitos de sue\u00f1o: c\u00f3mo promover un descanso saludable\" \/>\n<meta name=\"twitter:description\" content=\"Los terrores nocturnos son m\u00e1s que pesadillas. Ocurren en la fase de sue\u00f1o profundo y no se recuerdan. Te contamos c\u00f3mo identificarlos.\" \/>\n<meta name=\"twitter:image\" content=\"https:\/\/soncdn.azureedge.net\/blog\/wp-content\/uploads\/2023\/11\/terrores-nocturnos.jpg\" \/>\n<meta name=\"twitter:creator\" content=\"@saludonnet\" \/>\n<meta name=\"twitter:site\" content=\"@saludonnet\" \/>\n<meta name=\"twitter:label1\" content=\"Escrito por\" \/>\n\t<meta name=\"twitter:data1\" content=\"Alba Mar\u00eda Garc\u00eda Rasero\" \/>\n\t<meta name=\"twitter:label2\" content=\"Tiempo de lectura\" \/>\n\t<meta name=\"twitter:data2\" content=\"4 minutos\" \/>\n<script type=\"application\/ld+json\" class=\"yoast-schema-graph\">{\"@context\":\"https:\\\/\\\/schema.org\",\"@graph\":[{\"@type\":\"Article\",\"@id\":\"https:\\\/\\\/www.saludonnet.com\\\/blog\\\/terrores-nocturnos-y-habitos-de-sueno-como-promover-un-descanso-saludable\\\/#article\",\"isPartOf\":{\"@id\":\"https:\\\/\\\/www.saludonnet.com\\\/blog\\\/terrores-nocturnos-y-habitos-de-sueno-como-promover-un-descanso-saludable\\\/\"},\"author\":{\"name\":\"Alba Mar\u00eda Garc\u00eda Rasero\",\"@id\":\"https:\\\/\\\/www.saludonnet.com\\\/blog\\\/#\\\/schema\\\/person\\\/57f97b8928bf9200438151830e36c934\"},\"headline\":\"Terrores nocturnos y h\u00e1bitos de sue\u00f1o: c\u00f3mo promover un descanso saludable\",\"datePublished\":\"2023-11-09T10:26:00+00:00\",\"dateModified\":\"2024-02-07T07:48:48+00:00\",\"mainEntityOfPage\":{\"@id\":\"https:\\\/\\\/www.saludonnet.com\\\/blog\\\/terrores-nocturnos-y-habitos-de-sueno-como-promover-un-descanso-saludable\\\/\"},\"wordCount\":767,\"commentCount\":0,\"publisher\":{\"@id\":\"https:\\\/\\\/www.saludonnet.com\\\/blog\\\/#organization\"},\"image\":{\"@id\":\"https:\\\/\\\/www.saludonnet.com\\\/blog\\\/terrores-nocturnos-y-habitos-de-sueno-como-promover-un-descanso-saludable\\\/#primaryimage\"},\"thumbnailUrl\":\"https:\\\/\\\/soncdn.azureedge.net\\\/blog\\\/wp-content\\\/uploads\\\/2023\\\/11\\\/terrores-nocturnos.jpg\",\"keywords\":[\"Consulta de Psicolog\u00eda\"],\"articleSection\":[\"Psicolog\u00eda\"],\"inLanguage\":\"es\",\"potentialAction\":[{\"@type\":\"CommentAction\",\"name\":\"Comment\",\"target\":[\"https:\\\/\\\/www.saludonnet.com\\\/blog\\\/terrores-nocturnos-y-habitos-de-sueno-como-promover-un-descanso-saludable\\\/#respond\"]}]},{\"@type\":\"WebPage\",\"@id\":\"https:\\\/\\\/www.saludonnet.com\\\/blog\\\/terrores-nocturnos-y-habitos-de-sueno-como-promover-un-descanso-saludable\\\/\",\"url\":\"https:\\\/\\\/www.saludonnet.com\\\/blog\\\/terrores-nocturnos-y-habitos-de-sueno-como-promover-un-descanso-saludable\\\/\",\"name\":\"Terrores nocturnos y h\u00e1bitos de sue\u00f1o: c\u00f3mo promover un descanso saludable\",\"isPartOf\":{\"@id\":\"https:\\\/\\\/www.saludonnet.com\\\/blog\\\/#website\"},\"primaryImageOfPage\":{\"@id\":\"https:\\\/\\\/www.saludonnet.com\\\/blog\\\/terrores-nocturnos-y-habitos-de-sueno-como-promover-un-descanso-saludable\\\/#primaryimage\"},\"image\":{\"@id\":\"https:\\\/\\\/www.saludonnet.com\\\/blog\\\/terrores-nocturnos-y-habitos-de-sueno-como-promover-un-descanso-saludable\\\/#primaryimage\"},\"thumbnailUrl\":\"https:\\\/\\\/soncdn.azureedge.net\\\/blog\\\/wp-content\\\/uploads\\\/2023\\\/11\\\/terrores-nocturnos.jpg\",\"datePublished\":\"2023-11-09T10:26:00+00:00\",\"dateModified\":\"2024-02-07T07:48:48+00:00\",\"description\":\"Los terrores nocturnos son m\u00e1s que pesadillas. Ocurren en la fase de sue\u00f1o profundo y no se recuerdan. Te contamos c\u00f3mo identificarlos.\",\"breadcrumb\":{\"@id\":\"https:\\\/\\\/www.saludonnet.com\\\/blog\\\/terrores-nocturnos-y-habitos-de-sueno-como-promover-un-descanso-saludable\\\/#breadcrumb\"},\"inLanguage\":\"es\",\"potentialAction\":[{\"@type\":\"ReadAction\",\"target\":[\"https:\\\/\\\/www.saludonnet.com\\\/blog\\\/terrores-nocturnos-y-habitos-de-sueno-como-promover-un-descanso-saludable\\\/\"]}]},{\"@type\":\"ImageObject\",\"inLanguage\":\"es\",\"@id\":\"https:\\\/\\\/www.saludonnet.com\\\/blog\\\/terrores-nocturnos-y-habitos-de-sueno-como-promover-un-descanso-saludable\\\/#primaryimage\",\"url\":\"https:\\\/\\\/soncdn.azureedge.net\\\/blog\\\/wp-content\\\/uploads\\\/2023\\\/11\\\/terrores-nocturnos.jpg\",\"contentUrl\":\"https:\\\/\\\/soncdn.azureedge.net\\\/blog\\\/wp-content\\\/uploads\\\/2023\\\/11\\\/terrores-nocturnos.jpg\",\"width\":800,\"height\":400,\"caption\":\"terrores nocturnos\"},{\"@type\":\"BreadcrumbList\",\"@id\":\"https:\\\/\\\/www.saludonnet.com\\\/blog\\\/terrores-nocturnos-y-habitos-de-sueno-como-promover-un-descanso-saludable\\\/#breadcrumb\",\"itemListElement\":[{\"@type\":\"ListItem\",\"position\":1,\"name\":\"Portada\",\"item\":\"https:\\\/\\\/www.saludonnet.com\\\/blog\\\/\"},{\"@type\":\"ListItem\",\"position\":2,\"name\":\"Psicolog\u00eda\",\"item\":\"https:\\\/\\\/www.saludonnet.com\\\/blog\\\/topic\\\/psicologia\\\/\"},{\"@type\":\"ListItem\",\"position\":3,\"name\":\"Terrores nocturnos y h\u00e1bitos de sue\u00f1o: c\u00f3mo promover un descanso saludable\"}]},{\"@type\":\"WebSite\",\"@id\":\"https:\\\/\\\/www.saludonnet.com\\\/blog\\\/#website\",\"url\":\"https:\\\/\\\/www.saludonnet.com\\\/blog\\\/\",\"name\":\"Blog SaludOnNet\",\"description\":\"Un espacio donde encontrar\u00e1s consejos y art\u00edculos para cuidar de tu salud\",\"publisher\":{\"@id\":\"https:\\\/\\\/www.saludonnet.com\\\/blog\\\/#organization\"},\"potentialAction\":[{\"@type\":\"SearchAction\",\"target\":{\"@type\":\"EntryPoint\",\"urlTemplate\":\"https:\\\/\\\/www.saludonnet.com\\\/blog\\\/?s={search_term_string}\"},\"query-input\":{\"@type\":\"PropertyValueSpecification\",\"valueRequired\":true,\"valueName\":\"search_term_string\"}}],\"inLanguage\":\"es\"},{\"@type\":\"Organization\",\"@id\":\"https:\\\/\\\/www.saludonnet.com\\\/blog\\\/#organization\",\"name\":\"SaludOnNet\",\"url\":\"https:\\\/\\\/www.saludonnet.com\\\/blog\\\/\",\"logo\":{\"@type\":\"ImageObject\",\"inLanguage\":\"es\",\"@id\":\"https:\\\/\\\/www.saludonnet.com\\\/blog\\\/#\\\/schema\\\/logo\\\/image\\\/\",\"url\":\"https:\\\/\\\/www.saludonnet.com\\\/blog\\\/wp-content\\\/uploads\\\/2019\\\/07\\\/Logo-SaludOnNet.png\",\"contentUrl\":\"https:\\\/\\\/www.saludonnet.com\\\/blog\\\/wp-content\\\/uploads\\\/2019\\\/07\\\/Logo-SaludOnNet.png\",\"width\":1140,\"height\":377,\"caption\":\"SaludOnNet\"},\"image\":{\"@id\":\"https:\\\/\\\/www.saludonnet.com\\\/blog\\\/#\\\/schema\\\/logo\\\/image\\\/\"},\"sameAs\":[\"https:\\\/\\\/www.facebook.com\\\/pages\\\/SaludOnNet\\\/214957498526536\",\"https:\\\/\\\/x.com\\\/saludonnet\",\"https:\\\/\\\/www.instagram.com\\\/saludonnet\\\/\",\"https:\\\/\\\/www.linkedin.com\\\/company\\\/saludonnet\\\/\",\"https:\\\/\\\/www.youtube.com\\\/channel\\\/UCag68GsnagqzNb6C3G-S9vQ\"]},{\"@type\":\"Person\",\"@id\":\"https:\\\/\\\/www.saludonnet.com\\\/blog\\\/#\\\/schema\\\/person\\\/57f97b8928bf9200438151830e36c934\",\"name\":\"Alba Mar\u00eda Garc\u00eda Rasero\",\"image\":{\"@type\":\"ImageObject\",\"inLanguage\":\"es\",\"@id\":\"https:\\\/\\\/secure.gravatar.com\\\/avatar\\\/ff5851926e876d68ad5a1983f3c646eba2e5ccaa5e5ed443a4ed61430092fdff?s=96&d=mm&r=g\",\"url\":\"https:\\\/\\\/secure.gravatar.com\\\/avatar\\\/ff5851926e876d68ad5a1983f3c646eba2e5ccaa5e5ed443a4ed61430092fdff?s=96&d=mm&r=g\",\"contentUrl\":\"https:\\\/\\\/secure.gravatar.com\\\/avatar\\\/ff5851926e876d68ad5a1983f3c646eba2e5ccaa5e5ed443a4ed61430092fdff?s=96&d=mm&r=g\",\"caption\":\"Alba Mar\u00eda Garc\u00eda Rasero\"},\"description\":\"Especialista en Psicolog\u00eda\",\"url\":\"https:\\\/\\\/www.saludonnet.com\\\/blog\\\/author\\\/alba-maria-garcia\\\/\"}]}<\/script>\n<!-- \/ Yoast SEO plugin. -->","yoast_head_json":{"title":"Terrores nocturnos y h\u00e1bitos de sue\u00f1o: c\u00f3mo promover un descanso saludable","description":"Los terrores nocturnos son m\u00e1s que pesadillas. Ocurren en la fase de sue\u00f1o profundo y no se recuerdan. Te contamos c\u00f3mo identificarlos.","robots":{"index":"index","follow":"follow","max-snippet":"max-snippet:-1","max-image-preview":"max-image-preview:large","max-video-preview":"max-video-preview:-1"},"canonical":"https:\/\/www.saludonnet.com\/blog\/terrores-nocturnos-y-habitos-de-sueno-como-promover-un-descanso-saludable\/","og_locale":"es_ES","og_type":"article","og_title":"Terrores nocturnos y h\u00e1bitos de sue\u00f1o: c\u00f3mo promover un descanso saludable","og_description":"Los terrores nocturnos son m\u00e1s que pesadillas. Ocurren en la fase de sue\u00f1o profundo y no se recuerdan. Te contamos c\u00f3mo identificarlos.","og_url":"https:\/\/www.saludonnet.com\/blog\/terrores-nocturnos-y-habitos-de-sueno-como-promover-un-descanso-saludable\/","og_site_name":"Blog SaludOnNet","article_publisher":"https:\/\/www.facebook.com\/pages\/SaludOnNet\/214957498526536","article_published_time":"2023-11-09T10:26:00+00:00","article_modified_time":"2024-02-07T07:48:48+00:00","og_image":[{"width":800,"height":400,"url":"https:\/\/www.saludonnet.com\/blog\/wp-content\/uploads\/2023\/11\/terrores-nocturnos.jpg","type":"image\/jpeg"}],"author":"Alba Mar\u00eda Garc\u00eda Rasero","twitter_card":"summary_large_image","twitter_title":"Terrores nocturnos y h\u00e1bitos de sue\u00f1o: c\u00f3mo promover un descanso saludable","twitter_description":"Los terrores nocturnos son m\u00e1s que pesadillas. Ocurren en la fase de sue\u00f1o profundo y no se recuerdan. Te contamos c\u00f3mo identificarlos.","twitter_image":"https:\/\/soncdn.azureedge.net\/blog\/wp-content\/uploads\/2023\/11\/terrores-nocturnos.jpg","twitter_creator":"@saludonnet","twitter_site":"@saludonnet","twitter_misc":{"Escrito por":"Alba Mar\u00eda Garc\u00eda Rasero","Tiempo de lectura":"4 minutos"},"schema":{"@context":"https:\/\/schema.org","@graph":[{"@type":"Article","@id":"https:\/\/www.saludonnet.com\/blog\/terrores-nocturnos-y-habitos-de-sueno-como-promover-un-descanso-saludable\/#article","isPartOf":{"@id":"https:\/\/www.saludonnet.com\/blog\/terrores-nocturnos-y-habitos-de-sueno-como-promover-un-descanso-saludable\/"},"author":{"name":"Alba Mar\u00eda Garc\u00eda Rasero","@id":"https:\/\/www.saludonnet.com\/blog\/#\/schema\/person\/57f97b8928bf9200438151830e36c934"},"headline":"Terrores nocturnos y h\u00e1bitos de sue\u00f1o: c\u00f3mo promover un descanso saludable","datePublished":"2023-11-09T10:26:00+00:00","dateModified":"2024-02-07T07:48:48+00:00","mainEntityOfPage":{"@id":"https:\/\/www.saludonnet.com\/blog\/terrores-nocturnos-y-habitos-de-sueno-como-promover-un-descanso-saludable\/"},"wordCount":767,"commentCount":0,"publisher":{"@id":"https:\/\/www.saludonnet.com\/blog\/#organization"},"image":{"@id":"https:\/\/www.saludonnet.com\/blog\/terrores-nocturnos-y-habitos-de-sueno-como-promover-un-descanso-saludable\/#primaryimage"},"thumbnailUrl":"https:\/\/soncdn.azureedge.net\/blog\/wp-content\/uploads\/2023\/11\/terrores-nocturnos.jpg","keywords":["Consulta de Psicolog\u00eda"],"articleSection":["Psicolog\u00eda"],"inLanguage":"es","potentialAction":[{"@type":"CommentAction","name":"Comment","target":["https:\/\/www.saludonnet.com\/blog\/terrores-nocturnos-y-habitos-de-sueno-como-promover-un-descanso-saludable\/#respond"]}]},{"@type":"WebPage","@id":"https:\/\/www.saludonnet.com\/blog\/terrores-nocturnos-y-habitos-de-sueno-como-promover-un-descanso-saludable\/","url":"https:\/\/www.saludonnet.com\/blog\/terrores-nocturnos-y-habitos-de-sueno-como-promover-un-descanso-saludable\/","name":"Terrores nocturnos y h\u00e1bitos de sue\u00f1o: c\u00f3mo promover un descanso saludable","isPartOf":{"@id":"https:\/\/www.saludonnet.com\/blog\/#website"},"primaryImageOfPage":{"@id":"https:\/\/www.saludonnet.com\/blog\/terrores-nocturnos-y-habitos-de-sueno-como-promover-un-descanso-saludable\/#primaryimage"},"image":{"@id":"https:\/\/www.saludonnet.com\/blog\/terrores-nocturnos-y-habitos-de-sueno-como-promover-un-descanso-saludable\/#primaryimage"},"thumbnailUrl":"https:\/\/soncdn.azureedge.net\/blog\/wp-content\/uploads\/2023\/11\/terrores-nocturnos.jpg","datePublished":"2023-11-09T10:26:00+00:00","dateModified":"2024-02-07T07:48:48+00:00","description":"Los terrores nocturnos son m\u00e1s que pesadillas. Ocurren en la fase de sue\u00f1o profundo y no se recuerdan. Te contamos c\u00f3mo identificarlos.","breadcrumb":{"@id":"https:\/\/www.saludonnet.com\/blog\/terrores-nocturnos-y-habitos-de-sueno-como-promover-un-descanso-saludable\/#breadcrumb"},"inLanguage":"es","potentialAction":[{"@type":"ReadAction","target":["https:\/\/www.saludonnet.com\/blog\/terrores-nocturnos-y-habitos-de-sueno-como-promover-un-descanso-saludable\/"]}]},{"@type":"ImageObject","inLanguage":"es","@id":"https:\/\/www.saludonnet.com\/blog\/terrores-nocturnos-y-habitos-de-sueno-como-promover-un-descanso-saludable\/#primaryimage","url":"https:\/\/soncdn.azureedge.net\/blog\/wp-content\/uploads\/2023\/11\/terrores-nocturnos.jpg","contentUrl":"https:\/\/soncdn.azureedge.net\/blog\/wp-content\/uploads\/2023\/11\/terrores-nocturnos.jpg","width":800,"height":400,"caption":"terrores nocturnos"},{"@type":"BreadcrumbList","@id":"https:\/\/www.saludonnet.com\/blog\/terrores-nocturnos-y-habitos-de-sueno-como-promover-un-descanso-saludable\/#breadcrumb","itemListElement":[{"@type":"ListItem","position":1,"name":"Portada","item":"https:\/\/www.saludonnet.com\/blog\/"},{"@type":"ListItem","position":2,"name":"Psicolog\u00eda","item":"https:\/\/www.saludonnet.com\/blog\/topic\/psicologia\/"},{"@type":"ListItem","position":3,"name":"Terrores nocturnos y h\u00e1bitos de sue\u00f1o: c\u00f3mo promover un descanso saludable"}]},{"@type":"WebSite","@id":"https:\/\/www.saludonnet.com\/blog\/#website","url":"https:\/\/www.saludonnet.com\/blog\/","name":"Blog SaludOnNet","description":"Un espacio donde encontrar\u00e1s consejos y art\u00edculos para cuidar de tu salud","publisher":{"@id":"https:\/\/www.saludonnet.com\/blog\/#organization"},"potentialAction":[{"@type":"SearchAction","target":{"@type":"EntryPoint","urlTemplate":"https:\/\/www.saludonnet.com\/blog\/?s={search_term_string}"},"query-input":{"@type":"PropertyValueSpecification","valueRequired":true,"valueName":"search_term_string"}}],"inLanguage":"es"},{"@type":"Organization","@id":"https:\/\/www.saludonnet.com\/blog\/#organization","name":"SaludOnNet","url":"https:\/\/www.saludonnet.com\/blog\/","logo":{"@type":"ImageObject","inLanguage":"es","@id":"https:\/\/www.saludonnet.com\/blog\/#\/schema\/logo\/image\/","url":"https:\/\/www.saludonnet.com\/blog\/wp-content\/uploads\/2019\/07\/Logo-SaludOnNet.png","contentUrl":"https:\/\/www.saludonnet.com\/blog\/wp-content\/uploads\/2019\/07\/Logo-SaludOnNet.png","width":1140,"height":377,"caption":"SaludOnNet"},"image":{"@id":"https:\/\/www.saludonnet.com\/blog\/#\/schema\/logo\/image\/"},"sameAs":["https:\/\/www.facebook.com\/pages\/SaludOnNet\/214957498526536","https:\/\/x.com\/saludonnet","https:\/\/www.instagram.com\/saludonnet\/","https:\/\/www.linkedin.com\/company\/saludonnet\/","https:\/\/www.youtube.com\/channel\/UCag68GsnagqzNb6C3G-S9vQ"]},{"@type":"Person","@id":"https:\/\/www.saludonnet.com\/blog\/#\/schema\/person\/57f97b8928bf9200438151830e36c934","name":"Alba Mar\u00eda Garc\u00eda Rasero","image":{"@type":"ImageObject","inLanguage":"es","@id":"https:\/\/secure.gravatar.com\/avatar\/ff5851926e876d68ad5a1983f3c646eba2e5ccaa5e5ed443a4ed61430092fdff?s=96&d=mm&r=g","url":"https:\/\/secure.gravatar.com\/avatar\/ff5851926e876d68ad5a1983f3c646eba2e5ccaa5e5ed443a4ed61430092fdff?s=96&d=mm&r=g","contentUrl":"https:\/\/secure.gravatar.com\/avatar\/ff5851926e876d68ad5a1983f3c646eba2e5ccaa5e5ed443a4ed61430092fdff?s=96&d=mm&r=g","caption":"Alba Mar\u00eda Garc\u00eda Rasero"},"description":"Especialista en Psicolog\u00eda","url":"https:\/\/www.saludonnet.com\/blog\/author\/alba-maria-garcia\/"}]}},"acf":[],"_links":{"self":[{"href":"https:\/\/www.saludonnet.com\/blog\/wp-json\/wp\/v2\/posts\/15783","targetHints":{"allow":["GET"]}}],"collection":[{"href":"https:\/\/www.saludonnet.com\/blog\/wp-json\/wp\/v2\/posts"}],"about":[{"href":"https:\/\/www.saludonnet.com\/blog\/wp-json\/wp\/v2\/types\/post"}],"author":[{"embeddable":true,"href":"https:\/\/www.saludonnet.com\/blog\/wp-json\/wp\/v2\/users\/18"}],"replies":[{"embeddable":true,"href":"https:\/\/www.saludonnet.com\/blog\/wp-json\/wp\/v2\/comments?post=15783"}],"version-history":[{"count":16,"href":"https:\/\/www.saludonnet.com\/blog\/wp-json\/wp\/v2\/posts\/15783\/revisions"}],"predecessor-version":[{"id":16644,"href":"https:\/\/www.saludonnet.com\/blog\/wp-json\/wp\/v2\/posts\/15783\/revisions\/16644"}],"wp:featuredmedia":[{"embeddable":true,"href":"https:\/\/www.saludonnet.com\/blog\/wp-json\/wp\/v2\/media\/15770"}],"wp:attachment":[{"href":"https:\/\/www.saludonnet.com\/blog\/wp-json\/wp\/v2\/media?parent=15783"}],"wp:term":[{"taxonomy":"category","embeddable":true,"href":"https:\/\/www.saludonnet.com\/blog\/wp-json\/wp\/v2\/categories?post=15783"},{"taxonomy":"post_tag","embeddable":true,"href":"https:\/\/www.saludonnet.com\/blog\/wp-json\/wp\/v2\/tags?post=15783"}],"curies":[{"name":"wp","href":"https:\/\/api.w.org\/{rel}","templated":true}]}}