{"id":15776,"date":"2023-11-09T11:32:00","date_gmt":"2023-11-09T10:32:00","guid":{"rendered":"https:\/\/www.saludonnet.com\/blog\/?p=15776"},"modified":"2024-02-07T08:48:31","modified_gmt":"2024-02-07T07:48:31","slug":"ninos-y-ninas-con-altas-capacidades-desarrollando-su-potencial-al-maximo","status":"publish","type":"post","link":"https:\/\/www.saludonnet.com\/blog\/ninos-y-ninas-con-altas-capacidades-desarrollando-su-potencial-al-maximo\/","title":{"rendered":"Ni\u00f1os y ni\u00f1as con altas capacidades: desarrollando su potencial al m\u00e1ximo"},"content":{"rendered":"\n<p>En nuestra sociedad, es esencial comprender y respaldar a los ni\u00f1os y ni\u00f1as con altas capacidades. Actualmente, <strong>menos del 2% de los ni\u00f1os est\u00e1n identificados como altas capacidades<\/strong>. Estos individuos poseen un potencial intelectual excepcional que sobrepasa ampliamente las normas de desarrollo promedio. Sin embargo, suelen enfrentar desaf\u00edos singulares debido a la falta de comprensi\u00f3n y apoyo adecuado en los entornos educativos y sociales.<\/p>\n\n\n\n<p>En este art\u00edculo, exploraremos la realidad de los ni\u00f1os y ni\u00f1as con altas capacidades, destacando sus caracter\u00edsticas y necesidades espec\u00edficas. Asimismo, proporcionaremos consejos valiosos para padres, educadores y la comunidad en general, con el prop\u00f3sito de fomentar un entorno propicio para el crecimiento y desarrollo de estos ni\u00f1os excepcionales.<\/p>\n\n\n\n<h2 class=\"wp-block-heading\"><strong>\u00bfQu\u00e9 son las altas capacidades?<\/strong><\/h2>\n\n\n\n<p>Seg\u00fan el enfoque que se adopte, existen diversas definiciones de superdotaci\u00f3n. No obstante, la Oficina de Educaci\u00f3n de Estados Unidos proporcion\u00f3 una definici\u00f3n con el prop\u00f3sito de unificar los diversos criterios existentes:<\/p>\n\n\n\n<p><em>\u201cLos ni\u00f1os superdotados y talentosos son aquellos sujetos, identificados por profesionales cualificados, por su alto rendimiento y altas habilidades. Son individuos que requieren programas educativos diferenciales y\/o servicios especiales, no proporcionados por los programas regulares para contribuir a su alto rendimiento en la sociedad\u201d<\/em>&nbsp;(Marland, 1972).<\/p>\n\n\n\n<h2 class=\"wp-block-heading\"><strong>Caracter\u00edsticas de los ni\u00f1os y ni\u00f1as con altas capacidades<\/strong><\/h2>\n\n\n\n<p>Los ni\u00f1os y ni\u00f1as con altas capacidades presentan caracter\u00edsticas distintivas que los diferencian de sus pares.<\/p>\n\n\n\n<p>Seg\u00fan el modelo de los tres anillos de la superdotaci\u00f3n (Renzulli, 1990, 1994), el ni\u00f1o con altas capacidades es aquella persona que posee las siguientes caracter\u00edsticas: <strong>una capacidad intelectual superior a la media, creatividad e implicaci\u00f3n en la tarea<\/strong>. En otras palabras, dir\u00edamos que es una persona que hace un buen uso de la informaci\u00f3n y que presenta una alta originalidad, pensamiento divergente y con la suficiente motivaci\u00f3n como para materializar su potencial.<\/p>\n\n\n\n<p>A parte de estas caracter\u00edsticas, podemos incluir el siguiente listado:<\/p>\n\n\n\n<ul class=\"wp-block-list\">\n<li>Nivel de alerta inusual.<\/li>\n\n\n\n<li>Ritmo de aprendizaje r\u00e1pido.<\/li>\n\n\n\n<li>Una memoria excepcional.<\/li>\n\n\n\n<li>Gran pensamiento abstracto, complejo, l\u00f3gico e intuitivo.<\/li>\n\n\n\n<li>Un sentido de la justicia muy incipiente.<\/li>\n\n\n\n<li>Habilidad destacada para resolver problemas complejos.<\/li>\n\n\n\n<li>Una gran capacidad de concentraci\u00f3n.<\/li>\n\n\n\n<li>Una amplia curiosidad intelectual.<\/li>\n\n\n\n<li>Una habilidad destacada para resolver problemas complejos.<\/li>\n<\/ul>\n\n\n\n<p>Sin embargo, tambi\u00e9n pueden enfrentar dificultades en \u00e1reas como:<\/p>\n\n\n\n<ul class=\"wp-block-list\">\n<li>La interacci\u00f3n social.<\/li>\n\n\n\n<li>La autorregulaci\u00f3n emocional.<\/li>\n\n\n\n<li>Gesti\u00f3n del perfeccionismo.<\/li>\n<\/ul>\n\n\n\n<h2 class=\"wp-block-heading\"><strong>Retos y barreras que enfrentan los ni\u00f1os y ni\u00f1as con altas capacidades<\/strong><\/h2>\n\n\n\n<p>A pesar de su excepcional potencial, los ni\u00f1os y ni\u00f1as con altas capacidades a menudo enfrentan desaf\u00edos y barreras significativas. En muchos casos, sus necesidades particulares no son reconocidas ni atendidas adecuadamente en entornos educativos tradicionales. La <strong>falta de adaptaciones curriculares<\/strong>, la falta de comprensi\u00f3n por parte de sus compa\u00f1eros y la falta de programas espec\u00edficos para su desarrollo pueden llevar a la subestimaci\u00f3n de su potencial y limitar su crecimiento acad\u00e9mico y personal.<\/p>\n\n\n\n<h2 class=\"wp-block-heading\"><strong>Importancia de la identificaci\u00f3n temprana y la evaluaci\u00f3n precisa<\/strong><\/h2>\n\n\n\n<p><strong>La detecci\u00f3n precoz y la evaluaci\u00f3n precisa son aspectos cruciales<\/strong> para proporcionar un apoyo efectivo a los ni\u00f1os y ni\u00f1as con altas capacidades. Si bien las pruebas de coeficiente intelectual (CI) tradicionales pueden ser \u00fatiles, es igualmente relevante considerar otros aspectos, como las habilidades creativas, el pensamiento divergente y la inteligencia emocional.<\/p>\n\n\n\n<p>La identificaci\u00f3n temprana de las altas capacidades va m\u00e1s all\u00e1 de simplemente asignar una etiqueta al ni\u00f1o. A menudo, la sociedad tiende a etiquetar a estos ni\u00f1os con t\u00e9rminos como \u00abfriki,\u00bb \u00abel raro,\u00bb o \u00abel empoll\u00f3n,\u00bb y estos estigmas pueden ser internalizados, afectando su autoestima. Por esta raz\u00f3n, es de suma importancia que la evaluaci\u00f3n sea exhaustiva y multidimensional, lo que permite comprender de manera integral las necesidades y fortalezas individuales de cada ni\u00f1o.<\/p>\n\n\n\n<h2 class=\"wp-block-heading\"><strong>Estrategias de apoyo para padres y educadores<\/strong><\/h2>\n\n\n\n<p><strong>Tanto los padres como los educadores desempe\u00f1an un papel crucial en<\/strong> el apoyo y desarrollo de los ni\u00f1os y ni\u00f1as con altas capacidades. Algunas estrategias efectivas incluyen la creaci\u00f3n de un entorno enriquecedor, la b\u00fasqueda de oportunidades de aprendizaje avanzado, fomentar el desarrollo de habilidades sociales y emocionales, y establecer una comunicaci\u00f3n abierta y constante entre padres, educadores y el ni\u00f1o o ni\u00f1a en cuesti\u00f3n. Tambi\u00e9n es esencial fomentar la aceptaci\u00f3n y la diversidad en la comunidad educativa para garantizar que todos los ni\u00f1os tengan igualdad de oportunidades.<\/p>\n\n\n\n<h2 class=\"wp-block-heading\"><strong>Importancia de la sensibilizaci\u00f3n y el apoyo de la comunidad<\/strong><\/h2>\n\n\n\n<p>La sensibilizaci\u00f3n y el apoyo de la comunidad son fundamentales para asegurar el bienestar y el desarrollo \u00f3ptimo de los ni\u00f1os y ni\u00f1as con altas capacidades. Es importante educar a la sociedad sobre las caracter\u00edsticas y necesidades de estos ni\u00f1os, promoviendo la aceptaci\u00f3n y la inclusi\u00f3n en todos los \u00e1mbitos de la vida. Adem\u00e1s, es esencial establecer una red de apoyo que incluya a profesionales, organizaciones y grupos de padres, donde se compartan recursos, experiencias y consejos para maximizar el potencial de estos ni\u00f1os y ni\u00f1as.<\/p>\n\n\n\n<p>En conclusi\u00f3n, los ni\u00f1os y ni\u00f1as con altas capacidades merecen un apoyo adecuado que reconozca y nutra su excepcional potencial intelectual. A trav\u00e9s de una identificaci\u00f3n temprana, una evaluaci\u00f3n precisa y la implementaci\u00f3n de estrategias de apoyo efectivas, podemos ayudarles a alcanzar su pleno desarrollo acad\u00e9mico, emocional y social. Adem\u00e1s, es fundamental sensibilizar a la comunidad y establecer un entorno inclusivo que valore la diversidad y promueva la igualdad de oportunidades para todos los ni\u00f1os. Juntos, podemos garantizar que los ni\u00f1os y ni\u00f1as con altas capacidades alcancen su m\u00e1ximo potencial y contribuyan positivamente a la sociedad.<\/p>\n\n\n\n<script type=\"application\/ld+json\">\n{\n  \"@context\": \"https:\/\/schema.org\",\n  \"@type\": \"Article\",\n  \"mainEntityOfPage\": {\n    \"@type\": \"WebPage\",\n    \"@id\": \"https:\/\/www.saludonnet.com\/blog\/ninos-y-ninas-con-altas-capacidades-desarrollando-su-potencial-al-maximo\/\"\n  },\n  \"headline\": \"Ni\u00f1os y ni\u00f1as con altas capacidades: desarrollando su potencial al m\u00e1ximo\",\n  \"image\": \"https:\/\/www.saludonnet.com\/blog\/wp-content\/uploads\/2023\/11\/altas-capacidades.jpg\",\n  \"author\": {\n    \"@type\": \"Person\",\n    \"name\": \"Alba Mar\u00eda Garc\u00eda Rasero\",\n    \"url\": \"https:\/\/www.saludonnet.com\/blog\/author\/Alba\/\",\n    \"sameAs\": \"https:\/\/es.linkedin.com\/in\/alba-mar%C3%ADa-garcia-rasero-9a13918b\"\n  },\n  \"datePublished\": \"2023-11-09T08:00:00+08:00\"\n}\n<\/script>\n","protected":false},"excerpt":{"rendered":"<p>Detectar de manera temprana un ni\u00f1o con altas capacidades ayuda a que  puedan desarrollarse en un ambiente que les apoya. <\/p>\n","protected":false},"author":18,"featured_media":15771,"comment_status":"open","ping_status":"open","sticky":false,"template":"","format":"standard","meta":{"footnotes":""},"categories":[81],"tags":[],"class_list":["post-15776","post","type-post","status-publish","format-standard","has-post-thumbnail","hentry","category-psicologia"],"yoast_head":"<!-- This site is optimized with the Yoast SEO plugin v27.5 - https:\/\/yoast.com\/product\/yoast-seo-wordpress\/ -->\n<title>Ni\u00f1os y ni\u00f1as con altas capacidades: desarrollando su potencial al m\u00e1ximo<\/title>\n<meta name=\"description\" content=\"Detectar de manera temprana un ni\u00f1o con altas capacidades ayuda a que puedan desarrollarse en un ambiente que les apoya.\" \/>\n<meta name=\"robots\" content=\"index, follow, max-snippet:-1, max-image-preview:large, max-video-preview:-1\" \/>\n<link rel=\"canonical\" href=\"https:\/\/www.saludonnet.com\/blog\/ninos-y-ninas-con-altas-capacidades-desarrollando-su-potencial-al-maximo\/\" \/>\n<meta property=\"og:locale\" content=\"es_ES\" \/>\n<meta property=\"og:type\" content=\"article\" \/>\n<meta property=\"og:title\" content=\"Ni\u00f1os y ni\u00f1as con altas capacidades: desarrollando su potencial al m\u00e1ximo\" \/>\n<meta property=\"og:description\" content=\"Detectar de manera temprana un ni\u00f1o con altas capacidades ayuda a que puedan desarrollarse en un ambiente que les apoya.\" \/>\n<meta property=\"og:url\" content=\"https:\/\/www.saludonnet.com\/blog\/ninos-y-ninas-con-altas-capacidades-desarrollando-su-potencial-al-maximo\/\" \/>\n<meta property=\"og:site_name\" content=\"Blog SaludOnNet\" \/>\n<meta property=\"article:publisher\" content=\"https:\/\/www.facebook.com\/pages\/SaludOnNet\/214957498526536\" \/>\n<meta property=\"article:published_time\" content=\"2023-11-09T10:32:00+00:00\" \/>\n<meta property=\"article:modified_time\" content=\"2024-02-07T07:48:31+00:00\" \/>\n<meta property=\"og:image\" content=\"https:\/\/www.saludonnet.com\/blog\/wp-content\/uploads\/2023\/11\/altas-capacidades.jpg\" \/>\n\t<meta property=\"og:image:width\" content=\"800\" \/>\n\t<meta property=\"og:image:height\" content=\"400\" \/>\n\t<meta property=\"og:image:type\" content=\"image\/jpeg\" \/>\n<meta name=\"author\" content=\"Alba Mar\u00eda Garc\u00eda Rasero\" \/>\n<meta name=\"twitter:card\" content=\"summary_large_image\" \/>\n<meta name=\"twitter:title\" content=\"Ni\u00f1os y ni\u00f1as con altas capacidades: desarrollando su potencial al m\u00e1ximo\" \/>\n<meta name=\"twitter:description\" content=\"Detectar de manera temprana un ni\u00f1o con altas capacidades ayuda a que puedan desarrollarse en un ambiente que les apoya.\" \/>\n<meta name=\"twitter:image\" content=\"https:\/\/soncdn.azureedge.net\/blog\/wp-content\/uploads\/2023\/11\/altas-capacidades.jpg\" \/>\n<meta name=\"twitter:creator\" content=\"@saludonnet\" \/>\n<meta name=\"twitter:site\" content=\"@saludonnet\" \/>\n<meta name=\"twitter:label1\" content=\"Escrito por\" \/>\n\t<meta name=\"twitter:data1\" content=\"Alba Mar\u00eda Garc\u00eda Rasero\" \/>\n\t<meta name=\"twitter:label2\" content=\"Tiempo de lectura\" \/>\n\t<meta name=\"twitter:data2\" content=\"5 minutos\" \/>\n<script type=\"application\/ld+json\" class=\"yoast-schema-graph\">{\"@context\":\"https:\\\/\\\/schema.org\",\"@graph\":[{\"@type\":\"Article\",\"@id\":\"https:\\\/\\\/www.saludonnet.com\\\/blog\\\/ninos-y-ninas-con-altas-capacidades-desarrollando-su-potencial-al-maximo\\\/#article\",\"isPartOf\":{\"@id\":\"https:\\\/\\\/www.saludonnet.com\\\/blog\\\/ninos-y-ninas-con-altas-capacidades-desarrollando-su-potencial-al-maximo\\\/\"},\"author\":{\"name\":\"Alba Mar\u00eda Garc\u00eda Rasero\",\"@id\":\"https:\\\/\\\/www.saludonnet.com\\\/blog\\\/#\\\/schema\\\/person\\\/57f97b8928bf9200438151830e36c934\"},\"headline\":\"Ni\u00f1os y ni\u00f1as con altas capacidades: desarrollando su potencial al m\u00e1ximo\",\"datePublished\":\"2023-11-09T10:32:00+00:00\",\"dateModified\":\"2024-02-07T07:48:31+00:00\",\"mainEntityOfPage\":{\"@id\":\"https:\\\/\\\/www.saludonnet.com\\\/blog\\\/ninos-y-ninas-con-altas-capacidades-desarrollando-su-potencial-al-maximo\\\/\"},\"wordCount\":991,\"commentCount\":0,\"publisher\":{\"@id\":\"https:\\\/\\\/www.saludonnet.com\\\/blog\\\/#organization\"},\"image\":{\"@id\":\"https:\\\/\\\/www.saludonnet.com\\\/blog\\\/ninos-y-ninas-con-altas-capacidades-desarrollando-su-potencial-al-maximo\\\/#primaryimage\"},\"thumbnailUrl\":\"https:\\\/\\\/soncdn.azureedge.net\\\/blog\\\/wp-content\\\/uploads\\\/2023\\\/11\\\/altas-capacidades.jpg\",\"articleSection\":[\"Psicolog\u00eda\"],\"inLanguage\":\"es\",\"potentialAction\":[{\"@type\":\"CommentAction\",\"name\":\"Comment\",\"target\":[\"https:\\\/\\\/www.saludonnet.com\\\/blog\\\/ninos-y-ninas-con-altas-capacidades-desarrollando-su-potencial-al-maximo\\\/#respond\"]}]},{\"@type\":\"WebPage\",\"@id\":\"https:\\\/\\\/www.saludonnet.com\\\/blog\\\/ninos-y-ninas-con-altas-capacidades-desarrollando-su-potencial-al-maximo\\\/\",\"url\":\"https:\\\/\\\/www.saludonnet.com\\\/blog\\\/ninos-y-ninas-con-altas-capacidades-desarrollando-su-potencial-al-maximo\\\/\",\"name\":\"Ni\u00f1os y ni\u00f1as con altas capacidades: desarrollando su potencial al m\u00e1ximo\",\"isPartOf\":{\"@id\":\"https:\\\/\\\/www.saludonnet.com\\\/blog\\\/#website\"},\"primaryImageOfPage\":{\"@id\":\"https:\\\/\\\/www.saludonnet.com\\\/blog\\\/ninos-y-ninas-con-altas-capacidades-desarrollando-su-potencial-al-maximo\\\/#primaryimage\"},\"image\":{\"@id\":\"https:\\\/\\\/www.saludonnet.com\\\/blog\\\/ninos-y-ninas-con-altas-capacidades-desarrollando-su-potencial-al-maximo\\\/#primaryimage\"},\"thumbnailUrl\":\"https:\\\/\\\/soncdn.azureedge.net\\\/blog\\\/wp-content\\\/uploads\\\/2023\\\/11\\\/altas-capacidades.jpg\",\"datePublished\":\"2023-11-09T10:32:00+00:00\",\"dateModified\":\"2024-02-07T07:48:31+00:00\",\"description\":\"Detectar de manera temprana un ni\u00f1o con altas capacidades ayuda a que puedan desarrollarse en un ambiente que les apoya.\",\"breadcrumb\":{\"@id\":\"https:\\\/\\\/www.saludonnet.com\\\/blog\\\/ninos-y-ninas-con-altas-capacidades-desarrollando-su-potencial-al-maximo\\\/#breadcrumb\"},\"inLanguage\":\"es\",\"potentialAction\":[{\"@type\":\"ReadAction\",\"target\":[\"https:\\\/\\\/www.saludonnet.com\\\/blog\\\/ninos-y-ninas-con-altas-capacidades-desarrollando-su-potencial-al-maximo\\\/\"]}]},{\"@type\":\"ImageObject\",\"inLanguage\":\"es\",\"@id\":\"https:\\\/\\\/www.saludonnet.com\\\/blog\\\/ninos-y-ninas-con-altas-capacidades-desarrollando-su-potencial-al-maximo\\\/#primaryimage\",\"url\":\"https:\\\/\\\/soncdn.azureedge.net\\\/blog\\\/wp-content\\\/uploads\\\/2023\\\/11\\\/altas-capacidades.jpg\",\"contentUrl\":\"https:\\\/\\\/soncdn.azureedge.net\\\/blog\\\/wp-content\\\/uploads\\\/2023\\\/11\\\/altas-capacidades.jpg\",\"width\":800,\"height\":400,\"caption\":\"altas capacidades\"},{\"@type\":\"BreadcrumbList\",\"@id\":\"https:\\\/\\\/www.saludonnet.com\\\/blog\\\/ninos-y-ninas-con-altas-capacidades-desarrollando-su-potencial-al-maximo\\\/#breadcrumb\",\"itemListElement\":[{\"@type\":\"ListItem\",\"position\":1,\"name\":\"Portada\",\"item\":\"https:\\\/\\\/www.saludonnet.com\\\/blog\\\/\"},{\"@type\":\"ListItem\",\"position\":2,\"name\":\"Psicolog\u00eda\",\"item\":\"https:\\\/\\\/www.saludonnet.com\\\/blog\\\/topic\\\/psicologia\\\/\"},{\"@type\":\"ListItem\",\"position\":3,\"name\":\"Ni\u00f1os y ni\u00f1as con altas capacidades: desarrollando su potencial al m\u00e1ximo\"}]},{\"@type\":\"WebSite\",\"@id\":\"https:\\\/\\\/www.saludonnet.com\\\/blog\\\/#website\",\"url\":\"https:\\\/\\\/www.saludonnet.com\\\/blog\\\/\",\"name\":\"Blog SaludOnNet\",\"description\":\"Un espacio donde encontrar\u00e1s consejos y art\u00edculos para cuidar de tu salud\",\"publisher\":{\"@id\":\"https:\\\/\\\/www.saludonnet.com\\\/blog\\\/#organization\"},\"potentialAction\":[{\"@type\":\"SearchAction\",\"target\":{\"@type\":\"EntryPoint\",\"urlTemplate\":\"https:\\\/\\\/www.saludonnet.com\\\/blog\\\/?s={search_term_string}\"},\"query-input\":{\"@type\":\"PropertyValueSpecification\",\"valueRequired\":true,\"valueName\":\"search_term_string\"}}],\"inLanguage\":\"es\"},{\"@type\":\"Organization\",\"@id\":\"https:\\\/\\\/www.saludonnet.com\\\/blog\\\/#organization\",\"name\":\"SaludOnNet\",\"url\":\"https:\\\/\\\/www.saludonnet.com\\\/blog\\\/\",\"logo\":{\"@type\":\"ImageObject\",\"inLanguage\":\"es\",\"@id\":\"https:\\\/\\\/www.saludonnet.com\\\/blog\\\/#\\\/schema\\\/logo\\\/image\\\/\",\"url\":\"https:\\\/\\\/www.saludonnet.com\\\/blog\\\/wp-content\\\/uploads\\\/2019\\\/07\\\/Logo-SaludOnNet.png\",\"contentUrl\":\"https:\\\/\\\/www.saludonnet.com\\\/blog\\\/wp-content\\\/uploads\\\/2019\\\/07\\\/Logo-SaludOnNet.png\",\"width\":1140,\"height\":377,\"caption\":\"SaludOnNet\"},\"image\":{\"@id\":\"https:\\\/\\\/www.saludonnet.com\\\/blog\\\/#\\\/schema\\\/logo\\\/image\\\/\"},\"sameAs\":[\"https:\\\/\\\/www.facebook.com\\\/pages\\\/SaludOnNet\\\/214957498526536\",\"https:\\\/\\\/x.com\\\/saludonnet\",\"https:\\\/\\\/www.instagram.com\\\/saludonnet\\\/\",\"https:\\\/\\\/www.linkedin.com\\\/company\\\/saludonnet\\\/\",\"https:\\\/\\\/www.youtube.com\\\/channel\\\/UCag68GsnagqzNb6C3G-S9vQ\"]},{\"@type\":\"Person\",\"@id\":\"https:\\\/\\\/www.saludonnet.com\\\/blog\\\/#\\\/schema\\\/person\\\/57f97b8928bf9200438151830e36c934\",\"name\":\"Alba Mar\u00eda Garc\u00eda Rasero\",\"image\":{\"@type\":\"ImageObject\",\"inLanguage\":\"es\",\"@id\":\"https:\\\/\\\/secure.gravatar.com\\\/avatar\\\/ff5851926e876d68ad5a1983f3c646eba2e5ccaa5e5ed443a4ed61430092fdff?s=96&d=mm&r=g\",\"url\":\"https:\\\/\\\/secure.gravatar.com\\\/avatar\\\/ff5851926e876d68ad5a1983f3c646eba2e5ccaa5e5ed443a4ed61430092fdff?s=96&d=mm&r=g\",\"contentUrl\":\"https:\\\/\\\/secure.gravatar.com\\\/avatar\\\/ff5851926e876d68ad5a1983f3c646eba2e5ccaa5e5ed443a4ed61430092fdff?s=96&d=mm&r=g\",\"caption\":\"Alba Mar\u00eda Garc\u00eda Rasero\"},\"description\":\"Especialista en Psicolog\u00eda\",\"url\":\"https:\\\/\\\/www.saludonnet.com\\\/blog\\\/author\\\/alba-maria-garcia\\\/\"}]}<\/script>\n<!-- \/ Yoast SEO plugin. -->","yoast_head_json":{"title":"Ni\u00f1os y ni\u00f1as con altas capacidades: desarrollando su potencial al m\u00e1ximo","description":"Detectar de manera temprana un ni\u00f1o con altas capacidades ayuda a que puedan desarrollarse en un ambiente que les apoya.","robots":{"index":"index","follow":"follow","max-snippet":"max-snippet:-1","max-image-preview":"max-image-preview:large","max-video-preview":"max-video-preview:-1"},"canonical":"https:\/\/www.saludonnet.com\/blog\/ninos-y-ninas-con-altas-capacidades-desarrollando-su-potencial-al-maximo\/","og_locale":"es_ES","og_type":"article","og_title":"Ni\u00f1os y ni\u00f1as con altas capacidades: desarrollando su potencial al m\u00e1ximo","og_description":"Detectar de manera temprana un ni\u00f1o con altas capacidades ayuda a que puedan desarrollarse en un ambiente que les apoya.","og_url":"https:\/\/www.saludonnet.com\/blog\/ninos-y-ninas-con-altas-capacidades-desarrollando-su-potencial-al-maximo\/","og_site_name":"Blog SaludOnNet","article_publisher":"https:\/\/www.facebook.com\/pages\/SaludOnNet\/214957498526536","article_published_time":"2023-11-09T10:32:00+00:00","article_modified_time":"2024-02-07T07:48:31+00:00","og_image":[{"width":800,"height":400,"url":"https:\/\/www.saludonnet.com\/blog\/wp-content\/uploads\/2023\/11\/altas-capacidades.jpg","type":"image\/jpeg"}],"author":"Alba Mar\u00eda Garc\u00eda Rasero","twitter_card":"summary_large_image","twitter_title":"Ni\u00f1os y ni\u00f1as con altas capacidades: desarrollando su potencial al m\u00e1ximo","twitter_description":"Detectar de manera temprana un ni\u00f1o con altas capacidades ayuda a que puedan desarrollarse en un ambiente que les apoya.","twitter_image":"https:\/\/soncdn.azureedge.net\/blog\/wp-content\/uploads\/2023\/11\/altas-capacidades.jpg","twitter_creator":"@saludonnet","twitter_site":"@saludonnet","twitter_misc":{"Escrito por":"Alba Mar\u00eda Garc\u00eda Rasero","Tiempo de lectura":"5 minutos"},"schema":{"@context":"https:\/\/schema.org","@graph":[{"@type":"Article","@id":"https:\/\/www.saludonnet.com\/blog\/ninos-y-ninas-con-altas-capacidades-desarrollando-su-potencial-al-maximo\/#article","isPartOf":{"@id":"https:\/\/www.saludonnet.com\/blog\/ninos-y-ninas-con-altas-capacidades-desarrollando-su-potencial-al-maximo\/"},"author":{"name":"Alba Mar\u00eda Garc\u00eda Rasero","@id":"https:\/\/www.saludonnet.com\/blog\/#\/schema\/person\/57f97b8928bf9200438151830e36c934"},"headline":"Ni\u00f1os y ni\u00f1as con altas capacidades: desarrollando su potencial al m\u00e1ximo","datePublished":"2023-11-09T10:32:00+00:00","dateModified":"2024-02-07T07:48:31+00:00","mainEntityOfPage":{"@id":"https:\/\/www.saludonnet.com\/blog\/ninos-y-ninas-con-altas-capacidades-desarrollando-su-potencial-al-maximo\/"},"wordCount":991,"commentCount":0,"publisher":{"@id":"https:\/\/www.saludonnet.com\/blog\/#organization"},"image":{"@id":"https:\/\/www.saludonnet.com\/blog\/ninos-y-ninas-con-altas-capacidades-desarrollando-su-potencial-al-maximo\/#primaryimage"},"thumbnailUrl":"https:\/\/soncdn.azureedge.net\/blog\/wp-content\/uploads\/2023\/11\/altas-capacidades.jpg","articleSection":["Psicolog\u00eda"],"inLanguage":"es","potentialAction":[{"@type":"CommentAction","name":"Comment","target":["https:\/\/www.saludonnet.com\/blog\/ninos-y-ninas-con-altas-capacidades-desarrollando-su-potencial-al-maximo\/#respond"]}]},{"@type":"WebPage","@id":"https:\/\/www.saludonnet.com\/blog\/ninos-y-ninas-con-altas-capacidades-desarrollando-su-potencial-al-maximo\/","url":"https:\/\/www.saludonnet.com\/blog\/ninos-y-ninas-con-altas-capacidades-desarrollando-su-potencial-al-maximo\/","name":"Ni\u00f1os y ni\u00f1as con altas capacidades: desarrollando su potencial al m\u00e1ximo","isPartOf":{"@id":"https:\/\/www.saludonnet.com\/blog\/#website"},"primaryImageOfPage":{"@id":"https:\/\/www.saludonnet.com\/blog\/ninos-y-ninas-con-altas-capacidades-desarrollando-su-potencial-al-maximo\/#primaryimage"},"image":{"@id":"https:\/\/www.saludonnet.com\/blog\/ninos-y-ninas-con-altas-capacidades-desarrollando-su-potencial-al-maximo\/#primaryimage"},"thumbnailUrl":"https:\/\/soncdn.azureedge.net\/blog\/wp-content\/uploads\/2023\/11\/altas-capacidades.jpg","datePublished":"2023-11-09T10:32:00+00:00","dateModified":"2024-02-07T07:48:31+00:00","description":"Detectar de manera temprana un ni\u00f1o con altas capacidades ayuda a que puedan desarrollarse en un ambiente que les apoya.","breadcrumb":{"@id":"https:\/\/www.saludonnet.com\/blog\/ninos-y-ninas-con-altas-capacidades-desarrollando-su-potencial-al-maximo\/#breadcrumb"},"inLanguage":"es","potentialAction":[{"@type":"ReadAction","target":["https:\/\/www.saludonnet.com\/blog\/ninos-y-ninas-con-altas-capacidades-desarrollando-su-potencial-al-maximo\/"]}]},{"@type":"ImageObject","inLanguage":"es","@id":"https:\/\/www.saludonnet.com\/blog\/ninos-y-ninas-con-altas-capacidades-desarrollando-su-potencial-al-maximo\/#primaryimage","url":"https:\/\/soncdn.azureedge.net\/blog\/wp-content\/uploads\/2023\/11\/altas-capacidades.jpg","contentUrl":"https:\/\/soncdn.azureedge.net\/blog\/wp-content\/uploads\/2023\/11\/altas-capacidades.jpg","width":800,"height":400,"caption":"altas capacidades"},{"@type":"BreadcrumbList","@id":"https:\/\/www.saludonnet.com\/blog\/ninos-y-ninas-con-altas-capacidades-desarrollando-su-potencial-al-maximo\/#breadcrumb","itemListElement":[{"@type":"ListItem","position":1,"name":"Portada","item":"https:\/\/www.saludonnet.com\/blog\/"},{"@type":"ListItem","position":2,"name":"Psicolog\u00eda","item":"https:\/\/www.saludonnet.com\/blog\/topic\/psicologia\/"},{"@type":"ListItem","position":3,"name":"Ni\u00f1os y ni\u00f1as con altas capacidades: desarrollando su potencial al m\u00e1ximo"}]},{"@type":"WebSite","@id":"https:\/\/www.saludonnet.com\/blog\/#website","url":"https:\/\/www.saludonnet.com\/blog\/","name":"Blog SaludOnNet","description":"Un espacio donde encontrar\u00e1s consejos y art\u00edculos para cuidar de tu salud","publisher":{"@id":"https:\/\/www.saludonnet.com\/blog\/#organization"},"potentialAction":[{"@type":"SearchAction","target":{"@type":"EntryPoint","urlTemplate":"https:\/\/www.saludonnet.com\/blog\/?s={search_term_string}"},"query-input":{"@type":"PropertyValueSpecification","valueRequired":true,"valueName":"search_term_string"}}],"inLanguage":"es"},{"@type":"Organization","@id":"https:\/\/www.saludonnet.com\/blog\/#organization","name":"SaludOnNet","url":"https:\/\/www.saludonnet.com\/blog\/","logo":{"@type":"ImageObject","inLanguage":"es","@id":"https:\/\/www.saludonnet.com\/blog\/#\/schema\/logo\/image\/","url":"https:\/\/www.saludonnet.com\/blog\/wp-content\/uploads\/2019\/07\/Logo-SaludOnNet.png","contentUrl":"https:\/\/www.saludonnet.com\/blog\/wp-content\/uploads\/2019\/07\/Logo-SaludOnNet.png","width":1140,"height":377,"caption":"SaludOnNet"},"image":{"@id":"https:\/\/www.saludonnet.com\/blog\/#\/schema\/logo\/image\/"},"sameAs":["https:\/\/www.facebook.com\/pages\/SaludOnNet\/214957498526536","https:\/\/x.com\/saludonnet","https:\/\/www.instagram.com\/saludonnet\/","https:\/\/www.linkedin.com\/company\/saludonnet\/","https:\/\/www.youtube.com\/channel\/UCag68GsnagqzNb6C3G-S9vQ"]},{"@type":"Person","@id":"https:\/\/www.saludonnet.com\/blog\/#\/schema\/person\/57f97b8928bf9200438151830e36c934","name":"Alba Mar\u00eda Garc\u00eda Rasero","image":{"@type":"ImageObject","inLanguage":"es","@id":"https:\/\/secure.gravatar.com\/avatar\/ff5851926e876d68ad5a1983f3c646eba2e5ccaa5e5ed443a4ed61430092fdff?s=96&d=mm&r=g","url":"https:\/\/secure.gravatar.com\/avatar\/ff5851926e876d68ad5a1983f3c646eba2e5ccaa5e5ed443a4ed61430092fdff?s=96&d=mm&r=g","contentUrl":"https:\/\/secure.gravatar.com\/avatar\/ff5851926e876d68ad5a1983f3c646eba2e5ccaa5e5ed443a4ed61430092fdff?s=96&d=mm&r=g","caption":"Alba Mar\u00eda Garc\u00eda Rasero"},"description":"Especialista en Psicolog\u00eda","url":"https:\/\/www.saludonnet.com\/blog\/author\/alba-maria-garcia\/"}]}},"acf":[],"_links":{"self":[{"href":"https:\/\/www.saludonnet.com\/blog\/wp-json\/wp\/v2\/posts\/15776","targetHints":{"allow":["GET"]}}],"collection":[{"href":"https:\/\/www.saludonnet.com\/blog\/wp-json\/wp\/v2\/posts"}],"about":[{"href":"https:\/\/www.saludonnet.com\/blog\/wp-json\/wp\/v2\/types\/post"}],"author":[{"embeddable":true,"href":"https:\/\/www.saludonnet.com\/blog\/wp-json\/wp\/v2\/users\/18"}],"replies":[{"embeddable":true,"href":"https:\/\/www.saludonnet.com\/blog\/wp-json\/wp\/v2\/comments?post=15776"}],"version-history":[{"count":8,"href":"https:\/\/www.saludonnet.com\/blog\/wp-json\/wp\/v2\/posts\/15776\/revisions"}],"predecessor-version":[{"id":16643,"href":"https:\/\/www.saludonnet.com\/blog\/wp-json\/wp\/v2\/posts\/15776\/revisions\/16643"}],"wp:featuredmedia":[{"embeddable":true,"href":"https:\/\/www.saludonnet.com\/blog\/wp-json\/wp\/v2\/media\/15771"}],"wp:attachment":[{"href":"https:\/\/www.saludonnet.com\/blog\/wp-json\/wp\/v2\/media?parent=15776"}],"wp:term":[{"taxonomy":"category","embeddable":true,"href":"https:\/\/www.saludonnet.com\/blog\/wp-json\/wp\/v2\/categories?post=15776"},{"taxonomy":"post_tag","embeddable":true,"href":"https:\/\/www.saludonnet.com\/blog\/wp-json\/wp\/v2\/tags?post=15776"}],"curies":[{"name":"wp","href":"https:\/\/api.w.org\/{rel}","templated":true}]}}