{"id":15648,"date":"2023-11-03T15:33:00","date_gmt":"2023-11-03T14:33:00","guid":{"rendered":"https:\/\/www.saludonnet.com\/blog\/?p=15648"},"modified":"2023-11-07T10:20:59","modified_gmt":"2023-11-07T09:20:59","slug":"la-melanosis-gingival-y-su-tratamiento","status":"publish","type":"post","link":"https:\/\/www.saludonnet.com\/blog\/la-melanosis-gingival-y-su-tratamiento\/","title":{"rendered":"La melanosis gingival y su tratamiento"},"content":{"rendered":"\n<p>La <strong>melanosis gingival<\/strong> es una condici\u00f3n en la que <strong>las enc\u00edas se vuelven de color negro o muy oscuro<\/strong>. Esta pigmentaci\u00f3n anormal puede afectar tanto a hombres como a mujeres y presentarse de manera localizada o generalizada en la boca. Aunque puede ser preocupante desde el punto de vista est\u00e9tico, generalmente <strong>no representa un problema grave para la salud<\/strong> <strong>bucal<\/strong>, por lo que no entra dentro del grupo de las <a href=\"https:\/\/www.saludonnet.com\/blog\/principales-enfermedades-de-la-boca\/\">enfermedades de la boca<\/a>.&nbsp;<\/p>\n\n\n\n<h2 class=\"wp-block-heading\">\u00bfQu\u00e9 es la melanosis gingival?<\/h2>\n\n\n\n<p>La melanosis gingival es una condici\u00f3n en la que <strong>las c\u00e9lulas de la mucosa de las enc\u00edas producen un exceso de pigmento<\/strong> llamado melanina, que es el responsable del color de la piel y los tejidos conectivos. Esta cantidad de melanina causa una <strong>hiperpigmentaci\u00f3n de las enc\u00edas<\/strong>, volvi\u00e9ndolas negras o de un color muy oscuro. Es una afecci\u00f3n que no es grave, sino m\u00e1s bien est\u00e9tica. No ocurre lo mismo con la <a href=\"https:\/\/www.saludonnet.com\/blog\/que-significa-tener-la-lengua-blanca\/\">lengua blanca<\/a>, que en ocasiones s\u00ed puede tener una causa subyacente de gravedad.&nbsp;<\/p>\n\n\n\n<h3 class=\"wp-block-heading\">Tipos de melanosis<\/h3>\n\n\n\n<p>Existen diferentes tipos de melanosis y cada uno tiene sus caracter\u00edsticas propias. Las m\u00e1s frecuentes son:&nbsp;<\/p>\n\n\n\n<ul class=\"wp-block-list\">\n<li><strong>Melanosis fisiol\u00f3gica<\/strong>. Es un tipo com\u00fan de pigmentaci\u00f3n gingival que no causa ning\u00fan problema de salud. Suele presentarse en personas de piel oscura y se considera una variaci\u00f3n normal del color de las enc\u00edas. No requiere tratamiento y generalmente no afecta la est\u00e9tica dental.<\/li>\n\n\n\n<li><strong>Melanosis racial<\/strong>. Se observa con mayor frecuencia en personas de ascendencia africana, asi\u00e1tica u oriental. Es similar a la melanosis fisiol\u00f3gica y no tiene consecuencias en la salud. Sin embargo, algunos individuos pueden optar por tratamientos est\u00e9ticos si desean aclarar el color de sus enc\u00edas.<\/li>\n\n\n\n<li><strong>Melanosis medicamentosa<\/strong>. Algunos f\u00e1rmacos, como los anticonceptivos orales, pueden causar melanosis gingival. Los cambios de color en este caso son reversibles y suelen desaparecer despu\u00e9s de suspender el uso del medicamento. Siempre es importante consultar a un m\u00e9dico antes de cambiar o suspender cualquier medicamento.<\/li>\n\n\n\n<li><strong>Melanosis postinflamatoria<\/strong>. Puede ocurrir como resultado de la inflamaci\u00f3n cr\u00f3nica de las enc\u00edas, como la <a href=\"https:\/\/www.saludonnet.com\/blog\/por-que-sangran-las-encias-y-como-se-puede-evitar\/\">gingivitis o la periodontitis<\/a>. Estas condiciones pueden desencadenar una producci\u00f3n excesiva de melanina, el pigmento que da color a la piel y las enc\u00edas. El tratamiento implica tratar la inflamaci\u00f3n y mantener una adecuada higiene bucal.<\/li>\n<\/ul>\n\n\n\n<h2 class=\"wp-block-heading\">Causas de la melanosis gingival<\/h2>\n\n\n\n<p>Las causas de las enc\u00edas negras son a\u00fan desconocidas, aunque se ha observado que puede estar relacionada con <strong>factores gen\u00e9ticos, hormonales y ambientales<\/strong>. Algunas de las causas m\u00e1s comunes incluyen:<\/p>\n\n\n\n<ul class=\"wp-block-list\">\n<li><strong>Tabaco<\/strong>. El humo del tabaco contiene una variedad de sustancias qu\u00edmicas que pueden afectar la producci\u00f3n de melanina en las c\u00e9lulas de las enc\u00edas. En estos casos se habla de <strong>melanosis del fumador<\/strong>; aqu\u00ed el oscurecimiento de la mucosa oral constituye un desaf\u00edo.<\/li>\n\n\n\n<li><strong>Algunos alimentos<\/strong>. El consumo de ciertos alimentos y bebidas, como el caf\u00e9 y el t\u00e9, que contienen pigmentos oscuros, tambi\u00e9n puede contribuir a desarrollar esta condici\u00f3n.<\/li>\n\n\n\n<li><strong>Medicamentos<\/strong>. Algunos medicamentos, como ciertos anticonceptivos orales, pueden tener un impacto en la producci\u00f3n de melanina y pueden contribuir a que aparezca esta condici\u00f3n.<\/li>\n\n\n\n<li><strong>Hormonas<\/strong>. Los cambios hormonales durante el embarazo o la menopausia pueden desencadenarla en algunas personas.<\/li>\n\n\n\n<li><strong>Predisposici\u00f3n gen\u00e9tica<\/strong>. Hay quien tiene una mayor producci\u00f3n de melanina en los tejidos de las enc\u00edas, lo que puede resultar en una pigmentaci\u00f3n m\u00e1s oscura. Esto puede ser m\u00e1s com\u00fan en personas con antecedentes familiares.<\/li>\n\n\n\n<li><strong>Enfermedad periodontal.<\/strong> Es una condici\u00f3n inflamatoria cr\u00f3nica que afecta las enc\u00edas y los tejidos de soporte de los dientes. Puede provocar cambios en la pigmentaci\u00f3n de las enc\u00edas.<\/li>\n<\/ul>\n\n\n\n<h2 class=\"wp-block-heading\">S\u00edntomas de la melanosis gingival<\/h2>\n\n\n\n<p>Uno de los s\u00edntomas m\u00e1s comunes de la melanosis bucal es la <strong>presencia de manchas oscuras en las enc\u00edas<\/strong>. Suelen ser asintom\u00e1ticas, es decir, no producen dolor ni molestias. Sin embargo, en ocasiones, pueden generar incomodidad desde el punto de vista est\u00e9tico, especialmente si se presentan en \u00e1reas visibles al sonre\u00edr.<\/p>\n\n\n\n<p>Es importante destacar que tener la enc\u00eda negra <strong>no est\u00e1 asociada a ning\u00fan tipo de riesgo para la salud bucal<\/strong>. No obstante, es recomendable acudir a un dentista si se observa un cambio en el color de las enc\u00edas o si se perciben manchas oscuras. Un <a href=\"https:\/\/www.saludonnet.com\/servicios-medicos\/odontologia\">profesional de la odontolog\u00eda<\/a> podr\u00e1 realizar una evaluaci\u00f3n adecuada y descartar otras posibles causas de este oscurecimiento, como el tabaquismo o enfermedades periodontales.<\/p>\n\n\n\n<h2 class=\"wp-block-heading\">Diagn\u00f3stico de melanosis gingival<\/h2>\n\n\n\n<p>Para realizar un diagn\u00f3stico, es necesario llevar a cabo un <strong>examen cl\u00ednico completo de la cavidad bucal<\/strong>. Con ello, el odont\u00f3logo o periodoncista especializado en este tipo de afecciones busca signos de pigmentaci\u00f3n anormal en las enc\u00edas y eval\u00faa la densidad y distribuci\u00f3n del color.<\/p>\n\n\n\n<p>Un aspecto fundamental en el diagn\u00f3stico es la <strong>diferenciaci\u00f3n de otras afecciones similares<\/strong> como el melanoma oral o la melanoniquia oral. Para ello, se pueden realizar pruebas adicionales, como una <strong>biopsia de la enc\u00eda afectada<\/strong>, que consiste en tomar una peque\u00f1a muestra de tejido para su an\u00e1lisis en laboratorio. El resultado permite determinar si la pigmentaci\u00f3n es benigna o maligna. En caso de tratarse de melanoma oral u otro tipo de c\u00e1ncer, se procede a un tratamiento m\u00e1s agresivo.<\/p>\n\n\n\n<h2 class=\"wp-block-heading\">Tratamiento de la melanosis gingival<\/h2>\n\n\n\n<p>En la mayor\u00eda de los casos la melanosis gingival <strong>no requiere de tratamiento<\/strong>. Sin embargo, si el paciente est\u00e1 preocupado por tener la enc\u00eda negra alrededor del diente, se pueden considerar algunas opciones para devolverle un color m\u00e1s natural. \u00c9stas pueden variar desde trucos caseros hasta tratamientos profesionales realizados por un dentista.<\/p>\n\n\n\n<p>H3: Tratamientos profesionales para las enc\u00edas oscuras<\/p>\n\n\n\n<p>Los principales tratamientos de la melanosis gingival realizados por dentistas incluyen:&nbsp;<\/p>\n\n\n\n<ul class=\"wp-block-list\">\n<li><a href=\"https:\/\/www.saludonnet.com\/centros-medicos\/odontologia\/blanqueamiento-dental-por-fotoactivacion\"><strong>Blanqueamiento dental<\/strong><\/a><strong>. <\/strong>Implica la aplicaci\u00f3n de un gel blanqueador en las enc\u00edas y puede producir resultados visibles en pocas sesiones.<\/li>\n\n\n\n<li><strong>Cirug\u00eda gingival est\u00e9tica.<\/strong> En algunos casos m\u00e1s severos puede ser necesaria una cirug\u00eda para eliminar el exceso de pigmentaci\u00f3n. Durante este procedimiento, se retira quir\u00fargicamente el tejido pigmentado de las enc\u00edas y se sutura el \u00e1rea.<\/li>\n<\/ul>\n\n\n\n<h3 class=\"wp-block-heading\">Tratamientos caseros de la melanosis gingival<\/h3>\n\n\n\n<p>Algunos de los tratamientos caseros para las enc\u00edas negras son:&nbsp;<\/p>\n\n\n\n<ul class=\"wp-block-list\">\n<li><strong>Cepillado y uso de hilo dental<\/strong>. Un buen cuidado bucal, que incluya cepillarse tres veces al d\u00eda y usar hilo dental regularmente, puede ayudar a reducir la pigmentaci\u00f3n de las enc\u00edas. Con esta rutina se puede eliminar la acumulaci\u00f3n de placa y pigmentos de la superficie de las enc\u00edas.<\/li>\n\n\n\n<li><strong>Enjuague bucal con agua oxigenada<\/strong>. Se mezcla una peque\u00f1a cantidad de agua oxigenada con agua tibia y se realizan enjuagues bucales regulares. Sin embargo, es importante no abusar de este tratamiento, ya que el uso excesivo de agua oxigenada puede irritar las enc\u00edas.<\/li>\n<\/ul>\n\n\n\n<p>Si tienes melanosis gingival es bueno buscar la opini\u00f3n de un dentista especializado. Aunque es una condici\u00f3n benigna, el tratamiento adecuado puede ayudar a reducir o incluso eliminar la hiperpigmentaci\u00f3n de las enc\u00edas, devolviendo una sonrisa m\u00e1s est\u00e9tica y saludable. En <strong><strong><strong><strong><strong><strong><strong><strong><strong><strong><strong><strong><strong><strong><strong><strong style=\"color:#009ee0\">SaludOnNet<\/strong><\/strong><\/strong><\/strong><\/strong><\/strong><\/strong><\/strong><\/strong><\/strong><\/strong><\/strong><\/strong><\/strong><\/strong><\/strong> contamos con dentistas dispuestos a ayudarte con la mejor atenci\u00f3n.  <\/p>\n","protected":false},"excerpt":{"rendered":"<p>El blanqueamiento o incluso la cirug\u00eda pueden ser tratamientos de la melanosis gingival, que causa un oscurecimiento de las enc\u00edas.<\/p>\n","protected":false},"author":20,"featured_media":15564,"comment_status":"open","ping_status":"open","sticky":false,"template":"","format":"standard","meta":{"footnotes":""},"categories":[63],"tags":[131],"class_list":["post-15648","post","type-post","status-publish","format-standard","has-post-thumbnail","hentry","category-odontologia","tag-blanqueamiento-dental-por-fotoactivacion"],"yoast_head":"<!-- This site is optimized with the Yoast SEO plugin v27.4 - https:\/\/yoast.com\/product\/yoast-seo-wordpress\/ -->\n<title>La melanosis gingival y su tratamiento<\/title>\n<meta name=\"description\" content=\"El blanqueamiento o incluso la cirug\u00eda pueden ser tratamientos de la melanosis gingival, que causa un oscurecimiento de las enc\u00edas.\" \/>\n<meta name=\"robots\" content=\"index, follow, max-snippet:-1, max-image-preview:large, max-video-preview:-1\" \/>\n<link rel=\"canonical\" href=\"https:\/\/www.saludonnet.com\/blog\/la-melanosis-gingival-y-su-tratamiento\/\" \/>\n<meta property=\"og:locale\" content=\"es_ES\" \/>\n<meta property=\"og:type\" content=\"article\" \/>\n<meta property=\"og:title\" content=\"La melanosis gingival y su tratamiento\" \/>\n<meta property=\"og:description\" content=\"El blanqueamiento o incluso la cirug\u00eda pueden ser tratamientos de la melanosis gingival, que causa un oscurecimiento de las enc\u00edas.\" \/>\n<meta property=\"og:url\" content=\"https:\/\/www.saludonnet.com\/blog\/la-melanosis-gingival-y-su-tratamiento\/\" \/>\n<meta property=\"og:site_name\" content=\"Blog SaludOnNet\" \/>\n<meta property=\"article:publisher\" content=\"https:\/\/www.facebook.com\/pages\/SaludOnNet\/214957498526536\" \/>\n<meta property=\"article:published_time\" content=\"2023-11-03T14:33:00+00:00\" \/>\n<meta property=\"article:modified_time\" content=\"2023-11-07T09:20:59+00:00\" \/>\n<meta property=\"og:image\" content=\"https:\/\/www.saludonnet.com\/blog\/wp-content\/uploads\/2023\/10\/melanosis-gingival-scaled.jpg\" \/>\n\t<meta property=\"og:image:width\" content=\"2560\" \/>\n\t<meta property=\"og:image:height\" content=\"1280\" \/>\n\t<meta property=\"og:image:type\" content=\"image\/jpeg\" \/>\n<meta name=\"author\" content=\"Equipo M\u00e9dico de SaludOnNet\" \/>\n<meta name=\"twitter:card\" content=\"summary_large_image\" \/>\n<meta name=\"twitter:title\" content=\"La melanosis gingival y su tratamiento\" \/>\n<meta name=\"twitter:description\" content=\"El blanqueamiento o incluso la cirug\u00eda pueden ser tratamientos de la melanosis gingival, que causa un oscurecimiento de las enc\u00edas.\" \/>\n<meta name=\"twitter:image\" content=\"https:\/\/soncdn.azureedge.net\/blog\/wp-content\/uploads\/2023\/10\/melanosis-gingival-scaled.jpg\" \/>\n<meta name=\"twitter:creator\" content=\"@saludonnet\" \/>\n<meta name=\"twitter:site\" content=\"@saludonnet\" \/>\n<meta name=\"twitter:label1\" content=\"Escrito por\" \/>\n\t<meta name=\"twitter:data1\" content=\"Equipo M\u00e9dico de SaludOnNet\" \/>\n\t<meta name=\"twitter:label2\" content=\"Tiempo de lectura\" \/>\n\t<meta name=\"twitter:data2\" content=\"6 minutos\" \/>\n<script type=\"application\/ld+json\" class=\"yoast-schema-graph\">{\"@context\":\"https:\\\/\\\/schema.org\",\"@graph\":[{\"@type\":\"Article\",\"@id\":\"https:\\\/\\\/www.saludonnet.com\\\/blog\\\/la-melanosis-gingival-y-su-tratamiento\\\/#article\",\"isPartOf\":{\"@id\":\"https:\\\/\\\/www.saludonnet.com\\\/blog\\\/la-melanosis-gingival-y-su-tratamiento\\\/\"},\"author\":{\"name\":\"Equipo M\u00e9dico de SaludOnNet\",\"@id\":\"https:\\\/\\\/www.saludonnet.com\\\/blog\\\/#\\\/schema\\\/person\\\/50995e01cc9d6c9f29ae18d979eeff1b\"},\"headline\":\"La melanosis gingival y su tratamiento\",\"datePublished\":\"2023-11-03T14:33:00+00:00\",\"dateModified\":\"2023-11-07T09:20:59+00:00\",\"mainEntityOfPage\":{\"@id\":\"https:\\\/\\\/www.saludonnet.com\\\/blog\\\/la-melanosis-gingival-y-su-tratamiento\\\/\"},\"wordCount\":1246,\"commentCount\":0,\"publisher\":{\"@id\":\"https:\\\/\\\/www.saludonnet.com\\\/blog\\\/#organization\"},\"image\":{\"@id\":\"https:\\\/\\\/www.saludonnet.com\\\/blog\\\/la-melanosis-gingival-y-su-tratamiento\\\/#primaryimage\"},\"thumbnailUrl\":\"https:\\\/\\\/soncdn.azureedge.net\\\/blog\\\/wp-content\\\/uploads\\\/2023\\\/10\\\/melanosis-gingival-scaled.jpg\",\"keywords\":[\"Blanqueamiento dental\"],\"articleSection\":[\"Odontolog\u00eda\"],\"inLanguage\":\"es\",\"potentialAction\":[{\"@type\":\"CommentAction\",\"name\":\"Comment\",\"target\":[\"https:\\\/\\\/www.saludonnet.com\\\/blog\\\/la-melanosis-gingival-y-su-tratamiento\\\/#respond\"]}]},{\"@type\":\"WebPage\",\"@id\":\"https:\\\/\\\/www.saludonnet.com\\\/blog\\\/la-melanosis-gingival-y-su-tratamiento\\\/\",\"url\":\"https:\\\/\\\/www.saludonnet.com\\\/blog\\\/la-melanosis-gingival-y-su-tratamiento\\\/\",\"name\":\"La melanosis gingival y su tratamiento\",\"isPartOf\":{\"@id\":\"https:\\\/\\\/www.saludonnet.com\\\/blog\\\/#website\"},\"primaryImageOfPage\":{\"@id\":\"https:\\\/\\\/www.saludonnet.com\\\/blog\\\/la-melanosis-gingival-y-su-tratamiento\\\/#primaryimage\"},\"image\":{\"@id\":\"https:\\\/\\\/www.saludonnet.com\\\/blog\\\/la-melanosis-gingival-y-su-tratamiento\\\/#primaryimage\"},\"thumbnailUrl\":\"https:\\\/\\\/soncdn.azureedge.net\\\/blog\\\/wp-content\\\/uploads\\\/2023\\\/10\\\/melanosis-gingival-scaled.jpg\",\"datePublished\":\"2023-11-03T14:33:00+00:00\",\"dateModified\":\"2023-11-07T09:20:59+00:00\",\"description\":\"El blanqueamiento o incluso la cirug\u00eda pueden ser tratamientos de la melanosis gingival, que causa un oscurecimiento de las enc\u00edas.\",\"breadcrumb\":{\"@id\":\"https:\\\/\\\/www.saludonnet.com\\\/blog\\\/la-melanosis-gingival-y-su-tratamiento\\\/#breadcrumb\"},\"inLanguage\":\"es\",\"potentialAction\":[{\"@type\":\"ReadAction\",\"target\":[\"https:\\\/\\\/www.saludonnet.com\\\/blog\\\/la-melanosis-gingival-y-su-tratamiento\\\/\"]}]},{\"@type\":\"ImageObject\",\"inLanguage\":\"es\",\"@id\":\"https:\\\/\\\/www.saludonnet.com\\\/blog\\\/la-melanosis-gingival-y-su-tratamiento\\\/#primaryimage\",\"url\":\"https:\\\/\\\/soncdn.azureedge.net\\\/blog\\\/wp-content\\\/uploads\\\/2023\\\/10\\\/melanosis-gingival-scaled.jpg\",\"contentUrl\":\"https:\\\/\\\/soncdn.azureedge.net\\\/blog\\\/wp-content\\\/uploads\\\/2023\\\/10\\\/melanosis-gingival-scaled.jpg\",\"width\":2560,\"height\":1280,\"caption\":\"enc\u00edas\"},{\"@type\":\"BreadcrumbList\",\"@id\":\"https:\\\/\\\/www.saludonnet.com\\\/blog\\\/la-melanosis-gingival-y-su-tratamiento\\\/#breadcrumb\",\"itemListElement\":[{\"@type\":\"ListItem\",\"position\":1,\"name\":\"Portada\",\"item\":\"https:\\\/\\\/www.saludonnet.com\\\/blog\\\/\"},{\"@type\":\"ListItem\",\"position\":2,\"name\":\"Odontolog\u00eda\",\"item\":\"https:\\\/\\\/www.saludonnet.com\\\/blog\\\/topic\\\/odontologia\\\/\"},{\"@type\":\"ListItem\",\"position\":3,\"name\":\"La melanosis gingival y su tratamiento\"}]},{\"@type\":\"WebSite\",\"@id\":\"https:\\\/\\\/www.saludonnet.com\\\/blog\\\/#website\",\"url\":\"https:\\\/\\\/www.saludonnet.com\\\/blog\\\/\",\"name\":\"Blog SaludOnNet\",\"description\":\"Un espacio donde encontrar\u00e1s consejos y art\u00edculos para cuidar de tu salud\",\"publisher\":{\"@id\":\"https:\\\/\\\/www.saludonnet.com\\\/blog\\\/#organization\"},\"potentialAction\":[{\"@type\":\"SearchAction\",\"target\":{\"@type\":\"EntryPoint\",\"urlTemplate\":\"https:\\\/\\\/www.saludonnet.com\\\/blog\\\/?s={search_term_string}\"},\"query-input\":{\"@type\":\"PropertyValueSpecification\",\"valueRequired\":true,\"valueName\":\"search_term_string\"}}],\"inLanguage\":\"es\"},{\"@type\":\"Organization\",\"@id\":\"https:\\\/\\\/www.saludonnet.com\\\/blog\\\/#organization\",\"name\":\"SaludOnNet\",\"url\":\"https:\\\/\\\/www.saludonnet.com\\\/blog\\\/\",\"logo\":{\"@type\":\"ImageObject\",\"inLanguage\":\"es\",\"@id\":\"https:\\\/\\\/www.saludonnet.com\\\/blog\\\/#\\\/schema\\\/logo\\\/image\\\/\",\"url\":\"https:\\\/\\\/www.saludonnet.com\\\/blog\\\/wp-content\\\/uploads\\\/2019\\\/07\\\/Logo-SaludOnNet.png\",\"contentUrl\":\"https:\\\/\\\/www.saludonnet.com\\\/blog\\\/wp-content\\\/uploads\\\/2019\\\/07\\\/Logo-SaludOnNet.png\",\"width\":1140,\"height\":377,\"caption\":\"SaludOnNet\"},\"image\":{\"@id\":\"https:\\\/\\\/www.saludonnet.com\\\/blog\\\/#\\\/schema\\\/logo\\\/image\\\/\"},\"sameAs\":[\"https:\\\/\\\/www.facebook.com\\\/pages\\\/SaludOnNet\\\/214957498526536\",\"https:\\\/\\\/x.com\\\/saludonnet\",\"https:\\\/\\\/www.instagram.com\\\/saludonnet\\\/\",\"https:\\\/\\\/www.linkedin.com\\\/company\\\/saludonnet\\\/\",\"https:\\\/\\\/www.youtube.com\\\/channel\\\/UCag68GsnagqzNb6C3G-S9vQ\"]},{\"@type\":\"Person\",\"@id\":\"https:\\\/\\\/www.saludonnet.com\\\/blog\\\/#\\\/schema\\\/person\\\/50995e01cc9d6c9f29ae18d979eeff1b\",\"name\":\"Equipo M\u00e9dico de SaludOnNet\",\"image\":{\"@type\":\"ImageObject\",\"inLanguage\":\"es\",\"@id\":\"https:\\\/\\\/secure.gravatar.com\\\/avatar\\\/0ac89931d2ef75704f29e63e12335967620a1f7ac37c69f6f97ad72b9ac6496d?s=96&d=mm&r=g\",\"url\":\"https:\\\/\\\/secure.gravatar.com\\\/avatar\\\/0ac89931d2ef75704f29e63e12335967620a1f7ac37c69f6f97ad72b9ac6496d?s=96&d=mm&r=g\",\"contentUrl\":\"https:\\\/\\\/secure.gravatar.com\\\/avatar\\\/0ac89931d2ef75704f29e63e12335967620a1f7ac37c69f6f97ad72b9ac6496d?s=96&d=mm&r=g\",\"caption\":\"Equipo M\u00e9dico de SaludOnNet\"},\"description\":\"Art\u00edculo elaborado por el equipo m\u00e9dico de SaludOnNet, compuesto por especialistas destacados en su \u00e1rea.\",\"url\":\"https:\\\/\\\/www.saludonnet.com\\\/blog\\\/author\\\/saludonnet\\\/\"}]}<\/script>\n<!-- \/ Yoast SEO plugin. -->","yoast_head_json":{"title":"La melanosis gingival y su tratamiento","description":"El blanqueamiento o incluso la cirug\u00eda pueden ser tratamientos de la melanosis gingival, que causa un oscurecimiento de las enc\u00edas.","robots":{"index":"index","follow":"follow","max-snippet":"max-snippet:-1","max-image-preview":"max-image-preview:large","max-video-preview":"max-video-preview:-1"},"canonical":"https:\/\/www.saludonnet.com\/blog\/la-melanosis-gingival-y-su-tratamiento\/","og_locale":"es_ES","og_type":"article","og_title":"La melanosis gingival y su tratamiento","og_description":"El blanqueamiento o incluso la cirug\u00eda pueden ser tratamientos de la melanosis gingival, que causa un oscurecimiento de las enc\u00edas.","og_url":"https:\/\/www.saludonnet.com\/blog\/la-melanosis-gingival-y-su-tratamiento\/","og_site_name":"Blog SaludOnNet","article_publisher":"https:\/\/www.facebook.com\/pages\/SaludOnNet\/214957498526536","article_published_time":"2023-11-03T14:33:00+00:00","article_modified_time":"2023-11-07T09:20:59+00:00","og_image":[{"width":2560,"height":1280,"url":"https:\/\/www.saludonnet.com\/blog\/wp-content\/uploads\/2023\/10\/melanosis-gingival-scaled.jpg","type":"image\/jpeg"}],"author":"Equipo M\u00e9dico de SaludOnNet","twitter_card":"summary_large_image","twitter_title":"La melanosis gingival y su tratamiento","twitter_description":"El blanqueamiento o incluso la cirug\u00eda pueden ser tratamientos de la melanosis gingival, que causa un oscurecimiento de las enc\u00edas.","twitter_image":"https:\/\/soncdn.azureedge.net\/blog\/wp-content\/uploads\/2023\/10\/melanosis-gingival-scaled.jpg","twitter_creator":"@saludonnet","twitter_site":"@saludonnet","twitter_misc":{"Escrito por":"Equipo M\u00e9dico de SaludOnNet","Tiempo de lectura":"6 minutos"},"schema":{"@context":"https:\/\/schema.org","@graph":[{"@type":"Article","@id":"https:\/\/www.saludonnet.com\/blog\/la-melanosis-gingival-y-su-tratamiento\/#article","isPartOf":{"@id":"https:\/\/www.saludonnet.com\/blog\/la-melanosis-gingival-y-su-tratamiento\/"},"author":{"name":"Equipo M\u00e9dico de SaludOnNet","@id":"https:\/\/www.saludonnet.com\/blog\/#\/schema\/person\/50995e01cc9d6c9f29ae18d979eeff1b"},"headline":"La melanosis gingival y su tratamiento","datePublished":"2023-11-03T14:33:00+00:00","dateModified":"2023-11-07T09:20:59+00:00","mainEntityOfPage":{"@id":"https:\/\/www.saludonnet.com\/blog\/la-melanosis-gingival-y-su-tratamiento\/"},"wordCount":1246,"commentCount":0,"publisher":{"@id":"https:\/\/www.saludonnet.com\/blog\/#organization"},"image":{"@id":"https:\/\/www.saludonnet.com\/blog\/la-melanosis-gingival-y-su-tratamiento\/#primaryimage"},"thumbnailUrl":"https:\/\/soncdn.azureedge.net\/blog\/wp-content\/uploads\/2023\/10\/melanosis-gingival-scaled.jpg","keywords":["Blanqueamiento dental"],"articleSection":["Odontolog\u00eda"],"inLanguage":"es","potentialAction":[{"@type":"CommentAction","name":"Comment","target":["https:\/\/www.saludonnet.com\/blog\/la-melanosis-gingival-y-su-tratamiento\/#respond"]}]},{"@type":"WebPage","@id":"https:\/\/www.saludonnet.com\/blog\/la-melanosis-gingival-y-su-tratamiento\/","url":"https:\/\/www.saludonnet.com\/blog\/la-melanosis-gingival-y-su-tratamiento\/","name":"La melanosis gingival y su tratamiento","isPartOf":{"@id":"https:\/\/www.saludonnet.com\/blog\/#website"},"primaryImageOfPage":{"@id":"https:\/\/www.saludonnet.com\/blog\/la-melanosis-gingival-y-su-tratamiento\/#primaryimage"},"image":{"@id":"https:\/\/www.saludonnet.com\/blog\/la-melanosis-gingival-y-su-tratamiento\/#primaryimage"},"thumbnailUrl":"https:\/\/soncdn.azureedge.net\/blog\/wp-content\/uploads\/2023\/10\/melanosis-gingival-scaled.jpg","datePublished":"2023-11-03T14:33:00+00:00","dateModified":"2023-11-07T09:20:59+00:00","description":"El blanqueamiento o incluso la cirug\u00eda pueden ser tratamientos de la melanosis gingival, que causa un oscurecimiento de las enc\u00edas.","breadcrumb":{"@id":"https:\/\/www.saludonnet.com\/blog\/la-melanosis-gingival-y-su-tratamiento\/#breadcrumb"},"inLanguage":"es","potentialAction":[{"@type":"ReadAction","target":["https:\/\/www.saludonnet.com\/blog\/la-melanosis-gingival-y-su-tratamiento\/"]}]},{"@type":"ImageObject","inLanguage":"es","@id":"https:\/\/www.saludonnet.com\/blog\/la-melanosis-gingival-y-su-tratamiento\/#primaryimage","url":"https:\/\/soncdn.azureedge.net\/blog\/wp-content\/uploads\/2023\/10\/melanosis-gingival-scaled.jpg","contentUrl":"https:\/\/soncdn.azureedge.net\/blog\/wp-content\/uploads\/2023\/10\/melanosis-gingival-scaled.jpg","width":2560,"height":1280,"caption":"enc\u00edas"},{"@type":"BreadcrumbList","@id":"https:\/\/www.saludonnet.com\/blog\/la-melanosis-gingival-y-su-tratamiento\/#breadcrumb","itemListElement":[{"@type":"ListItem","position":1,"name":"Portada","item":"https:\/\/www.saludonnet.com\/blog\/"},{"@type":"ListItem","position":2,"name":"Odontolog\u00eda","item":"https:\/\/www.saludonnet.com\/blog\/topic\/odontologia\/"},{"@type":"ListItem","position":3,"name":"La melanosis gingival y su tratamiento"}]},{"@type":"WebSite","@id":"https:\/\/www.saludonnet.com\/blog\/#website","url":"https:\/\/www.saludonnet.com\/blog\/","name":"Blog SaludOnNet","description":"Un espacio donde encontrar\u00e1s consejos y art\u00edculos para cuidar de tu salud","publisher":{"@id":"https:\/\/www.saludonnet.com\/blog\/#organization"},"potentialAction":[{"@type":"SearchAction","target":{"@type":"EntryPoint","urlTemplate":"https:\/\/www.saludonnet.com\/blog\/?s={search_term_string}"},"query-input":{"@type":"PropertyValueSpecification","valueRequired":true,"valueName":"search_term_string"}}],"inLanguage":"es"},{"@type":"Organization","@id":"https:\/\/www.saludonnet.com\/blog\/#organization","name":"SaludOnNet","url":"https:\/\/www.saludonnet.com\/blog\/","logo":{"@type":"ImageObject","inLanguage":"es","@id":"https:\/\/www.saludonnet.com\/blog\/#\/schema\/logo\/image\/","url":"https:\/\/www.saludonnet.com\/blog\/wp-content\/uploads\/2019\/07\/Logo-SaludOnNet.png","contentUrl":"https:\/\/www.saludonnet.com\/blog\/wp-content\/uploads\/2019\/07\/Logo-SaludOnNet.png","width":1140,"height":377,"caption":"SaludOnNet"},"image":{"@id":"https:\/\/www.saludonnet.com\/blog\/#\/schema\/logo\/image\/"},"sameAs":["https:\/\/www.facebook.com\/pages\/SaludOnNet\/214957498526536","https:\/\/x.com\/saludonnet","https:\/\/www.instagram.com\/saludonnet\/","https:\/\/www.linkedin.com\/company\/saludonnet\/","https:\/\/www.youtube.com\/channel\/UCag68GsnagqzNb6C3G-S9vQ"]},{"@type":"Person","@id":"https:\/\/www.saludonnet.com\/blog\/#\/schema\/person\/50995e01cc9d6c9f29ae18d979eeff1b","name":"Equipo M\u00e9dico de SaludOnNet","image":{"@type":"ImageObject","inLanguage":"es","@id":"https:\/\/secure.gravatar.com\/avatar\/0ac89931d2ef75704f29e63e12335967620a1f7ac37c69f6f97ad72b9ac6496d?s=96&d=mm&r=g","url":"https:\/\/secure.gravatar.com\/avatar\/0ac89931d2ef75704f29e63e12335967620a1f7ac37c69f6f97ad72b9ac6496d?s=96&d=mm&r=g","contentUrl":"https:\/\/secure.gravatar.com\/avatar\/0ac89931d2ef75704f29e63e12335967620a1f7ac37c69f6f97ad72b9ac6496d?s=96&d=mm&r=g","caption":"Equipo M\u00e9dico de SaludOnNet"},"description":"Art\u00edculo elaborado por el equipo m\u00e9dico de SaludOnNet, compuesto por especialistas destacados en su \u00e1rea.","url":"https:\/\/www.saludonnet.com\/blog\/author\/saludonnet\/"}]}},"acf":[],"_links":{"self":[{"href":"https:\/\/www.saludonnet.com\/blog\/wp-json\/wp\/v2\/posts\/15648","targetHints":{"allow":["GET"]}}],"collection":[{"href":"https:\/\/www.saludonnet.com\/blog\/wp-json\/wp\/v2\/posts"}],"about":[{"href":"https:\/\/www.saludonnet.com\/blog\/wp-json\/wp\/v2\/types\/post"}],"author":[{"embeddable":true,"href":"https:\/\/www.saludonnet.com\/blog\/wp-json\/wp\/v2\/users\/20"}],"replies":[{"embeddable":true,"href":"https:\/\/www.saludonnet.com\/blog\/wp-json\/wp\/v2\/comments?post=15648"}],"version-history":[{"count":10,"href":"https:\/\/www.saludonnet.com\/blog\/wp-json\/wp\/v2\/posts\/15648\/revisions"}],"predecessor-version":[{"id":15706,"href":"https:\/\/www.saludonnet.com\/blog\/wp-json\/wp\/v2\/posts\/15648\/revisions\/15706"}],"wp:featuredmedia":[{"embeddable":true,"href":"https:\/\/www.saludonnet.com\/blog\/wp-json\/wp\/v2\/media\/15564"}],"wp:attachment":[{"href":"https:\/\/www.saludonnet.com\/blog\/wp-json\/wp\/v2\/media?parent=15648"}],"wp:term":[{"taxonomy":"category","embeddable":true,"href":"https:\/\/www.saludonnet.com\/blog\/wp-json\/wp\/v2\/categories?post=15648"},{"taxonomy":"post_tag","embeddable":true,"href":"https:\/\/www.saludonnet.com\/blog\/wp-json\/wp\/v2\/tags?post=15648"}],"curies":[{"name":"wp","href":"https:\/\/api.w.org\/{rel}","templated":true}]}}