{"id":13397,"date":"2026-01-07T13:43:00","date_gmt":"2026-01-07T12:43:00","guid":{"rendered":"https:\/\/www.saludonnet.com\/blog\/?p=13397"},"modified":"2026-02-11T14:11:49","modified_gmt":"2026-02-11T13:11:49","slug":"distonia-la-enfermedad-por-la-que-jordi-roca-perdio-la-voz","status":"publish","type":"post","link":"https:\/\/www.saludonnet.com\/blog\/distonia-la-enfermedad-por-la-que-jordi-roca-perdio-la-voz\/","title":{"rendered":"Diston\u00eda, la enfermedad por la que Jordi Roca perdi\u00f3 la voz"},"content":{"rendered":"\n<p>La <strong>dist<\/strong><strong>on\u00eda<\/strong> es un trastorno neurol\u00f3gico que <strong>a<\/strong><strong>fecta la flexibilidad y el tono muscular<\/strong>, obligando a los m\u00fasculos a realizar <strong>mov<\/strong><strong>imientos involuntarios, r\u00edgidos e inestables<\/strong>. Esto puede conducir a una debilidad en la ejecuci\u00f3n de los movimientos y una falta de control coordinado, limitando la capacidad de una persona para realizar tareas cotidianas. Estos movimientos anormales involuntarios pueden ser de corta duraci\u00f3n o convertirse en un tic cr\u00f3nico.<\/p>\n\n\n\n<p>El porcentaje de personas afectadas por la diston\u00eda en el mundo no se conoce con exactitud, pero se estima que uno de cada 1000 individuos puede estar afectado. Se considera una enfermedad rara y se calcula que <strong>en Espa\u00f1a podr\u00eda haber 3000 personas con esa afecci\u00f3n<\/strong>. Una de ellas, es el conocido chef <strong>Jordi Roca<\/strong>, que durante 7 a\u00f1os perdi\u00f3 la voz por culpa de esta patolog\u00eda. Tras un tratamiento que ha incluido reeducaci\u00f3n vocal, ejercicios respiratorios y meditaci\u00f3n, la ha conseguido recuperar.  <\/p>\n\n\n\n<h2 class=\"wp-block-heading\">S\u00edntomas de la diston\u00eda<\/h2>\n\n\n\n<p>La diston\u00eda es un trastorno motriz cr\u00f3nico que afecta a personas, particularmente adultos j\u00f3venes, en todo el mundo. La gravedad de los s\u00edntomas de diston\u00eda puede variar, incluyendo <strong>mov<\/strong><strong>imientos anormales en los m\u00fasculos faciales, del cuello, del tronco y del brazo<\/strong>. En ocasiones, son tan leves que hay personas afectadas que no se dan cuenta de que tienen este trastorno.<\/p>\n\n\n\n<p>Los s\u00edntomas de la diston\u00eda se pueden clasificar en tres categor\u00edas principales:<\/p>\n\n\n\n<ul class=\"wp-block-list\">\n<li><strong>Rigidez<\/strong>. Es uno de los m\u00e1s comunes. Se caracteriza por una <em>tens<\/em><em>i\u00f3n muscular excesiva que limita el movimiento general del paciente<\/em>. Puede ser dolorosa y con frecuencia es peor despu\u00e9s de que el paciente se ha mantenido sentado o quieto por un per\u00edodo prolongado.<\/li>\n\n\n\n<li><strong>Movimiento excesivo<\/strong>. Es un s\u00edntoma caracter\u00edstico. Puede incluir <em>sac<\/em><em>udidas, temblores, tirones inadvertidos, movimientos bruscos, movimientos r\u00e1pidos e involuntarios o movimientos r\u00edtmicos<\/em>. Estos movimientos excesivos pueden limitar la capacidad de una persona para llevar a cabo sus actividades cotidianas.<\/li>\n\n\n\n<li><strong>Postura forzada<\/strong>. Se caracteriza por <em>mov<\/em><em>imientos involuntarios que obligan al paciente a mantener una postura particular<\/em>, que puede ser dolorosa y limitar su capacidad para realizar actividades cotidianas.<\/li>\n<\/ul>\n\n\n\n<p>Los dem\u00e1s s\u00edntomas de diston\u00eda incluyen <strong>fat<\/strong><strong>iga, dolor muscular, debilidad muscular y problemas de equilibrio<\/strong>.<\/p>\n\n\n\n<p>Hay que tener en cuenta que<strong> pued<\/strong><strong>en agravarse con el <a href=\"https:\/\/www.saludonnet.com\/blog\/estres-ansiedad-y-depresion-consultas-mas-frecuentes-del-psicologo\/\">estr\u00e9s<\/a>, la <a href=\"https:\/\/www.saludonnet.com\/blog\/como-afecta-la-fatiga-mental-al-organismo\/\">fatiga<\/a> o la excitaci\u00f3n<\/strong>, por lo que los m\u00e9dicos recomiendan el tratamiento conductual para ayudar a aliviarlos. Es importante identificarlos lo antes posible para que el tratamiento sea m\u00e1s eficaz y se pueda reducir el impacto de los trastornos dist\u00f3nicos.<\/p>\n\n\n\n<h2 class=\"wp-block-heading\">Causas de la diston\u00eda<\/h2>\n\n\n\n<p>Aunque la causa exacta de los trastornos dist\u00f3nicos no se conoce, los especialistas piensan que se debe a un <strong>problem<\/strong><strong>a en los circuitos cerebrales que controlan el tono muscular<\/strong>. Estos circuitos son sensibles a los cambios en el medio ambiente y los est\u00edmulos externos, como <em>el<\/em><em> estr\u00e9s, los medicamentos y la ingesta de alcohol.<\/em> Tambi\u00e9n puede deberse a otros motivos como:<\/p>\n\n\n\n<ul class=\"wp-block-list\">\n<li>Sexo. Afectan m\u00e1s a los hombres que a las mujeres.<\/li>\n\n\n\n<li>Exceso de trabajo.<\/li>\n\n\n\n<li>Estr\u00e9s mental o emocional.<\/li>\n\n\n\n<li>Algunas enfermedades neurol\u00f3gicas como el lupus, la esclerosis m\u00faltiple y la enfermedad de Huntington.<\/li>\n\n\n\n<li>Correlaci\u00f3n entre el trastorno dist\u00f3nico y las lesiones en la cabeza, el cuello o la espina dorsal.<\/li>\n<\/ul>\n\n\n\n<h2 class=\"wp-block-heading\">Tipos de diston\u00eda<\/h2>\n\n\n\n<p>La diston\u00eda es un trastorno neurol\u00f3gico que se define como una disfunci\u00f3n de los movimientos voluntarios. A partir de los mecanismos que conducen a su desarrollo, se han definido varios tipos de trastornos relacionados con este trastorno. A continuaci\u00f3n, mostramos una clasificaci\u00f3n, atendiendo a lo que indican desde la <strong><a href=\"https:\/\/distonia.es\/que-es-la-distonia\/\">Asociaci\u00f3n de Diston\u00eda de Espa\u00f1a<\/a><\/strong>.<\/p>\n\n\n\n<h3 class=\"wp-block-heading\">Clasificaci\u00f3n seg\u00fan el <strong>\u00e1rea afectada<\/strong> del cuerpo<\/h3>\n\n\n\n<p>Esta enfermedad puede afectar a diferentes \u00e1reas del cuerpo, como la cervical o el blefaroespasmo, entre otras, creando una interrupci\u00f3n significativa en la vida diaria de quienes la padecen.<\/p>\n\n\n\n<h4 class=\"wp-block-heading\">Focal<\/h4>\n\n\n\n<p>Se llama as\u00ed cuando se refiere a un grupo muscular espec\u00edfico. Puede ser. <strong><\/strong><\/p>\n\n\n\n<ul class=\"wp-block-list\">\n<li><strong>Cervical o tort\u00edcolis espasm\u00f3dico<\/strong>. Afecta la parte superior del cuello y los m\u00fasculos alrededor del cuello. Suele acompa\u00f1arse de dolor, rigidez y contractura muscular en el cuello.<\/li>\n\n\n\n<li><strong>Blefaroespasmo<\/strong>. Se manifiesta en forma de <strong>par<\/strong><strong>padeo excesivo e involuntario<\/strong>, movimientos incontrolables de los p\u00e1rpados y de los m\u00fasculos faciales, as\u00ed como limitaciones en la expresi\u00f3n facial. Es importante se\u00f1alar que, en muchos casos, tambi\u00e9n puede conducir a <strong>problem<\/strong><strong>as en la visi\u00f3n<\/strong>, como visi\u00f3n borrosa, doble visi\u00f3n y problemas para mantener los ojos abiertos. Para aliviar los s\u00edntomas, los especialistas recomiendan el uso de medicamentos antiespasm\u00f3dicos, b\u00f3tox, estimulaci\u00f3n electromagn\u00e9tica o cirug\u00eda.<\/li>\n\n\n\n<li><strong>Oromandibular<\/strong>. Es una condici\u00f3n cl\u00ednica que causa contracciones musculares involuntarias, es decir, que el enfermo no tiene control sobre su movimiento y manifiesta una <strong>rig<\/strong><strong>idez y una tensi\u00f3n muscular anormal en la regi\u00f3n de la mand\u00edbula y la boca<\/strong>. Estas contracciones pueden ocasionar <em>d<\/em><em>olores faciales, movimientos faciales anormales, ruidos involuntarios en los dientes, dificultades movimientos de la lengua y de los labios, dificultades para tragar, hablar y masticar, sensaci\u00f3n de fatiga y retardo del lenguaje.<\/em> El tratamiento suele incluir la fisioterapia, la medicaci\u00f3n y la terapia del habla. En algunos casos, se recomienda tratamiento quir\u00fargico, como implante de estimuladores u otros procedimientos. Siempre se debe realizar un diagn\u00f3stico adecuado para determinar qu\u00e9 tratamiento se ajusta mejor a cada caso<strong>.<\/strong><\/li>\n\n\n\n<li><strong>Lar\u00edngea o disfon\u00eda espasm\u00f3dica<\/strong>. Se caracteriza por una <strong>vo<\/strong><strong>z alterada y paralizante, produciendo un sonido \u00e1spero y \/ o entrecortado<\/strong>. Esto se debe a la contracci\u00f3n involuntaria de los m\u00fasculos del cuello y de la laringe, que est\u00e1n involucrados en la producci\u00f3n de la voz. Esta condici\u00f3n puede manifestarse en varios grados, <em>des<\/em><em>de una voz entrecortada leve hasta una voz completamente ausente<\/em>. En algunos casos, el paciente puede tener problemas para hablar, tragar o hasta respirar. Este es el tipo de diston\u00eda del chef Jordi Roca. Los s\u00edntomas pueden variar en la voz:\n<ul class=\"wp-block-list\">\n<li><strong>Ronca o entrecortada<\/strong> de manera continua.<\/li>\n\n\n\n<li><strong>Ronca<\/strong> cuando tratan de hablar <strong>en<\/strong><strong> voz alta<\/strong>.<\/li>\n\n\n\n<li>Con un<strong> volumen bajo <\/strong>o que<strong> se apaga al hablar<\/strong>.<\/li>\n\n\n\n<li><strong>Incapaces de hablar<\/strong> en voz alta, lo que significa que no son capaces de emitir sonidos.<\/li>\n<\/ul>\n<\/li>\n<\/ul>\n\n\n\n<p>Los tratamientos generalmente implican medicamentos para reducir la contracci\u00f3n muscular. En algunos casos, se recomienda la terapia de voz para fortalecer los m\u00fasculos implicados y aprender una forma m\u00e1s normal de hablar. Esta condici\u00f3n tambi\u00e9n puede ser tratada mediante cirug\u00eda, si el m\u00e9dico lo considera adecuado.<\/p>\n\n\n\n<h4 class=\"wp-block-heading\">Generalizada<\/h4>\n\n\n\n<p>Puede <strong>a<\/strong><strong>fectar a todas las zonas del cuerpo<\/strong>, desde la cara hasta la espalda, los brazos y las piernas. Los s\u00edntomas m\u00e1s comunes incluyen temblores, movimientos musculares involuntarios y espasmos. Estas alteraciones pueden limitar la capacidad de una persona para realizar actividades diarias.<\/p>\n\n\n\n<h4 class=\"wp-block-heading\">Segmentaria<\/h4>\n\n\n\n<p>Estos espasmos <strong>a<\/strong><strong>fectan<\/strong>, al menos, <strong>a dos<\/strong><strong> secciones del cuerpo<\/strong> de una persona. Pueden ser desde movimientos leves hasta movimientos muy bruscos y dolorosos. El \u00e1rea afectada puede estar limitada a un grupo de m\u00fasculos en una sola extremidad, una parte de la cara o un lado de la aur\u00edcula.<\/p>\n\n\n\n<h4 class=\"wp-block-heading\">Multifocal<\/h4>\n\n\n\n<p>La diston\u00eda multifocal (DMF) es una enfermedad neurol\u00f3gica rara y progresiva <strong>que<\/strong><strong> afecta a la manera en que los brazos, piernas, la cara y la lengua se mueven<\/strong>. Causa una variedad de s\u00edntomas como movimientos musculares incontrolables, espasmos, temblores, rigidez muscular y dificultades para hablar y deglutir. Las causas exactas son desconocidas, pero se cree que tiene un origen hereditario. La enfermedad a menudo comienza como un movimiento involuntario en una parte del cuerpo y luego progresa lenta y desigualmente hacia otras partes.<\/p>\n\n\n\n<p>Los s\u00edntomas pueden variar en la severidad y en la ubicaci\u00f3n de la diston\u00eda. Los tratamientos t\u00edpicos incluyen medicamentos para controlar los s\u00edntomas, como los anticonvulsivos y los tranquilizantes. Tambi\u00e9n se usan terapias f\u00edsicas y ocupacionales para ayudar a los pacientes a mejorar su movilidad y habla. En casos graves, se puede recomendar la cirug\u00eda.<\/p>\n\n\n\n<h4 class=\"wp-block-heading\">Hemidiston\u00eda<\/h4>\n\n\n\n<p>Es un tipo de diston\u00eda focal que <strong>a<\/strong><strong>fecta a un solo lado del cuerpo<\/strong>. Se caracteriza por espasmos musculares involuntarios, que pueden variar desde movimientos leves y leves inhibiciones hasta el desarrollo de contorsiones graves. Estos movimientos pueden pasar por movimientos leves, como alejarse o agarrarse, o movimientos m\u00e1s exagerados, como levantar los hombros, patear o agarrarse con los brazos.<\/p>\n\n\n\n<p>Los s\u00edntomas de la hemidiston\u00eda var\u00edan entre los pacientes. Algunos pueden tener s\u00edntomas leves, con espasmos que ocurren en entornos estresantes o con cambios en el humor, mientras que otros pueden tener movimientos m\u00e1s severos, espasmos constantes y contorsiones. <em>La<\/em><em> condici\u00f3n no es reversible<\/em>, <em>per<\/em><em>o hay muchos tratamientos disponibles para ayudar a aliviar los s\u00edntomas<\/em>. Estos incluyen medicamentos, terapia de ejercicio suave, mejoras en el estilo de vida y tratamientos quir\u00fargicos invasivos.<\/p>\n\n\n\n<h3 class=\"wp-block-heading\">Clasificaci\u00f3n seg\u00fan el origen de la lesi\u00f3n<\/h3>\n\n\n\n<p>La diston\u00eda es un trastorno del movimiento involuntario, que se caracteriza por movimientos musculares anormales amplios y recurrentes, tanto en tono como en fuerza. Puede clasificarse <strong>se<\/strong><strong>g\u00fan el origen de la lesi\u00f3n<\/strong> en dos tipos principales: primaria o secundaria.<\/p>\n\n\n\n<ul class=\"wp-block-list\">\n<li><strong>Primaria<\/strong>. Se debe a un trastorno neurol\u00f3gico.<\/li>\n\n\n\n<li><strong>Secundaria<\/strong>. Es un trastorno que surge como resultado de una lesi\u00f3n cerebral, como un traumatismo craneal, un infarto cerebral, la enfermedad de Parkinson, la enfermedad de Huntington, un accidente cerebrovascular y el S\u00edndrome de L\u00e9vy-Compello-Zewu.<\/li>\n<\/ul>\n\n\n\n<h3 class=\"wp-block-heading\">Clasificaci\u00f3n seg\u00fan las causas<\/h3>\n\n\n\n<p>El diagn\u00f3stico de diston\u00eda implica la necesidad de realizar una clasificaci\u00f3n etiopatog\u00e9nica bien definida, con el objetivo de determinar el tipo de diston\u00eda seg\u00fan sus causas fundamentales.<\/p>\n\n\n\n<ul class=\"wp-block-list\">\n<li><strong>Hereditaria<\/strong>. Se debe a factores gen\u00e9ticos y se produce al nacer o se manifiesta durante la infancia o entre los 25 y 40 a\u00f1os. Puede ser autos\u00f3mica dominante, autos\u00f3mica recesiva, recesiva ligada al cromosoma X o mitocondrial.<\/li>\n\n\n\n<li><strong>Adquirida. <\/strong>Su causa no es gen\u00e9tica y es conocida. Algunos ejemplos son la reacci\u00f3n a un medicamento, una infecci\u00f3n o un traumatismo craneal. <strong>&nbsp;<\/strong>&nbsp;<\/li>\n\n\n\n<li><strong>Idiop\u00e1tica<\/strong>: de origen desconocido. Puede ser espor\u00e1dica o familiar. Se conoce como enfermedad del movimiento no espec\u00edfica, porque el origen es desconocido.<\/li>\n<\/ul>\n\n\n\n<h2 class=\"wp-block-heading\">Tratamiento de la diston\u00eda<\/h2>\n\n\n\n<p>Existen diversos tratamientos para la diston\u00eda que permiten a las personas aliviar sus s\u00edntomas y recuperar algunas de sus actividades normales. Pueden incluir:<\/p>\n\n\n\n<ul class=\"wp-block-list\">\n<li><strong>Medicamentos<\/strong>. Los f\u00e1rmacos utilizados en el tratamiento de la diston\u00eda para <em>redu<\/em><em>cir el tono muscular y aliviar los movimientos anormales<\/em>, generalmente se dirigen a los neurotransmisores del cerebro, como la dopamina o la acetilcolina.<\/li>\n\n\n\n<li><strong>Terapias f\u00edsicas<\/strong>. Junto con el ejercicio se consideran una de las formas efectivas de tratamiento. <em>Ej<\/em><em>ercicios aer\u00f3bicos<\/em> como nadar, montar en bicicleta, correr y caminar ayudan a fortalecer los m\u00fasculos afectados y mejorar la coordinaci\u00f3n. Si bien el ejercicio puede hacer que la persona se sienta cansada al principio, el esfuerzo vale la pena en el largo plazo. Debe ser el m\u00e9dico el que recomiende la cantidad y la intensidad adecuadas de ejercicio.<\/li>\n<\/ul>\n\n\n\n<ul class=\"wp-block-list\">\n<li><strong>Terapia ocupacional<\/strong>. implica el <em>us<\/em><em>o de terapia adaptativa y aparatos especializados<\/em> para ayudar a las personas a realizar tareas cotidianas, a pesar de su diston\u00eda. Los aparatos ayudan a las personas a alcanzar objetos, levantar objetos pesados \u200b\u200by usar un ordenador. Otros trabajan para bloquear los movimientos involuntarios. Los terapeutas ocupacionales tambi\u00e9n pueden ayudar a los pacientes a aprender a relajar los m\u00fasculos afectados y a reducir los s\u00edntomas de diston\u00eda.<\/li>\n<\/ul>\n\n\n\n<ul class=\"wp-block-list\">\n<li><strong>Inyecci\u00f3n de toxina botul\u00ednica<\/strong>. Son una forma particularmente efectiva de tratamiento para la diston\u00eda de la garganta, los brazos y las piernas. <em>Rel<\/em><em>ajan los m\u00fasculos<\/em>, lo que ayuda a controlar los movimientos involuntarios.<\/li>\n<\/ul>\n\n\n\n<ul class=\"wp-block-list\">\n<li><strong>Cirug\u00eda<\/strong>. Esta opci\u00f3n se usa <em>com<\/em><em>o \u00faltimo recurso<\/em> si los medicamentos, los aparatos y la terapia no son eficaces. Puede implicar la eliminaci\u00f3n de los m\u00fasculos afectados o implantar electrodos en el cerebro para bloquear los impulsos inadecuados. La cirug\u00eda no es reversible, por lo que es importante discutir los detalles con el m\u00e9dico antes de tomar una decisi\u00f3n.<\/li>\n<\/ul>\n\n\n\n<p>Tambi\u00e9n se pueden probar terapias alternativas como la <em>ac<\/em><em>upuntura, la meditaci\u00f3n y la terapia nutricional<\/em>.<\/p>\n\n\n\n<p>Si consideras que puedes estar experimentando s\u00edntomas de diston\u00eda, es importante que hables con un m\u00e9dico. El tratamiento temprano y el seguimiento marca una gran diferencia en la calidad de vida de los pacientes. En <strong><strong><strong><strong style=\"color:#009ee0\">SaludOnNet<\/strong><\/strong><\/strong><\/strong> contamos con neur\u00f3logos dispuestos a ayudarte en lo que necesites. Puedes <strong>comprar una consulta de neurolog\u00eda desde 25 euros<\/strong>. Adem\u00e1s, podr\u00e1s elegir entre 4000 cl\u00ednicas y hospitales en toda Espa\u00f1a.<\/p>\n","protected":false},"excerpt":{"rendered":"<p>La diston\u00eda, enfermedad que le hizo perder la voz a Jordi Roca, es una patolog\u00eda que afecta a la flexibilidad y el tono muscular. <\/p>\n","protected":false},"author":20,"featured_media":13369,"comment_status":"open","ping_status":"open","sticky":false,"template":"","format":"standard","meta":{"footnotes":""},"categories":[66],"tags":[244],"class_list":["post-13397","post","type-post","status-publish","format-standard","has-post-thumbnail","hentry","category-neurologia","tag-2945-consulta"],"yoast_head":"<!-- This site is optimized with the Yoast SEO plugin v27.4 - https:\/\/yoast.com\/product\/yoast-seo-wordpress\/ -->\n<title>Diston\u00eda, la enfermedad por la que Jordi Roca perdi\u00f3 la voz<\/title>\n<meta name=\"description\" content=\"La diston\u00eda, enfermedad que le hizo perder la voz a Jordi Roca, es una patolog\u00eda que afecta a la flexibilidad y el tono muscular.\" \/>\n<meta name=\"robots\" content=\"index, follow, max-snippet:-1, max-image-preview:large, max-video-preview:-1\" \/>\n<link rel=\"canonical\" href=\"https:\/\/www.saludonnet.com\/blog\/distonia-la-enfermedad-por-la-que-jordi-roca-perdio-la-voz\/\" \/>\n<meta property=\"og:locale\" content=\"es_ES\" \/>\n<meta property=\"og:type\" content=\"article\" \/>\n<meta property=\"og:title\" content=\"Diston\u00eda, la enfermedad por la que Jordi Roca perdi\u00f3 la voz\" \/>\n<meta property=\"og:description\" content=\"La diston\u00eda, enfermedad que le hizo perder la voz a Jordi Roca, es una patolog\u00eda que afecta a la flexibilidad y el tono muscular.\" \/>\n<meta property=\"og:url\" content=\"https:\/\/www.saludonnet.com\/blog\/distonia-la-enfermedad-por-la-que-jordi-roca-perdio-la-voz\/\" \/>\n<meta property=\"og:site_name\" content=\"Blog SaludOnNet\" \/>\n<meta property=\"article:publisher\" content=\"https:\/\/www.facebook.com\/pages\/SaludOnNet\/214957498526536\" \/>\n<meta property=\"article:published_time\" content=\"2026-01-07T12:43:00+00:00\" \/>\n<meta property=\"article:modified_time\" content=\"2026-02-11T13:11:49+00:00\" \/>\n<meta property=\"og:image\" content=\"https:\/\/www.saludonnet.com\/blog\/wp-content\/uploads\/2023\/03\/jordi_roca.jpg\" \/>\n\t<meta property=\"og:image:width\" content=\"800\" \/>\n\t<meta property=\"og:image:height\" content=\"400\" \/>\n\t<meta property=\"og:image:type\" content=\"image\/jpeg\" \/>\n<meta name=\"author\" content=\"Equipo M\u00e9dico de SaludOnNet\" \/>\n<meta name=\"twitter:card\" content=\"summary_large_image\" \/>\n<meta name=\"twitter:title\" content=\"Diston\u00eda, la enfermedad por la que Jordi Roca perdi\u00f3 la voz\" \/>\n<meta name=\"twitter:description\" content=\"La diston\u00eda, enfermedad que le hizo perder la voz a Jordi Roca, es una patolog\u00eda que afecta a la flexibilidad y el tono muscular.\" \/>\n<meta name=\"twitter:image\" content=\"https:\/\/soncdn.azureedge.net\/blog\/wp-content\/uploads\/2023\/03\/jordi_roca.jpg\" \/>\n<meta name=\"twitter:creator\" content=\"@saludonnet\" \/>\n<meta name=\"twitter:site\" content=\"@saludonnet\" \/>\n<meta name=\"twitter:label1\" content=\"Escrito por\" \/>\n\t<meta name=\"twitter:data1\" content=\"Equipo M\u00e9dico de SaludOnNet\" \/>\n\t<meta name=\"twitter:label2\" content=\"Tiempo de lectura\" \/>\n\t<meta name=\"twitter:data2\" content=\"10 minutos\" \/>\n<script type=\"application\/ld+json\" class=\"yoast-schema-graph\">{\"@context\":\"https:\\\/\\\/schema.org\",\"@graph\":[{\"@type\":\"Article\",\"@id\":\"https:\\\/\\\/www.saludonnet.com\\\/blog\\\/distonia-la-enfermedad-por-la-que-jordi-roca-perdio-la-voz\\\/#article\",\"isPartOf\":{\"@id\":\"https:\\\/\\\/www.saludonnet.com\\\/blog\\\/distonia-la-enfermedad-por-la-que-jordi-roca-perdio-la-voz\\\/\"},\"author\":{\"name\":\"Equipo M\u00e9dico de SaludOnNet\",\"@id\":\"https:\\\/\\\/www.saludonnet.com\\\/blog\\\/#\\\/schema\\\/person\\\/50995e01cc9d6c9f29ae18d979eeff1b\"},\"headline\":\"Diston\u00eda, la enfermedad por la que Jordi Roca perdi\u00f3 la voz\",\"datePublished\":\"2026-01-07T12:43:00+00:00\",\"dateModified\":\"2026-02-11T13:11:49+00:00\",\"mainEntityOfPage\":{\"@id\":\"https:\\\/\\\/www.saludonnet.com\\\/blog\\\/distonia-la-enfermedad-por-la-que-jordi-roca-perdio-la-voz\\\/\"},\"wordCount\":2200,\"commentCount\":0,\"publisher\":{\"@id\":\"https:\\\/\\\/www.saludonnet.com\\\/blog\\\/#organization\"},\"image\":{\"@id\":\"https:\\\/\\\/www.saludonnet.com\\\/blog\\\/distonia-la-enfermedad-por-la-que-jordi-roca-perdio-la-voz\\\/#primaryimage\"},\"thumbnailUrl\":\"https:\\\/\\\/soncdn.azureedge.net\\\/blog\\\/wp-content\\\/uploads\\\/2023\\\/03\\\/jordi_roca.jpg\",\"keywords\":[\"Consulta de Neurolog\u00eda\"],\"articleSection\":[\"Neurolog\u00eda\"],\"inLanguage\":\"es\",\"potentialAction\":[{\"@type\":\"CommentAction\",\"name\":\"Comment\",\"target\":[\"https:\\\/\\\/www.saludonnet.com\\\/blog\\\/distonia-la-enfermedad-por-la-que-jordi-roca-perdio-la-voz\\\/#respond\"]}]},{\"@type\":\"WebPage\",\"@id\":\"https:\\\/\\\/www.saludonnet.com\\\/blog\\\/distonia-la-enfermedad-por-la-que-jordi-roca-perdio-la-voz\\\/\",\"url\":\"https:\\\/\\\/www.saludonnet.com\\\/blog\\\/distonia-la-enfermedad-por-la-que-jordi-roca-perdio-la-voz\\\/\",\"name\":\"Diston\u00eda, la enfermedad por la que Jordi Roca perdi\u00f3 la voz\",\"isPartOf\":{\"@id\":\"https:\\\/\\\/www.saludonnet.com\\\/blog\\\/#website\"},\"primaryImageOfPage\":{\"@id\":\"https:\\\/\\\/www.saludonnet.com\\\/blog\\\/distonia-la-enfermedad-por-la-que-jordi-roca-perdio-la-voz\\\/#primaryimage\"},\"image\":{\"@id\":\"https:\\\/\\\/www.saludonnet.com\\\/blog\\\/distonia-la-enfermedad-por-la-que-jordi-roca-perdio-la-voz\\\/#primaryimage\"},\"thumbnailUrl\":\"https:\\\/\\\/soncdn.azureedge.net\\\/blog\\\/wp-content\\\/uploads\\\/2023\\\/03\\\/jordi_roca.jpg\",\"datePublished\":\"2026-01-07T12:43:00+00:00\",\"dateModified\":\"2026-02-11T13:11:49+00:00\",\"description\":\"La diston\u00eda, enfermedad que le hizo perder la voz a Jordi Roca, es una patolog\u00eda que afecta a la flexibilidad y el tono muscular.\",\"breadcrumb\":{\"@id\":\"https:\\\/\\\/www.saludonnet.com\\\/blog\\\/distonia-la-enfermedad-por-la-que-jordi-roca-perdio-la-voz\\\/#breadcrumb\"},\"inLanguage\":\"es\",\"potentialAction\":[{\"@type\":\"ReadAction\",\"target\":[\"https:\\\/\\\/www.saludonnet.com\\\/blog\\\/distonia-la-enfermedad-por-la-que-jordi-roca-perdio-la-voz\\\/\"]}]},{\"@type\":\"ImageObject\",\"inLanguage\":\"es\",\"@id\":\"https:\\\/\\\/www.saludonnet.com\\\/blog\\\/distonia-la-enfermedad-por-la-que-jordi-roca-perdio-la-voz\\\/#primaryimage\",\"url\":\"https:\\\/\\\/soncdn.azureedge.net\\\/blog\\\/wp-content\\\/uploads\\\/2023\\\/03\\\/jordi_roca.jpg\",\"contentUrl\":\"https:\\\/\\\/soncdn.azureedge.net\\\/blog\\\/wp-content\\\/uploads\\\/2023\\\/03\\\/jordi_roca.jpg\",\"width\":800,\"height\":400,\"caption\":\"Jordi Roca\"},{\"@type\":\"BreadcrumbList\",\"@id\":\"https:\\\/\\\/www.saludonnet.com\\\/blog\\\/distonia-la-enfermedad-por-la-que-jordi-roca-perdio-la-voz\\\/#breadcrumb\",\"itemListElement\":[{\"@type\":\"ListItem\",\"position\":1,\"name\":\"Portada\",\"item\":\"https:\\\/\\\/www.saludonnet.com\\\/blog\\\/\"},{\"@type\":\"ListItem\",\"position\":2,\"name\":\"Neurolog\u00eda\",\"item\":\"https:\\\/\\\/www.saludonnet.com\\\/blog\\\/topic\\\/neurologia\\\/\"},{\"@type\":\"ListItem\",\"position\":3,\"name\":\"Diston\u00eda, la enfermedad por la que Jordi Roca perdi\u00f3 la voz\"}]},{\"@type\":\"WebSite\",\"@id\":\"https:\\\/\\\/www.saludonnet.com\\\/blog\\\/#website\",\"url\":\"https:\\\/\\\/www.saludonnet.com\\\/blog\\\/\",\"name\":\"Blog SaludOnNet\",\"description\":\"Un espacio donde encontrar\u00e1s consejos y art\u00edculos para cuidar de tu salud\",\"publisher\":{\"@id\":\"https:\\\/\\\/www.saludonnet.com\\\/blog\\\/#organization\"},\"potentialAction\":[{\"@type\":\"SearchAction\",\"target\":{\"@type\":\"EntryPoint\",\"urlTemplate\":\"https:\\\/\\\/www.saludonnet.com\\\/blog\\\/?s={search_term_string}\"},\"query-input\":{\"@type\":\"PropertyValueSpecification\",\"valueRequired\":true,\"valueName\":\"search_term_string\"}}],\"inLanguage\":\"es\"},{\"@type\":\"Organization\",\"@id\":\"https:\\\/\\\/www.saludonnet.com\\\/blog\\\/#organization\",\"name\":\"SaludOnNet\",\"url\":\"https:\\\/\\\/www.saludonnet.com\\\/blog\\\/\",\"logo\":{\"@type\":\"ImageObject\",\"inLanguage\":\"es\",\"@id\":\"https:\\\/\\\/www.saludonnet.com\\\/blog\\\/#\\\/schema\\\/logo\\\/image\\\/\",\"url\":\"https:\\\/\\\/www.saludonnet.com\\\/blog\\\/wp-content\\\/uploads\\\/2019\\\/07\\\/Logo-SaludOnNet.png\",\"contentUrl\":\"https:\\\/\\\/www.saludonnet.com\\\/blog\\\/wp-content\\\/uploads\\\/2019\\\/07\\\/Logo-SaludOnNet.png\",\"width\":1140,\"height\":377,\"caption\":\"SaludOnNet\"},\"image\":{\"@id\":\"https:\\\/\\\/www.saludonnet.com\\\/blog\\\/#\\\/schema\\\/logo\\\/image\\\/\"},\"sameAs\":[\"https:\\\/\\\/www.facebook.com\\\/pages\\\/SaludOnNet\\\/214957498526536\",\"https:\\\/\\\/x.com\\\/saludonnet\",\"https:\\\/\\\/www.instagram.com\\\/saludonnet\\\/\",\"https:\\\/\\\/www.linkedin.com\\\/company\\\/saludonnet\\\/\",\"https:\\\/\\\/www.youtube.com\\\/channel\\\/UCag68GsnagqzNb6C3G-S9vQ\"]},{\"@type\":\"Person\",\"@id\":\"https:\\\/\\\/www.saludonnet.com\\\/blog\\\/#\\\/schema\\\/person\\\/50995e01cc9d6c9f29ae18d979eeff1b\",\"name\":\"Equipo M\u00e9dico de SaludOnNet\",\"image\":{\"@type\":\"ImageObject\",\"inLanguage\":\"es\",\"@id\":\"https:\\\/\\\/secure.gravatar.com\\\/avatar\\\/0ac89931d2ef75704f29e63e12335967620a1f7ac37c69f6f97ad72b9ac6496d?s=96&d=mm&r=g\",\"url\":\"https:\\\/\\\/secure.gravatar.com\\\/avatar\\\/0ac89931d2ef75704f29e63e12335967620a1f7ac37c69f6f97ad72b9ac6496d?s=96&d=mm&r=g\",\"contentUrl\":\"https:\\\/\\\/secure.gravatar.com\\\/avatar\\\/0ac89931d2ef75704f29e63e12335967620a1f7ac37c69f6f97ad72b9ac6496d?s=96&d=mm&r=g\",\"caption\":\"Equipo M\u00e9dico de SaludOnNet\"},\"description\":\"Art\u00edculo elaborado por el equipo m\u00e9dico de SaludOnNet, compuesto por especialistas destacados en su \u00e1rea.\",\"url\":\"https:\\\/\\\/www.saludonnet.com\\\/blog\\\/author\\\/saludonnet\\\/\"}]}<\/script>\n<!-- \/ Yoast SEO plugin. -->","yoast_head_json":{"title":"Diston\u00eda, la enfermedad por la que Jordi Roca perdi\u00f3 la voz","description":"La diston\u00eda, enfermedad que le hizo perder la voz a Jordi Roca, es una patolog\u00eda que afecta a la flexibilidad y el tono muscular.","robots":{"index":"index","follow":"follow","max-snippet":"max-snippet:-1","max-image-preview":"max-image-preview:large","max-video-preview":"max-video-preview:-1"},"canonical":"https:\/\/www.saludonnet.com\/blog\/distonia-la-enfermedad-por-la-que-jordi-roca-perdio-la-voz\/","og_locale":"es_ES","og_type":"article","og_title":"Diston\u00eda, la enfermedad por la que Jordi Roca perdi\u00f3 la voz","og_description":"La diston\u00eda, enfermedad que le hizo perder la voz a Jordi Roca, es una patolog\u00eda que afecta a la flexibilidad y el tono muscular.","og_url":"https:\/\/www.saludonnet.com\/blog\/distonia-la-enfermedad-por-la-que-jordi-roca-perdio-la-voz\/","og_site_name":"Blog SaludOnNet","article_publisher":"https:\/\/www.facebook.com\/pages\/SaludOnNet\/214957498526536","article_published_time":"2026-01-07T12:43:00+00:00","article_modified_time":"2026-02-11T13:11:49+00:00","og_image":[{"width":800,"height":400,"url":"https:\/\/www.saludonnet.com\/blog\/wp-content\/uploads\/2023\/03\/jordi_roca.jpg","type":"image\/jpeg"}],"author":"Equipo M\u00e9dico de SaludOnNet","twitter_card":"summary_large_image","twitter_title":"Diston\u00eda, la enfermedad por la que Jordi Roca perdi\u00f3 la voz","twitter_description":"La diston\u00eda, enfermedad que le hizo perder la voz a Jordi Roca, es una patolog\u00eda que afecta a la flexibilidad y el tono muscular.","twitter_image":"https:\/\/soncdn.azureedge.net\/blog\/wp-content\/uploads\/2023\/03\/jordi_roca.jpg","twitter_creator":"@saludonnet","twitter_site":"@saludonnet","twitter_misc":{"Escrito por":"Equipo M\u00e9dico de SaludOnNet","Tiempo de lectura":"10 minutos"},"schema":{"@context":"https:\/\/schema.org","@graph":[{"@type":"Article","@id":"https:\/\/www.saludonnet.com\/blog\/distonia-la-enfermedad-por-la-que-jordi-roca-perdio-la-voz\/#article","isPartOf":{"@id":"https:\/\/www.saludonnet.com\/blog\/distonia-la-enfermedad-por-la-que-jordi-roca-perdio-la-voz\/"},"author":{"name":"Equipo M\u00e9dico de SaludOnNet","@id":"https:\/\/www.saludonnet.com\/blog\/#\/schema\/person\/50995e01cc9d6c9f29ae18d979eeff1b"},"headline":"Diston\u00eda, la enfermedad por la que Jordi Roca perdi\u00f3 la voz","datePublished":"2026-01-07T12:43:00+00:00","dateModified":"2026-02-11T13:11:49+00:00","mainEntityOfPage":{"@id":"https:\/\/www.saludonnet.com\/blog\/distonia-la-enfermedad-por-la-que-jordi-roca-perdio-la-voz\/"},"wordCount":2200,"commentCount":0,"publisher":{"@id":"https:\/\/www.saludonnet.com\/blog\/#organization"},"image":{"@id":"https:\/\/www.saludonnet.com\/blog\/distonia-la-enfermedad-por-la-que-jordi-roca-perdio-la-voz\/#primaryimage"},"thumbnailUrl":"https:\/\/soncdn.azureedge.net\/blog\/wp-content\/uploads\/2023\/03\/jordi_roca.jpg","keywords":["Consulta de Neurolog\u00eda"],"articleSection":["Neurolog\u00eda"],"inLanguage":"es","potentialAction":[{"@type":"CommentAction","name":"Comment","target":["https:\/\/www.saludonnet.com\/blog\/distonia-la-enfermedad-por-la-que-jordi-roca-perdio-la-voz\/#respond"]}]},{"@type":"WebPage","@id":"https:\/\/www.saludonnet.com\/blog\/distonia-la-enfermedad-por-la-que-jordi-roca-perdio-la-voz\/","url":"https:\/\/www.saludonnet.com\/blog\/distonia-la-enfermedad-por-la-que-jordi-roca-perdio-la-voz\/","name":"Diston\u00eda, la enfermedad por la que Jordi Roca perdi\u00f3 la voz","isPartOf":{"@id":"https:\/\/www.saludonnet.com\/blog\/#website"},"primaryImageOfPage":{"@id":"https:\/\/www.saludonnet.com\/blog\/distonia-la-enfermedad-por-la-que-jordi-roca-perdio-la-voz\/#primaryimage"},"image":{"@id":"https:\/\/www.saludonnet.com\/blog\/distonia-la-enfermedad-por-la-que-jordi-roca-perdio-la-voz\/#primaryimage"},"thumbnailUrl":"https:\/\/soncdn.azureedge.net\/blog\/wp-content\/uploads\/2023\/03\/jordi_roca.jpg","datePublished":"2026-01-07T12:43:00+00:00","dateModified":"2026-02-11T13:11:49+00:00","description":"La diston\u00eda, enfermedad que le hizo perder la voz a Jordi Roca, es una patolog\u00eda que afecta a la flexibilidad y el tono muscular.","breadcrumb":{"@id":"https:\/\/www.saludonnet.com\/blog\/distonia-la-enfermedad-por-la-que-jordi-roca-perdio-la-voz\/#breadcrumb"},"inLanguage":"es","potentialAction":[{"@type":"ReadAction","target":["https:\/\/www.saludonnet.com\/blog\/distonia-la-enfermedad-por-la-que-jordi-roca-perdio-la-voz\/"]}]},{"@type":"ImageObject","inLanguage":"es","@id":"https:\/\/www.saludonnet.com\/blog\/distonia-la-enfermedad-por-la-que-jordi-roca-perdio-la-voz\/#primaryimage","url":"https:\/\/soncdn.azureedge.net\/blog\/wp-content\/uploads\/2023\/03\/jordi_roca.jpg","contentUrl":"https:\/\/soncdn.azureedge.net\/blog\/wp-content\/uploads\/2023\/03\/jordi_roca.jpg","width":800,"height":400,"caption":"Jordi Roca"},{"@type":"BreadcrumbList","@id":"https:\/\/www.saludonnet.com\/blog\/distonia-la-enfermedad-por-la-que-jordi-roca-perdio-la-voz\/#breadcrumb","itemListElement":[{"@type":"ListItem","position":1,"name":"Portada","item":"https:\/\/www.saludonnet.com\/blog\/"},{"@type":"ListItem","position":2,"name":"Neurolog\u00eda","item":"https:\/\/www.saludonnet.com\/blog\/topic\/neurologia\/"},{"@type":"ListItem","position":3,"name":"Diston\u00eda, la enfermedad por la que Jordi Roca perdi\u00f3 la voz"}]},{"@type":"WebSite","@id":"https:\/\/www.saludonnet.com\/blog\/#website","url":"https:\/\/www.saludonnet.com\/blog\/","name":"Blog SaludOnNet","description":"Un espacio donde encontrar\u00e1s consejos y art\u00edculos para cuidar de tu salud","publisher":{"@id":"https:\/\/www.saludonnet.com\/blog\/#organization"},"potentialAction":[{"@type":"SearchAction","target":{"@type":"EntryPoint","urlTemplate":"https:\/\/www.saludonnet.com\/blog\/?s={search_term_string}"},"query-input":{"@type":"PropertyValueSpecification","valueRequired":true,"valueName":"search_term_string"}}],"inLanguage":"es"},{"@type":"Organization","@id":"https:\/\/www.saludonnet.com\/blog\/#organization","name":"SaludOnNet","url":"https:\/\/www.saludonnet.com\/blog\/","logo":{"@type":"ImageObject","inLanguage":"es","@id":"https:\/\/www.saludonnet.com\/blog\/#\/schema\/logo\/image\/","url":"https:\/\/www.saludonnet.com\/blog\/wp-content\/uploads\/2019\/07\/Logo-SaludOnNet.png","contentUrl":"https:\/\/www.saludonnet.com\/blog\/wp-content\/uploads\/2019\/07\/Logo-SaludOnNet.png","width":1140,"height":377,"caption":"SaludOnNet"},"image":{"@id":"https:\/\/www.saludonnet.com\/blog\/#\/schema\/logo\/image\/"},"sameAs":["https:\/\/www.facebook.com\/pages\/SaludOnNet\/214957498526536","https:\/\/x.com\/saludonnet","https:\/\/www.instagram.com\/saludonnet\/","https:\/\/www.linkedin.com\/company\/saludonnet\/","https:\/\/www.youtube.com\/channel\/UCag68GsnagqzNb6C3G-S9vQ"]},{"@type":"Person","@id":"https:\/\/www.saludonnet.com\/blog\/#\/schema\/person\/50995e01cc9d6c9f29ae18d979eeff1b","name":"Equipo M\u00e9dico de SaludOnNet","image":{"@type":"ImageObject","inLanguage":"es","@id":"https:\/\/secure.gravatar.com\/avatar\/0ac89931d2ef75704f29e63e12335967620a1f7ac37c69f6f97ad72b9ac6496d?s=96&d=mm&r=g","url":"https:\/\/secure.gravatar.com\/avatar\/0ac89931d2ef75704f29e63e12335967620a1f7ac37c69f6f97ad72b9ac6496d?s=96&d=mm&r=g","contentUrl":"https:\/\/secure.gravatar.com\/avatar\/0ac89931d2ef75704f29e63e12335967620a1f7ac37c69f6f97ad72b9ac6496d?s=96&d=mm&r=g","caption":"Equipo M\u00e9dico de SaludOnNet"},"description":"Art\u00edculo elaborado por el equipo m\u00e9dico de SaludOnNet, compuesto por especialistas destacados en su \u00e1rea.","url":"https:\/\/www.saludonnet.com\/blog\/author\/saludonnet\/"}]}},"acf":[],"_links":{"self":[{"href":"https:\/\/www.saludonnet.com\/blog\/wp-json\/wp\/v2\/posts\/13397","targetHints":{"allow":["GET"]}}],"collection":[{"href":"https:\/\/www.saludonnet.com\/blog\/wp-json\/wp\/v2\/posts"}],"about":[{"href":"https:\/\/www.saludonnet.com\/blog\/wp-json\/wp\/v2\/types\/post"}],"author":[{"embeddable":true,"href":"https:\/\/www.saludonnet.com\/blog\/wp-json\/wp\/v2\/users\/20"}],"replies":[{"embeddable":true,"href":"https:\/\/www.saludonnet.com\/blog\/wp-json\/wp\/v2\/comments?post=13397"}],"version-history":[{"count":14,"href":"https:\/\/www.saludonnet.com\/blog\/wp-json\/wp\/v2\/posts\/13397\/revisions"}],"predecessor-version":[{"id":15387,"href":"https:\/\/www.saludonnet.com\/blog\/wp-json\/wp\/v2\/posts\/13397\/revisions\/15387"}],"wp:featuredmedia":[{"embeddable":true,"href":"https:\/\/www.saludonnet.com\/blog\/wp-json\/wp\/v2\/media\/13369"}],"wp:attachment":[{"href":"https:\/\/www.saludonnet.com\/blog\/wp-json\/wp\/v2\/media?parent=13397"}],"wp:term":[{"taxonomy":"category","embeddable":true,"href":"https:\/\/www.saludonnet.com\/blog\/wp-json\/wp\/v2\/categories?post=13397"},{"taxonomy":"post_tag","embeddable":true,"href":"https:\/\/www.saludonnet.com\/blog\/wp-json\/wp\/v2\/tags?post=13397"}],"curies":[{"name":"wp","href":"https:\/\/api.w.org\/{rel}","templated":true}]}}