{"id":12565,"date":"2026-01-28T15:47:00","date_gmt":"2026-01-28T14:47:00","guid":{"rendered":"https:\/\/www.saludonnet.com\/blog\/?p=12565"},"modified":"2026-02-11T14:00:55","modified_gmt":"2026-02-11T13:00:55","slug":"como-equilibrar-la-vida-personal-y-profesional","status":"publish","type":"post","link":"https:\/\/www.saludonnet.com\/blog\/como-equilibrar-la-vida-personal-y-profesional\/","title":{"rendered":"\u00bfC\u00f3mo equilibrar la vida personal y profesional?"},"content":{"rendered":"\n<p>Cuando las preocupaciones profesionales se mezclan con los problemas personales, la vida personal puede volverse complicada. Por eso es importante conocer que hay recursos disponibles para quienes tienen problemas para <strong>lidiar con la presi\u00f3n<\/strong> de tener que soportar ambos aspectos de la vida.<\/p>\n\n\n\n<p>La conciliaci\u00f3n entre la vida laboral y la vida personal es importante para <strong>mant<\/strong><strong>ener la salud mental y el equilibrio emocional<\/strong>. Cuando hay hijos, puede ser a\u00fan m\u00e1s dif\u00edcil encontrarlo. Por eso es necesario identificar lo que es realmente importante y priorizar esas \u00e1reas para dotarlas de tiempo suficiente. El objetivo es encontrar un espacio para la familia, las pasiones y los hobbies.<\/p>\n\n\n\n<h2 class=\"wp-block-heading\">Medidas para reducir el estr\u00e9s<\/h2>\n\n\n\n<p>Existen algunas medidas para reducir el estr\u00e9s que produce el compaginar ambos \u00e1mbitos de la vida y manejar los retos diarios. Algunos usos pr\u00e1cticos para alcanzar un equilibrio entre la vida personal y profesional son:<\/p>\n\n\n\n<ul class=\"wp-block-list\">\n<li><strong><a href=\"l\">Organizarse<\/a>.<\/strong> Establecer prioridades en las tareas es una manera efectiva de gestionar el estr\u00e9s que trae consigo la combinaci\u00f3n de los asuntos personales y los profesionales. Esto significa crear una lista de tareas a cumplir cada semana y clasificar los objetivos como una misi\u00f3n a cumplir. Establecer un cronograma tambi\u00e9n puede ser \u00fatil para asegurarse de que se cumplen los objetivos establecidos.<\/li>\n\n\n\n<li><strong>Reducir el tiempo del uso de pantallas. <\/strong>&nbsp;Adentrarse en el mundo electr\u00f3nico a veces implica pasar demasiado tiempo en redes sociales, ver demasiadas noticias y distraerse con otros medios digitales. Es importante tratar de <strong><a href=\"https:\/\/www.saludonnet.com\/blog\/adiccion-al-movil-sintomas-y-patologias-frecuentes\/\">limitar el tiempo que se pasa frente a la pantalla<\/a> <\/strong>a no m\u00e1s de dos horas diarias para evitar ser improductivo.<\/li>\n\n\n\n<li><strong>Aprovechar el tiempo libre.<\/strong> En lugar de llevar un estilo de vida ocupado y abarrotado, hay que encontrar tiempo para actividades relajantes como la lectura o el ejercicio. Estos quehaceres desintoxicantes ayudan a reducir el estr\u00e9s y ofrecen la oportunidad de reflexionar sobre las propias metas.<\/li>\n\n\n\n<li><strong>Buscar un mentor<\/strong>: Puede ser una forma \u00fatil de equilibrar la vida personal y la profesional. Un mentor dispuesto a escuchar los objetivos y compartir su experiencia ayudar\u00e1 a centrarse en el desarrollo profesional mientras se evita el exceso de estr\u00e9s. As\u00ed, uno puede aprender c\u00f3mo avanzar en su carrera, al mismo tiempo que se centra en su bienestar mental.<\/li>\n<\/ul>\n\n\n\n<h2 class=\"wp-block-heading\">Cuidar la salud mental<\/h2>\n\n\n\n<p>La salud mental es un aspecto importante para cualquiera que busque desarrollarse profesionalmente, ya que <strong>la<\/strong><strong> presi\u00f3n acad\u00e9mica y laboral puede afectar al bienestar mental y f\u00edsico<\/strong>. Es fundamental entender que el desarrollo exitoso de una carrera no est\u00e1 garantizado por una cantidad inagotable de trabajo duro y dedicaci\u00f3n. Por el contrario, la manera apropiada de avanzar en el camino profesional es hacer un esfuerzo adecuado, ser autosuficiente y cuidar la salud mental.<\/p>\n\n\n\n<p>La presi\u00f3n de una carrera puede afectar la salud mental de muchas maneras. Algunas de ellas son:<\/p>\n\n\n\n<ul class=\"wp-block-list\">\n<li>Enfrentarse a la incertidumbre de la situaci\u00f3n actual.<\/li>\n\n\n\n<li>Lidiar con el estr\u00e9s de un cambio en los roles.<\/li>\n\n\n\n<li>Tener ansiedad acerca de ceder el control.<\/li>\n<\/ul>\n\n\n\n<p>Estas <strong>pre<\/strong><strong>ocupaciones pueden afectar en el rendimiento en la universidad o en el lugar de trabajo<\/strong>. Por otro lado, tambi\u00e9n se puede estar perdiendo la motivaci\u00f3n para trabajar, sintiendo agotamiento y ansiedad.<\/p>\n\n\n\n<p>Es importante tomar medidas para cuidar tu salud mental para poder beneficiar tu desarrollo profesional.<\/p>\n\n\n\n<ul class=\"wp-block-list\">\n<li>Aseg\u00farate de <strong>man<\/strong><strong>ejar la presi\u00f3n y aceptar los desaf\u00edos como una oportunidad<\/strong> para crecer y aprender.<\/li>\n\n\n\n<li>Trata de <strong>to<\/strong><strong>mar descansos regulares<\/strong> en los que te desconectes completamente de tu trabajo. Cuanto m\u00e1s te desconectes, mejor te sentir\u00e1s.<\/li>\n\n\n\n<li>Mant\u00e9n un <strong>hor<\/strong><strong>ario regular de ejercicio y alim\u00e9ntate bien<\/strong>. Esto puede ayudarte a eliminar la acumulaci\u00f3n de estr\u00e9s y aumentar tu energ\u00eda para trabajar.<\/li>\n\n\n\n<li>Consigue una <strong>red<\/strong><strong> de apoyo saludable<\/strong>. Esto incluye alentar a los amigos y familiares a seguir hablando abiertamente sobre temas relacionados con la salud mental y a otros a buscar ayuda profesional, si es necesario.<\/li>\n<\/ul>\n\n\n\n<h2 class=\"wp-block-heading\">Cambios en el d\u00eda a d\u00eda<\/h2>\n\n\n\n<p>Adem\u00e1s de los aspectos antes mencionados, hay algunas cosas simples que se pueden hacer diariamente para cuidar la salud mental mientras aumenta el desarrollo profesional:<\/p>\n\n\n\n<ul class=\"wp-block-list\">\n<li>Practica <strong>ejercicios de respiraci\u00f3n profunda<\/strong>.<\/li>\n\n\n\n<li>Toma tiempo para hacer las cosas que te hacen feliz, como <strong>leer un libro, escuchar m\u00fasica o caminar al aire libre<\/strong>. Estas actividades relajantes te permitir\u00e1n lidiar mejor con la presi\u00f3n y el estr\u00e9s.<\/li>\n\n\n\n<li><strong>Escribe un diario<\/strong> en donde puedas explayarte sobre los alcances diarios, ya que esto te ayudar\u00e1 a tener una imagen concreta de tus logros.<\/li>\n\n\n\n<li><strong>Al\u00e9jate de la tecnolog\u00eda y las redes sociales<\/strong> cuando sea posible. Esto te ayudar\u00e1 a concentrarte mejor en tu trabajo y permitir\u00e1 que tu cerebro se recargue.<\/li>\n\n\n\n<li><strong>Aprende a reconocer tus sentimientos y a lidiar con ellos<\/strong> de una manera positiva. Tienes que reconocer tus debilidades y tratar de comprender de d\u00f3nde vienen. Esto te ayudar\u00e1 a llevar una vida m\u00e1s saludable y a desarrollarte profesionalmente.<\/li>\n\n\n\n<li><strong>Trata de tomar nota de los pensamientos negativos y c\u00e1mbialos<\/strong> por pensamientos positivos. Esto te ayudar\u00e1 a evitar una actitud negativa y estar preparado para enfrentar los desaf\u00edos.<\/li>\n<\/ul>\n\n\n\n<p>Estas son algunas de las maneras por las cuales puedes desarrollarte profesionalmente y cuidar tu salud mental. Si haces de esto una prioridad y prestas atenci\u00f3n a tus necesidades, podr\u00e1s emprender un camino sustentable hacia un futuro profesional exitoso.<\/p>\n\n\n\n<p>En definitiva, el equilibrio entre la vida personal y profesional puede ser un desaf\u00edo, pero es fundamental para lograr un estilo de vida feliz y satisfactorio. Con la aplicaci\u00f3n de estas pr\u00e1cticas \u00fatiles, uno puede desarrollarse profesionalmente, as\u00ed como cuidar su propia salud mental.<\/p>\n\n\n\n<p>Si necesitas ayuda para organizarte mejor un psic\u00f3logo puede orientarte y darte las pautas a seguir. En <strong><strong><strong style=\"color:#009ee0\">SaludOnNet<\/strong><\/strong> <\/strong>contamos con especialistas dispuestos a ayudarte en lo que necesites, sin esperas y a precios asequibles.<\/p>\n","protected":false},"excerpt":{"rendered":"<p>Trabajo y vida personal a veces son dif\u00edciles de conciliar. Te contamos c\u00f3mo puedes mantener un equilibrio entre ambas. <\/p>\n","protected":false},"author":20,"featured_media":12564,"comment_status":"open","ping_status":"open","sticky":false,"template":"","format":"standard","meta":{"footnotes":""},"categories":[81],"tags":[255],"class_list":["post-12565","post","type-post","status-publish","format-standard","has-post-thumbnail","hentry","category-psicologia","tag-4260-consulta"],"yoast_head":"<!-- This site is optimized with the Yoast SEO plugin v27.4 - https:\/\/yoast.com\/product\/yoast-seo-wordpress\/ -->\n<title>\u00bfC\u00f3mo equilibrar la vida personal y profesional?<\/title>\n<meta name=\"description\" content=\"Trabajo y vida personal a veces son dif\u00edciles de conciliar. Te contamos c\u00f3mo puedes mantener un equilibrio entre ambas.\" \/>\n<meta name=\"robots\" content=\"index, follow, max-snippet:-1, max-image-preview:large, max-video-preview:-1\" \/>\n<link rel=\"canonical\" href=\"https:\/\/www.saludonnet.com\/blog\/como-equilibrar-la-vida-personal-y-profesional\/\" \/>\n<meta property=\"og:locale\" content=\"es_ES\" \/>\n<meta property=\"og:type\" content=\"article\" \/>\n<meta property=\"og:title\" content=\"\u00bfC\u00f3mo equilibrar la vida personal y profesional?\" \/>\n<meta property=\"og:description\" content=\"Trabajo y vida personal a veces son dif\u00edciles de conciliar. Te contamos c\u00f3mo puedes mantener un equilibrio entre ambas.\" \/>\n<meta property=\"og:url\" content=\"https:\/\/www.saludonnet.com\/blog\/como-equilibrar-la-vida-personal-y-profesional\/\" \/>\n<meta property=\"og:site_name\" content=\"Blog SaludOnNet\" \/>\n<meta property=\"article:publisher\" content=\"https:\/\/www.facebook.com\/pages\/SaludOnNet\/214957498526536\" \/>\n<meta property=\"article:published_time\" content=\"2026-01-28T14:47:00+00:00\" \/>\n<meta property=\"article:modified_time\" content=\"2026-02-11T13:00:55+00:00\" \/>\n<meta property=\"og:image\" content=\"https:\/\/www.saludonnet.com\/blog\/wp-content\/uploads\/2023\/01\/conciliacion.jpg\" \/>\n\t<meta property=\"og:image:width\" content=\"800\" \/>\n\t<meta property=\"og:image:height\" content=\"400\" \/>\n\t<meta property=\"og:image:type\" content=\"image\/jpeg\" \/>\n<meta name=\"author\" content=\"Equipo M\u00e9dico de SaludOnNet\" \/>\n<meta name=\"twitter:card\" content=\"summary_large_image\" \/>\n<meta name=\"twitter:title\" content=\"\u00bfC\u00f3mo equilibrar la vida personal y profesional?\" \/>\n<meta name=\"twitter:description\" content=\"Trabajo y vida personal a veces son dif\u00edciles de conciliar. Te contamos c\u00f3mo puedes mantener un equilibrio entre ambas.\" \/>\n<meta name=\"twitter:image\" content=\"https:\/\/soncdn.azureedge.net\/blog\/wp-content\/uploads\/2023\/01\/conciliacion.jpg\" \/>\n<meta name=\"twitter:creator\" content=\"@saludonnet\" \/>\n<meta name=\"twitter:site\" content=\"@saludonnet\" \/>\n<meta name=\"twitter:label1\" content=\"Escrito por\" \/>\n\t<meta name=\"twitter:data1\" content=\"Equipo M\u00e9dico de SaludOnNet\" \/>\n\t<meta name=\"twitter:label2\" content=\"Tiempo de lectura\" \/>\n\t<meta name=\"twitter:data2\" content=\"5 minutos\" \/>\n<script type=\"application\/ld+json\" class=\"yoast-schema-graph\">{\"@context\":\"https:\\\/\\\/schema.org\",\"@graph\":[{\"@type\":\"Article\",\"@id\":\"https:\\\/\\\/www.saludonnet.com\\\/blog\\\/como-equilibrar-la-vida-personal-y-profesional\\\/#article\",\"isPartOf\":{\"@id\":\"https:\\\/\\\/www.saludonnet.com\\\/blog\\\/como-equilibrar-la-vida-personal-y-profesional\\\/\"},\"author\":{\"name\":\"Equipo M\u00e9dico de SaludOnNet\",\"@id\":\"https:\\\/\\\/www.saludonnet.com\\\/blog\\\/#\\\/schema\\\/person\\\/50995e01cc9d6c9f29ae18d979eeff1b\"},\"headline\":\"\u00bfC\u00f3mo equilibrar la vida personal y profesional?\",\"datePublished\":\"2026-01-28T14:47:00+00:00\",\"dateModified\":\"2026-02-11T13:00:55+00:00\",\"mainEntityOfPage\":{\"@id\":\"https:\\\/\\\/www.saludonnet.com\\\/blog\\\/como-equilibrar-la-vida-personal-y-profesional\\\/\"},\"wordCount\":1006,\"commentCount\":0,\"publisher\":{\"@id\":\"https:\\\/\\\/www.saludonnet.com\\\/blog\\\/#organization\"},\"image\":{\"@id\":\"https:\\\/\\\/www.saludonnet.com\\\/blog\\\/como-equilibrar-la-vida-personal-y-profesional\\\/#primaryimage\"},\"thumbnailUrl\":\"https:\\\/\\\/soncdn.azureedge.net\\\/blog\\\/wp-content\\\/uploads\\\/2023\\\/01\\\/conciliacion.jpg\",\"keywords\":[\"Consulta de Psicolog\u00eda\"],\"articleSection\":[\"Psicolog\u00eda\"],\"inLanguage\":\"es\",\"potentialAction\":[{\"@type\":\"CommentAction\",\"name\":\"Comment\",\"target\":[\"https:\\\/\\\/www.saludonnet.com\\\/blog\\\/como-equilibrar-la-vida-personal-y-profesional\\\/#respond\"]}]},{\"@type\":\"WebPage\",\"@id\":\"https:\\\/\\\/www.saludonnet.com\\\/blog\\\/como-equilibrar-la-vida-personal-y-profesional\\\/\",\"url\":\"https:\\\/\\\/www.saludonnet.com\\\/blog\\\/como-equilibrar-la-vida-personal-y-profesional\\\/\",\"name\":\"\u00bfC\u00f3mo equilibrar la vida personal y profesional?\",\"isPartOf\":{\"@id\":\"https:\\\/\\\/www.saludonnet.com\\\/blog\\\/#website\"},\"primaryImageOfPage\":{\"@id\":\"https:\\\/\\\/www.saludonnet.com\\\/blog\\\/como-equilibrar-la-vida-personal-y-profesional\\\/#primaryimage\"},\"image\":{\"@id\":\"https:\\\/\\\/www.saludonnet.com\\\/blog\\\/como-equilibrar-la-vida-personal-y-profesional\\\/#primaryimage\"},\"thumbnailUrl\":\"https:\\\/\\\/soncdn.azureedge.net\\\/blog\\\/wp-content\\\/uploads\\\/2023\\\/01\\\/conciliacion.jpg\",\"datePublished\":\"2026-01-28T14:47:00+00:00\",\"dateModified\":\"2026-02-11T13:00:55+00:00\",\"description\":\"Trabajo y vida personal a veces son dif\u00edciles de conciliar. Te contamos c\u00f3mo puedes mantener un equilibrio entre ambas.\",\"breadcrumb\":{\"@id\":\"https:\\\/\\\/www.saludonnet.com\\\/blog\\\/como-equilibrar-la-vida-personal-y-profesional\\\/#breadcrumb\"},\"inLanguage\":\"es\",\"potentialAction\":[{\"@type\":\"ReadAction\",\"target\":[\"https:\\\/\\\/www.saludonnet.com\\\/blog\\\/como-equilibrar-la-vida-personal-y-profesional\\\/\"]}]},{\"@type\":\"ImageObject\",\"inLanguage\":\"es\",\"@id\":\"https:\\\/\\\/www.saludonnet.com\\\/blog\\\/como-equilibrar-la-vida-personal-y-profesional\\\/#primaryimage\",\"url\":\"https:\\\/\\\/soncdn.azureedge.net\\\/blog\\\/wp-content\\\/uploads\\\/2023\\\/01\\\/conciliacion.jpg\",\"contentUrl\":\"https:\\\/\\\/soncdn.azureedge.net\\\/blog\\\/wp-content\\\/uploads\\\/2023\\\/01\\\/conciliacion.jpg\",\"width\":800,\"height\":400,\"caption\":\"mujer trabajando con ni\u00f1o en brazos\"},{\"@type\":\"BreadcrumbList\",\"@id\":\"https:\\\/\\\/www.saludonnet.com\\\/blog\\\/como-equilibrar-la-vida-personal-y-profesional\\\/#breadcrumb\",\"itemListElement\":[{\"@type\":\"ListItem\",\"position\":1,\"name\":\"Portada\",\"item\":\"https:\\\/\\\/www.saludonnet.com\\\/blog\\\/\"},{\"@type\":\"ListItem\",\"position\":2,\"name\":\"Psicolog\u00eda\",\"item\":\"https:\\\/\\\/www.saludonnet.com\\\/blog\\\/topic\\\/psicologia\\\/\"},{\"@type\":\"ListItem\",\"position\":3,\"name\":\"\u00bfC\u00f3mo equilibrar la vida personal y profesional?\"}]},{\"@type\":\"WebSite\",\"@id\":\"https:\\\/\\\/www.saludonnet.com\\\/blog\\\/#website\",\"url\":\"https:\\\/\\\/www.saludonnet.com\\\/blog\\\/\",\"name\":\"Blog SaludOnNet\",\"description\":\"Un espacio donde encontrar\u00e1s consejos y art\u00edculos para cuidar de tu salud\",\"publisher\":{\"@id\":\"https:\\\/\\\/www.saludonnet.com\\\/blog\\\/#organization\"},\"potentialAction\":[{\"@type\":\"SearchAction\",\"target\":{\"@type\":\"EntryPoint\",\"urlTemplate\":\"https:\\\/\\\/www.saludonnet.com\\\/blog\\\/?s={search_term_string}\"},\"query-input\":{\"@type\":\"PropertyValueSpecification\",\"valueRequired\":true,\"valueName\":\"search_term_string\"}}],\"inLanguage\":\"es\"},{\"@type\":\"Organization\",\"@id\":\"https:\\\/\\\/www.saludonnet.com\\\/blog\\\/#organization\",\"name\":\"SaludOnNet\",\"url\":\"https:\\\/\\\/www.saludonnet.com\\\/blog\\\/\",\"logo\":{\"@type\":\"ImageObject\",\"inLanguage\":\"es\",\"@id\":\"https:\\\/\\\/www.saludonnet.com\\\/blog\\\/#\\\/schema\\\/logo\\\/image\\\/\",\"url\":\"https:\\\/\\\/www.saludonnet.com\\\/blog\\\/wp-content\\\/uploads\\\/2019\\\/07\\\/Logo-SaludOnNet.png\",\"contentUrl\":\"https:\\\/\\\/www.saludonnet.com\\\/blog\\\/wp-content\\\/uploads\\\/2019\\\/07\\\/Logo-SaludOnNet.png\",\"width\":1140,\"height\":377,\"caption\":\"SaludOnNet\"},\"image\":{\"@id\":\"https:\\\/\\\/www.saludonnet.com\\\/blog\\\/#\\\/schema\\\/logo\\\/image\\\/\"},\"sameAs\":[\"https:\\\/\\\/www.facebook.com\\\/pages\\\/SaludOnNet\\\/214957498526536\",\"https:\\\/\\\/x.com\\\/saludonnet\",\"https:\\\/\\\/www.instagram.com\\\/saludonnet\\\/\",\"https:\\\/\\\/www.linkedin.com\\\/company\\\/saludonnet\\\/\",\"https:\\\/\\\/www.youtube.com\\\/channel\\\/UCag68GsnagqzNb6C3G-S9vQ\"]},{\"@type\":\"Person\",\"@id\":\"https:\\\/\\\/www.saludonnet.com\\\/blog\\\/#\\\/schema\\\/person\\\/50995e01cc9d6c9f29ae18d979eeff1b\",\"name\":\"Equipo M\u00e9dico de SaludOnNet\",\"image\":{\"@type\":\"ImageObject\",\"inLanguage\":\"es\",\"@id\":\"https:\\\/\\\/secure.gravatar.com\\\/avatar\\\/0ac89931d2ef75704f29e63e12335967620a1f7ac37c69f6f97ad72b9ac6496d?s=96&d=mm&r=g\",\"url\":\"https:\\\/\\\/secure.gravatar.com\\\/avatar\\\/0ac89931d2ef75704f29e63e12335967620a1f7ac37c69f6f97ad72b9ac6496d?s=96&d=mm&r=g\",\"contentUrl\":\"https:\\\/\\\/secure.gravatar.com\\\/avatar\\\/0ac89931d2ef75704f29e63e12335967620a1f7ac37c69f6f97ad72b9ac6496d?s=96&d=mm&r=g\",\"caption\":\"Equipo M\u00e9dico de SaludOnNet\"},\"description\":\"Art\u00edculo elaborado por el equipo m\u00e9dico de SaludOnNet, compuesto por especialistas destacados en su \u00e1rea.\",\"url\":\"https:\\\/\\\/www.saludonnet.com\\\/blog\\\/author\\\/saludonnet\\\/\"}]}<\/script>\n<!-- \/ Yoast SEO plugin. -->","yoast_head_json":{"title":"\u00bfC\u00f3mo equilibrar la vida personal y profesional?","description":"Trabajo y vida personal a veces son dif\u00edciles de conciliar. Te contamos c\u00f3mo puedes mantener un equilibrio entre ambas.","robots":{"index":"index","follow":"follow","max-snippet":"max-snippet:-1","max-image-preview":"max-image-preview:large","max-video-preview":"max-video-preview:-1"},"canonical":"https:\/\/www.saludonnet.com\/blog\/como-equilibrar-la-vida-personal-y-profesional\/","og_locale":"es_ES","og_type":"article","og_title":"\u00bfC\u00f3mo equilibrar la vida personal y profesional?","og_description":"Trabajo y vida personal a veces son dif\u00edciles de conciliar. Te contamos c\u00f3mo puedes mantener un equilibrio entre ambas.","og_url":"https:\/\/www.saludonnet.com\/blog\/como-equilibrar-la-vida-personal-y-profesional\/","og_site_name":"Blog SaludOnNet","article_publisher":"https:\/\/www.facebook.com\/pages\/SaludOnNet\/214957498526536","article_published_time":"2026-01-28T14:47:00+00:00","article_modified_time":"2026-02-11T13:00:55+00:00","og_image":[{"width":800,"height":400,"url":"https:\/\/www.saludonnet.com\/blog\/wp-content\/uploads\/2023\/01\/conciliacion.jpg","type":"image\/jpeg"}],"author":"Equipo M\u00e9dico de SaludOnNet","twitter_card":"summary_large_image","twitter_title":"\u00bfC\u00f3mo equilibrar la vida personal y profesional?","twitter_description":"Trabajo y vida personal a veces son dif\u00edciles de conciliar. Te contamos c\u00f3mo puedes mantener un equilibrio entre ambas.","twitter_image":"https:\/\/soncdn.azureedge.net\/blog\/wp-content\/uploads\/2023\/01\/conciliacion.jpg","twitter_creator":"@saludonnet","twitter_site":"@saludonnet","twitter_misc":{"Escrito por":"Equipo M\u00e9dico de SaludOnNet","Tiempo de lectura":"5 minutos"},"schema":{"@context":"https:\/\/schema.org","@graph":[{"@type":"Article","@id":"https:\/\/www.saludonnet.com\/blog\/como-equilibrar-la-vida-personal-y-profesional\/#article","isPartOf":{"@id":"https:\/\/www.saludonnet.com\/blog\/como-equilibrar-la-vida-personal-y-profesional\/"},"author":{"name":"Equipo M\u00e9dico de SaludOnNet","@id":"https:\/\/www.saludonnet.com\/blog\/#\/schema\/person\/50995e01cc9d6c9f29ae18d979eeff1b"},"headline":"\u00bfC\u00f3mo equilibrar la vida personal y profesional?","datePublished":"2026-01-28T14:47:00+00:00","dateModified":"2026-02-11T13:00:55+00:00","mainEntityOfPage":{"@id":"https:\/\/www.saludonnet.com\/blog\/como-equilibrar-la-vida-personal-y-profesional\/"},"wordCount":1006,"commentCount":0,"publisher":{"@id":"https:\/\/www.saludonnet.com\/blog\/#organization"},"image":{"@id":"https:\/\/www.saludonnet.com\/blog\/como-equilibrar-la-vida-personal-y-profesional\/#primaryimage"},"thumbnailUrl":"https:\/\/soncdn.azureedge.net\/blog\/wp-content\/uploads\/2023\/01\/conciliacion.jpg","keywords":["Consulta de Psicolog\u00eda"],"articleSection":["Psicolog\u00eda"],"inLanguage":"es","potentialAction":[{"@type":"CommentAction","name":"Comment","target":["https:\/\/www.saludonnet.com\/blog\/como-equilibrar-la-vida-personal-y-profesional\/#respond"]}]},{"@type":"WebPage","@id":"https:\/\/www.saludonnet.com\/blog\/como-equilibrar-la-vida-personal-y-profesional\/","url":"https:\/\/www.saludonnet.com\/blog\/como-equilibrar-la-vida-personal-y-profesional\/","name":"\u00bfC\u00f3mo equilibrar la vida personal y profesional?","isPartOf":{"@id":"https:\/\/www.saludonnet.com\/blog\/#website"},"primaryImageOfPage":{"@id":"https:\/\/www.saludonnet.com\/blog\/como-equilibrar-la-vida-personal-y-profesional\/#primaryimage"},"image":{"@id":"https:\/\/www.saludonnet.com\/blog\/como-equilibrar-la-vida-personal-y-profesional\/#primaryimage"},"thumbnailUrl":"https:\/\/soncdn.azureedge.net\/blog\/wp-content\/uploads\/2023\/01\/conciliacion.jpg","datePublished":"2026-01-28T14:47:00+00:00","dateModified":"2026-02-11T13:00:55+00:00","description":"Trabajo y vida personal a veces son dif\u00edciles de conciliar. Te contamos c\u00f3mo puedes mantener un equilibrio entre ambas.","breadcrumb":{"@id":"https:\/\/www.saludonnet.com\/blog\/como-equilibrar-la-vida-personal-y-profesional\/#breadcrumb"},"inLanguage":"es","potentialAction":[{"@type":"ReadAction","target":["https:\/\/www.saludonnet.com\/blog\/como-equilibrar-la-vida-personal-y-profesional\/"]}]},{"@type":"ImageObject","inLanguage":"es","@id":"https:\/\/www.saludonnet.com\/blog\/como-equilibrar-la-vida-personal-y-profesional\/#primaryimage","url":"https:\/\/soncdn.azureedge.net\/blog\/wp-content\/uploads\/2023\/01\/conciliacion.jpg","contentUrl":"https:\/\/soncdn.azureedge.net\/blog\/wp-content\/uploads\/2023\/01\/conciliacion.jpg","width":800,"height":400,"caption":"mujer trabajando con ni\u00f1o en brazos"},{"@type":"BreadcrumbList","@id":"https:\/\/www.saludonnet.com\/blog\/como-equilibrar-la-vida-personal-y-profesional\/#breadcrumb","itemListElement":[{"@type":"ListItem","position":1,"name":"Portada","item":"https:\/\/www.saludonnet.com\/blog\/"},{"@type":"ListItem","position":2,"name":"Psicolog\u00eda","item":"https:\/\/www.saludonnet.com\/blog\/topic\/psicologia\/"},{"@type":"ListItem","position":3,"name":"\u00bfC\u00f3mo equilibrar la vida personal y profesional?"}]},{"@type":"WebSite","@id":"https:\/\/www.saludonnet.com\/blog\/#website","url":"https:\/\/www.saludonnet.com\/blog\/","name":"Blog SaludOnNet","description":"Un espacio donde encontrar\u00e1s consejos y art\u00edculos para cuidar de tu salud","publisher":{"@id":"https:\/\/www.saludonnet.com\/blog\/#organization"},"potentialAction":[{"@type":"SearchAction","target":{"@type":"EntryPoint","urlTemplate":"https:\/\/www.saludonnet.com\/blog\/?s={search_term_string}"},"query-input":{"@type":"PropertyValueSpecification","valueRequired":true,"valueName":"search_term_string"}}],"inLanguage":"es"},{"@type":"Organization","@id":"https:\/\/www.saludonnet.com\/blog\/#organization","name":"SaludOnNet","url":"https:\/\/www.saludonnet.com\/blog\/","logo":{"@type":"ImageObject","inLanguage":"es","@id":"https:\/\/www.saludonnet.com\/blog\/#\/schema\/logo\/image\/","url":"https:\/\/www.saludonnet.com\/blog\/wp-content\/uploads\/2019\/07\/Logo-SaludOnNet.png","contentUrl":"https:\/\/www.saludonnet.com\/blog\/wp-content\/uploads\/2019\/07\/Logo-SaludOnNet.png","width":1140,"height":377,"caption":"SaludOnNet"},"image":{"@id":"https:\/\/www.saludonnet.com\/blog\/#\/schema\/logo\/image\/"},"sameAs":["https:\/\/www.facebook.com\/pages\/SaludOnNet\/214957498526536","https:\/\/x.com\/saludonnet","https:\/\/www.instagram.com\/saludonnet\/","https:\/\/www.linkedin.com\/company\/saludonnet\/","https:\/\/www.youtube.com\/channel\/UCag68GsnagqzNb6C3G-S9vQ"]},{"@type":"Person","@id":"https:\/\/www.saludonnet.com\/blog\/#\/schema\/person\/50995e01cc9d6c9f29ae18d979eeff1b","name":"Equipo M\u00e9dico de SaludOnNet","image":{"@type":"ImageObject","inLanguage":"es","@id":"https:\/\/secure.gravatar.com\/avatar\/0ac89931d2ef75704f29e63e12335967620a1f7ac37c69f6f97ad72b9ac6496d?s=96&d=mm&r=g","url":"https:\/\/secure.gravatar.com\/avatar\/0ac89931d2ef75704f29e63e12335967620a1f7ac37c69f6f97ad72b9ac6496d?s=96&d=mm&r=g","contentUrl":"https:\/\/secure.gravatar.com\/avatar\/0ac89931d2ef75704f29e63e12335967620a1f7ac37c69f6f97ad72b9ac6496d?s=96&d=mm&r=g","caption":"Equipo M\u00e9dico de SaludOnNet"},"description":"Art\u00edculo elaborado por el equipo m\u00e9dico de SaludOnNet, compuesto por especialistas destacados en su \u00e1rea.","url":"https:\/\/www.saludonnet.com\/blog\/author\/saludonnet\/"}]}},"acf":[],"_links":{"self":[{"href":"https:\/\/www.saludonnet.com\/blog\/wp-json\/wp\/v2\/posts\/12565","targetHints":{"allow":["GET"]}}],"collection":[{"href":"https:\/\/www.saludonnet.com\/blog\/wp-json\/wp\/v2\/posts"}],"about":[{"href":"https:\/\/www.saludonnet.com\/blog\/wp-json\/wp\/v2\/types\/post"}],"author":[{"embeddable":true,"href":"https:\/\/www.saludonnet.com\/blog\/wp-json\/wp\/v2\/users\/20"}],"replies":[{"embeddable":true,"href":"https:\/\/www.saludonnet.com\/blog\/wp-json\/wp\/v2\/comments?post=12565"}],"version-history":[{"count":13,"href":"https:\/\/www.saludonnet.com\/blog\/wp-json\/wp\/v2\/posts\/12565\/revisions"}],"predecessor-version":[{"id":12997,"href":"https:\/\/www.saludonnet.com\/blog\/wp-json\/wp\/v2\/posts\/12565\/revisions\/12997"}],"wp:featuredmedia":[{"embeddable":true,"href":"https:\/\/www.saludonnet.com\/blog\/wp-json\/wp\/v2\/media\/12564"}],"wp:attachment":[{"href":"https:\/\/www.saludonnet.com\/blog\/wp-json\/wp\/v2\/media?parent=12565"}],"wp:term":[{"taxonomy":"category","embeddable":true,"href":"https:\/\/www.saludonnet.com\/blog\/wp-json\/wp\/v2\/categories?post=12565"},{"taxonomy":"post_tag","embeddable":true,"href":"https:\/\/www.saludonnet.com\/blog\/wp-json\/wp\/v2\/tags?post=12565"}],"curies":[{"name":"wp","href":"https:\/\/api.w.org\/{rel}","templated":true}]}}