{"id":12420,"date":"2025-12-28T13:53:00","date_gmt":"2025-12-28T12:53:00","guid":{"rendered":"https:\/\/www.saludonnet.com\/blog\/?p=12420"},"modified":"2026-02-05T16:22:04","modified_gmt":"2026-02-05T15:22:04","slug":"que-es-la-apnea-del-sueno","status":"publish","type":"post","link":"https:\/\/www.saludonnet.com\/blog\/que-es-la-apnea-del-sueno\/","title":{"rendered":"Qu\u00e9 es la apnea del sue\u00f1o"},"content":{"rendered":"\n<p>Hay personas que se levantan muy cansadas, despu\u00e9s de haber dormido unas horas razonables, y no entienden la raz\u00f3n. Generalmente ocurre porque tienen un <strong>sue\u00f1o poco reparador<\/strong> que les hace estar fatigados. En ocasiones la causa es la <strong>apnea del sue\u00f1o<\/strong>, una patolog\u00eda que provoca que la respiraci\u00f3n se detenga durante breves periodos de tiempo cuando se duerme. Seg\u00fan la revista <strong><a href=\"https:\/\/www.businesswire.com\/news\/home\/20190710005591\/es\/\">The Lancet<\/a><\/strong>, casi un bill\u00f3n de personas en mundo tiene esta patolog\u00eda, afectando al 4-6% de los varones y al 1-2% de las mujeres.<\/p>\n\n\n\n<p>De forma habitual las personas respiran por la nariz y la boca, el aire baja a la faringe, fluye por la tr\u00e1quea y va hacia los pulmones. Cuando se est\u00e1 dormido los m\u00fasculos de la boca, lengua y faringe se relajan ligeramente, pero no lo suficiente como para bloquear la v\u00eda de aire.<\/p>\n\n\n\n<h2 class=\"wp-block-heading\">Por qu\u00e9 se produce la apnea del sue\u00f1o<\/h2>\n\n\n\n<p>Con la apnea se producen <strong>episodios repetidos de pausas respiratorias<\/strong>, de unos 10 segundos de duraci\u00f3n, por obstrucci\u00f3n de la v\u00eda a\u00e9rea superior, durante el sue\u00f1o profundo. Los m\u00fasculos de boca y faringe se relajan demasiado, haciendo que la lengua caiga y presione la parte posterior de la garganta. <strong>La faringe se obstruye y se colapsa<\/strong>, a consecuencia de la p\u00e9rdida del tono muscular de los m\u00fasculos de la faringe durante el sue\u00f1o. Esto <strong>bloquea completamente el flujo de aire<\/strong> hacia los pulmones.<\/p>\n\n\n\n<p>La apnea conlleva que el<a href=\"https:\/\/www.saludonnet.com\/blog\/ayuda-la-melatonina-a-conciliar-el-sueno\/\"> <strong>descanso nocturno<\/strong><\/a> se vea <strong>interrumpido contantemente<\/strong>. Adem\u00e1s, la falta de ox\u00edgeno en los pulmones causa micro despertares, que dan como resultado un sue\u00f1o poco reparador. La prueba para detectar esta patolog\u00eda es la <strong>polisomnograf\u00eda<\/strong>. En el art\u00edculo <strong><a href=\"https:\/\/www.aeped.es\/sites\/default\/files\/documentos\/05_polisomnografia.pdf\">\u201cPolisomnograf\u00eda nocturna y m\u00e9todos alternativos para el estudio de los trastornos respiratorios del sue\u00f1o\u201d<\/a><\/strong>, de los doctores Helena Larramona Carrera e Isidoro Cortell Aznar se explica c\u00f3mo es la prueba de la apnea del sue\u00f1o.<\/p>\n\n\n\n<h3 class=\"wp-block-heading\">Tipos de apnea<\/h3>\n\n\n\n<p>Existen dos tipos de apnea del sue\u00f1o.<\/p>\n\n\n\n<ul class=\"wp-block-list\">\n<li><strong>Apnea obstructiva del sue\u00f1o<\/strong>. Es la forma m\u00e1s com\u00fan y severa. Las personas que la padecen pueden dejar de respirar durante 20 segundos o m\u00e1s, en multitud de ocasiones durante la noche.<\/li>\n\n\n\n<li><strong>Apnea central del sue\u00f1o<\/strong>. En este caso la v\u00eda respiratoria puede mantenerse abierta, pero los m\u00fasculos del diafragma y el pecho dejan de trabajar. Menos del 20% de quienes padecen apnea tienen apnea central del sue\u00f1o.<\/li>\n<\/ul>\n\n\n\n<h3 class=\"wp-block-heading\">Causas de la apnea del sue\u00f1o<\/h3>\n\n\n\n<p>Las causas de la apnea suelen ser multifactoriales. Las m\u00e1s frecuentes son:<\/p>\n\n\n\n<ul class=\"wp-block-list\">\n<li><strong>Obesidad.<\/strong> M\u00e1s del 60% de los pacientes que sufre S\u00edndrome de Apnea Obstructiva del Sue\u00f1o son obesos. El exceso de peso hace que pueda haber m\u00e1s grasa en las paredes de la faringe (en el cuello y los tejidos blandos), lo que facilita la obstrucci\u00f3n.<\/li>\n\n\n\n<li><strong>Envejecimiento<\/strong>. Con el paso de los a\u00f1os se produce una p\u00e9rdida de tono muscular en la faringe.<\/li>\n\n\n\n<li><strong>Anormalidades estructurales de las fosas nasales<\/strong> o de la oronasofaringe:\n<ul class=\"wp-block-list\">\n<li>Desviaci\u00f3n del tabique nasal.<\/li>\n\n\n\n<li>Hipertrofia de los cornetes nasales.<\/li>\n\n\n\n<li>P\u00f3lipos y tumores nasales.<\/li>\n\n\n\n<li>Adenoides o tumores rinofar\u00edngeos.<\/li>\n<\/ul>\n<\/li>\n<\/ul>\n\n\n\n<ul class=\"wp-block-list\">\n<li><strong>Trastornos musculares que afectan a la oronasofaringe<\/strong>.\n<ul class=\"wp-block-list\">\n<li>Distrofia miot\u00f3nica.<\/li>\n\n\n\n<li>Siringomielia.<\/li>\n\n\n\n<li>Poliomielitis.<\/li>\n\n\n\n<li>Esclerosis lateral amiotr\u00f3fica<\/li>\n\n\n\n<li>Miopat\u00edas<\/li>\n<\/ul>\n<\/li>\n\n\n\n<li><strong>Dep\u00f3sitos de grasa<\/strong> en las paredes de la v\u00eda a\u00e9rea superior.\n<ul class=\"wp-block-list\">\n<li>Bocios.<\/li>\n\n\n\n<li>Lipomatosis<\/li>\n<\/ul>\n<\/li>\n\n\n\n<li><strong>Mand\u00edbula peque\u00f1a<\/strong> o que retrocede con una v\u00eda de aire estrecha.<\/li>\n<\/ul>\n\n\n\n<h3 class=\"wp-block-heading\">Apnea del sue\u00f1o: s\u00edntomas<\/h3>\n\n\n\n<p>Los s\u00edntomas comunes de la apnea obstructiva del sue\u00f1o son:<\/p>\n\n\n\n<ul class=\"wp-block-list\">\n<li>Roncar. El <strong>s\u00edntoma principal es el ronquido<\/strong>. El paciente est\u00e1 dormido y no se da cuenta, as\u00ed que es la persona que duerme con \u00e9l la que se lo debe decir. Durante los ronquidos deja de respirar, hace una pausa larga. En ronquido es irregular y entrecortado por pausas respiratorias, de gran intensidad y acompa\u00f1ado de jadeos.<\/li>\n\n\n\n<li><strong>Somnolencia cr\u00f3nica diurna<\/strong>. El 90% de las personas con apnea del sue\u00f1o se despierta cansado. Esto ocurre porque cada vez que hay una apnea se produce un micro despertar; el cerebro se despierta para poder respirar. Puede ocurrir decenas o centenas de veces durante la noche, lo que hace que el sue\u00f1o sea muy superficial.<\/li>\n\n\n\n<li>Interrupci\u00f3n del sue\u00f1o.<\/li>\n\n\n\n<li>Dolores de cabeza matutinos<\/li>\n\n\n\n<li>Fatiga.<\/li>\n\n\n\n<li>Irritabilidad.<\/li>\n\n\n\n<li>Concentraci\u00f3n disminuida o p\u00e9rdida de memoria.<\/li>\n\n\n\n<li>Sequedad orofar\u00edngea.<\/li>\n\n\n\n<li>Somniloquias. Los pacientes hablan cuando duermen.<\/li>\n<\/ul>\n\n\n\n<p>Por lo general, cuando una persona ronca, est\u00e1 cansada durante el d\u00eda y tiene obesidad es casi seguro que tenga apnea del sue\u00f1o.<\/p>\n\n\n\n<h3 class=\"wp-block-heading\">Complicaciones de la apnea <\/h3>\n\n\n\n<p>Las principales complicaciones de la apnea obstructiva del sue\u00f1o son:<\/p>\n\n\n\n<ul class=\"wp-block-list\">\n<li>Presi\u00f3n arterial alta.<\/li>\n\n\n\n<li>Enfermedad cardiaca.<\/li>\n\n\n\n<li>Latidos del coraz\u00f3n irregulares, llamados arritmias.<\/li>\n\n\n\n<li>Accidente cerebro vascular.<\/li>\n\n\n\n<li>Diabetes.<\/li>\n\n\n\n<li>Se asocia a un aumento del riesgo, entre 3 y 7 veces, de padecer accidentes de tr\u00e1fico.<\/li>\n<\/ul>\n\n\n\n<h2 class=\"wp-block-heading\">Apnea del sue\u00f1o en ni\u00f1os<\/h2>\n\n\n\n<p>Seg\u00fan los \u00faltimos estudios <strong>un 6% de los ni\u00f1os padecen apnea obstructiva del sue\u00f1o<\/strong>. Son ni\u00f1os que, adem\u00e1s de roncar, sudan, tienen pausas en la respiraci\u00f3n, terrores nocturnos, enuresis y se muestran muy inquietos porque est\u00e1n luchando para abrir las v\u00edas a\u00e9reas.<\/p>\n\n\n\n<p>Este descanso inadecuado se traduce en <strong>alteraciones del crecimiento, del comportamiento e incluso del rendimiento escolar<\/strong>.<\/p>\n\n\n\n<p>Para su diagn\u00f3stico el especialista se basa en la polisomnograf\u00eda y la exploraci\u00f3n de la v\u00eda a\u00e9rea superior.<\/p>\n\n\n\n<h2 class=\"wp-block-heading\">Apnea del sue\u00f1o: tratamiento<\/h2>\n\n\n\n<p>Existen dos posibles tratamientos, por lo que puede decirse que tiene cura la apnea del sue\u00f1o.<\/p>\n\n\n\n<ul class=\"wp-block-list\">\n<li><strong>Dispositivo CPAP<\/strong>. Es una m\u00e1quina de presi\u00f3n positiva continua de la v\u00eda a\u00e9rea con un respirador a trav\u00e9s de una mascarilla y una interface. <strong>Abre la v\u00eda a\u00e9rea y evita que se colapse por la noche.<\/strong> Este dispositivo es c\u00f3modo, peque\u00f1o y no hace ruido. Gracias a este tratamiento se terminan las apneas desde la primera noche, con lo que el paciente puede descansar y dormir bien.<\/li>\n\n\n\n<li><strong>Cirug\u00eda<\/strong>. Realizando una alteraci\u00f3n anat\u00f3mica en el paciente se puede ampliar el espacio necesario para respirar (extirpando las am\u00edgdalas, corrigiendo el tabique nasal, cortando el paladar o avanzando el maxilar inferior). En pacientes con indicaci\u00f3n de cirug\u00eda se logra una remisi\u00f3n completa en un 90% de los casos. &nbsp;Las cirug\u00edas m\u00e1s frecuentes son:\n<ul class=\"wp-block-list\">\n<li>UPFP (\u00favulo palato faringo plastia).<\/li>\n\n\n\n<li>Cirug\u00eda con l\u00e1ser.<\/li>\n\n\n\n<li>Somnoplastia.<\/li>\n\n\n\n<li>Traqueostom\u00eda.<\/li>\n<\/ul>\n<\/li>\n<\/ul>\n\n\n\n<p>Como recomendaci\u00f3n, <strong>el m\u00e9dico puede sugerir al paciente que pierda peso<\/strong>. Si lo consigue, va a mejorar las apneas y no roncar\u00e1 tanto.<\/p>\n\n\n\n<h2 class=\"wp-block-heading\">Prevenci\u00f3n de la apnea del sue\u00f1o<\/h2>\n\n\n\n<p>Para prevenir o evitar la apnea del sue\u00f1o es importante llevar una vida saludable que incluya:<\/p>\n\n\n\n<ul class=\"wp-block-list\">\n<li>Evitar la obesidad.<\/li>\n\n\n\n<li>Dormir de costado.<\/li>\n\n\n\n<li>No fumar<\/li>\n\n\n\n<li>Evitar sustancias que den somnolencia, como el alcohol y los sedantes.<\/li>\n<\/ul>\n\n\n\n<p>Si te preguntas qu\u00e9 es la apnea del sue\u00f1o, c\u00f3mo saber si tengo apnea del sue\u00f1o o crees que puedes tenerla te recomendamos que acudas a un neum\u00f3logo para que te diagnostique y ponga tratamiento. En <strong><strong> <strong><strong style=\"color:#009ee0\">SaludOnNet<\/strong><\/strong><\/strong><\/strong> contamos con especialistas dispuestos a ayudarte en lo que necesites, sin esperas y a precios muy asequibles.<\/p>\n","protected":false},"excerpt":{"rendered":"<p>La apnea del sue\u00f1o es una patolog\u00eda que produce episodios repetidos de pausas en la respiraci\u00f3n. Te contamos s\u00edntomas, causas y tratamiento. <\/p>\n","protected":false},"author":20,"featured_media":12419,"comment_status":"open","ping_status":"open","sticky":false,"template":"","format":"standard","meta":{"footnotes":""},"categories":[78],"tags":[241],"class_list":["post-12420","post","type-post","status-publish","format-standard","has-post-thumbnail","hentry","category-neumologia","tag-2753-consulta"],"yoast_head":"<!-- This site is optimized with the Yoast SEO plugin v27.5 - https:\/\/yoast.com\/product\/yoast-seo-wordpress\/ -->\n<title>Qu\u00e9 es la apnea del sue\u00f1o<\/title>\n<meta name=\"description\" content=\"La apnea del sue\u00f1o es una patolog\u00eda que produce episodios repetidos de pausas en la respiraci\u00f3n. Te contamos s\u00edntomas, causas y tratamiento.\" \/>\n<meta name=\"robots\" content=\"index, follow, max-snippet:-1, max-image-preview:large, max-video-preview:-1\" \/>\n<link rel=\"canonical\" href=\"https:\/\/www.saludonnet.com\/blog\/que-es-la-apnea-del-sueno\/\" \/>\n<meta property=\"og:locale\" content=\"es_ES\" \/>\n<meta property=\"og:type\" content=\"article\" \/>\n<meta property=\"og:title\" content=\"Qu\u00e9 es la apnea del sue\u00f1o\" \/>\n<meta property=\"og:description\" content=\"La apnea del sue\u00f1o es una patolog\u00eda que produce episodios repetidos de pausas en la respiraci\u00f3n. Te contamos s\u00edntomas, causas y tratamiento.\" \/>\n<meta property=\"og:url\" content=\"https:\/\/www.saludonnet.com\/blog\/que-es-la-apnea-del-sueno\/\" \/>\n<meta property=\"og:site_name\" content=\"Blog SaludOnNet\" \/>\n<meta property=\"article:publisher\" content=\"https:\/\/www.facebook.com\/pages\/SaludOnNet\/214957498526536\" \/>\n<meta property=\"article:published_time\" content=\"2025-12-28T12:53:00+00:00\" \/>\n<meta property=\"article:modified_time\" content=\"2026-02-05T15:22:04+00:00\" \/>\n<meta property=\"og:image\" content=\"https:\/\/www.saludonnet.com\/blog\/wp-content\/uploads\/2022\/12\/apnea-del-sueno.jpg\" \/>\n\t<meta property=\"og:image:width\" content=\"800\" \/>\n\t<meta property=\"og:image:height\" content=\"400\" \/>\n\t<meta property=\"og:image:type\" content=\"image\/jpeg\" \/>\n<meta name=\"author\" content=\"Equipo M\u00e9dico de SaludOnNet\" \/>\n<meta name=\"twitter:card\" content=\"summary_large_image\" \/>\n<meta name=\"twitter:title\" content=\"Qu\u00e9 es la apnea del sue\u00f1o\" \/>\n<meta name=\"twitter:description\" content=\"La apnea del sue\u00f1o es una patolog\u00eda que produce episodios repetidos de pausas en la respiraci\u00f3n. Te contamos s\u00edntomas, causas y tratamiento.\" \/>\n<meta name=\"twitter:image\" content=\"https:\/\/soncdn.azureedge.net\/blog\/wp-content\/uploads\/2022\/12\/apnea-del-sueno.jpg\" \/>\n<meta name=\"twitter:creator\" content=\"@saludonnet\" \/>\n<meta name=\"twitter:site\" content=\"@saludonnet\" \/>\n<meta name=\"twitter:label1\" content=\"Escrito por\" \/>\n\t<meta name=\"twitter:data1\" content=\"Equipo M\u00e9dico de SaludOnNet\" \/>\n\t<meta name=\"twitter:label2\" content=\"Tiempo de lectura\" \/>\n\t<meta name=\"twitter:data2\" content=\"6 minutos\" \/>\n<script type=\"application\/ld+json\" class=\"yoast-schema-graph\">{\"@context\":\"https:\\\/\\\/schema.org\",\"@graph\":[{\"@type\":\"Article\",\"@id\":\"https:\\\/\\\/www.saludonnet.com\\\/blog\\\/que-es-la-apnea-del-sueno\\\/#article\",\"isPartOf\":{\"@id\":\"https:\\\/\\\/www.saludonnet.com\\\/blog\\\/que-es-la-apnea-del-sueno\\\/\"},\"author\":{\"name\":\"Equipo M\u00e9dico de SaludOnNet\",\"@id\":\"https:\\\/\\\/www.saludonnet.com\\\/blog\\\/#\\\/schema\\\/person\\\/50995e01cc9d6c9f29ae18d979eeff1b\"},\"headline\":\"Qu\u00e9 es la apnea del sue\u00f1o\",\"datePublished\":\"2025-12-28T12:53:00+00:00\",\"dateModified\":\"2026-02-05T15:22:04+00:00\",\"mainEntityOfPage\":{\"@id\":\"https:\\\/\\\/www.saludonnet.com\\\/blog\\\/que-es-la-apnea-del-sueno\\\/\"},\"wordCount\":1227,\"commentCount\":0,\"publisher\":{\"@id\":\"https:\\\/\\\/www.saludonnet.com\\\/blog\\\/#organization\"},\"image\":{\"@id\":\"https:\\\/\\\/www.saludonnet.com\\\/blog\\\/que-es-la-apnea-del-sueno\\\/#primaryimage\"},\"thumbnailUrl\":\"https:\\\/\\\/soncdn.azureedge.net\\\/blog\\\/wp-content\\\/uploads\\\/2022\\\/12\\\/apnea-del-sueno.jpg\",\"keywords\":[\"Consulta de Neumolog\u00eda\"],\"articleSection\":[\"Neumolog\u00eda\"],\"inLanguage\":\"es\",\"potentialAction\":[{\"@type\":\"CommentAction\",\"name\":\"Comment\",\"target\":[\"https:\\\/\\\/www.saludonnet.com\\\/blog\\\/que-es-la-apnea-del-sueno\\\/#respond\"]}]},{\"@type\":\"WebPage\",\"@id\":\"https:\\\/\\\/www.saludonnet.com\\\/blog\\\/que-es-la-apnea-del-sueno\\\/\",\"url\":\"https:\\\/\\\/www.saludonnet.com\\\/blog\\\/que-es-la-apnea-del-sueno\\\/\",\"name\":\"Qu\u00e9 es la apnea del sue\u00f1o\",\"isPartOf\":{\"@id\":\"https:\\\/\\\/www.saludonnet.com\\\/blog\\\/#website\"},\"primaryImageOfPage\":{\"@id\":\"https:\\\/\\\/www.saludonnet.com\\\/blog\\\/que-es-la-apnea-del-sueno\\\/#primaryimage\"},\"image\":{\"@id\":\"https:\\\/\\\/www.saludonnet.com\\\/blog\\\/que-es-la-apnea-del-sueno\\\/#primaryimage\"},\"thumbnailUrl\":\"https:\\\/\\\/soncdn.azureedge.net\\\/blog\\\/wp-content\\\/uploads\\\/2022\\\/12\\\/apnea-del-sueno.jpg\",\"datePublished\":\"2025-12-28T12:53:00+00:00\",\"dateModified\":\"2026-02-05T15:22:04+00:00\",\"description\":\"La apnea del sue\u00f1o es una patolog\u00eda que produce episodios repetidos de pausas en la respiraci\u00f3n. Te contamos s\u00edntomas, causas y tratamiento.\",\"breadcrumb\":{\"@id\":\"https:\\\/\\\/www.saludonnet.com\\\/blog\\\/que-es-la-apnea-del-sueno\\\/#breadcrumb\"},\"inLanguage\":\"es\",\"potentialAction\":[{\"@type\":\"ReadAction\",\"target\":[\"https:\\\/\\\/www.saludonnet.com\\\/blog\\\/que-es-la-apnea-del-sueno\\\/\"]}]},{\"@type\":\"ImageObject\",\"inLanguage\":\"es\",\"@id\":\"https:\\\/\\\/www.saludonnet.com\\\/blog\\\/que-es-la-apnea-del-sueno\\\/#primaryimage\",\"url\":\"https:\\\/\\\/soncdn.azureedge.net\\\/blog\\\/wp-content\\\/uploads\\\/2022\\\/12\\\/apnea-del-sueno.jpg\",\"contentUrl\":\"https:\\\/\\\/soncdn.azureedge.net\\\/blog\\\/wp-content\\\/uploads\\\/2022\\\/12\\\/apnea-del-sueno.jpg\",\"width\":800,\"height\":400,\"caption\":\"apnea-sueno\"},{\"@type\":\"BreadcrumbList\",\"@id\":\"https:\\\/\\\/www.saludonnet.com\\\/blog\\\/que-es-la-apnea-del-sueno\\\/#breadcrumb\",\"itemListElement\":[{\"@type\":\"ListItem\",\"position\":1,\"name\":\"Portada\",\"item\":\"https:\\\/\\\/www.saludonnet.com\\\/blog\\\/\"},{\"@type\":\"ListItem\",\"position\":2,\"name\":\"Neumolog\u00eda\",\"item\":\"https:\\\/\\\/www.saludonnet.com\\\/blog\\\/topic\\\/neumologia\\\/\"},{\"@type\":\"ListItem\",\"position\":3,\"name\":\"Qu\u00e9 es la apnea del sue\u00f1o\"}]},{\"@type\":\"WebSite\",\"@id\":\"https:\\\/\\\/www.saludonnet.com\\\/blog\\\/#website\",\"url\":\"https:\\\/\\\/www.saludonnet.com\\\/blog\\\/\",\"name\":\"Blog SaludOnNet\",\"description\":\"Un espacio donde encontrar\u00e1s consejos y art\u00edculos para cuidar de tu salud\",\"publisher\":{\"@id\":\"https:\\\/\\\/www.saludonnet.com\\\/blog\\\/#organization\"},\"potentialAction\":[{\"@type\":\"SearchAction\",\"target\":{\"@type\":\"EntryPoint\",\"urlTemplate\":\"https:\\\/\\\/www.saludonnet.com\\\/blog\\\/?s={search_term_string}\"},\"query-input\":{\"@type\":\"PropertyValueSpecification\",\"valueRequired\":true,\"valueName\":\"search_term_string\"}}],\"inLanguage\":\"es\"},{\"@type\":\"Organization\",\"@id\":\"https:\\\/\\\/www.saludonnet.com\\\/blog\\\/#organization\",\"name\":\"SaludOnNet\",\"url\":\"https:\\\/\\\/www.saludonnet.com\\\/blog\\\/\",\"logo\":{\"@type\":\"ImageObject\",\"inLanguage\":\"es\",\"@id\":\"https:\\\/\\\/www.saludonnet.com\\\/blog\\\/#\\\/schema\\\/logo\\\/image\\\/\",\"url\":\"https:\\\/\\\/www.saludonnet.com\\\/blog\\\/wp-content\\\/uploads\\\/2019\\\/07\\\/Logo-SaludOnNet.png\",\"contentUrl\":\"https:\\\/\\\/www.saludonnet.com\\\/blog\\\/wp-content\\\/uploads\\\/2019\\\/07\\\/Logo-SaludOnNet.png\",\"width\":1140,\"height\":377,\"caption\":\"SaludOnNet\"},\"image\":{\"@id\":\"https:\\\/\\\/www.saludonnet.com\\\/blog\\\/#\\\/schema\\\/logo\\\/image\\\/\"},\"sameAs\":[\"https:\\\/\\\/www.facebook.com\\\/pages\\\/SaludOnNet\\\/214957498526536\",\"https:\\\/\\\/x.com\\\/saludonnet\",\"https:\\\/\\\/www.instagram.com\\\/saludonnet\\\/\",\"https:\\\/\\\/www.linkedin.com\\\/company\\\/saludonnet\\\/\",\"https:\\\/\\\/www.youtube.com\\\/channel\\\/UCag68GsnagqzNb6C3G-S9vQ\"]},{\"@type\":\"Person\",\"@id\":\"https:\\\/\\\/www.saludonnet.com\\\/blog\\\/#\\\/schema\\\/person\\\/50995e01cc9d6c9f29ae18d979eeff1b\",\"name\":\"Equipo M\u00e9dico de SaludOnNet\",\"image\":{\"@type\":\"ImageObject\",\"inLanguage\":\"es\",\"@id\":\"https:\\\/\\\/secure.gravatar.com\\\/avatar\\\/0ac89931d2ef75704f29e63e12335967620a1f7ac37c69f6f97ad72b9ac6496d?s=96&d=mm&r=g\",\"url\":\"https:\\\/\\\/secure.gravatar.com\\\/avatar\\\/0ac89931d2ef75704f29e63e12335967620a1f7ac37c69f6f97ad72b9ac6496d?s=96&d=mm&r=g\",\"contentUrl\":\"https:\\\/\\\/secure.gravatar.com\\\/avatar\\\/0ac89931d2ef75704f29e63e12335967620a1f7ac37c69f6f97ad72b9ac6496d?s=96&d=mm&r=g\",\"caption\":\"Equipo M\u00e9dico de SaludOnNet\"},\"description\":\"Art\u00edculo elaborado por el equipo m\u00e9dico de SaludOnNet, compuesto por especialistas destacados en su \u00e1rea.\",\"url\":\"https:\\\/\\\/www.saludonnet.com\\\/blog\\\/author\\\/saludonnet\\\/\"}]}<\/script>\n<!-- \/ Yoast SEO plugin. -->","yoast_head_json":{"title":"Qu\u00e9 es la apnea del sue\u00f1o","description":"La apnea del sue\u00f1o es una patolog\u00eda que produce episodios repetidos de pausas en la respiraci\u00f3n. Te contamos s\u00edntomas, causas y tratamiento.","robots":{"index":"index","follow":"follow","max-snippet":"max-snippet:-1","max-image-preview":"max-image-preview:large","max-video-preview":"max-video-preview:-1"},"canonical":"https:\/\/www.saludonnet.com\/blog\/que-es-la-apnea-del-sueno\/","og_locale":"es_ES","og_type":"article","og_title":"Qu\u00e9 es la apnea del sue\u00f1o","og_description":"La apnea del sue\u00f1o es una patolog\u00eda que produce episodios repetidos de pausas en la respiraci\u00f3n. Te contamos s\u00edntomas, causas y tratamiento.","og_url":"https:\/\/www.saludonnet.com\/blog\/que-es-la-apnea-del-sueno\/","og_site_name":"Blog SaludOnNet","article_publisher":"https:\/\/www.facebook.com\/pages\/SaludOnNet\/214957498526536","article_published_time":"2025-12-28T12:53:00+00:00","article_modified_time":"2026-02-05T15:22:04+00:00","og_image":[{"width":800,"height":400,"url":"https:\/\/www.saludonnet.com\/blog\/wp-content\/uploads\/2022\/12\/apnea-del-sueno.jpg","type":"image\/jpeg"}],"author":"Equipo M\u00e9dico de SaludOnNet","twitter_card":"summary_large_image","twitter_title":"Qu\u00e9 es la apnea del sue\u00f1o","twitter_description":"La apnea del sue\u00f1o es una patolog\u00eda que produce episodios repetidos de pausas en la respiraci\u00f3n. Te contamos s\u00edntomas, causas y tratamiento.","twitter_image":"https:\/\/soncdn.azureedge.net\/blog\/wp-content\/uploads\/2022\/12\/apnea-del-sueno.jpg","twitter_creator":"@saludonnet","twitter_site":"@saludonnet","twitter_misc":{"Escrito por":"Equipo M\u00e9dico de SaludOnNet","Tiempo de lectura":"6 minutos"},"schema":{"@context":"https:\/\/schema.org","@graph":[{"@type":"Article","@id":"https:\/\/www.saludonnet.com\/blog\/que-es-la-apnea-del-sueno\/#article","isPartOf":{"@id":"https:\/\/www.saludonnet.com\/blog\/que-es-la-apnea-del-sueno\/"},"author":{"name":"Equipo M\u00e9dico de SaludOnNet","@id":"https:\/\/www.saludonnet.com\/blog\/#\/schema\/person\/50995e01cc9d6c9f29ae18d979eeff1b"},"headline":"Qu\u00e9 es la apnea del sue\u00f1o","datePublished":"2025-12-28T12:53:00+00:00","dateModified":"2026-02-05T15:22:04+00:00","mainEntityOfPage":{"@id":"https:\/\/www.saludonnet.com\/blog\/que-es-la-apnea-del-sueno\/"},"wordCount":1227,"commentCount":0,"publisher":{"@id":"https:\/\/www.saludonnet.com\/blog\/#organization"},"image":{"@id":"https:\/\/www.saludonnet.com\/blog\/que-es-la-apnea-del-sueno\/#primaryimage"},"thumbnailUrl":"https:\/\/soncdn.azureedge.net\/blog\/wp-content\/uploads\/2022\/12\/apnea-del-sueno.jpg","keywords":["Consulta de Neumolog\u00eda"],"articleSection":["Neumolog\u00eda"],"inLanguage":"es","potentialAction":[{"@type":"CommentAction","name":"Comment","target":["https:\/\/www.saludonnet.com\/blog\/que-es-la-apnea-del-sueno\/#respond"]}]},{"@type":"WebPage","@id":"https:\/\/www.saludonnet.com\/blog\/que-es-la-apnea-del-sueno\/","url":"https:\/\/www.saludonnet.com\/blog\/que-es-la-apnea-del-sueno\/","name":"Qu\u00e9 es la apnea del sue\u00f1o","isPartOf":{"@id":"https:\/\/www.saludonnet.com\/blog\/#website"},"primaryImageOfPage":{"@id":"https:\/\/www.saludonnet.com\/blog\/que-es-la-apnea-del-sueno\/#primaryimage"},"image":{"@id":"https:\/\/www.saludonnet.com\/blog\/que-es-la-apnea-del-sueno\/#primaryimage"},"thumbnailUrl":"https:\/\/soncdn.azureedge.net\/blog\/wp-content\/uploads\/2022\/12\/apnea-del-sueno.jpg","datePublished":"2025-12-28T12:53:00+00:00","dateModified":"2026-02-05T15:22:04+00:00","description":"La apnea del sue\u00f1o es una patolog\u00eda que produce episodios repetidos de pausas en la respiraci\u00f3n. Te contamos s\u00edntomas, causas y tratamiento.","breadcrumb":{"@id":"https:\/\/www.saludonnet.com\/blog\/que-es-la-apnea-del-sueno\/#breadcrumb"},"inLanguage":"es","potentialAction":[{"@type":"ReadAction","target":["https:\/\/www.saludonnet.com\/blog\/que-es-la-apnea-del-sueno\/"]}]},{"@type":"ImageObject","inLanguage":"es","@id":"https:\/\/www.saludonnet.com\/blog\/que-es-la-apnea-del-sueno\/#primaryimage","url":"https:\/\/soncdn.azureedge.net\/blog\/wp-content\/uploads\/2022\/12\/apnea-del-sueno.jpg","contentUrl":"https:\/\/soncdn.azureedge.net\/blog\/wp-content\/uploads\/2022\/12\/apnea-del-sueno.jpg","width":800,"height":400,"caption":"apnea-sueno"},{"@type":"BreadcrumbList","@id":"https:\/\/www.saludonnet.com\/blog\/que-es-la-apnea-del-sueno\/#breadcrumb","itemListElement":[{"@type":"ListItem","position":1,"name":"Portada","item":"https:\/\/www.saludonnet.com\/blog\/"},{"@type":"ListItem","position":2,"name":"Neumolog\u00eda","item":"https:\/\/www.saludonnet.com\/blog\/topic\/neumologia\/"},{"@type":"ListItem","position":3,"name":"Qu\u00e9 es la apnea del sue\u00f1o"}]},{"@type":"WebSite","@id":"https:\/\/www.saludonnet.com\/blog\/#website","url":"https:\/\/www.saludonnet.com\/blog\/","name":"Blog SaludOnNet","description":"Un espacio donde encontrar\u00e1s consejos y art\u00edculos para cuidar de tu salud","publisher":{"@id":"https:\/\/www.saludonnet.com\/blog\/#organization"},"potentialAction":[{"@type":"SearchAction","target":{"@type":"EntryPoint","urlTemplate":"https:\/\/www.saludonnet.com\/blog\/?s={search_term_string}"},"query-input":{"@type":"PropertyValueSpecification","valueRequired":true,"valueName":"search_term_string"}}],"inLanguage":"es"},{"@type":"Organization","@id":"https:\/\/www.saludonnet.com\/blog\/#organization","name":"SaludOnNet","url":"https:\/\/www.saludonnet.com\/blog\/","logo":{"@type":"ImageObject","inLanguage":"es","@id":"https:\/\/www.saludonnet.com\/blog\/#\/schema\/logo\/image\/","url":"https:\/\/www.saludonnet.com\/blog\/wp-content\/uploads\/2019\/07\/Logo-SaludOnNet.png","contentUrl":"https:\/\/www.saludonnet.com\/blog\/wp-content\/uploads\/2019\/07\/Logo-SaludOnNet.png","width":1140,"height":377,"caption":"SaludOnNet"},"image":{"@id":"https:\/\/www.saludonnet.com\/blog\/#\/schema\/logo\/image\/"},"sameAs":["https:\/\/www.facebook.com\/pages\/SaludOnNet\/214957498526536","https:\/\/x.com\/saludonnet","https:\/\/www.instagram.com\/saludonnet\/","https:\/\/www.linkedin.com\/company\/saludonnet\/","https:\/\/www.youtube.com\/channel\/UCag68GsnagqzNb6C3G-S9vQ"]},{"@type":"Person","@id":"https:\/\/www.saludonnet.com\/blog\/#\/schema\/person\/50995e01cc9d6c9f29ae18d979eeff1b","name":"Equipo M\u00e9dico de SaludOnNet","image":{"@type":"ImageObject","inLanguage":"es","@id":"https:\/\/secure.gravatar.com\/avatar\/0ac89931d2ef75704f29e63e12335967620a1f7ac37c69f6f97ad72b9ac6496d?s=96&d=mm&r=g","url":"https:\/\/secure.gravatar.com\/avatar\/0ac89931d2ef75704f29e63e12335967620a1f7ac37c69f6f97ad72b9ac6496d?s=96&d=mm&r=g","contentUrl":"https:\/\/secure.gravatar.com\/avatar\/0ac89931d2ef75704f29e63e12335967620a1f7ac37c69f6f97ad72b9ac6496d?s=96&d=mm&r=g","caption":"Equipo M\u00e9dico de SaludOnNet"},"description":"Art\u00edculo elaborado por el equipo m\u00e9dico de SaludOnNet, compuesto por especialistas destacados en su \u00e1rea.","url":"https:\/\/www.saludonnet.com\/blog\/author\/saludonnet\/"}]}},"acf":[],"_links":{"self":[{"href":"https:\/\/www.saludonnet.com\/blog\/wp-json\/wp\/v2\/posts\/12420","targetHints":{"allow":["GET"]}}],"collection":[{"href":"https:\/\/www.saludonnet.com\/blog\/wp-json\/wp\/v2\/posts"}],"about":[{"href":"https:\/\/www.saludonnet.com\/blog\/wp-json\/wp\/v2\/types\/post"}],"author":[{"embeddable":true,"href":"https:\/\/www.saludonnet.com\/blog\/wp-json\/wp\/v2\/users\/20"}],"replies":[{"embeddable":true,"href":"https:\/\/www.saludonnet.com\/blog\/wp-json\/wp\/v2\/comments?post=12420"}],"version-history":[{"count":15,"href":"https:\/\/www.saludonnet.com\/blog\/wp-json\/wp\/v2\/posts\/12420\/revisions"}],"predecessor-version":[{"id":15292,"href":"https:\/\/www.saludonnet.com\/blog\/wp-json\/wp\/v2\/posts\/12420\/revisions\/15292"}],"wp:featuredmedia":[{"embeddable":true,"href":"https:\/\/www.saludonnet.com\/blog\/wp-json\/wp\/v2\/media\/12419"}],"wp:attachment":[{"href":"https:\/\/www.saludonnet.com\/blog\/wp-json\/wp\/v2\/media?parent=12420"}],"wp:term":[{"taxonomy":"category","embeddable":true,"href":"https:\/\/www.saludonnet.com\/blog\/wp-json\/wp\/v2\/categories?post=12420"},{"taxonomy":"post_tag","embeddable":true,"href":"https:\/\/www.saludonnet.com\/blog\/wp-json\/wp\/v2\/tags?post=12420"}],"curies":[{"name":"wp","href":"https:\/\/api.w.org\/{rel}","templated":true}]}}