{"id":11791,"date":"2025-12-29T16:03:00","date_gmt":"2025-12-29T15:03:00","guid":{"rendered":"https:\/\/www.saludonnet.com\/blog\/?p=11791"},"modified":"2026-02-05T16:36:35","modified_gmt":"2026-02-05T15:36:35","slug":"que-son-los-tics-y-por-que-se-producen","status":"publish","type":"post","link":"https:\/\/www.saludonnet.com\/blog\/que-son-los-tics-y-por-que-se-producen\/","title":{"rendered":"\u00bfQu\u00e9 son los tics y por qu\u00e9 se producen?"},"content":{"rendered":"\n<p>Los <strong>tics <\/strong>son <strong>movimientos o expresiones estereotipadas involuntarias, breves y repetidas<\/strong> en el tiempo. Se producen de manera s\u00fabita, no tienen ning\u00fan objetivo y cuentan con un inicio y un fin brusco. Ocurren por el d\u00eda, cuando la persona est\u00e1 despierta. Esto ayuda a diferenciarlos de otros movimientos anormales que pueden ser patol\u00f3gicos y que tambi\u00e9n se dan durante el sue\u00f1o. <\/p>\n\n\n\n<p>En la mayor\u00eda de las ocasiones los tics\nse deben a <strong>problemas psicol\u00f3gicos o tienen una base gen\u00e9tica<\/strong>, pero no\nest\u00e1n relacionados con ninguna lesi\u00f3n ni patolog\u00eda neurol\u00f3gica. <\/p>\n\n\n\n<h2 class=\"wp-block-heading\">Clasificaci\u00f3n de los tics nerviosos <\/h2>\n\n\n\n<p>Existen <strong><a href=\"https:\/\/www.medigraphic.com\/pdfs\/salmen\/sam-2001\/sam016d.pdf\">diferentes\nformas de clasificar los tics nerviosos<\/a><\/strong>. En base a si son movimientos o\nsonidos podemos hablar de: <\/p>\n\n\n\n<ul class=\"wp-block-list\">\n<li><strong>Motores<\/strong>. Hacen referencia a <em>movimientos involuntarios<\/em>. Pueden ser simples o complejos:\n<ul class=\"wp-block-list\">\n<li><strong>Simples<\/strong>. Existe una contracci\u00f3n de un solo grupo muscular. Algunos ejemplos frecuentes son el gui\u00f1o de ojos, una mueca facial, encoger los hombros, estirar el cuello o realizar un giro muscular. <\/li>\n\n\n\n<li><strong>Complejos<\/strong>. Est\u00e1n involucrados varios grupos musculares. En ocasiones parece que la persona est\u00e1 haciendo el movimiento a prop\u00f3sito. Hablamos de actos como dar palmadas o saltos. &nbsp;<\/li>\n<\/ul>\n<\/li>\n\n\n\n<li><strong>F\u00f3nicos o vocales<\/strong>. Hacen referencia a la <em>emisi\u00f3n de sonidos o ruidos realizados de manera involuntaria<\/em>. Algunos ejemplos son el carraspeo, sorber fuertemente, gritar, gru\u00f1ir, aclararse la garganta o hacer algunos ruidos estereotipados sin querer. <\/li>\n<\/ul>\n\n\n\n<p>Los tics tambi\u00e9n se pueden ordenar\natendiendo a su duraci\u00f3n. Hablar\u00edamos de: <\/p>\n\n\n\n<ul class=\"wp-block-list\">\n<li><strong>Agudos o transitorios<\/strong>. Tienen una duraci\u00f3n superior a 4 semanas e inferior a un a\u00f1o. <\/li>\n\n\n\n<li><strong>Cr\u00f3nicos<\/strong>. Se prolongan en el tiempo durante m\u00e1s de un a\u00f1o y pueden estar\nasociados a <strong><a href=\"https:\/\/www.saludonnet.com\/blog\/crisis-de-ansiedad-o-ataque-de-panico-como-actuar\/\">un\nproblema de ansiedad<\/a><\/strong>. &nbsp;<\/li>\n<\/ul>\n\n\n\n<h2 class=\"wp-block-heading\">Tics en los ni\u00f1os <\/h2>\n\n\n\n<p>Los tics <strong>son m\u00e1s habituales en ni\u00f1os que en adultos<\/strong>, siendo normal que afecten entre un 20% y un 30% de los peque\u00f1os en edad escolar. Suelen aparecen entre los 3 y los 7 a\u00f1os y <strong>la mayor\u00eda son benignos<\/strong>. Un porcentaje elevado desaparecen por s\u00ed solos en la adolescencia. No obstante, hay adultos que contin\u00faan teni\u00e9ndolos. <\/p>\n\n\n\n<p>Para un mejor diagn\u00f3stico, se recomienda\nque los padres graben en video los tics del ni\u00f1o, para que puedan mostr\u00e1rselo\nal pediatra en la consulta. No obstante, es importante tranquilizar a los progenitores\ny hacerles entender que muchas veces los tics les molestan m\u00e1s a ellos que a\nlos propios ni\u00f1os. &nbsp;<\/p>\n\n\n\n<h2 class=\"wp-block-heading\">S\u00edndrome de Gilles de la Tourette <\/h2>\n\n\n\n<p><strong>Un 3% de los tics se vuelven cr\u00f3nicos<\/strong> y pueden transformarse en enfermedades permanentes como el <strong><a href=\"https:\/\/www.msdmanuals.com\/es-es\/hogar\/salud-infantil\/trastornos-neurol%C3%B3gicos-en-ni%C3%B1os\/s%C3%ADndrome-de-tourette-y-otros-trastornos-con-tics-en-ni%C3%B1os-y-adolescentes\">S\u00edndrome\nde Tourette<\/a><\/strong>. <\/p>\n\n\n\n<p>Esta patolog\u00eda provoca que las personas\nrealicen <strong>de forma involuntaria tics motores y vocales<\/strong>. Es un trastorno\nneurol\u00f3gico que tiene un origen gen\u00e9tico, en combinaci\u00f3n con otros factores\nambientales. <\/p>\n\n\n\n<p>Diversos estudios han puesto de manifiesto que los hombres tienen entre 3 y 4 veces m\u00e1s riesgo de padecer este s\u00edndrome. En la mayor\u00eda de los casos son leves y no repercuten en su vida diaria ni en su autoestima. <\/p>\n\n\n\n<p>Cuando estos tics son dif\u00edciles de\nmanejar y causan un problema se puede recurrir a un tratamiento, que puede ser:\n&nbsp;<\/p>\n\n\n\n<ul class=\"wp-block-list\">\n<li><strong>Farmacol\u00f3gico<\/strong>. Se utiliza para atenuar los s\u00edntomas de los tics. <\/li>\n\n\n\n<li><strong>Conductual<\/strong>. Terapia para mejorar el manejo de los tics y la ansiedad asociada. <\/li>\n<\/ul>\n\n\n\n<p>En ocasiones los tics van unidos a otras\npatolog\u00edas como el <strong><a href=\"https:\/\/www.saludonnet.com\/blog\/el-trastorno-obsesivo-compulsivo-toc-tiene-cura\/\">trastorno\nobsesivo compulsivo (TOC)<\/a><\/strong> o el <strong><a href=\"https:\/\/www.saludonnet.com\/blog\/diagnostico-y-tratamiento-del-nino-con-tdah\/\">trastorno\nde d\u00e9ficit de atenci\u00f3n e hiperactividad (TDAH)<\/a><\/strong>. En estos casos se debe seguir\ntambi\u00e9n el tratamiento para que remitan los s\u00edntomas de ambos. <\/p>\n\n\n\n<h2 class=\"wp-block-heading\">Tratamiento de los tics <\/h2>\n\n\n\n<p><strong>La mayor\u00eda de los tics no necesitan tratamiento\ny desaparecen solos<\/strong>. Como hay un componente psicol\u00f3gico\nen estos movimientos involuntarios, muchos especialistas recomiendan <strong>t\u00e9cnicas\nde relajaci\u00f3n<\/strong> como el reiki, el yoga o el <strong><a href=\"https:\/\/www.saludonnet.com\/blog\/mindfulness-como-ayuda-para-el-dia-a-dia\/\">mindfulness<\/a><\/strong>\npara intentar controlarlos. <\/p>\n\n\n\n<p>Cuando los tics afectan a la vida diaria\nse recomienda poner tratamiento, diferente en cada caso, a criterio del m\u00e9dico.\nEs decir, el tratamiento a priori se debe basar en terapia cognitivo conductual;\nlos f\u00e1rmacos se reservan para casos espec\u00edficos. <\/p>\n\n\n\n<p>Si tienes un hijo con tics y est\u00e1s preocupado\no lo tienes t\u00fa te recomendamos que acudas a un m\u00e9dico para que te d\u00e9 unas\npautas de c\u00f3mo tratarlo. En <strong><a href=\"https:\/\/www.saludonnet.com\/\">SaludOnNet<\/a><\/strong>\ncontamos con especialistas dispuestos a ayudarte en lo que necesites. <\/p>\n","protected":false},"excerpt":{"rendered":"<p>Los tics son m\u00e1s frecuentes en los ni\u00f1os de entre 3 y 7 a\u00f1os y suelen desaparecer solos, sin tratamiento. Solo un 3% de vuelven cr\u00f3nicos. <\/p>\n","protected":false},"author":20,"featured_media":11790,"comment_status":"open","ping_status":"open","sticky":false,"template":"","format":"standard","meta":{"footnotes":""},"categories":[66],"tags":[244],"class_list":["post-11791","post","type-post","status-publish","format-standard","has-post-thumbnail","hentry","category-neurologia","tag-2945-consulta"],"yoast_head":"<!-- This site is optimized with the Yoast SEO plugin v27.5 - https:\/\/yoast.com\/product\/yoast-seo-wordpress\/ -->\n<title>\u00bfQu\u00e9 son los tics y por qu\u00e9 se producen?<\/title>\n<meta name=\"description\" content=\"Los tics son m\u00e1s frecuentes en los ni\u00f1os de entre 3 y 7 a\u00f1os y suelen desaparecer solos, sin tratamiento. Solo un 3% de vuelven cr\u00f3nicos.\" \/>\n<meta name=\"robots\" content=\"index, follow, max-snippet:-1, max-image-preview:large, max-video-preview:-1\" \/>\n<link rel=\"canonical\" href=\"https:\/\/www.saludonnet.com\/blog\/que-son-los-tics-y-por-que-se-producen\/\" \/>\n<meta property=\"og:locale\" content=\"es_ES\" \/>\n<meta property=\"og:type\" content=\"article\" \/>\n<meta property=\"og:title\" content=\"\u00bfQu\u00e9 son los tics y por qu\u00e9 se producen?\" \/>\n<meta property=\"og:description\" content=\"Los tics son m\u00e1s frecuentes en los ni\u00f1os de entre 3 y 7 a\u00f1os y suelen desaparecer solos, sin tratamiento. Solo un 3% de vuelven cr\u00f3nicos.\" \/>\n<meta property=\"og:url\" content=\"https:\/\/www.saludonnet.com\/blog\/que-son-los-tics-y-por-que-se-producen\/\" \/>\n<meta property=\"og:site_name\" content=\"Blog SaludOnNet\" \/>\n<meta property=\"article:publisher\" content=\"https:\/\/www.facebook.com\/pages\/SaludOnNet\/214957498526536\" \/>\n<meta property=\"article:published_time\" content=\"2025-12-29T15:03:00+00:00\" \/>\n<meta property=\"article:modified_time\" content=\"2026-02-05T15:36:35+00:00\" \/>\n<meta property=\"og:image\" content=\"https:\/\/www.saludonnet.com\/blog\/wp-content\/uploads\/2022\/05\/tics.jpg\" \/>\n\t<meta property=\"og:image:width\" content=\"800\" \/>\n\t<meta property=\"og:image:height\" content=\"400\" \/>\n\t<meta property=\"og:image:type\" content=\"image\/jpeg\" \/>\n<meta name=\"author\" content=\"Equipo M\u00e9dico de SaludOnNet\" \/>\n<meta name=\"twitter:card\" content=\"summary_large_image\" \/>\n<meta name=\"twitter:title\" content=\"\u00bfQu\u00e9 son los tics y por qu\u00e9 se producen?\" \/>\n<meta name=\"twitter:description\" content=\"Los tics son m\u00e1s frecuentes en los ni\u00f1os de entre 3 y 7 a\u00f1os y suelen desaparecer solos, sin tratamiento. Solo un 3% de vuelven cr\u00f3nicos.\" \/>\n<meta name=\"twitter:creator\" content=\"@saludonnet\" \/>\n<meta name=\"twitter:site\" content=\"@saludonnet\" \/>\n<meta name=\"twitter:label1\" content=\"Escrito por\" \/>\n\t<meta name=\"twitter:data1\" content=\"Equipo M\u00e9dico de SaludOnNet\" \/>\n\t<meta name=\"twitter:label2\" content=\"Tiempo de lectura\" \/>\n\t<meta name=\"twitter:data2\" content=\"4 minutos\" \/>\n<script type=\"application\/ld+json\" class=\"yoast-schema-graph\">{\"@context\":\"https:\\\/\\\/schema.org\",\"@graph\":[{\"@type\":\"Article\",\"@id\":\"https:\\\/\\\/www.saludonnet.com\\\/blog\\\/que-son-los-tics-y-por-que-se-producen\\\/#article\",\"isPartOf\":{\"@id\":\"https:\\\/\\\/www.saludonnet.com\\\/blog\\\/que-son-los-tics-y-por-que-se-producen\\\/\"},\"author\":{\"name\":\"Equipo M\u00e9dico de SaludOnNet\",\"@id\":\"https:\\\/\\\/www.saludonnet.com\\\/blog\\\/#\\\/schema\\\/person\\\/50995e01cc9d6c9f29ae18d979eeff1b\"},\"headline\":\"\u00bfQu\u00e9 son los tics y por qu\u00e9 se producen?\",\"datePublished\":\"2025-12-29T15:03:00+00:00\",\"dateModified\":\"2026-02-05T15:36:35+00:00\",\"mainEntityOfPage\":{\"@id\":\"https:\\\/\\\/www.saludonnet.com\\\/blog\\\/que-son-los-tics-y-por-que-se-producen\\\/\"},\"wordCount\":750,\"commentCount\":0,\"publisher\":{\"@id\":\"https:\\\/\\\/www.saludonnet.com\\\/blog\\\/#organization\"},\"image\":{\"@id\":\"https:\\\/\\\/www.saludonnet.com\\\/blog\\\/que-son-los-tics-y-por-que-se-producen\\\/#primaryimage\"},\"thumbnailUrl\":\"https:\\\/\\\/soncdn.azureedge.net\\\/blog\\\/wp-content\\\/uploads\\\/2022\\\/05\\\/tics.jpg\",\"keywords\":[\"Consulta de Neurolog\u00eda\"],\"articleSection\":[\"Neurolog\u00eda\"],\"inLanguage\":\"es\",\"potentialAction\":[{\"@type\":\"CommentAction\",\"name\":\"Comment\",\"target\":[\"https:\\\/\\\/www.saludonnet.com\\\/blog\\\/que-son-los-tics-y-por-que-se-producen\\\/#respond\"]}]},{\"@type\":\"WebPage\",\"@id\":\"https:\\\/\\\/www.saludonnet.com\\\/blog\\\/que-son-los-tics-y-por-que-se-producen\\\/\",\"url\":\"https:\\\/\\\/www.saludonnet.com\\\/blog\\\/que-son-los-tics-y-por-que-se-producen\\\/\",\"name\":\"\u00bfQu\u00e9 son los tics y por qu\u00e9 se producen?\",\"isPartOf\":{\"@id\":\"https:\\\/\\\/www.saludonnet.com\\\/blog\\\/#website\"},\"primaryImageOfPage\":{\"@id\":\"https:\\\/\\\/www.saludonnet.com\\\/blog\\\/que-son-los-tics-y-por-que-se-producen\\\/#primaryimage\"},\"image\":{\"@id\":\"https:\\\/\\\/www.saludonnet.com\\\/blog\\\/que-son-los-tics-y-por-que-se-producen\\\/#primaryimage\"},\"thumbnailUrl\":\"https:\\\/\\\/soncdn.azureedge.net\\\/blog\\\/wp-content\\\/uploads\\\/2022\\\/05\\\/tics.jpg\",\"datePublished\":\"2025-12-29T15:03:00+00:00\",\"dateModified\":\"2026-02-05T15:36:35+00:00\",\"description\":\"Los tics son m\u00e1s frecuentes en los ni\u00f1os de entre 3 y 7 a\u00f1os y suelen desaparecer solos, sin tratamiento. Solo un 3% de vuelven cr\u00f3nicos.\",\"breadcrumb\":{\"@id\":\"https:\\\/\\\/www.saludonnet.com\\\/blog\\\/que-son-los-tics-y-por-que-se-producen\\\/#breadcrumb\"},\"inLanguage\":\"es\",\"potentialAction\":[{\"@type\":\"ReadAction\",\"target\":[\"https:\\\/\\\/www.saludonnet.com\\\/blog\\\/que-son-los-tics-y-por-que-se-producen\\\/\"]}]},{\"@type\":\"ImageObject\",\"inLanguage\":\"es\",\"@id\":\"https:\\\/\\\/www.saludonnet.com\\\/blog\\\/que-son-los-tics-y-por-que-se-producen\\\/#primaryimage\",\"url\":\"https:\\\/\\\/soncdn.azureedge.net\\\/blog\\\/wp-content\\\/uploads\\\/2022\\\/05\\\/tics.jpg\",\"contentUrl\":\"https:\\\/\\\/soncdn.azureedge.net\\\/blog\\\/wp-content\\\/uploads\\\/2022\\\/05\\\/tics.jpg\",\"width\":800,\"height\":400,\"caption\":\"hombre con un tic en el ojo\"},{\"@type\":\"BreadcrumbList\",\"@id\":\"https:\\\/\\\/www.saludonnet.com\\\/blog\\\/que-son-los-tics-y-por-que-se-producen\\\/#breadcrumb\",\"itemListElement\":[{\"@type\":\"ListItem\",\"position\":1,\"name\":\"Portada\",\"item\":\"https:\\\/\\\/www.saludonnet.com\\\/blog\\\/\"},{\"@type\":\"ListItem\",\"position\":2,\"name\":\"Neurolog\u00eda\",\"item\":\"https:\\\/\\\/www.saludonnet.com\\\/blog\\\/topic\\\/neurologia\\\/\"},{\"@type\":\"ListItem\",\"position\":3,\"name\":\"\u00bfQu\u00e9 son los tics y por qu\u00e9 se producen?\"}]},{\"@type\":\"WebSite\",\"@id\":\"https:\\\/\\\/www.saludonnet.com\\\/blog\\\/#website\",\"url\":\"https:\\\/\\\/www.saludonnet.com\\\/blog\\\/\",\"name\":\"Blog SaludOnNet\",\"description\":\"Un espacio donde encontrar\u00e1s consejos y art\u00edculos para cuidar de tu salud\",\"publisher\":{\"@id\":\"https:\\\/\\\/www.saludonnet.com\\\/blog\\\/#organization\"},\"potentialAction\":[{\"@type\":\"SearchAction\",\"target\":{\"@type\":\"EntryPoint\",\"urlTemplate\":\"https:\\\/\\\/www.saludonnet.com\\\/blog\\\/?s={search_term_string}\"},\"query-input\":{\"@type\":\"PropertyValueSpecification\",\"valueRequired\":true,\"valueName\":\"search_term_string\"}}],\"inLanguage\":\"es\"},{\"@type\":\"Organization\",\"@id\":\"https:\\\/\\\/www.saludonnet.com\\\/blog\\\/#organization\",\"name\":\"SaludOnNet\",\"url\":\"https:\\\/\\\/www.saludonnet.com\\\/blog\\\/\",\"logo\":{\"@type\":\"ImageObject\",\"inLanguage\":\"es\",\"@id\":\"https:\\\/\\\/www.saludonnet.com\\\/blog\\\/#\\\/schema\\\/logo\\\/image\\\/\",\"url\":\"https:\\\/\\\/www.saludonnet.com\\\/blog\\\/wp-content\\\/uploads\\\/2019\\\/07\\\/Logo-SaludOnNet.png\",\"contentUrl\":\"https:\\\/\\\/www.saludonnet.com\\\/blog\\\/wp-content\\\/uploads\\\/2019\\\/07\\\/Logo-SaludOnNet.png\",\"width\":1140,\"height\":377,\"caption\":\"SaludOnNet\"},\"image\":{\"@id\":\"https:\\\/\\\/www.saludonnet.com\\\/blog\\\/#\\\/schema\\\/logo\\\/image\\\/\"},\"sameAs\":[\"https:\\\/\\\/www.facebook.com\\\/pages\\\/SaludOnNet\\\/214957498526536\",\"https:\\\/\\\/x.com\\\/saludonnet\",\"https:\\\/\\\/www.instagram.com\\\/saludonnet\\\/\",\"https:\\\/\\\/www.linkedin.com\\\/company\\\/saludonnet\\\/\",\"https:\\\/\\\/www.youtube.com\\\/channel\\\/UCag68GsnagqzNb6C3G-S9vQ\"]},{\"@type\":\"Person\",\"@id\":\"https:\\\/\\\/www.saludonnet.com\\\/blog\\\/#\\\/schema\\\/person\\\/50995e01cc9d6c9f29ae18d979eeff1b\",\"name\":\"Equipo M\u00e9dico de SaludOnNet\",\"image\":{\"@type\":\"ImageObject\",\"inLanguage\":\"es\",\"@id\":\"https:\\\/\\\/secure.gravatar.com\\\/avatar\\\/0ac89931d2ef75704f29e63e12335967620a1f7ac37c69f6f97ad72b9ac6496d?s=96&d=mm&r=g\",\"url\":\"https:\\\/\\\/secure.gravatar.com\\\/avatar\\\/0ac89931d2ef75704f29e63e12335967620a1f7ac37c69f6f97ad72b9ac6496d?s=96&d=mm&r=g\",\"contentUrl\":\"https:\\\/\\\/secure.gravatar.com\\\/avatar\\\/0ac89931d2ef75704f29e63e12335967620a1f7ac37c69f6f97ad72b9ac6496d?s=96&d=mm&r=g\",\"caption\":\"Equipo M\u00e9dico de SaludOnNet\"},\"description\":\"Art\u00edculo elaborado por el equipo m\u00e9dico de SaludOnNet, compuesto por especialistas destacados en su \u00e1rea.\",\"url\":\"https:\\\/\\\/www.saludonnet.com\\\/blog\\\/author\\\/saludonnet\\\/\"}]}<\/script>\n<!-- \/ Yoast SEO plugin. -->","yoast_head_json":{"title":"\u00bfQu\u00e9 son los tics y por qu\u00e9 se producen?","description":"Los tics son m\u00e1s frecuentes en los ni\u00f1os de entre 3 y 7 a\u00f1os y suelen desaparecer solos, sin tratamiento. Solo un 3% de vuelven cr\u00f3nicos.","robots":{"index":"index","follow":"follow","max-snippet":"max-snippet:-1","max-image-preview":"max-image-preview:large","max-video-preview":"max-video-preview:-1"},"canonical":"https:\/\/www.saludonnet.com\/blog\/que-son-los-tics-y-por-que-se-producen\/","og_locale":"es_ES","og_type":"article","og_title":"\u00bfQu\u00e9 son los tics y por qu\u00e9 se producen?","og_description":"Los tics son m\u00e1s frecuentes en los ni\u00f1os de entre 3 y 7 a\u00f1os y suelen desaparecer solos, sin tratamiento. Solo un 3% de vuelven cr\u00f3nicos.","og_url":"https:\/\/www.saludonnet.com\/blog\/que-son-los-tics-y-por-que-se-producen\/","og_site_name":"Blog SaludOnNet","article_publisher":"https:\/\/www.facebook.com\/pages\/SaludOnNet\/214957498526536","article_published_time":"2025-12-29T15:03:00+00:00","article_modified_time":"2026-02-05T15:36:35+00:00","og_image":[{"width":800,"height":400,"url":"https:\/\/www.saludonnet.com\/blog\/wp-content\/uploads\/2022\/05\/tics.jpg","type":"image\/jpeg"}],"author":"Equipo M\u00e9dico de SaludOnNet","twitter_card":"summary_large_image","twitter_title":"\u00bfQu\u00e9 son los tics y por qu\u00e9 se producen?","twitter_description":"Los tics son m\u00e1s frecuentes en los ni\u00f1os de entre 3 y 7 a\u00f1os y suelen desaparecer solos, sin tratamiento. Solo un 3% de vuelven cr\u00f3nicos.","twitter_creator":"@saludonnet","twitter_site":"@saludonnet","twitter_misc":{"Escrito por":"Equipo M\u00e9dico de SaludOnNet","Tiempo de lectura":"4 minutos"},"schema":{"@context":"https:\/\/schema.org","@graph":[{"@type":"Article","@id":"https:\/\/www.saludonnet.com\/blog\/que-son-los-tics-y-por-que-se-producen\/#article","isPartOf":{"@id":"https:\/\/www.saludonnet.com\/blog\/que-son-los-tics-y-por-que-se-producen\/"},"author":{"name":"Equipo M\u00e9dico de SaludOnNet","@id":"https:\/\/www.saludonnet.com\/blog\/#\/schema\/person\/50995e01cc9d6c9f29ae18d979eeff1b"},"headline":"\u00bfQu\u00e9 son los tics y por qu\u00e9 se producen?","datePublished":"2025-12-29T15:03:00+00:00","dateModified":"2026-02-05T15:36:35+00:00","mainEntityOfPage":{"@id":"https:\/\/www.saludonnet.com\/blog\/que-son-los-tics-y-por-que-se-producen\/"},"wordCount":750,"commentCount":0,"publisher":{"@id":"https:\/\/www.saludonnet.com\/blog\/#organization"},"image":{"@id":"https:\/\/www.saludonnet.com\/blog\/que-son-los-tics-y-por-que-se-producen\/#primaryimage"},"thumbnailUrl":"https:\/\/soncdn.azureedge.net\/blog\/wp-content\/uploads\/2022\/05\/tics.jpg","keywords":["Consulta de Neurolog\u00eda"],"articleSection":["Neurolog\u00eda"],"inLanguage":"es","potentialAction":[{"@type":"CommentAction","name":"Comment","target":["https:\/\/www.saludonnet.com\/blog\/que-son-los-tics-y-por-que-se-producen\/#respond"]}]},{"@type":"WebPage","@id":"https:\/\/www.saludonnet.com\/blog\/que-son-los-tics-y-por-que-se-producen\/","url":"https:\/\/www.saludonnet.com\/blog\/que-son-los-tics-y-por-que-se-producen\/","name":"\u00bfQu\u00e9 son los tics y por qu\u00e9 se producen?","isPartOf":{"@id":"https:\/\/www.saludonnet.com\/blog\/#website"},"primaryImageOfPage":{"@id":"https:\/\/www.saludonnet.com\/blog\/que-son-los-tics-y-por-que-se-producen\/#primaryimage"},"image":{"@id":"https:\/\/www.saludonnet.com\/blog\/que-son-los-tics-y-por-que-se-producen\/#primaryimage"},"thumbnailUrl":"https:\/\/soncdn.azureedge.net\/blog\/wp-content\/uploads\/2022\/05\/tics.jpg","datePublished":"2025-12-29T15:03:00+00:00","dateModified":"2026-02-05T15:36:35+00:00","description":"Los tics son m\u00e1s frecuentes en los ni\u00f1os de entre 3 y 7 a\u00f1os y suelen desaparecer solos, sin tratamiento. Solo un 3% de vuelven cr\u00f3nicos.","breadcrumb":{"@id":"https:\/\/www.saludonnet.com\/blog\/que-son-los-tics-y-por-que-se-producen\/#breadcrumb"},"inLanguage":"es","potentialAction":[{"@type":"ReadAction","target":["https:\/\/www.saludonnet.com\/blog\/que-son-los-tics-y-por-que-se-producen\/"]}]},{"@type":"ImageObject","inLanguage":"es","@id":"https:\/\/www.saludonnet.com\/blog\/que-son-los-tics-y-por-que-se-producen\/#primaryimage","url":"https:\/\/soncdn.azureedge.net\/blog\/wp-content\/uploads\/2022\/05\/tics.jpg","contentUrl":"https:\/\/soncdn.azureedge.net\/blog\/wp-content\/uploads\/2022\/05\/tics.jpg","width":800,"height":400,"caption":"hombre con un tic en el ojo"},{"@type":"BreadcrumbList","@id":"https:\/\/www.saludonnet.com\/blog\/que-son-los-tics-y-por-que-se-producen\/#breadcrumb","itemListElement":[{"@type":"ListItem","position":1,"name":"Portada","item":"https:\/\/www.saludonnet.com\/blog\/"},{"@type":"ListItem","position":2,"name":"Neurolog\u00eda","item":"https:\/\/www.saludonnet.com\/blog\/topic\/neurologia\/"},{"@type":"ListItem","position":3,"name":"\u00bfQu\u00e9 son los tics y por qu\u00e9 se producen?"}]},{"@type":"WebSite","@id":"https:\/\/www.saludonnet.com\/blog\/#website","url":"https:\/\/www.saludonnet.com\/blog\/","name":"Blog SaludOnNet","description":"Un espacio donde encontrar\u00e1s consejos y art\u00edculos para cuidar de tu salud","publisher":{"@id":"https:\/\/www.saludonnet.com\/blog\/#organization"},"potentialAction":[{"@type":"SearchAction","target":{"@type":"EntryPoint","urlTemplate":"https:\/\/www.saludonnet.com\/blog\/?s={search_term_string}"},"query-input":{"@type":"PropertyValueSpecification","valueRequired":true,"valueName":"search_term_string"}}],"inLanguage":"es"},{"@type":"Organization","@id":"https:\/\/www.saludonnet.com\/blog\/#organization","name":"SaludOnNet","url":"https:\/\/www.saludonnet.com\/blog\/","logo":{"@type":"ImageObject","inLanguage":"es","@id":"https:\/\/www.saludonnet.com\/blog\/#\/schema\/logo\/image\/","url":"https:\/\/www.saludonnet.com\/blog\/wp-content\/uploads\/2019\/07\/Logo-SaludOnNet.png","contentUrl":"https:\/\/www.saludonnet.com\/blog\/wp-content\/uploads\/2019\/07\/Logo-SaludOnNet.png","width":1140,"height":377,"caption":"SaludOnNet"},"image":{"@id":"https:\/\/www.saludonnet.com\/blog\/#\/schema\/logo\/image\/"},"sameAs":["https:\/\/www.facebook.com\/pages\/SaludOnNet\/214957498526536","https:\/\/x.com\/saludonnet","https:\/\/www.instagram.com\/saludonnet\/","https:\/\/www.linkedin.com\/company\/saludonnet\/","https:\/\/www.youtube.com\/channel\/UCag68GsnagqzNb6C3G-S9vQ"]},{"@type":"Person","@id":"https:\/\/www.saludonnet.com\/blog\/#\/schema\/person\/50995e01cc9d6c9f29ae18d979eeff1b","name":"Equipo M\u00e9dico de SaludOnNet","image":{"@type":"ImageObject","inLanguage":"es","@id":"https:\/\/secure.gravatar.com\/avatar\/0ac89931d2ef75704f29e63e12335967620a1f7ac37c69f6f97ad72b9ac6496d?s=96&d=mm&r=g","url":"https:\/\/secure.gravatar.com\/avatar\/0ac89931d2ef75704f29e63e12335967620a1f7ac37c69f6f97ad72b9ac6496d?s=96&d=mm&r=g","contentUrl":"https:\/\/secure.gravatar.com\/avatar\/0ac89931d2ef75704f29e63e12335967620a1f7ac37c69f6f97ad72b9ac6496d?s=96&d=mm&r=g","caption":"Equipo M\u00e9dico de SaludOnNet"},"description":"Art\u00edculo elaborado por el equipo m\u00e9dico de SaludOnNet, compuesto por especialistas destacados en su \u00e1rea.","url":"https:\/\/www.saludonnet.com\/blog\/author\/saludonnet\/"}]}},"acf":[],"_links":{"self":[{"href":"https:\/\/www.saludonnet.com\/blog\/wp-json\/wp\/v2\/posts\/11791","targetHints":{"allow":["GET"]}}],"collection":[{"href":"https:\/\/www.saludonnet.com\/blog\/wp-json\/wp\/v2\/posts"}],"about":[{"href":"https:\/\/www.saludonnet.com\/blog\/wp-json\/wp\/v2\/types\/post"}],"author":[{"embeddable":true,"href":"https:\/\/www.saludonnet.com\/blog\/wp-json\/wp\/v2\/users\/20"}],"replies":[{"embeddable":true,"href":"https:\/\/www.saludonnet.com\/blog\/wp-json\/wp\/v2\/comments?post=11791"}],"version-history":[{"count":2,"href":"https:\/\/www.saludonnet.com\/blog\/wp-json\/wp\/v2\/posts\/11791\/revisions"}],"predecessor-version":[{"id":15226,"href":"https:\/\/www.saludonnet.com\/blog\/wp-json\/wp\/v2\/posts\/11791\/revisions\/15226"}],"wp:featuredmedia":[{"embeddable":true,"href":"https:\/\/www.saludonnet.com\/blog\/wp-json\/wp\/v2\/media\/11790"}],"wp:attachment":[{"href":"https:\/\/www.saludonnet.com\/blog\/wp-json\/wp\/v2\/media?parent=11791"}],"wp:term":[{"taxonomy":"category","embeddable":true,"href":"https:\/\/www.saludonnet.com\/blog\/wp-json\/wp\/v2\/categories?post=11791"},{"taxonomy":"post_tag","embeddable":true,"href":"https:\/\/www.saludonnet.com\/blog\/wp-json\/wp\/v2\/tags?post=11791"}],"curies":[{"name":"wp","href":"https:\/\/api.w.org\/{rel}","templated":true}]}}