{"id":11710,"date":"2022-02-22T13:27:22","date_gmt":"2022-02-22T12:27:22","guid":{"rendered":"https:\/\/www.saludonnet.com\/blog\/?p=11463"},"modified":"2022-06-07T17:59:02","modified_gmt":"2022-06-07T15:59:02","slug":"en-que-consiste-la-covid-persistente-y-cuanto-dura","status":"publish","type":"post","link":"https:\/\/www.saludonnet.com\/blog\/en-que-consiste-la-covid-persistente-y-cuanto-dura\/","title":{"rendered":"\u00bfEn qu\u00e9 consiste la Covid persistente y cu\u00e1nto dura?"},"content":{"rendered":"\n<p>La mayor\u00eda de las personas que pasan la COVID 19 se recuperan\nsin problemas. No obstante, hay un porcentaje que sigue con s\u00edntomas durante\nsemanas o meses despu\u00e9s de pasar la infecci\u00f3n. Seg\u00fan se\u00f1ala la <a href=\"https:\/\/www.who.int\/es\/news-room\/questions-and-answers\/item\/coronavirus-disease-(covid-19)-post-covid-19-condition\">Organizaci\u00f3n\nMundial de la Salud<\/a> (OMS), entre el 10% y el 20% experimenta efectos a medio\ny largo plazo, que se conocen como Covid persistente, de larga duraci\u00f3n o Long\nCovid. <\/p>\n\n\n\n<p>Son s\u00edntomas que pueden persistir desde la enfermedad inicial o aparecer\ndespu\u00e9s de la recuperaci\u00f3n. Este Covid persistente afecta a la capacidad de las\npersonas de realizar actividades cotidianas, como el trabajo o las tareas\ndom\u00e9sticas. Los efectos prolongados perduran aproximadamente entre 4 y\n12 semanas desde el diagn\u00f3stico y los s\u00edntomas pueden ser de la misma intensidad\no aparecer otros nuevos. <\/p>\n\n\n\n<h2 class=\"wp-block-heading\"> 201 s\u00edntomas asociados a la Covid persistente <\/h2>\n\n\n\n<p>Seg\u00fan un estudio realizado por el <a href=\"https:\/\/www.consejogeneralenfermeria.org\/actualidad-y-prensa\/sala-de-prensa\/noticias\/item\/88839-el-cge-alerta-de-que-mas-de-medio-millon-de-personas-podrian-sufrir-covid-persistente-en-espana\">Consejo\nGeneral de Enfermer\u00eda<\/a>, se calcula que m\u00e1s de 500.000 personas pueden verse\nafectadas en Espa\u00f1a por estos s\u00edntomas que se alargan en el tiempo. La Covid\npersistente da\u00f1a principalmente a los pulmones, pero puede afectar a otros \u00f3rganos,\naumentando el riesgo de efectos prolongados. Fatiga, dificultad para respirar,\ntos, dolor en el pecho o fiebre intermitente son algunos de los s\u00edntomas que empeoran\ndespu\u00e9s de realizar actividades f\u00edsicas o mentales. <\/p>\n\n\n\n<p>La Sociedad Espa\u00f1ola de M\u00e9dicos de Familia\nha publicado un art\u00edculo basado en una encuesta realizada a m\u00e1s de 1800\npacientes. Bajo el t\u00edtulo <strong><a href=\"https:\/\/mgyf.org\/descripcion-de-201-sintomas-de-afectacion-multiorganica-producida-en-pacientes-afectados-por-covid-19-persistente\/\">Descripci\u00f3n\nde los 201 s\u00edntomas de la afectaci\u00f3n multiorg\u00e1nica producida en los pacientes\nafectados por la COVID-19 persistente<\/a><\/strong>, se indica que las personas que\nm\u00e1s padecen los efectos secundarios de la enfermedad son las mujeres (79%) de\nunos 43 a\u00f1os. <\/p>\n\n\n\n<h2 class=\"wp-block-heading\"> Principales s\u00edntomas de la Covid persistente <\/h2>\n\n\n\n<p>Todav\u00eda existe un desconocimiento sobre la Covid persistente o Long Covid. Aunque no se sabe cu\u00e1ndo desaparecen los s\u00edntomas de Covid, se habla de 4 a 12 semanas. Sin embargo el estudio realizado pone de manifiesto que la mayor\u00eda de las personas encuestadas habla de un promedio de tiempo de la persistencia de los s\u00edntomas de unos 6 meses. Los principales son. <\/p>\n\n\n\n<h3 class=\"wp-block-heading\"> Problemas respiratorios  <\/h3>\n\n\n\n<p>Lo padecen el 79% de los pacientes con s\u00edntomas persistentes. <\/p>\n\n\n\n<ul class=\"wp-block-list\"><li>Falta de aire persistente (disnea), incluso con esfuerzos leves. <\/li><li><a href=\"https:\/\/www.saludonnet.com\/blog\/hay-que-preocuparse-ante-un-dolor-toracico\/\">Dolor tor\u00e1cico<\/a>. <\/li><li>Tos. <\/li><li>Presi\u00f3n en el pecho. <\/li><li>La funci\u00f3n pulmonar afectada durante meses puede conllevar problemas respiratorios a largo plazo. <\/li><\/ul>\n\n\n\n<h3 class=\"wp-block-heading\"> Problemas neurol\u00f3gicos <\/h3>\n\n\n\n<p>El 86,5% de los pacientes refieren este tipo de s\u00edntomas. El principal es la cefalea. Tambi\u00e9n se incluyen: <\/p>\n\n\n\n<ul class=\"wp-block-list\"><li><a href=\"https:\/\/www.saludonnet.com\/blog\/como-afecta-la-fatiga-mental-al-organismo\/\">Fatiga.<\/a> <\/li><li>Mareos.<\/li><li>Dificultad para concentrarse, d\u00e9ficit de atenci\u00f3n. <\/li><li>Hormigueo en las extremidades. <\/li><li>Problemas del sistema nervioso aut\u00f3nomo. <\/li><li>S\u00edndrome de taquicardia ortost\u00e1tica postural.<\/li><li><a href=\"https:\/\/www.saludonnet.com\/blog\/?s=insomnio\">Insomnio.<\/a><\/li><li>Confusi\u00f3n mental.<\/li><li>P\u00e9rdidas de memoria a corto plazo. <\/li><\/ul>\n\n\n\n<h3 class=\"wp-block-heading\"> Problemas de salud mental <\/h3>\n\n\n\n<p>Lo padecen el 86,2% de los pacientes. Las personas tratadas en UCIs, por haber sobrevivido a esta experiencia, pueden ser m\u00e1s propensos tener un bajo estado de \u00e1nimo. Adem\u00e1s, presentan: <\/p>\n\n\n\n<ul class=\"wp-block-list\"><li>Estr\u00e9s postraum\u00e1tico o por la p\u00e9rdida de trabajo. &nbsp;<\/li><li><a href=\"https:\/\/www.saludonnet.com\/blog\/estres-ansiedad-y-depresion-consultas-mas-frecuentes-del-psicologo\/\">Depresi\u00f3n o ansiedad<\/a>. <\/li><li><a href=\"https:\/\/www.saludonnet.com\/blog\/como-afrontar-el-duelo-en-tiempos-de-covid-19\/\">Dolor por la muerte de familiares<\/a>.<\/li><li>P\u00e9rdida de calidad de vida y salud. <\/li><li>Desarrollo del s\u00edndrome de fatiga cr\u00f3nica, que empeora con la actividad f\u00edsica o mental y no mejora con el descanso. &nbsp;<\/li><\/ul>\n\n\n\n<h3 class=\"wp-block-heading\"> Problemas cardiacos y circulatorios  <\/h3>\n\n\n\n<p>Aparecen en un 69,9% de los casos. <\/p>\n\n\n\n<ul class=\"wp-block-list\"><li>Taquicardia, <a href=\"https:\/\/www.saludonnet.com\/blog\/bradicardia-sinusal\/\">bradicardia<\/a>, <a href=\"https:\/\/www.saludonnet.com\/blog\/habitos-saludables-para-luchar-contra-la-hipertension-0\/\">hipertensi\u00f3n<\/a> o hipotensi\u00f3n. &nbsp;<\/li><li>Inflamaci\u00f3n del m\u00fasculo cardiaco en el 60% de las personas y palpitaciones.<\/li><li>Formaci\u00f3n de co\u00e1gulos y problemas sangu\u00edneos que pueden causar: ataques al coraz\u00f3n, derrames cerebrales, afectar a los pulmones, las piernas, el h\u00edgado y los ri\u00f1ones. <\/li><\/ul>\n\n\n\n<h3 class=\"wp-block-heading\"> Otras complicaciones <\/h3>\n\n\n\n<ul class=\"wp-block-list\"><li>Alteraciones del olfato y el gusto. <\/li><li>Problemas digestivos como diarrea y reflujo. <\/li><li>Visi\u00f3n borrosa y visi\u00f3n doble. <\/li><li><a href=\"https:\/\/www.saludonnet.com\/blog\/soluciones-efectivas-para-la-perdida-de-pelo-o-alopecia\/\">Ca\u00edda del cabello<\/a>. <\/li><li><a href=\"https:\/\/www.saludonnet.com\/blog\/prevencion-sintomas-y-tratamiento-de-una-infeccion-de-orina\/\">Infecciones urinarias<\/a>. <\/li><\/ul>\n\n\n\n<p>Si has pasado la Covid 19 y sigues presentando s\u00edntomas o <strong><a href=\"https:\/\/www.saludonnet.com\/blog\/que-secuelas-deja-el-covid-19\/\">tienes secuelas<\/a><\/strong> es bueno que acudas al m\u00e9dico para que te examine y vea si tienes Covid persistente. En <a href=\"https:\/\/www.saludonnet.com\/\">SaludOnNet<\/a> contamos con especialistas dispuestos a ayudarte en lo que necesites. <\/p>\n","protected":false},"excerpt":{"rendered":"<p>Entre un 10% y un 20% de las personas que han pasado el coronavirus sigue con s\u00edntomas pasadas cuatro semanas. Se trata de la Covid persistente. <\/p>\n","protected":false},"author":20,"featured_media":11859,"comment_status":"open","ping_status":"open","sticky":false,"template":"","format":"standard","meta":{"footnotes":""},"categories":[85],"tags":[238],"class_list":["post-11710","post","type-post","status-publish","format-standard","has-post-thumbnail","hentry","category-medicina-interna","tag-2643-consulta"],"yoast_head":"<!-- This site is optimized with the Yoast SEO plugin v27.4 - https:\/\/yoast.com\/product\/yoast-seo-wordpress\/ -->\n<title>\u00bfEn qu\u00e9 consiste la Covid persistente y cu\u00e1nto dura?<\/title>\n<meta name=\"description\" content=\"Entre un 10% y un 20% de las personas que han pasado el coronavirus sigue con s\u00edntomas pasadas cuatro semanas. Se trata de la Covid persistente.\" \/>\n<meta name=\"robots\" content=\"index, follow, max-snippet:-1, max-image-preview:large, max-video-preview:-1\" \/>\n<link rel=\"canonical\" href=\"https:\/\/www.saludonnet.com\/blog\/en-que-consiste-la-covid-persistente-y-cuanto-dura\/\" \/>\n<meta property=\"og:locale\" content=\"es_ES\" \/>\n<meta property=\"og:type\" content=\"article\" \/>\n<meta property=\"og:title\" content=\"\u00bfEn qu\u00e9 consiste la Covid persistente y cu\u00e1nto dura?\" \/>\n<meta property=\"og:description\" content=\"Entre un 10% y un 20% de las personas que han pasado el coronavirus sigue con s\u00edntomas pasadas cuatro semanas. Se trata de la Covid persistente.\" \/>\n<meta property=\"og:url\" content=\"https:\/\/www.saludonnet.com\/blog\/en-que-consiste-la-covid-persistente-y-cuanto-dura\/\" \/>\n<meta property=\"og:site_name\" content=\"Blog SaludOnNet\" \/>\n<meta property=\"article:publisher\" content=\"https:\/\/www.facebook.com\/pages\/SaludOnNet\/214957498526536\" \/>\n<meta property=\"article:published_time\" content=\"2022-02-22T12:27:22+00:00\" \/>\n<meta property=\"article:modified_time\" content=\"2022-06-07T15:59:02+00:00\" \/>\n<meta property=\"og:image\" content=\"https:\/\/www.saludonnet.com\/blog\/wp-content\/uploads\/2022\/02\/covid-persistente.jpg\" \/>\n\t<meta property=\"og:image:width\" content=\"800\" \/>\n\t<meta property=\"og:image:height\" content=\"400\" \/>\n\t<meta property=\"og:image:type\" content=\"image\/jpeg\" \/>\n<meta name=\"author\" content=\"Equipo M\u00e9dico de SaludOnNet\" \/>\n<meta name=\"twitter:card\" content=\"summary_large_image\" \/>\n<meta name=\"twitter:title\" content=\"\u00bfEn qu\u00e9 consiste la Covid persistente y cu\u00e1nto dura?\" \/>\n<meta name=\"twitter:description\" content=\"Entre un 10% y un 20% de las personas que han pasado el coronavirus sigue con s\u00edntomas pasadas cuatro semanas. Se trata de la Covid persistente.\" \/>\n<meta name=\"twitter:creator\" content=\"@saludonnet\" \/>\n<meta name=\"twitter:site\" content=\"@saludonnet\" \/>\n<meta name=\"twitter:label1\" content=\"Escrito por\" \/>\n\t<meta name=\"twitter:data1\" content=\"Equipo M\u00e9dico de SaludOnNet\" \/>\n\t<meta name=\"twitter:label2\" content=\"Tiempo de lectura\" \/>\n\t<meta name=\"twitter:data2\" content=\"3 minutos\" \/>\n<script type=\"application\/ld+json\" class=\"yoast-schema-graph\">{\"@context\":\"https:\\\/\\\/schema.org\",\"@graph\":[{\"@type\":\"Article\",\"@id\":\"https:\\\/\\\/www.saludonnet.com\\\/blog\\\/en-que-consiste-la-covid-persistente-y-cuanto-dura\\\/#article\",\"isPartOf\":{\"@id\":\"https:\\\/\\\/www.saludonnet.com\\\/blog\\\/en-que-consiste-la-covid-persistente-y-cuanto-dura\\\/\"},\"author\":{\"name\":\"Equipo M\u00e9dico de SaludOnNet\",\"@id\":\"https:\\\/\\\/www.saludonnet.com\\\/blog\\\/#\\\/schema\\\/person\\\/50995e01cc9d6c9f29ae18d979eeff1b\"},\"headline\":\"\u00bfEn qu\u00e9 consiste la Covid persistente y cu\u00e1nto dura?\",\"datePublished\":\"2022-02-22T12:27:22+00:00\",\"dateModified\":\"2022-06-07T15:59:02+00:00\",\"mainEntityOfPage\":{\"@id\":\"https:\\\/\\\/www.saludonnet.com\\\/blog\\\/en-que-consiste-la-covid-persistente-y-cuanto-dura\\\/\"},\"wordCount\":705,\"commentCount\":0,\"publisher\":{\"@id\":\"https:\\\/\\\/www.saludonnet.com\\\/blog\\\/#organization\"},\"image\":{\"@id\":\"https:\\\/\\\/www.saludonnet.com\\\/blog\\\/en-que-consiste-la-covid-persistente-y-cuanto-dura\\\/#primaryimage\"},\"thumbnailUrl\":\"https:\\\/\\\/soncdn.azureedge.net\\\/blog\\\/wp-content\\\/uploads\\\/2022\\\/02\\\/covid-persistente.jpg\",\"keywords\":[\"Consulta de Medicina Interna\"],\"articleSection\":[\"Medicina Interna\"],\"inLanguage\":\"es\",\"potentialAction\":[{\"@type\":\"CommentAction\",\"name\":\"Comment\",\"target\":[\"https:\\\/\\\/www.saludonnet.com\\\/blog\\\/en-que-consiste-la-covid-persistente-y-cuanto-dura\\\/#respond\"]}]},{\"@type\":\"WebPage\",\"@id\":\"https:\\\/\\\/www.saludonnet.com\\\/blog\\\/en-que-consiste-la-covid-persistente-y-cuanto-dura\\\/\",\"url\":\"https:\\\/\\\/www.saludonnet.com\\\/blog\\\/en-que-consiste-la-covid-persistente-y-cuanto-dura\\\/\",\"name\":\"\u00bfEn qu\u00e9 consiste la Covid persistente y cu\u00e1nto dura?\",\"isPartOf\":{\"@id\":\"https:\\\/\\\/www.saludonnet.com\\\/blog\\\/#website\"},\"primaryImageOfPage\":{\"@id\":\"https:\\\/\\\/www.saludonnet.com\\\/blog\\\/en-que-consiste-la-covid-persistente-y-cuanto-dura\\\/#primaryimage\"},\"image\":{\"@id\":\"https:\\\/\\\/www.saludonnet.com\\\/blog\\\/en-que-consiste-la-covid-persistente-y-cuanto-dura\\\/#primaryimage\"},\"thumbnailUrl\":\"https:\\\/\\\/soncdn.azureedge.net\\\/blog\\\/wp-content\\\/uploads\\\/2022\\\/02\\\/covid-persistente.jpg\",\"datePublished\":\"2022-02-22T12:27:22+00:00\",\"dateModified\":\"2022-06-07T15:59:02+00:00\",\"description\":\"Entre un 10% y un 20% de las personas que han pasado el coronavirus sigue con s\u00edntomas pasadas cuatro semanas. Se trata de la Covid persistente.\",\"breadcrumb\":{\"@id\":\"https:\\\/\\\/www.saludonnet.com\\\/blog\\\/en-que-consiste-la-covid-persistente-y-cuanto-dura\\\/#breadcrumb\"},\"inLanguage\":\"es\",\"potentialAction\":[{\"@type\":\"ReadAction\",\"target\":[\"https:\\\/\\\/www.saludonnet.com\\\/blog\\\/en-que-consiste-la-covid-persistente-y-cuanto-dura\\\/\"]}]},{\"@type\":\"ImageObject\",\"inLanguage\":\"es\",\"@id\":\"https:\\\/\\\/www.saludonnet.com\\\/blog\\\/en-que-consiste-la-covid-persistente-y-cuanto-dura\\\/#primaryimage\",\"url\":\"https:\\\/\\\/soncdn.azureedge.net\\\/blog\\\/wp-content\\\/uploads\\\/2022\\\/02\\\/covid-persistente.jpg\",\"contentUrl\":\"https:\\\/\\\/soncdn.azureedge.net\\\/blog\\\/wp-content\\\/uploads\\\/2022\\\/02\\\/covid-persistente.jpg\",\"width\":800,\"height\":400,\"caption\":\"mujer con mascarilla por covid\"},{\"@type\":\"BreadcrumbList\",\"@id\":\"https:\\\/\\\/www.saludonnet.com\\\/blog\\\/en-que-consiste-la-covid-persistente-y-cuanto-dura\\\/#breadcrumb\",\"itemListElement\":[{\"@type\":\"ListItem\",\"position\":1,\"name\":\"Portada\",\"item\":\"https:\\\/\\\/www.saludonnet.com\\\/blog\\\/\"},{\"@type\":\"ListItem\",\"position\":2,\"name\":\"Medicina Interna\",\"item\":\"https:\\\/\\\/www.saludonnet.com\\\/blog\\\/topic\\\/medicina-interna\\\/\"},{\"@type\":\"ListItem\",\"position\":3,\"name\":\"\u00bfEn qu\u00e9 consiste la Covid persistente y cu\u00e1nto dura?\"}]},{\"@type\":\"WebSite\",\"@id\":\"https:\\\/\\\/www.saludonnet.com\\\/blog\\\/#website\",\"url\":\"https:\\\/\\\/www.saludonnet.com\\\/blog\\\/\",\"name\":\"Blog SaludOnNet\",\"description\":\"Un espacio donde encontrar\u00e1s consejos y art\u00edculos para cuidar de tu salud\",\"publisher\":{\"@id\":\"https:\\\/\\\/www.saludonnet.com\\\/blog\\\/#organization\"},\"potentialAction\":[{\"@type\":\"SearchAction\",\"target\":{\"@type\":\"EntryPoint\",\"urlTemplate\":\"https:\\\/\\\/www.saludonnet.com\\\/blog\\\/?s={search_term_string}\"},\"query-input\":{\"@type\":\"PropertyValueSpecification\",\"valueRequired\":true,\"valueName\":\"search_term_string\"}}],\"inLanguage\":\"es\"},{\"@type\":\"Organization\",\"@id\":\"https:\\\/\\\/www.saludonnet.com\\\/blog\\\/#organization\",\"name\":\"SaludOnNet\",\"url\":\"https:\\\/\\\/www.saludonnet.com\\\/blog\\\/\",\"logo\":{\"@type\":\"ImageObject\",\"inLanguage\":\"es\",\"@id\":\"https:\\\/\\\/www.saludonnet.com\\\/blog\\\/#\\\/schema\\\/logo\\\/image\\\/\",\"url\":\"https:\\\/\\\/www.saludonnet.com\\\/blog\\\/wp-content\\\/uploads\\\/2019\\\/07\\\/Logo-SaludOnNet.png\",\"contentUrl\":\"https:\\\/\\\/www.saludonnet.com\\\/blog\\\/wp-content\\\/uploads\\\/2019\\\/07\\\/Logo-SaludOnNet.png\",\"width\":1140,\"height\":377,\"caption\":\"SaludOnNet\"},\"image\":{\"@id\":\"https:\\\/\\\/www.saludonnet.com\\\/blog\\\/#\\\/schema\\\/logo\\\/image\\\/\"},\"sameAs\":[\"https:\\\/\\\/www.facebook.com\\\/pages\\\/SaludOnNet\\\/214957498526536\",\"https:\\\/\\\/x.com\\\/saludonnet\",\"https:\\\/\\\/www.instagram.com\\\/saludonnet\\\/\",\"https:\\\/\\\/www.linkedin.com\\\/company\\\/saludonnet\\\/\",\"https:\\\/\\\/www.youtube.com\\\/channel\\\/UCag68GsnagqzNb6C3G-S9vQ\"]},{\"@type\":\"Person\",\"@id\":\"https:\\\/\\\/www.saludonnet.com\\\/blog\\\/#\\\/schema\\\/person\\\/50995e01cc9d6c9f29ae18d979eeff1b\",\"name\":\"Equipo M\u00e9dico de SaludOnNet\",\"image\":{\"@type\":\"ImageObject\",\"inLanguage\":\"es\",\"@id\":\"https:\\\/\\\/secure.gravatar.com\\\/avatar\\\/0ac89931d2ef75704f29e63e12335967620a1f7ac37c69f6f97ad72b9ac6496d?s=96&d=mm&r=g\",\"url\":\"https:\\\/\\\/secure.gravatar.com\\\/avatar\\\/0ac89931d2ef75704f29e63e12335967620a1f7ac37c69f6f97ad72b9ac6496d?s=96&d=mm&r=g\",\"contentUrl\":\"https:\\\/\\\/secure.gravatar.com\\\/avatar\\\/0ac89931d2ef75704f29e63e12335967620a1f7ac37c69f6f97ad72b9ac6496d?s=96&d=mm&r=g\",\"caption\":\"Equipo M\u00e9dico de SaludOnNet\"},\"description\":\"Art\u00edculo elaborado por el equipo m\u00e9dico de SaludOnNet, compuesto por especialistas destacados en su \u00e1rea.\",\"url\":\"https:\\\/\\\/www.saludonnet.com\\\/blog\\\/author\\\/saludonnet\\\/\"}]}<\/script>\n<!-- \/ Yoast SEO plugin. -->","yoast_head_json":{"title":"\u00bfEn qu\u00e9 consiste la Covid persistente y cu\u00e1nto dura?","description":"Entre un 10% y un 20% de las personas que han pasado el coronavirus sigue con s\u00edntomas pasadas cuatro semanas. Se trata de la Covid persistente.","robots":{"index":"index","follow":"follow","max-snippet":"max-snippet:-1","max-image-preview":"max-image-preview:large","max-video-preview":"max-video-preview:-1"},"canonical":"https:\/\/www.saludonnet.com\/blog\/en-que-consiste-la-covid-persistente-y-cuanto-dura\/","og_locale":"es_ES","og_type":"article","og_title":"\u00bfEn qu\u00e9 consiste la Covid persistente y cu\u00e1nto dura?","og_description":"Entre un 10% y un 20% de las personas que han pasado el coronavirus sigue con s\u00edntomas pasadas cuatro semanas. Se trata de la Covid persistente.","og_url":"https:\/\/www.saludonnet.com\/blog\/en-que-consiste-la-covid-persistente-y-cuanto-dura\/","og_site_name":"Blog SaludOnNet","article_publisher":"https:\/\/www.facebook.com\/pages\/SaludOnNet\/214957498526536","article_published_time":"2022-02-22T12:27:22+00:00","article_modified_time":"2022-06-07T15:59:02+00:00","og_image":[{"width":800,"height":400,"url":"https:\/\/www.saludonnet.com\/blog\/wp-content\/uploads\/2022\/02\/covid-persistente.jpg","type":"image\/jpeg"}],"author":"Equipo M\u00e9dico de SaludOnNet","twitter_card":"summary_large_image","twitter_title":"\u00bfEn qu\u00e9 consiste la Covid persistente y cu\u00e1nto dura?","twitter_description":"Entre un 10% y un 20% de las personas que han pasado el coronavirus sigue con s\u00edntomas pasadas cuatro semanas. Se trata de la Covid persistente.","twitter_creator":"@saludonnet","twitter_site":"@saludonnet","twitter_misc":{"Escrito por":"Equipo M\u00e9dico de SaludOnNet","Tiempo de lectura":"3 minutos"},"schema":{"@context":"https:\/\/schema.org","@graph":[{"@type":"Article","@id":"https:\/\/www.saludonnet.com\/blog\/en-que-consiste-la-covid-persistente-y-cuanto-dura\/#article","isPartOf":{"@id":"https:\/\/www.saludonnet.com\/blog\/en-que-consiste-la-covid-persistente-y-cuanto-dura\/"},"author":{"name":"Equipo M\u00e9dico de SaludOnNet","@id":"https:\/\/www.saludonnet.com\/blog\/#\/schema\/person\/50995e01cc9d6c9f29ae18d979eeff1b"},"headline":"\u00bfEn qu\u00e9 consiste la Covid persistente y cu\u00e1nto dura?","datePublished":"2022-02-22T12:27:22+00:00","dateModified":"2022-06-07T15:59:02+00:00","mainEntityOfPage":{"@id":"https:\/\/www.saludonnet.com\/blog\/en-que-consiste-la-covid-persistente-y-cuanto-dura\/"},"wordCount":705,"commentCount":0,"publisher":{"@id":"https:\/\/www.saludonnet.com\/blog\/#organization"},"image":{"@id":"https:\/\/www.saludonnet.com\/blog\/en-que-consiste-la-covid-persistente-y-cuanto-dura\/#primaryimage"},"thumbnailUrl":"https:\/\/soncdn.azureedge.net\/blog\/wp-content\/uploads\/2022\/02\/covid-persistente.jpg","keywords":["Consulta de Medicina Interna"],"articleSection":["Medicina Interna"],"inLanguage":"es","potentialAction":[{"@type":"CommentAction","name":"Comment","target":["https:\/\/www.saludonnet.com\/blog\/en-que-consiste-la-covid-persistente-y-cuanto-dura\/#respond"]}]},{"@type":"WebPage","@id":"https:\/\/www.saludonnet.com\/blog\/en-que-consiste-la-covid-persistente-y-cuanto-dura\/","url":"https:\/\/www.saludonnet.com\/blog\/en-que-consiste-la-covid-persistente-y-cuanto-dura\/","name":"\u00bfEn qu\u00e9 consiste la Covid persistente y cu\u00e1nto dura?","isPartOf":{"@id":"https:\/\/www.saludonnet.com\/blog\/#website"},"primaryImageOfPage":{"@id":"https:\/\/www.saludonnet.com\/blog\/en-que-consiste-la-covid-persistente-y-cuanto-dura\/#primaryimage"},"image":{"@id":"https:\/\/www.saludonnet.com\/blog\/en-que-consiste-la-covid-persistente-y-cuanto-dura\/#primaryimage"},"thumbnailUrl":"https:\/\/soncdn.azureedge.net\/blog\/wp-content\/uploads\/2022\/02\/covid-persistente.jpg","datePublished":"2022-02-22T12:27:22+00:00","dateModified":"2022-06-07T15:59:02+00:00","description":"Entre un 10% y un 20% de las personas que han pasado el coronavirus sigue con s\u00edntomas pasadas cuatro semanas. Se trata de la Covid persistente.","breadcrumb":{"@id":"https:\/\/www.saludonnet.com\/blog\/en-que-consiste-la-covid-persistente-y-cuanto-dura\/#breadcrumb"},"inLanguage":"es","potentialAction":[{"@type":"ReadAction","target":["https:\/\/www.saludonnet.com\/blog\/en-que-consiste-la-covid-persistente-y-cuanto-dura\/"]}]},{"@type":"ImageObject","inLanguage":"es","@id":"https:\/\/www.saludonnet.com\/blog\/en-que-consiste-la-covid-persistente-y-cuanto-dura\/#primaryimage","url":"https:\/\/soncdn.azureedge.net\/blog\/wp-content\/uploads\/2022\/02\/covid-persistente.jpg","contentUrl":"https:\/\/soncdn.azureedge.net\/blog\/wp-content\/uploads\/2022\/02\/covid-persistente.jpg","width":800,"height":400,"caption":"mujer con mascarilla por covid"},{"@type":"BreadcrumbList","@id":"https:\/\/www.saludonnet.com\/blog\/en-que-consiste-la-covid-persistente-y-cuanto-dura\/#breadcrumb","itemListElement":[{"@type":"ListItem","position":1,"name":"Portada","item":"https:\/\/www.saludonnet.com\/blog\/"},{"@type":"ListItem","position":2,"name":"Medicina Interna","item":"https:\/\/www.saludonnet.com\/blog\/topic\/medicina-interna\/"},{"@type":"ListItem","position":3,"name":"\u00bfEn qu\u00e9 consiste la Covid persistente y cu\u00e1nto dura?"}]},{"@type":"WebSite","@id":"https:\/\/www.saludonnet.com\/blog\/#website","url":"https:\/\/www.saludonnet.com\/blog\/","name":"Blog SaludOnNet","description":"Un espacio donde encontrar\u00e1s consejos y art\u00edculos para cuidar de tu salud","publisher":{"@id":"https:\/\/www.saludonnet.com\/blog\/#organization"},"potentialAction":[{"@type":"SearchAction","target":{"@type":"EntryPoint","urlTemplate":"https:\/\/www.saludonnet.com\/blog\/?s={search_term_string}"},"query-input":{"@type":"PropertyValueSpecification","valueRequired":true,"valueName":"search_term_string"}}],"inLanguage":"es"},{"@type":"Organization","@id":"https:\/\/www.saludonnet.com\/blog\/#organization","name":"SaludOnNet","url":"https:\/\/www.saludonnet.com\/blog\/","logo":{"@type":"ImageObject","inLanguage":"es","@id":"https:\/\/www.saludonnet.com\/blog\/#\/schema\/logo\/image\/","url":"https:\/\/www.saludonnet.com\/blog\/wp-content\/uploads\/2019\/07\/Logo-SaludOnNet.png","contentUrl":"https:\/\/www.saludonnet.com\/blog\/wp-content\/uploads\/2019\/07\/Logo-SaludOnNet.png","width":1140,"height":377,"caption":"SaludOnNet"},"image":{"@id":"https:\/\/www.saludonnet.com\/blog\/#\/schema\/logo\/image\/"},"sameAs":["https:\/\/www.facebook.com\/pages\/SaludOnNet\/214957498526536","https:\/\/x.com\/saludonnet","https:\/\/www.instagram.com\/saludonnet\/","https:\/\/www.linkedin.com\/company\/saludonnet\/","https:\/\/www.youtube.com\/channel\/UCag68GsnagqzNb6C3G-S9vQ"]},{"@type":"Person","@id":"https:\/\/www.saludonnet.com\/blog\/#\/schema\/person\/50995e01cc9d6c9f29ae18d979eeff1b","name":"Equipo M\u00e9dico de SaludOnNet","image":{"@type":"ImageObject","inLanguage":"es","@id":"https:\/\/secure.gravatar.com\/avatar\/0ac89931d2ef75704f29e63e12335967620a1f7ac37c69f6f97ad72b9ac6496d?s=96&d=mm&r=g","url":"https:\/\/secure.gravatar.com\/avatar\/0ac89931d2ef75704f29e63e12335967620a1f7ac37c69f6f97ad72b9ac6496d?s=96&d=mm&r=g","contentUrl":"https:\/\/secure.gravatar.com\/avatar\/0ac89931d2ef75704f29e63e12335967620a1f7ac37c69f6f97ad72b9ac6496d?s=96&d=mm&r=g","caption":"Equipo M\u00e9dico de SaludOnNet"},"description":"Art\u00edculo elaborado por el equipo m\u00e9dico de SaludOnNet, compuesto por especialistas destacados en su \u00e1rea.","url":"https:\/\/www.saludonnet.com\/blog\/author\/saludonnet\/"}]}},"acf":[],"_links":{"self":[{"href":"https:\/\/www.saludonnet.com\/blog\/wp-json\/wp\/v2\/posts\/11710","targetHints":{"allow":["GET"]}}],"collection":[{"href":"https:\/\/www.saludonnet.com\/blog\/wp-json\/wp\/v2\/posts"}],"about":[{"href":"https:\/\/www.saludonnet.com\/blog\/wp-json\/wp\/v2\/types\/post"}],"author":[{"embeddable":true,"href":"https:\/\/www.saludonnet.com\/blog\/wp-json\/wp\/v2\/users\/20"}],"replies":[{"embeddable":true,"href":"https:\/\/www.saludonnet.com\/blog\/wp-json\/wp\/v2\/comments?post=11710"}],"version-history":[{"count":1,"href":"https:\/\/www.saludonnet.com\/blog\/wp-json\/wp\/v2\/posts\/11710\/revisions"}],"predecessor-version":[{"id":11876,"href":"https:\/\/www.saludonnet.com\/blog\/wp-json\/wp\/v2\/posts\/11710\/revisions\/11876"}],"wp:featuredmedia":[{"embeddable":true,"href":"https:\/\/www.saludonnet.com\/blog\/wp-json\/wp\/v2\/media\/11859"}],"wp:attachment":[{"href":"https:\/\/www.saludonnet.com\/blog\/wp-json\/wp\/v2\/media?parent=11710"}],"wp:term":[{"taxonomy":"category","embeddable":true,"href":"https:\/\/www.saludonnet.com\/blog\/wp-json\/wp\/v2\/categories?post=11710"},{"taxonomy":"post_tag","embeddable":true,"href":"https:\/\/www.saludonnet.com\/blog\/wp-json\/wp\/v2\/tags?post=11710"}],"curies":[{"name":"wp","href":"https:\/\/api.w.org\/{rel}","templated":true}]}}