{"id":10384,"date":"2021-09-14T14:23:58","date_gmt":"2021-09-14T12:23:58","guid":{"rendered":"https:\/\/www.saludonnet.com\/blog\/?p=10384"},"modified":"2021-12-10T10:37:51","modified_gmt":"2021-12-10T09:37:51","slug":"es-frecuente-que-los-bebes-tengan-la-cabeza-plana","status":"publish","type":"post","link":"https:\/\/www.saludonnet.com\/blog\/es-frecuente-que-los-bebes-tengan-la-cabeza-plana\/","title":{"rendered":"\u00bfEs frecuente que los beb\u00e9s tengan la cabeza plana?"},"content":{"rendered":"\n<p>Muchos\nbeb\u00e9s<strong>,<\/strong> al nacer, lo hacen con una zona de la <strong>cabeza plana<\/strong>. Puede\nser la parte posterior, en la que a veces aparece una calva, o los laterales,\nhaciendo que sea asim\u00e9trica. La <strong>plagiocefalia <\/strong>es el aplanamiento de los huesos\nde la cabeza, mont\u00e1ndose unos encima de otros y mostrando una deformidad. <\/p>\n\n\n\n<p>A veces la cabeza plana es muy llamativa nada m\u00e1s nacer, y\nal cabo de unos d\u00edas se va redondeando sola. Otras veces se aprecia con el paso\nde los meses, al apoyarse el beb\u00e9 siempre sobre el mismo lado. Seg\u00fan se\u00f1alan\nlos pediatras, esta imperfecci\u00f3n en la mayor\u00eda de los casos se resuelve sin\nhacer nada, seg\u00fan va creciendo la cabeza del ni\u00f1o. <\/p>\n\n\n\n<h2 class=\"wp-block-heading\"><strong>\u00bfPor qu\u00e9 se produce la plagiocefalia?<\/strong> <\/h2>\n\n\n\n<p>Esta\nanomal\u00eda craneofacial puede aparecer por diversos motivos. Los m\u00e1s frecuentes son:\n<\/p>\n\n\n\n<ul class=\"wp-block-list\"><li><strong>Tensiones intrauterinas<\/strong>. Sucede si durante\nel embarazo el beb\u00e9 ha estado colocado de una forma concreta en la pelvis de la\nmadre y los huesos del cr\u00e1neo se han desarrollado as\u00ed. <\/li><li><strong>Partos instrumentalizados<\/strong>. Aparece cuando\nel beb\u00e9, al pasar por el canal del parto, presenta dificultades y el obstetra\ntiene que utilizar f\u00f3rceps o ventosas. Esas presiones sobre el cr\u00e1neo hacen que\npueda quedar ligeramente aplanado. <\/li><li>Nacimiento de <strong>beb\u00e9s prematuros<\/strong>. <\/li><li>Beb\u00e9s que pasan largos periodos colocados <strong>en la\nmisma posici\u00f3n<\/strong>. <\/li><\/ul>\n\n\n\n<h2 class=\"wp-block-heading\"><strong>C\u00f3mo prevenir la cabeza plana<\/strong> <\/h2>\n\n\n\n<p>La prevenci\u00f3n de la plagiocefalia o cabeza plana debe ir unida tambi\u00e9n a las recomendaciones que los especialistas ofrecen sobre <strong>muerte s\u00fabita<\/strong>. As\u00ed como en los a\u00f1os 80 se establec\u00eda que los beb\u00e9s deb\u00edan dormir boca abajo, en los 90 se vio que era mejor que <strong><a href=\"https:\/\/www.saludonnet.com\/blog\/que-hacer-para-que-tu-bebe-duerma-bien\/\">durmiesen boca arriba<\/a><\/strong>, con la cabeza ladeada. Pero esto aument\u00f3 el riesgo de padecer esta anomal\u00eda craneofacial. <\/p>\n\n\n\n<p>La\nAsociaci\u00f3n Espa\u00f1ola de <strong><a href=\"https:\/\/www.saludonnet.com\/blog\/un-buen-pediatra-ayuda-a-los-ninos-a-crecer-mejor\/\">Pediatr\u00eda<\/a><\/strong>\npublica un art\u00edculo, escrito porFernando Carceller Benito, Julia Leal\nde la Rosa, &nbsp;<strong><a href=\"https:\/\/www.aeped.es\/sites\/default\/files\/documentos\/libro_blanco_muerte_subita_3ed_1382444179.pdf\">Plagliocefalia\nposicional: nuevas recomendaciones para el diagn\u00f3stico precoz y registro en la\ncartilla sanitaria del ni\u00f1o<\/a><\/strong>, en el que se aportan unas recomendaciones\npara evitar esta anomal\u00eda, entre las que destaca <strong>evitar las posiciones\nmantenidas en el tiempo<\/strong>. Otras a tener en cuenta son: <\/p>\n\n\n\n<ul class=\"wp-block-list\"><li>Colocar <strong>boca abajo<\/strong> al ni\u00f1o durante una\nhora al d\u00eda, siempre <strong>cuando est\u00e9 despierto<\/strong>. Aprovechar esos momentos\npara estimularlo y jugar con \u00e9l. <\/li><li>Debe <strong>dormir boca arriba<\/strong>, cambiando de\nlado el apoyo de la cabeza, de manera alternativa. <\/li><li>Cambiar la posici\u00f3n de la cuna con respecto a la\nhabitaci\u00f3n, puesto que el ni\u00f1o se gira hacia donde oye el ruido. <\/li><li>Tener precauci\u00f3n con las sillas con cabezal muy\najustado, evitando as\u00ed las presiones mantenidas. <\/li><li><strong>Portear al ni\u00f1o en brazos<\/strong> para reducir el\ntiempo de apoyo occipital, llev\u00e1ndolo de forma ergon\u00f3mica. Adem\u00e1s de prevenir,\ntambi\u00e9n ayuda a los padres a detectar de forma precoz una posible anomal\u00eda. <\/li><\/ul>\n\n\n\n<h2 class=\"wp-block-heading\"><strong>Tratamiento de la plagiocefalia<\/strong> <\/h2>\n\n\n\n<p>La mayor\u00eda de las veces la cabeza plana <strong>se corrige sola<\/strong>, sin necesidad de hacer nada. No obstante, en los casos de parto instrumentalizado es beneficioso realizar un tratamiento precoz de <strong><a href=\"https:\/\/www.saludonnet.com\/blog\/la-fisioterapia-ayuda-a-recuperar-el-tono-muscular\/\">fisioterapia<\/a> u <a href=\"https:\/\/www.saludonnet.com\/blog\/en-que-consiste-la-osteopatia\/\">osteopat\u00eda<\/a><\/strong>. <\/p>\n\n\n\n<p>Tambi\u00e9n\nse recomienda rehabilitaci\u00f3n cuando el beb\u00e9 tiene tort\u00edcolis, a consecuencia de\nla posici\u00f3n mantenida. En estos casos el especialista realiza con el beb\u00e9\nejercicios de cuello y movilidad que ayudan a mejorar el problema. <\/p>\n\n\n\n<p>Cuando\nel problema de plagiocefalia sea m\u00e1s grave el m\u00e9dico recomendar\u00e1 el <strong>uso de \u00f3rtesis\ncraneales, <\/strong>como un<strong> <a href=\"https:\/\/www.healthychildren.org\/Spanish\/health-issues\/conditions\/Cleft-Craniofacial\/Paginas\/Baby-Helmet-Therapy-Parent-FAQs.aspx\">casco\ncorrector<\/a> <\/strong>o una banda<strong>,<\/strong> que se ajusten a la cabeza y solucione el\nproblema. Para casos m\u00e1s leves se puede usar un coj\u00edn para la cabeza plana. <\/p>\n\n\n\n<h2 class=\"wp-block-heading\"><strong>Otras anomal\u00edas que hacen la cabeza plana<\/strong> <\/h2>\n\n\n\n<p>Adem\u00e1s de la plagiocefalia tambi\u00e9n hay\notros motivos por los que un beb\u00e9 puede tener la cabeza plana. Los m\u00e1s\nfrecuentes son: <\/p>\n\n\n\n<ul class=\"wp-block-list\"><li><strong><a href=\"http:\/\/www.scielo.org.co\/pdf\/anco\/v34n3\/0120-8748-anco-34-03-204.pdf\">Craneosinostosis<\/a><\/strong>. Ocurre cuando se cierran uno o varios espacios\nque hay entre los huesos y por donde va creciendo la cabeza, de forma prematura\nantes de que el cerebro est\u00e9 formado totalmente. El tratamiento muchas veces\nrequiere cirug\u00eda.<\/li><li><strong>Dolicocefalia<\/strong>. Es un tipo de craneosinostosis que aparece en beb\u00e9s prematuros,\nen los que la cabeza se ve alargada y estrecha. Se corrige pasados 3 o 4 meses.\n&nbsp;<\/li><\/ul>\n\n\n\n<p>Si notas que tu beb\u00e9 tiene la cabeza plana debes acudir al pediatra a que valore si es normal y te d\u00e9 unas pautas para corregirlo. En <strong><a href=\"https:\/\/www.saludonnet.com\/servicios-medicos\/medicina-general\">SaludOnNet<\/a><\/strong> contamos con especialistas dispuestos a ayudarte, sin esperas y a precios muy competitivos. <\/p>\n","protected":false},"excerpt":{"rendered":"<p>La plagiocefalia es una anomal\u00eda craneofacial que hace que el beb\u00e9 tenga la cabeza plana por alguna de sus partes. Suele desaparecer con el paso del tiempo. <\/p>\n","protected":false},"author":20,"featured_media":10383,"comment_status":"open","ping_status":"open","sticky":false,"template":"","format":"standard","meta":{"footnotes":""},"categories":[67],"tags":[252],"class_list":["post-10384","post","type-post","status-publish","format-standard","has-post-thumbnail","hentry","category-pediatria","tag-8-consulta"],"yoast_head":"<!-- This site is optimized with the Yoast SEO plugin v27.4 - https:\/\/yoast.com\/product\/yoast-seo-wordpress\/ -->\n<title>\u00bfEs frecuente que los beb\u00e9s tengan la cabeza plana?<\/title>\n<meta name=\"description\" content=\"La plagiocefalia es una anomal\u00eda craneofacial que hace que el beb\u00e9 tenga la cabeza plana por alguna de sus partes. Suele desaparecer con el paso del tiempo.\" \/>\n<meta name=\"robots\" content=\"index, follow, max-snippet:-1, max-image-preview:large, max-video-preview:-1\" \/>\n<link rel=\"canonical\" href=\"https:\/\/www.saludonnet.com\/blog\/es-frecuente-que-los-bebes-tengan-la-cabeza-plana\/\" \/>\n<meta property=\"og:locale\" content=\"es_ES\" \/>\n<meta property=\"og:type\" content=\"article\" \/>\n<meta property=\"og:title\" content=\"\u00bfEs frecuente que los beb\u00e9s tengan la cabeza plana?\" \/>\n<meta property=\"og:description\" content=\"La plagiocefalia es una anomal\u00eda craneofacial que hace que el beb\u00e9 tenga la cabeza plana por alguna de sus partes. Suele desaparecer con el paso del tiempo.\" \/>\n<meta property=\"og:url\" content=\"https:\/\/www.saludonnet.com\/blog\/es-frecuente-que-los-bebes-tengan-la-cabeza-plana\/\" \/>\n<meta property=\"og:site_name\" content=\"Blog SaludOnNet\" \/>\n<meta property=\"article:publisher\" content=\"https:\/\/www.facebook.com\/pages\/SaludOnNet\/214957498526536\" \/>\n<meta property=\"article:published_time\" content=\"2021-09-14T12:23:58+00:00\" \/>\n<meta property=\"article:modified_time\" content=\"2021-12-10T09:37:51+00:00\" \/>\n<meta property=\"og:image\" content=\"https:\/\/www.saludonnet.com\/blog\/wp-content\/uploads\/2021\/09\/cabeza-plana.jpg\" \/>\n\t<meta property=\"og:image:width\" content=\"800\" \/>\n\t<meta property=\"og:image:height\" content=\"400\" \/>\n\t<meta property=\"og:image:type\" content=\"image\/jpeg\" \/>\n<meta name=\"author\" content=\"Equipo M\u00e9dico de SaludOnNet\" \/>\n<meta name=\"twitter:card\" content=\"summary_large_image\" \/>\n<meta name=\"twitter:title\" content=\"\u00bfEs frecuente que los beb\u00e9s tengan la cabeza plana?\" \/>\n<meta name=\"twitter:description\" content=\"La plagiocefalia es una anomal\u00eda craneofacial que hace que el beb\u00e9 tenga la cabeza plana por alguna de sus partes. Suele desaparecer con el paso del tiempo.\" \/>\n<meta name=\"twitter:creator\" content=\"@saludonnet\" \/>\n<meta name=\"twitter:site\" content=\"@saludonnet\" \/>\n<meta name=\"twitter:label1\" content=\"Escrito por\" \/>\n\t<meta name=\"twitter:data1\" content=\"Equipo M\u00e9dico de SaludOnNet\" \/>\n<script type=\"application\/ld+json\" class=\"yoast-schema-graph\">{\"@context\":\"https:\\\/\\\/schema.org\",\"@graph\":[{\"@type\":\"Article\",\"@id\":\"https:\\\/\\\/www.saludonnet.com\\\/blog\\\/es-frecuente-que-los-bebes-tengan-la-cabeza-plana\\\/#article\",\"isPartOf\":{\"@id\":\"https:\\\/\\\/www.saludonnet.com\\\/blog\\\/es-frecuente-que-los-bebes-tengan-la-cabeza-plana\\\/\"},\"author\":{\"name\":\"Equipo M\u00e9dico de SaludOnNet\",\"@id\":\"https:\\\/\\\/www.saludonnet.com\\\/blog\\\/#\\\/schema\\\/person\\\/50995e01cc9d6c9f29ae18d979eeff1b\"},\"headline\":\"\u00bfEs frecuente que los beb\u00e9s tengan la cabeza plana?\",\"datePublished\":\"2021-09-14T12:23:58+00:00\",\"dateModified\":\"2021-12-10T09:37:51+00:00\",\"mainEntityOfPage\":{\"@id\":\"https:\\\/\\\/www.saludonnet.com\\\/blog\\\/es-frecuente-que-los-bebes-tengan-la-cabeza-plana\\\/\"},\"wordCount\":776,\"commentCount\":0,\"publisher\":{\"@id\":\"https:\\\/\\\/www.saludonnet.com\\\/blog\\\/#organization\"},\"image\":{\"@id\":\"https:\\\/\\\/www.saludonnet.com\\\/blog\\\/es-frecuente-que-los-bebes-tengan-la-cabeza-plana\\\/#primaryimage\"},\"thumbnailUrl\":\"https:\\\/\\\/soncdn.azureedge.net\\\/blog\\\/wp-content\\\/uploads\\\/2021\\\/09\\\/cabeza-plana.jpg\",\"keywords\":[\"Consulta de Pediatr\u00eda\"],\"articleSection\":[\"Pediatr\u00eda\"],\"inLanguage\":\"es\",\"potentialAction\":[{\"@type\":\"CommentAction\",\"name\":\"Comment\",\"target\":[\"https:\\\/\\\/www.saludonnet.com\\\/blog\\\/es-frecuente-que-los-bebes-tengan-la-cabeza-plana\\\/#respond\"]}]},{\"@type\":\"WebPage\",\"@id\":\"https:\\\/\\\/www.saludonnet.com\\\/blog\\\/es-frecuente-que-los-bebes-tengan-la-cabeza-plana\\\/\",\"url\":\"https:\\\/\\\/www.saludonnet.com\\\/blog\\\/es-frecuente-que-los-bebes-tengan-la-cabeza-plana\\\/\",\"name\":\"\u00bfEs frecuente que los beb\u00e9s tengan la cabeza plana?\",\"isPartOf\":{\"@id\":\"https:\\\/\\\/www.saludonnet.com\\\/blog\\\/#website\"},\"primaryImageOfPage\":{\"@id\":\"https:\\\/\\\/www.saludonnet.com\\\/blog\\\/es-frecuente-que-los-bebes-tengan-la-cabeza-plana\\\/#primaryimage\"},\"image\":{\"@id\":\"https:\\\/\\\/www.saludonnet.com\\\/blog\\\/es-frecuente-que-los-bebes-tengan-la-cabeza-plana\\\/#primaryimage\"},\"thumbnailUrl\":\"https:\\\/\\\/soncdn.azureedge.net\\\/blog\\\/wp-content\\\/uploads\\\/2021\\\/09\\\/cabeza-plana.jpg\",\"datePublished\":\"2021-09-14T12:23:58+00:00\",\"dateModified\":\"2021-12-10T09:37:51+00:00\",\"description\":\"La plagiocefalia es una anomal\u00eda craneofacial que hace que el beb\u00e9 tenga la cabeza plana por alguna de sus partes. Suele desaparecer con el paso del tiempo.\",\"breadcrumb\":{\"@id\":\"https:\\\/\\\/www.saludonnet.com\\\/blog\\\/es-frecuente-que-los-bebes-tengan-la-cabeza-plana\\\/#breadcrumb\"},\"inLanguage\":\"es\",\"potentialAction\":[{\"@type\":\"ReadAction\",\"target\":[\"https:\\\/\\\/www.saludonnet.com\\\/blog\\\/es-frecuente-que-los-bebes-tengan-la-cabeza-plana\\\/\"]}]},{\"@type\":\"ImageObject\",\"inLanguage\":\"es\",\"@id\":\"https:\\\/\\\/www.saludonnet.com\\\/blog\\\/es-frecuente-que-los-bebes-tengan-la-cabeza-plana\\\/#primaryimage\",\"url\":\"https:\\\/\\\/soncdn.azureedge.net\\\/blog\\\/wp-content\\\/uploads\\\/2021\\\/09\\\/cabeza-plana.jpg\",\"contentUrl\":\"https:\\\/\\\/soncdn.azureedge.net\\\/blog\\\/wp-content\\\/uploads\\\/2021\\\/09\\\/cabeza-plana.jpg\",\"width\":800,\"height\":400,\"caption\":\"beb\u00e9 con cabeza plana\"},{\"@type\":\"BreadcrumbList\",\"@id\":\"https:\\\/\\\/www.saludonnet.com\\\/blog\\\/es-frecuente-que-los-bebes-tengan-la-cabeza-plana\\\/#breadcrumb\",\"itemListElement\":[{\"@type\":\"ListItem\",\"position\":1,\"name\":\"Portada\",\"item\":\"https:\\\/\\\/www.saludonnet.com\\\/blog\\\/\"},{\"@type\":\"ListItem\",\"position\":2,\"name\":\"Pediatr\u00eda\",\"item\":\"https:\\\/\\\/www.saludonnet.com\\\/blog\\\/topic\\\/pediatria\\\/\"},{\"@type\":\"ListItem\",\"position\":3,\"name\":\"\u00bfEs frecuente que los beb\u00e9s tengan la cabeza plana?\"}]},{\"@type\":\"WebSite\",\"@id\":\"https:\\\/\\\/www.saludonnet.com\\\/blog\\\/#website\",\"url\":\"https:\\\/\\\/www.saludonnet.com\\\/blog\\\/\",\"name\":\"Blog SaludOnNet\",\"description\":\"Un espacio donde encontrar\u00e1s consejos y art\u00edculos para cuidar de tu salud\",\"publisher\":{\"@id\":\"https:\\\/\\\/www.saludonnet.com\\\/blog\\\/#organization\"},\"potentialAction\":[{\"@type\":\"SearchAction\",\"target\":{\"@type\":\"EntryPoint\",\"urlTemplate\":\"https:\\\/\\\/www.saludonnet.com\\\/blog\\\/?s={search_term_string}\"},\"query-input\":{\"@type\":\"PropertyValueSpecification\",\"valueRequired\":true,\"valueName\":\"search_term_string\"}}],\"inLanguage\":\"es\"},{\"@type\":\"Organization\",\"@id\":\"https:\\\/\\\/www.saludonnet.com\\\/blog\\\/#organization\",\"name\":\"SaludOnNet\",\"url\":\"https:\\\/\\\/www.saludonnet.com\\\/blog\\\/\",\"logo\":{\"@type\":\"ImageObject\",\"inLanguage\":\"es\",\"@id\":\"https:\\\/\\\/www.saludonnet.com\\\/blog\\\/#\\\/schema\\\/logo\\\/image\\\/\",\"url\":\"https:\\\/\\\/www.saludonnet.com\\\/blog\\\/wp-content\\\/uploads\\\/2019\\\/07\\\/Logo-SaludOnNet.png\",\"contentUrl\":\"https:\\\/\\\/www.saludonnet.com\\\/blog\\\/wp-content\\\/uploads\\\/2019\\\/07\\\/Logo-SaludOnNet.png\",\"width\":1140,\"height\":377,\"caption\":\"SaludOnNet\"},\"image\":{\"@id\":\"https:\\\/\\\/www.saludonnet.com\\\/blog\\\/#\\\/schema\\\/logo\\\/image\\\/\"},\"sameAs\":[\"https:\\\/\\\/www.facebook.com\\\/pages\\\/SaludOnNet\\\/214957498526536\",\"https:\\\/\\\/x.com\\\/saludonnet\",\"https:\\\/\\\/www.instagram.com\\\/saludonnet\\\/\",\"https:\\\/\\\/www.linkedin.com\\\/company\\\/saludonnet\\\/\",\"https:\\\/\\\/www.youtube.com\\\/channel\\\/UCag68GsnagqzNb6C3G-S9vQ\"]},{\"@type\":\"Person\",\"@id\":\"https:\\\/\\\/www.saludonnet.com\\\/blog\\\/#\\\/schema\\\/person\\\/50995e01cc9d6c9f29ae18d979eeff1b\",\"name\":\"Equipo M\u00e9dico de SaludOnNet\",\"image\":{\"@type\":\"ImageObject\",\"inLanguage\":\"es\",\"@id\":\"https:\\\/\\\/secure.gravatar.com\\\/avatar\\\/0ac89931d2ef75704f29e63e12335967620a1f7ac37c69f6f97ad72b9ac6496d?s=96&d=mm&r=g\",\"url\":\"https:\\\/\\\/secure.gravatar.com\\\/avatar\\\/0ac89931d2ef75704f29e63e12335967620a1f7ac37c69f6f97ad72b9ac6496d?s=96&d=mm&r=g\",\"contentUrl\":\"https:\\\/\\\/secure.gravatar.com\\\/avatar\\\/0ac89931d2ef75704f29e63e12335967620a1f7ac37c69f6f97ad72b9ac6496d?s=96&d=mm&r=g\",\"caption\":\"Equipo M\u00e9dico de SaludOnNet\"},\"description\":\"Art\u00edculo elaborado por el equipo m\u00e9dico de SaludOnNet, compuesto por especialistas destacados en su \u00e1rea.\",\"url\":\"https:\\\/\\\/www.saludonnet.com\\\/blog\\\/author\\\/saludonnet\\\/\"}]}<\/script>\n<!-- \/ Yoast SEO plugin. -->","yoast_head_json":{"title":"\u00bfEs frecuente que los beb\u00e9s tengan la cabeza plana?","description":"La plagiocefalia es una anomal\u00eda craneofacial que hace que el beb\u00e9 tenga la cabeza plana por alguna de sus partes. Suele desaparecer con el paso del tiempo.","robots":{"index":"index","follow":"follow","max-snippet":"max-snippet:-1","max-image-preview":"max-image-preview:large","max-video-preview":"max-video-preview:-1"},"canonical":"https:\/\/www.saludonnet.com\/blog\/es-frecuente-que-los-bebes-tengan-la-cabeza-plana\/","og_locale":"es_ES","og_type":"article","og_title":"\u00bfEs frecuente que los beb\u00e9s tengan la cabeza plana?","og_description":"La plagiocefalia es una anomal\u00eda craneofacial que hace que el beb\u00e9 tenga la cabeza plana por alguna de sus partes. Suele desaparecer con el paso del tiempo.","og_url":"https:\/\/www.saludonnet.com\/blog\/es-frecuente-que-los-bebes-tengan-la-cabeza-plana\/","og_site_name":"Blog SaludOnNet","article_publisher":"https:\/\/www.facebook.com\/pages\/SaludOnNet\/214957498526536","article_published_time":"2021-09-14T12:23:58+00:00","article_modified_time":"2021-12-10T09:37:51+00:00","og_image":[{"width":800,"height":400,"url":"https:\/\/www.saludonnet.com\/blog\/wp-content\/uploads\/2021\/09\/cabeza-plana.jpg","type":"image\/jpeg"}],"author":"Equipo M\u00e9dico de SaludOnNet","twitter_card":"summary_large_image","twitter_title":"\u00bfEs frecuente que los beb\u00e9s tengan la cabeza plana?","twitter_description":"La plagiocefalia es una anomal\u00eda craneofacial que hace que el beb\u00e9 tenga la cabeza plana por alguna de sus partes. Suele desaparecer con el paso del tiempo.","twitter_creator":"@saludonnet","twitter_site":"@saludonnet","twitter_misc":{"Escrito por":"Equipo M\u00e9dico de SaludOnNet"},"schema":{"@context":"https:\/\/schema.org","@graph":[{"@type":"Article","@id":"https:\/\/www.saludonnet.com\/blog\/es-frecuente-que-los-bebes-tengan-la-cabeza-plana\/#article","isPartOf":{"@id":"https:\/\/www.saludonnet.com\/blog\/es-frecuente-que-los-bebes-tengan-la-cabeza-plana\/"},"author":{"name":"Equipo M\u00e9dico de SaludOnNet","@id":"https:\/\/www.saludonnet.com\/blog\/#\/schema\/person\/50995e01cc9d6c9f29ae18d979eeff1b"},"headline":"\u00bfEs frecuente que los beb\u00e9s tengan la cabeza plana?","datePublished":"2021-09-14T12:23:58+00:00","dateModified":"2021-12-10T09:37:51+00:00","mainEntityOfPage":{"@id":"https:\/\/www.saludonnet.com\/blog\/es-frecuente-que-los-bebes-tengan-la-cabeza-plana\/"},"wordCount":776,"commentCount":0,"publisher":{"@id":"https:\/\/www.saludonnet.com\/blog\/#organization"},"image":{"@id":"https:\/\/www.saludonnet.com\/blog\/es-frecuente-que-los-bebes-tengan-la-cabeza-plana\/#primaryimage"},"thumbnailUrl":"https:\/\/soncdn.azureedge.net\/blog\/wp-content\/uploads\/2021\/09\/cabeza-plana.jpg","keywords":["Consulta de Pediatr\u00eda"],"articleSection":["Pediatr\u00eda"],"inLanguage":"es","potentialAction":[{"@type":"CommentAction","name":"Comment","target":["https:\/\/www.saludonnet.com\/blog\/es-frecuente-que-los-bebes-tengan-la-cabeza-plana\/#respond"]}]},{"@type":"WebPage","@id":"https:\/\/www.saludonnet.com\/blog\/es-frecuente-que-los-bebes-tengan-la-cabeza-plana\/","url":"https:\/\/www.saludonnet.com\/blog\/es-frecuente-que-los-bebes-tengan-la-cabeza-plana\/","name":"\u00bfEs frecuente que los beb\u00e9s tengan la cabeza plana?","isPartOf":{"@id":"https:\/\/www.saludonnet.com\/blog\/#website"},"primaryImageOfPage":{"@id":"https:\/\/www.saludonnet.com\/blog\/es-frecuente-que-los-bebes-tengan-la-cabeza-plana\/#primaryimage"},"image":{"@id":"https:\/\/www.saludonnet.com\/blog\/es-frecuente-que-los-bebes-tengan-la-cabeza-plana\/#primaryimage"},"thumbnailUrl":"https:\/\/soncdn.azureedge.net\/blog\/wp-content\/uploads\/2021\/09\/cabeza-plana.jpg","datePublished":"2021-09-14T12:23:58+00:00","dateModified":"2021-12-10T09:37:51+00:00","description":"La plagiocefalia es una anomal\u00eda craneofacial que hace que el beb\u00e9 tenga la cabeza plana por alguna de sus partes. Suele desaparecer con el paso del tiempo.","breadcrumb":{"@id":"https:\/\/www.saludonnet.com\/blog\/es-frecuente-que-los-bebes-tengan-la-cabeza-plana\/#breadcrumb"},"inLanguage":"es","potentialAction":[{"@type":"ReadAction","target":["https:\/\/www.saludonnet.com\/blog\/es-frecuente-que-los-bebes-tengan-la-cabeza-plana\/"]}]},{"@type":"ImageObject","inLanguage":"es","@id":"https:\/\/www.saludonnet.com\/blog\/es-frecuente-que-los-bebes-tengan-la-cabeza-plana\/#primaryimage","url":"https:\/\/soncdn.azureedge.net\/blog\/wp-content\/uploads\/2021\/09\/cabeza-plana.jpg","contentUrl":"https:\/\/soncdn.azureedge.net\/blog\/wp-content\/uploads\/2021\/09\/cabeza-plana.jpg","width":800,"height":400,"caption":"beb\u00e9 con cabeza plana"},{"@type":"BreadcrumbList","@id":"https:\/\/www.saludonnet.com\/blog\/es-frecuente-que-los-bebes-tengan-la-cabeza-plana\/#breadcrumb","itemListElement":[{"@type":"ListItem","position":1,"name":"Portada","item":"https:\/\/www.saludonnet.com\/blog\/"},{"@type":"ListItem","position":2,"name":"Pediatr\u00eda","item":"https:\/\/www.saludonnet.com\/blog\/topic\/pediatria\/"},{"@type":"ListItem","position":3,"name":"\u00bfEs frecuente que los beb\u00e9s tengan la cabeza plana?"}]},{"@type":"WebSite","@id":"https:\/\/www.saludonnet.com\/blog\/#website","url":"https:\/\/www.saludonnet.com\/blog\/","name":"Blog SaludOnNet","description":"Un espacio donde encontrar\u00e1s consejos y art\u00edculos para cuidar de tu salud","publisher":{"@id":"https:\/\/www.saludonnet.com\/blog\/#organization"},"potentialAction":[{"@type":"SearchAction","target":{"@type":"EntryPoint","urlTemplate":"https:\/\/www.saludonnet.com\/blog\/?s={search_term_string}"},"query-input":{"@type":"PropertyValueSpecification","valueRequired":true,"valueName":"search_term_string"}}],"inLanguage":"es"},{"@type":"Organization","@id":"https:\/\/www.saludonnet.com\/blog\/#organization","name":"SaludOnNet","url":"https:\/\/www.saludonnet.com\/blog\/","logo":{"@type":"ImageObject","inLanguage":"es","@id":"https:\/\/www.saludonnet.com\/blog\/#\/schema\/logo\/image\/","url":"https:\/\/www.saludonnet.com\/blog\/wp-content\/uploads\/2019\/07\/Logo-SaludOnNet.png","contentUrl":"https:\/\/www.saludonnet.com\/blog\/wp-content\/uploads\/2019\/07\/Logo-SaludOnNet.png","width":1140,"height":377,"caption":"SaludOnNet"},"image":{"@id":"https:\/\/www.saludonnet.com\/blog\/#\/schema\/logo\/image\/"},"sameAs":["https:\/\/www.facebook.com\/pages\/SaludOnNet\/214957498526536","https:\/\/x.com\/saludonnet","https:\/\/www.instagram.com\/saludonnet\/","https:\/\/www.linkedin.com\/company\/saludonnet\/","https:\/\/www.youtube.com\/channel\/UCag68GsnagqzNb6C3G-S9vQ"]},{"@type":"Person","@id":"https:\/\/www.saludonnet.com\/blog\/#\/schema\/person\/50995e01cc9d6c9f29ae18d979eeff1b","name":"Equipo M\u00e9dico de SaludOnNet","image":{"@type":"ImageObject","inLanguage":"es","@id":"https:\/\/secure.gravatar.com\/avatar\/0ac89931d2ef75704f29e63e12335967620a1f7ac37c69f6f97ad72b9ac6496d?s=96&d=mm&r=g","url":"https:\/\/secure.gravatar.com\/avatar\/0ac89931d2ef75704f29e63e12335967620a1f7ac37c69f6f97ad72b9ac6496d?s=96&d=mm&r=g","contentUrl":"https:\/\/secure.gravatar.com\/avatar\/0ac89931d2ef75704f29e63e12335967620a1f7ac37c69f6f97ad72b9ac6496d?s=96&d=mm&r=g","caption":"Equipo M\u00e9dico de SaludOnNet"},"description":"Art\u00edculo elaborado por el equipo m\u00e9dico de SaludOnNet, compuesto por especialistas destacados en su \u00e1rea.","url":"https:\/\/www.saludonnet.com\/blog\/author\/saludonnet\/"}]}},"acf":[],"_links":{"self":[{"href":"https:\/\/www.saludonnet.com\/blog\/wp-json\/wp\/v2\/posts\/10384","targetHints":{"allow":["GET"]}}],"collection":[{"href":"https:\/\/www.saludonnet.com\/blog\/wp-json\/wp\/v2\/posts"}],"about":[{"href":"https:\/\/www.saludonnet.com\/blog\/wp-json\/wp\/v2\/types\/post"}],"author":[{"embeddable":true,"href":"https:\/\/www.saludonnet.com\/blog\/wp-json\/wp\/v2\/users\/20"}],"replies":[{"embeddable":true,"href":"https:\/\/www.saludonnet.com\/blog\/wp-json\/wp\/v2\/comments?post=10384"}],"version-history":[{"count":10,"href":"https:\/\/www.saludonnet.com\/blog\/wp-json\/wp\/v2\/posts\/10384\/revisions"}],"predecessor-version":[{"id":11053,"href":"https:\/\/www.saludonnet.com\/blog\/wp-json\/wp\/v2\/posts\/10384\/revisions\/11053"}],"wp:featuredmedia":[{"embeddable":true,"href":"https:\/\/www.saludonnet.com\/blog\/wp-json\/wp\/v2\/media\/10383"}],"wp:attachment":[{"href":"https:\/\/www.saludonnet.com\/blog\/wp-json\/wp\/v2\/media?parent=10384"}],"wp:term":[{"taxonomy":"category","embeddable":true,"href":"https:\/\/www.saludonnet.com\/blog\/wp-json\/wp\/v2\/categories?post=10384"},{"taxonomy":"post_tag","embeddable":true,"href":"https:\/\/www.saludonnet.com\/blog\/wp-json\/wp\/v2\/tags?post=10384"}],"curies":[{"name":"wp","href":"https:\/\/api.w.org\/{rel}","templated":true}]}}