{"id":10368,"date":"2021-09-09T15:18:58","date_gmt":"2021-09-09T13:18:58","guid":{"rendered":"https:\/\/www.saludonnet.com\/blog\/?p=10368"},"modified":"2021-11-30T17:20:24","modified_gmt":"2021-11-30T16:20:24","slug":"que-es-la-anafilaxia-y-el-shock-anafilactico","status":"publish","type":"post","link":"https:\/\/www.saludonnet.com\/blog\/que-es-la-anafilaxia-y-el-shock-anafilactico\/","title":{"rendered":"\u00bfQu\u00e9 es la anafilaxia y el shock anafil\u00e1ctico?"},"content":{"rendered":"\n<p>La <strong>anafilaxia<\/strong> es la manifestaci\u00f3n al\u00e9rgica m\u00e1s grave\nque existe, con riesgo incluso de muerte. Es una reacci\u00f3n de hipersensibilidad\ngeneralizada o sist\u00e9mica que compromete la vida del paciente. Afecta a todo el\norganismo y se produce de manera muy r\u00e1pida, como consecuencia de la liberaci\u00f3n\nde unas sustancias por parte de los mastocitos y los bas\u00f3filos, debido a una <strong>reacci\u00f3n\nde hipersensibilidad<\/strong>, mediada por una inmunoglobulina E (IgE).<\/p>\n\n\n\n<p>Se trata de una manifestaci\u00f3n inmediata, que tiene lugar en\nmenos de 30 minutos, y que no surge tras el primer contacto con el al\u00e9rgeno,\nsino generalmente despu\u00e9s del segundo, cuando el organismo se encuentra con una\nIgE ya sensibilizada. <\/p>\n\n\n\n<p>Aunque lo m\u00e1s frecuente es que en el mecanismo de la <strong><a href=\"https:\/\/www.saludonnet.com\/blog\/que-es-la-alergia\/\">reacci\u00f3n al\u00e9rgica<\/a><\/strong>\nest\u00e9 involucrada la IgE, existe tambi\u00e9n un <strong>tipo de anafilaxia que no est\u00e1 mediado\npor la Inmunoglobulina E<\/strong>. Ocurre con contrastes iodados, trasfusiones de\nsangre, hierro o toma de antiinflamatorios no esteroideos. En los primeros\ncasos es importante medicar previamente al paciente para que el cuerpo no reaccione.\n<\/p>\n\n\n\n<p>Esta manifestaci\u00f3n\nal\u00e9rgica presenta una incidencia de entre un 3 a 30 personas por cada 100.000\nal a\u00f1o, con una mortalidad que va del 0,05% al 2%, seg\u00fan se indica en el <strong><a href=\"https:\/\/www.sciencedirect.com\/science\/article\/pii\/S0716864011704254\">estudio\nAnafilaxia, de P.Paola Toche<\/a><\/strong>. Se produce con m\u00e1s frecuencia en ni\u00f1os y\nen adolescentes menores de 17 a\u00f1os. <\/p>\n\n\n\n<h2 class=\"wp-block-heading\"><strong>Principales causas de anafilaxia <\/strong> <\/h2>\n\n\n\n<p>Las causas m\u00e1s frecuentes de la anafilaxia son: <\/p>\n\n\n\n<ul class=\"wp-block-list\"><li>F\u00e1rmacos (entre un 40% y un 60%). En concreto\nlos antibi\u00f3ticos y los antiinflamatorios no esteroideos (AINE). Tambi\u00e9n los contrastes\niodados. &nbsp;<\/li><li>Alimentos (entre un 20% y un 25%). En funci\u00f3n de\nsi es adulto o ni\u00f1o, los alimentos que dan alergia con m\u00e1s frecuencia son: <ul><li>Adultos: frutas, frutos secos, marisco y\npescado. <\/li><\/ul><ul><li>Ni\u00f1os: leche, huevo, frutos secos, pescados,\nlegumbres. <\/li><\/ul><\/li><li>Picadura de insectos (entre un 8% y un 15%%).\nEspecialmente himen\u00f3pteros, como las abejas o avispas. <\/li><li>Factores f\u00edsicos. <\/li><li>Otros, entre los que se incluye el l\u00e1tex (sobre\ntodo en el sector sanitario). <\/li><li>Causa Idiop\u00e1tica (se desconoce el motivo), entre\nun 4% y un 21%. &nbsp;<\/li><\/ul>\n\n\n\n<h2 class=\"wp-block-heading\"><strong>C\u00f3mo se diagnostica la anafilaxia<\/strong> <\/h2>\n\n\n\n<p>Cuando una persona est\u00e1 haciendo una reacci\u00f3n al\u00e9rgica\nsevera los primeros s\u00edntomas que nota son: <\/p>\n\n\n\n<ul class=\"wp-block-list\"><li>Picor en las palmas de las manos y en las plantas\nde los pies. <\/li><li>Molestia en los o\u00eddos, zumbidos. <\/li><li>Sensaci\u00f3n de ronquera. <\/li><li>V\u00f3mitos y diarrea, en el caso de los ni\u00f1os, aunque\nes importante estar pendientes de si aparecen s\u00edntomas abdominales. <\/li><\/ul>\n\n\n\n<p>La anafilaxia se diagnostica de forma cl\u00ednica, <strong>a partir\nde los signos y s\u00edntomas, la historia cl\u00ednica y el examen f\u00edsico del paciente<\/strong>.\nLas se\u00f1ales m\u00e1s habituales son:<\/p>\n\n\n\n<ul class=\"wp-block-list\"><li><strong>Cut\u00e1neas<\/strong>: en forma de angioedema, prurito\no <strong><a href=\"https:\/\/www.saludonnet.com\/blog\/por-que-molesta-tanto-la-urticaria-y-cuales-son-sus-causas\/\">urticaria<\/a><\/strong>.\nLa piel es el \u00f3rgano m\u00e1s afectado, hasta en el 80% de los casos tal y como indica\nla Dra. Victoria Cardona, alerg\u00f3loga del Hospital Universitari Vall d\u2019Hebron,\nBarcelona, en su estudio <strong><a href=\"https:\/\/www.fbbva.es\/microsite\/alergiasfbbva\/otras-enfermedades-alergicas\/36-la-anafilaxia-y-el-choque-anafilactico\/index.html\">La\nanafilaxia y el choque anafil\u00e1ctico<\/a><\/strong>.<\/li><li><strong>Cardiovasculares<\/strong>: hipotensi\u00f3n, <strong><a href=\"https:\/\/www.saludonnet.com\/blog\/por-que-sentimos-palpitaciones\/\">taquicardia<\/a><\/strong>\no shock. <\/li><li><strong>Digestivas<\/strong>: n\u00e1useas, v\u00f3mitos o <strong><a href=\"https:\/\/www.saludonnet.com\/blog\/por-que-tenemos-diarrea-y-como-se-cura\/\">diarrea<\/a><\/strong>.\n<\/li><li><strong>Respiratorias<\/strong>: disnea, broncoespasmo o\nedema lar\u00edngeo. <\/li><\/ul>\n\n\n\n<p>Estas manifestaciones cut\u00e1neas, digestivas y cardiorrespiratorias\npueden acabar produciendo un shock distributivo con una vasodilataci\u00f3n\ngeneralizada. <\/p>\n\n\n\n<p>Se llama <strong>shock anafil\u00e1ctico o choque anafil\u00e1ctico<\/strong>\ncuando existe afectaci\u00f3n cardiovascular con ca\u00edda de la presi\u00f3n arterial. <\/p>\n\n\n\n<h2 class=\"wp-block-heading\"><strong>Tratamiento de la anafilaxia<\/strong> <\/h2>\n\n\n\n<p>Una vez diagnosticada la anafilaxia lo primero que se hace\nes <strong>cesar el contacto con el al\u00e9rgeno<\/strong>. Asimismo, el m\u00e9dico debe estar\npreparado por si es necesario realizar <strong>maniobras de parada cardiorrespiratoria<\/strong>.\n<\/p>\n\n\n\n<p>Tambi\u00e9n se ha de <strong>administrar adrenalina intramuscular<\/strong>\nen la cara anterolateral del muslo y monitorizar al paciente la frecuencia cardiaca,\nla saturaci\u00f3n de ox\u00edgeno y la tensi\u00f3n arterial, as\u00ed como realizar un electrocardiograma.\n<\/p>\n\n\n\n<p>Si usted ha tenido alg\u00fan episodio de anafilaxia debe ser visto posteriormente por el alerg\u00f3logo para que investigue cu\u00e1l ha sido la causa que lo ha provocado. En <strong><a href=\"https:\/\/www.saludonnet.com\/servicios-medicos\/medicina-general\">SaludOnNet<\/a><\/strong> contamos con especialistas dispuestos a ayudarte, sin esperas y con muy buenos resultados. <\/p>\n","protected":false},"excerpt":{"rendered":"<p>La anafilaxia es una reacci\u00f3n al\u00e9rgica grave que debe tratarse lo antes posible. Generalmente se administra una inyecci\u00f3n de adrenalina intramuscular.  <\/p>\n","protected":false},"author":20,"featured_media":9701,"comment_status":"open","ping_status":"open","sticky":false,"template":"","format":"standard","meta":{"footnotes":""},"categories":[71],"tags":[216],"class_list":["post-10368","post","type-post","status-publish","format-standard","has-post-thumbnail","hentry","category-alergologia","tag-19-consulta"],"yoast_head":"<!-- This site is optimized with the Yoast SEO plugin v27.4 - https:\/\/yoast.com\/product\/yoast-seo-wordpress\/ -->\n<title>\u00bfQu\u00e9 es la anafilaxia y el shock anafil\u00e1ctico?<\/title>\n<meta name=\"description\" content=\"La anafilaxia es una reacci\u00f3n al\u00e9rgica grave que debe tratarse lo antes posible. Generalmente se administra una inyecci\u00f3n de adrenalina intramuscular.\" \/>\n<meta name=\"robots\" content=\"index, follow, max-snippet:-1, max-image-preview:large, max-video-preview:-1\" \/>\n<link rel=\"canonical\" href=\"https:\/\/www.saludonnet.com\/blog\/que-es-la-anafilaxia-y-el-shock-anafilactico\/\" \/>\n<meta property=\"og:locale\" content=\"es_ES\" \/>\n<meta property=\"og:type\" content=\"article\" \/>\n<meta property=\"og:title\" content=\"\u00bfQu\u00e9 es la anafilaxia y el shock anafil\u00e1ctico?\" \/>\n<meta property=\"og:description\" content=\"La anafilaxia es una reacci\u00f3n al\u00e9rgica grave que debe tratarse lo antes posible. Generalmente se administra una inyecci\u00f3n de adrenalina intramuscular.\" \/>\n<meta property=\"og:url\" content=\"https:\/\/www.saludonnet.com\/blog\/que-es-la-anafilaxia-y-el-shock-anafilactico\/\" \/>\n<meta property=\"og:site_name\" content=\"Blog SaludOnNet\" \/>\n<meta property=\"article:publisher\" content=\"https:\/\/www.facebook.com\/pages\/SaludOnNet\/214957498526536\" \/>\n<meta property=\"article:published_time\" content=\"2021-09-09T13:18:58+00:00\" \/>\n<meta property=\"article:modified_time\" content=\"2021-11-30T16:20:24+00:00\" \/>\n<meta property=\"og:image\" content=\"https:\/\/www.saludonnet.com\/blog\/wp-content\/uploads\/2021\/04\/sarna.jpg\" \/>\n\t<meta property=\"og:image:width\" content=\"800\" \/>\n\t<meta property=\"og:image:height\" content=\"400\" \/>\n\t<meta property=\"og:image:type\" content=\"image\/jpeg\" \/>\n<meta name=\"author\" content=\"Equipo M\u00e9dico de SaludOnNet\" \/>\n<meta name=\"twitter:card\" content=\"summary_large_image\" \/>\n<meta name=\"twitter:title\" content=\"\u00bfQu\u00e9 es la anafilaxia y el shock anafil\u00e1ctico?\" \/>\n<meta name=\"twitter:description\" content=\"La anafilaxia es una reacci\u00f3n al\u00e9rgica grave que debe tratarse lo antes posible. Generalmente se administra una inyecci\u00f3n de adrenalina intramuscular.\" \/>\n<meta name=\"twitter:creator\" content=\"@saludonnet\" \/>\n<meta name=\"twitter:site\" content=\"@saludonnet\" \/>\n<meta name=\"twitter:label1\" content=\"Escrito por\" \/>\n\t<meta name=\"twitter:data1\" content=\"Equipo M\u00e9dico de SaludOnNet\" \/>\n<script type=\"application\/ld+json\" class=\"yoast-schema-graph\">{\"@context\":\"https:\\\/\\\/schema.org\",\"@graph\":[{\"@type\":\"Article\",\"@id\":\"https:\\\/\\\/www.saludonnet.com\\\/blog\\\/que-es-la-anafilaxia-y-el-shock-anafilactico\\\/#article\",\"isPartOf\":{\"@id\":\"https:\\\/\\\/www.saludonnet.com\\\/blog\\\/que-es-la-anafilaxia-y-el-shock-anafilactico\\\/\"},\"author\":{\"name\":\"Equipo M\u00e9dico de SaludOnNet\",\"@id\":\"https:\\\/\\\/www.saludonnet.com\\\/blog\\\/#\\\/schema\\\/person\\\/50995e01cc9d6c9f29ae18d979eeff1b\"},\"headline\":\"\u00bfQu\u00e9 es la anafilaxia y el shock anafil\u00e1ctico?\",\"datePublished\":\"2021-09-09T13:18:58+00:00\",\"dateModified\":\"2021-11-30T16:20:24+00:00\",\"mainEntityOfPage\":{\"@id\":\"https:\\\/\\\/www.saludonnet.com\\\/blog\\\/que-es-la-anafilaxia-y-el-shock-anafilactico\\\/\"},\"wordCount\":702,\"commentCount\":0,\"publisher\":{\"@id\":\"https:\\\/\\\/www.saludonnet.com\\\/blog\\\/#organization\"},\"image\":{\"@id\":\"https:\\\/\\\/www.saludonnet.com\\\/blog\\\/que-es-la-anafilaxia-y-el-shock-anafilactico\\\/#primaryimage\"},\"thumbnailUrl\":\"https:\\\/\\\/soncdn.azureedge.net\\\/blog\\\/wp-content\\\/uploads\\\/2021\\\/04\\\/sarna.jpg\",\"keywords\":[\"Consulta de Alergolog\u00eda\"],\"articleSection\":[\"Alergolog\u00eda\"],\"inLanguage\":\"es\",\"potentialAction\":[{\"@type\":\"CommentAction\",\"name\":\"Comment\",\"target\":[\"https:\\\/\\\/www.saludonnet.com\\\/blog\\\/que-es-la-anafilaxia-y-el-shock-anafilactico\\\/#respond\"]}]},{\"@type\":\"WebPage\",\"@id\":\"https:\\\/\\\/www.saludonnet.com\\\/blog\\\/que-es-la-anafilaxia-y-el-shock-anafilactico\\\/\",\"url\":\"https:\\\/\\\/www.saludonnet.com\\\/blog\\\/que-es-la-anafilaxia-y-el-shock-anafilactico\\\/\",\"name\":\"\u00bfQu\u00e9 es la anafilaxia y el shock anafil\u00e1ctico?\",\"isPartOf\":{\"@id\":\"https:\\\/\\\/www.saludonnet.com\\\/blog\\\/#website\"},\"primaryImageOfPage\":{\"@id\":\"https:\\\/\\\/www.saludonnet.com\\\/blog\\\/que-es-la-anafilaxia-y-el-shock-anafilactico\\\/#primaryimage\"},\"image\":{\"@id\":\"https:\\\/\\\/www.saludonnet.com\\\/blog\\\/que-es-la-anafilaxia-y-el-shock-anafilactico\\\/#primaryimage\"},\"thumbnailUrl\":\"https:\\\/\\\/soncdn.azureedge.net\\\/blog\\\/wp-content\\\/uploads\\\/2021\\\/04\\\/sarna.jpg\",\"datePublished\":\"2021-09-09T13:18:58+00:00\",\"dateModified\":\"2021-11-30T16:20:24+00:00\",\"description\":\"La anafilaxia es una reacci\u00f3n al\u00e9rgica grave que debe tratarse lo antes posible. Generalmente se administra una inyecci\u00f3n de adrenalina intramuscular.\",\"breadcrumb\":{\"@id\":\"https:\\\/\\\/www.saludonnet.com\\\/blog\\\/que-es-la-anafilaxia-y-el-shock-anafilactico\\\/#breadcrumb\"},\"inLanguage\":\"es\",\"potentialAction\":[{\"@type\":\"ReadAction\",\"target\":[\"https:\\\/\\\/www.saludonnet.com\\\/blog\\\/que-es-la-anafilaxia-y-el-shock-anafilactico\\\/\"]}]},{\"@type\":\"ImageObject\",\"inLanguage\":\"es\",\"@id\":\"https:\\\/\\\/www.saludonnet.com\\\/blog\\\/que-es-la-anafilaxia-y-el-shock-anafilactico\\\/#primaryimage\",\"url\":\"https:\\\/\\\/soncdn.azureedge.net\\\/blog\\\/wp-content\\\/uploads\\\/2021\\\/04\\\/sarna.jpg\",\"contentUrl\":\"https:\\\/\\\/soncdn.azureedge.net\\\/blog\\\/wp-content\\\/uploads\\\/2021\\\/04\\\/sarna.jpg\",\"width\":800,\"height\":400,\"caption\":\"ni\u00f1o rasc\u00e1ndose la piel por sarna\"},{\"@type\":\"BreadcrumbList\",\"@id\":\"https:\\\/\\\/www.saludonnet.com\\\/blog\\\/que-es-la-anafilaxia-y-el-shock-anafilactico\\\/#breadcrumb\",\"itemListElement\":[{\"@type\":\"ListItem\",\"position\":1,\"name\":\"Portada\",\"item\":\"https:\\\/\\\/www.saludonnet.com\\\/blog\\\/\"},{\"@type\":\"ListItem\",\"position\":2,\"name\":\"Alergolog\u00eda\",\"item\":\"https:\\\/\\\/www.saludonnet.com\\\/blog\\\/topic\\\/alergologia\\\/\"},{\"@type\":\"ListItem\",\"position\":3,\"name\":\"\u00bfQu\u00e9 es la anafilaxia y el shock anafil\u00e1ctico?\"}]},{\"@type\":\"WebSite\",\"@id\":\"https:\\\/\\\/www.saludonnet.com\\\/blog\\\/#website\",\"url\":\"https:\\\/\\\/www.saludonnet.com\\\/blog\\\/\",\"name\":\"Blog SaludOnNet\",\"description\":\"Un espacio donde encontrar\u00e1s consejos y art\u00edculos para cuidar de tu salud\",\"publisher\":{\"@id\":\"https:\\\/\\\/www.saludonnet.com\\\/blog\\\/#organization\"},\"potentialAction\":[{\"@type\":\"SearchAction\",\"target\":{\"@type\":\"EntryPoint\",\"urlTemplate\":\"https:\\\/\\\/www.saludonnet.com\\\/blog\\\/?s={search_term_string}\"},\"query-input\":{\"@type\":\"PropertyValueSpecification\",\"valueRequired\":true,\"valueName\":\"search_term_string\"}}],\"inLanguage\":\"es\"},{\"@type\":\"Organization\",\"@id\":\"https:\\\/\\\/www.saludonnet.com\\\/blog\\\/#organization\",\"name\":\"SaludOnNet\",\"url\":\"https:\\\/\\\/www.saludonnet.com\\\/blog\\\/\",\"logo\":{\"@type\":\"ImageObject\",\"inLanguage\":\"es\",\"@id\":\"https:\\\/\\\/www.saludonnet.com\\\/blog\\\/#\\\/schema\\\/logo\\\/image\\\/\",\"url\":\"https:\\\/\\\/www.saludonnet.com\\\/blog\\\/wp-content\\\/uploads\\\/2019\\\/07\\\/Logo-SaludOnNet.png\",\"contentUrl\":\"https:\\\/\\\/www.saludonnet.com\\\/blog\\\/wp-content\\\/uploads\\\/2019\\\/07\\\/Logo-SaludOnNet.png\",\"width\":1140,\"height\":377,\"caption\":\"SaludOnNet\"},\"image\":{\"@id\":\"https:\\\/\\\/www.saludonnet.com\\\/blog\\\/#\\\/schema\\\/logo\\\/image\\\/\"},\"sameAs\":[\"https:\\\/\\\/www.facebook.com\\\/pages\\\/SaludOnNet\\\/214957498526536\",\"https:\\\/\\\/x.com\\\/saludonnet\",\"https:\\\/\\\/www.instagram.com\\\/saludonnet\\\/\",\"https:\\\/\\\/www.linkedin.com\\\/company\\\/saludonnet\\\/\",\"https:\\\/\\\/www.youtube.com\\\/channel\\\/UCag68GsnagqzNb6C3G-S9vQ\"]},{\"@type\":\"Person\",\"@id\":\"https:\\\/\\\/www.saludonnet.com\\\/blog\\\/#\\\/schema\\\/person\\\/50995e01cc9d6c9f29ae18d979eeff1b\",\"name\":\"Equipo M\u00e9dico de SaludOnNet\",\"image\":{\"@type\":\"ImageObject\",\"inLanguage\":\"es\",\"@id\":\"https:\\\/\\\/secure.gravatar.com\\\/avatar\\\/0ac89931d2ef75704f29e63e12335967620a1f7ac37c69f6f97ad72b9ac6496d?s=96&d=mm&r=g\",\"url\":\"https:\\\/\\\/secure.gravatar.com\\\/avatar\\\/0ac89931d2ef75704f29e63e12335967620a1f7ac37c69f6f97ad72b9ac6496d?s=96&d=mm&r=g\",\"contentUrl\":\"https:\\\/\\\/secure.gravatar.com\\\/avatar\\\/0ac89931d2ef75704f29e63e12335967620a1f7ac37c69f6f97ad72b9ac6496d?s=96&d=mm&r=g\",\"caption\":\"Equipo M\u00e9dico de SaludOnNet\"},\"description\":\"Art\u00edculo elaborado por el equipo m\u00e9dico de SaludOnNet, compuesto por especialistas destacados en su \u00e1rea.\",\"url\":\"https:\\\/\\\/www.saludonnet.com\\\/blog\\\/author\\\/saludonnet\\\/\"}]}<\/script>\n<!-- \/ Yoast SEO plugin. -->","yoast_head_json":{"title":"\u00bfQu\u00e9 es la anafilaxia y el shock anafil\u00e1ctico?","description":"La anafilaxia es una reacci\u00f3n al\u00e9rgica grave que debe tratarse lo antes posible. Generalmente se administra una inyecci\u00f3n de adrenalina intramuscular.","robots":{"index":"index","follow":"follow","max-snippet":"max-snippet:-1","max-image-preview":"max-image-preview:large","max-video-preview":"max-video-preview:-1"},"canonical":"https:\/\/www.saludonnet.com\/blog\/que-es-la-anafilaxia-y-el-shock-anafilactico\/","og_locale":"es_ES","og_type":"article","og_title":"\u00bfQu\u00e9 es la anafilaxia y el shock anafil\u00e1ctico?","og_description":"La anafilaxia es una reacci\u00f3n al\u00e9rgica grave que debe tratarse lo antes posible. Generalmente se administra una inyecci\u00f3n de adrenalina intramuscular.","og_url":"https:\/\/www.saludonnet.com\/blog\/que-es-la-anafilaxia-y-el-shock-anafilactico\/","og_site_name":"Blog SaludOnNet","article_publisher":"https:\/\/www.facebook.com\/pages\/SaludOnNet\/214957498526536","article_published_time":"2021-09-09T13:18:58+00:00","article_modified_time":"2021-11-30T16:20:24+00:00","og_image":[{"width":800,"height":400,"url":"https:\/\/www.saludonnet.com\/blog\/wp-content\/uploads\/2021\/04\/sarna.jpg","type":"image\/jpeg"}],"author":"Equipo M\u00e9dico de SaludOnNet","twitter_card":"summary_large_image","twitter_title":"\u00bfQu\u00e9 es la anafilaxia y el shock anafil\u00e1ctico?","twitter_description":"La anafilaxia es una reacci\u00f3n al\u00e9rgica grave que debe tratarse lo antes posible. Generalmente se administra una inyecci\u00f3n de adrenalina intramuscular.","twitter_creator":"@saludonnet","twitter_site":"@saludonnet","twitter_misc":{"Escrito por":"Equipo M\u00e9dico de SaludOnNet"},"schema":{"@context":"https:\/\/schema.org","@graph":[{"@type":"Article","@id":"https:\/\/www.saludonnet.com\/blog\/que-es-la-anafilaxia-y-el-shock-anafilactico\/#article","isPartOf":{"@id":"https:\/\/www.saludonnet.com\/blog\/que-es-la-anafilaxia-y-el-shock-anafilactico\/"},"author":{"name":"Equipo M\u00e9dico de SaludOnNet","@id":"https:\/\/www.saludonnet.com\/blog\/#\/schema\/person\/50995e01cc9d6c9f29ae18d979eeff1b"},"headline":"\u00bfQu\u00e9 es la anafilaxia y el shock anafil\u00e1ctico?","datePublished":"2021-09-09T13:18:58+00:00","dateModified":"2021-11-30T16:20:24+00:00","mainEntityOfPage":{"@id":"https:\/\/www.saludonnet.com\/blog\/que-es-la-anafilaxia-y-el-shock-anafilactico\/"},"wordCount":702,"commentCount":0,"publisher":{"@id":"https:\/\/www.saludonnet.com\/blog\/#organization"},"image":{"@id":"https:\/\/www.saludonnet.com\/blog\/que-es-la-anafilaxia-y-el-shock-anafilactico\/#primaryimage"},"thumbnailUrl":"https:\/\/soncdn.azureedge.net\/blog\/wp-content\/uploads\/2021\/04\/sarna.jpg","keywords":["Consulta de Alergolog\u00eda"],"articleSection":["Alergolog\u00eda"],"inLanguage":"es","potentialAction":[{"@type":"CommentAction","name":"Comment","target":["https:\/\/www.saludonnet.com\/blog\/que-es-la-anafilaxia-y-el-shock-anafilactico\/#respond"]}]},{"@type":"WebPage","@id":"https:\/\/www.saludonnet.com\/blog\/que-es-la-anafilaxia-y-el-shock-anafilactico\/","url":"https:\/\/www.saludonnet.com\/blog\/que-es-la-anafilaxia-y-el-shock-anafilactico\/","name":"\u00bfQu\u00e9 es la anafilaxia y el shock anafil\u00e1ctico?","isPartOf":{"@id":"https:\/\/www.saludonnet.com\/blog\/#website"},"primaryImageOfPage":{"@id":"https:\/\/www.saludonnet.com\/blog\/que-es-la-anafilaxia-y-el-shock-anafilactico\/#primaryimage"},"image":{"@id":"https:\/\/www.saludonnet.com\/blog\/que-es-la-anafilaxia-y-el-shock-anafilactico\/#primaryimage"},"thumbnailUrl":"https:\/\/soncdn.azureedge.net\/blog\/wp-content\/uploads\/2021\/04\/sarna.jpg","datePublished":"2021-09-09T13:18:58+00:00","dateModified":"2021-11-30T16:20:24+00:00","description":"La anafilaxia es una reacci\u00f3n al\u00e9rgica grave que debe tratarse lo antes posible. Generalmente se administra una inyecci\u00f3n de adrenalina intramuscular.","breadcrumb":{"@id":"https:\/\/www.saludonnet.com\/blog\/que-es-la-anafilaxia-y-el-shock-anafilactico\/#breadcrumb"},"inLanguage":"es","potentialAction":[{"@type":"ReadAction","target":["https:\/\/www.saludonnet.com\/blog\/que-es-la-anafilaxia-y-el-shock-anafilactico\/"]}]},{"@type":"ImageObject","inLanguage":"es","@id":"https:\/\/www.saludonnet.com\/blog\/que-es-la-anafilaxia-y-el-shock-anafilactico\/#primaryimage","url":"https:\/\/soncdn.azureedge.net\/blog\/wp-content\/uploads\/2021\/04\/sarna.jpg","contentUrl":"https:\/\/soncdn.azureedge.net\/blog\/wp-content\/uploads\/2021\/04\/sarna.jpg","width":800,"height":400,"caption":"ni\u00f1o rasc\u00e1ndose la piel por sarna"},{"@type":"BreadcrumbList","@id":"https:\/\/www.saludonnet.com\/blog\/que-es-la-anafilaxia-y-el-shock-anafilactico\/#breadcrumb","itemListElement":[{"@type":"ListItem","position":1,"name":"Portada","item":"https:\/\/www.saludonnet.com\/blog\/"},{"@type":"ListItem","position":2,"name":"Alergolog\u00eda","item":"https:\/\/www.saludonnet.com\/blog\/topic\/alergologia\/"},{"@type":"ListItem","position":3,"name":"\u00bfQu\u00e9 es la anafilaxia y el shock anafil\u00e1ctico?"}]},{"@type":"WebSite","@id":"https:\/\/www.saludonnet.com\/blog\/#website","url":"https:\/\/www.saludonnet.com\/blog\/","name":"Blog SaludOnNet","description":"Un espacio donde encontrar\u00e1s consejos y art\u00edculos para cuidar de tu salud","publisher":{"@id":"https:\/\/www.saludonnet.com\/blog\/#organization"},"potentialAction":[{"@type":"SearchAction","target":{"@type":"EntryPoint","urlTemplate":"https:\/\/www.saludonnet.com\/blog\/?s={search_term_string}"},"query-input":{"@type":"PropertyValueSpecification","valueRequired":true,"valueName":"search_term_string"}}],"inLanguage":"es"},{"@type":"Organization","@id":"https:\/\/www.saludonnet.com\/blog\/#organization","name":"SaludOnNet","url":"https:\/\/www.saludonnet.com\/blog\/","logo":{"@type":"ImageObject","inLanguage":"es","@id":"https:\/\/www.saludonnet.com\/blog\/#\/schema\/logo\/image\/","url":"https:\/\/www.saludonnet.com\/blog\/wp-content\/uploads\/2019\/07\/Logo-SaludOnNet.png","contentUrl":"https:\/\/www.saludonnet.com\/blog\/wp-content\/uploads\/2019\/07\/Logo-SaludOnNet.png","width":1140,"height":377,"caption":"SaludOnNet"},"image":{"@id":"https:\/\/www.saludonnet.com\/blog\/#\/schema\/logo\/image\/"},"sameAs":["https:\/\/www.facebook.com\/pages\/SaludOnNet\/214957498526536","https:\/\/x.com\/saludonnet","https:\/\/www.instagram.com\/saludonnet\/","https:\/\/www.linkedin.com\/company\/saludonnet\/","https:\/\/www.youtube.com\/channel\/UCag68GsnagqzNb6C3G-S9vQ"]},{"@type":"Person","@id":"https:\/\/www.saludonnet.com\/blog\/#\/schema\/person\/50995e01cc9d6c9f29ae18d979eeff1b","name":"Equipo M\u00e9dico de SaludOnNet","image":{"@type":"ImageObject","inLanguage":"es","@id":"https:\/\/secure.gravatar.com\/avatar\/0ac89931d2ef75704f29e63e12335967620a1f7ac37c69f6f97ad72b9ac6496d?s=96&d=mm&r=g","url":"https:\/\/secure.gravatar.com\/avatar\/0ac89931d2ef75704f29e63e12335967620a1f7ac37c69f6f97ad72b9ac6496d?s=96&d=mm&r=g","contentUrl":"https:\/\/secure.gravatar.com\/avatar\/0ac89931d2ef75704f29e63e12335967620a1f7ac37c69f6f97ad72b9ac6496d?s=96&d=mm&r=g","caption":"Equipo M\u00e9dico de SaludOnNet"},"description":"Art\u00edculo elaborado por el equipo m\u00e9dico de SaludOnNet, compuesto por especialistas destacados en su \u00e1rea.","url":"https:\/\/www.saludonnet.com\/blog\/author\/saludonnet\/"}]}},"acf":[],"_links":{"self":[{"href":"https:\/\/www.saludonnet.com\/blog\/wp-json\/wp\/v2\/posts\/10368","targetHints":{"allow":["GET"]}}],"collection":[{"href":"https:\/\/www.saludonnet.com\/blog\/wp-json\/wp\/v2\/posts"}],"about":[{"href":"https:\/\/www.saludonnet.com\/blog\/wp-json\/wp\/v2\/types\/post"}],"author":[{"embeddable":true,"href":"https:\/\/www.saludonnet.com\/blog\/wp-json\/wp\/v2\/users\/20"}],"replies":[{"embeddable":true,"href":"https:\/\/www.saludonnet.com\/blog\/wp-json\/wp\/v2\/comments?post=10368"}],"version-history":[{"count":10,"href":"https:\/\/www.saludonnet.com\/blog\/wp-json\/wp\/v2\/posts\/10368\/revisions"}],"predecessor-version":[{"id":10781,"href":"https:\/\/www.saludonnet.com\/blog\/wp-json\/wp\/v2\/posts\/10368\/revisions\/10781"}],"wp:featuredmedia":[{"embeddable":true,"href":"https:\/\/www.saludonnet.com\/blog\/wp-json\/wp\/v2\/media\/9701"}],"wp:attachment":[{"href":"https:\/\/www.saludonnet.com\/blog\/wp-json\/wp\/v2\/media?parent=10368"}],"wp:term":[{"taxonomy":"category","embeddable":true,"href":"https:\/\/www.saludonnet.com\/blog\/wp-json\/wp\/v2\/categories?post=10368"},{"taxonomy":"post_tag","embeddable":true,"href":"https:\/\/www.saludonnet.com\/blog\/wp-json\/wp\/v2\/tags?post=10368"}],"curies":[{"name":"wp","href":"https:\/\/api.w.org\/{rel}","templated":true}]}}