{"id":10304,"date":"2021-08-04T15:47:26","date_gmt":"2021-08-04T13:47:26","guid":{"rendered":"https:\/\/www.saludonnet.com\/blog\/?p=10304"},"modified":"2021-12-10T11:48:40","modified_gmt":"2021-12-10T10:48:40","slug":"como-afecta-la-fatiga-mental-al-organismo","status":"publish","type":"post","link":"https:\/\/www.saludonnet.com\/blog\/como-afecta-la-fatiga-mental-al-organismo\/","title":{"rendered":"\u00bfC\u00f3mo afecta la fatiga mental al organismo?"},"content":{"rendered":"\n<p>La sensaci\u00f3n de cansancio excesivo, que no est\u00e1 relacionado\ncon la actividad f\u00edsica intensa, y que no se va por m\u00e1s que se descanse, tiene\nque ver con la <strong><a href=\"https:\/\/www.insst.es\/documents\/94886\/96076\/carga+mental+de+trabajo\/2fd91b55-f191-4779-be4f-2c893c2ffe37\">carga\nmental<\/a><\/strong>. Es un estado en el que la persona <strong><a href=\"https:\/\/www.elsevier.es\/es-revista-revista-andaluza-medicina-del-deporte-284-articulo-la-fatiga-como-estado-motivacional-S1888754616300569\">se\nsiente fatigada<\/a><\/strong>, con dificultad para concentrarse, irritable, con\ntensi\u00f3n muscular y un bajo rendimiento en sus actividades diarias. Cuando esto ocurre\nhablamos de <strong>fatiga mental<\/strong>, una situaci\u00f3n que se produce al disminuir la\neficiencia funcional mental y f\u00edsica de una persona. <\/p>\n\n\n\n<h2 class=\"wp-block-heading\"><strong>En qu\u00e9 consiste la fatiga mental<\/strong> <\/h2>\n\n\n\n<p>En ocasiones confundimos el cansancio f\u00edsico con la fatiga\nmental. Esta \u00faltima se debe principalmente a un exceso de <strong>pensamientos o\nexigencias que la persona se pone a s\u00ed misma<\/strong>, situaciones que generan <strong>presi\u00f3n\nemocional<\/strong> e incluso la realizaci\u00f3n de diversos trabajos al mismo tiempo. <\/p>\n\n\n\n<p>El ritmo de vida actual nos ha hecho creer que afrontar\nvarias tareas a la vez es sin\u00f3nimo de productividad y eficiencia. Sin embargo,\nmuchas veces tiene el efecto contrario y lo que se consigue es que <strong><a href=\"https:\/\/www.saludonnet.com\/blog\/como-puedo-gestionar-la-desmotivacion\/\">la\npersona se bloquee<\/a><\/strong> y sature. &nbsp;Esto\nconlleva insatisfacci\u00f3n y frustraci\u00f3n, haciendo que aparezca el cansancio y\ncueste conciliar el sue\u00f1o por la cantidad de pensamientos negativos que se\nagolpan en la cabeza. &nbsp;<\/p>\n\n\n\n<p>Seg\u00fan se indica en un documento elaborado por el Ministerio\nde Trabajo y Asuntos Sociales sobre <strong><a href=\"https:\/\/saludlaboralydiscapacidad.org\/wp-content\/uploads\/2019\/05\/NTP-445-Carga-mental-de-trabajo-Fatiga.pdf\">Carga\nmental de trabajo: fatiga<\/a><\/strong>, cuando las condiciones de trabajo y las\nexigencias mentales del mismo no est\u00e1n adaptadas a las personas que los\ndesempe\u00f1an, puede surgir la fatiga mental como expresi\u00f3n de la necesidad de\nmodificar la situaci\u00f3n ajust\u00e1ndola a las caracter\u00edsticas de las personas. <\/p>\n\n\n\n<h2 class=\"wp-block-heading\"><strong>C\u00f3mo evitar la fatiga mental<\/strong> <\/h2>\n\n\n\n<p>La primera medida que hay que tomar es <strong>olvidarse de que\nser multitarea es la meta<\/strong>, ya que al hacer varias cosas a la vez la persona\ntermina siendo menos productiva. Por este motivo es recomendable contar con una\nagenda en la que se anoten las actividades diarias a realizar por orden de\nimportancia. Asimismo, tambi\u00e9n es fundamental aprender a decir que no, poner\nl\u00edmites. <\/p>\n\n\n\n<p>De igual forma, apuntar los pensamientos negativos que generan angustia es un primer paso para saber que es necesario cambiarlos. Es bueno centrarse en aquellos que aportan seguridad y tranquilidad. <\/p>\n\n\n\n<h2 class=\"wp-block-heading\"><strong>H\u00e1bitos saludables<\/strong> <\/h2>\n\n\n\n<p>El cansancio, el agotamiento y la fatiga pueden afectar a la salud. Por este motivo es importante tener unos h\u00e1bitos saludables. Los principales son: <\/p>\n\n\n\n<ul class=\"wp-block-list\"><li><strong><a href=\"https:\/\/www.saludonnet.com\/blog\/dieta-saludable-que-es-y-algunos-ejemplos\/\">Dieta equilibrada<\/a><\/strong>. Una alimentaci\u00f3n que contenga los nutrientes      necesarios para que el organismo funcione correctamente. Semillas, cacao, verduras de hojas verdes, quinoa o frutos secos ayudan a mantener la energ\u00eda en la actividad diaria y reduce el cansancio. Hay que evitar las dietas cetog\u00e9nicas, con un contenido excesivamente bajo en hidratos de carbono. La falta de vitaminas y minerales puede producir un cansancio excesivo. <\/li><li><strong><a href=\"https:\/\/www.saludonnet.com\/blog\/planifica-tu-ejercicio-fisico\/\">Ejercicio f\u00edsico<\/a><\/strong>. El deporte dentro de la rutina diaria permite oxigenar las c\u00e9lulas del cuerpo y del cerebro, ayudando a que funcione mejor. Actualmente la sociedad es muy sedentaria y el porcentaje de obesos elevado. El exceso de grasa puede agravar la sensaci\u00f3n de cansancio, al llevar un lastre con menos masa muscular y adem\u00e1s desentrenada. Cinco d\u00edas de ejercicio f\u00edsico      cardiovascular aer\u00f3bico a la semana (caminar, nadar, andar, bicicleta) a intensidad moderada ayudan a reducir la fatiga mental. Tambi\u00e9n son buenos los ejercicios de fuerza para ganar una cantidad suficiente de masa muscular y una mayor vitalidad.      <\/li><li><strong><a href=\"https:\/\/www.saludonnet.com\/blog\/claves-para-dormir-bien\/\">Descanso nocturno<\/a><\/strong>. Un tercio de la poblaci\u00f3n padece trastornos del sue\u00f1o. Cuando esto ocurre la persona se siente cansada y tienen una sensaci\u00f3n de sue\u00f1o no reparador con somnolencia diurna, despertares frecuentes, ronquidos excesivos o apneas.<\/li><li>Descanso f\u00edsico y mental diario. <\/li><\/ul>\n\n\n\n<h2 class=\"wp-block-heading\"><strong>Recargar la bater\u00eda del cuerpo<\/strong> <\/h2>\n\n\n\n<p>Muchas veces el cansancio aparece porque no hemos cargado\ncorrectamente la bater\u00eda de nuestro cuerpo. Aunque parezca raro, si durante el\nd\u00eda no gastamos la suficiente energ\u00eda, por la noche no se puede recargar como\nes debido. En muchos casos el cansancio aparece por falta de actividad f\u00edsica,\npor lo que es importante huir del sedentarismo, evitar el sof\u00e1 y salir a hacer\ndeporte. <\/p>\n\n\n\n<p>Asimismo, el descanso es bueno, pero en su justa medida. Lo ideal es dormir entre 7 y 8 horas, pero no m\u00e1s porque si no se consigue el efecto contrario. Tambi\u00e9n ayuda la <strong><a href=\"https:\/\/www.saludonnet.com\/servicios-medicos\/medicina-general\">meditaci\u00f3n<\/a><\/strong> a estar mejor con un mismo. \u00a0<\/p>\n\n\n\n<p>Si est\u00e1s en una situaci\u00f3n de cansancio y fatiga mental y esto est\u00e1 interfiriendo en tu trabajo y emociones puedes buscar ayuda psicol\u00f3gica para revisar las exigencias y pensamientos que generan el cansancio emocional, f\u00edsica y mental. En <strong><a href=\"https:\/\/www.saludonnet.com\/servicios-medicos\/medicina-general\">SaludOnNet<\/a> <\/strong>contamos con especialistas dispuestos a ayudarte en lo que necesites. <\/p>\n","protected":false},"excerpt":{"rendered":"<p>La fatiga mental hace que la persona se bloquee. Es importante saber manejar esta situaci\u00f3n para no sentir frustraci\u00f3n y saber superarla. <\/p>\n","protected":false},"author":20,"featured_media":10303,"comment_status":"open","ping_status":"open","sticky":false,"template":"","format":"standard","meta":{"footnotes":""},"categories":[81],"tags":[255],"class_list":["post-10304","post","type-post","status-publish","format-standard","has-post-thumbnail","hentry","category-psicologia","tag-4260-consulta"],"yoast_head":"<!-- This site is optimized with the Yoast SEO plugin v27.4 - https:\/\/yoast.com\/product\/yoast-seo-wordpress\/ -->\n<title>\u00bfC\u00f3mo afecta la fatiga mental al organismo?<\/title>\n<meta name=\"description\" content=\"La fatiga mental hace que la persona se bloquee. Es importante saber manejar esta situaci\u00f3n para no sentir frustraci\u00f3n y saber superarla.\" \/>\n<meta name=\"robots\" content=\"index, follow, max-snippet:-1, max-image-preview:large, max-video-preview:-1\" \/>\n<link rel=\"canonical\" href=\"https:\/\/www.saludonnet.com\/blog\/como-afecta-la-fatiga-mental-al-organismo\/\" \/>\n<meta property=\"og:locale\" content=\"es_ES\" \/>\n<meta property=\"og:type\" content=\"article\" \/>\n<meta property=\"og:title\" content=\"\u00bfC\u00f3mo afecta la fatiga mental al organismo?\" \/>\n<meta property=\"og:description\" content=\"La fatiga mental hace que la persona se bloquee. Es importante saber manejar esta situaci\u00f3n para no sentir frustraci\u00f3n y saber superarla.\" \/>\n<meta property=\"og:url\" content=\"https:\/\/www.saludonnet.com\/blog\/como-afecta-la-fatiga-mental-al-organismo\/\" \/>\n<meta property=\"og:site_name\" content=\"Blog SaludOnNet\" \/>\n<meta property=\"article:publisher\" content=\"https:\/\/www.facebook.com\/pages\/SaludOnNet\/214957498526536\" \/>\n<meta property=\"article:published_time\" content=\"2021-08-04T13:47:26+00:00\" \/>\n<meta property=\"article:modified_time\" content=\"2021-12-10T10:48:40+00:00\" \/>\n<meta property=\"og:image\" content=\"https:\/\/www.saludonnet.com\/blog\/wp-content\/uploads\/2021\/07\/fatiga-mental.jpg\" \/>\n\t<meta property=\"og:image:width\" content=\"800\" \/>\n\t<meta property=\"og:image:height\" content=\"400\" \/>\n\t<meta property=\"og:image:type\" content=\"image\/jpeg\" \/>\n<meta name=\"author\" content=\"Equipo M\u00e9dico de SaludOnNet\" \/>\n<meta name=\"twitter:card\" content=\"summary_large_image\" \/>\n<meta name=\"twitter:title\" content=\"\u00bfC\u00f3mo afecta la fatiga mental al organismo?\" \/>\n<meta name=\"twitter:description\" content=\"La fatiga mental hace que la persona se bloquee. Es importante saber manejar esta situaci\u00f3n para no sentir frustraci\u00f3n y saber superarla.\" \/>\n<meta name=\"twitter:creator\" content=\"@saludonnet\" \/>\n<meta name=\"twitter:site\" content=\"@saludonnet\" \/>\n<meta name=\"twitter:label1\" content=\"Escrito por\" \/>\n\t<meta name=\"twitter:data1\" content=\"Equipo M\u00e9dico de SaludOnNet\" \/>\n<script type=\"application\/ld+json\" class=\"yoast-schema-graph\">{\"@context\":\"https:\\\/\\\/schema.org\",\"@graph\":[{\"@type\":\"Article\",\"@id\":\"https:\\\/\\\/www.saludonnet.com\\\/blog\\\/como-afecta-la-fatiga-mental-al-organismo\\\/#article\",\"isPartOf\":{\"@id\":\"https:\\\/\\\/www.saludonnet.com\\\/blog\\\/como-afecta-la-fatiga-mental-al-organismo\\\/\"},\"author\":{\"name\":\"Equipo M\u00e9dico de SaludOnNet\",\"@id\":\"https:\\\/\\\/www.saludonnet.com\\\/blog\\\/#\\\/schema\\\/person\\\/50995e01cc9d6c9f29ae18d979eeff1b\"},\"headline\":\"\u00bfC\u00f3mo afecta la fatiga mental al organismo?\",\"datePublished\":\"2021-08-04T13:47:26+00:00\",\"dateModified\":\"2021-12-10T10:48:40+00:00\",\"mainEntityOfPage\":{\"@id\":\"https:\\\/\\\/www.saludonnet.com\\\/blog\\\/como-afecta-la-fatiga-mental-al-organismo\\\/\"},\"wordCount\":812,\"commentCount\":0,\"publisher\":{\"@id\":\"https:\\\/\\\/www.saludonnet.com\\\/blog\\\/#organization\"},\"image\":{\"@id\":\"https:\\\/\\\/www.saludonnet.com\\\/blog\\\/como-afecta-la-fatiga-mental-al-organismo\\\/#primaryimage\"},\"thumbnailUrl\":\"https:\\\/\\\/soncdn.azureedge.net\\\/blog\\\/wp-content\\\/uploads\\\/2021\\\/07\\\/fatiga-mental.jpg\",\"keywords\":[\"Consulta de Psicolog\u00eda\"],\"articleSection\":[\"Psicolog\u00eda\"],\"inLanguage\":\"es\",\"potentialAction\":[{\"@type\":\"CommentAction\",\"name\":\"Comment\",\"target\":[\"https:\\\/\\\/www.saludonnet.com\\\/blog\\\/como-afecta-la-fatiga-mental-al-organismo\\\/#respond\"]}]},{\"@type\":\"WebPage\",\"@id\":\"https:\\\/\\\/www.saludonnet.com\\\/blog\\\/como-afecta-la-fatiga-mental-al-organismo\\\/\",\"url\":\"https:\\\/\\\/www.saludonnet.com\\\/blog\\\/como-afecta-la-fatiga-mental-al-organismo\\\/\",\"name\":\"\u00bfC\u00f3mo afecta la fatiga mental al organismo?\",\"isPartOf\":{\"@id\":\"https:\\\/\\\/www.saludonnet.com\\\/blog\\\/#website\"},\"primaryImageOfPage\":{\"@id\":\"https:\\\/\\\/www.saludonnet.com\\\/blog\\\/como-afecta-la-fatiga-mental-al-organismo\\\/#primaryimage\"},\"image\":{\"@id\":\"https:\\\/\\\/www.saludonnet.com\\\/blog\\\/como-afecta-la-fatiga-mental-al-organismo\\\/#primaryimage\"},\"thumbnailUrl\":\"https:\\\/\\\/soncdn.azureedge.net\\\/blog\\\/wp-content\\\/uploads\\\/2021\\\/07\\\/fatiga-mental.jpg\",\"datePublished\":\"2021-08-04T13:47:26+00:00\",\"dateModified\":\"2021-12-10T10:48:40+00:00\",\"description\":\"La fatiga mental hace que la persona se bloquee. Es importante saber manejar esta situaci\u00f3n para no sentir frustraci\u00f3n y saber superarla.\",\"breadcrumb\":{\"@id\":\"https:\\\/\\\/www.saludonnet.com\\\/blog\\\/como-afecta-la-fatiga-mental-al-organismo\\\/#breadcrumb\"},\"inLanguage\":\"es\",\"potentialAction\":[{\"@type\":\"ReadAction\",\"target\":[\"https:\\\/\\\/www.saludonnet.com\\\/blog\\\/como-afecta-la-fatiga-mental-al-organismo\\\/\"]}]},{\"@type\":\"ImageObject\",\"inLanguage\":\"es\",\"@id\":\"https:\\\/\\\/www.saludonnet.com\\\/blog\\\/como-afecta-la-fatiga-mental-al-organismo\\\/#primaryimage\",\"url\":\"https:\\\/\\\/soncdn.azureedge.net\\\/blog\\\/wp-content\\\/uploads\\\/2021\\\/07\\\/fatiga-mental.jpg\",\"contentUrl\":\"https:\\\/\\\/soncdn.azureedge.net\\\/blog\\\/wp-content\\\/uploads\\\/2021\\\/07\\\/fatiga-mental.jpg\",\"width\":800,\"height\":400,\"caption\":\"hombre cansado\"},{\"@type\":\"BreadcrumbList\",\"@id\":\"https:\\\/\\\/www.saludonnet.com\\\/blog\\\/como-afecta-la-fatiga-mental-al-organismo\\\/#breadcrumb\",\"itemListElement\":[{\"@type\":\"ListItem\",\"position\":1,\"name\":\"Portada\",\"item\":\"https:\\\/\\\/www.saludonnet.com\\\/blog\\\/\"},{\"@type\":\"ListItem\",\"position\":2,\"name\":\"Psicolog\u00eda\",\"item\":\"https:\\\/\\\/www.saludonnet.com\\\/blog\\\/topic\\\/psicologia\\\/\"},{\"@type\":\"ListItem\",\"position\":3,\"name\":\"\u00bfC\u00f3mo afecta la fatiga mental al organismo?\"}]},{\"@type\":\"WebSite\",\"@id\":\"https:\\\/\\\/www.saludonnet.com\\\/blog\\\/#website\",\"url\":\"https:\\\/\\\/www.saludonnet.com\\\/blog\\\/\",\"name\":\"Blog SaludOnNet\",\"description\":\"Un espacio donde encontrar\u00e1s consejos y art\u00edculos para cuidar de tu salud\",\"publisher\":{\"@id\":\"https:\\\/\\\/www.saludonnet.com\\\/blog\\\/#organization\"},\"potentialAction\":[{\"@type\":\"SearchAction\",\"target\":{\"@type\":\"EntryPoint\",\"urlTemplate\":\"https:\\\/\\\/www.saludonnet.com\\\/blog\\\/?s={search_term_string}\"},\"query-input\":{\"@type\":\"PropertyValueSpecification\",\"valueRequired\":true,\"valueName\":\"search_term_string\"}}],\"inLanguage\":\"es\"},{\"@type\":\"Organization\",\"@id\":\"https:\\\/\\\/www.saludonnet.com\\\/blog\\\/#organization\",\"name\":\"SaludOnNet\",\"url\":\"https:\\\/\\\/www.saludonnet.com\\\/blog\\\/\",\"logo\":{\"@type\":\"ImageObject\",\"inLanguage\":\"es\",\"@id\":\"https:\\\/\\\/www.saludonnet.com\\\/blog\\\/#\\\/schema\\\/logo\\\/image\\\/\",\"url\":\"https:\\\/\\\/www.saludonnet.com\\\/blog\\\/wp-content\\\/uploads\\\/2019\\\/07\\\/Logo-SaludOnNet.png\",\"contentUrl\":\"https:\\\/\\\/www.saludonnet.com\\\/blog\\\/wp-content\\\/uploads\\\/2019\\\/07\\\/Logo-SaludOnNet.png\",\"width\":1140,\"height\":377,\"caption\":\"SaludOnNet\"},\"image\":{\"@id\":\"https:\\\/\\\/www.saludonnet.com\\\/blog\\\/#\\\/schema\\\/logo\\\/image\\\/\"},\"sameAs\":[\"https:\\\/\\\/www.facebook.com\\\/pages\\\/SaludOnNet\\\/214957498526536\",\"https:\\\/\\\/x.com\\\/saludonnet\",\"https:\\\/\\\/www.instagram.com\\\/saludonnet\\\/\",\"https:\\\/\\\/www.linkedin.com\\\/company\\\/saludonnet\\\/\",\"https:\\\/\\\/www.youtube.com\\\/channel\\\/UCag68GsnagqzNb6C3G-S9vQ\"]},{\"@type\":\"Person\",\"@id\":\"https:\\\/\\\/www.saludonnet.com\\\/blog\\\/#\\\/schema\\\/person\\\/50995e01cc9d6c9f29ae18d979eeff1b\",\"name\":\"Equipo M\u00e9dico de SaludOnNet\",\"image\":{\"@type\":\"ImageObject\",\"inLanguage\":\"es\",\"@id\":\"https:\\\/\\\/secure.gravatar.com\\\/avatar\\\/0ac89931d2ef75704f29e63e12335967620a1f7ac37c69f6f97ad72b9ac6496d?s=96&d=mm&r=g\",\"url\":\"https:\\\/\\\/secure.gravatar.com\\\/avatar\\\/0ac89931d2ef75704f29e63e12335967620a1f7ac37c69f6f97ad72b9ac6496d?s=96&d=mm&r=g\",\"contentUrl\":\"https:\\\/\\\/secure.gravatar.com\\\/avatar\\\/0ac89931d2ef75704f29e63e12335967620a1f7ac37c69f6f97ad72b9ac6496d?s=96&d=mm&r=g\",\"caption\":\"Equipo M\u00e9dico de SaludOnNet\"},\"description\":\"Art\u00edculo elaborado por el equipo m\u00e9dico de SaludOnNet, compuesto por especialistas destacados en su \u00e1rea.\",\"url\":\"https:\\\/\\\/www.saludonnet.com\\\/blog\\\/author\\\/saludonnet\\\/\"}]}<\/script>\n<!-- \/ Yoast SEO plugin. -->","yoast_head_json":{"title":"\u00bfC\u00f3mo afecta la fatiga mental al organismo?","description":"La fatiga mental hace que la persona se bloquee. Es importante saber manejar esta situaci\u00f3n para no sentir frustraci\u00f3n y saber superarla.","robots":{"index":"index","follow":"follow","max-snippet":"max-snippet:-1","max-image-preview":"max-image-preview:large","max-video-preview":"max-video-preview:-1"},"canonical":"https:\/\/www.saludonnet.com\/blog\/como-afecta-la-fatiga-mental-al-organismo\/","og_locale":"es_ES","og_type":"article","og_title":"\u00bfC\u00f3mo afecta la fatiga mental al organismo?","og_description":"La fatiga mental hace que la persona se bloquee. Es importante saber manejar esta situaci\u00f3n para no sentir frustraci\u00f3n y saber superarla.","og_url":"https:\/\/www.saludonnet.com\/blog\/como-afecta-la-fatiga-mental-al-organismo\/","og_site_name":"Blog SaludOnNet","article_publisher":"https:\/\/www.facebook.com\/pages\/SaludOnNet\/214957498526536","article_published_time":"2021-08-04T13:47:26+00:00","article_modified_time":"2021-12-10T10:48:40+00:00","og_image":[{"width":800,"height":400,"url":"https:\/\/www.saludonnet.com\/blog\/wp-content\/uploads\/2021\/07\/fatiga-mental.jpg","type":"image\/jpeg"}],"author":"Equipo M\u00e9dico de SaludOnNet","twitter_card":"summary_large_image","twitter_title":"\u00bfC\u00f3mo afecta la fatiga mental al organismo?","twitter_description":"La fatiga mental hace que la persona se bloquee. Es importante saber manejar esta situaci\u00f3n para no sentir frustraci\u00f3n y saber superarla.","twitter_creator":"@saludonnet","twitter_site":"@saludonnet","twitter_misc":{"Escrito por":"Equipo M\u00e9dico de SaludOnNet"},"schema":{"@context":"https:\/\/schema.org","@graph":[{"@type":"Article","@id":"https:\/\/www.saludonnet.com\/blog\/como-afecta-la-fatiga-mental-al-organismo\/#article","isPartOf":{"@id":"https:\/\/www.saludonnet.com\/blog\/como-afecta-la-fatiga-mental-al-organismo\/"},"author":{"name":"Equipo M\u00e9dico de SaludOnNet","@id":"https:\/\/www.saludonnet.com\/blog\/#\/schema\/person\/50995e01cc9d6c9f29ae18d979eeff1b"},"headline":"\u00bfC\u00f3mo afecta la fatiga mental al organismo?","datePublished":"2021-08-04T13:47:26+00:00","dateModified":"2021-12-10T10:48:40+00:00","mainEntityOfPage":{"@id":"https:\/\/www.saludonnet.com\/blog\/como-afecta-la-fatiga-mental-al-organismo\/"},"wordCount":812,"commentCount":0,"publisher":{"@id":"https:\/\/www.saludonnet.com\/blog\/#organization"},"image":{"@id":"https:\/\/www.saludonnet.com\/blog\/como-afecta-la-fatiga-mental-al-organismo\/#primaryimage"},"thumbnailUrl":"https:\/\/soncdn.azureedge.net\/blog\/wp-content\/uploads\/2021\/07\/fatiga-mental.jpg","keywords":["Consulta de Psicolog\u00eda"],"articleSection":["Psicolog\u00eda"],"inLanguage":"es","potentialAction":[{"@type":"CommentAction","name":"Comment","target":["https:\/\/www.saludonnet.com\/blog\/como-afecta-la-fatiga-mental-al-organismo\/#respond"]}]},{"@type":"WebPage","@id":"https:\/\/www.saludonnet.com\/blog\/como-afecta-la-fatiga-mental-al-organismo\/","url":"https:\/\/www.saludonnet.com\/blog\/como-afecta-la-fatiga-mental-al-organismo\/","name":"\u00bfC\u00f3mo afecta la fatiga mental al organismo?","isPartOf":{"@id":"https:\/\/www.saludonnet.com\/blog\/#website"},"primaryImageOfPage":{"@id":"https:\/\/www.saludonnet.com\/blog\/como-afecta-la-fatiga-mental-al-organismo\/#primaryimage"},"image":{"@id":"https:\/\/www.saludonnet.com\/blog\/como-afecta-la-fatiga-mental-al-organismo\/#primaryimage"},"thumbnailUrl":"https:\/\/soncdn.azureedge.net\/blog\/wp-content\/uploads\/2021\/07\/fatiga-mental.jpg","datePublished":"2021-08-04T13:47:26+00:00","dateModified":"2021-12-10T10:48:40+00:00","description":"La fatiga mental hace que la persona se bloquee. Es importante saber manejar esta situaci\u00f3n para no sentir frustraci\u00f3n y saber superarla.","breadcrumb":{"@id":"https:\/\/www.saludonnet.com\/blog\/como-afecta-la-fatiga-mental-al-organismo\/#breadcrumb"},"inLanguage":"es","potentialAction":[{"@type":"ReadAction","target":["https:\/\/www.saludonnet.com\/blog\/como-afecta-la-fatiga-mental-al-organismo\/"]}]},{"@type":"ImageObject","inLanguage":"es","@id":"https:\/\/www.saludonnet.com\/blog\/como-afecta-la-fatiga-mental-al-organismo\/#primaryimage","url":"https:\/\/soncdn.azureedge.net\/blog\/wp-content\/uploads\/2021\/07\/fatiga-mental.jpg","contentUrl":"https:\/\/soncdn.azureedge.net\/blog\/wp-content\/uploads\/2021\/07\/fatiga-mental.jpg","width":800,"height":400,"caption":"hombre cansado"},{"@type":"BreadcrumbList","@id":"https:\/\/www.saludonnet.com\/blog\/como-afecta-la-fatiga-mental-al-organismo\/#breadcrumb","itemListElement":[{"@type":"ListItem","position":1,"name":"Portada","item":"https:\/\/www.saludonnet.com\/blog\/"},{"@type":"ListItem","position":2,"name":"Psicolog\u00eda","item":"https:\/\/www.saludonnet.com\/blog\/topic\/psicologia\/"},{"@type":"ListItem","position":3,"name":"\u00bfC\u00f3mo afecta la fatiga mental al organismo?"}]},{"@type":"WebSite","@id":"https:\/\/www.saludonnet.com\/blog\/#website","url":"https:\/\/www.saludonnet.com\/blog\/","name":"Blog SaludOnNet","description":"Un espacio donde encontrar\u00e1s consejos y art\u00edculos para cuidar de tu salud","publisher":{"@id":"https:\/\/www.saludonnet.com\/blog\/#organization"},"potentialAction":[{"@type":"SearchAction","target":{"@type":"EntryPoint","urlTemplate":"https:\/\/www.saludonnet.com\/blog\/?s={search_term_string}"},"query-input":{"@type":"PropertyValueSpecification","valueRequired":true,"valueName":"search_term_string"}}],"inLanguage":"es"},{"@type":"Organization","@id":"https:\/\/www.saludonnet.com\/blog\/#organization","name":"SaludOnNet","url":"https:\/\/www.saludonnet.com\/blog\/","logo":{"@type":"ImageObject","inLanguage":"es","@id":"https:\/\/www.saludonnet.com\/blog\/#\/schema\/logo\/image\/","url":"https:\/\/www.saludonnet.com\/blog\/wp-content\/uploads\/2019\/07\/Logo-SaludOnNet.png","contentUrl":"https:\/\/www.saludonnet.com\/blog\/wp-content\/uploads\/2019\/07\/Logo-SaludOnNet.png","width":1140,"height":377,"caption":"SaludOnNet"},"image":{"@id":"https:\/\/www.saludonnet.com\/blog\/#\/schema\/logo\/image\/"},"sameAs":["https:\/\/www.facebook.com\/pages\/SaludOnNet\/214957498526536","https:\/\/x.com\/saludonnet","https:\/\/www.instagram.com\/saludonnet\/","https:\/\/www.linkedin.com\/company\/saludonnet\/","https:\/\/www.youtube.com\/channel\/UCag68GsnagqzNb6C3G-S9vQ"]},{"@type":"Person","@id":"https:\/\/www.saludonnet.com\/blog\/#\/schema\/person\/50995e01cc9d6c9f29ae18d979eeff1b","name":"Equipo M\u00e9dico de SaludOnNet","image":{"@type":"ImageObject","inLanguage":"es","@id":"https:\/\/secure.gravatar.com\/avatar\/0ac89931d2ef75704f29e63e12335967620a1f7ac37c69f6f97ad72b9ac6496d?s=96&d=mm&r=g","url":"https:\/\/secure.gravatar.com\/avatar\/0ac89931d2ef75704f29e63e12335967620a1f7ac37c69f6f97ad72b9ac6496d?s=96&d=mm&r=g","contentUrl":"https:\/\/secure.gravatar.com\/avatar\/0ac89931d2ef75704f29e63e12335967620a1f7ac37c69f6f97ad72b9ac6496d?s=96&d=mm&r=g","caption":"Equipo M\u00e9dico de SaludOnNet"},"description":"Art\u00edculo elaborado por el equipo m\u00e9dico de SaludOnNet, compuesto por especialistas destacados en su \u00e1rea.","url":"https:\/\/www.saludonnet.com\/blog\/author\/saludonnet\/"}]}},"acf":[],"_links":{"self":[{"href":"https:\/\/www.saludonnet.com\/blog\/wp-json\/wp\/v2\/posts\/10304","targetHints":{"allow":["GET"]}}],"collection":[{"href":"https:\/\/www.saludonnet.com\/blog\/wp-json\/wp\/v2\/posts"}],"about":[{"href":"https:\/\/www.saludonnet.com\/blog\/wp-json\/wp\/v2\/types\/post"}],"author":[{"embeddable":true,"href":"https:\/\/www.saludonnet.com\/blog\/wp-json\/wp\/v2\/users\/20"}],"replies":[{"embeddable":true,"href":"https:\/\/www.saludonnet.com\/blog\/wp-json\/wp\/v2\/comments?post=10304"}],"version-history":[{"count":9,"href":"https:\/\/www.saludonnet.com\/blog\/wp-json\/wp\/v2\/posts\/10304\/revisions"}],"predecessor-version":[{"id":11068,"href":"https:\/\/www.saludonnet.com\/blog\/wp-json\/wp\/v2\/posts\/10304\/revisions\/11068"}],"wp:featuredmedia":[{"embeddable":true,"href":"https:\/\/www.saludonnet.com\/blog\/wp-json\/wp\/v2\/media\/10303"}],"wp:attachment":[{"href":"https:\/\/www.saludonnet.com\/blog\/wp-json\/wp\/v2\/media?parent=10304"}],"wp:term":[{"taxonomy":"category","embeddable":true,"href":"https:\/\/www.saludonnet.com\/blog\/wp-json\/wp\/v2\/categories?post=10304"},{"taxonomy":"post_tag","embeddable":true,"href":"https:\/\/www.saludonnet.com\/blog\/wp-json\/wp\/v2\/tags?post=10304"}],"curies":[{"name":"wp","href":"https:\/\/api.w.org\/{rel}","templated":true}]}}